{"id":61402,"date":"2019-10-27T00:00:20","date_gmt":"2019-10-26T23:00:20","guid":{"rendered":"https:\/\/infocul.pt\/?p=61402"},"modified":"2019-10-26T22:49:34","modified_gmt":"2019-10-26T21:49:34","slug":"jose-alberto-reis-e-um-disco-onde-se-lembra-ao-publico-o-que-se-construiu-o-melhor-que-cantei-em-estrada-e-em-tantos-anos","status":"publish","type":"post","link":"https:\/\/infocul.pt\/arquivo\/cultura\/jose-alberto-reis-e-um-disco-onde-se-lembra-ao-publico-o-que-se-construiu-o-melhor-que-cantei-em-estrada-e-em-tantos-anos\/","title":{"rendered":"Jos\u00e9 Alberto Reis e um disco &#8220;onde se lembra ao p\u00fablico o que se construiu , o melhor que cantei em estrada e em tantos anos"},"content":{"rendered":"<figure id=\"attachment_61403\" aria-describedby=\"caption-attachment-61403\" style=\"width: 600px\" class=\"wp-caption aligncenter\"><img decoding=\"async\" class=\"wp-image-61403 size-full lazyload\" data-src=\"https:\/\/infocul.pt\/arquivo\/wp-content\/uploads\/2019\/10\/Jos\u00e9-Alberto-Reis-foto-promo-2.jpg\" alt=\"\" width=\"600\" height=\"450\" data-srcset=\"https:\/\/infocul.pt\/arquivo\/wp-content\/uploads\/2019\/10\/Jos\u00e9-Alberto-Reis-foto-promo-2.jpg 600w, https:\/\/infocul.pt\/arquivo\/wp-content\/uploads\/2019\/10\/Jos\u00e9-Alberto-Reis-foto-promo-2-300x225.jpg 300w\" data-sizes=\"(max-width: 600px) 100vw, 600px\" src=\"data:image\/svg+xml;base64,PHN2ZyB3aWR0aD0iMSIgaGVpZ2h0PSIxIiB4bWxucz0iaHR0cDovL3d3dy53My5vcmcvMjAwMC9zdmciPjwvc3ZnPg==\" style=\"--smush-placeholder-width: 600px; --smush-placeholder-aspect-ratio: 600\/450;\" \/><figcaption id=\"caption-attachment-61403\" class=\"wp-caption-text\">D.R.<\/figcaption><\/figure>\n<p>&nbsp;<\/p>\n<p>&nbsp;<\/p>\n<p>Jos\u00e9 Alberto Reis celebra 30 anos de carreira e acaba de lan\u00e7ar \u2018O Melhor de 30\u2019, o disco no qual conta com 17 temas que marcaram o seu percurso, mas com novos arranjos.<!--more--><\/p>\n<p>Os arranjos de Lu\u00eds Reis, o filho do cantor, d\u00e3o assim nova roupagem a temas por todos conhecidos como \u201cSetembro\u201d, \u201dAlma rebelde\u201d, \u201cAmo-te\u201d, \u201cEterna melodia do amor\u201d ou \u201cConfia em mim\u201d.<\/p>\n<p>O cantor concedeu entrevista ao Infocul na qual falou sobre o seu percurso, o novo disco, o melhor e pior de 30 anos de can\u00e7\u00f5es, os sonhos, os f\u00e3s e at\u00e9 o lado mais pessoal.<\/p>\n<figure id=\"attachment_61404\" aria-describedby=\"caption-attachment-61404\" style=\"width: 600px\" class=\"wp-caption aligncenter\"><img decoding=\"async\" class=\"wp-image-61404 size-full lazyload\" data-src=\"https:\/\/infocul.pt\/arquivo\/wp-content\/uploads\/2019\/10\/Jos\u00e9-Alberto-Reis-foto-promo-1.jpg\" alt=\"\" width=\"600\" height=\"450\" data-srcset=\"https:\/\/infocul.pt\/arquivo\/wp-content\/uploads\/2019\/10\/Jos\u00e9-Alberto-Reis-foto-promo-1.jpg 600w, https:\/\/infocul.pt\/arquivo\/wp-content\/uploads\/2019\/10\/Jos\u00e9-Alberto-Reis-foto-promo-1-300x225.jpg 300w\" data-sizes=\"(max-width: 600px) 100vw, 600px\" src=\"data:image\/svg+xml;base64,PHN2ZyB3aWR0aD0iMSIgaGVpZ2h0PSIxIiB4bWxucz0iaHR0cDovL3d3dy53My5vcmcvMjAwMC9zdmciPjwvc3ZnPg==\" style=\"--smush-placeholder-width: 600px; --smush-placeholder-aspect-ratio: 600\/450;\" \/><figcaption id=\"caption-attachment-61404\" class=\"wp-caption-text\">D.R.<\/figcaption><\/figure>\n<p><i>O que mais destaca nestes 30 anos?<\/i><\/p>\n<p><i><b>A experi\u00eancia duma profiss\u00e3o onde podemos crescer em cria\u00e7\u00e3o e d\u00e1diva, onde temos a possibilidade de abra\u00e7ar tanta gente que nos quer ouvir e ver, a expectativa dum tema , o sonho persistente de alcan\u00e7ar mais e mais gente que goste do nosso trabalho<\/b><\/i>.<\/p>\n<p><i>\u00c9 poss\u00edvel revelar qual o melhor e o pior per\u00edodo ao longo desta carreira?<\/i><\/p>\n<p><i><b>O melhor sem d\u00favida foi o culminar e abra\u00e7ar o sonho de ser um cantor, as primeiras grava\u00e7\u00f5es nervosas em est\u00fadio , a expectativa. O pior \u00e9 a ang\u00fastia de ter meses \u00e0 frente e n\u00e3o saber se vamos ter trabalho, de trabalhar horas a fio a compor e depois perceber que poucos ligaram ao teu trabalho t\u00e3o inspirado.<\/b><\/i><\/p>\n<p><i>Existiu algum momento em que tenha pensado desistir? <\/i><\/p>\n<p><i><b>Nunca. Nem sei se alguma vez me vai passar isso pela cabe\u00e7a.<\/b><\/i><\/p>\n<p><i>Qual o maior desafio e que lhe permite estar h\u00e1 30 anos no activo e com um p\u00fablico que continua a segui-lo?<\/i><\/p>\n<p><i><b>Dar mais e mais e melhor , inovar, fazer surpreender tanto nos temas como na empatia, sermos um s\u00f3, \u2018unos\u2019, com o p\u00fablico.<\/b><\/i><\/p>\n<p><i>Como \u00e9 a sua rela\u00e7\u00e3o com o seu p\u00fablico? Aposta em estar pr\u00f3ximo deles?<\/i><\/p>\n<p><i><b>Quanto mais pr\u00f3ximo melhor, fisicamente e espiritualmente. Adoro cantar em locais onde isso seja permitido.<\/b><\/i><\/p>\n<p><i>Dedica muito tempo \u00e0s redes sociais?<\/i><\/p>\n<p><i><b>Um pouco, confesso que essa depend\u00eancia me assusta , \u00e9 uma esp\u00e9cie de proximidade f\u00e1cil e falsa, gosto mais do palp\u00e1vel mas \u00e9 o mundo a aproximar-se na sua forma actual.<\/b><\/i><\/p>\n<p><iframe title=\"Jos\u00e9 Alberto Reis - O melhor de 30 (Promo)\" width=\"500\" height=\"281\" data-src=\"https:\/\/www.youtube.com\/embed\/85v6E_btdKs?feature=oembed\" frameborder=\"0\" allow=\"accelerometer; autoplay; clipboard-write; encrypted-media; gyroscope; picture-in-picture; web-share\" referrerpolicy=\"strict-origin-when-cross-origin\" allowfullscreen src=\"data:image\/svg+xml;base64,PHN2ZyB3aWR0aD0iMSIgaGVpZ2h0PSIxIiB4bWxucz0iaHR0cDovL3d3dy53My5vcmcvMjAwMC9zdmciPjwvc3ZnPg==\" class=\"lazyload\" data-load-mode=\"1\"><\/iframe><\/p>\n<p><i>Este disco \u2018O Melhor de 30\u2019 \u00e9 uma esp\u00e9cie de balan\u00e7o?<\/i><\/p>\n<p><i><b>\u00c9 um ciclo novo onde se actualiza o velho com o novo e onde se lembra ao p\u00fablico o que se construiu , o melhor que cantei em estrada e em tantos anos. <\/b><\/i><\/p>\n<p><i>Qual o tema que lamente n\u00e3o estar aqui?<\/i><\/p>\n<p>\u2018<i><b>Vieste ao mundo para seres feliz\u2019, mas n\u00e3o tem forma de se renovar porque as vozes dos beb\u00e9s mudaram e porque s\u00f3 pode ter a emo\u00e7\u00e3o daquele tempo. Canto nos concertos e vou buscar a emo\u00e7\u00e3o mas n\u00e3o \u00e9 igual.<\/b><\/i><\/p>\n<p><i>Conta com arranjos do seu filho. Como surgiu esta ideia e o que trouxe o seu filho de novo aos temas celebrizados durante anos?<\/i><\/p>\n<p><i><b>O Lu\u00eds veio para ser um excelente m\u00fasico , nasceu no ber\u00e7o certo, ele j\u00e1 fez dois \u00e1lbuns comigo e \u00e9 muito expressivo e sens\u00edvel . Ecl\u00e9tico, faz fus\u00f5es que me agradam e na \u00e1rea da electr\u00f3nica ( Stevie Krash ) ser\u00e1 uma estrela mundial pois j\u00e1 tem tocado l\u00e1 fora e os \u2018gigantes\u2019 passam os temas dele porque adoram o seu trabalho. \u00c9 o meu orgulho!<\/b><\/i><\/p>\n<p><i>Em termos de espect\u00e1culos para celebrar os 30 anos de carreira, o que est\u00e1 previsto?<\/i><\/p>\n<p><i><b>Celebrei nos Pa\u00e7os dos Duques de Bragan\u00e7a onde dei um concerto. Foi uma alegria cantar perto do local onde nasci. Guimar\u00e3es ser\u00e1 sempre o ponto de partida.<\/b><\/i><\/p>\n<p><i>Alguma grande sala j\u00e1 alinhavada e que queira desvendar?<\/i><\/p>\n<p><i><b>Ainda n\u00e3o cheguei l\u00e1, tenho uns anos at\u00e9 concretizar isso! Fiz os coliseus e falta isso.<\/b><\/i><\/p>\n<p><i>Alguma vez sentiu que a sua m\u00fasica fosse encarada como \u2018pimba\u2019? E se sim, como reage?<\/i><\/p>\n<p><i><b>A minha m\u00fasica tem notas musicais como tem a m\u00fasica cl\u00e1ssica e a m\u00fasica \u2018pimba\u2019. A diferen\u00e7a est\u00e1 na atitude e na alma da pr\u00f3pria m\u00fasica, porque as notas s\u00e3o as mesmas , o cozinhado \u00e9 diferente.<\/b><\/i><\/p>\n<p><i>O Jos\u00e9 \u00e9 um homem rom\u00e2ntico fora da m\u00fasica?<\/i><\/p>\n<p><i><b>Fui sempre, procurei os argumentos que permitem que a vida de dois amados fosse sempre mais sonhada e com mais brilho.<\/b><\/i><\/p>\n<p><i>O que gosta de fazer al\u00e9m da m\u00fasica?<\/i><\/p>\n<p><i><b>Nadar, ler, caminhar e meditar com m\u00fasica do oriente.<\/b><\/i><\/p>\n<p><i>Qual a mensagem que deixa aos nossos leitores?<\/i><\/p>\n<p><i><b>A vida \u00e9 bela e o que mais conta \u00e9 a experi\u00eancia. Acreditem que h\u00e1 sempre uma luz ao fundo, embora na maioria das vezes n\u00e3o a vejamos mas ela est\u00e1 l\u00e1.<\/b><\/i><\/p>\n<figure id=\"attachment_61405\" aria-describedby=\"caption-attachment-61405\" style=\"width: 600px\" class=\"wp-caption aligncenter\"><img decoding=\"async\" class=\"wp-image-61405 size-full lazyload\" data-src=\"https:\/\/infocul.pt\/arquivo\/wp-content\/uploads\/2019\/10\/Jos\u00e9-Alberto-Reis-foto-promo-3.jpg\" alt=\"\" width=\"600\" height=\"800\" data-srcset=\"https:\/\/infocul.pt\/arquivo\/wp-content\/uploads\/2019\/10\/Jos\u00e9-Alberto-Reis-foto-promo-3.jpg 600w, https:\/\/infocul.pt\/arquivo\/wp-content\/uploads\/2019\/10\/Jos\u00e9-Alberto-Reis-foto-promo-3-225x300.jpg 225w\" data-sizes=\"(max-width: 600px) 100vw, 600px\" src=\"data:image\/svg+xml;base64,PHN2ZyB3aWR0aD0iMSIgaGVpZ2h0PSIxIiB4bWxucz0iaHR0cDovL3d3dy53My5vcmcvMjAwMC9zdmciPjwvc3ZnPg==\" style=\"--smush-placeholder-width: 600px; --smush-placeholder-aspect-ratio: 600\/800;\" \/><figcaption id=\"caption-attachment-61405\" class=\"wp-caption-text\">A 13825<\/figcaption><\/figure>\n","protected":false},"excerpt":{"rendered":"<p>&nbsp; &nbsp; Jos\u00e9 Alberto Reis celebra 30 anos de carreira e acaba de lan\u00e7ar \u2018O Melhor de 30\u2019, o disco no qual conta com 17 temas que marcaram o seu percurso, mas com novos arranjos.<\/p>\n","protected":false},"author":2,"featured_media":61403,"comment_status":"open","ping_status":"closed","sticky":false,"template":"","format":"standard","meta":{"footnotes":""},"categories":[2,36,4,4124],"tags":[8055],"class_list":["post-61402","post","type-post","status-publish","format-standard","has-post-thumbnail","hentry","category-cultura","category-destaque","category-discos","category-entrevistas","tag-jose-alberto-reis"],"yoast_head":"<!-- This site is optimized with the Yoast SEO plugin v27.5 - https:\/\/yoast.com\/product\/yoast-seo-wordpress\/ -->\n<title>Jos\u00e9 Alberto Reis e um disco &quot;onde se lembra ao p\u00fablico o que se construiu , o melhor que cantei em estrada e em tantos anos | Infocul.pt - Arquivo Digital<\/title>\n<meta name=\"description\" content=\"Jos\u00e9 Alberto Reis e um disco &quot;onde se lembra ao p\u00fablico o que se construiu , o melhor que cantei em estrada e em tantos anos | Infocul.pt - Arquivo Digital\" \/>\n<meta name=\"robots\" content=\"noindex, follow, max-snippet:-1, max-image-preview:large, max-video-preview:-1\" \/>\n<meta property=\"og:locale\" content=\"pt_PT\" \/>\n<meta property=\"og:type\" content=\"article\" \/>\n<meta property=\"og:title\" content=\"Jos\u00e9 Alberto Reis e um disco &quot;onde se lembra ao p\u00fablico o que se construiu , o melhor que cantei em estrada e em tantos anos | Infocul.pt - Arquivo Digital\" \/>\n<meta property=\"og:description\" content=\"Jos\u00e9 Alberto Reis e um disco &quot;onde se lembra ao p\u00fablico o que se construiu , o melhor que cantei em estrada e em tantos anos | Infocul.pt - Arquivo Digital\" \/>\n<meta property=\"og:url\" content=\"https:\/\/infocul.pt\/arquivo\/cultura\/jose-alberto-reis-e-um-disco-onde-se-lembra-ao-publico-o-que-se-construiu-o-melhor-que-cantei-em-estrada-e-em-tantos-anos\/\" \/>\n<meta property=\"og:site_name\" content=\"Infocul.pt - Arquivo Digital\" \/>\n<meta property=\"article:publisher\" content=\"https:\/\/www.facebook.com\/Infocul-147816815585015\/\" \/>\n<meta property=\"article:published_time\" content=\"2019-10-26T23:00:20+00:00\" \/>\n<meta property=\"og:image\" content=\"https:\/\/infocul.pt\/arquivo\/wp-content\/uploads\/2019\/10\/Jos\u00e9-Alberto-Reis-foto-promo-2.jpg\" \/>\n\t<meta property=\"og:image:width\" content=\"600\" \/>\n\t<meta property=\"og:image:height\" content=\"450\" \/>\n\t<meta property=\"og:image:type\" content=\"image\/jpeg\" \/>\n<meta name=\"author\" content=\"Rui Lavrador\" \/>\n<meta name=\"twitter:card\" content=\"summary_large_image\" \/>\n<meta name=\"twitter:creator\" content=\"@Infoculpt\" \/>\n<meta name=\"twitter:site\" content=\"@Infoculpt\" \/>\n<meta name=\"twitter:label1\" content=\"Escrito por\" \/>\n\t<meta name=\"twitter:data1\" content=\"Rui Lavrador\" \/>\n\t<meta name=\"twitter:label2\" content=\"Tempo estimado de leitura\" \/>\n\t<meta name=\"twitter:data2\" content=\"4 minutos\" \/>\n<script type=\"application\/ld+json\" class=\"yoast-schema-graph\">{\"@context\":\"https:\\\/\\\/schema.org\",\"@graph\":[{\"@type\":\"Article\",\"@id\":\"https:\\\/\\\/infocul.pt\\\/arquivo\\\/cultura\\\/jose-alberto-reis-e-um-disco-onde-se-lembra-ao-publico-o-que-se-construiu-o-melhor-que-cantei-em-estrada-e-em-tantos-anos\\\/#article\",\"isPartOf\":{\"@id\":\"https:\\\/\\\/infocul.pt\\\/arquivo\\\/cultura\\\/jose-alberto-reis-e-um-disco-onde-se-lembra-ao-publico-o-que-se-construiu-o-melhor-que-cantei-em-estrada-e-em-tantos-anos\\\/\"},\"author\":{\"name\":\"Rui Lavrador\",\"@id\":\"https:\\\/\\\/infocul.pt\\\/arquivo\\\/#\\\/schema\\\/person\\\/060a108d7f2d85fc6aae505119ee5234\"},\"headline\":\"Jos\u00e9 Alberto Reis e um disco &#8220;onde se lembra ao p\u00fablico o que se construiu , o melhor que cantei em estrada e em tantos anos\",\"datePublished\":\"2019-10-26T23:00:20+00:00\",\"mainEntityOfPage\":{\"@id\":\"https:\\\/\\\/infocul.pt\\\/arquivo\\\/cultura\\\/jose-alberto-reis-e-um-disco-onde-se-lembra-ao-publico-o-que-se-construiu-o-melhor-que-cantei-em-estrada-e-em-tantos-anos\\\/\"},\"wordCount\":846,\"commentCount\":0,\"publisher\":{\"@id\":\"https:\\\/\\\/infocul.pt\\\/arquivo\\\/#organization\"},\"image\":{\"@id\":\"https:\\\/\\\/infocul.pt\\\/arquivo\\\/cultura\\\/jose-alberto-reis-e-um-disco-onde-se-lembra-ao-publico-o-que-se-construiu-o-melhor-que-cantei-em-estrada-e-em-tantos-anos\\\/#primaryimage\"},\"thumbnailUrl\":\"https:\\\/\\\/infocul.pt\\\/arquivo\\\/wp-content\\\/uploads\\\/2019\\\/10\\\/Jos\u00e9-Alberto-Reis-foto-promo-2.jpg\",\"keywords\":[\"Jos\u00e9 Alberto Reis\"],\"articleSection\":[\"Cultura\",\"Destaque\",\"Discos\",\"Entrevistas\"],\"inLanguage\":\"pt-PT\"},{\"@type\":\"WebPage\",\"@id\":\"https:\\\/\\\/infocul.pt\\\/arquivo\\\/cultura\\\/jose-alberto-reis-e-um-disco-onde-se-lembra-ao-publico-o-que-se-construiu-o-melhor-que-cantei-em-estrada-e-em-tantos-anos\\\/\",\"url\":\"https:\\\/\\\/infocul.pt\\\/arquivo\\\/cultura\\\/jose-alberto-reis-e-um-disco-onde-se-lembra-ao-publico-o-que-se-construiu-o-melhor-que-cantei-em-estrada-e-em-tantos-anos\\\/\",\"name\":\"Jos\u00e9 Alberto Reis e um disco \\\"onde se lembra ao p\u00fablico o que se construiu , o melhor que cantei em estrada e em tantos anos | Infocul.pt - Arquivo Digital\",\"isPartOf\":{\"@id\":\"https:\\\/\\\/infocul.pt\\\/arquivo\\\/#website\"},\"primaryImageOfPage\":{\"@id\":\"https:\\\/\\\/infocul.pt\\\/arquivo\\\/cultura\\\/jose-alberto-reis-e-um-disco-onde-se-lembra-ao-publico-o-que-se-construiu-o-melhor-que-cantei-em-estrada-e-em-tantos-anos\\\/#primaryimage\"},\"image\":{\"@id\":\"https:\\\/\\\/infocul.pt\\\/arquivo\\\/cultura\\\/jose-alberto-reis-e-um-disco-onde-se-lembra-ao-publico-o-que-se-construiu-o-melhor-que-cantei-em-estrada-e-em-tantos-anos\\\/#primaryimage\"},\"thumbnailUrl\":\"https:\\\/\\\/infocul.pt\\\/arquivo\\\/wp-content\\\/uploads\\\/2019\\\/10\\\/Jos\u00e9-Alberto-Reis-foto-promo-2.jpg\",\"datePublished\":\"2019-10-26T23:00:20+00:00\",\"description\":\"Jos\u00e9 Alberto Reis e um disco \\\"onde se lembra ao p\u00fablico o que se construiu , o melhor que cantei em estrada e em tantos anos | Infocul.pt - Arquivo Digital\",\"breadcrumb\":{\"@id\":\"https:\\\/\\\/infocul.pt\\\/arquivo\\\/cultura\\\/jose-alberto-reis-e-um-disco-onde-se-lembra-ao-publico-o-que-se-construiu-o-melhor-que-cantei-em-estrada-e-em-tantos-anos\\\/#breadcrumb\"},\"inLanguage\":\"pt-PT\",\"potentialAction\":[{\"@type\":\"ReadAction\",\"target\":[\"https:\\\/\\\/infocul.pt\\\/arquivo\\\/cultura\\\/jose-alberto-reis-e-um-disco-onde-se-lembra-ao-publico-o-que-se-construiu-o-melhor-que-cantei-em-estrada-e-em-tantos-anos\\\/\"]}]},{\"@type\":\"ImageObject\",\"inLanguage\":\"pt-PT\",\"@id\":\"https:\\\/\\\/infocul.pt\\\/arquivo\\\/cultura\\\/jose-alberto-reis-e-um-disco-onde-se-lembra-ao-publico-o-que-se-construiu-o-melhor-que-cantei-em-estrada-e-em-tantos-anos\\\/#primaryimage\",\"url\":\"https:\\\/\\\/infocul.pt\\\/arquivo\\\/wp-content\\\/uploads\\\/2019\\\/10\\\/Jos\u00e9-Alberto-Reis-foto-promo-2.jpg\",\"contentUrl\":\"https:\\\/\\\/infocul.pt\\\/arquivo\\\/wp-content\\\/uploads\\\/2019\\\/10\\\/Jos\u00e9-Alberto-Reis-foto-promo-2.jpg\",\"width\":600,\"height\":450,\"caption\":\"A 13801\"},{\"@type\":\"BreadcrumbList\",\"@id\":\"https:\\\/\\\/infocul.pt\\\/arquivo\\\/cultura\\\/jose-alberto-reis-e-um-disco-onde-se-lembra-ao-publico-o-que-se-construiu-o-melhor-que-cantei-em-estrada-e-em-tantos-anos\\\/#breadcrumb\",\"itemListElement\":[{\"@type\":\"ListItem\",\"position\":1,\"name\":\"Home\",\"item\":\"https:\\\/\\\/infocul.pt\\\/arquivo\\\/\"},{\"@type\":\"ListItem\",\"position\":2,\"name\":\"Jos\u00e9 Alberto Reis e um disco &#8220;onde se lembra ao p\u00fablico o que se construiu , o melhor que cantei em estrada e em tantos anos\"}]},{\"@type\":\"WebSite\",\"@id\":\"https:\\\/\\\/infocul.pt\\\/arquivo\\\/#website\",\"url\":\"https:\\\/\\\/infocul.pt\\\/arquivo\\\/\",\"name\":\"Infocul.pt - Arquivo Digital\",\"description\":\"Arquivo digital da Infocul.pt\",\"publisher\":{\"@id\":\"https:\\\/\\\/infocul.pt\\\/arquivo\\\/#organization\"},\"potentialAction\":[{\"@type\":\"SearchAction\",\"target\":{\"@type\":\"EntryPoint\",\"urlTemplate\":\"https:\\\/\\\/infocul.pt\\\/arquivo\\\/?s={search_term_string}\"},\"query-input\":{\"@type\":\"PropertyValueSpecification\",\"valueRequired\":true,\"valueName\":\"search_term_string\"}}],\"inLanguage\":\"pt-PT\"},{\"@type\":\"Organization\",\"@id\":\"https:\\\/\\\/infocul.pt\\\/arquivo\\\/#organization\",\"name\":\"Infocul.pt\",\"url\":\"https:\\\/\\\/infocul.pt\\\/arquivo\\\/\",\"logo\":{\"@type\":\"ImageObject\",\"inLanguage\":\"pt-PT\",\"@id\":\"https:\\\/\\\/infocul.pt\\\/arquivo\\\/#\\\/schema\\\/logo\\\/image\\\/\",\"url\":\"https:\\\/\\\/infocul.pt\\\/arquivo\\\/wp-content\\\/uploads\\\/2018\\\/12\\\/Infocul_logo-1.png\",\"contentUrl\":\"https:\\\/\\\/infocul.pt\\\/arquivo\\\/wp-content\\\/uploads\\\/2018\\\/12\\\/Infocul_logo-1.png\",\"width\":800,\"height\":800,\"caption\":\"Infocul.pt\"},\"image\":{\"@id\":\"https:\\\/\\\/infocul.pt\\\/arquivo\\\/#\\\/schema\\\/logo\\\/image\\\/\"},\"sameAs\":[\"https:\\\/\\\/www.facebook.com\\\/Infocul-147816815585015\\\/\",\"https:\\\/\\\/x.com\\\/Infoculpt\",\"http:\\\/\\\/www.pictaram.com\\\/user\\\/infocul.pt\\\/2370423710\",\"https:\\\/\\\/www.youtube.com\\\/channel\\\/UCYEB91AGI9FL9ek2i_IaQAA\"]},{\"@type\":\"Person\",\"@id\":\"https:\\\/\\\/infocul.pt\\\/arquivo\\\/#\\\/schema\\\/person\\\/060a108d7f2d85fc6aae505119ee5234\",\"name\":\"Rui Lavrador\",\"image\":{\"@type\":\"ImageObject\",\"inLanguage\":\"pt-PT\",\"@id\":\"https:\\\/\\\/secure.gravatar.com\\\/avatar\\\/93febd6873394aa8e975148548a0cb203acfdd42d2c85c5f1408e1a76678aece?s=96&d=mm&r=g\",\"url\":\"https:\\\/\\\/secure.gravatar.com\\\/avatar\\\/93febd6873394aa8e975148548a0cb203acfdd42d2c85c5f1408e1a76678aece?s=96&d=mm&r=g\",\"contentUrl\":\"https:\\\/\\\/secure.gravatar.com\\\/avatar\\\/93febd6873394aa8e975148548a0cb203acfdd42d2c85c5f1408e1a76678aece?s=96&d=mm&r=g\",\"caption\":\"Rui Lavrador\"},\"description\":\"Iniciou em 2011 o seu percurso em comunica\u00e7\u00e3o social, tendo integrado v\u00e1rios projectos editoriais. Durante o seu percurso integrou projectos como Jornal Hardm\u00fasica, LusoNot\u00edcias, Toureio.pt, ODigital.pt, entre outros \u00d3rg\u00e3os de Comunica\u00e7\u00e3o Social nacionais, na redac\u00e7\u00e3o de v\u00e1rios artigos. Entrevistou a grande maioria das personalidades mais importantes da vida social e cultural do pa\u00eds, destacando-se, tamb\u00e9m, na aprecia\u00e7\u00e3o de v\u00e1rios espect\u00e1culos. Durante o seu percurso, deu a conhecer v\u00e1rios artistas, at\u00e9 ent\u00e3o desconhecidos, ao grande p\u00fablico. Em 2015 criou e fundou o Infocul.pt, projecto no qual assume a direc\u00e7\u00e3o editorial.\",\"sameAs\":[\"http:\\\/\\\/www.infocul.pt\"]}]}<\/script>\n<!-- \/ Yoast SEO plugin. -->","yoast_head_json":{"title":"Jos\u00e9 Alberto Reis e um disco \"onde se lembra ao p\u00fablico o que se construiu , o melhor que cantei em estrada e em tantos anos | Infocul.pt - Arquivo Digital","description":"Jos\u00e9 Alberto Reis e um disco \"onde se lembra ao p\u00fablico o que se construiu , o melhor que cantei em estrada e em tantos anos | Infocul.pt - Arquivo Digital","robots":{"index":"noindex","follow":"follow","max-snippet":"max-snippet:-1","max-image-preview":"max-image-preview:large","max-video-preview":"max-video-preview:-1"},"og_locale":"pt_PT","og_type":"article","og_title":"Jos\u00e9 Alberto Reis e um disco \"onde se lembra ao p\u00fablico o que se construiu , o melhor que cantei em estrada e em tantos anos | Infocul.pt - Arquivo Digital","og_description":"Jos\u00e9 Alberto Reis e um disco \"onde se lembra ao p\u00fablico o que se construiu , o melhor que cantei em estrada e em tantos anos | Infocul.pt - Arquivo Digital","og_url":"https:\/\/infocul.pt\/arquivo\/cultura\/jose-alberto-reis-e-um-disco-onde-se-lembra-ao-publico-o-que-se-construiu-o-melhor-que-cantei-em-estrada-e-em-tantos-anos\/","og_site_name":"Infocul.pt - Arquivo Digital","article_publisher":"https:\/\/www.facebook.com\/Infocul-147816815585015\/","article_published_time":"2019-10-26T23:00:20+00:00","og_image":[{"width":600,"height":450,"url":"https:\/\/infocul.pt\/arquivo\/wp-content\/uploads\/2019\/10\/Jos\u00e9-Alberto-Reis-foto-promo-2.jpg","type":"image\/jpeg"}],"author":"Rui Lavrador","twitter_card":"summary_large_image","twitter_creator":"@Infoculpt","twitter_site":"@Infoculpt","twitter_misc":{"Escrito por":"Rui Lavrador","Tempo estimado de leitura":"4 minutos"},"schema":{"@context":"https:\/\/schema.org","@graph":[{"@type":"Article","@id":"https:\/\/infocul.pt\/arquivo\/cultura\/jose-alberto-reis-e-um-disco-onde-se-lembra-ao-publico-o-que-se-construiu-o-melhor-que-cantei-em-estrada-e-em-tantos-anos\/#article","isPartOf":{"@id":"https:\/\/infocul.pt\/arquivo\/cultura\/jose-alberto-reis-e-um-disco-onde-se-lembra-ao-publico-o-que-se-construiu-o-melhor-que-cantei-em-estrada-e-em-tantos-anos\/"},"author":{"name":"Rui Lavrador","@id":"https:\/\/infocul.pt\/arquivo\/#\/schema\/person\/060a108d7f2d85fc6aae505119ee5234"},"headline":"Jos\u00e9 Alberto Reis e um disco &#8220;onde se lembra ao p\u00fablico o que se construiu , o melhor que cantei em estrada e em tantos anos","datePublished":"2019-10-26T23:00:20+00:00","mainEntityOfPage":{"@id":"https:\/\/infocul.pt\/arquivo\/cultura\/jose-alberto-reis-e-um-disco-onde-se-lembra-ao-publico-o-que-se-construiu-o-melhor-que-cantei-em-estrada-e-em-tantos-anos\/"},"wordCount":846,"commentCount":0,"publisher":{"@id":"https:\/\/infocul.pt\/arquivo\/#organization"},"image":{"@id":"https:\/\/infocul.pt\/arquivo\/cultura\/jose-alberto-reis-e-um-disco-onde-se-lembra-ao-publico-o-que-se-construiu-o-melhor-que-cantei-em-estrada-e-em-tantos-anos\/#primaryimage"},"thumbnailUrl":"https:\/\/infocul.pt\/arquivo\/wp-content\/uploads\/2019\/10\/Jos\u00e9-Alberto-Reis-foto-promo-2.jpg","keywords":["Jos\u00e9 Alberto Reis"],"articleSection":["Cultura","Destaque","Discos","Entrevistas"],"inLanguage":"pt-PT"},{"@type":"WebPage","@id":"https:\/\/infocul.pt\/arquivo\/cultura\/jose-alberto-reis-e-um-disco-onde-se-lembra-ao-publico-o-que-se-construiu-o-melhor-que-cantei-em-estrada-e-em-tantos-anos\/","url":"https:\/\/infocul.pt\/arquivo\/cultura\/jose-alberto-reis-e-um-disco-onde-se-lembra-ao-publico-o-que-se-construiu-o-melhor-que-cantei-em-estrada-e-em-tantos-anos\/","name":"Jos\u00e9 Alberto Reis e um disco \"onde se lembra ao p\u00fablico o que se construiu , o melhor que cantei em estrada e em tantos anos | Infocul.pt - Arquivo Digital","isPartOf":{"@id":"https:\/\/infocul.pt\/arquivo\/#website"},"primaryImageOfPage":{"@id":"https:\/\/infocul.pt\/arquivo\/cultura\/jose-alberto-reis-e-um-disco-onde-se-lembra-ao-publico-o-que-se-construiu-o-melhor-que-cantei-em-estrada-e-em-tantos-anos\/#primaryimage"},"image":{"@id":"https:\/\/infocul.pt\/arquivo\/cultura\/jose-alberto-reis-e-um-disco-onde-se-lembra-ao-publico-o-que-se-construiu-o-melhor-que-cantei-em-estrada-e-em-tantos-anos\/#primaryimage"},"thumbnailUrl":"https:\/\/infocul.pt\/arquivo\/wp-content\/uploads\/2019\/10\/Jos\u00e9-Alberto-Reis-foto-promo-2.jpg","datePublished":"2019-10-26T23:00:20+00:00","description":"Jos\u00e9 Alberto Reis e um disco \"onde se lembra ao p\u00fablico o que se construiu , o melhor que cantei em estrada e em tantos anos | Infocul.pt - Arquivo Digital","breadcrumb":{"@id":"https:\/\/infocul.pt\/arquivo\/cultura\/jose-alberto-reis-e-um-disco-onde-se-lembra-ao-publico-o-que-se-construiu-o-melhor-que-cantei-em-estrada-e-em-tantos-anos\/#breadcrumb"},"inLanguage":"pt-PT","potentialAction":[{"@type":"ReadAction","target":["https:\/\/infocul.pt\/arquivo\/cultura\/jose-alberto-reis-e-um-disco-onde-se-lembra-ao-publico-o-que-se-construiu-o-melhor-que-cantei-em-estrada-e-em-tantos-anos\/"]}]},{"@type":"ImageObject","inLanguage":"pt-PT","@id":"https:\/\/infocul.pt\/arquivo\/cultura\/jose-alberto-reis-e-um-disco-onde-se-lembra-ao-publico-o-que-se-construiu-o-melhor-que-cantei-em-estrada-e-em-tantos-anos\/#primaryimage","url":"https:\/\/infocul.pt\/arquivo\/wp-content\/uploads\/2019\/10\/Jos\u00e9-Alberto-Reis-foto-promo-2.jpg","contentUrl":"https:\/\/infocul.pt\/arquivo\/wp-content\/uploads\/2019\/10\/Jos\u00e9-Alberto-Reis-foto-promo-2.jpg","width":600,"height":450,"caption":"A 13801"},{"@type":"BreadcrumbList","@id":"https:\/\/infocul.pt\/arquivo\/cultura\/jose-alberto-reis-e-um-disco-onde-se-lembra-ao-publico-o-que-se-construiu-o-melhor-que-cantei-em-estrada-e-em-tantos-anos\/#breadcrumb","itemListElement":[{"@type":"ListItem","position":1,"name":"Home","item":"https:\/\/infocul.pt\/arquivo\/"},{"@type":"ListItem","position":2,"name":"Jos\u00e9 Alberto Reis e um disco &#8220;onde se lembra ao p\u00fablico o que se construiu , o melhor que cantei em estrada e em tantos anos"}]},{"@type":"WebSite","@id":"https:\/\/infocul.pt\/arquivo\/#website","url":"https:\/\/infocul.pt\/arquivo\/","name":"Infocul.pt - Arquivo Digital","description":"Arquivo digital da Infocul.pt","publisher":{"@id":"https:\/\/infocul.pt\/arquivo\/#organization"},"potentialAction":[{"@type":"SearchAction","target":{"@type":"EntryPoint","urlTemplate":"https:\/\/infocul.pt\/arquivo\/?s={search_term_string}"},"query-input":{"@type":"PropertyValueSpecification","valueRequired":true,"valueName":"search_term_string"}}],"inLanguage":"pt-PT"},{"@type":"Organization","@id":"https:\/\/infocul.pt\/arquivo\/#organization","name":"Infocul.pt","url":"https:\/\/infocul.pt\/arquivo\/","logo":{"@type":"ImageObject","inLanguage":"pt-PT","@id":"https:\/\/infocul.pt\/arquivo\/#\/schema\/logo\/image\/","url":"https:\/\/infocul.pt\/arquivo\/wp-content\/uploads\/2018\/12\/Infocul_logo-1.png","contentUrl":"https:\/\/infocul.pt\/arquivo\/wp-content\/uploads\/2018\/12\/Infocul_logo-1.png","width":800,"height":800,"caption":"Infocul.pt"},"image":{"@id":"https:\/\/infocul.pt\/arquivo\/#\/schema\/logo\/image\/"},"sameAs":["https:\/\/www.facebook.com\/Infocul-147816815585015\/","https:\/\/x.com\/Infoculpt","http:\/\/www.pictaram.com\/user\/infocul.pt\/2370423710","https:\/\/www.youtube.com\/channel\/UCYEB91AGI9FL9ek2i_IaQAA"]},{"@type":"Person","@id":"https:\/\/infocul.pt\/arquivo\/#\/schema\/person\/060a108d7f2d85fc6aae505119ee5234","name":"Rui Lavrador","image":{"@type":"ImageObject","inLanguage":"pt-PT","@id":"https:\/\/secure.gravatar.com\/avatar\/93febd6873394aa8e975148548a0cb203acfdd42d2c85c5f1408e1a76678aece?s=96&d=mm&r=g","url":"https:\/\/secure.gravatar.com\/avatar\/93febd6873394aa8e975148548a0cb203acfdd42d2c85c5f1408e1a76678aece?s=96&d=mm&r=g","contentUrl":"https:\/\/secure.gravatar.com\/avatar\/93febd6873394aa8e975148548a0cb203acfdd42d2c85c5f1408e1a76678aece?s=96&d=mm&r=g","caption":"Rui Lavrador"},"description":"Iniciou em 2011 o seu percurso em comunica\u00e7\u00e3o social, tendo integrado v\u00e1rios projectos editoriais. Durante o seu percurso integrou projectos como Jornal Hardm\u00fasica, LusoNot\u00edcias, Toureio.pt, ODigital.pt, entre outros \u00d3rg\u00e3os de Comunica\u00e7\u00e3o Social nacionais, na redac\u00e7\u00e3o de v\u00e1rios artigos. Entrevistou a grande maioria das personalidades mais importantes da vida social e cultural do pa\u00eds, destacando-se, tamb\u00e9m, na aprecia\u00e7\u00e3o de v\u00e1rios espect\u00e1culos. Durante o seu percurso, deu a conhecer v\u00e1rios artistas, at\u00e9 ent\u00e3o desconhecidos, ao grande p\u00fablico. Em 2015 criou e fundou o Infocul.pt, projecto no qual assume a direc\u00e7\u00e3o editorial.","sameAs":["http:\/\/www.infocul.pt"]}]}},"_links":{"self":[{"href":"https:\/\/infocul.pt\/arquivo\/wp-json\/wp\/v2\/posts\/61402","targetHints":{"allow":["GET"]}}],"collection":[{"href":"https:\/\/infocul.pt\/arquivo\/wp-json\/wp\/v2\/posts"}],"about":[{"href":"https:\/\/infocul.pt\/arquivo\/wp-json\/wp\/v2\/types\/post"}],"author":[{"embeddable":true,"href":"https:\/\/infocul.pt\/arquivo\/wp-json\/wp\/v2\/users\/2"}],"replies":[{"embeddable":true,"href":"https:\/\/infocul.pt\/arquivo\/wp-json\/wp\/v2\/comments?post=61402"}],"version-history":[{"count":0,"href":"https:\/\/infocul.pt\/arquivo\/wp-json\/wp\/v2\/posts\/61402\/revisions"}],"wp:featuredmedia":[{"embeddable":true,"href":"https:\/\/infocul.pt\/arquivo\/wp-json\/wp\/v2\/media\/61403"}],"wp:attachment":[{"href":"https:\/\/infocul.pt\/arquivo\/wp-json\/wp\/v2\/media?parent=61402"}],"wp:term":[{"taxonomy":"category","embeddable":true,"href":"https:\/\/infocul.pt\/arquivo\/wp-json\/wp\/v2\/categories?post=61402"},{"taxonomy":"post_tag","embeddable":true,"href":"https:\/\/infocul.pt\/arquivo\/wp-json\/wp\/v2\/tags?post=61402"}],"curies":[{"name":"wp","href":"https:\/\/api.w.org\/{rel}","templated":true}]}}