{"id":61415,"date":"2019-10-29T00:00:14","date_gmt":"2019-10-29T00:00:14","guid":{"rendered":"https:\/\/infocul.pt\/?p=61415"},"modified":"2019-10-25T00:43:56","modified_gmt":"2019-10-24T23:43:56","slug":"antonio-portanet-vivemos-num-mundo-cheio-de-injusticas-e-desigualdades-devem-surgir-vozes-que-nos-acordem-da-profunda-letargia-em-que-vivemos","status":"publish","type":"post","link":"https:\/\/infocul.pt\/arquivo\/cultura\/antonio-portanet-vivemos-num-mundo-cheio-de-injusticas-e-desigualdades-devem-surgir-vozes-que-nos-acordem-da-profunda-letargia-em-que-vivemos\/","title":{"rendered":"Ant\u00f3nio Portanet: &#8220;Vivemos num mundo cheio de injusti\u00e7as e desigualdades. Devem surgir vozes que nos acordem da profunda letargia em que vivemos.&#8221;"},"content":{"rendered":"<p><img decoding=\"async\" class=\"aligncenter wp-image-61416 size-full lazyload\" data-src=\"https:\/\/infocul.pt\/arquivo\/wp-content\/uploads\/2019\/10\/portanet.jpg\" alt=\"\" width=\"800\" height=\"438\" data-srcset=\"https:\/\/infocul.pt\/arquivo\/wp-content\/uploads\/2019\/10\/portanet.jpg 800w, https:\/\/infocul.pt\/arquivo\/wp-content\/uploads\/2019\/10\/portanet-300x164.jpg 300w, https:\/\/infocul.pt\/arquivo\/wp-content\/uploads\/2019\/10\/portanet-768x420.jpg 768w\" data-sizes=\"(max-width: 800px) 100vw, 800px\" src=\"data:image\/svg+xml;base64,PHN2ZyB3aWR0aD0iMSIgaGVpZ2h0PSIxIiB4bWxucz0iaHR0cDovL3d3dy53My5vcmcvMjAwMC9zdmciPjwvc3ZnPg==\" style=\"--smush-placeholder-width: 800px; --smush-placeholder-aspect-ratio: 800\/438;\" \/><\/p>\n<p>&nbsp;<\/p>\n<p>&nbsp;<\/p>\n<p>&nbsp;<\/p>\n<p>\u2018Eternamente Lorca\u2019 \u00e9 o \u00faltimo disco, at\u00e9 \u00e0 data de Ant\u00f3nio Portanet. \u00c9 uma homenagem e que conta com doze faixas, todas elas com poesia de Lorca.<!--more--><\/p>\n<p>Este disco f<a href=\"https:\/\/infocul.pt\/arquivo\/cultura\/evora-ouviu-obra-de-garcia-lorca-por-antonio-portanet\/\">oi apresentado pela primeira vez, em Portugal, numa edi\u00e7\u00e3o do Artes \u00e0 Rua, em \u00c9vora, em 2017<\/a>, tendo agora o artista concedido uma entrevista ao Infocul para falar sobre o disco, a liga\u00e7\u00e3o a Portugal e tamb\u00e9m sobe o mundo.<\/p>\n<p>Neste disco destaca-se a participa\u00e7\u00e3o de nomes como Pedro J\u00f3ia, Norton Daiello, Vicky Marques, Ana Bela Chaves, entre outros.<\/p>\n<p><i>&#8216;Eternamente Lorca&#8217; \u00e9 uma homenagem profunda da Portanet a Lorca?<\/i><\/p>\n<p><i><b>Sim, \u00e9 um profundo tributo, significado e meu para o poeta. Pelo menos, essa foi minha inten\u00e7\u00e3o.<\/b><\/i><\/p>\n<p><i><b>Lorca \u00e9 um companheiro da minha alma, ele acompanhou-me a vida toda, desde tenra idade. &#8220;Ele \u00e9 um amigo que eu n\u00e3o conheci&#8221;.<\/b><\/i><\/p>\n<p><i>O que mais te fascina no trabalho de Lorca?<\/i><\/p>\n<p><i><b>A sua sensibilidade incomensur\u00e1vel.<\/b><\/i><\/p>\n<p><i>Quais foram os maiores desafios na grava\u00e7\u00e3o deste \u00e1lbum?<\/i><\/p>\n<p><i><b>A grava\u00e7\u00e3o em si n\u00e3o foi o desafio. O desafio foi encontrar uma forma musical que naturalmente recebesse estes poemas de estrutura complexa, irregular e sem rima convencional. Esse foi o maior desafio. Sinto-me humildemente orgulhoso do resultado.<\/b><\/i><\/p>\n<p><i><b>No que diz respeito \u00e0 grava\u00e7\u00e3o, tendo encontrado o apoio do Alain Vachier como produtor, juntamente com o grande talento e o firme compromisso dos m\u00fasicos que me acompanharam, ressalvo o importante papel do Pedro J\u00f3ia e Norton Daiello, foi um acto maravilhoso de amizade que eu aprecio muito.<\/b><\/i><\/p>\n<p><i>Existe algum tema que lamente n\u00e3o ter no disco?<\/i><\/p>\n<p><i><b>Alguns temas foram deixados de fora do meu disco, \u00e9 verdade. N\u00e3o me arrependo, simplesmente n\u00e3o podia ir mais longe. Por v\u00e1rias raz\u00f5es, alguns poemas foram deixados de fora: \u2018Passeio\u2019, \u2018Dan\u00e7a da morte\u2019, \u2018Gritar em dire\u00e7\u00e3o a Roma\u2019. Ficam em espera.<\/b><\/i><\/p>\n<p><i>Apresentou este disco em \u00c9vora, numa edi\u00e7\u00e3o do Artes \u00e0 Rua. Qual a sua liga\u00e7\u00e3o com Portugal?<\/i><\/p>\n<p><i><b>Toda a minha fam\u00edlia \u00e9 espanhola. No entanto, a minha rela\u00e7\u00e3o com Portugal \u00e9 muito forte e h\u00e1 muito tempo. <\/b><\/i><i><b>O m<\/b><\/i><i><b>eu av\u00f4 j\u00e1 morava em Lisboa, ele tinha neg\u00f3cios e <\/b><\/i><i><b>o <\/b><\/i><i><b>meu pai <\/b><\/i><i><b>foi<\/b><\/i><i><b> professor no Instituto Espanhol de Lisboa <\/b><\/i><i><b>durante<\/b><\/i><i><b> muitos anos. Eu cresci entre Espanha e Portugal e, sem perceber, sou dois, completamente bi, tenho duas almas. N\u00e3o falo apenas portugu\u00eas como portugu\u00eas, mas tamb\u00e9m conhe\u00e7o formas, c\u00f3digos de conduta, cultura. N\u00e3o \u00e9 comum encontrar um espanhol que tenha lido &#8220;Os Lus\u00edadas&#8221; em portugu\u00eas, certo? Eu fiz<\/b><\/i>.<\/p>\n<p><i>O que mais se destaca na m\u00fasica portuguesa?<\/i><\/p>\n<p><i><b>Primeiro, a riqueza do seu folclore constitui um impressionante banco de DNA cultural portugu\u00eas.<\/b><\/i><\/p>\n<p><i><b>E, \u00e9 claro, falando de personalidades, destaco os eleitos, aqueles que s\u00e3o e permanecer\u00e3o na mem\u00f3ria: Am\u00e1lia, Jos\u00e9 Afonso, Carlos Paredes, Maria Jo\u00e3o Pires, Ana Bela Chaves, Ant\u00f3nio Vitorino de Almeida, Carlos do Carmo, Pedro Caldeira Cabral &#8230; Eles s\u00e3o e far\u00e3o parte da hist\u00f3ria da m\u00fasica deste pa\u00eds.<\/b><\/i><\/p>\n<p>&nbsp;<\/p>\n<p><i>Como analisa toda a sua carreira musical?<\/i><\/p>\n<p><i><b>Honestamente, n\u00e3o pode falar de mim como algu\u00e9m que fez carreira na m\u00fasica. A minha verdadeira carreira \u00e9 viver e ser feliz, aspira\u00e7\u00e3o leg\u00edtima de todo ser humano. A vida \u00e9 um milagre irrepet\u00edvel.<\/b><\/i><\/p>\n<p><i><b>No que diz respeito \u00e0 m\u00fasica, do chamado show business, de m\u00fasica de consumo. Digamos, eu sou um cantor offshore, longe do conceito de m\u00fasica de entretenimento industrial. M\u00fasica, m\u00fasica e todas as artes, a meu ver, s\u00e3o manifesta\u00e7\u00f5es solenes da alma humana, s\u00e3o um fen\u00f3meno espiritual que gera sentimentos e origina no mais profundo de cada ser. Todos no seu lugar devem fazer um esfor\u00e7o para elevar o n\u00edvel das coisas ao nosso redor.<\/b><\/i><\/p>\n<p><i>O que mudaria?<\/i><\/p>\n<p><i><b>Essencialmente nada. Noutro dia eu poderei responder que mudaria tudo.<\/b><\/i><\/p>\n<p><i>Acha que a m\u00fasica de interven\u00e7\u00e3o ganha import\u00e2ncia novamente, especialmente nas gera\u00e7\u00f5es mais jovens?<\/i><\/p>\n<p><i><b>Claro, espero que sim. Vivemos num mundo cheio de injusti\u00e7as e desigualdades. Devem surgir vozes que nos acordem da profunda letargia em que vivemos. A aliena\u00e7\u00e3o \u00e0 qual estamos expostos deve ser denunciada. Consumo desenfreado de coisas sup\u00e9rfluas e de dura\u00e7\u00e3o premeditada. A nossa sociedade industrial comete crimes contra a humanidade num esfor\u00e7o para aumentar os lucros, sem levar em conta as feridas que infringem o meio ambiente, causando as alarmantes mudan\u00e7as clim\u00e1ticas no nosso planeta. O ser humano \u00e9 enfeiti\u00e7ado num frenesim de consumo sem limites. \u00c9 dada mais import\u00e2ncia ao que se tem do que ao que se \u00e9. E finalmente, como eu digo: &#8220;Voc\u00ea s\u00f3 tem o que d\u00e1&#8221;. N\u00e3o precisamos ter tantas &#8220;necessidades&#8221;, elas acostumaram-nos. N\u00e3o precisamos tanto, n\u00e3o precisamos crescer mais, apenas temos que distribuir melhor a riqueza.<\/b><\/i><\/p>\n<p><i>Quais s\u00e3o os maiores perigos que a sociedade enfrenta hoje?<\/i><\/p>\n<p><i><b>Guerra, fome, mudan\u00e7a clim\u00e1tica, doen\u00e7a, ignor\u00e2ncia e &#8211; a estupidez ilimitada dos seres humanos &#8211; citando Einstein. \u00c9 necess\u00e1ria uma profunda mudan\u00e7a de mentalidade para que a humanidade possa continuar a sua jornada no tempo. Uma grande mudan\u00e7a que inevitavelmente passa pela Paz, pela Educa\u00e7\u00e3o, pelo Di\u00e1logo entre Culturas. A humanidade \u00e9 a \u00fanica na\u00e7\u00e3o que existe e a \u00fanica ra\u00e7a.<\/b><\/i><\/p>\n<p><i><b>O homem do s\u00e9culo XXI precisa consciencializar-se de que devemos viver na Paz no nosso min\u00fasculo planeta que chamamos Terra, &#8220;&#8230; que d\u00e1 frutos para todos&#8221;, um planeta que s\u00f3 navega pela imensid\u00e3o do universo.<\/b><\/i><\/p>\n<p><i>Gosta que a sua m\u00fasica fa\u00e7a o p\u00fablico pensar?<\/i><\/p>\n<p><i><b>&#8220;Atreva-se a pensar!&#8221;, Disse Immanuel Kant. Pensar. \u00c9 o que move o mundo, digo eu. Eu canto o que canto porque gosto. Cantar poesia \u00e9 o que eu gosto. Cada um tem o seu misticismo. Eu sei que o que fa\u00e7o n\u00e3o \u00e9 para grandes audi\u00eancias. Os outros que fazem o que querem. Compreendo perfeitamente Juan Ram\u00f3n Jim\u00e9nez quando ele disse: &#8220;Escrevo para uma enorme minoria&#8221;.<\/b><\/i><\/p>\n<p><i>Como gostaria de ser lembrado como cantor daqui a 20 anos?<\/i><\/p>\n<p>&nbsp;<\/p>\n<p><i><b>Ser lembrado, eu gostaria. Ser lembrado com respeito e amor, ainda mais.<\/b><\/i><\/p>\n<p><i>Qual a mensagem que deixa aos portugueses?<\/i><\/p>\n<p><i><b>Amo Portugal intensamente, a qualidade humana do vosso povo, celebro e aprecio a beleza desta terra e do seu mar, os seus deliciosos vinhos, a sua riqueza gastron\u00f3mica, etc &#8230; mas, ao mesmo tempo e esta \u00e9 a minha mensagem, devemos continuar a lutar para melhorar as condi\u00e7\u00f5es de vida de uma parte consider\u00e1vel da popula\u00e7\u00e3o. D\u00f3i e considero intoler\u00e1veis \u200b\u200bas desigualdades sociais que ainda existem hoje em Portugal. Se me d\u00f3i e me entristece, deve ser porque o meu amor por este pa\u00eds \u00e9 verdadeiro.<\/b><\/i><\/p>\n","protected":false},"excerpt":{"rendered":"<p>&nbsp; &nbsp; &nbsp; \u2018Eternamente Lorca\u2019 \u00e9 o \u00faltimo disco, at\u00e9 \u00e0 data de Ant\u00f3nio Portanet. \u00c9 uma homenagem e que conta com doze faixas, todas elas com poesia de Lorca.<\/p>\n","protected":false},"author":2,"featured_media":61416,"comment_status":"open","ping_status":"closed","sticky":false,"template":"","format":"standard","meta":{"footnotes":""},"categories":[2,36,4,4124],"tags":[4064],"class_list":["post-61415","post","type-post","status-publish","format-standard","has-post-thumbnail","hentry","category-cultura","category-destaque","category-discos","category-entrevistas","tag-antonio-portanet"],"yoast_head":"<!-- This site is optimized with the Yoast SEO plugin v27.5 - https:\/\/yoast.com\/product\/yoast-seo-wordpress\/ -->\n<title>Ant\u00f3nio Portanet: &quot;Vivemos num mundo cheio de injusti\u00e7as e desigualdades. Devem surgir vozes que nos acordem da profunda letargia em que vivemos.&quot; | Infocul.pt - Arquivo Digital<\/title>\n<meta name=\"description\" content=\"Ant\u00f3nio Portanet: &quot;Vivemos num mundo cheio de injusti\u00e7as e desigualdades. Devem surgir vozes que nos acordem da profunda letargia em que vivemos.&quot; | Infocul.pt - Arquivo Digital\" \/>\n<meta name=\"robots\" content=\"noindex, follow, max-snippet:-1, max-image-preview:large, max-video-preview:-1\" \/>\n<meta property=\"og:locale\" content=\"pt_PT\" \/>\n<meta property=\"og:type\" content=\"article\" \/>\n<meta property=\"og:title\" content=\"Ant\u00f3nio Portanet: &quot;Vivemos num mundo cheio de injusti\u00e7as e desigualdades. Devem surgir vozes que nos acordem da profunda letargia em que vivemos.&quot; | Infocul.pt - Arquivo Digital\" \/>\n<meta property=\"og:description\" content=\"Ant\u00f3nio Portanet: &quot;Vivemos num mundo cheio de injusti\u00e7as e desigualdades. Devem surgir vozes que nos acordem da profunda letargia em que vivemos.&quot; | Infocul.pt - Arquivo Digital\" \/>\n<meta property=\"og:url\" content=\"https:\/\/infocul.pt\/arquivo\/cultura\/antonio-portanet-vivemos-num-mundo-cheio-de-injusticas-e-desigualdades-devem-surgir-vozes-que-nos-acordem-da-profunda-letargia-em-que-vivemos\/\" \/>\n<meta property=\"og:site_name\" content=\"Infocul.pt - Arquivo Digital\" \/>\n<meta property=\"article:publisher\" content=\"https:\/\/www.facebook.com\/Infocul-147816815585015\/\" \/>\n<meta property=\"article:published_time\" content=\"2019-10-29T00:00:14+00:00\" \/>\n<meta property=\"og:image\" content=\"https:\/\/infocul.pt\/arquivo\/wp-content\/uploads\/2019\/10\/portanet.jpg\" \/>\n\t<meta property=\"og:image:width\" content=\"800\" \/>\n\t<meta property=\"og:image:height\" content=\"438\" \/>\n\t<meta property=\"og:image:type\" content=\"image\/jpeg\" \/>\n<meta name=\"author\" content=\"Rui Lavrador\" \/>\n<meta name=\"twitter:card\" content=\"summary_large_image\" \/>\n<meta name=\"twitter:creator\" content=\"@Infoculpt\" \/>\n<meta name=\"twitter:site\" content=\"@Infoculpt\" \/>\n<meta name=\"twitter:label1\" content=\"Escrito por\" \/>\n\t<meta name=\"twitter:data1\" content=\"Rui Lavrador\" \/>\n\t<meta name=\"twitter:label2\" content=\"Tempo estimado de leitura\" \/>\n\t<meta name=\"twitter:data2\" content=\"6 minutos\" \/>\n<script type=\"application\/ld+json\" class=\"yoast-schema-graph\">{\"@context\":\"https:\\\/\\\/schema.org\",\"@graph\":[{\"@type\":\"Article\",\"@id\":\"https:\\\/\\\/infocul.pt\\\/arquivo\\\/cultura\\\/antonio-portanet-vivemos-num-mundo-cheio-de-injusticas-e-desigualdades-devem-surgir-vozes-que-nos-acordem-da-profunda-letargia-em-que-vivemos\\\/#article\",\"isPartOf\":{\"@id\":\"https:\\\/\\\/infocul.pt\\\/arquivo\\\/cultura\\\/antonio-portanet-vivemos-num-mundo-cheio-de-injusticas-e-desigualdades-devem-surgir-vozes-que-nos-acordem-da-profunda-letargia-em-que-vivemos\\\/\"},\"author\":{\"name\":\"Rui Lavrador\",\"@id\":\"https:\\\/\\\/infocul.pt\\\/arquivo\\\/#\\\/schema\\\/person\\\/060a108d7f2d85fc6aae505119ee5234\"},\"headline\":\"Ant\u00f3nio Portanet: &#8220;Vivemos num mundo cheio de injusti\u00e7as e desigualdades. Devem surgir vozes que nos acordem da profunda letargia em que vivemos.&#8221;\",\"datePublished\":\"2019-10-29T00:00:14+00:00\",\"mainEntityOfPage\":{\"@id\":\"https:\\\/\\\/infocul.pt\\\/arquivo\\\/cultura\\\/antonio-portanet-vivemos-num-mundo-cheio-de-injusticas-e-desigualdades-devem-surgir-vozes-que-nos-acordem-da-profunda-letargia-em-que-vivemos\\\/\"},\"wordCount\":1157,\"commentCount\":0,\"publisher\":{\"@id\":\"https:\\\/\\\/infocul.pt\\\/arquivo\\\/#organization\"},\"image\":{\"@id\":\"https:\\\/\\\/infocul.pt\\\/arquivo\\\/cultura\\\/antonio-portanet-vivemos-num-mundo-cheio-de-injusticas-e-desigualdades-devem-surgir-vozes-que-nos-acordem-da-profunda-letargia-em-que-vivemos\\\/#primaryimage\"},\"thumbnailUrl\":\"https:\\\/\\\/infocul.pt\\\/arquivo\\\/wp-content\\\/uploads\\\/2019\\\/10\\\/portanet.jpg\",\"keywords\":[\"Ant\u00f3nio Portanet\"],\"articleSection\":[\"Cultura\",\"Destaque\",\"Discos\",\"Entrevistas\"],\"inLanguage\":\"pt-PT\"},{\"@type\":\"WebPage\",\"@id\":\"https:\\\/\\\/infocul.pt\\\/arquivo\\\/cultura\\\/antonio-portanet-vivemos-num-mundo-cheio-de-injusticas-e-desigualdades-devem-surgir-vozes-que-nos-acordem-da-profunda-letargia-em-que-vivemos\\\/\",\"url\":\"https:\\\/\\\/infocul.pt\\\/arquivo\\\/cultura\\\/antonio-portanet-vivemos-num-mundo-cheio-de-injusticas-e-desigualdades-devem-surgir-vozes-que-nos-acordem-da-profunda-letargia-em-que-vivemos\\\/\",\"name\":\"Ant\u00f3nio Portanet: \\\"Vivemos num mundo cheio de injusti\u00e7as e desigualdades. Devem surgir vozes que nos acordem da profunda letargia em que vivemos.\\\" | Infocul.pt - Arquivo Digital\",\"isPartOf\":{\"@id\":\"https:\\\/\\\/infocul.pt\\\/arquivo\\\/#website\"},\"primaryImageOfPage\":{\"@id\":\"https:\\\/\\\/infocul.pt\\\/arquivo\\\/cultura\\\/antonio-portanet-vivemos-num-mundo-cheio-de-injusticas-e-desigualdades-devem-surgir-vozes-que-nos-acordem-da-profunda-letargia-em-que-vivemos\\\/#primaryimage\"},\"image\":{\"@id\":\"https:\\\/\\\/infocul.pt\\\/arquivo\\\/cultura\\\/antonio-portanet-vivemos-num-mundo-cheio-de-injusticas-e-desigualdades-devem-surgir-vozes-que-nos-acordem-da-profunda-letargia-em-que-vivemos\\\/#primaryimage\"},\"thumbnailUrl\":\"https:\\\/\\\/infocul.pt\\\/arquivo\\\/wp-content\\\/uploads\\\/2019\\\/10\\\/portanet.jpg\",\"datePublished\":\"2019-10-29T00:00:14+00:00\",\"description\":\"Ant\u00f3nio Portanet: \\\"Vivemos num mundo cheio de injusti\u00e7as e desigualdades. Devem surgir vozes que nos acordem da profunda letargia em que vivemos.\\\" | Infocul.pt - Arquivo Digital\",\"breadcrumb\":{\"@id\":\"https:\\\/\\\/infocul.pt\\\/arquivo\\\/cultura\\\/antonio-portanet-vivemos-num-mundo-cheio-de-injusticas-e-desigualdades-devem-surgir-vozes-que-nos-acordem-da-profunda-letargia-em-que-vivemos\\\/#breadcrumb\"},\"inLanguage\":\"pt-PT\",\"potentialAction\":[{\"@type\":\"ReadAction\",\"target\":[\"https:\\\/\\\/infocul.pt\\\/arquivo\\\/cultura\\\/antonio-portanet-vivemos-num-mundo-cheio-de-injusticas-e-desigualdades-devem-surgir-vozes-que-nos-acordem-da-profunda-letargia-em-que-vivemos\\\/\"]}]},{\"@type\":\"ImageObject\",\"inLanguage\":\"pt-PT\",\"@id\":\"https:\\\/\\\/infocul.pt\\\/arquivo\\\/cultura\\\/antonio-portanet-vivemos-num-mundo-cheio-de-injusticas-e-desigualdades-devem-surgir-vozes-que-nos-acordem-da-profunda-letargia-em-que-vivemos\\\/#primaryimage\",\"url\":\"https:\\\/\\\/infocul.pt\\\/arquivo\\\/wp-content\\\/uploads\\\/2019\\\/10\\\/portanet.jpg\",\"contentUrl\":\"https:\\\/\\\/infocul.pt\\\/arquivo\\\/wp-content\\\/uploads\\\/2019\\\/10\\\/portanet.jpg\",\"width\":800,\"height\":438},{\"@type\":\"BreadcrumbList\",\"@id\":\"https:\\\/\\\/infocul.pt\\\/arquivo\\\/cultura\\\/antonio-portanet-vivemos-num-mundo-cheio-de-injusticas-e-desigualdades-devem-surgir-vozes-que-nos-acordem-da-profunda-letargia-em-que-vivemos\\\/#breadcrumb\",\"itemListElement\":[{\"@type\":\"ListItem\",\"position\":1,\"name\":\"Home\",\"item\":\"https:\\\/\\\/infocul.pt\\\/arquivo\\\/\"},{\"@type\":\"ListItem\",\"position\":2,\"name\":\"Ant\u00f3nio Portanet: &#8220;Vivemos num mundo cheio de injusti\u00e7as e desigualdades. Devem surgir vozes que nos acordem da profunda letargia em que vivemos.&#8221;\"}]},{\"@type\":\"WebSite\",\"@id\":\"https:\\\/\\\/infocul.pt\\\/arquivo\\\/#website\",\"url\":\"https:\\\/\\\/infocul.pt\\\/arquivo\\\/\",\"name\":\"Infocul.pt - Arquivo Digital\",\"description\":\"Arquivo digital da Infocul.pt\",\"publisher\":{\"@id\":\"https:\\\/\\\/infocul.pt\\\/arquivo\\\/#organization\"},\"potentialAction\":[{\"@type\":\"SearchAction\",\"target\":{\"@type\":\"EntryPoint\",\"urlTemplate\":\"https:\\\/\\\/infocul.pt\\\/arquivo\\\/?s={search_term_string}\"},\"query-input\":{\"@type\":\"PropertyValueSpecification\",\"valueRequired\":true,\"valueName\":\"search_term_string\"}}],\"inLanguage\":\"pt-PT\"},{\"@type\":\"Organization\",\"@id\":\"https:\\\/\\\/infocul.pt\\\/arquivo\\\/#organization\",\"name\":\"Infocul.pt\",\"url\":\"https:\\\/\\\/infocul.pt\\\/arquivo\\\/\",\"logo\":{\"@type\":\"ImageObject\",\"inLanguage\":\"pt-PT\",\"@id\":\"https:\\\/\\\/infocul.pt\\\/arquivo\\\/#\\\/schema\\\/logo\\\/image\\\/\",\"url\":\"https:\\\/\\\/infocul.pt\\\/arquivo\\\/wp-content\\\/uploads\\\/2018\\\/12\\\/Infocul_logo-1.png\",\"contentUrl\":\"https:\\\/\\\/infocul.pt\\\/arquivo\\\/wp-content\\\/uploads\\\/2018\\\/12\\\/Infocul_logo-1.png\",\"width\":800,\"height\":800,\"caption\":\"Infocul.pt\"},\"image\":{\"@id\":\"https:\\\/\\\/infocul.pt\\\/arquivo\\\/#\\\/schema\\\/logo\\\/image\\\/\"},\"sameAs\":[\"https:\\\/\\\/www.facebook.com\\\/Infocul-147816815585015\\\/\",\"https:\\\/\\\/x.com\\\/Infoculpt\",\"http:\\\/\\\/www.pictaram.com\\\/user\\\/infocul.pt\\\/2370423710\",\"https:\\\/\\\/www.youtube.com\\\/channel\\\/UCYEB91AGI9FL9ek2i_IaQAA\"]},{\"@type\":\"Person\",\"@id\":\"https:\\\/\\\/infocul.pt\\\/arquivo\\\/#\\\/schema\\\/person\\\/060a108d7f2d85fc6aae505119ee5234\",\"name\":\"Rui Lavrador\",\"image\":{\"@type\":\"ImageObject\",\"inLanguage\":\"pt-PT\",\"@id\":\"https:\\\/\\\/secure.gravatar.com\\\/avatar\\\/93febd6873394aa8e975148548a0cb203acfdd42d2c85c5f1408e1a76678aece?s=96&d=mm&r=g\",\"url\":\"https:\\\/\\\/secure.gravatar.com\\\/avatar\\\/93febd6873394aa8e975148548a0cb203acfdd42d2c85c5f1408e1a76678aece?s=96&d=mm&r=g\",\"contentUrl\":\"https:\\\/\\\/secure.gravatar.com\\\/avatar\\\/93febd6873394aa8e975148548a0cb203acfdd42d2c85c5f1408e1a76678aece?s=96&d=mm&r=g\",\"caption\":\"Rui Lavrador\"},\"description\":\"Iniciou em 2011 o seu percurso em comunica\u00e7\u00e3o social, tendo integrado v\u00e1rios projectos editoriais. Durante o seu percurso integrou projectos como Jornal Hardm\u00fasica, LusoNot\u00edcias, Toureio.pt, ODigital.pt, entre outros \u00d3rg\u00e3os de Comunica\u00e7\u00e3o Social nacionais, na redac\u00e7\u00e3o de v\u00e1rios artigos. Entrevistou a grande maioria das personalidades mais importantes da vida social e cultural do pa\u00eds, destacando-se, tamb\u00e9m, na aprecia\u00e7\u00e3o de v\u00e1rios espect\u00e1culos. Durante o seu percurso, deu a conhecer v\u00e1rios artistas, at\u00e9 ent\u00e3o desconhecidos, ao grande p\u00fablico. Em 2015 criou e fundou o Infocul.pt, projecto no qual assume a direc\u00e7\u00e3o editorial.\",\"sameAs\":[\"http:\\\/\\\/www.infocul.pt\"]}]}<\/script>\n<!-- \/ Yoast SEO plugin. -->","yoast_head_json":{"title":"Ant\u00f3nio Portanet: \"Vivemos num mundo cheio de injusti\u00e7as e desigualdades. Devem surgir vozes que nos acordem da profunda letargia em que vivemos.\" | Infocul.pt - Arquivo Digital","description":"Ant\u00f3nio Portanet: \"Vivemos num mundo cheio de injusti\u00e7as e desigualdades. Devem surgir vozes que nos acordem da profunda letargia em que vivemos.\" | Infocul.pt - Arquivo Digital","robots":{"index":"noindex","follow":"follow","max-snippet":"max-snippet:-1","max-image-preview":"max-image-preview:large","max-video-preview":"max-video-preview:-1"},"og_locale":"pt_PT","og_type":"article","og_title":"Ant\u00f3nio Portanet: \"Vivemos num mundo cheio de injusti\u00e7as e desigualdades. Devem surgir vozes que nos acordem da profunda letargia em que vivemos.\" | Infocul.pt - Arquivo Digital","og_description":"Ant\u00f3nio Portanet: \"Vivemos num mundo cheio de injusti\u00e7as e desigualdades. Devem surgir vozes que nos acordem da profunda letargia em que vivemos.\" | Infocul.pt - Arquivo Digital","og_url":"https:\/\/infocul.pt\/arquivo\/cultura\/antonio-portanet-vivemos-num-mundo-cheio-de-injusticas-e-desigualdades-devem-surgir-vozes-que-nos-acordem-da-profunda-letargia-em-que-vivemos\/","og_site_name":"Infocul.pt - Arquivo Digital","article_publisher":"https:\/\/www.facebook.com\/Infocul-147816815585015\/","article_published_time":"2019-10-29T00:00:14+00:00","og_image":[{"width":800,"height":438,"url":"https:\/\/infocul.pt\/arquivo\/wp-content\/uploads\/2019\/10\/portanet.jpg","type":"image\/jpeg"}],"author":"Rui Lavrador","twitter_card":"summary_large_image","twitter_creator":"@Infoculpt","twitter_site":"@Infoculpt","twitter_misc":{"Escrito por":"Rui Lavrador","Tempo estimado de leitura":"6 minutos"},"schema":{"@context":"https:\/\/schema.org","@graph":[{"@type":"Article","@id":"https:\/\/infocul.pt\/arquivo\/cultura\/antonio-portanet-vivemos-num-mundo-cheio-de-injusticas-e-desigualdades-devem-surgir-vozes-que-nos-acordem-da-profunda-letargia-em-que-vivemos\/#article","isPartOf":{"@id":"https:\/\/infocul.pt\/arquivo\/cultura\/antonio-portanet-vivemos-num-mundo-cheio-de-injusticas-e-desigualdades-devem-surgir-vozes-que-nos-acordem-da-profunda-letargia-em-que-vivemos\/"},"author":{"name":"Rui Lavrador","@id":"https:\/\/infocul.pt\/arquivo\/#\/schema\/person\/060a108d7f2d85fc6aae505119ee5234"},"headline":"Ant\u00f3nio Portanet: &#8220;Vivemos num mundo cheio de injusti\u00e7as e desigualdades. Devem surgir vozes que nos acordem da profunda letargia em que vivemos.&#8221;","datePublished":"2019-10-29T00:00:14+00:00","mainEntityOfPage":{"@id":"https:\/\/infocul.pt\/arquivo\/cultura\/antonio-portanet-vivemos-num-mundo-cheio-de-injusticas-e-desigualdades-devem-surgir-vozes-que-nos-acordem-da-profunda-letargia-em-que-vivemos\/"},"wordCount":1157,"commentCount":0,"publisher":{"@id":"https:\/\/infocul.pt\/arquivo\/#organization"},"image":{"@id":"https:\/\/infocul.pt\/arquivo\/cultura\/antonio-portanet-vivemos-num-mundo-cheio-de-injusticas-e-desigualdades-devem-surgir-vozes-que-nos-acordem-da-profunda-letargia-em-que-vivemos\/#primaryimage"},"thumbnailUrl":"https:\/\/infocul.pt\/arquivo\/wp-content\/uploads\/2019\/10\/portanet.jpg","keywords":["Ant\u00f3nio Portanet"],"articleSection":["Cultura","Destaque","Discos","Entrevistas"],"inLanguage":"pt-PT"},{"@type":"WebPage","@id":"https:\/\/infocul.pt\/arquivo\/cultura\/antonio-portanet-vivemos-num-mundo-cheio-de-injusticas-e-desigualdades-devem-surgir-vozes-que-nos-acordem-da-profunda-letargia-em-que-vivemos\/","url":"https:\/\/infocul.pt\/arquivo\/cultura\/antonio-portanet-vivemos-num-mundo-cheio-de-injusticas-e-desigualdades-devem-surgir-vozes-que-nos-acordem-da-profunda-letargia-em-que-vivemos\/","name":"Ant\u00f3nio Portanet: \"Vivemos num mundo cheio de injusti\u00e7as e desigualdades. Devem surgir vozes que nos acordem da profunda letargia em que vivemos.\" | Infocul.pt - Arquivo Digital","isPartOf":{"@id":"https:\/\/infocul.pt\/arquivo\/#website"},"primaryImageOfPage":{"@id":"https:\/\/infocul.pt\/arquivo\/cultura\/antonio-portanet-vivemos-num-mundo-cheio-de-injusticas-e-desigualdades-devem-surgir-vozes-que-nos-acordem-da-profunda-letargia-em-que-vivemos\/#primaryimage"},"image":{"@id":"https:\/\/infocul.pt\/arquivo\/cultura\/antonio-portanet-vivemos-num-mundo-cheio-de-injusticas-e-desigualdades-devem-surgir-vozes-que-nos-acordem-da-profunda-letargia-em-que-vivemos\/#primaryimage"},"thumbnailUrl":"https:\/\/infocul.pt\/arquivo\/wp-content\/uploads\/2019\/10\/portanet.jpg","datePublished":"2019-10-29T00:00:14+00:00","description":"Ant\u00f3nio Portanet: \"Vivemos num mundo cheio de injusti\u00e7as e desigualdades. Devem surgir vozes que nos acordem da profunda letargia em que vivemos.\" | Infocul.pt - Arquivo Digital","breadcrumb":{"@id":"https:\/\/infocul.pt\/arquivo\/cultura\/antonio-portanet-vivemos-num-mundo-cheio-de-injusticas-e-desigualdades-devem-surgir-vozes-que-nos-acordem-da-profunda-letargia-em-que-vivemos\/#breadcrumb"},"inLanguage":"pt-PT","potentialAction":[{"@type":"ReadAction","target":["https:\/\/infocul.pt\/arquivo\/cultura\/antonio-portanet-vivemos-num-mundo-cheio-de-injusticas-e-desigualdades-devem-surgir-vozes-que-nos-acordem-da-profunda-letargia-em-que-vivemos\/"]}]},{"@type":"ImageObject","inLanguage":"pt-PT","@id":"https:\/\/infocul.pt\/arquivo\/cultura\/antonio-portanet-vivemos-num-mundo-cheio-de-injusticas-e-desigualdades-devem-surgir-vozes-que-nos-acordem-da-profunda-letargia-em-que-vivemos\/#primaryimage","url":"https:\/\/infocul.pt\/arquivo\/wp-content\/uploads\/2019\/10\/portanet.jpg","contentUrl":"https:\/\/infocul.pt\/arquivo\/wp-content\/uploads\/2019\/10\/portanet.jpg","width":800,"height":438},{"@type":"BreadcrumbList","@id":"https:\/\/infocul.pt\/arquivo\/cultura\/antonio-portanet-vivemos-num-mundo-cheio-de-injusticas-e-desigualdades-devem-surgir-vozes-que-nos-acordem-da-profunda-letargia-em-que-vivemos\/#breadcrumb","itemListElement":[{"@type":"ListItem","position":1,"name":"Home","item":"https:\/\/infocul.pt\/arquivo\/"},{"@type":"ListItem","position":2,"name":"Ant\u00f3nio Portanet: &#8220;Vivemos num mundo cheio de injusti\u00e7as e desigualdades. Devem surgir vozes que nos acordem da profunda letargia em que vivemos.&#8221;"}]},{"@type":"WebSite","@id":"https:\/\/infocul.pt\/arquivo\/#website","url":"https:\/\/infocul.pt\/arquivo\/","name":"Infocul.pt - Arquivo Digital","description":"Arquivo digital da Infocul.pt","publisher":{"@id":"https:\/\/infocul.pt\/arquivo\/#organization"},"potentialAction":[{"@type":"SearchAction","target":{"@type":"EntryPoint","urlTemplate":"https:\/\/infocul.pt\/arquivo\/?s={search_term_string}"},"query-input":{"@type":"PropertyValueSpecification","valueRequired":true,"valueName":"search_term_string"}}],"inLanguage":"pt-PT"},{"@type":"Organization","@id":"https:\/\/infocul.pt\/arquivo\/#organization","name":"Infocul.pt","url":"https:\/\/infocul.pt\/arquivo\/","logo":{"@type":"ImageObject","inLanguage":"pt-PT","@id":"https:\/\/infocul.pt\/arquivo\/#\/schema\/logo\/image\/","url":"https:\/\/infocul.pt\/arquivo\/wp-content\/uploads\/2018\/12\/Infocul_logo-1.png","contentUrl":"https:\/\/infocul.pt\/arquivo\/wp-content\/uploads\/2018\/12\/Infocul_logo-1.png","width":800,"height":800,"caption":"Infocul.pt"},"image":{"@id":"https:\/\/infocul.pt\/arquivo\/#\/schema\/logo\/image\/"},"sameAs":["https:\/\/www.facebook.com\/Infocul-147816815585015\/","https:\/\/x.com\/Infoculpt","http:\/\/www.pictaram.com\/user\/infocul.pt\/2370423710","https:\/\/www.youtube.com\/channel\/UCYEB91AGI9FL9ek2i_IaQAA"]},{"@type":"Person","@id":"https:\/\/infocul.pt\/arquivo\/#\/schema\/person\/060a108d7f2d85fc6aae505119ee5234","name":"Rui Lavrador","image":{"@type":"ImageObject","inLanguage":"pt-PT","@id":"https:\/\/secure.gravatar.com\/avatar\/93febd6873394aa8e975148548a0cb203acfdd42d2c85c5f1408e1a76678aece?s=96&d=mm&r=g","url":"https:\/\/secure.gravatar.com\/avatar\/93febd6873394aa8e975148548a0cb203acfdd42d2c85c5f1408e1a76678aece?s=96&d=mm&r=g","contentUrl":"https:\/\/secure.gravatar.com\/avatar\/93febd6873394aa8e975148548a0cb203acfdd42d2c85c5f1408e1a76678aece?s=96&d=mm&r=g","caption":"Rui Lavrador"},"description":"Iniciou em 2011 o seu percurso em comunica\u00e7\u00e3o social, tendo integrado v\u00e1rios projectos editoriais. Durante o seu percurso integrou projectos como Jornal Hardm\u00fasica, LusoNot\u00edcias, Toureio.pt, ODigital.pt, entre outros \u00d3rg\u00e3os de Comunica\u00e7\u00e3o Social nacionais, na redac\u00e7\u00e3o de v\u00e1rios artigos. Entrevistou a grande maioria das personalidades mais importantes da vida social e cultural do pa\u00eds, destacando-se, tamb\u00e9m, na aprecia\u00e7\u00e3o de v\u00e1rios espect\u00e1culos. Durante o seu percurso, deu a conhecer v\u00e1rios artistas, at\u00e9 ent\u00e3o desconhecidos, ao grande p\u00fablico. Em 2015 criou e fundou o Infocul.pt, projecto no qual assume a direc\u00e7\u00e3o editorial.","sameAs":["http:\/\/www.infocul.pt"]}]}},"_links":{"self":[{"href":"https:\/\/infocul.pt\/arquivo\/wp-json\/wp\/v2\/posts\/61415","targetHints":{"allow":["GET"]}}],"collection":[{"href":"https:\/\/infocul.pt\/arquivo\/wp-json\/wp\/v2\/posts"}],"about":[{"href":"https:\/\/infocul.pt\/arquivo\/wp-json\/wp\/v2\/types\/post"}],"author":[{"embeddable":true,"href":"https:\/\/infocul.pt\/arquivo\/wp-json\/wp\/v2\/users\/2"}],"replies":[{"embeddable":true,"href":"https:\/\/infocul.pt\/arquivo\/wp-json\/wp\/v2\/comments?post=61415"}],"version-history":[{"count":0,"href":"https:\/\/infocul.pt\/arquivo\/wp-json\/wp\/v2\/posts\/61415\/revisions"}],"wp:featuredmedia":[{"embeddable":true,"href":"https:\/\/infocul.pt\/arquivo\/wp-json\/wp\/v2\/media\/61416"}],"wp:attachment":[{"href":"https:\/\/infocul.pt\/arquivo\/wp-json\/wp\/v2\/media?parent=61415"}],"wp:term":[{"taxonomy":"category","embeddable":true,"href":"https:\/\/infocul.pt\/arquivo\/wp-json\/wp\/v2\/categories?post=61415"},{"taxonomy":"post_tag","embeddable":true,"href":"https:\/\/infocul.pt\/arquivo\/wp-json\/wp\/v2\/tags?post=61415"}],"curies":[{"name":"wp","href":"https:\/\/api.w.org\/{rel}","templated":true}]}}