{"id":61479,"date":"2019-10-26T12:42:54","date_gmt":"2019-10-26T11:42:54","guid":{"rendered":"https:\/\/infocul.pt\/?p=61479"},"modified":"2019-10-26T12:48:17","modified_gmt":"2019-10-26T11:48:17","slug":"ministra-da-cultura-acerca-da-exposicao-sobre-fernando-namora-no-museu-do-neo-realismo-aqui-descobrem-se-perspectivas-ou-detalhes-e-dados-novos","status":"publish","type":"post","link":"https:\/\/infocul.pt\/arquivo\/cultura\/ministra-da-cultura-acerca-da-exposicao-sobre-fernando-namora-no-museu-do-neo-realismo-aqui-descobrem-se-perspectivas-ou-detalhes-e-dados-novos\/","title":{"rendered":"Ministra da Cultura acerca da exposi\u00e7\u00e3o sobre Fernando Namora no Museu do Neo-Realismo: \u201cAqui descobrem-se perspectivas ou detalhes e dados novos\u201d"},"content":{"rendered":"<figure id=\"attachment_61480\" aria-describedby=\"caption-attachment-61480\" style=\"width: 800px\" class=\"wp-caption aligncenter\"><img decoding=\"async\" class=\"wp-image-61480 size-large lazyload\" data-src=\"https:\/\/infocul.pt\/arquivo\/wp-content\/uploads\/2019\/10\/IMG_20191025_171146-1024x768.jpg\" alt=\"\" width=\"800\" height=\"600\" data-srcset=\"https:\/\/infocul.pt\/arquivo\/wp-content\/uploads\/2019\/10\/IMG_20191025_171146-1024x768.jpg 1024w, https:\/\/infocul.pt\/arquivo\/wp-content\/uploads\/2019\/10\/IMG_20191025_171146-300x225.jpg 300w, https:\/\/infocul.pt\/arquivo\/wp-content\/uploads\/2019\/10\/IMG_20191025_171146-768x576.jpg 768w\" data-sizes=\"(max-width: 800px) 100vw, 800px\" src=\"data:image\/svg+xml;base64,PHN2ZyB3aWR0aD0iMSIgaGVpZ2h0PSIxIiB4bWxucz0iaHR0cDovL3d3dy53My5vcmcvMjAwMC9zdmciPjwvc3ZnPg==\" style=\"--smush-placeholder-width: 800px; --smush-placeholder-aspect-ratio: 800\/600;\" \/><figcaption id=\"caption-attachment-61480\" class=\"wp-caption-text\">D.R.<\/figcaption><\/figure>\n<p>&nbsp;<\/p>\n<p>&nbsp;<\/p>\n<p><span style=\"color: #3a3a3a;\"><span style=\"font-family: Liberation Serif, serif;\"><span style=\"font-size: medium;\"><span lang=\"pt-PT\">O Museu do Neo-<\/span><\/span><\/span><\/span><span style=\"color: #3a3a3a;\"><span style=\"font-family: Liberation Serif, serif;\"><span style=\"font-size: medium;\"><span lang=\"pt-PT\">R<\/span><\/span><\/span><\/span><span style=\"color: #3a3a3a;\"><span style=\"font-family: Liberation Serif, serif;\"><span style=\"font-size: medium;\"><span lang=\"pt-PT\">ealismo em Vila Franca de <\/span><\/span><\/span><\/span><span style=\"color: #3a3a3a;\"><span style=\"font-family: Liberation Serif, serif;\"><span style=\"font-size: medium;\"><span lang=\"pt-PT\">Xira<\/span><\/span><\/span><\/span><span style=\"color: #3a3a3a;\"><span style=\"font-family: Liberation Serif, serif;\"><span style=\"font-size: medium;\"><span lang=\"pt-PT\"> recebeu, esta sexta-feira, o segundo dia do <a href=\"https:\/\/www.cm-vfxira.pt\/cmvfxira\/uploads\/writer_file\/document\/21503\/programa_congresso_fernando_namora.pdf\" target=\"_blank\" rel=\"noopener noreferrer\">Congresso Internacional Fernando Namora &#8220;\u00c9 n\u00e3o sei se o mundo nasceu&#8221;<\/a>.<\/span><\/span><\/span><\/span><!--more--><\/p>\n<p>&nbsp;<\/p>\n<p><span style=\"color: #3a3a3a;\"><span style=\"font-family: Liberation Serif, serif;\"><span style=\"font-size: medium;\"><span lang=\"pt-PT\">Este congresso foi realizado em Lisboa, Vila Franca de Xira e o terceiro dia, este s\u00e1bado, em Condeixa-a-Nova.<\/span><\/span><\/span><\/span><\/p>\n<p><span style=\"color: #3a3a3a;\"><span style=\"font-family: Liberation Serif, serif;\"><span style=\"font-size: medium;\"><span lang=\"pt-PT\">No primeiro dia no Centro de Estudos Comparatistas (Faculdade de Letras da Universidade de Lisboa), no segundo dia no Museu do Neorealismo e no terceiro dia na Casa-Museu Fernando Namora (Condeixa-a-Nova).<\/span><\/span><\/span><\/span><\/p>\n<p><span style=\"color: #3a3a3a;\"><span style=\"font-family: Liberation Serif, serif;\"><span style=\"font-size: medium;\"><span lang=\"pt-PT\">No per\u00edodo da tarde, no segundo dia, destaque para a presen\u00e7a da Ministra da Cultura, Gra\u00e7a Fonseca <\/span><\/span><\/span><\/span><span style=\"color: #3a3a3a;\"><span style=\"font-family: Liberation Serif, serif;\"><span style=\"font-size: medium;\"><span lang=\"pt-PT\">em Vila Franca de Xira.<\/span><\/span><\/span><\/span><\/p>\n<p><span style=\"color: #3a3a3a;\"><span style=\"font-family: Liberation Serif, serif;\"><span style=\"font-size: medium;\"><span lang=\"pt-PT\">Pelas 14:30 realizou-se &#8216;A reflex\u00e3o sobre a escrita e o escritor na obra autobiogr\u00e1fica de Fernando Namora. Foi oradora Yana Andreea (Universidade de S\u00f3fia, Sveti Kliment Ohridski, Bulg\u00e1ria).<\/span><\/span><\/span><\/span><\/p>\n<p><span style=\"color: #3a3a3a;\"><span style=\"font-family: Liberation Serif, serif;\"><span style=\"font-size: medium;\"><span lang=\"pt-PT\">Antes, tempo para ouvir Armindo Pires Nunes (Universidade aberta) sobre&#8217; Monsanto, inquieta\u00e7\u00e3o e reden\u00e7\u00e3o para Fernando Namora&#8217;.<\/span><\/span><\/span><\/span><\/p>\n<p><img decoding=\"async\" class=\"aligncenter wp-image-61483 size-full lazyload\" data-src=\"https:\/\/infocul.pt\/arquivo\/wp-content\/uploads\/2019\/10\/image005.png\" alt=\"\" width=\"431\" height=\"644\" data-srcset=\"https:\/\/infocul.pt\/arquivo\/wp-content\/uploads\/2019\/10\/image005.png 431w, https:\/\/infocul.pt\/arquivo\/wp-content\/uploads\/2019\/10\/image005-201x300.png 201w\" data-sizes=\"(max-width: 431px) 100vw, 431px\" src=\"data:image\/svg+xml;base64,PHN2ZyB3aWR0aD0iMSIgaGVpZ2h0PSIxIiB4bWxucz0iaHR0cDovL3d3dy53My5vcmcvMjAwMC9zdmciPjwvc3ZnPg==\" style=\"--smush-placeholder-width: 431px; --smush-placeholder-aspect-ratio: 431\/644;\" \/><\/p>\n<p><span style=\"color: #3a3a3a;\"><span style=\"font-family: Liberation Serif, serif;\"><span style=\"font-size: medium;\"><span lang=\"pt-PT\">Ap\u00f3s chegada da Ministra da Cultura, decorreu uma visita pela exposi\u00e7\u00e3o com curadoria de Ant\u00f3nio Pedro Pita.<\/span><\/span><\/span><\/span><\/p>\n<p><span style=\"color: #3a3a3a;\"><span style=\"font-family: Liberation Serif, serif;\"><span style=\"font-size: medium;\"><span lang=\"pt-PT\">No final da visita, a Ministra concedeu entrevista ao Infocul, <\/span><\/span><\/span><\/span><span style=\"color: #3a3a3a;\"><span style=\"font-family: Liberation Serif, serif;\"><span style=\"font-size: medium;\"><span lang=\"pt-PT\">destacou a \u201c<\/span><\/span><\/span><\/span><span style=\"color: #3a3a3a;\"><span style=\"font-family: Liberation Serif, serif;\"><span style=\"font-size: medium;\"><span lang=\"pt-PT\"><i><b>import\u00e2ncia de revisitar a via e obra de Fernando Namora, como disse durante a visita, para quem visita esta exposi\u00e7\u00e3o vai encontrar, mesmo para quem conhece Fernando Namora ou as gera\u00e7\u00f5es que cresceram com Fernando Namora e eu sou de uma gera\u00e7\u00e3o que j\u00e1 cresceu com Fernando Namora <\/b><\/i><\/span><\/span><\/span><\/span><span style=\"color: #3a3a3a;\"><span style=\"font-family: Liberation Serif, serif;\"><span style=\"font-size: medium;\"><span lang=\"pt-PT\"><i><b>como leitura, aqui descobrem-se perspectivas ou detalhes e dados novos. Por exemplo, a faceta Fernando Namora enquanto pintor \u00e9 algo que n\u00e3o nos \u00e9 t\u00e3o familiar. N\u00e3o \u00e9 algo que esteja na forma como olhamos para Fernando Namora, o Fernando Namora para n\u00f3s \u00e9, automaticamente, escritor. \u00c9 a literatura! E aqui \u00e9 importante por termos uma nova perspectiva<\/b><\/i><\/span><\/span><\/span><\/span><span style=\"color: #3a3a3a;\"><span style=\"font-family: Liberation Serif, serif;\"><span style=\"font-size: medium;\"><span lang=\"pt-PT\">\u201d.<\/span><\/span><\/span><\/span><\/p>\n<p><span style=\"color: #3a3a3a;\"><span style=\"font-family: Liberation Serif, serif;\"><span style=\"font-size: medium;\"><span lang=\"pt-PT\">Celebram-se 100 anos do nascimento de Fernando Namora, e para Gra\u00e7a Fonseca \u201c<\/span><\/span><\/span><\/span><span style=\"color: #3a3a3a;\"><span style=\"font-family: Liberation Serif, serif;\"><span style=\"font-size: medium;\"><span lang=\"pt-PT\"><i><b>aquilo que um ciclo de comemora\u00e7\u00f5es de um centen\u00e1rio nos permite, e estamos num ano de tamb\u00e9m Jorge de Sena e Sophia de Mello Breyner Andersen, \u00e9 de alguma maneira, e todos os anos existem momentos na literatura portuguesa, com pr\u00e9mios e reconhecimentos importantes. Mas quando se celebra um centen\u00e1rio ou quando se prepara um centen\u00e1rio, procuramos todos descobrir algo que n\u00e3o conhec\u00edamos antes, <\/b><\/i><\/span><\/span><\/span><\/span><span style=\"color: #3a3a3a;\"><span style=\"font-family: Liberation Serif, serif;\"><span style=\"font-size: medium;\"><span lang=\"pt-PT\"><i><b>que \u00e9 tamb\u00e9m uma forma de celebrar uma data especial. E por isso, este ciclo de celebra\u00e7\u00f5es tem a capacidade de projectar para o futuro, para as novas gera\u00e7\u00f5es, aquelas que cresceram j\u00e1 com Fernando Namora t\u00e3o presente no seu dia-a-dia, par as novas gera\u00e7\u00f5es lerem e conhecerem o pensamento, por um lado, e por outro para n\u00f3s pr\u00f3prios olharmos de uma forma diferente. Ao longo deste ano de 2019, com tr\u00eas centen\u00e1rios, parece-me que este \u00e9 um ponto muito importante. Estamos a redescobrir e a olhar para estes tr\u00eas grandes escritores sob perspectivas que nunca t\u00ednhamos pensado antes, e julgo que isso \u00e9 muito importante<\/b><\/i><\/span><\/span><\/span><\/span><span style=\"color: #3a3a3a;\"><span style=\"font-family: Liberation Serif, serif;\"><span style=\"font-size: medium;\"><span lang=\"pt-PT\">\u201d.<\/span><\/span><\/span><\/span><\/p>\n<p><span style=\"font-family: Liberation Serif, serif;\"><span style=\"font-size: medium;\"><span style=\"color: #3a3a3a;\"><span lang=\"pt-PT\">Na sua interven\u00e7\u00e3o abordou a tem\u00e1tica da autonomia que deve ser dada aos museus, de forma a potenci\u00e1-los e project\u00e1-los. Sobre esta quest\u00e3o disse ser uma \u201c<\/span><\/span><span style=\"color: #3a3a3a;\"><span lang=\"pt-PT\"><i><b>pol\u00edtica p\u00fablica importante a relacionada com os museus. Hoje em dia, Portugal \u00e9 muito mais do que Lisboa, Porto e Coimbra, algo que h\u00e1 40\/50 anos atr\u00e1s era muito estes tr\u00eas eixos. Hoje em dia quem viaja pelo pa\u00eds descobre, ainda bem, uma oferta cultural mais diversificada, mais espalhada pelo territ\u00f3rio e h\u00e1 algo fundamental que temos de fazer com a pol\u00edtica p\u00fablica que \u00e9 por um lado capacitar, dentro do que for poss\u00edvel a todos estes museus, dei aqui o exemplo do programa ProMuseus que foi reactivado, <\/b><\/i><\/span><\/span><span style=\"color: #3a3a3a;\"><span lang=\"pt-PT\"><i><b>ali\u00e1s os resultados deste ano s\u00e3o cerca de 650 mil euros de investimento em projectos que museus de todo o pa\u00eds apresentaram para moderniza\u00e7\u00e3o das suas colec\u00e7\u00f5es, transforma\u00e7\u00e3o digital, melhoria do espa\u00e7o de visita\u2026 Ou seja, \u00e9 um projecto importante para a capacita\u00e7\u00e3o de museus, por um lado, mas por outro lado tamb\u00e9m a import\u00e2ncia da rede portuguesa de museus e de redes territoriais para ligar os v\u00e1rios museus. Porque a ideia que existe, por entro, \u00e9 de que existe muita oferta mas ela precisa ser projectada de forma integrada<\/b><\/i><\/span><\/span><span style=\"color: #3a3a3a;\"><span lang=\"pt-PT\">\u201d dando a receita atrav\u00e9s de \u201c<\/span><\/span><span style=\"color: #3a3a3a;\"><span lang=\"pt-PT\"><i><b>gerir e projectar em rede<\/b><\/i><\/span><\/span><span style=\"color: #3a3a3a;\"><span lang=\"pt-PT\">\u201d.<\/span><\/span><\/span><\/span><\/p>\n","protected":false},"excerpt":{"rendered":"<p>&nbsp; &nbsp; O Museu do Neo-Realismo em Vila Franca de Xira recebeu, esta sexta-feira, o segundo dia do Congresso Internacional Fernando Namora &#8220;\u00c9 n\u00e3o sei se o mundo nasceu&#8221;.<\/p>\n","protected":false},"author":2,"featured_media":61480,"comment_status":"open","ping_status":"closed","sticky":false,"template":"","format":"standard","meta":{"footnotes":""},"categories":[2,36,8,9,4123],"tags":[859,5068,5011,2139],"class_list":["post-61479","post","type-post","status-publish","format-standard","has-post-thumbnail","hentry","category-cultura","category-destaque","category-livros","category-outros","category-reportagens-actualidade","tag-fernando-namora","tag-graca-fonseca","tag-museu-do-neo-realismo","tag-vila-franca-de-xira"],"yoast_head":"<!-- This site is optimized with the Yoast SEO plugin v27.5 - https:\/\/yoast.com\/product\/yoast-seo-wordpress\/ -->\n<title>Ministra da Cultura acerca da exposi\u00e7\u00e3o sobre Fernando Namora no Museu do Neo-Realismo: \u201cAqui descobrem-se perspectivas ou detalhes e dados novos\u201d | Infocul.pt - Arquivo Digital<\/title>\n<meta name=\"description\" content=\"Ministra da Cultura acerca da exposi\u00e7\u00e3o sobre Fernando Namora no Museu do Neo-Realismo: \u201cAqui descobrem-se perspectivas ou detalhes e dados novos\u201d | Infocul.pt - Arquivo Digital\" \/>\n<meta name=\"robots\" content=\"noindex, follow, max-snippet:-1, max-image-preview:large, max-video-preview:-1\" \/>\n<meta property=\"og:locale\" content=\"pt_PT\" \/>\n<meta property=\"og:type\" content=\"article\" \/>\n<meta property=\"og:title\" content=\"Ministra da Cultura acerca da exposi\u00e7\u00e3o sobre Fernando Namora no Museu do Neo-Realismo: \u201cAqui descobrem-se perspectivas ou detalhes e dados novos\u201d | Infocul.pt - Arquivo Digital\" \/>\n<meta property=\"og:description\" content=\"Ministra da Cultura acerca da exposi\u00e7\u00e3o sobre Fernando Namora no Museu do Neo-Realismo: \u201cAqui descobrem-se perspectivas ou detalhes e dados novos\u201d | Infocul.pt - Arquivo Digital\" \/>\n<meta property=\"og:url\" content=\"https:\/\/infocul.pt\/arquivo\/cultura\/ministra-da-cultura-acerca-da-exposicao-sobre-fernando-namora-no-museu-do-neo-realismo-aqui-descobrem-se-perspectivas-ou-detalhes-e-dados-novos\/\" \/>\n<meta property=\"og:site_name\" content=\"Infocul.pt - Arquivo Digital\" \/>\n<meta property=\"article:publisher\" content=\"https:\/\/www.facebook.com\/Infocul-147816815585015\/\" \/>\n<meta property=\"article:published_time\" content=\"2019-10-26T11:42:54+00:00\" \/>\n<meta property=\"article:modified_time\" content=\"2019-10-26T11:48:17+00:00\" \/>\n<meta property=\"og:image\" content=\"https:\/\/infocul.pt\/arquivo\/wp-content\/uploads\/2019\/10\/IMG_20191025_171146-1024x768.jpg\" \/>\n\t<meta property=\"og:image:width\" content=\"1024\" \/>\n\t<meta property=\"og:image:height\" content=\"768\" \/>\n\t<meta property=\"og:image:type\" content=\"image\/jpeg\" \/>\n<meta name=\"author\" content=\"Rui Lavrador\" \/>\n<meta name=\"twitter:card\" content=\"summary_large_image\" \/>\n<meta name=\"twitter:creator\" content=\"@Infoculpt\" \/>\n<meta name=\"twitter:site\" content=\"@Infoculpt\" \/>\n<meta name=\"twitter:label1\" content=\"Escrito por\" \/>\n\t<meta name=\"twitter:data1\" content=\"Rui Lavrador\" \/>\n\t<meta name=\"twitter:label2\" content=\"Tempo estimado de leitura\" \/>\n\t<meta name=\"twitter:data2\" content=\"4 minutos\" \/>\n<script type=\"application\/ld+json\" class=\"yoast-schema-graph\">{\"@context\":\"https:\\\/\\\/schema.org\",\"@graph\":[{\"@type\":\"Article\",\"@id\":\"https:\\\/\\\/infocul.pt\\\/arquivo\\\/cultura\\\/ministra-da-cultura-acerca-da-exposicao-sobre-fernando-namora-no-museu-do-neo-realismo-aqui-descobrem-se-perspectivas-ou-detalhes-e-dados-novos\\\/#article\",\"isPartOf\":{\"@id\":\"https:\\\/\\\/infocul.pt\\\/arquivo\\\/cultura\\\/ministra-da-cultura-acerca-da-exposicao-sobre-fernando-namora-no-museu-do-neo-realismo-aqui-descobrem-se-perspectivas-ou-detalhes-e-dados-novos\\\/\"},\"author\":{\"name\":\"Rui Lavrador\",\"@id\":\"https:\\\/\\\/infocul.pt\\\/arquivo\\\/#\\\/schema\\\/person\\\/060a108d7f2d85fc6aae505119ee5234\"},\"headline\":\"Ministra da Cultura acerca da exposi\u00e7\u00e3o sobre Fernando Namora no Museu do Neo-Realismo: \u201cAqui descobrem-se perspectivas ou detalhes e dados novos\u201d\",\"datePublished\":\"2019-10-26T11:42:54+00:00\",\"dateModified\":\"2019-10-26T11:48:17+00:00\",\"mainEntityOfPage\":{\"@id\":\"https:\\\/\\\/infocul.pt\\\/arquivo\\\/cultura\\\/ministra-da-cultura-acerca-da-exposicao-sobre-fernando-namora-no-museu-do-neo-realismo-aqui-descobrem-se-perspectivas-ou-detalhes-e-dados-novos\\\/\"},\"wordCount\":758,\"commentCount\":0,\"publisher\":{\"@id\":\"https:\\\/\\\/infocul.pt\\\/arquivo\\\/#organization\"},\"image\":{\"@id\":\"https:\\\/\\\/infocul.pt\\\/arquivo\\\/cultura\\\/ministra-da-cultura-acerca-da-exposicao-sobre-fernando-namora-no-museu-do-neo-realismo-aqui-descobrem-se-perspectivas-ou-detalhes-e-dados-novos\\\/#primaryimage\"},\"thumbnailUrl\":\"https:\\\/\\\/infocul.pt\\\/arquivo\\\/wp-content\\\/uploads\\\/2019\\\/10\\\/IMG_20191025_171146.jpg\",\"keywords\":[\"Fernando Namora\",\"Gra\u00e7a Fonseca\",\"Museu do Neo-Realismo\",\"Vila Franca de Xira\"],\"articleSection\":[\"Cultura\",\"Destaque\",\"Livros\",\"Outros\",\"Reportagens\"],\"inLanguage\":\"pt-PT\"},{\"@type\":\"WebPage\",\"@id\":\"https:\\\/\\\/infocul.pt\\\/arquivo\\\/cultura\\\/ministra-da-cultura-acerca-da-exposicao-sobre-fernando-namora-no-museu-do-neo-realismo-aqui-descobrem-se-perspectivas-ou-detalhes-e-dados-novos\\\/\",\"url\":\"https:\\\/\\\/infocul.pt\\\/arquivo\\\/cultura\\\/ministra-da-cultura-acerca-da-exposicao-sobre-fernando-namora-no-museu-do-neo-realismo-aqui-descobrem-se-perspectivas-ou-detalhes-e-dados-novos\\\/\",\"name\":\"Ministra da Cultura acerca da exposi\u00e7\u00e3o sobre Fernando Namora no Museu do Neo-Realismo: \u201cAqui descobrem-se perspectivas ou detalhes e dados novos\u201d | Infocul.pt - Arquivo Digital\",\"isPartOf\":{\"@id\":\"https:\\\/\\\/infocul.pt\\\/arquivo\\\/#website\"},\"primaryImageOfPage\":{\"@id\":\"https:\\\/\\\/infocul.pt\\\/arquivo\\\/cultura\\\/ministra-da-cultura-acerca-da-exposicao-sobre-fernando-namora-no-museu-do-neo-realismo-aqui-descobrem-se-perspectivas-ou-detalhes-e-dados-novos\\\/#primaryimage\"},\"image\":{\"@id\":\"https:\\\/\\\/infocul.pt\\\/arquivo\\\/cultura\\\/ministra-da-cultura-acerca-da-exposicao-sobre-fernando-namora-no-museu-do-neo-realismo-aqui-descobrem-se-perspectivas-ou-detalhes-e-dados-novos\\\/#primaryimage\"},\"thumbnailUrl\":\"https:\\\/\\\/infocul.pt\\\/arquivo\\\/wp-content\\\/uploads\\\/2019\\\/10\\\/IMG_20191025_171146.jpg\",\"datePublished\":\"2019-10-26T11:42:54+00:00\",\"dateModified\":\"2019-10-26T11:48:17+00:00\",\"description\":\"Ministra da Cultura acerca da exposi\u00e7\u00e3o sobre Fernando Namora no Museu do Neo-Realismo: \u201cAqui descobrem-se perspectivas ou detalhes e dados novos\u201d | Infocul.pt - Arquivo Digital\",\"breadcrumb\":{\"@id\":\"https:\\\/\\\/infocul.pt\\\/arquivo\\\/cultura\\\/ministra-da-cultura-acerca-da-exposicao-sobre-fernando-namora-no-museu-do-neo-realismo-aqui-descobrem-se-perspectivas-ou-detalhes-e-dados-novos\\\/#breadcrumb\"},\"inLanguage\":\"pt-PT\",\"potentialAction\":[{\"@type\":\"ReadAction\",\"target\":[\"https:\\\/\\\/infocul.pt\\\/arquivo\\\/cultura\\\/ministra-da-cultura-acerca-da-exposicao-sobre-fernando-namora-no-museu-do-neo-realismo-aqui-descobrem-se-perspectivas-ou-detalhes-e-dados-novos\\\/\"]}]},{\"@type\":\"ImageObject\",\"inLanguage\":\"pt-PT\",\"@id\":\"https:\\\/\\\/infocul.pt\\\/arquivo\\\/cultura\\\/ministra-da-cultura-acerca-da-exposicao-sobre-fernando-namora-no-museu-do-neo-realismo-aqui-descobrem-se-perspectivas-ou-detalhes-e-dados-novos\\\/#primaryimage\",\"url\":\"https:\\\/\\\/infocul.pt\\\/arquivo\\\/wp-content\\\/uploads\\\/2019\\\/10\\\/IMG_20191025_171146.jpg\",\"contentUrl\":\"https:\\\/\\\/infocul.pt\\\/arquivo\\\/wp-content\\\/uploads\\\/2019\\\/10\\\/IMG_20191025_171146.jpg\",\"width\":5120,\"height\":3840,\"caption\":\"dav\"},{\"@type\":\"BreadcrumbList\",\"@id\":\"https:\\\/\\\/infocul.pt\\\/arquivo\\\/cultura\\\/ministra-da-cultura-acerca-da-exposicao-sobre-fernando-namora-no-museu-do-neo-realismo-aqui-descobrem-se-perspectivas-ou-detalhes-e-dados-novos\\\/#breadcrumb\",\"itemListElement\":[{\"@type\":\"ListItem\",\"position\":1,\"name\":\"Home\",\"item\":\"https:\\\/\\\/infocul.pt\\\/arquivo\\\/\"},{\"@type\":\"ListItem\",\"position\":2,\"name\":\"Ministra da Cultura acerca da exposi\u00e7\u00e3o sobre Fernando Namora no Museu do Neo-Realismo: \u201cAqui descobrem-se perspectivas ou detalhes e dados novos\u201d\"}]},{\"@type\":\"WebSite\",\"@id\":\"https:\\\/\\\/infocul.pt\\\/arquivo\\\/#website\",\"url\":\"https:\\\/\\\/infocul.pt\\\/arquivo\\\/\",\"name\":\"Infocul.pt - Arquivo Digital\",\"description\":\"Arquivo digital da Infocul.pt\",\"publisher\":{\"@id\":\"https:\\\/\\\/infocul.pt\\\/arquivo\\\/#organization\"},\"potentialAction\":[{\"@type\":\"SearchAction\",\"target\":{\"@type\":\"EntryPoint\",\"urlTemplate\":\"https:\\\/\\\/infocul.pt\\\/arquivo\\\/?s={search_term_string}\"},\"query-input\":{\"@type\":\"PropertyValueSpecification\",\"valueRequired\":true,\"valueName\":\"search_term_string\"}}],\"inLanguage\":\"pt-PT\"},{\"@type\":\"Organization\",\"@id\":\"https:\\\/\\\/infocul.pt\\\/arquivo\\\/#organization\",\"name\":\"Infocul.pt\",\"url\":\"https:\\\/\\\/infocul.pt\\\/arquivo\\\/\",\"logo\":{\"@type\":\"ImageObject\",\"inLanguage\":\"pt-PT\",\"@id\":\"https:\\\/\\\/infocul.pt\\\/arquivo\\\/#\\\/schema\\\/logo\\\/image\\\/\",\"url\":\"https:\\\/\\\/infocul.pt\\\/arquivo\\\/wp-content\\\/uploads\\\/2018\\\/12\\\/Infocul_logo-1.png\",\"contentUrl\":\"https:\\\/\\\/infocul.pt\\\/arquivo\\\/wp-content\\\/uploads\\\/2018\\\/12\\\/Infocul_logo-1.png\",\"width\":800,\"height\":800,\"caption\":\"Infocul.pt\"},\"image\":{\"@id\":\"https:\\\/\\\/infocul.pt\\\/arquivo\\\/#\\\/schema\\\/logo\\\/image\\\/\"},\"sameAs\":[\"https:\\\/\\\/www.facebook.com\\\/Infocul-147816815585015\\\/\",\"https:\\\/\\\/x.com\\\/Infoculpt\",\"http:\\\/\\\/www.pictaram.com\\\/user\\\/infocul.pt\\\/2370423710\",\"https:\\\/\\\/www.youtube.com\\\/channel\\\/UCYEB91AGI9FL9ek2i_IaQAA\"]},{\"@type\":\"Person\",\"@id\":\"https:\\\/\\\/infocul.pt\\\/arquivo\\\/#\\\/schema\\\/person\\\/060a108d7f2d85fc6aae505119ee5234\",\"name\":\"Rui Lavrador\",\"image\":{\"@type\":\"ImageObject\",\"inLanguage\":\"pt-PT\",\"@id\":\"https:\\\/\\\/secure.gravatar.com\\\/avatar\\\/93febd6873394aa8e975148548a0cb203acfdd42d2c85c5f1408e1a76678aece?s=96&d=mm&r=g\",\"url\":\"https:\\\/\\\/secure.gravatar.com\\\/avatar\\\/93febd6873394aa8e975148548a0cb203acfdd42d2c85c5f1408e1a76678aece?s=96&d=mm&r=g\",\"contentUrl\":\"https:\\\/\\\/secure.gravatar.com\\\/avatar\\\/93febd6873394aa8e975148548a0cb203acfdd42d2c85c5f1408e1a76678aece?s=96&d=mm&r=g\",\"caption\":\"Rui Lavrador\"},\"description\":\"Iniciou em 2011 o seu percurso em comunica\u00e7\u00e3o social, tendo integrado v\u00e1rios projectos editoriais. Durante o seu percurso integrou projectos como Jornal Hardm\u00fasica, LusoNot\u00edcias, Toureio.pt, ODigital.pt, entre outros \u00d3rg\u00e3os de Comunica\u00e7\u00e3o Social nacionais, na redac\u00e7\u00e3o de v\u00e1rios artigos. Entrevistou a grande maioria das personalidades mais importantes da vida social e cultural do pa\u00eds, destacando-se, tamb\u00e9m, na aprecia\u00e7\u00e3o de v\u00e1rios espect\u00e1culos. Durante o seu percurso, deu a conhecer v\u00e1rios artistas, at\u00e9 ent\u00e3o desconhecidos, ao grande p\u00fablico. Em 2015 criou e fundou o Infocul.pt, projecto no qual assume a direc\u00e7\u00e3o editorial.\",\"sameAs\":[\"http:\\\/\\\/www.infocul.pt\"]}]}<\/script>\n<!-- \/ Yoast SEO plugin. -->","yoast_head_json":{"title":"Ministra da Cultura acerca da exposi\u00e7\u00e3o sobre Fernando Namora no Museu do Neo-Realismo: \u201cAqui descobrem-se perspectivas ou detalhes e dados novos\u201d | Infocul.pt - Arquivo Digital","description":"Ministra da Cultura acerca da exposi\u00e7\u00e3o sobre Fernando Namora no Museu do Neo-Realismo: \u201cAqui descobrem-se perspectivas ou detalhes e dados novos\u201d | Infocul.pt - Arquivo Digital","robots":{"index":"noindex","follow":"follow","max-snippet":"max-snippet:-1","max-image-preview":"max-image-preview:large","max-video-preview":"max-video-preview:-1"},"og_locale":"pt_PT","og_type":"article","og_title":"Ministra da Cultura acerca da exposi\u00e7\u00e3o sobre Fernando Namora no Museu do Neo-Realismo: \u201cAqui descobrem-se perspectivas ou detalhes e dados novos\u201d | Infocul.pt - Arquivo Digital","og_description":"Ministra da Cultura acerca da exposi\u00e7\u00e3o sobre Fernando Namora no Museu do Neo-Realismo: \u201cAqui descobrem-se perspectivas ou detalhes e dados novos\u201d | Infocul.pt - Arquivo Digital","og_url":"https:\/\/infocul.pt\/arquivo\/cultura\/ministra-da-cultura-acerca-da-exposicao-sobre-fernando-namora-no-museu-do-neo-realismo-aqui-descobrem-se-perspectivas-ou-detalhes-e-dados-novos\/","og_site_name":"Infocul.pt - Arquivo Digital","article_publisher":"https:\/\/www.facebook.com\/Infocul-147816815585015\/","article_published_time":"2019-10-26T11:42:54+00:00","article_modified_time":"2019-10-26T11:48:17+00:00","og_image":[{"width":1024,"height":768,"url":"https:\/\/infocul.pt\/arquivo\/wp-content\/uploads\/2019\/10\/IMG_20191025_171146-1024x768.jpg","type":"image\/jpeg"}],"author":"Rui Lavrador","twitter_card":"summary_large_image","twitter_creator":"@Infoculpt","twitter_site":"@Infoculpt","twitter_misc":{"Escrito por":"Rui Lavrador","Tempo estimado de leitura":"4 minutos"},"schema":{"@context":"https:\/\/schema.org","@graph":[{"@type":"Article","@id":"https:\/\/infocul.pt\/arquivo\/cultura\/ministra-da-cultura-acerca-da-exposicao-sobre-fernando-namora-no-museu-do-neo-realismo-aqui-descobrem-se-perspectivas-ou-detalhes-e-dados-novos\/#article","isPartOf":{"@id":"https:\/\/infocul.pt\/arquivo\/cultura\/ministra-da-cultura-acerca-da-exposicao-sobre-fernando-namora-no-museu-do-neo-realismo-aqui-descobrem-se-perspectivas-ou-detalhes-e-dados-novos\/"},"author":{"name":"Rui Lavrador","@id":"https:\/\/infocul.pt\/arquivo\/#\/schema\/person\/060a108d7f2d85fc6aae505119ee5234"},"headline":"Ministra da Cultura acerca da exposi\u00e7\u00e3o sobre Fernando Namora no Museu do Neo-Realismo: \u201cAqui descobrem-se perspectivas ou detalhes e dados novos\u201d","datePublished":"2019-10-26T11:42:54+00:00","dateModified":"2019-10-26T11:48:17+00:00","mainEntityOfPage":{"@id":"https:\/\/infocul.pt\/arquivo\/cultura\/ministra-da-cultura-acerca-da-exposicao-sobre-fernando-namora-no-museu-do-neo-realismo-aqui-descobrem-se-perspectivas-ou-detalhes-e-dados-novos\/"},"wordCount":758,"commentCount":0,"publisher":{"@id":"https:\/\/infocul.pt\/arquivo\/#organization"},"image":{"@id":"https:\/\/infocul.pt\/arquivo\/cultura\/ministra-da-cultura-acerca-da-exposicao-sobre-fernando-namora-no-museu-do-neo-realismo-aqui-descobrem-se-perspectivas-ou-detalhes-e-dados-novos\/#primaryimage"},"thumbnailUrl":"https:\/\/infocul.pt\/arquivo\/wp-content\/uploads\/2019\/10\/IMG_20191025_171146.jpg","keywords":["Fernando Namora","Gra\u00e7a Fonseca","Museu do Neo-Realismo","Vila Franca de Xira"],"articleSection":["Cultura","Destaque","Livros","Outros","Reportagens"],"inLanguage":"pt-PT"},{"@type":"WebPage","@id":"https:\/\/infocul.pt\/arquivo\/cultura\/ministra-da-cultura-acerca-da-exposicao-sobre-fernando-namora-no-museu-do-neo-realismo-aqui-descobrem-se-perspectivas-ou-detalhes-e-dados-novos\/","url":"https:\/\/infocul.pt\/arquivo\/cultura\/ministra-da-cultura-acerca-da-exposicao-sobre-fernando-namora-no-museu-do-neo-realismo-aqui-descobrem-se-perspectivas-ou-detalhes-e-dados-novos\/","name":"Ministra da Cultura acerca da exposi\u00e7\u00e3o sobre Fernando Namora no Museu do Neo-Realismo: \u201cAqui descobrem-se perspectivas ou detalhes e dados novos\u201d | Infocul.pt - Arquivo Digital","isPartOf":{"@id":"https:\/\/infocul.pt\/arquivo\/#website"},"primaryImageOfPage":{"@id":"https:\/\/infocul.pt\/arquivo\/cultura\/ministra-da-cultura-acerca-da-exposicao-sobre-fernando-namora-no-museu-do-neo-realismo-aqui-descobrem-se-perspectivas-ou-detalhes-e-dados-novos\/#primaryimage"},"image":{"@id":"https:\/\/infocul.pt\/arquivo\/cultura\/ministra-da-cultura-acerca-da-exposicao-sobre-fernando-namora-no-museu-do-neo-realismo-aqui-descobrem-se-perspectivas-ou-detalhes-e-dados-novos\/#primaryimage"},"thumbnailUrl":"https:\/\/infocul.pt\/arquivo\/wp-content\/uploads\/2019\/10\/IMG_20191025_171146.jpg","datePublished":"2019-10-26T11:42:54+00:00","dateModified":"2019-10-26T11:48:17+00:00","description":"Ministra da Cultura acerca da exposi\u00e7\u00e3o sobre Fernando Namora no Museu do Neo-Realismo: \u201cAqui descobrem-se perspectivas ou detalhes e dados novos\u201d | Infocul.pt - Arquivo Digital","breadcrumb":{"@id":"https:\/\/infocul.pt\/arquivo\/cultura\/ministra-da-cultura-acerca-da-exposicao-sobre-fernando-namora-no-museu-do-neo-realismo-aqui-descobrem-se-perspectivas-ou-detalhes-e-dados-novos\/#breadcrumb"},"inLanguage":"pt-PT","potentialAction":[{"@type":"ReadAction","target":["https:\/\/infocul.pt\/arquivo\/cultura\/ministra-da-cultura-acerca-da-exposicao-sobre-fernando-namora-no-museu-do-neo-realismo-aqui-descobrem-se-perspectivas-ou-detalhes-e-dados-novos\/"]}]},{"@type":"ImageObject","inLanguage":"pt-PT","@id":"https:\/\/infocul.pt\/arquivo\/cultura\/ministra-da-cultura-acerca-da-exposicao-sobre-fernando-namora-no-museu-do-neo-realismo-aqui-descobrem-se-perspectivas-ou-detalhes-e-dados-novos\/#primaryimage","url":"https:\/\/infocul.pt\/arquivo\/wp-content\/uploads\/2019\/10\/IMG_20191025_171146.jpg","contentUrl":"https:\/\/infocul.pt\/arquivo\/wp-content\/uploads\/2019\/10\/IMG_20191025_171146.jpg","width":5120,"height":3840,"caption":"dav"},{"@type":"BreadcrumbList","@id":"https:\/\/infocul.pt\/arquivo\/cultura\/ministra-da-cultura-acerca-da-exposicao-sobre-fernando-namora-no-museu-do-neo-realismo-aqui-descobrem-se-perspectivas-ou-detalhes-e-dados-novos\/#breadcrumb","itemListElement":[{"@type":"ListItem","position":1,"name":"Home","item":"https:\/\/infocul.pt\/arquivo\/"},{"@type":"ListItem","position":2,"name":"Ministra da Cultura acerca da exposi\u00e7\u00e3o sobre Fernando Namora no Museu do Neo-Realismo: \u201cAqui descobrem-se perspectivas ou detalhes e dados novos\u201d"}]},{"@type":"WebSite","@id":"https:\/\/infocul.pt\/arquivo\/#website","url":"https:\/\/infocul.pt\/arquivo\/","name":"Infocul.pt - Arquivo Digital","description":"Arquivo digital da Infocul.pt","publisher":{"@id":"https:\/\/infocul.pt\/arquivo\/#organization"},"potentialAction":[{"@type":"SearchAction","target":{"@type":"EntryPoint","urlTemplate":"https:\/\/infocul.pt\/arquivo\/?s={search_term_string}"},"query-input":{"@type":"PropertyValueSpecification","valueRequired":true,"valueName":"search_term_string"}}],"inLanguage":"pt-PT"},{"@type":"Organization","@id":"https:\/\/infocul.pt\/arquivo\/#organization","name":"Infocul.pt","url":"https:\/\/infocul.pt\/arquivo\/","logo":{"@type":"ImageObject","inLanguage":"pt-PT","@id":"https:\/\/infocul.pt\/arquivo\/#\/schema\/logo\/image\/","url":"https:\/\/infocul.pt\/arquivo\/wp-content\/uploads\/2018\/12\/Infocul_logo-1.png","contentUrl":"https:\/\/infocul.pt\/arquivo\/wp-content\/uploads\/2018\/12\/Infocul_logo-1.png","width":800,"height":800,"caption":"Infocul.pt"},"image":{"@id":"https:\/\/infocul.pt\/arquivo\/#\/schema\/logo\/image\/"},"sameAs":["https:\/\/www.facebook.com\/Infocul-147816815585015\/","https:\/\/x.com\/Infoculpt","http:\/\/www.pictaram.com\/user\/infocul.pt\/2370423710","https:\/\/www.youtube.com\/channel\/UCYEB91AGI9FL9ek2i_IaQAA"]},{"@type":"Person","@id":"https:\/\/infocul.pt\/arquivo\/#\/schema\/person\/060a108d7f2d85fc6aae505119ee5234","name":"Rui Lavrador","image":{"@type":"ImageObject","inLanguage":"pt-PT","@id":"https:\/\/secure.gravatar.com\/avatar\/93febd6873394aa8e975148548a0cb203acfdd42d2c85c5f1408e1a76678aece?s=96&d=mm&r=g","url":"https:\/\/secure.gravatar.com\/avatar\/93febd6873394aa8e975148548a0cb203acfdd42d2c85c5f1408e1a76678aece?s=96&d=mm&r=g","contentUrl":"https:\/\/secure.gravatar.com\/avatar\/93febd6873394aa8e975148548a0cb203acfdd42d2c85c5f1408e1a76678aece?s=96&d=mm&r=g","caption":"Rui Lavrador"},"description":"Iniciou em 2011 o seu percurso em comunica\u00e7\u00e3o social, tendo integrado v\u00e1rios projectos editoriais. Durante o seu percurso integrou projectos como Jornal Hardm\u00fasica, LusoNot\u00edcias, Toureio.pt, ODigital.pt, entre outros \u00d3rg\u00e3os de Comunica\u00e7\u00e3o Social nacionais, na redac\u00e7\u00e3o de v\u00e1rios artigos. Entrevistou a grande maioria das personalidades mais importantes da vida social e cultural do pa\u00eds, destacando-se, tamb\u00e9m, na aprecia\u00e7\u00e3o de v\u00e1rios espect\u00e1culos. Durante o seu percurso, deu a conhecer v\u00e1rios artistas, at\u00e9 ent\u00e3o desconhecidos, ao grande p\u00fablico. Em 2015 criou e fundou o Infocul.pt, projecto no qual assume a direc\u00e7\u00e3o editorial.","sameAs":["http:\/\/www.infocul.pt"]}]}},"_links":{"self":[{"href":"https:\/\/infocul.pt\/arquivo\/wp-json\/wp\/v2\/posts\/61479","targetHints":{"allow":["GET"]}}],"collection":[{"href":"https:\/\/infocul.pt\/arquivo\/wp-json\/wp\/v2\/posts"}],"about":[{"href":"https:\/\/infocul.pt\/arquivo\/wp-json\/wp\/v2\/types\/post"}],"author":[{"embeddable":true,"href":"https:\/\/infocul.pt\/arquivo\/wp-json\/wp\/v2\/users\/2"}],"replies":[{"embeddable":true,"href":"https:\/\/infocul.pt\/arquivo\/wp-json\/wp\/v2\/comments?post=61479"}],"version-history":[{"count":0,"href":"https:\/\/infocul.pt\/arquivo\/wp-json\/wp\/v2\/posts\/61479\/revisions"}],"wp:featuredmedia":[{"embeddable":true,"href":"https:\/\/infocul.pt\/arquivo\/wp-json\/wp\/v2\/media\/61480"}],"wp:attachment":[{"href":"https:\/\/infocul.pt\/arquivo\/wp-json\/wp\/v2\/media?parent=61479"}],"wp:term":[{"taxonomy":"category","embeddable":true,"href":"https:\/\/infocul.pt\/arquivo\/wp-json\/wp\/v2\/categories?post=61479"},{"taxonomy":"post_tag","embeddable":true,"href":"https:\/\/infocul.pt\/arquivo\/wp-json\/wp\/v2\/tags?post=61479"}],"curies":[{"name":"wp","href":"https:\/\/api.w.org\/{rel}","templated":true}]}}