{"id":61597,"date":"2019-10-29T15:59:16","date_gmt":"2019-10-29T15:59:16","guid":{"rendered":"https:\/\/infocul.pt\/?p=61597"},"modified":"2019-10-29T16:06:13","modified_gmt":"2019-10-29T16:06:13","slug":"coruche-recebe-festival-de-balonismo-e-quer-provar-que-somos-um-territorio-dinamico-e-com-capacidade-para-acolher-visitantes-e-tambem-investidores-c-som","status":"publish","type":"post","link":"https:\/\/infocul.pt\/arquivo\/actualidade\/coruche-recebe-festival-de-balonismo-e-quer-provar-que-somos-um-territorio-dinamico-e-com-capacidade-para-acolher-visitantes-e-tambem-investidores-c-som\/","title":{"rendered":"Coruche recebe Festival de Balonismo e quer &#8220;provar que somos um territ\u00f3rio din\u00e2mico e com capacidade para acolher visitantes e tamb\u00e9m investidores&#8221; (C\/Som)"},"content":{"rendered":"<p><img decoding=\"async\" class=\"aligncenter wp-image-61598 size-large lazyload\" data-src=\"https:\/\/infocul.pt\/arquivo\/wp-content\/uploads\/2019\/10\/IMG_20191029_073147-1024x768.jpg\" alt=\"\" width=\"800\" height=\"600\" data-srcset=\"https:\/\/infocul.pt\/arquivo\/wp-content\/uploads\/2019\/10\/IMG_20191029_073147-1024x768.jpg 1024w, https:\/\/infocul.pt\/arquivo\/wp-content\/uploads\/2019\/10\/IMG_20191029_073147-300x225.jpg 300w, https:\/\/infocul.pt\/arquivo\/wp-content\/uploads\/2019\/10\/IMG_20191029_073147-768x576.jpg 768w\" data-sizes=\"(max-width: 800px) 100vw, 800px\" src=\"data:image\/svg+xml;base64,PHN2ZyB3aWR0aD0iMSIgaGVpZ2h0PSIxIiB4bWxucz0iaHR0cDovL3d3dy53My5vcmcvMjAwMC9zdmciPjwvc3ZnPg==\" style=\"--smush-placeholder-width: 800px; --smush-placeholder-aspect-ratio: 800\/600;\" \/><\/p>\n<p>&nbsp;<\/p>\n<p><span style=\"font-family: Liberation Serif, serif;\"><span style=\"font-size: medium;\"><span lang=\"pt-PT\">Come\u00e7<\/span><span lang=\"pt-PT\">ou hoje<\/span><span lang=\"pt-PT\">, e prolongar-se-\u00e1 at\u00e9 dia 3 de Novembro (oficialmente de 1 a 3 de Novembro), o <a href=\"https:\/\/infocul.pt\/arquivo\/actualidade\/flutuar-festival-internacional-de-balonismo-de-coruche-esta-de-regresso-e-apresenta-novidades\/\" target=\"_blank\" rel=\"noopener noreferrer\">Flutuar- Festival Internacional de Balonismo de Coruche<\/a>.<\/span><\/span><\/span><!--more--><\/p>\n<p><span style=\"font-family: Liberation Serif, serif;\"><span style=\"font-size: medium;\"><span lang=\"pt-PT\">Este ano, com novo patrocinador, o festival conta com mais de 30 bal\u00f5es, <\/span><span lang=\"pt-PT\">33 no total,<\/span><span lang=\"pt-PT\"> e como grande destaque apresentou, hoje, o maior bal\u00e3o de ar quente do mundo com capacidade para 34 pessoas, tendo mais de 40 metros de altura.<\/span><\/span><\/span><\/p>\n<p><span style=\"font-family: Liberation Serif, serif;\"><span style=\"font-size: medium;\"><span lang=\"pt-PT\">Al\u00e9m do mega bal\u00e3o, destaque para um com o rosto de Van Gogh, al\u00e9m de outros que s\u00e3o verdadeiras obras de arte e que prometem captar olhares de mi\u00fados e gra\u00fados para o c\u00e9u coruchense.<\/span><\/span><\/span><\/p>\n<p><span style=\"font-family: Liberation Serif, serif;\"><span style=\"font-size: medium;\"><span lang=\"pt-PT\">Este \u00e9 um dos v\u00e9rtices do tri\u00e2ngulo ao n\u00edvel de certames que decorre em Coruche, juntando-se , assim, \u00e0<\/span><span lang=\"pt-PT\">s Jornadas de Gastronomia<\/span><span lang=\"pt-PT\"> e \u00e0 Feira do Livro<\/span><\/span><\/span><\/p>\n<p><span style=\"font-family: Liberation Serif, serif;\"><span style=\"font-size: medium;\"><span lang=\"pt-PT\">As condi\u00e7\u00f5es meteorol\u00f3gicas n\u00e3o permitiram o voo que estavam previsto, podendo apenas ver-se os bal\u00f5es hasteados. A n\u00e3o realiza\u00e7\u00e3o do voo deveu-se a condi\u00e7\u00f5es de seguran\u00e7a, algo que \u00e9 privilegiado pela organiza\u00e7\u00e3o.<\/span><\/span><\/span><\/p>\n<p><span style=\"font-family: Liberation Serif, serif;\"><span style=\"font-size: medium;\"><span lang=\"pt-PT\">A organiza\u00e7\u00e3o promete que de 1 a 3 de Novembro, Coruche ter\u00e1 \u201c<\/span><\/span><\/span><span style=\"color: #000000;\"><span style=\"font-family: Liberation Serif, serif;\"><span style=\"font-size: medium;\"><span lang=\"pt-PT\"><b>gastronomia tradicional, feiras do livro e artesanato, uma exposi\u00e7\u00e3o de constru\u00e7\u00f5es com pe\u00e7as Lego, Street Food Fest, anima\u00e7\u00e3o de rua e street art, insufl\u00e1veis, uma caminhada, concentra\u00e7\u00e3o e passeio de viaturas cl\u00e1ssicas ou o j\u00e1 esperado espet\u00e1culo de luz e m\u00fasica eletr\u00f3nica Night Glow<\/b><\/span><\/span><\/span><\/span><span style=\"color: #000000;\"><span style=\"font-family: Liberation Serif, serif;\"><span style=\"font-size: medium;\"><span lang=\"pt-PT\">\u201d<\/span><\/span><\/span><\/span><\/p>\n<style id=\"bwg-style-0\">    #bwg_container1_0 #bwg_container2_0 .bwg-container-0.bwg-standard-thumbnails {      width: 1252px;              justify-content: center;        margin:0 auto !important;              background-color: rgba(255, 255, 255, 0.00);            padding-left: 2px;      padding-top: 2px;      max-width: 100%;            }        #bwg_container1_0 #bwg_container2_0 .bwg-container-0.bwg-standard-thumbnails .bwg-item {    justify-content: flex-start;      max-width: 250px;          }    #bwg_container1_0 #bwg_container2_0 .bwg-container-0.bwg-standard-thumbnails .bwg-item a {       margin-right: 2px;       margin-bottom: 2px;    }    #bwg_container1_0 #bwg_container2_0 .bwg-container-0.bwg-standard-thumbnails .bwg-item0 {      padding: 0px;            background-color:rgba(255,255,255, 0.30);      border: 0px none #CCCCCC;      opacity: 1.00;      border-radius: 0;      box-shadow: ;    }    #bwg_container1_0 #bwg_container2_0 .bwg-container-0.bwg-standard-thumbnails .bwg-item1 img {      max-height: none;      max-width: none;      padding: 0 !important;    }        @media only screen and (min-width: 480px) {      #bwg_container1_0 #bwg_container2_0 .bwg-container-0.bwg-standard-thumbnails .bwg-item0 {        transition: all 0.3s ease 0s;-webkit-transition: all 0.3s ease 0s;      }      #bwg_container1_0 #bwg_container2_0 .bwg-container-0.bwg-standard-thumbnails .bwg-item0:hover {        -ms-transform: scale(1.08);        -webkit-transform: scale(1.08);        transform: scale(1.08);      }    }          #bwg_container1_0 #bwg_container2_0 .bwg-container-0.bwg-standard-thumbnails .bwg-item1 {      padding-top: 56%;    }        #bwg_container1_0 #bwg_container2_0 .bwg-container-0.bwg-standard-thumbnails .bwg-title1 {      position: absolute;      top: 0;      z-index: 100;      width: 100%;      height: 100%;      display: flex;      justify-content: center;      align-content: center;      flex-direction: column;      opacity: 0;    }\t      #bwg_container1_0 #bwg_container2_0 .bwg-container-0.bwg-standard-thumbnails .bwg-title2,    #bwg_container1_0 #bwg_container2_0 .bwg-container-0.bwg-standard-thumbnails .bwg-ecommerce2 {      color: #FFFFFF;      font-family: Ubuntu;      font-size: 16px;      font-weight: bold;      padding: 2px;      text-shadow: 0px 0px 0px #888888;      max-height: 100%;    }    #bwg_container1_0 #bwg_container2_0 .bwg-container-0.bwg-standard-thumbnails .bwg-thumb-description span {    color: #323A45;    font-family: Ubuntu;    font-size: 12px;    max-height: 100%;    word-wrap: break-word;    }    #bwg_container1_0 #bwg_container2_0 .bwg-container-0.bwg-standard-thumbnails .bwg-play-icon2 {      font-size: 32px;    }    #bwg_container1_0 #bwg_container2_0 .bwg-container-0.bwg-standard-thumbnails .bwg-ecommerce2 {      font-size: 19.2px;      color: #CCCCCC;    }    <\/style>    <div id=\"bwg_container1_0\"         class=\"bwg_container bwg_thumbnail bwg_thumbnails \"         data-right-click-protection=\"0\"         data-bwg=\"0\"         data-scroll=\"0\"         data-gallery-type=\"thumbnails\"         data-gallery-view-type=\"thumbnails\"         data-current-url=\"\/arquivo\/wp-json\/wp\/v2\/posts\/61597\"         data-lightbox-url=\"https:\/\/infocul.pt\/arquivo\/wp-admin\/admin-ajax.php?action=GalleryBox&#038;current_view=0&#038;gallery_id=513&#038;tag=0&#038;theme_id=1&#038;shortcode_id=1060&#038;sort_by=order&#038;order_by=asc&#038;current_url=%2Farquivo%2Fwp-json%2Fwp%2Fv2%2Fposts%2F61597\"         data-gallery-id=\"513\"         data-popup-width=\"800\"         data-popup-height=\"500\"         data-is-album=\"gallery\"         data-buttons-position=\"bottom\">      <div id=\"bwg_container2_0\">             <div id=\"ajax_loading_0\" class=\"bwg_loading_div_1\">      <div class=\"bwg_loading_div_2\">        <div class=\"bwg_loading_div_3\">          <div id=\"loading_div_0\" class=\"bwg_spider_ajax_loading\">          <\/div>        <\/div>      <\/div>    <\/div>            <form id=\"gal_front_form_0\"              class=\"bwg-hidden\"              method=\"post\"              action=\"#\"              data-current=\"0\"              data-shortcode-id=\"1060\"              data-gallery-type=\"thumbnails\"              data-gallery-id=\"513\"              data-tag=\"0\"              data-album-id=\"0\"              data-theme-id=\"1\"              data-ajax-url=\"https:\/\/infocul.pt\/arquivo\/wp-admin\/admin-ajax.php?action=bwg_frontend_data\">          <div id=\"bwg_container3_0\" class=\"bwg-background bwg-background-0\">                <div data-max-count=\"5\"         data-thumbnail-width=\"250\"         data-bwg=\"0\"         data-gallery-id=\"513\"         data-lightbox-url=\"https:\/\/infocul.pt\/arquivo\/wp-admin\/admin-ajax.php?action=GalleryBox&amp;current_view=0&amp;gallery_id=513&amp;tag=0&amp;theme_id=1&amp;shortcode_id=1060&amp;sort_by=order&amp;order_by=asc&amp;current_url=%2Farquivo%2Fwp-json%2Fwp%2Fv2%2Fposts%2F61597\"         id=\"bwg_thumbnails_0\"         class=\"bwg-container-0 bwg-thumbnails bwg-standard-thumbnails bwg-container bwg-border-box\">            <div class=\"bwg-item\">        <a class=\"bwg-a  bwg_lightbox\"  data-image-id=\"8974\" href=\"https:\/\/infocul.pt\/arquivo\/wp-content\/uploads\/photo-gallery\/IMG_20191029_070925.jpg?bwg=1572364147\" data-elementor-open-lightbox=\"no\">                <div class=\"bwg-item0 \">          <div class=\"bwg-item1 \">            <div class=\"bwg-item2\">              <img decoding=\"async\" class=\"skip-lazy bwg_standart_thumb_img_0 \"                   data-id=\"8974\"                   data-width=\"500\"                   data-height=\"375\"                   data-src=\"https:\/\/infocul.pt\/arquivo\/wp-content\/uploads\/photo-gallery\/thumb\/IMG_20191029_070925.jpg?bwg=1572364147\"                   src=\"https:\/\/infocul.pt\/arquivo\/wp-content\/uploads\/photo-gallery\/thumb\/IMG_20191029_070925.jpg?bwg=1572364147\"                   alt=\"\"                   title=\"\" \/>            <\/div>            <div class=\"\">              <div class=\"bwg-title1\"><div class=\"bwg-title2\">&nbsp;<\/div><\/div>                                        <\/div>          <\/div>        <\/div>                        <\/a>              <\/div>            <div class=\"bwg-item\">        <a class=\"bwg-a  bwg_lightbox\"  data-image-id=\"8973\" href=\"https:\/\/infocul.pt\/arquivo\/wp-content\/uploads\/photo-gallery\/IMG_20191029_071305.jpg?bwg=1572364147\" data-elementor-open-lightbox=\"no\">                <div class=\"bwg-item0 \">          <div class=\"bwg-item1 \">            <div class=\"bwg-item2\">              <img decoding=\"async\" class=\"skip-lazy bwg_standart_thumb_img_0 \"                   data-id=\"8973\"                   data-width=\"500\"                   data-height=\"375\"                   data-src=\"https:\/\/infocul.pt\/arquivo\/wp-content\/uploads\/photo-gallery\/thumb\/IMG_20191029_071305.jpg?bwg=1572364147\"                   src=\"https:\/\/infocul.pt\/arquivo\/wp-content\/uploads\/photo-gallery\/thumb\/IMG_20191029_071305.jpg?bwg=1572364147\"                   alt=\"\"                   title=\"\" \/>            <\/div>            <div class=\"\">              <div class=\"bwg-title1\"><div class=\"bwg-title2\">&nbsp;<\/div><\/div>                                        <\/div>          <\/div>        <\/div>                        <\/a>              <\/div>            <div class=\"bwg-item\">        <a class=\"bwg-a  bwg_lightbox\"  data-image-id=\"8972\" href=\"https:\/\/infocul.pt\/arquivo\/wp-content\/uploads\/photo-gallery\/IMG_20191029_080355_(1).jpg?bwg=1572364147\" data-elementor-open-lightbox=\"no\">                <div class=\"bwg-item0 \">          <div class=\"bwg-item1 \">            <div class=\"bwg-item2\">              <img decoding=\"async\" class=\"skip-lazy bwg_standart_thumb_img_0 \"                   data-id=\"8972\"                   data-width=\"500\"                   data-height=\"375\"                   data-src=\"https:\/\/infocul.pt\/arquivo\/wp-content\/uploads\/photo-gallery\/thumb\/IMG_20191029_080355_(1).jpg?bwg=1572364147\"                   src=\"https:\/\/infocul.pt\/arquivo\/wp-content\/uploads\/photo-gallery\/thumb\/IMG_20191029_080355_(1).jpg?bwg=1572364147\"                   alt=\"\"                   title=\"\" \/>            <\/div>            <div class=\"\">              <div class=\"bwg-title1\"><div class=\"bwg-title2\">&nbsp;<\/div><\/div>                                        <\/div>          <\/div>        <\/div>                        <\/a>              <\/div>            <div class=\"bwg-item\">        <a class=\"bwg-a  bwg_lightbox\"  data-image-id=\"8971\" href=\"https:\/\/infocul.pt\/arquivo\/wp-content\/uploads\/photo-gallery\/IMG_20191029_082034.jpg?bwg=1572364147\" data-elementor-open-lightbox=\"no\">                <div class=\"bwg-item0 \">          <div class=\"bwg-item1 \">            <div class=\"bwg-item2\">              <img decoding=\"async\" class=\"skip-lazy bwg_standart_thumb_img_0 \"                   data-id=\"8971\"                   data-width=\"500\"                   data-height=\"375\"                   data-src=\"https:\/\/infocul.pt\/arquivo\/wp-content\/uploads\/photo-gallery\/thumb\/IMG_20191029_082034.jpg?bwg=1572364147\"                   src=\"https:\/\/infocul.pt\/arquivo\/wp-content\/uploads\/photo-gallery\/thumb\/IMG_20191029_082034.jpg?bwg=1572364147\"                   alt=\"\"                   title=\"\" \/>            <\/div>            <div class=\"\">              <div class=\"bwg-title1\"><div class=\"bwg-title2\">&nbsp;<\/div><\/div>                                        <\/div>          <\/div>        <\/div>                        <\/a>              <\/div>            <div class=\"bwg-item\">        <a class=\"bwg-a  bwg_lightbox\"  data-image-id=\"8970\" href=\"https:\/\/infocul.pt\/arquivo\/wp-content\/uploads\/photo-gallery\/IMG_20191029_074811.jpg?bwg=1572364147\" data-elementor-open-lightbox=\"no\">                <div class=\"bwg-item0 \">          <div class=\"bwg-item1 \">            <div class=\"bwg-item2\">              <img decoding=\"async\" class=\"skip-lazy bwg_standart_thumb_img_0 \"                   data-id=\"8970\"                   data-width=\"500\"                   data-height=\"375\"                   data-src=\"https:\/\/infocul.pt\/arquivo\/wp-content\/uploads\/photo-gallery\/thumb\/IMG_20191029_074811.jpg?bwg=1572364147\"                   src=\"https:\/\/infocul.pt\/arquivo\/wp-content\/uploads\/photo-gallery\/thumb\/IMG_20191029_074811.jpg?bwg=1572364147\"                   alt=\"\"                   title=\"\" \/>            <\/div>            <div class=\"\">              <div class=\"bwg-title1\"><div class=\"bwg-title2\">&nbsp;<\/div><\/div>                                        <\/div>          <\/div>        <\/div>                        <\/a>              <\/div>          <\/div>    <style>      \/*pagination styles*\/      #bwg_container1_0 #bwg_container2_0 .tablenav-pages_0 {\t\t\t\ttext-align: center;\t\t\t\tfont-size: 12px;\t\t\t\tfont-family: segoe ui;\t\t\t\tfont-weight: bold;\t\t\t\tcolor: #666666;\t\t\t\tmargin: 6px 0 4px;\t\t\t\tdisplay: block;      }      @media only screen and (max-width : 320px) {      #bwg_container1_0 #bwg_container2_0 .displaying-num_0 {     \t display: none;      }      }      #bwg_container1_0 #bwg_container2_0 .displaying-num_0 {\t\t\t\tfont-size: 12px;\t\t\t\tfont-family: segoe ui;\t\t\t\tfont-weight: bold;\t\t\t\tcolor: #666666;\t\t\t\tmargin-right: 10px;\t\t\t\tvertical-align: middle;      }      #bwg_container1_0 #bwg_container2_0 .paging-input_0 {\t\t\t\tfont-size: 12px;\t\t\t\tfont-family: segoe ui;\t\t\t\tfont-weight: bold;\t\t\t\tcolor: #666666;\t\t\t\tvertical-align: middle;      }      #bwg_container1_0 #bwg_container2_0 .tablenav-pages_0 a.disabled,      #bwg_container1_0 #bwg_container2_0 .tablenav-pages_0 a.disabled:hover,      #bwg_container1_0 #bwg_container2_0 .tablenav-pages_0 a.disabled:focus,\t\t\t#bwg_container1_0 #bwg_container2_0 .tablenav-pages_0 input.bwg_current_page {\t\t\t\tcursor: default;\t\t\t\tcolor: rgba(102, 102, 102, 0.5);      }      #bwg_container1_0 #bwg_container2_0 .tablenav-pages_0 a,      #bwg_container1_0 #bwg_container2_0 .tablenav-pages_0 input.bwg_current_page {\t\t\t\tcursor: pointer;\t\t\t\ttext-align: center;\t\t\t\tfont-size: 12px;\t\t\t\tfont-family: segoe ui;\t\t\t\tfont-weight: bold;\t\t\t\tcolor: #666666;\t\t\t\ttext-decoration: none;\t\t\t\tpadding: 3px 6px;\t\t\t\tmargin: 0;\t\t\t\tborder-radius: 0;\t\t\t\tborder-style: solid;\t\t\t\tborder-width: 1px;\t\t\t\tborder-color: #E3E3E3;\t\t\t\t\t\t\t\tbackground-color: rgba(255, 255, 255, 1.00);\t\t\t\tbox-shadow: 0;\t\t\t\ttransition: all 0.3s ease 0s;-webkit-transition: all 0.3s ease 0s;      }      <\/style>      <span class=\"bwg_nav_cont_0\">              <div class=\"tablenav-pages_0\">                  <\/div>                <input type=\"hidden\" id=\"page_number_0\" name=\"page_number_0\" value=\"1\" \/>      <script type=\"text\/javascript\">        if( jQuery('.bwg_nav_cont_0').length > 1 ) {          jQuery('.bwg_nav_cont_0').first().remove()        }        function spider_page_0(cur, x, y, load_more) {          if (typeof load_more == \"undefined\") {            var load_more = false;          }          if (jQuery(cur).hasClass('disabled')) {            return false;          }          var items_county_0 = 1;          switch (y) {            case 1:              if (x >= items_county_0) {                document.getElementById('page_number_0').value = items_county_0;              }              else {                document.getElementById('page_number_0').value = x + 1;              }              break;            case 2:              document.getElementById('page_number_0').value = items_county_0;              break;            case -1:              if (x == 1) {                document.getElementById('page_number_0').value = 1;              }              else {                document.getElementById('page_number_0').value = x - 1;              }              break;            case -2:              document.getElementById('page_number_0').value = 1;              break;\t\t\t\t\t\tcase 0:              document.getElementById('page_number_0').value = x;              break;            default:              document.getElementById('page_number_0').value = 1;          }          bwg_ajax('gal_front_form_0', '0', 'bwg_thumbnails_0', '0', '', 'gallery', 0, '', '', load_more, '', 1);        }                    jQuery('.first-page-0').on('click', function () {              spider_page_0(this, 1, -2, 'numeric');              return false;            });            jQuery('.prev-page-0').on('click', function () {              spider_page_0(this, 1, -1, 'numeric');              return false;            });            jQuery('.next-page-0').on('click', function () {              spider_page_0(this, 1, 1, 'numeric');              return false;            });            jQuery('.last-page-0').on('click', function () {              spider_page_0(this, 1, 2, 'numeric');              return false;            });        \t\t\t\t\/* Change page on input enter. *\/        function bwg_change_page_0( e, that ) {          if (  e.key == 'Enter' ) {            var to_page = parseInt(jQuery(that).val());            var pages_count = jQuery(that).parents(\".pagination-links\").data(\"pages-count\");            var current_url_param = jQuery(that).attr('data-url-info');            if (to_page > pages_count) {              to_page = 1;            }\t \t\t\t\t\t\t\t\t\t\t\t\tspider_page_0(this, to_page, 0, 'numeric');\t\t\t\t\t\t\treturn false;\t\t\t\t\t\t          }          return true;        }        jQuery('.bwg_load_btn_0').on('click', function () {            spider_page_0(this, 1, 1, true);            return false;        });      <\/script>      <\/span>                <\/div>        <\/form>        <style>          #bwg_container1_0 #bwg_container2_0 #spider_popup_overlay_0 {          background-color: #EEEEEE;          opacity: 0.60;          }          <\/style>        <div id=\"bwg_spider_popup_loading_0\" class=\"bwg_spider_popup_loading\"><\/div>        <div id=\"spider_popup_overlay_0\" class=\"spider_popup_overlay\" onclick=\"spider_destroypopup(1000)\"><\/div>        <input type=\"hidden\" id=\"bwg_random_seed_0\" value=\"1345679330\">                <\/div>    <\/div>    <script>      if (document.readyState === 'complete') {        if( typeof bwg_main_ready == 'function' ) {          if ( jQuery(\"#bwg_container1_0\").height() ) {            bwg_main_ready(jQuery(\"#bwg_container1_0\"));          }        }      } else {        document.addEventListener('DOMContentLoaded', function() {          if( typeof bwg_main_ready == 'function' ) {            if ( jQuery(\"#bwg_container1_0\").height() ) {             bwg_main_ready(jQuery(\"#bwg_container1_0\"));            }          }        });      }    <\/script>    \n<p><span style=\"font-family: Liberation Serif, serif;\"><span style=\"font-size: medium;\"><span lang=\"pt-PT\">Susana Cruz, porta-voz do munic\u00edpio devido a aus\u00eancia do presidente pro motivos profissionais, explicou ao Infocul que a jun\u00e7\u00e3o dos tr\u00eas eventos \u00e9 algo que mostra que \u201c<\/span><span lang=\"pt-PT\"><i><b>s<\/b><\/i><\/span><span lang=\"pt-PT\"><i><b>\u00e3o todos eles distintos uns dos outros, mas casam todos muito bem. Porque quem vem ao Balonismo ter\u00e1, provavelmente, de almo\u00e7ar ou jantar e tem aqui a Feira Gastron\u00f3mica. Associ\u00e1mos, tamb\u00e9m, a Feira do Livro enquanto oferta cultural, que vai j\u00e1 na 31\u00aa edi\u00e7\u00e3o e portanto casa, tamb\u00e9m, muito bem com a gastronomia. Aquilo que \u00e9 a literatura com a gastronomia<\/b><\/i><\/span><span lang=\"pt-PT\">\u201d. <\/span><\/span><\/span><\/p>\n<p><span style=\"font-family: Liberation Serif, serif;\"><span style=\"font-size: medium;\"><span lang=\"pt-PT\">Explicou ainda o objectivo de \u201c<\/span><span lang=\"pt-PT\"><i><b>c<\/b><\/i><\/span><span lang=\"pt-PT\"><i><b>oncentrar actividades e criar aqui pontos de interesse para quem nos visita<\/b><\/i><\/span><span lang=\"pt-PT\">\u201d. <\/span><\/span><\/span><\/p>\n<p><span style=\"font-family: Liberation Serif, serif;\"><span style=\"font-size: medium;\"><span lang=\"pt-PT\">Destaca ainda que o trabalho executivo tem vindo a \u201c<\/span><span lang=\"pt-PT\"><i><b>ser muito focado na \u00e1rea da corti\u00e7a, at\u00e9 por sermos a capital mundial da corti\u00e7a, mas associada a todas as vantagens competitivas deste territ\u00f3rio que tem a ver com turismo, paisagem natural, o montado, o nosso rio e a gastronomia associada ao touro bravo que faz parte da nossa paisagem de charneca. E tentamos ao longo do ano criar um conjunto de eventos e actividades para trazer visitantes a Coruche e tamb\u00e9m, quem sabe, investidores, que \u00e9 isso que procuramos. Investidores na parte tur\u00edstica, estamos tamb\u00e9m com a amplia\u00e7\u00e3o do Parque Empresarial do Sorraia e portanto queremos provar que somos um territ\u00f3rio din\u00e2mico e com capacidade para acolher visitantes e tamb\u00e9m investidores<\/b><\/i><\/span><span lang=\"pt-PT\">\u201d.<\/span><\/span><\/span><\/p>\n<p><span style=\"font-family: Liberation Serif, serif;\"><span style=\"font-size: medium;\"><span lang=\"pt-PT\">S<\/span><span lang=\"pt-PT\">obre a procura do territ\u00f3rio por parte dos investidores disse-nos que \u201c<\/span><span lang=\"pt-PT\"><i><b>e<\/b><\/i><\/span><span lang=\"pt-PT\"><i><b>st\u00e1 a ser interessante, temos tido bastante procura, sobretudo em \u00e1reas de actividade distintas. Recentemente foi instalada uma empresa na \u00e1rea da tecnologia, <\/b><\/i><\/span><span lang=\"pt-PT\"><i><b>mas temos tamb\u00e9m depois empresas ligadas ao agro-alimentar, alguns produtos novos como produ\u00e7\u00e3o de grilos ou de camar\u00e3o e portanto temos de facto aqui muita procura do nosso novo parque empresarial que est\u00e1 agora em reestrutura\u00e7\u00e3o e pensamos que para o ano estamos em condi\u00e7\u00f5es de arrancar em pleno com a implementa\u00e7\u00e3o de unidades industriais<\/b><\/i><\/span><span lang=\"pt-PT\">\u201d. <\/span><\/span><\/span><\/p>\n<p><span style=\"font-family: Liberation Serif, serif;\"><span style=\"font-size: medium;\"><span lang=\"pt-PT\">S<\/span><span lang=\"pt-PT\">obre o territ\u00f3rio explicou ainda que \u201c<\/span><span lang=\"pt-PT\"><i><b>u<\/b><\/i><\/span><span lang=\"pt-PT\"><i><b>ma das grandes vantagens competitivas de Coruche \u00e9 estarmos a menos de uma hora de Lisboa com acessibilidades boas, embora gost\u00e1ssemos que fossem melhoradas em alguns pontos mas estamos de facto perto da Grande \u00c1rea Metropolitana de Lisboa, de portos, aeroportos e portanto temos aqui condi\u00e7\u00f5es de instala\u00e7\u00e3o de empresas em v\u00e1rias vertentes. E depois toda uma aposta que temos vindo a fazer no sector tur\u00edstico, o territ\u00f3rio tem excelentes condi\u00e7\u00f5es para actividades tur\u00edsticas, como \u00e9 o caso do balonismo e outras actividades ligadas \u00e0 natureza. A pr\u00f3pria vila tem um centro hist\u00f3rico maravilhoso onde estamos a fazer um forte investimento na \u00e1rea das acessibilidades e da mobilidade, para melhorar as condi\u00e7\u00f5es do centro hist\u00f3rico<\/b><\/i><\/span><span lang=\"pt-PT\">\u201d.<\/span><\/span><\/span><\/p>\n<p><span style=\"font-family: Liberation Serif, serif;\"><span style=\"font-size: medium;\"><span lang=\"pt-PT\">O <\/span><span lang=\"pt-PT\">or<\/span><span lang=\"pt-PT\">\u00e7amento\/investimento por parte do munic\u00edpio no festival de balonismo, jornadas da gastronomia e feira do livro ronda \u201c<\/span><span lang=\"pt-PT\"><i><b>os <\/b><\/i><\/span><span lang=\"pt-PT\"><i><b>40\/50 mil euros, as tr\u00eas actividades<\/b><\/i><\/span><span lang=\"pt-PT\">\u201d.<\/span><\/span><\/span><\/p>\n<audio class=\"wp-audio-shortcode\" id=\"audio-61597-1\" preload=\"none\" style=\"width: 100%;\" controls=\"controls\"><source type=\"audio\/mpeg\" src=\"https:\/\/infocul.pt\/arquivo\/wp-content\/uploads\/2019\/10\/Susana-Cruz.mp3?_=1\" \/><a href=\"https:\/\/infocul.pt\/arquivo\/wp-content\/uploads\/2019\/10\/Susana-Cruz.mp3\">https:\/\/infocul.pt\/arquivo\/wp-content\/uploads\/2019\/10\/Susana-Cruz.mp3<\/a><\/audio>\n<p><span style=\"font-family: Liberation Serif, serif;\"><span style=\"font-size: medium;\"><span lang=\"pt-PT\">Os voos est\u00e3o planeados para as 7:<\/span><span lang=\"pt-PT\">00<\/span><span lang=\"pt-PT\"> da manh\u00e3 em todos os dias do evento, com refor\u00e7o de um segundo voo \u00e0s 16:<\/span><span lang=\"pt-PT\">00<\/span><span lang=\"pt-PT\"> na sexta-feira, s\u00e1bado e domingo. No quiosque da <a href=\"https:\/\/www.windpassenger.pt\/pt\/\" target=\"_blank\" rel=\"noopener noreferrer\">Windpassenger<\/a>, os visitantes poder\u00e3o encontrar promo\u00e7\u00f5es especiais para voos ou adquirir Gift Cards de oferta para o Natal a pre\u00e7os exclusivos.<\/span><\/span><\/span><\/p>\n","protected":false},"excerpt":{"rendered":"<p>&nbsp; Come\u00e7ou hoje, e prolongar-se-\u00e1 at\u00e9 dia 3 de Novembro (oficialmente de 1 a 3 de Novembro), o Flutuar- Festival Internacional de Balonismo de Coruche.<\/p>\n","protected":false},"author":2,"featured_media":61598,"comment_status":"open","ping_status":"closed","sticky":false,"template":"","format":"standard","meta":{"footnotes":""},"categories":[10,36,4123,13],"tags":[3319,3177,7904],"class_list":["post-61597","post","type-post","status-publish","format-standard","has-post-thumbnail","hentry","category-actualidade","category-destaque","category-reportagens-actualidade","category-turismo","tag-balonismo","tag-coruche","tag-flutuar-festival-internacional-de-balonismo-de-coruche"],"yoast_head":"<!-- This site is optimized with the Yoast SEO plugin v27.5 - https:\/\/yoast.com\/product\/yoast-seo-wordpress\/ -->\n<title>Coruche recebe Festival de Balonismo e quer &quot;provar que somos um territ\u00f3rio din\u00e2mico e com capacidade para acolher visitantes e tamb\u00e9m investidores&quot; (C\/Som) | Infocul.pt - Arquivo Digital<\/title>\n<meta name=\"description\" content=\"Coruche recebe Festival de Balonismo e quer &quot;provar que somos um territ\u00f3rio din\u00e2mico e com capacidade para acolher visitantes e tamb\u00e9m investidores&quot; (C\/Som) | Infocul.pt - Arquivo Digital\" \/>\n<meta name=\"robots\" content=\"noindex, follow, max-snippet:-1, max-image-preview:large, max-video-preview:-1\" \/>\n<meta property=\"og:locale\" content=\"pt_PT\" \/>\n<meta property=\"og:type\" content=\"article\" \/>\n<meta property=\"og:title\" content=\"Coruche recebe Festival de Balonismo e quer &quot;provar que somos um territ\u00f3rio din\u00e2mico e com capacidade para acolher visitantes e tamb\u00e9m investidores&quot; (C\/Som) | Infocul.pt - Arquivo Digital\" \/>\n<meta property=\"og:description\" content=\"Coruche recebe Festival de Balonismo e quer &quot;provar que somos um territ\u00f3rio din\u00e2mico e com capacidade para acolher visitantes e tamb\u00e9m investidores&quot; (C\/Som) | Infocul.pt - Arquivo Digital\" \/>\n<meta property=\"og:url\" content=\"https:\/\/infocul.pt\/arquivo\/actualidade\/coruche-recebe-festival-de-balonismo-e-quer-provar-que-somos-um-territorio-dinamico-e-com-capacidade-para-acolher-visitantes-e-tambem-investidores-c-som\/\" \/>\n<meta property=\"og:site_name\" content=\"Infocul.pt - Arquivo Digital\" \/>\n<meta property=\"article:publisher\" content=\"https:\/\/www.facebook.com\/Infocul-147816815585015\/\" \/>\n<meta property=\"article:published_time\" content=\"2019-10-29T15:59:16+00:00\" \/>\n<meta property=\"article:modified_time\" content=\"2019-10-29T16:06:13+00:00\" \/>\n<meta property=\"og:image\" content=\"https:\/\/infocul.pt\/arquivo\/wp-content\/uploads\/2019\/10\/IMG_20191029_073147-1024x768.jpg\" \/>\n\t<meta property=\"og:image:width\" content=\"1024\" \/>\n\t<meta property=\"og:image:height\" content=\"768\" \/>\n\t<meta property=\"og:image:type\" content=\"image\/jpeg\" \/>\n<meta name=\"author\" content=\"Rui Lavrador\" \/>\n<meta name=\"twitter:card\" content=\"summary_large_image\" \/>\n<meta name=\"twitter:creator\" content=\"@Infoculpt\" \/>\n<meta name=\"twitter:site\" content=\"@Infoculpt\" \/>\n<meta name=\"twitter:label1\" content=\"Escrito por\" \/>\n\t<meta name=\"twitter:data1\" content=\"Rui Lavrador\" \/>\n\t<meta name=\"twitter:label2\" content=\"Tempo estimado de leitura\" \/>\n\t<meta name=\"twitter:data2\" content=\"4 minutos\" \/>\n<script type=\"application\/ld+json\" class=\"yoast-schema-graph\">{\"@context\":\"https:\\\/\\\/schema.org\",\"@graph\":[{\"@type\":\"Article\",\"@id\":\"https:\\\/\\\/infocul.pt\\\/arquivo\\\/actualidade\\\/coruche-recebe-festival-de-balonismo-e-quer-provar-que-somos-um-territorio-dinamico-e-com-capacidade-para-acolher-visitantes-e-tambem-investidores-c-som\\\/#article\",\"isPartOf\":{\"@id\":\"https:\\\/\\\/infocul.pt\\\/arquivo\\\/actualidade\\\/coruche-recebe-festival-de-balonismo-e-quer-provar-que-somos-um-territorio-dinamico-e-com-capacidade-para-acolher-visitantes-e-tambem-investidores-c-som\\\/\"},\"author\":{\"name\":\"Rui Lavrador\",\"@id\":\"https:\\\/\\\/infocul.pt\\\/arquivo\\\/#\\\/schema\\\/person\\\/060a108d7f2d85fc6aae505119ee5234\"},\"headline\":\"Coruche recebe Festival de Balonismo e quer &#8220;provar que somos um territ\u00f3rio din\u00e2mico e com capacidade para acolher visitantes e tamb\u00e9m investidores&#8221; (C\\\/Som)\",\"datePublished\":\"2019-10-29T15:59:16+00:00\",\"dateModified\":\"2019-10-29T16:06:13+00:00\",\"mainEntityOfPage\":{\"@id\":\"https:\\\/\\\/infocul.pt\\\/arquivo\\\/actualidade\\\/coruche-recebe-festival-de-balonismo-e-quer-provar-que-somos-um-territorio-dinamico-e-com-capacidade-para-acolher-visitantes-e-tambem-investidores-c-som\\\/\"},\"wordCount\":841,\"commentCount\":0,\"publisher\":{\"@id\":\"https:\\\/\\\/infocul.pt\\\/arquivo\\\/#organization\"},\"image\":{\"@id\":\"https:\\\/\\\/infocul.pt\\\/arquivo\\\/actualidade\\\/coruche-recebe-festival-de-balonismo-e-quer-provar-que-somos-um-territorio-dinamico-e-com-capacidade-para-acolher-visitantes-e-tambem-investidores-c-som\\\/#primaryimage\"},\"thumbnailUrl\":\"https:\\\/\\\/infocul.pt\\\/arquivo\\\/wp-content\\\/uploads\\\/2019\\\/10\\\/IMG_20191029_073147.jpg\",\"keywords\":[\"Balonismo\",\"Coruche\",\"FLUTUAR \u2014 Festival Internacional de Balonismo de Coruche\"],\"articleSection\":[\"Actualidade\",\"Destaque\",\"Reportagens\",\"Turismo\"],\"inLanguage\":\"pt-PT\"},{\"@type\":\"WebPage\",\"@id\":\"https:\\\/\\\/infocul.pt\\\/arquivo\\\/actualidade\\\/coruche-recebe-festival-de-balonismo-e-quer-provar-que-somos-um-territorio-dinamico-e-com-capacidade-para-acolher-visitantes-e-tambem-investidores-c-som\\\/\",\"url\":\"https:\\\/\\\/infocul.pt\\\/arquivo\\\/actualidade\\\/coruche-recebe-festival-de-balonismo-e-quer-provar-que-somos-um-territorio-dinamico-e-com-capacidade-para-acolher-visitantes-e-tambem-investidores-c-som\\\/\",\"name\":\"Coruche recebe Festival de Balonismo e quer \\\"provar que somos um territ\u00f3rio din\u00e2mico e com capacidade para acolher visitantes e tamb\u00e9m investidores\\\" (C\\\/Som) | Infocul.pt - Arquivo Digital\",\"isPartOf\":{\"@id\":\"https:\\\/\\\/infocul.pt\\\/arquivo\\\/#website\"},\"primaryImageOfPage\":{\"@id\":\"https:\\\/\\\/infocul.pt\\\/arquivo\\\/actualidade\\\/coruche-recebe-festival-de-balonismo-e-quer-provar-que-somos-um-territorio-dinamico-e-com-capacidade-para-acolher-visitantes-e-tambem-investidores-c-som\\\/#primaryimage\"},\"image\":{\"@id\":\"https:\\\/\\\/infocul.pt\\\/arquivo\\\/actualidade\\\/coruche-recebe-festival-de-balonismo-e-quer-provar-que-somos-um-territorio-dinamico-e-com-capacidade-para-acolher-visitantes-e-tambem-investidores-c-som\\\/#primaryimage\"},\"thumbnailUrl\":\"https:\\\/\\\/infocul.pt\\\/arquivo\\\/wp-content\\\/uploads\\\/2019\\\/10\\\/IMG_20191029_073147.jpg\",\"datePublished\":\"2019-10-29T15:59:16+00:00\",\"dateModified\":\"2019-10-29T16:06:13+00:00\",\"description\":\"Coruche recebe Festival de Balonismo e quer \\\"provar que somos um territ\u00f3rio din\u00e2mico e com capacidade para acolher visitantes e tamb\u00e9m investidores\\\" (C\\\/Som) | Infocul.pt - Arquivo Digital\",\"breadcrumb\":{\"@id\":\"https:\\\/\\\/infocul.pt\\\/arquivo\\\/actualidade\\\/coruche-recebe-festival-de-balonismo-e-quer-provar-que-somos-um-territorio-dinamico-e-com-capacidade-para-acolher-visitantes-e-tambem-investidores-c-som\\\/#breadcrumb\"},\"inLanguage\":\"pt-PT\",\"potentialAction\":[{\"@type\":\"ReadAction\",\"target\":[\"https:\\\/\\\/infocul.pt\\\/arquivo\\\/actualidade\\\/coruche-recebe-festival-de-balonismo-e-quer-provar-que-somos-um-territorio-dinamico-e-com-capacidade-para-acolher-visitantes-e-tambem-investidores-c-som\\\/\"]}]},{\"@type\":\"ImageObject\",\"inLanguage\":\"pt-PT\",\"@id\":\"https:\\\/\\\/infocul.pt\\\/arquivo\\\/actualidade\\\/coruche-recebe-festival-de-balonismo-e-quer-provar-que-somos-um-territorio-dinamico-e-com-capacidade-para-acolher-visitantes-e-tambem-investidores-c-som\\\/#primaryimage\",\"url\":\"https:\\\/\\\/infocul.pt\\\/arquivo\\\/wp-content\\\/uploads\\\/2019\\\/10\\\/IMG_20191029_073147.jpg\",\"contentUrl\":\"https:\\\/\\\/infocul.pt\\\/arquivo\\\/wp-content\\\/uploads\\\/2019\\\/10\\\/IMG_20191029_073147.jpg\",\"width\":5120,\"height\":3840,\"caption\":\"sdr\"},{\"@type\":\"BreadcrumbList\",\"@id\":\"https:\\\/\\\/infocul.pt\\\/arquivo\\\/actualidade\\\/coruche-recebe-festival-de-balonismo-e-quer-provar-que-somos-um-territorio-dinamico-e-com-capacidade-para-acolher-visitantes-e-tambem-investidores-c-som\\\/#breadcrumb\",\"itemListElement\":[{\"@type\":\"ListItem\",\"position\":1,\"name\":\"Home\",\"item\":\"https:\\\/\\\/infocul.pt\\\/arquivo\\\/\"},{\"@type\":\"ListItem\",\"position\":2,\"name\":\"Coruche recebe Festival de Balonismo e quer &#8220;provar que somos um territ\u00f3rio din\u00e2mico e com capacidade para acolher visitantes e tamb\u00e9m investidores&#8221; (C\\\/Som)\"}]},{\"@type\":\"WebSite\",\"@id\":\"https:\\\/\\\/infocul.pt\\\/arquivo\\\/#website\",\"url\":\"https:\\\/\\\/infocul.pt\\\/arquivo\\\/\",\"name\":\"Infocul.pt - Arquivo Digital\",\"description\":\"Arquivo digital da Infocul.pt\",\"publisher\":{\"@id\":\"https:\\\/\\\/infocul.pt\\\/arquivo\\\/#organization\"},\"potentialAction\":[{\"@type\":\"SearchAction\",\"target\":{\"@type\":\"EntryPoint\",\"urlTemplate\":\"https:\\\/\\\/infocul.pt\\\/arquivo\\\/?s={search_term_string}\"},\"query-input\":{\"@type\":\"PropertyValueSpecification\",\"valueRequired\":true,\"valueName\":\"search_term_string\"}}],\"inLanguage\":\"pt-PT\"},{\"@type\":\"Organization\",\"@id\":\"https:\\\/\\\/infocul.pt\\\/arquivo\\\/#organization\",\"name\":\"Infocul.pt\",\"url\":\"https:\\\/\\\/infocul.pt\\\/arquivo\\\/\",\"logo\":{\"@type\":\"ImageObject\",\"inLanguage\":\"pt-PT\",\"@id\":\"https:\\\/\\\/infocul.pt\\\/arquivo\\\/#\\\/schema\\\/logo\\\/image\\\/\",\"url\":\"https:\\\/\\\/infocul.pt\\\/arquivo\\\/wp-content\\\/uploads\\\/2018\\\/12\\\/Infocul_logo-1.png\",\"contentUrl\":\"https:\\\/\\\/infocul.pt\\\/arquivo\\\/wp-content\\\/uploads\\\/2018\\\/12\\\/Infocul_logo-1.png\",\"width\":800,\"height\":800,\"caption\":\"Infocul.pt\"},\"image\":{\"@id\":\"https:\\\/\\\/infocul.pt\\\/arquivo\\\/#\\\/schema\\\/logo\\\/image\\\/\"},\"sameAs\":[\"https:\\\/\\\/www.facebook.com\\\/Infocul-147816815585015\\\/\",\"https:\\\/\\\/x.com\\\/Infoculpt\",\"http:\\\/\\\/www.pictaram.com\\\/user\\\/infocul.pt\\\/2370423710\",\"https:\\\/\\\/www.youtube.com\\\/channel\\\/UCYEB91AGI9FL9ek2i_IaQAA\"]},{\"@type\":\"Person\",\"@id\":\"https:\\\/\\\/infocul.pt\\\/arquivo\\\/#\\\/schema\\\/person\\\/060a108d7f2d85fc6aae505119ee5234\",\"name\":\"Rui Lavrador\",\"image\":{\"@type\":\"ImageObject\",\"inLanguage\":\"pt-PT\",\"@id\":\"https:\\\/\\\/secure.gravatar.com\\\/avatar\\\/93febd6873394aa8e975148548a0cb203acfdd42d2c85c5f1408e1a76678aece?s=96&d=mm&r=g\",\"url\":\"https:\\\/\\\/secure.gravatar.com\\\/avatar\\\/93febd6873394aa8e975148548a0cb203acfdd42d2c85c5f1408e1a76678aece?s=96&d=mm&r=g\",\"contentUrl\":\"https:\\\/\\\/secure.gravatar.com\\\/avatar\\\/93febd6873394aa8e975148548a0cb203acfdd42d2c85c5f1408e1a76678aece?s=96&d=mm&r=g\",\"caption\":\"Rui Lavrador\"},\"description\":\"Iniciou em 2011 o seu percurso em comunica\u00e7\u00e3o social, tendo integrado v\u00e1rios projectos editoriais. Durante o seu percurso integrou projectos como Jornal Hardm\u00fasica, LusoNot\u00edcias, Toureio.pt, ODigital.pt, entre outros \u00d3rg\u00e3os de Comunica\u00e7\u00e3o Social nacionais, na redac\u00e7\u00e3o de v\u00e1rios artigos. Entrevistou a grande maioria das personalidades mais importantes da vida social e cultural do pa\u00eds, destacando-se, tamb\u00e9m, na aprecia\u00e7\u00e3o de v\u00e1rios espect\u00e1culos. Durante o seu percurso, deu a conhecer v\u00e1rios artistas, at\u00e9 ent\u00e3o desconhecidos, ao grande p\u00fablico. Em 2015 criou e fundou o Infocul.pt, projecto no qual assume a direc\u00e7\u00e3o editorial.\",\"sameAs\":[\"http:\\\/\\\/www.infocul.pt\"]}]}<\/script>\n<!-- \/ Yoast SEO plugin. -->","yoast_head_json":{"title":"Coruche recebe Festival de Balonismo e quer \"provar que somos um territ\u00f3rio din\u00e2mico e com capacidade para acolher visitantes e tamb\u00e9m investidores\" (C\/Som) | Infocul.pt - Arquivo Digital","description":"Coruche recebe Festival de Balonismo e quer \"provar que somos um territ\u00f3rio din\u00e2mico e com capacidade para acolher visitantes e tamb\u00e9m investidores\" (C\/Som) | Infocul.pt - Arquivo Digital","robots":{"index":"noindex","follow":"follow","max-snippet":"max-snippet:-1","max-image-preview":"max-image-preview:large","max-video-preview":"max-video-preview:-1"},"og_locale":"pt_PT","og_type":"article","og_title":"Coruche recebe Festival de Balonismo e quer \"provar que somos um territ\u00f3rio din\u00e2mico e com capacidade para acolher visitantes e tamb\u00e9m investidores\" (C\/Som) | Infocul.pt - Arquivo Digital","og_description":"Coruche recebe Festival de Balonismo e quer \"provar que somos um territ\u00f3rio din\u00e2mico e com capacidade para acolher visitantes e tamb\u00e9m investidores\" (C\/Som) | Infocul.pt - Arquivo Digital","og_url":"https:\/\/infocul.pt\/arquivo\/actualidade\/coruche-recebe-festival-de-balonismo-e-quer-provar-que-somos-um-territorio-dinamico-e-com-capacidade-para-acolher-visitantes-e-tambem-investidores-c-som\/","og_site_name":"Infocul.pt - Arquivo Digital","article_publisher":"https:\/\/www.facebook.com\/Infocul-147816815585015\/","article_published_time":"2019-10-29T15:59:16+00:00","article_modified_time":"2019-10-29T16:06:13+00:00","og_image":[{"width":1024,"height":768,"url":"https:\/\/infocul.pt\/arquivo\/wp-content\/uploads\/2019\/10\/IMG_20191029_073147-1024x768.jpg","type":"image\/jpeg"}],"author":"Rui Lavrador","twitter_card":"summary_large_image","twitter_creator":"@Infoculpt","twitter_site":"@Infoculpt","twitter_misc":{"Escrito por":"Rui Lavrador","Tempo estimado de leitura":"4 minutos"},"schema":{"@context":"https:\/\/schema.org","@graph":[{"@type":"Article","@id":"https:\/\/infocul.pt\/arquivo\/actualidade\/coruche-recebe-festival-de-balonismo-e-quer-provar-que-somos-um-territorio-dinamico-e-com-capacidade-para-acolher-visitantes-e-tambem-investidores-c-som\/#article","isPartOf":{"@id":"https:\/\/infocul.pt\/arquivo\/actualidade\/coruche-recebe-festival-de-balonismo-e-quer-provar-que-somos-um-territorio-dinamico-e-com-capacidade-para-acolher-visitantes-e-tambem-investidores-c-som\/"},"author":{"name":"Rui Lavrador","@id":"https:\/\/infocul.pt\/arquivo\/#\/schema\/person\/060a108d7f2d85fc6aae505119ee5234"},"headline":"Coruche recebe Festival de Balonismo e quer &#8220;provar que somos um territ\u00f3rio din\u00e2mico e com capacidade para acolher visitantes e tamb\u00e9m investidores&#8221; (C\/Som)","datePublished":"2019-10-29T15:59:16+00:00","dateModified":"2019-10-29T16:06:13+00:00","mainEntityOfPage":{"@id":"https:\/\/infocul.pt\/arquivo\/actualidade\/coruche-recebe-festival-de-balonismo-e-quer-provar-que-somos-um-territorio-dinamico-e-com-capacidade-para-acolher-visitantes-e-tambem-investidores-c-som\/"},"wordCount":841,"commentCount":0,"publisher":{"@id":"https:\/\/infocul.pt\/arquivo\/#organization"},"image":{"@id":"https:\/\/infocul.pt\/arquivo\/actualidade\/coruche-recebe-festival-de-balonismo-e-quer-provar-que-somos-um-territorio-dinamico-e-com-capacidade-para-acolher-visitantes-e-tambem-investidores-c-som\/#primaryimage"},"thumbnailUrl":"https:\/\/infocul.pt\/arquivo\/wp-content\/uploads\/2019\/10\/IMG_20191029_073147.jpg","keywords":["Balonismo","Coruche","FLUTUAR \u2014 Festival Internacional de Balonismo de Coruche"],"articleSection":["Actualidade","Destaque","Reportagens","Turismo"],"inLanguage":"pt-PT"},{"@type":"WebPage","@id":"https:\/\/infocul.pt\/arquivo\/actualidade\/coruche-recebe-festival-de-balonismo-e-quer-provar-que-somos-um-territorio-dinamico-e-com-capacidade-para-acolher-visitantes-e-tambem-investidores-c-som\/","url":"https:\/\/infocul.pt\/arquivo\/actualidade\/coruche-recebe-festival-de-balonismo-e-quer-provar-que-somos-um-territorio-dinamico-e-com-capacidade-para-acolher-visitantes-e-tambem-investidores-c-som\/","name":"Coruche recebe Festival de Balonismo e quer \"provar que somos um territ\u00f3rio din\u00e2mico e com capacidade para acolher visitantes e tamb\u00e9m investidores\" (C\/Som) | Infocul.pt - Arquivo Digital","isPartOf":{"@id":"https:\/\/infocul.pt\/arquivo\/#website"},"primaryImageOfPage":{"@id":"https:\/\/infocul.pt\/arquivo\/actualidade\/coruche-recebe-festival-de-balonismo-e-quer-provar-que-somos-um-territorio-dinamico-e-com-capacidade-para-acolher-visitantes-e-tambem-investidores-c-som\/#primaryimage"},"image":{"@id":"https:\/\/infocul.pt\/arquivo\/actualidade\/coruche-recebe-festival-de-balonismo-e-quer-provar-que-somos-um-territorio-dinamico-e-com-capacidade-para-acolher-visitantes-e-tambem-investidores-c-som\/#primaryimage"},"thumbnailUrl":"https:\/\/infocul.pt\/arquivo\/wp-content\/uploads\/2019\/10\/IMG_20191029_073147.jpg","datePublished":"2019-10-29T15:59:16+00:00","dateModified":"2019-10-29T16:06:13+00:00","description":"Coruche recebe Festival de Balonismo e quer \"provar que somos um territ\u00f3rio din\u00e2mico e com capacidade para acolher visitantes e tamb\u00e9m investidores\" (C\/Som) | Infocul.pt - Arquivo Digital","breadcrumb":{"@id":"https:\/\/infocul.pt\/arquivo\/actualidade\/coruche-recebe-festival-de-balonismo-e-quer-provar-que-somos-um-territorio-dinamico-e-com-capacidade-para-acolher-visitantes-e-tambem-investidores-c-som\/#breadcrumb"},"inLanguage":"pt-PT","potentialAction":[{"@type":"ReadAction","target":["https:\/\/infocul.pt\/arquivo\/actualidade\/coruche-recebe-festival-de-balonismo-e-quer-provar-que-somos-um-territorio-dinamico-e-com-capacidade-para-acolher-visitantes-e-tambem-investidores-c-som\/"]}]},{"@type":"ImageObject","inLanguage":"pt-PT","@id":"https:\/\/infocul.pt\/arquivo\/actualidade\/coruche-recebe-festival-de-balonismo-e-quer-provar-que-somos-um-territorio-dinamico-e-com-capacidade-para-acolher-visitantes-e-tambem-investidores-c-som\/#primaryimage","url":"https:\/\/infocul.pt\/arquivo\/wp-content\/uploads\/2019\/10\/IMG_20191029_073147.jpg","contentUrl":"https:\/\/infocul.pt\/arquivo\/wp-content\/uploads\/2019\/10\/IMG_20191029_073147.jpg","width":5120,"height":3840,"caption":"sdr"},{"@type":"BreadcrumbList","@id":"https:\/\/infocul.pt\/arquivo\/actualidade\/coruche-recebe-festival-de-balonismo-e-quer-provar-que-somos-um-territorio-dinamico-e-com-capacidade-para-acolher-visitantes-e-tambem-investidores-c-som\/#breadcrumb","itemListElement":[{"@type":"ListItem","position":1,"name":"Home","item":"https:\/\/infocul.pt\/arquivo\/"},{"@type":"ListItem","position":2,"name":"Coruche recebe Festival de Balonismo e quer &#8220;provar que somos um territ\u00f3rio din\u00e2mico e com capacidade para acolher visitantes e tamb\u00e9m investidores&#8221; (C\/Som)"}]},{"@type":"WebSite","@id":"https:\/\/infocul.pt\/arquivo\/#website","url":"https:\/\/infocul.pt\/arquivo\/","name":"Infocul.pt - Arquivo Digital","description":"Arquivo digital da Infocul.pt","publisher":{"@id":"https:\/\/infocul.pt\/arquivo\/#organization"},"potentialAction":[{"@type":"SearchAction","target":{"@type":"EntryPoint","urlTemplate":"https:\/\/infocul.pt\/arquivo\/?s={search_term_string}"},"query-input":{"@type":"PropertyValueSpecification","valueRequired":true,"valueName":"search_term_string"}}],"inLanguage":"pt-PT"},{"@type":"Organization","@id":"https:\/\/infocul.pt\/arquivo\/#organization","name":"Infocul.pt","url":"https:\/\/infocul.pt\/arquivo\/","logo":{"@type":"ImageObject","inLanguage":"pt-PT","@id":"https:\/\/infocul.pt\/arquivo\/#\/schema\/logo\/image\/","url":"https:\/\/infocul.pt\/arquivo\/wp-content\/uploads\/2018\/12\/Infocul_logo-1.png","contentUrl":"https:\/\/infocul.pt\/arquivo\/wp-content\/uploads\/2018\/12\/Infocul_logo-1.png","width":800,"height":800,"caption":"Infocul.pt"},"image":{"@id":"https:\/\/infocul.pt\/arquivo\/#\/schema\/logo\/image\/"},"sameAs":["https:\/\/www.facebook.com\/Infocul-147816815585015\/","https:\/\/x.com\/Infoculpt","http:\/\/www.pictaram.com\/user\/infocul.pt\/2370423710","https:\/\/www.youtube.com\/channel\/UCYEB91AGI9FL9ek2i_IaQAA"]},{"@type":"Person","@id":"https:\/\/infocul.pt\/arquivo\/#\/schema\/person\/060a108d7f2d85fc6aae505119ee5234","name":"Rui Lavrador","image":{"@type":"ImageObject","inLanguage":"pt-PT","@id":"https:\/\/secure.gravatar.com\/avatar\/93febd6873394aa8e975148548a0cb203acfdd42d2c85c5f1408e1a76678aece?s=96&d=mm&r=g","url":"https:\/\/secure.gravatar.com\/avatar\/93febd6873394aa8e975148548a0cb203acfdd42d2c85c5f1408e1a76678aece?s=96&d=mm&r=g","contentUrl":"https:\/\/secure.gravatar.com\/avatar\/93febd6873394aa8e975148548a0cb203acfdd42d2c85c5f1408e1a76678aece?s=96&d=mm&r=g","caption":"Rui Lavrador"},"description":"Iniciou em 2011 o seu percurso em comunica\u00e7\u00e3o social, tendo integrado v\u00e1rios projectos editoriais. Durante o seu percurso integrou projectos como Jornal Hardm\u00fasica, LusoNot\u00edcias, Toureio.pt, ODigital.pt, entre outros \u00d3rg\u00e3os de Comunica\u00e7\u00e3o Social nacionais, na redac\u00e7\u00e3o de v\u00e1rios artigos. Entrevistou a grande maioria das personalidades mais importantes da vida social e cultural do pa\u00eds, destacando-se, tamb\u00e9m, na aprecia\u00e7\u00e3o de v\u00e1rios espect\u00e1culos. Durante o seu percurso, deu a conhecer v\u00e1rios artistas, at\u00e9 ent\u00e3o desconhecidos, ao grande p\u00fablico. Em 2015 criou e fundou o Infocul.pt, projecto no qual assume a direc\u00e7\u00e3o editorial.","sameAs":["http:\/\/www.infocul.pt"]}]}},"_links":{"self":[{"href":"https:\/\/infocul.pt\/arquivo\/wp-json\/wp\/v2\/posts\/61597","targetHints":{"allow":["GET"]}}],"collection":[{"href":"https:\/\/infocul.pt\/arquivo\/wp-json\/wp\/v2\/posts"}],"about":[{"href":"https:\/\/infocul.pt\/arquivo\/wp-json\/wp\/v2\/types\/post"}],"author":[{"embeddable":true,"href":"https:\/\/infocul.pt\/arquivo\/wp-json\/wp\/v2\/users\/2"}],"replies":[{"embeddable":true,"href":"https:\/\/infocul.pt\/arquivo\/wp-json\/wp\/v2\/comments?post=61597"}],"version-history":[{"count":0,"href":"https:\/\/infocul.pt\/arquivo\/wp-json\/wp\/v2\/posts\/61597\/revisions"}],"wp:featuredmedia":[{"embeddable":true,"href":"https:\/\/infocul.pt\/arquivo\/wp-json\/wp\/v2\/media\/61598"}],"wp:attachment":[{"href":"https:\/\/infocul.pt\/arquivo\/wp-json\/wp\/v2\/media?parent=61597"}],"wp:term":[{"taxonomy":"category","embeddable":true,"href":"https:\/\/infocul.pt\/arquivo\/wp-json\/wp\/v2\/categories?post=61597"},{"taxonomy":"post_tag","embeddable":true,"href":"https:\/\/infocul.pt\/arquivo\/wp-json\/wp\/v2\/tags?post=61597"}],"curies":[{"name":"wp","href":"https:\/\/api.w.org\/{rel}","templated":true}]}}