{"id":61748,"date":"2019-10-31T19:12:23","date_gmt":"2019-10-31T19:12:23","guid":{"rendered":"https:\/\/infocul.pt\/?p=61748"},"modified":"2019-10-31T19:14:49","modified_gmt":"2019-10-31T19:14:49","slug":"forcados-de-coruche-em-destaque-numa-exposicao-internacional-de-fotografia","status":"publish","type":"post","link":"https:\/\/infocul.pt\/arquivo\/cultura\/forcados-de-coruche-em-destaque-numa-exposicao-internacional-de-fotografia\/","title":{"rendered":"Forcados de Coruche em destaque numa exposi\u00e7\u00e3o internacional de fotografia"},"content":{"rendered":"<p><img decoding=\"async\" class=\"aligncenter wp-image-61749 size-large lazyload\" data-src=\"https:\/\/infocul.pt\/arquivo\/wp-content\/uploads\/2019\/10\/Coruche-Fotografia-576x1024.jpg\" alt=\"\" width=\"576\" height=\"1024\" data-srcset=\"https:\/\/infocul.pt\/arquivo\/wp-content\/uploads\/2019\/10\/Coruche-Fotografia-576x1024.jpg 576w, https:\/\/infocul.pt\/arquivo\/wp-content\/uploads\/2019\/10\/Coruche-Fotografia-169x300.jpg 169w, https:\/\/infocul.pt\/arquivo\/wp-content\/uploads\/2019\/10\/Coruche-Fotografia-768x1365.jpg 768w, https:\/\/infocul.pt\/arquivo\/wp-content\/uploads\/2019\/10\/Coruche-Fotografia.jpg 1080w\" data-sizes=\"(max-width: 576px) 100vw, 576px\" src=\"data:image\/svg+xml;base64,PHN2ZyB3aWR0aD0iMSIgaGVpZ2h0PSIxIiB4bWxucz0iaHR0cDovL3d3dy53My5vcmcvMjAwMC9zdmciPjwvc3ZnPg==\" style=\"--smush-placeholder-width: 576px; --smush-placeholder-aspect-ratio: 576\/1024;\" \/><\/p>\n<p>&nbsp;<\/p>\n<p><span style=\"color: #1c1c1c;\"><span style=\"font-family: Liberation Serif, serif;\"><span style=\"font-size: medium;\">O Grupo de Forcados Amadores de Coruche est\u00e1 em grande destaque num dos maiores festivais internacionais de fotografia da Europa, que este ano decorre na Eslov\u00e9nia no \u00e2mbito da candidatura de Kranj a Capital Europeia da Cultura 2025. <\/span><\/span><\/span><!--more--><\/p>\n<p>&nbsp;<\/p>\n<p><span style=\"color: #1c1c1c; font-family: Liberation Serif, serif; font-size: medium;\">Cada elemento do grupo foi retratado individualmente por Horst Friedrichs, um dos fot\u00f3grafos mundiais mais premiado da actualidade, numa s\u00e9rie a que deu o nome \u2013 Minotauro. <\/span><\/p>\n<p>&nbsp;<\/p>\n<p><span style=\"color: #1c1c1c; font-family: Liberation Serif, serif; font-size: medium;\">As obras v\u00e3o ficar expostas durante todo o evento, entre os dias 5 e 13 de Novembro, para o qual os Forcados Amadores de Coruche foram nomeados embaixadores oficiais.<\/span><\/p>\n<p>&nbsp;<\/p>\n<p><span style=\"color: #1c1c1c; font-family: Liberation Serif, serif; font-size: medium;\">Para a Pr\u00f3Toiro \u2013 Federa\u00e7\u00e3o Portuguesa de Tauromaquia, a presen\u00e7a da cultura taurom\u00e1quica num festival internacional de fotografia \u00e9, naturalmente, um motivo de orgulho mas, acima de tudo, uma demonstra\u00e7\u00e3o do interesse e potencial desta actividade cultural junto do p\u00fablico estrangeiro.<\/span><\/p>\n<p>&nbsp;<\/p>\n<p><span style=\"color: #1c1c1c; font-family: 'Liberation Serif', serif;\"><span style=\"font-size: medium;\">&#8220;<\/span><\/span><i><b style=\"color: #1c1c1c; font-family: 'Liberation Serif', serif; font-size: medium;\">Ao fazer algo t\u00e3o simples como respeitar a diversidade cultural dos artistas e promover a divulga\u00e7\u00e3o dos seus trabalhos, a candidatura de Kranj a Capital Europeia da Cultura \u00e9 um exemplo para outras cidades. Ao contr\u00e1rio do que acontece em Portugal, onde se censura a tauromaquia como forma de arte que integra o universo cultural do Pa\u00eds, a Eslov\u00e9nia valoriza-a atrav\u00e9s da <\/b><span style=\"color: #1c1c1c; font-family: Liberation Serif, serif; font-size: medium;\"><b>objectiva<\/b><\/span><b style=\"color: #1c1c1c; font-family: 'Liberation Serif', serif; font-size: medium;\">\u00a0de um alem\u00e3o<\/b><\/i><span style=\"color: #1c1c1c; font-family: Liberation Serif, serif; font-size: medium;\">&#8220;, afirma H\u00e9lder Milheiro, secret\u00e1rio-geral da Pr\u00f3Toiro, referindo-se \u00e0 recomenda\u00e7\u00e3o do conselho estrat\u00e9gico da candidatura de Leiria a Cidade Europeia da Cultura, na qual renega a actividade taurom\u00e1quica enquanto express\u00e3o cultural da regi\u00e3o.<\/span><\/p>\n<p>&nbsp;<\/p>\n<p><span style=\"color: #1c1c1c;\"><span style=\"font-family: Liberation Serif, serif;\"><span style=\"font-size: medium;\">A rela\u00e7\u00e3o entre Horst Friedrichs e o Grupo de Forcados Amadores de Coruche, apesar de recente, \u00e9 forte e alicer\u00e7ada no respeito m\u00fatuo. Horst Friedrichs descobriu Portugal ainda este ano, mas rapidamente desenvolveu um fasc\u00ednio particular pelo Ribatejo e Alentejo. Atrav\u00e9s da sua lente, Friedrichs captou o car\u00e1cter forte e singular dos habitantes destas regi\u00f5es, paisagens e tradi\u00e7\u00f5es.<\/span><\/span><\/span><\/p>\n<p>&nbsp;<\/p>\n<p><span style=\"color: #1c1c1c; font-family: Liberation Serif, serif; font-size: medium;\">A S\u00e9rie Minotauro, que ser\u00e1 retomada em breve, retrata n\u00e3o s\u00f3 o universo particular de tradi\u00e7\u00e3o e vanguarda, carisma e car\u00e1cter de cada membro do grupo, como o m\u00e9todo de transforma\u00e7\u00e3o de cada sujeito singular num membro activo de um grupo habituado ao ritual centen\u00e1rio da arena.<\/span><\/p>\n","protected":false},"excerpt":{"rendered":"<p>&nbsp; O Grupo de Forcados Amadores de Coruche est\u00e1 em grande destaque num dos maiores festivais internacionais de fotografia da Europa, que este ano decorre na Eslov\u00e9nia no \u00e2mbito da candidatura de Kranj a Capital Europeia da Cultura 2025.<\/p>\n","protected":false},"author":13,"featured_media":61749,"comment_status":"open","ping_status":"closed","sticky":false,"template":"","format":"standard","meta":{"footnotes":""},"categories":[2,9,7],"tags":[8141,8140,4571,5377,8143,8142,4076],"class_list":["post-61748","post","type-post","status-publish","format-standard","has-post-thumbnail","hentry","category-cultura","category-outros","category-tauromaquia","tag-capital-europeia-da-cultura-2025","tag-eslovenia","tag-grupo-de-forcados-amadores-de-coruche","tag-helder-milheiro","tag-horst-friedrichs","tag-kranj","tag-protoiro"],"yoast_head":"<!-- This site is optimized with the Yoast SEO plugin v27.4 - https:\/\/yoast.com\/product\/yoast-seo-wordpress\/ -->\n<title>Forcados de Coruche em destaque numa exposi\u00e7\u00e3o internacional de fotografia | Infocul.pt - Arquivo Digital<\/title>\n<meta name=\"description\" content=\"Forcados de Coruche em destaque numa exposi\u00e7\u00e3o internacional de fotografia | Infocul.pt - Arquivo Digital\" \/>\n<meta name=\"robots\" content=\"noindex, follow, max-snippet:-1, max-image-preview:large, max-video-preview:-1\" \/>\n<meta property=\"og:locale\" content=\"pt_PT\" \/>\n<meta property=\"og:type\" content=\"article\" \/>\n<meta property=\"og:title\" content=\"Forcados de Coruche em destaque numa exposi\u00e7\u00e3o internacional de fotografia | Infocul.pt - Arquivo Digital\" \/>\n<meta property=\"og:description\" content=\"Forcados de Coruche em destaque numa exposi\u00e7\u00e3o internacional de fotografia | Infocul.pt - Arquivo Digital\" \/>\n<meta property=\"og:url\" content=\"https:\/\/infocul.pt\/arquivo\/cultura\/forcados-de-coruche-em-destaque-numa-exposicao-internacional-de-fotografia\/\" \/>\n<meta property=\"og:site_name\" content=\"Infocul.pt - Arquivo Digital\" \/>\n<meta property=\"article:publisher\" content=\"https:\/\/www.facebook.com\/Infocul-147816815585015\/\" \/>\n<meta property=\"article:published_time\" content=\"2019-10-31T19:12:23+00:00\" \/>\n<meta property=\"article:modified_time\" content=\"2019-10-31T19:14:49+00:00\" \/>\n<meta property=\"og:image\" content=\"https:\/\/infocul.pt\/arquivo\/wp-content\/uploads\/2019\/10\/Coruche-Fotografia.jpg\" \/>\n\t<meta property=\"og:image:width\" content=\"1080\" \/>\n\t<meta property=\"og:image:height\" content=\"1920\" \/>\n\t<meta property=\"og:image:type\" content=\"image\/jpeg\" \/>\n<meta name=\"author\" content=\"Redac\u00e7\u00e3o\" \/>\n<meta name=\"twitter:card\" content=\"summary_large_image\" \/>\n<meta name=\"twitter:creator\" content=\"@Infoculpt\" \/>\n<meta name=\"twitter:site\" content=\"@Infoculpt\" \/>\n<meta name=\"twitter:label1\" content=\"Escrito por\" \/>\n\t<meta name=\"twitter:data1\" content=\"Redac\u00e7\u00e3o\" \/>\n\t<meta name=\"twitter:label2\" content=\"Tempo estimado de leitura\" \/>\n\t<meta name=\"twitter:data2\" content=\"2 minutos\" \/>\n<script type=\"application\/ld+json\" class=\"yoast-schema-graph\">{\"@context\":\"https:\\\/\\\/schema.org\",\"@graph\":[{\"@type\":\"Article\",\"@id\":\"https:\\\/\\\/infocul.pt\\\/arquivo\\\/cultura\\\/forcados-de-coruche-em-destaque-numa-exposicao-internacional-de-fotografia\\\/#article\",\"isPartOf\":{\"@id\":\"https:\\\/\\\/infocul.pt\\\/arquivo\\\/cultura\\\/forcados-de-coruche-em-destaque-numa-exposicao-internacional-de-fotografia\\\/\"},\"author\":{\"name\":\"Redac\u00e7\u00e3o\",\"@id\":\"https:\\\/\\\/infocul.pt\\\/arquivo\\\/#\\\/schema\\\/person\\\/f243f45ae8d67639120a7586884f3abc\"},\"headline\":\"Forcados de Coruche em destaque numa exposi\u00e7\u00e3o internacional de fotografia\",\"datePublished\":\"2019-10-31T19:12:23+00:00\",\"dateModified\":\"2019-10-31T19:14:49+00:00\",\"mainEntityOfPage\":{\"@id\":\"https:\\\/\\\/infocul.pt\\\/arquivo\\\/cultura\\\/forcados-de-coruche-em-destaque-numa-exposicao-internacional-de-fotografia\\\/\"},\"wordCount\":387,\"commentCount\":0,\"publisher\":{\"@id\":\"https:\\\/\\\/infocul.pt\\\/arquivo\\\/#organization\"},\"image\":{\"@id\":\"https:\\\/\\\/infocul.pt\\\/arquivo\\\/cultura\\\/forcados-de-coruche-em-destaque-numa-exposicao-internacional-de-fotografia\\\/#primaryimage\"},\"thumbnailUrl\":\"https:\\\/\\\/infocul.pt\\\/arquivo\\\/wp-content\\\/uploads\\\/2019\\\/10\\\/Coruche-Fotografia.jpg\",\"keywords\":[\"Capital Europeia da Cultura 2025\",\"Eslov\u00e9nia\",\"Grupo de Forcados Amadores de Coruche\",\"Helder Milheiro\",\"Horst Friedrichs\",\"Kranj\",\"Pr\u00f3toiro\"],\"articleSection\":[\"Cultura\",\"Outros\",\"Tauromaquia\"],\"inLanguage\":\"pt-PT\"},{\"@type\":\"WebPage\",\"@id\":\"https:\\\/\\\/infocul.pt\\\/arquivo\\\/cultura\\\/forcados-de-coruche-em-destaque-numa-exposicao-internacional-de-fotografia\\\/\",\"url\":\"https:\\\/\\\/infocul.pt\\\/arquivo\\\/cultura\\\/forcados-de-coruche-em-destaque-numa-exposicao-internacional-de-fotografia\\\/\",\"name\":\"Forcados de Coruche em destaque numa exposi\u00e7\u00e3o internacional de fotografia | Infocul.pt - Arquivo Digital\",\"isPartOf\":{\"@id\":\"https:\\\/\\\/infocul.pt\\\/arquivo\\\/#website\"},\"primaryImageOfPage\":{\"@id\":\"https:\\\/\\\/infocul.pt\\\/arquivo\\\/cultura\\\/forcados-de-coruche-em-destaque-numa-exposicao-internacional-de-fotografia\\\/#primaryimage\"},\"image\":{\"@id\":\"https:\\\/\\\/infocul.pt\\\/arquivo\\\/cultura\\\/forcados-de-coruche-em-destaque-numa-exposicao-internacional-de-fotografia\\\/#primaryimage\"},\"thumbnailUrl\":\"https:\\\/\\\/infocul.pt\\\/arquivo\\\/wp-content\\\/uploads\\\/2019\\\/10\\\/Coruche-Fotografia.jpg\",\"datePublished\":\"2019-10-31T19:12:23+00:00\",\"dateModified\":\"2019-10-31T19:14:49+00:00\",\"description\":\"Forcados de Coruche em destaque numa exposi\u00e7\u00e3o internacional de fotografia | Infocul.pt - Arquivo Digital\",\"breadcrumb\":{\"@id\":\"https:\\\/\\\/infocul.pt\\\/arquivo\\\/cultura\\\/forcados-de-coruche-em-destaque-numa-exposicao-internacional-de-fotografia\\\/#breadcrumb\"},\"inLanguage\":\"pt-PT\",\"potentialAction\":[{\"@type\":\"ReadAction\",\"target\":[\"https:\\\/\\\/infocul.pt\\\/arquivo\\\/cultura\\\/forcados-de-coruche-em-destaque-numa-exposicao-internacional-de-fotografia\\\/\"]}]},{\"@type\":\"ImageObject\",\"inLanguage\":\"pt-PT\",\"@id\":\"https:\\\/\\\/infocul.pt\\\/arquivo\\\/cultura\\\/forcados-de-coruche-em-destaque-numa-exposicao-internacional-de-fotografia\\\/#primaryimage\",\"url\":\"https:\\\/\\\/infocul.pt\\\/arquivo\\\/wp-content\\\/uploads\\\/2019\\\/10\\\/Coruche-Fotografia.jpg\",\"contentUrl\":\"https:\\\/\\\/infocul.pt\\\/arquivo\\\/wp-content\\\/uploads\\\/2019\\\/10\\\/Coruche-Fotografia.jpg\",\"width\":1080,\"height\":1920},{\"@type\":\"BreadcrumbList\",\"@id\":\"https:\\\/\\\/infocul.pt\\\/arquivo\\\/cultura\\\/forcados-de-coruche-em-destaque-numa-exposicao-internacional-de-fotografia\\\/#breadcrumb\",\"itemListElement\":[{\"@type\":\"ListItem\",\"position\":1,\"name\":\"Home\",\"item\":\"https:\\\/\\\/infocul.pt\\\/arquivo\\\/\"},{\"@type\":\"ListItem\",\"position\":2,\"name\":\"Forcados de Coruche em destaque numa exposi\u00e7\u00e3o internacional de fotografia\"}]},{\"@type\":\"WebSite\",\"@id\":\"https:\\\/\\\/infocul.pt\\\/arquivo\\\/#website\",\"url\":\"https:\\\/\\\/infocul.pt\\\/arquivo\\\/\",\"name\":\"Infocul.pt - Arquivo Digital\",\"description\":\"Arquivo digital da Infocul.pt\",\"publisher\":{\"@id\":\"https:\\\/\\\/infocul.pt\\\/arquivo\\\/#organization\"},\"potentialAction\":[{\"@type\":\"SearchAction\",\"target\":{\"@type\":\"EntryPoint\",\"urlTemplate\":\"https:\\\/\\\/infocul.pt\\\/arquivo\\\/?s={search_term_string}\"},\"query-input\":{\"@type\":\"PropertyValueSpecification\",\"valueRequired\":true,\"valueName\":\"search_term_string\"}}],\"inLanguage\":\"pt-PT\"},{\"@type\":\"Organization\",\"@id\":\"https:\\\/\\\/infocul.pt\\\/arquivo\\\/#organization\",\"name\":\"Infocul.pt\",\"url\":\"https:\\\/\\\/infocul.pt\\\/arquivo\\\/\",\"logo\":{\"@type\":\"ImageObject\",\"inLanguage\":\"pt-PT\",\"@id\":\"https:\\\/\\\/infocul.pt\\\/arquivo\\\/#\\\/schema\\\/logo\\\/image\\\/\",\"url\":\"https:\\\/\\\/infocul.pt\\\/arquivo\\\/wp-content\\\/uploads\\\/2018\\\/12\\\/Infocul_logo-1.png\",\"contentUrl\":\"https:\\\/\\\/infocul.pt\\\/arquivo\\\/wp-content\\\/uploads\\\/2018\\\/12\\\/Infocul_logo-1.png\",\"width\":800,\"height\":800,\"caption\":\"Infocul.pt\"},\"image\":{\"@id\":\"https:\\\/\\\/infocul.pt\\\/arquivo\\\/#\\\/schema\\\/logo\\\/image\\\/\"},\"sameAs\":[\"https:\\\/\\\/www.facebook.com\\\/Infocul-147816815585015\\\/\",\"https:\\\/\\\/x.com\\\/Infoculpt\",\"http:\\\/\\\/www.pictaram.com\\\/user\\\/infocul.pt\\\/2370423710\",\"https:\\\/\\\/www.youtube.com\\\/channel\\\/UCYEB91AGI9FL9ek2i_IaQAA\"]},{\"@type\":\"Person\",\"@id\":\"https:\\\/\\\/infocul.pt\\\/arquivo\\\/#\\\/schema\\\/person\\\/f243f45ae8d67639120a7586884f3abc\",\"name\":\"Redac\u00e7\u00e3o\",\"image\":{\"@type\":\"ImageObject\",\"inLanguage\":\"pt-PT\",\"@id\":\"https:\\\/\\\/secure.gravatar.com\\\/avatar\\\/151b1b76c598ab5e749407223bd6c1bad4e41c4e95de3c3df83540ebee2deaf8?s=96&d=mm&r=g\",\"url\":\"https:\\\/\\\/secure.gravatar.com\\\/avatar\\\/151b1b76c598ab5e749407223bd6c1bad4e41c4e95de3c3df83540ebee2deaf8?s=96&d=mm&r=g\",\"contentUrl\":\"https:\\\/\\\/secure.gravatar.com\\\/avatar\\\/151b1b76c598ab5e749407223bd6c1bad4e41c4e95de3c3df83540ebee2deaf8?s=96&d=mm&r=g\",\"caption\":\"Redac\u00e7\u00e3o\"}}]}<\/script>\n<!-- \/ Yoast SEO plugin. -->","yoast_head_json":{"title":"Forcados de Coruche em destaque numa exposi\u00e7\u00e3o internacional de fotografia | Infocul.pt - Arquivo Digital","description":"Forcados de Coruche em destaque numa exposi\u00e7\u00e3o internacional de fotografia | Infocul.pt - Arquivo Digital","robots":{"index":"noindex","follow":"follow","max-snippet":"max-snippet:-1","max-image-preview":"max-image-preview:large","max-video-preview":"max-video-preview:-1"},"og_locale":"pt_PT","og_type":"article","og_title":"Forcados de Coruche em destaque numa exposi\u00e7\u00e3o internacional de fotografia | Infocul.pt - Arquivo Digital","og_description":"Forcados de Coruche em destaque numa exposi\u00e7\u00e3o internacional de fotografia | Infocul.pt - Arquivo Digital","og_url":"https:\/\/infocul.pt\/arquivo\/cultura\/forcados-de-coruche-em-destaque-numa-exposicao-internacional-de-fotografia\/","og_site_name":"Infocul.pt - Arquivo Digital","article_publisher":"https:\/\/www.facebook.com\/Infocul-147816815585015\/","article_published_time":"2019-10-31T19:12:23+00:00","article_modified_time":"2019-10-31T19:14:49+00:00","og_image":[{"width":1080,"height":1920,"url":"https:\/\/infocul.pt\/arquivo\/wp-content\/uploads\/2019\/10\/Coruche-Fotografia.jpg","type":"image\/jpeg"}],"author":"Redac\u00e7\u00e3o","twitter_card":"summary_large_image","twitter_creator":"@Infoculpt","twitter_site":"@Infoculpt","twitter_misc":{"Escrito por":"Redac\u00e7\u00e3o","Tempo estimado de leitura":"2 minutos"},"schema":{"@context":"https:\/\/schema.org","@graph":[{"@type":"Article","@id":"https:\/\/infocul.pt\/arquivo\/cultura\/forcados-de-coruche-em-destaque-numa-exposicao-internacional-de-fotografia\/#article","isPartOf":{"@id":"https:\/\/infocul.pt\/arquivo\/cultura\/forcados-de-coruche-em-destaque-numa-exposicao-internacional-de-fotografia\/"},"author":{"name":"Redac\u00e7\u00e3o","@id":"https:\/\/infocul.pt\/arquivo\/#\/schema\/person\/f243f45ae8d67639120a7586884f3abc"},"headline":"Forcados de Coruche em destaque numa exposi\u00e7\u00e3o internacional de fotografia","datePublished":"2019-10-31T19:12:23+00:00","dateModified":"2019-10-31T19:14:49+00:00","mainEntityOfPage":{"@id":"https:\/\/infocul.pt\/arquivo\/cultura\/forcados-de-coruche-em-destaque-numa-exposicao-internacional-de-fotografia\/"},"wordCount":387,"commentCount":0,"publisher":{"@id":"https:\/\/infocul.pt\/arquivo\/#organization"},"image":{"@id":"https:\/\/infocul.pt\/arquivo\/cultura\/forcados-de-coruche-em-destaque-numa-exposicao-internacional-de-fotografia\/#primaryimage"},"thumbnailUrl":"https:\/\/infocul.pt\/arquivo\/wp-content\/uploads\/2019\/10\/Coruche-Fotografia.jpg","keywords":["Capital Europeia da Cultura 2025","Eslov\u00e9nia","Grupo de Forcados Amadores de Coruche","Helder Milheiro","Horst Friedrichs","Kranj","Pr\u00f3toiro"],"articleSection":["Cultura","Outros","Tauromaquia"],"inLanguage":"pt-PT"},{"@type":"WebPage","@id":"https:\/\/infocul.pt\/arquivo\/cultura\/forcados-de-coruche-em-destaque-numa-exposicao-internacional-de-fotografia\/","url":"https:\/\/infocul.pt\/arquivo\/cultura\/forcados-de-coruche-em-destaque-numa-exposicao-internacional-de-fotografia\/","name":"Forcados de Coruche em destaque numa exposi\u00e7\u00e3o internacional de fotografia | Infocul.pt - Arquivo Digital","isPartOf":{"@id":"https:\/\/infocul.pt\/arquivo\/#website"},"primaryImageOfPage":{"@id":"https:\/\/infocul.pt\/arquivo\/cultura\/forcados-de-coruche-em-destaque-numa-exposicao-internacional-de-fotografia\/#primaryimage"},"image":{"@id":"https:\/\/infocul.pt\/arquivo\/cultura\/forcados-de-coruche-em-destaque-numa-exposicao-internacional-de-fotografia\/#primaryimage"},"thumbnailUrl":"https:\/\/infocul.pt\/arquivo\/wp-content\/uploads\/2019\/10\/Coruche-Fotografia.jpg","datePublished":"2019-10-31T19:12:23+00:00","dateModified":"2019-10-31T19:14:49+00:00","description":"Forcados de Coruche em destaque numa exposi\u00e7\u00e3o internacional de fotografia | Infocul.pt - Arquivo Digital","breadcrumb":{"@id":"https:\/\/infocul.pt\/arquivo\/cultura\/forcados-de-coruche-em-destaque-numa-exposicao-internacional-de-fotografia\/#breadcrumb"},"inLanguage":"pt-PT","potentialAction":[{"@type":"ReadAction","target":["https:\/\/infocul.pt\/arquivo\/cultura\/forcados-de-coruche-em-destaque-numa-exposicao-internacional-de-fotografia\/"]}]},{"@type":"ImageObject","inLanguage":"pt-PT","@id":"https:\/\/infocul.pt\/arquivo\/cultura\/forcados-de-coruche-em-destaque-numa-exposicao-internacional-de-fotografia\/#primaryimage","url":"https:\/\/infocul.pt\/arquivo\/wp-content\/uploads\/2019\/10\/Coruche-Fotografia.jpg","contentUrl":"https:\/\/infocul.pt\/arquivo\/wp-content\/uploads\/2019\/10\/Coruche-Fotografia.jpg","width":1080,"height":1920},{"@type":"BreadcrumbList","@id":"https:\/\/infocul.pt\/arquivo\/cultura\/forcados-de-coruche-em-destaque-numa-exposicao-internacional-de-fotografia\/#breadcrumb","itemListElement":[{"@type":"ListItem","position":1,"name":"Home","item":"https:\/\/infocul.pt\/arquivo\/"},{"@type":"ListItem","position":2,"name":"Forcados de Coruche em destaque numa exposi\u00e7\u00e3o internacional de fotografia"}]},{"@type":"WebSite","@id":"https:\/\/infocul.pt\/arquivo\/#website","url":"https:\/\/infocul.pt\/arquivo\/","name":"Infocul.pt - Arquivo Digital","description":"Arquivo digital da Infocul.pt","publisher":{"@id":"https:\/\/infocul.pt\/arquivo\/#organization"},"potentialAction":[{"@type":"SearchAction","target":{"@type":"EntryPoint","urlTemplate":"https:\/\/infocul.pt\/arquivo\/?s={search_term_string}"},"query-input":{"@type":"PropertyValueSpecification","valueRequired":true,"valueName":"search_term_string"}}],"inLanguage":"pt-PT"},{"@type":"Organization","@id":"https:\/\/infocul.pt\/arquivo\/#organization","name":"Infocul.pt","url":"https:\/\/infocul.pt\/arquivo\/","logo":{"@type":"ImageObject","inLanguage":"pt-PT","@id":"https:\/\/infocul.pt\/arquivo\/#\/schema\/logo\/image\/","url":"https:\/\/infocul.pt\/arquivo\/wp-content\/uploads\/2018\/12\/Infocul_logo-1.png","contentUrl":"https:\/\/infocul.pt\/arquivo\/wp-content\/uploads\/2018\/12\/Infocul_logo-1.png","width":800,"height":800,"caption":"Infocul.pt"},"image":{"@id":"https:\/\/infocul.pt\/arquivo\/#\/schema\/logo\/image\/"},"sameAs":["https:\/\/www.facebook.com\/Infocul-147816815585015\/","https:\/\/x.com\/Infoculpt","http:\/\/www.pictaram.com\/user\/infocul.pt\/2370423710","https:\/\/www.youtube.com\/channel\/UCYEB91AGI9FL9ek2i_IaQAA"]},{"@type":"Person","@id":"https:\/\/infocul.pt\/arquivo\/#\/schema\/person\/f243f45ae8d67639120a7586884f3abc","name":"Redac\u00e7\u00e3o","image":{"@type":"ImageObject","inLanguage":"pt-PT","@id":"https:\/\/secure.gravatar.com\/avatar\/151b1b76c598ab5e749407223bd6c1bad4e41c4e95de3c3df83540ebee2deaf8?s=96&d=mm&r=g","url":"https:\/\/secure.gravatar.com\/avatar\/151b1b76c598ab5e749407223bd6c1bad4e41c4e95de3c3df83540ebee2deaf8?s=96&d=mm&r=g","contentUrl":"https:\/\/secure.gravatar.com\/avatar\/151b1b76c598ab5e749407223bd6c1bad4e41c4e95de3c3df83540ebee2deaf8?s=96&d=mm&r=g","caption":"Redac\u00e7\u00e3o"}}]}},"_links":{"self":[{"href":"https:\/\/infocul.pt\/arquivo\/wp-json\/wp\/v2\/posts\/61748","targetHints":{"allow":["GET"]}}],"collection":[{"href":"https:\/\/infocul.pt\/arquivo\/wp-json\/wp\/v2\/posts"}],"about":[{"href":"https:\/\/infocul.pt\/arquivo\/wp-json\/wp\/v2\/types\/post"}],"author":[{"embeddable":true,"href":"https:\/\/infocul.pt\/arquivo\/wp-json\/wp\/v2\/users\/13"}],"replies":[{"embeddable":true,"href":"https:\/\/infocul.pt\/arquivo\/wp-json\/wp\/v2\/comments?post=61748"}],"version-history":[{"count":0,"href":"https:\/\/infocul.pt\/arquivo\/wp-json\/wp\/v2\/posts\/61748\/revisions"}],"wp:featuredmedia":[{"embeddable":true,"href":"https:\/\/infocul.pt\/arquivo\/wp-json\/wp\/v2\/media\/61749"}],"wp:attachment":[{"href":"https:\/\/infocul.pt\/arquivo\/wp-json\/wp\/v2\/media?parent=61748"}],"wp:term":[{"taxonomy":"category","embeddable":true,"href":"https:\/\/infocul.pt\/arquivo\/wp-json\/wp\/v2\/categories?post=61748"},{"taxonomy":"post_tag","embeddable":true,"href":"https:\/\/infocul.pt\/arquivo\/wp-json\/wp\/v2\/tags?post=61748"}],"curies":[{"name":"wp","href":"https:\/\/api.w.org\/{rel}","templated":true}]}}