{"id":61753,"date":"2019-11-01T10:22:25","date_gmt":"2019-11-01T10:22:25","guid":{"rendered":"https:\/\/infocul.pt\/?p=61753"},"modified":"2019-11-01T10:22:25","modified_gmt":"2019-11-01T10:22:25","slug":"vila-real-gnr-fez-apreensao-de-6-500-litros-de-aguardente","status":"publish","type":"post","link":"https:\/\/infocul.pt\/arquivo\/actualidade\/vila-real-gnr-fez-apreensao-de-6-500-litros-de-aguardente\/","title":{"rendered":"Vila Real: GNR fez apreens\u00e3o de 6.500 litros de aguardente"},"content":{"rendered":"<p><img decoding=\"async\" class=\"aligncenter wp-image-61754 size-large lazyload\" data-src=\"https:\/\/infocul.pt\/arquivo\/wp-content\/uploads\/2019\/11\/Apreens\u00e3o-Aguardente-1024x768.jpg\" alt=\"\" width=\"800\" height=\"600\" data-srcset=\"https:\/\/infocul.pt\/arquivo\/wp-content\/uploads\/2019\/11\/Apreens\u00e3o-Aguardente-1024x768.jpg 1024w, https:\/\/infocul.pt\/arquivo\/wp-content\/uploads\/2019\/11\/Apreens\u00e3o-Aguardente-300x225.jpg 300w, https:\/\/infocul.pt\/arquivo\/wp-content\/uploads\/2019\/11\/Apreens\u00e3o-Aguardente-768x576.jpg 768w, https:\/\/infocul.pt\/arquivo\/wp-content\/uploads\/2019\/11\/Apreens\u00e3o-Aguardente.jpg 1500w\" data-sizes=\"(max-width: 800px) 100vw, 800px\" src=\"data:image\/svg+xml;base64,PHN2ZyB3aWR0aD0iMSIgaGVpZ2h0PSIxIiB4bWxucz0iaHR0cDovL3d3dy53My5vcmcvMjAwMC9zdmciPjwvc3ZnPg==\" style=\"--smush-placeholder-width: 800px; --smush-placeholder-aspect-ratio: 800\/600;\" \/><\/p>\n<p>&nbsp;<\/p>\n<p>&nbsp;<\/p>\n<p>A Unidade de Ac\u00e7\u00e3o Fiscal, atrav\u00e9s do Destacamento de Ac\u00e7\u00e3o Fiscal do Porto, ontem, dia 31 de Outubro, no distrito de Vila Real, apreendeu 6.500 litros de aguardente introduzidos de forma fraudulenta no consumo.<!--more--><\/p>\n<p>No \u00e2mbito de uma fiscaliza\u00e7\u00e3o a entrepostos fiscais, ou seja, um lugar autorizado a produzir bebidas sujeitas a imposto sobre o \u00e1lcool e bebidas alco\u00f3licas, os militares detectaram que um homem, deposit\u00e1rio autorizado, desviava parte da produ\u00e7\u00e3o para um armaz\u00e9m situado na sua resid\u00eancia.<\/p>\n<p>No seguimento das dilig\u00eancias, foram realizadas tr\u00eas buscas domicili\u00e1rias que permitiram apreender a aguardente guardada ilegalmente.<\/p>\n<p>O propriet\u00e1rio foi constitu\u00eddo arguido e os factos remetidos ao Tribunal Judicial de Alij\u00f3.<\/p>\n<p>A presta\u00e7\u00e3o tribut\u00e1ria em falta (Imposto Sobre \u00c1lcool e Bebidas Alco\u00f3licas), corresponde a um valor de 45 mil euros.<\/p>\n<p><img decoding=\"async\" class=\"aligncenter wp-image-61755 size-large lazyload\" data-src=\"https:\/\/infocul.pt\/arquivo\/wp-content\/uploads\/2019\/11\/Apreens\u00e3o-Aguardente-3-1024x767.jpg\" alt=\"\" width=\"800\" height=\"599\" data-srcset=\"https:\/\/infocul.pt\/arquivo\/wp-content\/uploads\/2019\/11\/Apreens\u00e3o-Aguardente-3-1024x767.jpg 1024w, https:\/\/infocul.pt\/arquivo\/wp-content\/uploads\/2019\/11\/Apreens\u00e3o-Aguardente-3-300x225.jpg 300w, https:\/\/infocul.pt\/arquivo\/wp-content\/uploads\/2019\/11\/Apreens\u00e3o-Aguardente-3-768x575.jpg 768w, https:\/\/infocul.pt\/arquivo\/wp-content\/uploads\/2019\/11\/Apreens\u00e3o-Aguardente-3.jpg 1182w\" data-sizes=\"(max-width: 800px) 100vw, 800px\" src=\"data:image\/svg+xml;base64,PHN2ZyB3aWR0aD0iMSIgaGVpZ2h0PSIxIiB4bWxucz0iaHR0cDovL3d3dy53My5vcmcvMjAwMC9zdmciPjwvc3ZnPg==\" style=\"--smush-placeholder-width: 800px; --smush-placeholder-aspect-ratio: 800\/599;\" \/><\/p>\n<p>&nbsp;<\/p>\n<p><img decoding=\"async\" class=\"aligncenter wp-image-61756 size-large lazyload\" data-src=\"https:\/\/infocul.pt\/arquivo\/wp-content\/uploads\/2019\/11\/Apreens\u00e3o-Aguardente-2-1024x768.jpg\" alt=\"\" width=\"800\" height=\"600\" data-srcset=\"https:\/\/infocul.pt\/arquivo\/wp-content\/uploads\/2019\/11\/Apreens\u00e3o-Aguardente-2-1024x768.jpg 1024w, https:\/\/infocul.pt\/arquivo\/wp-content\/uploads\/2019\/11\/Apreens\u00e3o-Aguardente-2-300x225.jpg 300w, https:\/\/infocul.pt\/arquivo\/wp-content\/uploads\/2019\/11\/Apreens\u00e3o-Aguardente-2-768x576.jpg 768w, https:\/\/infocul.pt\/arquivo\/wp-content\/uploads\/2019\/11\/Apreens\u00e3o-Aguardente-2.jpg 1500w\" data-sizes=\"(max-width: 800px) 100vw, 800px\" src=\"data:image\/svg+xml;base64,PHN2ZyB3aWR0aD0iMSIgaGVpZ2h0PSIxIiB4bWxucz0iaHR0cDovL3d3dy53My5vcmcvMjAwMC9zdmciPjwvc3ZnPg==\" style=\"--smush-placeholder-width: 800px; --smush-placeholder-aspect-ratio: 800\/600;\" \/><\/p>\n","protected":false},"excerpt":{"rendered":"<p>&nbsp; &nbsp; A Unidade de Ac\u00e7\u00e3o Fiscal, atrav\u00e9s do Destacamento de Ac\u00e7\u00e3o Fiscal do Porto, ontem, dia 31 de Outubro, no distrito de Vila Real, apreendeu 6.500 litros de aguardente introduzidos de forma fraudulenta no consumo.<\/p>\n","protected":false},"author":13,"featured_media":61754,"comment_status":"open","ping_status":"closed","sticky":false,"template":"","format":"standard","meta":{"footnotes":""},"categories":[10,11],"tags":[1138,317],"class_list":["post-61753","post","type-post","status-publish","format-standard","has-post-thumbnail","hentry","category-actualidade","category-pais","tag-gnr","tag-vila-real"],"yoast_head":"<!-- This site is optimized with the Yoast SEO plugin v27.4 - https:\/\/yoast.com\/product\/yoast-seo-wordpress\/ -->\n<title>Vila Real: GNR fez apreens\u00e3o de 6.500 litros de aguardente | Infocul.pt - Arquivo Digital<\/title>\n<meta name=\"description\" content=\"Vila Real: GNR fez apreens\u00e3o de 6.500 litros de aguardente | Infocul.pt - Arquivo Digital\" \/>\n<meta name=\"robots\" content=\"noindex, follow, max-snippet:-1, max-image-preview:large, max-video-preview:-1\" \/>\n<meta property=\"og:locale\" content=\"pt_PT\" \/>\n<meta property=\"og:type\" content=\"article\" \/>\n<meta property=\"og:title\" content=\"Vila Real: GNR fez apreens\u00e3o de 6.500 litros de aguardente | Infocul.pt - Arquivo Digital\" \/>\n<meta property=\"og:description\" content=\"Vila Real: GNR fez apreens\u00e3o de 6.500 litros de aguardente | Infocul.pt - Arquivo Digital\" \/>\n<meta property=\"og:url\" content=\"https:\/\/infocul.pt\/arquivo\/actualidade\/vila-real-gnr-fez-apreensao-de-6-500-litros-de-aguardente\/\" \/>\n<meta property=\"og:site_name\" content=\"Infocul.pt - Arquivo Digital\" \/>\n<meta property=\"article:publisher\" content=\"https:\/\/www.facebook.com\/Infocul-147816815585015\/\" \/>\n<meta property=\"article:published_time\" content=\"2019-11-01T10:22:25+00:00\" \/>\n<meta property=\"og:image\" content=\"https:\/\/infocul.pt\/arquivo\/wp-content\/uploads\/2019\/11\/Apreens\u00e3o-Aguardente.jpg\" \/>\n\t<meta property=\"og:image:width\" content=\"1500\" \/>\n\t<meta property=\"og:image:height\" content=\"1125\" \/>\n\t<meta property=\"og:image:type\" content=\"image\/jpeg\" \/>\n<meta name=\"author\" content=\"Redac\u00e7\u00e3o\" \/>\n<meta name=\"twitter:card\" content=\"summary_large_image\" \/>\n<meta name=\"twitter:creator\" content=\"@Infoculpt\" \/>\n<meta name=\"twitter:site\" content=\"@Infoculpt\" \/>\n<meta name=\"twitter:label1\" content=\"Escrito por\" \/>\n\t<meta name=\"twitter:data1\" content=\"Redac\u00e7\u00e3o\" \/>\n\t<meta name=\"twitter:label2\" content=\"Tempo estimado de leitura\" \/>\n\t<meta name=\"twitter:data2\" content=\"1 minuto\" \/>\n<script type=\"application\/ld+json\" class=\"yoast-schema-graph\">{\"@context\":\"https:\\\/\\\/schema.org\",\"@graph\":[{\"@type\":\"Article\",\"@id\":\"https:\\\/\\\/infocul.pt\\\/arquivo\\\/actualidade\\\/vila-real-gnr-fez-apreensao-de-6-500-litros-de-aguardente\\\/#article\",\"isPartOf\":{\"@id\":\"https:\\\/\\\/infocul.pt\\\/arquivo\\\/actualidade\\\/vila-real-gnr-fez-apreensao-de-6-500-litros-de-aguardente\\\/\"},\"author\":{\"name\":\"Redac\u00e7\u00e3o\",\"@id\":\"https:\\\/\\\/infocul.pt\\\/arquivo\\\/#\\\/schema\\\/person\\\/f243f45ae8d67639120a7586884f3abc\"},\"headline\":\"Vila Real: GNR fez apreens\u00e3o de 6.500 litros de aguardente\",\"datePublished\":\"2019-11-01T10:22:25+00:00\",\"mainEntityOfPage\":{\"@id\":\"https:\\\/\\\/infocul.pt\\\/arquivo\\\/actualidade\\\/vila-real-gnr-fez-apreensao-de-6-500-litros-de-aguardente\\\/\"},\"wordCount\":154,\"commentCount\":0,\"publisher\":{\"@id\":\"https:\\\/\\\/infocul.pt\\\/arquivo\\\/#organization\"},\"image\":{\"@id\":\"https:\\\/\\\/infocul.pt\\\/arquivo\\\/actualidade\\\/vila-real-gnr-fez-apreensao-de-6-500-litros-de-aguardente\\\/#primaryimage\"},\"thumbnailUrl\":\"https:\\\/\\\/infocul.pt\\\/arquivo\\\/wp-content\\\/uploads\\\/2019\\\/11\\\/Apreens\u00e3o-Aguardente.jpg\",\"keywords\":[\"GNR\",\"Vila Real\"],\"articleSection\":[\"Actualidade\",\"Pa\u00eds\"],\"inLanguage\":\"pt-PT\"},{\"@type\":\"WebPage\",\"@id\":\"https:\\\/\\\/infocul.pt\\\/arquivo\\\/actualidade\\\/vila-real-gnr-fez-apreensao-de-6-500-litros-de-aguardente\\\/\",\"url\":\"https:\\\/\\\/infocul.pt\\\/arquivo\\\/actualidade\\\/vila-real-gnr-fez-apreensao-de-6-500-litros-de-aguardente\\\/\",\"name\":\"Vila Real: GNR fez apreens\u00e3o de 6.500 litros de aguardente | Infocul.pt - Arquivo Digital\",\"isPartOf\":{\"@id\":\"https:\\\/\\\/infocul.pt\\\/arquivo\\\/#website\"},\"primaryImageOfPage\":{\"@id\":\"https:\\\/\\\/infocul.pt\\\/arquivo\\\/actualidade\\\/vila-real-gnr-fez-apreensao-de-6-500-litros-de-aguardente\\\/#primaryimage\"},\"image\":{\"@id\":\"https:\\\/\\\/infocul.pt\\\/arquivo\\\/actualidade\\\/vila-real-gnr-fez-apreensao-de-6-500-litros-de-aguardente\\\/#primaryimage\"},\"thumbnailUrl\":\"https:\\\/\\\/infocul.pt\\\/arquivo\\\/wp-content\\\/uploads\\\/2019\\\/11\\\/Apreens\u00e3o-Aguardente.jpg\",\"datePublished\":\"2019-11-01T10:22:25+00:00\",\"description\":\"Vila Real: GNR fez apreens\u00e3o de 6.500 litros de aguardente | Infocul.pt - Arquivo Digital\",\"breadcrumb\":{\"@id\":\"https:\\\/\\\/infocul.pt\\\/arquivo\\\/actualidade\\\/vila-real-gnr-fez-apreensao-de-6-500-litros-de-aguardente\\\/#breadcrumb\"},\"inLanguage\":\"pt-PT\",\"potentialAction\":[{\"@type\":\"ReadAction\",\"target\":[\"https:\\\/\\\/infocul.pt\\\/arquivo\\\/actualidade\\\/vila-real-gnr-fez-apreensao-de-6-500-litros-de-aguardente\\\/\"]}]},{\"@type\":\"ImageObject\",\"inLanguage\":\"pt-PT\",\"@id\":\"https:\\\/\\\/infocul.pt\\\/arquivo\\\/actualidade\\\/vila-real-gnr-fez-apreensao-de-6-500-litros-de-aguardente\\\/#primaryimage\",\"url\":\"https:\\\/\\\/infocul.pt\\\/arquivo\\\/wp-content\\\/uploads\\\/2019\\\/11\\\/Apreens\u00e3o-Aguardente.jpg\",\"contentUrl\":\"https:\\\/\\\/infocul.pt\\\/arquivo\\\/wp-content\\\/uploads\\\/2019\\\/11\\\/Apreens\u00e3o-Aguardente.jpg\",\"width\":1500,\"height\":1125},{\"@type\":\"BreadcrumbList\",\"@id\":\"https:\\\/\\\/infocul.pt\\\/arquivo\\\/actualidade\\\/vila-real-gnr-fez-apreensao-de-6-500-litros-de-aguardente\\\/#breadcrumb\",\"itemListElement\":[{\"@type\":\"ListItem\",\"position\":1,\"name\":\"Home\",\"item\":\"https:\\\/\\\/infocul.pt\\\/arquivo\\\/\"},{\"@type\":\"ListItem\",\"position\":2,\"name\":\"Vila Real: GNR fez apreens\u00e3o de 6.500 litros de aguardente\"}]},{\"@type\":\"WebSite\",\"@id\":\"https:\\\/\\\/infocul.pt\\\/arquivo\\\/#website\",\"url\":\"https:\\\/\\\/infocul.pt\\\/arquivo\\\/\",\"name\":\"Infocul.pt - Arquivo Digital\",\"description\":\"Arquivo digital da Infocul.pt\",\"publisher\":{\"@id\":\"https:\\\/\\\/infocul.pt\\\/arquivo\\\/#organization\"},\"potentialAction\":[{\"@type\":\"SearchAction\",\"target\":{\"@type\":\"EntryPoint\",\"urlTemplate\":\"https:\\\/\\\/infocul.pt\\\/arquivo\\\/?s={search_term_string}\"},\"query-input\":{\"@type\":\"PropertyValueSpecification\",\"valueRequired\":true,\"valueName\":\"search_term_string\"}}],\"inLanguage\":\"pt-PT\"},{\"@type\":\"Organization\",\"@id\":\"https:\\\/\\\/infocul.pt\\\/arquivo\\\/#organization\",\"name\":\"Infocul.pt\",\"url\":\"https:\\\/\\\/infocul.pt\\\/arquivo\\\/\",\"logo\":{\"@type\":\"ImageObject\",\"inLanguage\":\"pt-PT\",\"@id\":\"https:\\\/\\\/infocul.pt\\\/arquivo\\\/#\\\/schema\\\/logo\\\/image\\\/\",\"url\":\"https:\\\/\\\/infocul.pt\\\/arquivo\\\/wp-content\\\/uploads\\\/2018\\\/12\\\/Infocul_logo-1.png\",\"contentUrl\":\"https:\\\/\\\/infocul.pt\\\/arquivo\\\/wp-content\\\/uploads\\\/2018\\\/12\\\/Infocul_logo-1.png\",\"width\":800,\"height\":800,\"caption\":\"Infocul.pt\"},\"image\":{\"@id\":\"https:\\\/\\\/infocul.pt\\\/arquivo\\\/#\\\/schema\\\/logo\\\/image\\\/\"},\"sameAs\":[\"https:\\\/\\\/www.facebook.com\\\/Infocul-147816815585015\\\/\",\"https:\\\/\\\/x.com\\\/Infoculpt\",\"http:\\\/\\\/www.pictaram.com\\\/user\\\/infocul.pt\\\/2370423710\",\"https:\\\/\\\/www.youtube.com\\\/channel\\\/UCYEB91AGI9FL9ek2i_IaQAA\"]},{\"@type\":\"Person\",\"@id\":\"https:\\\/\\\/infocul.pt\\\/arquivo\\\/#\\\/schema\\\/person\\\/f243f45ae8d67639120a7586884f3abc\",\"name\":\"Redac\u00e7\u00e3o\",\"image\":{\"@type\":\"ImageObject\",\"inLanguage\":\"pt-PT\",\"@id\":\"https:\\\/\\\/secure.gravatar.com\\\/avatar\\\/151b1b76c598ab5e749407223bd6c1bad4e41c4e95de3c3df83540ebee2deaf8?s=96&d=mm&r=g\",\"url\":\"https:\\\/\\\/secure.gravatar.com\\\/avatar\\\/151b1b76c598ab5e749407223bd6c1bad4e41c4e95de3c3df83540ebee2deaf8?s=96&d=mm&r=g\",\"contentUrl\":\"https:\\\/\\\/secure.gravatar.com\\\/avatar\\\/151b1b76c598ab5e749407223bd6c1bad4e41c4e95de3c3df83540ebee2deaf8?s=96&d=mm&r=g\",\"caption\":\"Redac\u00e7\u00e3o\"}}]}<\/script>\n<!-- \/ Yoast SEO plugin. -->","yoast_head_json":{"title":"Vila Real: GNR fez apreens\u00e3o de 6.500 litros de aguardente | Infocul.pt - Arquivo Digital","description":"Vila Real: GNR fez apreens\u00e3o de 6.500 litros de aguardente | Infocul.pt - Arquivo Digital","robots":{"index":"noindex","follow":"follow","max-snippet":"max-snippet:-1","max-image-preview":"max-image-preview:large","max-video-preview":"max-video-preview:-1"},"og_locale":"pt_PT","og_type":"article","og_title":"Vila Real: GNR fez apreens\u00e3o de 6.500 litros de aguardente | Infocul.pt - Arquivo Digital","og_description":"Vila Real: GNR fez apreens\u00e3o de 6.500 litros de aguardente | Infocul.pt - Arquivo Digital","og_url":"https:\/\/infocul.pt\/arquivo\/actualidade\/vila-real-gnr-fez-apreensao-de-6-500-litros-de-aguardente\/","og_site_name":"Infocul.pt - Arquivo Digital","article_publisher":"https:\/\/www.facebook.com\/Infocul-147816815585015\/","article_published_time":"2019-11-01T10:22:25+00:00","og_image":[{"width":1500,"height":1125,"url":"https:\/\/infocul.pt\/arquivo\/wp-content\/uploads\/2019\/11\/Apreens\u00e3o-Aguardente.jpg","type":"image\/jpeg"}],"author":"Redac\u00e7\u00e3o","twitter_card":"summary_large_image","twitter_creator":"@Infoculpt","twitter_site":"@Infoculpt","twitter_misc":{"Escrito por":"Redac\u00e7\u00e3o","Tempo estimado de leitura":"1 minuto"},"schema":{"@context":"https:\/\/schema.org","@graph":[{"@type":"Article","@id":"https:\/\/infocul.pt\/arquivo\/actualidade\/vila-real-gnr-fez-apreensao-de-6-500-litros-de-aguardente\/#article","isPartOf":{"@id":"https:\/\/infocul.pt\/arquivo\/actualidade\/vila-real-gnr-fez-apreensao-de-6-500-litros-de-aguardente\/"},"author":{"name":"Redac\u00e7\u00e3o","@id":"https:\/\/infocul.pt\/arquivo\/#\/schema\/person\/f243f45ae8d67639120a7586884f3abc"},"headline":"Vila Real: GNR fez apreens\u00e3o de 6.500 litros de aguardente","datePublished":"2019-11-01T10:22:25+00:00","mainEntityOfPage":{"@id":"https:\/\/infocul.pt\/arquivo\/actualidade\/vila-real-gnr-fez-apreensao-de-6-500-litros-de-aguardente\/"},"wordCount":154,"commentCount":0,"publisher":{"@id":"https:\/\/infocul.pt\/arquivo\/#organization"},"image":{"@id":"https:\/\/infocul.pt\/arquivo\/actualidade\/vila-real-gnr-fez-apreensao-de-6-500-litros-de-aguardente\/#primaryimage"},"thumbnailUrl":"https:\/\/infocul.pt\/arquivo\/wp-content\/uploads\/2019\/11\/Apreens\u00e3o-Aguardente.jpg","keywords":["GNR","Vila Real"],"articleSection":["Actualidade","Pa\u00eds"],"inLanguage":"pt-PT"},{"@type":"WebPage","@id":"https:\/\/infocul.pt\/arquivo\/actualidade\/vila-real-gnr-fez-apreensao-de-6-500-litros-de-aguardente\/","url":"https:\/\/infocul.pt\/arquivo\/actualidade\/vila-real-gnr-fez-apreensao-de-6-500-litros-de-aguardente\/","name":"Vila Real: GNR fez apreens\u00e3o de 6.500 litros de aguardente | Infocul.pt - Arquivo Digital","isPartOf":{"@id":"https:\/\/infocul.pt\/arquivo\/#website"},"primaryImageOfPage":{"@id":"https:\/\/infocul.pt\/arquivo\/actualidade\/vila-real-gnr-fez-apreensao-de-6-500-litros-de-aguardente\/#primaryimage"},"image":{"@id":"https:\/\/infocul.pt\/arquivo\/actualidade\/vila-real-gnr-fez-apreensao-de-6-500-litros-de-aguardente\/#primaryimage"},"thumbnailUrl":"https:\/\/infocul.pt\/arquivo\/wp-content\/uploads\/2019\/11\/Apreens\u00e3o-Aguardente.jpg","datePublished":"2019-11-01T10:22:25+00:00","description":"Vila Real: GNR fez apreens\u00e3o de 6.500 litros de aguardente | Infocul.pt - Arquivo Digital","breadcrumb":{"@id":"https:\/\/infocul.pt\/arquivo\/actualidade\/vila-real-gnr-fez-apreensao-de-6-500-litros-de-aguardente\/#breadcrumb"},"inLanguage":"pt-PT","potentialAction":[{"@type":"ReadAction","target":["https:\/\/infocul.pt\/arquivo\/actualidade\/vila-real-gnr-fez-apreensao-de-6-500-litros-de-aguardente\/"]}]},{"@type":"ImageObject","inLanguage":"pt-PT","@id":"https:\/\/infocul.pt\/arquivo\/actualidade\/vila-real-gnr-fez-apreensao-de-6-500-litros-de-aguardente\/#primaryimage","url":"https:\/\/infocul.pt\/arquivo\/wp-content\/uploads\/2019\/11\/Apreens\u00e3o-Aguardente.jpg","contentUrl":"https:\/\/infocul.pt\/arquivo\/wp-content\/uploads\/2019\/11\/Apreens\u00e3o-Aguardente.jpg","width":1500,"height":1125},{"@type":"BreadcrumbList","@id":"https:\/\/infocul.pt\/arquivo\/actualidade\/vila-real-gnr-fez-apreensao-de-6-500-litros-de-aguardente\/#breadcrumb","itemListElement":[{"@type":"ListItem","position":1,"name":"Home","item":"https:\/\/infocul.pt\/arquivo\/"},{"@type":"ListItem","position":2,"name":"Vila Real: GNR fez apreens\u00e3o de 6.500 litros de aguardente"}]},{"@type":"WebSite","@id":"https:\/\/infocul.pt\/arquivo\/#website","url":"https:\/\/infocul.pt\/arquivo\/","name":"Infocul.pt - Arquivo Digital","description":"Arquivo digital da Infocul.pt","publisher":{"@id":"https:\/\/infocul.pt\/arquivo\/#organization"},"potentialAction":[{"@type":"SearchAction","target":{"@type":"EntryPoint","urlTemplate":"https:\/\/infocul.pt\/arquivo\/?s={search_term_string}"},"query-input":{"@type":"PropertyValueSpecification","valueRequired":true,"valueName":"search_term_string"}}],"inLanguage":"pt-PT"},{"@type":"Organization","@id":"https:\/\/infocul.pt\/arquivo\/#organization","name":"Infocul.pt","url":"https:\/\/infocul.pt\/arquivo\/","logo":{"@type":"ImageObject","inLanguage":"pt-PT","@id":"https:\/\/infocul.pt\/arquivo\/#\/schema\/logo\/image\/","url":"https:\/\/infocul.pt\/arquivo\/wp-content\/uploads\/2018\/12\/Infocul_logo-1.png","contentUrl":"https:\/\/infocul.pt\/arquivo\/wp-content\/uploads\/2018\/12\/Infocul_logo-1.png","width":800,"height":800,"caption":"Infocul.pt"},"image":{"@id":"https:\/\/infocul.pt\/arquivo\/#\/schema\/logo\/image\/"},"sameAs":["https:\/\/www.facebook.com\/Infocul-147816815585015\/","https:\/\/x.com\/Infoculpt","http:\/\/www.pictaram.com\/user\/infocul.pt\/2370423710","https:\/\/www.youtube.com\/channel\/UCYEB91AGI9FL9ek2i_IaQAA"]},{"@type":"Person","@id":"https:\/\/infocul.pt\/arquivo\/#\/schema\/person\/f243f45ae8d67639120a7586884f3abc","name":"Redac\u00e7\u00e3o","image":{"@type":"ImageObject","inLanguage":"pt-PT","@id":"https:\/\/secure.gravatar.com\/avatar\/151b1b76c598ab5e749407223bd6c1bad4e41c4e95de3c3df83540ebee2deaf8?s=96&d=mm&r=g","url":"https:\/\/secure.gravatar.com\/avatar\/151b1b76c598ab5e749407223bd6c1bad4e41c4e95de3c3df83540ebee2deaf8?s=96&d=mm&r=g","contentUrl":"https:\/\/secure.gravatar.com\/avatar\/151b1b76c598ab5e749407223bd6c1bad4e41c4e95de3c3df83540ebee2deaf8?s=96&d=mm&r=g","caption":"Redac\u00e7\u00e3o"}}]}},"_links":{"self":[{"href":"https:\/\/infocul.pt\/arquivo\/wp-json\/wp\/v2\/posts\/61753","targetHints":{"allow":["GET"]}}],"collection":[{"href":"https:\/\/infocul.pt\/arquivo\/wp-json\/wp\/v2\/posts"}],"about":[{"href":"https:\/\/infocul.pt\/arquivo\/wp-json\/wp\/v2\/types\/post"}],"author":[{"embeddable":true,"href":"https:\/\/infocul.pt\/arquivo\/wp-json\/wp\/v2\/users\/13"}],"replies":[{"embeddable":true,"href":"https:\/\/infocul.pt\/arquivo\/wp-json\/wp\/v2\/comments?post=61753"}],"version-history":[{"count":0,"href":"https:\/\/infocul.pt\/arquivo\/wp-json\/wp\/v2\/posts\/61753\/revisions"}],"wp:featuredmedia":[{"embeddable":true,"href":"https:\/\/infocul.pt\/arquivo\/wp-json\/wp\/v2\/media\/61754"}],"wp:attachment":[{"href":"https:\/\/infocul.pt\/arquivo\/wp-json\/wp\/v2\/media?parent=61753"}],"wp:term":[{"taxonomy":"category","embeddable":true,"href":"https:\/\/infocul.pt\/arquivo\/wp-json\/wp\/v2\/categories?post=61753"},{"taxonomy":"post_tag","embeddable":true,"href":"https:\/\/infocul.pt\/arquivo\/wp-json\/wp\/v2\/tags?post=61753"}],"curies":[{"name":"wp","href":"https:\/\/api.w.org\/{rel}","templated":true}]}}