{"id":61777,"date":"2019-11-01T23:54:32","date_gmt":"2019-11-01T23:54:32","guid":{"rendered":"https:\/\/infocul.pt\/?p=61777"},"modified":"2019-11-01T23:54:32","modified_gmt":"2019-11-01T23:54:32","slug":"caramel-macchiato-com-pedro-teixeira-da-mota-esgotou-coliseu-dos-recreios","status":"publish","type":"post","link":"https:\/\/infocul.pt\/arquivo\/cultura\/caramel-macchiato-com-pedro-teixeira-da-mota-esgotou-coliseu-dos-recreios\/","title":{"rendered":"&#8216;Caramel Macchiato&#8217;, com Pedro Teixeira da Mota, esgotou Coliseu dos Recreios"},"content":{"rendered":"<figure id=\"attachment_61778\" aria-describedby=\"caption-attachment-61778\" style=\"width: 800px\" class=\"wp-caption aligncenter\"><img decoding=\"async\" class=\"wp-image-61778 size-large lazyload\" data-src=\"https:\/\/infocul.pt\/arquivo\/wp-content\/uploads\/2019\/11\/IMG_20191101_220433-1024x768.jpg\" alt=\"\" width=\"800\" height=\"600\" data-srcset=\"https:\/\/infocul.pt\/arquivo\/wp-content\/uploads\/2019\/11\/IMG_20191101_220433-1024x768.jpg 1024w, https:\/\/infocul.pt\/arquivo\/wp-content\/uploads\/2019\/11\/IMG_20191101_220433-300x225.jpg 300w, https:\/\/infocul.pt\/arquivo\/wp-content\/uploads\/2019\/11\/IMG_20191101_220433-768x576.jpg 768w\" data-sizes=\"(max-width: 800px) 100vw, 800px\" src=\"data:image\/svg+xml;base64,PHN2ZyB3aWR0aD0iMSIgaGVpZ2h0PSIxIiB4bWxucz0iaHR0cDovL3d3dy53My5vcmcvMjAwMC9zdmciPjwvc3ZnPg==\" style=\"--smush-placeholder-width: 800px; --smush-placeholder-aspect-ratio: 800\/600;\" \/><figcaption id=\"caption-attachment-61778\" class=\"wp-caption-text\">D.R.<\/figcaption><\/figure>\n<p>&nbsp;<\/p>\n<p>&nbsp;<\/p>\n<p>Foi com lota\u00e7\u00e3o esgotada que <a href=\"https:\/\/www.facebook.com\/pedrotmota\/\" target=\"_blank\" rel=\"noopener noreferrer\">Pedro Teixeira da Mota<\/a> se apresentou no primeiro de dois dias no Coliseu dos Recreios.<!--more--><\/p>\n<p>Depois de &#8216;Impasse&#8217; que esgotou v\u00e1rias salas, incluindo o <a href=\"https:\/\/infocul.pt\/arquivo\/cultura\/pedro-teixeira-da-mota-impasse-precisar-de-evolucao\/\" target=\"_blank\" rel=\"noopener noreferrer\">Tivoli BBVA<\/a>, \u00e9 agora a vez de &#8216;Caramel Macchiato&#8217;.<\/p>\n<p>H\u00e1 uma nova gera\u00e7\u00e3o de humoristas que tem potenciado, e bem, as diversas redes sociais e demais plataformas digitais.<\/p>\n<p>Pedro Teixeira da Mota \u00e9 um desses, flagrantes, casos. Seguido por milhares, criou um podcast que \u00e9 um verdadeiro sucesso e agora foi a vez de a sala mais emblem\u00e1tica de Lisboa o receber.<\/p>\n<p>No caminho at\u00e9 \u00e0 sala, desde a entrada no coliseu, v\u00e1rios pap\u00e9is informavam da proibi\u00e7\u00e3o de filmar e gravar.<\/p>\n<p>Da plateia \u00e0s galerias em p\u00e9, o p\u00fablico ia acomodando-se e pelas 22:08, Pedro Teixeira da Mota subiu ao palco do Coliseu, ap\u00f3s Jorge Gabriel, voz off, o anunciar e pedir a primeira grande ova\u00e7\u00e3o da noite.<\/p>\n<p>Sozinho em palco apostou em piadas sobre v\u00e1rios temas e personalidade. Desde a curiosidade por Rita Ferro Rodrigues at\u00e9 experi\u00eancias escolares.<\/p>\n<p>O seu percurso de vida e profissional foi ainda recordado em verdadeiros flash memories ao estilo stand up comedy.<\/p>\n<p>Hist\u00f3rias com entregadores da Telepizza, engates de discoteca, viagem aos Estados Unidos ou uma visita a uma casa para a comprar foram ainda abordados.<\/p>\n<p>\u00c9 at\u00e9 mesmo nas piadas que n\u00e3o resultaram foi aplaudido. Por diante teve um p\u00fablico pouco exigente e que foi ali por ser verdadeiro f\u00e3 de Pedro Teixeira da Mota.<\/p>\n<p>Tempo ainda para o comediante &#8216;repar&#8217; acompanhado por guitarra. Uma hora em cima do palco que terminou com forte ova\u00e7\u00e3o e p\u00fablico de p\u00e9.<\/p>\n<p>Amanh\u00e3, 2 de Novembro, Pedro Teixeira da Mota sobe novamente ao palco na sala lisboeta.<\/p>\n","protected":false},"excerpt":{"rendered":"<p>&nbsp; &nbsp; Foi com lota\u00e7\u00e3o esgotada que Pedro Teixeira da Mota se apresentou no primeiro de dois dias no Coliseu dos Recreios.<\/p>\n","protected":false},"author":2,"featured_media":61778,"comment_status":"open","ping_status":"closed","sticky":false,"template":"","format":"standard","meta":{"footnotes":""},"categories":[2,36,9,4123],"tags":[41,80,8149],"class_list":["post-61777","post","type-post","status-publish","format-standard","has-post-thumbnail","hentry","category-cultura","category-destaque","category-outros","category-reportagens-actualidade","tag-coliseu-dos-recreios","tag-lisboa","tag-pedro-teixeira-da"],"yoast_head":"<!-- This site is optimized with the Yoast SEO plugin v27.5 - https:\/\/yoast.com\/product\/yoast-seo-wordpress\/ -->\n<title>&#039;Caramel Macchiato&#039;, com Pedro Teixeira da Mota, esgotou Coliseu dos Recreios | Infocul.pt - Arquivo Digital<\/title>\n<meta name=\"description\" content=\"&#039;Caramel Macchiato&#039;, com Pedro Teixeira da Mota, esgotou Coliseu dos Recreios | Infocul.pt - Arquivo Digital\" \/>\n<meta name=\"robots\" content=\"noindex, follow, max-snippet:-1, max-image-preview:large, max-video-preview:-1\" \/>\n<meta property=\"og:locale\" content=\"pt_PT\" \/>\n<meta property=\"og:type\" content=\"article\" \/>\n<meta property=\"og:title\" content=\"&#039;Caramel Macchiato&#039;, com Pedro Teixeira da Mota, esgotou Coliseu dos Recreios | Infocul.pt - Arquivo Digital\" \/>\n<meta property=\"og:description\" content=\"&#039;Caramel Macchiato&#039;, com Pedro Teixeira da Mota, esgotou Coliseu dos Recreios | Infocul.pt - Arquivo Digital\" \/>\n<meta property=\"og:url\" content=\"https:\/\/infocul.pt\/arquivo\/cultura\/caramel-macchiato-com-pedro-teixeira-da-mota-esgotou-coliseu-dos-recreios\/\" \/>\n<meta property=\"og:site_name\" content=\"Infocul.pt - Arquivo Digital\" \/>\n<meta property=\"article:publisher\" content=\"https:\/\/www.facebook.com\/Infocul-147816815585015\/\" \/>\n<meta property=\"article:published_time\" content=\"2019-11-01T23:54:32+00:00\" \/>\n<meta property=\"og:image\" content=\"https:\/\/infocul.pt\/arquivo\/wp-content\/uploads\/2019\/11\/IMG_20191101_220433-1024x768.jpg\" \/>\n\t<meta property=\"og:image:width\" content=\"1024\" \/>\n\t<meta property=\"og:image:height\" content=\"768\" \/>\n\t<meta property=\"og:image:type\" content=\"image\/jpeg\" \/>\n<meta name=\"author\" content=\"Rui Lavrador\" \/>\n<meta name=\"twitter:card\" content=\"summary_large_image\" \/>\n<meta name=\"twitter:creator\" content=\"@Infoculpt\" \/>\n<meta name=\"twitter:site\" content=\"@Infoculpt\" \/>\n<meta name=\"twitter:label1\" content=\"Escrito por\" \/>\n\t<meta name=\"twitter:data1\" content=\"Rui Lavrador\" \/>\n\t<meta name=\"twitter:label2\" content=\"Tempo estimado de leitura\" \/>\n\t<meta name=\"twitter:data2\" content=\"2 minutos\" \/>\n<script type=\"application\/ld+json\" class=\"yoast-schema-graph\">{\"@context\":\"https:\\\/\\\/schema.org\",\"@graph\":[{\"@type\":\"Article\",\"@id\":\"https:\\\/\\\/infocul.pt\\\/arquivo\\\/cultura\\\/caramel-macchiato-com-pedro-teixeira-da-mota-esgotou-coliseu-dos-recreios\\\/#article\",\"isPartOf\":{\"@id\":\"https:\\\/\\\/infocul.pt\\\/arquivo\\\/cultura\\\/caramel-macchiato-com-pedro-teixeira-da-mota-esgotou-coliseu-dos-recreios\\\/\"},\"author\":{\"name\":\"Rui Lavrador\",\"@id\":\"https:\\\/\\\/infocul.pt\\\/arquivo\\\/#\\\/schema\\\/person\\\/060a108d7f2d85fc6aae505119ee5234\"},\"headline\":\"&#8216;Caramel Macchiato&#8217;, com Pedro Teixeira da Mota, esgotou Coliseu dos Recreios\",\"datePublished\":\"2019-11-01T23:54:32+00:00\",\"mainEntityOfPage\":{\"@id\":\"https:\\\/\\\/infocul.pt\\\/arquivo\\\/cultura\\\/caramel-macchiato-com-pedro-teixeira-da-mota-esgotou-coliseu-dos-recreios\\\/\"},\"wordCount\":312,\"commentCount\":0,\"publisher\":{\"@id\":\"https:\\\/\\\/infocul.pt\\\/arquivo\\\/#organization\"},\"image\":{\"@id\":\"https:\\\/\\\/infocul.pt\\\/arquivo\\\/cultura\\\/caramel-macchiato-com-pedro-teixeira-da-mota-esgotou-coliseu-dos-recreios\\\/#primaryimage\"},\"thumbnailUrl\":\"https:\\\/\\\/infocul.pt\\\/arquivo\\\/wp-content\\\/uploads\\\/2019\\\/11\\\/IMG_20191101_220433.jpg\",\"keywords\":[\"Coliseu dos Recreios\",\"Lisboa\",\"Pedro Teixeira da\"],\"articleSection\":[\"Cultura\",\"Destaque\",\"Outros\",\"Reportagens\"],\"inLanguage\":\"pt-PT\"},{\"@type\":\"WebPage\",\"@id\":\"https:\\\/\\\/infocul.pt\\\/arquivo\\\/cultura\\\/caramel-macchiato-com-pedro-teixeira-da-mota-esgotou-coliseu-dos-recreios\\\/\",\"url\":\"https:\\\/\\\/infocul.pt\\\/arquivo\\\/cultura\\\/caramel-macchiato-com-pedro-teixeira-da-mota-esgotou-coliseu-dos-recreios\\\/\",\"name\":\"'Caramel Macchiato', com Pedro Teixeira da Mota, esgotou Coliseu dos Recreios | Infocul.pt - Arquivo Digital\",\"isPartOf\":{\"@id\":\"https:\\\/\\\/infocul.pt\\\/arquivo\\\/#website\"},\"primaryImageOfPage\":{\"@id\":\"https:\\\/\\\/infocul.pt\\\/arquivo\\\/cultura\\\/caramel-macchiato-com-pedro-teixeira-da-mota-esgotou-coliseu-dos-recreios\\\/#primaryimage\"},\"image\":{\"@id\":\"https:\\\/\\\/infocul.pt\\\/arquivo\\\/cultura\\\/caramel-macchiato-com-pedro-teixeira-da-mota-esgotou-coliseu-dos-recreios\\\/#primaryimage\"},\"thumbnailUrl\":\"https:\\\/\\\/infocul.pt\\\/arquivo\\\/wp-content\\\/uploads\\\/2019\\\/11\\\/IMG_20191101_220433.jpg\",\"datePublished\":\"2019-11-01T23:54:32+00:00\",\"description\":\"'Caramel Macchiato', com Pedro Teixeira da Mota, esgotou Coliseu dos Recreios | Infocul.pt - Arquivo Digital\",\"breadcrumb\":{\"@id\":\"https:\\\/\\\/infocul.pt\\\/arquivo\\\/cultura\\\/caramel-macchiato-com-pedro-teixeira-da-mota-esgotou-coliseu-dos-recreios\\\/#breadcrumb\"},\"inLanguage\":\"pt-PT\",\"potentialAction\":[{\"@type\":\"ReadAction\",\"target\":[\"https:\\\/\\\/infocul.pt\\\/arquivo\\\/cultura\\\/caramel-macchiato-com-pedro-teixeira-da-mota-esgotou-coliseu-dos-recreios\\\/\"]}]},{\"@type\":\"ImageObject\",\"inLanguage\":\"pt-PT\",\"@id\":\"https:\\\/\\\/infocul.pt\\\/arquivo\\\/cultura\\\/caramel-macchiato-com-pedro-teixeira-da-mota-esgotou-coliseu-dos-recreios\\\/#primaryimage\",\"url\":\"https:\\\/\\\/infocul.pt\\\/arquivo\\\/wp-content\\\/uploads\\\/2019\\\/11\\\/IMG_20191101_220433.jpg\",\"contentUrl\":\"https:\\\/\\\/infocul.pt\\\/arquivo\\\/wp-content\\\/uploads\\\/2019\\\/11\\\/IMG_20191101_220433.jpg\",\"width\":5120,\"height\":3840,\"caption\":\"dav\"},{\"@type\":\"BreadcrumbList\",\"@id\":\"https:\\\/\\\/infocul.pt\\\/arquivo\\\/cultura\\\/caramel-macchiato-com-pedro-teixeira-da-mota-esgotou-coliseu-dos-recreios\\\/#breadcrumb\",\"itemListElement\":[{\"@type\":\"ListItem\",\"position\":1,\"name\":\"Home\",\"item\":\"https:\\\/\\\/infocul.pt\\\/arquivo\\\/\"},{\"@type\":\"ListItem\",\"position\":2,\"name\":\"&#8216;Caramel Macchiato&#8217;, com Pedro Teixeira da Mota, esgotou Coliseu dos Recreios\"}]},{\"@type\":\"WebSite\",\"@id\":\"https:\\\/\\\/infocul.pt\\\/arquivo\\\/#website\",\"url\":\"https:\\\/\\\/infocul.pt\\\/arquivo\\\/\",\"name\":\"Infocul.pt - Arquivo Digital\",\"description\":\"Arquivo digital da Infocul.pt\",\"publisher\":{\"@id\":\"https:\\\/\\\/infocul.pt\\\/arquivo\\\/#organization\"},\"potentialAction\":[{\"@type\":\"SearchAction\",\"target\":{\"@type\":\"EntryPoint\",\"urlTemplate\":\"https:\\\/\\\/infocul.pt\\\/arquivo\\\/?s={search_term_string}\"},\"query-input\":{\"@type\":\"PropertyValueSpecification\",\"valueRequired\":true,\"valueName\":\"search_term_string\"}}],\"inLanguage\":\"pt-PT\"},{\"@type\":\"Organization\",\"@id\":\"https:\\\/\\\/infocul.pt\\\/arquivo\\\/#organization\",\"name\":\"Infocul.pt\",\"url\":\"https:\\\/\\\/infocul.pt\\\/arquivo\\\/\",\"logo\":{\"@type\":\"ImageObject\",\"inLanguage\":\"pt-PT\",\"@id\":\"https:\\\/\\\/infocul.pt\\\/arquivo\\\/#\\\/schema\\\/logo\\\/image\\\/\",\"url\":\"https:\\\/\\\/infocul.pt\\\/arquivo\\\/wp-content\\\/uploads\\\/2018\\\/12\\\/Infocul_logo-1.png\",\"contentUrl\":\"https:\\\/\\\/infocul.pt\\\/arquivo\\\/wp-content\\\/uploads\\\/2018\\\/12\\\/Infocul_logo-1.png\",\"width\":800,\"height\":800,\"caption\":\"Infocul.pt\"},\"image\":{\"@id\":\"https:\\\/\\\/infocul.pt\\\/arquivo\\\/#\\\/schema\\\/logo\\\/image\\\/\"},\"sameAs\":[\"https:\\\/\\\/www.facebook.com\\\/Infocul-147816815585015\\\/\",\"https:\\\/\\\/x.com\\\/Infoculpt\",\"http:\\\/\\\/www.pictaram.com\\\/user\\\/infocul.pt\\\/2370423710\",\"https:\\\/\\\/www.youtube.com\\\/channel\\\/UCYEB91AGI9FL9ek2i_IaQAA\"]},{\"@type\":\"Person\",\"@id\":\"https:\\\/\\\/infocul.pt\\\/arquivo\\\/#\\\/schema\\\/person\\\/060a108d7f2d85fc6aae505119ee5234\",\"name\":\"Rui Lavrador\",\"image\":{\"@type\":\"ImageObject\",\"inLanguage\":\"pt-PT\",\"@id\":\"https:\\\/\\\/secure.gravatar.com\\\/avatar\\\/93febd6873394aa8e975148548a0cb203acfdd42d2c85c5f1408e1a76678aece?s=96&d=mm&r=g\",\"url\":\"https:\\\/\\\/secure.gravatar.com\\\/avatar\\\/93febd6873394aa8e975148548a0cb203acfdd42d2c85c5f1408e1a76678aece?s=96&d=mm&r=g\",\"contentUrl\":\"https:\\\/\\\/secure.gravatar.com\\\/avatar\\\/93febd6873394aa8e975148548a0cb203acfdd42d2c85c5f1408e1a76678aece?s=96&d=mm&r=g\",\"caption\":\"Rui Lavrador\"},\"description\":\"Iniciou em 2011 o seu percurso em comunica\u00e7\u00e3o social, tendo integrado v\u00e1rios projectos editoriais. Durante o seu percurso integrou projectos como Jornal Hardm\u00fasica, LusoNot\u00edcias, Toureio.pt, ODigital.pt, entre outros \u00d3rg\u00e3os de Comunica\u00e7\u00e3o Social nacionais, na redac\u00e7\u00e3o de v\u00e1rios artigos. Entrevistou a grande maioria das personalidades mais importantes da vida social e cultural do pa\u00eds, destacando-se, tamb\u00e9m, na aprecia\u00e7\u00e3o de v\u00e1rios espect\u00e1culos. Durante o seu percurso, deu a conhecer v\u00e1rios artistas, at\u00e9 ent\u00e3o desconhecidos, ao grande p\u00fablico. Em 2015 criou e fundou o Infocul.pt, projecto no qual assume a direc\u00e7\u00e3o editorial.\",\"sameAs\":[\"http:\\\/\\\/www.infocul.pt\"]}]}<\/script>\n<!-- \/ Yoast SEO plugin. -->","yoast_head_json":{"title":"'Caramel Macchiato', com Pedro Teixeira da Mota, esgotou Coliseu dos Recreios | Infocul.pt - Arquivo Digital","description":"'Caramel Macchiato', com Pedro Teixeira da Mota, esgotou Coliseu dos Recreios | Infocul.pt - Arquivo Digital","robots":{"index":"noindex","follow":"follow","max-snippet":"max-snippet:-1","max-image-preview":"max-image-preview:large","max-video-preview":"max-video-preview:-1"},"og_locale":"pt_PT","og_type":"article","og_title":"'Caramel Macchiato', com Pedro Teixeira da Mota, esgotou Coliseu dos Recreios | Infocul.pt - Arquivo Digital","og_description":"'Caramel Macchiato', com Pedro Teixeira da Mota, esgotou Coliseu dos Recreios | Infocul.pt - Arquivo Digital","og_url":"https:\/\/infocul.pt\/arquivo\/cultura\/caramel-macchiato-com-pedro-teixeira-da-mota-esgotou-coliseu-dos-recreios\/","og_site_name":"Infocul.pt - Arquivo Digital","article_publisher":"https:\/\/www.facebook.com\/Infocul-147816815585015\/","article_published_time":"2019-11-01T23:54:32+00:00","og_image":[{"width":1024,"height":768,"url":"https:\/\/infocul.pt\/arquivo\/wp-content\/uploads\/2019\/11\/IMG_20191101_220433-1024x768.jpg","type":"image\/jpeg"}],"author":"Rui Lavrador","twitter_card":"summary_large_image","twitter_creator":"@Infoculpt","twitter_site":"@Infoculpt","twitter_misc":{"Escrito por":"Rui Lavrador","Tempo estimado de leitura":"2 minutos"},"schema":{"@context":"https:\/\/schema.org","@graph":[{"@type":"Article","@id":"https:\/\/infocul.pt\/arquivo\/cultura\/caramel-macchiato-com-pedro-teixeira-da-mota-esgotou-coliseu-dos-recreios\/#article","isPartOf":{"@id":"https:\/\/infocul.pt\/arquivo\/cultura\/caramel-macchiato-com-pedro-teixeira-da-mota-esgotou-coliseu-dos-recreios\/"},"author":{"name":"Rui Lavrador","@id":"https:\/\/infocul.pt\/arquivo\/#\/schema\/person\/060a108d7f2d85fc6aae505119ee5234"},"headline":"&#8216;Caramel Macchiato&#8217;, com Pedro Teixeira da Mota, esgotou Coliseu dos Recreios","datePublished":"2019-11-01T23:54:32+00:00","mainEntityOfPage":{"@id":"https:\/\/infocul.pt\/arquivo\/cultura\/caramel-macchiato-com-pedro-teixeira-da-mota-esgotou-coliseu-dos-recreios\/"},"wordCount":312,"commentCount":0,"publisher":{"@id":"https:\/\/infocul.pt\/arquivo\/#organization"},"image":{"@id":"https:\/\/infocul.pt\/arquivo\/cultura\/caramel-macchiato-com-pedro-teixeira-da-mota-esgotou-coliseu-dos-recreios\/#primaryimage"},"thumbnailUrl":"https:\/\/infocul.pt\/arquivo\/wp-content\/uploads\/2019\/11\/IMG_20191101_220433.jpg","keywords":["Coliseu dos Recreios","Lisboa","Pedro Teixeira da"],"articleSection":["Cultura","Destaque","Outros","Reportagens"],"inLanguage":"pt-PT"},{"@type":"WebPage","@id":"https:\/\/infocul.pt\/arquivo\/cultura\/caramel-macchiato-com-pedro-teixeira-da-mota-esgotou-coliseu-dos-recreios\/","url":"https:\/\/infocul.pt\/arquivo\/cultura\/caramel-macchiato-com-pedro-teixeira-da-mota-esgotou-coliseu-dos-recreios\/","name":"'Caramel Macchiato', com Pedro Teixeira da Mota, esgotou Coliseu dos Recreios | Infocul.pt - Arquivo Digital","isPartOf":{"@id":"https:\/\/infocul.pt\/arquivo\/#website"},"primaryImageOfPage":{"@id":"https:\/\/infocul.pt\/arquivo\/cultura\/caramel-macchiato-com-pedro-teixeira-da-mota-esgotou-coliseu-dos-recreios\/#primaryimage"},"image":{"@id":"https:\/\/infocul.pt\/arquivo\/cultura\/caramel-macchiato-com-pedro-teixeira-da-mota-esgotou-coliseu-dos-recreios\/#primaryimage"},"thumbnailUrl":"https:\/\/infocul.pt\/arquivo\/wp-content\/uploads\/2019\/11\/IMG_20191101_220433.jpg","datePublished":"2019-11-01T23:54:32+00:00","description":"'Caramel Macchiato', com Pedro Teixeira da Mota, esgotou Coliseu dos Recreios | Infocul.pt - Arquivo Digital","breadcrumb":{"@id":"https:\/\/infocul.pt\/arquivo\/cultura\/caramel-macchiato-com-pedro-teixeira-da-mota-esgotou-coliseu-dos-recreios\/#breadcrumb"},"inLanguage":"pt-PT","potentialAction":[{"@type":"ReadAction","target":["https:\/\/infocul.pt\/arquivo\/cultura\/caramel-macchiato-com-pedro-teixeira-da-mota-esgotou-coliseu-dos-recreios\/"]}]},{"@type":"ImageObject","inLanguage":"pt-PT","@id":"https:\/\/infocul.pt\/arquivo\/cultura\/caramel-macchiato-com-pedro-teixeira-da-mota-esgotou-coliseu-dos-recreios\/#primaryimage","url":"https:\/\/infocul.pt\/arquivo\/wp-content\/uploads\/2019\/11\/IMG_20191101_220433.jpg","contentUrl":"https:\/\/infocul.pt\/arquivo\/wp-content\/uploads\/2019\/11\/IMG_20191101_220433.jpg","width":5120,"height":3840,"caption":"dav"},{"@type":"BreadcrumbList","@id":"https:\/\/infocul.pt\/arquivo\/cultura\/caramel-macchiato-com-pedro-teixeira-da-mota-esgotou-coliseu-dos-recreios\/#breadcrumb","itemListElement":[{"@type":"ListItem","position":1,"name":"Home","item":"https:\/\/infocul.pt\/arquivo\/"},{"@type":"ListItem","position":2,"name":"&#8216;Caramel Macchiato&#8217;, com Pedro Teixeira da Mota, esgotou Coliseu dos Recreios"}]},{"@type":"WebSite","@id":"https:\/\/infocul.pt\/arquivo\/#website","url":"https:\/\/infocul.pt\/arquivo\/","name":"Infocul.pt - Arquivo Digital","description":"Arquivo digital da Infocul.pt","publisher":{"@id":"https:\/\/infocul.pt\/arquivo\/#organization"},"potentialAction":[{"@type":"SearchAction","target":{"@type":"EntryPoint","urlTemplate":"https:\/\/infocul.pt\/arquivo\/?s={search_term_string}"},"query-input":{"@type":"PropertyValueSpecification","valueRequired":true,"valueName":"search_term_string"}}],"inLanguage":"pt-PT"},{"@type":"Organization","@id":"https:\/\/infocul.pt\/arquivo\/#organization","name":"Infocul.pt","url":"https:\/\/infocul.pt\/arquivo\/","logo":{"@type":"ImageObject","inLanguage":"pt-PT","@id":"https:\/\/infocul.pt\/arquivo\/#\/schema\/logo\/image\/","url":"https:\/\/infocul.pt\/arquivo\/wp-content\/uploads\/2018\/12\/Infocul_logo-1.png","contentUrl":"https:\/\/infocul.pt\/arquivo\/wp-content\/uploads\/2018\/12\/Infocul_logo-1.png","width":800,"height":800,"caption":"Infocul.pt"},"image":{"@id":"https:\/\/infocul.pt\/arquivo\/#\/schema\/logo\/image\/"},"sameAs":["https:\/\/www.facebook.com\/Infocul-147816815585015\/","https:\/\/x.com\/Infoculpt","http:\/\/www.pictaram.com\/user\/infocul.pt\/2370423710","https:\/\/www.youtube.com\/channel\/UCYEB91AGI9FL9ek2i_IaQAA"]},{"@type":"Person","@id":"https:\/\/infocul.pt\/arquivo\/#\/schema\/person\/060a108d7f2d85fc6aae505119ee5234","name":"Rui Lavrador","image":{"@type":"ImageObject","inLanguage":"pt-PT","@id":"https:\/\/secure.gravatar.com\/avatar\/93febd6873394aa8e975148548a0cb203acfdd42d2c85c5f1408e1a76678aece?s=96&d=mm&r=g","url":"https:\/\/secure.gravatar.com\/avatar\/93febd6873394aa8e975148548a0cb203acfdd42d2c85c5f1408e1a76678aece?s=96&d=mm&r=g","contentUrl":"https:\/\/secure.gravatar.com\/avatar\/93febd6873394aa8e975148548a0cb203acfdd42d2c85c5f1408e1a76678aece?s=96&d=mm&r=g","caption":"Rui Lavrador"},"description":"Iniciou em 2011 o seu percurso em comunica\u00e7\u00e3o social, tendo integrado v\u00e1rios projectos editoriais. Durante o seu percurso integrou projectos como Jornal Hardm\u00fasica, LusoNot\u00edcias, Toureio.pt, ODigital.pt, entre outros \u00d3rg\u00e3os de Comunica\u00e7\u00e3o Social nacionais, na redac\u00e7\u00e3o de v\u00e1rios artigos. Entrevistou a grande maioria das personalidades mais importantes da vida social e cultural do pa\u00eds, destacando-se, tamb\u00e9m, na aprecia\u00e7\u00e3o de v\u00e1rios espect\u00e1culos. Durante o seu percurso, deu a conhecer v\u00e1rios artistas, at\u00e9 ent\u00e3o desconhecidos, ao grande p\u00fablico. Em 2015 criou e fundou o Infocul.pt, projecto no qual assume a direc\u00e7\u00e3o editorial.","sameAs":["http:\/\/www.infocul.pt"]}]}},"_links":{"self":[{"href":"https:\/\/infocul.pt\/arquivo\/wp-json\/wp\/v2\/posts\/61777","targetHints":{"allow":["GET"]}}],"collection":[{"href":"https:\/\/infocul.pt\/arquivo\/wp-json\/wp\/v2\/posts"}],"about":[{"href":"https:\/\/infocul.pt\/arquivo\/wp-json\/wp\/v2\/types\/post"}],"author":[{"embeddable":true,"href":"https:\/\/infocul.pt\/arquivo\/wp-json\/wp\/v2\/users\/2"}],"replies":[{"embeddable":true,"href":"https:\/\/infocul.pt\/arquivo\/wp-json\/wp\/v2\/comments?post=61777"}],"version-history":[{"count":0,"href":"https:\/\/infocul.pt\/arquivo\/wp-json\/wp\/v2\/posts\/61777\/revisions"}],"wp:featuredmedia":[{"embeddable":true,"href":"https:\/\/infocul.pt\/arquivo\/wp-json\/wp\/v2\/media\/61778"}],"wp:attachment":[{"href":"https:\/\/infocul.pt\/arquivo\/wp-json\/wp\/v2\/media?parent=61777"}],"wp:term":[{"taxonomy":"category","embeddable":true,"href":"https:\/\/infocul.pt\/arquivo\/wp-json\/wp\/v2\/categories?post=61777"},{"taxonomy":"post_tag","embeddable":true,"href":"https:\/\/infocul.pt\/arquivo\/wp-json\/wp\/v2\/tags?post=61777"}],"curies":[{"name":"wp","href":"https:\/\/api.w.org\/{rel}","templated":true}]}}