{"id":61882,"date":"2019-11-04T15:38:53","date_gmt":"2019-11-04T15:38:53","guid":{"rendered":"https:\/\/infocul.pt\/?p=61882"},"modified":"2019-11-04T15:43:32","modified_gmt":"2019-11-04T15:43:32","slug":"tiago-andrade-nunes-a-vida-passa-demonstra-alguma-nostalgia-e-saudosismo-nao-esquecendo-o-futuro","status":"publish","type":"post","link":"https:\/\/infocul.pt\/arquivo\/cultura\/tiago-andrade-nunes-a-vida-passa-demonstra-alguma-nostalgia-e-saudosismo-nao-esquecendo-o-futuro\/","title":{"rendered":"Tiago Andrade Nunes: &#8216;A Vida Passa&#8217; demonstra &#8220;alguma nostalgia e saudosismo; n\u00e3o esquecendo o futuro&#8221;"},"content":{"rendered":"<figure id=\"attachment_61883\" aria-describedby=\"caption-attachment-61883\" style=\"width: 730px\" class=\"wp-caption aligncenter\"><img decoding=\"async\" class=\"wp-image-61883 size-full lazyload\" data-src=\"https:\/\/infocul.pt\/arquivo\/wp-content\/uploads\/2019\/11\/IMG_8302.jpg\" alt=\"\" width=\"730\" height=\"806\" data-srcset=\"https:\/\/infocul.pt\/arquivo\/wp-content\/uploads\/2019\/11\/IMG_8302.jpg 730w, https:\/\/infocul.pt\/arquivo\/wp-content\/uploads\/2019\/11\/IMG_8302-272x300.jpg 272w\" data-sizes=\"(max-width: 730px) 100vw, 730px\" src=\"data:image\/svg+xml;base64,PHN2ZyB3aWR0aD0iMSIgaGVpZ2h0PSIxIiB4bWxucz0iaHR0cDovL3d3dy53My5vcmcvMjAwMC9zdmciPjwvc3ZnPg==\" style=\"--smush-placeholder-width: 730px; --smush-placeholder-aspect-ratio: 730\/806;\" \/><figcaption id=\"caption-attachment-61883\" class=\"wp-caption-text\">D.R.<\/figcaption><\/figure>\n<p>&nbsp;<\/p>\n<p>\u2018A Vida Passa\u2019 \u00e9 o tema de <a href=\"https:\/\/www.facebook.com\/TAN.MUSIC.PT\/\" target=\"_blank\" rel=\"noopener noreferrer\">Tiago Andrade Nunes<\/a>, com a participa\u00e7\u00e3o de Vitorino, e que est\u00e1 desde ontem dispon\u00edvel no Youtube, acompanhado do respectivo <a href=\"https:\/\/www.youtube.com\/watch?v=yoqwrD8G2wE\" target=\"_blank\" rel=\"noopener noreferrer\">videoclipe<\/a>.<!--more--><\/p>\n<p>Tiago Andrade Nunes concedeu declara\u00e7\u00f5es ao Infocul para revelar um pouco mais sobre este tema.<\/p>\n<p>\u201c<i><b>Compus este Tema do in\u00edcio ao fim, ou seja letra, melodia e produ\u00e7\u00e3o<\/b><\/i>\u201d, come\u00e7ou por nos dizer, acrescentando que \u201c<i><b>t<\/b><\/i><i><b>enho ideia que a minha inspira\u00e7\u00e3o vem do simples facto de pensar, e pensar passa tamb\u00e9m, por pensar na vida. E se pensarmos nela apercebemo<\/b><\/i><i><b>s<\/b><\/i><i><b>-nos que \u201cA Vida Passa\u201d. E quando esse momento chegar, vamos parar e reflectir. No meu caso essa reflex\u00e3o \u00e9 feita, como o tema demonstra, com alguma nostalgia e saudosismo; n\u00e3o esquecendo o futuro<\/b><\/i>\u201d.<\/p>\n<p>Assume que \u201c<i><b>s<\/b><\/i><i><b>empre me assustou o simples facto da vida passar e \u00e0s vezes sem sequer nos apercebermos (devido ao ritmo intenso dos dias de hoje), que cada vez avan\u00e7a mais r\u00e1pido. Nesse ritmo acelerado, a verdade \u00e9 que muitas vezes n\u00e3o conseguir\u00edamos sequer dar-lhe resposta. Mas h\u00e1 e deve haver uma altura que vamos todos ter de parar e perceber individualmente qual dever\u00e1 ser o nosso sentido de vida e conscientes desta realidade, procurarmos a nossa pr\u00f3pria identidade. Tal como diz o tema \u201c\u2026o que era eu j\u00e1 fui agora vou ser o que sou\u2026\u201d!<\/b><\/i>\u201d<\/p>\n<p>Este dueto com Vitorino foi uma ideia que \u201c<i><b>surgiu naturalmente<\/b><\/i>\u201d.<\/p>\n<p>Explicou-nos que \u201c<i><b>n<\/b><\/i><i><b>aquilo que fa\u00e7o, fa\u00e7o-o sempre com verdade. E quando se faz algo com verdade, as coisas tendem-nos a sair bem. Penso que o Vitorino compreendeu a minha simplicidade e achou que era necess\u00e1rio que fosse ouvida. O primeiro tema que apresento e logo com o Vitorino. E aqui a honra \u00e9 minha<\/b><\/i>\u201d.<\/p>\n<p>Na grava\u00e7\u00e3o deste tema foi acompanhado por Jos\u00e9 Manuel Duarte (guitarra portuguesa), Jo\u00e3o Vinhas (guitarra), C\u00e1tia Alexandra Santos (Viola d\u2019arco) e por Pedro Castro (baixo ac\u00fastico).<\/p>\n<p>No videoclipe (que podemos ver mais abaixo) explica que \u201c<i><b>f<\/b><\/i><i><b>az tudo parte da minha maneira de ser, o passado, claramente evidente pelo meu saudosismo intr\u00ednseco. O Futuro \u00e9 retratado na minha mensagem, de incentivo, de esperan\u00e7a e renova\u00e7\u00e3o<\/b><\/i>\u201d.<\/p>\n<p>Explicou-nos a mensagem que pretende transmitir, desconstruindo o refr\u00e3o \u2018<i>..<\/i><i>.A Vida Passa n\u00e3o volta, o que era eu j\u00e1 fui agora vou ser o que sou\u2026\u201d<\/i><\/p>\n<p>\u201c<i><b>&#8230;A vida passa&#8230;\u201d retrata a consciencializa\u00e7\u00e3o de que o tempo urge<\/b><\/i>\u201d, \u201c.<i><b>..O que era eu j\u00e1 fui&#8230;\u201d deixar o passado l\u00e1 atras para podermos prosseguir<\/b><\/i>\u201d e \u201c<i><b>&#8230;Agora vou ser o que sou&#8230;\u201d a minha mensagem de esperan\u00e7a a quem a ouve. Se ainda n\u00e3o pensou, fazer pensar no que realmente quer ser<\/b><\/i>\u201d.<\/p>\n<p>E \u201c<i><b>p<\/b><\/i><i><b>or isso retratei as mais diversas profiss\u00f5es desde o desporto \u00e0s artes marciais, pl\u00e1sticas, preformativas, equestres, musicais, at\u00e9 ao taxista e uma professora, entre outras. Quanto \u00e0s crian\u00e7as quis retratar nelas o sonho, de poderem ir decidindo ingenuamente aquilo que realmente querem e podem vir a ser. E n\u00e3o seria bom podermos de vez e quando sonhar como elas?\u201d, <\/b><\/i>diz-nos quando questionado sobre os v\u00e1rios elementos que podemos identificar no v\u00eddeo<i><b>.<\/b><\/i><\/p>\n<p>Disse ainda ao Infocul que este tema \u201c<em><strong>antecede um disco de originais<\/strong><\/em>\u201d e que entre as novidades, que est\u00e1 a preparar, encontram-se \u201c<i><b>o<\/b><\/i><i><b> disco, do qual este tema far\u00e1 parte, e um Livro em fase de edi\u00e7\u00e3o, que espero muito em breve poder partilhar convosco\u201d<\/b><\/i>.<\/p>\n<p>Este tema integra a banda sonora da mais recente novela da <a href=\"https:\/\/www.facebook.com\/sic.tv\/\" target=\"_blank\" rel=\"noopener noreferrer\">SIC<\/a>, \u2018Terra Brava\u2019, e Tiago assume que \u00e9 \u201c<i><b>o<\/b><\/i><i><b>utra honra que tive com este tema. Poder ouvi-lo nesta grande produ\u00e7\u00e3o \u00e9 para mim motivo de orgulho<\/b><\/i>\u201d, explicando depois como surgiu esta possibilidade: \u201c<i><b>Foi ouvida e escolhida pela Produtora e devo confessar que j\u00e1 produzi este tema h\u00e1 algum tempo. Quando soube da escolha, tive obrigatoriamente que a mostrar a todos v\u00f3s. E t\u00ea-la guardado e apresentado neste momento penso que foi a atitude mais certa<\/b><\/i>\u201d.<\/p>\n<p>O videoclipe foi gravado na <a href=\"https:\/\/www.facebook.com\/pages\/Quinta-Da-Serralheira\/623193151090223?ref=br_rs\" target=\"_blank\" rel=\"noopener noreferrer\">Quinta da Serralheira<\/a>, \u201c<i><b>propriedade da empresa Damasceno Wines, tamb\u00e9m minha patrocinadora. A escolha assenta, essencialmente, na sua beleza, com v\u00e1rios ambientes para se filmar, entre vinhas e campo, foi sem d\u00favida o local ideal. Se juntarmos tudo isto aos magn\u00edficos vinhos que produzem, melhor ainda<\/b><\/i>\u201d, disse-nos ainda.<\/p>\n<p>Aguardam-se, portanto, v\u00e1rias e boas novidades de Tiago Andrade Nunes.<\/p>\n<p><iframe title=\"Tiago Andrade Nunes - A Vida Passa feat. Vitorino Salom\u00e9\" width=\"500\" height=\"281\" data-src=\"https:\/\/www.youtube.com\/embed\/yoqwrD8G2wE?feature=oembed\" frameborder=\"0\" allow=\"accelerometer; autoplay; clipboard-write; encrypted-media; gyroscope; picture-in-picture; web-share\" referrerpolicy=\"strict-origin-when-cross-origin\" allowfullscreen src=\"data:image\/svg+xml;base64,PHN2ZyB3aWR0aD0iMSIgaGVpZ2h0PSIxIiB4bWxucz0iaHR0cDovL3d3dy53My5vcmcvMjAwMC9zdmciPjwvc3ZnPg==\" class=\"lazyload\" data-load-mode=\"1\"><\/iframe><\/p>\n","protected":false},"excerpt":{"rendered":"<p>&nbsp; \u2018A Vida Passa\u2019 \u00e9 o tema de Tiago Andrade Nunes, com a participa\u00e7\u00e3o de Vitorino, e que est\u00e1 desde ontem dispon\u00edvel no Youtube, acompanhado do respectivo videoclipe.<\/p>\n","protected":false},"author":2,"featured_media":61883,"comment_status":"open","ping_status":"closed","sticky":false,"template":"","format":"standard","meta":{"footnotes":""},"categories":[2,36,4,4124],"tags":[8174],"class_list":["post-61882","post","type-post","status-publish","format-standard","has-post-thumbnail","hentry","category-cultura","category-destaque","category-discos","category-entrevistas","tag-tiago-andrade-nunes"],"yoast_head":"<!-- This site is optimized with the Yoast SEO plugin v27.5 - https:\/\/yoast.com\/product\/yoast-seo-wordpress\/ -->\n<title>Tiago Andrade Nunes: &#039;A Vida Passa&#039; demonstra &quot;alguma nostalgia e saudosismo; n\u00e3o esquecendo o futuro&quot; | Infocul.pt - Arquivo Digital<\/title>\n<meta name=\"description\" content=\"Tiago Andrade Nunes: &#039;A Vida Passa&#039; demonstra &quot;alguma nostalgia e saudosismo; n\u00e3o esquecendo o futuro&quot; | Infocul.pt - Arquivo Digital\" \/>\n<meta name=\"robots\" content=\"noindex, follow, max-snippet:-1, max-image-preview:large, max-video-preview:-1\" \/>\n<meta property=\"og:locale\" content=\"pt_PT\" \/>\n<meta property=\"og:type\" content=\"article\" \/>\n<meta property=\"og:title\" content=\"Tiago Andrade Nunes: &#039;A Vida Passa&#039; demonstra &quot;alguma nostalgia e saudosismo; n\u00e3o esquecendo o futuro&quot; | Infocul.pt - Arquivo Digital\" \/>\n<meta property=\"og:description\" content=\"Tiago Andrade Nunes: &#039;A Vida Passa&#039; demonstra &quot;alguma nostalgia e saudosismo; n\u00e3o esquecendo o futuro&quot; | Infocul.pt - Arquivo Digital\" \/>\n<meta property=\"og:url\" content=\"https:\/\/infocul.pt\/arquivo\/cultura\/tiago-andrade-nunes-a-vida-passa-demonstra-alguma-nostalgia-e-saudosismo-nao-esquecendo-o-futuro\/\" \/>\n<meta property=\"og:site_name\" content=\"Infocul.pt - Arquivo Digital\" \/>\n<meta property=\"article:publisher\" content=\"https:\/\/www.facebook.com\/Infocul-147816815585015\/\" \/>\n<meta property=\"article:published_time\" content=\"2019-11-04T15:38:53+00:00\" \/>\n<meta property=\"article:modified_time\" content=\"2019-11-04T15:43:32+00:00\" \/>\n<meta property=\"og:image\" content=\"https:\/\/infocul.pt\/arquivo\/wp-content\/uploads\/2019\/11\/IMG_8302.jpg\" \/>\n\t<meta property=\"og:image:width\" content=\"730\" \/>\n\t<meta property=\"og:image:height\" content=\"806\" \/>\n\t<meta property=\"og:image:type\" content=\"image\/jpeg\" \/>\n<meta name=\"author\" content=\"Rui Lavrador\" \/>\n<meta name=\"twitter:card\" content=\"summary_large_image\" \/>\n<meta name=\"twitter:creator\" content=\"@Infoculpt\" \/>\n<meta name=\"twitter:site\" content=\"@Infoculpt\" \/>\n<meta name=\"twitter:label1\" content=\"Escrito por\" \/>\n\t<meta name=\"twitter:data1\" content=\"Rui Lavrador\" \/>\n\t<meta name=\"twitter:label2\" content=\"Tempo estimado de leitura\" \/>\n\t<meta name=\"twitter:data2\" content=\"4 minutos\" \/>\n<script type=\"application\/ld+json\" class=\"yoast-schema-graph\">{\"@context\":\"https:\\\/\\\/schema.org\",\"@graph\":[{\"@type\":\"Article\",\"@id\":\"https:\\\/\\\/infocul.pt\\\/arquivo\\\/cultura\\\/tiago-andrade-nunes-a-vida-passa-demonstra-alguma-nostalgia-e-saudosismo-nao-esquecendo-o-futuro\\\/#article\",\"isPartOf\":{\"@id\":\"https:\\\/\\\/infocul.pt\\\/arquivo\\\/cultura\\\/tiago-andrade-nunes-a-vida-passa-demonstra-alguma-nostalgia-e-saudosismo-nao-esquecendo-o-futuro\\\/\"},\"author\":{\"name\":\"Rui Lavrador\",\"@id\":\"https:\\\/\\\/infocul.pt\\\/arquivo\\\/#\\\/schema\\\/person\\\/060a108d7f2d85fc6aae505119ee5234\"},\"headline\":\"Tiago Andrade Nunes: &#8216;A Vida Passa&#8217; demonstra &#8220;alguma nostalgia e saudosismo; n\u00e3o esquecendo o futuro&#8221;\",\"datePublished\":\"2019-11-04T15:38:53+00:00\",\"dateModified\":\"2019-11-04T15:43:32+00:00\",\"mainEntityOfPage\":{\"@id\":\"https:\\\/\\\/infocul.pt\\\/arquivo\\\/cultura\\\/tiago-andrade-nunes-a-vida-passa-demonstra-alguma-nostalgia-e-saudosismo-nao-esquecendo-o-futuro\\\/\"},\"wordCount\":768,\"commentCount\":0,\"publisher\":{\"@id\":\"https:\\\/\\\/infocul.pt\\\/arquivo\\\/#organization\"},\"image\":{\"@id\":\"https:\\\/\\\/infocul.pt\\\/arquivo\\\/cultura\\\/tiago-andrade-nunes-a-vida-passa-demonstra-alguma-nostalgia-e-saudosismo-nao-esquecendo-o-futuro\\\/#primaryimage\"},\"thumbnailUrl\":\"https:\\\/\\\/infocul.pt\\\/arquivo\\\/wp-content\\\/uploads\\\/2019\\\/11\\\/IMG_8302.jpg\",\"keywords\":[\"Tiago Andrade Nunes\"],\"articleSection\":[\"Cultura\",\"Destaque\",\"Discos\",\"Entrevistas\"],\"inLanguage\":\"pt-PT\"},{\"@type\":\"WebPage\",\"@id\":\"https:\\\/\\\/infocul.pt\\\/arquivo\\\/cultura\\\/tiago-andrade-nunes-a-vida-passa-demonstra-alguma-nostalgia-e-saudosismo-nao-esquecendo-o-futuro\\\/\",\"url\":\"https:\\\/\\\/infocul.pt\\\/arquivo\\\/cultura\\\/tiago-andrade-nunes-a-vida-passa-demonstra-alguma-nostalgia-e-saudosismo-nao-esquecendo-o-futuro\\\/\",\"name\":\"Tiago Andrade Nunes: 'A Vida Passa' demonstra \\\"alguma nostalgia e saudosismo; n\u00e3o esquecendo o futuro\\\" | Infocul.pt - Arquivo Digital\",\"isPartOf\":{\"@id\":\"https:\\\/\\\/infocul.pt\\\/arquivo\\\/#website\"},\"primaryImageOfPage\":{\"@id\":\"https:\\\/\\\/infocul.pt\\\/arquivo\\\/cultura\\\/tiago-andrade-nunes-a-vida-passa-demonstra-alguma-nostalgia-e-saudosismo-nao-esquecendo-o-futuro\\\/#primaryimage\"},\"image\":{\"@id\":\"https:\\\/\\\/infocul.pt\\\/arquivo\\\/cultura\\\/tiago-andrade-nunes-a-vida-passa-demonstra-alguma-nostalgia-e-saudosismo-nao-esquecendo-o-futuro\\\/#primaryimage\"},\"thumbnailUrl\":\"https:\\\/\\\/infocul.pt\\\/arquivo\\\/wp-content\\\/uploads\\\/2019\\\/11\\\/IMG_8302.jpg\",\"datePublished\":\"2019-11-04T15:38:53+00:00\",\"dateModified\":\"2019-11-04T15:43:32+00:00\",\"description\":\"Tiago Andrade Nunes: 'A Vida Passa' demonstra \\\"alguma nostalgia e saudosismo; n\u00e3o esquecendo o futuro\\\" | Infocul.pt - Arquivo Digital\",\"breadcrumb\":{\"@id\":\"https:\\\/\\\/infocul.pt\\\/arquivo\\\/cultura\\\/tiago-andrade-nunes-a-vida-passa-demonstra-alguma-nostalgia-e-saudosismo-nao-esquecendo-o-futuro\\\/#breadcrumb\"},\"inLanguage\":\"pt-PT\",\"potentialAction\":[{\"@type\":\"ReadAction\",\"target\":[\"https:\\\/\\\/infocul.pt\\\/arquivo\\\/cultura\\\/tiago-andrade-nunes-a-vida-passa-demonstra-alguma-nostalgia-e-saudosismo-nao-esquecendo-o-futuro\\\/\"]}]},{\"@type\":\"ImageObject\",\"inLanguage\":\"pt-PT\",\"@id\":\"https:\\\/\\\/infocul.pt\\\/arquivo\\\/cultura\\\/tiago-andrade-nunes-a-vida-passa-demonstra-alguma-nostalgia-e-saudosismo-nao-esquecendo-o-futuro\\\/#primaryimage\",\"url\":\"https:\\\/\\\/infocul.pt\\\/arquivo\\\/wp-content\\\/uploads\\\/2019\\\/11\\\/IMG_8302.jpg\",\"contentUrl\":\"https:\\\/\\\/infocul.pt\\\/arquivo\\\/wp-content\\\/uploads\\\/2019\\\/11\\\/IMG_8302.jpg\",\"width\":730,\"height\":806},{\"@type\":\"BreadcrumbList\",\"@id\":\"https:\\\/\\\/infocul.pt\\\/arquivo\\\/cultura\\\/tiago-andrade-nunes-a-vida-passa-demonstra-alguma-nostalgia-e-saudosismo-nao-esquecendo-o-futuro\\\/#breadcrumb\",\"itemListElement\":[{\"@type\":\"ListItem\",\"position\":1,\"name\":\"Home\",\"item\":\"https:\\\/\\\/infocul.pt\\\/arquivo\\\/\"},{\"@type\":\"ListItem\",\"position\":2,\"name\":\"Tiago Andrade Nunes: &#8216;A Vida Passa&#8217; demonstra &#8220;alguma nostalgia e saudosismo; n\u00e3o esquecendo o futuro&#8221;\"}]},{\"@type\":\"WebSite\",\"@id\":\"https:\\\/\\\/infocul.pt\\\/arquivo\\\/#website\",\"url\":\"https:\\\/\\\/infocul.pt\\\/arquivo\\\/\",\"name\":\"Infocul.pt - Arquivo Digital\",\"description\":\"Arquivo digital da Infocul.pt\",\"publisher\":{\"@id\":\"https:\\\/\\\/infocul.pt\\\/arquivo\\\/#organization\"},\"potentialAction\":[{\"@type\":\"SearchAction\",\"target\":{\"@type\":\"EntryPoint\",\"urlTemplate\":\"https:\\\/\\\/infocul.pt\\\/arquivo\\\/?s={search_term_string}\"},\"query-input\":{\"@type\":\"PropertyValueSpecification\",\"valueRequired\":true,\"valueName\":\"search_term_string\"}}],\"inLanguage\":\"pt-PT\"},{\"@type\":\"Organization\",\"@id\":\"https:\\\/\\\/infocul.pt\\\/arquivo\\\/#organization\",\"name\":\"Infocul.pt\",\"url\":\"https:\\\/\\\/infocul.pt\\\/arquivo\\\/\",\"logo\":{\"@type\":\"ImageObject\",\"inLanguage\":\"pt-PT\",\"@id\":\"https:\\\/\\\/infocul.pt\\\/arquivo\\\/#\\\/schema\\\/logo\\\/image\\\/\",\"url\":\"https:\\\/\\\/infocul.pt\\\/arquivo\\\/wp-content\\\/uploads\\\/2018\\\/12\\\/Infocul_logo-1.png\",\"contentUrl\":\"https:\\\/\\\/infocul.pt\\\/arquivo\\\/wp-content\\\/uploads\\\/2018\\\/12\\\/Infocul_logo-1.png\",\"width\":800,\"height\":800,\"caption\":\"Infocul.pt\"},\"image\":{\"@id\":\"https:\\\/\\\/infocul.pt\\\/arquivo\\\/#\\\/schema\\\/logo\\\/image\\\/\"},\"sameAs\":[\"https:\\\/\\\/www.facebook.com\\\/Infocul-147816815585015\\\/\",\"https:\\\/\\\/x.com\\\/Infoculpt\",\"http:\\\/\\\/www.pictaram.com\\\/user\\\/infocul.pt\\\/2370423710\",\"https:\\\/\\\/www.youtube.com\\\/channel\\\/UCYEB91AGI9FL9ek2i_IaQAA\"]},{\"@type\":\"Person\",\"@id\":\"https:\\\/\\\/infocul.pt\\\/arquivo\\\/#\\\/schema\\\/person\\\/060a108d7f2d85fc6aae505119ee5234\",\"name\":\"Rui Lavrador\",\"image\":{\"@type\":\"ImageObject\",\"inLanguage\":\"pt-PT\",\"@id\":\"https:\\\/\\\/secure.gravatar.com\\\/avatar\\\/93febd6873394aa8e975148548a0cb203acfdd42d2c85c5f1408e1a76678aece?s=96&d=mm&r=g\",\"url\":\"https:\\\/\\\/secure.gravatar.com\\\/avatar\\\/93febd6873394aa8e975148548a0cb203acfdd42d2c85c5f1408e1a76678aece?s=96&d=mm&r=g\",\"contentUrl\":\"https:\\\/\\\/secure.gravatar.com\\\/avatar\\\/93febd6873394aa8e975148548a0cb203acfdd42d2c85c5f1408e1a76678aece?s=96&d=mm&r=g\",\"caption\":\"Rui Lavrador\"},\"description\":\"Iniciou em 2011 o seu percurso em comunica\u00e7\u00e3o social, tendo integrado v\u00e1rios projectos editoriais. Durante o seu percurso integrou projectos como Jornal Hardm\u00fasica, LusoNot\u00edcias, Toureio.pt, ODigital.pt, entre outros \u00d3rg\u00e3os de Comunica\u00e7\u00e3o Social nacionais, na redac\u00e7\u00e3o de v\u00e1rios artigos. Entrevistou a grande maioria das personalidades mais importantes da vida social e cultural do pa\u00eds, destacando-se, tamb\u00e9m, na aprecia\u00e7\u00e3o de v\u00e1rios espect\u00e1culos. Durante o seu percurso, deu a conhecer v\u00e1rios artistas, at\u00e9 ent\u00e3o desconhecidos, ao grande p\u00fablico. Em 2015 criou e fundou o Infocul.pt, projecto no qual assume a direc\u00e7\u00e3o editorial.\",\"sameAs\":[\"http:\\\/\\\/www.infocul.pt\"]}]}<\/script>\n<!-- \/ Yoast SEO plugin. -->","yoast_head_json":{"title":"Tiago Andrade Nunes: 'A Vida Passa' demonstra \"alguma nostalgia e saudosismo; n\u00e3o esquecendo o futuro\" | Infocul.pt - Arquivo Digital","description":"Tiago Andrade Nunes: 'A Vida Passa' demonstra \"alguma nostalgia e saudosismo; n\u00e3o esquecendo o futuro\" | Infocul.pt - Arquivo Digital","robots":{"index":"noindex","follow":"follow","max-snippet":"max-snippet:-1","max-image-preview":"max-image-preview:large","max-video-preview":"max-video-preview:-1"},"og_locale":"pt_PT","og_type":"article","og_title":"Tiago Andrade Nunes: 'A Vida Passa' demonstra \"alguma nostalgia e saudosismo; n\u00e3o esquecendo o futuro\" | Infocul.pt - Arquivo Digital","og_description":"Tiago Andrade Nunes: 'A Vida Passa' demonstra \"alguma nostalgia e saudosismo; n\u00e3o esquecendo o futuro\" | Infocul.pt - Arquivo Digital","og_url":"https:\/\/infocul.pt\/arquivo\/cultura\/tiago-andrade-nunes-a-vida-passa-demonstra-alguma-nostalgia-e-saudosismo-nao-esquecendo-o-futuro\/","og_site_name":"Infocul.pt - Arquivo Digital","article_publisher":"https:\/\/www.facebook.com\/Infocul-147816815585015\/","article_published_time":"2019-11-04T15:38:53+00:00","article_modified_time":"2019-11-04T15:43:32+00:00","og_image":[{"width":730,"height":806,"url":"https:\/\/infocul.pt\/arquivo\/wp-content\/uploads\/2019\/11\/IMG_8302.jpg","type":"image\/jpeg"}],"author":"Rui Lavrador","twitter_card":"summary_large_image","twitter_creator":"@Infoculpt","twitter_site":"@Infoculpt","twitter_misc":{"Escrito por":"Rui Lavrador","Tempo estimado de leitura":"4 minutos"},"schema":{"@context":"https:\/\/schema.org","@graph":[{"@type":"Article","@id":"https:\/\/infocul.pt\/arquivo\/cultura\/tiago-andrade-nunes-a-vida-passa-demonstra-alguma-nostalgia-e-saudosismo-nao-esquecendo-o-futuro\/#article","isPartOf":{"@id":"https:\/\/infocul.pt\/arquivo\/cultura\/tiago-andrade-nunes-a-vida-passa-demonstra-alguma-nostalgia-e-saudosismo-nao-esquecendo-o-futuro\/"},"author":{"name":"Rui Lavrador","@id":"https:\/\/infocul.pt\/arquivo\/#\/schema\/person\/060a108d7f2d85fc6aae505119ee5234"},"headline":"Tiago Andrade Nunes: &#8216;A Vida Passa&#8217; demonstra &#8220;alguma nostalgia e saudosismo; n\u00e3o esquecendo o futuro&#8221;","datePublished":"2019-11-04T15:38:53+00:00","dateModified":"2019-11-04T15:43:32+00:00","mainEntityOfPage":{"@id":"https:\/\/infocul.pt\/arquivo\/cultura\/tiago-andrade-nunes-a-vida-passa-demonstra-alguma-nostalgia-e-saudosismo-nao-esquecendo-o-futuro\/"},"wordCount":768,"commentCount":0,"publisher":{"@id":"https:\/\/infocul.pt\/arquivo\/#organization"},"image":{"@id":"https:\/\/infocul.pt\/arquivo\/cultura\/tiago-andrade-nunes-a-vida-passa-demonstra-alguma-nostalgia-e-saudosismo-nao-esquecendo-o-futuro\/#primaryimage"},"thumbnailUrl":"https:\/\/infocul.pt\/arquivo\/wp-content\/uploads\/2019\/11\/IMG_8302.jpg","keywords":["Tiago Andrade Nunes"],"articleSection":["Cultura","Destaque","Discos","Entrevistas"],"inLanguage":"pt-PT"},{"@type":"WebPage","@id":"https:\/\/infocul.pt\/arquivo\/cultura\/tiago-andrade-nunes-a-vida-passa-demonstra-alguma-nostalgia-e-saudosismo-nao-esquecendo-o-futuro\/","url":"https:\/\/infocul.pt\/arquivo\/cultura\/tiago-andrade-nunes-a-vida-passa-demonstra-alguma-nostalgia-e-saudosismo-nao-esquecendo-o-futuro\/","name":"Tiago Andrade Nunes: 'A Vida Passa' demonstra \"alguma nostalgia e saudosismo; n\u00e3o esquecendo o futuro\" | Infocul.pt - Arquivo Digital","isPartOf":{"@id":"https:\/\/infocul.pt\/arquivo\/#website"},"primaryImageOfPage":{"@id":"https:\/\/infocul.pt\/arquivo\/cultura\/tiago-andrade-nunes-a-vida-passa-demonstra-alguma-nostalgia-e-saudosismo-nao-esquecendo-o-futuro\/#primaryimage"},"image":{"@id":"https:\/\/infocul.pt\/arquivo\/cultura\/tiago-andrade-nunes-a-vida-passa-demonstra-alguma-nostalgia-e-saudosismo-nao-esquecendo-o-futuro\/#primaryimage"},"thumbnailUrl":"https:\/\/infocul.pt\/arquivo\/wp-content\/uploads\/2019\/11\/IMG_8302.jpg","datePublished":"2019-11-04T15:38:53+00:00","dateModified":"2019-11-04T15:43:32+00:00","description":"Tiago Andrade Nunes: 'A Vida Passa' demonstra \"alguma nostalgia e saudosismo; n\u00e3o esquecendo o futuro\" | Infocul.pt - Arquivo Digital","breadcrumb":{"@id":"https:\/\/infocul.pt\/arquivo\/cultura\/tiago-andrade-nunes-a-vida-passa-demonstra-alguma-nostalgia-e-saudosismo-nao-esquecendo-o-futuro\/#breadcrumb"},"inLanguage":"pt-PT","potentialAction":[{"@type":"ReadAction","target":["https:\/\/infocul.pt\/arquivo\/cultura\/tiago-andrade-nunes-a-vida-passa-demonstra-alguma-nostalgia-e-saudosismo-nao-esquecendo-o-futuro\/"]}]},{"@type":"ImageObject","inLanguage":"pt-PT","@id":"https:\/\/infocul.pt\/arquivo\/cultura\/tiago-andrade-nunes-a-vida-passa-demonstra-alguma-nostalgia-e-saudosismo-nao-esquecendo-o-futuro\/#primaryimage","url":"https:\/\/infocul.pt\/arquivo\/wp-content\/uploads\/2019\/11\/IMG_8302.jpg","contentUrl":"https:\/\/infocul.pt\/arquivo\/wp-content\/uploads\/2019\/11\/IMG_8302.jpg","width":730,"height":806},{"@type":"BreadcrumbList","@id":"https:\/\/infocul.pt\/arquivo\/cultura\/tiago-andrade-nunes-a-vida-passa-demonstra-alguma-nostalgia-e-saudosismo-nao-esquecendo-o-futuro\/#breadcrumb","itemListElement":[{"@type":"ListItem","position":1,"name":"Home","item":"https:\/\/infocul.pt\/arquivo\/"},{"@type":"ListItem","position":2,"name":"Tiago Andrade Nunes: &#8216;A Vida Passa&#8217; demonstra &#8220;alguma nostalgia e saudosismo; n\u00e3o esquecendo o futuro&#8221;"}]},{"@type":"WebSite","@id":"https:\/\/infocul.pt\/arquivo\/#website","url":"https:\/\/infocul.pt\/arquivo\/","name":"Infocul.pt - Arquivo Digital","description":"Arquivo digital da Infocul.pt","publisher":{"@id":"https:\/\/infocul.pt\/arquivo\/#organization"},"potentialAction":[{"@type":"SearchAction","target":{"@type":"EntryPoint","urlTemplate":"https:\/\/infocul.pt\/arquivo\/?s={search_term_string}"},"query-input":{"@type":"PropertyValueSpecification","valueRequired":true,"valueName":"search_term_string"}}],"inLanguage":"pt-PT"},{"@type":"Organization","@id":"https:\/\/infocul.pt\/arquivo\/#organization","name":"Infocul.pt","url":"https:\/\/infocul.pt\/arquivo\/","logo":{"@type":"ImageObject","inLanguage":"pt-PT","@id":"https:\/\/infocul.pt\/arquivo\/#\/schema\/logo\/image\/","url":"https:\/\/infocul.pt\/arquivo\/wp-content\/uploads\/2018\/12\/Infocul_logo-1.png","contentUrl":"https:\/\/infocul.pt\/arquivo\/wp-content\/uploads\/2018\/12\/Infocul_logo-1.png","width":800,"height":800,"caption":"Infocul.pt"},"image":{"@id":"https:\/\/infocul.pt\/arquivo\/#\/schema\/logo\/image\/"},"sameAs":["https:\/\/www.facebook.com\/Infocul-147816815585015\/","https:\/\/x.com\/Infoculpt","http:\/\/www.pictaram.com\/user\/infocul.pt\/2370423710","https:\/\/www.youtube.com\/channel\/UCYEB91AGI9FL9ek2i_IaQAA"]},{"@type":"Person","@id":"https:\/\/infocul.pt\/arquivo\/#\/schema\/person\/060a108d7f2d85fc6aae505119ee5234","name":"Rui Lavrador","image":{"@type":"ImageObject","inLanguage":"pt-PT","@id":"https:\/\/secure.gravatar.com\/avatar\/93febd6873394aa8e975148548a0cb203acfdd42d2c85c5f1408e1a76678aece?s=96&d=mm&r=g","url":"https:\/\/secure.gravatar.com\/avatar\/93febd6873394aa8e975148548a0cb203acfdd42d2c85c5f1408e1a76678aece?s=96&d=mm&r=g","contentUrl":"https:\/\/secure.gravatar.com\/avatar\/93febd6873394aa8e975148548a0cb203acfdd42d2c85c5f1408e1a76678aece?s=96&d=mm&r=g","caption":"Rui Lavrador"},"description":"Iniciou em 2011 o seu percurso em comunica\u00e7\u00e3o social, tendo integrado v\u00e1rios projectos editoriais. Durante o seu percurso integrou projectos como Jornal Hardm\u00fasica, LusoNot\u00edcias, Toureio.pt, ODigital.pt, entre outros \u00d3rg\u00e3os de Comunica\u00e7\u00e3o Social nacionais, na redac\u00e7\u00e3o de v\u00e1rios artigos. Entrevistou a grande maioria das personalidades mais importantes da vida social e cultural do pa\u00eds, destacando-se, tamb\u00e9m, na aprecia\u00e7\u00e3o de v\u00e1rios espect\u00e1culos. Durante o seu percurso, deu a conhecer v\u00e1rios artistas, at\u00e9 ent\u00e3o desconhecidos, ao grande p\u00fablico. Em 2015 criou e fundou o Infocul.pt, projecto no qual assume a direc\u00e7\u00e3o editorial.","sameAs":["http:\/\/www.infocul.pt"]}]}},"_links":{"self":[{"href":"https:\/\/infocul.pt\/arquivo\/wp-json\/wp\/v2\/posts\/61882","targetHints":{"allow":["GET"]}}],"collection":[{"href":"https:\/\/infocul.pt\/arquivo\/wp-json\/wp\/v2\/posts"}],"about":[{"href":"https:\/\/infocul.pt\/arquivo\/wp-json\/wp\/v2\/types\/post"}],"author":[{"embeddable":true,"href":"https:\/\/infocul.pt\/arquivo\/wp-json\/wp\/v2\/users\/2"}],"replies":[{"embeddable":true,"href":"https:\/\/infocul.pt\/arquivo\/wp-json\/wp\/v2\/comments?post=61882"}],"version-history":[{"count":0,"href":"https:\/\/infocul.pt\/arquivo\/wp-json\/wp\/v2\/posts\/61882\/revisions"}],"wp:featuredmedia":[{"embeddable":true,"href":"https:\/\/infocul.pt\/arquivo\/wp-json\/wp\/v2\/media\/61883"}],"wp:attachment":[{"href":"https:\/\/infocul.pt\/arquivo\/wp-json\/wp\/v2\/media?parent=61882"}],"wp:term":[{"taxonomy":"category","embeddable":true,"href":"https:\/\/infocul.pt\/arquivo\/wp-json\/wp\/v2\/categories?post=61882"},{"taxonomy":"post_tag","embeddable":true,"href":"https:\/\/infocul.pt\/arquivo\/wp-json\/wp\/v2\/tags?post=61882"}],"curies":[{"name":"wp","href":"https:\/\/api.w.org\/{rel}","templated":true}]}}