{"id":62100,"date":"2019-11-15T00:00:11","date_gmt":"2019-11-15T00:00:11","guid":{"rendered":"https:\/\/infocul.pt\/?p=62100"},"modified":"2019-11-08T11:20:34","modified_gmt":"2019-11-08T11:20:34","slug":"a-proposito-de-musica-angelo-freire-musico","status":"publish","type":"post","link":"https:\/\/infocul.pt\/arquivo\/opiniao\/a-proposito-de-musica-angelo-freire-musico\/","title":{"rendered":"&#8216;A prop\u00f3sito de m\u00fasica\u2026&#8217;: \u00c2ngelo Freire \u2013 M\u00fasico"},"content":{"rendered":"<p><img decoding=\"async\" class=\"aligncenter wp-image-60883 size-full lazyload\" data-src=\"https:\/\/infocul.pt\/arquivo\/wp-content\/uploads\/2019\/10\/A-prop\u00f3sito-de-m\u00fasica1.jpg\" alt=\"\" width=\"800\" height=\"445\" data-srcset=\"https:\/\/infocul.pt\/arquivo\/wp-content\/uploads\/2019\/10\/A-prop\u00f3sito-de-m\u00fasica1.jpg 800w, https:\/\/infocul.pt\/arquivo\/wp-content\/uploads\/2019\/10\/A-prop\u00f3sito-de-m\u00fasica1-300x167.jpg 300w, https:\/\/infocul.pt\/arquivo\/wp-content\/uploads\/2019\/10\/A-prop\u00f3sito-de-m\u00fasica1-768x427.jpg 768w\" data-sizes=\"(max-width: 800px) 100vw, 800px\" src=\"data:image\/svg+xml;base64,PHN2ZyB3aWR0aD0iMSIgaGVpZ2h0PSIxIiB4bWxucz0iaHR0cDovL3d3dy53My5vcmcvMjAwMC9zdmciPjwvc3ZnPg==\" style=\"--smush-placeholder-width: 800px; --smush-placeholder-aspect-ratio: 800\/445;\" \/><\/p>\n<p>&nbsp;<\/p>\n<p><span style=\"color: #222222;\"><span style=\"font-family: Liberation Serif, serif;\"><span style=\"font-size: medium;\"><span lang=\"pt-BR\">\u00c2<\/span><\/span><\/span><\/span><span style=\"color: #222222;\"><span style=\"font-family: Liberation Serif, serif;\"><span style=\"font-size: medium;\"><span lang=\"pt-BR\">ngelo Freire, 30 anos, come\u00e7ou a aprender Guitarra Portuguesa de nascen\u00e7a, ou como costumo dizer, com o chip da m\u00fasica integrado e neste caso concretamente j\u00e1 ligado ao fado e \u00e0 Guitarra Portuguesa.<\/span><\/span><\/span><\/span><!--more--><\/p>\n<p><span style=\"color: #222222;\"><span style=\"font-family: Liberation Serif, serif;\"><span style=\"font-size: medium;\"><span lang=\"pt-BR\">\u00c2<\/span><\/span><\/span><\/span><span style=\"color: #222222;\"><span style=\"font-family: Liberation Serif, serif;\"><span style=\"font-size: medium;\"><span lang=\"pt-BR\">ngelo cresceu num bairro t\u00edpico lisboeta onde o fado era a sua casa. Cresceu no meio de fadistas antigos, tascas onde antigamente n\u00e3o era como hoje. <\/span><\/span><\/span><\/span><\/p>\n<p><span style=\"color: #222222;\"><span style=\"font-family: Liberation Serif, serif;\"><span style=\"font-size: medium;\"><span lang=\"pt-BR\">Foi um amor \u00e0 primeira vista com a Guitarra Portuguesa nesses recantos t\u00edpicos do fado. <\/span><\/span><\/span><\/span><\/p>\n<p><span style=\"color: #222222;\"><span style=\"font-family: Liberation Serif, serif;\"><span style=\"font-size: medium;\"><span lang=\"pt-BR\">O pai desde logo percebeu que o filho tinha nascido para a m\u00fasica, para o fado e cedo foi cultivando esse \u201cbichinho\u201d. <\/span><\/span><\/span><\/span><\/p>\n<p><span style=\"color: #222222;\"><span style=\"font-family: Liberation Serif, serif;\"><span style=\"font-size: medium;\"><span lang=\"pt-BR\">&#8211; \u201c<em><strong>Uma vez que tem jeito e \u00e9 o que ele quer, tenho que o apoiar, fazer com que estude e seja o melhor<\/strong><\/em>\u201d, disse <\/span><\/span><\/span><\/span><span style=\"color: #222222;\"><span style=\"font-family: Liberation Serif, serif;\"><span style=\"font-size: medium;\"><span lang=\"pt-BR\">\u00c2<\/span><\/span><\/span><\/span><span style=\"color: #222222;\"><span style=\"font-family: Liberation Serif, serif;\"><span style=\"font-size: medium;\"><span lang=\"pt-BR\">ngelo referindo-se <\/span><\/span><\/span><\/span><span style=\"color: #222222;\"><span style=\"font-family: Liberation Serif, serif;\"><span style=\"font-size: medium;\"><span lang=\"pt-BR\">\u00e0s palavras do<\/span><\/span><\/span><\/span><span style=\"color: #222222;\"><span style=\"font-family: Liberation Serif, serif;\"><span style=\"font-size: medium;\"><span lang=\"pt-BR\"> pai.<\/span><\/span><\/span><\/span><\/p>\n<p><span style=\"color: #222222;\"><span style=\"font-family: Liberation Serif, serif;\"><span style=\"font-size: medium;\"><span lang=\"pt-BR\">Estivemos <\/span><\/span><\/span><\/span><span style=\"color: #222222;\"><span style=\"font-family: Liberation Serif, serif;\"><span style=\"font-size: medium;\"><span lang=\"pt-BR\">\u00e0<\/span><\/span><\/span><\/span><span style=\"color: #222222;\"><span style=\"font-family: Liberation Serif, serif;\"><span style=\"font-size: medium;\"><span lang=\"pt-BR\"> conversa, sentados numas escadinhas ao p\u00e9 da casa de fados \u201cBoteco da F\u00e1\u201d, em Alfama. <\/span><\/span><\/span><\/span><\/p>\n<p><span style=\"color: #222222;\"><span style=\"font-family: Liberation Serif, serif;\"><span style=\"font-size: medium;\"><span lang=\"pt-BR\">Conheci o <\/span><\/span><\/span><\/span><span style=\"color: #222222;\"><span style=\"font-family: Liberation Serif, serif;\"><span style=\"font-size: medium;\"><span lang=\"pt-BR\">\u00c2<\/span><\/span><\/span><\/span><span style=\"color: #222222;\"><span style=\"font-family: Liberation Serif, serif;\"><span style=\"font-size: medium;\"><span lang=\"pt-BR\">ngelo tinha ele 12 anos, quando come\u00e7ou a estudar m\u00fasica e Guitarra Portuguesa. Era eu na altura, professora na mesma escola de m\u00fasica, depois de ter ganho um programa internacional de novos talentos de jovens da idade dele o \u201cBravo, Bravissimo\u201d.<\/span><\/span><\/span><\/span><\/p>\n<p><span style=\"color: #222222;\"><span style=\"font-family: Liberation Serif, serif;\"><span style=\"font-size: medium;\"><span lang=\"pt-BR\">Durante alguns anos convivemos e troc\u00e1mos m\u00fasica naquela escola, enquanto ele crescia e se desenvolvia cada vez mais como m\u00fasico, onde p\u00f4de ter contacto com outros instrumentos, como o piano com vertentes musicais, como o Jazz, o cl\u00e1ssico e automaticamente o tocar em conjunto nesta jun\u00e7\u00e3o de instrumentos foi uma abertura enorme para o crescimento do c\u00e9rebro musical, que ent\u00e3o se estava a criar e tamb\u00e9m, obviamente, uma abordagem diferente da m\u00fasica e do fado. <\/span><\/span><\/span><\/span><\/p>\n<p><span style=\"color: #222222;\"><span style=\"font-family: Liberation Serif, serif;\"><span style=\"font-size: medium;\"><span lang=\"pt-BR\">Lembro-me de uma vez juntar a sua guitarra com piano, numa apresenta\u00e7\u00e3o da escola. Uma nova experi\u00eancia e in\u00e9dita, na altura.<\/span><\/span><\/span><\/span><\/p>\n<p><span style=\"color: #222222;\"><span style=\"font-family: Liberation Serif, serif;\"><span style=\"font-size: medium;\"><span lang=\"pt-BR\">Come\u00e7ou ent\u00e3o a tocar em casas de fado e onde, diz, foi a sua principal escola. <\/span><\/span><\/span><\/span><\/p>\n<p><span style=\"color: #222222;\"><span style=\"font-family: Liberation Serif, serif;\"><span style=\"font-size: medium;\"><span lang=\"pt-BR\">O fado \u00e9 como ser portugu\u00eas. Aprende-se com a vida, com a viv\u00eancia da cultura, de coisas, bairros, dizeres, afazeres t\u00edpicos portugueses. Cria-se uma cultura pr\u00f3pria de um povo.<\/span><\/span><\/span><\/span><\/p>\n<p><span style=\"color: #222222;\"><span style=\"font-family: Liberation Serif, serif;\"><span style=\"font-size: medium;\"><span lang=\"pt-BR\">O fado aprende-se nas tascas, nos lugares onde se troca modos de tocar, cantar, expressar o sentimento quer vocalmente, quer instrumentalmente. Unem-se e torna-se a linguagem musical t\u00edpica de um povo. <\/span><\/span><\/span><\/span><\/p>\n<p><span style=\"color: #222222;\"><span style=\"font-family: Liberation Serif, serif;\"><span style=\"font-size: medium;\"><span lang=\"pt-BR\">N\u00e3o h\u00e1 um livro de instru\u00e7\u00f5es, um material did\u00e1ctico do fado.<\/span><\/span><\/span><\/span><\/p>\n<p><span style=\"color: #222222;\"><span style=\"font-family: Liberation Serif, serif;\"><span style=\"font-size: medium;\"><span lang=\"pt-BR\">Come\u00e7ou pouco depois a tocar com artistas profissionais tais como Mariza, Caman\u00e9, Raquel Tavares e Ana Moura de quem \u00e9 hoje o guitarrista oficial e tantos outros conhecidos do panorama musical portugu\u00eas.<\/span><\/span><\/span><\/span><\/p>\n<p><span style=\"color: #222222;\"><span style=\"font-family: Liberation Serif, serif;\"><span style=\"font-size: medium;\"><span lang=\"pt-BR\">Durante a nossa conversa fui fazendo algumas perguntas t\u00edpicas de professora, mas tamb\u00e9m t\u00edpicas de algu\u00e9m que \u00e9 uma mera curiosa, do povo e espectadora do meio art\u00edstico, como algu\u00e9m que tem curiosidade em saber mais, em cultivar o que \u00e9 bom em Portugal, e de algu\u00e9m que quer mostrar a tantos portugueses a import\u00e2ncia da m\u00fasica e a influ\u00eancia que tem se a estudarmos. E principalmente a import\u00e2ncia da m\u00fasica bem-feita, com gosto, com uma aprendizagem da mesma ao longo da vida. Uma aprendizagem que come\u00e7a com B-\u00e1-B\u00e1 da linguagem musical, como o portugu\u00eas, como a matem\u00e1tica, como a f\u00edsica. Tudo se desenvolve de um modo mais rico e \u00edntegro quando se tem o privil\u00e9gio de puder estudar. <\/span><\/span><\/span><\/span><\/p>\n<p><span style=\"color: #222222;\"><span style=\"font-family: Liberation Serif, serif;\"><span style=\"font-size: medium;\"><span lang=\"pt-BR\">A conversa foi correndo e eu fui fazendo perguntas concretas, entre elas a mais \u00f3bvia e a que tinha mais \u00e2nsia: <\/span><\/span><\/span><\/span><span style=\"color: #222222;\"><span style=\"font-family: Liberation Serif, serif;\"><span style=\"font-size: medium;\"><span lang=\"pt-BR\"><b>quanto foi e \u00e9 importante o estudo da m\u00fasica (educa\u00e7\u00e3o\/forma\u00e7\u00e3o musical) na tua vida enquanto m\u00fasico profissional?<\/b><\/span><\/span><\/span><\/span> <span style=\"color: #222222;\"><span style=\"font-family: Liberation Serif, serif;\"><span style=\"font-size: medium;\"><span lang=\"pt-BR\"><b>E o estudo de um instrumento musical, neste caso a Guitarra Portuguesa? Quanto empenho ao tocar? Quantas horas de estudo?<\/b><\/span><\/span><\/span><\/span><\/p>\n<p><span style=\"color: #222222;\"><span style=\"font-family: Liberation Serif, serif;\"><span style=\"font-size: medium;\"><span lang=\"pt-BR\">Como \u00e9 \u00f3bvio nada se faz sem um estudo. Sem um laborat\u00f3rio de improvisa\u00e7\u00e3o e explora\u00e7\u00e3o da mesma.<\/span><\/span><\/span><\/span><\/p>\n<p><span style=\"color: #222222;\"><span style=\"font-family: Liberation Serif, serif;\"><span style=\"font-size: medium;\"><span lang=\"pt-BR\">Na m\u00fasica \u00e9 extremamente importante saber a sua linguagem escrita, auditiva e deixar fluir. A sensorial, sentimental, de alma digamos assim, no meio da t\u00e9cnica e da forma\u00e7\u00e3o musical.<\/span><\/span><\/span><\/span><\/p>\n<p><span style=\"color: #222222;\"><span style=\"font-family: Liberation Serif, serif;\"><span style=\"font-size: medium;\"><span lang=\"pt-BR\">Para o <\/span><\/span><\/span><\/span><span style=\"color: #222222;\"><span style=\"font-family: Liberation Serif, serif;\"><span style=\"font-size: medium;\"><span lang=\"pt-BR\">\u00c2<\/span><\/span><\/span><\/span><span style=\"color: #222222;\"><span style=\"font-family: Liberation Serif, serif;\"><span style=\"font-size: medium;\"><span lang=\"pt-BR\">ngelo (tal como para todos os m\u00fasicos) foi e \u00e9 imprescind\u00edvel ter uma forma\u00e7\u00e3o musical. Aprendizagem da teoria e do instrumento. S\u00f3 com essa bagagem se chega a ser um M\u00daSICO.<\/span><\/span><\/span><\/span><\/p>\n<p><span style=\"color: #222222;\"><span style=\"font-family: Liberation Serif, serif;\"><span style=\"font-size: medium;\"><span lang=\"pt-BR\">Na escola via-o quase sempre agarrado \u00e0 guitarra e sempre a tocar, a dedilhar umas notas, a criar melodias que ali se criavam sem querer ao dedilhar a sua guitarra. Assim tamb\u00e9m foi criando a sua pr\u00f3pria criatividade musical.<\/span><\/span><\/span><\/span><\/p>\n<p><span style=\"color: #222222;\"><span style=\"font-family: Liberation Serif, serif;\"><span style=\"font-size: medium;\"><span lang=\"pt-BR\">Hoje em dia h\u00e1 demasiadas facilidades para se dizer que \u00e9 m\u00fasico.<\/span><\/span><\/span><\/span><\/p>\n<p><span style=\"color: #222222;\"><span style=\"font-family: Liberation Serif, serif;\"><span style=\"font-size: medium;\"><span lang=\"pt-BR\">Umas das principais e \u00f3bvias s\u00e3o sem d\u00favida as novas tecnologias.<\/span><\/span><\/span><\/span><\/p>\n<p><span style=\"color: #222222;\"><span style=\"font-family: Liberation Serif, serif;\"><span style=\"font-size: medium;\"><span lang=\"pt-BR\">A quantidade de programas com que se faz m\u00fasica sem se saber como, sem se saber que naquela jun\u00e7\u00e3o de ritmos e sons que o computador faz no meu comando, estou a criar um acorde de 7\u00aa maior, com baixo em D\u00f3, juntamente com outro som que me faz um acorde numa 3\u00aa acima e depois aquela batida em 4\/4 (Compasso quatern\u00e1rio), mas que tamb\u00e9m pode ser um compasso composto 12\/4\u2026<\/span><\/span><\/span><\/span><\/p>\n<p><span style=\"color: #222222;\"><span style=\"font-family: Liberation Serif, serif;\"><span style=\"font-size: medium;\"><span lang=\"pt-BR\">O que raio estou para aqui a dizer?&#8230;<\/span><\/span><\/span><\/span><\/p>\n<p><span style=\"color: #222222;\"><span style=\"font-family: Liberation Serif, serif;\"><span style=\"font-size: medium;\"><span lang=\"pt-BR\">Pois \u00e9\u2026<\/span><\/span><\/span><\/span><\/p>\n<p><span style=\"color: #222222;\"><span style=\"font-family: Liberation Serif, serif;\"><span style=\"font-size: medium;\"><span lang=\"pt-BR\">Como costumo dizer \u00e9 como uma comida instant\u00e2nea. Como a farinha C\u00e9relac. Junta-se \u00e1gua e est\u00e1 feita\u2026 <\/span><\/span><\/span><\/span><\/p>\n<p><span style=\"color: #222222;\"><span style=\"font-family: Liberation Serif, serif;\"><span style=\"font-size: medium;\"><span lang=\"pt-BR\">Ser-se m\u00fasico \u00e9 antes de mais uma profiss\u00e3o. Uma aprendizagem, um estudo de horas numa vida e que n\u00e3o p\u00e1ra. \u00c9 um estudo cont\u00ednuo porque pode e deve aprender-se sempre mais.<\/span><\/span><\/span><\/span><\/p>\n<p><span style=\"color: #222222;\"><span style=\"font-family: Liberation Serif, serif;\"><span style=\"font-size: medium;\"><span lang=\"pt-BR\">Pode-se e deve-se dedilhar continuamente a Guitarra, o piano ou qualquer outro instrumento.<\/span><\/span><\/span><\/span><\/p>\n<p><span style=\"color: #222222;\"><span style=\"font-family: Liberation Serif, serif;\"><span style=\"font-size: medium;\"><span lang=\"pt-BR\">E aten\u00e7\u00e3o que as novas tecnologias s\u00e3o uma ferramenta que ajuda e em muito os m\u00fasicos, mas sabendo o que se est\u00e1 a fazer faz-se muito mais com a potencialidade que a pr\u00f3pria ferramenta j\u00e1 tem.<\/span><\/span><\/span><\/span><\/p>\n<p><span style=\"color: #222222;\"><span style=\"font-family: Liberation Serif, serif;\"><span style=\"font-size: medium;\"><span lang=\"pt-BR\">Para o <\/span><\/span><\/span><\/span><span style=\"color: #222222;\"><span style=\"font-family: Liberation Serif, serif;\"><span style=\"font-size: medium;\"><span lang=\"pt-BR\">\u00c2<\/span><\/span><\/span><\/span><span style=\"color: #222222;\"><span style=\"font-family: Liberation Serif, serif;\"><span style=\"font-size: medium;\"><span lang=\"pt-BR\">ngelo, hoje em dia ser m\u00fasico profissional \u00e9 algo que conquistou com esfor\u00e7o, trabalho, dedica\u00e7\u00e3o e principalmente muito amor <\/span><\/span><\/span><\/span><span style=\"color: #222222;\"><span style=\"font-family: Liberation Serif, serif;\"><span style=\"font-size: medium;\"><span lang=\"pt-BR\">\u00e0<\/span><\/span><\/span><\/span><span style=\"color: #222222;\"><span style=\"font-family: Liberation Serif, serif;\"><span style=\"font-size: medium;\"><span lang=\"pt-BR\"> m\u00fasica, <\/span><\/span><\/span><\/span><span style=\"color: #222222;\"><span style=\"font-family: Liberation Serif, serif;\"><span style=\"font-size: medium;\"><span lang=\"pt-BR\">\u00e0<\/span><\/span><\/span><\/span><span style=\"color: #222222;\"><span style=\"font-family: Liberation Serif, serif;\"><span style=\"font-size: medium;\"><span lang=\"pt-BR\"> guitarra, ao fado.<\/span><\/span><\/span><\/span><\/p>\n<p><span style=\"color: #222222;\"><span style=\"font-family: Liberation Serif, serif;\"><span style=\"font-size: medium;\"><span lang=\"pt-BR\">Meus amigos o <\/span><\/span><\/span><\/span><span style=\"color: #222222;\"><span style=\"font-family: Liberation Serif, serif;\"><span style=\"font-size: medium;\"><span lang=\"pt-BR\">\u00c2<\/span><\/span><\/span><\/span><span style=\"color: #222222;\"><span style=\"font-family: Liberation Serif, serif;\"><span style=\"font-size: medium;\"><span lang=\"pt-BR\">ngelo Freire \u00e9 um orgulho pessoal mas tamb\u00e9m um exemplo do que \u00e9 ser m\u00fasico e ter trabalhado para isso.<\/span><\/span><\/span><\/span><\/p>\n<p><span style=\"color: #222222;\"><span style=\"font-family: Liberation Serif, serif;\"><span style=\"font-size: medium;\"><span lang=\"pt-BR\">O <\/span><\/span><\/span><\/span><span style=\"color: #222222;\"><span style=\"font-family: Liberation Serif, serif;\"><span style=\"font-size: medium;\"><span lang=\"pt-BR\">\u00c2<\/span><\/span><\/span><\/span><span style=\"color: #222222;\"><span style=\"font-family: Liberation Serif, serif;\"><span style=\"font-size: medium;\"><span lang=\"pt-BR\">ngelo (Como tantos m\u00fasicos tenho a certeza) \u00e9 hoje o primeiro a agradecer ao ensino da m\u00fasica e do instrumento juntamente com o empenho, a for\u00e7a de vontade, o amor pela m\u00fasica.<\/span><\/span><\/span><\/span><\/p>\n<p><span style=\"color: #222222;\"><span style=\"font-family: Liberation Serif, serif;\"><span style=\"font-size: medium;\"><span lang=\"pt-BR\">As novas tecnologias s\u00e3o e devem ser usadas, mas por favor aprendam antes m\u00fasica para saberem \u201cfalar\u201d m\u00fasica com outros m\u00fasicos. S\u00f3 assim chegaram mais cultos, ricos como pessoas e como profissionais deste meio. Obviamente que a sensibilidade, o ter alguma facilidade em ter no\u00e7\u00e3o do que soa bem ou n\u00e3o quando se junta alguns acordes, instrumentos com uma batida, ajuda, mas que saibam o que est\u00e3o a \u201cdizer\u201d e que saibam escrever para outros puderem tocar a vossa m\u00fasica.<\/span><\/span><\/span><\/span><\/p>\n<p><span style=\"color: #222222;\"><span style=\"font-family: Liberation Serif, serif;\"><span style=\"font-size: medium;\"><span lang=\"pt-BR\">Obrigada <\/span><\/span><\/span><\/span><span style=\"color: #222222;\"><span style=\"font-family: Liberation Serif, serif;\"><span style=\"font-size: medium;\"><span lang=\"pt-BR\">\u00e0<\/span><\/span><\/span><\/span><span style=\"color: #222222;\"><span style=\"font-family: Liberation Serif, serif;\"><span style=\"font-size: medium;\"><span lang=\"pt-BR\"> m\u00fasica e <\/span><\/span><\/span><\/span><span style=\"color: #222222;\"><span style=\"font-family: Liberation Serif, serif;\"><span style=\"font-size: medium;\"><span lang=\"pt-BR\">\u00c2<\/span><\/span><\/span><\/span><span style=\"color: #222222;\"><span style=\"font-family: Liberation Serif, serif;\"><span style=\"font-size: medium;\"><span lang=\"pt-BR\">ngelo Freire, obrigada pela tua musicalidade t\u00e3o rica fruto de trabalho, experi\u00eancias musicais.<\/span><\/span><\/span><\/span><\/p>\n<p><span style=\"color: #222222;\"><span style=\"font-family: Liberation Serif, serif;\"><span style=\"font-size: medium;\"><span lang=\"pt-BR\">Que a m\u00fasica esteja sempre connosco!<\/span><\/span><\/span><\/span><\/p>\n<p><img decoding=\"async\" class=\"aligncenter wp-image-62101 size-large lazyload\" data-src=\"https:\/\/infocul.pt\/arquivo\/wp-content\/uploads\/2019\/11\/WhatsApp-Image-2019-11-08-at-10.12.52-1024x768.jpeg\" alt=\"\" width=\"800\" height=\"600\" data-srcset=\"https:\/\/infocul.pt\/arquivo\/wp-content\/uploads\/2019\/11\/WhatsApp-Image-2019-11-08-at-10.12.52-1024x768.jpeg 1024w, https:\/\/infocul.pt\/arquivo\/wp-content\/uploads\/2019\/11\/WhatsApp-Image-2019-11-08-at-10.12.52-300x225.jpeg 300w, https:\/\/infocul.pt\/arquivo\/wp-content\/uploads\/2019\/11\/WhatsApp-Image-2019-11-08-at-10.12.52-768x576.jpeg 768w, https:\/\/infocul.pt\/arquivo\/wp-content\/uploads\/2019\/11\/WhatsApp-Image-2019-11-08-at-10.12.52.jpeg 1919w\" data-sizes=\"(max-width: 800px) 100vw, 800px\" src=\"data:image\/svg+xml;base64,PHN2ZyB3aWR0aD0iMSIgaGVpZ2h0PSIxIiB4bWxucz0iaHR0cDovL3d3dy53My5vcmcvMjAwMC9zdmciPjwvc3ZnPg==\" style=\"--smush-placeholder-width: 800px; --smush-placeholder-aspect-ratio: 800\/600;\" \/><\/p>\n<p>&nbsp;<\/p>\n<p><img decoding=\"async\" class=\"aligncenter wp-image-62102 size-large lazyload\" data-src=\"https:\/\/infocul.pt\/arquivo\/wp-content\/uploads\/2019\/11\/WhatsApp-Image-2019-11-08-at-10.12.35-768x1024.jpeg\" alt=\"\" width=\"768\" height=\"1024\" data-srcset=\"https:\/\/infocul.pt\/arquivo\/wp-content\/uploads\/2019\/11\/WhatsApp-Image-2019-11-08-at-10.12.35-768x1024.jpeg 768w, https:\/\/infocul.pt\/arquivo\/wp-content\/uploads\/2019\/11\/WhatsApp-Image-2019-11-08-at-10.12.35-225x300.jpeg 225w, https:\/\/infocul.pt\/arquivo\/wp-content\/uploads\/2019\/11\/WhatsApp-Image-2019-11-08-at-10.12.35.jpeg 1440w\" data-sizes=\"(max-width: 768px) 100vw, 768px\" src=\"data:image\/svg+xml;base64,PHN2ZyB3aWR0aD0iMSIgaGVpZ2h0PSIxIiB4bWxucz0iaHR0cDovL3d3dy53My5vcmcvMjAwMC9zdmciPjwvc3ZnPg==\" style=\"--smush-placeholder-width: 768px; --smush-placeholder-aspect-ratio: 768\/1024;\" \/><\/p>\n<p>&nbsp;<\/p>\n<p><img decoding=\"async\" class=\"aligncenter wp-image-62103 size-large lazyload\" data-src=\"https:\/\/infocul.pt\/arquivo\/wp-content\/uploads\/2019\/11\/WhatsApp-Image-2019-11-08-at-09.40.47-768x1024.jpeg\" alt=\"\" width=\"768\" height=\"1024\" data-srcset=\"https:\/\/infocul.pt\/arquivo\/wp-content\/uploads\/2019\/11\/WhatsApp-Image-2019-11-08-at-09.40.47-768x1024.jpeg 768w, https:\/\/infocul.pt\/arquivo\/wp-content\/uploads\/2019\/11\/WhatsApp-Image-2019-11-08-at-09.40.47-225x300.jpeg 225w, https:\/\/infocul.pt\/arquivo\/wp-content\/uploads\/2019\/11\/WhatsApp-Image-2019-11-08-at-09.40.47.jpeg 1440w\" data-sizes=\"(max-width: 768px) 100vw, 768px\" src=\"data:image\/svg+xml;base64,PHN2ZyB3aWR0aD0iMSIgaGVpZ2h0PSIxIiB4bWxucz0iaHR0cDovL3d3dy53My5vcmcvMjAwMC9zdmciPjwvc3ZnPg==\" style=\"--smush-placeholder-width: 768px; --smush-placeholder-aspect-ratio: 768\/1024;\" \/><\/p>\n","protected":false},"excerpt":{"rendered":"<p>&nbsp; \u00c2ngelo Freire, 30 anos, come\u00e7ou a aprender Guitarra Portuguesa de nascen\u00e7a, ou como costumo dizer, com o chip da m\u00fasica integrado e neste caso concretamente j\u00e1 ligado ao fado e \u00e0 Guitarra Portuguesa.<\/p>\n","protected":false},"author":18,"featured_media":60883,"comment_status":"open","ping_status":"closed","sticky":false,"template":"","format":"standard","meta":{"footnotes":""},"categories":[36,4121],"tags":[7906],"class_list":["post-62100","post","type-post","status-publish","format-standard","has-post-thumbnail","hentry","category-destaque","category-opiniao","tag-a-proposito-de-musica"],"yoast_head":"<!-- This site is optimized with the Yoast SEO plugin v27.5 - https:\/\/yoast.com\/product\/yoast-seo-wordpress\/ -->\n<title>&#039;A prop\u00f3sito de m\u00fasica\u2026&#039;: \u00c2ngelo Freire \u2013 M\u00fasico | Infocul.pt - Arquivo Digital<\/title>\n<meta name=\"description\" content=\"&#039;A prop\u00f3sito de m\u00fasica\u2026&#039;: \u00c2ngelo Freire \u2013 M\u00fasico | Infocul.pt - Arquivo Digital\" \/>\n<meta name=\"robots\" content=\"noindex, follow, max-snippet:-1, max-image-preview:large, max-video-preview:-1\" \/>\n<meta property=\"og:locale\" content=\"pt_PT\" \/>\n<meta property=\"og:type\" content=\"article\" \/>\n<meta property=\"og:title\" content=\"&#039;A prop\u00f3sito de m\u00fasica\u2026&#039;: \u00c2ngelo Freire \u2013 M\u00fasico | Infocul.pt - Arquivo Digital\" \/>\n<meta property=\"og:description\" content=\"&#039;A prop\u00f3sito de m\u00fasica\u2026&#039;: \u00c2ngelo Freire \u2013 M\u00fasico | Infocul.pt - Arquivo Digital\" \/>\n<meta property=\"og:url\" content=\"https:\/\/infocul.pt\/arquivo\/opiniao\/a-proposito-de-musica-angelo-freire-musico\/\" \/>\n<meta property=\"og:site_name\" content=\"Infocul.pt - Arquivo Digital\" \/>\n<meta property=\"article:publisher\" content=\"https:\/\/www.facebook.com\/Infocul-147816815585015\/\" \/>\n<meta property=\"article:published_time\" content=\"2019-11-15T00:00:11+00:00\" \/>\n<meta property=\"og:image\" content=\"https:\/\/infocul.pt\/arquivo\/wp-content\/uploads\/2019\/10\/A-prop\u00f3sito-de-m\u00fasica1.jpg\" \/>\n\t<meta property=\"og:image:width\" content=\"800\" \/>\n\t<meta property=\"og:image:height\" content=\"445\" \/>\n\t<meta property=\"og:image:type\" content=\"image\/jpeg\" \/>\n<meta name=\"author\" content=\"Ana Cristina Esteves\" \/>\n<meta name=\"twitter:card\" content=\"summary_large_image\" \/>\n<meta name=\"twitter:creator\" content=\"@Infoculpt\" \/>\n<meta name=\"twitter:site\" content=\"@Infoculpt\" \/>\n<meta name=\"twitter:label1\" content=\"Escrito por\" \/>\n\t<meta name=\"twitter:data1\" content=\"Ana Cristina Esteves\" \/>\n\t<meta name=\"twitter:label2\" content=\"Tempo estimado de leitura\" \/>\n\t<meta name=\"twitter:data2\" content=\"6 minutos\" \/>\n<script type=\"application\/ld+json\" class=\"yoast-schema-graph\">{\"@context\":\"https:\\\/\\\/schema.org\",\"@graph\":[{\"@type\":\"Article\",\"@id\":\"https:\\\/\\\/infocul.pt\\\/arquivo\\\/opiniao\\\/a-proposito-de-musica-angelo-freire-musico\\\/#article\",\"isPartOf\":{\"@id\":\"https:\\\/\\\/infocul.pt\\\/arquivo\\\/opiniao\\\/a-proposito-de-musica-angelo-freire-musico\\\/\"},\"author\":{\"name\":\"Ana Cristina Esteves\",\"@id\":\"https:\\\/\\\/infocul.pt\\\/arquivo\\\/#\\\/schema\\\/person\\\/5bea4408e2590fb41a6291b34198b262\"},\"headline\":\"&#8216;A prop\u00f3sito de m\u00fasica\u2026&#8217;: \u00c2ngelo Freire \u2013 M\u00fasico\",\"datePublished\":\"2019-11-15T00:00:11+00:00\",\"mainEntityOfPage\":{\"@id\":\"https:\\\/\\\/infocul.pt\\\/arquivo\\\/opiniao\\\/a-proposito-de-musica-angelo-freire-musico\\\/\"},\"wordCount\":1177,\"commentCount\":0,\"publisher\":{\"@id\":\"https:\\\/\\\/infocul.pt\\\/arquivo\\\/#organization\"},\"image\":{\"@id\":\"https:\\\/\\\/infocul.pt\\\/arquivo\\\/opiniao\\\/a-proposito-de-musica-angelo-freire-musico\\\/#primaryimage\"},\"thumbnailUrl\":\"https:\\\/\\\/infocul.pt\\\/arquivo\\\/wp-content\\\/uploads\\\/2019\\\/10\\\/A-prop\u00f3sito-de-m\u00fasica1.jpg\",\"keywords\":[\"A prop\u00f3sito de m\u00fasica\"],\"articleSection\":[\"Destaque\",\"Opini\u00e3o\"],\"inLanguage\":\"pt-PT\"},{\"@type\":\"WebPage\",\"@id\":\"https:\\\/\\\/infocul.pt\\\/arquivo\\\/opiniao\\\/a-proposito-de-musica-angelo-freire-musico\\\/\",\"url\":\"https:\\\/\\\/infocul.pt\\\/arquivo\\\/opiniao\\\/a-proposito-de-musica-angelo-freire-musico\\\/\",\"name\":\"'A prop\u00f3sito de m\u00fasica\u2026': \u00c2ngelo Freire \u2013 M\u00fasico | Infocul.pt - Arquivo Digital\",\"isPartOf\":{\"@id\":\"https:\\\/\\\/infocul.pt\\\/arquivo\\\/#website\"},\"primaryImageOfPage\":{\"@id\":\"https:\\\/\\\/infocul.pt\\\/arquivo\\\/opiniao\\\/a-proposito-de-musica-angelo-freire-musico\\\/#primaryimage\"},\"image\":{\"@id\":\"https:\\\/\\\/infocul.pt\\\/arquivo\\\/opiniao\\\/a-proposito-de-musica-angelo-freire-musico\\\/#primaryimage\"},\"thumbnailUrl\":\"https:\\\/\\\/infocul.pt\\\/arquivo\\\/wp-content\\\/uploads\\\/2019\\\/10\\\/A-prop\u00f3sito-de-m\u00fasica1.jpg\",\"datePublished\":\"2019-11-15T00:00:11+00:00\",\"description\":\"'A prop\u00f3sito de m\u00fasica\u2026': \u00c2ngelo Freire \u2013 M\u00fasico | Infocul.pt - Arquivo Digital\",\"breadcrumb\":{\"@id\":\"https:\\\/\\\/infocul.pt\\\/arquivo\\\/opiniao\\\/a-proposito-de-musica-angelo-freire-musico\\\/#breadcrumb\"},\"inLanguage\":\"pt-PT\",\"potentialAction\":[{\"@type\":\"ReadAction\",\"target\":[\"https:\\\/\\\/infocul.pt\\\/arquivo\\\/opiniao\\\/a-proposito-de-musica-angelo-freire-musico\\\/\"]}]},{\"@type\":\"ImageObject\",\"inLanguage\":\"pt-PT\",\"@id\":\"https:\\\/\\\/infocul.pt\\\/arquivo\\\/opiniao\\\/a-proposito-de-musica-angelo-freire-musico\\\/#primaryimage\",\"url\":\"https:\\\/\\\/infocul.pt\\\/arquivo\\\/wp-content\\\/uploads\\\/2019\\\/10\\\/A-prop\u00f3sito-de-m\u00fasica1.jpg\",\"contentUrl\":\"https:\\\/\\\/infocul.pt\\\/arquivo\\\/wp-content\\\/uploads\\\/2019\\\/10\\\/A-prop\u00f3sito-de-m\u00fasica1.jpg\",\"width\":800,\"height\":445},{\"@type\":\"BreadcrumbList\",\"@id\":\"https:\\\/\\\/infocul.pt\\\/arquivo\\\/opiniao\\\/a-proposito-de-musica-angelo-freire-musico\\\/#breadcrumb\",\"itemListElement\":[{\"@type\":\"ListItem\",\"position\":1,\"name\":\"Home\",\"item\":\"https:\\\/\\\/infocul.pt\\\/arquivo\\\/\"},{\"@type\":\"ListItem\",\"position\":2,\"name\":\"&#8216;A prop\u00f3sito de m\u00fasica\u2026&#8217;: \u00c2ngelo Freire \u2013 M\u00fasico\"}]},{\"@type\":\"WebSite\",\"@id\":\"https:\\\/\\\/infocul.pt\\\/arquivo\\\/#website\",\"url\":\"https:\\\/\\\/infocul.pt\\\/arquivo\\\/\",\"name\":\"Infocul.pt - Arquivo Digital\",\"description\":\"Arquivo digital da Infocul.pt\",\"publisher\":{\"@id\":\"https:\\\/\\\/infocul.pt\\\/arquivo\\\/#organization\"},\"potentialAction\":[{\"@type\":\"SearchAction\",\"target\":{\"@type\":\"EntryPoint\",\"urlTemplate\":\"https:\\\/\\\/infocul.pt\\\/arquivo\\\/?s={search_term_string}\"},\"query-input\":{\"@type\":\"PropertyValueSpecification\",\"valueRequired\":true,\"valueName\":\"search_term_string\"}}],\"inLanguage\":\"pt-PT\"},{\"@type\":\"Organization\",\"@id\":\"https:\\\/\\\/infocul.pt\\\/arquivo\\\/#organization\",\"name\":\"Infocul.pt\",\"url\":\"https:\\\/\\\/infocul.pt\\\/arquivo\\\/\",\"logo\":{\"@type\":\"ImageObject\",\"inLanguage\":\"pt-PT\",\"@id\":\"https:\\\/\\\/infocul.pt\\\/arquivo\\\/#\\\/schema\\\/logo\\\/image\\\/\",\"url\":\"https:\\\/\\\/infocul.pt\\\/arquivo\\\/wp-content\\\/uploads\\\/2018\\\/12\\\/Infocul_logo-1.png\",\"contentUrl\":\"https:\\\/\\\/infocul.pt\\\/arquivo\\\/wp-content\\\/uploads\\\/2018\\\/12\\\/Infocul_logo-1.png\",\"width\":800,\"height\":800,\"caption\":\"Infocul.pt\"},\"image\":{\"@id\":\"https:\\\/\\\/infocul.pt\\\/arquivo\\\/#\\\/schema\\\/logo\\\/image\\\/\"},\"sameAs\":[\"https:\\\/\\\/www.facebook.com\\\/Infocul-147816815585015\\\/\",\"https:\\\/\\\/x.com\\\/Infoculpt\",\"http:\\\/\\\/www.pictaram.com\\\/user\\\/infocul.pt\\\/2370423710\",\"https:\\\/\\\/www.youtube.com\\\/channel\\\/UCYEB91AGI9FL9ek2i_IaQAA\"]},{\"@type\":\"Person\",\"@id\":\"https:\\\/\\\/infocul.pt\\\/arquivo\\\/#\\\/schema\\\/person\\\/5bea4408e2590fb41a6291b34198b262\",\"name\":\"Ana Cristina Esteves\",\"image\":{\"@type\":\"ImageObject\",\"inLanguage\":\"pt-PT\",\"@id\":\"https:\\\/\\\/secure.gravatar.com\\\/avatar\\\/e3ad354261e0752913590b893f97b3a8ff88b72b6ba2cd99f6793291697b5279?s=96&d=mm&r=g\",\"url\":\"https:\\\/\\\/secure.gravatar.com\\\/avatar\\\/e3ad354261e0752913590b893f97b3a8ff88b72b6ba2cd99f6793291697b5279?s=96&d=mm&r=g\",\"contentUrl\":\"https:\\\/\\\/secure.gravatar.com\\\/avatar\\\/e3ad354261e0752913590b893f97b3a8ff88b72b6ba2cd99f6793291697b5279?s=96&d=mm&r=g\",\"caption\":\"Ana Cristina Esteves\"},\"description\":\"Professora de M\u00fasica\"}]}<\/script>\n<!-- \/ Yoast SEO plugin. -->","yoast_head_json":{"title":"'A prop\u00f3sito de m\u00fasica\u2026': \u00c2ngelo Freire \u2013 M\u00fasico | Infocul.pt - Arquivo Digital","description":"'A prop\u00f3sito de m\u00fasica\u2026': \u00c2ngelo Freire \u2013 M\u00fasico | Infocul.pt - Arquivo Digital","robots":{"index":"noindex","follow":"follow","max-snippet":"max-snippet:-1","max-image-preview":"max-image-preview:large","max-video-preview":"max-video-preview:-1"},"og_locale":"pt_PT","og_type":"article","og_title":"'A prop\u00f3sito de m\u00fasica\u2026': \u00c2ngelo Freire \u2013 M\u00fasico | Infocul.pt - Arquivo Digital","og_description":"'A prop\u00f3sito de m\u00fasica\u2026': \u00c2ngelo Freire \u2013 M\u00fasico | Infocul.pt - Arquivo Digital","og_url":"https:\/\/infocul.pt\/arquivo\/opiniao\/a-proposito-de-musica-angelo-freire-musico\/","og_site_name":"Infocul.pt - Arquivo Digital","article_publisher":"https:\/\/www.facebook.com\/Infocul-147816815585015\/","article_published_time":"2019-11-15T00:00:11+00:00","og_image":[{"width":800,"height":445,"url":"https:\/\/infocul.pt\/arquivo\/wp-content\/uploads\/2019\/10\/A-prop\u00f3sito-de-m\u00fasica1.jpg","type":"image\/jpeg"}],"author":"Ana Cristina Esteves","twitter_card":"summary_large_image","twitter_creator":"@Infoculpt","twitter_site":"@Infoculpt","twitter_misc":{"Escrito por":"Ana Cristina Esteves","Tempo estimado de leitura":"6 minutos"},"schema":{"@context":"https:\/\/schema.org","@graph":[{"@type":"Article","@id":"https:\/\/infocul.pt\/arquivo\/opiniao\/a-proposito-de-musica-angelo-freire-musico\/#article","isPartOf":{"@id":"https:\/\/infocul.pt\/arquivo\/opiniao\/a-proposito-de-musica-angelo-freire-musico\/"},"author":{"name":"Ana Cristina Esteves","@id":"https:\/\/infocul.pt\/arquivo\/#\/schema\/person\/5bea4408e2590fb41a6291b34198b262"},"headline":"&#8216;A prop\u00f3sito de m\u00fasica\u2026&#8217;: \u00c2ngelo Freire \u2013 M\u00fasico","datePublished":"2019-11-15T00:00:11+00:00","mainEntityOfPage":{"@id":"https:\/\/infocul.pt\/arquivo\/opiniao\/a-proposito-de-musica-angelo-freire-musico\/"},"wordCount":1177,"commentCount":0,"publisher":{"@id":"https:\/\/infocul.pt\/arquivo\/#organization"},"image":{"@id":"https:\/\/infocul.pt\/arquivo\/opiniao\/a-proposito-de-musica-angelo-freire-musico\/#primaryimage"},"thumbnailUrl":"https:\/\/infocul.pt\/arquivo\/wp-content\/uploads\/2019\/10\/A-prop\u00f3sito-de-m\u00fasica1.jpg","keywords":["A prop\u00f3sito de m\u00fasica"],"articleSection":["Destaque","Opini\u00e3o"],"inLanguage":"pt-PT"},{"@type":"WebPage","@id":"https:\/\/infocul.pt\/arquivo\/opiniao\/a-proposito-de-musica-angelo-freire-musico\/","url":"https:\/\/infocul.pt\/arquivo\/opiniao\/a-proposito-de-musica-angelo-freire-musico\/","name":"'A prop\u00f3sito de m\u00fasica\u2026': \u00c2ngelo Freire \u2013 M\u00fasico | Infocul.pt - Arquivo Digital","isPartOf":{"@id":"https:\/\/infocul.pt\/arquivo\/#website"},"primaryImageOfPage":{"@id":"https:\/\/infocul.pt\/arquivo\/opiniao\/a-proposito-de-musica-angelo-freire-musico\/#primaryimage"},"image":{"@id":"https:\/\/infocul.pt\/arquivo\/opiniao\/a-proposito-de-musica-angelo-freire-musico\/#primaryimage"},"thumbnailUrl":"https:\/\/infocul.pt\/arquivo\/wp-content\/uploads\/2019\/10\/A-prop\u00f3sito-de-m\u00fasica1.jpg","datePublished":"2019-11-15T00:00:11+00:00","description":"'A prop\u00f3sito de m\u00fasica\u2026': \u00c2ngelo Freire \u2013 M\u00fasico | Infocul.pt - Arquivo Digital","breadcrumb":{"@id":"https:\/\/infocul.pt\/arquivo\/opiniao\/a-proposito-de-musica-angelo-freire-musico\/#breadcrumb"},"inLanguage":"pt-PT","potentialAction":[{"@type":"ReadAction","target":["https:\/\/infocul.pt\/arquivo\/opiniao\/a-proposito-de-musica-angelo-freire-musico\/"]}]},{"@type":"ImageObject","inLanguage":"pt-PT","@id":"https:\/\/infocul.pt\/arquivo\/opiniao\/a-proposito-de-musica-angelo-freire-musico\/#primaryimage","url":"https:\/\/infocul.pt\/arquivo\/wp-content\/uploads\/2019\/10\/A-prop\u00f3sito-de-m\u00fasica1.jpg","contentUrl":"https:\/\/infocul.pt\/arquivo\/wp-content\/uploads\/2019\/10\/A-prop\u00f3sito-de-m\u00fasica1.jpg","width":800,"height":445},{"@type":"BreadcrumbList","@id":"https:\/\/infocul.pt\/arquivo\/opiniao\/a-proposito-de-musica-angelo-freire-musico\/#breadcrumb","itemListElement":[{"@type":"ListItem","position":1,"name":"Home","item":"https:\/\/infocul.pt\/arquivo\/"},{"@type":"ListItem","position":2,"name":"&#8216;A prop\u00f3sito de m\u00fasica\u2026&#8217;: \u00c2ngelo Freire \u2013 M\u00fasico"}]},{"@type":"WebSite","@id":"https:\/\/infocul.pt\/arquivo\/#website","url":"https:\/\/infocul.pt\/arquivo\/","name":"Infocul.pt - Arquivo Digital","description":"Arquivo digital da Infocul.pt","publisher":{"@id":"https:\/\/infocul.pt\/arquivo\/#organization"},"potentialAction":[{"@type":"SearchAction","target":{"@type":"EntryPoint","urlTemplate":"https:\/\/infocul.pt\/arquivo\/?s={search_term_string}"},"query-input":{"@type":"PropertyValueSpecification","valueRequired":true,"valueName":"search_term_string"}}],"inLanguage":"pt-PT"},{"@type":"Organization","@id":"https:\/\/infocul.pt\/arquivo\/#organization","name":"Infocul.pt","url":"https:\/\/infocul.pt\/arquivo\/","logo":{"@type":"ImageObject","inLanguage":"pt-PT","@id":"https:\/\/infocul.pt\/arquivo\/#\/schema\/logo\/image\/","url":"https:\/\/infocul.pt\/arquivo\/wp-content\/uploads\/2018\/12\/Infocul_logo-1.png","contentUrl":"https:\/\/infocul.pt\/arquivo\/wp-content\/uploads\/2018\/12\/Infocul_logo-1.png","width":800,"height":800,"caption":"Infocul.pt"},"image":{"@id":"https:\/\/infocul.pt\/arquivo\/#\/schema\/logo\/image\/"},"sameAs":["https:\/\/www.facebook.com\/Infocul-147816815585015\/","https:\/\/x.com\/Infoculpt","http:\/\/www.pictaram.com\/user\/infocul.pt\/2370423710","https:\/\/www.youtube.com\/channel\/UCYEB91AGI9FL9ek2i_IaQAA"]},{"@type":"Person","@id":"https:\/\/infocul.pt\/arquivo\/#\/schema\/person\/5bea4408e2590fb41a6291b34198b262","name":"Ana Cristina Esteves","image":{"@type":"ImageObject","inLanguage":"pt-PT","@id":"https:\/\/secure.gravatar.com\/avatar\/e3ad354261e0752913590b893f97b3a8ff88b72b6ba2cd99f6793291697b5279?s=96&d=mm&r=g","url":"https:\/\/secure.gravatar.com\/avatar\/e3ad354261e0752913590b893f97b3a8ff88b72b6ba2cd99f6793291697b5279?s=96&d=mm&r=g","contentUrl":"https:\/\/secure.gravatar.com\/avatar\/e3ad354261e0752913590b893f97b3a8ff88b72b6ba2cd99f6793291697b5279?s=96&d=mm&r=g","caption":"Ana Cristina Esteves"},"description":"Professora de M\u00fasica"}]}},"_links":{"self":[{"href":"https:\/\/infocul.pt\/arquivo\/wp-json\/wp\/v2\/posts\/62100","targetHints":{"allow":["GET"]}}],"collection":[{"href":"https:\/\/infocul.pt\/arquivo\/wp-json\/wp\/v2\/posts"}],"about":[{"href":"https:\/\/infocul.pt\/arquivo\/wp-json\/wp\/v2\/types\/post"}],"author":[{"embeddable":true,"href":"https:\/\/infocul.pt\/arquivo\/wp-json\/wp\/v2\/users\/18"}],"replies":[{"embeddable":true,"href":"https:\/\/infocul.pt\/arquivo\/wp-json\/wp\/v2\/comments?post=62100"}],"version-history":[{"count":0,"href":"https:\/\/infocul.pt\/arquivo\/wp-json\/wp\/v2\/posts\/62100\/revisions"}],"wp:featuredmedia":[{"embeddable":true,"href":"https:\/\/infocul.pt\/arquivo\/wp-json\/wp\/v2\/media\/60883"}],"wp:attachment":[{"href":"https:\/\/infocul.pt\/arquivo\/wp-json\/wp\/v2\/media?parent=62100"}],"wp:term":[{"taxonomy":"category","embeddable":true,"href":"https:\/\/infocul.pt\/arquivo\/wp-json\/wp\/v2\/categories?post=62100"},{"taxonomy":"post_tag","embeddable":true,"href":"https:\/\/infocul.pt\/arquivo\/wp-json\/wp\/v2\/tags?post=62100"}],"curies":[{"name":"wp","href":"https:\/\/api.w.org\/{rel}","templated":true}]}}