{"id":62271,"date":"2019-11-12T18:01:43","date_gmt":"2019-11-12T18:01:43","guid":{"rendered":"https:\/\/infocul.pt\/?p=62271"},"modified":"2019-11-12T18:01:43","modified_gmt":"2019-11-12T18:01:43","slug":"facebook-lanca-guia-do-porto-feito-pelas-comunidades-da-cidade","status":"publish","type":"post","link":"https:\/\/infocul.pt\/arquivo\/actualidade\/facebook-lanca-guia-do-porto-feito-pelas-comunidades-da-cidade\/","title":{"rendered":"Facebook lan\u00e7a guia do Porto feito pelas comunidades da cidade"},"content":{"rendered":"<p><img decoding=\"async\" class=\"aligncenter wp-image-62272 size-large lazyload\" data-src=\"https:\/\/infocul.pt\/arquivo\/wp-content\/uploads\/2019\/11\/Duarte-Pereira_Vinho-saber-provar-low-1024x683.jpg\" alt=\"\" width=\"800\" height=\"534\" data-srcset=\"https:\/\/infocul.pt\/arquivo\/wp-content\/uploads\/2019\/11\/Duarte-Pereira_Vinho-saber-provar-low-1024x683.jpg 1024w, https:\/\/infocul.pt\/arquivo\/wp-content\/uploads\/2019\/11\/Duarte-Pereira_Vinho-saber-provar-low-300x200.jpg 300w, https:\/\/infocul.pt\/arquivo\/wp-content\/uploads\/2019\/11\/Duarte-Pereira_Vinho-saber-provar-low-768x512.jpg 768w, https:\/\/infocul.pt\/arquivo\/wp-content\/uploads\/2019\/11\/Duarte-Pereira_Vinho-saber-provar-low.jpg 1701w\" data-sizes=\"(max-width: 800px) 100vw, 800px\" src=\"data:image\/svg+xml;base64,PHN2ZyB3aWR0aD0iMSIgaGVpZ2h0PSIxIiB4bWxucz0iaHR0cDovL3d3dy53My5vcmcvMjAwMC9zdmciPjwvc3ZnPg==\" style=\"--smush-placeholder-width: 800px; --smush-placeholder-aspect-ratio: 800\/534;\" \/><\/p>\n<p><span style=\"font-family: Liberation Serif, serif; font-size: medium;\">O Facebook lan\u00e7a hoje o Guia das Comunidades do Porto com o apoio da C\u00e2mara Municipal do Porto, atrav\u00e9s do Pelouro da Economia, Turismo e Com\u00e9rcio. O Guia das Comunidades do Porto s\u00e3o as recomenda\u00e7\u00f5es de 22 comunidades presentes na plataforma que seleccionaram como e onde percorrer a cidade, atrav\u00e9s de P\u00e1ginas e Grupos dedicados a cada assunto espec\u00edfico, desde gastronomia a filosofia, entre outros.\u00a0<\/span><!--more--><\/p>\n<p><span style=\"color: #333333;\">\u00a0<\/span><\/p>\n<p><span style=\"color: #333333;\"><span style=\"font-family: Liberation Serif, serif;\"><span style=\"font-size: medium;\">No ano passado, com apoio da C\u00e2mara Municipal de Lisboa, o Facebook lan\u00e7ou o Guia das Comunidades de Lisboa. Um ano depois, a rede social escolheu a\u00a0Invicta\u00a0para celebrar as comunidades, com hist\u00f3rias das pessoas que vemos diariamente a percorrer a cidade, que se juntam a outras pessoas do Porto no Facebook para partilhar interesses comuns e encontrarem-se pessoalmente.\u00a0Estas comunidades fazem parte das mais de 1.4 mil milh\u00f5es de pessoas que todos os meses utilizam os Grupos do Facebook e se conectam para partilhar interesses e preocupa\u00e7\u00f5es, encontrar apoio para causas e fazer parte de atividades que t\u00eam um impacto realmente positivo nas nossas vidas.<\/span><\/span><\/span><\/p>\n<p><span style=\"color: #333333;\">\u00a0<\/span><\/p>\n<p><span style=\"font-family: Liberation Serif, serif; font-size: medium;\">O Porto \u00e9 uma cidade num momento de particular ebuli\u00e7\u00e3o, um ponto tur\u00edstico aclamado pelo mundo fora e ao mesmo tempo, um espa\u00e7o com uma complexa hist\u00f3ria social e urbana. Esta dicotomia presente no dia-a-dia \u00e9 refletida neste guia, que apresenta as comunidades fervorosamente dedicadas \u00e0 hist\u00f3ria esquecida e as que procuram os novos espa\u00e7os que est\u00e3o a alterar a paisagem da cidade. Este guia pretende mostrar o Porto atrav\u00e9s desta experi\u00eancia, dividido entre o passado e o futuro, uma perspectiva actual\u00a0da cidade com contexto hist\u00f3rico.\u00a0<\/span><\/p>\n<p><span style=\"color: #333333;\">\u00a0<\/span><\/p>\n<p><span style=\"color: #333333;\"><span style=\"font-family: Liberation Serif, serif;\"><span style=\"font-size: medium;\">Entre as comunidades presentes no guia, que recomendaram espa\u00e7os e experi\u00eancias do Porto consoante os seus interesses, destacamos:<\/span><\/span><\/span><\/p>\n<p><a href=\"https:\/\/www.facebook.com\/preenchervazios\/\" target=\"_blank\" rel=\"noopener noreferrer\"><span style=\"color: #0000ff;\"><span style=\"font-family: Liberation Serif, serif;\"><span style=\"font-size: medium;\"><span lang=\"pt-PT\"><i><u>Preencher Vazios<\/u><\/i><\/span><\/span><\/span><\/span><\/a><span style=\"color: #333333;\"><span style=\"font-family: Liberation Serif, serif;\"><span style=\"font-size: medium;\">\u00a0<\/span><\/span><\/span><span style=\"color: #333333;\"><span style=\"font-family: Liberation Serif, serif;\"><span style=\"font-size: medium;\"><span lang=\"pt-PT\">&#8211; Joana de Abreu tem uma miss\u00e3o: preservar os azulejos de rua. O m\u00e9todo \u00e9 simples e eficaz. Atrav\u00e9s de interven\u00e7\u00f5es art\u00edsticas preenche os espa\u00e7os vazios nas fachadas com novos azulejos e frases de escritores portugueses. Ao chamar aten\u00e7\u00e3o para os pequenos detalhes que nos rodeiam, espera sensibilizar a popula\u00e7\u00e3o para o patrim\u00f3nio da cidade.<\/span><\/span><\/span><\/span><\/p>\n<p><a href=\"https:\/\/www.facebook.com\/PortoDesaparecido\/?ref=br_rs\" target=\"_blank\" rel=\"noopener noreferrer\"><span style=\"color: #0000ff;\"><span style=\"font-family: Liberation Serif, serif;\"><span style=\"font-size: medium;\"><span lang=\"pt-PT\"><i><u>Porto Desaparecido<\/u><\/i><\/span><\/span><\/span><\/span><\/a><span style=\"color: #333333;\"><span style=\"font-family: Liberation Serif, serif;\"><span style=\"font-size: medium;\">\u00a0<\/span><\/span><\/span><span style=\"color: #333333;\"><span style=\"font-family: Liberation Serif, serif;\"><span style=\"font-size: medium;\"><span lang=\"pt-PT\">&#8211; O entusiasmo pela hist\u00f3ria, pelos vest\u00edgios do tempo, levaram Manuel de Sousa a criar esta comunidade em 2012 e, apenas um ano depois, a receber Medalha Municipal de M\u00e9rito pela C\u00e2mara do Porto. A comunidade nasceu da convic\u00e7\u00e3o de que a melhor forma de entender a cidade em que vivemos \u00e9 atrav\u00e9s do conhecimento da hist\u00f3ria.<\/span><\/span><\/span><\/span><\/p>\n<p><a href=\"https:\/\/www.facebook.com\/veganhoodway\/\" target=\"_blank\" rel=\"noopener noreferrer\"><span style=\"color: #0000ff;\"><span style=\"font-family: Liberation Serif, serif;\"><span style=\"font-size: medium;\"><span lang=\"pt-PT\"><i><u>VeganHood<\/u><\/i><\/span><\/span><\/span><\/span><\/a><span style=\"color: #333333;\"><span style=\"font-family: Liberation Serif, serif;\"><span style=\"font-size: medium;\">\u00a0<\/span><\/span><\/span><span style=\"color: #333333;\"><span style=\"font-family: Liberation Serif, serif;\"><span style=\"font-size: medium;\"><span lang=\"pt-PT\">&#8211; Sara Martins e Rita Duarte t\u00eam voz ativa na comunidade vegetariana. Atrav\u00e9s de ac\u00e7\u00f5es de rua, de palestras e do Facebook, as duas amigas difundem a pr\u00e1tica de veganismo no norte de Portugal. Hoje lutam tamb\u00e9m pelos direitos dos animais convidando todos a tentar o <\/span><\/span><\/span><\/span><a href=\"https:\/\/desafiovegetariano.com\/\" target=\"_blank\" rel=\"noopener noreferrer\"><span style=\"color: #0000ff;\"><span style=\"font-family: Liberation Serif, serif;\"><span style=\"font-size: medium;\"><span lang=\"pt-PT\"><u>Desafio Vegetariano<\/u><\/span><\/span><\/span><\/span><\/a><span style=\"color: #333333;\"><span style=\"font-family: Liberation Serif, serif;\"><span style=\"font-size: medium;\"><span lang=\"pt-PT\">.<\/span><\/span><\/span><\/span><\/p>\n<p><a href=\"https:\/\/www.facebook.com\/Clube-Filos%C3%B3fico-do-Porto-368628726499342\/\" target=\"_blank\" rel=\"noopener noreferrer\"><span style=\"color: #0000ff;\"><span style=\"font-family: Liberation Serif, serif;\"><span style=\"font-size: medium;\"><span lang=\"pt-PT\"><i><u>Clube Filos\u00f3fico do Porto<\/u><\/i><\/span><\/span><\/span><\/span><\/a><span style=\"color: #333333;\"><span style=\"font-family: Liberation Serif, serif;\"><span style=\"font-size: medium;\">\u00a0<\/span><\/span><\/span><span style=\"color: #333333;\"><span style=\"font-family: Liberation Serif, serif;\"><span style=\"font-size: medium;\"><span lang=\"pt-PT\">&#8211; Tom\u00e1s Magalh\u00e3es Carneiro, do Instituto de Filosofia da Universidade do Porto, Tiago Sousa, da Universidade do Minho e Rui Andr\u00e9 Lopes, do Instituto Superior Polit\u00e9cnico Gaya, decidiram criar uma associa\u00e7\u00e3o para quem partilha o gosto pela filosofia. Reflectindo na origem urbana desta arte, o objectivo ambicioso do Clube \u00e9 aproximar novamente a filosofia da cidade.<\/span><\/span><\/span><\/span><\/p>\n<p><a href=\"https:\/\/www.facebook.com\/bombardaporto\/\" target=\"_blank\" rel=\"noopener noreferrer\"><span style=\"color: #0000ff;\"><span style=\"font-family: Liberation Serif, serif;\"><span style=\"font-size: medium;\"><span lang=\"pt-PT\"><i><u>Inaugura\u00e7\u00f5es Simult\u00e2neas de Miguel Bombarda<\/u><\/i><\/span><\/span><\/span><\/span><\/a><span style=\"color: #333333;\"><span style=\"font-family: Liberation Serif, serif;\"><span style=\"font-size: medium;\">\u00a0<\/span><\/span><\/span><span style=\"color: #333333;\"><span style=\"font-family: Liberation Serif, serif;\"><span style=\"font-size: medium;\"><span lang=\"pt-PT\">&#8211; A Rua de Miguel Bombarda \u00e9 uma art\u00e9ria vital da cidade, impulsionada pelas galerias de arte e projectos comerciais alternativos. Em 2007, estes espa\u00e7os decidiram unir-se em parceria com a C\u00e2mara Municipal do Porto nos eventos bimestrais &#8220;Inaugura\u00e7\u00f5es Simult\u00e2neas de Miguel Bombarda&#8221;. Ana Alves da Silva trata da comunica\u00e7\u00e3o destes eventos e \u00e9 uma das respons\u00e1veis por transformar esta outrora esquecida rua numa art\u00e9ria vital.<\/span><\/span><\/span><\/span><\/p>\n<p><a href=\"https:\/\/www.facebook.com\/Vinho-saber-provar-269033710270\/\" target=\"_blank\" rel=\"noopener noreferrer\"><span style=\"color: #0000ff;\"><span style=\"font-family: Liberation Serif, serif;\"><span style=\"font-size: medium;\"><span lang=\"pt-PT\"><i><u>Vinho, saber provar!<\/u><\/i><\/span><\/span><\/span><\/span><\/a><span style=\"color: #333333;\"><span style=\"font-family: Liberation Serif, serif;\"><span style=\"font-size: medium;\">\u00a0<\/span><\/span><\/span><span style=\"color: #333333;\"><span style=\"font-family: Liberation Serif, serif;\"><span style=\"font-size: medium;\"><span lang=\"pt-PT\">&#8211; N\u00e3o h\u00e1 maus vinhos, existem paladares diferentes. Quem o defende \u00e9 Duarte Costa Pereira, Engenheiro Agr\u00edcola e P\u00f3s-Graduado em Enologia. Al\u00e9m de supervisor de Prova Sensorial, \u00e9 formador de vinhos. Nos tempos livres partilha o seu conhecimento na p\u00e1gina &#8220;Vinho, saber provar!&#8221;.<\/span><\/span><\/span><\/span><\/p>\n<p><span style=\"color: #333333;\">\u00a0<\/span><\/p>\n<p><span style=\"color: #333333;\"><span style=\"font-family: Liberation Serif, serif;\"><span style=\"font-size: medium;\">O guia do Porto re\u00fane algumas das melhores dicas e recomenda\u00e7\u00f5es para ficar a conhecer os segredos mais bem guardados da cidade, desenvolvido com conte\u00fado exclusivo e inspirador, por quem melhor a conhece, as pr\u00f3prias comunidades locais do Facebook.\u00a0Quer seja um local, esteja de visita ou pretenda mudar-se para a cidade, o Guia das Comunidades do Facebook \u00e9 o parceiro ideal para que descubra o Porto atrav\u00e9s dos olhos de quem vive e melhor conhece a cidade.<\/span><\/span><\/span><\/p>\n<p><span style=\"color: #333333;\">\u00a0<\/span><\/p>\n<p><span style=\"color: #333333;\"><span style=\"font-family: Liberation Serif, serif;\"><span style=\"font-size: medium;\"><span lang=\"pt-PT\">O guia do Porto est\u00e1 dispon\u00edvel em\u00a0<\/span><\/span><\/span><\/span><a href=\"https:\/\/cityguides.fb.com\/\" target=\"_blank\" rel=\"noopener noreferrer\"><span style=\"color: #954f72;\"><span style=\"font-family: Liberation Serif, serif;\"><span style=\"font-size: medium;\"><span lang=\"pt-PT\"><u>https:\/\/cityguides.fb.com\/<\/u><\/span><\/span><\/span><\/span><\/a><span style=\"color: #333333;\"><span style=\"font-family: Liberation Serif, serif;\"><span style=\"font-size: medium;\">\u00a0<\/span><\/span><\/span><span style=\"color: #333333;\"><span style=\"font-family: Liberation Serif, serif;\"><span style=\"font-size: medium;\"><span lang=\"pt-PT\">e em v\u00e1rios pontos de turismo da cidade do Porto.<\/span><\/span><\/span><\/span><\/p>\n<p>&nbsp;<\/p>\n","protected":false},"excerpt":{"rendered":"<p>O Facebook lan\u00e7a hoje o Guia das Comunidades do Porto com o apoio da C\u00e2mara Municipal do Porto, atrav\u00e9s do Pelouro da Economia, Turismo e Com\u00e9rcio. O Guia das Comunidades do Porto s\u00e3o as recomenda\u00e7\u00f5es de 22 comunidades presentes na plataforma que seleccionaram como e onde percorrer a cidade, atrav\u00e9s de P\u00e1ginas e Grupos dedicados [&hellip;]<\/p>\n","protected":false},"author":13,"featured_media":62272,"comment_status":"open","ping_status":"closed","sticky":false,"template":"","format":"standard","meta":{"footnotes":""},"categories":[10,12,11,13],"tags":[4449,198],"class_list":["post-62271","post","type-post","status-publish","format-standard","has-post-thumbnail","hentry","category-actualidade","category-mundo","category-pais","category-turismo","tag-facebook","tag-porto"],"yoast_head":"<!-- This site is optimized with the Yoast SEO plugin v27.4 - https:\/\/yoast.com\/product\/yoast-seo-wordpress\/ -->\n<title>Facebook lan\u00e7a guia do Porto feito pelas comunidades da cidade | Infocul.pt - Arquivo Digital<\/title>\n<meta name=\"description\" content=\"Facebook lan\u00e7a guia do Porto feito pelas comunidades da cidade | Infocul.pt - Arquivo Digital\" \/>\n<meta name=\"robots\" content=\"noindex, follow, max-snippet:-1, max-image-preview:large, max-video-preview:-1\" \/>\n<meta property=\"og:locale\" content=\"pt_PT\" \/>\n<meta property=\"og:type\" content=\"article\" \/>\n<meta property=\"og:title\" content=\"Facebook lan\u00e7a guia do Porto feito pelas comunidades da cidade | Infocul.pt - Arquivo Digital\" \/>\n<meta property=\"og:description\" content=\"Facebook lan\u00e7a guia do Porto feito pelas comunidades da cidade | Infocul.pt - Arquivo Digital\" \/>\n<meta property=\"og:url\" content=\"https:\/\/infocul.pt\/arquivo\/actualidade\/facebook-lanca-guia-do-porto-feito-pelas-comunidades-da-cidade\/\" \/>\n<meta property=\"og:site_name\" content=\"Infocul.pt - Arquivo Digital\" \/>\n<meta property=\"article:publisher\" content=\"https:\/\/www.facebook.com\/Infocul-147816815585015\/\" \/>\n<meta property=\"article:published_time\" content=\"2019-11-12T18:01:43+00:00\" \/>\n<meta property=\"og:image\" content=\"https:\/\/infocul.pt\/arquivo\/wp-content\/uploads\/2019\/11\/Duarte-Pereira_Vinho-saber-provar-low.jpg\" \/>\n\t<meta property=\"og:image:width\" content=\"1701\" \/>\n\t<meta property=\"og:image:height\" content=\"1134\" \/>\n\t<meta property=\"og:image:type\" content=\"image\/jpeg\" \/>\n<meta name=\"author\" content=\"Redac\u00e7\u00e3o\" \/>\n<meta name=\"twitter:card\" content=\"summary_large_image\" \/>\n<meta name=\"twitter:creator\" content=\"@Infoculpt\" \/>\n<meta name=\"twitter:site\" content=\"@Infoculpt\" \/>\n<meta name=\"twitter:label1\" content=\"Escrito por\" \/>\n\t<meta name=\"twitter:data1\" content=\"Redac\u00e7\u00e3o\" \/>\n\t<meta name=\"twitter:label2\" content=\"Tempo estimado de leitura\" \/>\n\t<meta name=\"twitter:data2\" content=\"4 minutos\" \/>\n<script type=\"application\/ld+json\" class=\"yoast-schema-graph\">{\"@context\":\"https:\\\/\\\/schema.org\",\"@graph\":[{\"@type\":\"Article\",\"@id\":\"https:\\\/\\\/infocul.pt\\\/arquivo\\\/actualidade\\\/facebook-lanca-guia-do-porto-feito-pelas-comunidades-da-cidade\\\/#article\",\"isPartOf\":{\"@id\":\"https:\\\/\\\/infocul.pt\\\/arquivo\\\/actualidade\\\/facebook-lanca-guia-do-porto-feito-pelas-comunidades-da-cidade\\\/\"},\"author\":{\"name\":\"Redac\u00e7\u00e3o\",\"@id\":\"https:\\\/\\\/infocul.pt\\\/arquivo\\\/#\\\/schema\\\/person\\\/f243f45ae8d67639120a7586884f3abc\"},\"headline\":\"Facebook lan\u00e7a guia do Porto feito pelas comunidades da cidade\",\"datePublished\":\"2019-11-12T18:01:43+00:00\",\"mainEntityOfPage\":{\"@id\":\"https:\\\/\\\/infocul.pt\\\/arquivo\\\/actualidade\\\/facebook-lanca-guia-do-porto-feito-pelas-comunidades-da-cidade\\\/\"},\"wordCount\":790,\"commentCount\":0,\"publisher\":{\"@id\":\"https:\\\/\\\/infocul.pt\\\/arquivo\\\/#organization\"},\"image\":{\"@id\":\"https:\\\/\\\/infocul.pt\\\/arquivo\\\/actualidade\\\/facebook-lanca-guia-do-porto-feito-pelas-comunidades-da-cidade\\\/#primaryimage\"},\"thumbnailUrl\":\"https:\\\/\\\/infocul.pt\\\/arquivo\\\/wp-content\\\/uploads\\\/2019\\\/11\\\/Duarte-Pereira_Vinho-saber-provar-low.jpg\",\"keywords\":[\"Facebook\",\"Porto\"],\"articleSection\":[\"Actualidade\",\"Mundo\",\"Pa\u00eds\",\"Turismo\"],\"inLanguage\":\"pt-PT\"},{\"@type\":\"WebPage\",\"@id\":\"https:\\\/\\\/infocul.pt\\\/arquivo\\\/actualidade\\\/facebook-lanca-guia-do-porto-feito-pelas-comunidades-da-cidade\\\/\",\"url\":\"https:\\\/\\\/infocul.pt\\\/arquivo\\\/actualidade\\\/facebook-lanca-guia-do-porto-feito-pelas-comunidades-da-cidade\\\/\",\"name\":\"Facebook lan\u00e7a guia do Porto feito pelas comunidades da cidade | Infocul.pt - Arquivo Digital\",\"isPartOf\":{\"@id\":\"https:\\\/\\\/infocul.pt\\\/arquivo\\\/#website\"},\"primaryImageOfPage\":{\"@id\":\"https:\\\/\\\/infocul.pt\\\/arquivo\\\/actualidade\\\/facebook-lanca-guia-do-porto-feito-pelas-comunidades-da-cidade\\\/#primaryimage\"},\"image\":{\"@id\":\"https:\\\/\\\/infocul.pt\\\/arquivo\\\/actualidade\\\/facebook-lanca-guia-do-porto-feito-pelas-comunidades-da-cidade\\\/#primaryimage\"},\"thumbnailUrl\":\"https:\\\/\\\/infocul.pt\\\/arquivo\\\/wp-content\\\/uploads\\\/2019\\\/11\\\/Duarte-Pereira_Vinho-saber-provar-low.jpg\",\"datePublished\":\"2019-11-12T18:01:43+00:00\",\"description\":\"Facebook lan\u00e7a guia do Porto feito pelas comunidades da cidade | Infocul.pt - Arquivo Digital\",\"breadcrumb\":{\"@id\":\"https:\\\/\\\/infocul.pt\\\/arquivo\\\/actualidade\\\/facebook-lanca-guia-do-porto-feito-pelas-comunidades-da-cidade\\\/#breadcrumb\"},\"inLanguage\":\"pt-PT\",\"potentialAction\":[{\"@type\":\"ReadAction\",\"target\":[\"https:\\\/\\\/infocul.pt\\\/arquivo\\\/actualidade\\\/facebook-lanca-guia-do-porto-feito-pelas-comunidades-da-cidade\\\/\"]}]},{\"@type\":\"ImageObject\",\"inLanguage\":\"pt-PT\",\"@id\":\"https:\\\/\\\/infocul.pt\\\/arquivo\\\/actualidade\\\/facebook-lanca-guia-do-porto-feito-pelas-comunidades-da-cidade\\\/#primaryimage\",\"url\":\"https:\\\/\\\/infocul.pt\\\/arquivo\\\/wp-content\\\/uploads\\\/2019\\\/11\\\/Duarte-Pereira_Vinho-saber-provar-low.jpg\",\"contentUrl\":\"https:\\\/\\\/infocul.pt\\\/arquivo\\\/wp-content\\\/uploads\\\/2019\\\/11\\\/Duarte-Pereira_Vinho-saber-provar-low.jpg\",\"width\":1701,\"height\":1134},{\"@type\":\"BreadcrumbList\",\"@id\":\"https:\\\/\\\/infocul.pt\\\/arquivo\\\/actualidade\\\/facebook-lanca-guia-do-porto-feito-pelas-comunidades-da-cidade\\\/#breadcrumb\",\"itemListElement\":[{\"@type\":\"ListItem\",\"position\":1,\"name\":\"Home\",\"item\":\"https:\\\/\\\/infocul.pt\\\/arquivo\\\/\"},{\"@type\":\"ListItem\",\"position\":2,\"name\":\"Facebook lan\u00e7a guia do Porto feito pelas comunidades da cidade\"}]},{\"@type\":\"WebSite\",\"@id\":\"https:\\\/\\\/infocul.pt\\\/arquivo\\\/#website\",\"url\":\"https:\\\/\\\/infocul.pt\\\/arquivo\\\/\",\"name\":\"Infocul.pt - Arquivo Digital\",\"description\":\"Arquivo digital da Infocul.pt\",\"publisher\":{\"@id\":\"https:\\\/\\\/infocul.pt\\\/arquivo\\\/#organization\"},\"potentialAction\":[{\"@type\":\"SearchAction\",\"target\":{\"@type\":\"EntryPoint\",\"urlTemplate\":\"https:\\\/\\\/infocul.pt\\\/arquivo\\\/?s={search_term_string}\"},\"query-input\":{\"@type\":\"PropertyValueSpecification\",\"valueRequired\":true,\"valueName\":\"search_term_string\"}}],\"inLanguage\":\"pt-PT\"},{\"@type\":\"Organization\",\"@id\":\"https:\\\/\\\/infocul.pt\\\/arquivo\\\/#organization\",\"name\":\"Infocul.pt\",\"url\":\"https:\\\/\\\/infocul.pt\\\/arquivo\\\/\",\"logo\":{\"@type\":\"ImageObject\",\"inLanguage\":\"pt-PT\",\"@id\":\"https:\\\/\\\/infocul.pt\\\/arquivo\\\/#\\\/schema\\\/logo\\\/image\\\/\",\"url\":\"https:\\\/\\\/infocul.pt\\\/arquivo\\\/wp-content\\\/uploads\\\/2018\\\/12\\\/Infocul_logo-1.png\",\"contentUrl\":\"https:\\\/\\\/infocul.pt\\\/arquivo\\\/wp-content\\\/uploads\\\/2018\\\/12\\\/Infocul_logo-1.png\",\"width\":800,\"height\":800,\"caption\":\"Infocul.pt\"},\"image\":{\"@id\":\"https:\\\/\\\/infocul.pt\\\/arquivo\\\/#\\\/schema\\\/logo\\\/image\\\/\"},\"sameAs\":[\"https:\\\/\\\/www.facebook.com\\\/Infocul-147816815585015\\\/\",\"https:\\\/\\\/x.com\\\/Infoculpt\",\"http:\\\/\\\/www.pictaram.com\\\/user\\\/infocul.pt\\\/2370423710\",\"https:\\\/\\\/www.youtube.com\\\/channel\\\/UCYEB91AGI9FL9ek2i_IaQAA\"]},{\"@type\":\"Person\",\"@id\":\"https:\\\/\\\/infocul.pt\\\/arquivo\\\/#\\\/schema\\\/person\\\/f243f45ae8d67639120a7586884f3abc\",\"name\":\"Redac\u00e7\u00e3o\",\"image\":{\"@type\":\"ImageObject\",\"inLanguage\":\"pt-PT\",\"@id\":\"https:\\\/\\\/secure.gravatar.com\\\/avatar\\\/151b1b76c598ab5e749407223bd6c1bad4e41c4e95de3c3df83540ebee2deaf8?s=96&d=mm&r=g\",\"url\":\"https:\\\/\\\/secure.gravatar.com\\\/avatar\\\/151b1b76c598ab5e749407223bd6c1bad4e41c4e95de3c3df83540ebee2deaf8?s=96&d=mm&r=g\",\"contentUrl\":\"https:\\\/\\\/secure.gravatar.com\\\/avatar\\\/151b1b76c598ab5e749407223bd6c1bad4e41c4e95de3c3df83540ebee2deaf8?s=96&d=mm&r=g\",\"caption\":\"Redac\u00e7\u00e3o\"}}]}<\/script>\n<!-- \/ Yoast SEO plugin. -->","yoast_head_json":{"title":"Facebook lan\u00e7a guia do Porto feito pelas comunidades da cidade | Infocul.pt - Arquivo Digital","description":"Facebook lan\u00e7a guia do Porto feito pelas comunidades da cidade | Infocul.pt - Arquivo Digital","robots":{"index":"noindex","follow":"follow","max-snippet":"max-snippet:-1","max-image-preview":"max-image-preview:large","max-video-preview":"max-video-preview:-1"},"og_locale":"pt_PT","og_type":"article","og_title":"Facebook lan\u00e7a guia do Porto feito pelas comunidades da cidade | Infocul.pt - Arquivo Digital","og_description":"Facebook lan\u00e7a guia do Porto feito pelas comunidades da cidade | Infocul.pt - Arquivo Digital","og_url":"https:\/\/infocul.pt\/arquivo\/actualidade\/facebook-lanca-guia-do-porto-feito-pelas-comunidades-da-cidade\/","og_site_name":"Infocul.pt - Arquivo Digital","article_publisher":"https:\/\/www.facebook.com\/Infocul-147816815585015\/","article_published_time":"2019-11-12T18:01:43+00:00","og_image":[{"width":1701,"height":1134,"url":"https:\/\/infocul.pt\/arquivo\/wp-content\/uploads\/2019\/11\/Duarte-Pereira_Vinho-saber-provar-low.jpg","type":"image\/jpeg"}],"author":"Redac\u00e7\u00e3o","twitter_card":"summary_large_image","twitter_creator":"@Infoculpt","twitter_site":"@Infoculpt","twitter_misc":{"Escrito por":"Redac\u00e7\u00e3o","Tempo estimado de leitura":"4 minutos"},"schema":{"@context":"https:\/\/schema.org","@graph":[{"@type":"Article","@id":"https:\/\/infocul.pt\/arquivo\/actualidade\/facebook-lanca-guia-do-porto-feito-pelas-comunidades-da-cidade\/#article","isPartOf":{"@id":"https:\/\/infocul.pt\/arquivo\/actualidade\/facebook-lanca-guia-do-porto-feito-pelas-comunidades-da-cidade\/"},"author":{"name":"Redac\u00e7\u00e3o","@id":"https:\/\/infocul.pt\/arquivo\/#\/schema\/person\/f243f45ae8d67639120a7586884f3abc"},"headline":"Facebook lan\u00e7a guia do Porto feito pelas comunidades da cidade","datePublished":"2019-11-12T18:01:43+00:00","mainEntityOfPage":{"@id":"https:\/\/infocul.pt\/arquivo\/actualidade\/facebook-lanca-guia-do-porto-feito-pelas-comunidades-da-cidade\/"},"wordCount":790,"commentCount":0,"publisher":{"@id":"https:\/\/infocul.pt\/arquivo\/#organization"},"image":{"@id":"https:\/\/infocul.pt\/arquivo\/actualidade\/facebook-lanca-guia-do-porto-feito-pelas-comunidades-da-cidade\/#primaryimage"},"thumbnailUrl":"https:\/\/infocul.pt\/arquivo\/wp-content\/uploads\/2019\/11\/Duarte-Pereira_Vinho-saber-provar-low.jpg","keywords":["Facebook","Porto"],"articleSection":["Actualidade","Mundo","Pa\u00eds","Turismo"],"inLanguage":"pt-PT"},{"@type":"WebPage","@id":"https:\/\/infocul.pt\/arquivo\/actualidade\/facebook-lanca-guia-do-porto-feito-pelas-comunidades-da-cidade\/","url":"https:\/\/infocul.pt\/arquivo\/actualidade\/facebook-lanca-guia-do-porto-feito-pelas-comunidades-da-cidade\/","name":"Facebook lan\u00e7a guia do Porto feito pelas comunidades da cidade | Infocul.pt - Arquivo Digital","isPartOf":{"@id":"https:\/\/infocul.pt\/arquivo\/#website"},"primaryImageOfPage":{"@id":"https:\/\/infocul.pt\/arquivo\/actualidade\/facebook-lanca-guia-do-porto-feito-pelas-comunidades-da-cidade\/#primaryimage"},"image":{"@id":"https:\/\/infocul.pt\/arquivo\/actualidade\/facebook-lanca-guia-do-porto-feito-pelas-comunidades-da-cidade\/#primaryimage"},"thumbnailUrl":"https:\/\/infocul.pt\/arquivo\/wp-content\/uploads\/2019\/11\/Duarte-Pereira_Vinho-saber-provar-low.jpg","datePublished":"2019-11-12T18:01:43+00:00","description":"Facebook lan\u00e7a guia do Porto feito pelas comunidades da cidade | Infocul.pt - Arquivo Digital","breadcrumb":{"@id":"https:\/\/infocul.pt\/arquivo\/actualidade\/facebook-lanca-guia-do-porto-feito-pelas-comunidades-da-cidade\/#breadcrumb"},"inLanguage":"pt-PT","potentialAction":[{"@type":"ReadAction","target":["https:\/\/infocul.pt\/arquivo\/actualidade\/facebook-lanca-guia-do-porto-feito-pelas-comunidades-da-cidade\/"]}]},{"@type":"ImageObject","inLanguage":"pt-PT","@id":"https:\/\/infocul.pt\/arquivo\/actualidade\/facebook-lanca-guia-do-porto-feito-pelas-comunidades-da-cidade\/#primaryimage","url":"https:\/\/infocul.pt\/arquivo\/wp-content\/uploads\/2019\/11\/Duarte-Pereira_Vinho-saber-provar-low.jpg","contentUrl":"https:\/\/infocul.pt\/arquivo\/wp-content\/uploads\/2019\/11\/Duarte-Pereira_Vinho-saber-provar-low.jpg","width":1701,"height":1134},{"@type":"BreadcrumbList","@id":"https:\/\/infocul.pt\/arquivo\/actualidade\/facebook-lanca-guia-do-porto-feito-pelas-comunidades-da-cidade\/#breadcrumb","itemListElement":[{"@type":"ListItem","position":1,"name":"Home","item":"https:\/\/infocul.pt\/arquivo\/"},{"@type":"ListItem","position":2,"name":"Facebook lan\u00e7a guia do Porto feito pelas comunidades da cidade"}]},{"@type":"WebSite","@id":"https:\/\/infocul.pt\/arquivo\/#website","url":"https:\/\/infocul.pt\/arquivo\/","name":"Infocul.pt - Arquivo Digital","description":"Arquivo digital da Infocul.pt","publisher":{"@id":"https:\/\/infocul.pt\/arquivo\/#organization"},"potentialAction":[{"@type":"SearchAction","target":{"@type":"EntryPoint","urlTemplate":"https:\/\/infocul.pt\/arquivo\/?s={search_term_string}"},"query-input":{"@type":"PropertyValueSpecification","valueRequired":true,"valueName":"search_term_string"}}],"inLanguage":"pt-PT"},{"@type":"Organization","@id":"https:\/\/infocul.pt\/arquivo\/#organization","name":"Infocul.pt","url":"https:\/\/infocul.pt\/arquivo\/","logo":{"@type":"ImageObject","inLanguage":"pt-PT","@id":"https:\/\/infocul.pt\/arquivo\/#\/schema\/logo\/image\/","url":"https:\/\/infocul.pt\/arquivo\/wp-content\/uploads\/2018\/12\/Infocul_logo-1.png","contentUrl":"https:\/\/infocul.pt\/arquivo\/wp-content\/uploads\/2018\/12\/Infocul_logo-1.png","width":800,"height":800,"caption":"Infocul.pt"},"image":{"@id":"https:\/\/infocul.pt\/arquivo\/#\/schema\/logo\/image\/"},"sameAs":["https:\/\/www.facebook.com\/Infocul-147816815585015\/","https:\/\/x.com\/Infoculpt","http:\/\/www.pictaram.com\/user\/infocul.pt\/2370423710","https:\/\/www.youtube.com\/channel\/UCYEB91AGI9FL9ek2i_IaQAA"]},{"@type":"Person","@id":"https:\/\/infocul.pt\/arquivo\/#\/schema\/person\/f243f45ae8d67639120a7586884f3abc","name":"Redac\u00e7\u00e3o","image":{"@type":"ImageObject","inLanguage":"pt-PT","@id":"https:\/\/secure.gravatar.com\/avatar\/151b1b76c598ab5e749407223bd6c1bad4e41c4e95de3c3df83540ebee2deaf8?s=96&d=mm&r=g","url":"https:\/\/secure.gravatar.com\/avatar\/151b1b76c598ab5e749407223bd6c1bad4e41c4e95de3c3df83540ebee2deaf8?s=96&d=mm&r=g","contentUrl":"https:\/\/secure.gravatar.com\/avatar\/151b1b76c598ab5e749407223bd6c1bad4e41c4e95de3c3df83540ebee2deaf8?s=96&d=mm&r=g","caption":"Redac\u00e7\u00e3o"}}]}},"_links":{"self":[{"href":"https:\/\/infocul.pt\/arquivo\/wp-json\/wp\/v2\/posts\/62271","targetHints":{"allow":["GET"]}}],"collection":[{"href":"https:\/\/infocul.pt\/arquivo\/wp-json\/wp\/v2\/posts"}],"about":[{"href":"https:\/\/infocul.pt\/arquivo\/wp-json\/wp\/v2\/types\/post"}],"author":[{"embeddable":true,"href":"https:\/\/infocul.pt\/arquivo\/wp-json\/wp\/v2\/users\/13"}],"replies":[{"embeddable":true,"href":"https:\/\/infocul.pt\/arquivo\/wp-json\/wp\/v2\/comments?post=62271"}],"version-history":[{"count":0,"href":"https:\/\/infocul.pt\/arquivo\/wp-json\/wp\/v2\/posts\/62271\/revisions"}],"wp:featuredmedia":[{"embeddable":true,"href":"https:\/\/infocul.pt\/arquivo\/wp-json\/wp\/v2\/media\/62272"}],"wp:attachment":[{"href":"https:\/\/infocul.pt\/arquivo\/wp-json\/wp\/v2\/media?parent=62271"}],"wp:term":[{"taxonomy":"category","embeddable":true,"href":"https:\/\/infocul.pt\/arquivo\/wp-json\/wp\/v2\/categories?post=62271"},{"taxonomy":"post_tag","embeddable":true,"href":"https:\/\/infocul.pt\/arquivo\/wp-json\/wp\/v2\/tags?post=62271"}],"curies":[{"name":"wp","href":"https:\/\/api.w.org\/{rel}","templated":true}]}}