{"id":62286,"date":"2019-11-20T09:19:30","date_gmt":"2019-11-20T09:19:30","guid":{"rendered":"https:\/\/infocul.pt\/?p=62286"},"modified":"2019-11-20T12:07:35","modified_gmt":"2019-11-20T12:07:35","slug":"reportagem-os-capotes-de-santa-eulalia-c-fotos","status":"publish","type":"post","link":"https:\/\/infocul.pt\/arquivo\/actualidade\/reportagem-os-capotes-de-santa-eulalia-c-fotos\/","title":{"rendered":"Reportagem: Os Capotes de Santa Eul\u00e1lia (C\/Fotos)"},"content":{"rendered":"<p align=\"justify\"><img decoding=\"async\" class=\"aligncenter wp-image-62593 size-large lazyload\" data-src=\"https:\/\/infocul.pt\/arquivo\/wp-content\/uploads\/2019\/11\/IMG_8688_1-1024x683.jpg\" alt=\"\" width=\"800\" height=\"534\" data-srcset=\"https:\/\/infocul.pt\/arquivo\/wp-content\/uploads\/2019\/11\/IMG_8688_1-1024x683.jpg 1024w, https:\/\/infocul.pt\/arquivo\/wp-content\/uploads\/2019\/11\/IMG_8688_1-300x200.jpg 300w, https:\/\/infocul.pt\/arquivo\/wp-content\/uploads\/2019\/11\/IMG_8688_1-768x512.jpg 768w, https:\/\/infocul.pt\/arquivo\/wp-content\/uploads\/2019\/11\/IMG_8688_1.jpg 1920w\" data-sizes=\"(max-width: 800px) 100vw, 800px\" src=\"data:image\/svg+xml;base64,PHN2ZyB3aWR0aD0iMSIgaGVpZ2h0PSIxIiB4bWxucz0iaHR0cDovL3d3dy53My5vcmcvMjAwMC9zdmciPjwvc3ZnPg==\" style=\"--smush-placeholder-width: 800px; --smush-placeholder-aspect-ratio: 800\/534;\" \/><\/p>\n<p align=\"justify\">Em pleno Outono e com o Inverno caminhando at\u00e9 n\u00f3s, a passos largos e nem sempre certos, \u00e9 tempo de pensarmos em pe\u00e7as de roupas mais quentes. Uma das mais carism\u00e1ticas e tradicionais do nosso pa\u00eds \u00e9 o Capote Alentejano. E para descobrir um pouco mais sobre ele, <span style=\"color: #000000;\">e sobre a nossa<\/span> hist\u00f3ria, visit\u00e1mos as <a href=\"https:\/\/www.facebook.com\/Confec%C3%A7%C3%B5es-IMA-190762231004167\/\" target=\"_top\" rel=\"noopener noreferrer\">Confec\u00e7\u00f5es IMA<\/a>, onde s\u00e3o produzidos em burel.<!--more--><\/p>\n<p align=\"justify\"><span style=\"color: #000000;\">\u00c9<\/span> em Santa Eul\u00e1lia, no concelho de Elvas, <span style=\"color: #000000;\">que<\/span> se localiza a f\u00e1brica, e tamb\u00e9m loja, das Confec\u00e7\u00f5es IMA.<\/p>\n<p align=\"justify\">Ros\u00e1ria Grilo, que integra a administra\u00e7\u00e3o da empresa em conjunto com Jos\u00e9 Alpedrinha, come\u00e7ou por <a href=\"https:\/\/infocul.pt\/arquivo\/\" target=\"_top\" rel=\"noopener noreferrer\">nos revelar<\/a> de onde surgiu este gosto pelo Capote Alentejano.<\/p>\n<p align=\"justify\">\u201c<i><b>Este gosto deve ter nascido comigo. Eu fui criada no campo e ent\u00e3o desde sempre que via, n\u00e3o s\u00f3 nos meus antepassados como em todas as pessoas que trabalhavam nesta regi\u00e3o, todos eles tinham o seu capote e elaborados por eles pr\u00f3prios<\/b><\/i>\u201d, disse-nos.<\/p>\n<p align=\"justify\">Relembrou que \u201c<i><b>\u2026os pastores cuidavam e tosquiavam as ovelhas, e as suas esposas lavavam a l\u00e3, teciam na roca, para fazer os fios e depois nos teares dom\u00e9sticos com cerca de 25 cm<\/b><\/i><span style=\"color: #000000;\"><i><b>.<\/b><\/i><\/span><i><b> <\/b><\/i><span style=\"color: #000000;\"><i><b>E era<\/b><\/i><\/span><i><b> <\/b><\/i><i><b>a\u00ed que elas faziam as folhas de burel, que sa\u00edam apenas com 20 cm, e que depois eram acrescentadas ao ponto de fazerem os capotes de antigamente que tinham muito mais roda, do que os de agora. Esses capotes tornavam-se quentinhos mas tamb\u00e9m imperme\u00e1veis, porque a l\u00e3 n\u00e3o era 100% bem lavada para que ficasse com parte da gordura, que era chamada de sebo, e todos n\u00f3s sabemos que a \u00e1gua n\u00e3o se mistura com o azeite, e ent\u00e3o aquela gordura tornava aquele tecido, aquela pe\u00e7a, imperme\u00e1vel. E assim, n\u00e3o s\u00f3 os abrigava do frio como tamb\u00e9m os protegia da chuva, porque todos sabemos que h\u00e1 100 anos, e at\u00e9 mais atr\u00e1s, n\u00e3o havia os abrigos e <\/b><\/i><span style=\"color: #000000;\"><i><b>protec\u00e7\u00f5es<\/b><\/i><\/span><i><b> da chuva que temos hoje e ent\u00e3o tinham de se munir. E o pr\u00f3prio capote serviria para proteger do frio e da chuva.<\/b><\/i>\u201d<\/p>\n<p align=\"justify\">Esta pe\u00e7a, tem ao longo dos tempos evolu\u00eddo para uma quase plena aclama\u00e7\u00e3o nacional no seu uso. Outrora usada, quase em exclusivo, pelas gentes do campo, \u00e9 hoje s\u00edmbolo de tradi\u00e7\u00e3o e modernidade e tem conquistado cada vez mais p\u00fablico urbano.<\/p>\n<p align=\"justify\">Sobre a sua <span style=\"color: #000000;\">confec\u00e7\u00e3o<\/span>, Ros\u00e1ria Grilo diz-nos que \u201c<span style=\"color: #ff0000;\">\u2026<\/span><i><b>numa f\u00e1brica como a nossa quase n\u00e3o fazemos um capote seguido. Aproveitamos as v\u00e1rias coisas, porque o tempo tem de ser sempre muito rent\u00e1vel. \u00c0s vezes temos mais de uma pessoa, s\u00e3o duas costureiras a trabalhar, e elas dividem o trabalho para que possam aproveitar na m\u00e1quina a cor da linha. Ent\u00e3o, enquanto uma faz a montagem do capote, a outra vem colocar-lhe o forro e a outra j\u00e1 vai fazendo a montagem do capote seguinte. Porque normalmente fazemos sempre mais do que um, a menos que seja algum capote com uma medida especial. Fazemos sempre muito mais do que um da mesma medida\u201d.<\/b><\/i><\/p>\n<p align=\"justify\">Contudo, confessou-nos que \u201c<i><b>Imagino que se alguma (costureira) pegasse num capote, desde que ele sai do corte do Sr. Jos\u00e9 Alpedrinha, at\u00e9 ele ficar pronto e algu\u00e9m o pudesse usar, acredito que em um dia ficaria pronto<\/b><\/i>\u201d.<\/p>\n<p align=\"justify\">A <span style=\"color: #000000;\">confec\u00e7\u00e3o<\/span> tenta manter-se fiel \u00e0 tradi\u00e7\u00e3o, at\u00e9 porque \u201c\u2026<i><b>n\u00f3s, como a nossa casa tem o <\/b><\/i><span style=\"color: #000000;\"><i><b>objectivo<\/b><\/i><\/span><i><b> de manter a tradi\u00e7\u00e3o do Capote Alentejano, que surgiu h\u00e1 muitos anos atr\u00e1s, porque j\u00e1 no reinado de D. Maria II, j\u00e1 os alentejanos iam \u00e0 capital com o capote e a samarra<\/b><\/i><span style=\"color: #ff0000;\"><i><b>. <\/b><\/i><\/span><span style=\"color: #000000;\"><i><b>Apenas<\/b><\/i><\/span><i><b> <\/b><\/i><i><b>trabalhamos com o burel. Ou seja, tudo o que se faz nesta casa \u00e9 apenas em burel<\/b><\/i>\u201d.<\/p>\n<p align=\"justify\">Existem alguns mitos associados a esta pe\u00e7a, sendo uma dela o seu peso. H\u00e1 at\u00e9 quem diga que \u00e9 muito pesado.<\/p>\n<p align=\"justify\">Ros\u00e1ria tem uma opini\u00e3o divergente, porque \u201c<span style=\"color: #000000;\"><i><b>Se<\/b><\/i><\/span><i><b> comprarmos, eu pr\u00f3pria tenho um bom casaco de inverno<\/b><\/i><span style=\"color: #ff0000;\"><i><b>,<\/b><\/i><\/span><i><b> e ele pr\u00f3prio tem o seu peso<\/b><\/i>\u201d.<\/p>\n<p align=\"justify\">\u201c<i><b>Portanto se falarmos do capote antigo, que lhe referi anteriormente, sim era pesado. Porque haviam diversos capotes desses que tinham muita roda e gordura e o burel ficava at\u00e9 mais pesado, e alguns desses chamavam-se at\u00e9 de gab\u00e3o que poderiam rondar os nove \/ dez quilos. Portanto \u00e9 um peso bastante para trazermos sobre os ombros um dia inteiro. Hoje, os nossos capotes continuam a manter a nossa tradi\u00e7\u00e3o viva mas como j\u00e1 n\u00e3o temos pastores, ent\u00e3o os capotes j\u00e1 n\u00e3o servem para os pastores. J\u00e1 n\u00e3o precisam ser imperme\u00e1veis, hoje em dia utilizamos como abrigos, abrigos finos at\u00e9, porque eles apresentam-se como t\u00e3o elegantes, para os levar a qualquer s\u00edtio. A um evento, no dia-a-dia, ent\u00e3o os nossos capotes tamb\u00e9m tiveram um toque de eleg\u00e2ncia. Portanto deixaram de ser do campo para vir para a cidade e hoje s\u00e3o pe\u00e7as citadinas. Vemos-los em qualquer cidade do nosso pa\u00eds, como Porto ou Lisboa, ou at\u00e9 mesmo Paris ou Nova Iorque, e em qualquer lugar o nosso capote desfila sempre elegante<\/b><\/i><span style=\"color: #ff0000;\"><i><b>.<\/b><\/i><\/span>\u201d, acrescentou.<\/p>\n<p align=\"justify\">E explicou-nos at\u00e9 o que mudou da <span style=\"color: #000000;\">confec\u00e7\u00e3o<\/span> de outrora, para agora.<\/p>\n<p align=\"justify\">\u201c<i><b>Tir\u00e1mos essa roda excessiva que ele tinha e o burel mand\u00e1mos preparar como n\u00f3s queremos. Ele tem tr\u00eas fases em que pode ser mandado preparar: leve, m\u00e9dio e grosso. E normalmente para trabalhar os capotes hoje em dia, mandamos trabalhar o m\u00e9dio. E hoje em dia um capote tradicional, longo, ronda em m\u00e9dia os 2,5 quilos \/2,8 quilos. Portanto n\u00e3o considero um peso exagerado para um casaco, se assim quiserem chamar, embora eu prefira que lhe chamem pe\u00e7a, que nos vai abrigar por completo, de cima a baixo.<\/b><\/i>\u201d<\/p>\n<p align=\"justify\">Sobre os pedidos mais peculiares que j\u00e1 lhe fizeram, lembrou-se de \u201c<span style=\"color: #000000;\">\u2026<\/span><span style=\"color: #000000;\"><i><b>u<\/b><\/i><\/span><i><b>ma senhora que me pediu um capote <\/b><\/i><span style=\"color: #000000;\"><i><b>que abotoasse com uns alamares<\/b><\/i><\/span><i><b>, que existiam antigamente. Portanto ela pr\u00f3pria adquiriu esse adere\u00e7o e pediu-nos para fazer, porque tinha uma grande paix\u00e3o pelo Capote Alentejano. E como aqueles alamares eram do av\u00f4 dela, pediu-nos para colocar, portanto com menos roda, mais ajustado ao corpo como se fosse um casaco<\/b><\/i>\u201d.<\/p>\n<p align=\"justify\">Nas <a href=\"https:\/\/www.facebook.com\/Confec%C3%A7%C3%B5es-IMA-190762231004167\/\" target=\"_top\" rel=\"noopener noreferrer\">Confec\u00e7\u00f5es IMA<\/a>, \u201c<i><b>Neste momento trabalhamos quatro pessoas. Duas costureiras ass\u00edduas que trabalham connosco, eu e o senhor Jos\u00e9 Alpedrinha. N\u00f3s os dois fazemos parte da administra\u00e7\u00e3o. O Senhor Jos\u00e9 Alpedrinha<\/b><\/i><span style=\"color: #ff0000;\"><i><b>,<\/b><\/i><\/span><i><b> \u00e9 ele que, basicamente, corta todas as pe\u00e7as, eu dou uma m\u00e3ozinha tamb\u00e9m. Sou uma multi-fun\u00e7\u00f5es, quando aperta alguma coisa, dou uma m\u00e3ozinha a um ou a outro, mas cada um dos quatro elementos que aqui trabalham tem a sua fun\u00e7\u00e3o. Trabalhamos todos num esp\u00edrito de entreajuda, eu costumo brincar com elas e dizer que somos uma equipa como os mosqueteiros em \u2018um por todos e todos por um.\u201d<\/b><\/i><\/p>\n<p align=\"justify\">Recorda que <i><b>\u201c<\/b><\/i><span style=\"color: #000000;\"><i><b>\u2026<\/b><\/i><\/span><i><b>esta \u00e9 uma f\u00e1brica quase centen\u00e1ria. Esta f\u00e1brica deve ter aqui, em Santa Eul\u00e1lia, cerca de 85 anos. Quem trouxe os capotes para esta terra e os come\u00e7ou a fazer, foram os pais do senhor Jos\u00e9 Alpedrinha, o senhor Isidro Marques Alpedrinha que chegou aqui com uma malinha de cart\u00e3o, sem eira nem beira, como se costuma dizer.\u201d<\/b><\/i><\/p>\n<p align=\"justify\">Altura em que nos contou parte da hist\u00f3ria do fundador desta f\u00e1brica e tamb\u00e9m parte do percurso dele.<\/p>\n<p align=\"justify\">\u201c<i><b>Ele saiu da Beira, porque s\u00e3o beir\u00f5es, com o intuito de se deslocar para Elvas, porque j\u00e1 fazia alguns capotes l\u00e1, por encomenda, porque as encomendas e os clientes eram daqui. Muitos deles queriam, naquela altura, um capote para utilizar no campo. Ent\u00e3o, o senhor Isidro quando se casou disse\u2019 porque estamos a gastar dinheiro a enviar os capotes? Vamos fazer a nossa vida no Alentejo\u2019. Isto sem conhecer nada do Alentejo, de Elvas, e sem saber onde ficava a sua localiza\u00e7\u00e3o. Meteu-se no comboio, com a sua mulher e a sua malinha, ao passar Portalegre pediu ao revisor para o avisar quando estivesse a chegar a Elvas. O revisor ao perceber que o senhor Isidro n\u00e3o conhecia a zona, perguntou-lhe o que vinha para c\u00e1 fazer. O senhor Isidro respondeu que era alfaiate, fazia capotes alentejanos e que os seus clientes eram, maioritariamente, de Elvas. Ao inv\u00e9s de perder tempo e gastar dinheiro e enviar as encomendas, preferia vi trabalhar para juntos clientes e aqui iniciar vida. O revisor disse-lhe \u2018Ent\u00e3o porque n\u00e3o fica em Santa Eul\u00e1lia? \u00c9 onde est\u00e3o mais lavradores aglomerados. Ent\u00e3o desceu em Santa Eul\u00e1lia, no apeadeiro, e imagine-se a curiosidade: a primeira casa onde ele foi morar, \u00e9 onde moro hoje<\/b><\/i><span style=\"color: #ff0000;\"><i><b>.<\/b><\/i><\/span>\u201d<\/p>\n<p align=\"justify\">\u201c<i><b>O filho mais velho, de dois, o senhor Jos\u00e9 Alpedrinha foi \u00e0 escola, mas com cerca de 13 anos era preciso dar ajuda ao pai e ent\u00e3o come\u00e7ou a tomar o gosto por isto. E ent\u00e3o, mais tarde o pai fez-lhe o convite para trabalhar com ele, porque juntando-se os dois podiam fazer mais quantidades, pois naquela altura as encomendas eram muitas. O senhor Jos\u00e9 Alpedrinha aceitou<\/b><\/i><span style=\"color: #ff0000;\"><i><b>,<\/b><\/i><\/span><i><b> mas colocou uma condi\u00e7\u00e3o, n\u00e3o queria apenas aprender de pai para filho, para sim fazer uma forma\u00e7\u00e3o de costura e ent\u00e3o o pai aceitou e mandou-o para Lisboa durante algum tempo, onde fez a forma\u00e7\u00e3o em costura. Depois de fazer a forma\u00e7\u00e3o, regressou, e come\u00e7ou a trabalhar com o pai at\u00e9 este deixar por quest\u00f5es de sa\u00fade. Continuou, at\u00e9 aos dias de hoje, o <\/b><\/i><span style=\"color: #000000;\"><i><b>sonho de seu pai.<\/b><\/i><\/span><i><b> O <\/b><\/i><span style=\"color: #000000;\"><i><b>s<\/b><\/i><\/span><i><b>enhor Jos\u00e9 Alpedrinha actualmente tem 83 anos<\/b><\/i>\u201d, contou-nos Ros\u00e1ria.<\/p>\n<p align=\"justify\">Para todos aqueles que queiram <span style=\"color: #000000;\">adquirir uma pe\u00e7a confeccionada<\/span> nesta f\u00e1brica, \u00e9 f\u00e1cil.<\/p>\n<p align=\"justify\">\u201c<i><b>Hoje em dia \u00e9 muito f\u00e1cil, basta querer. Eu desde que cheguei a este espa\u00e7o, dei-lhe tamb\u00e9m uma lufada de ar fresco, por assim dizer, em todos os sentidos. N\u00e3o apenas moderniz\u00e1mos as pe\u00e7as como tamb\u00e9m a maneira de trabalhar com elas. Porque de vez em quando, j\u00e1 aqui comigo, surgiam algumas reclama\u00e7\u00f5es de pe\u00e7as que n\u00e3o eram nossas, ou seja, algu\u00e9m que as vendia gato por lebre. Vendia-as usando o nome do Sr. Jos\u00e9 Alpedrinha, mas as pe\u00e7as n\u00e3o eram desta casa. As pessoas chegavam aqui a dizer que o burel n\u00e3o ganha borboto, que passa de gera\u00e7\u00e3o em gera\u00e7\u00e3o, que n\u00e3o deforma e eu explicava que aquilo n\u00e3o era da nossa casa. At\u00e9 que disse ao Sr. Jos\u00e9 Alpedrinha que apenas passar\u00edamos a vender os capotes na nossa casa que era para n\u00e3o haver misturas. Decidimos vender apenas aqui, criei uma p\u00e1gina na internet chamada <a href=\"https:\/\/www.facebook.com\/Confec%C3%A7%C3%B5es-IMA-190762231004167\/\" target=\"_top\" rel=\"noopener noreferrer\">Confec\u00e7\u00f5es IMA<\/a>, essa p\u00e1gina tem l\u00e1 um bot\u00e3ozinho que vai directamente ao nosso e-mail, eu fa\u00e7o quest\u00e3o de responder a qualquer quest\u00e3o. Tem o nosso contacto, a nossa localiza\u00e7\u00e3o e basta que a pessoa entre em contacto comigo e a pessoa pode receber o capote com todo o conforto. Pode ainda visitar-nos e provar a nossa gastronomia, \u00e9 uma honra recebermos em nossa casa. Caso n\u00e3o tenha essa possibilidade, a pe\u00e7a vai ter a casa do cliente<\/b><\/i>\u201d, disse-nos Ros\u00e1ria.<\/p>\n<p align=\"justify\">Mas as novas gera\u00e7\u00f5es parecem pouco dadas \u00e0 arte de <span style=\"color: #000000;\">confeccionar<\/span> os capotes, pois \u201c<i><b>Essa \u00e9 a parte mais triste para quem gosta desta tradi\u00e7\u00e3o, como eu. N\u00e3o vejo as novas gera\u00e7\u00f5es muito interessadas na <\/b><\/i><span style=\"color: #000000;\"><i><b>confec\u00e7\u00e3o<\/b><\/i><\/span><i><b> desta arte. Hoje vimos sim, talvez porque algumas celebridades usam, adquirindo estas pe\u00e7as para usar. N\u00e3o sei se por gosto ou se por personalidades usarem. Agora encontrar m\u00e3o-de-obra jovem \u00e9 realmente muito complicado<\/b><\/i><span style=\"color: #ff0000;\"><i><b>.<\/b><\/i><\/span>\u201d<\/p>\n<p align=\"justify\">J\u00e1 sobre o que distingue o Capote Alentejano de um outro qualquer casaco, foi clara: \u201c<i><b>Muita coisas. 1- Quem usa \u00e9 porque gosta e al\u00e9m de trazer um abrigo muito quentinho, tamb\u00e9m traz um bocadinho da nossa hist\u00f3ria. Esse eu acho que \u00e9 o ponto mais importante.\u00a0<\/b><\/i><i><b>2- A mat\u00e9ria-prima. N\u00e3o vemos outro casaco confeccionado em burel. E este burel se for cuidado, passa de gera\u00e7\u00e3o e gera\u00e7\u00e3o. E como s\u00e3o cores intemporais <\/b><\/i><span style=\"color: #000000;\"><i><b>(antracite, verde garrafa, castanho, bege e preto),<\/b><\/i><\/span><i><b> <\/b><\/i><i><b>nunca<\/b><\/i><i><b> <\/b><\/i><span style=\"color: #000000;\"><i><b>passam<\/b><\/i><\/span><i><b> <\/b><\/i><i><b>de moda<\/b><\/i>\u201d.<\/p>\n<style id=\"bwg-style-0\">    #bwg_container1_0 #bwg_container2_0 .bwg-container-0.bwg-standard-thumbnails {      width: 1252px;              justify-content: center;        margin:0 auto !important;              background-color: rgba(255, 255, 255, 0.00);            padding-left: 2px;      padding-top: 2px;      max-width: 100%;            }        #bwg_container1_0 #bwg_container2_0 .bwg-container-0.bwg-standard-thumbnails .bwg-item {    justify-content: flex-start;      max-width: 250px;          }    #bwg_container1_0 #bwg_container2_0 .bwg-container-0.bwg-standard-thumbnails .bwg-item a {       margin-right: 2px;       margin-bottom: 2px;    }    #bwg_container1_0 #bwg_container2_0 .bwg-container-0.bwg-standard-thumbnails .bwg-item0 {      padding: 0px;            background-color:rgba(255,255,255, 0.30);      border: 0px none #CCCCCC;      opacity: 1.00;      border-radius: 0;      box-shadow: ;    }    #bwg_container1_0 #bwg_container2_0 .bwg-container-0.bwg-standard-thumbnails .bwg-item1 img {      max-height: none;      max-width: none;      padding: 0 !important;    }        @media only screen and (min-width: 480px) {      #bwg_container1_0 #bwg_container2_0 .bwg-container-0.bwg-standard-thumbnails .bwg-item0 {        transition: all 0.3s ease 0s;-webkit-transition: all 0.3s ease 0s;      }      #bwg_container1_0 #bwg_container2_0 .bwg-container-0.bwg-standard-thumbnails .bwg-item0:hover {        -ms-transform: scale(1.08);        -webkit-transform: scale(1.08);        transform: scale(1.08);      }    }          #bwg_container1_0 #bwg_container2_0 .bwg-container-0.bwg-standard-thumbnails .bwg-item1 {      padding-top: 56%;    }        #bwg_container1_0 #bwg_container2_0 .bwg-container-0.bwg-standard-thumbnails .bwg-title1 {      position: absolute;      top: 0;      z-index: 100;      width: 100%;      height: 100%;      display: flex;      justify-content: center;      align-content: center;      flex-direction: column;      opacity: 0;    }\t      #bwg_container1_0 #bwg_container2_0 .bwg-container-0.bwg-standard-thumbnails .bwg-title2,    #bwg_container1_0 #bwg_container2_0 .bwg-container-0.bwg-standard-thumbnails .bwg-ecommerce2 {      color: #FFFFFF;      font-family: Ubuntu;      font-size: 16px;      font-weight: bold;      padding: 2px;      text-shadow: 0px 0px 0px #888888;      max-height: 100%;    }    #bwg_container1_0 #bwg_container2_0 .bwg-container-0.bwg-standard-thumbnails .bwg-thumb-description span {    color: #323A45;    font-family: Ubuntu;    font-size: 12px;    max-height: 100%;    word-wrap: break-word;    }    #bwg_container1_0 #bwg_container2_0 .bwg-container-0.bwg-standard-thumbnails .bwg-play-icon2 {      font-size: 32px;    }    #bwg_container1_0 #bwg_container2_0 .bwg-container-0.bwg-standard-thumbnails .bwg-ecommerce2 {      font-size: 19.2px;      color: #CCCCCC;    }    <\/style>    <div id=\"bwg_container1_0\"         class=\"bwg_container bwg_thumbnail bwg_thumbnails \"         data-right-click-protection=\"0\"         data-bwg=\"0\"         data-scroll=\"0\"         data-gallery-type=\"thumbnails\"         data-gallery-view-type=\"thumbnails\"         data-current-url=\"\/arquivo\/wp-json\/wp\/v2\/posts\/62286\"         data-lightbox-url=\"https:\/\/infocul.pt\/arquivo\/wp-admin\/admin-ajax.php?action=GalleryBox&#038;current_view=0&#038;gallery_id=523&#038;tag=0&#038;theme_id=1&#038;shortcode_id=1080&#038;sort_by=order&#038;order_by=asc&#038;current_url=%2Farquivo%2Fwp-json%2Fwp%2Fv2%2Fposts%2F62286\"         data-gallery-id=\"523\"         data-popup-width=\"800\"         data-popup-height=\"500\"         data-is-album=\"gallery\"         data-buttons-position=\"bottom\">      <div id=\"bwg_container2_0\">             <div id=\"ajax_loading_0\" class=\"bwg_loading_div_1\">      <div class=\"bwg_loading_div_2\">        <div class=\"bwg_loading_div_3\">          <div id=\"loading_div_0\" class=\"bwg_spider_ajax_loading\">          <\/div>        <\/div>      <\/div>    <\/div>            <form id=\"gal_front_form_0\"              class=\"bwg-hidden\"              method=\"post\"              action=\"#\"              data-current=\"0\"              data-shortcode-id=\"1080\"              data-gallery-type=\"thumbnails\"              data-gallery-id=\"523\"              data-tag=\"0\"              data-album-id=\"0\"              data-theme-id=\"1\"              data-ajax-url=\"https:\/\/infocul.pt\/arquivo\/wp-admin\/admin-ajax.php?action=bwg_frontend_data\">          <div id=\"bwg_container3_0\" class=\"bwg-background bwg-background-0\">                <div data-max-count=\"5\"         data-thumbnail-width=\"250\"         data-bwg=\"0\"         data-gallery-id=\"523\"         data-lightbox-url=\"https:\/\/infocul.pt\/arquivo\/wp-admin\/admin-ajax.php?action=GalleryBox&amp;current_view=0&amp;gallery_id=523&amp;tag=0&amp;theme_id=1&amp;shortcode_id=1080&amp;sort_by=order&amp;order_by=asc&amp;current_url=%2Farquivo%2Fwp-json%2Fwp%2Fv2%2Fposts%2F62286\"         id=\"bwg_thumbnails_0\"         class=\"bwg-container-0 bwg-thumbnails bwg-standard-thumbnails bwg-container bwg-border-box\">            <div class=\"bwg-item\">        <a class=\"bwg-a  bwg_lightbox\"  data-image-id=\"9208\" href=\"https:\/\/infocul.pt\/arquivo\/wp-content\/uploads\/photo-gallery\/IMG_8703_1.jpg?bwg=1574241435\" data-elementor-open-lightbox=\"no\">                <div class=\"bwg-item0 \">          <div class=\"bwg-item1 \">            <div class=\"bwg-item2\">              <img decoding=\"async\" class=\"skip-lazy bwg_standart_thumb_img_0 \"                   data-id=\"9208\"                   data-width=\"500\"                   data-height=\"333\"                   data-src=\"https:\/\/infocul.pt\/arquivo\/wp-content\/uploads\/photo-gallery\/thumb\/IMG_8703_1.jpg?bwg=1574241435\"                   src=\"https:\/\/infocul.pt\/arquivo\/wp-content\/uploads\/photo-gallery\/thumb\/IMG_8703_1.jpg?bwg=1574241435\"                   alt=\"\"                   title=\"\" \/>            <\/div>            <div class=\"\">              <div class=\"bwg-title1\"><div class=\"bwg-title2\">&nbsp;<\/div><\/div>                                        <\/div>          <\/div>        <\/div>                        <\/a>              <\/div>            <div class=\"bwg-item\">        <a class=\"bwg-a  bwg_lightbox\"  data-image-id=\"9207\" href=\"https:\/\/infocul.pt\/arquivo\/wp-content\/uploads\/photo-gallery\/IMG_8699_1.jpg?bwg=1574241435\" data-elementor-open-lightbox=\"no\">                <div class=\"bwg-item0 \">          <div class=\"bwg-item1 \">            <div class=\"bwg-item2\">              <img decoding=\"async\" class=\"skip-lazy bwg_standart_thumb_img_0 \"                   data-id=\"9207\"                   data-width=\"500\"                   data-height=\"333\"                   data-src=\"https:\/\/infocul.pt\/arquivo\/wp-content\/uploads\/photo-gallery\/thumb\/IMG_8699_1.jpg?bwg=1574241435\"                   src=\"https:\/\/infocul.pt\/arquivo\/wp-content\/uploads\/photo-gallery\/thumb\/IMG_8699_1.jpg?bwg=1574241435\"                   alt=\"\"                   title=\"\" \/>            <\/div>            <div class=\"\">              <div class=\"bwg-title1\"><div class=\"bwg-title2\">&nbsp;<\/div><\/div>                                        <\/div>          <\/div>        <\/div>                        <\/a>              <\/div>            <div class=\"bwg-item\">        <a class=\"bwg-a  bwg_lightbox\"  data-image-id=\"9206\" href=\"https:\/\/infocul.pt\/arquivo\/wp-content\/uploads\/photo-gallery\/IMG_8665_1.jpg?bwg=1574241435\" data-elementor-open-lightbox=\"no\">                <div class=\"bwg-item0 \">          <div class=\"bwg-item1 \">            <div class=\"bwg-item2\">              <img decoding=\"async\" class=\"skip-lazy bwg_standart_thumb_img_0 \"                   data-id=\"9206\"                   data-width=\"500\"                   data-height=\"333\"                   data-src=\"https:\/\/infocul.pt\/arquivo\/wp-content\/uploads\/photo-gallery\/thumb\/IMG_8665_1.jpg?bwg=1574241435\"                   src=\"https:\/\/infocul.pt\/arquivo\/wp-content\/uploads\/photo-gallery\/thumb\/IMG_8665_1.jpg?bwg=1574241435\"                   alt=\"\"                   title=\"\" \/>            <\/div>            <div class=\"\">              <div class=\"bwg-title1\"><div class=\"bwg-title2\">&nbsp;<\/div><\/div>                                        <\/div>          <\/div>        <\/div>                        <\/a>              <\/div>            <div class=\"bwg-item\">        <a class=\"bwg-a  bwg_lightbox\"  data-image-id=\"9205\" href=\"https:\/\/infocul.pt\/arquivo\/wp-content\/uploads\/photo-gallery\/IMG_8688_1_(1).jpg?bwg=1574241435\" data-elementor-open-lightbox=\"no\">                <div class=\"bwg-item0 \">          <div class=\"bwg-item1 \">            <div class=\"bwg-item2\">              <img decoding=\"async\" class=\"skip-lazy bwg_standart_thumb_img_0 \"                   data-id=\"9205\"                   data-width=\"500\"                   data-height=\"333\"                   data-src=\"https:\/\/infocul.pt\/arquivo\/wp-content\/uploads\/photo-gallery\/thumb\/IMG_8688_1_(1).jpg?bwg=1574241435\"                   src=\"https:\/\/infocul.pt\/arquivo\/wp-content\/uploads\/photo-gallery\/thumb\/IMG_8688_1_(1).jpg?bwg=1574241435\"                   alt=\"\"                   title=\"\" \/>            <\/div>            <div class=\"\">              <div class=\"bwg-title1\"><div class=\"bwg-title2\">&nbsp;<\/div><\/div>                                        <\/div>          <\/div>        <\/div>                        <\/a>              <\/div>            <div class=\"bwg-item\">        <a class=\"bwg-a  bwg_lightbox\"  data-image-id=\"9204\" href=\"https:\/\/infocul.pt\/arquivo\/wp-content\/uploads\/photo-gallery\/IMG_8697_1.jpg?bwg=1574241435\" data-elementor-open-lightbox=\"no\">                <div class=\"bwg-item0 \">          <div class=\"bwg-item1 \">            <div class=\"bwg-item2\">              <img decoding=\"async\" class=\"skip-lazy bwg_standart_thumb_img_0 \"                   data-id=\"9204\"                   data-width=\"500\"                   data-height=\"333\"                   data-src=\"https:\/\/infocul.pt\/arquivo\/wp-content\/uploads\/photo-gallery\/thumb\/IMG_8697_1.jpg?bwg=1574241435\"                   src=\"https:\/\/infocul.pt\/arquivo\/wp-content\/uploads\/photo-gallery\/thumb\/IMG_8697_1.jpg?bwg=1574241435\"                   alt=\"\"                   title=\"\" \/>            <\/div>            <div class=\"\">              <div class=\"bwg-title1\"><div class=\"bwg-title2\">&nbsp;<\/div><\/div>                                        <\/div>          <\/div>        <\/div>                        <\/a>              <\/div>            <div class=\"bwg-item\">        <a class=\"bwg-a  bwg_lightbox\"  data-image-id=\"9203\" href=\"https:\/\/infocul.pt\/arquivo\/wp-content\/uploads\/photo-gallery\/IMG_8653_1.jpg?bwg=1574241435\" data-elementor-open-lightbox=\"no\">                <div class=\"bwg-item0 \">          <div class=\"bwg-item1 \">            <div class=\"bwg-item2\">              <img decoding=\"async\" class=\"skip-lazy bwg_standart_thumb_img_0 \"                   data-id=\"9203\"                   data-width=\"500\"                   data-height=\"333\"                   data-src=\"https:\/\/infocul.pt\/arquivo\/wp-content\/uploads\/photo-gallery\/thumb\/IMG_8653_1.jpg?bwg=1574241435\"                   src=\"https:\/\/infocul.pt\/arquivo\/wp-content\/uploads\/photo-gallery\/thumb\/IMG_8653_1.jpg?bwg=1574241435\"                   alt=\"\"                   title=\"\" \/>            <\/div>            <div class=\"\">              <div class=\"bwg-title1\"><div class=\"bwg-title2\">&nbsp;<\/div><\/div>                                        <\/div>          <\/div>        <\/div>                        <\/a>              <\/div>            <div class=\"bwg-item\">        <a class=\"bwg-a  bwg_lightbox\"  data-image-id=\"9202\" href=\"https:\/\/infocul.pt\/arquivo\/wp-content\/uploads\/photo-gallery\/IMG_8579_1.jpg?bwg=1574241435\" data-elementor-open-lightbox=\"no\">                <div class=\"bwg-item0 \">          <div class=\"bwg-item1 \">            <div class=\"bwg-item2\">              <img decoding=\"async\" class=\"skip-lazy bwg_standart_thumb_img_0 \"                   data-id=\"9202\"                   data-width=\"500\"                   data-height=\"333\"                   data-src=\"https:\/\/infocul.pt\/arquivo\/wp-content\/uploads\/photo-gallery\/thumb\/IMG_8579_1.jpg?bwg=1574241435\"                   src=\"https:\/\/infocul.pt\/arquivo\/wp-content\/uploads\/photo-gallery\/thumb\/IMG_8579_1.jpg?bwg=1574241435\"                   alt=\"\"                   title=\"\" \/>            <\/div>            <div class=\"\">              <div class=\"bwg-title1\"><div class=\"bwg-title2\">&nbsp;<\/div><\/div>                                        <\/div>          <\/div>        <\/div>                        <\/a>              <\/div>            <div class=\"bwg-item\">        <a class=\"bwg-a  bwg_lightbox\"  data-image-id=\"9201\" href=\"https:\/\/infocul.pt\/arquivo\/wp-content\/uploads\/photo-gallery\/IMG_8563_1.jpg?bwg=1574241435\" data-elementor-open-lightbox=\"no\">                <div class=\"bwg-item0 \">          <div class=\"bwg-item1 \">            <div class=\"bwg-item2\">              <img decoding=\"async\" class=\"skip-lazy bwg_standart_thumb_img_0 \"                   data-id=\"9201\"                   data-width=\"500\"                   data-height=\"333\"                   data-src=\"https:\/\/infocul.pt\/arquivo\/wp-content\/uploads\/photo-gallery\/thumb\/IMG_8563_1.jpg?bwg=1574241435\"                   src=\"https:\/\/infocul.pt\/arquivo\/wp-content\/uploads\/photo-gallery\/thumb\/IMG_8563_1.jpg?bwg=1574241435\"                   alt=\"\"                   title=\"\" \/>            <\/div>            <div class=\"\">              <div class=\"bwg-title1\"><div class=\"bwg-title2\">&nbsp;<\/div><\/div>                                        <\/div>          <\/div>        <\/div>                        <\/a>              <\/div>            <div class=\"bwg-item\">        <a class=\"bwg-a  bwg_lightbox\"  data-image-id=\"9200\" href=\"https:\/\/infocul.pt\/arquivo\/wp-content\/uploads\/photo-gallery\/IMG_8600_1.jpg?bwg=1574241435\" data-elementor-open-lightbox=\"no\">                <div class=\"bwg-item0 \">          <div class=\"bwg-item1 \">            <div class=\"bwg-item2\">              <img decoding=\"async\" class=\"skip-lazy bwg_standart_thumb_img_0 \"                   data-id=\"9200\"                   data-width=\"500\"                   data-height=\"333\"                   data-src=\"https:\/\/infocul.pt\/arquivo\/wp-content\/uploads\/photo-gallery\/thumb\/IMG_8600_1.jpg?bwg=1574241435\"                   src=\"https:\/\/infocul.pt\/arquivo\/wp-content\/uploads\/photo-gallery\/thumb\/IMG_8600_1.jpg?bwg=1574241435\"                   alt=\"\"                   title=\"\" \/>            <\/div>            <div class=\"\">              <div class=\"bwg-title1\"><div class=\"bwg-title2\">&nbsp;<\/div><\/div>                                        <\/div>          <\/div>        <\/div>                        <\/a>              <\/div>            <div class=\"bwg-item\">        <a class=\"bwg-a  bwg_lightbox\"  data-image-id=\"9199\" href=\"https:\/\/infocul.pt\/arquivo\/wp-content\/uploads\/photo-gallery\/IMG_8608_1.jpg?bwg=1574241435\" data-elementor-open-lightbox=\"no\">                <div class=\"bwg-item0 \">          <div class=\"bwg-item1 \">            <div class=\"bwg-item2\">              <img decoding=\"async\" class=\"skip-lazy bwg_standart_thumb_img_0 \"                   data-id=\"9199\"                   data-width=\"500\"                   data-height=\"333\"                   data-src=\"https:\/\/infocul.pt\/arquivo\/wp-content\/uploads\/photo-gallery\/thumb\/IMG_8608_1.jpg?bwg=1574241435\"                   src=\"https:\/\/infocul.pt\/arquivo\/wp-content\/uploads\/photo-gallery\/thumb\/IMG_8608_1.jpg?bwg=1574241435\"                   alt=\"\"                   title=\"\" \/>            <\/div>            <div class=\"\">              <div class=\"bwg-title1\"><div class=\"bwg-title2\">&nbsp;<\/div><\/div>                                        <\/div>          <\/div>        <\/div>                        <\/a>              <\/div>            <div class=\"bwg-item\">        <a class=\"bwg-a  bwg_lightbox\"  data-image-id=\"9198\" href=\"https:\/\/infocul.pt\/arquivo\/wp-content\/uploads\/photo-gallery\/IMG_8551_1.jpg?bwg=1574241435\" data-elementor-open-lightbox=\"no\">                <div class=\"bwg-item0 \">          <div class=\"bwg-item1 \">            <div class=\"bwg-item2\">              <img decoding=\"async\" class=\"skip-lazy bwg_standart_thumb_img_0 \"                   data-id=\"9198\"                   data-width=\"333\"                   data-height=\"500\"                   data-src=\"https:\/\/infocul.pt\/arquivo\/wp-content\/uploads\/photo-gallery\/thumb\/IMG_8551_1.jpg?bwg=1574241435\"                   src=\"https:\/\/infocul.pt\/arquivo\/wp-content\/uploads\/photo-gallery\/thumb\/IMG_8551_1.jpg?bwg=1574241435\"                   alt=\"\"                   title=\"\" \/>            <\/div>            <div class=\"\">              <div class=\"bwg-title1\"><div class=\"bwg-title2\">&nbsp;<\/div><\/div>                                        <\/div>          <\/div>        <\/div>                        <\/a>              <\/div>            <div class=\"bwg-item\">        <a class=\"bwg-a  bwg_lightbox\"  data-image-id=\"9197\" href=\"https:\/\/infocul.pt\/arquivo\/wp-content\/uploads\/photo-gallery\/IMG_8657_1.jpg?bwg=1574241435\" data-elementor-open-lightbox=\"no\">                <div class=\"bwg-item0 \">          <div class=\"bwg-item1 \">            <div class=\"bwg-item2\">              <img decoding=\"async\" class=\"skip-lazy bwg_standart_thumb_img_0 \"                   data-id=\"9197\"                   data-width=\"500\"                   data-height=\"333\"                   data-src=\"https:\/\/infocul.pt\/arquivo\/wp-content\/uploads\/photo-gallery\/thumb\/IMG_8657_1.jpg?bwg=1574241435\"                   src=\"https:\/\/infocul.pt\/arquivo\/wp-content\/uploads\/photo-gallery\/thumb\/IMG_8657_1.jpg?bwg=1574241435\"                   alt=\"\"                   title=\"\" \/>            <\/div>            <div class=\"\">              <div class=\"bwg-title1\"><div class=\"bwg-title2\">&nbsp;<\/div><\/div>                                        <\/div>          <\/div>        <\/div>                        <\/a>              <\/div>            <div class=\"bwg-item\">        <a class=\"bwg-a  bwg_lightbox\"  data-image-id=\"9196\" href=\"https:\/\/infocul.pt\/arquivo\/wp-content\/uploads\/photo-gallery\/IMG_8639_1.jpg?bwg=1574241435\" data-elementor-open-lightbox=\"no\">                <div class=\"bwg-item0 \">          <div class=\"bwg-item1 \">            <div class=\"bwg-item2\">              <img decoding=\"async\" class=\"skip-lazy bwg_standart_thumb_img_0 \"                   data-id=\"9196\"                   data-width=\"500\"                   data-height=\"333\"                   data-src=\"https:\/\/infocul.pt\/arquivo\/wp-content\/uploads\/photo-gallery\/thumb\/IMG_8639_1.jpg?bwg=1574241435\"                   src=\"https:\/\/infocul.pt\/arquivo\/wp-content\/uploads\/photo-gallery\/thumb\/IMG_8639_1.jpg?bwg=1574241435\"                   alt=\"\"                   title=\"\" \/>            <\/div>            <div class=\"\">              <div class=\"bwg-title1\"><div class=\"bwg-title2\">&nbsp;<\/div><\/div>                                        <\/div>          <\/div>        <\/div>                        <\/a>              <\/div>            <div class=\"bwg-item\">        <a class=\"bwg-a  bwg_lightbox\"  data-image-id=\"9195\" href=\"https:\/\/infocul.pt\/arquivo\/wp-content\/uploads\/photo-gallery\/IMG_8527_1.jpg?bwg=1574241435\" data-elementor-open-lightbox=\"no\">                <div class=\"bwg-item0 \">          <div class=\"bwg-item1 \">            <div class=\"bwg-item2\">              <img decoding=\"async\" class=\"skip-lazy bwg_standart_thumb_img_0 \"                   data-id=\"9195\"                   data-width=\"333\"                   data-height=\"500\"                   data-src=\"https:\/\/infocul.pt\/arquivo\/wp-content\/uploads\/photo-gallery\/thumb\/IMG_8527_1.jpg?bwg=1574241435\"                   src=\"https:\/\/infocul.pt\/arquivo\/wp-content\/uploads\/photo-gallery\/thumb\/IMG_8527_1.jpg?bwg=1574241435\"                   alt=\"\"                   title=\"\" \/>            <\/div>            <div class=\"\">              <div class=\"bwg-title1\"><div class=\"bwg-title2\">&nbsp;<\/div><\/div>                                        <\/div>          <\/div>        <\/div>                        <\/a>              <\/div>            <div class=\"bwg-item\">        <a class=\"bwg-a  bwg_lightbox\"  data-image-id=\"9194\" href=\"https:\/\/infocul.pt\/arquivo\/wp-content\/uploads\/photo-gallery\/IMG_8540_1.jpg?bwg=1574241435\" data-elementor-open-lightbox=\"no\">                <div class=\"bwg-item0 \">          <div class=\"bwg-item1 \">            <div class=\"bwg-item2\">              <img decoding=\"async\" class=\"skip-lazy bwg_standart_thumb_img_0 \"                   data-id=\"9194\"                   data-width=\"500\"                   data-height=\"333\"                   data-src=\"https:\/\/infocul.pt\/arquivo\/wp-content\/uploads\/photo-gallery\/thumb\/IMG_8540_1.jpg?bwg=1574241435\"                   src=\"https:\/\/infocul.pt\/arquivo\/wp-content\/uploads\/photo-gallery\/thumb\/IMG_8540_1.jpg?bwg=1574241435\"                   alt=\"\"                   title=\"\" \/>            <\/div>            <div class=\"\">              <div class=\"bwg-title1\"><div class=\"bwg-title2\">&nbsp;<\/div><\/div>                                        <\/div>          <\/div>        <\/div>                        <\/a>              <\/div>          <\/div>    <style>      \/*pagination styles*\/      #bwg_container1_0 #bwg_container2_0 .tablenav-pages_0 {\t\t\t\ttext-align: center;\t\t\t\tfont-size: 12px;\t\t\t\tfont-family: segoe ui;\t\t\t\tfont-weight: bold;\t\t\t\tcolor: #666666;\t\t\t\tmargin: 6px 0 4px;\t\t\t\tdisplay: block;      }      @media only screen and (max-width : 320px) {      #bwg_container1_0 #bwg_container2_0 .displaying-num_0 {     \t display: none;      }      }      #bwg_container1_0 #bwg_container2_0 .displaying-num_0 {\t\t\t\tfont-size: 12px;\t\t\t\tfont-family: segoe ui;\t\t\t\tfont-weight: bold;\t\t\t\tcolor: #666666;\t\t\t\tmargin-right: 10px;\t\t\t\tvertical-align: middle;      }      #bwg_container1_0 #bwg_container2_0 .paging-input_0 {\t\t\t\tfont-size: 12px;\t\t\t\tfont-family: segoe ui;\t\t\t\tfont-weight: bold;\t\t\t\tcolor: #666666;\t\t\t\tvertical-align: middle;      }      #bwg_container1_0 #bwg_container2_0 .tablenav-pages_0 a.disabled,      #bwg_container1_0 #bwg_container2_0 .tablenav-pages_0 a.disabled:hover,      #bwg_container1_0 #bwg_container2_0 .tablenav-pages_0 a.disabled:focus,\t\t\t#bwg_container1_0 #bwg_container2_0 .tablenav-pages_0 input.bwg_current_page {\t\t\t\tcursor: default;\t\t\t\tcolor: rgba(102, 102, 102, 0.5);      }      #bwg_container1_0 #bwg_container2_0 .tablenav-pages_0 a,      #bwg_container1_0 #bwg_container2_0 .tablenav-pages_0 input.bwg_current_page {\t\t\t\tcursor: pointer;\t\t\t\ttext-align: center;\t\t\t\tfont-size: 12px;\t\t\t\tfont-family: segoe ui;\t\t\t\tfont-weight: bold;\t\t\t\tcolor: #666666;\t\t\t\ttext-decoration: none;\t\t\t\tpadding: 3px 6px;\t\t\t\tmargin: 0;\t\t\t\tborder-radius: 0;\t\t\t\tborder-style: solid;\t\t\t\tborder-width: 1px;\t\t\t\tborder-color: #E3E3E3;\t\t\t\t\t\t\t\tbackground-color: rgba(255, 255, 255, 1.00);\t\t\t\tbox-shadow: 0;\t\t\t\ttransition: all 0.3s ease 0s;-webkit-transition: all 0.3s ease 0s;      }      <\/style>      <span class=\"bwg_nav_cont_0\">              <div class=\"tablenav-pages_0\">                  <\/div>                <input type=\"hidden\" id=\"page_number_0\" name=\"page_number_0\" value=\"1\" \/>      <script type=\"text\/javascript\">        if( jQuery('.bwg_nav_cont_0').length > 1 ) {          jQuery('.bwg_nav_cont_0').first().remove()        }        function spider_page_0(cur, x, y, load_more) {          if (typeof load_more == \"undefined\") {            var load_more = false;          }          if (jQuery(cur).hasClass('disabled')) {            return false;          }          var items_county_0 = 1;          switch (y) {            case 1:              if (x >= items_county_0) {                document.getElementById('page_number_0').value = items_county_0;              }              else {                document.getElementById('page_number_0').value = x + 1;              }              break;            case 2:              document.getElementById('page_number_0').value = items_county_0;              break;            case -1:              if (x == 1) {                document.getElementById('page_number_0').value = 1;              }              else {                document.getElementById('page_number_0').value = x - 1;              }              break;            case -2:              document.getElementById('page_number_0').value = 1;              break;\t\t\t\t\t\tcase 0:              document.getElementById('page_number_0').value = x;              break;            default:              document.getElementById('page_number_0').value = 1;          }          bwg_ajax('gal_front_form_0', '0', 'bwg_thumbnails_0', '0', '', 'gallery', 0, '', '', load_more, '', 1);        }                    jQuery('.first-page-0').on('click', function () {              spider_page_0(this, 1, -2, 'numeric');              return false;            });            jQuery('.prev-page-0').on('click', function () {              spider_page_0(this, 1, -1, 'numeric');              return false;            });            jQuery('.next-page-0').on('click', function () {              spider_page_0(this, 1, 1, 'numeric');              return false;            });            jQuery('.last-page-0').on('click', function () {              spider_page_0(this, 1, 2, 'numeric');              return false;            });        \t\t\t\t\/* Change page on input enter. *\/        function bwg_change_page_0( e, that ) {          if (  e.key == 'Enter' ) {            var to_page = parseInt(jQuery(that).val());            var pages_count = jQuery(that).parents(\".pagination-links\").data(\"pages-count\");            var current_url_param = jQuery(that).attr('data-url-info');            if (to_page > pages_count) {              to_page = 1;            }\t \t\t\t\t\t\t\t\t\t\t\t\tspider_page_0(this, to_page, 0, 'numeric');\t\t\t\t\t\t\treturn false;\t\t\t\t\t\t          }          return true;        }        jQuery('.bwg_load_btn_0').on('click', function () {            spider_page_0(this, 1, 1, true);            return false;        });      <\/script>      <\/span>                <\/div>        <\/form>        <style>          #bwg_container1_0 #bwg_container2_0 #spider_popup_overlay_0 {          background-color: #EEEEEE;          opacity: 0.60;          }          <\/style>        <div id=\"bwg_spider_popup_loading_0\" class=\"bwg_spider_popup_loading\"><\/div>        <div id=\"spider_popup_overlay_0\" class=\"spider_popup_overlay\" onclick=\"spider_destroypopup(1000)\"><\/div>        <input type=\"hidden\" id=\"bwg_random_seed_0\" value=\"1336172340\">                <\/div>    <\/div>    <script>      if (document.readyState === 'complete') {        if( typeof bwg_main_ready == 'function' ) {          if ( jQuery(\"#bwg_container1_0\").height() ) {            bwg_main_ready(jQuery(\"#bwg_container1_0\"));          }        }      } else {        document.addEventListener('DOMContentLoaded', function() {          if( typeof bwg_main_ready == 'function' ) {            if ( jQuery(\"#bwg_container1_0\").height() ) {             bwg_main_ready(jQuery(\"#bwg_container1_0\"));            }          }        });      }    <\/script>    \n<p align=\"justify\"><span style=\"color: #ff4000;\"><b>Contactos:<\/b><\/span><\/p>\n<p align=\"justify\"><span style=\"color: #ff4000;\"><b>Telefone: 268671139<\/b><\/span><\/p>\n<p align=\"justify\"><span style=\"color: #ff4000;\"><b>e-mail : capote.alentejano@gmail.com<\/b><\/span><\/p>\n<p align=\"justify\"><span style=\"color: #3465a4;\"><b>Fotografias e Entrevista: <a href=\"https:\/\/www.facebook.com\/joaocarrilhofotografia\/\" target=\"_top\" rel=\"noopener noreferrer\">Jo\u00e3o Carrilho<\/a>.<br \/>\n<\/b><\/span><span style=\"color: #3465a4;\"><b>Texto: Rui Lavrador e Jo\u00e3o Carrilho<\/b><\/span><\/p>\n<p align=\"justify\">\n","protected":false},"excerpt":{"rendered":"<p>Em pleno Outono e com o Inverno caminhando at\u00e9 n\u00f3s, a passos largos e nem sempre certos, \u00e9 tempo de pensarmos em pe\u00e7as de roupas mais quentes. Uma das mais carism\u00e1ticas e tradicionais do nosso pa\u00eds \u00e9 o Capote Alentejano. E para descobrir um pouco mais sobre ele, e sobre a nossa hist\u00f3ria, visit\u00e1mos as [&hellip;]<\/p>\n","protected":false},"author":13,"featured_media":62593,"comment_status":"open","ping_status":"closed","sticky":false,"template":"","format":"standard","meta":{"footnotes":""},"categories":[10,2,36,9,4123,15],"tags":[249,8272,1068,8273],"class_list":["post-62286","post","type-post","status-publish","format-standard","has-post-thumbnail","hentry","category-actualidade","category-cultura","category-destaque","category-outros","category-reportagens-actualidade","category-social-e-lifestyle","tag-alentejo","tag-capote-alentejano","tag-elvas","tag-santa-eulalia"],"yoast_head":"<!-- This site is optimized with the Yoast SEO plugin v27.5 - https:\/\/yoast.com\/product\/yoast-seo-wordpress\/ -->\n<title>Reportagem: Os Capotes de Santa Eul\u00e1lia (C\/Fotos) | Infocul.pt - Arquivo Digital<\/title>\n<meta name=\"description\" content=\"Reportagem: Os Capotes de Santa Eul\u00e1lia (C\/Fotos) | Infocul.pt - Arquivo Digital\" \/>\n<meta name=\"robots\" content=\"noindex, follow, max-snippet:-1, max-image-preview:large, max-video-preview:-1\" \/>\n<meta property=\"og:locale\" content=\"pt_PT\" \/>\n<meta property=\"og:type\" content=\"article\" \/>\n<meta property=\"og:title\" content=\"Reportagem: Os Capotes de Santa Eul\u00e1lia (C\/Fotos) | Infocul.pt - Arquivo Digital\" \/>\n<meta property=\"og:description\" content=\"Reportagem: Os Capotes de Santa Eul\u00e1lia (C\/Fotos) | Infocul.pt - Arquivo Digital\" \/>\n<meta property=\"og:url\" content=\"https:\/\/infocul.pt\/arquivo\/actualidade\/reportagem-os-capotes-de-santa-eulalia-c-fotos\/\" \/>\n<meta property=\"og:site_name\" content=\"Infocul.pt - Arquivo Digital\" \/>\n<meta property=\"article:publisher\" content=\"https:\/\/www.facebook.com\/Infocul-147816815585015\/\" \/>\n<meta property=\"article:published_time\" content=\"2019-11-20T09:19:30+00:00\" \/>\n<meta property=\"article:modified_time\" content=\"2019-11-20T12:07:35+00:00\" \/>\n<meta property=\"og:image\" content=\"https:\/\/infocul.pt\/arquivo\/wp-content\/uploads\/2019\/11\/IMG_8688_1.jpg\" \/>\n\t<meta property=\"og:image:width\" content=\"1920\" \/>\n\t<meta property=\"og:image:height\" content=\"1280\" \/>\n\t<meta property=\"og:image:type\" content=\"image\/jpeg\" \/>\n<meta name=\"author\" content=\"Redac\u00e7\u00e3o\" \/>\n<meta name=\"twitter:card\" content=\"summary_large_image\" \/>\n<meta name=\"twitter:creator\" content=\"@Infoculpt\" \/>\n<meta name=\"twitter:site\" content=\"@Infoculpt\" \/>\n<meta name=\"twitter:label1\" content=\"Escrito por\" \/>\n\t<meta name=\"twitter:data1\" content=\"Redac\u00e7\u00e3o\" \/>\n\t<meta name=\"twitter:label2\" content=\"Tempo estimado de leitura\" \/>\n\t<meta name=\"twitter:data2\" content=\"10 minutos\" \/>\n<script type=\"application\/ld+json\" class=\"yoast-schema-graph\">{\"@context\":\"https:\\\/\\\/schema.org\",\"@graph\":[{\"@type\":\"Article\",\"@id\":\"https:\\\/\\\/infocul.pt\\\/arquivo\\\/actualidade\\\/reportagem-os-capotes-de-santa-eulalia-c-fotos\\\/#article\",\"isPartOf\":{\"@id\":\"https:\\\/\\\/infocul.pt\\\/arquivo\\\/actualidade\\\/reportagem-os-capotes-de-santa-eulalia-c-fotos\\\/\"},\"author\":{\"name\":\"Redac\u00e7\u00e3o\",\"@id\":\"https:\\\/\\\/infocul.pt\\\/arquivo\\\/#\\\/schema\\\/person\\\/f243f45ae8d67639120a7586884f3abc\"},\"headline\":\"Reportagem: Os Capotes de Santa Eul\u00e1lia (C\\\/Fotos)\",\"datePublished\":\"2019-11-20T09:19:30+00:00\",\"dateModified\":\"2019-11-20T12:07:35+00:00\",\"mainEntityOfPage\":{\"@id\":\"https:\\\/\\\/infocul.pt\\\/arquivo\\\/actualidade\\\/reportagem-os-capotes-de-santa-eulalia-c-fotos\\\/\"},\"wordCount\":2084,\"commentCount\":0,\"publisher\":{\"@id\":\"https:\\\/\\\/infocul.pt\\\/arquivo\\\/#organization\"},\"image\":{\"@id\":\"https:\\\/\\\/infocul.pt\\\/arquivo\\\/actualidade\\\/reportagem-os-capotes-de-santa-eulalia-c-fotos\\\/#primaryimage\"},\"thumbnailUrl\":\"https:\\\/\\\/infocul.pt\\\/arquivo\\\/wp-content\\\/uploads\\\/2019\\\/11\\\/IMG_8688_1.jpg\",\"keywords\":[\"Alentejo\",\"Capote Alentejano\",\"Elvas\",\"Santa Eul\u00e1lia\"],\"articleSection\":[\"Actualidade\",\"Cultura\",\"Destaque\",\"Outros\",\"Reportagens\",\"Social &amp; LifeStyle\"],\"inLanguage\":\"pt-PT\"},{\"@type\":\"WebPage\",\"@id\":\"https:\\\/\\\/infocul.pt\\\/arquivo\\\/actualidade\\\/reportagem-os-capotes-de-santa-eulalia-c-fotos\\\/\",\"url\":\"https:\\\/\\\/infocul.pt\\\/arquivo\\\/actualidade\\\/reportagem-os-capotes-de-santa-eulalia-c-fotos\\\/\",\"name\":\"Reportagem: Os Capotes de Santa Eul\u00e1lia (C\\\/Fotos) | Infocul.pt - Arquivo Digital\",\"isPartOf\":{\"@id\":\"https:\\\/\\\/infocul.pt\\\/arquivo\\\/#website\"},\"primaryImageOfPage\":{\"@id\":\"https:\\\/\\\/infocul.pt\\\/arquivo\\\/actualidade\\\/reportagem-os-capotes-de-santa-eulalia-c-fotos\\\/#primaryimage\"},\"image\":{\"@id\":\"https:\\\/\\\/infocul.pt\\\/arquivo\\\/actualidade\\\/reportagem-os-capotes-de-santa-eulalia-c-fotos\\\/#primaryimage\"},\"thumbnailUrl\":\"https:\\\/\\\/infocul.pt\\\/arquivo\\\/wp-content\\\/uploads\\\/2019\\\/11\\\/IMG_8688_1.jpg\",\"datePublished\":\"2019-11-20T09:19:30+00:00\",\"dateModified\":\"2019-11-20T12:07:35+00:00\",\"description\":\"Reportagem: Os Capotes de Santa Eul\u00e1lia (C\\\/Fotos) | Infocul.pt - Arquivo Digital\",\"breadcrumb\":{\"@id\":\"https:\\\/\\\/infocul.pt\\\/arquivo\\\/actualidade\\\/reportagem-os-capotes-de-santa-eulalia-c-fotos\\\/#breadcrumb\"},\"inLanguage\":\"pt-PT\",\"potentialAction\":[{\"@type\":\"ReadAction\",\"target\":[\"https:\\\/\\\/infocul.pt\\\/arquivo\\\/actualidade\\\/reportagem-os-capotes-de-santa-eulalia-c-fotos\\\/\"]}]},{\"@type\":\"ImageObject\",\"inLanguage\":\"pt-PT\",\"@id\":\"https:\\\/\\\/infocul.pt\\\/arquivo\\\/actualidade\\\/reportagem-os-capotes-de-santa-eulalia-c-fotos\\\/#primaryimage\",\"url\":\"https:\\\/\\\/infocul.pt\\\/arquivo\\\/wp-content\\\/uploads\\\/2019\\\/11\\\/IMG_8688_1.jpg\",\"contentUrl\":\"https:\\\/\\\/infocul.pt\\\/arquivo\\\/wp-content\\\/uploads\\\/2019\\\/11\\\/IMG_8688_1.jpg\",\"width\":1920,\"height\":1280},{\"@type\":\"BreadcrumbList\",\"@id\":\"https:\\\/\\\/infocul.pt\\\/arquivo\\\/actualidade\\\/reportagem-os-capotes-de-santa-eulalia-c-fotos\\\/#breadcrumb\",\"itemListElement\":[{\"@type\":\"ListItem\",\"position\":1,\"name\":\"Home\",\"item\":\"https:\\\/\\\/infocul.pt\\\/arquivo\\\/\"},{\"@type\":\"ListItem\",\"position\":2,\"name\":\"Reportagem: Os Capotes de Santa Eul\u00e1lia (C\\\/Fotos)\"}]},{\"@type\":\"WebSite\",\"@id\":\"https:\\\/\\\/infocul.pt\\\/arquivo\\\/#website\",\"url\":\"https:\\\/\\\/infocul.pt\\\/arquivo\\\/\",\"name\":\"Infocul.pt - Arquivo Digital\",\"description\":\"Arquivo digital da Infocul.pt\",\"publisher\":{\"@id\":\"https:\\\/\\\/infocul.pt\\\/arquivo\\\/#organization\"},\"potentialAction\":[{\"@type\":\"SearchAction\",\"target\":{\"@type\":\"EntryPoint\",\"urlTemplate\":\"https:\\\/\\\/infocul.pt\\\/arquivo\\\/?s={search_term_string}\"},\"query-input\":{\"@type\":\"PropertyValueSpecification\",\"valueRequired\":true,\"valueName\":\"search_term_string\"}}],\"inLanguage\":\"pt-PT\"},{\"@type\":\"Organization\",\"@id\":\"https:\\\/\\\/infocul.pt\\\/arquivo\\\/#organization\",\"name\":\"Infocul.pt\",\"url\":\"https:\\\/\\\/infocul.pt\\\/arquivo\\\/\",\"logo\":{\"@type\":\"ImageObject\",\"inLanguage\":\"pt-PT\",\"@id\":\"https:\\\/\\\/infocul.pt\\\/arquivo\\\/#\\\/schema\\\/logo\\\/image\\\/\",\"url\":\"https:\\\/\\\/infocul.pt\\\/arquivo\\\/wp-content\\\/uploads\\\/2018\\\/12\\\/Infocul_logo-1.png\",\"contentUrl\":\"https:\\\/\\\/infocul.pt\\\/arquivo\\\/wp-content\\\/uploads\\\/2018\\\/12\\\/Infocul_logo-1.png\",\"width\":800,\"height\":800,\"caption\":\"Infocul.pt\"},\"image\":{\"@id\":\"https:\\\/\\\/infocul.pt\\\/arquivo\\\/#\\\/schema\\\/logo\\\/image\\\/\"},\"sameAs\":[\"https:\\\/\\\/www.facebook.com\\\/Infocul-147816815585015\\\/\",\"https:\\\/\\\/x.com\\\/Infoculpt\",\"http:\\\/\\\/www.pictaram.com\\\/user\\\/infocul.pt\\\/2370423710\",\"https:\\\/\\\/www.youtube.com\\\/channel\\\/UCYEB91AGI9FL9ek2i_IaQAA\"]},{\"@type\":\"Person\",\"@id\":\"https:\\\/\\\/infocul.pt\\\/arquivo\\\/#\\\/schema\\\/person\\\/f243f45ae8d67639120a7586884f3abc\",\"name\":\"Redac\u00e7\u00e3o\",\"image\":{\"@type\":\"ImageObject\",\"inLanguage\":\"pt-PT\",\"@id\":\"https:\\\/\\\/secure.gravatar.com\\\/avatar\\\/151b1b76c598ab5e749407223bd6c1bad4e41c4e95de3c3df83540ebee2deaf8?s=96&d=mm&r=g\",\"url\":\"https:\\\/\\\/secure.gravatar.com\\\/avatar\\\/151b1b76c598ab5e749407223bd6c1bad4e41c4e95de3c3df83540ebee2deaf8?s=96&d=mm&r=g\",\"contentUrl\":\"https:\\\/\\\/secure.gravatar.com\\\/avatar\\\/151b1b76c598ab5e749407223bd6c1bad4e41c4e95de3c3df83540ebee2deaf8?s=96&d=mm&r=g\",\"caption\":\"Redac\u00e7\u00e3o\"}}]}<\/script>\n<!-- \/ Yoast SEO plugin. -->","yoast_head_json":{"title":"Reportagem: Os Capotes de Santa Eul\u00e1lia (C\/Fotos) | Infocul.pt - Arquivo Digital","description":"Reportagem: Os Capotes de Santa Eul\u00e1lia (C\/Fotos) | Infocul.pt - Arquivo Digital","robots":{"index":"noindex","follow":"follow","max-snippet":"max-snippet:-1","max-image-preview":"max-image-preview:large","max-video-preview":"max-video-preview:-1"},"og_locale":"pt_PT","og_type":"article","og_title":"Reportagem: Os Capotes de Santa Eul\u00e1lia (C\/Fotos) | Infocul.pt - Arquivo Digital","og_description":"Reportagem: Os Capotes de Santa Eul\u00e1lia (C\/Fotos) | Infocul.pt - Arquivo Digital","og_url":"https:\/\/infocul.pt\/arquivo\/actualidade\/reportagem-os-capotes-de-santa-eulalia-c-fotos\/","og_site_name":"Infocul.pt - Arquivo Digital","article_publisher":"https:\/\/www.facebook.com\/Infocul-147816815585015\/","article_published_time":"2019-11-20T09:19:30+00:00","article_modified_time":"2019-11-20T12:07:35+00:00","og_image":[{"width":1920,"height":1280,"url":"https:\/\/infocul.pt\/arquivo\/wp-content\/uploads\/2019\/11\/IMG_8688_1.jpg","type":"image\/jpeg"}],"author":"Redac\u00e7\u00e3o","twitter_card":"summary_large_image","twitter_creator":"@Infoculpt","twitter_site":"@Infoculpt","twitter_misc":{"Escrito por":"Redac\u00e7\u00e3o","Tempo estimado de leitura":"10 minutos"},"schema":{"@context":"https:\/\/schema.org","@graph":[{"@type":"Article","@id":"https:\/\/infocul.pt\/arquivo\/actualidade\/reportagem-os-capotes-de-santa-eulalia-c-fotos\/#article","isPartOf":{"@id":"https:\/\/infocul.pt\/arquivo\/actualidade\/reportagem-os-capotes-de-santa-eulalia-c-fotos\/"},"author":{"name":"Redac\u00e7\u00e3o","@id":"https:\/\/infocul.pt\/arquivo\/#\/schema\/person\/f243f45ae8d67639120a7586884f3abc"},"headline":"Reportagem: Os Capotes de Santa Eul\u00e1lia (C\/Fotos)","datePublished":"2019-11-20T09:19:30+00:00","dateModified":"2019-11-20T12:07:35+00:00","mainEntityOfPage":{"@id":"https:\/\/infocul.pt\/arquivo\/actualidade\/reportagem-os-capotes-de-santa-eulalia-c-fotos\/"},"wordCount":2084,"commentCount":0,"publisher":{"@id":"https:\/\/infocul.pt\/arquivo\/#organization"},"image":{"@id":"https:\/\/infocul.pt\/arquivo\/actualidade\/reportagem-os-capotes-de-santa-eulalia-c-fotos\/#primaryimage"},"thumbnailUrl":"https:\/\/infocul.pt\/arquivo\/wp-content\/uploads\/2019\/11\/IMG_8688_1.jpg","keywords":["Alentejo","Capote Alentejano","Elvas","Santa Eul\u00e1lia"],"articleSection":["Actualidade","Cultura","Destaque","Outros","Reportagens","Social &amp; LifeStyle"],"inLanguage":"pt-PT"},{"@type":"WebPage","@id":"https:\/\/infocul.pt\/arquivo\/actualidade\/reportagem-os-capotes-de-santa-eulalia-c-fotos\/","url":"https:\/\/infocul.pt\/arquivo\/actualidade\/reportagem-os-capotes-de-santa-eulalia-c-fotos\/","name":"Reportagem: Os Capotes de Santa Eul\u00e1lia (C\/Fotos) | Infocul.pt - Arquivo Digital","isPartOf":{"@id":"https:\/\/infocul.pt\/arquivo\/#website"},"primaryImageOfPage":{"@id":"https:\/\/infocul.pt\/arquivo\/actualidade\/reportagem-os-capotes-de-santa-eulalia-c-fotos\/#primaryimage"},"image":{"@id":"https:\/\/infocul.pt\/arquivo\/actualidade\/reportagem-os-capotes-de-santa-eulalia-c-fotos\/#primaryimage"},"thumbnailUrl":"https:\/\/infocul.pt\/arquivo\/wp-content\/uploads\/2019\/11\/IMG_8688_1.jpg","datePublished":"2019-11-20T09:19:30+00:00","dateModified":"2019-11-20T12:07:35+00:00","description":"Reportagem: Os Capotes de Santa Eul\u00e1lia (C\/Fotos) | Infocul.pt - Arquivo Digital","breadcrumb":{"@id":"https:\/\/infocul.pt\/arquivo\/actualidade\/reportagem-os-capotes-de-santa-eulalia-c-fotos\/#breadcrumb"},"inLanguage":"pt-PT","potentialAction":[{"@type":"ReadAction","target":["https:\/\/infocul.pt\/arquivo\/actualidade\/reportagem-os-capotes-de-santa-eulalia-c-fotos\/"]}]},{"@type":"ImageObject","inLanguage":"pt-PT","@id":"https:\/\/infocul.pt\/arquivo\/actualidade\/reportagem-os-capotes-de-santa-eulalia-c-fotos\/#primaryimage","url":"https:\/\/infocul.pt\/arquivo\/wp-content\/uploads\/2019\/11\/IMG_8688_1.jpg","contentUrl":"https:\/\/infocul.pt\/arquivo\/wp-content\/uploads\/2019\/11\/IMG_8688_1.jpg","width":1920,"height":1280},{"@type":"BreadcrumbList","@id":"https:\/\/infocul.pt\/arquivo\/actualidade\/reportagem-os-capotes-de-santa-eulalia-c-fotos\/#breadcrumb","itemListElement":[{"@type":"ListItem","position":1,"name":"Home","item":"https:\/\/infocul.pt\/arquivo\/"},{"@type":"ListItem","position":2,"name":"Reportagem: Os Capotes de Santa Eul\u00e1lia (C\/Fotos)"}]},{"@type":"WebSite","@id":"https:\/\/infocul.pt\/arquivo\/#website","url":"https:\/\/infocul.pt\/arquivo\/","name":"Infocul.pt - Arquivo Digital","description":"Arquivo digital da Infocul.pt","publisher":{"@id":"https:\/\/infocul.pt\/arquivo\/#organization"},"potentialAction":[{"@type":"SearchAction","target":{"@type":"EntryPoint","urlTemplate":"https:\/\/infocul.pt\/arquivo\/?s={search_term_string}"},"query-input":{"@type":"PropertyValueSpecification","valueRequired":true,"valueName":"search_term_string"}}],"inLanguage":"pt-PT"},{"@type":"Organization","@id":"https:\/\/infocul.pt\/arquivo\/#organization","name":"Infocul.pt","url":"https:\/\/infocul.pt\/arquivo\/","logo":{"@type":"ImageObject","inLanguage":"pt-PT","@id":"https:\/\/infocul.pt\/arquivo\/#\/schema\/logo\/image\/","url":"https:\/\/infocul.pt\/arquivo\/wp-content\/uploads\/2018\/12\/Infocul_logo-1.png","contentUrl":"https:\/\/infocul.pt\/arquivo\/wp-content\/uploads\/2018\/12\/Infocul_logo-1.png","width":800,"height":800,"caption":"Infocul.pt"},"image":{"@id":"https:\/\/infocul.pt\/arquivo\/#\/schema\/logo\/image\/"},"sameAs":["https:\/\/www.facebook.com\/Infocul-147816815585015\/","https:\/\/x.com\/Infoculpt","http:\/\/www.pictaram.com\/user\/infocul.pt\/2370423710","https:\/\/www.youtube.com\/channel\/UCYEB91AGI9FL9ek2i_IaQAA"]},{"@type":"Person","@id":"https:\/\/infocul.pt\/arquivo\/#\/schema\/person\/f243f45ae8d67639120a7586884f3abc","name":"Redac\u00e7\u00e3o","image":{"@type":"ImageObject","inLanguage":"pt-PT","@id":"https:\/\/secure.gravatar.com\/avatar\/151b1b76c598ab5e749407223bd6c1bad4e41c4e95de3c3df83540ebee2deaf8?s=96&d=mm&r=g","url":"https:\/\/secure.gravatar.com\/avatar\/151b1b76c598ab5e749407223bd6c1bad4e41c4e95de3c3df83540ebee2deaf8?s=96&d=mm&r=g","contentUrl":"https:\/\/secure.gravatar.com\/avatar\/151b1b76c598ab5e749407223bd6c1bad4e41c4e95de3c3df83540ebee2deaf8?s=96&d=mm&r=g","caption":"Redac\u00e7\u00e3o"}}]}},"_links":{"self":[{"href":"https:\/\/infocul.pt\/arquivo\/wp-json\/wp\/v2\/posts\/62286","targetHints":{"allow":["GET"]}}],"collection":[{"href":"https:\/\/infocul.pt\/arquivo\/wp-json\/wp\/v2\/posts"}],"about":[{"href":"https:\/\/infocul.pt\/arquivo\/wp-json\/wp\/v2\/types\/post"}],"author":[{"embeddable":true,"href":"https:\/\/infocul.pt\/arquivo\/wp-json\/wp\/v2\/users\/13"}],"replies":[{"embeddable":true,"href":"https:\/\/infocul.pt\/arquivo\/wp-json\/wp\/v2\/comments?post=62286"}],"version-history":[{"count":0,"href":"https:\/\/infocul.pt\/arquivo\/wp-json\/wp\/v2\/posts\/62286\/revisions"}],"wp:featuredmedia":[{"embeddable":true,"href":"https:\/\/infocul.pt\/arquivo\/wp-json\/wp\/v2\/media\/62593"}],"wp:attachment":[{"href":"https:\/\/infocul.pt\/arquivo\/wp-json\/wp\/v2\/media?parent=62286"}],"wp:term":[{"taxonomy":"category","embeddable":true,"href":"https:\/\/infocul.pt\/arquivo\/wp-json\/wp\/v2\/categories?post=62286"},{"taxonomy":"post_tag","embeddable":true,"href":"https:\/\/infocul.pt\/arquivo\/wp-json\/wp\/v2\/tags?post=62286"}],"curies":[{"name":"wp","href":"https:\/\/api.w.org\/{rel}","templated":true}]}}