{"id":62363,"date":"2019-11-14T16:05:12","date_gmt":"2019-11-14T16:05:12","guid":{"rendered":"https:\/\/infocul.pt\/?p=62363"},"modified":"2019-11-14T16:12:40","modified_gmt":"2019-11-14T16:12:40","slug":"alvaro-covoes-e-harry-potter-the-exhibition-queremos-que-os-turistas-repitam-a-visita-e-fiquem-mais-tempo","status":"publish","type":"post","link":"https:\/\/infocul.pt\/arquivo\/actualidade\/alvaro-covoes-e-harry-potter-the-exhibition-queremos-que-os-turistas-repitam-a-visita-e-fiquem-mais-tempo\/","title":{"rendered":"\u00c1lvaro Cov\u00f5es e Harry Potter The Exhibition: &#8220;Queremos que os turistas repitam a visita e fiquem mais tempo&#8221;"},"content":{"rendered":"<p><img decoding=\"async\" class=\"aligncenter wp-image-62364 size-large lazyload\" data-src=\"https:\/\/infocul.pt\/arquivo\/wp-content\/uploads\/2019\/11\/Harry-Potter-1024x390.png\" alt=\"\" width=\"800\" height=\"305\" data-srcset=\"https:\/\/infocul.pt\/arquivo\/wp-content\/uploads\/2019\/11\/Harry-Potter.png 1024w, https:\/\/infocul.pt\/arquivo\/wp-content\/uploads\/2019\/11\/Harry-Potter-300x114.png 300w, https:\/\/infocul.pt\/arquivo\/wp-content\/uploads\/2019\/11\/Harry-Potter-768x293.png 768w\" data-sizes=\"(max-width: 800px) 100vw, 800px\" src=\"data:image\/svg+xml;base64,PHN2ZyB3aWR0aD0iMSIgaGVpZ2h0PSIxIiB4bWxucz0iaHR0cDovL3d3dy53My5vcmcvMjAwMC9zdmciPjwvc3ZnPg==\" style=\"--smush-placeholder-width: 800px; --smush-placeholder-aspect-ratio: 800\/305;\" \/><\/p>\n<p>&nbsp;<\/p>\n<p><span style=\"font-family: Liberation Serif, serif;\"><span style=\"font-size: medium;\">Foi hoje apresentada \u00e0 imprensa a exposi\u00e7\u00e3o Harry Potter, que estar\u00e1 patente no Pavilh\u00e3o de Portugal, a partir de 16 de Novembro. <\/span><\/span><!--more--><\/p>\n<p><span style=\"font-family: Liberation Serif, serif;\"><span style=\"font-size: medium;\">Nesta exposi\u00e7\u00e3o poder\u00e1 desfrutar de 1.500 metros quadrados, onde \u00e9 poss\u00edvel usufruir de ambientes dram\u00e1ticos e fant\u00e1sticos, inspirados e recriados nos cen\u00e1rios das filmagens de Hogwarts\u2122, tais como: o Great Hall, a cabana de Hagrid e a sala comum de Gryffindor\u2122.<\/span><\/span><\/p>\n<p><span style=\"font-family: Liberation Serif, serif;\"><span style=\"font-size: medium;\">Conta ainda com adere\u00e7os e trajes mais ic\u00f3nicos dos filmes de Harry Potter. S\u00e3o convidados a entrar na \u00e1rea Quidditch\u2122 e a lan\u00e7ar a Quaffle, \u00e9 poss\u00edvel puxar a Mandr\u00e1gora, visitar a cabana de Hagrid e encontrar criaturas m\u00e1gicas, como as Buckbeak e a aranha gigante Acromantula. Pelo caminho \u00e9 ainda poss\u00edvel ver objectos utilizados na saga de Harry Potter, incluindo a varinha e os \u00f3culos do Harry, trajes do baile Yule e muito mais.<\/span><\/span><\/p>\n<p><img decoding=\"async\" class=\"aligncenter wp-image-62365 size-large lazyload\" data-src=\"https:\/\/infocul.pt\/arquivo\/wp-content\/uploads\/2019\/11\/WhatsApp-Image-2019-11-14-at-16.03.25-1024x768.jpeg\" alt=\"\" width=\"800\" height=\"600\" data-srcset=\"https:\/\/infocul.pt\/arquivo\/wp-content\/uploads\/2019\/11\/WhatsApp-Image-2019-11-14-at-16.03.25-1024x768.jpeg 1024w, https:\/\/infocul.pt\/arquivo\/wp-content\/uploads\/2019\/11\/WhatsApp-Image-2019-11-14-at-16.03.25-300x225.jpeg 300w, https:\/\/infocul.pt\/arquivo\/wp-content\/uploads\/2019\/11\/WhatsApp-Image-2019-11-14-at-16.03.25-768x576.jpeg 768w, https:\/\/infocul.pt\/arquivo\/wp-content\/uploads\/2019\/11\/WhatsApp-Image-2019-11-14-at-16.03.25.jpeg 1920w\" data-sizes=\"(max-width: 800px) 100vw, 800px\" src=\"data:image\/svg+xml;base64,PHN2ZyB3aWR0aD0iMSIgaGVpZ2h0PSIxIiB4bWxucz0iaHR0cDovL3d3dy53My5vcmcvMjAwMC9zdmciPjwvc3ZnPg==\" style=\"--smush-placeholder-width: 800px; --smush-placeholder-aspect-ratio: 800\/600;\" \/><\/p>\n<p><span style=\"font-family: Liberation Serif, serif;\"><span style=\"font-size: medium;\">Em declara\u00e7\u00f5es ao Infocul, \u00c1lvaro Cov\u00f5es, o director da Everything is New quando questionado se o mundo das grandes exposi\u00e7\u00f5es era a nova aposta da produtora, disse que \u201c<\/span><\/span><span style=\"font-family: Liberation Serif, serif;\"><span style=\"font-size: medium;\"><i><b>j<\/b><\/i><\/span><\/span><span style=\"font-family: Liberation Serif, serif;\"><span style=\"font-size: medium;\"><i><b>\u00e1 andamos nisto h\u00e1 muitos anos. N\u00e3o temos feito mais exposi\u00e7\u00f5es porque em Portugal ainda temos, infelizmente, uma necessidade imensa de galerias de exposi\u00e7\u00f5es tempor\u00e1rias, tanto em Lisboa como no Porto<\/b><\/i><\/span><\/span><span style=\"font-family: Liberation Serif, serif;\"><span style=\"font-size: medium;\">\u201d.<\/span><\/span><\/p>\n<p><span style=\"font-family: Liberation Serif, serif;\"><span style=\"font-size: medium;\">Para \u00c1lvaro Cov\u00f5es \u201c<\/span><\/span><span style=\"font-family: Liberation Serif, serif;\"><span style=\"font-size: medium;\"><i><b>p<\/b><\/i><\/span><\/span><span style=\"font-family: Liberation Serif, serif;\"><span style=\"font-size: medium;\"><i><b>recisamos, n\u00e3o de mais uma, mas de duas ou tr\u00eas para que <\/b><\/i><\/span><\/span><span style=\"font-family: Liberation Serif, serif;\"><span style=\"font-size: medium;\"><i><b>agentes culturais<\/b><\/i><\/span><\/span><span style=\"font-family: Liberation Serif, serif;\"><span style=\"font-size: medium;\"><i><b>, como a Ev<\/b><\/i><\/span><\/span><span style=\"font-family: Liberation Serif, serif;\"><span style=\"font-size: medium;\"><i><b>e<\/b><\/i><\/span><\/span><span style=\"font-family: Liberation Serif, serif;\"><span style=\"font-size: medium;\"><i><b>rything is New, possam trazer <\/b><\/i><\/span><\/span><span style=\"font-family: Liberation Serif, serif;\"><span style=\"font-size: medium;\"><i><b>ou organizar<\/b><\/i><\/span><\/span><span style=\"font-family: Liberation Serif, serif;\"><span style=\"font-size: medium;\"><i><b> mais exposi\u00e7\u00f5es. <\/b><\/i><\/span><\/span><span style=\"font-family: Liberation Serif, serif;\"><span style=\"font-size: medium;\"><i><b>Porque tamb\u00e9m h\u00e1 muito que fazer em Portugal, tanto com artistas contempor\u00e2neos, como Museus ou coleccionadores privados. Portanto temos um mundo de oportunidades, faltam \u00e9 infraestruturas. A \u00faltima galeria de exposi\u00e7\u00f5es contempor\u00e2neas que se construiu em Lisboa foi o CCB, h\u00e1 25 anos, e o CCB est\u00e1 neste momento entregue \u00e0 Colec\u00e7\u00e3o Berardo. No Porto, foi Serralves, h\u00e1 20 anos, e que tem uma gest\u00e3o pr\u00f3pria e n\u00e3o \u00e9 um espa\u00e7o aberto aos agentes culturais externos<\/b><\/i><\/span><\/span><span style=\"font-family: Liberation Serif, serif;\"><span style=\"font-size: medium;\">\u201d.<\/span><\/span><\/p>\n<p><span style=\"font-family: Liberation Serif, serif;\"><span style=\"font-size: medium;\">Acrescentou ainda de que \u201c<\/span><\/span><span style=\"font-family: Liberation Serif, serif;\"><span style=\"font-size: medium;\"><i><b>\u00e9<\/b><\/i><\/span><\/span><span style=\"font-family: Liberation Serif, serif;\"><span style=\"font-size: medium;\"><i><b> algo que necessitamos, temos de aumentar a oferta cultural para os portugueses e para os estrangeiros, porque n\u00e3o basta sermos um destino tur\u00edstico de excel\u00eancia se n\u00e3o tivermos conte\u00fados. S\u00f3 com hot\u00e9is e aeroportos n\u00e3o vamos l\u00e1. Ainda para mais porque queremos que os turistas repitam a visita e fiquem mais tempo mas para isso, t\u00eam de ter conte\u00fados de excel\u00eancia, neste caso a exposi\u00e7\u00e3o Harry Potter<\/b><\/i><\/span><\/span><span style=\"font-family: Liberation Serif, serif;\"><span style=\"font-size: medium;\">\u201d.<\/span><\/span><\/p>\n<p><span style=\"font-family: Liberation Serif, serif;\"><span style=\"font-size: medium;\">D<\/span><\/span><span style=\"font-family: Liberation Serif, serif;\"><span style=\"font-size: medium;\">estacou ainda a import\u00e2ncia deste tipo de exposi\u00e7\u00f5es, pois \u201c<\/span><\/span><span style=\"font-family: Liberation Serif, serif;\"><span style=\"font-size: medium;\"><i><b>uma exposi\u00e7\u00e3o fica em m\u00e9dia 4\/5 meses numa cidade, e portanto no m\u00e1ximo uma exposi\u00e7\u00e3o s\u00f3 pode ir a tr\u00eas cidades por ano. Mesmo que dure 10 anos, s\u00e3o 30 cidades. E \u00e9 muito dif\u00edcil uma exposi\u00e7\u00e3o durar 10 anos. Esta, salvo erro, tem 4\/5 anos. <\/b><\/i><\/span><\/span><span style=\"font-family: Liberation Serif, serif;\"><span style=\"font-size: medium;\"><i><b>Portanto conseguir entrar nesse campeonato, tal como em alguns concertos porque na m\u00fasica \u00e9 igual\u2026 H\u00e1 muitas cidades o mundo que pagavam para ter os grandes concertos que Lisboa e Porto t\u00eam. Isso \u00e9 muito importante para valorizar o destino<\/b><\/i><\/span><\/span><span style=\"font-family: Liberation Serif, serif;\"><span style=\"font-size: medium;\">\u201d.<\/span><\/span><\/p>\n<p><span style=\"font-family: Liberation Serif, serif;\"><span style=\"font-size: medium;\">L<\/span><\/span><span style=\"font-family: Liberation Serif, serif;\"><span style=\"font-size: medium;\">amentou o IVA, pois \u201c<\/span><\/span><span style=\"font-family: Liberation Serif, serif;\"><span style=\"font-size: medium;\"><i><b>por<\/b><\/i><\/span><\/span><span style=\"font-family: Liberation Serif, serif;\"><span style=\"font-size: medium;\"><i><b> exemplo, o IVA das exposi\u00e7\u00f5es em Portugal \u00e9 23%. Mas \u00e9 o IVA das exposi\u00e7\u00f5es organizadas por privados, porque h\u00e1 uma excep\u00e7\u00e3o no c\u00f3digo do IVA, porque se o estado organizar exposi\u00e7\u00f5es o IVA \u00e9 0. Portanto isto \u00e9 logo um p\u00e9ssimo principio de concorr\u00eancia desleal. Isto quase que faz lembrar o Estado Novo, porque assim o Estado acaba por impor a sua pr\u00f3pria cultura. <\/b><\/i><\/span><\/span><span style=\"font-family: Liberation Serif, serif;\"><span style=\"font-size: medium;\"><i><b>Acaba por ser uma forma de controlar a cultura e a cultura deve ser livre. E est\u00e1 consagrada na constitui\u00e7\u00e3o como tal<\/b><\/i><\/span><\/span><span style=\"font-family: Liberation Serif, serif;\"><span style=\"font-size: medium;\">\u201d.<\/span><\/span><\/p>\n<p><span style=\"font-family: Liberation Serif, serif;\"><span style=\"font-size: medium;\">Destacou a dificuldade em trazer Harry Potter a Portugal, porque \u201c<\/span><\/span><span style=\"font-family: Liberation Serif, serif;\"><span style=\"font-size: medium;\"><i><b>h\u00e1 muitas cidades e muito interesse. H\u00e1 pa\u00edses em que as parcerias p\u00fablico-privadas s\u00e3o muito mais eficazes e as pessoas trabalham mais de m\u00e3o dada para conseguirem ter uma oferta diferenciadora. Aqui n\u00e3o vou dizer que estamos de costas voltadas, mas o estado muitas vezes ainda pensa que \u00e9 omnipresente e que gosta de fazer as coisas sozinho e isso \u00e0s vezes torna as coisas dif\u00edceis<\/b><\/i><\/span><\/span><span style=\"font-family: Liberation Serif, serif;\"><span style=\"font-size: medium;\">\u201d. <\/span><\/span><\/p>\n<p><span style=\"font-family: Liberation Serif, serif;\"><span style=\"font-size: medium;\">A exposi\u00e7\u00e3o estar\u00e1 patente at\u00e9 dia 8 de Abril de 2020.<\/span><\/span><\/p>\n<p><span style=\"color: #444444;\"><span style=\"font-family: Liberation Serif, serif;\"><span style=\"font-size: medium;\"><b><strong>PRE\u00c7OS<\/strong><\/b><\/span><\/span><\/span><\/p>\n<p><span style=\"color: #444444;\"><span style=\"font-family: Liberation Serif, serif;\"><span style=\"font-size: medium;\"><b>(De segunda a sexta-feira)<\/b><\/span><\/span><\/span><\/p>\n<p><span style=\"color: #444444;\"><span style=\"font-family: Liberation Serif, serif;\"><span style=\"font-size: medium;\">Entrada geral * 16\u20ac<\/span><\/span><\/span><\/p>\n<p><span style=\"color: #444444;\"><span style=\"font-family: Liberation Serif, serif;\"><span style=\"font-size: medium;\">Crian\u00e7as (at\u00e9 aos 12 anos) * 12\u20ac<\/span><\/span><\/span><\/p>\n<p><span style=\"color: #444444;\"><span style=\"font-family: Liberation Serif, serif;\"><span style=\"font-size: medium;\">Fam\u00edlia I (2 adultos + 1 crian\u00e7a at\u00e9 aos 12 anos) * 38\u20ac<\/span><\/span><\/span><\/p>\n<p><span style=\"color: #444444;\"><span style=\"font-family: Liberation Serif, serif;\"><span style=\"font-size: medium;\">Fam\u00edlia II (2 adultos + 2 crian\u00e7as at\u00e9 aos 12 anos) * 44\u20ac<\/span><\/span><\/span><\/p>\n<p><span style=\"color: #444444;\"><span style=\"font-family: Liberation Serif, serif;\"><span style=\"font-size: medium;\"><b>(s\u00e1bado e domingo)<\/b><\/span><\/span><\/span><\/p>\n<p><span style=\"color: #444444;\"><span style=\"font-family: Liberation Serif, serif;\"><span style=\"font-size: medium;\">Entrada geral * 19\u20ac<\/span><\/span><\/span><\/p>\n<p><span style=\"color: #444444;\"><span style=\"font-family: Liberation Serif, serif;\"><span style=\"font-size: medium;\">Crian\u00e7as (at\u00e9 aos 12 anos) * 15\u20ac<\/span><\/span><\/span><\/p>\n<p><span style=\"color: #444444;\"><span style=\"font-family: Liberation Serif, serif;\"><span style=\"font-size: medium;\">Fam\u00edlia I (2 adultos + 1 crian\u00e7a at\u00e9 aos 12 anos) * 45\u20ac<\/span><\/span><\/span><\/p>\n<p><span style=\"color: #444444;\"><span style=\"font-family: Liberation Serif, serif;\"><span style=\"font-size: medium;\">Fam\u00edlia II (2 adultos + 2 crian\u00e7as at\u00e9 aos 12 anos) * 52\u20ac<\/span><\/span><\/span><\/p>\n<p><span style=\"color: #444444;\"><span style=\"font-family: Liberation Serif, serif;\"><span style=\"font-size: medium;\"><b>Hor\u00e1rios<\/b><\/span><\/span><\/span><\/p>\n<p><span style=\"color: #444444;\"><span style=\"font-family: Liberation Serif, serif;\"><span style=\"font-size: medium;\">De segunda a quinta-feira das 10:00 \u00e0s 19:00<\/span><\/span><\/span><\/p>\n<p><span style=\"color: #444444;\"><span style=\"font-family: Liberation Serif, serif;\"><span style=\"font-size: medium;\">De sexta-feira a domingo das 10:00 \u00e0s 20:30<\/span><\/span><\/span><\/p>\n<p><span style=\"color: #444444;\"><span style=\"font-family: Liberation Serif, serif;\"><span style=\"font-size: medium;\">A Everything is New aconselha a compra de bilhetes apenas nos pontos de venda oficiais referidos na lista abaixo:<\/span><\/span><\/span><\/p>\n<p><span style=\"color: #444444;\"><span style=\"font-family: Liberation Serif, serif;\"><span style=\"font-size: medium;\">Locais de venda:\u00a0<\/span><\/span><\/span><span style=\"color: #b03000;\"><span style=\"font-family: Liberation Serif, serif;\"><span style=\"font-size: medium;\"><a href=\"http:\/\/harrypotterexhibition.pt\/\" target=\"_blank\" rel=\"noopener noreferrer\">harrypotterexhibition.pt<\/a><\/span><\/span><\/span><span style=\"color: #444444;\"><span style=\"font-family: Liberation Serif, serif;\"><span style=\"font-size: medium;\">, FNAC, Worten, CTT, El Corte Ingl\u00e9s e\u00a0<\/span><\/span><\/span><span style=\"color: #b03000;\"><span style=\"font-family: Liberation Serif, serif;\"><span style=\"font-size: medium;\"><a href=\"http:\/\/everythingisnew.pt\/\" target=\"_blank\" rel=\"noopener noreferrer\">everythingisnew.pt<\/a><\/span><\/span><\/span><\/p>\n","protected":false},"excerpt":{"rendered":"<p>&nbsp; Foi hoje apresentada \u00e0 imprensa a exposi\u00e7\u00e3o Harry Potter, que estar\u00e1 patente no Pavilh\u00e3o de Portugal, a partir de 16 de Novembro.<\/p>\n","protected":false},"author":2,"featured_media":62364,"comment_status":"open","ping_status":"closed","sticky":false,"template":"","format":"standard","meta":{"footnotes":""},"categories":[10,2,36,9,4123,13],"tags":[419,3926,3877],"class_list":["post-62363","post","type-post","status-publish","format-standard","has-post-thumbnail","hentry","category-actualidade","category-cultura","category-destaque","category-outros","category-reportagens-actualidade","category-turismo","tag-alvaro-covoes","tag-harry-potter","tag-pavilhao-de-portugal"],"yoast_head":"<!-- This site is optimized with the Yoast SEO plugin v27.5 - https:\/\/yoast.com\/product\/yoast-seo-wordpress\/ -->\n<title>\u00c1lvaro Cov\u00f5es e Harry Potter The Exhibition: &quot;Queremos que os turistas repitam a visita e fiquem mais tempo&quot; | Infocul.pt - Arquivo Digital<\/title>\n<meta name=\"description\" content=\"\u00c1lvaro Cov\u00f5es e Harry Potter The Exhibition: &quot;Queremos que os turistas repitam a visita e fiquem mais tempo&quot; | Infocul.pt - Arquivo Digital\" \/>\n<meta name=\"robots\" content=\"noindex, follow, max-snippet:-1, max-image-preview:large, max-video-preview:-1\" \/>\n<meta property=\"og:locale\" content=\"pt_PT\" \/>\n<meta property=\"og:type\" content=\"article\" \/>\n<meta property=\"og:title\" content=\"\u00c1lvaro Cov\u00f5es e Harry Potter The Exhibition: &quot;Queremos que os turistas repitam a visita e fiquem mais tempo&quot; | Infocul.pt - Arquivo Digital\" \/>\n<meta property=\"og:description\" content=\"\u00c1lvaro Cov\u00f5es e Harry Potter The Exhibition: &quot;Queremos que os turistas repitam a visita e fiquem mais tempo&quot; | Infocul.pt - Arquivo Digital\" \/>\n<meta property=\"og:url\" content=\"https:\/\/infocul.pt\/arquivo\/actualidade\/alvaro-covoes-e-harry-potter-the-exhibition-queremos-que-os-turistas-repitam-a-visita-e-fiquem-mais-tempo\/\" \/>\n<meta property=\"og:site_name\" content=\"Infocul.pt - Arquivo Digital\" \/>\n<meta property=\"article:publisher\" content=\"https:\/\/www.facebook.com\/Infocul-147816815585015\/\" \/>\n<meta property=\"article:published_time\" content=\"2019-11-14T16:05:12+00:00\" \/>\n<meta property=\"article:modified_time\" content=\"2019-11-14T16:12:40+00:00\" \/>\n<meta property=\"og:image\" content=\"https:\/\/infocul.pt\/arquivo\/wp-content\/uploads\/2019\/11\/Harry-Potter.png\" \/>\n\t<meta property=\"og:image:width\" content=\"1024\" \/>\n\t<meta property=\"og:image:height\" content=\"390\" \/>\n\t<meta property=\"og:image:type\" content=\"image\/png\" \/>\n<meta name=\"author\" content=\"Rui Lavrador\" \/>\n<meta name=\"twitter:card\" content=\"summary_large_image\" \/>\n<meta name=\"twitter:creator\" content=\"@Infoculpt\" \/>\n<meta name=\"twitter:site\" content=\"@Infoculpt\" \/>\n<meta name=\"twitter:label1\" content=\"Escrito por\" \/>\n\t<meta name=\"twitter:data1\" content=\"Rui Lavrador\" \/>\n\t<meta name=\"twitter:label2\" content=\"Tempo estimado de leitura\" \/>\n\t<meta name=\"twitter:data2\" content=\"4 minutos\" \/>\n<script type=\"application\/ld+json\" class=\"yoast-schema-graph\">{\"@context\":\"https:\\\/\\\/schema.org\",\"@graph\":[{\"@type\":\"Article\",\"@id\":\"https:\\\/\\\/infocul.pt\\\/arquivo\\\/actualidade\\\/alvaro-covoes-e-harry-potter-the-exhibition-queremos-que-os-turistas-repitam-a-visita-e-fiquem-mais-tempo\\\/#article\",\"isPartOf\":{\"@id\":\"https:\\\/\\\/infocul.pt\\\/arquivo\\\/actualidade\\\/alvaro-covoes-e-harry-potter-the-exhibition-queremos-que-os-turistas-repitam-a-visita-e-fiquem-mais-tempo\\\/\"},\"author\":{\"name\":\"Rui Lavrador\",\"@id\":\"https:\\\/\\\/infocul.pt\\\/arquivo\\\/#\\\/schema\\\/person\\\/060a108d7f2d85fc6aae505119ee5234\"},\"headline\":\"\u00c1lvaro Cov\u00f5es e Harry Potter The Exhibition: &#8220;Queremos que os turistas repitam a visita e fiquem mais tempo&#8221;\",\"datePublished\":\"2019-11-14T16:05:12+00:00\",\"dateModified\":\"2019-11-14T16:12:40+00:00\",\"mainEntityOfPage\":{\"@id\":\"https:\\\/\\\/infocul.pt\\\/arquivo\\\/actualidade\\\/alvaro-covoes-e-harry-potter-the-exhibition-queremos-que-os-turistas-repitam-a-visita-e-fiquem-mais-tempo\\\/\"},\"wordCount\":825,\"commentCount\":0,\"publisher\":{\"@id\":\"https:\\\/\\\/infocul.pt\\\/arquivo\\\/#organization\"},\"image\":{\"@id\":\"https:\\\/\\\/infocul.pt\\\/arquivo\\\/actualidade\\\/alvaro-covoes-e-harry-potter-the-exhibition-queremos-que-os-turistas-repitam-a-visita-e-fiquem-mais-tempo\\\/#primaryimage\"},\"thumbnailUrl\":\"https:\\\/\\\/infocul.pt\\\/arquivo\\\/wp-content\\\/uploads\\\/2019\\\/11\\\/Harry-Potter.png\",\"keywords\":[\"Alvaro Cov\u00f5es\",\"Harry Potter\",\"Pavilh\u00e3o de Portugal\"],\"articleSection\":[\"Actualidade\",\"Cultura\",\"Destaque\",\"Outros\",\"Reportagens\",\"Turismo\"],\"inLanguage\":\"pt-PT\"},{\"@type\":\"WebPage\",\"@id\":\"https:\\\/\\\/infocul.pt\\\/arquivo\\\/actualidade\\\/alvaro-covoes-e-harry-potter-the-exhibition-queremos-que-os-turistas-repitam-a-visita-e-fiquem-mais-tempo\\\/\",\"url\":\"https:\\\/\\\/infocul.pt\\\/arquivo\\\/actualidade\\\/alvaro-covoes-e-harry-potter-the-exhibition-queremos-que-os-turistas-repitam-a-visita-e-fiquem-mais-tempo\\\/\",\"name\":\"\u00c1lvaro Cov\u00f5es e Harry Potter The Exhibition: \\\"Queremos que os turistas repitam a visita e fiquem mais tempo\\\" | Infocul.pt - Arquivo Digital\",\"isPartOf\":{\"@id\":\"https:\\\/\\\/infocul.pt\\\/arquivo\\\/#website\"},\"primaryImageOfPage\":{\"@id\":\"https:\\\/\\\/infocul.pt\\\/arquivo\\\/actualidade\\\/alvaro-covoes-e-harry-potter-the-exhibition-queremos-que-os-turistas-repitam-a-visita-e-fiquem-mais-tempo\\\/#primaryimage\"},\"image\":{\"@id\":\"https:\\\/\\\/infocul.pt\\\/arquivo\\\/actualidade\\\/alvaro-covoes-e-harry-potter-the-exhibition-queremos-que-os-turistas-repitam-a-visita-e-fiquem-mais-tempo\\\/#primaryimage\"},\"thumbnailUrl\":\"https:\\\/\\\/infocul.pt\\\/arquivo\\\/wp-content\\\/uploads\\\/2019\\\/11\\\/Harry-Potter.png\",\"datePublished\":\"2019-11-14T16:05:12+00:00\",\"dateModified\":\"2019-11-14T16:12:40+00:00\",\"description\":\"\u00c1lvaro Cov\u00f5es e Harry Potter The Exhibition: \\\"Queremos que os turistas repitam a visita e fiquem mais tempo\\\" | Infocul.pt - Arquivo Digital\",\"breadcrumb\":{\"@id\":\"https:\\\/\\\/infocul.pt\\\/arquivo\\\/actualidade\\\/alvaro-covoes-e-harry-potter-the-exhibition-queremos-que-os-turistas-repitam-a-visita-e-fiquem-mais-tempo\\\/#breadcrumb\"},\"inLanguage\":\"pt-PT\",\"potentialAction\":[{\"@type\":\"ReadAction\",\"target\":[\"https:\\\/\\\/infocul.pt\\\/arquivo\\\/actualidade\\\/alvaro-covoes-e-harry-potter-the-exhibition-queremos-que-os-turistas-repitam-a-visita-e-fiquem-mais-tempo\\\/\"]}]},{\"@type\":\"ImageObject\",\"inLanguage\":\"pt-PT\",\"@id\":\"https:\\\/\\\/infocul.pt\\\/arquivo\\\/actualidade\\\/alvaro-covoes-e-harry-potter-the-exhibition-queremos-que-os-turistas-repitam-a-visita-e-fiquem-mais-tempo\\\/#primaryimage\",\"url\":\"https:\\\/\\\/infocul.pt\\\/arquivo\\\/wp-content\\\/uploads\\\/2019\\\/11\\\/Harry-Potter.png\",\"contentUrl\":\"https:\\\/\\\/infocul.pt\\\/arquivo\\\/wp-content\\\/uploads\\\/2019\\\/11\\\/Harry-Potter.png\",\"width\":1024,\"height\":390},{\"@type\":\"BreadcrumbList\",\"@id\":\"https:\\\/\\\/infocul.pt\\\/arquivo\\\/actualidade\\\/alvaro-covoes-e-harry-potter-the-exhibition-queremos-que-os-turistas-repitam-a-visita-e-fiquem-mais-tempo\\\/#breadcrumb\",\"itemListElement\":[{\"@type\":\"ListItem\",\"position\":1,\"name\":\"Home\",\"item\":\"https:\\\/\\\/infocul.pt\\\/arquivo\\\/\"},{\"@type\":\"ListItem\",\"position\":2,\"name\":\"\u00c1lvaro Cov\u00f5es e Harry Potter The Exhibition: &#8220;Queremos que os turistas repitam a visita e fiquem mais tempo&#8221;\"}]},{\"@type\":\"WebSite\",\"@id\":\"https:\\\/\\\/infocul.pt\\\/arquivo\\\/#website\",\"url\":\"https:\\\/\\\/infocul.pt\\\/arquivo\\\/\",\"name\":\"Infocul.pt - Arquivo Digital\",\"description\":\"Arquivo digital da Infocul.pt\",\"publisher\":{\"@id\":\"https:\\\/\\\/infocul.pt\\\/arquivo\\\/#organization\"},\"potentialAction\":[{\"@type\":\"SearchAction\",\"target\":{\"@type\":\"EntryPoint\",\"urlTemplate\":\"https:\\\/\\\/infocul.pt\\\/arquivo\\\/?s={search_term_string}\"},\"query-input\":{\"@type\":\"PropertyValueSpecification\",\"valueRequired\":true,\"valueName\":\"search_term_string\"}}],\"inLanguage\":\"pt-PT\"},{\"@type\":\"Organization\",\"@id\":\"https:\\\/\\\/infocul.pt\\\/arquivo\\\/#organization\",\"name\":\"Infocul.pt\",\"url\":\"https:\\\/\\\/infocul.pt\\\/arquivo\\\/\",\"logo\":{\"@type\":\"ImageObject\",\"inLanguage\":\"pt-PT\",\"@id\":\"https:\\\/\\\/infocul.pt\\\/arquivo\\\/#\\\/schema\\\/logo\\\/image\\\/\",\"url\":\"https:\\\/\\\/infocul.pt\\\/arquivo\\\/wp-content\\\/uploads\\\/2018\\\/12\\\/Infocul_logo-1.png\",\"contentUrl\":\"https:\\\/\\\/infocul.pt\\\/arquivo\\\/wp-content\\\/uploads\\\/2018\\\/12\\\/Infocul_logo-1.png\",\"width\":800,\"height\":800,\"caption\":\"Infocul.pt\"},\"image\":{\"@id\":\"https:\\\/\\\/infocul.pt\\\/arquivo\\\/#\\\/schema\\\/logo\\\/image\\\/\"},\"sameAs\":[\"https:\\\/\\\/www.facebook.com\\\/Infocul-147816815585015\\\/\",\"https:\\\/\\\/x.com\\\/Infoculpt\",\"http:\\\/\\\/www.pictaram.com\\\/user\\\/infocul.pt\\\/2370423710\",\"https:\\\/\\\/www.youtube.com\\\/channel\\\/UCYEB91AGI9FL9ek2i_IaQAA\"]},{\"@type\":\"Person\",\"@id\":\"https:\\\/\\\/infocul.pt\\\/arquivo\\\/#\\\/schema\\\/person\\\/060a108d7f2d85fc6aae505119ee5234\",\"name\":\"Rui Lavrador\",\"image\":{\"@type\":\"ImageObject\",\"inLanguage\":\"pt-PT\",\"@id\":\"https:\\\/\\\/secure.gravatar.com\\\/avatar\\\/93febd6873394aa8e975148548a0cb203acfdd42d2c85c5f1408e1a76678aece?s=96&d=mm&r=g\",\"url\":\"https:\\\/\\\/secure.gravatar.com\\\/avatar\\\/93febd6873394aa8e975148548a0cb203acfdd42d2c85c5f1408e1a76678aece?s=96&d=mm&r=g\",\"contentUrl\":\"https:\\\/\\\/secure.gravatar.com\\\/avatar\\\/93febd6873394aa8e975148548a0cb203acfdd42d2c85c5f1408e1a76678aece?s=96&d=mm&r=g\",\"caption\":\"Rui Lavrador\"},\"description\":\"Iniciou em 2011 o seu percurso em comunica\u00e7\u00e3o social, tendo integrado v\u00e1rios projectos editoriais. Durante o seu percurso integrou projectos como Jornal Hardm\u00fasica, LusoNot\u00edcias, Toureio.pt, ODigital.pt, entre outros \u00d3rg\u00e3os de Comunica\u00e7\u00e3o Social nacionais, na redac\u00e7\u00e3o de v\u00e1rios artigos. Entrevistou a grande maioria das personalidades mais importantes da vida social e cultural do pa\u00eds, destacando-se, tamb\u00e9m, na aprecia\u00e7\u00e3o de v\u00e1rios espect\u00e1culos. Durante o seu percurso, deu a conhecer v\u00e1rios artistas, at\u00e9 ent\u00e3o desconhecidos, ao grande p\u00fablico. Em 2015 criou e fundou o Infocul.pt, projecto no qual assume a direc\u00e7\u00e3o editorial.\",\"sameAs\":[\"http:\\\/\\\/www.infocul.pt\"]}]}<\/script>\n<!-- \/ Yoast SEO plugin. -->","yoast_head_json":{"title":"\u00c1lvaro Cov\u00f5es e Harry Potter The Exhibition: \"Queremos que os turistas repitam a visita e fiquem mais tempo\" | Infocul.pt - Arquivo Digital","description":"\u00c1lvaro Cov\u00f5es e Harry Potter The Exhibition: \"Queremos que os turistas repitam a visita e fiquem mais tempo\" | Infocul.pt - Arquivo Digital","robots":{"index":"noindex","follow":"follow","max-snippet":"max-snippet:-1","max-image-preview":"max-image-preview:large","max-video-preview":"max-video-preview:-1"},"og_locale":"pt_PT","og_type":"article","og_title":"\u00c1lvaro Cov\u00f5es e Harry Potter The Exhibition: \"Queremos que os turistas repitam a visita e fiquem mais tempo\" | Infocul.pt - Arquivo Digital","og_description":"\u00c1lvaro Cov\u00f5es e Harry Potter The Exhibition: \"Queremos que os turistas repitam a visita e fiquem mais tempo\" | Infocul.pt - Arquivo Digital","og_url":"https:\/\/infocul.pt\/arquivo\/actualidade\/alvaro-covoes-e-harry-potter-the-exhibition-queremos-que-os-turistas-repitam-a-visita-e-fiquem-mais-tempo\/","og_site_name":"Infocul.pt - Arquivo Digital","article_publisher":"https:\/\/www.facebook.com\/Infocul-147816815585015\/","article_published_time":"2019-11-14T16:05:12+00:00","article_modified_time":"2019-11-14T16:12:40+00:00","og_image":[{"width":1024,"height":390,"url":"https:\/\/infocul.pt\/arquivo\/wp-content\/uploads\/2019\/11\/Harry-Potter.png","type":"image\/png"}],"author":"Rui Lavrador","twitter_card":"summary_large_image","twitter_creator":"@Infoculpt","twitter_site":"@Infoculpt","twitter_misc":{"Escrito por":"Rui Lavrador","Tempo estimado de leitura":"4 minutos"},"schema":{"@context":"https:\/\/schema.org","@graph":[{"@type":"Article","@id":"https:\/\/infocul.pt\/arquivo\/actualidade\/alvaro-covoes-e-harry-potter-the-exhibition-queremos-que-os-turistas-repitam-a-visita-e-fiquem-mais-tempo\/#article","isPartOf":{"@id":"https:\/\/infocul.pt\/arquivo\/actualidade\/alvaro-covoes-e-harry-potter-the-exhibition-queremos-que-os-turistas-repitam-a-visita-e-fiquem-mais-tempo\/"},"author":{"name":"Rui Lavrador","@id":"https:\/\/infocul.pt\/arquivo\/#\/schema\/person\/060a108d7f2d85fc6aae505119ee5234"},"headline":"\u00c1lvaro Cov\u00f5es e Harry Potter The Exhibition: &#8220;Queremos que os turistas repitam a visita e fiquem mais tempo&#8221;","datePublished":"2019-11-14T16:05:12+00:00","dateModified":"2019-11-14T16:12:40+00:00","mainEntityOfPage":{"@id":"https:\/\/infocul.pt\/arquivo\/actualidade\/alvaro-covoes-e-harry-potter-the-exhibition-queremos-que-os-turistas-repitam-a-visita-e-fiquem-mais-tempo\/"},"wordCount":825,"commentCount":0,"publisher":{"@id":"https:\/\/infocul.pt\/arquivo\/#organization"},"image":{"@id":"https:\/\/infocul.pt\/arquivo\/actualidade\/alvaro-covoes-e-harry-potter-the-exhibition-queremos-que-os-turistas-repitam-a-visita-e-fiquem-mais-tempo\/#primaryimage"},"thumbnailUrl":"https:\/\/infocul.pt\/arquivo\/wp-content\/uploads\/2019\/11\/Harry-Potter.png","keywords":["Alvaro Cov\u00f5es","Harry Potter","Pavilh\u00e3o de Portugal"],"articleSection":["Actualidade","Cultura","Destaque","Outros","Reportagens","Turismo"],"inLanguage":"pt-PT"},{"@type":"WebPage","@id":"https:\/\/infocul.pt\/arquivo\/actualidade\/alvaro-covoes-e-harry-potter-the-exhibition-queremos-que-os-turistas-repitam-a-visita-e-fiquem-mais-tempo\/","url":"https:\/\/infocul.pt\/arquivo\/actualidade\/alvaro-covoes-e-harry-potter-the-exhibition-queremos-que-os-turistas-repitam-a-visita-e-fiquem-mais-tempo\/","name":"\u00c1lvaro Cov\u00f5es e Harry Potter The Exhibition: \"Queremos que os turistas repitam a visita e fiquem mais tempo\" | Infocul.pt - Arquivo Digital","isPartOf":{"@id":"https:\/\/infocul.pt\/arquivo\/#website"},"primaryImageOfPage":{"@id":"https:\/\/infocul.pt\/arquivo\/actualidade\/alvaro-covoes-e-harry-potter-the-exhibition-queremos-que-os-turistas-repitam-a-visita-e-fiquem-mais-tempo\/#primaryimage"},"image":{"@id":"https:\/\/infocul.pt\/arquivo\/actualidade\/alvaro-covoes-e-harry-potter-the-exhibition-queremos-que-os-turistas-repitam-a-visita-e-fiquem-mais-tempo\/#primaryimage"},"thumbnailUrl":"https:\/\/infocul.pt\/arquivo\/wp-content\/uploads\/2019\/11\/Harry-Potter.png","datePublished":"2019-11-14T16:05:12+00:00","dateModified":"2019-11-14T16:12:40+00:00","description":"\u00c1lvaro Cov\u00f5es e Harry Potter The Exhibition: \"Queremos que os turistas repitam a visita e fiquem mais tempo\" | Infocul.pt - Arquivo Digital","breadcrumb":{"@id":"https:\/\/infocul.pt\/arquivo\/actualidade\/alvaro-covoes-e-harry-potter-the-exhibition-queremos-que-os-turistas-repitam-a-visita-e-fiquem-mais-tempo\/#breadcrumb"},"inLanguage":"pt-PT","potentialAction":[{"@type":"ReadAction","target":["https:\/\/infocul.pt\/arquivo\/actualidade\/alvaro-covoes-e-harry-potter-the-exhibition-queremos-que-os-turistas-repitam-a-visita-e-fiquem-mais-tempo\/"]}]},{"@type":"ImageObject","inLanguage":"pt-PT","@id":"https:\/\/infocul.pt\/arquivo\/actualidade\/alvaro-covoes-e-harry-potter-the-exhibition-queremos-que-os-turistas-repitam-a-visita-e-fiquem-mais-tempo\/#primaryimage","url":"https:\/\/infocul.pt\/arquivo\/wp-content\/uploads\/2019\/11\/Harry-Potter.png","contentUrl":"https:\/\/infocul.pt\/arquivo\/wp-content\/uploads\/2019\/11\/Harry-Potter.png","width":1024,"height":390},{"@type":"BreadcrumbList","@id":"https:\/\/infocul.pt\/arquivo\/actualidade\/alvaro-covoes-e-harry-potter-the-exhibition-queremos-que-os-turistas-repitam-a-visita-e-fiquem-mais-tempo\/#breadcrumb","itemListElement":[{"@type":"ListItem","position":1,"name":"Home","item":"https:\/\/infocul.pt\/arquivo\/"},{"@type":"ListItem","position":2,"name":"\u00c1lvaro Cov\u00f5es e Harry Potter The Exhibition: &#8220;Queremos que os turistas repitam a visita e fiquem mais tempo&#8221;"}]},{"@type":"WebSite","@id":"https:\/\/infocul.pt\/arquivo\/#website","url":"https:\/\/infocul.pt\/arquivo\/","name":"Infocul.pt - Arquivo Digital","description":"Arquivo digital da Infocul.pt","publisher":{"@id":"https:\/\/infocul.pt\/arquivo\/#organization"},"potentialAction":[{"@type":"SearchAction","target":{"@type":"EntryPoint","urlTemplate":"https:\/\/infocul.pt\/arquivo\/?s={search_term_string}"},"query-input":{"@type":"PropertyValueSpecification","valueRequired":true,"valueName":"search_term_string"}}],"inLanguage":"pt-PT"},{"@type":"Organization","@id":"https:\/\/infocul.pt\/arquivo\/#organization","name":"Infocul.pt","url":"https:\/\/infocul.pt\/arquivo\/","logo":{"@type":"ImageObject","inLanguage":"pt-PT","@id":"https:\/\/infocul.pt\/arquivo\/#\/schema\/logo\/image\/","url":"https:\/\/infocul.pt\/arquivo\/wp-content\/uploads\/2018\/12\/Infocul_logo-1.png","contentUrl":"https:\/\/infocul.pt\/arquivo\/wp-content\/uploads\/2018\/12\/Infocul_logo-1.png","width":800,"height":800,"caption":"Infocul.pt"},"image":{"@id":"https:\/\/infocul.pt\/arquivo\/#\/schema\/logo\/image\/"},"sameAs":["https:\/\/www.facebook.com\/Infocul-147816815585015\/","https:\/\/x.com\/Infoculpt","http:\/\/www.pictaram.com\/user\/infocul.pt\/2370423710","https:\/\/www.youtube.com\/channel\/UCYEB91AGI9FL9ek2i_IaQAA"]},{"@type":"Person","@id":"https:\/\/infocul.pt\/arquivo\/#\/schema\/person\/060a108d7f2d85fc6aae505119ee5234","name":"Rui Lavrador","image":{"@type":"ImageObject","inLanguage":"pt-PT","@id":"https:\/\/secure.gravatar.com\/avatar\/93febd6873394aa8e975148548a0cb203acfdd42d2c85c5f1408e1a76678aece?s=96&d=mm&r=g","url":"https:\/\/secure.gravatar.com\/avatar\/93febd6873394aa8e975148548a0cb203acfdd42d2c85c5f1408e1a76678aece?s=96&d=mm&r=g","contentUrl":"https:\/\/secure.gravatar.com\/avatar\/93febd6873394aa8e975148548a0cb203acfdd42d2c85c5f1408e1a76678aece?s=96&d=mm&r=g","caption":"Rui Lavrador"},"description":"Iniciou em 2011 o seu percurso em comunica\u00e7\u00e3o social, tendo integrado v\u00e1rios projectos editoriais. Durante o seu percurso integrou projectos como Jornal Hardm\u00fasica, LusoNot\u00edcias, Toureio.pt, ODigital.pt, entre outros \u00d3rg\u00e3os de Comunica\u00e7\u00e3o Social nacionais, na redac\u00e7\u00e3o de v\u00e1rios artigos. Entrevistou a grande maioria das personalidades mais importantes da vida social e cultural do pa\u00eds, destacando-se, tamb\u00e9m, na aprecia\u00e7\u00e3o de v\u00e1rios espect\u00e1culos. Durante o seu percurso, deu a conhecer v\u00e1rios artistas, at\u00e9 ent\u00e3o desconhecidos, ao grande p\u00fablico. Em 2015 criou e fundou o Infocul.pt, projecto no qual assume a direc\u00e7\u00e3o editorial.","sameAs":["http:\/\/www.infocul.pt"]}]}},"_links":{"self":[{"href":"https:\/\/infocul.pt\/arquivo\/wp-json\/wp\/v2\/posts\/62363","targetHints":{"allow":["GET"]}}],"collection":[{"href":"https:\/\/infocul.pt\/arquivo\/wp-json\/wp\/v2\/posts"}],"about":[{"href":"https:\/\/infocul.pt\/arquivo\/wp-json\/wp\/v2\/types\/post"}],"author":[{"embeddable":true,"href":"https:\/\/infocul.pt\/arquivo\/wp-json\/wp\/v2\/users\/2"}],"replies":[{"embeddable":true,"href":"https:\/\/infocul.pt\/arquivo\/wp-json\/wp\/v2\/comments?post=62363"}],"version-history":[{"count":0,"href":"https:\/\/infocul.pt\/arquivo\/wp-json\/wp\/v2\/posts\/62363\/revisions"}],"wp:featuredmedia":[{"embeddable":true,"href":"https:\/\/infocul.pt\/arquivo\/wp-json\/wp\/v2\/media\/62364"}],"wp:attachment":[{"href":"https:\/\/infocul.pt\/arquivo\/wp-json\/wp\/v2\/media?parent=62363"}],"wp:term":[{"taxonomy":"category","embeddable":true,"href":"https:\/\/infocul.pt\/arquivo\/wp-json\/wp\/v2\/categories?post=62363"},{"taxonomy":"post_tag","embeddable":true,"href":"https:\/\/infocul.pt\/arquivo\/wp-json\/wp\/v2\/tags?post=62363"}],"curies":[{"name":"wp","href":"https:\/\/api.w.org\/{rel}","templated":true}]}}