{"id":62571,"date":"2019-11-19T17:04:20","date_gmt":"2019-11-19T17:04:20","guid":{"rendered":"https:\/\/infocul.pt\/?p=62571"},"modified":"2019-11-19T17:08:21","modified_gmt":"2019-11-19T17:08:21","slug":"mirandela-prisao-preventiva-para-casal-que-roubou-residencia","status":"publish","type":"post","link":"https:\/\/infocul.pt\/arquivo\/actualidade\/mirandela-prisao-preventiva-para-casal-que-roubou-residencia\/","title":{"rendered":"Mirandela: Pris\u00e3o preventiva para casal que roubou resid\u00eancia"},"content":{"rendered":"<p><img decoding=\"async\" class=\"aligncenter wp-image-62572 size-large lazyload\" data-src=\"https:\/\/infocul.pt\/arquivo\/wp-content\/uploads\/2019\/11\/GNR-Bragan\u00e7a-Apreens\u00e3o-1024x768.jpg\" alt=\"\" width=\"800\" height=\"600\" data-srcset=\"https:\/\/infocul.pt\/arquivo\/wp-content\/uploads\/2019\/11\/GNR-Bragan\u00e7a-Apreens\u00e3o-1024x768.jpg 1024w, https:\/\/infocul.pt\/arquivo\/wp-content\/uploads\/2019\/11\/GNR-Bragan\u00e7a-Apreens\u00e3o-300x225.jpg 300w, https:\/\/infocul.pt\/arquivo\/wp-content\/uploads\/2019\/11\/GNR-Bragan\u00e7a-Apreens\u00e3o-768x576.jpg 768w, https:\/\/infocul.pt\/arquivo\/wp-content\/uploads\/2019\/11\/GNR-Bragan\u00e7a-Apreens\u00e3o.jpg 1500w\" data-sizes=\"(max-width: 800px) 100vw, 800px\" src=\"data:image\/svg+xml;base64,PHN2ZyB3aWR0aD0iMSIgaGVpZ2h0PSIxIiB4bWxucz0iaHR0cDovL3d3dy53My5vcmcvMjAwMC9zdmciPjwvc3ZnPg==\" style=\"--smush-placeholder-width: 800px; --smush-placeholder-aspect-ratio: 800\/600;\" \/><\/p>\n<p><span style=\"color: #333333;\"><span style=\"font-family: Liberation Serif, serif;\"><span style=\"font-size: medium;\">O Comando Territorial de Bragan\u00e7a, atrav\u00e9s do N\u00facleo de Investiga\u00e7\u00e3o Criminal de Mirandela, ontem, dia 18 de novembro, deteve um casal de 40 anos, pelo crime de furto em resid\u00eancia, em Mirandela.<\/span><\/span><\/span><!--more--><\/p>\n<p><span style=\"color: #333333;\"><span style=\"font-family: Liberation Serif, serif;\"><span style=\"font-size: medium;\">No \u00e2mbito de uma investiga\u00e7\u00e3o que decorreu durante 10 meses, despoletada pela pr\u00e1tica de 10 crimes de furto em resid\u00eancias nas localidade de Mirandela, Vila Real, Vila Nova de Gaia, Maia e Anadia, foi dado cumprimento a dois mandados de deten\u00e7\u00e3o e dois mandados de busca domiciliaria, que culminaram na deten\u00e7\u00e3o dos dois suspeitos e na apreens\u00e3o do seguinte material:<\/span><\/span><\/span><\/p>\n<p><strong><span style=\"color: #333333;\"><span style=\"font-family: Liberation Serif, serif;\"><span style=\"font-size: medium;\">Uma viatura;<\/span><\/span><\/span><\/strong><\/p>\n<p><strong><span style=\"color: #333333;\"><span style=\"font-family: Liberation Serif, serif;\"><span style=\"font-size: medium;\">29 doses de hero\u00edna;<\/span><\/span><\/span><\/strong><\/p>\n<p><strong><span style=\"color: #333333;\"><span style=\"font-family: Liberation Serif, serif;\"><span style=\"font-size: medium;\">Cinco doses de coca\u00edna;<\/span><\/span><\/span><\/strong><\/p>\n<p><strong><span style=\"color: #333333;\"><span style=\"font-family: Liberation Serif, serif;\"><span style=\"font-size: medium;\">Quatro telem\u00f3veis;<\/span><\/span><\/span><\/strong><\/p>\n<p><strong><span style=\"color: #333333;\"><span style=\"font-family: Liberation Serif, serif;\"><span style=\"font-size: medium;\">70 euros em numer\u00e1rio;<\/span><\/span><\/span><\/strong><\/p>\n<p><strong><span style=\"color: #333333;\"><span style=\"font-family: Liberation Serif, serif;\"><span style=\"font-size: medium;\">Diversos artigos de bijuteria e jogos electr\u00f3nicos.<\/span><\/span><\/span><\/strong><\/p>\n<p><span style=\"color: #333333;\"><span style=\"font-family: Liberation Serif, serif;\"><span style=\"font-size: medium;\">Os detidos foram presentes ao hoje, dia 19 de Novembro, Tribunal Judicial de Mirandela, para primeiro interrogat\u00f3rio judicial, tendo-lhes sido aplicada a medida de coa\u00e7\u00e3o de pris\u00e3o preventiva.<\/span><\/span><\/span><\/p>\n","protected":false},"excerpt":{"rendered":"<p>O Comando Territorial de Bragan\u00e7a, atrav\u00e9s do N\u00facleo de Investiga\u00e7\u00e3o Criminal de Mirandela, ontem, dia 18 de novembro, deteve um casal de 40 anos, pelo crime de furto em resid\u00eancia, em Mirandela.<\/p>\n","protected":false},"author":13,"featured_media":62572,"comment_status":"open","ping_status":"closed","sticky":false,"template":"","format":"standard","meta":{"footnotes":""},"categories":[10,11],"tags":[1138,8328],"class_list":["post-62571","post","type-post","status-publish","format-standard","has-post-thumbnail","hentry","category-actualidade","category-pais","tag-gnr","tag-mirandela"],"yoast_head":"<!-- This site is optimized with the Yoast SEO plugin v27.4 - https:\/\/yoast.com\/product\/yoast-seo-wordpress\/ -->\n<title>Mirandela: Pris\u00e3o preventiva para casal que roubou resid\u00eancia | Infocul.pt - Arquivo Digital<\/title>\n<meta name=\"description\" content=\"Mirandela: Pris\u00e3o preventiva para casal que roubou resid\u00eancia | Infocul.pt - Arquivo Digital\" \/>\n<meta name=\"robots\" content=\"noindex, follow, max-snippet:-1, max-image-preview:large, max-video-preview:-1\" \/>\n<meta property=\"og:locale\" content=\"pt_PT\" \/>\n<meta property=\"og:type\" content=\"article\" \/>\n<meta property=\"og:title\" content=\"Mirandela: Pris\u00e3o preventiva para casal que roubou resid\u00eancia | Infocul.pt - Arquivo Digital\" \/>\n<meta property=\"og:description\" content=\"Mirandela: Pris\u00e3o preventiva para casal que roubou resid\u00eancia | Infocul.pt - Arquivo Digital\" \/>\n<meta property=\"og:url\" content=\"https:\/\/infocul.pt\/arquivo\/actualidade\/mirandela-prisao-preventiva-para-casal-que-roubou-residencia\/\" \/>\n<meta property=\"og:site_name\" content=\"Infocul.pt - Arquivo Digital\" \/>\n<meta property=\"article:publisher\" content=\"https:\/\/www.facebook.com\/Infocul-147816815585015\/\" \/>\n<meta property=\"article:published_time\" content=\"2019-11-19T17:04:20+00:00\" \/>\n<meta property=\"article:modified_time\" content=\"2019-11-19T17:08:21+00:00\" \/>\n<meta property=\"og:image\" content=\"https:\/\/infocul.pt\/arquivo\/wp-content\/uploads\/2019\/11\/GNR-Bragan\u00e7a-Apreens\u00e3o.jpg\" \/>\n\t<meta property=\"og:image:width\" content=\"1500\" \/>\n\t<meta property=\"og:image:height\" content=\"1125\" \/>\n\t<meta property=\"og:image:type\" content=\"image\/jpeg\" \/>\n<meta name=\"author\" content=\"Redac\u00e7\u00e3o\" \/>\n<meta name=\"twitter:card\" content=\"summary_large_image\" \/>\n<meta name=\"twitter:creator\" content=\"@Infoculpt\" \/>\n<meta name=\"twitter:site\" content=\"@Infoculpt\" \/>\n<meta name=\"twitter:label1\" content=\"Escrito por\" \/>\n\t<meta name=\"twitter:data1\" content=\"Redac\u00e7\u00e3o\" \/>\n\t<meta name=\"twitter:label2\" content=\"Tempo estimado de leitura\" \/>\n\t<meta name=\"twitter:data2\" content=\"1 minuto\" \/>\n<script type=\"application\/ld+json\" class=\"yoast-schema-graph\">{\"@context\":\"https:\\\/\\\/schema.org\",\"@graph\":[{\"@type\":\"Article\",\"@id\":\"https:\\\/\\\/infocul.pt\\\/arquivo\\\/actualidade\\\/mirandela-prisao-preventiva-para-casal-que-roubou-residencia\\\/#article\",\"isPartOf\":{\"@id\":\"https:\\\/\\\/infocul.pt\\\/arquivo\\\/actualidade\\\/mirandela-prisao-preventiva-para-casal-que-roubou-residencia\\\/\"},\"author\":{\"name\":\"Redac\u00e7\u00e3o\",\"@id\":\"https:\\\/\\\/infocul.pt\\\/arquivo\\\/#\\\/schema\\\/person\\\/f243f45ae8d67639120a7586884f3abc\"},\"headline\":\"Mirandela: Pris\u00e3o preventiva para casal que roubou resid\u00eancia\",\"datePublished\":\"2019-11-19T17:04:20+00:00\",\"dateModified\":\"2019-11-19T17:08:21+00:00\",\"mainEntityOfPage\":{\"@id\":\"https:\\\/\\\/infocul.pt\\\/arquivo\\\/actualidade\\\/mirandela-prisao-preventiva-para-casal-que-roubou-residencia\\\/\"},\"wordCount\":165,\"commentCount\":0,\"publisher\":{\"@id\":\"https:\\\/\\\/infocul.pt\\\/arquivo\\\/#organization\"},\"image\":{\"@id\":\"https:\\\/\\\/infocul.pt\\\/arquivo\\\/actualidade\\\/mirandela-prisao-preventiva-para-casal-que-roubou-residencia\\\/#primaryimage\"},\"thumbnailUrl\":\"https:\\\/\\\/infocul.pt\\\/arquivo\\\/wp-content\\\/uploads\\\/2019\\\/11\\\/GNR-Bragan\u00e7a-Apreens\u00e3o.jpg\",\"keywords\":[\"GNR\",\"Mirandela\"],\"articleSection\":[\"Actualidade\",\"Pa\u00eds\"],\"inLanguage\":\"pt-PT\"},{\"@type\":\"WebPage\",\"@id\":\"https:\\\/\\\/infocul.pt\\\/arquivo\\\/actualidade\\\/mirandela-prisao-preventiva-para-casal-que-roubou-residencia\\\/\",\"url\":\"https:\\\/\\\/infocul.pt\\\/arquivo\\\/actualidade\\\/mirandela-prisao-preventiva-para-casal-que-roubou-residencia\\\/\",\"name\":\"Mirandela: Pris\u00e3o preventiva para casal que roubou resid\u00eancia | Infocul.pt - Arquivo Digital\",\"isPartOf\":{\"@id\":\"https:\\\/\\\/infocul.pt\\\/arquivo\\\/#website\"},\"primaryImageOfPage\":{\"@id\":\"https:\\\/\\\/infocul.pt\\\/arquivo\\\/actualidade\\\/mirandela-prisao-preventiva-para-casal-que-roubou-residencia\\\/#primaryimage\"},\"image\":{\"@id\":\"https:\\\/\\\/infocul.pt\\\/arquivo\\\/actualidade\\\/mirandela-prisao-preventiva-para-casal-que-roubou-residencia\\\/#primaryimage\"},\"thumbnailUrl\":\"https:\\\/\\\/infocul.pt\\\/arquivo\\\/wp-content\\\/uploads\\\/2019\\\/11\\\/GNR-Bragan\u00e7a-Apreens\u00e3o.jpg\",\"datePublished\":\"2019-11-19T17:04:20+00:00\",\"dateModified\":\"2019-11-19T17:08:21+00:00\",\"description\":\"Mirandela: Pris\u00e3o preventiva para casal que roubou resid\u00eancia | Infocul.pt - Arquivo Digital\",\"breadcrumb\":{\"@id\":\"https:\\\/\\\/infocul.pt\\\/arquivo\\\/actualidade\\\/mirandela-prisao-preventiva-para-casal-que-roubou-residencia\\\/#breadcrumb\"},\"inLanguage\":\"pt-PT\",\"potentialAction\":[{\"@type\":\"ReadAction\",\"target\":[\"https:\\\/\\\/infocul.pt\\\/arquivo\\\/actualidade\\\/mirandela-prisao-preventiva-para-casal-que-roubou-residencia\\\/\"]}]},{\"@type\":\"ImageObject\",\"inLanguage\":\"pt-PT\",\"@id\":\"https:\\\/\\\/infocul.pt\\\/arquivo\\\/actualidade\\\/mirandela-prisao-preventiva-para-casal-que-roubou-residencia\\\/#primaryimage\",\"url\":\"https:\\\/\\\/infocul.pt\\\/arquivo\\\/wp-content\\\/uploads\\\/2019\\\/11\\\/GNR-Bragan\u00e7a-Apreens\u00e3o.jpg\",\"contentUrl\":\"https:\\\/\\\/infocul.pt\\\/arquivo\\\/wp-content\\\/uploads\\\/2019\\\/11\\\/GNR-Bragan\u00e7a-Apreens\u00e3o.jpg\",\"width\":1500,\"height\":1125},{\"@type\":\"BreadcrumbList\",\"@id\":\"https:\\\/\\\/infocul.pt\\\/arquivo\\\/actualidade\\\/mirandela-prisao-preventiva-para-casal-que-roubou-residencia\\\/#breadcrumb\",\"itemListElement\":[{\"@type\":\"ListItem\",\"position\":1,\"name\":\"Home\",\"item\":\"https:\\\/\\\/infocul.pt\\\/arquivo\\\/\"},{\"@type\":\"ListItem\",\"position\":2,\"name\":\"Mirandela: Pris\u00e3o preventiva para casal que roubou resid\u00eancia\"}]},{\"@type\":\"WebSite\",\"@id\":\"https:\\\/\\\/infocul.pt\\\/arquivo\\\/#website\",\"url\":\"https:\\\/\\\/infocul.pt\\\/arquivo\\\/\",\"name\":\"Infocul.pt - Arquivo Digital\",\"description\":\"Arquivo digital da Infocul.pt\",\"publisher\":{\"@id\":\"https:\\\/\\\/infocul.pt\\\/arquivo\\\/#organization\"},\"potentialAction\":[{\"@type\":\"SearchAction\",\"target\":{\"@type\":\"EntryPoint\",\"urlTemplate\":\"https:\\\/\\\/infocul.pt\\\/arquivo\\\/?s={search_term_string}\"},\"query-input\":{\"@type\":\"PropertyValueSpecification\",\"valueRequired\":true,\"valueName\":\"search_term_string\"}}],\"inLanguage\":\"pt-PT\"},{\"@type\":\"Organization\",\"@id\":\"https:\\\/\\\/infocul.pt\\\/arquivo\\\/#organization\",\"name\":\"Infocul.pt\",\"url\":\"https:\\\/\\\/infocul.pt\\\/arquivo\\\/\",\"logo\":{\"@type\":\"ImageObject\",\"inLanguage\":\"pt-PT\",\"@id\":\"https:\\\/\\\/infocul.pt\\\/arquivo\\\/#\\\/schema\\\/logo\\\/image\\\/\",\"url\":\"https:\\\/\\\/infocul.pt\\\/arquivo\\\/wp-content\\\/uploads\\\/2018\\\/12\\\/Infocul_logo-1.png\",\"contentUrl\":\"https:\\\/\\\/infocul.pt\\\/arquivo\\\/wp-content\\\/uploads\\\/2018\\\/12\\\/Infocul_logo-1.png\",\"width\":800,\"height\":800,\"caption\":\"Infocul.pt\"},\"image\":{\"@id\":\"https:\\\/\\\/infocul.pt\\\/arquivo\\\/#\\\/schema\\\/logo\\\/image\\\/\"},\"sameAs\":[\"https:\\\/\\\/www.facebook.com\\\/Infocul-147816815585015\\\/\",\"https:\\\/\\\/x.com\\\/Infoculpt\",\"http:\\\/\\\/www.pictaram.com\\\/user\\\/infocul.pt\\\/2370423710\",\"https:\\\/\\\/www.youtube.com\\\/channel\\\/UCYEB91AGI9FL9ek2i_IaQAA\"]},{\"@type\":\"Person\",\"@id\":\"https:\\\/\\\/infocul.pt\\\/arquivo\\\/#\\\/schema\\\/person\\\/f243f45ae8d67639120a7586884f3abc\",\"name\":\"Redac\u00e7\u00e3o\",\"image\":{\"@type\":\"ImageObject\",\"inLanguage\":\"pt-PT\",\"@id\":\"https:\\\/\\\/secure.gravatar.com\\\/avatar\\\/151b1b76c598ab5e749407223bd6c1bad4e41c4e95de3c3df83540ebee2deaf8?s=96&d=mm&r=g\",\"url\":\"https:\\\/\\\/secure.gravatar.com\\\/avatar\\\/151b1b76c598ab5e749407223bd6c1bad4e41c4e95de3c3df83540ebee2deaf8?s=96&d=mm&r=g\",\"contentUrl\":\"https:\\\/\\\/secure.gravatar.com\\\/avatar\\\/151b1b76c598ab5e749407223bd6c1bad4e41c4e95de3c3df83540ebee2deaf8?s=96&d=mm&r=g\",\"caption\":\"Redac\u00e7\u00e3o\"}}]}<\/script>\n<!-- \/ Yoast SEO plugin. -->","yoast_head_json":{"title":"Mirandela: Pris\u00e3o preventiva para casal que roubou resid\u00eancia | Infocul.pt - Arquivo Digital","description":"Mirandela: Pris\u00e3o preventiva para casal que roubou resid\u00eancia | Infocul.pt - Arquivo Digital","robots":{"index":"noindex","follow":"follow","max-snippet":"max-snippet:-1","max-image-preview":"max-image-preview:large","max-video-preview":"max-video-preview:-1"},"og_locale":"pt_PT","og_type":"article","og_title":"Mirandela: Pris\u00e3o preventiva para casal que roubou resid\u00eancia | Infocul.pt - Arquivo Digital","og_description":"Mirandela: Pris\u00e3o preventiva para casal que roubou resid\u00eancia | Infocul.pt - Arquivo Digital","og_url":"https:\/\/infocul.pt\/arquivo\/actualidade\/mirandela-prisao-preventiva-para-casal-que-roubou-residencia\/","og_site_name":"Infocul.pt - Arquivo Digital","article_publisher":"https:\/\/www.facebook.com\/Infocul-147816815585015\/","article_published_time":"2019-11-19T17:04:20+00:00","article_modified_time":"2019-11-19T17:08:21+00:00","og_image":[{"width":1500,"height":1125,"url":"https:\/\/infocul.pt\/arquivo\/wp-content\/uploads\/2019\/11\/GNR-Bragan\u00e7a-Apreens\u00e3o.jpg","type":"image\/jpeg"}],"author":"Redac\u00e7\u00e3o","twitter_card":"summary_large_image","twitter_creator":"@Infoculpt","twitter_site":"@Infoculpt","twitter_misc":{"Escrito por":"Redac\u00e7\u00e3o","Tempo estimado de leitura":"1 minuto"},"schema":{"@context":"https:\/\/schema.org","@graph":[{"@type":"Article","@id":"https:\/\/infocul.pt\/arquivo\/actualidade\/mirandela-prisao-preventiva-para-casal-que-roubou-residencia\/#article","isPartOf":{"@id":"https:\/\/infocul.pt\/arquivo\/actualidade\/mirandela-prisao-preventiva-para-casal-que-roubou-residencia\/"},"author":{"name":"Redac\u00e7\u00e3o","@id":"https:\/\/infocul.pt\/arquivo\/#\/schema\/person\/f243f45ae8d67639120a7586884f3abc"},"headline":"Mirandela: Pris\u00e3o preventiva para casal que roubou resid\u00eancia","datePublished":"2019-11-19T17:04:20+00:00","dateModified":"2019-11-19T17:08:21+00:00","mainEntityOfPage":{"@id":"https:\/\/infocul.pt\/arquivo\/actualidade\/mirandela-prisao-preventiva-para-casal-que-roubou-residencia\/"},"wordCount":165,"commentCount":0,"publisher":{"@id":"https:\/\/infocul.pt\/arquivo\/#organization"},"image":{"@id":"https:\/\/infocul.pt\/arquivo\/actualidade\/mirandela-prisao-preventiva-para-casal-que-roubou-residencia\/#primaryimage"},"thumbnailUrl":"https:\/\/infocul.pt\/arquivo\/wp-content\/uploads\/2019\/11\/GNR-Bragan\u00e7a-Apreens\u00e3o.jpg","keywords":["GNR","Mirandela"],"articleSection":["Actualidade","Pa\u00eds"],"inLanguage":"pt-PT"},{"@type":"WebPage","@id":"https:\/\/infocul.pt\/arquivo\/actualidade\/mirandela-prisao-preventiva-para-casal-que-roubou-residencia\/","url":"https:\/\/infocul.pt\/arquivo\/actualidade\/mirandela-prisao-preventiva-para-casal-que-roubou-residencia\/","name":"Mirandela: Pris\u00e3o preventiva para casal que roubou resid\u00eancia | Infocul.pt - Arquivo Digital","isPartOf":{"@id":"https:\/\/infocul.pt\/arquivo\/#website"},"primaryImageOfPage":{"@id":"https:\/\/infocul.pt\/arquivo\/actualidade\/mirandela-prisao-preventiva-para-casal-que-roubou-residencia\/#primaryimage"},"image":{"@id":"https:\/\/infocul.pt\/arquivo\/actualidade\/mirandela-prisao-preventiva-para-casal-que-roubou-residencia\/#primaryimage"},"thumbnailUrl":"https:\/\/infocul.pt\/arquivo\/wp-content\/uploads\/2019\/11\/GNR-Bragan\u00e7a-Apreens\u00e3o.jpg","datePublished":"2019-11-19T17:04:20+00:00","dateModified":"2019-11-19T17:08:21+00:00","description":"Mirandela: Pris\u00e3o preventiva para casal que roubou resid\u00eancia | Infocul.pt - Arquivo Digital","breadcrumb":{"@id":"https:\/\/infocul.pt\/arquivo\/actualidade\/mirandela-prisao-preventiva-para-casal-que-roubou-residencia\/#breadcrumb"},"inLanguage":"pt-PT","potentialAction":[{"@type":"ReadAction","target":["https:\/\/infocul.pt\/arquivo\/actualidade\/mirandela-prisao-preventiva-para-casal-que-roubou-residencia\/"]}]},{"@type":"ImageObject","inLanguage":"pt-PT","@id":"https:\/\/infocul.pt\/arquivo\/actualidade\/mirandela-prisao-preventiva-para-casal-que-roubou-residencia\/#primaryimage","url":"https:\/\/infocul.pt\/arquivo\/wp-content\/uploads\/2019\/11\/GNR-Bragan\u00e7a-Apreens\u00e3o.jpg","contentUrl":"https:\/\/infocul.pt\/arquivo\/wp-content\/uploads\/2019\/11\/GNR-Bragan\u00e7a-Apreens\u00e3o.jpg","width":1500,"height":1125},{"@type":"BreadcrumbList","@id":"https:\/\/infocul.pt\/arquivo\/actualidade\/mirandela-prisao-preventiva-para-casal-que-roubou-residencia\/#breadcrumb","itemListElement":[{"@type":"ListItem","position":1,"name":"Home","item":"https:\/\/infocul.pt\/arquivo\/"},{"@type":"ListItem","position":2,"name":"Mirandela: Pris\u00e3o preventiva para casal que roubou resid\u00eancia"}]},{"@type":"WebSite","@id":"https:\/\/infocul.pt\/arquivo\/#website","url":"https:\/\/infocul.pt\/arquivo\/","name":"Infocul.pt - Arquivo Digital","description":"Arquivo digital da Infocul.pt","publisher":{"@id":"https:\/\/infocul.pt\/arquivo\/#organization"},"potentialAction":[{"@type":"SearchAction","target":{"@type":"EntryPoint","urlTemplate":"https:\/\/infocul.pt\/arquivo\/?s={search_term_string}"},"query-input":{"@type":"PropertyValueSpecification","valueRequired":true,"valueName":"search_term_string"}}],"inLanguage":"pt-PT"},{"@type":"Organization","@id":"https:\/\/infocul.pt\/arquivo\/#organization","name":"Infocul.pt","url":"https:\/\/infocul.pt\/arquivo\/","logo":{"@type":"ImageObject","inLanguage":"pt-PT","@id":"https:\/\/infocul.pt\/arquivo\/#\/schema\/logo\/image\/","url":"https:\/\/infocul.pt\/arquivo\/wp-content\/uploads\/2018\/12\/Infocul_logo-1.png","contentUrl":"https:\/\/infocul.pt\/arquivo\/wp-content\/uploads\/2018\/12\/Infocul_logo-1.png","width":800,"height":800,"caption":"Infocul.pt"},"image":{"@id":"https:\/\/infocul.pt\/arquivo\/#\/schema\/logo\/image\/"},"sameAs":["https:\/\/www.facebook.com\/Infocul-147816815585015\/","https:\/\/x.com\/Infoculpt","http:\/\/www.pictaram.com\/user\/infocul.pt\/2370423710","https:\/\/www.youtube.com\/channel\/UCYEB91AGI9FL9ek2i_IaQAA"]},{"@type":"Person","@id":"https:\/\/infocul.pt\/arquivo\/#\/schema\/person\/f243f45ae8d67639120a7586884f3abc","name":"Redac\u00e7\u00e3o","image":{"@type":"ImageObject","inLanguage":"pt-PT","@id":"https:\/\/secure.gravatar.com\/avatar\/151b1b76c598ab5e749407223bd6c1bad4e41c4e95de3c3df83540ebee2deaf8?s=96&d=mm&r=g","url":"https:\/\/secure.gravatar.com\/avatar\/151b1b76c598ab5e749407223bd6c1bad4e41c4e95de3c3df83540ebee2deaf8?s=96&d=mm&r=g","contentUrl":"https:\/\/secure.gravatar.com\/avatar\/151b1b76c598ab5e749407223bd6c1bad4e41c4e95de3c3df83540ebee2deaf8?s=96&d=mm&r=g","caption":"Redac\u00e7\u00e3o"}}]}},"_links":{"self":[{"href":"https:\/\/infocul.pt\/arquivo\/wp-json\/wp\/v2\/posts\/62571","targetHints":{"allow":["GET"]}}],"collection":[{"href":"https:\/\/infocul.pt\/arquivo\/wp-json\/wp\/v2\/posts"}],"about":[{"href":"https:\/\/infocul.pt\/arquivo\/wp-json\/wp\/v2\/types\/post"}],"author":[{"embeddable":true,"href":"https:\/\/infocul.pt\/arquivo\/wp-json\/wp\/v2\/users\/13"}],"replies":[{"embeddable":true,"href":"https:\/\/infocul.pt\/arquivo\/wp-json\/wp\/v2\/comments?post=62571"}],"version-history":[{"count":0,"href":"https:\/\/infocul.pt\/arquivo\/wp-json\/wp\/v2\/posts\/62571\/revisions"}],"wp:featuredmedia":[{"embeddable":true,"href":"https:\/\/infocul.pt\/arquivo\/wp-json\/wp\/v2\/media\/62572"}],"wp:attachment":[{"href":"https:\/\/infocul.pt\/arquivo\/wp-json\/wp\/v2\/media?parent=62571"}],"wp:term":[{"taxonomy":"category","embeddable":true,"href":"https:\/\/infocul.pt\/arquivo\/wp-json\/wp\/v2\/categories?post=62571"},{"taxonomy":"post_tag","embeddable":true,"href":"https:\/\/infocul.pt\/arquivo\/wp-json\/wp\/v2\/tags?post=62571"}],"curies":[{"name":"wp","href":"https:\/\/api.w.org\/{rel}","templated":true}]}}