{"id":62938,"date":"2019-11-27T15:15:23","date_gmt":"2019-11-27T15:15:23","guid":{"rendered":"https:\/\/infocul.pt\/?p=62938"},"modified":"2019-11-27T15:15:23","modified_gmt":"2019-11-27T15:15:23","slug":"teatro-aberto-associa-se-a-fair-saturday-para-ajudar-2500-utentes-da-medicos-do-mundo","status":"publish","type":"post","link":"https:\/\/infocul.pt\/arquivo\/cultura\/teatro-aberto-associa-se-a-fair-saturday-para-ajudar-2500-utentes-da-medicos-do-mundo\/","title":{"rendered":"Teatro Aberto associa-se \u00e0 Fair Saturday  para ajudar 2500 utentes da M\u00e9dicos do Mundo"},"content":{"rendered":"<p><img decoding=\"async\" class=\"aligncenter wp-image-62939 size-full lazyload\" data-src=\"https:\/\/infocul.pt\/arquivo\/wp-content\/uploads\/2019\/11\/Fair-Saturday-Teatro-Aberto_MdM_2.jpg\" alt=\"\" width=\"610\" height=\"386\" data-srcset=\"https:\/\/infocul.pt\/arquivo\/wp-content\/uploads\/2019\/11\/Fair-Saturday-Teatro-Aberto_MdM_2.jpg 610w, https:\/\/infocul.pt\/arquivo\/wp-content\/uploads\/2019\/11\/Fair-Saturday-Teatro-Aberto_MdM_2-300x190.jpg 300w\" data-sizes=\"(max-width: 610px) 100vw, 610px\" src=\"data:image\/svg+xml;base64,PHN2ZyB3aWR0aD0iMSIgaGVpZ2h0PSIxIiB4bWxucz0iaHR0cDovL3d3dy53My5vcmcvMjAwMC9zdmciPjwvc3ZnPg==\" style=\"--smush-placeholder-width: 610px; --smush-placeholder-aspect-ratio: 610\/386;\" \/><\/p>\n<p><span style=\"color: #333333;\"><span style=\"font-family: Liberation Serif, serif;\"><span style=\"font-size: medium;\">A sess\u00e3o solid\u00e1ria da pe\u00e7a \u201cDoen\u00e7a da Juventude\u201d, no s\u00e1bado, no Teatro Aberto, pretende ajudar a angariar fundos para a aquisi\u00e7\u00e3o de uma Unidade M\u00f3vel de Sa\u00fade, indispens\u00e1vel ao apoio que a M\u00e9dicos do Mundo presta a 2500 pessoas no Porto. A iniciativa insere-se no apelo da organiza\u00e7\u00e3o para atingir os 50 mil euros necess\u00e1rios \u00e0 substitui\u00e7\u00e3o do ve\u00edculo actual, em fim de linha.<\/span><\/span><\/span><!--more--><\/p>\n<p><span style=\"color: #333333;\">\u00a0<\/span><\/p>\n<p><span style=\"color: #333333;\"><span style=\"font-family: Liberation Serif, serif;\"><span style=\"font-size: medium;\">O Teatro Aberto associou-se \u00e0 Fair Saturday \u2013 uma iniciativa de mobiliza\u00e7\u00e3o cultural com impacto social, que tem lugar no \u00faltimo s\u00e1bado de Novembro \u2013 e escolheu a causa da M\u00e9dicos do Mundo que est\u00e1 a angariar fundos para ajudar 2500 pessoas na cidade do Porto.<\/span><\/span><\/span><\/p>\n<p><span style=\"color: #333333;\">\u00a0<\/span><\/p>\n<p><span style=\"color: #333333;\"><span style=\"font-family: Liberation Serif, serif;\"><span style=\"font-size: medium;\">Filipa Areosa, Madalena Almeida e Carolina Carvalho Santos s\u00e3o alguns dos actores que sobem a palco, \u00e0s 19:00, deste s\u00e1bado, para uma sess\u00e3o solid\u00e1ria da pe\u00e7a \u201cDoen\u00e7a da Juventude\u201d, em cena no Teatro Aberto. Com um valor \u00fanico de 10 euros por cada entrada, a receita da bilheteira do espect\u00e1culo reverte integralmente para a M\u00e9dicos do Mundo e para a aquisi\u00e7\u00e3o de uma Unidade M\u00f3vel de Sa\u00fade para o projecto Porto Escondido.<\/span><\/span><\/span><\/p>\n<p><span style=\"color: #333333;\">\u00a0<\/span><\/p>\n<p><span style=\"color: #333333;\"><span style=\"font-family: Liberation Serif, serif;\"><span style=\"font-size: medium;\">O Porto Escondido\u00a0responde a v\u00e1rias necessidades de sa\u00fade e sociais das pessoas que se encontram na rua. Para al\u00e9m da promo\u00e7\u00e3o da sa\u00fade, da detec\u00e7\u00e3o precoce e preven\u00e7\u00e3o do VIH\/SIDA e infec\u00e7\u00f5es sexualmente transmiss\u00edveis, s\u00e3o prestados cuidados de sa\u00fade prim\u00e1rios, consultas psicossociais e o encaminhamento para estruturas de suporte.\u00a0Todos\u00a0estes servi\u00e7os s\u00e3o disponibilizados numa Unidade M\u00f3vel de Sa\u00fade que se encontra em fim de linha, devido ao desgaste de 19 anos de actividade.<\/span><\/span><\/span><\/p>\n<p><span style=\"color: #333333;\">\u00a0<\/span><\/p>\n<p><span style=\"color: #333333;\"><span style=\"font-family: Liberation Serif, serif;\"><span style=\"font-size: medium;\">A M\u00e9dicos do Mundo vai canalizar o valor angariado\u00a0pelo movimento Fair Saturday atrav\u00e9s do espect\u00e1culo do Teatro Aberto\u00a0e inseri-lo\u00a0na\u00a0recolha de fundos que lan\u00e7ou com vista a alcan\u00e7ar os 50 mil euros necess\u00e1rios \u00e0 compra da unidade. De acordo com C\u00e9lia Caeiro, directora de produ\u00e7\u00e3o do Teatro Aberto esta escolha vem \u201creconhecer o trabalho da M\u00e9dicos do Mundo na \u00e1rea da Medicina e da Sa\u00fade e o seu esfor\u00e7o e empenho na luta contra todas as doen\u00e7as, quisemos com este gesto levar mais longe os temas a que este espect\u00e1culo nos convida a reflectir\u201d.<\/span><\/span><\/span><\/p>\n<p><span style=\"color: #333333;\">\u00a0<\/span><\/p>\n<p><span style=\"color: #333333;\"><span style=\"font-family: Liberation Serif, serif;\"><span style=\"font-size: medium;\">No ano passado, o projecto Porto Escondido da M\u00e9dicos do Mundo conseguiu chegar a mais de 2300 pessoas, atrav\u00e9s da presta\u00e7\u00e3o de mais de mil cuidados directos de sa\u00fade e de quase nove mil apoios psicossociais, assim como a troca e distribui\u00e7\u00e3o de material de consumo e a realiza\u00e7\u00e3o de ac\u00e7\u00f5es de informa\u00e7\u00e3o e educa\u00e7\u00e3o.<\/span><\/span><\/span><\/p>\n<p><span style=\"color: #333333;\">\u00a0<\/span><\/p>\n<p><span style=\"color: #333333;\"><span style=\"font-family: Liberation Serif, serif;\"><span style=\"font-size: medium;\">Al\u00e9m da aquisi\u00e7\u00e3o de entradas para a pe\u00e7a na bilheteira do Teatro Aberto, pode contribuir para esta causa de outras formas, atrav\u00e9s da p\u00e1gina da\u00a0<a href=\"https:\/\/www.medicosdomundo.pt\/noticia\/giving-tuesday-ajude-nos-angariar-uma-unidade-movel-de-saude\" target=\"_blank\" rel=\"noopener noreferrer\">M\u00e9dicos do Mundo<\/a><\/span><\/span><\/span><\/p>\n","protected":false},"excerpt":{"rendered":"<p>A sess\u00e3o solid\u00e1ria da pe\u00e7a \u201cDoen\u00e7a da Juventude\u201d, no s\u00e1bado, no Teatro Aberto, pretende ajudar a angariar fundos para a aquisi\u00e7\u00e3o de uma Unidade M\u00f3vel de Sa\u00fade, indispens\u00e1vel ao apoio que a M\u00e9dicos do Mundo presta a 2500 pessoas no Porto. A iniciativa insere-se no apelo da organiza\u00e7\u00e3o para atingir os 50 mil euros necess\u00e1rios [&hellip;]<\/p>\n","protected":false},"author":13,"featured_media":62939,"comment_status":"open","ping_status":"closed","sticky":false,"template":"","format":"standard","meta":{"footnotes":""},"categories":[2,5],"tags":[8386,8387,5231,8385,3245],"class_list":["post-62938","post","type-post","status-publish","format-standard","has-post-thumbnail","hentry","category-cultura","category-teatro","tag-carolina-carvalho-santos","tag-fair-saturday","tag-filipa-areosa","tag-madalena-almeida","tag-teatro-aberto"],"yoast_head":"<!-- This site is optimized with the Yoast SEO plugin v27.4 - https:\/\/yoast.com\/product\/yoast-seo-wordpress\/ -->\n<title>Teatro Aberto associa-se \u00e0 Fair Saturday para ajudar 2500 utentes da M\u00e9dicos do Mundo | Infocul.pt - Arquivo Digital<\/title>\n<meta name=\"description\" content=\"Teatro Aberto associa-se \u00e0 Fair Saturday para ajudar 2500 utentes da M\u00e9dicos do Mundo | Infocul.pt - Arquivo Digital\" \/>\n<meta name=\"robots\" content=\"noindex, follow, max-snippet:-1, max-image-preview:large, max-video-preview:-1\" \/>\n<meta property=\"og:locale\" content=\"pt_PT\" \/>\n<meta property=\"og:type\" content=\"article\" \/>\n<meta property=\"og:title\" content=\"Teatro Aberto associa-se \u00e0 Fair Saturday para ajudar 2500 utentes da M\u00e9dicos do Mundo | Infocul.pt - Arquivo Digital\" \/>\n<meta property=\"og:description\" content=\"Teatro Aberto associa-se \u00e0 Fair Saturday para ajudar 2500 utentes da M\u00e9dicos do Mundo | Infocul.pt - Arquivo Digital\" \/>\n<meta property=\"og:url\" content=\"https:\/\/infocul.pt\/arquivo\/cultura\/teatro-aberto-associa-se-a-fair-saturday-para-ajudar-2500-utentes-da-medicos-do-mundo\/\" \/>\n<meta property=\"og:site_name\" content=\"Infocul.pt - Arquivo Digital\" \/>\n<meta property=\"article:publisher\" content=\"https:\/\/www.facebook.com\/Infocul-147816815585015\/\" \/>\n<meta property=\"article:published_time\" content=\"2019-11-27T15:15:23+00:00\" \/>\n<meta property=\"og:image\" content=\"https:\/\/infocul.pt\/arquivo\/wp-content\/uploads\/2019\/11\/Fair-Saturday-Teatro-Aberto_MdM_2.jpg\" \/>\n\t<meta property=\"og:image:width\" content=\"610\" \/>\n\t<meta property=\"og:image:height\" content=\"386\" \/>\n\t<meta property=\"og:image:type\" content=\"image\/jpeg\" \/>\n<meta name=\"author\" content=\"Redac\u00e7\u00e3o\" \/>\n<meta name=\"twitter:card\" content=\"summary_large_image\" \/>\n<meta name=\"twitter:creator\" content=\"@Infoculpt\" \/>\n<meta name=\"twitter:site\" content=\"@Infoculpt\" \/>\n<meta name=\"twitter:label1\" content=\"Escrito por\" \/>\n\t<meta name=\"twitter:data1\" content=\"Redac\u00e7\u00e3o\" \/>\n\t<meta name=\"twitter:label2\" content=\"Tempo estimado de leitura\" \/>\n\t<meta name=\"twitter:data2\" content=\"2 minutos\" \/>\n<script type=\"application\/ld+json\" class=\"yoast-schema-graph\">{\"@context\":\"https:\\\/\\\/schema.org\",\"@graph\":[{\"@type\":\"Article\",\"@id\":\"https:\\\/\\\/infocul.pt\\\/arquivo\\\/cultura\\\/teatro-aberto-associa-se-a-fair-saturday-para-ajudar-2500-utentes-da-medicos-do-mundo\\\/#article\",\"isPartOf\":{\"@id\":\"https:\\\/\\\/infocul.pt\\\/arquivo\\\/cultura\\\/teatro-aberto-associa-se-a-fair-saturday-para-ajudar-2500-utentes-da-medicos-do-mundo\\\/\"},\"author\":{\"name\":\"Redac\u00e7\u00e3o\",\"@id\":\"https:\\\/\\\/infocul.pt\\\/arquivo\\\/#\\\/schema\\\/person\\\/f243f45ae8d67639120a7586884f3abc\"},\"headline\":\"Teatro Aberto associa-se \u00e0 Fair Saturday para ajudar 2500 utentes da M\u00e9dicos do Mundo\",\"datePublished\":\"2019-11-27T15:15:23+00:00\",\"mainEntityOfPage\":{\"@id\":\"https:\\\/\\\/infocul.pt\\\/arquivo\\\/cultura\\\/teatro-aberto-associa-se-a-fair-saturday-para-ajudar-2500-utentes-da-medicos-do-mundo\\\/\"},\"wordCount\":510,\"commentCount\":0,\"publisher\":{\"@id\":\"https:\\\/\\\/infocul.pt\\\/arquivo\\\/#organization\"},\"image\":{\"@id\":\"https:\\\/\\\/infocul.pt\\\/arquivo\\\/cultura\\\/teatro-aberto-associa-se-a-fair-saturday-para-ajudar-2500-utentes-da-medicos-do-mundo\\\/#primaryimage\"},\"thumbnailUrl\":\"https:\\\/\\\/infocul.pt\\\/arquivo\\\/wp-content\\\/uploads\\\/2019\\\/11\\\/Fair-Saturday-Teatro-Aberto_MdM_2.jpg\",\"keywords\":[\"Carolina Carvalho Santos\",\"Fair Saturday\",\"Filipa Areosa\",\"Madalena Almeida\",\"Teatro Aberto\"],\"articleSection\":[\"Cultura\",\"Teatro\"],\"inLanguage\":\"pt-PT\"},{\"@type\":\"WebPage\",\"@id\":\"https:\\\/\\\/infocul.pt\\\/arquivo\\\/cultura\\\/teatro-aberto-associa-se-a-fair-saturday-para-ajudar-2500-utentes-da-medicos-do-mundo\\\/\",\"url\":\"https:\\\/\\\/infocul.pt\\\/arquivo\\\/cultura\\\/teatro-aberto-associa-se-a-fair-saturday-para-ajudar-2500-utentes-da-medicos-do-mundo\\\/\",\"name\":\"Teatro Aberto associa-se \u00e0 Fair Saturday para ajudar 2500 utentes da M\u00e9dicos do Mundo | Infocul.pt - Arquivo Digital\",\"isPartOf\":{\"@id\":\"https:\\\/\\\/infocul.pt\\\/arquivo\\\/#website\"},\"primaryImageOfPage\":{\"@id\":\"https:\\\/\\\/infocul.pt\\\/arquivo\\\/cultura\\\/teatro-aberto-associa-se-a-fair-saturday-para-ajudar-2500-utentes-da-medicos-do-mundo\\\/#primaryimage\"},\"image\":{\"@id\":\"https:\\\/\\\/infocul.pt\\\/arquivo\\\/cultura\\\/teatro-aberto-associa-se-a-fair-saturday-para-ajudar-2500-utentes-da-medicos-do-mundo\\\/#primaryimage\"},\"thumbnailUrl\":\"https:\\\/\\\/infocul.pt\\\/arquivo\\\/wp-content\\\/uploads\\\/2019\\\/11\\\/Fair-Saturday-Teatro-Aberto_MdM_2.jpg\",\"datePublished\":\"2019-11-27T15:15:23+00:00\",\"description\":\"Teatro Aberto associa-se \u00e0 Fair Saturday para ajudar 2500 utentes da M\u00e9dicos do Mundo | Infocul.pt - Arquivo Digital\",\"breadcrumb\":{\"@id\":\"https:\\\/\\\/infocul.pt\\\/arquivo\\\/cultura\\\/teatro-aberto-associa-se-a-fair-saturday-para-ajudar-2500-utentes-da-medicos-do-mundo\\\/#breadcrumb\"},\"inLanguage\":\"pt-PT\",\"potentialAction\":[{\"@type\":\"ReadAction\",\"target\":[\"https:\\\/\\\/infocul.pt\\\/arquivo\\\/cultura\\\/teatro-aberto-associa-se-a-fair-saturday-para-ajudar-2500-utentes-da-medicos-do-mundo\\\/\"]}]},{\"@type\":\"ImageObject\",\"inLanguage\":\"pt-PT\",\"@id\":\"https:\\\/\\\/infocul.pt\\\/arquivo\\\/cultura\\\/teatro-aberto-associa-se-a-fair-saturday-para-ajudar-2500-utentes-da-medicos-do-mundo\\\/#primaryimage\",\"url\":\"https:\\\/\\\/infocul.pt\\\/arquivo\\\/wp-content\\\/uploads\\\/2019\\\/11\\\/Fair-Saturday-Teatro-Aberto_MdM_2.jpg\",\"contentUrl\":\"https:\\\/\\\/infocul.pt\\\/arquivo\\\/wp-content\\\/uploads\\\/2019\\\/11\\\/Fair-Saturday-Teatro-Aberto_MdM_2.jpg\",\"width\":610,\"height\":386},{\"@type\":\"BreadcrumbList\",\"@id\":\"https:\\\/\\\/infocul.pt\\\/arquivo\\\/cultura\\\/teatro-aberto-associa-se-a-fair-saturday-para-ajudar-2500-utentes-da-medicos-do-mundo\\\/#breadcrumb\",\"itemListElement\":[{\"@type\":\"ListItem\",\"position\":1,\"name\":\"Home\",\"item\":\"https:\\\/\\\/infocul.pt\\\/arquivo\\\/\"},{\"@type\":\"ListItem\",\"position\":2,\"name\":\"Teatro Aberto associa-se \u00e0 Fair Saturday para ajudar 2500 utentes da M\u00e9dicos do Mundo\"}]},{\"@type\":\"WebSite\",\"@id\":\"https:\\\/\\\/infocul.pt\\\/arquivo\\\/#website\",\"url\":\"https:\\\/\\\/infocul.pt\\\/arquivo\\\/\",\"name\":\"Infocul.pt - Arquivo Digital\",\"description\":\"Arquivo digital da Infocul.pt\",\"publisher\":{\"@id\":\"https:\\\/\\\/infocul.pt\\\/arquivo\\\/#organization\"},\"potentialAction\":[{\"@type\":\"SearchAction\",\"target\":{\"@type\":\"EntryPoint\",\"urlTemplate\":\"https:\\\/\\\/infocul.pt\\\/arquivo\\\/?s={search_term_string}\"},\"query-input\":{\"@type\":\"PropertyValueSpecification\",\"valueRequired\":true,\"valueName\":\"search_term_string\"}}],\"inLanguage\":\"pt-PT\"},{\"@type\":\"Organization\",\"@id\":\"https:\\\/\\\/infocul.pt\\\/arquivo\\\/#organization\",\"name\":\"Infocul.pt\",\"url\":\"https:\\\/\\\/infocul.pt\\\/arquivo\\\/\",\"logo\":{\"@type\":\"ImageObject\",\"inLanguage\":\"pt-PT\",\"@id\":\"https:\\\/\\\/infocul.pt\\\/arquivo\\\/#\\\/schema\\\/logo\\\/image\\\/\",\"url\":\"https:\\\/\\\/infocul.pt\\\/arquivo\\\/wp-content\\\/uploads\\\/2018\\\/12\\\/Infocul_logo-1.png\",\"contentUrl\":\"https:\\\/\\\/infocul.pt\\\/arquivo\\\/wp-content\\\/uploads\\\/2018\\\/12\\\/Infocul_logo-1.png\",\"width\":800,\"height\":800,\"caption\":\"Infocul.pt\"},\"image\":{\"@id\":\"https:\\\/\\\/infocul.pt\\\/arquivo\\\/#\\\/schema\\\/logo\\\/image\\\/\"},\"sameAs\":[\"https:\\\/\\\/www.facebook.com\\\/Infocul-147816815585015\\\/\",\"https:\\\/\\\/x.com\\\/Infoculpt\",\"http:\\\/\\\/www.pictaram.com\\\/user\\\/infocul.pt\\\/2370423710\",\"https:\\\/\\\/www.youtube.com\\\/channel\\\/UCYEB91AGI9FL9ek2i_IaQAA\"]},{\"@type\":\"Person\",\"@id\":\"https:\\\/\\\/infocul.pt\\\/arquivo\\\/#\\\/schema\\\/person\\\/f243f45ae8d67639120a7586884f3abc\",\"name\":\"Redac\u00e7\u00e3o\",\"image\":{\"@type\":\"ImageObject\",\"inLanguage\":\"pt-PT\",\"@id\":\"https:\\\/\\\/secure.gravatar.com\\\/avatar\\\/151b1b76c598ab5e749407223bd6c1bad4e41c4e95de3c3df83540ebee2deaf8?s=96&d=mm&r=g\",\"url\":\"https:\\\/\\\/secure.gravatar.com\\\/avatar\\\/151b1b76c598ab5e749407223bd6c1bad4e41c4e95de3c3df83540ebee2deaf8?s=96&d=mm&r=g\",\"contentUrl\":\"https:\\\/\\\/secure.gravatar.com\\\/avatar\\\/151b1b76c598ab5e749407223bd6c1bad4e41c4e95de3c3df83540ebee2deaf8?s=96&d=mm&r=g\",\"caption\":\"Redac\u00e7\u00e3o\"}}]}<\/script>\n<!-- \/ Yoast SEO plugin. -->","yoast_head_json":{"title":"Teatro Aberto associa-se \u00e0 Fair Saturday para ajudar 2500 utentes da M\u00e9dicos do Mundo | Infocul.pt - Arquivo Digital","description":"Teatro Aberto associa-se \u00e0 Fair Saturday para ajudar 2500 utentes da M\u00e9dicos do Mundo | Infocul.pt - Arquivo Digital","robots":{"index":"noindex","follow":"follow","max-snippet":"max-snippet:-1","max-image-preview":"max-image-preview:large","max-video-preview":"max-video-preview:-1"},"og_locale":"pt_PT","og_type":"article","og_title":"Teatro Aberto associa-se \u00e0 Fair Saturday para ajudar 2500 utentes da M\u00e9dicos do Mundo | Infocul.pt - Arquivo Digital","og_description":"Teatro Aberto associa-se \u00e0 Fair Saturday para ajudar 2500 utentes da M\u00e9dicos do Mundo | Infocul.pt - Arquivo Digital","og_url":"https:\/\/infocul.pt\/arquivo\/cultura\/teatro-aberto-associa-se-a-fair-saturday-para-ajudar-2500-utentes-da-medicos-do-mundo\/","og_site_name":"Infocul.pt - Arquivo Digital","article_publisher":"https:\/\/www.facebook.com\/Infocul-147816815585015\/","article_published_time":"2019-11-27T15:15:23+00:00","og_image":[{"width":610,"height":386,"url":"https:\/\/infocul.pt\/arquivo\/wp-content\/uploads\/2019\/11\/Fair-Saturday-Teatro-Aberto_MdM_2.jpg","type":"image\/jpeg"}],"author":"Redac\u00e7\u00e3o","twitter_card":"summary_large_image","twitter_creator":"@Infoculpt","twitter_site":"@Infoculpt","twitter_misc":{"Escrito por":"Redac\u00e7\u00e3o","Tempo estimado de leitura":"2 minutos"},"schema":{"@context":"https:\/\/schema.org","@graph":[{"@type":"Article","@id":"https:\/\/infocul.pt\/arquivo\/cultura\/teatro-aberto-associa-se-a-fair-saturday-para-ajudar-2500-utentes-da-medicos-do-mundo\/#article","isPartOf":{"@id":"https:\/\/infocul.pt\/arquivo\/cultura\/teatro-aberto-associa-se-a-fair-saturday-para-ajudar-2500-utentes-da-medicos-do-mundo\/"},"author":{"name":"Redac\u00e7\u00e3o","@id":"https:\/\/infocul.pt\/arquivo\/#\/schema\/person\/f243f45ae8d67639120a7586884f3abc"},"headline":"Teatro Aberto associa-se \u00e0 Fair Saturday para ajudar 2500 utentes da M\u00e9dicos do Mundo","datePublished":"2019-11-27T15:15:23+00:00","mainEntityOfPage":{"@id":"https:\/\/infocul.pt\/arquivo\/cultura\/teatro-aberto-associa-se-a-fair-saturday-para-ajudar-2500-utentes-da-medicos-do-mundo\/"},"wordCount":510,"commentCount":0,"publisher":{"@id":"https:\/\/infocul.pt\/arquivo\/#organization"},"image":{"@id":"https:\/\/infocul.pt\/arquivo\/cultura\/teatro-aberto-associa-se-a-fair-saturday-para-ajudar-2500-utentes-da-medicos-do-mundo\/#primaryimage"},"thumbnailUrl":"https:\/\/infocul.pt\/arquivo\/wp-content\/uploads\/2019\/11\/Fair-Saturday-Teatro-Aberto_MdM_2.jpg","keywords":["Carolina Carvalho Santos","Fair Saturday","Filipa Areosa","Madalena Almeida","Teatro Aberto"],"articleSection":["Cultura","Teatro"],"inLanguage":"pt-PT"},{"@type":"WebPage","@id":"https:\/\/infocul.pt\/arquivo\/cultura\/teatro-aberto-associa-se-a-fair-saturday-para-ajudar-2500-utentes-da-medicos-do-mundo\/","url":"https:\/\/infocul.pt\/arquivo\/cultura\/teatro-aberto-associa-se-a-fair-saturday-para-ajudar-2500-utentes-da-medicos-do-mundo\/","name":"Teatro Aberto associa-se \u00e0 Fair Saturday para ajudar 2500 utentes da M\u00e9dicos do Mundo | Infocul.pt - Arquivo Digital","isPartOf":{"@id":"https:\/\/infocul.pt\/arquivo\/#website"},"primaryImageOfPage":{"@id":"https:\/\/infocul.pt\/arquivo\/cultura\/teatro-aberto-associa-se-a-fair-saturday-para-ajudar-2500-utentes-da-medicos-do-mundo\/#primaryimage"},"image":{"@id":"https:\/\/infocul.pt\/arquivo\/cultura\/teatro-aberto-associa-se-a-fair-saturday-para-ajudar-2500-utentes-da-medicos-do-mundo\/#primaryimage"},"thumbnailUrl":"https:\/\/infocul.pt\/arquivo\/wp-content\/uploads\/2019\/11\/Fair-Saturday-Teatro-Aberto_MdM_2.jpg","datePublished":"2019-11-27T15:15:23+00:00","description":"Teatro Aberto associa-se \u00e0 Fair Saturday para ajudar 2500 utentes da M\u00e9dicos do Mundo | Infocul.pt - Arquivo Digital","breadcrumb":{"@id":"https:\/\/infocul.pt\/arquivo\/cultura\/teatro-aberto-associa-se-a-fair-saturday-para-ajudar-2500-utentes-da-medicos-do-mundo\/#breadcrumb"},"inLanguage":"pt-PT","potentialAction":[{"@type":"ReadAction","target":["https:\/\/infocul.pt\/arquivo\/cultura\/teatro-aberto-associa-se-a-fair-saturday-para-ajudar-2500-utentes-da-medicos-do-mundo\/"]}]},{"@type":"ImageObject","inLanguage":"pt-PT","@id":"https:\/\/infocul.pt\/arquivo\/cultura\/teatro-aberto-associa-se-a-fair-saturday-para-ajudar-2500-utentes-da-medicos-do-mundo\/#primaryimage","url":"https:\/\/infocul.pt\/arquivo\/wp-content\/uploads\/2019\/11\/Fair-Saturday-Teatro-Aberto_MdM_2.jpg","contentUrl":"https:\/\/infocul.pt\/arquivo\/wp-content\/uploads\/2019\/11\/Fair-Saturday-Teatro-Aberto_MdM_2.jpg","width":610,"height":386},{"@type":"BreadcrumbList","@id":"https:\/\/infocul.pt\/arquivo\/cultura\/teatro-aberto-associa-se-a-fair-saturday-para-ajudar-2500-utentes-da-medicos-do-mundo\/#breadcrumb","itemListElement":[{"@type":"ListItem","position":1,"name":"Home","item":"https:\/\/infocul.pt\/arquivo\/"},{"@type":"ListItem","position":2,"name":"Teatro Aberto associa-se \u00e0 Fair Saturday para ajudar 2500 utentes da M\u00e9dicos do Mundo"}]},{"@type":"WebSite","@id":"https:\/\/infocul.pt\/arquivo\/#website","url":"https:\/\/infocul.pt\/arquivo\/","name":"Infocul.pt - Arquivo Digital","description":"Arquivo digital da Infocul.pt","publisher":{"@id":"https:\/\/infocul.pt\/arquivo\/#organization"},"potentialAction":[{"@type":"SearchAction","target":{"@type":"EntryPoint","urlTemplate":"https:\/\/infocul.pt\/arquivo\/?s={search_term_string}"},"query-input":{"@type":"PropertyValueSpecification","valueRequired":true,"valueName":"search_term_string"}}],"inLanguage":"pt-PT"},{"@type":"Organization","@id":"https:\/\/infocul.pt\/arquivo\/#organization","name":"Infocul.pt","url":"https:\/\/infocul.pt\/arquivo\/","logo":{"@type":"ImageObject","inLanguage":"pt-PT","@id":"https:\/\/infocul.pt\/arquivo\/#\/schema\/logo\/image\/","url":"https:\/\/infocul.pt\/arquivo\/wp-content\/uploads\/2018\/12\/Infocul_logo-1.png","contentUrl":"https:\/\/infocul.pt\/arquivo\/wp-content\/uploads\/2018\/12\/Infocul_logo-1.png","width":800,"height":800,"caption":"Infocul.pt"},"image":{"@id":"https:\/\/infocul.pt\/arquivo\/#\/schema\/logo\/image\/"},"sameAs":["https:\/\/www.facebook.com\/Infocul-147816815585015\/","https:\/\/x.com\/Infoculpt","http:\/\/www.pictaram.com\/user\/infocul.pt\/2370423710","https:\/\/www.youtube.com\/channel\/UCYEB91AGI9FL9ek2i_IaQAA"]},{"@type":"Person","@id":"https:\/\/infocul.pt\/arquivo\/#\/schema\/person\/f243f45ae8d67639120a7586884f3abc","name":"Redac\u00e7\u00e3o","image":{"@type":"ImageObject","inLanguage":"pt-PT","@id":"https:\/\/secure.gravatar.com\/avatar\/151b1b76c598ab5e749407223bd6c1bad4e41c4e95de3c3df83540ebee2deaf8?s=96&d=mm&r=g","url":"https:\/\/secure.gravatar.com\/avatar\/151b1b76c598ab5e749407223bd6c1bad4e41c4e95de3c3df83540ebee2deaf8?s=96&d=mm&r=g","contentUrl":"https:\/\/secure.gravatar.com\/avatar\/151b1b76c598ab5e749407223bd6c1bad4e41c4e95de3c3df83540ebee2deaf8?s=96&d=mm&r=g","caption":"Redac\u00e7\u00e3o"}}]}},"_links":{"self":[{"href":"https:\/\/infocul.pt\/arquivo\/wp-json\/wp\/v2\/posts\/62938","targetHints":{"allow":["GET"]}}],"collection":[{"href":"https:\/\/infocul.pt\/arquivo\/wp-json\/wp\/v2\/posts"}],"about":[{"href":"https:\/\/infocul.pt\/arquivo\/wp-json\/wp\/v2\/types\/post"}],"author":[{"embeddable":true,"href":"https:\/\/infocul.pt\/arquivo\/wp-json\/wp\/v2\/users\/13"}],"replies":[{"embeddable":true,"href":"https:\/\/infocul.pt\/arquivo\/wp-json\/wp\/v2\/comments?post=62938"}],"version-history":[{"count":0,"href":"https:\/\/infocul.pt\/arquivo\/wp-json\/wp\/v2\/posts\/62938\/revisions"}],"wp:featuredmedia":[{"embeddable":true,"href":"https:\/\/infocul.pt\/arquivo\/wp-json\/wp\/v2\/media\/62939"}],"wp:attachment":[{"href":"https:\/\/infocul.pt\/arquivo\/wp-json\/wp\/v2\/media?parent=62938"}],"wp:term":[{"taxonomy":"category","embeddable":true,"href":"https:\/\/infocul.pt\/arquivo\/wp-json\/wp\/v2\/categories?post=62938"},{"taxonomy":"post_tag","embeddable":true,"href":"https:\/\/infocul.pt\/arquivo\/wp-json\/wp\/v2\/tags?post=62938"}],"curies":[{"name":"wp","href":"https:\/\/api.w.org\/{rel}","templated":true}]}}