{"id":63083,"date":"2019-12-01T11:55:41","date_gmt":"2019-12-01T11:55:41","guid":{"rendered":"https:\/\/infocul.pt\/?p=63083"},"modified":"2019-12-02T13:32:41","modified_gmt":"2019-12-02T13:32:41","slug":"eduardo-luciano-existe-total-abertura-para-que-haja-um-patrocinador-no-artes-a-rua-ou-ate-varios","status":"publish","type":"post","link":"https:\/\/infocul.pt\/arquivo\/actualidade\/eduardo-luciano-existe-total-abertura-para-que-haja-um-patrocinador-no-artes-a-rua-ou-ate-varios\/","title":{"rendered":"Eduardo Luciano: \u201cExiste total abertura para que haja um patrocinador no Artes \u00e0 Rua ou at\u00e9 v\u00e1rios.\u201d"},"content":{"rendered":"<h2 align=\"left\"><img decoding=\"async\" class=\"aligncenter wp-image-52318 size-large lazyload\" data-src=\"https:\/\/infocul.pt\/arquivo\/wp-content\/uploads\/2019\/02\/batch_BC3I1045-1024x755.png\" alt=\"\" width=\"800\" height=\"590\" src=\"data:image\/svg+xml;base64,PHN2ZyB3aWR0aD0iMSIgaGVpZ2h0PSIxIiB4bWxucz0iaHR0cDovL3d3dy53My5vcmcvMjAwMC9zdmciPjwvc3ZnPg==\" style=\"--smush-placeholder-width: 800px; --smush-placeholder-aspect-ratio: 800\/590;\" \/><\/h2>\n<h2 class=\"western\" align=\"left\"><strong><span style=\"color: #000000;\"><span style=\"font-family: Liberation Serif, serif;\"><span style=\"font-size: medium;\">Prestes a chegar ao final do ano de 2019, <a href=\"https:\/\/infocul.pt\/arquivo\/\" target=\"_blank\" rel=\"noopener noreferrer\">fomos<\/a> a \u00c9vora conversar com o vereador do pelouro da cultura da C\u00e2mara Municipal, Eduardo Luciano.<\/span><\/span><\/span><\/strong><\/h2>\n<p><!--more--><\/p>\n<p align=\"left\"><span style=\"color: #000000;\"><span style=\"font-family: Liberation Serif, serif;\"><span style=\"font-size: medium;\">Do <a href=\"https:\/\/www.facebook.com\/profile.php?id=1882522338656366&amp;ref=br_rs\" target=\"_blank\" rel=\"noopener noreferrer\">Artes \u00c0 Rua<\/a> aos restantes ciclos de programa\u00e7\u00e3o, da tauromaquia \u00e0 candidatura de \u00c9vora a Capital Europeia da Cultura, e passando pelos equipamentos culturais da cidade, nada ficou por responder.<\/span><\/span><\/span><\/p>\n<p align=\"left\"><span style=\"color: #000000;\"><span style=\"font-family: Liberation Serif, serif;\"><span style=\"font-size: medium;\">Destacar ainda a valoriza\u00e7\u00e3o que fez dos criadores locais e o an\u00fancio da banda que actuar\u00e1 na noite de passagem de ano na Pra\u00e7a de Giraldo.<\/span><\/span><\/span><\/p>\n<h2 class=\"western\" align=\"center\"><strong><span style=\"color: #2a6099;\">&#8220;Criaram-se aqui novas sinergias, novas parcerias&#8221;<\/span><\/strong><\/h2>\n<p align=\"justify\"><span style=\"color: #000000;\"><span style=\"font-family: Arial, serif;\"><span style=\"font-size: medium;\"><i><span style=\"color: #222222;\"><span style=\"font-family: Liberation Serif, serif;\">J\u00e1 \u00e9 poss\u00edvel fazer um balan\u00e7o da actividade cultural em \u00c9vora, durante 2019?<\/span><\/span><\/i><\/span><\/span><\/span><\/p>\n<p align=\"justify\"><span style=\"color: #000000;\"><span style=\"font-family: Arial, serif;\"><span style=\"font-size: medium;\"><i><b><span style=\"color: #222222;\"><span style=\"font-family: Liberation Serif, serif;\">Sim, j\u00e1 \u00e9 poss\u00edvel fazer um balan\u00e7o. Um balan\u00e7o pr\u00e9vio mas \u00e9 poss\u00edvel. Este ano tivemos uma actividade extraordinariamente intensa, com ciclos de programa\u00e7\u00e3o que se colaram uns aos outros, durante todo o ano. Isso \u00e9 algo que temos vindo a aprofundar. N\u00e3o fixar durante um per\u00edodo do ano, a actividade cultural promovida pela c\u00e2mara municipal, mas sim espalhar ao longo do ano. Foi assim com os ciclos que fizemos acontecer no teatro, foi assim com ciclos que aconteceram no ver\u00e3o, foi assim com o Artes \u00e0 Rua, <\/span><\/span><span style=\"color: #222222;\"><span style=\"font-family: Liberation Serif, serif;\">foi assim com a chamada aos criadores locais para a apresenta\u00e7\u00e3o de novas cria\u00e7\u00f5es. Estamos a chegar ao final do ano cumprindo tudo aquilo que t\u00ednhamos visto e proposto, quando apresent\u00e1mos a programa\u00e7\u00e3o do Teatro Garcia de Resende, a cumprir aquilo que prometemos quando apresent\u00e1mos a programa\u00e7\u00e3o da arte de rua, que aconteceu maioritariamente no ver\u00e3o. Portanto \u00e9 um balan\u00e7o extraordinariamente positivo. Criaram-se aqui novas sinergias, novas parcerias que resultaram deste trabalho conjunto com o Festival de M\u00fasicas do Mundo de Sines, com a Funda\u00e7\u00e3o INATEL, com um conjunto de festivais internacionais\u2026 N\u00f3s estamos a ser convidados para participar <\/span><\/span><span style=\"color: #222222;\"><span style=\"font-family: Liberation Serif, serif;\">em feiras e mercados de festivais por esse mundo fora, desde a Isl\u00e2ndia a Mo\u00e7ambique. Isso significa que aquilo que foi a programa\u00e7\u00e3o cultural de \u00c9vora, mais do que se cingir \u00e0s muralhas, projectou-se para fora e esse era um dos grandes objectivos.<\/span><\/span><\/b><\/i><\/span><\/span><\/span><\/p>\n<p align=\"justify\"><span style=\"color: #000000;\"><span style=\"font-family: Arial, serif;\"><span style=\"font-size: medium;\"><i><span style=\"color: #222222;\"><span style=\"font-family: Liberation Serif, serif;\">Conseguiu, em conjunto com a sua equipa de programa\u00e7\u00e3o, colocar v\u00e1rias equipas e entidades a trabalhar em conjunto. Por norma isso \u00e9 complicado em Portugal. Como o conseguiu e qual o maior desafio?<\/span><\/span><\/i><\/span><\/span><\/span><\/p>\n<p align=\"justify\"><span style=\"color: #000000;\"><span style=\"font-family: Arial, serif;\"><span style=\"font-size: medium;\"><span style=\"color: #222222;\"><span style=\"font-family: Liberation Serif, serif;\"><i><b>Quando come\u00e7amos a mexer nestes projectos e a chamar pessoas de \u00e1reas diferentes para projectos comuns temos sempre essa dificuldade. Faz parte, da idiossincrasia dos artistas, que cada um defenda a sua forma de estar, os seus projectos pessoais. Tudo isso existe e ainda bem que existe porque \u00e9 da\u00ed que sai a cria\u00e7\u00e3o. P\u00f4r esta gente a trabalhar em conjunto \u00e9 dif\u00edcil mas consegue-se. Consegue-se com muita paci\u00eancia, <\/b><\/i><\/span><\/span><span style=\"color: #222222;\"><span style=\"font-family: Liberation Serif, serif;\"><i><b>com disponibilidade para acompanhar os projectos, e dou aqui dois ou tr\u00eas exemplos de projectos que aconteceram aqui, este ano, resultado desse cruzamento. O projecto <a href=\"https:\/\/infocul.pt\/arquivo\/cultura\/omiri-evora-tem-tudo-de-especial\/\">Omiri com \u2018Alentejo Vol.1 \u00c9vora\u2019<\/a><\/b><\/i><\/span><\/span><i><b> <\/b><\/i><span style=\"color: #222222;\"><span style=\"font-family: Liberation Serif, serif;\"><i><b>que jutou um conjunto de criadores e agentes locais, atrav\u00e9s do projecto Omiri, que resultou no espect\u00e1culo de abertura do Artes \u00e0 Rua que foi absolutamente fant\u00e1stico. Poder\u00edamos com o mesmo dinheiro desse espect\u00e1culo contratar uma banda que viria c\u00e1 fazer o espect\u00e1culo, mas n\u00e3o ter\u00edamos todos os meses de trabalho e prepara\u00e7\u00e3o que envolveram toda a gente. Tivemos mais trabalho, custou mais dinheiro, mas o resultado \u00e9 outro. Temos o projecto \u2018Mar-Planicie\u2019 com o m\u00fasico Carlos Martins, o escritor Jos\u00e9 Lu\u00eds Peixoto e o fot\u00f3grafo Jos\u00e9 Manuel Rodrigues, que s\u00e3o tr\u00eas grandes figuras da cultura portuguesa e que se juntaram para construir um espect\u00e1culo que cruza, o jazz com o cante e outras influ\u00eancias sonoras, com a poesia de Jos\u00e9 Lu\u00eds Peixoto e com a fotografia de Jos\u00e9 Manuel Rodrigues. Como se deve imaginar, estamos a falar de tr\u00eas grandes nomes da cultura portuguesa, cada um com a sua forma de estar, com os seus objectivos e com as suas vis\u00f5es da realidade. E ainda assim, foi poss\u00edvel criar um espect\u00e1culo \u00fanico, que aconteceu durante o Artes \u00e0 Rua. Como lhe disse, \u00e9 dif\u00edcil. \u00c9 mais f\u00e1cil pagar a um agente que contrata uma banda para c\u00e1 vir tocar. \u00c9 mais f\u00e1cil criarmos ilhas, mas n\u00e3o h\u00e1 futuro para as ilhas, est\u00e3o esgotadas. Mesmo na cria\u00e7\u00e3o! E n\u00e3o \u00e9 isso que queremos para o territ\u00f3rio. Queremos que seja um territ\u00f3rio de cruzamentos, de cria\u00e7\u00e3o, e a partir da cria\u00e7\u00e3o nasce a partilha. <\/b><\/i><\/span><\/span><\/span><\/span><\/span><\/p>\n<p align=\"justify\"><span style=\"color: #000000;\"><span style=\"font-family: Arial, serif;\"><span style=\"font-size: medium;\"><i><span style=\"color: #222222;\"><span style=\"font-family: Liberation Serif, serif;\">O balan\u00e7o do Artes \u00e0 Rua \u00e9 positivo?<\/span><\/span><\/i><\/span><\/span><\/span><\/p>\n<p align=\"justify\"><span style=\"color: #000000;\"><span style=\"font-family: Arial, serif;\"><span style=\"font-size: medium;\"><i><b><span style=\"color: #222222;\"><span style=\"font-family: Liberation Serif, serif;\">\u00c9 um balan\u00e7o muito, muito positivo. Temos de separar isto tudo. O Artes \u00e0 Rua \u00e9 programado pela c\u00e2mara municipal, te curadoria da c\u00e2mara municipal com a equipa de programa\u00e7\u00e3o. Depois, debaixo desse chap\u00e9u,Artes \u00e0 Rua, temos outras coisas e essas outras coisas n\u00e3o s\u00e3o o Artes \u00e0 Rua. Est\u00e3o debaixo desse chap\u00e9u. Temos por exemplo o cruzamento com o Festival de M\u00fasica do Mundo de Sines, com a Funda\u00e7\u00e3o INATEL, com a Casa da M\u00fasica, e temos um que para n\u00f3s \u00e9 o mais importante: a chamada aos criadores locais para apresentarem novas cria\u00e7\u00f5es. E esse \u00e9, de facto, para n\u00f3s o mais importante porque por muito interessantes que sejam os outros projectos, eles acontecem e v\u00e3o, estes s\u00e3o criadores que ficam no territ\u00f3rio, a trabalhar no territ\u00f3rio, na cidade, no concelho, no Alentejo. E esse \u00e9 para n\u00f3s o aspecto que mais toca e que se cola mais com a ambi\u00e7\u00e3o da Capital Europeia da Cultura, que \u00e9 transformar numa cidade de criadores. Portanto, estes aspectos juntos, debaixo de um chap\u00e9u a que vamos chamar Artes \u00e0 Rua (mas o Artes \u00e0 Rua \u00e9 apenas uma pequena parte de tudo isto), esse projecto teve um sucesso imenso ao n\u00edvel de p\u00fablico, de divulga\u00e7\u00e3o, ao n\u00edvel da presen\u00e7a nos meios de comunica\u00e7\u00e3o nacionais. O que melhorou relativamente aos outros anos? Para j\u00e1, foi uma aposta na comunica\u00e7\u00e3o, n\u00f3s apost\u00e1mos mais este ano na comunica\u00e7\u00e3o, demos a comunica\u00e7\u00e3o a quem sabe e foi conseguido. Poderia ter sido melhor, e melhoraremos esse aspecto, porque come\u00e7amos sempre tarde. Por mais cedo que <\/span><\/span><span style=\"color: #222222;\"><span style=\"font-family: Liberation Serif, serif;\">comecemos<\/span><\/span><span style=\"color: #222222;\"><span style=\"font-family: Liberation Serif, serif;\">, \u00e9 sempre tarde. Temos sempre essa ideia relativamente \u00e0 comunica\u00e7\u00e3o, \u2018dever\u00edamos ter come\u00e7ado a comunicar mais cedo&#8230;\u2019, mas a posta na comunica\u00e7\u00e3o este ano foi mais forte e logo os resultados em termos de <\/span><\/span><span style=\"color: #222222;\"><span style=\"font-family: Liberation Serif, serif;\">visibilidade<\/span><\/span><span style=\"color: #222222;\"><span style=\"font-family: Liberation Serif, serif;\"> nacional foram outros. N\u00e3o foram excepcionais, n\u00e3o foram os melhores do mundo, mas houve um salto qualitativo e quantitativo dos anos anteriores para este. <\/span><\/span><\/b><\/i><\/span><\/span><\/span><\/p>\n<p align=\"justify\"><span style=\"color: #000000;\"><span style=\"font-family: Arial, serif;\"><span style=\"font-size: medium;\"><i><span style=\"color: #222222;\"><span style=\"font-family: Liberation Serif, serif;\">H\u00e1 espect\u00e1culos no Artes \u00e0 Rua que realizando-se, tamb\u00e9m, em espa\u00e7os mais pequenos, levam menos gente. Como reage aos cr\u00edticos que dizem que gastar dinheiro em espect\u00e1culos com apenas 20\/30 pessoas a assistir,\u00e9 mal gasto?<\/span><\/span><\/i><\/span><\/span><\/span><\/p>\n<p align=\"justify\"><span style=\"color: #000000;\"><span style=\"font-family: Arial, serif;\"><span style=\"font-size: medium;\"><i><b><span style=\"color: #222222;\"><span style=\"font-family: Liberation Serif, serif;\">Reajo mal, reajo mal (risos). Um dos objectivos daquilo que \u00e9 a programa\u00e7\u00e3o cultural do <\/span><\/span><span style=\"color: #222222;\"><span style=\"font-family: Liberation Serif, serif;\">munic\u00edpio<\/span><\/span><span style=\"color: #222222;\"><span style=\"font-family: Liberation Serif, serif;\">, \u00e9 do munic\u00edpio e do dinheiro p\u00fablico que estamos a falar, \u00e9 investir na educa\u00e7\u00e3o e cria\u00e7\u00e3o de p\u00fablicos. E a educa\u00e7\u00e3o e cria\u00e7\u00e3o de p\u00fablicos faz-se mostrando aquilo que as pessoas n\u00e3o v\u00eam na televis\u00e3o, nos grandes concertos e que desconhecem at\u00e9 que existe. \u00c9 assim que se cria p\u00fablico. Esse \u00e9 que \u00e9 o servi\u00e7o p\u00fablico a que estamos obrigados. O nosso servi\u00e7o p\u00fablico n\u00e3o \u00e9 dar, desculpe a express\u00e3o, ao povo aquilo que o povo gosta. Porque isso consegue-se atrav\u00e9s dos canais comerciais, normais, tranquilamente. O verdadeiro servi\u00e7o p\u00fablico da cultura \u00e9, para al\u00e9m de criar condi\u00e7\u00f5es para que os criadorespossa criar, educar p\u00fablicos. Mostrar ao p\u00fablico que existem coisas diferentes, para al\u00e9m daquilo que leva 50 mil pessoas a bater palmas ao mesmo tempo, para aquilo que leva 10 mil pessoas a cantar em coro. H\u00e1 outras realidades culturais, de desafio, que nos levam a questionar porque estamos aqui com os dois p\u00e9s na terra,e n\u00e3o estamos noutro s\u00edtio qualquer, e o que andamos c\u00e1 a fazer. Isso passa por pequenos concertos, pequenas interven\u00e7\u00f5es art\u00edsticas, pequenos desafios. Quando algu\u00e9m passa por uma interven\u00e7\u00e3o em espa\u00e7o p\u00fablico e p\u00e1ra para dizer mal, essa interven\u00e7\u00e3o em espa\u00e7o p\u00fablico j\u00e1 cumpriu parte do seu papel que \u00e9 levar algu\u00e9m a parar e questionar-se. Quando trazemos m\u00fasica do <\/span><\/span><span style=\"color: #222222;\"><span style=\"font-family: Liberation Serif, serif;\">Quirguist\u00e3o<\/span><\/span><span style=\"color: #222222;\"><span style=\"font-family: Liberation Serif, serif;\"> para tocar na Igreja de S\u00e3o Vicente, que leva 100 pessoas e est\u00e1 cheia, essas 100 pessoas tiveram a oportunidade \u00fanica, sem gastar um chavo, de poder assistir a uma cultura completamente diferente e que tamb\u00e9m \u00e9 cultura. Isto quebra fronteiras, faz-nos sair do nosso bem-estar que estamos habituados a ver e ouvir para nos questionarmos. <\/span><\/span><\/b><\/i><\/span><\/span><\/span><\/p>\n<p align=\"justify\"><span style=\"color: #000000;\"><span style=\"font-family: Arial, serif;\"><span style=\"font-size: medium;\"><i><span style=\"color: #222222;\"><span style=\"font-family: Liberation Serif, serif;\">Por norma, inicialmente, reagimos sempre mal ao que \u00e9 diferente. Acredito que j\u00e1 tenha feito um balan\u00e7o do Artes \u00e0 Rua. Mudaria algo na programa\u00e7\u00e3o?<\/span><\/span><\/i><\/span><\/span><\/span><\/p>\n<p align=\"justify\"><span style=\"color: #000000;\"><span style=\"font-family: Arial, serif;\"><span style=\"font-size: medium;\"><i><b><span style=\"color: #222222;\"><span style=\"font-family: Liberation Serif, serif;\">Depois do evento, fizemos uma reuni\u00e3o, na Igreja de S\u00e3o Vicente, com quem quis aparecer. Uma reuni\u00e3o aberta. E nessa reuni\u00e3o convers\u00e1mos abertamente sobre o que correu bem e o que correu mal. N\u00e3o fizemos a reuni\u00e3o para baterem palmas, para dizer que estava tudo muito bem, para repetir tudo&#8230;o objectivo foi perceber o que estava bem e o que estava mal e o que poder\u00edamos melhorar. H\u00e1 coisas que ficam sempre em cima da mesa. A localiza\u00e7\u00e3o do palco principal \u00e9 uma delas. Ser\u00e1 que faz sentido que seja na Pra\u00e7a de Giraldo ou devemos procurar outro local na cidade? Retirando o inc\u00f3modo do palco na Pra\u00e7a de Giraldo e colocando-o noutro s\u00edtio e at\u00e9 com outras <\/span><\/span><span style=\"color: #222222;\"><span style=\"font-family: Liberation Serif, serif;\">condi\u00e7\u00f5es<\/span><\/span><span style=\"color: #222222;\"><span style=\"font-family: Liberation Serif, serif;\"> t\u00e9cnicas. Esta foi uma quest\u00e3o que se colocou. Outra quest\u00e3o foi o facto de este ano termos concentrado muito no centro hist\u00f3rico e irmos menos para os bairros e para as freguesias rurais. \u00c9 uma cr\u00edtica que aceitamos e julgamos justa. N\u00e3o fizemos propositadamente, fizemos por necessidades de produ\u00e7\u00e3o. Produzir 157 espect\u00e1culos em 2 meses e meio com uma equipa de produ\u00e7\u00e3o muito pequena, fez com que nos lev\u00e1ssemos a concentrar no territ\u00f3rio. Isto \u00e9 algo que temos de mudar. O pr\u00f3ximo ano temos de levar o Artes \u00e0 Rua, e aquilo que s\u00e3o as componentes do Artes \u00e0 Rua, para fora do centro hist\u00f3rico de \u00c9vora. Para os bairros e para as freguesias rurais. Outra coisa que me parece ter de ter uma avalia\u00e7\u00e3o cr\u00edtica da nossa parte \u00e9 a intensidade. \u00c9 bom termos 6 coisas a acontecer ao mesmo tempo na cidade, no mesmo dia e hora, mas pontualmente. Mas se calhar n\u00e3o \u00e9 bom que isso aconte\u00e7a tantas vezes porque\u2026<\/span><\/span><\/b><\/i><\/span><\/span><\/span><\/p>\n<p align=\"justify\"><span style=\"color: #000000;\"><span style=\"font-family: Arial, serif;\"><span style=\"font-size: medium;\"><i><span style=\"color: #222222;\"><span style=\"font-family: Liberation Serif, serif;\">Retira p\u00fablico?<\/span><\/span><\/i><\/span><\/span><\/span><\/p>\n<p align=\"justify\"><span style=\"color: #000000;\"><span style=\"font-family: Arial, serif;\"><span style=\"font-size: medium;\"><i><b><span style=\"color: #222222;\"><span style=\"font-family: Liberation Serif, serif;\">O p\u00fablico \u00e9 o que \u00e9 e o que temos, nesta cidade e concelho. Se h\u00e1 dias em que a cidade se enche de gente, porque coincide num fim-de-semana de v\u00e1rias coisas, e \u00e9 \u00f3ptimo, tamb\u00e9m h\u00e1 dias em que a cidade n\u00e3o enche e h\u00e1 pessoas que querem ver aqueles espect\u00e1culos e n\u00e3o podem porque ou veem um ou veem outro. T\u00eam de escolher. Portanto, se calhar, a intensidade do Artes \u00e0 Rua tem de diminuir. Outra quest\u00e3o que se coloca \u00e9 a dura\u00e7\u00e3o do Artes \u00e0 Rua. S\u00e3o muitos dias e muitas horas. Ou <\/span><\/span><span style=\"color: #222222;\"><span style=\"font-family: Liberation Serif, serif;\">diminu\u00edmos<\/span><\/span><span style=\"color: #222222;\"><span style=\"font-family: Liberation Serif, serif;\"> a <\/span><\/span><span style=\"color: #222222;\"><span style=\"font-family: Liberation Serif, serif;\">intensidade<\/span><\/span><span style=\"color: #222222;\"><span style=\"font-family: Liberation Serif, serif;\"> e a dura\u00e7\u00e3o ou se queremos manter a mesma intensidade, temos de concentrar em menos dias. \u00c9 muito bom, as pessoas gostam muito, mas o esfor\u00e7o da equipa de produ\u00e7\u00e3o e at\u00e9 os custos associados, o balan\u00e7o que fazemos \u00e9 que temos de afinar esse aspecto. Afinar a intensidade e dura\u00e7\u00e3o do Artes \u00e0 Rua. Outra quest\u00e3o que \u00e9 preciso analisar \u00e9 o envolvimento da economia local e regional no n\u00e3o-festival, e que para n\u00f3s \u00e9 insuficiente. O Artes \u00e0 Rua, de facto, cria economia e estou a falar de alojamento, restaura\u00e7\u00e3o e isso \u00e9 economia directa. E \u00e9 preciso que esses agentes econ\u00f3micos se envolvam mais naquilo que \u00e9 o Artes \u00e0 Rua: patrocinando, apoiando, cedendo, enfim\u2026<\/span><\/span><\/b><\/i><\/span><\/span><\/span><\/p>\n<p align=\"justify\"><span style=\"color: #000000;\"><span style=\"font-family: Arial, serif;\"><span style=\"font-size: medium;\"><i><span style=\"color: #222222;\"><span style=\"font-family: Liberation Serif, serif;\">Porque \u00e9 que acha que isso n\u00e3o acontece?<\/span><\/span><\/i><\/span><\/span><\/span><\/p>\n<p align=\"justify\"><span style=\"color: #000000;\"><span style=\"font-family: Arial, serif;\"><span style=\"font-size: medium;\"><i><b><span style=\"color: #222222;\"><span style=\"font-family: Liberation Serif, serif;\">O Artes \u00e0 Rua acontece no per\u00edodo do ver\u00e3o e,nesse per\u00edodo, os agentes econ\u00f3micos, principalmente afectos ao sector do turismo, dizem, muitas vezes, \u2018n\u00f3s n\u00e3o precisamos disto no ver\u00e3o, precisamos disto no inverno\u2019, \u2018se n\u00e3o vendermos os quartos a quem vem ver isto, vendemos a outros\u2019. E esta menos compreens\u00e3o do fen\u00f3meno leva a uma menor participa\u00e7\u00e3o. Trabalhamos muito isso, reunimos com os agentes econ\u00f3micos, mostramos, em n\u00fameros, o que o Artes \u00e0 Rua carregou para a restaura\u00e7\u00e3o e hotelaria, <\/span><\/span><span style=\"color: #222222;\"><span style=\"font-family: Liberation Serif, serif;\">convers\u00e1mos<\/span><\/span><span style=\"color: #222222;\"><span style=\"font-family: Liberation Serif, serif;\"> sobre isso e \u00e9 algo a que daremos continuidade. Estamos num territ\u00f3rio de interior e \u00e9 mais f\u00e1cil qualquer banco, seguradora ou marca de cervejas investir um milh\u00e3o de euros num festival de tr\u00eas dias em Lisboa, do que investir 100 mil euros numa coisa que dura dois meses e meio aqui\u2026<\/span><\/span><\/b><\/i><\/span><\/span><\/span><\/p>\n<h2 class=\"western\" align=\"center\"><strong><span style=\"color: #2a6099;\">\u201c<span style=\"font-family: Liberation Serif, serif;\"><span style=\"font-size: medium;\"><i><b>Existe total abertura para que haja um patrocinador no Artes \u00e0 Rua ou at\u00e9 v\u00e1rios.\u201d<\/b><\/i><\/span><\/span><\/span><\/strong><\/h2>\n<p align=\"justify\"><span style=\"color: #000000;\"><span style=\"font-family: Arial, serif;\"><span style=\"font-size: medium;\"><i><span style=\"color: #222222;\"><span style=\"font-family: Liberation Serif, serif;\">Pe\u00e7o desculpa interromper\u2026 Mas tem existido dificuldade para encontrar um patrocinador para o Artes \u00e0 Rua? Existe abertura para que o Artes \u00e0 Rua tenha um patrocinador?<\/span><\/span><\/i><\/span><\/span><\/span><\/p>\n<p align=\"justify\"><span style=\"color: #000000;\"><span style=\"font-family: Arial, serif;\"><span style=\"font-size: medium;\"><span style=\"color: #222222;\"><span style=\"font-family: Liberation Serif, serif;\"><i><b>Existe total abertura para que haja um patrocinador no Artes \u00e0 Rua ou at\u00e9 v\u00e1rios. Duas quest\u00f5es aqui se cruzam. N\u00f3s n\u00e3o queremos atirar os <\/b><\/i><\/span><\/span><span style=\"color: #222222;\"><span style=\"font-family: Liberation Serif, serif;\"><i><b>\u00f3nus<\/b><\/i><\/span><\/span><span style=\"color: #222222;\"><span style=\"font-family: Liberation Serif, serif;\"><i><b> todos para fora, n\u00e3o h\u00e1 uma grande apet\u00eancia para <\/b><\/i><\/span><\/span><span style=\"color: #222222;\"><span style=\"font-family: Liberation Serif, serif;\"><i><b>este<\/b><\/i><\/span><\/span><span style=\"color: #222222;\"><span style=\"font-family: Liberation Serif, serif;\"><i><b> tipo de festivais que n\u00e3o tem entradas pagas e se n\u00e3o tem entradas pagas eu n\u00e3o consigo controlar o n\u00famero de espectadores. H\u00e1 essa dificuldade e h\u00e1 outra que \u00e9, n\u00f3s <\/b><\/i><\/span><\/span><span style=\"color: #222222;\"><span style=\"font-family: Liberation Serif, serif;\"><i><b>c\u00e2mara<\/b><\/i><\/span><\/span><span style=\"color: #222222;\"><span style=\"font-family: Liberation Serif, serif;\"><i><b> municipal n\u00e3o estamos vocacionados para a busca desses financiamentos. Fazemos mal esse trabalho, n\u00e3o estamos vocacionados. E portanto ficamos um bocadinho \u00e0 espera que nos venham bater \u00e0 porta e dizer \u2018Eu quero apoiar. Precisam de apoio?\u2019. E isto tem de mudar! Eu sei que o que brilha aos olhos de uma equipa de programa\u00e7\u00e3o \u00e9 \u2018quem \u00e9 que eu vou trazer\u2019 ou \u2018como \u00e9 que eu cruzo quem vem\u2019 ou a linha est\u00e9tica. O que n\u00e3o brilha aos olhos da equipa de <\/b><\/i><\/span><\/span><span style=\"color: #222222;\"><span style=\"font-family: Liberation Serif, serif;\"><i><b>programa\u00e7\u00e3o<\/b><\/i><\/span><\/span><span style=\"color: #222222;\"><span style=\"font-family: Liberation Serif, serif;\"><i><b> \u00e9 \u2018quem \u00e9 que eu vou bater \u00e0 porta para pagar isto\u2019. Isso \u00e9 desinteressante para os programadores. E n\u00f3s vamos ter de ter na equipa de programa\u00e7\u00e3o gente que busque esse tipo de patroc\u00ednios e ache interessante esse trabalho. Sen\u00e3o depois torna-se insustent\u00e1vel e portanto vamos ter de ter na equipa de programa\u00e7\u00e3o, gente para isso.<\/b><\/i><\/span><\/span> <\/span><\/span><\/span><\/p>\n<p align=\"justify\"><span style=\"color: #000000;\"><span style=\"font-family: Arial, serif;\"><span style=\"font-size: medium;\"><i><span style=\"color: #222222;\"><span style=\"font-family: Liberation Serif, serif;\">Artes \u00c0 Rua: 157 espect\u00e1culos e um or\u00e7amento de 500 mil euros, aproximadamente\u2026<\/span><\/span><\/i><\/span><\/span><\/span><\/p>\n<p align=\"justify\"><span style=\"color: #000000;\"><span style=\"font-family: Arial, serif;\"><span style=\"font-size: medium;\"><i><b><span style=\"color: #222222;\"><span style=\"font-family: Liberation Serif, serif;\">Que foi ultrapassado. N\u00f3s separamos o or\u00e7amento do Artes \u00e0 Rua dos outros eventos.<\/span><\/span><\/b><\/i><\/span><\/span><\/span><\/p>\n<p align=\"justify\"><span style=\"color: #000000;\"><span style=\"font-family: Arial, serif;\"><span style=\"font-size: medium;\"><i><span style=\"color: #222222;\"><span style=\"font-family: Liberation Serif, serif;\">Qual o valor que o Artes \u00e0 Rua trouxe para o territ\u00f3rio?<\/span><\/span><\/i><\/span><\/span><\/span><\/p>\n<p align=\"justify\"><span style=\"color: #000000;\"><span style=\"font-family: Arial, serif;\"><span style=\"font-size: medium;\"><i><b><span style=\"color: #222222;\"><span style=\"font-family: Liberation Serif, serif;\">N\u00e3o temos essa medida e isso \u00e9 outra coisa que vamos ter de melhorar. A C\u00e2mara Municipal n\u00e3o tem estrutura humana para isso, no pr\u00f3ximo ano vamos ter de contratar externos para fazer esse estudo. Um estudo de impacto de p\u00fablicos e o impacto na economia. Temos percep\u00e7\u00e3o de que o impacto \u00e9 enorme mas n\u00e3o temos um n\u00famero. Temos aqui uma avalia\u00e7\u00e3o que al\u00e9m de subjectiva, perfeitamente qualitativa da coisa, mas n\u00e3o temos um n\u00famero para dizer. E isso \u00e9 tamb\u00e9m algo que temos de alterar. Porque se queremos atrair patrocinadores, mecenas se quiser chamar assim, temos de saber dizer o Artes \u00e0 Rua vale isto. E n\u00f3s neste momento apenas podemos dizer que o Artes \u00e0 Rua \u00e9 \u00f3ptimo, vale muito, mas n\u00e3o sabemos quanto vale. Podemos inventar um n\u00famero mas n\u00e3o seria honesto faz\u00ea-lo. <\/span><\/span><\/b><\/i><\/span><\/span><\/span><\/p>\n<p align=\"justify\"><span style=\"color: #000000;\"><span style=\"font-family: Arial, serif;\"><span style=\"font-size: medium;\"><i><span style=\"color: #222222;\"><span style=\"font-family: Liberation Serif, serif;\">H\u00e1 possibilidade de alterar o per\u00edodo em que se realiza o Artes \u00e0 Rua ou continuar\u00e1 a ser no ver\u00e3o?<\/span><\/span><\/i><\/span><\/span><\/span><\/p>\n<p align=\"justify\"><span style=\"color: #000000;\"><span style=\"font-family: Arial, serif;\"><span style=\"font-size: medium;\"><i><b><span style=\"color: #222222;\"><span style=\"font-family: Liberation Serif, serif;\">Tem de ser no ver\u00e3o. Repare, ele acontece quando as pessoas est\u00e3o predisponiveis para sair \u00e0 rua \u00e0 noite, todos os outros per\u00edodos s\u00e3o maus para sair \u00e0 rua&#8230;<\/span><\/span><\/b><\/i><\/span><\/span><\/span><\/p>\n<p align=\"justify\"><span style=\"color: #000000;\"><span style=\"font-family: Arial, serif;\"><span style=\"font-size: medium;\"><i><span style=\"color: #222222;\"><span style=\"font-family: Liberation Serif, serif;\">Mesmo tendo uma <\/span><\/span><span style=\"color: #222222;\"><span style=\"font-family: Liberation Serif, serif;\">grande<\/span><\/span><span style=\"color: #222222;\"><span style=\"font-family: Liberation Serif, serif;\"> competi\u00e7\u00e3o de outros festivais de grandes dimens\u00f5es?<\/span><\/span><\/i><\/span><\/span><\/span><\/p>\n<p align=\"justify\"><span style=\"color: #000000;\"><span style=\"font-family: Arial, serif;\"><span style=\"font-size: medium;\"><i><b><span style=\"color: #222222;\"><span style=\"font-family: Liberation Serif, serif;\">\u00c9 <\/span><\/span><span style=\"color: #222222;\"><span style=\"font-family: Liberation Serif, serif;\">diferente.<\/span><\/span><span style=\"color: #222222;\"><span style=\"font-family: Liberation Serif, serif;\"> Quem vem para o Artes \u00e0 Rua n\u00e3o vem \u00e0 procura do grande nome. <\/span><\/span><\/b><\/i><\/span><\/span><\/span><\/p>\n<p align=\"justify\"><span style=\"color: #000000;\"><span style=\"font-family: Arial, serif;\"><span style=\"font-size: medium;\"><i><span style=\"color: #222222;\"><span style=\"font-family: Liberation Serif, serif;\">Embora aqui tamb\u00e9m os encontre\u2026<\/span><\/span><\/i><\/span><\/span><\/span><\/p>\n<p align=\"justify\"><span style=\"color: #000000;\"><span style=\"font-family: Arial, serif;\"><span style=\"font-size: medium;\"><i><b><span style=\"color: #222222;\"><span style=\"font-family: Liberation Serif, serif;\">Sim claro. Tivemos Madeleine Peiroux, Chico C\u00e9sar, Dorantes&#8230;sem que as pessoas paguem algo para os ver. Lembro que h\u00e1 festivais em que as pessoas pagam 70\/80 euros para os tr\u00eas dias de festival e muitas vezes v\u00e3o l\u00e1 apenas 1 dia para ver 1 banda. Portanto estamos a falar de coisas <\/span><\/span><span style=\"color: #222222;\"><span style=\"font-family: Liberation Serif, serif;\">diferentes<\/span><\/span><span style=\"color: #222222;\"><span style=\"font-family: Liberation Serif, serif;\">, n\u00e3o h\u00e1 competi\u00e7\u00e3o poss\u00edvel, e como \u00e9 muito alargado no tempo permite que as pessoas l\u00e1 fiquem e vejam outras coisas. Essa \u00e9 a nossa marca e portanto tem de acontecer neste per\u00edodo. Pode acontecer entre 15 de Julho e meados de Setembro, como est\u00e1 agora. Pode acontecer acabar em finais de Agosto. Ser\u00e1 por a\u00ed\u2026<\/span><\/span><\/b><\/i><\/span><\/span><\/span><\/p>\n<p align=\"justify\"><span style=\"color: #000000;\"><span style=\"font-family: Arial, serif;\"><span style=\"font-size: medium;\"><i><span style=\"color: #222222;\"><span style=\"font-family: Liberation Serif, serif;\">O m\u00eas de Junho est\u00e1 fora de quest\u00e3o?<\/span><\/span><\/i><\/span><\/span><\/span><\/p>\n<p align=\"justify\"><span style=\"color: #000000;\"><span style=\"font-family: Arial, serif;\"><span style=\"font-size: medium;\"><i><b><span style=\"color: #222222;\"><span style=\"font-family: Liberation Serif, serif;\">Est\u00e1! Est\u00e1 por v\u00e1rias raz\u00f5es. Porque temos a Feira de S\u00e3o Jo\u00e3o e temos todos os recursos dispon\u00edveis alocados \u00e0 Feira de S\u00e3o Jo\u00e3o. A Feira de S\u00e3o Jo\u00e3o \u00e9 um consumidor de recursos humanos e portanto a partir do in\u00edcio de Maio at\u00e9 ao desmontar da feira, tudo o que \u00e9 recurso est\u00e1 ali na Feira de S\u00e3o Jo\u00e3o. Antes disso temos outras iniciativas da cidade com os agentes culturais de quem ainda n\u00e3o fal\u00e1mos. Temos a Queima das Fitas, o \u00c9vora Wine&#8230;um conjunto de iniciativas que v\u00e3o ocupar espa\u00e7o, e bem. Porque a c\u00e2mara n\u00e3o tem de programar tudo! Entendemos que o Artes \u00e0 Rua est\u00e1 bem naquele per\u00edodo. Em anos de Bienal de Marionetas n\u00e3o coincide porque a Bienal \u00e9 no principio de Junho, portanto julgamos que \u00e9 o per\u00edodo ideal para que existam estas interven\u00e7\u00f5es de rua muito diversas.<\/span><\/span><\/b><\/i><\/span><\/span><\/span><\/p>\n<p align=\"justify\"><span style=\"color: #000000;\"><span style=\"font-family: Arial, serif;\"><span style=\"font-size: medium;\"><i><span style=\"color: #222222;\"><span style=\"font-family: Liberation Serif, serif;\">Para encerrar este capitulo do Artes \u00e0 Rua: Cortando a durabilidade ou na intensidade, ir\u00e1 baixar o or\u00e7amento?<\/span><\/span><\/i><\/span><\/span><\/span><\/p>\n<p align=\"justify\"><span style=\"color: #000000;\"><span style=\"font-family: Arial, serif;\"><span style=\"font-size: medium;\"><i><b><span style=\"color: #222222;\"><span style=\"font-family: Liberation Serif, serif;\">N\u00e3o.<\/span><\/span><\/b><\/i><\/span><\/span><\/span><\/p>\n<p align=\"justify\"><span style=\"color: #000000;\"><span style=\"font-family: Arial, serif;\"><span style=\"font-size: medium;\"><span style=\"color: #222222;\"><span style=\"font-family: Liberation Serif, serif;\"><i>Portanto continuar\u00e1 a rondar os 500 mil euros<\/i><\/span><\/span><span style=\"color: #222222;\"><span style=\"font-family: Liberation Serif, serif;\">?<\/span><\/span><\/span><\/span><\/span><\/p>\n<p align=\"justify\"><span style=\"color: #000000;\"><span style=\"font-family: Arial, serif;\"><span style=\"font-size: medium;\"><i><span style=\"color: #222222;\"><span style=\"font-family: Liberation Serif, serif;\"><span style=\"color: #222222; font-family: Liberation Serif, serif; font-size: medium;\"><b>N\u00e3o vou falar em n\u00fameros do or\u00e7amento. O or\u00e7amento foi ultrapassado, n\u00e3o fugimos a isso. Estamos agora a finalizar o relat\u00f3rio do Artes \u00e0 Rua, mas o or\u00e7amento foi ultrapassado mas aquilo em que pensamos \u00e9 fazer mais e melhor mas com o mesmo. Esse \u00e9 o objectivo. Sabemos que isso \u00e9 muito <\/b><\/span><span style=\"color: #222222; font-family: Liberation Serif, serif; font-size: medium;\"><b>dif\u00edcil<\/b><\/span><span style=\"color: #222222; font-family: Liberation Serif, serif; font-size: medium;\"><b>, por isso ano a ano iremos analisar o que \u00e9 poss\u00edvel. Claro que se tivermos apoios ou financiamentos externos as coisas mudar\u00e3o de figura. <\/b><\/span><\/span><\/span><\/i><\/span><\/span><\/span><\/p>\n<p align=\"justify\"><span style=\"color: #000000;\"><span style=\"font-family: Arial, serif;\"><span style=\"font-size: medium;\"><i><span style=\"color: #222222;\"><span style=\"font-family: Liberation Serif, serif;\">Falou da Feira de S\u00e3o Jo\u00e3o. N\u00e3o resisto em <\/span><\/span><span style=\"color: #222222;\"><span style=\"font-family: Liberation Serif, serif;\">perguntar<\/span><\/span><span style=\"color: #222222;\"><span style=\"font-family: Liberation Serif, serif;\"> se \u00e9 uma programa\u00e7\u00e3o mais f\u00e1cil, tendo em conta que o cartaz \u00e9 muito mais mainstream\u2026<\/span><\/span><\/i><\/span><\/span><\/span><\/p>\n<p align=\"justify\"><span style=\"color: #000000;\"><span style=\"font-family: Arial, serif;\"><span style=\"font-size: medium;\"><i><b><span style=\"color: #222222;\"><span style=\"font-family: Liberation Serif, serif;\">Sim \u00e9 mais f\u00e1cil, porque temos um card\u00e1pio de artistas para vir e \u00e9 escolher. Colocar nos dias de mais gente na rua, aquilo que \u00e9 mais popular ou est\u00e1 mais na moda. A Feira de S\u00e3o Jo\u00e3o n\u00e3o tem como objectivo principal a educa\u00e7\u00e3o de p\u00fablicos. Embora j\u00e1 tenhamos feito coisas arriscadas a Feira de S\u00e3o Jo\u00e3o. Porque achamos que mesmo na Feira de S\u00e3o Jo\u00e3o \u00e9 poss\u00edvel ir metendo coisas menos mainstream. No ano passado apost\u00e1mos de forma diferente, lembro que no concerto da Ana Moura n\u00e3o havia espa\u00e7o para a cabe\u00e7a de um alfinete \u00e0 frente do palco. O palco tamb\u00e9m mudou de s\u00edtio por causa das obras e portanto aquele palco naquele s\u00edtio tamb\u00e9m me parece ter sido uma aposta ganha, contrariamente \u00e0s expectativas de muita gente e incluindo as minhas. Portanto, a programa\u00e7\u00e3o da Feira de S\u00e3o Jo\u00e3o \u00e9 uma coisa completamente diferente. O ambiente da feira \u00e9 o ambiente da feira. Entre uma voltinha no carrossel, uma fartura e um concerto n\u00e3o h\u00e1 grande espa\u00e7o para outro tipo de programa\u00e7\u00e3o.<\/span><\/span><\/b><\/i><\/span><\/span><\/span><\/p>\n<h2 class=\"western\" align=\"center\"><span style=\"color: #2a6099;\">\u201c<i><b>Sem os agentes culturais, a oferta cultural na cidade \u00e9 seguramente muito mais pobre\u201d<\/b><\/i><\/span><\/h2>\n<p align=\"justify\"><span style=\"color: #000000;\"><span style=\"font-family: Liberation Serif, serif;\"><span style=\"font-size: medium;\"><i>H\u00e1 ideia de quantos agentes culturais existem neste momento em \u00c9vora, tendo em conta toda a criatividade que aqui acontece ao longo do ano?<\/i><b>\u00a0<\/b><\/span><\/span><\/span><\/p>\n<p><span style=\"color: #000000;\"><span style=\"font-family: Liberation Serif, serif;\"><span style=\"font-size: medium;\"><i><b>S\u00e3o muitas dezenas. Muitas dezenas de pequenos e grandes agentes culturais. S\u00e3o de geometria vari\u00e1vel. Os mesmos criadores partilham v\u00e1rios espa\u00e7os e partilham v\u00e1rios agentes culturais, mas s\u00e3o muitas dezenas. Eu queria aqui real\u00e7ar isto: apesar de a C\u00e2mara Municipal ter esta programa\u00e7\u00e3o intens\u00edssima, como aconteceu em 2019, \u00e9 a rede de programa\u00e7\u00e3o dos agentes culturais que garante que nada disto cai, nada disto \u00e9 ef\u00e9mero. Foram os agentes culturais que, quando a C\u00e2mara Municipal se demitiu do seu papel de apoiar a cultura, que garantiram que a cultura em \u00c9vora se mantivesse viva e que \u00c9vora continuasse a ser uma cidade de cultura. Portanto, continuam a ser os agentes culturais que, aconte\u00e7a o que acontecer, v\u00e3o continuar a sua tarefa e o seu papel de resist\u00eancia para conseguir garantir que esta rede, que garante que \u00c9vora \u00e9 uma cidade de cultura, se mantenha, portanto o papel dos agentes culturais \u00e9 absolutamente essencial. N\u00f3s nesta programa\u00e7\u00e3o muito intensa no ano de 2019 fomos algumas vezes questionados se n\u00e3o estar\u00edamos n\u00f3s (C\u00e2mara Municipal) com esta \u00e2nsia de p\u00f4r a cultura no topo daquilo que \u00e9 a \u00e2ncora de desenvolvimento do concelho, n\u00e3o seriamos n\u00f3s a substituir os agentes culturais, e de alguma forma a roubar espa\u00e7o aos agentes culturais. Naturalmente, que quando a C\u00e2mara programa, os agentes culturais sentem-se em competi\u00e7\u00e3o com algo que \u00e9 mais poderoso, em termos de m\u00e1quina de programa\u00e7\u00e3o, mas tamb\u00e9m \u00e9 verdade que essa complementaridade daquilo que \u00e9 a oferta dos agentes culturais, daquilo que \u00e9 oferta p\u00fablica, oferta do munic\u00edpio \u00e9 absolutamente essencial. N\u00f3s percebemos essas cr\u00edticas, ouvi-mo-las, vamos avaliar e vamos perceber se \u00e9 poss\u00edvel, porque h\u00e1 de ser poss\u00edvel,\u00a0 com certeza, criar e encontrar uma forma de que a programa\u00e7\u00e3o da C\u00e2mara Municipal n\u00e3o afaste a programa\u00e7\u00e3o dos agentes culturais, antes sejam uma complementar da outra e convivam claramente para que todos os dias haja oferta cultural na cidade. Quero sublinhar isto: sem os agentes culturais locais, sem o seu esfor\u00e7o isso n\u00e3o \u00e9 poss\u00edvel. Por muito que a C\u00e2mara Municipal programe, por muito que a C\u00e2mara Municipal crie ciclos e ciclos de programa\u00e7\u00e3o, s\u00e3o absolutamente essenciais; sem os agentes culturais, a oferta cultural na cidade \u00e9 seguramente muito mais pobre, e esse aspecto \u00e9 intoc\u00e1vel.<\/b><\/i><\/span><\/span><\/span><\/p>\n<p><span style=\"color: #000000;\"><span style=\"font-family: Liberation Serif, serif;\"><span style=\"font-size: medium;\"><i>Ser\u00e3o sempre eles a base da cultura em \u00c9vora?<\/i><\/span><\/span><\/span><\/p>\n<p><span style=\"color: #000000;\"><span style=\"font-family: Liberation Serif, serif;\"><span style=\"font-size: medium;\"><i><b>Em \u00c9vora ou em qualquer outro s\u00edtio. Sem os agentes culturais locais, sem aqueles que quando a festa acaba, quando se arrumam as cadeiras, quando no dia seguinte est\u00e3o c\u00e1 para trabalhar, sem esses n\u00e3o h\u00e1 cultura. H\u00e1 depois coisas importadas, enfim, h\u00e1 tudo, mas sem esses n\u00e3o h\u00e1 cultura local, n\u00e3o existe cria\u00e7\u00e3o local. Se queremos ser uma cidade de criadores, uma cidade que exporte cria\u00e7\u00e3o, como acontece com alguns projectos que j\u00e1 sa\u00edram, se queremos isso temos que ter agentes culturais e \u00e9 por isso que , num or\u00e7amento daquilo que \u00e9 o grande chap\u00e9u do \u201cArtes \u00e0 Rua\u201d, n\u00f3s temos uma fatia muito importante para aquilo que s\u00e3o as novas cria\u00e7\u00f5es. N\u00e3o \u00e9 um apoio para todos os agentes, mas para os criadores que v\u00eam naturalmente atrav\u00e9s dos agentes locais. E essa fatia, que \u00e9 significativa, queremos manter e alargar num contexto da programa\u00e7\u00e3o rural. E portanto, esse \u00e9 um papel absolutamente decisivo, que \u00e9 proporcionar aos novos criadores , e aos criadores de coisas novas a oportunidade de mostrar os seus projectos acabadinhos de fazer, e mostrar-lhes que \u00e9 poss\u00edvel criar neste territ\u00f3rio, e que \u00e9 poss\u00edvel dar um passo para mostrar tamb\u00e9m fora do concelho e fora do Alentejo.<\/b><\/i><\/span><\/span><\/span><\/p>\n<h1 class=\"western\"><span style=\"color: #2a6099;\">\u201c<i>A cultura tem trazido pessoas para viver em \u00c9vora\u201d.<\/i><\/span><\/h1>\n<p><span style=\"color: #000000;\"><span style=\"font-family: Liberation Serif, serif;\"><span style=\"font-size: medium;\"><i>A cultura tem trazido pessoas para viver em \u00c9vora?<\/i><\/span><\/span><\/span><\/p>\n<p><span style=\"color: #000000;\"><span style=\"font-family: Liberation Serif, serif;\"><span style=\"font-size: medium;\"><i><b>A cultura tem trazido pessoas para viver em \u00c9vora. N\u00e3o tantas como n\u00f3s desejar\u00edamos, mas t\u00eam trazido pessoas. Esta visibilidade nacional e at\u00e9 internacional daquilo que vai acontecendo no panorama cultural em \u00c9vora, obviamente que tr\u00e1s mais gente da cultura para viver em \u00c9vora. Quanto \u00e0s pessoas que v\u00eam viver em \u00c9vora por outras raz\u00f5es, por actividades econ\u00f3micas que est\u00e3o aqui a acontecer em \u00c9vora e que s\u00e3o muitas. Obviamente que escolhe \u00c9vora pela sua actividade e oferta cultural, queremos acreditar que esse \u00e9 um factor diferenciador, n\u00e3o \u00e9 a mesma coisa viver numa cidade que tem estes ciclos todos de programa\u00e7\u00e3o e que tem estes agentes culturais todos a trabalhar e viver numa cidade que tem a programa\u00e7\u00e3o da sua feira anual e nada mais.<\/b><\/i><\/span><\/span><\/span><\/p>\n<p><span style=\"color: #000000;\"><span style=\"font-family: Liberation Serif, serif;\"><span style=\"font-size: medium;\"><i>Pode-se dizer que tamb\u00e9m est\u00e1 em vantagem por estar a uma hora e meia de Lisboa de transportes&#8230;<\/i><\/span><\/span><\/span><\/p>\n<p><span style=\"color: #000000;\"><span style=\"font-family: Liberation Serif, serif;\"><span style=\"font-size: medium;\"><i><b>Tem essa vantagem e essa desvantagem. Temos de transformar essa proximidade ainda mais em vantagem, porque se \u00e9 uma vantagem tamb\u00e9m \u00e9 uma desvantagem.<\/b><\/i><\/span><\/span><\/span><\/p>\n<p><span style=\"color: #000000;\"><span style=\"font-family: Liberation Serif, serif;\"><span style=\"font-size: medium;\"><i>Porque v\u00e3o pessoas daqui para l\u00e1?<\/i><\/span><\/span><\/span><\/p>\n<p><span style=\"color: #000000;\"><span style=\"font-family: Liberation Serif, serif;\"><span style=\"font-size: medium;\"><i><b>Exactamente. E tamb\u00e9m h\u00e1 p\u00fablico que vem, portanto \u00e9 uma vantagem e uma desvantagem. Obviamente que estar a uma hora e meia de Lisboa, a uma hora de Badajoz, portanto da estremadura espanhola s\u00e3o vantagens. \u00c9 por estar numa localiza\u00e7\u00e3o geogr\u00e1fica em termos\u00a0 competitivos com outras regi\u00f5es; j\u00e1 que estamos mesmo no centro da conflu\u00eancia, de boas vias de comunica\u00e7\u00e3o: como as autoestradas, os transportes p\u00fablicos ainda n\u00e3o s\u00e3o em particular, os transportes ferrovi\u00e1rios que podiam ter outra frequ\u00eancia, isso seria \u00f3ptimo. Mas de facto \u00e9 uma localiza\u00e7\u00e3o privilegiada e por isso temos cada vez mais, por exemplo, gente da Estremadura Espanhola a vir, a ficar e a estar e cada vez temos mais projectos cruzados, at\u00e9 com o governo da Estremadura e com a Universidade de Badajoz, a C\u00e2mara de Badajoz, e h\u00e1 aqui um conjunto de parcerias que se v\u00e3o afirmando e a localiza\u00e7\u00e3o \u00e9 decisiva para isso.\u00a0<\/b><\/i><\/span><\/span><\/span><\/p>\n<p>&nbsp;<\/p>\n<p><span style=\"color: #000000;\"><span style=\"font-family: Liberation Serif, serif;\"><span style=\"font-size: medium;\"><i>Neste momento, existe a candidatura a Capital Europeia da Cultura em 2020. Em que ponto \u00e9 que est\u00e1 essa candidatura?<\/i><\/span><\/span><\/span><\/p>\n<p><span style=\"color: #000000;\"><span style=\"font-family: Liberation Serif, serif;\"><span style=\"font-size: medium;\"><i><b>Neste momento, estamos na fase de avan\u00e7ar aquilo que \u00e9 participa\u00e7\u00e3o p\u00fablica, estamos construir um documento aberto, que vir\u00e1 a ser a base a discuss\u00e3o. Neste momento temos contratado o Sr. Fleming , que est\u00e1 neste momento a fazer consultas, entrevistas a Presidentes da C\u00e2mara aqui \u00e0 volta , a outras individualidades. Como sabe a candidatura \u00e9 \u00c9vora-Alentejo, portanto queremos toda a gente envolvida. O passo seguinte, a seguir a pr\u00f3xima reuni\u00e3o da Comiss\u00e3o Executiva, \u00e9 o lan\u00e7amento da discuss\u00e3o p\u00fablica, a cria\u00e7\u00e3o da equipa t\u00e9cnica especifica, que ir\u00e1 sair daqui do edif\u00edcio da C\u00e2mara, e ir\u00e1 ter instala\u00e7\u00f5es pr\u00f3prias que em principio ser\u00e3o na Torre do Salvador, portanto o autonomizar da candidatura da C\u00e2mara Municipal, e depois a discuss\u00e3o do modelo de governa\u00e7\u00e3o. \u00c9 uma discuss\u00e3o muito interessante que tem a haver com o tipo de estrutura que criamos para a candidatura, sabendo que todas aquelas que vimos at\u00e9 hoje assentam ou numa funda\u00e7\u00e3o de direito privado, ou uma funda\u00e7\u00e3o de direito p\u00fablico, de todas aquelas que est\u00e3o dispon\u00edveis a n\u00edvel jur\u00eddico, qual \u00e9 aquela que melhor se adequa ao contexto de \u00c9vora e ao contexto destes parceiros de candidatura. Dentro desses h\u00e1 entidades p\u00fablicas na sua\u00a0 maioria e h\u00e1 entidades privadas, e as entidades p\u00fablicas t\u00eam n\u00edveis de autonomia relativamente \u00e0s diversas tutelas muito diferentes. Temos que encontrar aqui uma estrutura que sirva a todos e que seja \u00e1gil, porque n\u00e3o se comparece com aquilo que \u00e9 a lentid\u00e3o democr\u00e1tica dos processos administrativos normais na Administra\u00e7\u00e3o Publica, portanto tem que se encontrar essa solu\u00e7\u00e3o e em cima da mesa est\u00e3o v\u00e1rias propostas e que sair\u00e1 na pr\u00f3xima reuni\u00e3o da Comiss\u00e3o Executiva que est\u00e1 marcada para breve.<\/b><\/i><\/span><\/span><\/span><\/p>\n<p>&nbsp;<\/p>\n<h2 class=\"western\" align=\"center\"><span style=\"color: #2a6099;\">\u201c(\u2026) Esta coisa da Capital Europeia da Cultura n\u00e3o \u00e9 um ano de programa\u00e7\u00e3o, mas trata-se da constru\u00e7\u00e3o de cidades (&#8230;)\u201d<\/span><\/h2>\n<p><span style=\"color: #000000;\"><span style=\"font-family: Liberation Serif, serif;\"><span style=\"font-size: medium;\"><i>Penso que tamb\u00e9m Guarda se ir\u00e1 candidatar a capital da cultura de 2027, n\u00e3o seria importante , a n\u00edvel nacional, que houvesse apenas uma \u00fanica candidatura?<\/i><\/span><\/span><\/span><\/p>\n<p><span style=\"color: #000000;\"><span style=\"font-family: Liberation Serif, serif;\"><span style=\"font-size: medium;\"><i><b>Esse modelo de candidatura j\u00e1 n\u00e3o existe. O modelo que existe agora \u00e9 um modelo de competi\u00e7\u00e3o interna, e depois de fazer uma pequena lista de candidatos \u00e9 apresentada a candidatura na Uni\u00e3o Europeia, o que levou a nove cidades a apresentar candidaturas: Guarda, Leiria, Aveiro, Braga, Coimbra, Faro, Ponta Delgada e Oeiras, mas n\u00e3o nos preocupamos muito com a concorr\u00eancia. Eu acho que se estas nove cidades trabalharem as suas candidaturas \u00e9 \u00f3ptimo, porque teremos nove cidades melhores em 2027 independentemente de haver s\u00f3 1, que espero eu que seja \u00c9vora, que fica com o pin na lapela do casaco. \u00c9 um desafio que pode levar a que mais cidades melhorem o seu envolvimento na cultura. E quer dizer que esta coisa da Capital Europeia da Cultura n\u00e3o \u00e9 um ano de programa\u00e7\u00e3o, mas trata-se da constru\u00e7\u00e3o de cidades que envolve tudo: urbanismo, limpeza, habita\u00e7\u00e3o, cultura. E a defini\u00e7\u00e3o de estrat\u00e9gia que aqui iremos candidatar \u00e9 para al\u00e9m de 2027, e pelo menos at\u00e9 2030, por isso \u00e9 que as cidades que est\u00e3o a trabalhar nas candidaturas est\u00e3o claramente apostadas na defini\u00e7\u00e3o da sua estrat\u00e9gia ate 2030, at\u00e9 para coincidir com o pr\u00f3ximo quadro comunit\u00e1rio. E essa \u00e9 que \u00e9 uma vis\u00e3o que temos que ter, aqueles que pensam \u201cQuem apresentar a melhor programa\u00e7\u00e3o cultural para aquele ano \u00e9 quem ganha\u201d, esque\u00e7am isso, porque n\u00e3o \u00e9 disso que se trata. Trata-se muito mais do que isso. Trata-se de usar a cultura como o motor de desenvolvimento, mas toca todos os aspectos essenciais da cidade, e portanto estamos a falar de cria\u00e7\u00e3o de cidade.<\/b><\/i><\/span><\/span><\/span><\/p>\n<p><span style=\"color: #000000;\"><span style=\"font-family: Liberation Serif, serif;\"><span style=\"font-size: medium;\"><i>Mas isso tamb\u00e9m n\u00e3o se deve ao facto das pessoas actualmente uma ideia errada de cultura? As pessoas olham para a cultura, como por exemplo, apenas um concerto, pe\u00e7a de teatro, cinema, quando cultura \u00e9 muito mais abrangente.<\/i><\/span><\/span><\/span><\/p>\n<p><span style=\"color: #000000;\"><span style=\"font-family: Liberation Serif, serif;\"><span style=\"font-size: medium;\"><i><b>Tem a haver com isso. As pessoas acham que a cultura se resume \u00e0 cria\u00e7\u00e3o de uns quantos que fazem coisas menos compreensivas para uns, mais compreensivas para outros, ou que a cultura \u00e9 o grande espect\u00e1culo numa pra\u00e7a de touros ou uma pra\u00e7a p\u00fablica, sendo que \u00e9 muito mais do que isso. E tem de contaminar toda a sociedade, e tem que ser aquilo que nos diferencia dos outros animais, n\u00e3o \u00e9?\u00a0<\/b><\/i><\/span><\/span><\/span><\/p>\n<p><span style=\"color: #000000;\"><span style=\"font-family: Liberation Serif, serif;\"><span style=\"font-size: medium;\"><i>E conv\u00e9m criar discuss\u00e3o?<\/i><\/span><\/span><\/span><\/p>\n<p><span style=\"color: #000000;\"><span style=\"font-family: Liberation Serif, serif;\"><span style=\"font-size: medium;\"><i><b>E conv\u00e9m criar discuss\u00e3o. Quando falamos em gest\u00e3o human\u00edstica , e quando falamos em interven\u00e7\u00e3o em espa\u00e7o publico, estamos a falar de cultura. N\u00e3o \u00e9 indiferente apostar num determinado tipo de planeamento urban\u00edstico, quando falamos da revis\u00e3o do Plano da Urbaniza\u00e7\u00e3o de \u00c9vora, n\u00e3o estamos a falar apenas de constru\u00e7\u00e3o, mas tamb\u00e9m a falar de cultura em termos de cidade. A cultura tem de contaminar tudo e tem que se contaminada por tudo<\/b><\/i><\/span><\/span><\/span><\/p>\n<p>&nbsp;<\/p>\n<p><em><span style=\"color: #000000;\"><span style=\"font-family: Liberation Serif, serif;\"><span style=\"font-size: medium;\">A cultura pode ser quase comparada com identidade .<\/span><\/span><\/span><\/em><\/p>\n<p><span style=\"color: #000000;\"><span style=\"font-family: Liberation Serif, serif;\"><span style=\"font-size: medium;\"><i><b>A identidade \u00e9 um dos aspectos essenciais da cultura, sendo que aqui n\u00e3o falamos de identidade como factor de exclus\u00e3o, mas como identidade em forma de estar, como forma de viver a cidade, e isso \u00e9 tamb\u00e9m a base da cultura .<\/b><\/i><\/span><\/span><\/span><\/p>\n<p><span style=\"color: #000000;\"><span style=\"font-family: Liberation Serif, serif;\"><span style=\"font-size: medium;\"><i>Falando dos equipamentos da cidade, come\u00e7ando com o Teatro Garcia de Resende, que foi agora assinado o contrato de empreitada, eram obras que eram mais do que necess\u00e1rias para o edif\u00edcio hist\u00f3rico e \u00fanico a n\u00edvel nacional. Presumo que esteja muito satisfeito.<\/i><\/span><\/span><\/span><\/p>\n<p><span style=\"color: #000000;\"><span style=\"font-family: Liberation Serif, serif;\"><span style=\"font-size: medium;\"><i><b>Estou muito satisfeito com o teatro, com o sal\u00e3o central, e com o parque de estacionamento. Mas estou satisfeito porque esta interven\u00e7\u00e3o n\u00e3o era a interven\u00e7\u00e3o que n\u00f3s quer\u00edamos, pois n\u00e3o existia dinheiro dispon\u00edvel, mas foi uma interven\u00e7\u00e3o de 1.300.000\u20ac, que vai criar no teatro outras condi\u00e7\u00f5es de seguran\u00e7a. Muito gostar\u00edamos n\u00f3s de tratar de outros problemas, mas n\u00e3o \u00e9 poss\u00edvel para j\u00e1, mas \u00e9 uma obra que vai garantir as quest\u00f5es de seguran\u00e7a do teatro. N\u00f3s temos estado a utilizar o teatro em condi\u00e7\u00f5es prec\u00e1rias em termos de seguran\u00e7a, e era preciso do tal para que o teatro, \u00e0 semelhan\u00e7a dos outros,\u00a0 tivesse uma licen\u00e7a de utiliza\u00e7\u00e3o normal para poder ser utilizado. Portanto esta interven\u00e7\u00e3o, que se pretende que n\u00e3o se note que ocorreu, era absolutamente essencial \u00e0 semelhan\u00e7a do que foi a interven\u00e7\u00e3o\u00b4ao Pal\u00e1cio de D. Manuel e que est\u00e1 agora a terminar, que vai acontecer no Teatro e no Sal\u00e3o Central que vai devolver \u00e0 cidade um equipamento cultural. Estes conjuntos de interven\u00e7\u00f5es, que est\u00e3o implementados no Plano Estrat\u00e9gico de Desenvolvimento Urbano s\u00e3o absolutamente essenciais. Gostar\u00edamos que tivessem acontecido mais cedo, mas os Processos Burocr\u00e1ticos de Avalia\u00e7\u00e3o de Contrata\u00e7\u00e3o P\u00fablica s\u00e3o terr\u00edveis, e neste momento ainda estamos \u00e0 espera do visto do Tribunal de Contas para avan\u00e7ar com as duas obras (a do Sal\u00e3o Central e a do Teatro). Prevemos que tudo fique resolvido at\u00e9 ao final do ano do Sal\u00e3o Central e que no primeiro m\u00eas de 2020 tenhamos o visto tamb\u00e9m do Teatro, e isso tamb\u00e9m \u00e9 essencial \u00e0 cria\u00e7\u00e3o desta rede de equipamentos\u00a0 que tamb\u00e9m \u00e9 importante. Quando pensamos numa candidatura a Capital Europeia da Cultura, demonstra que estamos a aumentar a nossa rede de equipamentos culturais.\u00a0<\/b><\/i><\/span><\/span><\/span><\/p>\n<p>&nbsp;<\/p>\n<h2 class=\"western\" align=\"center\"><span style=\"color: #2a6099;\">\u201c<i><b>Ser\u00e1 muito bom que essa cr\u00edtica venha , porque significa que o objectivo foi cumprido.\u201d<\/b><\/i><\/span><\/h2>\n<p>&nbsp;<\/p>\n<p><span style=\"color: #000000;\"><span style=\"font-family: Liberation Serif, serif;\"><span style=\"font-size: medium;\"><i>Referiu obra pode n\u00e3o ser muito vis\u00edvel. Pergunto-lhe o seguinte: J\u00e1 se est\u00e1 a preparar para que o povo diga que foram gastos 1.300.000\u20ac e que n\u00e3o se v\u00ea nada de novo no teatro?<\/i><\/span><\/span><\/span><\/p>\n<p><span style=\"color: #000000;\"><span style=\"font-family: Liberation Serif, serif;\"><span style=\"font-size: medium;\"><i><b>Ser\u00e1 muito bom que essa cr\u00edtica venha , porque significa que o objectivo foi cumprido. Com certeza que se ver\u00e3o coisas novas, com certeza que o aspecto do exterior do teatro, com a recupera\u00e7\u00e3o dos v\u00e3os e janelas seja vis\u00edvel, quando digo que n\u00e3o se vai espero que o impacto seja m\u00ednimo dentro da sala de espect\u00e1culos, como \u00e9 evidente, que o cheiro daquele teatro centen\u00e1rio seria um desastre. Mas se vier essa critica, entramos na sala e tudo estar\u00e1 na mesma e ser\u00e1 \u00f3ptimo.<\/b><\/i><\/span><\/span><\/span><\/p>\n<p><span style=\"color: #000000;\"><span style=\"font-family: Liberation Serif, serif;\"><span style=\"font-size: medium;\"><i>Outro dos equipamentos que tem uma programa\u00e7\u00e3o completamente diferente \u00e9 a Antiga Pra\u00e7a de Touros , considerada Arena. Qual \u00e9 o posicionamento enquanto Vereador da Cultura quanto \u00e0quele equipamento?<\/i><\/span><\/span><\/span><\/p>\n<p><span style=\"color: #000000;\"><span style=\"font-family: Liberation Serif, serif;\"><span style=\"font-size: medium;\"><i><b>Aquele equipamento tem caracter\u00edsticas pr\u00f3prias e n\u00e3o possui caracter\u00edsticas de grande qualidade para um espect\u00e1culo , qualquer um que tenha assistido a um espect\u00e1culo na arena sabe disso, mas ainda assim \u00e9 \u00fanico equipamento que temos na cidade que pode levar ate 2.000 pessoas, portanto para espect\u00e1culos com pot\u00eancia para grandes p\u00fablicos. A programa\u00e7\u00e3o daquele equipamento ir\u00e1 mudar em 2020 e iremos ter um maior cuidado com a programa\u00e7\u00e3o. Temos sido passivos , aceitamos as propostas para aquele espa\u00e7o, sejam mais populares ou mais mainstream, e ir\u00e1 manter-se assim. N\u00e3o vejo grandes altera\u00e7\u00f5es, mas iremos ser mais cuidadosos naquilo que \u00e9 a programa\u00e7\u00e3o, n\u00e3o afastando da arena aquilo que s\u00e3o os espect\u00e1culos de cariz menos exigente, menos culturais e mais de entretenimento, portanto essa vertente ir\u00e1 manter-se na arena, tentando n\u00f3s que a coisa se aproxime mais daquilo que \u00e9 a exig\u00eancia da interven\u00e7\u00e3o cultural, mantendo aquilo que a sala tenha de caracter\u00edsticas relacionadas com o entretenimento.<\/b><\/i><\/span><\/span><\/span><\/p>\n<p>&nbsp;<\/p>\n<p><span style=\"color: #000000;\"><span style=\"font-family: Liberation Serif, serif;\"><span style=\"font-size: medium;\"><i>Alterando a programa\u00e7\u00e3o e tendo a C\u00e2mara uma presen\u00e7a mais forte, portanto define mesmo essa programa\u00e7\u00e3o, como vai ser o trabalho em conjunto, como por exemplo com as Corridas de Touros?\u00a0<\/i><\/span><\/span><\/span><\/p>\n<p><span style=\"color: #000000;\"><span style=\"font-family: Liberation Serif, serif;\"><span style=\"font-size: medium;\"><i><b>Aquilo \u00e9 um trabalho conjunto. A C\u00e2mara anterior quando aceitou ficar coma posse da Pra\u00e7a de Touros um largo n\u00famero de anos, em troco das obras que l\u00e1 foram realizadas, assinou um protocolo, que garante que a Pra\u00e7a de Touros \u00e9 usada pela fam\u00edlia propriet\u00e1ria at\u00e9 dez corridas de touros. S\u00e3o espect\u00e1culos que a C\u00e2mara Municipal n\u00e3o tem qualquer interesse ou motiva\u00e7\u00e3o. Ap\u00f3s dias de montagem e de desmontagem, volta para a fam\u00edlia propriet\u00e1ria que envia um conjunto de datas. N\u00f3s conjugamos as datas com aquilo que vai acontecer, e quando o protocolo chegar ao fim, ter\u00e1 que necessariamente rever-se o protocolo. As datas s\u00e3o acertadas no final de cada ano para o ano seguinte.<\/b><\/i><\/span><\/span><\/span><\/p>\n<p>&nbsp;<\/p>\n<p><span style=\"color: #000000;\"><span style=\"font-family: Liberation Serif, serif;\"><span style=\"font-size: medium;\"><i>Esse protocolo tem durabilidade at\u00e9 quando?<\/i><\/span><\/span><\/span><\/p>\n<p><span style=\"color: #000000;\"><span style=\"font-family: Liberation Serif, serif;\"><span style=\"font-size: medium;\"><i><b>N\u00e3o sei a data de cor, mas sei que ainda faltam uns belos anos para ele se cumprir.<\/b><\/i><\/span><\/span><\/span><\/p>\n<p>&nbsp;<\/p>\n<p><span style=\"color: #000000;\"><span style=\"font-family: Liberation Serif, serif;\"><span style=\"font-size: medium;\"><i>Uma das cidades que tamb\u00e9m se vai candidatar a Capital Europeia da Cultura \u00e9 Leiria, e foi pol\u00e9mico para alguns jornais nacionais e regionais o facto de n\u00e3o integrarem a Feira de Abiul. Aquilo que pergunto \u00e9 o seguinte: sendo esta uma candidatura do Alentejo, de \u00c9vora, estando a cultura taurom\u00e1quica implementada nesta regi\u00e3o, qual ser\u00e1 o posicionamento da C\u00e2mara perante isto, na candidatura de \u00c9vora a Capital Europeia?<\/i><\/span><\/span><\/span><\/p>\n<p><i><b style=\"color: #000000; font-family: 'Liberation Serif', serif; font-size: medium;\">A C\u00e2mara n\u00e3o ter\u00e1 um posicionamento pr\u00f3prio quanto a isso, ou seja, quando lan\u00e7armos a discuss\u00e3o p\u00fablica, v\u00e3o ser os cidad\u00e3os que v\u00e3o definir a tal estrat\u00e9gia de 2030, da interven\u00e7\u00e3o cultural na cidade, \u00e9 no \u00e2mbito dessa discuss\u00e3o que poder\u00e1 aparecer\u00a0 quest\u00e3o da tauromaquia, portanto \u00e9 nesse \u00e2mbito que a discuss\u00e3o se dar\u00e1. N\u00e3o h\u00e1, \u00e0 partida, da C\u00e2mara Municipal neste momento definida qualquer posi\u00e7\u00e3o referente a isso. E portanto, na constru\u00e7\u00e3o da estrat\u00e9gia: o que \u00e9 que \u00e9 inclu\u00eddo, o que \u00e9 que n\u00e3o \u00e9, o que \u00e9 identit\u00e1rio, o que \u00e9 que \u00e9 de <\/b><span style=\"color: #000000; font-family: Liberation Serif, serif; font-size: medium;\"><b>ruptura<\/b><\/span><b style=\"color: #000000; font-family: 'Liberation Serif', serif; font-size: medium;\">, isso \u00e9 a defini\u00e7\u00e3o da estrat\u00e9gia, da tal estrat\u00e9gia a definir\u00a0 at\u00e9 2020 e que se tenha candidatado. Sabemos que o assunto \u00e9 pol\u00e9mico, qualquer a nota que saia relativamente a essa mat\u00e9ria da estrat\u00e9gia ir\u00e1 provocar discuss\u00e3o acesa, mas as discuss\u00f5es acesas, desde que caminhem no bom sentido est\u00e3o certas. N\u00f3s n\u00e3o temos nenhuma posi\u00e7\u00e3o ainda relativamente a essa mat\u00e9ria .<\/b><\/i><\/p>\n<p>&nbsp;<\/p>\n<p><span style=\"color: #000000;\"><span style=\"font-family: Liberation Serif, serif;\"><span style=\"font-size: medium;\"><i>Mas se essa hip\u00f3tese se se colocar na abordagem p\u00fablica, a tauromaquia n\u00e3o estar\u00e1 \u00e0 partida bloqueada dessa estrat\u00e9gia?<\/i><\/span><\/span><\/span><\/p>\n<p><span style=\"color: #000000;\"><span style=\"font-family: Liberation Serif, serif;\"><span style=\"font-size: medium;\"><i><b>Neste momento n\u00e3o posso fazer nenhum tipo de afirma\u00e7\u00e3o relacionada a isso. Nem relacionado com a tauromaquia, nem com o que for. Seria mau da minha parte estar em nome da C\u00e2mara e dizer se est\u00e1 bloqueado ou n\u00e3o. O processo da constru\u00e7\u00e3o da estrat\u00e9gia \u00e9 p\u00fablico, participado e temos de falar com toda a gente. A equipa t\u00e9cnica que vai construir a estrat\u00e9gia a falar com toda a gente , e depois ver-se-\u00e1.<\/b><\/i><\/span><\/span><\/span><\/p>\n<p>&nbsp;<\/p>\n<p><span style=\"color: #000000;\"><span style=\"font-family: Liberation Serif, serif;\"><span style=\"font-size: medium;\"><i>Para 2020, o que \u00e9 que j\u00e1 pode adiantar relativamente \u00e0 Programa\u00e7\u00e3o Cultural de \u00c9vora? Presumo que j\u00e1 esteja a ser trabalhada.<\/i><\/span><\/span><\/span><\/p>\n<p><span style=\"color: #000000;\"><span style=\"font-family: Liberation Serif, serif;\"><span style=\"font-size: medium;\"><i><b>Sim. Em 2020 iremos ter naturalmente uma programa\u00e7\u00e3o assente praticamente nos mesmos ciclos. N\u00f3s em 2020 temos aqui um problema que n\u00e3o \u00e9 f\u00e1cil de resolver. H\u00e1 pouco, perguntou-me se estava contente com o Teatro estar em obras, estou muito satisfeito. Contudo, o Teatro vai estar fechado h\u00e1 volta de 450 dias. E portanto, toda aquele ciclo de programa\u00e7\u00e3o que l\u00e1 acontecia no Teatro, n\u00e3o vai poder acontecer no Teatro e temos que encontrar espa\u00e7os para que ele aconte\u00e7a, e \u00e9 nisso que estamos a trabalhar neste momento e acreditamos que \u00e9 poss\u00edvel. Vamos manter todos (ou quase todos) os ciclos de programa\u00e7\u00e3o que fizemos para o Teatro de Garcia Resende este ano. Todos aqueles ciclos que j\u00e1 fizemos pode sair um ou outro daqueles que s\u00e3o extens\u00f5es de festivais fora daqui, porque estando limitado a um espa\u00e7o vamos ter que tomar op\u00e7\u00f5es, e as op\u00e7\u00f5es s\u00e3o sempre em fun\u00e7\u00e3o daquilo que se vai sedimentando aqui, e n\u00e3o em fun\u00e7\u00e3o de extens\u00f5es que venham de fora. Relativamente \u00e0 chamada para os criadores locais ir\u00e1 manter-se, o \u201cArtes \u00e0 Rua\u201d ir\u00e1 manter-se tamb\u00e9m, estamos a discutir neste momento a quest\u00e3o da densidade e a quest\u00e3o da dura\u00e7\u00e3o. Portanto aquilo que lhe posso adiantar para 2020\u00a0 \u00e9 que, n\u00e3o tendo esse equipamento, iremos tudo fazer para que os ciclos de programa\u00e7\u00e3o para este ano se mantenham no pr\u00f3ximo ano de 2020. Continuemos naturalmente a apoiar aquilo que \u00e9 a programa\u00e7\u00e3o de outros agentes em co-produ\u00e7\u00e3o, como na realiza\u00e7\u00e3o de pequenos encontros que acontecem em per\u00edodos de 3 dias. Como lhe digo, temos aqui um desafio pela frente que \u00e9 encontrar um espa\u00e7o que a partir de Mar\u00e7o.<\/b><\/i><\/span><\/span><\/span><\/p>\n<p>&nbsp;<\/p>\n<p><span style=\"color: #000000;\"><span style=\"font-family: Liberation Serif, serif;\"><span style=\"font-size: medium;\"><i>Quais s\u00e3o as alternativas ao Teatro?<\/i><\/span><\/span><\/span><\/p>\n<p><span style=\"color: #000000;\"><span style=\"font-family: Liberation Serif, serif;\"><span style=\"font-size: medium;\"><i><b>S\u00e3o poucas. Existe a possibilidade na ex-Rodovi\u00e1ria criar um espa\u00e7o, e a possibilidade de atrav\u00e9s do arrendamento de um barrac\u00e3o fora do centro hist\u00f3rico. Temos tamb\u00e9m como alternativa, em parceria com a Universidade, de usar o audit\u00f3rio.\u00a0 Qualquer uma destas alternativas, tirando aquelas que s\u00e3o de partilha de espa\u00e7os com outras institui\u00e7\u00f5es, vai implicar um investimento pesado para criar um espa\u00e7o em condi\u00e7\u00f5es para espect\u00e1culos. Portanto, \u00e9 neste balan\u00e7o que n\u00f3s estamos. Prefer\u00edamos, j\u00e1 que temos de investir, investir num espa\u00e7o que depois das obras do Garcia ficasse, do que investir num espa\u00e7o que, quando acabar as obras do Garcia , tiv\u00e9ssemos que devolver ao dono e desmontar a tenda e l\u00e1 vai todo o investimento que fizemos. Estamos a alinhar este tipo de alternativas.<\/b><\/i><\/span><\/span><\/span><\/p>\n<p><span style=\"color: #000000;\"><span style=\"font-family: Liberation Serif, serif;\"><span style=\"font-size: medium;\"><i>J\u00e1 tem nomes contratados para o \u201cArte \u00c0 Rua\u201d do pr\u00f3ximo ano?<\/i><\/span><\/span><\/span><\/p>\n<p><span style=\"color: #000000;\"><span style=\"font-family: Liberation Serif, serif;\"><span style=\"font-size: medium;\"><i><b>H\u00e1 ideias, h\u00e1 um cartaz que se vai discutindo, mas \u00e9 cedo para anunciar.<\/b><\/i><\/span><\/span><\/span><\/p>\n<p><span style=\"color: #000000;\"><span style=\"font-family: Liberation Serif, serif;\"><span style=\"font-size: medium;\"><i>Para a Passagem de Ano em \u00c9vora, no ano passado foi feita uma aposta muito arriscada, mas que resultou muito bem. Este ano, j\u00e1 pode anunciar que ir\u00e1 fazer a Passagem de Ano?<\/i><\/span><\/span><\/span><\/p>\n<p><span style=\"color: #000000;\"><span style=\"font-family: Liberation Serif, serif;\"><span style=\"font-size: medium;\"><i><b>J\u00e1 sim senhora. S\u00e3o um grupo que vem de Espanha , um grupo de festa, que se chama Eskorzo. \u00c9 um grupo muito na onda das fus\u00f5es e misturas de metais , para dan\u00e7ar a noite toda , tal como no ano passado, h\u00e1 dois anos, enfim. Se consultarem no YouTube, v\u00e3o verificar que \u00e9 a partir a noite toda.<\/b><\/i><\/span><\/span><\/span><\/p>\n<p><span style=\"color: #000000;\"><span style=\"font-family: Liberation Serif, serif;\"><span style=\"font-size: medium;\"><i>Portanto, numa data emblem\u00e1tica em que v\u00e1rios locais e cidades apostam em nomes mainstream,volta a arriscara aqui num nome menos conhecido, \u00e9 isso?<\/i><\/span><\/span><\/span><\/p>\n<p><span style=\"color: #000000;\"><span style=\"font-family: Liberation Serif, serif;\"><span style=\"font-size: medium;\"><i><b>\u00c9 uma noite de festa, e de facto as pessoas v\u00e3o para a Pra\u00e7a de Giraldo, v\u00e3o perder o espect\u00e1culo naturalmente, mas v\u00e3o para a Pra\u00e7a para se abra\u00e7arem umas as outras e desejarem um bom ano, em ambiente de festa, e Eskorzo como outros que trouxemos em anos anteriores, garantem\u00a0 seguramente uma noite de festa em que as pessoas dan\u00e7am despreocupadamente. Esta n\u00e3o \u00e9 uma noite para grandes reflex\u00f5es, \u00e9 uma noite para dan\u00e7ar, para brindar, portanto esta banda cumpre esse fim. Trazer um grande nome, fazer um espect\u00e1culo em que as pessoas tenham que estar muito atentas ao que se passa em palco e o que se passa no parque numa noite como esta n\u00e3o nos pareceu que fosse melhor. Claro que teremos naturalmente os apoios habituais e as criticas habituais, mas c\u00e1 estaremos para isso, o que queremos \u00e9 a Pra\u00e7a de Giraldo cheia de gente a dan\u00e7ar ao som dos Eskorzo, que s\u00e3o uma banda muito animada.<\/b><\/i><\/span><\/span><\/span><\/p>\n<p><span style=\"color: #000000;\"><span style=\"font-family: Liberation Serif, serif;\"><span style=\"font-size: medium;\"><i>Para terminar, o que tem sido mais f\u00e1cil na sua actividade enquanto Vereador?<\/i><\/span><\/span><\/span><\/p>\n<p><span style=\"color: #000000;\"><span style=\"font-family: Liberation Serif, serif;\"><span style=\"font-size: medium;\"><i><b>O mais f\u00e1cil na minha actividade como Vereador \u00e9 fazer o que gosto, que \u00e9 trabalhar para a cidade, \u00e9 saber que aquilo que n\u00f3s fazemos todos aqui nesta equipa dos eleitos \u00e9 tudo o que est\u00e1 ao nosso alcance para trabalhar para a cidade.<\/b><\/i><\/span><\/span><\/span><\/p>\n<p>&nbsp;<\/p>\n<h2 class=\"western\" align=\"center\"><span style=\"color: #2a6099;\">\u201c<i><b>As incompreens\u00f5es s\u00e3o sempre o mais dif\u00edcil de resolver dentro da nossa equipa.\u201d<\/b><\/i><\/span><\/h2>\n<p>&nbsp;<\/p>\n<p><span style=\"color: #000000;\"><span style=\"font-family: Liberation Serif, serif;\"><span style=\"font-size: medium;\"><i>E o mais dif\u00edcil?<\/i><\/span><\/span><\/span><\/p>\n<p><span style=\"color: #000000;\"><span style=\"font-family: Liberation Serif, serif;\"><span style=\"font-size: medium;\"><i><b>As incompreens\u00f5es s\u00e3o sempre o mais dif\u00edcil de resolver dentro da nossa equipa. Chegar ao fim do dia fazendo as coisas bem e outras mal, como toda a gente na vida, e chegar ao fim do dia e a cr\u00edtica que vem n\u00e3o \u00e9 relativamente ao que fizemos mal, mas ao que fizemos bem, isso sim \u00e9 o mais dif\u00edcil de ultrapassar.<\/b><\/i><\/span><\/span><\/span><\/p>\n<p>&nbsp;<\/p>\n<p><span style=\"color: #000000;\"><span style=\"font-family: Liberation Serif, serif;\"><span style=\"font-size: medium;\"><i>Enquanto Vereador e enquanto homem, recebe tamb\u00e9m opini\u00f5es contr\u00e1rias \u00e0 sua, e vis\u00f5es diferentes daquilo que idealiza para a cidade?\u00a0<\/i><\/span><\/span><\/span><\/p>\n<p><span style=\"color: #000000;\"><span style=\"font-family: Liberation Serif, serif;\"><span style=\"font-size: medium;\"><i><b>Seguramente. Se h\u00e1 alguma coisa que eu tenha certeza \u00e9 que n\u00e3o tenho raz\u00e3o em tudo, e provavelmente n\u00e3o terei raz\u00e3o em maior parte das coisas. Ali\u00e1s \u2026 de forma honesta, isso \u00e9 que s\u00e3o as diferen\u00e7as\u00a0 e quem me conhece sabe que \u00e9 assim. Diferen\u00e7as s\u00e3o diferen\u00e7as, discutimos essas diferen\u00e7as , vamos at\u00e9 ao fim com as discuss\u00f5es e depois partimos para fazer acontecer. Essas discuss\u00f5es e diferen\u00e7as n\u00e3o me preocupam, antes pelo contr\u00e1rio, obrigam\u2013me a que n\u00e3o me deixe contaminar por aquilo que algumas pessoas se deixam contaminar quando est\u00e3o neste lugares, que \u00e9 a certeza que v\u00e3o fazer tudo bem, a certeza que n\u00e3o h\u00e1 outra vis\u00e3o do mundo. N\u00e3o quero ser contaminado por isso e quero ser posto em causa todos os dias, porque se isso acontecer todos do dias de forma honesta, de certeza absoluta que consigo fazer melhor o trabalho para qual fui mandatado.<\/b><\/i><\/span><\/span><\/span><\/p>\n<p>&nbsp;<\/p>\n","protected":false},"excerpt":{"rendered":"<p>Prestes a chegar ao final do ano de 2019, fomos a \u00c9vora conversar com o vereador do pelouro da cultura da C\u00e2mara Municipal, Eduardo Luciano.<\/p>\n","protected":false},"author":2,"featured_media":52318,"comment_status":"open","ping_status":"closed","sticky":false,"template":"","format":"standard","meta":{"footnotes":""},"categories":[10,2,36,4124,9,11,16],"tags":[4002,8423,6505,1495],"class_list":["post-63083","post","type-post","status-publish","format-standard","has-post-thumbnail","hentry","category-actualidade","category-cultura","category-destaque","category-entrevistas","category-outros","category-pais","category-politica","tag-artes-a-rua","tag-camara-municipal-de-evora","tag-eduardo-luciano","tag-evora"],"yoast_head":"<!-- This site is optimized with the Yoast SEO plugin v27.5 - https:\/\/yoast.com\/product\/yoast-seo-wordpress\/ -->\n<title>Eduardo Luciano: \u201cExiste total abertura para que haja um patrocinador no Artes \u00e0 Rua ou at\u00e9 v\u00e1rios.\u201d | Infocul.pt - Arquivo Digital<\/title>\n<meta name=\"description\" content=\"Eduardo Luciano: \u201cExiste total abertura para que haja um patrocinador no Artes \u00e0 Rua ou at\u00e9 v\u00e1rios.\u201d | Infocul.pt - Arquivo Digital\" \/>\n<meta name=\"robots\" content=\"noindex, follow, max-snippet:-1, max-image-preview:large, max-video-preview:-1\" \/>\n<meta property=\"og:locale\" content=\"pt_PT\" \/>\n<meta property=\"og:type\" content=\"article\" \/>\n<meta property=\"og:title\" content=\"Eduardo Luciano: \u201cExiste total abertura para que haja um patrocinador no Artes \u00e0 Rua ou at\u00e9 v\u00e1rios.\u201d | Infocul.pt - Arquivo Digital\" \/>\n<meta property=\"og:description\" content=\"Eduardo Luciano: \u201cExiste total abertura para que haja um patrocinador no Artes \u00e0 Rua ou at\u00e9 v\u00e1rios.\u201d | Infocul.pt - Arquivo Digital\" \/>\n<meta property=\"og:url\" content=\"https:\/\/infocul.pt\/arquivo\/actualidade\/eduardo-luciano-existe-total-abertura-para-que-haja-um-patrocinador-no-artes-a-rua-ou-ate-varios\/\" \/>\n<meta property=\"og:site_name\" content=\"Infocul.pt - Arquivo Digital\" \/>\n<meta property=\"article:publisher\" content=\"https:\/\/www.facebook.com\/Infocul-147816815585015\/\" \/>\n<meta property=\"article:published_time\" content=\"2019-12-01T11:55:41+00:00\" \/>\n<meta property=\"article:modified_time\" content=\"2019-12-02T13:32:41+00:00\" \/>\n<meta property=\"og:image\" content=\"https:\/\/infocul.pt\/arquivo\/wp-content\/uploads\/2019\/02\/batch_BC3I1045-e1549020843258.png\" \/>\n\t<meta property=\"og:image:width\" content=\"800\" \/>\n\t<meta property=\"og:image:height\" content=\"590\" \/>\n\t<meta property=\"og:image:type\" content=\"image\/png\" \/>\n<meta name=\"author\" content=\"Rui Lavrador\" \/>\n<meta name=\"twitter:card\" content=\"summary_large_image\" \/>\n<meta name=\"twitter:creator\" content=\"@Infoculpt\" \/>\n<meta name=\"twitter:site\" content=\"@Infoculpt\" \/>\n<meta name=\"twitter:label1\" content=\"Escrito por\" \/>\n\t<meta name=\"twitter:data1\" content=\"Rui Lavrador\" \/>\n\t<meta name=\"twitter:label2\" content=\"Tempo estimado de leitura\" \/>\n\t<meta name=\"twitter:data2\" content=\"38 minutos\" \/>\n<script type=\"application\/ld+json\" class=\"yoast-schema-graph\">{\"@context\":\"https:\\\/\\\/schema.org\",\"@graph\":[{\"@type\":\"Article\",\"@id\":\"https:\\\/\\\/infocul.pt\\\/arquivo\\\/actualidade\\\/eduardo-luciano-existe-total-abertura-para-que-haja-um-patrocinador-no-artes-a-rua-ou-ate-varios\\\/#article\",\"isPartOf\":{\"@id\":\"https:\\\/\\\/infocul.pt\\\/arquivo\\\/actualidade\\\/eduardo-luciano-existe-total-abertura-para-que-haja-um-patrocinador-no-artes-a-rua-ou-ate-varios\\\/\"},\"author\":{\"name\":\"Rui Lavrador\",\"@id\":\"https:\\\/\\\/infocul.pt\\\/arquivo\\\/#\\\/schema\\\/person\\\/060a108d7f2d85fc6aae505119ee5234\"},\"headline\":\"Eduardo Luciano: \u201cExiste total abertura para que haja um patrocinador no Artes \u00e0 Rua ou at\u00e9 v\u00e1rios.\u201d\",\"datePublished\":\"2019-12-01T11:55:41+00:00\",\"dateModified\":\"2019-12-02T13:32:41+00:00\",\"mainEntityOfPage\":{\"@id\":\"https:\\\/\\\/infocul.pt\\\/arquivo\\\/actualidade\\\/eduardo-luciano-existe-total-abertura-para-que-haja-um-patrocinador-no-artes-a-rua-ou-ate-varios\\\/\"},\"wordCount\":7673,\"commentCount\":0,\"publisher\":{\"@id\":\"https:\\\/\\\/infocul.pt\\\/arquivo\\\/#organization\"},\"image\":{\"@id\":\"https:\\\/\\\/infocul.pt\\\/arquivo\\\/actualidade\\\/eduardo-luciano-existe-total-abertura-para-que-haja-um-patrocinador-no-artes-a-rua-ou-ate-varios\\\/#primaryimage\"},\"thumbnailUrl\":\"https:\\\/\\\/infocul.pt\\\/arquivo\\\/wp-content\\\/uploads\\\/2019\\\/02\\\/batch_BC3I1045-e1549020843258.png\",\"keywords\":[\"Artes \u00e0 Rua\",\"C\u00e2mara Municipal de \u00c9vora\",\"Eduardo Luciano\",\"\u00c9vora\"],\"articleSection\":[\"Actualidade\",\"Cultura\",\"Destaque\",\"Entrevistas\",\"Outros\",\"Pa\u00eds\",\"Politica\"],\"inLanguage\":\"pt-PT\"},{\"@type\":\"WebPage\",\"@id\":\"https:\\\/\\\/infocul.pt\\\/arquivo\\\/actualidade\\\/eduardo-luciano-existe-total-abertura-para-que-haja-um-patrocinador-no-artes-a-rua-ou-ate-varios\\\/\",\"url\":\"https:\\\/\\\/infocul.pt\\\/arquivo\\\/actualidade\\\/eduardo-luciano-existe-total-abertura-para-que-haja-um-patrocinador-no-artes-a-rua-ou-ate-varios\\\/\",\"name\":\"Eduardo Luciano: \u201cExiste total abertura para que haja um patrocinador no Artes \u00e0 Rua ou at\u00e9 v\u00e1rios.\u201d | Infocul.pt - Arquivo Digital\",\"isPartOf\":{\"@id\":\"https:\\\/\\\/infocul.pt\\\/arquivo\\\/#website\"},\"primaryImageOfPage\":{\"@id\":\"https:\\\/\\\/infocul.pt\\\/arquivo\\\/actualidade\\\/eduardo-luciano-existe-total-abertura-para-que-haja-um-patrocinador-no-artes-a-rua-ou-ate-varios\\\/#primaryimage\"},\"image\":{\"@id\":\"https:\\\/\\\/infocul.pt\\\/arquivo\\\/actualidade\\\/eduardo-luciano-existe-total-abertura-para-que-haja-um-patrocinador-no-artes-a-rua-ou-ate-varios\\\/#primaryimage\"},\"thumbnailUrl\":\"https:\\\/\\\/infocul.pt\\\/arquivo\\\/wp-content\\\/uploads\\\/2019\\\/02\\\/batch_BC3I1045-e1549020843258.png\",\"datePublished\":\"2019-12-01T11:55:41+00:00\",\"dateModified\":\"2019-12-02T13:32:41+00:00\",\"description\":\"Eduardo Luciano: \u201cExiste total abertura para que haja um patrocinador no Artes \u00e0 Rua ou at\u00e9 v\u00e1rios.\u201d | Infocul.pt - Arquivo Digital\",\"breadcrumb\":{\"@id\":\"https:\\\/\\\/infocul.pt\\\/arquivo\\\/actualidade\\\/eduardo-luciano-existe-total-abertura-para-que-haja-um-patrocinador-no-artes-a-rua-ou-ate-varios\\\/#breadcrumb\"},\"inLanguage\":\"pt-PT\",\"potentialAction\":[{\"@type\":\"ReadAction\",\"target\":[\"https:\\\/\\\/infocul.pt\\\/arquivo\\\/actualidade\\\/eduardo-luciano-existe-total-abertura-para-que-haja-um-patrocinador-no-artes-a-rua-ou-ate-varios\\\/\"]}]},{\"@type\":\"ImageObject\",\"inLanguage\":\"pt-PT\",\"@id\":\"https:\\\/\\\/infocul.pt\\\/arquivo\\\/actualidade\\\/eduardo-luciano-existe-total-abertura-para-que-haja-um-patrocinador-no-artes-a-rua-ou-ate-varios\\\/#primaryimage\",\"url\":\"https:\\\/\\\/infocul.pt\\\/arquivo\\\/wp-content\\\/uploads\\\/2019\\\/02\\\/batch_BC3I1045-e1549020843258.png\",\"contentUrl\":\"https:\\\/\\\/infocul.pt\\\/arquivo\\\/wp-content\\\/uploads\\\/2019\\\/02\\\/batch_BC3I1045-e1549020843258.png\",\"width\":800,\"height\":590},{\"@type\":\"BreadcrumbList\",\"@id\":\"https:\\\/\\\/infocul.pt\\\/arquivo\\\/actualidade\\\/eduardo-luciano-existe-total-abertura-para-que-haja-um-patrocinador-no-artes-a-rua-ou-ate-varios\\\/#breadcrumb\",\"itemListElement\":[{\"@type\":\"ListItem\",\"position\":1,\"name\":\"Home\",\"item\":\"https:\\\/\\\/infocul.pt\\\/arquivo\\\/\"},{\"@type\":\"ListItem\",\"position\":2,\"name\":\"Eduardo Luciano: \u201cExiste total abertura para que haja um patrocinador no Artes \u00e0 Rua ou at\u00e9 v\u00e1rios.\u201d\"}]},{\"@type\":\"WebSite\",\"@id\":\"https:\\\/\\\/infocul.pt\\\/arquivo\\\/#website\",\"url\":\"https:\\\/\\\/infocul.pt\\\/arquivo\\\/\",\"name\":\"Infocul.pt - Arquivo Digital\",\"description\":\"Arquivo digital da Infocul.pt\",\"publisher\":{\"@id\":\"https:\\\/\\\/infocul.pt\\\/arquivo\\\/#organization\"},\"potentialAction\":[{\"@type\":\"SearchAction\",\"target\":{\"@type\":\"EntryPoint\",\"urlTemplate\":\"https:\\\/\\\/infocul.pt\\\/arquivo\\\/?s={search_term_string}\"},\"query-input\":{\"@type\":\"PropertyValueSpecification\",\"valueRequired\":true,\"valueName\":\"search_term_string\"}}],\"inLanguage\":\"pt-PT\"},{\"@type\":\"Organization\",\"@id\":\"https:\\\/\\\/infocul.pt\\\/arquivo\\\/#organization\",\"name\":\"Infocul.pt\",\"url\":\"https:\\\/\\\/infocul.pt\\\/arquivo\\\/\",\"logo\":{\"@type\":\"ImageObject\",\"inLanguage\":\"pt-PT\",\"@id\":\"https:\\\/\\\/infocul.pt\\\/arquivo\\\/#\\\/schema\\\/logo\\\/image\\\/\",\"url\":\"https:\\\/\\\/infocul.pt\\\/arquivo\\\/wp-content\\\/uploads\\\/2018\\\/12\\\/Infocul_logo-1.png\",\"contentUrl\":\"https:\\\/\\\/infocul.pt\\\/arquivo\\\/wp-content\\\/uploads\\\/2018\\\/12\\\/Infocul_logo-1.png\",\"width\":800,\"height\":800,\"caption\":\"Infocul.pt\"},\"image\":{\"@id\":\"https:\\\/\\\/infocul.pt\\\/arquivo\\\/#\\\/schema\\\/logo\\\/image\\\/\"},\"sameAs\":[\"https:\\\/\\\/www.facebook.com\\\/Infocul-147816815585015\\\/\",\"https:\\\/\\\/x.com\\\/Infoculpt\",\"http:\\\/\\\/www.pictaram.com\\\/user\\\/infocul.pt\\\/2370423710\",\"https:\\\/\\\/www.youtube.com\\\/channel\\\/UCYEB91AGI9FL9ek2i_IaQAA\"]},{\"@type\":\"Person\",\"@id\":\"https:\\\/\\\/infocul.pt\\\/arquivo\\\/#\\\/schema\\\/person\\\/060a108d7f2d85fc6aae505119ee5234\",\"name\":\"Rui Lavrador\",\"image\":{\"@type\":\"ImageObject\",\"inLanguage\":\"pt-PT\",\"@id\":\"https:\\\/\\\/secure.gravatar.com\\\/avatar\\\/93febd6873394aa8e975148548a0cb203acfdd42d2c85c5f1408e1a76678aece?s=96&d=mm&r=g\",\"url\":\"https:\\\/\\\/secure.gravatar.com\\\/avatar\\\/93febd6873394aa8e975148548a0cb203acfdd42d2c85c5f1408e1a76678aece?s=96&d=mm&r=g\",\"contentUrl\":\"https:\\\/\\\/secure.gravatar.com\\\/avatar\\\/93febd6873394aa8e975148548a0cb203acfdd42d2c85c5f1408e1a76678aece?s=96&d=mm&r=g\",\"caption\":\"Rui Lavrador\"},\"description\":\"Iniciou em 2011 o seu percurso em comunica\u00e7\u00e3o social, tendo integrado v\u00e1rios projectos editoriais. Durante o seu percurso integrou projectos como Jornal Hardm\u00fasica, LusoNot\u00edcias, Toureio.pt, ODigital.pt, entre outros \u00d3rg\u00e3os de Comunica\u00e7\u00e3o Social nacionais, na redac\u00e7\u00e3o de v\u00e1rios artigos. Entrevistou a grande maioria das personalidades mais importantes da vida social e cultural do pa\u00eds, destacando-se, tamb\u00e9m, na aprecia\u00e7\u00e3o de v\u00e1rios espect\u00e1culos. Durante o seu percurso, deu a conhecer v\u00e1rios artistas, at\u00e9 ent\u00e3o desconhecidos, ao grande p\u00fablico. Em 2015 criou e fundou o Infocul.pt, projecto no qual assume a direc\u00e7\u00e3o editorial.\",\"sameAs\":[\"http:\\\/\\\/www.infocul.pt\"]}]}<\/script>\n<!-- \/ Yoast SEO plugin. -->","yoast_head_json":{"title":"Eduardo Luciano: \u201cExiste total abertura para que haja um patrocinador no Artes \u00e0 Rua ou at\u00e9 v\u00e1rios.\u201d | Infocul.pt - Arquivo Digital","description":"Eduardo Luciano: \u201cExiste total abertura para que haja um patrocinador no Artes \u00e0 Rua ou at\u00e9 v\u00e1rios.\u201d | Infocul.pt - Arquivo Digital","robots":{"index":"noindex","follow":"follow","max-snippet":"max-snippet:-1","max-image-preview":"max-image-preview:large","max-video-preview":"max-video-preview:-1"},"og_locale":"pt_PT","og_type":"article","og_title":"Eduardo Luciano: \u201cExiste total abertura para que haja um patrocinador no Artes \u00e0 Rua ou at\u00e9 v\u00e1rios.\u201d | Infocul.pt - Arquivo Digital","og_description":"Eduardo Luciano: \u201cExiste total abertura para que haja um patrocinador no Artes \u00e0 Rua ou at\u00e9 v\u00e1rios.\u201d | Infocul.pt - Arquivo Digital","og_url":"https:\/\/infocul.pt\/arquivo\/actualidade\/eduardo-luciano-existe-total-abertura-para-que-haja-um-patrocinador-no-artes-a-rua-ou-ate-varios\/","og_site_name":"Infocul.pt - Arquivo Digital","article_publisher":"https:\/\/www.facebook.com\/Infocul-147816815585015\/","article_published_time":"2019-12-01T11:55:41+00:00","article_modified_time":"2019-12-02T13:32:41+00:00","og_image":[{"width":800,"height":590,"url":"https:\/\/infocul.pt\/arquivo\/wp-content\/uploads\/2019\/02\/batch_BC3I1045-e1549020843258.png","type":"image\/png"}],"author":"Rui Lavrador","twitter_card":"summary_large_image","twitter_creator":"@Infoculpt","twitter_site":"@Infoculpt","twitter_misc":{"Escrito por":"Rui Lavrador","Tempo estimado de leitura":"38 minutos"},"schema":{"@context":"https:\/\/schema.org","@graph":[{"@type":"Article","@id":"https:\/\/infocul.pt\/arquivo\/actualidade\/eduardo-luciano-existe-total-abertura-para-que-haja-um-patrocinador-no-artes-a-rua-ou-ate-varios\/#article","isPartOf":{"@id":"https:\/\/infocul.pt\/arquivo\/actualidade\/eduardo-luciano-existe-total-abertura-para-que-haja-um-patrocinador-no-artes-a-rua-ou-ate-varios\/"},"author":{"name":"Rui Lavrador","@id":"https:\/\/infocul.pt\/arquivo\/#\/schema\/person\/060a108d7f2d85fc6aae505119ee5234"},"headline":"Eduardo Luciano: \u201cExiste total abertura para que haja um patrocinador no Artes \u00e0 Rua ou at\u00e9 v\u00e1rios.\u201d","datePublished":"2019-12-01T11:55:41+00:00","dateModified":"2019-12-02T13:32:41+00:00","mainEntityOfPage":{"@id":"https:\/\/infocul.pt\/arquivo\/actualidade\/eduardo-luciano-existe-total-abertura-para-que-haja-um-patrocinador-no-artes-a-rua-ou-ate-varios\/"},"wordCount":7673,"commentCount":0,"publisher":{"@id":"https:\/\/infocul.pt\/arquivo\/#organization"},"image":{"@id":"https:\/\/infocul.pt\/arquivo\/actualidade\/eduardo-luciano-existe-total-abertura-para-que-haja-um-patrocinador-no-artes-a-rua-ou-ate-varios\/#primaryimage"},"thumbnailUrl":"https:\/\/infocul.pt\/arquivo\/wp-content\/uploads\/2019\/02\/batch_BC3I1045-e1549020843258.png","keywords":["Artes \u00e0 Rua","C\u00e2mara Municipal de \u00c9vora","Eduardo Luciano","\u00c9vora"],"articleSection":["Actualidade","Cultura","Destaque","Entrevistas","Outros","Pa\u00eds","Politica"],"inLanguage":"pt-PT"},{"@type":"WebPage","@id":"https:\/\/infocul.pt\/arquivo\/actualidade\/eduardo-luciano-existe-total-abertura-para-que-haja-um-patrocinador-no-artes-a-rua-ou-ate-varios\/","url":"https:\/\/infocul.pt\/arquivo\/actualidade\/eduardo-luciano-existe-total-abertura-para-que-haja-um-patrocinador-no-artes-a-rua-ou-ate-varios\/","name":"Eduardo Luciano: \u201cExiste total abertura para que haja um patrocinador no Artes \u00e0 Rua ou at\u00e9 v\u00e1rios.\u201d | Infocul.pt - Arquivo Digital","isPartOf":{"@id":"https:\/\/infocul.pt\/arquivo\/#website"},"primaryImageOfPage":{"@id":"https:\/\/infocul.pt\/arquivo\/actualidade\/eduardo-luciano-existe-total-abertura-para-que-haja-um-patrocinador-no-artes-a-rua-ou-ate-varios\/#primaryimage"},"image":{"@id":"https:\/\/infocul.pt\/arquivo\/actualidade\/eduardo-luciano-existe-total-abertura-para-que-haja-um-patrocinador-no-artes-a-rua-ou-ate-varios\/#primaryimage"},"thumbnailUrl":"https:\/\/infocul.pt\/arquivo\/wp-content\/uploads\/2019\/02\/batch_BC3I1045-e1549020843258.png","datePublished":"2019-12-01T11:55:41+00:00","dateModified":"2019-12-02T13:32:41+00:00","description":"Eduardo Luciano: \u201cExiste total abertura para que haja um patrocinador no Artes \u00e0 Rua ou at\u00e9 v\u00e1rios.\u201d | Infocul.pt - Arquivo Digital","breadcrumb":{"@id":"https:\/\/infocul.pt\/arquivo\/actualidade\/eduardo-luciano-existe-total-abertura-para-que-haja-um-patrocinador-no-artes-a-rua-ou-ate-varios\/#breadcrumb"},"inLanguage":"pt-PT","potentialAction":[{"@type":"ReadAction","target":["https:\/\/infocul.pt\/arquivo\/actualidade\/eduardo-luciano-existe-total-abertura-para-que-haja-um-patrocinador-no-artes-a-rua-ou-ate-varios\/"]}]},{"@type":"ImageObject","inLanguage":"pt-PT","@id":"https:\/\/infocul.pt\/arquivo\/actualidade\/eduardo-luciano-existe-total-abertura-para-que-haja-um-patrocinador-no-artes-a-rua-ou-ate-varios\/#primaryimage","url":"https:\/\/infocul.pt\/arquivo\/wp-content\/uploads\/2019\/02\/batch_BC3I1045-e1549020843258.png","contentUrl":"https:\/\/infocul.pt\/arquivo\/wp-content\/uploads\/2019\/02\/batch_BC3I1045-e1549020843258.png","width":800,"height":590},{"@type":"BreadcrumbList","@id":"https:\/\/infocul.pt\/arquivo\/actualidade\/eduardo-luciano-existe-total-abertura-para-que-haja-um-patrocinador-no-artes-a-rua-ou-ate-varios\/#breadcrumb","itemListElement":[{"@type":"ListItem","position":1,"name":"Home","item":"https:\/\/infocul.pt\/arquivo\/"},{"@type":"ListItem","position":2,"name":"Eduardo Luciano: \u201cExiste total abertura para que haja um patrocinador no Artes \u00e0 Rua ou at\u00e9 v\u00e1rios.\u201d"}]},{"@type":"WebSite","@id":"https:\/\/infocul.pt\/arquivo\/#website","url":"https:\/\/infocul.pt\/arquivo\/","name":"Infocul.pt - Arquivo Digital","description":"Arquivo digital da Infocul.pt","publisher":{"@id":"https:\/\/infocul.pt\/arquivo\/#organization"},"potentialAction":[{"@type":"SearchAction","target":{"@type":"EntryPoint","urlTemplate":"https:\/\/infocul.pt\/arquivo\/?s={search_term_string}"},"query-input":{"@type":"PropertyValueSpecification","valueRequired":true,"valueName":"search_term_string"}}],"inLanguage":"pt-PT"},{"@type":"Organization","@id":"https:\/\/infocul.pt\/arquivo\/#organization","name":"Infocul.pt","url":"https:\/\/infocul.pt\/arquivo\/","logo":{"@type":"ImageObject","inLanguage":"pt-PT","@id":"https:\/\/infocul.pt\/arquivo\/#\/schema\/logo\/image\/","url":"https:\/\/infocul.pt\/arquivo\/wp-content\/uploads\/2018\/12\/Infocul_logo-1.png","contentUrl":"https:\/\/infocul.pt\/arquivo\/wp-content\/uploads\/2018\/12\/Infocul_logo-1.png","width":800,"height":800,"caption":"Infocul.pt"},"image":{"@id":"https:\/\/infocul.pt\/arquivo\/#\/schema\/logo\/image\/"},"sameAs":["https:\/\/www.facebook.com\/Infocul-147816815585015\/","https:\/\/x.com\/Infoculpt","http:\/\/www.pictaram.com\/user\/infocul.pt\/2370423710","https:\/\/www.youtube.com\/channel\/UCYEB91AGI9FL9ek2i_IaQAA"]},{"@type":"Person","@id":"https:\/\/infocul.pt\/arquivo\/#\/schema\/person\/060a108d7f2d85fc6aae505119ee5234","name":"Rui Lavrador","image":{"@type":"ImageObject","inLanguage":"pt-PT","@id":"https:\/\/secure.gravatar.com\/avatar\/93febd6873394aa8e975148548a0cb203acfdd42d2c85c5f1408e1a76678aece?s=96&d=mm&r=g","url":"https:\/\/secure.gravatar.com\/avatar\/93febd6873394aa8e975148548a0cb203acfdd42d2c85c5f1408e1a76678aece?s=96&d=mm&r=g","contentUrl":"https:\/\/secure.gravatar.com\/avatar\/93febd6873394aa8e975148548a0cb203acfdd42d2c85c5f1408e1a76678aece?s=96&d=mm&r=g","caption":"Rui Lavrador"},"description":"Iniciou em 2011 o seu percurso em comunica\u00e7\u00e3o social, tendo integrado v\u00e1rios projectos editoriais. Durante o seu percurso integrou projectos como Jornal Hardm\u00fasica, LusoNot\u00edcias, Toureio.pt, ODigital.pt, entre outros \u00d3rg\u00e3os de Comunica\u00e7\u00e3o Social nacionais, na redac\u00e7\u00e3o de v\u00e1rios artigos. Entrevistou a grande maioria das personalidades mais importantes da vida social e cultural do pa\u00eds, destacando-se, tamb\u00e9m, na aprecia\u00e7\u00e3o de v\u00e1rios espect\u00e1culos. Durante o seu percurso, deu a conhecer v\u00e1rios artistas, at\u00e9 ent\u00e3o desconhecidos, ao grande p\u00fablico. Em 2015 criou e fundou o Infocul.pt, projecto no qual assume a direc\u00e7\u00e3o editorial.","sameAs":["http:\/\/www.infocul.pt"]}]}},"_links":{"self":[{"href":"https:\/\/infocul.pt\/arquivo\/wp-json\/wp\/v2\/posts\/63083","targetHints":{"allow":["GET"]}}],"collection":[{"href":"https:\/\/infocul.pt\/arquivo\/wp-json\/wp\/v2\/posts"}],"about":[{"href":"https:\/\/infocul.pt\/arquivo\/wp-json\/wp\/v2\/types\/post"}],"author":[{"embeddable":true,"href":"https:\/\/infocul.pt\/arquivo\/wp-json\/wp\/v2\/users\/2"}],"replies":[{"embeddable":true,"href":"https:\/\/infocul.pt\/arquivo\/wp-json\/wp\/v2\/comments?post=63083"}],"version-history":[{"count":0,"href":"https:\/\/infocul.pt\/arquivo\/wp-json\/wp\/v2\/posts\/63083\/revisions"}],"wp:featuredmedia":[{"embeddable":true,"href":"https:\/\/infocul.pt\/arquivo\/wp-json\/wp\/v2\/media\/52318"}],"wp:attachment":[{"href":"https:\/\/infocul.pt\/arquivo\/wp-json\/wp\/v2\/media?parent=63083"}],"wp:term":[{"taxonomy":"category","embeddable":true,"href":"https:\/\/infocul.pt\/arquivo\/wp-json\/wp\/v2\/categories?post=63083"},{"taxonomy":"post_tag","embeddable":true,"href":"https:\/\/infocul.pt\/arquivo\/wp-json\/wp\/v2\/tags?post=63083"}],"curies":[{"name":"wp","href":"https:\/\/api.w.org\/{rel}","templated":true}]}}