{"id":63099,"date":"2019-12-01T00:51:24","date_gmt":"2019-12-01T00:51:24","guid":{"rendered":"https:\/\/infocul.pt\/?p=63099"},"modified":"2019-12-01T00:51:24","modified_gmt":"2019-12-01T00:51:24","slug":"eduardo-guerrero-deslumbrou-o-povo-portugues","status":"publish","type":"post","link":"https:\/\/infocul.pt\/arquivo\/cultura\/eduardo-guerrero-deslumbrou-o-povo-portugues\/","title":{"rendered":"Eduardo Guerrero deslumbrou o povo portugu\u00eas"},"content":{"rendered":"<p align=\"justify\"><img decoding=\"async\" class=\"aligncenter wp-image-63100 size-large lazyload\" data-src=\"https:\/\/infocul.pt\/arquivo\/wp-content\/uploads\/2019\/12\/WhatsApp-Image-2019-11-30-at-17.52.32-1024x768.jpeg\" alt=\"\" width=\"800\" height=\"600\" data-srcset=\"https:\/\/infocul.pt\/arquivo\/wp-content\/uploads\/2019\/12\/WhatsApp-Image-2019-11-30-at-17.52.32-1024x768.jpeg 1024w, https:\/\/infocul.pt\/arquivo\/wp-content\/uploads\/2019\/12\/WhatsApp-Image-2019-11-30-at-17.52.32-300x225.jpeg 300w, https:\/\/infocul.pt\/arquivo\/wp-content\/uploads\/2019\/12\/WhatsApp-Image-2019-11-30-at-17.52.32-768x576.jpeg 768w, https:\/\/infocul.pt\/arquivo\/wp-content\/uploads\/2019\/12\/WhatsApp-Image-2019-11-30-at-17.52.32.jpeg 1919w\" data-sizes=\"(max-width: 800px) 100vw, 800px\" src=\"data:image\/svg+xml;base64,PHN2ZyB3aWR0aD0iMSIgaGVpZ2h0PSIxIiB4bWxucz0iaHR0cDovL3d3dy53My5vcmcvMjAwMC9zdmciPjwvc3ZnPg==\" style=\"--smush-placeholder-width: 800px; --smush-placeholder-aspect-ratio: 800\/600;\" \/><\/p>\n<p align=\"justify\"><span style=\"color: #222222;\"><span style=\"font-family: Liberation Serif, serif;\"><span style=\"font-size: medium;\">O aclamado bailador <a href=\"https:\/\/www.facebook.com\/EduardoGuerreroBailaor\/\" target=\"_blank\" rel=\"noopener noreferrer\">Eduardo Guerrero<\/a> apresentou-se na capital portuguesa, no passado dia 29 de Novembro, num evento que finalizou o <a href=\"https:\/\/www.facebook.com\/profile.php?id=107032712716329&amp;ref=br_rs\" target=\"_blank\" rel=\"noopener noreferrer\">Festival Flamenco de Lisboa<\/a>. <\/span><\/span><\/span><!--more--><\/p>\n<p align=\"justify\"><span style=\"color: #222222;\"><span style=\"font-family: Liberation Serif, serif;\"><span style=\"font-size: medium;\">Muitos curiosos estrearam a sua primeira experi\u00eancia com o Flamenco atrav\u00e9s deste espect\u00e1culo, ficando espantados pela eleg\u00e2ncia e poder deste bailarino. <\/span><\/span><\/span><\/p>\n<p align=\"justify\"><span style=\"color: #222222;\"><span style=\"font-family: Liberation Serif, serif;\"><span style=\"font-size: medium;\">A Aula Magna suportou este p\u00fablico, onde se inclu\u00edram os mais novos e os mais velhos. Apesar de a sua capacidade n\u00e3o ter chegado ao limite, o calor do p\u00fablico acolheu o artista no decurso da sua actua\u00e7\u00e3o com muitos aplausos e suspiros. <\/span><\/span><\/span><\/p>\n<p align=\"justify\"><span style=\"color: #222222;\"><span style=\"font-family: Liberation Serif, serif;\"><span style=\"font-size: medium;\">Como o espect\u00e1culo come\u00e7ou mais cedo do que estava previsto, muitos ficaram abismados e confusos com a pot\u00eancia com a qual o artista sapateava. A sua presen\u00e7a era not\u00e1vel, apesar de todos os presentes em palco se trajarem de preto. <\/span><\/span><\/span><\/p>\n<p align=\"justify\"><span style=\"color: #222222;\"><span style=\"font-family: Liberation Serif, serif;\"><span style=\"font-size: medium;\">Num ambiente sombrio, \u201cGuerrero\u201d foi um espect\u00e1culo excelente e ecl\u00e9ctico. Sempre no tempo correcto, Eduardo demonstrou a sua &#8220;guerra&#8221;, com o seu sentimentalismo, pelo sexo feminino, sensual e fogaz e carismaticamente. <\/span><\/span><\/span><\/p>\n<p align=\"justify\"><span style=\"color: #222222;\"><span style=\"font-family: Liberation Serif, serif;\"><span style=\"font-size: medium;\">Nesta actua\u00e7\u00e3o, a m\u00fasica transmite-se como uma linguagem mundial. Apesar de por vezes n\u00e3o se entender o conte\u00fado literal da mensagem, o poder das vozes das cantoras (Samara Mont\u00e1nez, Sandra Zarzana e Anabel Rivera) e o talento do &#8220;bailador&#8221; transmitem o sentimento na perfei\u00e7\u00e3o, provocando as emo\u00e7\u00f5es desejadas em quem os assistia.<\/span><\/span><\/span><\/p>\n<p align=\"justify\"><span style=\"color: #222222; font-family: Liberation Serif, serif; font-size: medium;\">\u00c9 de louvar a habilidade que Eduardo tem sobre este estilo de dan\u00e7a, que nascera na Andaluzia. S\u00e3o actua\u00e7\u00f5es como est\u00e1 que permite a preserva\u00e7\u00e3o do Flamenco ao longo das d\u00e9cadas. <\/span><\/p>\n<p align=\"justify\"><span style=\"color: #222222;\"><span style=\"font-family: Liberation Serif, serif;\"><span style=\"font-size: medium;\">Fora tamb\u00e9m acompanhado em palco pelos guitarristas Javier Ib\u00e1nez e Juan J. Alba, que contribu\u00edram para o ambiente e emo\u00e7\u00e3o da actua\u00e7\u00e3o. A m\u00fasica foi tamb\u00e9m um elemento que permitiu ao espectador entrar num outro estado de esp\u00edrito, de maneira a melhor apreciar o espect\u00e1culo.<\/span><\/span><\/span><\/p>\n<p align=\"justify\"><img decoding=\"async\" class=\"aligncenter wp-image-63101 size-large lazyload\" data-src=\"https:\/\/infocul.pt\/arquivo\/wp-content\/uploads\/2019\/12\/WhatsApp-Image-2019-11-30-at-17.52.09-1024x768.jpeg\" alt=\"\" width=\"800\" height=\"600\" data-srcset=\"https:\/\/infocul.pt\/arquivo\/wp-content\/uploads\/2019\/12\/WhatsApp-Image-2019-11-30-at-17.52.09-1024x768.jpeg 1024w, https:\/\/infocul.pt\/arquivo\/wp-content\/uploads\/2019\/12\/WhatsApp-Image-2019-11-30-at-17.52.09-300x225.jpeg 300w, https:\/\/infocul.pt\/arquivo\/wp-content\/uploads\/2019\/12\/WhatsApp-Image-2019-11-30-at-17.52.09-768x576.jpeg 768w, https:\/\/infocul.pt\/arquivo\/wp-content\/uploads\/2019\/12\/WhatsApp-Image-2019-11-30-at-17.52.09.jpeg 1919w\" data-sizes=\"(max-width: 800px) 100vw, 800px\" src=\"data:image\/svg+xml;base64,PHN2ZyB3aWR0aD0iMSIgaGVpZ2h0PSIxIiB4bWxucz0iaHR0cDovL3d3dy53My5vcmcvMjAwMC9zdmciPjwvc3ZnPg==\" style=\"--smush-placeholder-width: 800px; --smush-placeholder-aspect-ratio: 800\/600;\" \/><\/p>\n","protected":false},"excerpt":{"rendered":"<p>O aclamado bailador Eduardo Guerrero apresentou-se na capital portuguesa, no passado dia 29 de Novembro, num evento que finalizou o Festival Flamenco de Lisboa.<\/p>\n","protected":false},"author":20,"featured_media":63100,"comment_status":"open","ping_status":"closed","sticky":false,"template":"","format":"standard","meta":{"footnotes":""},"categories":[3,2,36,4123],"tags":[472,8168,2277,80],"class_list":["post-63099","post","type-post","status-publish","format-standard","has-post-thumbnail","hentry","category-concertos","category-cultura","category-destaque","category-reportagens-actualidade","tag-aula-magna","tag-eduardo-guerrero","tag-festival-de-flamenco-de-lisboa","tag-lisboa"],"yoast_head":"<!-- This site is optimized with the Yoast SEO plugin v27.5 - https:\/\/yoast.com\/product\/yoast-seo-wordpress\/ -->\n<title>Eduardo Guerrero deslumbrou o povo portugu\u00eas | Infocul.pt - Arquivo Digital<\/title>\n<meta name=\"description\" content=\"Eduardo Guerrero deslumbrou o povo portugu\u00eas | Infocul.pt - Arquivo Digital\" \/>\n<meta name=\"robots\" content=\"noindex, follow, max-snippet:-1, max-image-preview:large, max-video-preview:-1\" \/>\n<meta property=\"og:locale\" content=\"pt_PT\" \/>\n<meta property=\"og:type\" content=\"article\" \/>\n<meta property=\"og:title\" content=\"Eduardo Guerrero deslumbrou o povo portugu\u00eas | Infocul.pt - Arquivo Digital\" \/>\n<meta property=\"og:description\" content=\"Eduardo Guerrero deslumbrou o povo portugu\u00eas | Infocul.pt - Arquivo Digital\" \/>\n<meta property=\"og:url\" content=\"https:\/\/infocul.pt\/arquivo\/cultura\/eduardo-guerrero-deslumbrou-o-povo-portugues\/\" \/>\n<meta property=\"og:site_name\" content=\"Infocul.pt - Arquivo Digital\" \/>\n<meta property=\"article:publisher\" content=\"https:\/\/www.facebook.com\/Infocul-147816815585015\/\" \/>\n<meta property=\"article:published_time\" content=\"2019-12-01T00:51:24+00:00\" \/>\n<meta property=\"og:image\" content=\"https:\/\/infocul.pt\/arquivo\/wp-content\/uploads\/2019\/12\/WhatsApp-Image-2019-11-30-at-17.52.32.jpeg\" \/>\n\t<meta property=\"og:image:width\" content=\"1919\" \/>\n\t<meta property=\"og:image:height\" content=\"1440\" \/>\n\t<meta property=\"og:image:type\" content=\"image\/jpeg\" \/>\n<meta name=\"author\" content=\"Mariana Nave\" \/>\n<meta name=\"twitter:card\" content=\"summary_large_image\" \/>\n<meta name=\"twitter:creator\" content=\"@Infoculpt\" \/>\n<meta name=\"twitter:site\" content=\"@Infoculpt\" \/>\n<meta name=\"twitter:label1\" content=\"Escrito por\" \/>\n\t<meta name=\"twitter:data1\" content=\"Mariana Nave\" \/>\n\t<meta name=\"twitter:label2\" content=\"Tempo estimado de leitura\" \/>\n\t<meta name=\"twitter:data2\" content=\"2 minutos\" \/>\n<script type=\"application\/ld+json\" class=\"yoast-schema-graph\">{\"@context\":\"https:\\\/\\\/schema.org\",\"@graph\":[{\"@type\":\"Article\",\"@id\":\"https:\\\/\\\/infocul.pt\\\/arquivo\\\/cultura\\\/eduardo-guerrero-deslumbrou-o-povo-portugues\\\/#article\",\"isPartOf\":{\"@id\":\"https:\\\/\\\/infocul.pt\\\/arquivo\\\/cultura\\\/eduardo-guerrero-deslumbrou-o-povo-portugues\\\/\"},\"author\":{\"name\":\"Mariana Nave\",\"@id\":\"https:\\\/\\\/infocul.pt\\\/arquivo\\\/#\\\/schema\\\/person\\\/81ab97f0541b157888e4cad082e85379\"},\"headline\":\"Eduardo Guerrero deslumbrou o povo portugu\u00eas\",\"datePublished\":\"2019-12-01T00:51:24+00:00\",\"mainEntityOfPage\":{\"@id\":\"https:\\\/\\\/infocul.pt\\\/arquivo\\\/cultura\\\/eduardo-guerrero-deslumbrou-o-povo-portugues\\\/\"},\"wordCount\":329,\"commentCount\":0,\"publisher\":{\"@id\":\"https:\\\/\\\/infocul.pt\\\/arquivo\\\/#organization\"},\"image\":{\"@id\":\"https:\\\/\\\/infocul.pt\\\/arquivo\\\/cultura\\\/eduardo-guerrero-deslumbrou-o-povo-portugues\\\/#primaryimage\"},\"thumbnailUrl\":\"https:\\\/\\\/infocul.pt\\\/arquivo\\\/wp-content\\\/uploads\\\/2019\\\/12\\\/WhatsApp-Image-2019-11-30-at-17.52.32.jpeg\",\"keywords\":[\"Aula Magna\",\"Eduardo Guerrero\",\"Festival de Flamenco de Lisboa\",\"Lisboa\"],\"articleSection\":[\"Concertos\",\"Cultura\",\"Destaque\",\"Reportagens\"],\"inLanguage\":\"pt-PT\"},{\"@type\":\"WebPage\",\"@id\":\"https:\\\/\\\/infocul.pt\\\/arquivo\\\/cultura\\\/eduardo-guerrero-deslumbrou-o-povo-portugues\\\/\",\"url\":\"https:\\\/\\\/infocul.pt\\\/arquivo\\\/cultura\\\/eduardo-guerrero-deslumbrou-o-povo-portugues\\\/\",\"name\":\"Eduardo Guerrero deslumbrou o povo portugu\u00eas | Infocul.pt - Arquivo Digital\",\"isPartOf\":{\"@id\":\"https:\\\/\\\/infocul.pt\\\/arquivo\\\/#website\"},\"primaryImageOfPage\":{\"@id\":\"https:\\\/\\\/infocul.pt\\\/arquivo\\\/cultura\\\/eduardo-guerrero-deslumbrou-o-povo-portugues\\\/#primaryimage\"},\"image\":{\"@id\":\"https:\\\/\\\/infocul.pt\\\/arquivo\\\/cultura\\\/eduardo-guerrero-deslumbrou-o-povo-portugues\\\/#primaryimage\"},\"thumbnailUrl\":\"https:\\\/\\\/infocul.pt\\\/arquivo\\\/wp-content\\\/uploads\\\/2019\\\/12\\\/WhatsApp-Image-2019-11-30-at-17.52.32.jpeg\",\"datePublished\":\"2019-12-01T00:51:24+00:00\",\"description\":\"Eduardo Guerrero deslumbrou o povo portugu\u00eas | Infocul.pt - Arquivo Digital\",\"breadcrumb\":{\"@id\":\"https:\\\/\\\/infocul.pt\\\/arquivo\\\/cultura\\\/eduardo-guerrero-deslumbrou-o-povo-portugues\\\/#breadcrumb\"},\"inLanguage\":\"pt-PT\",\"potentialAction\":[{\"@type\":\"ReadAction\",\"target\":[\"https:\\\/\\\/infocul.pt\\\/arquivo\\\/cultura\\\/eduardo-guerrero-deslumbrou-o-povo-portugues\\\/\"]}]},{\"@type\":\"ImageObject\",\"inLanguage\":\"pt-PT\",\"@id\":\"https:\\\/\\\/infocul.pt\\\/arquivo\\\/cultura\\\/eduardo-guerrero-deslumbrou-o-povo-portugues\\\/#primaryimage\",\"url\":\"https:\\\/\\\/infocul.pt\\\/arquivo\\\/wp-content\\\/uploads\\\/2019\\\/12\\\/WhatsApp-Image-2019-11-30-at-17.52.32.jpeg\",\"contentUrl\":\"https:\\\/\\\/infocul.pt\\\/arquivo\\\/wp-content\\\/uploads\\\/2019\\\/12\\\/WhatsApp-Image-2019-11-30-at-17.52.32.jpeg\",\"width\":1919,\"height\":1440},{\"@type\":\"BreadcrumbList\",\"@id\":\"https:\\\/\\\/infocul.pt\\\/arquivo\\\/cultura\\\/eduardo-guerrero-deslumbrou-o-povo-portugues\\\/#breadcrumb\",\"itemListElement\":[{\"@type\":\"ListItem\",\"position\":1,\"name\":\"Home\",\"item\":\"https:\\\/\\\/infocul.pt\\\/arquivo\\\/\"},{\"@type\":\"ListItem\",\"position\":2,\"name\":\"Eduardo Guerrero deslumbrou o povo portugu\u00eas\"}]},{\"@type\":\"WebSite\",\"@id\":\"https:\\\/\\\/infocul.pt\\\/arquivo\\\/#website\",\"url\":\"https:\\\/\\\/infocul.pt\\\/arquivo\\\/\",\"name\":\"Infocul.pt - Arquivo Digital\",\"description\":\"Arquivo digital da Infocul.pt\",\"publisher\":{\"@id\":\"https:\\\/\\\/infocul.pt\\\/arquivo\\\/#organization\"},\"potentialAction\":[{\"@type\":\"SearchAction\",\"target\":{\"@type\":\"EntryPoint\",\"urlTemplate\":\"https:\\\/\\\/infocul.pt\\\/arquivo\\\/?s={search_term_string}\"},\"query-input\":{\"@type\":\"PropertyValueSpecification\",\"valueRequired\":true,\"valueName\":\"search_term_string\"}}],\"inLanguage\":\"pt-PT\"},{\"@type\":\"Organization\",\"@id\":\"https:\\\/\\\/infocul.pt\\\/arquivo\\\/#organization\",\"name\":\"Infocul.pt\",\"url\":\"https:\\\/\\\/infocul.pt\\\/arquivo\\\/\",\"logo\":{\"@type\":\"ImageObject\",\"inLanguage\":\"pt-PT\",\"@id\":\"https:\\\/\\\/infocul.pt\\\/arquivo\\\/#\\\/schema\\\/logo\\\/image\\\/\",\"url\":\"https:\\\/\\\/infocul.pt\\\/arquivo\\\/wp-content\\\/uploads\\\/2018\\\/12\\\/Infocul_logo-1.png\",\"contentUrl\":\"https:\\\/\\\/infocul.pt\\\/arquivo\\\/wp-content\\\/uploads\\\/2018\\\/12\\\/Infocul_logo-1.png\",\"width\":800,\"height\":800,\"caption\":\"Infocul.pt\"},\"image\":{\"@id\":\"https:\\\/\\\/infocul.pt\\\/arquivo\\\/#\\\/schema\\\/logo\\\/image\\\/\"},\"sameAs\":[\"https:\\\/\\\/www.facebook.com\\\/Infocul-147816815585015\\\/\",\"https:\\\/\\\/x.com\\\/Infoculpt\",\"http:\\\/\\\/www.pictaram.com\\\/user\\\/infocul.pt\\\/2370423710\",\"https:\\\/\\\/www.youtube.com\\\/channel\\\/UCYEB91AGI9FL9ek2i_IaQAA\"]},{\"@type\":\"Person\",\"@id\":\"https:\\\/\\\/infocul.pt\\\/arquivo\\\/#\\\/schema\\\/person\\\/81ab97f0541b157888e4cad082e85379\",\"name\":\"Mariana Nave\",\"image\":{\"@type\":\"ImageObject\",\"inLanguage\":\"pt-PT\",\"@id\":\"https:\\\/\\\/secure.gravatar.com\\\/avatar\\\/c88ca83ec3e70f2c68e12fb31d20e52e4067a2b7ca6a32ed93bfdfa6797e214d?s=96&d=mm&r=g\",\"url\":\"https:\\\/\\\/secure.gravatar.com\\\/avatar\\\/c88ca83ec3e70f2c68e12fb31d20e52e4067a2b7ca6a32ed93bfdfa6797e214d?s=96&d=mm&r=g\",\"contentUrl\":\"https:\\\/\\\/secure.gravatar.com\\\/avatar\\\/c88ca83ec3e70f2c68e12fb31d20e52e4067a2b7ca6a32ed93bfdfa6797e214d?s=96&d=mm&r=g\",\"caption\":\"Mariana Nave\"},\"description\":\"Em Fevereiro de 2019, come\u00e7ou a trabalhar com o projecto Infocul.pt, sendo este tamb\u00e9m o primeiro projecto com que colabora. Apesar de ainda n\u00e3o ter um longo percurso, continua a trabalhar sempre com o objectivo de melhorar as suas capacidades no ramo da comunica\u00e7\u00e3o social.\"}]}<\/script>\n<!-- \/ Yoast SEO plugin. -->","yoast_head_json":{"title":"Eduardo Guerrero deslumbrou o povo portugu\u00eas | Infocul.pt - Arquivo Digital","description":"Eduardo Guerrero deslumbrou o povo portugu\u00eas | Infocul.pt - Arquivo Digital","robots":{"index":"noindex","follow":"follow","max-snippet":"max-snippet:-1","max-image-preview":"max-image-preview:large","max-video-preview":"max-video-preview:-1"},"og_locale":"pt_PT","og_type":"article","og_title":"Eduardo Guerrero deslumbrou o povo portugu\u00eas | Infocul.pt - Arquivo Digital","og_description":"Eduardo Guerrero deslumbrou o povo portugu\u00eas | Infocul.pt - Arquivo Digital","og_url":"https:\/\/infocul.pt\/arquivo\/cultura\/eduardo-guerrero-deslumbrou-o-povo-portugues\/","og_site_name":"Infocul.pt - Arquivo Digital","article_publisher":"https:\/\/www.facebook.com\/Infocul-147816815585015\/","article_published_time":"2019-12-01T00:51:24+00:00","og_image":[{"width":1919,"height":1440,"url":"https:\/\/infocul.pt\/arquivo\/wp-content\/uploads\/2019\/12\/WhatsApp-Image-2019-11-30-at-17.52.32.jpeg","type":"image\/jpeg"}],"author":"Mariana Nave","twitter_card":"summary_large_image","twitter_creator":"@Infoculpt","twitter_site":"@Infoculpt","twitter_misc":{"Escrito por":"Mariana Nave","Tempo estimado de leitura":"2 minutos"},"schema":{"@context":"https:\/\/schema.org","@graph":[{"@type":"Article","@id":"https:\/\/infocul.pt\/arquivo\/cultura\/eduardo-guerrero-deslumbrou-o-povo-portugues\/#article","isPartOf":{"@id":"https:\/\/infocul.pt\/arquivo\/cultura\/eduardo-guerrero-deslumbrou-o-povo-portugues\/"},"author":{"name":"Mariana Nave","@id":"https:\/\/infocul.pt\/arquivo\/#\/schema\/person\/81ab97f0541b157888e4cad082e85379"},"headline":"Eduardo Guerrero deslumbrou o povo portugu\u00eas","datePublished":"2019-12-01T00:51:24+00:00","mainEntityOfPage":{"@id":"https:\/\/infocul.pt\/arquivo\/cultura\/eduardo-guerrero-deslumbrou-o-povo-portugues\/"},"wordCount":329,"commentCount":0,"publisher":{"@id":"https:\/\/infocul.pt\/arquivo\/#organization"},"image":{"@id":"https:\/\/infocul.pt\/arquivo\/cultura\/eduardo-guerrero-deslumbrou-o-povo-portugues\/#primaryimage"},"thumbnailUrl":"https:\/\/infocul.pt\/arquivo\/wp-content\/uploads\/2019\/12\/WhatsApp-Image-2019-11-30-at-17.52.32.jpeg","keywords":["Aula Magna","Eduardo Guerrero","Festival de Flamenco de Lisboa","Lisboa"],"articleSection":["Concertos","Cultura","Destaque","Reportagens"],"inLanguage":"pt-PT"},{"@type":"WebPage","@id":"https:\/\/infocul.pt\/arquivo\/cultura\/eduardo-guerrero-deslumbrou-o-povo-portugues\/","url":"https:\/\/infocul.pt\/arquivo\/cultura\/eduardo-guerrero-deslumbrou-o-povo-portugues\/","name":"Eduardo Guerrero deslumbrou o povo portugu\u00eas | Infocul.pt - Arquivo Digital","isPartOf":{"@id":"https:\/\/infocul.pt\/arquivo\/#website"},"primaryImageOfPage":{"@id":"https:\/\/infocul.pt\/arquivo\/cultura\/eduardo-guerrero-deslumbrou-o-povo-portugues\/#primaryimage"},"image":{"@id":"https:\/\/infocul.pt\/arquivo\/cultura\/eduardo-guerrero-deslumbrou-o-povo-portugues\/#primaryimage"},"thumbnailUrl":"https:\/\/infocul.pt\/arquivo\/wp-content\/uploads\/2019\/12\/WhatsApp-Image-2019-11-30-at-17.52.32.jpeg","datePublished":"2019-12-01T00:51:24+00:00","description":"Eduardo Guerrero deslumbrou o povo portugu\u00eas | Infocul.pt - Arquivo Digital","breadcrumb":{"@id":"https:\/\/infocul.pt\/arquivo\/cultura\/eduardo-guerrero-deslumbrou-o-povo-portugues\/#breadcrumb"},"inLanguage":"pt-PT","potentialAction":[{"@type":"ReadAction","target":["https:\/\/infocul.pt\/arquivo\/cultura\/eduardo-guerrero-deslumbrou-o-povo-portugues\/"]}]},{"@type":"ImageObject","inLanguage":"pt-PT","@id":"https:\/\/infocul.pt\/arquivo\/cultura\/eduardo-guerrero-deslumbrou-o-povo-portugues\/#primaryimage","url":"https:\/\/infocul.pt\/arquivo\/wp-content\/uploads\/2019\/12\/WhatsApp-Image-2019-11-30-at-17.52.32.jpeg","contentUrl":"https:\/\/infocul.pt\/arquivo\/wp-content\/uploads\/2019\/12\/WhatsApp-Image-2019-11-30-at-17.52.32.jpeg","width":1919,"height":1440},{"@type":"BreadcrumbList","@id":"https:\/\/infocul.pt\/arquivo\/cultura\/eduardo-guerrero-deslumbrou-o-povo-portugues\/#breadcrumb","itemListElement":[{"@type":"ListItem","position":1,"name":"Home","item":"https:\/\/infocul.pt\/arquivo\/"},{"@type":"ListItem","position":2,"name":"Eduardo Guerrero deslumbrou o povo portugu\u00eas"}]},{"@type":"WebSite","@id":"https:\/\/infocul.pt\/arquivo\/#website","url":"https:\/\/infocul.pt\/arquivo\/","name":"Infocul.pt - Arquivo Digital","description":"Arquivo digital da Infocul.pt","publisher":{"@id":"https:\/\/infocul.pt\/arquivo\/#organization"},"potentialAction":[{"@type":"SearchAction","target":{"@type":"EntryPoint","urlTemplate":"https:\/\/infocul.pt\/arquivo\/?s={search_term_string}"},"query-input":{"@type":"PropertyValueSpecification","valueRequired":true,"valueName":"search_term_string"}}],"inLanguage":"pt-PT"},{"@type":"Organization","@id":"https:\/\/infocul.pt\/arquivo\/#organization","name":"Infocul.pt","url":"https:\/\/infocul.pt\/arquivo\/","logo":{"@type":"ImageObject","inLanguage":"pt-PT","@id":"https:\/\/infocul.pt\/arquivo\/#\/schema\/logo\/image\/","url":"https:\/\/infocul.pt\/arquivo\/wp-content\/uploads\/2018\/12\/Infocul_logo-1.png","contentUrl":"https:\/\/infocul.pt\/arquivo\/wp-content\/uploads\/2018\/12\/Infocul_logo-1.png","width":800,"height":800,"caption":"Infocul.pt"},"image":{"@id":"https:\/\/infocul.pt\/arquivo\/#\/schema\/logo\/image\/"},"sameAs":["https:\/\/www.facebook.com\/Infocul-147816815585015\/","https:\/\/x.com\/Infoculpt","http:\/\/www.pictaram.com\/user\/infocul.pt\/2370423710","https:\/\/www.youtube.com\/channel\/UCYEB91AGI9FL9ek2i_IaQAA"]},{"@type":"Person","@id":"https:\/\/infocul.pt\/arquivo\/#\/schema\/person\/81ab97f0541b157888e4cad082e85379","name":"Mariana Nave","image":{"@type":"ImageObject","inLanguage":"pt-PT","@id":"https:\/\/secure.gravatar.com\/avatar\/c88ca83ec3e70f2c68e12fb31d20e52e4067a2b7ca6a32ed93bfdfa6797e214d?s=96&d=mm&r=g","url":"https:\/\/secure.gravatar.com\/avatar\/c88ca83ec3e70f2c68e12fb31d20e52e4067a2b7ca6a32ed93bfdfa6797e214d?s=96&d=mm&r=g","contentUrl":"https:\/\/secure.gravatar.com\/avatar\/c88ca83ec3e70f2c68e12fb31d20e52e4067a2b7ca6a32ed93bfdfa6797e214d?s=96&d=mm&r=g","caption":"Mariana Nave"},"description":"Em Fevereiro de 2019, come\u00e7ou a trabalhar com o projecto Infocul.pt, sendo este tamb\u00e9m o primeiro projecto com que colabora. Apesar de ainda n\u00e3o ter um longo percurso, continua a trabalhar sempre com o objectivo de melhorar as suas capacidades no ramo da comunica\u00e7\u00e3o social."}]}},"_links":{"self":[{"href":"https:\/\/infocul.pt\/arquivo\/wp-json\/wp\/v2\/posts\/63099","targetHints":{"allow":["GET"]}}],"collection":[{"href":"https:\/\/infocul.pt\/arquivo\/wp-json\/wp\/v2\/posts"}],"about":[{"href":"https:\/\/infocul.pt\/arquivo\/wp-json\/wp\/v2\/types\/post"}],"author":[{"embeddable":true,"href":"https:\/\/infocul.pt\/arquivo\/wp-json\/wp\/v2\/users\/20"}],"replies":[{"embeddable":true,"href":"https:\/\/infocul.pt\/arquivo\/wp-json\/wp\/v2\/comments?post=63099"}],"version-history":[{"count":0,"href":"https:\/\/infocul.pt\/arquivo\/wp-json\/wp\/v2\/posts\/63099\/revisions"}],"wp:featuredmedia":[{"embeddable":true,"href":"https:\/\/infocul.pt\/arquivo\/wp-json\/wp\/v2\/media\/63100"}],"wp:attachment":[{"href":"https:\/\/infocul.pt\/arquivo\/wp-json\/wp\/v2\/media?parent=63099"}],"wp:term":[{"taxonomy":"category","embeddable":true,"href":"https:\/\/infocul.pt\/arquivo\/wp-json\/wp\/v2\/categories?post=63099"},{"taxonomy":"post_tag","embeddable":true,"href":"https:\/\/infocul.pt\/arquivo\/wp-json\/wp\/v2\/tags?post=63099"}],"curies":[{"name":"wp","href":"https:\/\/api.w.org\/{rel}","templated":true}]}}