{"id":63420,"date":"2019-12-07T10:15:23","date_gmt":"2019-12-07T10:15:23","guid":{"rendered":"https:\/\/infocul.pt\/?p=63420"},"modified":"2019-12-07T10:15:23","modified_gmt":"2019-12-07T10:15:23","slug":"mercado-de-campo-de-ourique-celebrou-o-aniversario-com-festa-e-ao-ritmo-de-toy","status":"publish","type":"post","link":"https:\/\/infocul.pt\/arquivo\/cultura\/mercado-de-campo-de-ourique-celebrou-o-aniversario-com-festa-e-ao-ritmo-de-toy\/","title":{"rendered":"Mercado de Campo de Ourique celebrou o anivers\u00e1rio com festa e ao ritmo de Toy"},"content":{"rendered":"<figure id=\"attachment_63421\" aria-describedby=\"caption-attachment-63421\" style=\"width: 800px\" class=\"wp-caption aligncenter\"><img decoding=\"async\" class=\"wp-image-63421 size-large lazyload\" data-src=\"https:\/\/infocul.pt\/arquivo\/wp-content\/uploads\/2019\/12\/WhatsApp-Image-2019-12-07-at-09.56.06-1024x768.jpeg\" alt=\"\" width=\"800\" height=\"600\" data-srcset=\"https:\/\/infocul.pt\/arquivo\/wp-content\/uploads\/2019\/12\/WhatsApp-Image-2019-12-07-at-09.56.06-1024x768.jpeg 1024w, https:\/\/infocul.pt\/arquivo\/wp-content\/uploads\/2019\/12\/WhatsApp-Image-2019-12-07-at-09.56.06-300x225.jpeg 300w, https:\/\/infocul.pt\/arquivo\/wp-content\/uploads\/2019\/12\/WhatsApp-Image-2019-12-07-at-09.56.06-768x576.jpeg 768w, https:\/\/infocul.pt\/arquivo\/wp-content\/uploads\/2019\/12\/WhatsApp-Image-2019-12-07-at-09.56.06.jpeg 1919w\" data-sizes=\"(max-width: 800px) 100vw, 800px\" src=\"data:image\/svg+xml;base64,PHN2ZyB3aWR0aD0iMSIgaGVpZ2h0PSIxIiB4bWxucz0iaHR0cDovL3d3dy53My5vcmcvMjAwMC9zdmciPjwvc3ZnPg==\" style=\"--smush-placeholder-width: 800px; --smush-placeholder-aspect-ratio: 800\/600;\" \/><figcaption id=\"caption-attachment-63421\" class=\"wp-caption-text\">D.R.<\/figcaption><\/figure>\n<p align=\"justify\"><span style=\"color: #4c4a46;\"><span style=\"font-family: Liberation Serif, serif;\"><span style=\"font-size: medium;\">O <\/span><\/span><\/span><span style=\"color: #4c4a46;\"><span style=\"font-family: Liberation Serif, serif;\"><span style=\"font-size: medium;\"><a href=\"https:\/\/www.facebook.com\/mercadodecampodeourique\/\" target=\"_blank\" rel=\"noopener noreferrer\">Mercado<\/a> que fora inicialmente inaugurado em 1934, e que renasceu com novo conceito a 26 de Novembro de 2013, celebrou o seu 6\u00ba ano esta sexta-feira num clima festivo, acompanhado de m\u00fasica e de muitas surpresas. Como j\u00e1 <\/span><\/span><\/span><span style=\"color: #4c4a46;\"><span style=\"font-family: Liberation Serif, serif;\"><span style=\"font-size: medium;\">\u00e9<\/span><\/span><\/span><span style=\"color: #4c4a46;\"><span style=\"font-family: Liberation Serif, serif;\"><span style=\"font-size: medium;\"> costume, a entrada no evento foi gratuita.<\/span><\/span><\/span><!--more--><\/p>\n<p align=\"justify\"><span style=\"color: #4c4a46;\"><span style=\"font-family: Liberation Serif, serif;\"><span style=\"font-size: medium;\">Es<\/span><\/span><\/span><span style=\"color: #4c4a46;\"><span style=\"font-family: Liberation Serif, serif;\"><span style=\"font-size: medium;\">t<\/span><\/span><\/span><span style=\"color: #4c4a46;\"><span style=\"font-family: Liberation Serif, serif;\"><span style=\"font-size: medium;\">e dia <\/span><\/span><\/span><span style=\"color: #4c4a46;\"><span style=\"font-family: Liberation Serif, serif;\"><span style=\"font-size: medium;\">contou a<\/span><\/span><\/span><span style=\"color: #4c4a46;\"><span style=\"font-family: Liberation Serif, serif;\"><span style=\"font-size: medium;\"> com performance de um saxofonista, do grupo DNA, e dos Groovelanders, que apesar das suas diversas sonoridades, proporcionaram um bom acompanhamento \u00e0 <a href=\"https:\/\/infocul.pt\/arquivo\/actualidade\/toy-anima-6oaniversario-do-mercado-de-campo-de-ourique\/\" target=\"_blank\" rel=\"noopener noreferrer\">festa deste Mercado<\/a>.<\/span><\/span><\/span><\/p>\n<p align=\"justify\"><span style=\"color: #4c4a46;\"><span style=\"font-family: Liberation Serif, serif;\"><span style=\"font-size: medium;\">Um dos momentos mais altos da noite foi a actua\u00e7\u00e3o de Toy. Cantou \u00eaxitos como \u201cSou Portugu\u00eas\u201d, \u201cRosa <\/span><\/span><\/span><span style=\"color: #4c4a46;\"><span style=\"font-family: Liberation Serif, serif;\"><span style=\"font-size: medium;\">Negra<\/span><\/span><\/span><span style=\"color: #4c4a46;\"><span style=\"font-family: Liberation Serif, serif;\"><span style=\"font-size: medium;\">\u201d e \u201cCora\u00e7\u00e3o N\u00e3o Tem Idade (Vou Beijar)\u201d, sempre num tom divertido. Introduziu cada m\u00fasica com uma pequena improvisa\u00e7\u00e3o, e at\u00e9 fez covers dos Queen (\u201cLove of My Life\u201d) e Bob Marley (\u201cNo women No Cry\u201d). No fi<\/span><\/span><\/span><span style=\"color: #4c4a46;\"><span style=\"font-family: Liberation Serif, serif;\"><span style=\"font-size: medium;\">nal<\/span><\/span><\/span><span style=\"color: #4c4a46;\"><span style=\"font-family: Liberation Serif, serif;\"><span style=\"font-size: medium;\"> do concerto, cantou os parab\u00e9ns ao Mercado, acompanhado em palco pelos dire<\/span><\/span><\/span><span style=\"color: #4c4a46;\"><span style=\"font-family: Liberation Serif, serif;\"><span style=\"font-size: medium;\">c<\/span><\/span><\/span><span style=\"color: #4c4a46;\"><span style=\"font-family: Liberation Serif, serif;\"><span style=\"font-size: medium;\">tores do Mercado e pela Dona Aurora (lojista mais antiga do Mercado).<\/span><\/span><\/span><\/p>\n<p align=\"justify\"><span style=\"color: #4c4a46;\"><span style=\"font-family: Liberation Serif, serif;\"><span style=\"font-size: medium;\">A comida n\u00e3o p\u00f4de (obviamente) faltar. Todos os restaurantes, desde hamb\u00fargueres a sushi, permitiram a degusta\u00e7\u00e3o de variados produtos. Para melhor acompanhar a noite, diversas marcas como a Gin\u2019s Amicis, a Casa Santos Lima, e a Aperol Spritz estiveram presentes no evento.<\/span><\/span><\/span><\/p>\n<p align=\"justify\"><span style=\"color: #4c4a46;\"><span style=\"font-family: Liberation Serif, serif;\"><span style=\"font-size: medium;\">Dentro das surpresas, estiveram inclu\u00eddas as estreias de novos espa\u00e7os no mercado: o Mercado dos Pequeninos, um self-service de cerveja, e um espa\u00e7o com matraquilhos, setas e televis\u00f5es. <\/span><\/span><\/span><\/p>\n<p align=\"justify\"><span style=\"color: #4c4a46;\">\u201c<\/span><span style=\"color: #4c4a46;\"><span style=\"font-family: Liberation Serif, serif;\"><span style=\"font-size: medium;\"><i><b>O Parque Infantil insere-se no obje<\/b><\/i><\/span><\/span><\/span><span style=\"color: #4c4a46;\"><span style=\"font-family: Liberation Serif, serif;\"><span style=\"font-size: medium;\"><i><b>c<\/b><\/i><\/span><\/span><\/span><span style=\"color: #4c4a46;\"><span style=\"font-family: Liberation Serif, serif;\"><span style=\"font-size: medium;\"><i><b>tivo nosso de trazer para c\u00e1 fam\u00edlias. Muitas vezes os pais queixavam-se que n\u00e3o tinham onde deixar as crian\u00e7as ou como distrai-las. Enquanto os pais desfrutam do jantar ou de uma bebida, ali ficam as crian\u00e7as a divertirem-se<\/b><\/i><\/span><\/span><\/span><span style=\"color: #4c4a46;\"><span style=\"font-family: Liberation Serif, serif;\"><span style=\"font-size: medium;\">\u201d, disse-nos Frederico Lebre, um dos diretores do espa\u00e7o. <\/span><\/span><\/span><\/p>\n<p align=\"justify\"><span style=\"color: #4c4a46;\"><span style=\"font-family: Liberation Serif, serif;\"><span style=\"font-size: medium;\">Nessa mesma conversa, foi tamb\u00e9m feita a rela\u00e7\u00e3o entre o estado do mercado <\/span><\/span><\/span><span style=\"color: #4c4a46;\"><span style=\"font-family: Liberation Serif, serif;\"><span style=\"font-size: medium;\">desde a sua renova\u00e7\u00e3o at\u00e9 aos<\/span><\/span><\/span><span style=\"color: #4c4a46;\"><span style=\"font-family: Liberation Serif, serif;\"><span style=\"font-size: medium;\"> dias de hoje:<\/span><\/span><\/span><\/p>\n<p align=\"justify\"><span style=\"color: #4c4a46;\">\u201c<\/span><span style=\"color: #4c4a46;\"><span style=\"font-family: Liberation Serif, serif;\"><span style=\"font-size: medium;\"><i><b>H\u00e1 seis anos atr\u00e1s, antes de abrirmos, n\u00e3o existia qualquer vida neste mercado. V\u00e1rias bancas vazias, n\u00e3o havia restaura\u00e7\u00e3o e clientes. Hoje em dia estamos abertos at\u00e9 \u00e0 uma da manh\u00e3, cheios de clientes e foi toda uma vida que trouxemos a este espa\u00e7o, que antes estava abandonado<\/b><\/i><\/span><\/span><\/span><span style=\"color: #4c4a46;\"><span style=\"font-family: Liberation Serif, serif;\"><span style=\"font-size: medium;\">.\u201d<\/span><\/span><\/span><\/p>\n<p align=\"justify\"><span style=\"color: #4c4a46;\">\u201c<\/span><span style=\"color: #4c4a46;\"><span style=\"font-family: Liberation Serif, serif;\"><span style=\"font-size: medium;\"><i><b>Quando n\u00f3s abrimos, o Mercado estava praticamente ao abandono. Hoje em dia, as pr\u00f3prias lojistas que c\u00e1 se encontravam antes, todos eles beneficiaram bastante do fluxo novo de pessoas que vieram para o Mercado. Come\u00e7aram a vender mais, os restaurantes \u00e0 volta come\u00e7aram a vender mais, e at\u00e9 o mobili\u00e1rio em si, n\u00e3o s\u00f3 por ser Lisboa, mas tamb\u00e9m por causa do Mercado se valorizou bastante. Toda uma vida nova trouxe pessoas mais novas a viver no bairro e nos contribu\u00edmos tamb\u00e9m para isso<\/b><\/i><\/span><\/span><\/span><span style=\"color: #4c4a46;\"><span style=\"font-family: Liberation Serif, serif;\"><span style=\"font-size: medium;\">\u201d<\/span><\/span><\/span><\/p>\n<p align=\"justify\"><span style=\"color: #4c4a46;\"><span style=\"font-family: Liberation Serif, serif;\"><span style=\"font-size: medium;\">Por motivos alheios ao Infocul.pt n\u00e3o foi poss\u00edvel obter uma entrevista com Toy, mas isso n\u00e3o impossibilitou um concerto din\u00e2mico e cheio mi\u00fados e gra\u00fados.<\/span><\/span><\/span><\/p>\n","protected":false},"excerpt":{"rendered":"<p>O Mercado que fora inicialmente inaugurado em 1934, e que renasceu com novo conceito a 26 de Novembro de 2013, celebrou o seu 6\u00ba ano esta sexta-feira num clima festivo, acompanhado de m\u00fasica e de muitas surpresas. Como j\u00e1 \u00e9 costume, a entrada no evento foi gratuita.<\/p>\n","protected":false},"author":20,"featured_media":63421,"comment_status":"open","ping_status":"closed","sticky":false,"template":"","format":"standard","meta":{"footnotes":""},"categories":[10,2,36,9,4123,13],"tags":[80,7059,2999],"class_list":["post-63420","post","type-post","status-publish","format-standard","has-post-thumbnail","hentry","category-actualidade","category-cultura","category-destaque","category-outros","category-reportagens-actualidade","category-turismo","tag-lisboa","tag-mercado-de-campo-de-ourique","tag-toy"],"yoast_head":"<!-- This site is optimized with the Yoast SEO plugin v27.5 - https:\/\/yoast.com\/product\/yoast-seo-wordpress\/ -->\n<title>Mercado de Campo de Ourique celebrou o anivers\u00e1rio com festa e ao ritmo de Toy | Infocul.pt - Arquivo Digital<\/title>\n<meta name=\"description\" content=\"Mercado de Campo de Ourique celebrou o anivers\u00e1rio com festa e ao ritmo de Toy | Infocul.pt - Arquivo Digital\" \/>\n<meta name=\"robots\" content=\"noindex, follow, max-snippet:-1, max-image-preview:large, max-video-preview:-1\" \/>\n<meta property=\"og:locale\" content=\"pt_PT\" \/>\n<meta property=\"og:type\" content=\"article\" \/>\n<meta property=\"og:title\" content=\"Mercado de Campo de Ourique celebrou o anivers\u00e1rio com festa e ao ritmo de Toy | Infocul.pt - Arquivo Digital\" \/>\n<meta property=\"og:description\" content=\"Mercado de Campo de Ourique celebrou o anivers\u00e1rio com festa e ao ritmo de Toy | Infocul.pt - Arquivo Digital\" \/>\n<meta property=\"og:url\" content=\"https:\/\/infocul.pt\/arquivo\/cultura\/mercado-de-campo-de-ourique-celebrou-o-aniversario-com-festa-e-ao-ritmo-de-toy\/\" \/>\n<meta property=\"og:site_name\" content=\"Infocul.pt - Arquivo Digital\" \/>\n<meta property=\"article:publisher\" content=\"https:\/\/www.facebook.com\/Infocul-147816815585015\/\" \/>\n<meta property=\"article:published_time\" content=\"2019-12-07T10:15:23+00:00\" \/>\n<meta property=\"og:image\" content=\"https:\/\/infocul.pt\/arquivo\/wp-content\/uploads\/2019\/12\/WhatsApp-Image-2019-12-07-at-09.56.06.jpeg\" \/>\n\t<meta property=\"og:image:width\" content=\"1919\" \/>\n\t<meta property=\"og:image:height\" content=\"1440\" \/>\n\t<meta property=\"og:image:type\" content=\"image\/jpeg\" \/>\n<meta name=\"author\" content=\"Mariana Nave\" \/>\n<meta name=\"twitter:card\" content=\"summary_large_image\" \/>\n<meta name=\"twitter:creator\" content=\"@Infoculpt\" \/>\n<meta name=\"twitter:site\" content=\"@Infoculpt\" \/>\n<meta name=\"twitter:label1\" content=\"Escrito por\" \/>\n\t<meta name=\"twitter:data1\" content=\"Mariana Nave\" \/>\n\t<meta name=\"twitter:label2\" content=\"Tempo estimado de leitura\" \/>\n\t<meta name=\"twitter:data2\" content=\"3 minutos\" \/>\n<script type=\"application\/ld+json\" class=\"yoast-schema-graph\">{\"@context\":\"https:\\\/\\\/schema.org\",\"@graph\":[{\"@type\":\"Article\",\"@id\":\"https:\\\/\\\/infocul.pt\\\/arquivo\\\/cultura\\\/mercado-de-campo-de-ourique-celebrou-o-aniversario-com-festa-e-ao-ritmo-de-toy\\\/#article\",\"isPartOf\":{\"@id\":\"https:\\\/\\\/infocul.pt\\\/arquivo\\\/cultura\\\/mercado-de-campo-de-ourique-celebrou-o-aniversario-com-festa-e-ao-ritmo-de-toy\\\/\"},\"author\":{\"name\":\"Mariana Nave\",\"@id\":\"https:\\\/\\\/infocul.pt\\\/arquivo\\\/#\\\/schema\\\/person\\\/81ab97f0541b157888e4cad082e85379\"},\"headline\":\"Mercado de Campo de Ourique celebrou o anivers\u00e1rio com festa e ao ritmo de Toy\",\"datePublished\":\"2019-12-07T10:15:23+00:00\",\"mainEntityOfPage\":{\"@id\":\"https:\\\/\\\/infocul.pt\\\/arquivo\\\/cultura\\\/mercado-de-campo-de-ourique-celebrou-o-aniversario-com-festa-e-ao-ritmo-de-toy\\\/\"},\"wordCount\":526,\"commentCount\":0,\"publisher\":{\"@id\":\"https:\\\/\\\/infocul.pt\\\/arquivo\\\/#organization\"},\"image\":{\"@id\":\"https:\\\/\\\/infocul.pt\\\/arquivo\\\/cultura\\\/mercado-de-campo-de-ourique-celebrou-o-aniversario-com-festa-e-ao-ritmo-de-toy\\\/#primaryimage\"},\"thumbnailUrl\":\"https:\\\/\\\/infocul.pt\\\/arquivo\\\/wp-content\\\/uploads\\\/2019\\\/12\\\/WhatsApp-Image-2019-12-07-at-09.56.06.jpeg\",\"keywords\":[\"Lisboa\",\"Mercado de Campo de Ourique\",\"Toy\"],\"articleSection\":[\"Actualidade\",\"Cultura\",\"Destaque\",\"Outros\",\"Reportagens\",\"Turismo\"],\"inLanguage\":\"pt-PT\"},{\"@type\":\"WebPage\",\"@id\":\"https:\\\/\\\/infocul.pt\\\/arquivo\\\/cultura\\\/mercado-de-campo-de-ourique-celebrou-o-aniversario-com-festa-e-ao-ritmo-de-toy\\\/\",\"url\":\"https:\\\/\\\/infocul.pt\\\/arquivo\\\/cultura\\\/mercado-de-campo-de-ourique-celebrou-o-aniversario-com-festa-e-ao-ritmo-de-toy\\\/\",\"name\":\"Mercado de Campo de Ourique celebrou o anivers\u00e1rio com festa e ao ritmo de Toy | Infocul.pt - Arquivo Digital\",\"isPartOf\":{\"@id\":\"https:\\\/\\\/infocul.pt\\\/arquivo\\\/#website\"},\"primaryImageOfPage\":{\"@id\":\"https:\\\/\\\/infocul.pt\\\/arquivo\\\/cultura\\\/mercado-de-campo-de-ourique-celebrou-o-aniversario-com-festa-e-ao-ritmo-de-toy\\\/#primaryimage\"},\"image\":{\"@id\":\"https:\\\/\\\/infocul.pt\\\/arquivo\\\/cultura\\\/mercado-de-campo-de-ourique-celebrou-o-aniversario-com-festa-e-ao-ritmo-de-toy\\\/#primaryimage\"},\"thumbnailUrl\":\"https:\\\/\\\/infocul.pt\\\/arquivo\\\/wp-content\\\/uploads\\\/2019\\\/12\\\/WhatsApp-Image-2019-12-07-at-09.56.06.jpeg\",\"datePublished\":\"2019-12-07T10:15:23+00:00\",\"description\":\"Mercado de Campo de Ourique celebrou o anivers\u00e1rio com festa e ao ritmo de Toy | Infocul.pt - Arquivo Digital\",\"breadcrumb\":{\"@id\":\"https:\\\/\\\/infocul.pt\\\/arquivo\\\/cultura\\\/mercado-de-campo-de-ourique-celebrou-o-aniversario-com-festa-e-ao-ritmo-de-toy\\\/#breadcrumb\"},\"inLanguage\":\"pt-PT\",\"potentialAction\":[{\"@type\":\"ReadAction\",\"target\":[\"https:\\\/\\\/infocul.pt\\\/arquivo\\\/cultura\\\/mercado-de-campo-de-ourique-celebrou-o-aniversario-com-festa-e-ao-ritmo-de-toy\\\/\"]}]},{\"@type\":\"ImageObject\",\"inLanguage\":\"pt-PT\",\"@id\":\"https:\\\/\\\/infocul.pt\\\/arquivo\\\/cultura\\\/mercado-de-campo-de-ourique-celebrou-o-aniversario-com-festa-e-ao-ritmo-de-toy\\\/#primaryimage\",\"url\":\"https:\\\/\\\/infocul.pt\\\/arquivo\\\/wp-content\\\/uploads\\\/2019\\\/12\\\/WhatsApp-Image-2019-12-07-at-09.56.06.jpeg\",\"contentUrl\":\"https:\\\/\\\/infocul.pt\\\/arquivo\\\/wp-content\\\/uploads\\\/2019\\\/12\\\/WhatsApp-Image-2019-12-07-at-09.56.06.jpeg\",\"width\":1919,\"height\":1440},{\"@type\":\"BreadcrumbList\",\"@id\":\"https:\\\/\\\/infocul.pt\\\/arquivo\\\/cultura\\\/mercado-de-campo-de-ourique-celebrou-o-aniversario-com-festa-e-ao-ritmo-de-toy\\\/#breadcrumb\",\"itemListElement\":[{\"@type\":\"ListItem\",\"position\":1,\"name\":\"Home\",\"item\":\"https:\\\/\\\/infocul.pt\\\/arquivo\\\/\"},{\"@type\":\"ListItem\",\"position\":2,\"name\":\"Mercado de Campo de Ourique celebrou o anivers\u00e1rio com festa e ao ritmo de Toy\"}]},{\"@type\":\"WebSite\",\"@id\":\"https:\\\/\\\/infocul.pt\\\/arquivo\\\/#website\",\"url\":\"https:\\\/\\\/infocul.pt\\\/arquivo\\\/\",\"name\":\"Infocul.pt - Arquivo Digital\",\"description\":\"Arquivo digital da Infocul.pt\",\"publisher\":{\"@id\":\"https:\\\/\\\/infocul.pt\\\/arquivo\\\/#organization\"},\"potentialAction\":[{\"@type\":\"SearchAction\",\"target\":{\"@type\":\"EntryPoint\",\"urlTemplate\":\"https:\\\/\\\/infocul.pt\\\/arquivo\\\/?s={search_term_string}\"},\"query-input\":{\"@type\":\"PropertyValueSpecification\",\"valueRequired\":true,\"valueName\":\"search_term_string\"}}],\"inLanguage\":\"pt-PT\"},{\"@type\":\"Organization\",\"@id\":\"https:\\\/\\\/infocul.pt\\\/arquivo\\\/#organization\",\"name\":\"Infocul.pt\",\"url\":\"https:\\\/\\\/infocul.pt\\\/arquivo\\\/\",\"logo\":{\"@type\":\"ImageObject\",\"inLanguage\":\"pt-PT\",\"@id\":\"https:\\\/\\\/infocul.pt\\\/arquivo\\\/#\\\/schema\\\/logo\\\/image\\\/\",\"url\":\"https:\\\/\\\/infocul.pt\\\/arquivo\\\/wp-content\\\/uploads\\\/2018\\\/12\\\/Infocul_logo-1.png\",\"contentUrl\":\"https:\\\/\\\/infocul.pt\\\/arquivo\\\/wp-content\\\/uploads\\\/2018\\\/12\\\/Infocul_logo-1.png\",\"width\":800,\"height\":800,\"caption\":\"Infocul.pt\"},\"image\":{\"@id\":\"https:\\\/\\\/infocul.pt\\\/arquivo\\\/#\\\/schema\\\/logo\\\/image\\\/\"},\"sameAs\":[\"https:\\\/\\\/www.facebook.com\\\/Infocul-147816815585015\\\/\",\"https:\\\/\\\/x.com\\\/Infoculpt\",\"http:\\\/\\\/www.pictaram.com\\\/user\\\/infocul.pt\\\/2370423710\",\"https:\\\/\\\/www.youtube.com\\\/channel\\\/UCYEB91AGI9FL9ek2i_IaQAA\"]},{\"@type\":\"Person\",\"@id\":\"https:\\\/\\\/infocul.pt\\\/arquivo\\\/#\\\/schema\\\/person\\\/81ab97f0541b157888e4cad082e85379\",\"name\":\"Mariana Nave\",\"image\":{\"@type\":\"ImageObject\",\"inLanguage\":\"pt-PT\",\"@id\":\"https:\\\/\\\/secure.gravatar.com\\\/avatar\\\/c88ca83ec3e70f2c68e12fb31d20e52e4067a2b7ca6a32ed93bfdfa6797e214d?s=96&d=mm&r=g\",\"url\":\"https:\\\/\\\/secure.gravatar.com\\\/avatar\\\/c88ca83ec3e70f2c68e12fb31d20e52e4067a2b7ca6a32ed93bfdfa6797e214d?s=96&d=mm&r=g\",\"contentUrl\":\"https:\\\/\\\/secure.gravatar.com\\\/avatar\\\/c88ca83ec3e70f2c68e12fb31d20e52e4067a2b7ca6a32ed93bfdfa6797e214d?s=96&d=mm&r=g\",\"caption\":\"Mariana Nave\"},\"description\":\"Em Fevereiro de 2019, come\u00e7ou a trabalhar com o projecto Infocul.pt, sendo este tamb\u00e9m o primeiro projecto com que colabora. Apesar de ainda n\u00e3o ter um longo percurso, continua a trabalhar sempre com o objectivo de melhorar as suas capacidades no ramo da comunica\u00e7\u00e3o social.\"}]}<\/script>\n<!-- \/ Yoast SEO plugin. -->","yoast_head_json":{"title":"Mercado de Campo de Ourique celebrou o anivers\u00e1rio com festa e ao ritmo de Toy | Infocul.pt - Arquivo Digital","description":"Mercado de Campo de Ourique celebrou o anivers\u00e1rio com festa e ao ritmo de Toy | Infocul.pt - Arquivo Digital","robots":{"index":"noindex","follow":"follow","max-snippet":"max-snippet:-1","max-image-preview":"max-image-preview:large","max-video-preview":"max-video-preview:-1"},"og_locale":"pt_PT","og_type":"article","og_title":"Mercado de Campo de Ourique celebrou o anivers\u00e1rio com festa e ao ritmo de Toy | Infocul.pt - Arquivo Digital","og_description":"Mercado de Campo de Ourique celebrou o anivers\u00e1rio com festa e ao ritmo de Toy | Infocul.pt - Arquivo Digital","og_url":"https:\/\/infocul.pt\/arquivo\/cultura\/mercado-de-campo-de-ourique-celebrou-o-aniversario-com-festa-e-ao-ritmo-de-toy\/","og_site_name":"Infocul.pt - Arquivo Digital","article_publisher":"https:\/\/www.facebook.com\/Infocul-147816815585015\/","article_published_time":"2019-12-07T10:15:23+00:00","og_image":[{"width":1919,"height":1440,"url":"https:\/\/infocul.pt\/arquivo\/wp-content\/uploads\/2019\/12\/WhatsApp-Image-2019-12-07-at-09.56.06.jpeg","type":"image\/jpeg"}],"author":"Mariana Nave","twitter_card":"summary_large_image","twitter_creator":"@Infoculpt","twitter_site":"@Infoculpt","twitter_misc":{"Escrito por":"Mariana Nave","Tempo estimado de leitura":"3 minutos"},"schema":{"@context":"https:\/\/schema.org","@graph":[{"@type":"Article","@id":"https:\/\/infocul.pt\/arquivo\/cultura\/mercado-de-campo-de-ourique-celebrou-o-aniversario-com-festa-e-ao-ritmo-de-toy\/#article","isPartOf":{"@id":"https:\/\/infocul.pt\/arquivo\/cultura\/mercado-de-campo-de-ourique-celebrou-o-aniversario-com-festa-e-ao-ritmo-de-toy\/"},"author":{"name":"Mariana Nave","@id":"https:\/\/infocul.pt\/arquivo\/#\/schema\/person\/81ab97f0541b157888e4cad082e85379"},"headline":"Mercado de Campo de Ourique celebrou o anivers\u00e1rio com festa e ao ritmo de Toy","datePublished":"2019-12-07T10:15:23+00:00","mainEntityOfPage":{"@id":"https:\/\/infocul.pt\/arquivo\/cultura\/mercado-de-campo-de-ourique-celebrou-o-aniversario-com-festa-e-ao-ritmo-de-toy\/"},"wordCount":526,"commentCount":0,"publisher":{"@id":"https:\/\/infocul.pt\/arquivo\/#organization"},"image":{"@id":"https:\/\/infocul.pt\/arquivo\/cultura\/mercado-de-campo-de-ourique-celebrou-o-aniversario-com-festa-e-ao-ritmo-de-toy\/#primaryimage"},"thumbnailUrl":"https:\/\/infocul.pt\/arquivo\/wp-content\/uploads\/2019\/12\/WhatsApp-Image-2019-12-07-at-09.56.06.jpeg","keywords":["Lisboa","Mercado de Campo de Ourique","Toy"],"articleSection":["Actualidade","Cultura","Destaque","Outros","Reportagens","Turismo"],"inLanguage":"pt-PT"},{"@type":"WebPage","@id":"https:\/\/infocul.pt\/arquivo\/cultura\/mercado-de-campo-de-ourique-celebrou-o-aniversario-com-festa-e-ao-ritmo-de-toy\/","url":"https:\/\/infocul.pt\/arquivo\/cultura\/mercado-de-campo-de-ourique-celebrou-o-aniversario-com-festa-e-ao-ritmo-de-toy\/","name":"Mercado de Campo de Ourique celebrou o anivers\u00e1rio com festa e ao ritmo de Toy | Infocul.pt - Arquivo Digital","isPartOf":{"@id":"https:\/\/infocul.pt\/arquivo\/#website"},"primaryImageOfPage":{"@id":"https:\/\/infocul.pt\/arquivo\/cultura\/mercado-de-campo-de-ourique-celebrou-o-aniversario-com-festa-e-ao-ritmo-de-toy\/#primaryimage"},"image":{"@id":"https:\/\/infocul.pt\/arquivo\/cultura\/mercado-de-campo-de-ourique-celebrou-o-aniversario-com-festa-e-ao-ritmo-de-toy\/#primaryimage"},"thumbnailUrl":"https:\/\/infocul.pt\/arquivo\/wp-content\/uploads\/2019\/12\/WhatsApp-Image-2019-12-07-at-09.56.06.jpeg","datePublished":"2019-12-07T10:15:23+00:00","description":"Mercado de Campo de Ourique celebrou o anivers\u00e1rio com festa e ao ritmo de Toy | Infocul.pt - Arquivo Digital","breadcrumb":{"@id":"https:\/\/infocul.pt\/arquivo\/cultura\/mercado-de-campo-de-ourique-celebrou-o-aniversario-com-festa-e-ao-ritmo-de-toy\/#breadcrumb"},"inLanguage":"pt-PT","potentialAction":[{"@type":"ReadAction","target":["https:\/\/infocul.pt\/arquivo\/cultura\/mercado-de-campo-de-ourique-celebrou-o-aniversario-com-festa-e-ao-ritmo-de-toy\/"]}]},{"@type":"ImageObject","inLanguage":"pt-PT","@id":"https:\/\/infocul.pt\/arquivo\/cultura\/mercado-de-campo-de-ourique-celebrou-o-aniversario-com-festa-e-ao-ritmo-de-toy\/#primaryimage","url":"https:\/\/infocul.pt\/arquivo\/wp-content\/uploads\/2019\/12\/WhatsApp-Image-2019-12-07-at-09.56.06.jpeg","contentUrl":"https:\/\/infocul.pt\/arquivo\/wp-content\/uploads\/2019\/12\/WhatsApp-Image-2019-12-07-at-09.56.06.jpeg","width":1919,"height":1440},{"@type":"BreadcrumbList","@id":"https:\/\/infocul.pt\/arquivo\/cultura\/mercado-de-campo-de-ourique-celebrou-o-aniversario-com-festa-e-ao-ritmo-de-toy\/#breadcrumb","itemListElement":[{"@type":"ListItem","position":1,"name":"Home","item":"https:\/\/infocul.pt\/arquivo\/"},{"@type":"ListItem","position":2,"name":"Mercado de Campo de Ourique celebrou o anivers\u00e1rio com festa e ao ritmo de Toy"}]},{"@type":"WebSite","@id":"https:\/\/infocul.pt\/arquivo\/#website","url":"https:\/\/infocul.pt\/arquivo\/","name":"Infocul.pt - Arquivo Digital","description":"Arquivo digital da Infocul.pt","publisher":{"@id":"https:\/\/infocul.pt\/arquivo\/#organization"},"potentialAction":[{"@type":"SearchAction","target":{"@type":"EntryPoint","urlTemplate":"https:\/\/infocul.pt\/arquivo\/?s={search_term_string}"},"query-input":{"@type":"PropertyValueSpecification","valueRequired":true,"valueName":"search_term_string"}}],"inLanguage":"pt-PT"},{"@type":"Organization","@id":"https:\/\/infocul.pt\/arquivo\/#organization","name":"Infocul.pt","url":"https:\/\/infocul.pt\/arquivo\/","logo":{"@type":"ImageObject","inLanguage":"pt-PT","@id":"https:\/\/infocul.pt\/arquivo\/#\/schema\/logo\/image\/","url":"https:\/\/infocul.pt\/arquivo\/wp-content\/uploads\/2018\/12\/Infocul_logo-1.png","contentUrl":"https:\/\/infocul.pt\/arquivo\/wp-content\/uploads\/2018\/12\/Infocul_logo-1.png","width":800,"height":800,"caption":"Infocul.pt"},"image":{"@id":"https:\/\/infocul.pt\/arquivo\/#\/schema\/logo\/image\/"},"sameAs":["https:\/\/www.facebook.com\/Infocul-147816815585015\/","https:\/\/x.com\/Infoculpt","http:\/\/www.pictaram.com\/user\/infocul.pt\/2370423710","https:\/\/www.youtube.com\/channel\/UCYEB91AGI9FL9ek2i_IaQAA"]},{"@type":"Person","@id":"https:\/\/infocul.pt\/arquivo\/#\/schema\/person\/81ab97f0541b157888e4cad082e85379","name":"Mariana Nave","image":{"@type":"ImageObject","inLanguage":"pt-PT","@id":"https:\/\/secure.gravatar.com\/avatar\/c88ca83ec3e70f2c68e12fb31d20e52e4067a2b7ca6a32ed93bfdfa6797e214d?s=96&d=mm&r=g","url":"https:\/\/secure.gravatar.com\/avatar\/c88ca83ec3e70f2c68e12fb31d20e52e4067a2b7ca6a32ed93bfdfa6797e214d?s=96&d=mm&r=g","contentUrl":"https:\/\/secure.gravatar.com\/avatar\/c88ca83ec3e70f2c68e12fb31d20e52e4067a2b7ca6a32ed93bfdfa6797e214d?s=96&d=mm&r=g","caption":"Mariana Nave"},"description":"Em Fevereiro de 2019, come\u00e7ou a trabalhar com o projecto Infocul.pt, sendo este tamb\u00e9m o primeiro projecto com que colabora. Apesar de ainda n\u00e3o ter um longo percurso, continua a trabalhar sempre com o objectivo de melhorar as suas capacidades no ramo da comunica\u00e7\u00e3o social."}]}},"_links":{"self":[{"href":"https:\/\/infocul.pt\/arquivo\/wp-json\/wp\/v2\/posts\/63420","targetHints":{"allow":["GET"]}}],"collection":[{"href":"https:\/\/infocul.pt\/arquivo\/wp-json\/wp\/v2\/posts"}],"about":[{"href":"https:\/\/infocul.pt\/arquivo\/wp-json\/wp\/v2\/types\/post"}],"author":[{"embeddable":true,"href":"https:\/\/infocul.pt\/arquivo\/wp-json\/wp\/v2\/users\/20"}],"replies":[{"embeddable":true,"href":"https:\/\/infocul.pt\/arquivo\/wp-json\/wp\/v2\/comments?post=63420"}],"version-history":[{"count":0,"href":"https:\/\/infocul.pt\/arquivo\/wp-json\/wp\/v2\/posts\/63420\/revisions"}],"wp:featuredmedia":[{"embeddable":true,"href":"https:\/\/infocul.pt\/arquivo\/wp-json\/wp\/v2\/media\/63421"}],"wp:attachment":[{"href":"https:\/\/infocul.pt\/arquivo\/wp-json\/wp\/v2\/media?parent=63420"}],"wp:term":[{"taxonomy":"category","embeddable":true,"href":"https:\/\/infocul.pt\/arquivo\/wp-json\/wp\/v2\/categories?post=63420"},{"taxonomy":"post_tag","embeddable":true,"href":"https:\/\/infocul.pt\/arquivo\/wp-json\/wp\/v2\/tags?post=63420"}],"curies":[{"name":"wp","href":"https:\/\/api.w.org\/{rel}","templated":true}]}}