{"id":63661,"date":"2019-12-27T00:00:20","date_gmt":"2019-12-27T00:00:20","guid":{"rendered":"https:\/\/infocul.pt\/?p=63661"},"modified":"2019-12-12T12:09:55","modified_gmt":"2019-12-12T12:09:55","slug":"moullinex-apresenta-rough-mix-no-musicbox","status":"publish","type":"post","link":"https:\/\/infocul.pt\/arquivo\/cultura\/moullinex-apresenta-rough-mix-no-musicbox\/","title":{"rendered":"Moullinex apresenta Rough Mix no Musicbox"},"content":{"rendered":"<p><img decoding=\"async\" class=\"aligncenter wp-image-63662 size-large lazyload\" data-src=\"https:\/\/infocul.pt\/arquivo\/wp-content\/uploads\/2019\/12\/aef34026-8b34-4ab8-94d8-71ac18ebca9e-1024x653.jpeg\" alt=\"\" width=\"800\" height=\"510\" data-srcset=\"https:\/\/infocul.pt\/arquivo\/wp-content\/uploads\/2019\/12\/aef34026-8b34-4ab8-94d8-71ac18ebca9e-1024x653.jpeg 1024w, https:\/\/infocul.pt\/arquivo\/wp-content\/uploads\/2019\/12\/aef34026-8b34-4ab8-94d8-71ac18ebca9e-300x191.jpeg 300w, https:\/\/infocul.pt\/arquivo\/wp-content\/uploads\/2019\/12\/aef34026-8b34-4ab8-94d8-71ac18ebca9e-768x490.jpeg 768w, https:\/\/infocul.pt\/arquivo\/wp-content\/uploads\/2019\/12\/aef34026-8b34-4ab8-94d8-71ac18ebca9e.jpeg 1200w\" data-sizes=\"(max-width: 800px) 100vw, 800px\" src=\"data:image\/svg+xml;base64,PHN2ZyB3aWR0aD0iMSIgaGVpZ2h0PSIxIiB4bWxucz0iaHR0cDovL3d3dy53My5vcmcvMjAwMC9zdmciPjwvc3ZnPg==\" style=\"--smush-placeholder-width: 800px; --smush-placeholder-aspect-ratio: 800\/510;\" \/><\/p>\n<p><span style=\"font-family: Liberation Serif, serif; font-size: medium;\">\u00c9 uma das principais refer\u00eancias da m\u00fasica nacional e depois do muito aclamado &#8220;Hypersex&#8221; e de v\u00e1rias m\u00fasicas e projectos que foi revelando nos meses que se seguiram, Moullinex prepara-se para trazer novidades em 2020 e essas novidades come\u00e7am logo em Janeiro. Dias 23, 24 e 25, o Musicbox, em Lisboa, recebe tr\u00eas noites de Moullinex, que se pretendem especiais e repletas de m\u00fasica nova. <\/span><!--more--><\/p>\n<p><span style=\"color: #333333;\"><span style=\"font-family: Liberation Serif, serif;\"><span style=\"font-size: medium;\">O conceito \u00e9 simples mas nada como as palavras do pr\u00f3prio para o descrever na perfei\u00e7\u00e3o: <\/span><\/span><\/span><\/p>\n<p><span style=\"color: #333333;\"><span style=\"font-family: Liberation Serif, serif;\"><span style=\"font-size: medium;\">&#8220;<em><strong>Ando a preparar um disco novo para 2020. Tem sido um processo bonito e assustador, cheio de convic\u00e7\u00e3o, mas tamb\u00e9m inseguran\u00e7a. Por estar a evitar tanto os meus atalhos habituais, confortos e v\u00edcios, talvez seja o trabalho em que me desafiei mais art\u00edstica, emocional e tecnicamente.\u00a0<\/strong><\/em><\/span><\/span><\/span><em><strong><span style=\"color: #333333;\"><span style=\"font-family: Liberation Serif, serif;\"><span style=\"font-size: medium;\">2019 foi o ano em que abri o jogo e partilhei m\u00fasica nova sem a press\u00e3o de a guardar e aguardar pelo lan\u00e7amento de um novo \u00e1lbum. No in\u00edcio de 2020 quero levar isso mais al\u00e9m. Quero mostrar o processo ao vivo. Trazer as cria\u00e7\u00f5es feitas no conforto das quatro paredes para a rua, para passearem e serem expostas a ao p\u00fablico.\u00a0<\/span><\/span><\/span><\/strong><\/em><span style=\"color: #333333;\"><span style=\"font-family: Liberation Serif, serif;\"><span style=\"font-size: medium;\"><em><strong>Chegou a fase de transpor estes temas para concerto. \u00c9 uma altura pela qual anseio, mas que sempre temo. Vou estar humildemente exposto, em modo &#8220;rough mix<\/strong><\/em>&#8220;.\u00a0<\/span><\/span><\/span><span style=\"color: #333333;\"><span style=\"font-family: Liberation Serif, serif;\"><span style=\"font-size: medium;\"><em><strong>Durante tr\u00eas noites levarei o est\u00fadio para o Musicbox. Vou tocar temas novos e fazer novos arranjos para temas antigos. Esta explora\u00e7\u00e3o ser\u00e1 em aberto com a banda, convidados (surpresa, como \u00e9 habitual&#8230;) e p\u00fablico. Algo especial que nunca se ir\u00e1 repetir. Mal posso esperar para partilhar tudo isto convosco.<\/strong><\/em>&#8220;<\/span><\/span><\/span><\/p>\n<p><span style=\"color: #333333;\"><span style=\"font-family: Liberation Serif, serif;\"><span style=\"font-size: medium;\">Ser\u00e1 portanto, uma noite de celebra\u00e7\u00e3o, com muitas surpresas, repleta de amigos e apreciadores da m\u00fasica na sua ess\u00eancia. Os bilhetes para estas tr\u00eas noites j\u00e1 est\u00e3o \u00e0 venda em bol.pt e nos locais habituais por 12\u20ac para uma sess\u00e3o ou 30\u20ac para uma edi\u00e7\u00e3o limitada que d\u00e1 acesso \u00e0s 3 noites de festa.<\/span><\/span><\/span><\/p>\n<p><span style=\"color: #333333;\">\u00a0<\/span><\/p>\n","protected":false},"excerpt":{"rendered":"<p>\u00c9 uma das principais refer\u00eancias da m\u00fasica nacional e depois do muito aclamado &#8220;Hypersex&#8221; e de v\u00e1rias m\u00fasicas e projectos que foi revelando nos meses que se seguiram, Moullinex prepara-se para trazer novidades em 2020 e essas novidades come\u00e7am logo em Janeiro. Dias 23, 24 e 25, o Musicbox, em Lisboa, recebe tr\u00eas noites de [&hellip;]<\/p>\n","protected":false},"author":13,"featured_media":63662,"comment_status":"open","ping_status":"closed","sticky":false,"template":"","format":"standard","meta":{"footnotes":""},"categories":[3,2],"tags":[80,2809,909],"class_list":["post-63661","post","type-post","status-publish","format-standard","has-post-thumbnail","hentry","category-concertos","category-cultura","tag-lisboa","tag-moullinex","tag-musicbox"],"yoast_head":"<!-- This site is optimized with the Yoast SEO plugin v27.5 - https:\/\/yoast.com\/product\/yoast-seo-wordpress\/ -->\n<title>Moullinex apresenta Rough Mix no Musicbox | Infocul.pt - Arquivo Digital<\/title>\n<meta name=\"description\" content=\"Moullinex apresenta Rough Mix no Musicbox | Infocul.pt - Arquivo Digital\" \/>\n<meta name=\"robots\" content=\"noindex, follow, max-snippet:-1, max-image-preview:large, max-video-preview:-1\" \/>\n<meta property=\"og:locale\" content=\"pt_PT\" \/>\n<meta property=\"og:type\" content=\"article\" \/>\n<meta property=\"og:title\" content=\"Moullinex apresenta Rough Mix no Musicbox | Infocul.pt - Arquivo Digital\" \/>\n<meta property=\"og:description\" content=\"Moullinex apresenta Rough Mix no Musicbox | Infocul.pt - Arquivo Digital\" \/>\n<meta property=\"og:url\" content=\"https:\/\/infocul.pt\/arquivo\/cultura\/moullinex-apresenta-rough-mix-no-musicbox\/\" \/>\n<meta property=\"og:site_name\" content=\"Infocul.pt - Arquivo Digital\" \/>\n<meta property=\"article:publisher\" content=\"https:\/\/www.facebook.com\/Infocul-147816815585015\/\" \/>\n<meta property=\"article:published_time\" content=\"2019-12-27T00:00:20+00:00\" \/>\n<meta property=\"og:image\" content=\"https:\/\/infocul.pt\/arquivo\/wp-content\/uploads\/2019\/12\/aef34026-8b34-4ab8-94d8-71ac18ebca9e.jpeg\" \/>\n\t<meta property=\"og:image:width\" content=\"1200\" \/>\n\t<meta property=\"og:image:height\" content=\"765\" \/>\n\t<meta property=\"og:image:type\" content=\"image\/jpeg\" \/>\n<meta name=\"author\" content=\"Redac\u00e7\u00e3o\" \/>\n<meta name=\"twitter:card\" content=\"summary_large_image\" \/>\n<meta name=\"twitter:creator\" content=\"@Infoculpt\" \/>\n<meta name=\"twitter:site\" content=\"@Infoculpt\" \/>\n<meta name=\"twitter:label1\" content=\"Escrito por\" \/>\n\t<meta name=\"twitter:data1\" content=\"Redac\u00e7\u00e3o\" \/>\n\t<meta name=\"twitter:label2\" content=\"Tempo estimado de leitura\" \/>\n\t<meta name=\"twitter:data2\" content=\"2 minutos\" \/>\n<script type=\"application\/ld+json\" class=\"yoast-schema-graph\">{\"@context\":\"https:\\\/\\\/schema.org\",\"@graph\":[{\"@type\":\"Article\",\"@id\":\"https:\\\/\\\/infocul.pt\\\/arquivo\\\/cultura\\\/moullinex-apresenta-rough-mix-no-musicbox\\\/#article\",\"isPartOf\":{\"@id\":\"https:\\\/\\\/infocul.pt\\\/arquivo\\\/cultura\\\/moullinex-apresenta-rough-mix-no-musicbox\\\/\"},\"author\":{\"name\":\"Redac\u00e7\u00e3o\",\"@id\":\"https:\\\/\\\/infocul.pt\\\/arquivo\\\/#\\\/schema\\\/person\\\/f243f45ae8d67639120a7586884f3abc\"},\"headline\":\"Moullinex apresenta Rough Mix no Musicbox\",\"datePublished\":\"2019-12-27T00:00:20+00:00\",\"mainEntityOfPage\":{\"@id\":\"https:\\\/\\\/infocul.pt\\\/arquivo\\\/cultura\\\/moullinex-apresenta-rough-mix-no-musicbox\\\/\"},\"wordCount\":344,\"commentCount\":0,\"publisher\":{\"@id\":\"https:\\\/\\\/infocul.pt\\\/arquivo\\\/#organization\"},\"image\":{\"@id\":\"https:\\\/\\\/infocul.pt\\\/arquivo\\\/cultura\\\/moullinex-apresenta-rough-mix-no-musicbox\\\/#primaryimage\"},\"thumbnailUrl\":\"https:\\\/\\\/infocul.pt\\\/arquivo\\\/wp-content\\\/uploads\\\/2019\\\/12\\\/aef34026-8b34-4ab8-94d8-71ac18ebca9e.jpeg\",\"keywords\":[\"Lisboa\",\"Moullinex\",\"MusicBox\"],\"articleSection\":[\"Concertos\",\"Cultura\"],\"inLanguage\":\"pt-PT\"},{\"@type\":\"WebPage\",\"@id\":\"https:\\\/\\\/infocul.pt\\\/arquivo\\\/cultura\\\/moullinex-apresenta-rough-mix-no-musicbox\\\/\",\"url\":\"https:\\\/\\\/infocul.pt\\\/arquivo\\\/cultura\\\/moullinex-apresenta-rough-mix-no-musicbox\\\/\",\"name\":\"Moullinex apresenta Rough Mix no Musicbox | Infocul.pt - Arquivo Digital\",\"isPartOf\":{\"@id\":\"https:\\\/\\\/infocul.pt\\\/arquivo\\\/#website\"},\"primaryImageOfPage\":{\"@id\":\"https:\\\/\\\/infocul.pt\\\/arquivo\\\/cultura\\\/moullinex-apresenta-rough-mix-no-musicbox\\\/#primaryimage\"},\"image\":{\"@id\":\"https:\\\/\\\/infocul.pt\\\/arquivo\\\/cultura\\\/moullinex-apresenta-rough-mix-no-musicbox\\\/#primaryimage\"},\"thumbnailUrl\":\"https:\\\/\\\/infocul.pt\\\/arquivo\\\/wp-content\\\/uploads\\\/2019\\\/12\\\/aef34026-8b34-4ab8-94d8-71ac18ebca9e.jpeg\",\"datePublished\":\"2019-12-27T00:00:20+00:00\",\"description\":\"Moullinex apresenta Rough Mix no Musicbox | Infocul.pt - Arquivo Digital\",\"breadcrumb\":{\"@id\":\"https:\\\/\\\/infocul.pt\\\/arquivo\\\/cultura\\\/moullinex-apresenta-rough-mix-no-musicbox\\\/#breadcrumb\"},\"inLanguage\":\"pt-PT\",\"potentialAction\":[{\"@type\":\"ReadAction\",\"target\":[\"https:\\\/\\\/infocul.pt\\\/arquivo\\\/cultura\\\/moullinex-apresenta-rough-mix-no-musicbox\\\/\"]}]},{\"@type\":\"ImageObject\",\"inLanguage\":\"pt-PT\",\"@id\":\"https:\\\/\\\/infocul.pt\\\/arquivo\\\/cultura\\\/moullinex-apresenta-rough-mix-no-musicbox\\\/#primaryimage\",\"url\":\"https:\\\/\\\/infocul.pt\\\/arquivo\\\/wp-content\\\/uploads\\\/2019\\\/12\\\/aef34026-8b34-4ab8-94d8-71ac18ebca9e.jpeg\",\"contentUrl\":\"https:\\\/\\\/infocul.pt\\\/arquivo\\\/wp-content\\\/uploads\\\/2019\\\/12\\\/aef34026-8b34-4ab8-94d8-71ac18ebca9e.jpeg\",\"width\":1200,\"height\":765},{\"@type\":\"BreadcrumbList\",\"@id\":\"https:\\\/\\\/infocul.pt\\\/arquivo\\\/cultura\\\/moullinex-apresenta-rough-mix-no-musicbox\\\/#breadcrumb\",\"itemListElement\":[{\"@type\":\"ListItem\",\"position\":1,\"name\":\"Home\",\"item\":\"https:\\\/\\\/infocul.pt\\\/arquivo\\\/\"},{\"@type\":\"ListItem\",\"position\":2,\"name\":\"Moullinex apresenta Rough Mix no Musicbox\"}]},{\"@type\":\"WebSite\",\"@id\":\"https:\\\/\\\/infocul.pt\\\/arquivo\\\/#website\",\"url\":\"https:\\\/\\\/infocul.pt\\\/arquivo\\\/\",\"name\":\"Infocul.pt - Arquivo Digital\",\"description\":\"Arquivo digital da Infocul.pt\",\"publisher\":{\"@id\":\"https:\\\/\\\/infocul.pt\\\/arquivo\\\/#organization\"},\"potentialAction\":[{\"@type\":\"SearchAction\",\"target\":{\"@type\":\"EntryPoint\",\"urlTemplate\":\"https:\\\/\\\/infocul.pt\\\/arquivo\\\/?s={search_term_string}\"},\"query-input\":{\"@type\":\"PropertyValueSpecification\",\"valueRequired\":true,\"valueName\":\"search_term_string\"}}],\"inLanguage\":\"pt-PT\"},{\"@type\":\"Organization\",\"@id\":\"https:\\\/\\\/infocul.pt\\\/arquivo\\\/#organization\",\"name\":\"Infocul.pt\",\"url\":\"https:\\\/\\\/infocul.pt\\\/arquivo\\\/\",\"logo\":{\"@type\":\"ImageObject\",\"inLanguage\":\"pt-PT\",\"@id\":\"https:\\\/\\\/infocul.pt\\\/arquivo\\\/#\\\/schema\\\/logo\\\/image\\\/\",\"url\":\"https:\\\/\\\/infocul.pt\\\/arquivo\\\/wp-content\\\/uploads\\\/2018\\\/12\\\/Infocul_logo-1.png\",\"contentUrl\":\"https:\\\/\\\/infocul.pt\\\/arquivo\\\/wp-content\\\/uploads\\\/2018\\\/12\\\/Infocul_logo-1.png\",\"width\":800,\"height\":800,\"caption\":\"Infocul.pt\"},\"image\":{\"@id\":\"https:\\\/\\\/infocul.pt\\\/arquivo\\\/#\\\/schema\\\/logo\\\/image\\\/\"},\"sameAs\":[\"https:\\\/\\\/www.facebook.com\\\/Infocul-147816815585015\\\/\",\"https:\\\/\\\/x.com\\\/Infoculpt\",\"http:\\\/\\\/www.pictaram.com\\\/user\\\/infocul.pt\\\/2370423710\",\"https:\\\/\\\/www.youtube.com\\\/channel\\\/UCYEB91AGI9FL9ek2i_IaQAA\"]},{\"@type\":\"Person\",\"@id\":\"https:\\\/\\\/infocul.pt\\\/arquivo\\\/#\\\/schema\\\/person\\\/f243f45ae8d67639120a7586884f3abc\",\"name\":\"Redac\u00e7\u00e3o\",\"image\":{\"@type\":\"ImageObject\",\"inLanguage\":\"pt-PT\",\"@id\":\"https:\\\/\\\/secure.gravatar.com\\\/avatar\\\/151b1b76c598ab5e749407223bd6c1bad4e41c4e95de3c3df83540ebee2deaf8?s=96&d=mm&r=g\",\"url\":\"https:\\\/\\\/secure.gravatar.com\\\/avatar\\\/151b1b76c598ab5e749407223bd6c1bad4e41c4e95de3c3df83540ebee2deaf8?s=96&d=mm&r=g\",\"contentUrl\":\"https:\\\/\\\/secure.gravatar.com\\\/avatar\\\/151b1b76c598ab5e749407223bd6c1bad4e41c4e95de3c3df83540ebee2deaf8?s=96&d=mm&r=g\",\"caption\":\"Redac\u00e7\u00e3o\"}}]}<\/script>\n<!-- \/ Yoast SEO plugin. -->","yoast_head_json":{"title":"Moullinex apresenta Rough Mix no Musicbox | Infocul.pt - Arquivo Digital","description":"Moullinex apresenta Rough Mix no Musicbox | Infocul.pt - Arquivo Digital","robots":{"index":"noindex","follow":"follow","max-snippet":"max-snippet:-1","max-image-preview":"max-image-preview:large","max-video-preview":"max-video-preview:-1"},"og_locale":"pt_PT","og_type":"article","og_title":"Moullinex apresenta Rough Mix no Musicbox | Infocul.pt - Arquivo Digital","og_description":"Moullinex apresenta Rough Mix no Musicbox | Infocul.pt - Arquivo Digital","og_url":"https:\/\/infocul.pt\/arquivo\/cultura\/moullinex-apresenta-rough-mix-no-musicbox\/","og_site_name":"Infocul.pt - Arquivo Digital","article_publisher":"https:\/\/www.facebook.com\/Infocul-147816815585015\/","article_published_time":"2019-12-27T00:00:20+00:00","og_image":[{"width":1200,"height":765,"url":"https:\/\/infocul.pt\/arquivo\/wp-content\/uploads\/2019\/12\/aef34026-8b34-4ab8-94d8-71ac18ebca9e.jpeg","type":"image\/jpeg"}],"author":"Redac\u00e7\u00e3o","twitter_card":"summary_large_image","twitter_creator":"@Infoculpt","twitter_site":"@Infoculpt","twitter_misc":{"Escrito por":"Redac\u00e7\u00e3o","Tempo estimado de leitura":"2 minutos"},"schema":{"@context":"https:\/\/schema.org","@graph":[{"@type":"Article","@id":"https:\/\/infocul.pt\/arquivo\/cultura\/moullinex-apresenta-rough-mix-no-musicbox\/#article","isPartOf":{"@id":"https:\/\/infocul.pt\/arquivo\/cultura\/moullinex-apresenta-rough-mix-no-musicbox\/"},"author":{"name":"Redac\u00e7\u00e3o","@id":"https:\/\/infocul.pt\/arquivo\/#\/schema\/person\/f243f45ae8d67639120a7586884f3abc"},"headline":"Moullinex apresenta Rough Mix no Musicbox","datePublished":"2019-12-27T00:00:20+00:00","mainEntityOfPage":{"@id":"https:\/\/infocul.pt\/arquivo\/cultura\/moullinex-apresenta-rough-mix-no-musicbox\/"},"wordCount":344,"commentCount":0,"publisher":{"@id":"https:\/\/infocul.pt\/arquivo\/#organization"},"image":{"@id":"https:\/\/infocul.pt\/arquivo\/cultura\/moullinex-apresenta-rough-mix-no-musicbox\/#primaryimage"},"thumbnailUrl":"https:\/\/infocul.pt\/arquivo\/wp-content\/uploads\/2019\/12\/aef34026-8b34-4ab8-94d8-71ac18ebca9e.jpeg","keywords":["Lisboa","Moullinex","MusicBox"],"articleSection":["Concertos","Cultura"],"inLanguage":"pt-PT"},{"@type":"WebPage","@id":"https:\/\/infocul.pt\/arquivo\/cultura\/moullinex-apresenta-rough-mix-no-musicbox\/","url":"https:\/\/infocul.pt\/arquivo\/cultura\/moullinex-apresenta-rough-mix-no-musicbox\/","name":"Moullinex apresenta Rough Mix no Musicbox | Infocul.pt - Arquivo Digital","isPartOf":{"@id":"https:\/\/infocul.pt\/arquivo\/#website"},"primaryImageOfPage":{"@id":"https:\/\/infocul.pt\/arquivo\/cultura\/moullinex-apresenta-rough-mix-no-musicbox\/#primaryimage"},"image":{"@id":"https:\/\/infocul.pt\/arquivo\/cultura\/moullinex-apresenta-rough-mix-no-musicbox\/#primaryimage"},"thumbnailUrl":"https:\/\/infocul.pt\/arquivo\/wp-content\/uploads\/2019\/12\/aef34026-8b34-4ab8-94d8-71ac18ebca9e.jpeg","datePublished":"2019-12-27T00:00:20+00:00","description":"Moullinex apresenta Rough Mix no Musicbox | Infocul.pt - Arquivo Digital","breadcrumb":{"@id":"https:\/\/infocul.pt\/arquivo\/cultura\/moullinex-apresenta-rough-mix-no-musicbox\/#breadcrumb"},"inLanguage":"pt-PT","potentialAction":[{"@type":"ReadAction","target":["https:\/\/infocul.pt\/arquivo\/cultura\/moullinex-apresenta-rough-mix-no-musicbox\/"]}]},{"@type":"ImageObject","inLanguage":"pt-PT","@id":"https:\/\/infocul.pt\/arquivo\/cultura\/moullinex-apresenta-rough-mix-no-musicbox\/#primaryimage","url":"https:\/\/infocul.pt\/arquivo\/wp-content\/uploads\/2019\/12\/aef34026-8b34-4ab8-94d8-71ac18ebca9e.jpeg","contentUrl":"https:\/\/infocul.pt\/arquivo\/wp-content\/uploads\/2019\/12\/aef34026-8b34-4ab8-94d8-71ac18ebca9e.jpeg","width":1200,"height":765},{"@type":"BreadcrumbList","@id":"https:\/\/infocul.pt\/arquivo\/cultura\/moullinex-apresenta-rough-mix-no-musicbox\/#breadcrumb","itemListElement":[{"@type":"ListItem","position":1,"name":"Home","item":"https:\/\/infocul.pt\/arquivo\/"},{"@type":"ListItem","position":2,"name":"Moullinex apresenta Rough Mix no Musicbox"}]},{"@type":"WebSite","@id":"https:\/\/infocul.pt\/arquivo\/#website","url":"https:\/\/infocul.pt\/arquivo\/","name":"Infocul.pt - Arquivo Digital","description":"Arquivo digital da Infocul.pt","publisher":{"@id":"https:\/\/infocul.pt\/arquivo\/#organization"},"potentialAction":[{"@type":"SearchAction","target":{"@type":"EntryPoint","urlTemplate":"https:\/\/infocul.pt\/arquivo\/?s={search_term_string}"},"query-input":{"@type":"PropertyValueSpecification","valueRequired":true,"valueName":"search_term_string"}}],"inLanguage":"pt-PT"},{"@type":"Organization","@id":"https:\/\/infocul.pt\/arquivo\/#organization","name":"Infocul.pt","url":"https:\/\/infocul.pt\/arquivo\/","logo":{"@type":"ImageObject","inLanguage":"pt-PT","@id":"https:\/\/infocul.pt\/arquivo\/#\/schema\/logo\/image\/","url":"https:\/\/infocul.pt\/arquivo\/wp-content\/uploads\/2018\/12\/Infocul_logo-1.png","contentUrl":"https:\/\/infocul.pt\/arquivo\/wp-content\/uploads\/2018\/12\/Infocul_logo-1.png","width":800,"height":800,"caption":"Infocul.pt"},"image":{"@id":"https:\/\/infocul.pt\/arquivo\/#\/schema\/logo\/image\/"},"sameAs":["https:\/\/www.facebook.com\/Infocul-147816815585015\/","https:\/\/x.com\/Infoculpt","http:\/\/www.pictaram.com\/user\/infocul.pt\/2370423710","https:\/\/www.youtube.com\/channel\/UCYEB91AGI9FL9ek2i_IaQAA"]},{"@type":"Person","@id":"https:\/\/infocul.pt\/arquivo\/#\/schema\/person\/f243f45ae8d67639120a7586884f3abc","name":"Redac\u00e7\u00e3o","image":{"@type":"ImageObject","inLanguage":"pt-PT","@id":"https:\/\/secure.gravatar.com\/avatar\/151b1b76c598ab5e749407223bd6c1bad4e41c4e95de3c3df83540ebee2deaf8?s=96&d=mm&r=g","url":"https:\/\/secure.gravatar.com\/avatar\/151b1b76c598ab5e749407223bd6c1bad4e41c4e95de3c3df83540ebee2deaf8?s=96&d=mm&r=g","contentUrl":"https:\/\/secure.gravatar.com\/avatar\/151b1b76c598ab5e749407223bd6c1bad4e41c4e95de3c3df83540ebee2deaf8?s=96&d=mm&r=g","caption":"Redac\u00e7\u00e3o"}}]}},"_links":{"self":[{"href":"https:\/\/infocul.pt\/arquivo\/wp-json\/wp\/v2\/posts\/63661","targetHints":{"allow":["GET"]}}],"collection":[{"href":"https:\/\/infocul.pt\/arquivo\/wp-json\/wp\/v2\/posts"}],"about":[{"href":"https:\/\/infocul.pt\/arquivo\/wp-json\/wp\/v2\/types\/post"}],"author":[{"embeddable":true,"href":"https:\/\/infocul.pt\/arquivo\/wp-json\/wp\/v2\/users\/13"}],"replies":[{"embeddable":true,"href":"https:\/\/infocul.pt\/arquivo\/wp-json\/wp\/v2\/comments?post=63661"}],"version-history":[{"count":0,"href":"https:\/\/infocul.pt\/arquivo\/wp-json\/wp\/v2\/posts\/63661\/revisions"}],"wp:featuredmedia":[{"embeddable":true,"href":"https:\/\/infocul.pt\/arquivo\/wp-json\/wp\/v2\/media\/63662"}],"wp:attachment":[{"href":"https:\/\/infocul.pt\/arquivo\/wp-json\/wp\/v2\/media?parent=63661"}],"wp:term":[{"taxonomy":"category","embeddable":true,"href":"https:\/\/infocul.pt\/arquivo\/wp-json\/wp\/v2\/categories?post=63661"},{"taxonomy":"post_tag","embeddable":true,"href":"https:\/\/infocul.pt\/arquivo\/wp-json\/wp\/v2\/tags?post=63661"}],"curies":[{"name":"wp","href":"https:\/\/api.w.org\/{rel}","templated":true}]}}