{"id":63738,"date":"2019-12-28T00:00:16","date_gmt":"2019-12-28T00:00:16","guid":{"rendered":"https:\/\/infocul.pt\/?p=63738"},"modified":"2019-12-28T07:21:52","modified_gmt":"2019-12-28T07:21:52","slug":"tauromaquia-os-destaques-de-2019","status":"publish","type":"post","link":"https:\/\/infocul.pt\/arquivo\/cultura\/tauromaquia-os-destaques-de-2019\/","title":{"rendered":"Tauromaquia: Os Destaques de 2019"},"content":{"rendered":"<p><img decoding=\"async\" class=\"aligncenter wp-image-64054 size-large lazyload\" data-src=\"https:\/\/infocul.pt\/arquivo\/wp-content\/uploads\/2019\/12\/CorridaCampoPequeno-23-1024x683.jpg\" alt=\"\" width=\"800\" height=\"534\" data-srcset=\"https:\/\/infocul.pt\/arquivo\/wp-content\/uploads\/2019\/12\/CorridaCampoPequeno-23-1024x683.jpg 1024w, https:\/\/infocul.pt\/arquivo\/wp-content\/uploads\/2019\/12\/CorridaCampoPequeno-23-300x200.jpg 300w, https:\/\/infocul.pt\/arquivo\/wp-content\/uploads\/2019\/12\/CorridaCampoPequeno-23-768x512.jpg 768w, https:\/\/infocul.pt\/arquivo\/wp-content\/uploads\/2019\/12\/CorridaCampoPequeno-23.jpg 1800w\" data-sizes=\"(max-width: 800px) 100vw, 800px\" src=\"data:image\/svg+xml;base64,PHN2ZyB3aWR0aD0iMSIgaGVpZ2h0PSIxIiB4bWxucz0iaHR0cDovL3d3dy53My5vcmcvMjAwMC9zdmciPjwvc3ZnPg==\" style=\"--smush-placeholder-width: 800px; --smush-placeholder-aspect-ratio: 800\/534;\" \/><br \/>\n<span style=\"font-family:LiberationSerif,serif;\"><span style=\"font-size:medium;\"><span style=\"color:#222222;\">O Infocul.pt , acompanhou em 2019 muitas corridas de touros em Portugal, e por esse mesmo motivo, este ano, apresenta aqueles que considera os destaques. Esta \u00e9 uma escolha da total responsabilidade de Rui Lavrador, director do Infocul.pt.<\/span><\/span><\/span><\/p>\n<p><!--more--><\/p>\n<p><span style=\"font-family:LiberationSerif,serif;\"><span style=\"font-size:medium;\"><b>Cavaleiros:<\/b><\/span><\/span><\/p>\n<p><span style=\"font-family:LiberationSerif,serif;\"><span style=\"font-size:medium;\"><b>Ant\u00f3nio Ribeiro Telles: <\/b>\u00c9, provavelmente, dos artistas mais interessantes desta \u00e1rea. Alia o classicismo a um tremendo conhecimento sobre o touro e o cavalo. Lida como poucos, toureia com um conceito e concep\u00e7\u00e3o que partindo do cl\u00e1ssico e da tradi\u00e7\u00e3o acaba por ser intemporal. No futuro ser\u00e1 recordado como vanguardista, por estar \u00e0 frente do seu tempo. Dos cavaleiros da sua gera\u00e7\u00e3o \u00e9 , de muito longe, o melhor na actualidade. E tem vindo a melhorar de ano para ano. \u00c0 compet\u00eancia que lhe era, e \u00e9, reconhecida, adicionou nos \u00faltimos anos um gancho com o p\u00fablico que o beneficia em termos morais. \u00c9, por isto, um dos triunfadores da temporada e foi premiado com o Galard\u00e3o Prest\u00edgio por parte do Campo Pequeno. De frente e cravando de alto a baixo e ao estribo, t\u00e3o simples quanto belo, assim como o toureio de Telles.<\/span><\/span><\/p>\n<p align=\"justify\"><span style=\"font-size:xx-small;\"><span style=\"color:#222222;\"><span style=\"font-family:LiberationSerif,serif;\"><span style=\"font-size:medium;\"><b><strong>Marcos Bastinhas<\/strong><\/b><\/span><\/span><\/span><span style=\"color:#222222;\"><span style=\"font-family:LiberationSerif,serif;\"><span style=\"font-size:medium;\"><strong>: <\/strong><\/span><\/span><\/span><span style=\"color:#222222;\"><span style=\"font-family:LiberationSerif,serif;\"><span style=\"font-size:medium;\">Num ano particularmente duro, pela morte do seu pai a 31 de Dezembro de 2018, Marcos triunfou fortemente. Tem uma quadra de cavalos bel\u00edssima e bem trabalhada e a sua concep\u00e7\u00e3o art\u00edstica baseia-se em t\u00e9cnica. Este ano esteve mais efusivo e emocional e isso retirou <\/span><\/span><\/span><\/span><span style=\"font-size:xx-small;\"><span style=\"color:#222222;\"><span style=\"font-family:LiberationSerif,serif;\"><span style=\"font-size:medium;\">brilho em algumas corridas, porque a parte t\u00e9cnica n\u00e3o foi t\u00e3o potenciada. \u00c9 um cavaleiro com vastos recursos. Uma temporada de muito m\u00e9rito. \u00c9, assumidamente, a minha escolha mais emocional, porque tornei-me aficionado devido \u00e0 grande admira\u00e7\u00e3o que o meu av\u00f4 materno tinha por Joaquim Bastinhas. E o nome Bastinhas fez, e continua a fazer, parte do meu percurso enquanto cidad\u00e3o&#8230;e aficionado.<\/span><\/span><\/span><\/span><\/p>\n<p><span style=\"font-family:LiberationSerif,serif;\"><span style=\"font-size:medium;\"><b>Francisco Palha: <\/b>Gosto do que a arte d\u00e1 sem que possamos tocar. Francisco Palha \u00e9 um cavaleiro de risco e baseia o seu toureio nessa mesma caracter\u00edstica. \u00c9 dos poucos que valoriza a lide na cravagem dos ferros compridos e \u00e9 a partir do momento em que pisa a arena que come\u00e7a por desenhar a narrativa que pretende transmitir. Com toda a imprevisibilidade que enfrentar um touro bravo acarreta. Pisa terrenos que poucos se quer imaginam ser poss\u00edveis e coloca classe em todos os momentos em que interv\u00e9m no espect\u00e1culo. \u00c9 provavelmente o que melhor honra a simbologia da casaca que veste. N\u00e3o teve uma \u00e9poca brilhante, irregular at\u00e9, mas continua a proporcionar o que poucos conseguem.<\/span><\/span><\/p>\n<p><span style=\"font-family:LiberationSerif,serif;\"><span style=\"font-size:medium;\"><span style=\"color:#333333;\"><b>Lu\u00eds Rouxinol Jr.<\/b><\/span><span style=\"color:#333333;\"> : <\/span><span style=\"color:#333333;\">Apenas com 2 anos de alternativa e j\u00e1 no pelot\u00e3o da frente em termos de regularidade e qualidade. Se no primeiro ano usou e abusou do estilo do seu pai, Lu\u00eds Rouxinol, neste segundo ano soube impor o seu pr\u00f3prio estilo. <\/span><span style=\"color:#333333;\">Apresentou um estilo de v\u00e1rios recursos e que soube adaptar aos diferentes tipos de encastes com que se enfrentou. Agrad\u00e1vel surpresa esta temporada e espero que n\u00e3o deixe que os elogios o afastem do essencial: um caminho ascendente e merit\u00f3rio. Destaque na brega e entendimento dos oponentes.<\/span><\/span><\/span><\/p>\n<p><span style=\"font-family:LiberationSerif,serif;\"><span style=\"font-size:medium;\"><span style=\"color:#333333;\"><b>Jo\u00e3o Moura Jr<\/b><\/span><span style=\"color:#333333;\">.: Estrondosa temporada. Fez uma viagem no tempo e recuperou uma sorte criada pelo seu pai, na d\u00e9cada de 80, que intitulou de \u2018Mourina\u2019. <\/span><span style=\"color:#333333;\">A partir desse momento, e suportado numa sorte de forte impacto junto do p\u00fablico, galvanizou-se e desenhou temporada merit\u00f3ria. Entre o cl\u00e1ssico e contempor\u00e2neo, a arte e a ra\u00e7a, a intui\u00e7\u00e3o e o conhecimento. Moura Jr. em grande no ano de 2019!<\/span><\/span><\/span><\/p>\n<p><span style=\"font-family:LiberationSerif,serif;\"><span style=\"font-size:medium;\"><span style=\"color:#333333;\"><b>Miguel Moura<\/b><\/span><span style=\"color:#333333;\">: <\/span><span style=\"color:#333333;\">\u00c9 o cavaleiro que h\u00e1 mais tempo merecia uma temporada assim. Em anos anteriores foi eterna promessa e o filho de Jo\u00e3o Moura. Nesta foi Miguel Moura e mostrou o que vale. E vale muito. Toureio frontal, a dar vantagem aos touros, com sabedoria na escolha dos terrenos e usando a linha Mourista como base mas dando o seu cunho pessoal. O menino est\u00e1 a crescer e Deus queira (para os crentes) que mantenha este crescimento, para passar a definitiva certeza ao inv\u00e9s de eterna promessa.<\/span><\/span><\/span><\/p>\n<p><span style=\"font-family:LiberationSerif,serif;\"><span style=\"font-size:medium;\"><span style=\"color:#333333;\"><b>Matadores<\/b><\/span><span style=\"color:#333333;\">:<\/span><\/span><\/span><\/p>\n<p><span style=\"font-family:LiberationSerif,serif;\"><span style=\"font-size:medium;\"><span style=\"color:#333333;\"><b>Nuno Casquinha<\/b><\/span><span style=\"color:#333333;\">: Indiscutivelmente \u00e9 matador portugu\u00eas em melhor forma na actualidade. Pese a, por vezes, excessiva soberba que exibe na arena, demonstra recursos para almejar outras patamares, nomeadamente em Espanha, a capital mundial do toureio. Temporada bem desenhada em arenas lusas, e um tremendo cora\u00e7\u00e3o mesmo quando a sorte lhe virou costas. Casquinha tem tudo para triunfar, aconselhando-o a olhar mais para a arena e menos para a bancada.<\/span><\/span><\/span><\/p>\n<p><span style=\"font-family:LiberationSerif,serif;\"><span style=\"font-size:medium;\"><span style=\"color:#333333;\"><b>Manuel Dias Gomes<\/b><\/span><span style=\"color:#333333;\">: Toureiro de fino recorte t\u00e9cnico. \u00c9 prejudicado por n\u00e3o criar grande \u2018gancho\u2019 com o p\u00fablico e da\u00ed que os seus triunfos n\u00e3o sejam suficientemente valorizados pela imprensa (pouco) especializada.. No capote e na muleta \u00e9 ele quem dita as regras, actualmente, em Portugal (dos toureiros ainda em actividade).<\/span><\/span><\/span><\/p>\n<p><span style=\"font-family:LiberationSerif,serif;\"><span style=\"font-size:medium;\"><span style=\"color:#333333;\"><b>Forcados<\/b><\/span><span style=\"color:#333333;\">:<\/span><\/span><\/span><\/p>\n<p><span style=\"font-family:LiberationSerif,serif;\"><span style=\"font-size:medium;\"><span style=\"color:#333333;\"><b>Grupo de Forcados Amadores de Lisboa<\/b><\/span><span style=\"color:#333333;\">: Celebraram 75 anos, esta temporada. Como se n\u00e3o bastasse, tiveram temporada muito merit\u00f3ria e valorizante de uma arte t\u00e3o portuguesa, como \u00e9 a de pegar touros. Se outros grupos poderiam ser aqui mencionados, destacarei apenas este por considerar que foi aquele com temporada melhor conseguida em termos de quantidade\/qualidade. <\/span><\/span><\/span><\/p>\n<p><span style=\"font-family:LiberationSerif,serif;\"><span style=\"font-size:medium;\"><span style=\"color:#333333;\"><b>Bandarilheiros:<\/b><\/span><\/span><\/span><\/p>\n<p><span style=\"font-family:LiberationSerif,serif;\"><span style=\"font-size:medium;\"><span style=\"color:#333333;\">Os bandarilheiros s\u00e3o, talvez, dos intervenientes de uma corrida de touros, os menos compreendidos. Conv\u00e9m que aliem t\u00e9cnica, conhecimento e arte a outros factores como descri\u00e7\u00e3o, efic\u00e1cia e bom senso. Pelas caracter\u00edsticas atr\u00e1s descritas, nomearei tr\u00eas bandarilheiros como destaques: <strong>Jo\u00e3o Pedro \u2018A\u00e7oriano\u2019, Manuel dos Santos \u2018Becas\u2019 e <\/strong><\/span><span style=\"color:#333333;\"><strong>Ant\u00f3nio Ribeiro Telles Bastos<\/strong>. <\/span><\/span><\/span><\/p>\n<p><span style=\"font-family:LiberationSerif,serif;\"><span style=\"font-size:medium;\"><span style=\"color:#333333;\"><b>Empres\u00e1rios\/Gestores Taurom\u00e1quicos<\/b><\/span><span style=\"color:#333333;\">:<\/span><\/span><\/span><\/p>\n<p><span style=\"font-family:LiberationSerif,serif;\"><span style=\"font-size:medium;\"><span style=\"color:#333333;\"><b>Rafael Vilhais<\/b><\/span><span style=\"color:#333333;\">: <\/span><\/span><\/span><span style=\"font-family:LiberationSerif,serif;\"><span style=\"font-size:medium;\"><span style=\"color:#333333;\">\u00c9 o empres\u00e1rio (entenda-se, aquele que coloca o seu pr\u00f3prio dinheiro em risco na realiza\u00e7\u00e3o de um evento) que melhores cart\u00e9is tem colocado nas arenas nacionais. Alguns deles de fazer inveja a pra\u00e7as de primeira categoria.<\/span><\/span><\/span><\/p>\n<p><span style=\"font-family:LiberationSerif,serif;\"><span style=\"font-size:medium;\"><span style=\"color:#333333;\"><b>Rui Bento Vasques:<\/b><\/span><span style=\"color:#333333;\"> Uma temporada em Lisboa desenhada com prata lusitana, excep\u00e7\u00e3o a Cayetano, Pablo e Guillermo Hermoso de Mendoza. Os cart\u00e9is n\u00e3o foram os mais cintilantes, mas foram equilibrados e competitivos. Melhor esteve na temporada que desenhou para Almeirim e Nazar\u00e9. Continua a ser agente importante na festa, embora nem sempre entendido pelos demais.<\/span><\/span><\/span><\/p>\n<p><span style=\"font-family:LiberationSerif,serif;\"><span style=\"font-size:medium;\"><span style=\"color:#333333;\"><b>De Caras Tauromaquia:<\/b><\/span><span style=\"color:#333333;\"> A \u00fanica empresa que trata todos os \u00f3rg\u00e3os de comunica\u00e7\u00e3o social por igual. Trabalho muito merit\u00f3rio na Pra\u00e7a de Touros de Coruche, <\/span><span style=\"color:#333333;\">com cart\u00e9is ora competitivos ora a marcarem pelo arrojo\u2026<\/span><\/span><\/span><\/p>\n<p><span style=\"font-family:LiberationSerif,serif;\"><span style=\"font-size:medium;\"><span style=\"color:#333333;\"><b>Ricardo e Rui Levesinho:<\/b><\/span><span style=\"color:#333333;\"> Moita e Vila Franca de Xira foram meios triunfos. \u2018Din\u00e2micos\u2019 foi o adjectivo que mais ouvi esta temporada sobre a dupla. Curiosamente foi o adjectivo que jamais utilizaria. Talvez \u2018Esfor\u00e7ados&#8230;\u2019. Compet\u00eancia sim, t\u00eam muita. Mas n\u00e3o foi uma temporada triunfal.<\/span><\/span><\/span><\/p>\n<p><strong>Ganadarias:<\/strong><\/p>\n<p><strong>Ant\u00f3nio Silva e Murteira Grave<\/strong> pelas qualidades apresentadas em termos de apresenta\u00e7\u00e3o, trapio e comportamento.<\/p>\n<p><strong>Pela Negativa destaca-se, acima de muitos outros, a incompet\u00eancia, inutilidade e ditadura de gosto da Pr\u00f3toiro. J\u00e1 se trocou de ag\u00eancia de comunica\u00e7\u00e3o, j\u00e1 se reagiu a tudo&#8230;mas n\u00e3o se fez nada. E a culpa \u00e9, imaginem, da imprensa&#8230;<\/strong><\/p>\n","protected":false},"excerpt":{"rendered":"<p>O Infocul.pt , acompanhou em 2019 muitas corridas de touros em Portugal, e por esse mesmo motivo, este ano, apresenta aqueles que considera os destaques. Esta \u00e9 uma escolha da total responsabilidade de Rui Lavrador, director do Infocul.pt.<\/p>\n","protected":false},"author":2,"featured_media":64054,"comment_status":"open","ping_status":"closed","sticky":false,"template":"","format":"standard","meta":{"footnotes":""},"categories":[2,36,4121,7],"tags":[160],"class_list":["post-63738","post","type-post","status-publish","format-standard","has-post-thumbnail","hentry","category-cultura","category-destaque","category-opiniao","category-tauromaquia","tag-tauromaquia"],"yoast_head":"<!-- This site is optimized with the Yoast SEO plugin v27.5 - https:\/\/yoast.com\/product\/yoast-seo-wordpress\/ -->\n<title>Tauromaquia: Os Destaques de 2019 | Infocul.pt - Arquivo Digital<\/title>\n<meta name=\"description\" content=\"Tauromaquia: Os Destaques de 2019 | Infocul.pt - Arquivo Digital\" \/>\n<meta name=\"robots\" content=\"noindex, follow, max-snippet:-1, max-image-preview:large, max-video-preview:-1\" \/>\n<meta property=\"og:locale\" content=\"pt_PT\" \/>\n<meta property=\"og:type\" content=\"article\" \/>\n<meta property=\"og:title\" content=\"Tauromaquia: Os Destaques de 2019 | Infocul.pt - Arquivo Digital\" \/>\n<meta property=\"og:description\" content=\"Tauromaquia: Os Destaques de 2019 | Infocul.pt - Arquivo Digital\" \/>\n<meta property=\"og:url\" content=\"https:\/\/infocul.pt\/arquivo\/cultura\/tauromaquia-os-destaques-de-2019\/\" \/>\n<meta property=\"og:site_name\" content=\"Infocul.pt - Arquivo Digital\" \/>\n<meta property=\"article:publisher\" content=\"https:\/\/www.facebook.com\/Infocul-147816815585015\/\" \/>\n<meta property=\"article:published_time\" content=\"2019-12-28T00:00:16+00:00\" \/>\n<meta property=\"article:modified_time\" content=\"2019-12-28T07:21:52+00:00\" \/>\n<meta property=\"og:image\" content=\"https:\/\/infocul.pt\/arquivo\/wp-content\/uploads\/2019\/12\/CorridaCampoPequeno-23.jpg\" \/>\n\t<meta property=\"og:image:width\" content=\"1800\" \/>\n\t<meta property=\"og:image:height\" content=\"1200\" \/>\n\t<meta property=\"og:image:type\" content=\"image\/jpeg\" \/>\n<meta name=\"author\" content=\"Rui Lavrador\" \/>\n<meta name=\"twitter:card\" content=\"summary_large_image\" \/>\n<meta name=\"twitter:creator\" content=\"@Infoculpt\" \/>\n<meta name=\"twitter:site\" content=\"@Infoculpt\" \/>\n<meta name=\"twitter:label1\" content=\"Escrito por\" \/>\n\t<meta name=\"twitter:data1\" content=\"Rui Lavrador\" \/>\n\t<meta name=\"twitter:label2\" content=\"Tempo estimado de leitura\" \/>\n\t<meta name=\"twitter:data2\" content=\"6 minutos\" \/>\n<script type=\"application\/ld+json\" class=\"yoast-schema-graph\">{\"@context\":\"https:\\\/\\\/schema.org\",\"@graph\":[{\"@type\":\"Article\",\"@id\":\"https:\\\/\\\/infocul.pt\\\/arquivo\\\/cultura\\\/tauromaquia-os-destaques-de-2019\\\/#article\",\"isPartOf\":{\"@id\":\"https:\\\/\\\/infocul.pt\\\/arquivo\\\/cultura\\\/tauromaquia-os-destaques-de-2019\\\/\"},\"author\":{\"name\":\"Rui Lavrador\",\"@id\":\"https:\\\/\\\/infocul.pt\\\/arquivo\\\/#\\\/schema\\\/person\\\/060a108d7f2d85fc6aae505119ee5234\"},\"headline\":\"Tauromaquia: Os Destaques de 2019\",\"datePublished\":\"2019-12-28T00:00:16+00:00\",\"dateModified\":\"2019-12-28T07:21:52+00:00\",\"mainEntityOfPage\":{\"@id\":\"https:\\\/\\\/infocul.pt\\\/arquivo\\\/cultura\\\/tauromaquia-os-destaques-de-2019\\\/\"},\"wordCount\":1184,\"commentCount\":0,\"publisher\":{\"@id\":\"https:\\\/\\\/infocul.pt\\\/arquivo\\\/#organization\"},\"image\":{\"@id\":\"https:\\\/\\\/infocul.pt\\\/arquivo\\\/cultura\\\/tauromaquia-os-destaques-de-2019\\\/#primaryimage\"},\"thumbnailUrl\":\"https:\\\/\\\/infocul.pt\\\/arquivo\\\/wp-content\\\/uploads\\\/2019\\\/12\\\/CorridaCampoPequeno-23.jpg\",\"keywords\":[\"Tauromaquia\"],\"articleSection\":[\"Cultura\",\"Destaque\",\"Opini\u00e3o\",\"Tauromaquia\"],\"inLanguage\":\"pt-PT\"},{\"@type\":\"WebPage\",\"@id\":\"https:\\\/\\\/infocul.pt\\\/arquivo\\\/cultura\\\/tauromaquia-os-destaques-de-2019\\\/\",\"url\":\"https:\\\/\\\/infocul.pt\\\/arquivo\\\/cultura\\\/tauromaquia-os-destaques-de-2019\\\/\",\"name\":\"Tauromaquia: Os Destaques de 2019 | Infocul.pt - Arquivo Digital\",\"isPartOf\":{\"@id\":\"https:\\\/\\\/infocul.pt\\\/arquivo\\\/#website\"},\"primaryImageOfPage\":{\"@id\":\"https:\\\/\\\/infocul.pt\\\/arquivo\\\/cultura\\\/tauromaquia-os-destaques-de-2019\\\/#primaryimage\"},\"image\":{\"@id\":\"https:\\\/\\\/infocul.pt\\\/arquivo\\\/cultura\\\/tauromaquia-os-destaques-de-2019\\\/#primaryimage\"},\"thumbnailUrl\":\"https:\\\/\\\/infocul.pt\\\/arquivo\\\/wp-content\\\/uploads\\\/2019\\\/12\\\/CorridaCampoPequeno-23.jpg\",\"datePublished\":\"2019-12-28T00:00:16+00:00\",\"dateModified\":\"2019-12-28T07:21:52+00:00\",\"description\":\"Tauromaquia: Os Destaques de 2019 | Infocul.pt - Arquivo Digital\",\"breadcrumb\":{\"@id\":\"https:\\\/\\\/infocul.pt\\\/arquivo\\\/cultura\\\/tauromaquia-os-destaques-de-2019\\\/#breadcrumb\"},\"inLanguage\":\"pt-PT\",\"potentialAction\":[{\"@type\":\"ReadAction\",\"target\":[\"https:\\\/\\\/infocul.pt\\\/arquivo\\\/cultura\\\/tauromaquia-os-destaques-de-2019\\\/\"]}]},{\"@type\":\"ImageObject\",\"inLanguage\":\"pt-PT\",\"@id\":\"https:\\\/\\\/infocul.pt\\\/arquivo\\\/cultura\\\/tauromaquia-os-destaques-de-2019\\\/#primaryimage\",\"url\":\"https:\\\/\\\/infocul.pt\\\/arquivo\\\/wp-content\\\/uploads\\\/2019\\\/12\\\/CorridaCampoPequeno-23.jpg\",\"contentUrl\":\"https:\\\/\\\/infocul.pt\\\/arquivo\\\/wp-content\\\/uploads\\\/2019\\\/12\\\/CorridaCampoPequeno-23.jpg\",\"width\":1800,\"height\":1200},{\"@type\":\"BreadcrumbList\",\"@id\":\"https:\\\/\\\/infocul.pt\\\/arquivo\\\/cultura\\\/tauromaquia-os-destaques-de-2019\\\/#breadcrumb\",\"itemListElement\":[{\"@type\":\"ListItem\",\"position\":1,\"name\":\"Home\",\"item\":\"https:\\\/\\\/infocul.pt\\\/arquivo\\\/\"},{\"@type\":\"ListItem\",\"position\":2,\"name\":\"Tauromaquia: Os Destaques de 2019\"}]},{\"@type\":\"WebSite\",\"@id\":\"https:\\\/\\\/infocul.pt\\\/arquivo\\\/#website\",\"url\":\"https:\\\/\\\/infocul.pt\\\/arquivo\\\/\",\"name\":\"Infocul.pt - Arquivo Digital\",\"description\":\"Arquivo digital da Infocul.pt\",\"publisher\":{\"@id\":\"https:\\\/\\\/infocul.pt\\\/arquivo\\\/#organization\"},\"potentialAction\":[{\"@type\":\"SearchAction\",\"target\":{\"@type\":\"EntryPoint\",\"urlTemplate\":\"https:\\\/\\\/infocul.pt\\\/arquivo\\\/?s={search_term_string}\"},\"query-input\":{\"@type\":\"PropertyValueSpecification\",\"valueRequired\":true,\"valueName\":\"search_term_string\"}}],\"inLanguage\":\"pt-PT\"},{\"@type\":\"Organization\",\"@id\":\"https:\\\/\\\/infocul.pt\\\/arquivo\\\/#organization\",\"name\":\"Infocul.pt\",\"url\":\"https:\\\/\\\/infocul.pt\\\/arquivo\\\/\",\"logo\":{\"@type\":\"ImageObject\",\"inLanguage\":\"pt-PT\",\"@id\":\"https:\\\/\\\/infocul.pt\\\/arquivo\\\/#\\\/schema\\\/logo\\\/image\\\/\",\"url\":\"https:\\\/\\\/infocul.pt\\\/arquivo\\\/wp-content\\\/uploads\\\/2018\\\/12\\\/Infocul_logo-1.png\",\"contentUrl\":\"https:\\\/\\\/infocul.pt\\\/arquivo\\\/wp-content\\\/uploads\\\/2018\\\/12\\\/Infocul_logo-1.png\",\"width\":800,\"height\":800,\"caption\":\"Infocul.pt\"},\"image\":{\"@id\":\"https:\\\/\\\/infocul.pt\\\/arquivo\\\/#\\\/schema\\\/logo\\\/image\\\/\"},\"sameAs\":[\"https:\\\/\\\/www.facebook.com\\\/Infocul-147816815585015\\\/\",\"https:\\\/\\\/x.com\\\/Infoculpt\",\"http:\\\/\\\/www.pictaram.com\\\/user\\\/infocul.pt\\\/2370423710\",\"https:\\\/\\\/www.youtube.com\\\/channel\\\/UCYEB91AGI9FL9ek2i_IaQAA\"]},{\"@type\":\"Person\",\"@id\":\"https:\\\/\\\/infocul.pt\\\/arquivo\\\/#\\\/schema\\\/person\\\/060a108d7f2d85fc6aae505119ee5234\",\"name\":\"Rui Lavrador\",\"image\":{\"@type\":\"ImageObject\",\"inLanguage\":\"pt-PT\",\"@id\":\"https:\\\/\\\/secure.gravatar.com\\\/avatar\\\/93febd6873394aa8e975148548a0cb203acfdd42d2c85c5f1408e1a76678aece?s=96&d=mm&r=g\",\"url\":\"https:\\\/\\\/secure.gravatar.com\\\/avatar\\\/93febd6873394aa8e975148548a0cb203acfdd42d2c85c5f1408e1a76678aece?s=96&d=mm&r=g\",\"contentUrl\":\"https:\\\/\\\/secure.gravatar.com\\\/avatar\\\/93febd6873394aa8e975148548a0cb203acfdd42d2c85c5f1408e1a76678aece?s=96&d=mm&r=g\",\"caption\":\"Rui Lavrador\"},\"description\":\"Iniciou em 2011 o seu percurso em comunica\u00e7\u00e3o social, tendo integrado v\u00e1rios projectos editoriais. Durante o seu percurso integrou projectos como Jornal Hardm\u00fasica, LusoNot\u00edcias, Toureio.pt, ODigital.pt, entre outros \u00d3rg\u00e3os de Comunica\u00e7\u00e3o Social nacionais, na redac\u00e7\u00e3o de v\u00e1rios artigos. Entrevistou a grande maioria das personalidades mais importantes da vida social e cultural do pa\u00eds, destacando-se, tamb\u00e9m, na aprecia\u00e7\u00e3o de v\u00e1rios espect\u00e1culos. Durante o seu percurso, deu a conhecer v\u00e1rios artistas, at\u00e9 ent\u00e3o desconhecidos, ao grande p\u00fablico. Em 2015 criou e fundou o Infocul.pt, projecto no qual assume a direc\u00e7\u00e3o editorial.\",\"sameAs\":[\"http:\\\/\\\/www.infocul.pt\"]}]}<\/script>\n<!-- \/ Yoast SEO plugin. -->","yoast_head_json":{"title":"Tauromaquia: Os Destaques de 2019 | Infocul.pt - Arquivo Digital","description":"Tauromaquia: Os Destaques de 2019 | Infocul.pt - Arquivo Digital","robots":{"index":"noindex","follow":"follow","max-snippet":"max-snippet:-1","max-image-preview":"max-image-preview:large","max-video-preview":"max-video-preview:-1"},"og_locale":"pt_PT","og_type":"article","og_title":"Tauromaquia: Os Destaques de 2019 | Infocul.pt - Arquivo Digital","og_description":"Tauromaquia: Os Destaques de 2019 | Infocul.pt - Arquivo Digital","og_url":"https:\/\/infocul.pt\/arquivo\/cultura\/tauromaquia-os-destaques-de-2019\/","og_site_name":"Infocul.pt - Arquivo Digital","article_publisher":"https:\/\/www.facebook.com\/Infocul-147816815585015\/","article_published_time":"2019-12-28T00:00:16+00:00","article_modified_time":"2019-12-28T07:21:52+00:00","og_image":[{"width":1800,"height":1200,"url":"https:\/\/infocul.pt\/arquivo\/wp-content\/uploads\/2019\/12\/CorridaCampoPequeno-23.jpg","type":"image\/jpeg"}],"author":"Rui Lavrador","twitter_card":"summary_large_image","twitter_creator":"@Infoculpt","twitter_site":"@Infoculpt","twitter_misc":{"Escrito por":"Rui Lavrador","Tempo estimado de leitura":"6 minutos"},"schema":{"@context":"https:\/\/schema.org","@graph":[{"@type":"Article","@id":"https:\/\/infocul.pt\/arquivo\/cultura\/tauromaquia-os-destaques-de-2019\/#article","isPartOf":{"@id":"https:\/\/infocul.pt\/arquivo\/cultura\/tauromaquia-os-destaques-de-2019\/"},"author":{"name":"Rui Lavrador","@id":"https:\/\/infocul.pt\/arquivo\/#\/schema\/person\/060a108d7f2d85fc6aae505119ee5234"},"headline":"Tauromaquia: Os Destaques de 2019","datePublished":"2019-12-28T00:00:16+00:00","dateModified":"2019-12-28T07:21:52+00:00","mainEntityOfPage":{"@id":"https:\/\/infocul.pt\/arquivo\/cultura\/tauromaquia-os-destaques-de-2019\/"},"wordCount":1184,"commentCount":0,"publisher":{"@id":"https:\/\/infocul.pt\/arquivo\/#organization"},"image":{"@id":"https:\/\/infocul.pt\/arquivo\/cultura\/tauromaquia-os-destaques-de-2019\/#primaryimage"},"thumbnailUrl":"https:\/\/infocul.pt\/arquivo\/wp-content\/uploads\/2019\/12\/CorridaCampoPequeno-23.jpg","keywords":["Tauromaquia"],"articleSection":["Cultura","Destaque","Opini\u00e3o","Tauromaquia"],"inLanguage":"pt-PT"},{"@type":"WebPage","@id":"https:\/\/infocul.pt\/arquivo\/cultura\/tauromaquia-os-destaques-de-2019\/","url":"https:\/\/infocul.pt\/arquivo\/cultura\/tauromaquia-os-destaques-de-2019\/","name":"Tauromaquia: Os Destaques de 2019 | Infocul.pt - Arquivo Digital","isPartOf":{"@id":"https:\/\/infocul.pt\/arquivo\/#website"},"primaryImageOfPage":{"@id":"https:\/\/infocul.pt\/arquivo\/cultura\/tauromaquia-os-destaques-de-2019\/#primaryimage"},"image":{"@id":"https:\/\/infocul.pt\/arquivo\/cultura\/tauromaquia-os-destaques-de-2019\/#primaryimage"},"thumbnailUrl":"https:\/\/infocul.pt\/arquivo\/wp-content\/uploads\/2019\/12\/CorridaCampoPequeno-23.jpg","datePublished":"2019-12-28T00:00:16+00:00","dateModified":"2019-12-28T07:21:52+00:00","description":"Tauromaquia: Os Destaques de 2019 | Infocul.pt - Arquivo Digital","breadcrumb":{"@id":"https:\/\/infocul.pt\/arquivo\/cultura\/tauromaquia-os-destaques-de-2019\/#breadcrumb"},"inLanguage":"pt-PT","potentialAction":[{"@type":"ReadAction","target":["https:\/\/infocul.pt\/arquivo\/cultura\/tauromaquia-os-destaques-de-2019\/"]}]},{"@type":"ImageObject","inLanguage":"pt-PT","@id":"https:\/\/infocul.pt\/arquivo\/cultura\/tauromaquia-os-destaques-de-2019\/#primaryimage","url":"https:\/\/infocul.pt\/arquivo\/wp-content\/uploads\/2019\/12\/CorridaCampoPequeno-23.jpg","contentUrl":"https:\/\/infocul.pt\/arquivo\/wp-content\/uploads\/2019\/12\/CorridaCampoPequeno-23.jpg","width":1800,"height":1200},{"@type":"BreadcrumbList","@id":"https:\/\/infocul.pt\/arquivo\/cultura\/tauromaquia-os-destaques-de-2019\/#breadcrumb","itemListElement":[{"@type":"ListItem","position":1,"name":"Home","item":"https:\/\/infocul.pt\/arquivo\/"},{"@type":"ListItem","position":2,"name":"Tauromaquia: Os Destaques de 2019"}]},{"@type":"WebSite","@id":"https:\/\/infocul.pt\/arquivo\/#website","url":"https:\/\/infocul.pt\/arquivo\/","name":"Infocul.pt - Arquivo Digital","description":"Arquivo digital da Infocul.pt","publisher":{"@id":"https:\/\/infocul.pt\/arquivo\/#organization"},"potentialAction":[{"@type":"SearchAction","target":{"@type":"EntryPoint","urlTemplate":"https:\/\/infocul.pt\/arquivo\/?s={search_term_string}"},"query-input":{"@type":"PropertyValueSpecification","valueRequired":true,"valueName":"search_term_string"}}],"inLanguage":"pt-PT"},{"@type":"Organization","@id":"https:\/\/infocul.pt\/arquivo\/#organization","name":"Infocul.pt","url":"https:\/\/infocul.pt\/arquivo\/","logo":{"@type":"ImageObject","inLanguage":"pt-PT","@id":"https:\/\/infocul.pt\/arquivo\/#\/schema\/logo\/image\/","url":"https:\/\/infocul.pt\/arquivo\/wp-content\/uploads\/2018\/12\/Infocul_logo-1.png","contentUrl":"https:\/\/infocul.pt\/arquivo\/wp-content\/uploads\/2018\/12\/Infocul_logo-1.png","width":800,"height":800,"caption":"Infocul.pt"},"image":{"@id":"https:\/\/infocul.pt\/arquivo\/#\/schema\/logo\/image\/"},"sameAs":["https:\/\/www.facebook.com\/Infocul-147816815585015\/","https:\/\/x.com\/Infoculpt","http:\/\/www.pictaram.com\/user\/infocul.pt\/2370423710","https:\/\/www.youtube.com\/channel\/UCYEB91AGI9FL9ek2i_IaQAA"]},{"@type":"Person","@id":"https:\/\/infocul.pt\/arquivo\/#\/schema\/person\/060a108d7f2d85fc6aae505119ee5234","name":"Rui Lavrador","image":{"@type":"ImageObject","inLanguage":"pt-PT","@id":"https:\/\/secure.gravatar.com\/avatar\/93febd6873394aa8e975148548a0cb203acfdd42d2c85c5f1408e1a76678aece?s=96&d=mm&r=g","url":"https:\/\/secure.gravatar.com\/avatar\/93febd6873394aa8e975148548a0cb203acfdd42d2c85c5f1408e1a76678aece?s=96&d=mm&r=g","contentUrl":"https:\/\/secure.gravatar.com\/avatar\/93febd6873394aa8e975148548a0cb203acfdd42d2c85c5f1408e1a76678aece?s=96&d=mm&r=g","caption":"Rui Lavrador"},"description":"Iniciou em 2011 o seu percurso em comunica\u00e7\u00e3o social, tendo integrado v\u00e1rios projectos editoriais. Durante o seu percurso integrou projectos como Jornal Hardm\u00fasica, LusoNot\u00edcias, Toureio.pt, ODigital.pt, entre outros \u00d3rg\u00e3os de Comunica\u00e7\u00e3o Social nacionais, na redac\u00e7\u00e3o de v\u00e1rios artigos. Entrevistou a grande maioria das personalidades mais importantes da vida social e cultural do pa\u00eds, destacando-se, tamb\u00e9m, na aprecia\u00e7\u00e3o de v\u00e1rios espect\u00e1culos. Durante o seu percurso, deu a conhecer v\u00e1rios artistas, at\u00e9 ent\u00e3o desconhecidos, ao grande p\u00fablico. Em 2015 criou e fundou o Infocul.pt, projecto no qual assume a direc\u00e7\u00e3o editorial.","sameAs":["http:\/\/www.infocul.pt"]}]}},"_links":{"self":[{"href":"https:\/\/infocul.pt\/arquivo\/wp-json\/wp\/v2\/posts\/63738","targetHints":{"allow":["GET"]}}],"collection":[{"href":"https:\/\/infocul.pt\/arquivo\/wp-json\/wp\/v2\/posts"}],"about":[{"href":"https:\/\/infocul.pt\/arquivo\/wp-json\/wp\/v2\/types\/post"}],"author":[{"embeddable":true,"href":"https:\/\/infocul.pt\/arquivo\/wp-json\/wp\/v2\/users\/2"}],"replies":[{"embeddable":true,"href":"https:\/\/infocul.pt\/arquivo\/wp-json\/wp\/v2\/comments?post=63738"}],"version-history":[{"count":0,"href":"https:\/\/infocul.pt\/arquivo\/wp-json\/wp\/v2\/posts\/63738\/revisions"}],"wp:featuredmedia":[{"embeddable":true,"href":"https:\/\/infocul.pt\/arquivo\/wp-json\/wp\/v2\/media\/64054"}],"wp:attachment":[{"href":"https:\/\/infocul.pt\/arquivo\/wp-json\/wp\/v2\/media?parent=63738"}],"wp:term":[{"taxonomy":"category","embeddable":true,"href":"https:\/\/infocul.pt\/arquivo\/wp-json\/wp\/v2\/categories?post=63738"},{"taxonomy":"post_tag","embeddable":true,"href":"https:\/\/infocul.pt\/arquivo\/wp-json\/wp\/v2\/tags?post=63738"}],"curies":[{"name":"wp","href":"https:\/\/api.w.org\/{rel}","templated":true}]}}