{"id":63889,"date":"2019-12-22T00:00:03","date_gmt":"2019-12-22T00:00:03","guid":{"rendered":"https:\/\/infocul.pt\/?p=63889"},"modified":"2019-12-18T09:37:57","modified_gmt":"2019-12-18T09:37:57","slug":"a-proposito-de-musica-wilson-um-jovem-de-13-anos-nascido-em-cabo-verde-a-viver-em-portugal-ha-7-anos","status":"publish","type":"post","link":"https:\/\/infocul.pt\/arquivo\/destaque\/a-proposito-de-musica-wilson-um-jovem-de-13-anos-nascido-em-cabo-verde-a-viver-em-portugal-ha-7-anos\/","title":{"rendered":"\u00b4A Prop\u00f3sito de m\u00fasica&#8230;&#8217;: Wilson, um jovem de 13 anos, nascido em Cabo Verde, a viver em Portugal h\u00e1 7 anos."},"content":{"rendered":"<p><img decoding=\"async\" class=\"aligncenter wp-image-60883 size-full lazyload\" data-src=\"https:\/\/infocul.pt\/arquivo\/wp-content\/uploads\/2019\/10\/A-prop\u00f3sito-de-m\u00fasica1.jpg\" alt=\"\" width=\"800\" height=\"445\" data-srcset=\"https:\/\/infocul.pt\/arquivo\/wp-content\/uploads\/2019\/10\/A-prop\u00f3sito-de-m\u00fasica1.jpg 800w, https:\/\/infocul.pt\/arquivo\/wp-content\/uploads\/2019\/10\/A-prop\u00f3sito-de-m\u00fasica1-300x167.jpg 300w, https:\/\/infocul.pt\/arquivo\/wp-content\/uploads\/2019\/10\/A-prop\u00f3sito-de-m\u00fasica1-768x427.jpg 768w\" data-sizes=\"(max-width: 800px) 100vw, 800px\" src=\"data:image\/svg+xml;base64,PHN2ZyB3aWR0aD0iMSIgaGVpZ2h0PSIxIiB4bWxucz0iaHR0cDovL3d3dy53My5vcmcvMjAwMC9zdmciPjwvc3ZnPg==\" style=\"--smush-placeholder-width: 800px; --smush-placeholder-aspect-ratio: 800\/445;\" \/><\/p>\n<p><span style=\"font-family: Liberation Serif, serif;\"><span style=\"font-size: medium;\">O Wilson fez parte dos alunos que tinha atrav\u00e9s de um servi\u00e7o social, e onde dei aulas de m\u00fasica durante muitos anos, mas s\u00f3 neste \u00faltimo conheci o conheci, quando entrou para a actividade musical do servi\u00e7o social.Mantemo-nos em contacto, apesar de j\u00e1 n\u00e3o ter aulas comigo.<\/span><\/span><!--more--><\/p>\n<p><span style=\"font-family: Liberation Serif, serif;\"><span style=\"font-size: medium;\">Diz, ele, que eu fui muito importante para o crescimento e aprendizagem musical. Acredito, pois todos n\u00f3s quando gostamos muito de termos algu\u00e9m que nos incetiva a ir mais longe, porque existe essa capacidade. Sentimo-nos encorajados, acolhidos, suportados por esse algu\u00e9m que caminha connosco e acredita em n\u00f3s e nos ajuda a avan\u00e7ar.<\/span><\/span><\/p>\n<p><span style=\"font-family: Liberation Serif, serif;\"><span style=\"font-size: medium;\">Wilson n\u00e3o se interessou logo pela m\u00fasica, ou seja, n\u00e3o foi \u201c<\/span><\/span><span style=\"font-family: Liberation Serif, serif;\"><span style=\"font-size: medium;\"><i><b>desde pequenino que torceu o pepino<\/b><\/i><\/span><\/span><span style=\"font-family: Liberation Serif, serif;\"><span style=\"font-size: medium;\">\u201d, como diz o ditado popular. Esmiu\u00e7ando, n\u00e3o foi algo que desde pequeno sentiu. Mas aos poucos, ouvindo o pai a tocar com os amigos foi interessando-<\/span><\/span><span style=\"font-family: Liberation Serif, serif;\"><span style=\"font-size: medium;\">se<\/span><\/span><span style=\"font-family: Liberation Serif, serif;\"><span style=\"font-size: medium;\">.<\/span><\/span><\/p>\n<p><span style=\"font-family: Liberation Serif, serif;\"><span style=\"font-size: medium;\">Come\u00e7ou por sua iniciativa a ir ao piano e a tirar as m\u00fasicas de ouvido. Diz que aos 12 anos foi quando come\u00e7ou. Pouco mais de 1 ano atr\u00e1s\u2026<\/span><\/span><\/p>\n<p><span style=\"font-family: Liberation Serif, serif;\"><span style=\"font-size: medium;\">A t\u00e9cnica de tocar era como lhe dava jeito reproduzir fisicamente o que o ouvido lhe dizia. Aos poucos foi desenvolvendo o gosto do piano e da m\u00fasica cl\u00e1ssica.<\/span><\/span><\/p>\n<p><span style=\"font-family: Liberation Serif, serif;\"><span style=\"font-size: medium;\">Quando tinha d\u00favidas do que ouvia, ia ao youtube e verificava como tocar uma ou v\u00e1rias partes em espec\u00edfico.<\/span><\/span><\/p>\n<p><span style=\"font-family: Liberation Serif, serif;\"><span style=\"font-size: medium;\">Demorava algumas horas at\u00e9 ter a m\u00fasica feita, executada como lhe dava jeito mas na perfei\u00e7\u00e3o do que o ouvido lhe dizia, juntamente com a confirma\u00e7\u00e3o da ajuda das tecnologias dos v\u00eddeos no Youtube.<\/span><\/span><\/p>\n<p><span style=\"font-family: Liberation Serif, serif;\"><span style=\"font-size: medium;\">Wilson, n\u00e3o tem dinheiro para aprender piano e atrav\u00e9s da institui\u00e7\u00e3o social que ajuda a fam\u00edlia, esta conseguiu que tivesse aulas de piano numa escola com a qual a mesma trabalha e que tem a sua pr\u00f3pria escola de m\u00fasica.<\/span><\/span><\/p>\n<p><span style=\"font-family: Liberation Serif, serif;\"><span style=\"font-size: medium;\">De tal maneira \u00e9 not\u00f3rio a sua capacidade musical, que sentiram que deveriam realmente proporcionar estudos de piano a este pequeno prod\u00edgio<\/span><\/span><\/p>\n<p><span style=\"font-family: Liberation Serif, serif;\"><span style=\"font-size: medium;\">A m\u00fasica para ele, diz \u201c<\/span><\/span><span style=\"font-family: Liberation Serif, serif;\"><span style=\"font-size: medium;\"><i><b>N\u00e3o sei bem explicar, mas \u00e9 a mellhor amiga\/o quando estou triste ou contente<\/b><\/i><\/span><\/span><span style=\"font-family: Liberation Serif, serif;\"><span style=\"font-size: medium;\">\u201d. \u00c9 a sua companheira infal\u00edvel. E como o compreendo. Vejo no trajecto do Wilson, um pouco do meu.<\/span><\/span><\/p>\n<p><span style=\"font-family: Liberation Serif, serif;\"><span style=\"font-size: medium;\">Tamb\u00e9m n\u00e3o senti logo, desde nova, o interesse pelo instrumento em si, mas pela m\u00fasica sim.<\/span><\/span><\/p>\n<p><span style=\"font-family: Liberation Serif, serif;\"><span style=\"font-size: medium;\">Depois das aulas, em vez de estudar, passava horas no meu quarto a ouvir m\u00fasica, a desenhar, a olhar para o infinito, a sonhar, a cantar, a fazer um concerto imagin\u00e1rio para milhares de f\u00e3s, apenas no meu quarto.<\/span><\/span><\/p>\n<p><span style=\"font-family: Liberation Serif, serif;\"><span style=\"font-size: medium;\">A minha av\u00f3 foi professora de piano e nunca me for\u00e7ou a aprender piano, ou qualquer outro <\/span><\/span><span style=\"font-family: Liberation Serif, serif;\"><span style=\"font-size: medium;\">i<\/span><\/span><span style=\"font-family: Liberation Serif, serif;\"><span style=\"font-size: medium;\">nstrumento. Foi tamb\u00e9m aos 12 anos que de repente quis aprender piano.<\/span><\/span><\/p>\n<p><span style=\"font-family: Liberation Serif, serif;\"><span style=\"font-size: medium;\">De repente qualquer bichinho despertou em mim a curiosidade e a vontade de aprender aquele instrumento em espec\u00edfico. Poderia ser outro, mas talvez pelos ser\u00f5es musicais que havia em casa, com a minha av\u00f3 a tocar piano, e <\/span><\/span><span style=\"font-family: Liberation Serif, serif;\"><span style=\"font-size: medium;\">\u00e0<\/span><\/span><span style=\"font-family: Liberation Serif, serif;\"><span style=\"font-size: medium;\">s vezes os filhos (5, a quem ensinou todos a tocar), tamb\u00e9m eu senti a grandiosidade do piano.<\/span><\/span><\/p>\n<p><span style=\"font-family: Liberation Serif, serif;\"><span style=\"font-size: medium;\">L\u00e1 comecei os primeiros passos da aprendizagem do piano com a minha av\u00f3. Diz outro ditado que \u201c<\/span><\/span><span style=\"font-family: Liberation Serif, serif;\"><span style=\"font-size: medium;\"><i><b>Santos de casa, n\u00e3o fazem milagres<\/b><\/i><\/span><\/span><span style=\"font-family: Liberation Serif, serif;\"><span style=\"font-size: medium;\">\u201d, mas esta minha santa av\u00f3 (literalmente) fez, e de que maneira.<\/span><\/span><\/p>\n<p><span style=\"font-family: Liberation Serif, serif;\"><span style=\"font-size: medium;\">Vivia eu numa casa antiga, com tectos pintados e trabalhados, com v\u00e1rias divis\u00f5es (Sala de jantar, salinha de estar, sala do piano, dispensa, quarto de h\u00f3spedes etc..) e a divis\u00e3o que era a sala do piano ficava mesmo ao lado do meu quarto. Quantas vezes pedi \u00e0 minha querida av\u00f3 que me acordasse ao som do piano, com ela a tocar. <\/span><\/span><\/p>\n<p><span style=\"font-family: Liberation Serif, serif;\"><span style=\"font-size: medium;\">Ainda hoje tenho na mem\u00f3ria esses acordares \u00fanicos e cheios de amor da minha av\u00f3 para mim.<\/span><\/span><\/p>\n<p><span style=\"font-family: Liberation Serif, serif;\"><span style=\"font-size: medium;\">Aos poucos comecei ent\u00e3o a estudar piano com ela, mas depressa a minha criatividade me levava para fugir do estudo e come\u00e7ar eu pr\u00f3pria a criar m\u00fasica no piano.<\/span><\/span><\/p>\n<p><span style=\"font-family: Liberation Serif, serif;\"><span style=\"font-size: medium;\">Percebi mais tarde que tinha de facto uma veia criativa, de melodia, com ritmos, com acordes etc. Uma veia tamb\u00e9m para o Jazz, Pop, Rock, que eram no fundo as m\u00fasicas que eu ouvia no meu quarto.<\/span><\/span><\/p>\n<figure id=\"attachment_63892\" aria-describedby=\"caption-attachment-63892\" style=\"width: 800px\" class=\"wp-caption aligncenter\"><img decoding=\"async\" class=\"wp-image-63892 size-large lazyload\" data-src=\"https:\/\/infocul.pt\/arquivo\/wp-content\/uploads\/2019\/12\/20191213_112626-819x1024.jpg\" alt=\"\" width=\"800\" height=\"1000\" data-srcset=\"https:\/\/infocul.pt\/arquivo\/wp-content\/uploads\/2019\/12\/20191213_112626-819x1024.jpg 819w, https:\/\/infocul.pt\/arquivo\/wp-content\/uploads\/2019\/12\/20191213_112626-240x300.jpg 240w, https:\/\/infocul.pt\/arquivo\/wp-content\/uploads\/2019\/12\/20191213_112626-768x960.jpg 768w, https:\/\/infocul.pt\/arquivo\/wp-content\/uploads\/2019\/12\/20191213_112626.jpg 1071w\" data-sizes=\"(max-width: 800px) 100vw, 800px\" src=\"data:image\/svg+xml;base64,PHN2ZyB3aWR0aD0iMSIgaGVpZ2h0PSIxIiB4bWxucz0iaHR0cDovL3d3dy53My5vcmcvMjAwMC9zdmciPjwvc3ZnPg==\" style=\"--smush-placeholder-width: 800px; --smush-placeholder-aspect-ratio: 800\/1000;\" \/><figcaption id=\"caption-attachment-63892\" class=\"wp-caption-text\">D.R.<\/figcaption><\/figure>\n<p><span style=\"font-family: Liberation Serif, serif;\"><span style=\"font-size: medium;\">Depois de 25 anos ligada \u00e0 m\u00fasica, pretendo com a cr\u00f3nica deste m\u00eas referir a riqueza que \u00e9 termos algu\u00e9m que nos indique e nos ajude no caminho da m\u00fasica. <\/span><\/span><\/p>\n<p><span style=\"font-family: Liberation Serif, serif;\"><span style=\"font-size: medium;\">Que saiba orientar-nos para um instrumento e ver a nossa capacidade de evolu\u00e7\u00e3o.<\/span><\/span><\/p>\n<p><span style=\"font-family: Liberation Serif, serif;\"><span style=\"font-size: medium;\">Acreditar sempre no aluno, na pessoa que est\u00e1 a aprender.<\/span><\/span><\/p>\n<p><span style=\"font-family: Liberation Serif, serif;\"><span style=\"font-size: medium;\">Acreditar na sua resili\u00eancia.<\/span><\/span><\/p>\n<p><span style=\"font-family: Liberation Serif, serif;\"><span style=\"font-size: medium;\">Acreditar no amor que tem para dar ao mundo atrav\u00e9s da m\u00fasica.<\/span><\/span><\/p>\n<p><span style=\"font-family: Liberation Serif, serif;\"><span style=\"font-size: medium;\">Acreditarmos, no fundo, uns nos outros. Saber valorizar, saber aceitar, saber avan\u00e7ar.<\/span><\/span><\/p>\n<p><span style=\"font-family: Liberation Serif, serif;\"><span style=\"font-size: medium;\">Claro que nem tudo s\u00e3o rosas, mas \u201c<\/span><\/span><span style=\"font-family: Liberation Serif, serif;\"><span style=\"font-size: medium;\"><i><b>N\u00e3o h\u00e1 rosas, sem espinhos<\/b><\/i><\/span><\/span><span style=\"font-family: Liberation Serif, serif;\"><span style=\"font-size: medium;\">\u201d.<\/span><\/span><\/p>\n<p><span style=\"font-family: Liberation Serif, serif;\"><span style=\"font-size: medium;\">Parab\u00e9ns Wilson e que continues sempre resiliente na tua aprendizagem do piano e da m\u00fasica em geral.<\/span><\/span><\/p>\n<p>https:\/\/www.instagram.com\/p\/B5qIegOnofs\/?igshid=1kxgjorwc7jje<\/p>\n","protected":false},"excerpt":{"rendered":"<p>O Wilson fez parte dos alunos que tinha atrav\u00e9s de um servi\u00e7o social, e onde dei aulas de m\u00fasica durante muitos anos, mas s\u00f3 neste \u00faltimo conheci o conheci, quando entrou para a actividade musical do servi\u00e7o social.Mantemo-nos em contacto, apesar de j\u00e1 n\u00e3o ter aulas comigo.<\/p>\n","protected":false},"author":18,"featured_media":60883,"comment_status":"open","ping_status":"closed","sticky":false,"template":"","format":"standard","meta":{"footnotes":""},"categories":[36,4121],"tags":[7906],"class_list":["post-63889","post","type-post","status-publish","format-standard","has-post-thumbnail","hentry","category-destaque","category-opiniao","tag-a-proposito-de-musica"],"yoast_head":"<!-- This site is optimized with the Yoast SEO plugin v27.5 - https:\/\/yoast.com\/product\/yoast-seo-wordpress\/ -->\n<title>\u00b4A Prop\u00f3sito de m\u00fasica...&#039;: Wilson, um jovem de 13 anos, nascido em Cabo Verde, a viver em Portugal h\u00e1 7 anos. | Infocul.pt - Arquivo Digital<\/title>\n<meta name=\"description\" content=\"\u00b4A Prop\u00f3sito de m\u00fasica...&#039;: Wilson, um jovem de 13 anos, nascido em Cabo Verde, a viver em Portugal h\u00e1 7 anos. | Infocul.pt - Arquivo Digital\" \/>\n<meta name=\"robots\" content=\"noindex, follow, max-snippet:-1, max-image-preview:large, max-video-preview:-1\" \/>\n<meta property=\"og:locale\" content=\"pt_PT\" \/>\n<meta property=\"og:type\" content=\"article\" \/>\n<meta property=\"og:title\" content=\"\u00b4A Prop\u00f3sito de m\u00fasica...&#039;: Wilson, um jovem de 13 anos, nascido em Cabo Verde, a viver em Portugal h\u00e1 7 anos. | Infocul.pt - Arquivo Digital\" \/>\n<meta property=\"og:description\" content=\"\u00b4A Prop\u00f3sito de m\u00fasica...&#039;: Wilson, um jovem de 13 anos, nascido em Cabo Verde, a viver em Portugal h\u00e1 7 anos. | Infocul.pt - Arquivo Digital\" \/>\n<meta property=\"og:url\" content=\"https:\/\/infocul.pt\/arquivo\/destaque\/a-proposito-de-musica-wilson-um-jovem-de-13-anos-nascido-em-cabo-verde-a-viver-em-portugal-ha-7-anos\/\" \/>\n<meta property=\"og:site_name\" content=\"Infocul.pt - Arquivo Digital\" \/>\n<meta property=\"article:publisher\" content=\"https:\/\/www.facebook.com\/Infocul-147816815585015\/\" \/>\n<meta property=\"article:published_time\" content=\"2019-12-22T00:00:03+00:00\" \/>\n<meta property=\"og:image\" content=\"https:\/\/infocul.pt\/arquivo\/wp-content\/uploads\/2019\/10\/A-prop\u00f3sito-de-m\u00fasica1.jpg\" \/>\n\t<meta property=\"og:image:width\" content=\"800\" \/>\n\t<meta property=\"og:image:height\" content=\"445\" \/>\n\t<meta property=\"og:image:type\" content=\"image\/jpeg\" \/>\n<meta name=\"author\" content=\"Ana Cristina Esteves\" \/>\n<meta name=\"twitter:card\" content=\"summary_large_image\" \/>\n<meta name=\"twitter:creator\" content=\"@Infoculpt\" \/>\n<meta name=\"twitter:site\" content=\"@Infoculpt\" \/>\n<meta name=\"twitter:label1\" content=\"Escrito por\" \/>\n\t<meta name=\"twitter:data1\" content=\"Ana Cristina Esteves\" \/>\n\t<meta name=\"twitter:label2\" content=\"Tempo estimado de leitura\" \/>\n\t<meta name=\"twitter:data2\" content=\"4 minutos\" \/>\n<script type=\"application\/ld+json\" class=\"yoast-schema-graph\">{\"@context\":\"https:\\\/\\\/schema.org\",\"@graph\":[{\"@type\":\"Article\",\"@id\":\"https:\\\/\\\/infocul.pt\\\/arquivo\\\/destaque\\\/a-proposito-de-musica-wilson-um-jovem-de-13-anos-nascido-em-cabo-verde-a-viver-em-portugal-ha-7-anos\\\/#article\",\"isPartOf\":{\"@id\":\"https:\\\/\\\/infocul.pt\\\/arquivo\\\/destaque\\\/a-proposito-de-musica-wilson-um-jovem-de-13-anos-nascido-em-cabo-verde-a-viver-em-portugal-ha-7-anos\\\/\"},\"author\":{\"name\":\"Ana Cristina Esteves\",\"@id\":\"https:\\\/\\\/infocul.pt\\\/arquivo\\\/#\\\/schema\\\/person\\\/5bea4408e2590fb41a6291b34198b262\"},\"headline\":\"\u00b4A Prop\u00f3sito de m\u00fasica&#8230;&#8217;: Wilson, um jovem de 13 anos, nascido em Cabo Verde, a viver em Portugal h\u00e1 7 anos.\",\"datePublished\":\"2019-12-22T00:00:03+00:00\",\"mainEntityOfPage\":{\"@id\":\"https:\\\/\\\/infocul.pt\\\/arquivo\\\/destaque\\\/a-proposito-de-musica-wilson-um-jovem-de-13-anos-nascido-em-cabo-verde-a-viver-em-portugal-ha-7-anos\\\/\"},\"wordCount\":891,\"commentCount\":0,\"publisher\":{\"@id\":\"https:\\\/\\\/infocul.pt\\\/arquivo\\\/#organization\"},\"image\":{\"@id\":\"https:\\\/\\\/infocul.pt\\\/arquivo\\\/destaque\\\/a-proposito-de-musica-wilson-um-jovem-de-13-anos-nascido-em-cabo-verde-a-viver-em-portugal-ha-7-anos\\\/#primaryimage\"},\"thumbnailUrl\":\"https:\\\/\\\/infocul.pt\\\/arquivo\\\/wp-content\\\/uploads\\\/2019\\\/10\\\/A-prop\u00f3sito-de-m\u00fasica1.jpg\",\"keywords\":[\"A prop\u00f3sito de m\u00fasica\"],\"articleSection\":[\"Destaque\",\"Opini\u00e3o\"],\"inLanguage\":\"pt-PT\"},{\"@type\":\"WebPage\",\"@id\":\"https:\\\/\\\/infocul.pt\\\/arquivo\\\/destaque\\\/a-proposito-de-musica-wilson-um-jovem-de-13-anos-nascido-em-cabo-verde-a-viver-em-portugal-ha-7-anos\\\/\",\"url\":\"https:\\\/\\\/infocul.pt\\\/arquivo\\\/destaque\\\/a-proposito-de-musica-wilson-um-jovem-de-13-anos-nascido-em-cabo-verde-a-viver-em-portugal-ha-7-anos\\\/\",\"name\":\"\u00b4A Prop\u00f3sito de m\u00fasica...': Wilson, um jovem de 13 anos, nascido em Cabo Verde, a viver em Portugal h\u00e1 7 anos. | Infocul.pt - Arquivo Digital\",\"isPartOf\":{\"@id\":\"https:\\\/\\\/infocul.pt\\\/arquivo\\\/#website\"},\"primaryImageOfPage\":{\"@id\":\"https:\\\/\\\/infocul.pt\\\/arquivo\\\/destaque\\\/a-proposito-de-musica-wilson-um-jovem-de-13-anos-nascido-em-cabo-verde-a-viver-em-portugal-ha-7-anos\\\/#primaryimage\"},\"image\":{\"@id\":\"https:\\\/\\\/infocul.pt\\\/arquivo\\\/destaque\\\/a-proposito-de-musica-wilson-um-jovem-de-13-anos-nascido-em-cabo-verde-a-viver-em-portugal-ha-7-anos\\\/#primaryimage\"},\"thumbnailUrl\":\"https:\\\/\\\/infocul.pt\\\/arquivo\\\/wp-content\\\/uploads\\\/2019\\\/10\\\/A-prop\u00f3sito-de-m\u00fasica1.jpg\",\"datePublished\":\"2019-12-22T00:00:03+00:00\",\"description\":\"\u00b4A Prop\u00f3sito de m\u00fasica...': Wilson, um jovem de 13 anos, nascido em Cabo Verde, a viver em Portugal h\u00e1 7 anos. | Infocul.pt - Arquivo Digital\",\"breadcrumb\":{\"@id\":\"https:\\\/\\\/infocul.pt\\\/arquivo\\\/destaque\\\/a-proposito-de-musica-wilson-um-jovem-de-13-anos-nascido-em-cabo-verde-a-viver-em-portugal-ha-7-anos\\\/#breadcrumb\"},\"inLanguage\":\"pt-PT\",\"potentialAction\":[{\"@type\":\"ReadAction\",\"target\":[\"https:\\\/\\\/infocul.pt\\\/arquivo\\\/destaque\\\/a-proposito-de-musica-wilson-um-jovem-de-13-anos-nascido-em-cabo-verde-a-viver-em-portugal-ha-7-anos\\\/\"]}]},{\"@type\":\"ImageObject\",\"inLanguage\":\"pt-PT\",\"@id\":\"https:\\\/\\\/infocul.pt\\\/arquivo\\\/destaque\\\/a-proposito-de-musica-wilson-um-jovem-de-13-anos-nascido-em-cabo-verde-a-viver-em-portugal-ha-7-anos\\\/#primaryimage\",\"url\":\"https:\\\/\\\/infocul.pt\\\/arquivo\\\/wp-content\\\/uploads\\\/2019\\\/10\\\/A-prop\u00f3sito-de-m\u00fasica1.jpg\",\"contentUrl\":\"https:\\\/\\\/infocul.pt\\\/arquivo\\\/wp-content\\\/uploads\\\/2019\\\/10\\\/A-prop\u00f3sito-de-m\u00fasica1.jpg\",\"width\":800,\"height\":445},{\"@type\":\"BreadcrumbList\",\"@id\":\"https:\\\/\\\/infocul.pt\\\/arquivo\\\/destaque\\\/a-proposito-de-musica-wilson-um-jovem-de-13-anos-nascido-em-cabo-verde-a-viver-em-portugal-ha-7-anos\\\/#breadcrumb\",\"itemListElement\":[{\"@type\":\"ListItem\",\"position\":1,\"name\":\"Home\",\"item\":\"https:\\\/\\\/infocul.pt\\\/arquivo\\\/\"},{\"@type\":\"ListItem\",\"position\":2,\"name\":\"\u00b4A Prop\u00f3sito de m\u00fasica&#8230;&#8217;: Wilson, um jovem de 13 anos, nascido em Cabo Verde, a viver em Portugal h\u00e1 7 anos.\"}]},{\"@type\":\"WebSite\",\"@id\":\"https:\\\/\\\/infocul.pt\\\/arquivo\\\/#website\",\"url\":\"https:\\\/\\\/infocul.pt\\\/arquivo\\\/\",\"name\":\"Infocul.pt - Arquivo Digital\",\"description\":\"Arquivo digital da Infocul.pt\",\"publisher\":{\"@id\":\"https:\\\/\\\/infocul.pt\\\/arquivo\\\/#organization\"},\"potentialAction\":[{\"@type\":\"SearchAction\",\"target\":{\"@type\":\"EntryPoint\",\"urlTemplate\":\"https:\\\/\\\/infocul.pt\\\/arquivo\\\/?s={search_term_string}\"},\"query-input\":{\"@type\":\"PropertyValueSpecification\",\"valueRequired\":true,\"valueName\":\"search_term_string\"}}],\"inLanguage\":\"pt-PT\"},{\"@type\":\"Organization\",\"@id\":\"https:\\\/\\\/infocul.pt\\\/arquivo\\\/#organization\",\"name\":\"Infocul.pt\",\"url\":\"https:\\\/\\\/infocul.pt\\\/arquivo\\\/\",\"logo\":{\"@type\":\"ImageObject\",\"inLanguage\":\"pt-PT\",\"@id\":\"https:\\\/\\\/infocul.pt\\\/arquivo\\\/#\\\/schema\\\/logo\\\/image\\\/\",\"url\":\"https:\\\/\\\/infocul.pt\\\/arquivo\\\/wp-content\\\/uploads\\\/2018\\\/12\\\/Infocul_logo-1.png\",\"contentUrl\":\"https:\\\/\\\/infocul.pt\\\/arquivo\\\/wp-content\\\/uploads\\\/2018\\\/12\\\/Infocul_logo-1.png\",\"width\":800,\"height\":800,\"caption\":\"Infocul.pt\"},\"image\":{\"@id\":\"https:\\\/\\\/infocul.pt\\\/arquivo\\\/#\\\/schema\\\/logo\\\/image\\\/\"},\"sameAs\":[\"https:\\\/\\\/www.facebook.com\\\/Infocul-147816815585015\\\/\",\"https:\\\/\\\/x.com\\\/Infoculpt\",\"http:\\\/\\\/www.pictaram.com\\\/user\\\/infocul.pt\\\/2370423710\",\"https:\\\/\\\/www.youtube.com\\\/channel\\\/UCYEB91AGI9FL9ek2i_IaQAA\"]},{\"@type\":\"Person\",\"@id\":\"https:\\\/\\\/infocul.pt\\\/arquivo\\\/#\\\/schema\\\/person\\\/5bea4408e2590fb41a6291b34198b262\",\"name\":\"Ana Cristina Esteves\",\"image\":{\"@type\":\"ImageObject\",\"inLanguage\":\"pt-PT\",\"@id\":\"https:\\\/\\\/secure.gravatar.com\\\/avatar\\\/e3ad354261e0752913590b893f97b3a8ff88b72b6ba2cd99f6793291697b5279?s=96&d=mm&r=g\",\"url\":\"https:\\\/\\\/secure.gravatar.com\\\/avatar\\\/e3ad354261e0752913590b893f97b3a8ff88b72b6ba2cd99f6793291697b5279?s=96&d=mm&r=g\",\"contentUrl\":\"https:\\\/\\\/secure.gravatar.com\\\/avatar\\\/e3ad354261e0752913590b893f97b3a8ff88b72b6ba2cd99f6793291697b5279?s=96&d=mm&r=g\",\"caption\":\"Ana Cristina Esteves\"},\"description\":\"Professora de M\u00fasica\"}]}<\/script>\n<!-- \/ Yoast SEO plugin. -->","yoast_head_json":{"title":"\u00b4A Prop\u00f3sito de m\u00fasica...': Wilson, um jovem de 13 anos, nascido em Cabo Verde, a viver em Portugal h\u00e1 7 anos. | Infocul.pt - Arquivo Digital","description":"\u00b4A Prop\u00f3sito de m\u00fasica...': Wilson, um jovem de 13 anos, nascido em Cabo Verde, a viver em Portugal h\u00e1 7 anos. | Infocul.pt - Arquivo Digital","robots":{"index":"noindex","follow":"follow","max-snippet":"max-snippet:-1","max-image-preview":"max-image-preview:large","max-video-preview":"max-video-preview:-1"},"og_locale":"pt_PT","og_type":"article","og_title":"\u00b4A Prop\u00f3sito de m\u00fasica...': Wilson, um jovem de 13 anos, nascido em Cabo Verde, a viver em Portugal h\u00e1 7 anos. | Infocul.pt - Arquivo Digital","og_description":"\u00b4A Prop\u00f3sito de m\u00fasica...': Wilson, um jovem de 13 anos, nascido em Cabo Verde, a viver em Portugal h\u00e1 7 anos. | Infocul.pt - Arquivo Digital","og_url":"https:\/\/infocul.pt\/arquivo\/destaque\/a-proposito-de-musica-wilson-um-jovem-de-13-anos-nascido-em-cabo-verde-a-viver-em-portugal-ha-7-anos\/","og_site_name":"Infocul.pt - Arquivo Digital","article_publisher":"https:\/\/www.facebook.com\/Infocul-147816815585015\/","article_published_time":"2019-12-22T00:00:03+00:00","og_image":[{"width":800,"height":445,"url":"https:\/\/infocul.pt\/arquivo\/wp-content\/uploads\/2019\/10\/A-prop\u00f3sito-de-m\u00fasica1.jpg","type":"image\/jpeg"}],"author":"Ana Cristina Esteves","twitter_card":"summary_large_image","twitter_creator":"@Infoculpt","twitter_site":"@Infoculpt","twitter_misc":{"Escrito por":"Ana Cristina Esteves","Tempo estimado de leitura":"4 minutos"},"schema":{"@context":"https:\/\/schema.org","@graph":[{"@type":"Article","@id":"https:\/\/infocul.pt\/arquivo\/destaque\/a-proposito-de-musica-wilson-um-jovem-de-13-anos-nascido-em-cabo-verde-a-viver-em-portugal-ha-7-anos\/#article","isPartOf":{"@id":"https:\/\/infocul.pt\/arquivo\/destaque\/a-proposito-de-musica-wilson-um-jovem-de-13-anos-nascido-em-cabo-verde-a-viver-em-portugal-ha-7-anos\/"},"author":{"name":"Ana Cristina Esteves","@id":"https:\/\/infocul.pt\/arquivo\/#\/schema\/person\/5bea4408e2590fb41a6291b34198b262"},"headline":"\u00b4A Prop\u00f3sito de m\u00fasica&#8230;&#8217;: Wilson, um jovem de 13 anos, nascido em Cabo Verde, a viver em Portugal h\u00e1 7 anos.","datePublished":"2019-12-22T00:00:03+00:00","mainEntityOfPage":{"@id":"https:\/\/infocul.pt\/arquivo\/destaque\/a-proposito-de-musica-wilson-um-jovem-de-13-anos-nascido-em-cabo-verde-a-viver-em-portugal-ha-7-anos\/"},"wordCount":891,"commentCount":0,"publisher":{"@id":"https:\/\/infocul.pt\/arquivo\/#organization"},"image":{"@id":"https:\/\/infocul.pt\/arquivo\/destaque\/a-proposito-de-musica-wilson-um-jovem-de-13-anos-nascido-em-cabo-verde-a-viver-em-portugal-ha-7-anos\/#primaryimage"},"thumbnailUrl":"https:\/\/infocul.pt\/arquivo\/wp-content\/uploads\/2019\/10\/A-prop\u00f3sito-de-m\u00fasica1.jpg","keywords":["A prop\u00f3sito de m\u00fasica"],"articleSection":["Destaque","Opini\u00e3o"],"inLanguage":"pt-PT"},{"@type":"WebPage","@id":"https:\/\/infocul.pt\/arquivo\/destaque\/a-proposito-de-musica-wilson-um-jovem-de-13-anos-nascido-em-cabo-verde-a-viver-em-portugal-ha-7-anos\/","url":"https:\/\/infocul.pt\/arquivo\/destaque\/a-proposito-de-musica-wilson-um-jovem-de-13-anos-nascido-em-cabo-verde-a-viver-em-portugal-ha-7-anos\/","name":"\u00b4A Prop\u00f3sito de m\u00fasica...': Wilson, um jovem de 13 anos, nascido em Cabo Verde, a viver em Portugal h\u00e1 7 anos. | Infocul.pt - Arquivo Digital","isPartOf":{"@id":"https:\/\/infocul.pt\/arquivo\/#website"},"primaryImageOfPage":{"@id":"https:\/\/infocul.pt\/arquivo\/destaque\/a-proposito-de-musica-wilson-um-jovem-de-13-anos-nascido-em-cabo-verde-a-viver-em-portugal-ha-7-anos\/#primaryimage"},"image":{"@id":"https:\/\/infocul.pt\/arquivo\/destaque\/a-proposito-de-musica-wilson-um-jovem-de-13-anos-nascido-em-cabo-verde-a-viver-em-portugal-ha-7-anos\/#primaryimage"},"thumbnailUrl":"https:\/\/infocul.pt\/arquivo\/wp-content\/uploads\/2019\/10\/A-prop\u00f3sito-de-m\u00fasica1.jpg","datePublished":"2019-12-22T00:00:03+00:00","description":"\u00b4A Prop\u00f3sito de m\u00fasica...': Wilson, um jovem de 13 anos, nascido em Cabo Verde, a viver em Portugal h\u00e1 7 anos. | Infocul.pt - Arquivo Digital","breadcrumb":{"@id":"https:\/\/infocul.pt\/arquivo\/destaque\/a-proposito-de-musica-wilson-um-jovem-de-13-anos-nascido-em-cabo-verde-a-viver-em-portugal-ha-7-anos\/#breadcrumb"},"inLanguage":"pt-PT","potentialAction":[{"@type":"ReadAction","target":["https:\/\/infocul.pt\/arquivo\/destaque\/a-proposito-de-musica-wilson-um-jovem-de-13-anos-nascido-em-cabo-verde-a-viver-em-portugal-ha-7-anos\/"]}]},{"@type":"ImageObject","inLanguage":"pt-PT","@id":"https:\/\/infocul.pt\/arquivo\/destaque\/a-proposito-de-musica-wilson-um-jovem-de-13-anos-nascido-em-cabo-verde-a-viver-em-portugal-ha-7-anos\/#primaryimage","url":"https:\/\/infocul.pt\/arquivo\/wp-content\/uploads\/2019\/10\/A-prop\u00f3sito-de-m\u00fasica1.jpg","contentUrl":"https:\/\/infocul.pt\/arquivo\/wp-content\/uploads\/2019\/10\/A-prop\u00f3sito-de-m\u00fasica1.jpg","width":800,"height":445},{"@type":"BreadcrumbList","@id":"https:\/\/infocul.pt\/arquivo\/destaque\/a-proposito-de-musica-wilson-um-jovem-de-13-anos-nascido-em-cabo-verde-a-viver-em-portugal-ha-7-anos\/#breadcrumb","itemListElement":[{"@type":"ListItem","position":1,"name":"Home","item":"https:\/\/infocul.pt\/arquivo\/"},{"@type":"ListItem","position":2,"name":"\u00b4A Prop\u00f3sito de m\u00fasica&#8230;&#8217;: Wilson, um jovem de 13 anos, nascido em Cabo Verde, a viver em Portugal h\u00e1 7 anos."}]},{"@type":"WebSite","@id":"https:\/\/infocul.pt\/arquivo\/#website","url":"https:\/\/infocul.pt\/arquivo\/","name":"Infocul.pt - Arquivo Digital","description":"Arquivo digital da Infocul.pt","publisher":{"@id":"https:\/\/infocul.pt\/arquivo\/#organization"},"potentialAction":[{"@type":"SearchAction","target":{"@type":"EntryPoint","urlTemplate":"https:\/\/infocul.pt\/arquivo\/?s={search_term_string}"},"query-input":{"@type":"PropertyValueSpecification","valueRequired":true,"valueName":"search_term_string"}}],"inLanguage":"pt-PT"},{"@type":"Organization","@id":"https:\/\/infocul.pt\/arquivo\/#organization","name":"Infocul.pt","url":"https:\/\/infocul.pt\/arquivo\/","logo":{"@type":"ImageObject","inLanguage":"pt-PT","@id":"https:\/\/infocul.pt\/arquivo\/#\/schema\/logo\/image\/","url":"https:\/\/infocul.pt\/arquivo\/wp-content\/uploads\/2018\/12\/Infocul_logo-1.png","contentUrl":"https:\/\/infocul.pt\/arquivo\/wp-content\/uploads\/2018\/12\/Infocul_logo-1.png","width":800,"height":800,"caption":"Infocul.pt"},"image":{"@id":"https:\/\/infocul.pt\/arquivo\/#\/schema\/logo\/image\/"},"sameAs":["https:\/\/www.facebook.com\/Infocul-147816815585015\/","https:\/\/x.com\/Infoculpt","http:\/\/www.pictaram.com\/user\/infocul.pt\/2370423710","https:\/\/www.youtube.com\/channel\/UCYEB91AGI9FL9ek2i_IaQAA"]},{"@type":"Person","@id":"https:\/\/infocul.pt\/arquivo\/#\/schema\/person\/5bea4408e2590fb41a6291b34198b262","name":"Ana Cristina Esteves","image":{"@type":"ImageObject","inLanguage":"pt-PT","@id":"https:\/\/secure.gravatar.com\/avatar\/e3ad354261e0752913590b893f97b3a8ff88b72b6ba2cd99f6793291697b5279?s=96&d=mm&r=g","url":"https:\/\/secure.gravatar.com\/avatar\/e3ad354261e0752913590b893f97b3a8ff88b72b6ba2cd99f6793291697b5279?s=96&d=mm&r=g","contentUrl":"https:\/\/secure.gravatar.com\/avatar\/e3ad354261e0752913590b893f97b3a8ff88b72b6ba2cd99f6793291697b5279?s=96&d=mm&r=g","caption":"Ana Cristina Esteves"},"description":"Professora de M\u00fasica"}]}},"_links":{"self":[{"href":"https:\/\/infocul.pt\/arquivo\/wp-json\/wp\/v2\/posts\/63889","targetHints":{"allow":["GET"]}}],"collection":[{"href":"https:\/\/infocul.pt\/arquivo\/wp-json\/wp\/v2\/posts"}],"about":[{"href":"https:\/\/infocul.pt\/arquivo\/wp-json\/wp\/v2\/types\/post"}],"author":[{"embeddable":true,"href":"https:\/\/infocul.pt\/arquivo\/wp-json\/wp\/v2\/users\/18"}],"replies":[{"embeddable":true,"href":"https:\/\/infocul.pt\/arquivo\/wp-json\/wp\/v2\/comments?post=63889"}],"version-history":[{"count":0,"href":"https:\/\/infocul.pt\/arquivo\/wp-json\/wp\/v2\/posts\/63889\/revisions"}],"wp:featuredmedia":[{"embeddable":true,"href":"https:\/\/infocul.pt\/arquivo\/wp-json\/wp\/v2\/media\/60883"}],"wp:attachment":[{"href":"https:\/\/infocul.pt\/arquivo\/wp-json\/wp\/v2\/media?parent=63889"}],"wp:term":[{"taxonomy":"category","embeddable":true,"href":"https:\/\/infocul.pt\/arquivo\/wp-json\/wp\/v2\/categories?post=63889"},{"taxonomy":"post_tag","embeddable":true,"href":"https:\/\/infocul.pt\/arquivo\/wp-json\/wp\/v2\/tags?post=63889"}],"curies":[{"name":"wp","href":"https:\/\/api.w.org\/{rel}","templated":true}]}}