{"id":63954,"date":"2019-12-18T23:14:42","date_gmt":"2019-12-18T23:14:42","guid":{"rendered":"https:\/\/infocul.pt\/?p=63954"},"modified":"2019-12-18T23:22:57","modified_gmt":"2019-12-18T23:22:57","slug":"rtp-com-novidades-para-a-quadra-natalicia-e-ano-novo","status":"publish","type":"post","link":"https:\/\/infocul.pt\/arquivo\/actualidade\/rtp-com-novidades-para-a-quadra-natalicia-e-ano-novo\/","title":{"rendered":"RTP com novidades para a quadra natal\u00edcia e Ano Novo!"},"content":{"rendered":"<figure id=\"attachment_63955\" aria-describedby=\"caption-attachment-63955\" style=\"width: 551px\" class=\"wp-caption aligncenter\"><img decoding=\"async\" class=\"wp-image-63955 size-full lazyload\" data-src=\"https:\/\/infocul.pt\/arquivo\/wp-content\/uploads\/2019\/12\/12345678.png\" alt=\"\" width=\"551\" height=\"346\" data-srcset=\"https:\/\/infocul.pt\/arquivo\/wp-content\/uploads\/2019\/12\/12345678.png 551w, https:\/\/infocul.pt\/arquivo\/wp-content\/uploads\/2019\/12\/12345678-300x188.png 300w\" data-sizes=\"(max-width: 551px) 100vw, 551px\" src=\"data:image\/svg+xml;base64,PHN2ZyB3aWR0aD0iMSIgaGVpZ2h0PSIxIiB4bWxucz0iaHR0cDovL3d3dy53My5vcmcvMjAwMC9zdmciPjwvc3ZnPg==\" style=\"--smush-placeholder-width: 551px; --smush-placeholder-aspect-ratio: 551\/346;\" \/><figcaption id=\"caption-attachment-63955\" class=\"wp-caption-text\">D.R.<\/figcaption><\/figure>\n<p>&nbsp;<\/p>\n<p><span style=\"color: #222222;\"><span style=\"font-family: Liberation Serif, serif;\"><span style=\"font-size: medium;\">O director de programas da RTP, Jos\u00e9 Fragoso, apresentou hoje, em encontro informal com a imprensa, algumas novidades da grelha para a quadra festiva.<\/span><\/span><\/span><!--more--><\/p>\n<p><span style=\"color: #222222;\"><span style=\"font-family: Liberation Serif, serif;\"><span style=\"font-size: medium;\">Destacou a aposta na fic\u00e7\u00e3o nacional, quer em filmes quer em s\u00e9rie, al\u00e9m do entretenimento e m\u00fasica.<\/span><\/span><\/span><\/p>\n<p>Nesta cerim\u00f3nia marcaram presen\u00e7a algumas caras da RTP.<\/p>\n<p>&nbsp;<\/p>\n<p><b>A destacar:<\/b><\/p>\n<p><b>As Idades da Inoc\u00eancia- Com Catarina Furtado.<\/b><\/p>\n<p>Dias 23, 26,27, 30 de Dezembro e 1 de Janeiro, pelas 21:00.<\/p>\n<p>Um programa que junta crian\u00e7as e idosos e que prometer\u00e1 surpreender e emocionar quem o assista.<\/p>\n<p>&nbsp;<\/p>\n<p><b>O Pre\u00e7o Certo Especial- Com Fernando Mendes<\/b><\/p>\n<p>Dias 23, 24, 25, 30, 31 de Dezembro e 1 de Janeiro, pelas 19:00.<\/p>\n<p>Dia 23 com destaque ao futebol feminino: As jogadoras Ana Borges, Carolina e Raquel Infante e as \u00e1rbitras S\u00edlvia Domingos, Diana Henriques e Ana L\u00f3ide Silva;<\/p>\n<p>Dia 24 com a participa\u00e7\u00e3o de padres;<\/p>\n<p>Dia 25 com as participa\u00e7\u00f5es de Toni, Paulo Futre, Lu\u00eds Filipe Vieira, Fernando Mendes, Jorge Amaral e Costinha;<\/p>\n<p>Dia 30 com actores do elenco \u2018Desliga a Televis\u00e3o\u2019;<\/p>\n<p>Dia 31 com Olavo Bilac, Filipa Cardoso, Ricardo Ribeiro, Jo\u00e3o Gil, Matilde Cid e Quim Barreiros.<\/p>\n<p>Dia 1 com a equipa do programa \u2018Portugal em Directo\u2019.<\/p>\n<p>&nbsp;<\/p>\n<p><b>Joker Especial- Com Vasco Palmeirim<\/b><\/p>\n<p>Dias 23, 26, 27 e 30 de Dezembro, pelas 21:00.<\/p>\n<p>Com os concorrentes especiais: S\u00edlvia Alberto e Manuel Moura dos Santos (dia 23), Pedro Alves e Jorge Mourato (dia 26), Eduardo Madeira e Joana Pais de Brito (dia 27) e Aurea e Ant\u00f3nio Zambujo (dia 30).<\/p>\n<p>&nbsp;<\/p>\n<p><b>Joker Kids- Com Vasco Palmeirim<\/b><\/p>\n<p>Dias 1 e 2 de Janeiro (22:15 e 21:00, respectivamente)<\/p>\n<p>&nbsp;<\/p>\n<p><b>The Voice Portugal- Especial Natal<\/b><\/p>\n<p>Dia 24 de Dezembro, pelas 21:15.<\/p>\n<p>Participa\u00e7\u00f5es especiais de Anjos, B\u00e1rbara Tinoco, Diana Castro, Dino D\u2019Santiago, Murta e o Coro da Universidade Nova de Lisboa.<\/p>\n<p>&nbsp;<\/p>\n<p><b>Circo de Natal RTP<\/b><\/p>\n<p>Dia 25 de Dezembro, pelas 21:15<\/p>\n<p>Com as participa\u00e7\u00f5es dos artistas do circo Victor Hugo Cardinali e presen\u00e7a do rostos RTP: Jorge Gabriel, Jos\u00e9 Carlos Malato, S\u00f3nia Ara\u00fajo, T\u00e2nia Ribas de Oliveira, Jos\u00e9 Pedro Vasconcelos, S\u00edlvia Alberto, Fernando Mendes e Miguel Vital.<\/p>\n<p>&nbsp;<\/p>\n<p><b>Jogo de Todos os Jogos- Especial- Com Filomena Cautela<\/b><\/p>\n<p>Dia 28 de Dezembro, pelas 22:00<\/p>\n<p>Participa\u00e7\u00f5es de Mariama Barbosa, Joana Brand\u00e3o, In\u00eas Lopes Gon\u00e7alves, Cl\u00e1udia Semedo, Telma Monteiro, David Antunes, Cleia Almeida, os manos Guedes, Paulo Battista, Francisco Garcia, FF e Filipe Gon\u00e7alves.<\/p>\n<p>&nbsp;<\/p>\n<p><b>C\u00e1 Por Casa- Especial Humor- Com Herman Jos\u00e9<\/b><\/p>\n<p>Dias 2, 3 e 4 de Janeiro, \u00e0 noite.<\/p>\n<p>&nbsp;<\/p>\n<p><b>Got Talent Portugal regressa em Janeiro<\/b><\/p>\n<p>Apresentado por S\u00edlvia Alberto e com os jurados Cuca Roseta, Manuel Moura dos Santos, Pedro Tochas e Sofia Escobar.<\/p>\n<p>&nbsp;<\/p>\n<p><b>5 para a Meia-Noite- Estreia a 9 de Janeiro<\/b><\/p>\n<p>O programa regressa com a apresenta\u00e7\u00e3o de Filomena Cautela.<\/p>\n<p>&nbsp;<\/p>\n<p align=\"center\"><span style=\"font-size: large;\"><b>Passagem de Ano 2019\/2020<\/b><\/span><\/p>\n<p align=\"left\"><span style=\"font-size: medium;\"><b>Joker Especial<\/b><\/span><\/p>\n<p align=\"left\"><span style=\"font-size: medium;\">Dia 31, pelas 21:00, apresentado por Vasco Palmeirim e com as participa\u00e7\u00f5es de Fernando Mendes e Miguel Vital.<\/span><\/p>\n<p>&nbsp;<\/p>\n<p><b>Patrulha da Noite<\/b><\/p>\n<p>Dia 31, pelas 22:00, com Eduardo Madeira, Manuel Marques, Joana Pais de Brito, Jani Zhao e Victor Emanuel.<\/p>\n<p>&nbsp;<\/p>\n<p><b>Adeus 2019\/ Viva 2020<\/b><\/p>\n<p>Com Jos\u00e9 Carlos Malato e Joana Teles, a partir das 23:00 no Terreiro do Pa\u00e7o, em Lisboa. Haver\u00e1 liga\u00e7\u00e3o com Funchal, S\u00e3o Miguel, Porto, Chaves e Sesimbra.<\/p>\n<p>&nbsp;<\/p>\n<p>&nbsp;<\/p>\n<p align=\"center\"><span style=\"font-size: large;\"><b>Fic\u00e7\u00e3o Nacional<\/b><\/span><\/p>\n<p align=\"left\"><span style=\"font-size: medium;\"><b>O Le\u00e3o da Estrela (Remake)<\/b><\/span><\/p>\n<p align=\"left\"><span style=\"font-size: medium;\">Dia 22 de Dezembro, pelas 15:00<\/span><\/p>\n<p align=\"left\"><span style=\"font-size: medium;\"><b>Refrigerantes e Can\u00e7\u00f5es de Amor<\/b><\/span><\/p>\n<p align=\"left\"><span style=\"font-size: medium;\">Dia 23 de Dezembro, pelas 23:00<\/span><\/p>\n<p align=\"left\"><span style=\"font-size: medium;\"><b>A Can\u00e7\u00e3o de Lisboa (Remake)<\/b><\/span><\/p>\n<p align=\"left\"><span style=\"font-size: medium;\">Dia 29 de Dezembro, pelas 15:00.<\/span><\/p>\n<p align=\"left\"><span style=\"font-size: medium;\"><b>Linhas de Sangue<\/b><\/span><\/p>\n<p align=\"left\"><span style=\"font-size: medium;\">Dia 30 de Dezembro, pelas 23:00<\/span><\/p>\n<p align=\"left\"><span style=\"font-size: medium;\"><b>Tiro e Queda<\/b><\/span><\/p>\n<p align=\"left\"><span style=\"font-size: medium;\">Dia 1 de Janeiro, pelas 23:15.<\/span><\/p>\n<p align=\"left\"><span style=\"font-size: medium;\"><b>Auga Seca<\/b><\/span><\/p>\n<p align=\"left\"><span style=\"font-size: medium;\">A anunciar.<\/span><\/p>\n<p align=\"center\"><span style=\"font-size: large;\"><b>M\u00fasica<\/b><\/span><\/p>\n<p align=\"left\"><span style=\"font-size: medium;\"><b>Mafalda Veiga- 30 anos para comemorar<\/b><\/span><\/p>\n<p align=\"left\"><span style=\"font-size: medium;\">Dia 26 de Dezembro, pelas 24:00.<\/span><\/p>\n<p align=\"left\"><span style=\"font-size: medium;\"><b>Gisela Jo\u00e3o- Branco<\/b><\/span><\/p>\n<p align=\"left\"><span style=\"font-size: medium;\">Dia 28 de Dezembro, pelas 24:00.<\/span><\/p>\n<p align=\"left\"><span style=\"font-size: medium;\"><b>Concerto de Ano Novo de Viena<\/b><\/span><\/p>\n<p align=\"left\"><span style=\"font-size: medium;\">Dia 1 de Janeiro, pelas 10:30.<\/span><\/p>\n<p align=\"left\"><span style=\"font-size: medium;\"><b>Andr\u00e9 Rieu- Christmas in London<\/b><\/span><\/p>\n<p align=\"left\"><span style=\"font-size: medium;\">Dia 1 de Janeiro, pelas 16:45<\/span><\/p>\n<p align=\"left\"><span style=\"font-size: medium;\"><b>Leonard Cohen- Living in Dublin<\/b><\/span><\/p>\n<p align=\"left\"><span style=\"font-size: medium;\">Dia 1 de Janeiro, pelas 01:15.<\/span><\/p>\n<p align=\"left\"><span style=\"font-size: medium;\"><b>Carlos do Carmo- 80 anos<\/b><\/span><\/p>\n<p align=\"left\"><span style=\"font-size: medium;\">Dia 2 de Janeiro, pelas 22:00.<\/span><\/p>\n<p align=\"left\"><span style=\"font-size: medium;\"><b>Not The Robbie Williams Christmas Show<\/b><\/span><\/p>\n<p align=\"left\"><span style=\"font-size: medium;\">Dia 4 de Janeiro, pelas 01:00.<\/span><\/p>\n<p align=\"left\"><span style=\"font-size: medium;\"><b>Fernando Tordo com Orquestra Sinf\u00f3nica Portuguesa<\/b><\/span><\/p>\n<p align=\"left\"><span style=\"font-size: medium;\">Dia 6 de Janeiro, pelas 23:00.<\/span><\/p>\n<p align=\"left\"><span style=\"font-size: medium;\"><b>Conan Osiris ao vivo no Coliseu dos Recreios<\/b><\/span><\/p>\n<p align=\"left\"><span style=\"font-size: medium;\">Dia 10 de Janeiro, pelas 24.00.<\/span><\/p>\n<p align=\"left\"><span style=\"font-size: medium;\"><b>Jos\u00e9 Cid em Las Vegas- Um Grammy Portugu\u00eas<\/b><\/span><\/p>\n<p align=\"left\"><span style=\"font-size: medium;\">Dia 12 de Janeiro, pelas 16:00.<\/span><\/p>\n<p align=\"center\"><span style=\"font-size: large;\"><b>Cirque du Soleil<\/b><\/span><\/p>\n<p align=\"left\"><span style=\"font-size: medium;\"><b>Amaluma<\/b><\/span><\/p>\n<p align=\"left\"><span style=\"font-size: medium;\">Dia 23 de Dezembro, pelas 01:30.<\/span><\/p>\n<p align=\"left\"><span style=\"font-size: medium;\"><b>Luzia<\/b><\/span><\/p>\n<p align=\"left\"><span style=\"font-size: medium;\">Dia 25 de Dezembro, pelas 24:15.<\/span><\/p>\n<p align=\"left\"><span style=\"font-size: medium;\"><b>Kooza<\/b><\/span><\/p>\n<p align=\"left\"><span style=\"font-size: medium;\">Dia 25 de Dezembro, pelas 01:45<\/span><\/p>\n<p align=\"left\"><span style=\"font-size: medium;\"><b>Delirium<\/b><\/span><\/p>\n<p align=\"left\"><span style=\"font-size: medium;\">Dia 30 de Dezembro, pelas 01:00.<\/span><\/p>\n<p align=\"left\">\n","protected":false},"excerpt":{"rendered":"<p>&nbsp; O director de programas da RTP, Jos\u00e9 Fragoso, apresentou hoje, em encontro informal com a imprensa, algumas novidades da grelha para a quadra festiva.<\/p>\n","protected":false},"author":2,"featured_media":63955,"comment_status":"open","ping_status":"closed","sticky":false,"template":"","format":"standard","meta":{"footnotes":""},"categories":[10,36,4123,14],"tags":[2349,48,19],"class_list":["post-63954","post","type-post","status-publish","format-standard","has-post-thumbnail","hentry","category-actualidade","category-destaque","category-reportagens-actualidade","category-televisao","tag-natal","tag-reveillon","tag-rtp"],"yoast_head":"<!-- This site is optimized with the Yoast SEO plugin v27.5 - https:\/\/yoast.com\/product\/yoast-seo-wordpress\/ -->\n<title>RTP com novidades para a quadra natal\u00edcia e Ano Novo! | Infocul.pt - Arquivo Digital<\/title>\n<meta name=\"description\" content=\"RTP com novidades para a quadra natal\u00edcia e Ano Novo! | Infocul.pt - Arquivo Digital\" \/>\n<meta name=\"robots\" content=\"noindex, follow, max-snippet:-1, max-image-preview:large, max-video-preview:-1\" \/>\n<meta property=\"og:locale\" content=\"pt_PT\" \/>\n<meta property=\"og:type\" content=\"article\" \/>\n<meta property=\"og:title\" content=\"RTP com novidades para a quadra natal\u00edcia e Ano Novo! | Infocul.pt - Arquivo Digital\" \/>\n<meta property=\"og:description\" content=\"RTP com novidades para a quadra natal\u00edcia e Ano Novo! | Infocul.pt - Arquivo Digital\" \/>\n<meta property=\"og:url\" content=\"https:\/\/infocul.pt\/arquivo\/actualidade\/rtp-com-novidades-para-a-quadra-natalicia-e-ano-novo\/\" \/>\n<meta property=\"og:site_name\" content=\"Infocul.pt - Arquivo Digital\" \/>\n<meta property=\"article:publisher\" content=\"https:\/\/www.facebook.com\/Infocul-147816815585015\/\" \/>\n<meta property=\"article:published_time\" content=\"2019-12-18T23:14:42+00:00\" \/>\n<meta property=\"article:modified_time\" content=\"2019-12-18T23:22:57+00:00\" \/>\n<meta property=\"og:image\" content=\"https:\/\/infocul.pt\/arquivo\/wp-content\/uploads\/2019\/12\/12345678.png\" \/>\n\t<meta property=\"og:image:width\" content=\"551\" \/>\n\t<meta property=\"og:image:height\" content=\"346\" \/>\n\t<meta property=\"og:image:type\" content=\"image\/png\" \/>\n<meta name=\"author\" content=\"Rui Lavrador\" \/>\n<meta name=\"twitter:card\" content=\"summary_large_image\" \/>\n<meta name=\"twitter:creator\" content=\"@Infoculpt\" \/>\n<meta name=\"twitter:site\" content=\"@Infoculpt\" \/>\n<meta name=\"twitter:label1\" content=\"Escrito por\" \/>\n\t<meta name=\"twitter:data1\" content=\"Rui Lavrador\" \/>\n\t<meta name=\"twitter:label2\" content=\"Tempo estimado de leitura\" \/>\n\t<meta name=\"twitter:data2\" content=\"4 minutos\" \/>\n<script type=\"application\/ld+json\" class=\"yoast-schema-graph\">{\"@context\":\"https:\\\/\\\/schema.org\",\"@graph\":[{\"@type\":\"Article\",\"@id\":\"https:\\\/\\\/infocul.pt\\\/arquivo\\\/actualidade\\\/rtp-com-novidades-para-a-quadra-natalicia-e-ano-novo\\\/#article\",\"isPartOf\":{\"@id\":\"https:\\\/\\\/infocul.pt\\\/arquivo\\\/actualidade\\\/rtp-com-novidades-para-a-quadra-natalicia-e-ano-novo\\\/\"},\"author\":{\"name\":\"Rui Lavrador\",\"@id\":\"https:\\\/\\\/infocul.pt\\\/arquivo\\\/#\\\/schema\\\/person\\\/060a108d7f2d85fc6aae505119ee5234\"},\"headline\":\"RTP com novidades para a quadra natal\u00edcia e Ano Novo!\",\"datePublished\":\"2019-12-18T23:14:42+00:00\",\"dateModified\":\"2019-12-18T23:22:57+00:00\",\"mainEntityOfPage\":{\"@id\":\"https:\\\/\\\/infocul.pt\\\/arquivo\\\/actualidade\\\/rtp-com-novidades-para-a-quadra-natalicia-e-ano-novo\\\/\"},\"wordCount\":713,\"commentCount\":0,\"publisher\":{\"@id\":\"https:\\\/\\\/infocul.pt\\\/arquivo\\\/#organization\"},\"image\":{\"@id\":\"https:\\\/\\\/infocul.pt\\\/arquivo\\\/actualidade\\\/rtp-com-novidades-para-a-quadra-natalicia-e-ano-novo\\\/#primaryimage\"},\"thumbnailUrl\":\"https:\\\/\\\/infocul.pt\\\/arquivo\\\/wp-content\\\/uploads\\\/2019\\\/12\\\/12345678.png\",\"keywords\":[\"Natal\",\"Reveillon\",\"RTP\"],\"articleSection\":[\"Actualidade\",\"Destaque\",\"Reportagens\",\"Televis\u00e3o\"],\"inLanguage\":\"pt-PT\"},{\"@type\":\"WebPage\",\"@id\":\"https:\\\/\\\/infocul.pt\\\/arquivo\\\/actualidade\\\/rtp-com-novidades-para-a-quadra-natalicia-e-ano-novo\\\/\",\"url\":\"https:\\\/\\\/infocul.pt\\\/arquivo\\\/actualidade\\\/rtp-com-novidades-para-a-quadra-natalicia-e-ano-novo\\\/\",\"name\":\"RTP com novidades para a quadra natal\u00edcia e Ano Novo! | Infocul.pt - Arquivo Digital\",\"isPartOf\":{\"@id\":\"https:\\\/\\\/infocul.pt\\\/arquivo\\\/#website\"},\"primaryImageOfPage\":{\"@id\":\"https:\\\/\\\/infocul.pt\\\/arquivo\\\/actualidade\\\/rtp-com-novidades-para-a-quadra-natalicia-e-ano-novo\\\/#primaryimage\"},\"image\":{\"@id\":\"https:\\\/\\\/infocul.pt\\\/arquivo\\\/actualidade\\\/rtp-com-novidades-para-a-quadra-natalicia-e-ano-novo\\\/#primaryimage\"},\"thumbnailUrl\":\"https:\\\/\\\/infocul.pt\\\/arquivo\\\/wp-content\\\/uploads\\\/2019\\\/12\\\/12345678.png\",\"datePublished\":\"2019-12-18T23:14:42+00:00\",\"dateModified\":\"2019-12-18T23:22:57+00:00\",\"description\":\"RTP com novidades para a quadra natal\u00edcia e Ano Novo! | Infocul.pt - Arquivo Digital\",\"breadcrumb\":{\"@id\":\"https:\\\/\\\/infocul.pt\\\/arquivo\\\/actualidade\\\/rtp-com-novidades-para-a-quadra-natalicia-e-ano-novo\\\/#breadcrumb\"},\"inLanguage\":\"pt-PT\",\"potentialAction\":[{\"@type\":\"ReadAction\",\"target\":[\"https:\\\/\\\/infocul.pt\\\/arquivo\\\/actualidade\\\/rtp-com-novidades-para-a-quadra-natalicia-e-ano-novo\\\/\"]}]},{\"@type\":\"ImageObject\",\"inLanguage\":\"pt-PT\",\"@id\":\"https:\\\/\\\/infocul.pt\\\/arquivo\\\/actualidade\\\/rtp-com-novidades-para-a-quadra-natalicia-e-ano-novo\\\/#primaryimage\",\"url\":\"https:\\\/\\\/infocul.pt\\\/arquivo\\\/wp-content\\\/uploads\\\/2019\\\/12\\\/12345678.png\",\"contentUrl\":\"https:\\\/\\\/infocul.pt\\\/arquivo\\\/wp-content\\\/uploads\\\/2019\\\/12\\\/12345678.png\",\"width\":551,\"height\":346},{\"@type\":\"BreadcrumbList\",\"@id\":\"https:\\\/\\\/infocul.pt\\\/arquivo\\\/actualidade\\\/rtp-com-novidades-para-a-quadra-natalicia-e-ano-novo\\\/#breadcrumb\",\"itemListElement\":[{\"@type\":\"ListItem\",\"position\":1,\"name\":\"Home\",\"item\":\"https:\\\/\\\/infocul.pt\\\/arquivo\\\/\"},{\"@type\":\"ListItem\",\"position\":2,\"name\":\"RTP com novidades para a quadra natal\u00edcia e Ano Novo!\"}]},{\"@type\":\"WebSite\",\"@id\":\"https:\\\/\\\/infocul.pt\\\/arquivo\\\/#website\",\"url\":\"https:\\\/\\\/infocul.pt\\\/arquivo\\\/\",\"name\":\"Infocul.pt - Arquivo Digital\",\"description\":\"Arquivo digital da Infocul.pt\",\"publisher\":{\"@id\":\"https:\\\/\\\/infocul.pt\\\/arquivo\\\/#organization\"},\"potentialAction\":[{\"@type\":\"SearchAction\",\"target\":{\"@type\":\"EntryPoint\",\"urlTemplate\":\"https:\\\/\\\/infocul.pt\\\/arquivo\\\/?s={search_term_string}\"},\"query-input\":{\"@type\":\"PropertyValueSpecification\",\"valueRequired\":true,\"valueName\":\"search_term_string\"}}],\"inLanguage\":\"pt-PT\"},{\"@type\":\"Organization\",\"@id\":\"https:\\\/\\\/infocul.pt\\\/arquivo\\\/#organization\",\"name\":\"Infocul.pt\",\"url\":\"https:\\\/\\\/infocul.pt\\\/arquivo\\\/\",\"logo\":{\"@type\":\"ImageObject\",\"inLanguage\":\"pt-PT\",\"@id\":\"https:\\\/\\\/infocul.pt\\\/arquivo\\\/#\\\/schema\\\/logo\\\/image\\\/\",\"url\":\"https:\\\/\\\/infocul.pt\\\/arquivo\\\/wp-content\\\/uploads\\\/2018\\\/12\\\/Infocul_logo-1.png\",\"contentUrl\":\"https:\\\/\\\/infocul.pt\\\/arquivo\\\/wp-content\\\/uploads\\\/2018\\\/12\\\/Infocul_logo-1.png\",\"width\":800,\"height\":800,\"caption\":\"Infocul.pt\"},\"image\":{\"@id\":\"https:\\\/\\\/infocul.pt\\\/arquivo\\\/#\\\/schema\\\/logo\\\/image\\\/\"},\"sameAs\":[\"https:\\\/\\\/www.facebook.com\\\/Infocul-147816815585015\\\/\",\"https:\\\/\\\/x.com\\\/Infoculpt\",\"http:\\\/\\\/www.pictaram.com\\\/user\\\/infocul.pt\\\/2370423710\",\"https:\\\/\\\/www.youtube.com\\\/channel\\\/UCYEB91AGI9FL9ek2i_IaQAA\"]},{\"@type\":\"Person\",\"@id\":\"https:\\\/\\\/infocul.pt\\\/arquivo\\\/#\\\/schema\\\/person\\\/060a108d7f2d85fc6aae505119ee5234\",\"name\":\"Rui Lavrador\",\"image\":{\"@type\":\"ImageObject\",\"inLanguage\":\"pt-PT\",\"@id\":\"https:\\\/\\\/secure.gravatar.com\\\/avatar\\\/93febd6873394aa8e975148548a0cb203acfdd42d2c85c5f1408e1a76678aece?s=96&d=mm&r=g\",\"url\":\"https:\\\/\\\/secure.gravatar.com\\\/avatar\\\/93febd6873394aa8e975148548a0cb203acfdd42d2c85c5f1408e1a76678aece?s=96&d=mm&r=g\",\"contentUrl\":\"https:\\\/\\\/secure.gravatar.com\\\/avatar\\\/93febd6873394aa8e975148548a0cb203acfdd42d2c85c5f1408e1a76678aece?s=96&d=mm&r=g\",\"caption\":\"Rui Lavrador\"},\"description\":\"Iniciou em 2011 o seu percurso em comunica\u00e7\u00e3o social, tendo integrado v\u00e1rios projectos editoriais. Durante o seu percurso integrou projectos como Jornal Hardm\u00fasica, LusoNot\u00edcias, Toureio.pt, ODigital.pt, entre outros \u00d3rg\u00e3os de Comunica\u00e7\u00e3o Social nacionais, na redac\u00e7\u00e3o de v\u00e1rios artigos. Entrevistou a grande maioria das personalidades mais importantes da vida social e cultural do pa\u00eds, destacando-se, tamb\u00e9m, na aprecia\u00e7\u00e3o de v\u00e1rios espect\u00e1culos. Durante o seu percurso, deu a conhecer v\u00e1rios artistas, at\u00e9 ent\u00e3o desconhecidos, ao grande p\u00fablico. Em 2015 criou e fundou o Infocul.pt, projecto no qual assume a direc\u00e7\u00e3o editorial.\",\"sameAs\":[\"http:\\\/\\\/www.infocul.pt\"]}]}<\/script>\n<!-- \/ Yoast SEO plugin. -->","yoast_head_json":{"title":"RTP com novidades para a quadra natal\u00edcia e Ano Novo! | Infocul.pt - Arquivo Digital","description":"RTP com novidades para a quadra natal\u00edcia e Ano Novo! | Infocul.pt - Arquivo Digital","robots":{"index":"noindex","follow":"follow","max-snippet":"max-snippet:-1","max-image-preview":"max-image-preview:large","max-video-preview":"max-video-preview:-1"},"og_locale":"pt_PT","og_type":"article","og_title":"RTP com novidades para a quadra natal\u00edcia e Ano Novo! | Infocul.pt - Arquivo Digital","og_description":"RTP com novidades para a quadra natal\u00edcia e Ano Novo! | Infocul.pt - Arquivo Digital","og_url":"https:\/\/infocul.pt\/arquivo\/actualidade\/rtp-com-novidades-para-a-quadra-natalicia-e-ano-novo\/","og_site_name":"Infocul.pt - Arquivo Digital","article_publisher":"https:\/\/www.facebook.com\/Infocul-147816815585015\/","article_published_time":"2019-12-18T23:14:42+00:00","article_modified_time":"2019-12-18T23:22:57+00:00","og_image":[{"width":551,"height":346,"url":"https:\/\/infocul.pt\/arquivo\/wp-content\/uploads\/2019\/12\/12345678.png","type":"image\/png"}],"author":"Rui Lavrador","twitter_card":"summary_large_image","twitter_creator":"@Infoculpt","twitter_site":"@Infoculpt","twitter_misc":{"Escrito por":"Rui Lavrador","Tempo estimado de leitura":"4 minutos"},"schema":{"@context":"https:\/\/schema.org","@graph":[{"@type":"Article","@id":"https:\/\/infocul.pt\/arquivo\/actualidade\/rtp-com-novidades-para-a-quadra-natalicia-e-ano-novo\/#article","isPartOf":{"@id":"https:\/\/infocul.pt\/arquivo\/actualidade\/rtp-com-novidades-para-a-quadra-natalicia-e-ano-novo\/"},"author":{"name":"Rui Lavrador","@id":"https:\/\/infocul.pt\/arquivo\/#\/schema\/person\/060a108d7f2d85fc6aae505119ee5234"},"headline":"RTP com novidades para a quadra natal\u00edcia e Ano Novo!","datePublished":"2019-12-18T23:14:42+00:00","dateModified":"2019-12-18T23:22:57+00:00","mainEntityOfPage":{"@id":"https:\/\/infocul.pt\/arquivo\/actualidade\/rtp-com-novidades-para-a-quadra-natalicia-e-ano-novo\/"},"wordCount":713,"commentCount":0,"publisher":{"@id":"https:\/\/infocul.pt\/arquivo\/#organization"},"image":{"@id":"https:\/\/infocul.pt\/arquivo\/actualidade\/rtp-com-novidades-para-a-quadra-natalicia-e-ano-novo\/#primaryimage"},"thumbnailUrl":"https:\/\/infocul.pt\/arquivo\/wp-content\/uploads\/2019\/12\/12345678.png","keywords":["Natal","Reveillon","RTP"],"articleSection":["Actualidade","Destaque","Reportagens","Televis\u00e3o"],"inLanguage":"pt-PT"},{"@type":"WebPage","@id":"https:\/\/infocul.pt\/arquivo\/actualidade\/rtp-com-novidades-para-a-quadra-natalicia-e-ano-novo\/","url":"https:\/\/infocul.pt\/arquivo\/actualidade\/rtp-com-novidades-para-a-quadra-natalicia-e-ano-novo\/","name":"RTP com novidades para a quadra natal\u00edcia e Ano Novo! | Infocul.pt - Arquivo Digital","isPartOf":{"@id":"https:\/\/infocul.pt\/arquivo\/#website"},"primaryImageOfPage":{"@id":"https:\/\/infocul.pt\/arquivo\/actualidade\/rtp-com-novidades-para-a-quadra-natalicia-e-ano-novo\/#primaryimage"},"image":{"@id":"https:\/\/infocul.pt\/arquivo\/actualidade\/rtp-com-novidades-para-a-quadra-natalicia-e-ano-novo\/#primaryimage"},"thumbnailUrl":"https:\/\/infocul.pt\/arquivo\/wp-content\/uploads\/2019\/12\/12345678.png","datePublished":"2019-12-18T23:14:42+00:00","dateModified":"2019-12-18T23:22:57+00:00","description":"RTP com novidades para a quadra natal\u00edcia e Ano Novo! | Infocul.pt - Arquivo Digital","breadcrumb":{"@id":"https:\/\/infocul.pt\/arquivo\/actualidade\/rtp-com-novidades-para-a-quadra-natalicia-e-ano-novo\/#breadcrumb"},"inLanguage":"pt-PT","potentialAction":[{"@type":"ReadAction","target":["https:\/\/infocul.pt\/arquivo\/actualidade\/rtp-com-novidades-para-a-quadra-natalicia-e-ano-novo\/"]}]},{"@type":"ImageObject","inLanguage":"pt-PT","@id":"https:\/\/infocul.pt\/arquivo\/actualidade\/rtp-com-novidades-para-a-quadra-natalicia-e-ano-novo\/#primaryimage","url":"https:\/\/infocul.pt\/arquivo\/wp-content\/uploads\/2019\/12\/12345678.png","contentUrl":"https:\/\/infocul.pt\/arquivo\/wp-content\/uploads\/2019\/12\/12345678.png","width":551,"height":346},{"@type":"BreadcrumbList","@id":"https:\/\/infocul.pt\/arquivo\/actualidade\/rtp-com-novidades-para-a-quadra-natalicia-e-ano-novo\/#breadcrumb","itemListElement":[{"@type":"ListItem","position":1,"name":"Home","item":"https:\/\/infocul.pt\/arquivo\/"},{"@type":"ListItem","position":2,"name":"RTP com novidades para a quadra natal\u00edcia e Ano Novo!"}]},{"@type":"WebSite","@id":"https:\/\/infocul.pt\/arquivo\/#website","url":"https:\/\/infocul.pt\/arquivo\/","name":"Infocul.pt - Arquivo Digital","description":"Arquivo digital da Infocul.pt","publisher":{"@id":"https:\/\/infocul.pt\/arquivo\/#organization"},"potentialAction":[{"@type":"SearchAction","target":{"@type":"EntryPoint","urlTemplate":"https:\/\/infocul.pt\/arquivo\/?s={search_term_string}"},"query-input":{"@type":"PropertyValueSpecification","valueRequired":true,"valueName":"search_term_string"}}],"inLanguage":"pt-PT"},{"@type":"Organization","@id":"https:\/\/infocul.pt\/arquivo\/#organization","name":"Infocul.pt","url":"https:\/\/infocul.pt\/arquivo\/","logo":{"@type":"ImageObject","inLanguage":"pt-PT","@id":"https:\/\/infocul.pt\/arquivo\/#\/schema\/logo\/image\/","url":"https:\/\/infocul.pt\/arquivo\/wp-content\/uploads\/2018\/12\/Infocul_logo-1.png","contentUrl":"https:\/\/infocul.pt\/arquivo\/wp-content\/uploads\/2018\/12\/Infocul_logo-1.png","width":800,"height":800,"caption":"Infocul.pt"},"image":{"@id":"https:\/\/infocul.pt\/arquivo\/#\/schema\/logo\/image\/"},"sameAs":["https:\/\/www.facebook.com\/Infocul-147816815585015\/","https:\/\/x.com\/Infoculpt","http:\/\/www.pictaram.com\/user\/infocul.pt\/2370423710","https:\/\/www.youtube.com\/channel\/UCYEB91AGI9FL9ek2i_IaQAA"]},{"@type":"Person","@id":"https:\/\/infocul.pt\/arquivo\/#\/schema\/person\/060a108d7f2d85fc6aae505119ee5234","name":"Rui Lavrador","image":{"@type":"ImageObject","inLanguage":"pt-PT","@id":"https:\/\/secure.gravatar.com\/avatar\/93febd6873394aa8e975148548a0cb203acfdd42d2c85c5f1408e1a76678aece?s=96&d=mm&r=g","url":"https:\/\/secure.gravatar.com\/avatar\/93febd6873394aa8e975148548a0cb203acfdd42d2c85c5f1408e1a76678aece?s=96&d=mm&r=g","contentUrl":"https:\/\/secure.gravatar.com\/avatar\/93febd6873394aa8e975148548a0cb203acfdd42d2c85c5f1408e1a76678aece?s=96&d=mm&r=g","caption":"Rui Lavrador"},"description":"Iniciou em 2011 o seu percurso em comunica\u00e7\u00e3o social, tendo integrado v\u00e1rios projectos editoriais. Durante o seu percurso integrou projectos como Jornal Hardm\u00fasica, LusoNot\u00edcias, Toureio.pt, ODigital.pt, entre outros \u00d3rg\u00e3os de Comunica\u00e7\u00e3o Social nacionais, na redac\u00e7\u00e3o de v\u00e1rios artigos. Entrevistou a grande maioria das personalidades mais importantes da vida social e cultural do pa\u00eds, destacando-se, tamb\u00e9m, na aprecia\u00e7\u00e3o de v\u00e1rios espect\u00e1culos. Durante o seu percurso, deu a conhecer v\u00e1rios artistas, at\u00e9 ent\u00e3o desconhecidos, ao grande p\u00fablico. Em 2015 criou e fundou o Infocul.pt, projecto no qual assume a direc\u00e7\u00e3o editorial.","sameAs":["http:\/\/www.infocul.pt"]}]}},"_links":{"self":[{"href":"https:\/\/infocul.pt\/arquivo\/wp-json\/wp\/v2\/posts\/63954","targetHints":{"allow":["GET"]}}],"collection":[{"href":"https:\/\/infocul.pt\/arquivo\/wp-json\/wp\/v2\/posts"}],"about":[{"href":"https:\/\/infocul.pt\/arquivo\/wp-json\/wp\/v2\/types\/post"}],"author":[{"embeddable":true,"href":"https:\/\/infocul.pt\/arquivo\/wp-json\/wp\/v2\/users\/2"}],"replies":[{"embeddable":true,"href":"https:\/\/infocul.pt\/arquivo\/wp-json\/wp\/v2\/comments?post=63954"}],"version-history":[{"count":0,"href":"https:\/\/infocul.pt\/arquivo\/wp-json\/wp\/v2\/posts\/63954\/revisions"}],"wp:featuredmedia":[{"embeddable":true,"href":"https:\/\/infocul.pt\/arquivo\/wp-json\/wp\/v2\/media\/63955"}],"wp:attachment":[{"href":"https:\/\/infocul.pt\/arquivo\/wp-json\/wp\/v2\/media?parent=63954"}],"wp:term":[{"taxonomy":"category","embeddable":true,"href":"https:\/\/infocul.pt\/arquivo\/wp-json\/wp\/v2\/categories?post=63954"},{"taxonomy":"post_tag","embeddable":true,"href":"https:\/\/infocul.pt\/arquivo\/wp-json\/wp\/v2\/tags?post=63954"}],"curies":[{"name":"wp","href":"https:\/\/api.w.org\/{rel}","templated":true}]}}