{"id":64049,"date":"2019-12-20T19:34:17","date_gmt":"2019-12-20T19:34:17","guid":{"rendered":"https:\/\/infocul.pt\/?p=64049"},"modified":"2019-12-20T19:34:17","modified_gmt":"2019-12-20T19:34:17","slug":"real-fado-revela-elenco-e-menu-para-o-reveillon","status":"publish","type":"post","link":"https:\/\/infocul.pt\/arquivo\/cultura\/real-fado-revela-elenco-e-menu-para-o-reveillon\/","title":{"rendered":"Real Fado revela elenco e menu para o R\u00e9veillon"},"content":{"rendered":"<p><img decoding=\"async\" class=\"aligncenter wp-image-64063 size-large lazyload\" data-src=\"https:\/\/infocul.pt\/arquivo\/wp-content\/uploads\/2019\/12\/RealFado3@Belem-2822-1024x683.png\" alt=\"\" width=\"800\" height=\"534\" data-srcset=\"https:\/\/infocul.pt\/arquivo\/wp-content\/uploads\/2019\/12\/RealFado3@Belem-2822-1024x683.png 1024w, https:\/\/infocul.pt\/arquivo\/wp-content\/uploads\/2019\/12\/RealFado3@Belem-2822-300x200.png 300w, https:\/\/infocul.pt\/arquivo\/wp-content\/uploads\/2019\/12\/RealFado3@Belem-2822-768x512.png 768w, https:\/\/infocul.pt\/arquivo\/wp-content\/uploads\/2019\/12\/RealFado3@Belem-2822.png 1800w\" data-sizes=\"(max-width: 800px) 100vw, 800px\" src=\"data:image\/svg+xml;base64,PHN2ZyB3aWR0aD0iMSIgaGVpZ2h0PSIxIiB4bWxucz0iaHR0cDovL3d3dy53My5vcmcvMjAwMC9zdmciPjwvc3ZnPg==\" style=\"--smush-placeholder-width: 800px; --smush-placeholder-aspect-ratio: 800\/534;\" \/><\/p>\n<p><span style=\"font-family: Liberation Serif, serif;\"><span style=\"font-size: medium;\"><span style=\"color: #333333;\">O Real Fado, em Bel\u00e9m, tem j\u00e1 definido o elenco para a noite de r\u00e9veillon e o respectivo menu para dar a melhor entrada no ano de 2020.<\/span><\/span><\/span><!--more--><\/p>\n<p><span style=\"font-family: Liberation Serif, serif;\"><span style=\"font-size: medium;\"><span style=\"color: #333333;\">Na noite de 31 de Dezembro o elenco ser\u00e1 constitu\u00eddo pelos fadistas Catarina Candeias, Maja Milinkovi\u0107 e Jorge Batista da Silva.<\/span><\/span><\/span><\/p>\n<p><span style=\"font-family: Liberation Serif, serif;\"><span style=\"font-size: medium;\"><span style=\"color: #333333;\">O menu ter\u00e1 um custo de 75 euros, por pessoa, e ser\u00e1 composto por: <\/span><\/span><\/span><\/p>\n<p><span style=\"font-family: Liberation Serif, serif;\"><span style=\"font-size: medium;\"><span style=\"color: #333333;\"><b>Couvert:<\/b><\/span><span style=\"color: #333333;\"> Cesta de p\u00e3es diversos, Azeite aromatizado com vinagre bals\u00e2mico, saladinha de ovas, miniaturas de croquetes, riss\u00f3is e pasteis de bacalhau.<\/span><\/span><\/span><\/p>\n<p><span style=\"font-family: Liberation Serif, serif;\"><span style=\"font-size: medium;\"><span style=\"color: #333333;\"><b>Entrada:<\/b><\/span><span style=\"color: #333333;\"> Sopa de cebola gratinada com queijo derretido.<\/span><\/span><\/span><\/p>\n<p><span style=\"font-family: Liberation Serif, serif;\"><span style=\"font-size: medium;\"><span style=\"color: #333333;\"><b>Pratos:<\/b><\/span><span style=\"color: #333333;\"> Medalh\u00e3o de rodovalho em molho de manteiga<br \/>\nRolinho de vitela e ameixas com arroz \u00e1rabe e esparregado.<\/span><\/span><\/span><\/p>\n<p><span style=\"font-family: Liberation Serif, serif;\"><span style=\"font-size: medium;\"><span style=\"color: #333333;\"><b>Sobremesa:<\/b><\/span><span style=\"color: #333333;\"> Salada de frutas tropicais<br \/>\nBolo de cholocate fundente com gelado<\/span><\/span><\/span><\/p>\n<p><span style=\"font-family: Liberation Serif, serif;\"><span style=\"font-size: medium;\"><span style=\"color: #333333;\"><b>Bebidas: <\/b><\/span><span style=\"color: #333333;\">\u00c1gua<br \/>\nDFJ Alvarinho Chardonnay<br \/>\nMateus Ros\u00e9<br \/>\nCastelo d\u2019Alba reserva tinto<br \/>\nCaf\u00e9 ou ch\u00e1 e Vinho do Porto Vintage<\/span><\/span><\/span><\/p>\n<p><img decoding=\"async\" class=\"aligncenter wp-image-64065 size-large lazyload\" data-src=\"https:\/\/infocul.pt\/arquivo\/wp-content\/uploads\/2019\/12\/RealFado3@Belem-2832-1024x683.png\" alt=\"\" width=\"800\" height=\"534\" data-srcset=\"https:\/\/infocul.pt\/arquivo\/wp-content\/uploads\/2019\/12\/RealFado3@Belem-2832-1024x683.png 1024w, https:\/\/infocul.pt\/arquivo\/wp-content\/uploads\/2019\/12\/RealFado3@Belem-2832-300x200.png 300w, https:\/\/infocul.pt\/arquivo\/wp-content\/uploads\/2019\/12\/RealFado3@Belem-2832-768x512.png 768w, https:\/\/infocul.pt\/arquivo\/wp-content\/uploads\/2019\/12\/RealFado3@Belem-2832.png 1800w\" data-sizes=\"(max-width: 800px) 100vw, 800px\" src=\"data:image\/svg+xml;base64,PHN2ZyB3aWR0aD0iMSIgaGVpZ2h0PSIxIiB4bWxucz0iaHR0cDovL3d3dy53My5vcmcvMjAwMC9zdmciPjwvc3ZnPg==\" style=\"--smush-placeholder-width: 800px; --smush-placeholder-aspect-ratio: 800\/534;\" \/><\/p>\n<p><span style=\"font-family: Liberation Serif, serif;\"><span style=\"font-size: medium;\"><span style=\"color: #333333;\">O Infocul esteve presente neste espa\u00e7o lisboeta e aproveitou para conversar com Maja <\/span><span style=\"color: #333333;\">Milinkovi\u0107, <\/span><span style=\"color: #333333;\">nascida em Sarajevo mas que canta o fado, que nesta noite actuar\u00e1 neste distinto espa\u00e7o em Lisboa.<\/span><\/span><\/span><\/p>\n<p><span style=\"font-family: Liberation Serif, serif;\"><span style=\"font-size: medium;\"><span style=\"color: #333333;\">Maja disse que cantar nesta noite \u201c<\/span><span style=\"color: #333333;\"><i><b>\u00e9 sempre diferente, mas o Fado \u00e9 sempre Fado. Nas casas de Fado, seja Natal ou Ano Novo Novo, canta-se Fado. A \u00fanica diferen\u00e7a \u00e9 que as pessoas est\u00e3o mais animadas<\/b><\/i><\/span><span style=\"color: #333333;\">\u201d<\/span><\/span><\/span><\/p>\n<p><span style=\"font-family: Liberation Serif, serif;\"><span style=\"font-size: medium;\"><span style=\"color: #333333;\">Revelou que esta n\u00e3o ser\u00e1 a primeira vez que actua na passagem de ano e que o que marca a diferen\u00e7a \u00e9 \u201c<\/span><span style=\"color: #333333;\"><i><b>ser uma noite mais especial, as pessoas est\u00e3o mais animadas, bebe-se mais&#8230;as pessoas est\u00e3o mais bem dispostas<\/b><\/i><\/span><span style=\"color: #333333;\">\u201d<\/span><\/span><\/span><\/p>\n<p><img decoding=\"async\" class=\"aligncenter wp-image-64066 size-large lazyload\" data-src=\"https:\/\/infocul.pt\/arquivo\/wp-content\/uploads\/2019\/12\/RealFado3@Belem-2838-1024x683.png\" alt=\"\" width=\"800\" height=\"534\" data-srcset=\"https:\/\/infocul.pt\/arquivo\/wp-content\/uploads\/2019\/12\/RealFado3@Belem-2838-1024x683.png 1024w, https:\/\/infocul.pt\/arquivo\/wp-content\/uploads\/2019\/12\/RealFado3@Belem-2838-300x200.png 300w, https:\/\/infocul.pt\/arquivo\/wp-content\/uploads\/2019\/12\/RealFado3@Belem-2838-768x512.png 768w, https:\/\/infocul.pt\/arquivo\/wp-content\/uploads\/2019\/12\/RealFado3@Belem-2838.png 1800w\" data-sizes=\"(max-width: 800px) 100vw, 800px\" src=\"data:image\/svg+xml;base64,PHN2ZyB3aWR0aD0iMSIgaGVpZ2h0PSIxIiB4bWxucz0iaHR0cDovL3d3dy53My5vcmcvMjAwMC9zdmciPjwvc3ZnPg==\" style=\"--smush-placeholder-width: 800px; --smush-placeholder-aspect-ratio: 800\/534;\" \/><\/p>\n<p><span style=\"font-family: Liberation Serif, serif;\"><span style=\"font-size: medium;\"><span style=\"color: #333333;\">O Real Fado estar\u00e1 aberto nos dias 20 e 21 e depois a partir do dia 25 de Dezembro. A destacar a presen\u00e7a da fadista <strong>Sara Correia<\/strong> no dias 20, 27, 29, 30 de Dezembro e 1 de Janeiro.<\/span><\/span><\/span><\/p>\n<p><span style=\"font-family: Liberation Serif, serif;\"><span style=\"font-size: medium;\"><span style=\"color: #333333;\">Recordamos que a casa de fados Real Fado \u00e9 um espa\u00e7o que marca a diferen\u00e7a pela eleg\u00e2ncia o espa\u00e7o, a sofistica\u00e7\u00e3o da carta e um elenco de excep\u00e7\u00e3o, liderado por Gon\u00e7alo Salgueiro, mas que conta com nomes como Teresa Tapadas, Maria Mendes ou Jorge Batista da Silva, entre outros.<\/span><\/span><\/span><\/p>\n<p><span style=\"font-family: Liberation Serif, serif;\"><span style=\"font-size: medium;\"><span style=\"color: #333333;\">Contactos:<\/span><\/span><\/span><\/p>\n<p><span style=\"font-size: medium;\"><a href=\"https:\/\/www.facebook.com\/profile.php?id=2469788263060855&amp;ref=br_rs\" target=\"_blank\" rel=\"noopener noreferrer\"><span style=\"color: #b03000;\"><u><span style=\"font-family: Liberation Serif, serif;\">Facebook\u00a0<\/span><\/u><\/span><\/a><\/span><span style=\"font-size: medium;\"><span style=\"color: #b03000;\"><span style=\"color: #444444;\">\u00a0<\/span><a href=\"https:\/\/realfado.com\/\" target=\"_blank\" rel=\"noopener noreferrer\">\u00a0Site\u00a0<\/a><span style=\"color: #444444;\">\u00a0 \u00a0<\/span><strong><span style=\"color: #444444;\"><b>Morada<\/b><\/span><\/strong><span style=\"color: #444444;\">: Cal\u00e7ada da Ajuda 28 1300-014 Lisboa\u00a0 \u00a0\u00a0<\/span><strong><span style=\"color: #444444;\"><b>Telefone<\/b><\/span><\/strong><span style=\"color: #444444;\">: +351218822174<\/span><span style=\"color: #333333;\"><br \/>\n<\/span><strong><span style=\"color: #444444;\"><b>Email :\u00a0<\/b><\/span><\/strong><span style=\"color: #444444;\">booking@realfado.com<\/span> <\/span><\/span><\/p>\n<p>&nbsp;<\/p>\n<p><span style=\"color: #0000ff;\"><strong>Texto: Rui Lavrador<\/strong><\/span><br \/>\n<span style=\"color: #0000ff;\"><strong>Fotografias: Jo\u00e3o de Sousa<\/strong><\/span><\/p>\n<blockquote class=\"wp-embedded-content\" data-secret=\"I7sh0SHFTo\"><p><a href=\"https:\/\/infocul.pt\/arquivo\/actualidade\/real-fado-tradicao-do-espaco-e-elegancia-na-gastronomia-complementam-a-cancao-nacional\/\">Real Fado: Tradi\u00e7\u00e3o do espa\u00e7o e eleg\u00e2ncia na Gastronomia complementam a Can\u00e7\u00e3o Nacional<\/a><\/p><\/blockquote>\n<p><iframe class=\"wp-embedded-content lazyload\" sandbox=\"allow-scripts\" security=\"restricted\" style=\"position: absolute; visibility: hidden;\" title=\"&#8220;Real Fado: Tradi\u00e7\u00e3o do espa\u00e7o e eleg\u00e2ncia na Gastronomia complementam a Can\u00e7\u00e3o Nacional&#8221; &#8212; ARQUIVO DIGITAL INFOCUL.PT\" data-src=\"https:\/\/infocul.pt\/arquivo\/actualidade\/real-fado-tradicao-do-espaco-e-elegancia-na-gastronomia-complementam-a-cancao-nacional\/embed\/#?secret=zUQ37YEqAs#?secret=I7sh0SHFTo\" data-secret=\"I7sh0SHFTo\" width=\"500\" height=\"282\" frameborder=\"0\" marginwidth=\"0\" marginheight=\"0\" scrolling=\"no\" src=\"data:image\/svg+xml;base64,PHN2ZyB3aWR0aD0iMSIgaGVpZ2h0PSIxIiB4bWxucz0iaHR0cDovL3d3dy53My5vcmcvMjAwMC9zdmciPjwvc3ZnPg==\" data-load-mode=\"1\"><\/iframe><\/p>\n<blockquote class=\"wp-embedded-content\" data-secret=\"NH4NfPUAmB\"><p><a href=\"https:\/\/infocul.pt\/arquivo\/cultura\/real-fado-a-qualidade-dos-fadistas-e-uma-das-razoes-do-sucesso\/\">Real Fado: A Qualidade dos Fadistas \u00e9 uma das raz\u00f5es do sucesso!<\/a><\/p><\/blockquote>\n<p><iframe class=\"wp-embedded-content lazyload\" sandbox=\"allow-scripts\" security=\"restricted\" style=\"position: absolute; visibility: hidden;\" title=\"&#8220;Real Fado: A Qualidade dos Fadistas \u00e9 uma das raz\u00f5es do sucesso!&#8221; &#8212; ARQUIVO DIGITAL INFOCUL.PT\" data-src=\"https:\/\/infocul.pt\/arquivo\/cultura\/real-fado-a-qualidade-dos-fadistas-e-uma-das-razoes-do-sucesso\/embed\/#?secret=qjRtJB4RrJ#?secret=NH4NfPUAmB\" data-secret=\"NH4NfPUAmB\" width=\"500\" height=\"282\" frameborder=\"0\" marginwidth=\"0\" marginheight=\"0\" scrolling=\"no\" src=\"data:image\/svg+xml;base64,PHN2ZyB3aWR0aD0iMSIgaGVpZ2h0PSIxIiB4bWxucz0iaHR0cDovL3d3dy53My5vcmcvMjAwMC9zdmciPjwvc3ZnPg==\" data-load-mode=\"1\"><\/iframe><\/p>\n<p>&nbsp;<\/p>\n","protected":false},"excerpt":{"rendered":"<p>O Real Fado, em Bel\u00e9m, tem j\u00e1 definido o elenco para a noite de r\u00e9veillon e o respectivo menu para dar a melhor entrada no ano de 2020.<\/p>\n","protected":false},"author":2,"featured_media":64063,"comment_status":"open","ping_status":"closed","sticky":false,"template":"","format":"standard","meta":{"footnotes":""},"categories":[10,2,36,9,4123,13],"tags":[42,80,8550,7772,48,457],"class_list":["post-64049","post","type-post","status-publish","format-standard","has-post-thumbnail","hentry","category-actualidade","category-cultura","category-destaque","category-outros","category-reportagens-actualidade","category-turismo","tag-fado","tag-lisboa","tag-maja-milinkovic","tag-real-fado","tag-reveillon","tag-sara-correia"],"yoast_head":"<!-- This site is optimized with the Yoast SEO plugin v27.5 - https:\/\/yoast.com\/product\/yoast-seo-wordpress\/ -->\n<title>Real Fado revela elenco e menu para o R\u00e9veillon | Infocul.pt - Arquivo Digital<\/title>\n<meta name=\"description\" content=\"Real Fado revela elenco e menu para o R\u00e9veillon | Infocul.pt - Arquivo Digital\" \/>\n<meta name=\"robots\" content=\"noindex, follow, max-snippet:-1, max-image-preview:large, max-video-preview:-1\" \/>\n<meta property=\"og:locale\" content=\"pt_PT\" \/>\n<meta property=\"og:type\" content=\"article\" \/>\n<meta property=\"og:title\" content=\"Real Fado revela elenco e menu para o R\u00e9veillon | Infocul.pt - Arquivo Digital\" \/>\n<meta property=\"og:description\" content=\"Real Fado revela elenco e menu para o R\u00e9veillon | Infocul.pt - Arquivo Digital\" \/>\n<meta property=\"og:url\" content=\"https:\/\/infocul.pt\/arquivo\/cultura\/real-fado-revela-elenco-e-menu-para-o-reveillon\/\" \/>\n<meta property=\"og:site_name\" content=\"Infocul.pt - Arquivo Digital\" \/>\n<meta property=\"article:publisher\" content=\"https:\/\/www.facebook.com\/Infocul-147816815585015\/\" \/>\n<meta property=\"article:published_time\" content=\"2019-12-20T19:34:17+00:00\" \/>\n<meta property=\"og:image\" content=\"https:\/\/infocul.pt\/arquivo\/wp-content\/uploads\/2019\/12\/RealFado3@Belem-2822-1024x683.png\" \/>\n\t<meta property=\"og:image:width\" content=\"1024\" \/>\n\t<meta property=\"og:image:height\" content=\"683\" \/>\n\t<meta property=\"og:image:type\" content=\"image\/png\" \/>\n<meta name=\"author\" content=\"Rui Lavrador\" \/>\n<meta name=\"twitter:card\" content=\"summary_large_image\" \/>\n<meta name=\"twitter:creator\" content=\"@Infoculpt\" \/>\n<meta name=\"twitter:site\" content=\"@Infoculpt\" \/>\n<meta name=\"twitter:label1\" content=\"Escrito por\" \/>\n\t<meta name=\"twitter:data1\" content=\"Rui Lavrador\" \/>\n\t<meta name=\"twitter:label2\" content=\"Tempo estimado de leitura\" \/>\n\t<meta name=\"twitter:data2\" content=\"2 minutos\" \/>\n<script type=\"application\/ld+json\" class=\"yoast-schema-graph\">{\"@context\":\"https:\\\/\\\/schema.org\",\"@graph\":[{\"@type\":\"Article\",\"@id\":\"https:\\\/\\\/infocul.pt\\\/arquivo\\\/cultura\\\/real-fado-revela-elenco-e-menu-para-o-reveillon\\\/#article\",\"isPartOf\":{\"@id\":\"https:\\\/\\\/infocul.pt\\\/arquivo\\\/cultura\\\/real-fado-revela-elenco-e-menu-para-o-reveillon\\\/\"},\"author\":{\"name\":\"Rui Lavrador\",\"@id\":\"https:\\\/\\\/infocul.pt\\\/arquivo\\\/#\\\/schema\\\/person\\\/060a108d7f2d85fc6aae505119ee5234\"},\"headline\":\"Real Fado revela elenco e menu para o R\u00e9veillon\",\"datePublished\":\"2019-12-20T19:34:17+00:00\",\"mainEntityOfPage\":{\"@id\":\"https:\\\/\\\/infocul.pt\\\/arquivo\\\/cultura\\\/real-fado-revela-elenco-e-menu-para-o-reveillon\\\/\"},\"wordCount\":391,\"commentCount\":0,\"publisher\":{\"@id\":\"https:\\\/\\\/infocul.pt\\\/arquivo\\\/#organization\"},\"image\":{\"@id\":\"https:\\\/\\\/infocul.pt\\\/arquivo\\\/cultura\\\/real-fado-revela-elenco-e-menu-para-o-reveillon\\\/#primaryimage\"},\"thumbnailUrl\":\"https:\\\/\\\/infocul.pt\\\/arquivo\\\/wp-content\\\/uploads\\\/2019\\\/12\\\/RealFado3@Belem-2822.png\",\"keywords\":[\"Fado\",\"Lisboa\",\"Maja Milinkovi\u0107\",\"Real Fado\",\"Reveillon\",\"Sara Correia\"],\"articleSection\":[\"Actualidade\",\"Cultura\",\"Destaque\",\"Outros\",\"Reportagens\",\"Turismo\"],\"inLanguage\":\"pt-PT\"},{\"@type\":\"WebPage\",\"@id\":\"https:\\\/\\\/infocul.pt\\\/arquivo\\\/cultura\\\/real-fado-revela-elenco-e-menu-para-o-reveillon\\\/\",\"url\":\"https:\\\/\\\/infocul.pt\\\/arquivo\\\/cultura\\\/real-fado-revela-elenco-e-menu-para-o-reveillon\\\/\",\"name\":\"Real Fado revela elenco e menu para o R\u00e9veillon | Infocul.pt - Arquivo Digital\",\"isPartOf\":{\"@id\":\"https:\\\/\\\/infocul.pt\\\/arquivo\\\/#website\"},\"primaryImageOfPage\":{\"@id\":\"https:\\\/\\\/infocul.pt\\\/arquivo\\\/cultura\\\/real-fado-revela-elenco-e-menu-para-o-reveillon\\\/#primaryimage\"},\"image\":{\"@id\":\"https:\\\/\\\/infocul.pt\\\/arquivo\\\/cultura\\\/real-fado-revela-elenco-e-menu-para-o-reveillon\\\/#primaryimage\"},\"thumbnailUrl\":\"https:\\\/\\\/infocul.pt\\\/arquivo\\\/wp-content\\\/uploads\\\/2019\\\/12\\\/RealFado3@Belem-2822.png\",\"datePublished\":\"2019-12-20T19:34:17+00:00\",\"description\":\"Real Fado revela elenco e menu para o R\u00e9veillon | Infocul.pt - Arquivo Digital\",\"breadcrumb\":{\"@id\":\"https:\\\/\\\/infocul.pt\\\/arquivo\\\/cultura\\\/real-fado-revela-elenco-e-menu-para-o-reveillon\\\/#breadcrumb\"},\"inLanguage\":\"pt-PT\",\"potentialAction\":[{\"@type\":\"ReadAction\",\"target\":[\"https:\\\/\\\/infocul.pt\\\/arquivo\\\/cultura\\\/real-fado-revela-elenco-e-menu-para-o-reveillon\\\/\"]}]},{\"@type\":\"ImageObject\",\"inLanguage\":\"pt-PT\",\"@id\":\"https:\\\/\\\/infocul.pt\\\/arquivo\\\/cultura\\\/real-fado-revela-elenco-e-menu-para-o-reveillon\\\/#primaryimage\",\"url\":\"https:\\\/\\\/infocul.pt\\\/arquivo\\\/wp-content\\\/uploads\\\/2019\\\/12\\\/RealFado3@Belem-2822.png\",\"contentUrl\":\"https:\\\/\\\/infocul.pt\\\/arquivo\\\/wp-content\\\/uploads\\\/2019\\\/12\\\/RealFado3@Belem-2822.png\",\"width\":1800,\"height\":1200},{\"@type\":\"BreadcrumbList\",\"@id\":\"https:\\\/\\\/infocul.pt\\\/arquivo\\\/cultura\\\/real-fado-revela-elenco-e-menu-para-o-reveillon\\\/#breadcrumb\",\"itemListElement\":[{\"@type\":\"ListItem\",\"position\":1,\"name\":\"Home\",\"item\":\"https:\\\/\\\/infocul.pt\\\/arquivo\\\/\"},{\"@type\":\"ListItem\",\"position\":2,\"name\":\"Real Fado revela elenco e menu para o R\u00e9veillon\"}]},{\"@type\":\"WebSite\",\"@id\":\"https:\\\/\\\/infocul.pt\\\/arquivo\\\/#website\",\"url\":\"https:\\\/\\\/infocul.pt\\\/arquivo\\\/\",\"name\":\"Infocul.pt - Arquivo Digital\",\"description\":\"Arquivo digital da Infocul.pt\",\"publisher\":{\"@id\":\"https:\\\/\\\/infocul.pt\\\/arquivo\\\/#organization\"},\"potentialAction\":[{\"@type\":\"SearchAction\",\"target\":{\"@type\":\"EntryPoint\",\"urlTemplate\":\"https:\\\/\\\/infocul.pt\\\/arquivo\\\/?s={search_term_string}\"},\"query-input\":{\"@type\":\"PropertyValueSpecification\",\"valueRequired\":true,\"valueName\":\"search_term_string\"}}],\"inLanguage\":\"pt-PT\"},{\"@type\":\"Organization\",\"@id\":\"https:\\\/\\\/infocul.pt\\\/arquivo\\\/#organization\",\"name\":\"Infocul.pt\",\"url\":\"https:\\\/\\\/infocul.pt\\\/arquivo\\\/\",\"logo\":{\"@type\":\"ImageObject\",\"inLanguage\":\"pt-PT\",\"@id\":\"https:\\\/\\\/infocul.pt\\\/arquivo\\\/#\\\/schema\\\/logo\\\/image\\\/\",\"url\":\"https:\\\/\\\/infocul.pt\\\/arquivo\\\/wp-content\\\/uploads\\\/2018\\\/12\\\/Infocul_logo-1.png\",\"contentUrl\":\"https:\\\/\\\/infocul.pt\\\/arquivo\\\/wp-content\\\/uploads\\\/2018\\\/12\\\/Infocul_logo-1.png\",\"width\":800,\"height\":800,\"caption\":\"Infocul.pt\"},\"image\":{\"@id\":\"https:\\\/\\\/infocul.pt\\\/arquivo\\\/#\\\/schema\\\/logo\\\/image\\\/\"},\"sameAs\":[\"https:\\\/\\\/www.facebook.com\\\/Infocul-147816815585015\\\/\",\"https:\\\/\\\/x.com\\\/Infoculpt\",\"http:\\\/\\\/www.pictaram.com\\\/user\\\/infocul.pt\\\/2370423710\",\"https:\\\/\\\/www.youtube.com\\\/channel\\\/UCYEB91AGI9FL9ek2i_IaQAA\"]},{\"@type\":\"Person\",\"@id\":\"https:\\\/\\\/infocul.pt\\\/arquivo\\\/#\\\/schema\\\/person\\\/060a108d7f2d85fc6aae505119ee5234\",\"name\":\"Rui Lavrador\",\"image\":{\"@type\":\"ImageObject\",\"inLanguage\":\"pt-PT\",\"@id\":\"https:\\\/\\\/secure.gravatar.com\\\/avatar\\\/93febd6873394aa8e975148548a0cb203acfdd42d2c85c5f1408e1a76678aece?s=96&d=mm&r=g\",\"url\":\"https:\\\/\\\/secure.gravatar.com\\\/avatar\\\/93febd6873394aa8e975148548a0cb203acfdd42d2c85c5f1408e1a76678aece?s=96&d=mm&r=g\",\"contentUrl\":\"https:\\\/\\\/secure.gravatar.com\\\/avatar\\\/93febd6873394aa8e975148548a0cb203acfdd42d2c85c5f1408e1a76678aece?s=96&d=mm&r=g\",\"caption\":\"Rui Lavrador\"},\"description\":\"Iniciou em 2011 o seu percurso em comunica\u00e7\u00e3o social, tendo integrado v\u00e1rios projectos editoriais. Durante o seu percurso integrou projectos como Jornal Hardm\u00fasica, LusoNot\u00edcias, Toureio.pt, ODigital.pt, entre outros \u00d3rg\u00e3os de Comunica\u00e7\u00e3o Social nacionais, na redac\u00e7\u00e3o de v\u00e1rios artigos. Entrevistou a grande maioria das personalidades mais importantes da vida social e cultural do pa\u00eds, destacando-se, tamb\u00e9m, na aprecia\u00e7\u00e3o de v\u00e1rios espect\u00e1culos. Durante o seu percurso, deu a conhecer v\u00e1rios artistas, at\u00e9 ent\u00e3o desconhecidos, ao grande p\u00fablico. Em 2015 criou e fundou o Infocul.pt, projecto no qual assume a direc\u00e7\u00e3o editorial.\",\"sameAs\":[\"http:\\\/\\\/www.infocul.pt\"]}]}<\/script>\n<!-- \/ Yoast SEO plugin. -->","yoast_head_json":{"title":"Real Fado revela elenco e menu para o R\u00e9veillon | Infocul.pt - Arquivo Digital","description":"Real Fado revela elenco e menu para o R\u00e9veillon | Infocul.pt - Arquivo Digital","robots":{"index":"noindex","follow":"follow","max-snippet":"max-snippet:-1","max-image-preview":"max-image-preview:large","max-video-preview":"max-video-preview:-1"},"og_locale":"pt_PT","og_type":"article","og_title":"Real Fado revela elenco e menu para o R\u00e9veillon | Infocul.pt - Arquivo Digital","og_description":"Real Fado revela elenco e menu para o R\u00e9veillon | Infocul.pt - Arquivo Digital","og_url":"https:\/\/infocul.pt\/arquivo\/cultura\/real-fado-revela-elenco-e-menu-para-o-reveillon\/","og_site_name":"Infocul.pt - Arquivo Digital","article_publisher":"https:\/\/www.facebook.com\/Infocul-147816815585015\/","article_published_time":"2019-12-20T19:34:17+00:00","og_image":[{"width":1024,"height":683,"url":"https:\/\/infocul.pt\/arquivo\/wp-content\/uploads\/2019\/12\/RealFado3@Belem-2822-1024x683.png","type":"image\/png"}],"author":"Rui Lavrador","twitter_card":"summary_large_image","twitter_creator":"@Infoculpt","twitter_site":"@Infoculpt","twitter_misc":{"Escrito por":"Rui Lavrador","Tempo estimado de leitura":"2 minutos"},"schema":{"@context":"https:\/\/schema.org","@graph":[{"@type":"Article","@id":"https:\/\/infocul.pt\/arquivo\/cultura\/real-fado-revela-elenco-e-menu-para-o-reveillon\/#article","isPartOf":{"@id":"https:\/\/infocul.pt\/arquivo\/cultura\/real-fado-revela-elenco-e-menu-para-o-reveillon\/"},"author":{"name":"Rui Lavrador","@id":"https:\/\/infocul.pt\/arquivo\/#\/schema\/person\/060a108d7f2d85fc6aae505119ee5234"},"headline":"Real Fado revela elenco e menu para o R\u00e9veillon","datePublished":"2019-12-20T19:34:17+00:00","mainEntityOfPage":{"@id":"https:\/\/infocul.pt\/arquivo\/cultura\/real-fado-revela-elenco-e-menu-para-o-reveillon\/"},"wordCount":391,"commentCount":0,"publisher":{"@id":"https:\/\/infocul.pt\/arquivo\/#organization"},"image":{"@id":"https:\/\/infocul.pt\/arquivo\/cultura\/real-fado-revela-elenco-e-menu-para-o-reveillon\/#primaryimage"},"thumbnailUrl":"https:\/\/infocul.pt\/arquivo\/wp-content\/uploads\/2019\/12\/RealFado3@Belem-2822.png","keywords":["Fado","Lisboa","Maja Milinkovi\u0107","Real Fado","Reveillon","Sara Correia"],"articleSection":["Actualidade","Cultura","Destaque","Outros","Reportagens","Turismo"],"inLanguage":"pt-PT"},{"@type":"WebPage","@id":"https:\/\/infocul.pt\/arquivo\/cultura\/real-fado-revela-elenco-e-menu-para-o-reveillon\/","url":"https:\/\/infocul.pt\/arquivo\/cultura\/real-fado-revela-elenco-e-menu-para-o-reveillon\/","name":"Real Fado revela elenco e menu para o R\u00e9veillon | Infocul.pt - Arquivo Digital","isPartOf":{"@id":"https:\/\/infocul.pt\/arquivo\/#website"},"primaryImageOfPage":{"@id":"https:\/\/infocul.pt\/arquivo\/cultura\/real-fado-revela-elenco-e-menu-para-o-reveillon\/#primaryimage"},"image":{"@id":"https:\/\/infocul.pt\/arquivo\/cultura\/real-fado-revela-elenco-e-menu-para-o-reveillon\/#primaryimage"},"thumbnailUrl":"https:\/\/infocul.pt\/arquivo\/wp-content\/uploads\/2019\/12\/RealFado3@Belem-2822.png","datePublished":"2019-12-20T19:34:17+00:00","description":"Real Fado revela elenco e menu para o R\u00e9veillon | Infocul.pt - Arquivo Digital","breadcrumb":{"@id":"https:\/\/infocul.pt\/arquivo\/cultura\/real-fado-revela-elenco-e-menu-para-o-reveillon\/#breadcrumb"},"inLanguage":"pt-PT","potentialAction":[{"@type":"ReadAction","target":["https:\/\/infocul.pt\/arquivo\/cultura\/real-fado-revela-elenco-e-menu-para-o-reveillon\/"]}]},{"@type":"ImageObject","inLanguage":"pt-PT","@id":"https:\/\/infocul.pt\/arquivo\/cultura\/real-fado-revela-elenco-e-menu-para-o-reveillon\/#primaryimage","url":"https:\/\/infocul.pt\/arquivo\/wp-content\/uploads\/2019\/12\/RealFado3@Belem-2822.png","contentUrl":"https:\/\/infocul.pt\/arquivo\/wp-content\/uploads\/2019\/12\/RealFado3@Belem-2822.png","width":1800,"height":1200},{"@type":"BreadcrumbList","@id":"https:\/\/infocul.pt\/arquivo\/cultura\/real-fado-revela-elenco-e-menu-para-o-reveillon\/#breadcrumb","itemListElement":[{"@type":"ListItem","position":1,"name":"Home","item":"https:\/\/infocul.pt\/arquivo\/"},{"@type":"ListItem","position":2,"name":"Real Fado revela elenco e menu para o R\u00e9veillon"}]},{"@type":"WebSite","@id":"https:\/\/infocul.pt\/arquivo\/#website","url":"https:\/\/infocul.pt\/arquivo\/","name":"Infocul.pt - Arquivo Digital","description":"Arquivo digital da Infocul.pt","publisher":{"@id":"https:\/\/infocul.pt\/arquivo\/#organization"},"potentialAction":[{"@type":"SearchAction","target":{"@type":"EntryPoint","urlTemplate":"https:\/\/infocul.pt\/arquivo\/?s={search_term_string}"},"query-input":{"@type":"PropertyValueSpecification","valueRequired":true,"valueName":"search_term_string"}}],"inLanguage":"pt-PT"},{"@type":"Organization","@id":"https:\/\/infocul.pt\/arquivo\/#organization","name":"Infocul.pt","url":"https:\/\/infocul.pt\/arquivo\/","logo":{"@type":"ImageObject","inLanguage":"pt-PT","@id":"https:\/\/infocul.pt\/arquivo\/#\/schema\/logo\/image\/","url":"https:\/\/infocul.pt\/arquivo\/wp-content\/uploads\/2018\/12\/Infocul_logo-1.png","contentUrl":"https:\/\/infocul.pt\/arquivo\/wp-content\/uploads\/2018\/12\/Infocul_logo-1.png","width":800,"height":800,"caption":"Infocul.pt"},"image":{"@id":"https:\/\/infocul.pt\/arquivo\/#\/schema\/logo\/image\/"},"sameAs":["https:\/\/www.facebook.com\/Infocul-147816815585015\/","https:\/\/x.com\/Infoculpt","http:\/\/www.pictaram.com\/user\/infocul.pt\/2370423710","https:\/\/www.youtube.com\/channel\/UCYEB91AGI9FL9ek2i_IaQAA"]},{"@type":"Person","@id":"https:\/\/infocul.pt\/arquivo\/#\/schema\/person\/060a108d7f2d85fc6aae505119ee5234","name":"Rui Lavrador","image":{"@type":"ImageObject","inLanguage":"pt-PT","@id":"https:\/\/secure.gravatar.com\/avatar\/93febd6873394aa8e975148548a0cb203acfdd42d2c85c5f1408e1a76678aece?s=96&d=mm&r=g","url":"https:\/\/secure.gravatar.com\/avatar\/93febd6873394aa8e975148548a0cb203acfdd42d2c85c5f1408e1a76678aece?s=96&d=mm&r=g","contentUrl":"https:\/\/secure.gravatar.com\/avatar\/93febd6873394aa8e975148548a0cb203acfdd42d2c85c5f1408e1a76678aece?s=96&d=mm&r=g","caption":"Rui Lavrador"},"description":"Iniciou em 2011 o seu percurso em comunica\u00e7\u00e3o social, tendo integrado v\u00e1rios projectos editoriais. Durante o seu percurso integrou projectos como Jornal Hardm\u00fasica, LusoNot\u00edcias, Toureio.pt, ODigital.pt, entre outros \u00d3rg\u00e3os de Comunica\u00e7\u00e3o Social nacionais, na redac\u00e7\u00e3o de v\u00e1rios artigos. Entrevistou a grande maioria das personalidades mais importantes da vida social e cultural do pa\u00eds, destacando-se, tamb\u00e9m, na aprecia\u00e7\u00e3o de v\u00e1rios espect\u00e1culos. Durante o seu percurso, deu a conhecer v\u00e1rios artistas, at\u00e9 ent\u00e3o desconhecidos, ao grande p\u00fablico. Em 2015 criou e fundou o Infocul.pt, projecto no qual assume a direc\u00e7\u00e3o editorial.","sameAs":["http:\/\/www.infocul.pt"]}]}},"_links":{"self":[{"href":"https:\/\/infocul.pt\/arquivo\/wp-json\/wp\/v2\/posts\/64049","targetHints":{"allow":["GET"]}}],"collection":[{"href":"https:\/\/infocul.pt\/arquivo\/wp-json\/wp\/v2\/posts"}],"about":[{"href":"https:\/\/infocul.pt\/arquivo\/wp-json\/wp\/v2\/types\/post"}],"author":[{"embeddable":true,"href":"https:\/\/infocul.pt\/arquivo\/wp-json\/wp\/v2\/users\/2"}],"replies":[{"embeddable":true,"href":"https:\/\/infocul.pt\/arquivo\/wp-json\/wp\/v2\/comments?post=64049"}],"version-history":[{"count":0,"href":"https:\/\/infocul.pt\/arquivo\/wp-json\/wp\/v2\/posts\/64049\/revisions"}],"wp:featuredmedia":[{"embeddable":true,"href":"https:\/\/infocul.pt\/arquivo\/wp-json\/wp\/v2\/media\/64063"}],"wp:attachment":[{"href":"https:\/\/infocul.pt\/arquivo\/wp-json\/wp\/v2\/media?parent=64049"}],"wp:term":[{"taxonomy":"category","embeddable":true,"href":"https:\/\/infocul.pt\/arquivo\/wp-json\/wp\/v2\/categories?post=64049"},{"taxonomy":"post_tag","embeddable":true,"href":"https:\/\/infocul.pt\/arquivo\/wp-json\/wp\/v2\/tags?post=64049"}],"curies":[{"name":"wp","href":"https:\/\/api.w.org\/{rel}","templated":true}]}}