{"id":64103,"date":"2019-12-29T00:00:41","date_gmt":"2019-12-29T00:00:41","guid":{"rendered":"https:\/\/infocul.pt\/?p=64103"},"modified":"2020-06-03T18:01:53","modified_gmt":"2020-06-03T17:01:53","slug":"palacio-nacional-da-ajuda-entrevista-a-jose-alberto-ribeiro","status":"publish","type":"post","link":"https:\/\/infocul.pt\/arquivo\/cultura\/palacio-nacional-da-ajuda-entrevista-a-jose-alberto-ribeiro\/","title":{"rendered":"Pal\u00e1cio Nacional da Ajuda: Entrevista a Jos\u00e9 Alberto Ribeiro"},"content":{"rendered":"<p><img decoding=\"async\" class=\"aligncenter wp-image-73195 size-large lazyload\" data-src=\"https:\/\/infocul.pt\/arquivo\/wp-content\/uploads\/2019\/12\/sem-t\u00edtulo-9294-1-1024x683.jpg\" alt=\"\" width=\"800\" height=\"534\" data-srcset=\"https:\/\/infocul.pt\/arquivo\/wp-content\/uploads\/2019\/12\/sem-t\u00edtulo-9294-1.jpg 1024w, https:\/\/infocul.pt\/arquivo\/wp-content\/uploads\/2019\/12\/sem-t\u00edtulo-9294-1-300x200.jpg 300w, https:\/\/infocul.pt\/arquivo\/wp-content\/uploads\/2019\/12\/sem-t\u00edtulo-9294-1-768x512.jpg 768w, https:\/\/infocul.pt\/arquivo\/wp-content\/uploads\/2019\/12\/sem-t\u00edtulo-9294-1-1536x1024.jpg 1536w\" data-sizes=\"(max-width: 800px) 100vw, 800px\" src=\"data:image\/svg+xml;base64,PHN2ZyB3aWR0aD0iMSIgaGVpZ2h0PSIxIiB4bWxucz0iaHR0cDovL3d3dy53My5vcmcvMjAwMC9zdmciPjwvc3ZnPg==\" style=\"--smush-placeholder-width: 800px; --smush-placeholder-aspect-ratio: 800\/534;\" \/><\/p>\n<p><span style=\"font-size: medium;\"><span style=\"color: #1b1b1b;\"><span style=\"font-family: Liberation Serif, serif;\">Depois de recentemente ter sido inaugurada, ap\u00f3s restauro, a Sala D. Jo\u00e3o IV, o Infocul entrevistou o director do Pal\u00e1cio Nacional da Ajuda, Jos\u00e9 Alberto Ribeiro, para um balan\u00e7o deste ano e tamb\u00e9m podermos perspectivar 2020, relativamente a este monumento nacional.<\/span><\/span><\/span><!--more--><\/p>\n<p>&nbsp;<\/p>\n<p align=\"center\"><strong><span style=\"color: #1b1b1b;\"><span style=\"font-family: Liberation Serif, serif;\"><span style=\"font-size: medium;\"><b>Balan\u00e7o 2019<\/b><\/span><\/span><\/span><\/strong><\/p>\n<p><span style=\"color: #1b1b1b;\"><span style=\"font-family: Liberation Serif, serif;\"><span style=\"font-size: medium;\">Jos\u00e9 Alberto Ribeiro come\u00e7ou por nos revelar que<\/span><\/span><\/span><strong><span style=\"color: #1b1b1b;\"><span style=\"font-family: Liberation Serif, serif;\"><span style=\"font-size: medium;\"> \u201cf<\/span><\/span><\/span><\/strong><i><span style=\"color: #1b1b1b; font-family: Liberation Serif, serif; font-size: medium;\"><b>oi um ano com muitas actividades, aqui no Pal\u00e1cio, n\u00e3o s\u00f3 a n\u00edvel de mostras de artistas contempor\u00e2neos, como \u00e9 o caso do Dami\u00e0 Diaz, que teve aqui uma exposi\u00e7\u00e3o (inserida na Mostra Espanha 2019), e uma resid\u00eancia art\u00edstica do Valentim Quaresma. Tivemos tamb\u00e9m uma mostra de arte chinesa, num protocolo com a Embaixada da China, e tivemos tamb\u00e9m v\u00e1rios momentos como confer\u00eancias, alguns delas relacionadas com D. Maria II no ano em que se assinalam 200 anos do seu nascimento, no Rio de Janeiro. E tamb\u00e9m tivemos dois momentos importantes, com o apoio do mecenato, e que foram a remodela\u00e7\u00e3o da antec\u00e2mara do quarto do rei, em que fizemos a remodela\u00e7\u00e3o dessa antec\u00e2mara que era s\u00f3 uma vitrina com objectos que \u00edamos alterando regularmente sobre os mais variados temas e agora est\u00e1 uma antec\u00e2mara<\/b><\/span><\/i> <strong><span style=\"color: #1b1b1b;\"><span style=\"font-family: Liberation Serif, serif;\"><span style=\"font-size: medium;\"><i><b>dedicada a pessoas que viveram curtos per\u00edodos de tempo no Pal\u00e1cio Nacional da Ajuda, desde o seu fundador, D. Jo\u00e3o VI, at\u00e9 D. Lu\u00eds e Maria Pia que viveram<\/b><\/i><\/span><\/span><\/span><\/strong> <strong><span style=\"color: #1b1b1b;\"><span style=\"font-family: Liberation Serif, serif;\"><span style=\"font-size: medium;\"><i><b>aqui de forma permanente a partir de 1862. \u00c9 dedicado, sobretudo, a D. Jo\u00e3o VI e D. Maria II e percebe-se sobretudo para o p\u00fablico brasileiro que tem uma leitura muito gratificante, ver aquelas figuras que para eles lhes s\u00e3o particularmente caras\u201d.<\/b><\/i><\/span><\/span><\/span><\/strong><\/p>\n<p><span style=\"color: #1b1b1b;\"><span style=\"font-family: Liberation Serif, serif;\"><span style=\"font-size: medium;\">Real\u00e7ou ainda que<\/span><\/span><\/span><strong><span style=\"color: #1b1b1b;\"><span style=\"font-family: Liberation Serif, serif;\"><span style=\"font-size: medium;\"> \u201c<\/span><\/span><\/span><\/strong><span style=\"color: #1b1b1b;\"><span style=\"font-family: Liberation Serif, serif;\"><span style=\"font-size: medium;\"><i><span style=\"color: #1b1b1b; font-family: Liberation Serif, serif; font-size: medium;\"><b>acab\u00e1mos, tamb\u00e9m, este ano o restauro, um restauro muito grande, com o apoio da Funda\u00e7\u00e3o Millenium BCP, que foi o restauro da Sala D. Jo\u00e3o IV. Um restauro que levou mais tempo do que aquele que esper\u00e1vamos, porque as patologias das ab\u00f3badas\u00a0estavam em pior estado do que imagin\u00e1vamos. Quando se chegou ao eixo central da ab\u00f3bada\u00a0para se fazer a conserva\u00e7\u00e3o, percebeu-se que a ab\u00f3bada estava em estado de ru\u00edna. E portanto na \u00faltima campanha de obras que decorreu aqui no pal\u00e1cio, na d\u00e9cada de 70, foram deixadas 3 toneladas de lixo que foi preciso remover l\u00e1 de cima, portanto fizemos esse restauro e estou muito satisfeito\u201d.<\/b><\/span><\/i><\/span><\/span><\/span><\/p>\n<p><span style=\"color: #1b1b1b;\"><span style=\"font-family: Liberation Serif, serif;\"><span style=\"font-size: medium;\">Mas se 2019 foi ano de muitas actividades, 2020 tem j\u00e1 v\u00e1rios projectos em andamento, como por exemplo<\/span><\/span><\/span><strong><span style=\"color: #1b1b1b;\"><span style=\"font-family: Liberation Serif, serif;\"><span style=\"font-size: medium;\">, \u201c<\/span><\/span><\/span><\/strong><strong><span style=\"color: #1b1b1b;\"><span style=\"font-family: Liberation Serif, serif;\"><span style=\"font-size: medium;\"><i><b>em Janeiro de 2020 vamos come\u00e7ar um outro grande restauro que \u00e9 a Sala do Trono, n\u00e3o s\u00f3 a cobertura mas tamb\u00e9m o imobili\u00e1rio da Sala do Trono\u201d, <\/b><\/i><\/span><\/span><\/span><\/strong><span style=\"color: #1b1b1b;\"><span style=\"font-family: Liberation Serif, serif;\"><span style=\"font-size: medium;\">disse-nos o director do Pal\u00e1cio Nacional da Ajuda<\/span><\/span><\/span><strong><span style=\"color: #1b1b1b;\"><span style=\"font-family: Liberation Serif, serif;\"><span style=\"font-size: medium;\"><i><b>.<\/b><\/i><\/span><\/span><\/span><\/strong><\/p>\n<p><span style=\"color: #1b1b1b;\"><span style=\"font-family: Liberation Serif, serif;\"><span style=\"font-size: medium;\">Sobre a sala D. Jo\u00e3o IV revelou que o restauro demorou <\/span><\/span><\/span><strong><span style=\"color: #1b1b1b;\"><span style=\"font-family: Liberation Serif, serif;\"><span style=\"font-size: medium;\">\u201c<\/span><\/span><\/span><\/strong><span style=\"font-family: Liberation Serif, serif;\"><span style=\"font-size: medium;\"><i><b>16 meses, foi muito mais do que aquilo que esper\u00e1vamos. Encontr\u00e1mos patologias que n\u00e3o est\u00e1vamos \u00e0 espera<\/b><\/i><\/span><\/span><span style=\"font-family: Liberation Serif, serif;\"><span style=\"font-size: medium;\">\u201d.<\/span><\/span><\/p>\n<p><span style=\"font-family: Liberation Serif, serif;\"><span style=\"font-size: medium;\">Para 2020, Jos\u00e9 Alberto Ribeiro, explica que \u201c<i><b>queremos concluir o restauro da Sala Azul. Tivemos um problema com o fornecedor dos tecidos e portanto isso atrasou-nos completamente essa sala, essa em parceria com a Funda\u00e7\u00e3o Bont e que vai ser uma grande mais-valia para o piso r\u00e9s-do-ch\u00e3o<\/b><\/i>\u201d.<\/span><\/span><\/p>\n<p><span style=\"font-family: Liberation Serif, serif;\"><span style=\"font-size: medium;\">Durante 2019 houve tamb\u00e9m um aumento do esp\u00f3lio do pal\u00e1cio, pois \u201c<i><b>compraram-se, tamb\u00e9m, v\u00e1rias pe\u00e7as aqui para o Pal\u00e1cio, desde fotografias a cer\u00e2micas, sendo a pe\u00e7a mais emblem\u00e1tica ou de maior express\u00e3o a espada de D. Miguel, e que fazia parte das pe\u00e7as e j\u00f3ias\u00a0privadas do Rei que ficaram no lote de j\u00f3ias da coroa que foram expropriadas \u00e0 fam\u00edlia real<\/b><\/i>\u201d.<\/span><\/span><\/p>\n<p><span style=\"font-family: Liberation Serif, serif;\"><span style=\"font-size: medium;\">Recordou que \u201c<i><b>essa espada foi vendida com uma s\u00e9rie de outras pe\u00e7as que eram bens de D. Miguel, em 1943, num leil\u00e3o privado em que estavam apenas os descendentes de D. Miguel e o estado portugu\u00eas. Numa fase inicial essa espada estava num lote que o Rosa J\u00fanior<\/b><\/i> <i><b>ficou de comprar para o estado portugu\u00eas, depois a determinada altura acabou por n\u00e3o comprar, comprou outras pe\u00e7as e a espada n\u00e3o ficou. Muitos anos depois, a espada veio parar novamente, ela nem passou pelo circuito comercial, foi o pr\u00f3prio propriet\u00e1rio que nos veio propor a espada e at\u00e9 demorou alguns meses a negocia\u00e7\u00e3o, porque eu achava que a espada era muito cara, no valor proposto, e depois cheg\u00e1mos a um acordo, o propriet\u00e1rio n\u00e3o baixou o valor mas incluiu mais pe\u00e7as no lote, nomeadamente um retrato de uma irm\u00e3 de D. Miguel, um crach\u00e1 em ouro da ordem de Nossa Senhora da Concei\u00e7\u00e3o de Vila Vi\u00e7osa e uns talheres em prata<\/b><\/i>\u201d, destacando que \u201c<i><b>acabou por se fazer essa grande aquisi\u00e7\u00e3o<\/b><\/i>\u201d.<\/span><\/span><\/p>\n<p><span style=\"font-family: Liberation Serif, serif;\"><span style=\"font-size: medium;\">A m\u00fasica teve tamb\u00e9m forte destaque no Pal\u00e1cio Nacional da Ajuda, pois \u201c<i><b>realizaram-se in\u00fameros concertos no Pal\u00e1cio, alguns col\u00f3quios, com foi o caso do col\u00f3quio sobre Dona Maria II em colabora\u00e7\u00e3o com a Faculdade de Letras da Universidade de Lisboa<\/b><\/i>\u201d ou ainda o \u201c<i><b>col\u00f3quio<\/b><\/i> <i><b>sobre m\u00fasica e dan\u00e7a nas cortes ib\u00e9ricas no s\u00e9culo XVIII<\/b><\/i> <i><b>e XIX<\/b><\/i>\u201d, \u201c<i><b>al\u00e9m das nossas conferencias mensais relacionadas com as tem\u00e1ticas do Pal\u00e1cio da Ajuda<\/b><\/i>\u201d. Real\u00e7a ainda que \u201c<i><b>continuamos a trabalhar no projecto museol\u00f3gico para o tesouro real<\/b><\/i>\u201d.<\/span><\/span><\/p>\n<p><img decoding=\"async\" class=\"aligncenter wp-image-73197 size-large lazyload\" data-src=\"https:\/\/infocul.pt\/arquivo\/wp-content\/uploads\/2019\/12\/sem-t\u00edtulo-9273-1-1024x683.jpg\" alt=\"\" width=\"800\" height=\"534\" data-srcset=\"https:\/\/infocul.pt\/arquivo\/wp-content\/uploads\/2019\/12\/sem-t\u00edtulo-9273-1.jpg 1024w, https:\/\/infocul.pt\/arquivo\/wp-content\/uploads\/2019\/12\/sem-t\u00edtulo-9273-1-300x200.jpg 300w, https:\/\/infocul.pt\/arquivo\/wp-content\/uploads\/2019\/12\/sem-t\u00edtulo-9273-1-768x512.jpg 768w, https:\/\/infocul.pt\/arquivo\/wp-content\/uploads\/2019\/12\/sem-t\u00edtulo-9273-1-1536x1024.jpg 1536w\" data-sizes=\"(max-width: 800px) 100vw, 800px\" src=\"data:image\/svg+xml;base64,PHN2ZyB3aWR0aD0iMSIgaGVpZ2h0PSIxIiB4bWxucz0iaHR0cDovL3d3dy53My5vcmcvMjAwMC9zdmciPjwvc3ZnPg==\" style=\"--smush-placeholder-width: 800px; --smush-placeholder-aspect-ratio: 800\/534;\" \/><\/p>\n<p align=\"center\"><span style=\"font-family: Liberation Serif, serif;\"><span style=\"font-size: medium;\"><b>Sala Azul<\/b><\/span><\/span><\/p>\n<p><span style=\"font-family: Liberation Serif, serif;\"><span style=\"font-size: medium;\">Sobre o restauro da Sala Azul, disse que \u201c<i><b>\u00e9 uma sala que dever\u00e1 ficar perto dos 100 mil euros, \u00e9 uma sala em que \u00e9 restaurado o lustre, que vai ser demonstrado e restaurado na Marinha grande, portanto ser\u00e3o portugueses a restaurar e a colocar ilumina\u00e7\u00e3o museol\u00f3gica no lustre, a seda ser\u00e1 no sentido de colocarmos o mais pr\u00f3ximo poss\u00edvel<\/b><\/i> <i><b>de como era\u201d e \u201cpara tal conseguimos que algum mobili\u00e1rio voltasse para ser forrado de novo e volte \u00e0 sala, nomeadamente do Pal\u00e1cio de Queluz e Pal\u00e1cio de Bel\u00e9m<\/b><\/i>\u201d. \u201c<i><b>Eu espero que no primeiro trimestre esteja aberto<\/b><\/i>\u201d, acrescentou.<\/span><\/span><\/p>\n<p align=\"center\"><span style=\"font-family: Liberation Serif, serif;\"><span style=\"font-size: medium;\"><b>Atrac\u00e7\u00e3o de Novos P\u00fablicos<\/b><\/span><\/span><\/p>\n<p><span style=\"font-family: Liberation Serif, serif;\"><span style=\"font-size: medium;\">Ter algumas exposi\u00e7\u00f5es de artistas contempor\u00e2neos tem levado outro tipo de p\u00fablico ao pal\u00e1cio, e Jos\u00e9 Alberto Ribeiro d\u00e1 como exemplo a \u201c<i><b>Lisbon Week que escolheu o Pal\u00e1cio<\/b><\/i> <i><b>para fazer um conjunto de actividades e foi muito interessante, porque por exemplo muitas pessoas da Ajuda que nunca tinham vindo ao Pal\u00e1cio da Ajuda vieram, muitas pessoas de fora que n\u00e3o tinham<\/b><\/i> <i><b>conhecimento do patrim\u00f3nio que vinham aqui visitar&#8230;<\/b><\/i>\u201d e ainda \u201c<i><b>exposi\u00e7\u00f5es como o Valentim Quaresma trazem-nos pessoas da moda, do design de moda\u201d<\/b><\/i>.<\/span><\/span><\/p>\n<p><span style=\"font-family: Liberation Serif, serif;\"><span style=\"font-size: medium;\">Sem esquecer que \u201c<i><b>tivemos ainda uma exposi\u00e7\u00e3o de cer\u00e2mica da Rita Filipe, em colabora\u00e7\u00e3o com a Faculdade de Belas Artes de Lisboa, e isso traz-nos um p\u00fablico que, sendo um p\u00fablico que faz sentido num museu hist\u00f3rico, tem mais apet\u00eancia para visitar um museu de design ou um museu de arte contempor\u00e2nea, e acaba por vir e inspirar-se e achar interessante esta combina\u00e7\u00e3o entre estes dois espa\u00e7os e isto tudo aconteceu juntamente com uma outra componente que o pal\u00e1cio teve muito este ano, devemos ter tido este ano o maior ano de ced\u00eancias de espa\u00e7o que o pal\u00e1cio fez, e para al\u00e9m das ced\u00eancias de espa\u00e7o, temos a particularidade de sermos utilizados pela Presid\u00eancia da Rep\u00fablica para os jantares oficiais do Senhor Presidente da Rep\u00fablica, que n\u00e3o \u00e9 uma organiza\u00e7\u00e3o nossa, n\u00e3o \u00e9 uma produ\u00e7\u00e3o do pal\u00e1cio da ajuda, mas que interfere muito na din\u00e2mica do museu<\/b><\/i>\u201d.<\/span><\/span><\/p>\n<p><span style=\"font-family: Liberation Serif, serif;\"><span style=\"font-size: medium;\">At\u00e9 porque \u201c<i><b>nessa tarde temos de fechar ao p\u00fablico, implica grandes altera\u00e7\u00f5es na sala de banquetes, a baixela que se p\u00f5e na mesa, h\u00e1 um lado de apoio ao servi\u00e7o do protocolo de espa\u00e7o feito por n\u00f3s, os vigilantes que ficam a assistir ao evento s\u00e3o vigilantes do Pal\u00e1cio da Ajuda, portanto \u00e9 um trabalho em que n\u00f3s<\/b><\/i> <i><b>estamos c\u00e1 para facilitar o trabalho do protocolo e da casa da Presid\u00eancia, \u00e9 um trabalho invis\u00edvel, mas implica uma grande log\u00edstica da nossa parte<\/b><\/i>\u201d.<\/span><\/span><\/p>\n<p align=\"center\"><span style=\"font-family: Liberation Serif, serif;\"><span style=\"font-size: medium;\"><b>Preservar a hist\u00f3ria e projectar o futuro<\/b><\/span><\/span><\/p>\n<p><span style=\"font-family: Liberation Serif, serif;\"><span style=\"font-size: medium;\">Questionei o director do Pal\u00e1cio Nacional da Ajuda sobre o trabalho que \u00e9 preservar a hist\u00f3ria, a fun\u00e7\u00e3o de um museu, e projectar o futuro, para que assim ele cumpra a sua fun\u00e7\u00e3o de museu.<\/span><\/span><\/p>\n<p><span style=\"font-family: Liberation Serif, serif;\"><span style=\"font-size: medium;\">Jos\u00e9 Alberto Ribeiro refere que \u201c<i><b>tenho sempre a ideia de que n\u00f3s temos de fazer coisas novas e coisas que deixem uma marca ou sensibilizem os que nos visitem, nomeadamente os mais novos<\/b><\/i>\u201d.<\/span><\/span><\/p>\n<p><span style=\"font-family: Liberation Serif, serif;\"><span style=\"font-size: medium;\">Entre os desafios futuros, diz que \u201c<i><b>temos um roteiro em braille praticamente acabado e come\u00e7amos a ter de uma forma mais permanente visitas para pessoas invisuais e tamb\u00e9m trabalhamos com alguns segmentos da popula\u00e7\u00e3o mais esquecidos, como \u00e9 o caso de pessoas com dificuldades mentais ou grupos marginalizados que de uma outra forma n\u00e3o ter\u00e3o oportunidade de vir a um s\u00edtio destes<\/b><\/i>\u201d.<\/span><\/span><\/p>\n<p><span style=\"font-family: Liberation Serif, serif;\"><span style=\"font-size: medium;\">Acrescentou ainda de que \u201c<i><b>relativamente ao museu propriamente dito, o que tenho procurado \u00e9 tamb\u00e9m que as salas tenham uma maior reconstitui\u00e7\u00e3o poss\u00edvel e nesse sentido tenho procurado trazer algumas pe\u00e7as que eram do Pal\u00e1cio Nacional da Ajuda e que est\u00e3o fora por vicissitudes hist\u00f3ricas da primeira Rep\u00fablica, ou do estado novo ou que sa\u00edram para ir para um Governo Civil ou para a Presid\u00eancia da Rep\u00fablica ou para a Assembleia. N\u00e3o \u00e9 meu objectivo, nem de perto nem de longe e n\u00e3o fazia sentido, que as pe\u00e7as voltassem todas, mas que voltassem pe\u00e7as que estariam em lugares chaves no que \u00e9 hoje o percurso<\/b><\/i> <i><b>de visita e o meu objectivo passa por a\u00ed<\/b><\/i>\u201d.<\/span><\/span><\/p>\n<p><span style=\"font-family: Liberation Serif, serif;\"><span style=\"font-size: medium;\">O objectivo das aquisi\u00e7\u00f5es que t\u00eam sido efectuadas \u00e9 \u201c<i><b>melhorar o percurso de visita numa casa que \u00e9 uma resid\u00eancia hist\u00f3rica, que n\u00e3o \u00e9 uma resid\u00eancia hist\u00f3rica qualquer, uma resid\u00eancia de poder, portanto viveram aqui pessoas que tiveram vidas familiares igual \u00e0s do seu tempo, mas ao mesmo tempo foi uma casa de representa\u00e7\u00e3o de poder, de receber banquetes, chefes de estado, presidentes, Reis, monarcas, coisa que a presid\u00eancia da rep\u00fablica continua a fazer, portanto o Pal\u00e1cio da Ajuda foi sempre uma casa de representa\u00e7\u00e3o de poder<\/b><\/i>\u201d.<\/span><\/span><\/p>\n<p><span style=\"font-family: Liberation Serif, serif;\"><span style=\"font-size: medium;\">E nesse seguimento, \u201c<i><b>\u00e9<\/b><\/i> <i><b>meu objectivo que, cada vez mais, quem visite o Pal\u00e1cio da Ajuda saia com essa experi\u00eancia de entrar num espa\u00e7o onde recuou no tempo e conseguiu perceber a viv\u00eancia das pessoas que passaram por c\u00e1 e a funcionalidade de cada um desses espa\u00e7os<\/b><\/i>\u201d.<\/span><\/span><\/p>\n<p><span style=\"font-family: Liberation Serif, serif;\"><span style=\"font-size: medium;\">Jos\u00e9 Alberto Ribeiro almeja ainda \u201c<i><b>em 2020, para al\u00e9m dos restauros das duas salas que falei, reabrir pelo menos no piso t\u00e9rreo as salas que est\u00e3o fechadas. A<\/b><\/i> <i><b>poente, por causa das obras que est\u00e3o a decorrer, nomeadamente a Sala Verde que era o escrit\u00f3rio da D. Maria Pia com algumas altera\u00e7\u00f5es museol\u00f3gicas que ir\u00e3o enriquecer o percurso de visita<\/b><\/i>\u201d.<\/span><\/span><\/p>\n<p><span style=\"font-family: Liberation Serif, serif;\"><span style=\"font-size: medium;\">Adiantou ainda que \u201c<i><b>em termos de exposi\u00e7\u00f5es tempor\u00e1rias para j\u00e1 tenho 3 exposi\u00e7\u00f5es, sendo uma de maior envergadura, que pela sua complexidade e feita em colabora\u00e7\u00e3o com o Museu da Presid\u00eancia da Rep\u00fablica n\u00e3o se conseguiu fazer este ano, que \u00e9 sobre a rainha Dona Maria II, Princesa brasileira Rainha de Portugal. Depois teremos tamb\u00e9m uma exposi\u00e7\u00e3o com a funda\u00e7\u00e3o D. Manuel II com rel\u00edquias da casa real e, ainda antes disso, uma exposi\u00e7\u00e3o mais simples, em termos de apresenta\u00e7\u00e3o, que \u00e9 uma colec\u00e7\u00e3o de gravuras de um coleccionador privado, sobre a dan\u00e7a no s\u00e9culo XIX, que toca muito com este pal\u00e1cio que tinha a sua sala de bailes<\/b><\/i>\u201d.<\/span><\/span><\/p>\n<p align=\"center\"><span style=\"font-family: Liberation Serif, serif;\"><span style=\"font-size: medium;\"><b>Obras na Fachada Poente<\/b><\/span><\/span><\/p>\n<p><span style=\"font-family: Liberation Serif, serif;\"><span style=\"font-size: medium;\">As conhecidas, e vis\u00edveis, obras na Fachada Poente t\u00eam estado a \u201c<i><b>a correr muito bem, sobretudo este ver\u00e3o houve aqui um avan\u00e7o<\/b><\/i>\u2026 <i><b>quer dizer o trabalho tem estado sempre a decorrer, mas s\u00f3 agora quando se come\u00e7aram a erguer paredes como se v\u00ea<\/b><\/i> <i><b>e se percebe a quantidade de constru\u00e7\u00e3o que aquele espa\u00e7o tem e estamos a apontar para 2021 a inaugura\u00e7\u00e3o daquela ala<\/b><\/i>\u201d.<\/span><\/span><\/p>\n<p align=\"center\"><span style=\"font-family: Liberation Serif, serif;\"><span style=\"font-size: medium;\"><b>Desafios financeiros e mecenato<\/b><\/span><\/span><\/p>\n<p><span style=\"font-family: Liberation Serif, serif;\"><span style=\"font-size: medium;\">Sobre os maiores desafios, enquanto director, disse que \u201cs<i><b>\u00e3o os desafios para todos em geral, \u00e9 a quest\u00e3o da falta de recurso financeiros, a sub-or\u00e7amenta\u00e7\u00e3o cr\u00f3nica que a cultura tem, o que nos leva a procurar mecenato, numa altura em que n\u00e3o \u00e9 f\u00e1cil obter mecenato. Desde que estou c\u00e1, j\u00e1 fiz v\u00e1rias obras de recupera\u00e7\u00e3o de salas com mecenato e eu privilegio o mecenato para coisas que durem, coisas que fiquem, nunca pedi mecenato apenas para uma exposi\u00e7\u00e3o, excepto uma que foi uma exposi\u00e7\u00e3o sobre a hist\u00f3ria de Portugal no Jap\u00e3o e tivemos o apoio da Fujistu e que permitiu, tamb\u00e9m, restaurar as armaduras japonesas que n\u00f3s temos na colec\u00e7\u00e3o e que est\u00e3o agora l\u00e1 em cima em exposi\u00e7\u00e3o na antec\u00e2mara da sala chinesa. Todo esse trabalho \u00e9 um trabalho dif\u00edcil na obten\u00e7\u00e3o de mecenato e requer um esfor\u00e7o constante, numa casa que n\u00e3o tem muitos funcion\u00e1rios<\/b><\/i>\u201d.<\/span><\/span><\/p>\n<p align=\"center\"><span style=\"font-family: Liberation Serif, serif;\"><span style=\"font-size: medium;\"><b>Turismo<\/b><\/span><\/span><\/p>\n<p><span style=\"font-family: Liberation Serif, serif;\"><span style=\"font-size: medium;\">Sobre o trabalho desenvolvido com os operadores tur\u00edsticos, para que mais pessoas visitem o pal\u00e1cio, Jos\u00e9 Alberto Ribeiro disse que \u201c<i><b>\u00e9 muito dif\u00edcil mudar os programas que j\u00e1 t\u00eam feitos, por exemplo n\u00f3s temos mais operadores tur\u00edsticos que v\u00eam \u00e0 segunda -feira porque \u00e9 o dia em que os outros museus de Bel\u00e9m est\u00e3o fechados, mas temos tido mais de pequenas ag\u00eancias<\/b><\/i> <i><b>ou operadores de menores dimens\u00f5es, que fazem um percurso de visita de maior qualidade e com<\/b><\/i> <i><b>grupos mais pequenos e somos tamb\u00e9m procurados por<\/b><\/i> <i><b>pessoas que procuram<\/b><\/i> <i><b>outro tipo de visitas, ou seja, visitas encenadas, etc, e tem corrido bastante bem<\/b><\/i>\u201d.<\/span><\/span><\/p>\n<p align=\"center\"><span style=\"font-family: Liberation Serif, serif;\"><span style=\"font-size: medium;\"><b>Leis, Or\u00e7amento e Despesa<\/b><\/span><\/span><\/p>\n<p><span style=\"font-family: Liberation Serif, serif;\"><span style=\"font-size: medium;\">Jos\u00e9 Alberto Ribeiro e tra\u00e7os gerais revelou a despesa e or\u00e7amento que tem de gerir anualmente, \u201c<i><b>em termos de despesa ultrapassa 1 milh\u00e3o de euros contando com tudo, os or\u00e7amentos que eu tenho para gerir, s\u00e3o geralmente muito reduzidos, portanto posso ter 60 mil, 80 mil o que \u00e9 insuficiente para fazer uma exposi\u00e7\u00e3o, e depois conto obviamente com o apoio da tutela, sempre que apresento uma exposi\u00e7\u00e3o s\u00e3o sempre exposi\u00e7\u00f5es tidas como boas oportunidades para mostrar segmentos da exposi\u00e7\u00e3o<\/b><\/i>\u201d.<\/span><\/span><\/p>\n<p><span style=\"font-family: Liberation Serif, serif;\"><span style=\"font-size: medium;\">Sobre o que pode ser feito para alterar este constante sufoco que passa em termos financeiros, diz que \u201ce<i><b>spero que com esta nova lei que est\u00e1 posta em cima da mesa, e com a possibilidade que temos em poder gerir algum dinheiro que recebemos, a ideia \u00e9 que haja um fundo de solidariedade, imagina que temos que atingir 100 e a partir dos 100 \u00e9 solidariedade para todos os outros que fazem menos receita&#8230; mas por exemplo se eu passar a gerir na \u00edntegra as receitas que fa\u00e7o com as ced\u00eancias de espa\u00e7o ou bilheteira, isso ser\u00e1 uma ajuda muito grande para a conserva\u00e7\u00e3o de salas ou projectos de outro tipo, ou publicitar o pal\u00e1cio a n\u00edvel internacional<\/b><\/i>\u201d.<\/span><\/span><\/p>\n<p><span style=\"font-family: Liberation Serif, serif;\"><span style=\"font-size: medium;\"><span style=\"color: #333333;\">A terminar a entrevista e quando desafiado, se o seu trabalho fosse uma obra de arte que nome lhe daria, disse \u201c<\/span><span style=\"color: #333333;\"><i><b>resili\u00eancia<\/b><\/i><\/span><span style=\"color: #333333;\">\u201d.<\/span><\/span><\/span><\/p>\n<p><img decoding=\"async\" class=\"aligncenter wp-image-73196 size-large lazyload\" data-src=\"https:\/\/infocul.pt\/arquivo\/wp-content\/uploads\/2019\/12\/sem-t\u00edtulo-9245-1-1024x683.jpg\" alt=\"\" width=\"800\" height=\"534\" data-srcset=\"https:\/\/infocul.pt\/arquivo\/wp-content\/uploads\/2019\/12\/sem-t\u00edtulo-9245-1.jpg 1024w, https:\/\/infocul.pt\/arquivo\/wp-content\/uploads\/2019\/12\/sem-t\u00edtulo-9245-1-300x200.jpg 300w, https:\/\/infocul.pt\/arquivo\/wp-content\/uploads\/2019\/12\/sem-t\u00edtulo-9245-1-768x512.jpg 768w, https:\/\/infocul.pt\/arquivo\/wp-content\/uploads\/2019\/12\/sem-t\u00edtulo-9245-1-1536x1024.jpg 1536w\" data-sizes=\"(max-width: 800px) 100vw, 800px\" src=\"data:image\/svg+xml;base64,PHN2ZyB3aWR0aD0iMSIgaGVpZ2h0PSIxIiB4bWxucz0iaHR0cDovL3d3dy53My5vcmcvMjAwMC9zdmciPjwvc3ZnPg==\" style=\"--smush-placeholder-width: 800px; --smush-placeholder-aspect-ratio: 800\/534;\" \/><\/p>\n","protected":false},"excerpt":{"rendered":"<p>Depois de recentemente ter sido inaugurada, ap\u00f3s restauro, a Sala D. Jo\u00e3o IV, o Infocul entrevistou o director do Pal\u00e1cio Nacional da Ajuda, Jos\u00e9 Alberto Ribeiro, para um balan\u00e7o deste ano e tamb\u00e9m podermos perspectivar 2020, relativamente a este monumento nacional.<\/p>\n","protected":false},"author":2,"featured_media":73195,"comment_status":"open","ping_status":"closed","sticky":false,"template":"","format":"standard","meta":{"footnotes":""},"categories":[2,36,4124,9],"tags":[8554,2179],"class_list":["post-64103","post","type-post","status-publish","format-standard","has-post-thumbnail","hentry","category-cultura","category-destaque","category-entrevistas","category-outros","tag-jose-alberto-ribeiro","tag-palacio-nacional-da-ajuda"],"yoast_head":"<!-- This site is optimized with the Yoast SEO plugin v27.5 - https:\/\/yoast.com\/product\/yoast-seo-wordpress\/ -->\n<title>Pal\u00e1cio Nacional da Ajuda: Entrevista a Jos\u00e9 Alberto Ribeiro | Infocul.pt - Arquivo Digital<\/title>\n<meta name=\"description\" content=\"Pal\u00e1cio Nacional da Ajuda: Entrevista a Jos\u00e9 Alberto Ribeiro | Infocul.pt - Arquivo Digital\" \/>\n<meta name=\"robots\" content=\"noindex, follow, max-snippet:-1, max-image-preview:large, max-video-preview:-1\" \/>\n<meta property=\"og:locale\" content=\"pt_PT\" \/>\n<meta property=\"og:type\" content=\"article\" \/>\n<meta property=\"og:title\" content=\"Pal\u00e1cio Nacional da Ajuda: Entrevista a Jos\u00e9 Alberto Ribeiro | Infocul.pt - Arquivo Digital\" \/>\n<meta property=\"og:description\" content=\"Pal\u00e1cio Nacional da Ajuda: Entrevista a Jos\u00e9 Alberto Ribeiro | Infocul.pt - Arquivo Digital\" \/>\n<meta property=\"og:url\" content=\"https:\/\/infocul.pt\/arquivo\/cultura\/palacio-nacional-da-ajuda-entrevista-a-jose-alberto-ribeiro\/\" \/>\n<meta property=\"og:site_name\" content=\"Infocul.pt - Arquivo Digital\" \/>\n<meta property=\"article:publisher\" content=\"https:\/\/www.facebook.com\/Infocul-147816815585015\/\" \/>\n<meta property=\"article:published_time\" content=\"2019-12-29T00:00:41+00:00\" \/>\n<meta property=\"article:modified_time\" content=\"2020-06-03T17:01:53+00:00\" \/>\n<meta property=\"og:image\" content=\"https:\/\/infocul.pt\/arquivo\/wp-content\/uploads\/2019\/12\/sem-t\u00edtulo-9294-1.jpg\" \/>\n\t<meta property=\"og:image:width\" content=\"1024\" \/>\n\t<meta property=\"og:image:height\" content=\"683\" \/>\n\t<meta property=\"og:image:type\" content=\"image\/jpeg\" \/>\n<meta name=\"author\" content=\"Rui Lavrador\" \/>\n<meta name=\"twitter:card\" content=\"summary_large_image\" \/>\n<meta name=\"twitter:creator\" content=\"@Infoculpt\" \/>\n<meta name=\"twitter:site\" content=\"@Infoculpt\" \/>\n<meta name=\"twitter:label1\" content=\"Escrito por\" \/>\n\t<meta name=\"twitter:data1\" content=\"Rui Lavrador\" \/>\n\t<meta name=\"twitter:label2\" content=\"Tempo estimado de leitura\" \/>\n\t<meta name=\"twitter:data2\" content=\"13 minutos\" \/>\n<script type=\"application\/ld+json\" class=\"yoast-schema-graph\">{\"@context\":\"https:\\\/\\\/schema.org\",\"@graph\":[{\"@type\":\"Article\",\"@id\":\"https:\\\/\\\/infocul.pt\\\/arquivo\\\/cultura\\\/palacio-nacional-da-ajuda-entrevista-a-jose-alberto-ribeiro\\\/#article\",\"isPartOf\":{\"@id\":\"https:\\\/\\\/infocul.pt\\\/arquivo\\\/cultura\\\/palacio-nacional-da-ajuda-entrevista-a-jose-alberto-ribeiro\\\/\"},\"author\":{\"name\":\"Rui Lavrador\",\"@id\":\"https:\\\/\\\/infocul.pt\\\/arquivo\\\/#\\\/schema\\\/person\\\/060a108d7f2d85fc6aae505119ee5234\"},\"headline\":\"Pal\u00e1cio Nacional da Ajuda: Entrevista a Jos\u00e9 Alberto Ribeiro\",\"datePublished\":\"2019-12-29T00:00:41+00:00\",\"dateModified\":\"2020-06-03T17:01:53+00:00\",\"mainEntityOfPage\":{\"@id\":\"https:\\\/\\\/infocul.pt\\\/arquivo\\\/cultura\\\/palacio-nacional-da-ajuda-entrevista-a-jose-alberto-ribeiro\\\/\"},\"wordCount\":2587,\"commentCount\":0,\"publisher\":{\"@id\":\"https:\\\/\\\/infocul.pt\\\/arquivo\\\/#organization\"},\"image\":{\"@id\":\"https:\\\/\\\/infocul.pt\\\/arquivo\\\/cultura\\\/palacio-nacional-da-ajuda-entrevista-a-jose-alberto-ribeiro\\\/#primaryimage\"},\"thumbnailUrl\":\"https:\\\/\\\/infocul.pt\\\/arquivo\\\/wp-content\\\/uploads\\\/2019\\\/12\\\/sem-t\u00edtulo-9294-1.jpg\",\"keywords\":[\"Jos\u00e9 Alberto Ribeiro\",\"Pal\u00e1cio Nacional da Ajuda\"],\"articleSection\":[\"Cultura\",\"Destaque\",\"Entrevistas\",\"Outros\"],\"inLanguage\":\"pt-PT\"},{\"@type\":\"WebPage\",\"@id\":\"https:\\\/\\\/infocul.pt\\\/arquivo\\\/cultura\\\/palacio-nacional-da-ajuda-entrevista-a-jose-alberto-ribeiro\\\/\",\"url\":\"https:\\\/\\\/infocul.pt\\\/arquivo\\\/cultura\\\/palacio-nacional-da-ajuda-entrevista-a-jose-alberto-ribeiro\\\/\",\"name\":\"Pal\u00e1cio Nacional da Ajuda: Entrevista a Jos\u00e9 Alberto Ribeiro | Infocul.pt - Arquivo Digital\",\"isPartOf\":{\"@id\":\"https:\\\/\\\/infocul.pt\\\/arquivo\\\/#website\"},\"primaryImageOfPage\":{\"@id\":\"https:\\\/\\\/infocul.pt\\\/arquivo\\\/cultura\\\/palacio-nacional-da-ajuda-entrevista-a-jose-alberto-ribeiro\\\/#primaryimage\"},\"image\":{\"@id\":\"https:\\\/\\\/infocul.pt\\\/arquivo\\\/cultura\\\/palacio-nacional-da-ajuda-entrevista-a-jose-alberto-ribeiro\\\/#primaryimage\"},\"thumbnailUrl\":\"https:\\\/\\\/infocul.pt\\\/arquivo\\\/wp-content\\\/uploads\\\/2019\\\/12\\\/sem-t\u00edtulo-9294-1.jpg\",\"datePublished\":\"2019-12-29T00:00:41+00:00\",\"dateModified\":\"2020-06-03T17:01:53+00:00\",\"description\":\"Pal\u00e1cio Nacional da Ajuda: Entrevista a Jos\u00e9 Alberto Ribeiro | Infocul.pt - Arquivo Digital\",\"breadcrumb\":{\"@id\":\"https:\\\/\\\/infocul.pt\\\/arquivo\\\/cultura\\\/palacio-nacional-da-ajuda-entrevista-a-jose-alberto-ribeiro\\\/#breadcrumb\"},\"inLanguage\":\"pt-PT\",\"potentialAction\":[{\"@type\":\"ReadAction\",\"target\":[\"https:\\\/\\\/infocul.pt\\\/arquivo\\\/cultura\\\/palacio-nacional-da-ajuda-entrevista-a-jose-alberto-ribeiro\\\/\"]}]},{\"@type\":\"ImageObject\",\"inLanguage\":\"pt-PT\",\"@id\":\"https:\\\/\\\/infocul.pt\\\/arquivo\\\/cultura\\\/palacio-nacional-da-ajuda-entrevista-a-jose-alberto-ribeiro\\\/#primaryimage\",\"url\":\"https:\\\/\\\/infocul.pt\\\/arquivo\\\/wp-content\\\/uploads\\\/2019\\\/12\\\/sem-t\u00edtulo-9294-1.jpg\",\"contentUrl\":\"https:\\\/\\\/infocul.pt\\\/arquivo\\\/wp-content\\\/uploads\\\/2019\\\/12\\\/sem-t\u00edtulo-9294-1.jpg\",\"width\":1024,\"height\":683},{\"@type\":\"BreadcrumbList\",\"@id\":\"https:\\\/\\\/infocul.pt\\\/arquivo\\\/cultura\\\/palacio-nacional-da-ajuda-entrevista-a-jose-alberto-ribeiro\\\/#breadcrumb\",\"itemListElement\":[{\"@type\":\"ListItem\",\"position\":1,\"name\":\"Home\",\"item\":\"https:\\\/\\\/infocul.pt\\\/arquivo\\\/\"},{\"@type\":\"ListItem\",\"position\":2,\"name\":\"Pal\u00e1cio Nacional da Ajuda: Entrevista a Jos\u00e9 Alberto Ribeiro\"}]},{\"@type\":\"WebSite\",\"@id\":\"https:\\\/\\\/infocul.pt\\\/arquivo\\\/#website\",\"url\":\"https:\\\/\\\/infocul.pt\\\/arquivo\\\/\",\"name\":\"Infocul.pt - Arquivo Digital\",\"description\":\"Arquivo digital da Infocul.pt\",\"publisher\":{\"@id\":\"https:\\\/\\\/infocul.pt\\\/arquivo\\\/#organization\"},\"potentialAction\":[{\"@type\":\"SearchAction\",\"target\":{\"@type\":\"EntryPoint\",\"urlTemplate\":\"https:\\\/\\\/infocul.pt\\\/arquivo\\\/?s={search_term_string}\"},\"query-input\":{\"@type\":\"PropertyValueSpecification\",\"valueRequired\":true,\"valueName\":\"search_term_string\"}}],\"inLanguage\":\"pt-PT\"},{\"@type\":\"Organization\",\"@id\":\"https:\\\/\\\/infocul.pt\\\/arquivo\\\/#organization\",\"name\":\"Infocul.pt\",\"url\":\"https:\\\/\\\/infocul.pt\\\/arquivo\\\/\",\"logo\":{\"@type\":\"ImageObject\",\"inLanguage\":\"pt-PT\",\"@id\":\"https:\\\/\\\/infocul.pt\\\/arquivo\\\/#\\\/schema\\\/logo\\\/image\\\/\",\"url\":\"https:\\\/\\\/infocul.pt\\\/arquivo\\\/wp-content\\\/uploads\\\/2018\\\/12\\\/Infocul_logo-1.png\",\"contentUrl\":\"https:\\\/\\\/infocul.pt\\\/arquivo\\\/wp-content\\\/uploads\\\/2018\\\/12\\\/Infocul_logo-1.png\",\"width\":800,\"height\":800,\"caption\":\"Infocul.pt\"},\"image\":{\"@id\":\"https:\\\/\\\/infocul.pt\\\/arquivo\\\/#\\\/schema\\\/logo\\\/image\\\/\"},\"sameAs\":[\"https:\\\/\\\/www.facebook.com\\\/Infocul-147816815585015\\\/\",\"https:\\\/\\\/x.com\\\/Infoculpt\",\"http:\\\/\\\/www.pictaram.com\\\/user\\\/infocul.pt\\\/2370423710\",\"https:\\\/\\\/www.youtube.com\\\/channel\\\/UCYEB91AGI9FL9ek2i_IaQAA\"]},{\"@type\":\"Person\",\"@id\":\"https:\\\/\\\/infocul.pt\\\/arquivo\\\/#\\\/schema\\\/person\\\/060a108d7f2d85fc6aae505119ee5234\",\"name\":\"Rui Lavrador\",\"image\":{\"@type\":\"ImageObject\",\"inLanguage\":\"pt-PT\",\"@id\":\"https:\\\/\\\/secure.gravatar.com\\\/avatar\\\/93febd6873394aa8e975148548a0cb203acfdd42d2c85c5f1408e1a76678aece?s=96&d=mm&r=g\",\"url\":\"https:\\\/\\\/secure.gravatar.com\\\/avatar\\\/93febd6873394aa8e975148548a0cb203acfdd42d2c85c5f1408e1a76678aece?s=96&d=mm&r=g\",\"contentUrl\":\"https:\\\/\\\/secure.gravatar.com\\\/avatar\\\/93febd6873394aa8e975148548a0cb203acfdd42d2c85c5f1408e1a76678aece?s=96&d=mm&r=g\",\"caption\":\"Rui Lavrador\"},\"description\":\"Iniciou em 2011 o seu percurso em comunica\u00e7\u00e3o social, tendo integrado v\u00e1rios projectos editoriais. Durante o seu percurso integrou projectos como Jornal Hardm\u00fasica, LusoNot\u00edcias, Toureio.pt, ODigital.pt, entre outros \u00d3rg\u00e3os de Comunica\u00e7\u00e3o Social nacionais, na redac\u00e7\u00e3o de v\u00e1rios artigos. Entrevistou a grande maioria das personalidades mais importantes da vida social e cultural do pa\u00eds, destacando-se, tamb\u00e9m, na aprecia\u00e7\u00e3o de v\u00e1rios espect\u00e1culos. Durante o seu percurso, deu a conhecer v\u00e1rios artistas, at\u00e9 ent\u00e3o desconhecidos, ao grande p\u00fablico. Em 2015 criou e fundou o Infocul.pt, projecto no qual assume a direc\u00e7\u00e3o editorial.\",\"sameAs\":[\"http:\\\/\\\/www.infocul.pt\"]}]}<\/script>\n<!-- \/ Yoast SEO plugin. -->","yoast_head_json":{"title":"Pal\u00e1cio Nacional da Ajuda: Entrevista a Jos\u00e9 Alberto Ribeiro | Infocul.pt - Arquivo Digital","description":"Pal\u00e1cio Nacional da Ajuda: Entrevista a Jos\u00e9 Alberto Ribeiro | Infocul.pt - Arquivo Digital","robots":{"index":"noindex","follow":"follow","max-snippet":"max-snippet:-1","max-image-preview":"max-image-preview:large","max-video-preview":"max-video-preview:-1"},"og_locale":"pt_PT","og_type":"article","og_title":"Pal\u00e1cio Nacional da Ajuda: Entrevista a Jos\u00e9 Alberto Ribeiro | Infocul.pt - Arquivo Digital","og_description":"Pal\u00e1cio Nacional da Ajuda: Entrevista a Jos\u00e9 Alberto Ribeiro | Infocul.pt - Arquivo Digital","og_url":"https:\/\/infocul.pt\/arquivo\/cultura\/palacio-nacional-da-ajuda-entrevista-a-jose-alberto-ribeiro\/","og_site_name":"Infocul.pt - Arquivo Digital","article_publisher":"https:\/\/www.facebook.com\/Infocul-147816815585015\/","article_published_time":"2019-12-29T00:00:41+00:00","article_modified_time":"2020-06-03T17:01:53+00:00","og_image":[{"width":1024,"height":683,"url":"https:\/\/infocul.pt\/arquivo\/wp-content\/uploads\/2019\/12\/sem-t\u00edtulo-9294-1.jpg","type":"image\/jpeg"}],"author":"Rui Lavrador","twitter_card":"summary_large_image","twitter_creator":"@Infoculpt","twitter_site":"@Infoculpt","twitter_misc":{"Escrito por":"Rui Lavrador","Tempo estimado de leitura":"13 minutos"},"schema":{"@context":"https:\/\/schema.org","@graph":[{"@type":"Article","@id":"https:\/\/infocul.pt\/arquivo\/cultura\/palacio-nacional-da-ajuda-entrevista-a-jose-alberto-ribeiro\/#article","isPartOf":{"@id":"https:\/\/infocul.pt\/arquivo\/cultura\/palacio-nacional-da-ajuda-entrevista-a-jose-alberto-ribeiro\/"},"author":{"name":"Rui Lavrador","@id":"https:\/\/infocul.pt\/arquivo\/#\/schema\/person\/060a108d7f2d85fc6aae505119ee5234"},"headline":"Pal\u00e1cio Nacional da Ajuda: Entrevista a Jos\u00e9 Alberto Ribeiro","datePublished":"2019-12-29T00:00:41+00:00","dateModified":"2020-06-03T17:01:53+00:00","mainEntityOfPage":{"@id":"https:\/\/infocul.pt\/arquivo\/cultura\/palacio-nacional-da-ajuda-entrevista-a-jose-alberto-ribeiro\/"},"wordCount":2587,"commentCount":0,"publisher":{"@id":"https:\/\/infocul.pt\/arquivo\/#organization"},"image":{"@id":"https:\/\/infocul.pt\/arquivo\/cultura\/palacio-nacional-da-ajuda-entrevista-a-jose-alberto-ribeiro\/#primaryimage"},"thumbnailUrl":"https:\/\/infocul.pt\/arquivo\/wp-content\/uploads\/2019\/12\/sem-t\u00edtulo-9294-1.jpg","keywords":["Jos\u00e9 Alberto Ribeiro","Pal\u00e1cio Nacional da Ajuda"],"articleSection":["Cultura","Destaque","Entrevistas","Outros"],"inLanguage":"pt-PT"},{"@type":"WebPage","@id":"https:\/\/infocul.pt\/arquivo\/cultura\/palacio-nacional-da-ajuda-entrevista-a-jose-alberto-ribeiro\/","url":"https:\/\/infocul.pt\/arquivo\/cultura\/palacio-nacional-da-ajuda-entrevista-a-jose-alberto-ribeiro\/","name":"Pal\u00e1cio Nacional da Ajuda: Entrevista a Jos\u00e9 Alberto Ribeiro | Infocul.pt - Arquivo Digital","isPartOf":{"@id":"https:\/\/infocul.pt\/arquivo\/#website"},"primaryImageOfPage":{"@id":"https:\/\/infocul.pt\/arquivo\/cultura\/palacio-nacional-da-ajuda-entrevista-a-jose-alberto-ribeiro\/#primaryimage"},"image":{"@id":"https:\/\/infocul.pt\/arquivo\/cultura\/palacio-nacional-da-ajuda-entrevista-a-jose-alberto-ribeiro\/#primaryimage"},"thumbnailUrl":"https:\/\/infocul.pt\/arquivo\/wp-content\/uploads\/2019\/12\/sem-t\u00edtulo-9294-1.jpg","datePublished":"2019-12-29T00:00:41+00:00","dateModified":"2020-06-03T17:01:53+00:00","description":"Pal\u00e1cio Nacional da Ajuda: Entrevista a Jos\u00e9 Alberto Ribeiro | Infocul.pt - Arquivo Digital","breadcrumb":{"@id":"https:\/\/infocul.pt\/arquivo\/cultura\/palacio-nacional-da-ajuda-entrevista-a-jose-alberto-ribeiro\/#breadcrumb"},"inLanguage":"pt-PT","potentialAction":[{"@type":"ReadAction","target":["https:\/\/infocul.pt\/arquivo\/cultura\/palacio-nacional-da-ajuda-entrevista-a-jose-alberto-ribeiro\/"]}]},{"@type":"ImageObject","inLanguage":"pt-PT","@id":"https:\/\/infocul.pt\/arquivo\/cultura\/palacio-nacional-da-ajuda-entrevista-a-jose-alberto-ribeiro\/#primaryimage","url":"https:\/\/infocul.pt\/arquivo\/wp-content\/uploads\/2019\/12\/sem-t\u00edtulo-9294-1.jpg","contentUrl":"https:\/\/infocul.pt\/arquivo\/wp-content\/uploads\/2019\/12\/sem-t\u00edtulo-9294-1.jpg","width":1024,"height":683},{"@type":"BreadcrumbList","@id":"https:\/\/infocul.pt\/arquivo\/cultura\/palacio-nacional-da-ajuda-entrevista-a-jose-alberto-ribeiro\/#breadcrumb","itemListElement":[{"@type":"ListItem","position":1,"name":"Home","item":"https:\/\/infocul.pt\/arquivo\/"},{"@type":"ListItem","position":2,"name":"Pal\u00e1cio Nacional da Ajuda: Entrevista a Jos\u00e9 Alberto Ribeiro"}]},{"@type":"WebSite","@id":"https:\/\/infocul.pt\/arquivo\/#website","url":"https:\/\/infocul.pt\/arquivo\/","name":"Infocul.pt - Arquivo Digital","description":"Arquivo digital da Infocul.pt","publisher":{"@id":"https:\/\/infocul.pt\/arquivo\/#organization"},"potentialAction":[{"@type":"SearchAction","target":{"@type":"EntryPoint","urlTemplate":"https:\/\/infocul.pt\/arquivo\/?s={search_term_string}"},"query-input":{"@type":"PropertyValueSpecification","valueRequired":true,"valueName":"search_term_string"}}],"inLanguage":"pt-PT"},{"@type":"Organization","@id":"https:\/\/infocul.pt\/arquivo\/#organization","name":"Infocul.pt","url":"https:\/\/infocul.pt\/arquivo\/","logo":{"@type":"ImageObject","inLanguage":"pt-PT","@id":"https:\/\/infocul.pt\/arquivo\/#\/schema\/logo\/image\/","url":"https:\/\/infocul.pt\/arquivo\/wp-content\/uploads\/2018\/12\/Infocul_logo-1.png","contentUrl":"https:\/\/infocul.pt\/arquivo\/wp-content\/uploads\/2018\/12\/Infocul_logo-1.png","width":800,"height":800,"caption":"Infocul.pt"},"image":{"@id":"https:\/\/infocul.pt\/arquivo\/#\/schema\/logo\/image\/"},"sameAs":["https:\/\/www.facebook.com\/Infocul-147816815585015\/","https:\/\/x.com\/Infoculpt","http:\/\/www.pictaram.com\/user\/infocul.pt\/2370423710","https:\/\/www.youtube.com\/channel\/UCYEB91AGI9FL9ek2i_IaQAA"]},{"@type":"Person","@id":"https:\/\/infocul.pt\/arquivo\/#\/schema\/person\/060a108d7f2d85fc6aae505119ee5234","name":"Rui Lavrador","image":{"@type":"ImageObject","inLanguage":"pt-PT","@id":"https:\/\/secure.gravatar.com\/avatar\/93febd6873394aa8e975148548a0cb203acfdd42d2c85c5f1408e1a76678aece?s=96&d=mm&r=g","url":"https:\/\/secure.gravatar.com\/avatar\/93febd6873394aa8e975148548a0cb203acfdd42d2c85c5f1408e1a76678aece?s=96&d=mm&r=g","contentUrl":"https:\/\/secure.gravatar.com\/avatar\/93febd6873394aa8e975148548a0cb203acfdd42d2c85c5f1408e1a76678aece?s=96&d=mm&r=g","caption":"Rui Lavrador"},"description":"Iniciou em 2011 o seu percurso em comunica\u00e7\u00e3o social, tendo integrado v\u00e1rios projectos editoriais. Durante o seu percurso integrou projectos como Jornal Hardm\u00fasica, LusoNot\u00edcias, Toureio.pt, ODigital.pt, entre outros \u00d3rg\u00e3os de Comunica\u00e7\u00e3o Social nacionais, na redac\u00e7\u00e3o de v\u00e1rios artigos. Entrevistou a grande maioria das personalidades mais importantes da vida social e cultural do pa\u00eds, destacando-se, tamb\u00e9m, na aprecia\u00e7\u00e3o de v\u00e1rios espect\u00e1culos. Durante o seu percurso, deu a conhecer v\u00e1rios artistas, at\u00e9 ent\u00e3o desconhecidos, ao grande p\u00fablico. Em 2015 criou e fundou o Infocul.pt, projecto no qual assume a direc\u00e7\u00e3o editorial.","sameAs":["http:\/\/www.infocul.pt"]}]}},"_links":{"self":[{"href":"https:\/\/infocul.pt\/arquivo\/wp-json\/wp\/v2\/posts\/64103","targetHints":{"allow":["GET"]}}],"collection":[{"href":"https:\/\/infocul.pt\/arquivo\/wp-json\/wp\/v2\/posts"}],"about":[{"href":"https:\/\/infocul.pt\/arquivo\/wp-json\/wp\/v2\/types\/post"}],"author":[{"embeddable":true,"href":"https:\/\/infocul.pt\/arquivo\/wp-json\/wp\/v2\/users\/2"}],"replies":[{"embeddable":true,"href":"https:\/\/infocul.pt\/arquivo\/wp-json\/wp\/v2\/comments?post=64103"}],"version-history":[{"count":0,"href":"https:\/\/infocul.pt\/arquivo\/wp-json\/wp\/v2\/posts\/64103\/revisions"}],"wp:featuredmedia":[{"embeddable":true,"href":"https:\/\/infocul.pt\/arquivo\/wp-json\/wp\/v2\/media\/73195"}],"wp:attachment":[{"href":"https:\/\/infocul.pt\/arquivo\/wp-json\/wp\/v2\/media?parent=64103"}],"wp:term":[{"taxonomy":"category","embeddable":true,"href":"https:\/\/infocul.pt\/arquivo\/wp-json\/wp\/v2\/categories?post=64103"},{"taxonomy":"post_tag","embeddable":true,"href":"https:\/\/infocul.pt\/arquivo\/wp-json\/wp\/v2\/tags?post=64103"}],"curies":[{"name":"wp","href":"https:\/\/api.w.org\/{rel}","templated":true}]}}