{"id":64124,"date":"2019-12-31T00:00:02","date_gmt":"2019-12-31T00:00:02","guid":{"rendered":"https:\/\/infocul.pt\/?p=64124"},"modified":"2019-12-31T09:21:47","modified_gmt":"2019-12-31T09:21:47","slug":"retrospectiva-as-sete-maravilhas-dos-concertos-em-2019","status":"publish","type":"post","link":"https:\/\/infocul.pt\/arquivo\/cultura\/retrospectiva-as-sete-maravilhas-dos-concertos-em-2019\/","title":{"rendered":"Retrospectiva: As Sete Maravilhas dos Concertos em 2019"},"content":{"rendered":"<p align=\"justify\"><img decoding=\"async\" class=\"aligncenter wp-image-56805 size-large lazyload\" data-src=\"https:\/\/infocul.pt\/arquivo\/wp-content\/uploads\/2019\/05\/Carminho@ColiseuLisboa-7308-1024x683.jpg\" alt=\"\" width=\"800\" height=\"534\" data-srcset=\"https:\/\/infocul.pt\/arquivo\/wp-content\/uploads\/2019\/05\/Carminho@ColiseuLisboa-7308-1024x683.jpg 1024w, https:\/\/infocul.pt\/arquivo\/wp-content\/uploads\/2019\/05\/Carminho@ColiseuLisboa-7308-300x200.jpg 300w, https:\/\/infocul.pt\/arquivo\/wp-content\/uploads\/2019\/05\/Carminho@ColiseuLisboa-7308-768x512.jpg 768w, https:\/\/infocul.pt\/arquivo\/wp-content\/uploads\/2019\/05\/Carminho@ColiseuLisboa-7308.jpg 1800w\" data-sizes=\"(max-width: 800px) 100vw, 800px\" src=\"data:image\/svg+xml;base64,PHN2ZyB3aWR0aD0iMSIgaGVpZ2h0PSIxIiB4bWxucz0iaHR0cDovL3d3dy53My5vcmcvMjAwMC9zdmciPjwvc3ZnPg==\" style=\"--smush-placeholder-width: 800px; --smush-placeholder-aspect-ratio: 800\/534;\" \/><\/p>\n<p align=\"justify\"><span style=\"font-size: xx-small;\"><span style=\"color: #222222;\"><span style=\"font-family: Liberation Serif, serif;\"><span style=\"font-size: medium;\">Como j\u00e1 nos encontramos numa fase de transi\u00e7\u00e3o para a nova d\u00e9cada, esta \u00e9, sem sombra de d\u00favidas, a melhor altura para listar os melhores concertos deste ano.<\/span><\/span><\/span><\/span><!--more--><\/p>\n<p align=\"justify\"><span style=\"font-size: xx-small;\"><span style=\"color: #222222;\"><span style=\"font-family: Liberation Serif, serif;\"><span style=\"font-size: medium;\">Muitas novidades subiram aos palcos Portugueses, muitas vezes surpreendendo pela sua magnitude e talento.<\/span><\/span><\/span><\/span><\/p>\n<p align=\"justify\"><span style=\"font-size: xx-small;\"><span style=\"color: #222222;\"><span style=\"font-family: Liberation Serif, serif;\"><span style=\"font-size: medium;\">Sem ordem em espec\u00edfico, nomeei os seguintes espect\u00e1culos como As Sete Maravilhas dos Concertos de 2019.<\/span><\/span><\/span><\/span><\/p>\n<p align=\"justify\"><span style=\"font-size: xx-small;\"><strong><a href=\"https:\/\/infocul.pt\/arquivo\/cultura\/santa-casa-alfama-miguel-ramos-foi-poderoso-na-igreja-de-sao-miguel\/\"><span style=\"color: #222222;\"><span style=\"font-family: Liberation Serif, serif;\"><span style=\"font-size: medium;\">Miguel Ramos \u2013 Santa Casa Alfama<\/span><\/span><\/span><\/a><\/strong><\/span><\/p>\n<p align=\"justify\"><span style=\"font-size: xx-small;\"><span style=\"color: #222222;\"><span style=\"font-family: Liberation Serif, serif;\"><span style=\"font-size: medium;\">A sua primeira actua\u00e7\u00e3o no festival no bairro alfacinha foi uma grande surpresa para todos os que estavam presentes. Tanto a sua voz como a sua expressividade eram poderos\u00edssimas, embalando o p\u00fablico na Igreja de S\u00e3o Miguel. Numa ac\u00fastica espl\u00eandida, o Fadista interpretou temas como \u201cDona do meu pensamento\u201d , \u201cM\u00e3os Abertas\u201c e \u201cAqui na Alma\u201d. O local permitiu ao p\u00fablico um melhor entendimento da origem religiosa do estilo musical e uma ac\u00fastica \u00fanica, tornando o espect\u00e1culo numa agrad\u00e1vel experi\u00eancia. <\/span><\/span><\/span><\/span><\/p>\n<p align=\"justify\"><span style=\"font-size: xx-small;\"><strong><a href=\"https:\/\/infocul.pt\/arquivo\/cultura\/ed-sheeran-faz-a-plateia-prometer-perder-a-voz-e-o-prometido-e-devido\/\"><span style=\"color: #222222;\"><span style=\"font-family: Liberation Serif, serif;\"><span style=\"font-size: medium;\">Ed Sheeran \u2013 Est\u00e1dio da Luz<\/span><\/span><\/span><\/a><\/strong><\/span><\/p>\n<p align=\"justify\"><span style=\"font-size: xx-small;\"><span style=\"color: #222222;\"><span style=\"font-family: Liberation Serif, serif;\"><span style=\"font-size: medium;\">Este concerto fez hist\u00f3ria, n\u00e3o s\u00f3 pelo talento do artista, mas tamb\u00e9m por ter quebrado um recorde: o artista ingl\u00eas reuniu a maior audi\u00eancia em solo Portugu\u00eas com os eventos da sua autoria, fazendo um total de 120 mil expectadores (divididos por duas datas esgotadas no Est\u00e1dio da Luz).<\/span><\/span><\/span><\/span><\/p>\n<p align=\"justify\"><span style=\"font-size: xx-small;\"><span style=\"color: #222222;\"><span style=\"font-family: Liberation Serif, serif;\"><span style=\"font-size: medium;\">Como complemento ao espect\u00e1culo, Bem Keller, Zara Larsson e James Bay atuaram no in\u00edcio do concerto, preparando o espectador para uma noite memor\u00e1vel.<\/span><\/span><\/span><\/span><\/p>\n<p align=\"justify\"><span style=\"font-size: xx-small;\"><span style=\"color: #222222;\"><span style=\"font-family: Liberation Serif, serif;\"><span style=\"font-size: medium;\">Sozinho, com uma guitarra na m\u00e3o, e com um pedal nos p\u00e9s, o m\u00fasico fez o solo Benfiquista tremer. Estas duas datas ir\u00e3o ser para sempre relembradas pelas cantigas de amor, pedidos de casamento e pela euforia dos f\u00e3s mais fan\u00e1ticos.<\/span><\/span><\/span><\/span><\/p>\n<p align=\"justify\"><span style=\"font-size: xx-small;\"><strong><a href=\"https:\/\/infocul.pt\/arquivo\/cultura\/eddie-vedder-espanta-portugal-pela-decima-primeira-vez\/\"><span style=\"color: #222222;\"><span style=\"font-family: Liberation Serif, serif;\"><span style=\"font-size: medium;\">Eddie Vedder \u2013 Altice Arena<\/span><\/span><\/span><\/a><\/strong><\/span><\/p>\n<p align=\"justify\"><span style=\"font-size: xx-small;\"><span style=\"color: #222222;\"><span style=\"font-family: Liberation Serif, serif;\"><span style=\"font-size: medium;\">Neste concerto de tudo se fez um pouco: abriram-se garrafas de vinho, foram cantados os parab\u00e9ns e foram discutidos assuntos como a pena de morte e a sanidade mental. Num palco decorado como uma sala de estar, o norte-americano permitiu um ambiente de tranquilidade e conforto ao p\u00fablico, como se todos estivessem num grande conv\u00edvio, numa sala a abarrotar de gente. Apesar de n\u00e3o existir um \u00e1lbum novo, o artista arriscou ao fazer uma digress\u00e3o. Esta teve muita ader\u00eancia pelos f\u00e3s da banda Pearl Jam, j\u00e1 que muitos hinos da banda foram tocados.<\/span><\/span><\/span><\/span><\/p>\n<p align=\"justify\"><span style=\"font-size: xx-small;\"><span style=\"color: #222222;\"><span style=\"font-family: Liberation Serif, serif;\"><span style=\"font-size: medium;\">Mesmo n\u00e3o tendo cantado muitos temas pr\u00f3prios, o concerto foi memor\u00e1vel.<\/span><\/span><\/span><\/span><\/p>\n<p align=\"justify\"><span style=\"font-size: xx-small;\"><strong><a href=\"https:\/\/infocul.pt\/arquivo\/cultura\/carminho-mostrou-os-sentimentos-de-maria-ao-coliseu-de-lisboa-reportagem\/\"><span style=\"color: #222222;\"><span style=\"font-family: Liberation Serif, serif;\"><span style=\"font-size: medium;\">Carminho \u2013 Coliseu dos Recreios <\/span><\/span><\/span><\/a><\/strong><\/span><\/p>\n<p align=\"justify\"><span style=\"font-size: xx-small;\"><span style=\"color: #222222;\"><span style=\"font-family: Liberation Serif, serif;\"><span style=\"font-size: medium;\">Esta fadista apresentou o seu trabalho \u201cMaria\u201d ao p\u00fablico alfacinha, que durou \u201c2 sufocante anos\u201d a ficar preparado. Apesar de a visibilidade n\u00e3o ter sido a melhor, foi poss\u00edvel escutar todo o espect\u00e1culo, interpretando as entre linhas e compreendendo a vida de \u201cMaria\u201d, intensificada pelo talento e poder da fadista. \u201cMas eu n\u00e3o sou a \u00fanica Maria que aqui est\u00e1. (\u2026) Esta \u00e9 a vossa hist\u00f3ria. A hist\u00f3ria dos homens repete-se. E por isso, esta \u00e9 uma viagem, n\u00e3o nos vossos fados, mas dentro da nossa hist\u00f3ria. Boa viagem\u201c. Esta mensagem foi deixada pela fadista, tornando a experi\u00eancia mais personalizada e apreci\u00e1vel para os seus ouvintes. <\/span><\/span><\/span><\/span><\/p>\n<p align=\"justify\"><span style=\"font-size: xx-small;\"><strong><a href=\"https:\/\/infocul.pt\/arquivo\/cultura\/novo-capitulo-dos-backstreet-boys-comecou-em-lisboa\/\"><span style=\"color: #222222;\"><span style=\"font-family: Liberation Serif, serif;\"><span style=\"font-size: medium;\">Backstreet Boys \u2013 Altice Arena<\/span><\/span><\/span><\/a><\/strong><\/span><\/p>\n<p align=\"justify\"><span style=\"font-size: xx-small;\"><span style=\"color: #222222;\"><span style=\"font-family: Liberation Serif, serif;\"><span style=\"font-size: medium;\">A primeira paragem da banda na sua digress\u00e3o, ap\u00f3s longos anos nos quais resid\u00eanciavam em Las Vegas, foi no solo Portugu\u00eas. <\/span><\/span><\/span><\/span><\/p>\n<p align=\"justify\"><span style=\"font-size: xx-small;\"><span style=\"color: #222222;\"><span style=\"font-family: Liberation Serif, serif;\"><span style=\"font-size: medium;\">Num espect\u00e1culo onde tudo foi uma grande surpresa, os f\u00e3s Portugueses da boyband Americana puderam assistir, em primeira m\u00e3o, um espect\u00e1culo com uma produ\u00e7\u00e3o imensa, onde os passos de dan\u00e7a e as m\u00fasicas \u201ca capella\u201d n\u00e3o faltaram. <\/span><\/span><\/span><\/span><\/p>\n<p align=\"justify\"><span style=\"font-size: xx-small;\"><span style=\"color: #222222;\"><span style=\"font-family: Liberation Serif, serif;\"><span style=\"font-size: medium;\">Como em qualquer banda pop dos anos 90, foi \u00f3bvia a presen\u00e7a de can\u00e7\u00f5es que todos conhecem, o que permitiu, mesmo a quem n\u00e3o os acompanhou de raiz, cantarolar essas m\u00fasicas intemporais. <\/span><\/span><\/span><\/span><\/p>\n<p align=\"justify\"><span style=\"font-size: xx-small;\"><strong><a href=\"https:\/\/infocul.pt\/arquivo\/cultura\/luis-severo-honrou-jose-mario-branco-no-super-bock-em-stock\/\"><span style=\"color: #222222;\"><span style=\"font-family: Liberation Serif, serif;\"><span style=\"font-size: medium;\">Lu\u00eds Severo \u2013 Super Bock Em Stock (Teatro Tivoli BBVA) <\/span><\/span><\/span><\/a><\/strong><\/span><\/p>\n<p align=\"justify\"><span style=\"font-size: xx-small;\"><span style=\"color: #222222;\"><span style=\"font-family: Liberation Serif, serif;\"><span style=\"font-size: medium;\">Com guitarra el\u00e9ctrica ou teclado, Severo apaixonou o p\u00fablico do Tivoli BBVA. <\/span><\/span><\/span><\/span><\/p>\n<p align=\"justify\"><span style=\"font-size: xx-small;\"><span style=\"color: #222222;\"><span style=\"font-family: Liberation Serif, serif;\"><span style=\"font-size: medium;\">Num curto espa\u00e7o de tempo, o m\u00fasico conseguiu integrar diferentes estados de esp\u00edrito atrav\u00e9s da melodia e l\u00edrica das suas can\u00e7\u00f5es. O cantor destaca-se n\u00e3o s\u00f3 pelas suas habilidades com os instrumentos, mas tamb\u00e9m pela sua vocalidade. Apesar da sua diferente musicalidade em rela\u00e7\u00e3o ao que \u00e9 mainstream, o tema do amor e paix\u00e3o \u00e9 cantado e sentido pelo p\u00fablico no decurso do espect\u00e1culo. <\/span><\/span><\/span><\/span><\/p>\n<p align=\"justify\"><span style=\"font-size: xx-small;\"><strong><span style=\"color: #222222;\"><span style=\"font-family: Liberation Serif, serif;\"><span style=\"font-size: medium;\"><a href=\"https:\/\/infocul.pt\/arquivo\/cultura\/slow-j-acelerou-o-ritmo-no-super-bock-em-stock\/\">Slow J \u2013 Super Bock Em Stock (Coliseu dos Recreios)<\/a> <\/span><\/span><\/span><\/strong><\/span><\/p>\n<p align=\"justify\"><span style=\"font-size: xx-small;\"><span style=\"color: #222222;\"><span style=\"font-family: Liberation Serif, serif;\"><span style=\"font-size: medium;\">Num concerto onde a juventude se encontrou muito presente, Jo\u00e3o Coelho conseguiu encontrar um equil\u00edbrio perfeito entre o Hip-Hop Portugu\u00eas e o seu estilo pessoal. <\/span><\/span><\/span><\/span><\/p>\n<p align=\"justify\"><span style=\"font-size: xx-small;\"><span style=\"color: #222222;\"><span style=\"font-family: Liberation Serif, serif;\"><span style=\"font-size: medium;\">Num concerto surpreendente, onde estiveram inclu\u00eddos o Pappilon e a melodia de uma guitarra Portuguesa, todo o p\u00fablico acompanhava o m\u00fasico com paix\u00e3o pelas palavras cantadas. <\/span><\/span><\/span><\/span><\/p>\n<p align=\"justify\"><span style=\"font-size: xx-small;\"><span style=\"color: #222222;\"><span style=\"font-family: Liberation Serif, serif;\"><span style=\"font-size: medium;\">Apesar de o estilo musical geralmente n\u00e3o agradar a todos, este concerto ofereceu arte que consegue ser apreciada por muitos, at\u00e9 por aqueles que mais se afastam mais da linguagem subcultural. <\/span><\/span><\/span><\/span><\/p>\n<p align=\"justify\">\n","protected":false},"excerpt":{"rendered":"<p>Como j\u00e1 nos encontramos numa fase de transi\u00e7\u00e3o para a nova d\u00e9cada, esta \u00e9, sem sombra de d\u00favidas, a melhor altura para listar os melhores concertos deste ano.<\/p>\n","protected":false},"author":20,"featured_media":56805,"comment_status":"open","ping_status":"closed","sticky":false,"template":"","format":"standard","meta":{"footnotes":""},"categories":[3,2,36,4121],"tags":[],"class_list":["post-64124","post","type-post","status-publish","format-standard","has-post-thumbnail","hentry","category-concertos","category-cultura","category-destaque","category-opiniao"],"yoast_head":"<!-- This site is optimized with the Yoast SEO plugin v27.5 - https:\/\/yoast.com\/product\/yoast-seo-wordpress\/ -->\n<title>Retrospectiva: As Sete Maravilhas dos Concertos em 2019 | Infocul.pt - Arquivo Digital<\/title>\n<meta name=\"description\" content=\"Retrospectiva: As Sete Maravilhas dos Concertos em 2019 | Infocul.pt - Arquivo Digital\" \/>\n<meta name=\"robots\" content=\"noindex, follow, max-snippet:-1, max-image-preview:large, max-video-preview:-1\" \/>\n<meta property=\"og:locale\" content=\"pt_PT\" \/>\n<meta property=\"og:type\" content=\"article\" \/>\n<meta property=\"og:title\" content=\"Retrospectiva: As Sete Maravilhas dos Concertos em 2019 | Infocul.pt - Arquivo Digital\" \/>\n<meta property=\"og:description\" content=\"Retrospectiva: As Sete Maravilhas dos Concertos em 2019 | Infocul.pt - Arquivo Digital\" \/>\n<meta property=\"og:url\" content=\"https:\/\/infocul.pt\/arquivo\/cultura\/retrospectiva-as-sete-maravilhas-dos-concertos-em-2019\/\" \/>\n<meta property=\"og:site_name\" content=\"Infocul.pt - Arquivo Digital\" \/>\n<meta property=\"article:publisher\" content=\"https:\/\/www.facebook.com\/Infocul-147816815585015\/\" \/>\n<meta property=\"article:published_time\" content=\"2019-12-31T00:00:02+00:00\" \/>\n<meta property=\"article:modified_time\" content=\"2019-12-31T09:21:47+00:00\" \/>\n<meta property=\"og:image\" content=\"https:\/\/infocul.pt\/arquivo\/wp-content\/uploads\/2019\/05\/Carminho@ColiseuLisboa-7308.jpg\" \/>\n\t<meta property=\"og:image:width\" content=\"1800\" \/>\n\t<meta property=\"og:image:height\" content=\"1200\" \/>\n\t<meta property=\"og:image:type\" content=\"image\/jpeg\" \/>\n<meta name=\"author\" content=\"Mariana Nave\" \/>\n<meta name=\"twitter:card\" content=\"summary_large_image\" \/>\n<meta name=\"twitter:creator\" content=\"@Infoculpt\" \/>\n<meta name=\"twitter:site\" content=\"@Infoculpt\" \/>\n<meta name=\"twitter:label1\" content=\"Escrito por\" \/>\n\t<meta name=\"twitter:data1\" content=\"Mariana Nave\" \/>\n\t<meta name=\"twitter:label2\" content=\"Tempo estimado de leitura\" \/>\n\t<meta name=\"twitter:data2\" content=\"4 minutos\" \/>\n<script type=\"application\/ld+json\" class=\"yoast-schema-graph\">{\"@context\":\"https:\\\/\\\/schema.org\",\"@graph\":[{\"@type\":\"Article\",\"@id\":\"https:\\\/\\\/infocul.pt\\\/arquivo\\\/cultura\\\/retrospectiva-as-sete-maravilhas-dos-concertos-em-2019\\\/#article\",\"isPartOf\":{\"@id\":\"https:\\\/\\\/infocul.pt\\\/arquivo\\\/cultura\\\/retrospectiva-as-sete-maravilhas-dos-concertos-em-2019\\\/\"},\"author\":{\"name\":\"Mariana Nave\",\"@id\":\"https:\\\/\\\/infocul.pt\\\/arquivo\\\/#\\\/schema\\\/person\\\/81ab97f0541b157888e4cad082e85379\"},\"headline\":\"Retrospectiva: As Sete Maravilhas dos Concertos em 2019\",\"datePublished\":\"2019-12-31T00:00:02+00:00\",\"dateModified\":\"2019-12-31T09:21:47+00:00\",\"mainEntityOfPage\":{\"@id\":\"https:\\\/\\\/infocul.pt\\\/arquivo\\\/cultura\\\/retrospectiva-as-sete-maravilhas-dos-concertos-em-2019\\\/\"},\"wordCount\":839,\"commentCount\":0,\"publisher\":{\"@id\":\"https:\\\/\\\/infocul.pt\\\/arquivo\\\/#organization\"},\"image\":{\"@id\":\"https:\\\/\\\/infocul.pt\\\/arquivo\\\/cultura\\\/retrospectiva-as-sete-maravilhas-dos-concertos-em-2019\\\/#primaryimage\"},\"thumbnailUrl\":\"https:\\\/\\\/infocul.pt\\\/arquivo\\\/wp-content\\\/uploads\\\/2019\\\/05\\\/Carminho@ColiseuLisboa-7308.jpg\",\"articleSection\":[\"Concertos\",\"Cultura\",\"Destaque\",\"Opini\u00e3o\"],\"inLanguage\":\"pt-PT\"},{\"@type\":\"WebPage\",\"@id\":\"https:\\\/\\\/infocul.pt\\\/arquivo\\\/cultura\\\/retrospectiva-as-sete-maravilhas-dos-concertos-em-2019\\\/\",\"url\":\"https:\\\/\\\/infocul.pt\\\/arquivo\\\/cultura\\\/retrospectiva-as-sete-maravilhas-dos-concertos-em-2019\\\/\",\"name\":\"Retrospectiva: As Sete Maravilhas dos Concertos em 2019 | Infocul.pt - Arquivo Digital\",\"isPartOf\":{\"@id\":\"https:\\\/\\\/infocul.pt\\\/arquivo\\\/#website\"},\"primaryImageOfPage\":{\"@id\":\"https:\\\/\\\/infocul.pt\\\/arquivo\\\/cultura\\\/retrospectiva-as-sete-maravilhas-dos-concertos-em-2019\\\/#primaryimage\"},\"image\":{\"@id\":\"https:\\\/\\\/infocul.pt\\\/arquivo\\\/cultura\\\/retrospectiva-as-sete-maravilhas-dos-concertos-em-2019\\\/#primaryimage\"},\"thumbnailUrl\":\"https:\\\/\\\/infocul.pt\\\/arquivo\\\/wp-content\\\/uploads\\\/2019\\\/05\\\/Carminho@ColiseuLisboa-7308.jpg\",\"datePublished\":\"2019-12-31T00:00:02+00:00\",\"dateModified\":\"2019-12-31T09:21:47+00:00\",\"description\":\"Retrospectiva: As Sete Maravilhas dos Concertos em 2019 | Infocul.pt - Arquivo Digital\",\"breadcrumb\":{\"@id\":\"https:\\\/\\\/infocul.pt\\\/arquivo\\\/cultura\\\/retrospectiva-as-sete-maravilhas-dos-concertos-em-2019\\\/#breadcrumb\"},\"inLanguage\":\"pt-PT\",\"potentialAction\":[{\"@type\":\"ReadAction\",\"target\":[\"https:\\\/\\\/infocul.pt\\\/arquivo\\\/cultura\\\/retrospectiva-as-sete-maravilhas-dos-concertos-em-2019\\\/\"]}]},{\"@type\":\"ImageObject\",\"inLanguage\":\"pt-PT\",\"@id\":\"https:\\\/\\\/infocul.pt\\\/arquivo\\\/cultura\\\/retrospectiva-as-sete-maravilhas-dos-concertos-em-2019\\\/#primaryimage\",\"url\":\"https:\\\/\\\/infocul.pt\\\/arquivo\\\/wp-content\\\/uploads\\\/2019\\\/05\\\/Carminho@ColiseuLisboa-7308.jpg\",\"contentUrl\":\"https:\\\/\\\/infocul.pt\\\/arquivo\\\/wp-content\\\/uploads\\\/2019\\\/05\\\/Carminho@ColiseuLisboa-7308.jpg\",\"width\":1800,\"height\":1200},{\"@type\":\"BreadcrumbList\",\"@id\":\"https:\\\/\\\/infocul.pt\\\/arquivo\\\/cultura\\\/retrospectiva-as-sete-maravilhas-dos-concertos-em-2019\\\/#breadcrumb\",\"itemListElement\":[{\"@type\":\"ListItem\",\"position\":1,\"name\":\"Home\",\"item\":\"https:\\\/\\\/infocul.pt\\\/arquivo\\\/\"},{\"@type\":\"ListItem\",\"position\":2,\"name\":\"Retrospectiva: As Sete Maravilhas dos Concertos em 2019\"}]},{\"@type\":\"WebSite\",\"@id\":\"https:\\\/\\\/infocul.pt\\\/arquivo\\\/#website\",\"url\":\"https:\\\/\\\/infocul.pt\\\/arquivo\\\/\",\"name\":\"Infocul.pt - Arquivo Digital\",\"description\":\"Arquivo digital da Infocul.pt\",\"publisher\":{\"@id\":\"https:\\\/\\\/infocul.pt\\\/arquivo\\\/#organization\"},\"potentialAction\":[{\"@type\":\"SearchAction\",\"target\":{\"@type\":\"EntryPoint\",\"urlTemplate\":\"https:\\\/\\\/infocul.pt\\\/arquivo\\\/?s={search_term_string}\"},\"query-input\":{\"@type\":\"PropertyValueSpecification\",\"valueRequired\":true,\"valueName\":\"search_term_string\"}}],\"inLanguage\":\"pt-PT\"},{\"@type\":\"Organization\",\"@id\":\"https:\\\/\\\/infocul.pt\\\/arquivo\\\/#organization\",\"name\":\"Infocul.pt\",\"url\":\"https:\\\/\\\/infocul.pt\\\/arquivo\\\/\",\"logo\":{\"@type\":\"ImageObject\",\"inLanguage\":\"pt-PT\",\"@id\":\"https:\\\/\\\/infocul.pt\\\/arquivo\\\/#\\\/schema\\\/logo\\\/image\\\/\",\"url\":\"https:\\\/\\\/infocul.pt\\\/arquivo\\\/wp-content\\\/uploads\\\/2018\\\/12\\\/Infocul_logo-1.png\",\"contentUrl\":\"https:\\\/\\\/infocul.pt\\\/arquivo\\\/wp-content\\\/uploads\\\/2018\\\/12\\\/Infocul_logo-1.png\",\"width\":800,\"height\":800,\"caption\":\"Infocul.pt\"},\"image\":{\"@id\":\"https:\\\/\\\/infocul.pt\\\/arquivo\\\/#\\\/schema\\\/logo\\\/image\\\/\"},\"sameAs\":[\"https:\\\/\\\/www.facebook.com\\\/Infocul-147816815585015\\\/\",\"https:\\\/\\\/x.com\\\/Infoculpt\",\"http:\\\/\\\/www.pictaram.com\\\/user\\\/infocul.pt\\\/2370423710\",\"https:\\\/\\\/www.youtube.com\\\/channel\\\/UCYEB91AGI9FL9ek2i_IaQAA\"]},{\"@type\":\"Person\",\"@id\":\"https:\\\/\\\/infocul.pt\\\/arquivo\\\/#\\\/schema\\\/person\\\/81ab97f0541b157888e4cad082e85379\",\"name\":\"Mariana Nave\",\"image\":{\"@type\":\"ImageObject\",\"inLanguage\":\"pt-PT\",\"@id\":\"https:\\\/\\\/secure.gravatar.com\\\/avatar\\\/c88ca83ec3e70f2c68e12fb31d20e52e4067a2b7ca6a32ed93bfdfa6797e214d?s=96&d=mm&r=g\",\"url\":\"https:\\\/\\\/secure.gravatar.com\\\/avatar\\\/c88ca83ec3e70f2c68e12fb31d20e52e4067a2b7ca6a32ed93bfdfa6797e214d?s=96&d=mm&r=g\",\"contentUrl\":\"https:\\\/\\\/secure.gravatar.com\\\/avatar\\\/c88ca83ec3e70f2c68e12fb31d20e52e4067a2b7ca6a32ed93bfdfa6797e214d?s=96&d=mm&r=g\",\"caption\":\"Mariana Nave\"},\"description\":\"Em Fevereiro de 2019, come\u00e7ou a trabalhar com o projecto Infocul.pt, sendo este tamb\u00e9m o primeiro projecto com que colabora. Apesar de ainda n\u00e3o ter um longo percurso, continua a trabalhar sempre com o objectivo de melhorar as suas capacidades no ramo da comunica\u00e7\u00e3o social.\"}]}<\/script>\n<!-- \/ Yoast SEO plugin. -->","yoast_head_json":{"title":"Retrospectiva: As Sete Maravilhas dos Concertos em 2019 | Infocul.pt - Arquivo Digital","description":"Retrospectiva: As Sete Maravilhas dos Concertos em 2019 | Infocul.pt - Arquivo Digital","robots":{"index":"noindex","follow":"follow","max-snippet":"max-snippet:-1","max-image-preview":"max-image-preview:large","max-video-preview":"max-video-preview:-1"},"og_locale":"pt_PT","og_type":"article","og_title":"Retrospectiva: As Sete Maravilhas dos Concertos em 2019 | Infocul.pt - Arquivo Digital","og_description":"Retrospectiva: As Sete Maravilhas dos Concertos em 2019 | Infocul.pt - Arquivo Digital","og_url":"https:\/\/infocul.pt\/arquivo\/cultura\/retrospectiva-as-sete-maravilhas-dos-concertos-em-2019\/","og_site_name":"Infocul.pt - Arquivo Digital","article_publisher":"https:\/\/www.facebook.com\/Infocul-147816815585015\/","article_published_time":"2019-12-31T00:00:02+00:00","article_modified_time":"2019-12-31T09:21:47+00:00","og_image":[{"width":1800,"height":1200,"url":"https:\/\/infocul.pt\/arquivo\/wp-content\/uploads\/2019\/05\/Carminho@ColiseuLisboa-7308.jpg","type":"image\/jpeg"}],"author":"Mariana Nave","twitter_card":"summary_large_image","twitter_creator":"@Infoculpt","twitter_site":"@Infoculpt","twitter_misc":{"Escrito por":"Mariana Nave","Tempo estimado de leitura":"4 minutos"},"schema":{"@context":"https:\/\/schema.org","@graph":[{"@type":"Article","@id":"https:\/\/infocul.pt\/arquivo\/cultura\/retrospectiva-as-sete-maravilhas-dos-concertos-em-2019\/#article","isPartOf":{"@id":"https:\/\/infocul.pt\/arquivo\/cultura\/retrospectiva-as-sete-maravilhas-dos-concertos-em-2019\/"},"author":{"name":"Mariana Nave","@id":"https:\/\/infocul.pt\/arquivo\/#\/schema\/person\/81ab97f0541b157888e4cad082e85379"},"headline":"Retrospectiva: As Sete Maravilhas dos Concertos em 2019","datePublished":"2019-12-31T00:00:02+00:00","dateModified":"2019-12-31T09:21:47+00:00","mainEntityOfPage":{"@id":"https:\/\/infocul.pt\/arquivo\/cultura\/retrospectiva-as-sete-maravilhas-dos-concertos-em-2019\/"},"wordCount":839,"commentCount":0,"publisher":{"@id":"https:\/\/infocul.pt\/arquivo\/#organization"},"image":{"@id":"https:\/\/infocul.pt\/arquivo\/cultura\/retrospectiva-as-sete-maravilhas-dos-concertos-em-2019\/#primaryimage"},"thumbnailUrl":"https:\/\/infocul.pt\/arquivo\/wp-content\/uploads\/2019\/05\/Carminho@ColiseuLisboa-7308.jpg","articleSection":["Concertos","Cultura","Destaque","Opini\u00e3o"],"inLanguage":"pt-PT"},{"@type":"WebPage","@id":"https:\/\/infocul.pt\/arquivo\/cultura\/retrospectiva-as-sete-maravilhas-dos-concertos-em-2019\/","url":"https:\/\/infocul.pt\/arquivo\/cultura\/retrospectiva-as-sete-maravilhas-dos-concertos-em-2019\/","name":"Retrospectiva: As Sete Maravilhas dos Concertos em 2019 | Infocul.pt - Arquivo Digital","isPartOf":{"@id":"https:\/\/infocul.pt\/arquivo\/#website"},"primaryImageOfPage":{"@id":"https:\/\/infocul.pt\/arquivo\/cultura\/retrospectiva-as-sete-maravilhas-dos-concertos-em-2019\/#primaryimage"},"image":{"@id":"https:\/\/infocul.pt\/arquivo\/cultura\/retrospectiva-as-sete-maravilhas-dos-concertos-em-2019\/#primaryimage"},"thumbnailUrl":"https:\/\/infocul.pt\/arquivo\/wp-content\/uploads\/2019\/05\/Carminho@ColiseuLisboa-7308.jpg","datePublished":"2019-12-31T00:00:02+00:00","dateModified":"2019-12-31T09:21:47+00:00","description":"Retrospectiva: As Sete Maravilhas dos Concertos em 2019 | Infocul.pt - Arquivo Digital","breadcrumb":{"@id":"https:\/\/infocul.pt\/arquivo\/cultura\/retrospectiva-as-sete-maravilhas-dos-concertos-em-2019\/#breadcrumb"},"inLanguage":"pt-PT","potentialAction":[{"@type":"ReadAction","target":["https:\/\/infocul.pt\/arquivo\/cultura\/retrospectiva-as-sete-maravilhas-dos-concertos-em-2019\/"]}]},{"@type":"ImageObject","inLanguage":"pt-PT","@id":"https:\/\/infocul.pt\/arquivo\/cultura\/retrospectiva-as-sete-maravilhas-dos-concertos-em-2019\/#primaryimage","url":"https:\/\/infocul.pt\/arquivo\/wp-content\/uploads\/2019\/05\/Carminho@ColiseuLisboa-7308.jpg","contentUrl":"https:\/\/infocul.pt\/arquivo\/wp-content\/uploads\/2019\/05\/Carminho@ColiseuLisboa-7308.jpg","width":1800,"height":1200},{"@type":"BreadcrumbList","@id":"https:\/\/infocul.pt\/arquivo\/cultura\/retrospectiva-as-sete-maravilhas-dos-concertos-em-2019\/#breadcrumb","itemListElement":[{"@type":"ListItem","position":1,"name":"Home","item":"https:\/\/infocul.pt\/arquivo\/"},{"@type":"ListItem","position":2,"name":"Retrospectiva: As Sete Maravilhas dos Concertos em 2019"}]},{"@type":"WebSite","@id":"https:\/\/infocul.pt\/arquivo\/#website","url":"https:\/\/infocul.pt\/arquivo\/","name":"Infocul.pt - Arquivo Digital","description":"Arquivo digital da Infocul.pt","publisher":{"@id":"https:\/\/infocul.pt\/arquivo\/#organization"},"potentialAction":[{"@type":"SearchAction","target":{"@type":"EntryPoint","urlTemplate":"https:\/\/infocul.pt\/arquivo\/?s={search_term_string}"},"query-input":{"@type":"PropertyValueSpecification","valueRequired":true,"valueName":"search_term_string"}}],"inLanguage":"pt-PT"},{"@type":"Organization","@id":"https:\/\/infocul.pt\/arquivo\/#organization","name":"Infocul.pt","url":"https:\/\/infocul.pt\/arquivo\/","logo":{"@type":"ImageObject","inLanguage":"pt-PT","@id":"https:\/\/infocul.pt\/arquivo\/#\/schema\/logo\/image\/","url":"https:\/\/infocul.pt\/arquivo\/wp-content\/uploads\/2018\/12\/Infocul_logo-1.png","contentUrl":"https:\/\/infocul.pt\/arquivo\/wp-content\/uploads\/2018\/12\/Infocul_logo-1.png","width":800,"height":800,"caption":"Infocul.pt"},"image":{"@id":"https:\/\/infocul.pt\/arquivo\/#\/schema\/logo\/image\/"},"sameAs":["https:\/\/www.facebook.com\/Infocul-147816815585015\/","https:\/\/x.com\/Infoculpt","http:\/\/www.pictaram.com\/user\/infocul.pt\/2370423710","https:\/\/www.youtube.com\/channel\/UCYEB91AGI9FL9ek2i_IaQAA"]},{"@type":"Person","@id":"https:\/\/infocul.pt\/arquivo\/#\/schema\/person\/81ab97f0541b157888e4cad082e85379","name":"Mariana Nave","image":{"@type":"ImageObject","inLanguage":"pt-PT","@id":"https:\/\/secure.gravatar.com\/avatar\/c88ca83ec3e70f2c68e12fb31d20e52e4067a2b7ca6a32ed93bfdfa6797e214d?s=96&d=mm&r=g","url":"https:\/\/secure.gravatar.com\/avatar\/c88ca83ec3e70f2c68e12fb31d20e52e4067a2b7ca6a32ed93bfdfa6797e214d?s=96&d=mm&r=g","contentUrl":"https:\/\/secure.gravatar.com\/avatar\/c88ca83ec3e70f2c68e12fb31d20e52e4067a2b7ca6a32ed93bfdfa6797e214d?s=96&d=mm&r=g","caption":"Mariana Nave"},"description":"Em Fevereiro de 2019, come\u00e7ou a trabalhar com o projecto Infocul.pt, sendo este tamb\u00e9m o primeiro projecto com que colabora. Apesar de ainda n\u00e3o ter um longo percurso, continua a trabalhar sempre com o objectivo de melhorar as suas capacidades no ramo da comunica\u00e7\u00e3o social."}]}},"_links":{"self":[{"href":"https:\/\/infocul.pt\/arquivo\/wp-json\/wp\/v2\/posts\/64124","targetHints":{"allow":["GET"]}}],"collection":[{"href":"https:\/\/infocul.pt\/arquivo\/wp-json\/wp\/v2\/posts"}],"about":[{"href":"https:\/\/infocul.pt\/arquivo\/wp-json\/wp\/v2\/types\/post"}],"author":[{"embeddable":true,"href":"https:\/\/infocul.pt\/arquivo\/wp-json\/wp\/v2\/users\/20"}],"replies":[{"embeddable":true,"href":"https:\/\/infocul.pt\/arquivo\/wp-json\/wp\/v2\/comments?post=64124"}],"version-history":[{"count":0,"href":"https:\/\/infocul.pt\/arquivo\/wp-json\/wp\/v2\/posts\/64124\/revisions"}],"wp:featuredmedia":[{"embeddable":true,"href":"https:\/\/infocul.pt\/arquivo\/wp-json\/wp\/v2\/media\/56805"}],"wp:attachment":[{"href":"https:\/\/infocul.pt\/arquivo\/wp-json\/wp\/v2\/media?parent=64124"}],"wp:term":[{"taxonomy":"category","embeddable":true,"href":"https:\/\/infocul.pt\/arquivo\/wp-json\/wp\/v2\/categories?post=64124"},{"taxonomy":"post_tag","embeddable":true,"href":"https:\/\/infocul.pt\/arquivo\/wp-json\/wp\/v2\/tags?post=64124"}],"curies":[{"name":"wp","href":"https:\/\/api.w.org\/{rel}","templated":true}]}}