{"id":64159,"date":"2019-12-31T00:00:38","date_gmt":"2019-12-31T00:00:38","guid":{"rendered":"https:\/\/infocul.pt\/?p=64159"},"modified":"2019-12-23T17:09:53","modified_gmt":"2019-12-23T17:09:53","slug":"10-acontecimentos-que-marcaram-2019","status":"publish","type":"post","link":"https:\/\/infocul.pt\/arquivo\/actualidade\/10-acontecimentos-que-marcaram-2019\/","title":{"rendered":"10 Acontecimentos que marcaram 2019"},"content":{"rendered":"<p align=\"justify\"><img decoding=\"async\" class=\"aligncenter wp-image-64160 size-full lazyload\" data-src=\"https:\/\/infocul.pt\/arquivo\/wp-content\/uploads\/2019\/12\/2019.jpg\" alt=\"\" width=\"612\" height=\"306\" data-srcset=\"https:\/\/infocul.pt\/arquivo\/wp-content\/uploads\/2019\/12\/2019.jpg 612w, https:\/\/infocul.pt\/arquivo\/wp-content\/uploads\/2019\/12\/2019-300x150.jpg 300w\" data-sizes=\"(max-width: 612px) 100vw, 612px\" src=\"data:image\/svg+xml;base64,PHN2ZyB3aWR0aD0iMSIgaGVpZ2h0PSIxIiB4bWxucz0iaHR0cDovL3d3dy53My5vcmcvMjAwMC9zdmciPjwvc3ZnPg==\" style=\"--smush-placeholder-width: 612px; --smush-placeholder-aspect-ratio: 612\/306;\" \/><\/p>\n<p align=\"justify\"><span style=\"font-size: xx-small;\"><span style=\"color: #222222;\"><span style=\"font-family: Liberation Serif, serif;\"><span style=\"font-size: medium;\">Numa curta lista, decidi nomear os 10 momentos mais importantes, n\u00e3o s\u00f3 da hist\u00f3ria do nosso pa\u00eds, mas tamb\u00e9m do mundo, que mudaram (ou ir\u00e3o mudar) a vida dos portugueses.<\/span><\/span><\/span><\/span><!--more--><\/p>\n<p align=\"justify\"><strong><span style=\"font-size: xx-small;\"><span style=\"color: #222222;\"><span style=\"font-family: Liberation Serif, serif;\"><span style=\"font-size: medium;\">Depress\u00e3o Helena <\/span><\/span><\/span><\/span><\/strong><\/p>\n<p align=\"justify\"><span style=\"color: #222222; font-family: Liberation Serif, serif; font-size: medium;\">Esta cat\u00e1strofe natural marcou o in\u00edcio do ano de 2019. Centrada a noroeste do golfo de Biscaia em Espanha, teve uma grande incid\u00eancia no solo Portugu\u00eas, onde o vento e a agita\u00e7\u00e3o mar\u00edtima foram as maiores perturba\u00e7\u00f5es, tendo afectado principalmente as zonas Litoral Norte e Centro.<\/span><\/p>\n<p align=\"justify\">\n<p align=\"justify\"><strong><span style=\"font-size: xx-small;\"><span style=\"color: #222222;\"><span style=\"font-family: Liberation Serif, serif;\"><span style=\"font-size: medium;\">Protestos em Hong-Kong <\/span><\/span><\/span><\/span><\/strong><\/p>\n<p align=\"justify\"><span style=\"color: #222222; font-family: Liberation Serif, serif; font-size: medium;\">Estes protestos do povo Chin\u00eas devem-se \u00e0 sua revolta perante a instaura\u00e7\u00e3o do projecto de lei de extradi\u00e7\u00e3o, proposto pelo Governo de Hong Kong. Estes tiveram lugar n\u00e3o s\u00f3 em Hong-Kong, mas tamb\u00e9m em outras cidades da China.<\/span><\/p>\n<p align=\"justify\">\n<p align=\"justify\"><strong><span style=\"font-size: xx-small;\"><span style=\"color: #222222;\"><span style=\"font-family: Liberation Serif, serif;\"><span style=\"font-size: medium;\">Encontro de Kim Jong-Un com Donald Trump <\/span><\/span><\/span><\/span><\/strong><\/p>\n<p align=\"justify\"><span style=\"font-size: xx-small;\"><span style=\"color: #222222;\"><span style=\"font-family: Liberation Serif, serif;\"><span style=\"font-size: medium;\">Trump tornou-se o primeiro presidente a estar em solo Norte-Coreano, logo ap\u00f3s o seu aperto de m\u00e3o na zona desmitalizada entre as Coreias . O encontro entre os chefes de estado teve a dura\u00e7\u00e3o de 50 minutos, que resultou em futuras conversa\u00e7\u00f5es em rela\u00e7\u00e3o ao processo de desnucleariza\u00e7\u00e3o. <\/span><\/span><\/span><\/span><\/p>\n<p align=\"justify\">\n<p align=\"justify\"><strong><span style=\"font-size: xx-small;\"><span style=\"color: #222222;\"><span style=\"font-family: Liberation Serif, serif;\"><span style=\"font-size: medium;\">Emerg\u00eancia: Inc\u00eandios na Amaz\u00f3nia <\/span><\/span><\/span><\/span><\/strong><\/p>\n<p align=\"justify\"><span style=\"font-size: xx-small;\"><span style=\"color: #222222;\"><span style=\"font-family: Liberation Serif, serif;\"><span style=\"font-size: medium;\">Foi declarado estado de emerg\u00eancia deste local a 11 de Agosto. Entre protestos e afirma\u00e7\u00f5es pol\u00edticas de outros pa\u00edses (que para Jair Bolsonaro causaram \u201cdesinforma\u00e7\u00e3o\u201d), os fogos destru\u00edram parte da floresta Amaz\u00f3nica, deixando o Planeta preocupado. <\/span><\/span><\/span><\/span><\/p>\n<p align=\"justify\">\n<p align=\"justify\"><strong><span style=\"font-size: xx-small;\"><span style=\"color: #222222;\"><span style=\"font-family: Liberation Serif, serif;\"><span style=\"font-size: medium;\">Protestos dos Camionistas <\/span><\/span><\/span><\/span><\/strong><\/p>\n<p align=\"justify\"><span style=\"font-size: xx-small;\"><span style=\"color: #222222;\"><span style=\"font-family: Liberation Serif, serif;\"><span style=\"font-size: medium;\">A Greve dos Motoristas de Mat\u00e9rias Perigosas causou filas intermin\u00e1veis pelas bombas de gasolina do pa\u00eds. O medo de ficar sem combust\u00edvel foi sentido por todo o povo.<\/span><\/span><\/span><\/span><\/p>\n<p align=\"justify\">\n<p align=\"justify\"><strong><span style=\"font-size: xx-small;\"><span style=\"color: #222222;\"><span style=\"font-family: Liberation Serif, serif;\"><span style=\"font-size: medium;\">Greta e as Greves Clim\u00e1ticas <\/span><\/span><\/span><\/span><\/strong><\/p>\n<p align=\"justify\"><span style=\"font-size: xx-small;\"><span style=\"color: #222222;\"><span style=\"font-family: Liberation Serif, serif;\"><span style=\"font-size: medium;\">Greta Thunberg iniciou a iniciativa \u201cFridays For Climate\u201d, que inspirou muitos jovens a mudar o seu futuro. \u201cOh Senhor Ministro\/ Explique por favor\/ Porque \u00e9 que em Mar\u00e7o\/ Esteve mais calor\u201d, cantaram os jovens, unidos pelo ambiente.<\/span><\/span><\/span><\/span><\/p>\n<p align=\"justify\">\n<p align=\"justify\"><strong><span style=\"font-size: xx-small;\"><span style=\"color: #222222;\"><span style=\"font-family: Liberation Serif, serif;\"><span style=\"font-size: medium;\">Elei\u00e7\u00f5es Legislativas (6 de Outubro)<\/span><\/span><\/span><\/span><\/strong><\/p>\n<p align=\"justify\"><span style=\"font-size: xx-small;\"><span style=\"color: #222222;\"><span style=\"font-family: Liberation Serif, serif;\"><span style=\"font-size: medium;\">Marcadas pela vit\u00f3ria do Partido Socialista, com a ajuda do voto de 1,8 milh\u00f5es de Portugueses. Com uma taxa de absten\u00e7\u00e3o superior a 50%, pouco mais de 5 milh\u00f5es de Portugueses exerceram o seu poder de voto.<\/span><\/span><\/span><\/span><\/p>\n<p align=\"justify\"><strong><span style=\"font-size: xx-small;\"><span style=\"color: #222222;\"><span style=\"font-family: Liberation Serif, serif;\"><span style=\"font-size: medium;\">Protestos na Catalunha <\/span><\/span><\/span><\/span><\/strong><\/p>\n<p align=\"justify\"><span style=\"font-size: xx-small;\"><span style=\"color: #222222;\"><span style=\"font-family: Liberation Serif, serif;\"><span style=\"font-size: medium;\">Com o objetivo de alcan\u00e7ar a independ\u00eancia da Catalunha, dezenas de milhares de Espanh\u00f3is expressaram o seu descontentamento. O protesto acabou por adiar um jogo de futebol, o \u201cEl Classico\u201d.<\/span><\/span><\/span><\/span><\/p>\n<p align=\"justify\"><strong><span style=\"font-size: xx-small;\"><span style=\"color: #222222;\"><span style=\"font-family: Liberation Serif, serif;\"><span style=\"font-size: medium;\">Impeachment de Donald Trump <\/span><\/span><\/span><\/span><\/strong><\/p>\n<p align=\"justify\"><span style=\"font-size: xx-small;\"><span style=\"color: #222222;\"><span style=\"font-family: Liberation Serif, serif;\"><span style=\"font-size: medium;\">O inqu\u00e9rito que foi iniciado a 24 de Setembro foi aprovado. Trump foi acusado de abuso de poder e obstru\u00e7\u00e3o do Congresso, tornando-se o terceiro Presidente da hist\u00f3ria dos EUA a que ocorre o processo de Impeachment.<\/span><\/span><\/span><\/span><\/p>\n<p align=\"justify\"><strong><span style=\"font-size: xx-small;\"><span style=\"color: #222222;\"><span style=\"font-family: Liberation Serif, serif;\"><span style=\"font-size: medium;\">Brexit: Parlamento brit\u00e2nico aprova \u201cdiv\u00f3rcio\u201d com a Uni\u00e3o Europeia <\/span><\/span><\/span><\/span><\/strong><\/p>\n<p align=\"justify\"><span style=\"font-size: xx-small;\"><span style=\"color: #222222;\"><span style=\"font-family: Liberation Serif, serif;\"><span style=\"font-size: medium;\">Foi aprovado pelo Parlamento Brit\u00e2nico a retirada do pa\u00eds da Uni\u00e3o Europeia, a tempo de o Reino Unido sair na data prevista de 31 de Janeiro de 2020.<\/span><\/span><\/span><\/span><\/p>\n","protected":false},"excerpt":{"rendered":"<p>Numa curta lista, decidi nomear os 10 momentos mais importantes, n\u00e3o s\u00f3 da hist\u00f3ria do nosso pa\u00eds, mas tamb\u00e9m do mundo, que mudaram (ou ir\u00e3o mudar) a vida dos portugueses.<\/p>\n","protected":false},"author":20,"featured_media":64160,"comment_status":"open","ping_status":"closed","sticky":false,"template":"","format":"standard","meta":{"footnotes":""},"categories":[10,36,12,4121,11,16],"tags":[],"class_list":["post-64159","post","type-post","status-publish","format-standard","has-post-thumbnail","hentry","category-actualidade","category-destaque","category-mundo","category-opiniao","category-pais","category-politica"],"yoast_head":"<!-- This site is optimized with the Yoast SEO plugin v27.5 - https:\/\/yoast.com\/product\/yoast-seo-wordpress\/ -->\n<title>10 Acontecimentos que marcaram 2019 | Infocul.pt - Arquivo Digital<\/title>\n<meta name=\"description\" content=\"10 Acontecimentos que marcaram 2019 | Infocul.pt - Arquivo Digital\" \/>\n<meta name=\"robots\" content=\"noindex, follow, max-snippet:-1, max-image-preview:large, max-video-preview:-1\" \/>\n<meta property=\"og:locale\" content=\"pt_PT\" \/>\n<meta property=\"og:type\" content=\"article\" \/>\n<meta property=\"og:title\" content=\"10 Acontecimentos que marcaram 2019 | Infocul.pt - Arquivo Digital\" \/>\n<meta property=\"og:description\" content=\"10 Acontecimentos que marcaram 2019 | Infocul.pt - Arquivo Digital\" \/>\n<meta property=\"og:url\" content=\"https:\/\/infocul.pt\/arquivo\/actualidade\/10-acontecimentos-que-marcaram-2019\/\" \/>\n<meta property=\"og:site_name\" content=\"Infocul.pt - Arquivo Digital\" \/>\n<meta property=\"article:publisher\" content=\"https:\/\/www.facebook.com\/Infocul-147816815585015\/\" \/>\n<meta property=\"article:published_time\" content=\"2019-12-31T00:00:38+00:00\" \/>\n<meta property=\"og:image\" content=\"https:\/\/infocul.pt\/arquivo\/wp-content\/uploads\/2019\/12\/2019.jpg\" \/>\n\t<meta property=\"og:image:width\" content=\"612\" \/>\n\t<meta property=\"og:image:height\" content=\"306\" \/>\n\t<meta property=\"og:image:type\" content=\"image\/jpeg\" \/>\n<meta name=\"author\" content=\"Mariana Nave\" \/>\n<meta name=\"twitter:card\" content=\"summary_large_image\" \/>\n<meta name=\"twitter:creator\" content=\"@Infoculpt\" \/>\n<meta name=\"twitter:site\" content=\"@Infoculpt\" \/>\n<meta name=\"twitter:label1\" content=\"Escrito por\" \/>\n\t<meta name=\"twitter:data1\" content=\"Mariana Nave\" \/>\n\t<meta name=\"twitter:label2\" content=\"Tempo estimado de leitura\" \/>\n\t<meta name=\"twitter:data2\" content=\"2 minutos\" \/>\n<script type=\"application\/ld+json\" class=\"yoast-schema-graph\">{\"@context\":\"https:\\\/\\\/schema.org\",\"@graph\":[{\"@type\":\"Article\",\"@id\":\"https:\\\/\\\/infocul.pt\\\/arquivo\\\/actualidade\\\/10-acontecimentos-que-marcaram-2019\\\/#article\",\"isPartOf\":{\"@id\":\"https:\\\/\\\/infocul.pt\\\/arquivo\\\/actualidade\\\/10-acontecimentos-que-marcaram-2019\\\/\"},\"author\":{\"name\":\"Mariana Nave\",\"@id\":\"https:\\\/\\\/infocul.pt\\\/arquivo\\\/#\\\/schema\\\/person\\\/81ab97f0541b157888e4cad082e85379\"},\"headline\":\"10 Acontecimentos que marcaram 2019\",\"datePublished\":\"2019-12-31T00:00:38+00:00\",\"mainEntityOfPage\":{\"@id\":\"https:\\\/\\\/infocul.pt\\\/arquivo\\\/actualidade\\\/10-acontecimentos-que-marcaram-2019\\\/\"},\"wordCount\":486,\"commentCount\":0,\"publisher\":{\"@id\":\"https:\\\/\\\/infocul.pt\\\/arquivo\\\/#organization\"},\"image\":{\"@id\":\"https:\\\/\\\/infocul.pt\\\/arquivo\\\/actualidade\\\/10-acontecimentos-que-marcaram-2019\\\/#primaryimage\"},\"thumbnailUrl\":\"https:\\\/\\\/infocul.pt\\\/arquivo\\\/wp-content\\\/uploads\\\/2019\\\/12\\\/2019.jpg\",\"articleSection\":[\"Actualidade\",\"Destaque\",\"Mundo\",\"Opini\u00e3o\",\"Pa\u00eds\",\"Politica\"],\"inLanguage\":\"pt-PT\"},{\"@type\":\"WebPage\",\"@id\":\"https:\\\/\\\/infocul.pt\\\/arquivo\\\/actualidade\\\/10-acontecimentos-que-marcaram-2019\\\/\",\"url\":\"https:\\\/\\\/infocul.pt\\\/arquivo\\\/actualidade\\\/10-acontecimentos-que-marcaram-2019\\\/\",\"name\":\"10 Acontecimentos que marcaram 2019 | Infocul.pt - Arquivo Digital\",\"isPartOf\":{\"@id\":\"https:\\\/\\\/infocul.pt\\\/arquivo\\\/#website\"},\"primaryImageOfPage\":{\"@id\":\"https:\\\/\\\/infocul.pt\\\/arquivo\\\/actualidade\\\/10-acontecimentos-que-marcaram-2019\\\/#primaryimage\"},\"image\":{\"@id\":\"https:\\\/\\\/infocul.pt\\\/arquivo\\\/actualidade\\\/10-acontecimentos-que-marcaram-2019\\\/#primaryimage\"},\"thumbnailUrl\":\"https:\\\/\\\/infocul.pt\\\/arquivo\\\/wp-content\\\/uploads\\\/2019\\\/12\\\/2019.jpg\",\"datePublished\":\"2019-12-31T00:00:38+00:00\",\"description\":\"10 Acontecimentos que marcaram 2019 | Infocul.pt - Arquivo Digital\",\"breadcrumb\":{\"@id\":\"https:\\\/\\\/infocul.pt\\\/arquivo\\\/actualidade\\\/10-acontecimentos-que-marcaram-2019\\\/#breadcrumb\"},\"inLanguage\":\"pt-PT\",\"potentialAction\":[{\"@type\":\"ReadAction\",\"target\":[\"https:\\\/\\\/infocul.pt\\\/arquivo\\\/actualidade\\\/10-acontecimentos-que-marcaram-2019\\\/\"]}]},{\"@type\":\"ImageObject\",\"inLanguage\":\"pt-PT\",\"@id\":\"https:\\\/\\\/infocul.pt\\\/arquivo\\\/actualidade\\\/10-acontecimentos-que-marcaram-2019\\\/#primaryimage\",\"url\":\"https:\\\/\\\/infocul.pt\\\/arquivo\\\/wp-content\\\/uploads\\\/2019\\\/12\\\/2019.jpg\",\"contentUrl\":\"https:\\\/\\\/infocul.pt\\\/arquivo\\\/wp-content\\\/uploads\\\/2019\\\/12\\\/2019.jpg\",\"width\":612,\"height\":306},{\"@type\":\"BreadcrumbList\",\"@id\":\"https:\\\/\\\/infocul.pt\\\/arquivo\\\/actualidade\\\/10-acontecimentos-que-marcaram-2019\\\/#breadcrumb\",\"itemListElement\":[{\"@type\":\"ListItem\",\"position\":1,\"name\":\"Home\",\"item\":\"https:\\\/\\\/infocul.pt\\\/arquivo\\\/\"},{\"@type\":\"ListItem\",\"position\":2,\"name\":\"10 Acontecimentos que marcaram 2019\"}]},{\"@type\":\"WebSite\",\"@id\":\"https:\\\/\\\/infocul.pt\\\/arquivo\\\/#website\",\"url\":\"https:\\\/\\\/infocul.pt\\\/arquivo\\\/\",\"name\":\"Infocul.pt - Arquivo Digital\",\"description\":\"Arquivo digital da Infocul.pt\",\"publisher\":{\"@id\":\"https:\\\/\\\/infocul.pt\\\/arquivo\\\/#organization\"},\"potentialAction\":[{\"@type\":\"SearchAction\",\"target\":{\"@type\":\"EntryPoint\",\"urlTemplate\":\"https:\\\/\\\/infocul.pt\\\/arquivo\\\/?s={search_term_string}\"},\"query-input\":{\"@type\":\"PropertyValueSpecification\",\"valueRequired\":true,\"valueName\":\"search_term_string\"}}],\"inLanguage\":\"pt-PT\"},{\"@type\":\"Organization\",\"@id\":\"https:\\\/\\\/infocul.pt\\\/arquivo\\\/#organization\",\"name\":\"Infocul.pt\",\"url\":\"https:\\\/\\\/infocul.pt\\\/arquivo\\\/\",\"logo\":{\"@type\":\"ImageObject\",\"inLanguage\":\"pt-PT\",\"@id\":\"https:\\\/\\\/infocul.pt\\\/arquivo\\\/#\\\/schema\\\/logo\\\/image\\\/\",\"url\":\"https:\\\/\\\/infocul.pt\\\/arquivo\\\/wp-content\\\/uploads\\\/2018\\\/12\\\/Infocul_logo-1.png\",\"contentUrl\":\"https:\\\/\\\/infocul.pt\\\/arquivo\\\/wp-content\\\/uploads\\\/2018\\\/12\\\/Infocul_logo-1.png\",\"width\":800,\"height\":800,\"caption\":\"Infocul.pt\"},\"image\":{\"@id\":\"https:\\\/\\\/infocul.pt\\\/arquivo\\\/#\\\/schema\\\/logo\\\/image\\\/\"},\"sameAs\":[\"https:\\\/\\\/www.facebook.com\\\/Infocul-147816815585015\\\/\",\"https:\\\/\\\/x.com\\\/Infoculpt\",\"http:\\\/\\\/www.pictaram.com\\\/user\\\/infocul.pt\\\/2370423710\",\"https:\\\/\\\/www.youtube.com\\\/channel\\\/UCYEB91AGI9FL9ek2i_IaQAA\"]},{\"@type\":\"Person\",\"@id\":\"https:\\\/\\\/infocul.pt\\\/arquivo\\\/#\\\/schema\\\/person\\\/81ab97f0541b157888e4cad082e85379\",\"name\":\"Mariana Nave\",\"image\":{\"@type\":\"ImageObject\",\"inLanguage\":\"pt-PT\",\"@id\":\"https:\\\/\\\/secure.gravatar.com\\\/avatar\\\/c88ca83ec3e70f2c68e12fb31d20e52e4067a2b7ca6a32ed93bfdfa6797e214d?s=96&d=mm&r=g\",\"url\":\"https:\\\/\\\/secure.gravatar.com\\\/avatar\\\/c88ca83ec3e70f2c68e12fb31d20e52e4067a2b7ca6a32ed93bfdfa6797e214d?s=96&d=mm&r=g\",\"contentUrl\":\"https:\\\/\\\/secure.gravatar.com\\\/avatar\\\/c88ca83ec3e70f2c68e12fb31d20e52e4067a2b7ca6a32ed93bfdfa6797e214d?s=96&d=mm&r=g\",\"caption\":\"Mariana Nave\"},\"description\":\"Em Fevereiro de 2019, come\u00e7ou a trabalhar com o projecto Infocul.pt, sendo este tamb\u00e9m o primeiro projecto com que colabora. Apesar de ainda n\u00e3o ter um longo percurso, continua a trabalhar sempre com o objectivo de melhorar as suas capacidades no ramo da comunica\u00e7\u00e3o social.\"}]}<\/script>\n<!-- \/ Yoast SEO plugin. -->","yoast_head_json":{"title":"10 Acontecimentos que marcaram 2019 | Infocul.pt - Arquivo Digital","description":"10 Acontecimentos que marcaram 2019 | Infocul.pt - Arquivo Digital","robots":{"index":"noindex","follow":"follow","max-snippet":"max-snippet:-1","max-image-preview":"max-image-preview:large","max-video-preview":"max-video-preview:-1"},"og_locale":"pt_PT","og_type":"article","og_title":"10 Acontecimentos que marcaram 2019 | Infocul.pt - Arquivo Digital","og_description":"10 Acontecimentos que marcaram 2019 | Infocul.pt - Arquivo Digital","og_url":"https:\/\/infocul.pt\/arquivo\/actualidade\/10-acontecimentos-que-marcaram-2019\/","og_site_name":"Infocul.pt - Arquivo Digital","article_publisher":"https:\/\/www.facebook.com\/Infocul-147816815585015\/","article_published_time":"2019-12-31T00:00:38+00:00","og_image":[{"width":612,"height":306,"url":"https:\/\/infocul.pt\/arquivo\/wp-content\/uploads\/2019\/12\/2019.jpg","type":"image\/jpeg"}],"author":"Mariana Nave","twitter_card":"summary_large_image","twitter_creator":"@Infoculpt","twitter_site":"@Infoculpt","twitter_misc":{"Escrito por":"Mariana Nave","Tempo estimado de leitura":"2 minutos"},"schema":{"@context":"https:\/\/schema.org","@graph":[{"@type":"Article","@id":"https:\/\/infocul.pt\/arquivo\/actualidade\/10-acontecimentos-que-marcaram-2019\/#article","isPartOf":{"@id":"https:\/\/infocul.pt\/arquivo\/actualidade\/10-acontecimentos-que-marcaram-2019\/"},"author":{"name":"Mariana Nave","@id":"https:\/\/infocul.pt\/arquivo\/#\/schema\/person\/81ab97f0541b157888e4cad082e85379"},"headline":"10 Acontecimentos que marcaram 2019","datePublished":"2019-12-31T00:00:38+00:00","mainEntityOfPage":{"@id":"https:\/\/infocul.pt\/arquivo\/actualidade\/10-acontecimentos-que-marcaram-2019\/"},"wordCount":486,"commentCount":0,"publisher":{"@id":"https:\/\/infocul.pt\/arquivo\/#organization"},"image":{"@id":"https:\/\/infocul.pt\/arquivo\/actualidade\/10-acontecimentos-que-marcaram-2019\/#primaryimage"},"thumbnailUrl":"https:\/\/infocul.pt\/arquivo\/wp-content\/uploads\/2019\/12\/2019.jpg","articleSection":["Actualidade","Destaque","Mundo","Opini\u00e3o","Pa\u00eds","Politica"],"inLanguage":"pt-PT"},{"@type":"WebPage","@id":"https:\/\/infocul.pt\/arquivo\/actualidade\/10-acontecimentos-que-marcaram-2019\/","url":"https:\/\/infocul.pt\/arquivo\/actualidade\/10-acontecimentos-que-marcaram-2019\/","name":"10 Acontecimentos que marcaram 2019 | Infocul.pt - Arquivo Digital","isPartOf":{"@id":"https:\/\/infocul.pt\/arquivo\/#website"},"primaryImageOfPage":{"@id":"https:\/\/infocul.pt\/arquivo\/actualidade\/10-acontecimentos-que-marcaram-2019\/#primaryimage"},"image":{"@id":"https:\/\/infocul.pt\/arquivo\/actualidade\/10-acontecimentos-que-marcaram-2019\/#primaryimage"},"thumbnailUrl":"https:\/\/infocul.pt\/arquivo\/wp-content\/uploads\/2019\/12\/2019.jpg","datePublished":"2019-12-31T00:00:38+00:00","description":"10 Acontecimentos que marcaram 2019 | Infocul.pt - Arquivo Digital","breadcrumb":{"@id":"https:\/\/infocul.pt\/arquivo\/actualidade\/10-acontecimentos-que-marcaram-2019\/#breadcrumb"},"inLanguage":"pt-PT","potentialAction":[{"@type":"ReadAction","target":["https:\/\/infocul.pt\/arquivo\/actualidade\/10-acontecimentos-que-marcaram-2019\/"]}]},{"@type":"ImageObject","inLanguage":"pt-PT","@id":"https:\/\/infocul.pt\/arquivo\/actualidade\/10-acontecimentos-que-marcaram-2019\/#primaryimage","url":"https:\/\/infocul.pt\/arquivo\/wp-content\/uploads\/2019\/12\/2019.jpg","contentUrl":"https:\/\/infocul.pt\/arquivo\/wp-content\/uploads\/2019\/12\/2019.jpg","width":612,"height":306},{"@type":"BreadcrumbList","@id":"https:\/\/infocul.pt\/arquivo\/actualidade\/10-acontecimentos-que-marcaram-2019\/#breadcrumb","itemListElement":[{"@type":"ListItem","position":1,"name":"Home","item":"https:\/\/infocul.pt\/arquivo\/"},{"@type":"ListItem","position":2,"name":"10 Acontecimentos que marcaram 2019"}]},{"@type":"WebSite","@id":"https:\/\/infocul.pt\/arquivo\/#website","url":"https:\/\/infocul.pt\/arquivo\/","name":"Infocul.pt - Arquivo Digital","description":"Arquivo digital da Infocul.pt","publisher":{"@id":"https:\/\/infocul.pt\/arquivo\/#organization"},"potentialAction":[{"@type":"SearchAction","target":{"@type":"EntryPoint","urlTemplate":"https:\/\/infocul.pt\/arquivo\/?s={search_term_string}"},"query-input":{"@type":"PropertyValueSpecification","valueRequired":true,"valueName":"search_term_string"}}],"inLanguage":"pt-PT"},{"@type":"Organization","@id":"https:\/\/infocul.pt\/arquivo\/#organization","name":"Infocul.pt","url":"https:\/\/infocul.pt\/arquivo\/","logo":{"@type":"ImageObject","inLanguage":"pt-PT","@id":"https:\/\/infocul.pt\/arquivo\/#\/schema\/logo\/image\/","url":"https:\/\/infocul.pt\/arquivo\/wp-content\/uploads\/2018\/12\/Infocul_logo-1.png","contentUrl":"https:\/\/infocul.pt\/arquivo\/wp-content\/uploads\/2018\/12\/Infocul_logo-1.png","width":800,"height":800,"caption":"Infocul.pt"},"image":{"@id":"https:\/\/infocul.pt\/arquivo\/#\/schema\/logo\/image\/"},"sameAs":["https:\/\/www.facebook.com\/Infocul-147816815585015\/","https:\/\/x.com\/Infoculpt","http:\/\/www.pictaram.com\/user\/infocul.pt\/2370423710","https:\/\/www.youtube.com\/channel\/UCYEB91AGI9FL9ek2i_IaQAA"]},{"@type":"Person","@id":"https:\/\/infocul.pt\/arquivo\/#\/schema\/person\/81ab97f0541b157888e4cad082e85379","name":"Mariana Nave","image":{"@type":"ImageObject","inLanguage":"pt-PT","@id":"https:\/\/secure.gravatar.com\/avatar\/c88ca83ec3e70f2c68e12fb31d20e52e4067a2b7ca6a32ed93bfdfa6797e214d?s=96&d=mm&r=g","url":"https:\/\/secure.gravatar.com\/avatar\/c88ca83ec3e70f2c68e12fb31d20e52e4067a2b7ca6a32ed93bfdfa6797e214d?s=96&d=mm&r=g","contentUrl":"https:\/\/secure.gravatar.com\/avatar\/c88ca83ec3e70f2c68e12fb31d20e52e4067a2b7ca6a32ed93bfdfa6797e214d?s=96&d=mm&r=g","caption":"Mariana Nave"},"description":"Em Fevereiro de 2019, come\u00e7ou a trabalhar com o projecto Infocul.pt, sendo este tamb\u00e9m o primeiro projecto com que colabora. Apesar de ainda n\u00e3o ter um longo percurso, continua a trabalhar sempre com o objectivo de melhorar as suas capacidades no ramo da comunica\u00e7\u00e3o social."}]}},"_links":{"self":[{"href":"https:\/\/infocul.pt\/arquivo\/wp-json\/wp\/v2\/posts\/64159","targetHints":{"allow":["GET"]}}],"collection":[{"href":"https:\/\/infocul.pt\/arquivo\/wp-json\/wp\/v2\/posts"}],"about":[{"href":"https:\/\/infocul.pt\/arquivo\/wp-json\/wp\/v2\/types\/post"}],"author":[{"embeddable":true,"href":"https:\/\/infocul.pt\/arquivo\/wp-json\/wp\/v2\/users\/20"}],"replies":[{"embeddable":true,"href":"https:\/\/infocul.pt\/arquivo\/wp-json\/wp\/v2\/comments?post=64159"}],"version-history":[{"count":0,"href":"https:\/\/infocul.pt\/arquivo\/wp-json\/wp\/v2\/posts\/64159\/revisions"}],"wp:featuredmedia":[{"embeddable":true,"href":"https:\/\/infocul.pt\/arquivo\/wp-json\/wp\/v2\/media\/64160"}],"wp:attachment":[{"href":"https:\/\/infocul.pt\/arquivo\/wp-json\/wp\/v2\/media?parent=64159"}],"wp:term":[{"taxonomy":"category","embeddable":true,"href":"https:\/\/infocul.pt\/arquivo\/wp-json\/wp\/v2\/categories?post=64159"},{"taxonomy":"post_tag","embeddable":true,"href":"https:\/\/infocul.pt\/arquivo\/wp-json\/wp\/v2\/tags?post=64159"}],"curies":[{"name":"wp","href":"https:\/\/api.w.org\/{rel}","templated":true}]}}