{"id":64180,"date":"2019-12-24T00:52:40","date_gmt":"2019-12-24T00:52:40","guid":{"rendered":"https:\/\/infocul.pt\/?p=64180"},"modified":"2019-12-24T00:52:40","modified_gmt":"2019-12-24T00:52:40","slug":"chakallices-natal-e-quando-eu-quiser","status":"publish","type":"post","link":"https:\/\/infocul.pt\/arquivo\/destaque\/chakallices-natal-e-quando-eu-quiser\/","title":{"rendered":"Chakallices: Natal \u00e9&#8230; quando eu quiser!"},"content":{"rendered":"<p align=\"justify\"><img decoding=\"async\" class=\"aligncenter wp-image-60124 size-full lazyload\" data-src=\"https:\/\/infocul.pt\/arquivo\/wp-content\/uploads\/2019\/09\/Banner-Chakallices.png\" alt=\"\" width=\"800\" height=\"445\" data-srcset=\"https:\/\/infocul.pt\/arquivo\/wp-content\/uploads\/2019\/09\/Banner-Chakallices.png 800w, https:\/\/infocul.pt\/arquivo\/wp-content\/uploads\/2019\/09\/Banner-Chakallices-300x167.png 300w, https:\/\/infocul.pt\/arquivo\/wp-content\/uploads\/2019\/09\/Banner-Chakallices-768x427.png 768w\" data-sizes=\"(max-width: 800px) 100vw, 800px\" src=\"data:image\/svg+xml;base64,PHN2ZyB3aWR0aD0iMSIgaGVpZ2h0PSIxIiB4bWxucz0iaHR0cDovL3d3dy53My5vcmcvMjAwMC9zdmciPjwvc3ZnPg==\" style=\"--smush-placeholder-width: 800px; --smush-placeholder-aspect-ratio: 800\/445;\" \/><\/p>\n<p align=\"justify\">Cheg\u00e1mos quase ao final de mais um ano e, com Dezembro chega o Natal, a \u00e9poca em que os gestos solid\u00e1rios se multiplicam. Seja porque estamos todos mais dispon\u00edveis para dar, ou, nalguns casos, porque fica bem ou \u00e9 preciso estourar com os budgets do ano&#8230; Ainda assim, \u00e9 de louvar o envolvimento de muitas pessoas \u2013 e empresas \u2013 em procurar tornar o mundo um pouco melhor, nem que seja s\u00f3 nesta altura do ano.<!--more--><\/p>\n<p align=\"justify\">Como devem calcular, sendo uma figura mais ou menos p\u00fablica e com uma exposi\u00e7\u00e3o medi\u00e1tica consider\u00e1vel, chegam-me muitos pedidos para causas solid\u00e1rias nesta \u00e9poca (na realidade, durante todo o ano!). \u00c9 natural, o envolvimento de uma figura com algum mediatismo ajuda a amplificar a aten\u00e7\u00e3o que o p\u00fablico passa a prestar a determinadas causas. Por norma, gosto de me envolver em projectos de car\u00e1cter social mas n\u00e3o gosto de expor o que fa\u00e7o. \u00c9 como se n\u00e3o pudesse estar de alma e cora\u00e7\u00e3o naquilo que me proponho fazer e a minha inten\u00e7\u00e3o n\u00e3o \u00e9 tirar dividendos dos meus exerc\u00edcios de cidadania.<\/p>\n<p align=\"justify\">Costumo partilhar com a minha equipa ou at\u00e9 com parceiros das causas com que me envolvo que se cada um \u2013 e n\u00e3o me refiro a pessoas conhecidas, falo de qualquer cidad\u00e3o \u2013 tirasse 1 dia da sua vida por ano para se dedicar a uma causa, o pa\u00eds seria melhor, n\u00f3s ser\u00edamos melhores. Quando nos envolvemos com o outro, que por infort\u00fanio est\u00e1 numa situa\u00e7\u00e3o delicada e de imensa vulnerabilidade, n\u00e3o \u00e9 s\u00f3 a vida dessa pessoa que muda, \u00e9 sobretudo a nossa (nem que seja porque percebemos qu\u00e3o gratos podemos ser pela nossa pr\u00f3pria vida!)!<\/p>\n<p align=\"justify\">Ao longo deste ano acabei por estar envolvido nalguns projectos solid\u00e1rios ou de responsabilidade social, uns por desafio lan\u00e7ado pelas institui\u00e7\u00f5es, outros por iniciativa pr\u00f3pria ou de elementos da minha vasta equipa. Talvez n\u00e3o tantos como gostaria (ou que a minha agenda e cozinha permitam!) e para mim \u00e9 muito gratificante olhar para os sorrisos provocados. Seja num workshop de pizzas numa ala pedi\u00e1trica que envolveu pais, crian\u00e7as e educadores e arrancou sorrisos e gargalhadas \u00e0s crian\u00e7as (e aos pais, que sofrem diariamente ao acompanhar os seus filhos doentes e precisam, tamb\u00e9m eles, de mimos!), quer pela cria\u00e7\u00e3o de um menu especial do Dia dos Namorados em parceria com a Funda\u00e7\u00e3o Rui Os\u00f3rio de Castro, ou por apadrinhar um projecto Escolhas num bairro de Lisboa cujo tema central \u00e9 a culin\u00e1ria como elemento agregador de aprendizagens e culturas.<\/p>\n<p>Em qualquer dos projectos gosto da premissa de que a gastronomia \u00e9 um elemento de uni\u00e3o, que a reuni\u00e3o \u00e0 volta de uma mesa pode fazer a diferen\u00e7a na vida das pessoas.<\/p>\n<p>E em muitos casos, se o meu envolvimento fizer a diferen\u00e7a na vida (nem que seja num dia!) de uma s\u00f3 pessoa, j\u00e1 ter\u00e1 valido a pena.<\/p>\n<p>E porque falo eu neste tema? N\u00e3o para me auto promover ou dizer que sou bonzinho ou um cidad\u00e3o exemplar! Longe disso!<\/p>\n<p>Falo nisto e partilho convosco a minha forte convic\u00e7\u00e3o de que o Natal \u00e9 quando cada um de n\u00f3s quiser. N\u00e3o precisamos de esperar por Dezembro para fazer a diferen\u00e7a na vida de outra pessoa. N\u00e3o \u00e9 necess\u00e1rio \u201cguardar\u201d o esp\u00edrito natal\u00edcio e solid\u00e1rio para o \u00faltimo m\u00eas do ano. Temos \u00e0 nossa frente mais 366 dias para fazer a diferen\u00e7a na vida dos que est\u00e3o ao nosso lado, no pr\u00e9dio onde vivemos, no nosso local de trabalho, na nossa fam\u00edlia, na nossa cidade. \u00c9 s\u00f3 uma quest\u00e3o de estarmos mais atentos ao que se passa \u00e0 nossa volta. Um gesto nosso, um dia do nosso ano dedicado ao outro pode fazer uma enorme diferen\u00e7a.<\/p>\n<p><span style=\"font-size: xx-small;\"><strong><span style=\"color: #222222;\"><span style=\"font-family: Liberation Serif, serif;\"><span style=\"font-size: medium;\">O Natal \u00e9 mesmo quando eu quiser e espero que para voc\u00eas tamb\u00e9m!<\/span><\/span><\/span><\/strong><\/span><\/p>\n","protected":false},"excerpt":{"rendered":"<p>Cheg\u00e1mos quase ao final de mais um ano e, com Dezembro chega o Natal, a \u00e9poca em que os gestos solid\u00e1rios se multiplicam. Seja porque estamos todos mais dispon\u00edveis para dar, ou, nalguns casos, porque fica bem ou \u00e9 preciso estourar com os budgets do ano&#8230; Ainda assim, \u00e9 de louvar o envolvimento de muitas [&hellip;]<\/p>\n","protected":false},"author":19,"featured_media":60124,"comment_status":"open","ping_status":"closed","sticky":false,"template":"","format":"standard","meta":{"footnotes":""},"categories":[36,4121],"tags":[4132,7780,2349],"class_list":["post-64180","post","type-post","status-publish","format-standard","has-post-thumbnail","hentry","category-destaque","category-opiniao","tag-chakall","tag-chakallices","tag-natal"],"yoast_head":"<!-- This site is optimized with the Yoast SEO plugin v27.5 - https:\/\/yoast.com\/product\/yoast-seo-wordpress\/ -->\n<title>Chakallices: Natal \u00e9... quando eu quiser! | Infocul.pt - Arquivo Digital<\/title>\n<meta name=\"description\" content=\"Chakallices: Natal \u00e9... quando eu quiser! | Infocul.pt - Arquivo Digital\" \/>\n<meta name=\"robots\" content=\"noindex, follow, max-snippet:-1, max-image-preview:large, max-video-preview:-1\" \/>\n<meta property=\"og:locale\" content=\"pt_PT\" \/>\n<meta property=\"og:type\" content=\"article\" \/>\n<meta property=\"og:title\" content=\"Chakallices: Natal \u00e9... quando eu quiser! | Infocul.pt - Arquivo Digital\" \/>\n<meta property=\"og:description\" content=\"Chakallices: Natal \u00e9... quando eu quiser! | Infocul.pt - Arquivo Digital\" \/>\n<meta property=\"og:url\" content=\"https:\/\/infocul.pt\/arquivo\/destaque\/chakallices-natal-e-quando-eu-quiser\/\" \/>\n<meta property=\"og:site_name\" content=\"Infocul.pt - Arquivo Digital\" \/>\n<meta property=\"article:publisher\" content=\"https:\/\/www.facebook.com\/Infocul-147816815585015\/\" \/>\n<meta property=\"article:published_time\" content=\"2019-12-24T00:52:40+00:00\" \/>\n<meta property=\"og:image\" content=\"https:\/\/infocul.pt\/arquivo\/wp-content\/uploads\/2019\/09\/Banner-Chakallices.png\" \/>\n\t<meta property=\"og:image:width\" content=\"800\" \/>\n\t<meta property=\"og:image:height\" content=\"445\" \/>\n\t<meta property=\"og:image:type\" content=\"image\/png\" \/>\n<meta name=\"author\" content=\"Chakall\" \/>\n<meta name=\"twitter:card\" content=\"summary_large_image\" \/>\n<meta name=\"twitter:creator\" content=\"@Infoculpt\" \/>\n<meta name=\"twitter:site\" content=\"@Infoculpt\" \/>\n<meta name=\"twitter:label1\" content=\"Escrito por\" \/>\n\t<meta name=\"twitter:data1\" content=\"Chakall\" \/>\n\t<meta name=\"twitter:label2\" content=\"Tempo estimado de leitura\" \/>\n\t<meta name=\"twitter:data2\" content=\"3 minutos\" \/>\n<script type=\"application\/ld+json\" class=\"yoast-schema-graph\">{\"@context\":\"https:\\\/\\\/schema.org\",\"@graph\":[{\"@type\":\"Article\",\"@id\":\"https:\\\/\\\/infocul.pt\\\/arquivo\\\/destaque\\\/chakallices-natal-e-quando-eu-quiser\\\/#article\",\"isPartOf\":{\"@id\":\"https:\\\/\\\/infocul.pt\\\/arquivo\\\/destaque\\\/chakallices-natal-e-quando-eu-quiser\\\/\"},\"author\":{\"name\":\"Chakall\",\"@id\":\"https:\\\/\\\/infocul.pt\\\/arquivo\\\/#\\\/schema\\\/person\\\/a69022b7d063b56a939dff966f678168\"},\"headline\":\"Chakallices: Natal \u00e9&#8230; quando eu quiser!\",\"datePublished\":\"2019-12-24T00:52:40+00:00\",\"mainEntityOfPage\":{\"@id\":\"https:\\\/\\\/infocul.pt\\\/arquivo\\\/destaque\\\/chakallices-natal-e-quando-eu-quiser\\\/\"},\"wordCount\":668,\"commentCount\":0,\"publisher\":{\"@id\":\"https:\\\/\\\/infocul.pt\\\/arquivo\\\/#organization\"},\"image\":{\"@id\":\"https:\\\/\\\/infocul.pt\\\/arquivo\\\/destaque\\\/chakallices-natal-e-quando-eu-quiser\\\/#primaryimage\"},\"thumbnailUrl\":\"https:\\\/\\\/infocul.pt\\\/arquivo\\\/wp-content\\\/uploads\\\/2019\\\/09\\\/Banner-Chakallices.png\",\"keywords\":[\"Chakall\",\"Chakallices\",\"Natal\"],\"articleSection\":[\"Destaque\",\"Opini\u00e3o\"],\"inLanguage\":\"pt-PT\"},{\"@type\":\"WebPage\",\"@id\":\"https:\\\/\\\/infocul.pt\\\/arquivo\\\/destaque\\\/chakallices-natal-e-quando-eu-quiser\\\/\",\"url\":\"https:\\\/\\\/infocul.pt\\\/arquivo\\\/destaque\\\/chakallices-natal-e-quando-eu-quiser\\\/\",\"name\":\"Chakallices: Natal \u00e9... quando eu quiser! | Infocul.pt - Arquivo Digital\",\"isPartOf\":{\"@id\":\"https:\\\/\\\/infocul.pt\\\/arquivo\\\/#website\"},\"primaryImageOfPage\":{\"@id\":\"https:\\\/\\\/infocul.pt\\\/arquivo\\\/destaque\\\/chakallices-natal-e-quando-eu-quiser\\\/#primaryimage\"},\"image\":{\"@id\":\"https:\\\/\\\/infocul.pt\\\/arquivo\\\/destaque\\\/chakallices-natal-e-quando-eu-quiser\\\/#primaryimage\"},\"thumbnailUrl\":\"https:\\\/\\\/infocul.pt\\\/arquivo\\\/wp-content\\\/uploads\\\/2019\\\/09\\\/Banner-Chakallices.png\",\"datePublished\":\"2019-12-24T00:52:40+00:00\",\"description\":\"Chakallices: Natal \u00e9... quando eu quiser! | Infocul.pt - Arquivo Digital\",\"breadcrumb\":{\"@id\":\"https:\\\/\\\/infocul.pt\\\/arquivo\\\/destaque\\\/chakallices-natal-e-quando-eu-quiser\\\/#breadcrumb\"},\"inLanguage\":\"pt-PT\",\"potentialAction\":[{\"@type\":\"ReadAction\",\"target\":[\"https:\\\/\\\/infocul.pt\\\/arquivo\\\/destaque\\\/chakallices-natal-e-quando-eu-quiser\\\/\"]}]},{\"@type\":\"ImageObject\",\"inLanguage\":\"pt-PT\",\"@id\":\"https:\\\/\\\/infocul.pt\\\/arquivo\\\/destaque\\\/chakallices-natal-e-quando-eu-quiser\\\/#primaryimage\",\"url\":\"https:\\\/\\\/infocul.pt\\\/arquivo\\\/wp-content\\\/uploads\\\/2019\\\/09\\\/Banner-Chakallices.png\",\"contentUrl\":\"https:\\\/\\\/infocul.pt\\\/arquivo\\\/wp-content\\\/uploads\\\/2019\\\/09\\\/Banner-Chakallices.png\",\"width\":800,\"height\":445},{\"@type\":\"BreadcrumbList\",\"@id\":\"https:\\\/\\\/infocul.pt\\\/arquivo\\\/destaque\\\/chakallices-natal-e-quando-eu-quiser\\\/#breadcrumb\",\"itemListElement\":[{\"@type\":\"ListItem\",\"position\":1,\"name\":\"Home\",\"item\":\"https:\\\/\\\/infocul.pt\\\/arquivo\\\/\"},{\"@type\":\"ListItem\",\"position\":2,\"name\":\"Chakallices: Natal \u00e9&#8230; quando eu quiser!\"}]},{\"@type\":\"WebSite\",\"@id\":\"https:\\\/\\\/infocul.pt\\\/arquivo\\\/#website\",\"url\":\"https:\\\/\\\/infocul.pt\\\/arquivo\\\/\",\"name\":\"Infocul.pt - Arquivo Digital\",\"description\":\"Arquivo digital da Infocul.pt\",\"publisher\":{\"@id\":\"https:\\\/\\\/infocul.pt\\\/arquivo\\\/#organization\"},\"potentialAction\":[{\"@type\":\"SearchAction\",\"target\":{\"@type\":\"EntryPoint\",\"urlTemplate\":\"https:\\\/\\\/infocul.pt\\\/arquivo\\\/?s={search_term_string}\"},\"query-input\":{\"@type\":\"PropertyValueSpecification\",\"valueRequired\":true,\"valueName\":\"search_term_string\"}}],\"inLanguage\":\"pt-PT\"},{\"@type\":\"Organization\",\"@id\":\"https:\\\/\\\/infocul.pt\\\/arquivo\\\/#organization\",\"name\":\"Infocul.pt\",\"url\":\"https:\\\/\\\/infocul.pt\\\/arquivo\\\/\",\"logo\":{\"@type\":\"ImageObject\",\"inLanguage\":\"pt-PT\",\"@id\":\"https:\\\/\\\/infocul.pt\\\/arquivo\\\/#\\\/schema\\\/logo\\\/image\\\/\",\"url\":\"https:\\\/\\\/infocul.pt\\\/arquivo\\\/wp-content\\\/uploads\\\/2018\\\/12\\\/Infocul_logo-1.png\",\"contentUrl\":\"https:\\\/\\\/infocul.pt\\\/arquivo\\\/wp-content\\\/uploads\\\/2018\\\/12\\\/Infocul_logo-1.png\",\"width\":800,\"height\":800,\"caption\":\"Infocul.pt\"},\"image\":{\"@id\":\"https:\\\/\\\/infocul.pt\\\/arquivo\\\/#\\\/schema\\\/logo\\\/image\\\/\"},\"sameAs\":[\"https:\\\/\\\/www.facebook.com\\\/Infocul-147816815585015\\\/\",\"https:\\\/\\\/x.com\\\/Infoculpt\",\"http:\\\/\\\/www.pictaram.com\\\/user\\\/infocul.pt\\\/2370423710\",\"https:\\\/\\\/www.youtube.com\\\/channel\\\/UCYEB91AGI9FL9ek2i_IaQAA\"]},{\"@type\":\"Person\",\"@id\":\"https:\\\/\\\/infocul.pt\\\/arquivo\\\/#\\\/schema\\\/person\\\/a69022b7d063b56a939dff966f678168\",\"name\":\"Chakall\",\"image\":{\"@type\":\"ImageObject\",\"inLanguage\":\"pt-PT\",\"@id\":\"https:\\\/\\\/secure.gravatar.com\\\/avatar\\\/83e425cd3eed9b1d04a948ea0722eeaf22c65d43abb0896661f053e4a14bbf75?s=96&d=mm&r=g\",\"url\":\"https:\\\/\\\/secure.gravatar.com\\\/avatar\\\/83e425cd3eed9b1d04a948ea0722eeaf22c65d43abb0896661f053e4a14bbf75?s=96&d=mm&r=g\",\"contentUrl\":\"https:\\\/\\\/secure.gravatar.com\\\/avatar\\\/83e425cd3eed9b1d04a948ea0722eeaf22c65d43abb0896661f053e4a14bbf75?s=96&d=mm&r=g\",\"caption\":\"Chakall\"}}]}<\/script>\n<!-- \/ Yoast SEO plugin. -->","yoast_head_json":{"title":"Chakallices: Natal \u00e9... quando eu quiser! | Infocul.pt - Arquivo Digital","description":"Chakallices: Natal \u00e9... quando eu quiser! | Infocul.pt - Arquivo Digital","robots":{"index":"noindex","follow":"follow","max-snippet":"max-snippet:-1","max-image-preview":"max-image-preview:large","max-video-preview":"max-video-preview:-1"},"og_locale":"pt_PT","og_type":"article","og_title":"Chakallices: Natal \u00e9... quando eu quiser! | Infocul.pt - Arquivo Digital","og_description":"Chakallices: Natal \u00e9... quando eu quiser! | Infocul.pt - Arquivo Digital","og_url":"https:\/\/infocul.pt\/arquivo\/destaque\/chakallices-natal-e-quando-eu-quiser\/","og_site_name":"Infocul.pt - Arquivo Digital","article_publisher":"https:\/\/www.facebook.com\/Infocul-147816815585015\/","article_published_time":"2019-12-24T00:52:40+00:00","og_image":[{"width":800,"height":445,"url":"https:\/\/infocul.pt\/arquivo\/wp-content\/uploads\/2019\/09\/Banner-Chakallices.png","type":"image\/png"}],"author":"Chakall","twitter_card":"summary_large_image","twitter_creator":"@Infoculpt","twitter_site":"@Infoculpt","twitter_misc":{"Escrito por":"Chakall","Tempo estimado de leitura":"3 minutos"},"schema":{"@context":"https:\/\/schema.org","@graph":[{"@type":"Article","@id":"https:\/\/infocul.pt\/arquivo\/destaque\/chakallices-natal-e-quando-eu-quiser\/#article","isPartOf":{"@id":"https:\/\/infocul.pt\/arquivo\/destaque\/chakallices-natal-e-quando-eu-quiser\/"},"author":{"name":"Chakall","@id":"https:\/\/infocul.pt\/arquivo\/#\/schema\/person\/a69022b7d063b56a939dff966f678168"},"headline":"Chakallices: Natal \u00e9&#8230; quando eu quiser!","datePublished":"2019-12-24T00:52:40+00:00","mainEntityOfPage":{"@id":"https:\/\/infocul.pt\/arquivo\/destaque\/chakallices-natal-e-quando-eu-quiser\/"},"wordCount":668,"commentCount":0,"publisher":{"@id":"https:\/\/infocul.pt\/arquivo\/#organization"},"image":{"@id":"https:\/\/infocul.pt\/arquivo\/destaque\/chakallices-natal-e-quando-eu-quiser\/#primaryimage"},"thumbnailUrl":"https:\/\/infocul.pt\/arquivo\/wp-content\/uploads\/2019\/09\/Banner-Chakallices.png","keywords":["Chakall","Chakallices","Natal"],"articleSection":["Destaque","Opini\u00e3o"],"inLanguage":"pt-PT"},{"@type":"WebPage","@id":"https:\/\/infocul.pt\/arquivo\/destaque\/chakallices-natal-e-quando-eu-quiser\/","url":"https:\/\/infocul.pt\/arquivo\/destaque\/chakallices-natal-e-quando-eu-quiser\/","name":"Chakallices: Natal \u00e9... quando eu quiser! | Infocul.pt - Arquivo Digital","isPartOf":{"@id":"https:\/\/infocul.pt\/arquivo\/#website"},"primaryImageOfPage":{"@id":"https:\/\/infocul.pt\/arquivo\/destaque\/chakallices-natal-e-quando-eu-quiser\/#primaryimage"},"image":{"@id":"https:\/\/infocul.pt\/arquivo\/destaque\/chakallices-natal-e-quando-eu-quiser\/#primaryimage"},"thumbnailUrl":"https:\/\/infocul.pt\/arquivo\/wp-content\/uploads\/2019\/09\/Banner-Chakallices.png","datePublished":"2019-12-24T00:52:40+00:00","description":"Chakallices: Natal \u00e9... quando eu quiser! | Infocul.pt - Arquivo Digital","breadcrumb":{"@id":"https:\/\/infocul.pt\/arquivo\/destaque\/chakallices-natal-e-quando-eu-quiser\/#breadcrumb"},"inLanguage":"pt-PT","potentialAction":[{"@type":"ReadAction","target":["https:\/\/infocul.pt\/arquivo\/destaque\/chakallices-natal-e-quando-eu-quiser\/"]}]},{"@type":"ImageObject","inLanguage":"pt-PT","@id":"https:\/\/infocul.pt\/arquivo\/destaque\/chakallices-natal-e-quando-eu-quiser\/#primaryimage","url":"https:\/\/infocul.pt\/arquivo\/wp-content\/uploads\/2019\/09\/Banner-Chakallices.png","contentUrl":"https:\/\/infocul.pt\/arquivo\/wp-content\/uploads\/2019\/09\/Banner-Chakallices.png","width":800,"height":445},{"@type":"BreadcrumbList","@id":"https:\/\/infocul.pt\/arquivo\/destaque\/chakallices-natal-e-quando-eu-quiser\/#breadcrumb","itemListElement":[{"@type":"ListItem","position":1,"name":"Home","item":"https:\/\/infocul.pt\/arquivo\/"},{"@type":"ListItem","position":2,"name":"Chakallices: Natal \u00e9&#8230; quando eu quiser!"}]},{"@type":"WebSite","@id":"https:\/\/infocul.pt\/arquivo\/#website","url":"https:\/\/infocul.pt\/arquivo\/","name":"Infocul.pt - Arquivo Digital","description":"Arquivo digital da Infocul.pt","publisher":{"@id":"https:\/\/infocul.pt\/arquivo\/#organization"},"potentialAction":[{"@type":"SearchAction","target":{"@type":"EntryPoint","urlTemplate":"https:\/\/infocul.pt\/arquivo\/?s={search_term_string}"},"query-input":{"@type":"PropertyValueSpecification","valueRequired":true,"valueName":"search_term_string"}}],"inLanguage":"pt-PT"},{"@type":"Organization","@id":"https:\/\/infocul.pt\/arquivo\/#organization","name":"Infocul.pt","url":"https:\/\/infocul.pt\/arquivo\/","logo":{"@type":"ImageObject","inLanguage":"pt-PT","@id":"https:\/\/infocul.pt\/arquivo\/#\/schema\/logo\/image\/","url":"https:\/\/infocul.pt\/arquivo\/wp-content\/uploads\/2018\/12\/Infocul_logo-1.png","contentUrl":"https:\/\/infocul.pt\/arquivo\/wp-content\/uploads\/2018\/12\/Infocul_logo-1.png","width":800,"height":800,"caption":"Infocul.pt"},"image":{"@id":"https:\/\/infocul.pt\/arquivo\/#\/schema\/logo\/image\/"},"sameAs":["https:\/\/www.facebook.com\/Infocul-147816815585015\/","https:\/\/x.com\/Infoculpt","http:\/\/www.pictaram.com\/user\/infocul.pt\/2370423710","https:\/\/www.youtube.com\/channel\/UCYEB91AGI9FL9ek2i_IaQAA"]},{"@type":"Person","@id":"https:\/\/infocul.pt\/arquivo\/#\/schema\/person\/a69022b7d063b56a939dff966f678168","name":"Chakall","image":{"@type":"ImageObject","inLanguage":"pt-PT","@id":"https:\/\/secure.gravatar.com\/avatar\/83e425cd3eed9b1d04a948ea0722eeaf22c65d43abb0896661f053e4a14bbf75?s=96&d=mm&r=g","url":"https:\/\/secure.gravatar.com\/avatar\/83e425cd3eed9b1d04a948ea0722eeaf22c65d43abb0896661f053e4a14bbf75?s=96&d=mm&r=g","contentUrl":"https:\/\/secure.gravatar.com\/avatar\/83e425cd3eed9b1d04a948ea0722eeaf22c65d43abb0896661f053e4a14bbf75?s=96&d=mm&r=g","caption":"Chakall"}}]}},"_links":{"self":[{"href":"https:\/\/infocul.pt\/arquivo\/wp-json\/wp\/v2\/posts\/64180","targetHints":{"allow":["GET"]}}],"collection":[{"href":"https:\/\/infocul.pt\/arquivo\/wp-json\/wp\/v2\/posts"}],"about":[{"href":"https:\/\/infocul.pt\/arquivo\/wp-json\/wp\/v2\/types\/post"}],"author":[{"embeddable":true,"href":"https:\/\/infocul.pt\/arquivo\/wp-json\/wp\/v2\/users\/19"}],"replies":[{"embeddable":true,"href":"https:\/\/infocul.pt\/arquivo\/wp-json\/wp\/v2\/comments?post=64180"}],"version-history":[{"count":0,"href":"https:\/\/infocul.pt\/arquivo\/wp-json\/wp\/v2\/posts\/64180\/revisions"}],"wp:featuredmedia":[{"embeddable":true,"href":"https:\/\/infocul.pt\/arquivo\/wp-json\/wp\/v2\/media\/60124"}],"wp:attachment":[{"href":"https:\/\/infocul.pt\/arquivo\/wp-json\/wp\/v2\/media?parent=64180"}],"wp:term":[{"taxonomy":"category","embeddable":true,"href":"https:\/\/infocul.pt\/arquivo\/wp-json\/wp\/v2\/categories?post=64180"},{"taxonomy":"post_tag","embeddable":true,"href":"https:\/\/infocul.pt\/arquivo\/wp-json\/wp\/v2\/tags?post=64180"}],"curies":[{"name":"wp","href":"https:\/\/api.w.org\/{rel}","templated":true}]}}