{"id":64231,"date":"2019-12-26T17:21:28","date_gmt":"2019-12-26T17:21:28","guid":{"rendered":"https:\/\/infocul.pt\/?p=64231"},"modified":"2019-12-26T17:21:28","modified_gmt":"2019-12-26T17:21:28","slug":"numero-de-touradas-e-de-espectadores-aumentaram-em-2019-revela-o-igac","status":"publish","type":"post","link":"https:\/\/infocul.pt\/arquivo\/cultura\/numero-de-touradas-e-de-espectadores-aumentaram-em-2019-revela-o-igac\/","title":{"rendered":"N\u00famero de touradas e de espectadores aumentaram em 2019, revela o IGAC"},"content":{"rendered":"<p align=\"justify\"><img decoding=\"async\" class=\"aligncenter wp-image-51229 size-large lazyload\" data-src=\"https:\/\/infocul.pt\/arquivo\/wp-content\/uploads\/2019\/01\/touradas-1024x682.jpg\" alt=\"\" width=\"800\" height=\"533\" src=\"data:image\/svg+xml;base64,PHN2ZyB3aWR0aD0iMSIgaGVpZ2h0PSIxIiB4bWxucz0iaHR0cDovL3d3dy53My5vcmcvMjAwMC9zdmciPjwvc3ZnPg==\" style=\"--smush-placeholder-width: 800px; --smush-placeholder-aspect-ratio: 800\/533;\" \/><\/p>\n<p align=\"justify\"><span style=\"color: #222222;\"><span style=\"font-family: Liberation Serif, serif;\"><span style=\"font-size: medium;\">A Inspec\u00e7\u00e3o-Geral das Actividades Culturais deu a conhecer as estat\u00edsticas dos espect\u00e1culos taurom\u00e1quicos autorizados por esta entidade, em Portugal Continental.<\/span><\/span><\/span><!--more--><\/p>\n<p align=\"justify\"><span style=\"color: #222222;\"><span style=\"font-family: Liberation Serif, serif;\"><span style=\"font-size: medium;\">As estat\u00edsticas agora divulgadas revelam que foram realizados 174 espect\u00e1culos taurom\u00e1quicos tendo sido os concelhos de Albufeira (20) e Lisboa (12), que mais festejos realizaram.<\/span><\/span><\/span><\/p>\n<p align=\"justify\"><span style=\"color: #222222;\"><span style=\"font-family: Liberation Serif, serif;\"><span style=\"font-size: medium;\">Por regi\u00e3o, o Alentejo liderou com 79 espect\u00e1culos realizados, seguindo-se a Regi\u00e3o de Lisboa, com 35 e a Regi\u00e3o Centro, com 34 espect\u00e1culos.<\/span><\/span><\/span><\/p>\n<p align=\"justify\"><span style=\"color: #222222;\"><span style=\"font-family: Liberation Serif, serif;\"><span style=\"font-size: medium;\">Os dados agora lan\u00e7ados, adiantam que os 153 espect\u00e1culos realizados em pra\u00e7as fixas contaram com a presen\u00e7a aproximada de 365.600 espectadores e os 21 espect\u00e1culos realizados em pra\u00e7as ambulantes foram apurados 18.300 espectadores, num total de 383.900 espectadores.<\/span><\/span><\/span><\/p>\n<p align=\"justify\"><span style=\"color: #222222;\"><span style=\"font-family: Liberation Serif, serif;\"><span style=\"font-size: medium;\">Segundo a IGAC, \u201c<\/span><\/span><\/span><strong><span style=\"color: #222222;\"><span style=\"font-family: Liberation Serif, serif;\"><span style=\"font-size: medium;\"><i>\u00e0 semelhan\u00e7a do observado em anos anteriores, a pra\u00e7a de toiros do Campo Pequeno, em Lisboa, foi aquela em que foi apurado maior n\u00famero de espectadores, num total de cerca de 49.600, constituindo o triplo do total de espectadores nas pra\u00e7as ambulantes\u201d, por sua vez, \u201cem termos de m\u00e9dia de espectadores estimados por espect\u00e1culo, a de Santar\u00e9m (Celestino Gra\u00e7a) ocupa posi\u00e7\u00e3o cimeira com 8.500 espectadores, seguida do Campo Pequeno, em Lisboa e a de Coruche, ambas com cerca de 4.100. Seguem-se as pra\u00e7as de Alcochete, com 3.600 espectadores e as da Figueira da Foz e Montijo, com 3.400.<\/i><\/span><\/span><\/span><\/strong><span style=\"color: #222222;\"><span style=\"font-family: Liberation Serif, serif;\"><span style=\"font-size: medium;\">\u201d<\/span><\/span><\/span><\/p>\n<p align=\"justify\"><span style=\"color: #222222;\"><span style=\"font-family: Liberation Serif, serif;\"><span style=\"font-size: medium;\">No que respeita a empresas, foi a empresa Toiro das Sesmarias, que gere a Pra\u00e7a de Albufeira, a que mais espect\u00e1culos realizou, 20, seguindo-se a Colina Fresca, de Ricardo Levesinho, com 17 festejos realizados.<\/span><\/span><\/span><\/p>\n<p align=\"justify\"><span style=\"color: #222222; font-family: Liberation Serif, serif; font-size: medium;\">Ainda segundo a IGAC foi Ant\u00f3nio Telles quem mais actuou com 32 espect\u00e1culos, seguindo-se Lu\u00eds Rouxinol e Lu\u00eds Rouxinol Jr, com 29 e 28 espect\u00e1culos respectivamente.<\/span><\/p>\n<p align=\"justify\"><span style=\"color: #222222; font-family: Liberation Serif, serif; font-size: medium;\">No toureio a p\u00e9 foi Manuel Dias Gomes que liderou com 9 espect\u00e1culos, enquanto que nos Forcados a lideran\u00e7a divide-se por tr\u00eas grupos, Vila Franca de Xira, Montemor-o-Novo e Santar\u00e9m, todos com 17 espect\u00e1culos.<\/span><\/p>\n<p align=\"justify\"><span style=\"color: #222222;\"><span style=\"font-family: Liberation Serif, serif;\"><span style=\"font-size: medium;\">No ano em que ingressaram na IGAC novos diretores de corrida, continuou a ser Agostinho Borges, o Director que mais dirigiu espet\u00e1culos, 21, seguindo-se Marcos Gomes, com 17 e Domingos Jeremias com 16 espect\u00e1culos.<\/span><\/span><\/span><\/p>\n<p><a href=\"https:\/\/www.igac.gov.pt\/documents\/20178\/2195368\/Relatorio+Tauromaquia+2019\/9a73fe95-3703-46e0-8e06-47f034adc7dc?fbclid=IwAR33c9AR4NpoXESCDFwV7JZxMigb_Wqrlv2UM7TKE4BM7sRxR0O9iTUphMk\" target=\"_blank\" rel=\"noopener noreferrer\">O Relat\u00f3rio Completo encontra-se AQUI<\/a>.<\/p>\n","protected":false},"excerpt":{"rendered":"<p>A Inspec\u00e7\u00e3o-Geral das Actividades Culturais deu a conhecer as estat\u00edsticas dos espect\u00e1culos taurom\u00e1quicos autorizados por esta entidade, em Portugal Continental.<\/p>\n","protected":false},"author":13,"featured_media":51229,"comment_status":"open","ping_status":"closed","sticky":false,"template":"","format":"standard","meta":{"footnotes":""},"categories":[10,2,16,7],"tags":[8563,160],"class_list":["post-64231","post","type-post","status-publish","format-standard","has-post-thumbnail","hentry","category-actualidade","category-cultura","category-politica","category-tauromaquia","tag-igac","tag-tauromaquia"],"yoast_head":"<!-- This site is optimized with the Yoast SEO plugin v27.4 - https:\/\/yoast.com\/product\/yoast-seo-wordpress\/ -->\n<title>N\u00famero de touradas e de espectadores aumentaram em 2019, revela o IGAC | Infocul.pt - Arquivo Digital<\/title>\n<meta name=\"description\" content=\"N\u00famero de touradas e de espectadores aumentaram em 2019, revela o IGAC | Infocul.pt - Arquivo Digital\" \/>\n<meta name=\"robots\" content=\"noindex, follow, max-snippet:-1, max-image-preview:large, max-video-preview:-1\" \/>\n<meta property=\"og:locale\" content=\"pt_PT\" \/>\n<meta property=\"og:type\" content=\"article\" \/>\n<meta property=\"og:title\" content=\"N\u00famero de touradas e de espectadores aumentaram em 2019, revela o IGAC | Infocul.pt - Arquivo Digital\" \/>\n<meta property=\"og:description\" content=\"N\u00famero de touradas e de espectadores aumentaram em 2019, revela o IGAC | Infocul.pt - Arquivo Digital\" \/>\n<meta property=\"og:url\" content=\"https:\/\/infocul.pt\/arquivo\/cultura\/numero-de-touradas-e-de-espectadores-aumentaram-em-2019-revela-o-igac\/\" \/>\n<meta property=\"og:site_name\" content=\"Infocul.pt - Arquivo Digital\" \/>\n<meta property=\"article:publisher\" content=\"https:\/\/www.facebook.com\/Infocul-147816815585015\/\" \/>\n<meta property=\"article:published_time\" content=\"2019-12-26T17:21:28+00:00\" \/>\n<meta property=\"og:image\" content=\"https:\/\/infocul.pt\/arquivo\/wp-content\/uploads\/2019\/01\/touradas-e1546629350152.jpg\" \/>\n\t<meta property=\"og:image:width\" content=\"800\" \/>\n\t<meta property=\"og:image:height\" content=\"533\" \/>\n\t<meta property=\"og:image:type\" content=\"image\/jpeg\" \/>\n<meta name=\"author\" content=\"Redac\u00e7\u00e3o\" \/>\n<meta name=\"twitter:card\" content=\"summary_large_image\" \/>\n<meta name=\"twitter:creator\" content=\"@Infoculpt\" \/>\n<meta name=\"twitter:site\" content=\"@Infoculpt\" \/>\n<meta name=\"twitter:label1\" content=\"Escrito por\" \/>\n\t<meta name=\"twitter:data1\" content=\"Redac\u00e7\u00e3o\" \/>\n\t<meta name=\"twitter:label2\" content=\"Tempo estimado de leitura\" \/>\n\t<meta name=\"twitter:data2\" content=\"2 minutos\" \/>\n<script type=\"application\/ld+json\" class=\"yoast-schema-graph\">{\"@context\":\"https:\\\/\\\/schema.org\",\"@graph\":[{\"@type\":\"Article\",\"@id\":\"https:\\\/\\\/infocul.pt\\\/arquivo\\\/cultura\\\/numero-de-touradas-e-de-espectadores-aumentaram-em-2019-revela-o-igac\\\/#article\",\"isPartOf\":{\"@id\":\"https:\\\/\\\/infocul.pt\\\/arquivo\\\/cultura\\\/numero-de-touradas-e-de-espectadores-aumentaram-em-2019-revela-o-igac\\\/\"},\"author\":{\"name\":\"Redac\u00e7\u00e3o\",\"@id\":\"https:\\\/\\\/infocul.pt\\\/arquivo\\\/#\\\/schema\\\/person\\\/f243f45ae8d67639120a7586884f3abc\"},\"headline\":\"N\u00famero de touradas e de espectadores aumentaram em 2019, revela o IGAC\",\"datePublished\":\"2019-12-26T17:21:28+00:00\",\"mainEntityOfPage\":{\"@id\":\"https:\\\/\\\/infocul.pt\\\/arquivo\\\/cultura\\\/numero-de-touradas-e-de-espectadores-aumentaram-em-2019-revela-o-igac\\\/\"},\"wordCount\":368,\"commentCount\":0,\"publisher\":{\"@id\":\"https:\\\/\\\/infocul.pt\\\/arquivo\\\/#organization\"},\"image\":{\"@id\":\"https:\\\/\\\/infocul.pt\\\/arquivo\\\/cultura\\\/numero-de-touradas-e-de-espectadores-aumentaram-em-2019-revela-o-igac\\\/#primaryimage\"},\"thumbnailUrl\":\"https:\\\/\\\/infocul.pt\\\/arquivo\\\/wp-content\\\/uploads\\\/2019\\\/01\\\/touradas-e1546629350152.jpg\",\"keywords\":[\"IGAC\",\"Tauromaquia\"],\"articleSection\":[\"Actualidade\",\"Cultura\",\"Politica\",\"Tauromaquia\"],\"inLanguage\":\"pt-PT\"},{\"@type\":\"WebPage\",\"@id\":\"https:\\\/\\\/infocul.pt\\\/arquivo\\\/cultura\\\/numero-de-touradas-e-de-espectadores-aumentaram-em-2019-revela-o-igac\\\/\",\"url\":\"https:\\\/\\\/infocul.pt\\\/arquivo\\\/cultura\\\/numero-de-touradas-e-de-espectadores-aumentaram-em-2019-revela-o-igac\\\/\",\"name\":\"N\u00famero de touradas e de espectadores aumentaram em 2019, revela o IGAC | Infocul.pt - Arquivo Digital\",\"isPartOf\":{\"@id\":\"https:\\\/\\\/infocul.pt\\\/arquivo\\\/#website\"},\"primaryImageOfPage\":{\"@id\":\"https:\\\/\\\/infocul.pt\\\/arquivo\\\/cultura\\\/numero-de-touradas-e-de-espectadores-aumentaram-em-2019-revela-o-igac\\\/#primaryimage\"},\"image\":{\"@id\":\"https:\\\/\\\/infocul.pt\\\/arquivo\\\/cultura\\\/numero-de-touradas-e-de-espectadores-aumentaram-em-2019-revela-o-igac\\\/#primaryimage\"},\"thumbnailUrl\":\"https:\\\/\\\/infocul.pt\\\/arquivo\\\/wp-content\\\/uploads\\\/2019\\\/01\\\/touradas-e1546629350152.jpg\",\"datePublished\":\"2019-12-26T17:21:28+00:00\",\"description\":\"N\u00famero de touradas e de espectadores aumentaram em 2019, revela o IGAC | Infocul.pt - Arquivo Digital\",\"breadcrumb\":{\"@id\":\"https:\\\/\\\/infocul.pt\\\/arquivo\\\/cultura\\\/numero-de-touradas-e-de-espectadores-aumentaram-em-2019-revela-o-igac\\\/#breadcrumb\"},\"inLanguage\":\"pt-PT\",\"potentialAction\":[{\"@type\":\"ReadAction\",\"target\":[\"https:\\\/\\\/infocul.pt\\\/arquivo\\\/cultura\\\/numero-de-touradas-e-de-espectadores-aumentaram-em-2019-revela-o-igac\\\/\"]}]},{\"@type\":\"ImageObject\",\"inLanguage\":\"pt-PT\",\"@id\":\"https:\\\/\\\/infocul.pt\\\/arquivo\\\/cultura\\\/numero-de-touradas-e-de-espectadores-aumentaram-em-2019-revela-o-igac\\\/#primaryimage\",\"url\":\"https:\\\/\\\/infocul.pt\\\/arquivo\\\/wp-content\\\/uploads\\\/2019\\\/01\\\/touradas-e1546629350152.jpg\",\"contentUrl\":\"https:\\\/\\\/infocul.pt\\\/arquivo\\\/wp-content\\\/uploads\\\/2019\\\/01\\\/touradas-e1546629350152.jpg\",\"width\":800,\"height\":533},{\"@type\":\"BreadcrumbList\",\"@id\":\"https:\\\/\\\/infocul.pt\\\/arquivo\\\/cultura\\\/numero-de-touradas-e-de-espectadores-aumentaram-em-2019-revela-o-igac\\\/#breadcrumb\",\"itemListElement\":[{\"@type\":\"ListItem\",\"position\":1,\"name\":\"Home\",\"item\":\"https:\\\/\\\/infocul.pt\\\/arquivo\\\/\"},{\"@type\":\"ListItem\",\"position\":2,\"name\":\"N\u00famero de touradas e de espectadores aumentaram em 2019, revela o IGAC\"}]},{\"@type\":\"WebSite\",\"@id\":\"https:\\\/\\\/infocul.pt\\\/arquivo\\\/#website\",\"url\":\"https:\\\/\\\/infocul.pt\\\/arquivo\\\/\",\"name\":\"Infocul.pt - Arquivo Digital\",\"description\":\"Arquivo digital da Infocul.pt\",\"publisher\":{\"@id\":\"https:\\\/\\\/infocul.pt\\\/arquivo\\\/#organization\"},\"potentialAction\":[{\"@type\":\"SearchAction\",\"target\":{\"@type\":\"EntryPoint\",\"urlTemplate\":\"https:\\\/\\\/infocul.pt\\\/arquivo\\\/?s={search_term_string}\"},\"query-input\":{\"@type\":\"PropertyValueSpecification\",\"valueRequired\":true,\"valueName\":\"search_term_string\"}}],\"inLanguage\":\"pt-PT\"},{\"@type\":\"Organization\",\"@id\":\"https:\\\/\\\/infocul.pt\\\/arquivo\\\/#organization\",\"name\":\"Infocul.pt\",\"url\":\"https:\\\/\\\/infocul.pt\\\/arquivo\\\/\",\"logo\":{\"@type\":\"ImageObject\",\"inLanguage\":\"pt-PT\",\"@id\":\"https:\\\/\\\/infocul.pt\\\/arquivo\\\/#\\\/schema\\\/logo\\\/image\\\/\",\"url\":\"https:\\\/\\\/infocul.pt\\\/arquivo\\\/wp-content\\\/uploads\\\/2018\\\/12\\\/Infocul_logo-1.png\",\"contentUrl\":\"https:\\\/\\\/infocul.pt\\\/arquivo\\\/wp-content\\\/uploads\\\/2018\\\/12\\\/Infocul_logo-1.png\",\"width\":800,\"height\":800,\"caption\":\"Infocul.pt\"},\"image\":{\"@id\":\"https:\\\/\\\/infocul.pt\\\/arquivo\\\/#\\\/schema\\\/logo\\\/image\\\/\"},\"sameAs\":[\"https:\\\/\\\/www.facebook.com\\\/Infocul-147816815585015\\\/\",\"https:\\\/\\\/x.com\\\/Infoculpt\",\"http:\\\/\\\/www.pictaram.com\\\/user\\\/infocul.pt\\\/2370423710\",\"https:\\\/\\\/www.youtube.com\\\/channel\\\/UCYEB91AGI9FL9ek2i_IaQAA\"]},{\"@type\":\"Person\",\"@id\":\"https:\\\/\\\/infocul.pt\\\/arquivo\\\/#\\\/schema\\\/person\\\/f243f45ae8d67639120a7586884f3abc\",\"name\":\"Redac\u00e7\u00e3o\",\"image\":{\"@type\":\"ImageObject\",\"inLanguage\":\"pt-PT\",\"@id\":\"https:\\\/\\\/secure.gravatar.com\\\/avatar\\\/151b1b76c598ab5e749407223bd6c1bad4e41c4e95de3c3df83540ebee2deaf8?s=96&d=mm&r=g\",\"url\":\"https:\\\/\\\/secure.gravatar.com\\\/avatar\\\/151b1b76c598ab5e749407223bd6c1bad4e41c4e95de3c3df83540ebee2deaf8?s=96&d=mm&r=g\",\"contentUrl\":\"https:\\\/\\\/secure.gravatar.com\\\/avatar\\\/151b1b76c598ab5e749407223bd6c1bad4e41c4e95de3c3df83540ebee2deaf8?s=96&d=mm&r=g\",\"caption\":\"Redac\u00e7\u00e3o\"}}]}<\/script>\n<!-- \/ Yoast SEO plugin. -->","yoast_head_json":{"title":"N\u00famero de touradas e de espectadores aumentaram em 2019, revela o IGAC | Infocul.pt - Arquivo Digital","description":"N\u00famero de touradas e de espectadores aumentaram em 2019, revela o IGAC | Infocul.pt - Arquivo Digital","robots":{"index":"noindex","follow":"follow","max-snippet":"max-snippet:-1","max-image-preview":"max-image-preview:large","max-video-preview":"max-video-preview:-1"},"og_locale":"pt_PT","og_type":"article","og_title":"N\u00famero de touradas e de espectadores aumentaram em 2019, revela o IGAC | Infocul.pt - Arquivo Digital","og_description":"N\u00famero de touradas e de espectadores aumentaram em 2019, revela o IGAC | Infocul.pt - Arquivo Digital","og_url":"https:\/\/infocul.pt\/arquivo\/cultura\/numero-de-touradas-e-de-espectadores-aumentaram-em-2019-revela-o-igac\/","og_site_name":"Infocul.pt - Arquivo Digital","article_publisher":"https:\/\/www.facebook.com\/Infocul-147816815585015\/","article_published_time":"2019-12-26T17:21:28+00:00","og_image":[{"width":800,"height":533,"url":"https:\/\/infocul.pt\/arquivo\/wp-content\/uploads\/2019\/01\/touradas-e1546629350152.jpg","type":"image\/jpeg"}],"author":"Redac\u00e7\u00e3o","twitter_card":"summary_large_image","twitter_creator":"@Infoculpt","twitter_site":"@Infoculpt","twitter_misc":{"Escrito por":"Redac\u00e7\u00e3o","Tempo estimado de leitura":"2 minutos"},"schema":{"@context":"https:\/\/schema.org","@graph":[{"@type":"Article","@id":"https:\/\/infocul.pt\/arquivo\/cultura\/numero-de-touradas-e-de-espectadores-aumentaram-em-2019-revela-o-igac\/#article","isPartOf":{"@id":"https:\/\/infocul.pt\/arquivo\/cultura\/numero-de-touradas-e-de-espectadores-aumentaram-em-2019-revela-o-igac\/"},"author":{"name":"Redac\u00e7\u00e3o","@id":"https:\/\/infocul.pt\/arquivo\/#\/schema\/person\/f243f45ae8d67639120a7586884f3abc"},"headline":"N\u00famero de touradas e de espectadores aumentaram em 2019, revela o IGAC","datePublished":"2019-12-26T17:21:28+00:00","mainEntityOfPage":{"@id":"https:\/\/infocul.pt\/arquivo\/cultura\/numero-de-touradas-e-de-espectadores-aumentaram-em-2019-revela-o-igac\/"},"wordCount":368,"commentCount":0,"publisher":{"@id":"https:\/\/infocul.pt\/arquivo\/#organization"},"image":{"@id":"https:\/\/infocul.pt\/arquivo\/cultura\/numero-de-touradas-e-de-espectadores-aumentaram-em-2019-revela-o-igac\/#primaryimage"},"thumbnailUrl":"https:\/\/infocul.pt\/arquivo\/wp-content\/uploads\/2019\/01\/touradas-e1546629350152.jpg","keywords":["IGAC","Tauromaquia"],"articleSection":["Actualidade","Cultura","Politica","Tauromaquia"],"inLanguage":"pt-PT"},{"@type":"WebPage","@id":"https:\/\/infocul.pt\/arquivo\/cultura\/numero-de-touradas-e-de-espectadores-aumentaram-em-2019-revela-o-igac\/","url":"https:\/\/infocul.pt\/arquivo\/cultura\/numero-de-touradas-e-de-espectadores-aumentaram-em-2019-revela-o-igac\/","name":"N\u00famero de touradas e de espectadores aumentaram em 2019, revela o IGAC | Infocul.pt - Arquivo Digital","isPartOf":{"@id":"https:\/\/infocul.pt\/arquivo\/#website"},"primaryImageOfPage":{"@id":"https:\/\/infocul.pt\/arquivo\/cultura\/numero-de-touradas-e-de-espectadores-aumentaram-em-2019-revela-o-igac\/#primaryimage"},"image":{"@id":"https:\/\/infocul.pt\/arquivo\/cultura\/numero-de-touradas-e-de-espectadores-aumentaram-em-2019-revela-o-igac\/#primaryimage"},"thumbnailUrl":"https:\/\/infocul.pt\/arquivo\/wp-content\/uploads\/2019\/01\/touradas-e1546629350152.jpg","datePublished":"2019-12-26T17:21:28+00:00","description":"N\u00famero de touradas e de espectadores aumentaram em 2019, revela o IGAC | Infocul.pt - Arquivo Digital","breadcrumb":{"@id":"https:\/\/infocul.pt\/arquivo\/cultura\/numero-de-touradas-e-de-espectadores-aumentaram-em-2019-revela-o-igac\/#breadcrumb"},"inLanguage":"pt-PT","potentialAction":[{"@type":"ReadAction","target":["https:\/\/infocul.pt\/arquivo\/cultura\/numero-de-touradas-e-de-espectadores-aumentaram-em-2019-revela-o-igac\/"]}]},{"@type":"ImageObject","inLanguage":"pt-PT","@id":"https:\/\/infocul.pt\/arquivo\/cultura\/numero-de-touradas-e-de-espectadores-aumentaram-em-2019-revela-o-igac\/#primaryimage","url":"https:\/\/infocul.pt\/arquivo\/wp-content\/uploads\/2019\/01\/touradas-e1546629350152.jpg","contentUrl":"https:\/\/infocul.pt\/arquivo\/wp-content\/uploads\/2019\/01\/touradas-e1546629350152.jpg","width":800,"height":533},{"@type":"BreadcrumbList","@id":"https:\/\/infocul.pt\/arquivo\/cultura\/numero-de-touradas-e-de-espectadores-aumentaram-em-2019-revela-o-igac\/#breadcrumb","itemListElement":[{"@type":"ListItem","position":1,"name":"Home","item":"https:\/\/infocul.pt\/arquivo\/"},{"@type":"ListItem","position":2,"name":"N\u00famero de touradas e de espectadores aumentaram em 2019, revela o IGAC"}]},{"@type":"WebSite","@id":"https:\/\/infocul.pt\/arquivo\/#website","url":"https:\/\/infocul.pt\/arquivo\/","name":"Infocul.pt - Arquivo Digital","description":"Arquivo digital da Infocul.pt","publisher":{"@id":"https:\/\/infocul.pt\/arquivo\/#organization"},"potentialAction":[{"@type":"SearchAction","target":{"@type":"EntryPoint","urlTemplate":"https:\/\/infocul.pt\/arquivo\/?s={search_term_string}"},"query-input":{"@type":"PropertyValueSpecification","valueRequired":true,"valueName":"search_term_string"}}],"inLanguage":"pt-PT"},{"@type":"Organization","@id":"https:\/\/infocul.pt\/arquivo\/#organization","name":"Infocul.pt","url":"https:\/\/infocul.pt\/arquivo\/","logo":{"@type":"ImageObject","inLanguage":"pt-PT","@id":"https:\/\/infocul.pt\/arquivo\/#\/schema\/logo\/image\/","url":"https:\/\/infocul.pt\/arquivo\/wp-content\/uploads\/2018\/12\/Infocul_logo-1.png","contentUrl":"https:\/\/infocul.pt\/arquivo\/wp-content\/uploads\/2018\/12\/Infocul_logo-1.png","width":800,"height":800,"caption":"Infocul.pt"},"image":{"@id":"https:\/\/infocul.pt\/arquivo\/#\/schema\/logo\/image\/"},"sameAs":["https:\/\/www.facebook.com\/Infocul-147816815585015\/","https:\/\/x.com\/Infoculpt","http:\/\/www.pictaram.com\/user\/infocul.pt\/2370423710","https:\/\/www.youtube.com\/channel\/UCYEB91AGI9FL9ek2i_IaQAA"]},{"@type":"Person","@id":"https:\/\/infocul.pt\/arquivo\/#\/schema\/person\/f243f45ae8d67639120a7586884f3abc","name":"Redac\u00e7\u00e3o","image":{"@type":"ImageObject","inLanguage":"pt-PT","@id":"https:\/\/secure.gravatar.com\/avatar\/151b1b76c598ab5e749407223bd6c1bad4e41c4e95de3c3df83540ebee2deaf8?s=96&d=mm&r=g","url":"https:\/\/secure.gravatar.com\/avatar\/151b1b76c598ab5e749407223bd6c1bad4e41c4e95de3c3df83540ebee2deaf8?s=96&d=mm&r=g","contentUrl":"https:\/\/secure.gravatar.com\/avatar\/151b1b76c598ab5e749407223bd6c1bad4e41c4e95de3c3df83540ebee2deaf8?s=96&d=mm&r=g","caption":"Redac\u00e7\u00e3o"}}]}},"_links":{"self":[{"href":"https:\/\/infocul.pt\/arquivo\/wp-json\/wp\/v2\/posts\/64231","targetHints":{"allow":["GET"]}}],"collection":[{"href":"https:\/\/infocul.pt\/arquivo\/wp-json\/wp\/v2\/posts"}],"about":[{"href":"https:\/\/infocul.pt\/arquivo\/wp-json\/wp\/v2\/types\/post"}],"author":[{"embeddable":true,"href":"https:\/\/infocul.pt\/arquivo\/wp-json\/wp\/v2\/users\/13"}],"replies":[{"embeddable":true,"href":"https:\/\/infocul.pt\/arquivo\/wp-json\/wp\/v2\/comments?post=64231"}],"version-history":[{"count":0,"href":"https:\/\/infocul.pt\/arquivo\/wp-json\/wp\/v2\/posts\/64231\/revisions"}],"wp:featuredmedia":[{"embeddable":true,"href":"https:\/\/infocul.pt\/arquivo\/wp-json\/wp\/v2\/media\/51229"}],"wp:attachment":[{"href":"https:\/\/infocul.pt\/arquivo\/wp-json\/wp\/v2\/media?parent=64231"}],"wp:term":[{"taxonomy":"category","embeddable":true,"href":"https:\/\/infocul.pt\/arquivo\/wp-json\/wp\/v2\/categories?post=64231"},{"taxonomy":"post_tag","embeddable":true,"href":"https:\/\/infocul.pt\/arquivo\/wp-json\/wp\/v2\/tags?post=64231"}],"curies":[{"name":"wp","href":"https:\/\/api.w.org\/{rel}","templated":true}]}}