{"id":64541,"date":"2020-01-05T11:35:15","date_gmt":"2020-01-05T11:35:15","guid":{"rendered":"https:\/\/infocul.pt\/?p=64541"},"modified":"2020-01-05T11:35:15","modified_gmt":"2020-01-05T11:35:15","slug":"god-save-the-queen-estao-de-regresso-a-portugal","status":"publish","type":"post","link":"https:\/\/infocul.pt\/arquivo\/cultura\/god-save-the-queen-estao-de-regresso-a-portugal\/","title":{"rendered":"God Save The Queen est\u00e3o de regresso a Portugal"},"content":{"rendered":"<p align=\"justify\"><img decoding=\"async\" class=\"aligncenter wp-image-64543 size-large lazyload\" data-src=\"https:\/\/infocul.pt\/arquivo\/wp-content\/uploads\/2020\/01\/20617144_10154668966867327_7639348407977691925_o-1024x682.jpg\" alt=\"\" width=\"800\" height=\"533\" data-srcset=\"https:\/\/infocul.pt\/arquivo\/wp-content\/uploads\/2020\/01\/20617144_10154668966867327_7639348407977691925_o-1024x682.jpg 1024w, https:\/\/infocul.pt\/arquivo\/wp-content\/uploads\/2020\/01\/20617144_10154668966867327_7639348407977691925_o-300x200.jpg 300w, https:\/\/infocul.pt\/arquivo\/wp-content\/uploads\/2020\/01\/20617144_10154668966867327_7639348407977691925_o-768x512.jpg 768w, https:\/\/infocul.pt\/arquivo\/wp-content\/uploads\/2020\/01\/20617144_10154668966867327_7639348407977691925_o.jpg 1313w\" data-sizes=\"(max-width: 800px) 100vw, 800px\" src=\"data:image\/svg+xml;base64,PHN2ZyB3aWR0aD0iMSIgaGVpZ2h0PSIxIiB4bWxucz0iaHR0cDovL3d3dy53My5vcmcvMjAwMC9zdmciPjwvc3ZnPg==\" style=\"--smush-placeholder-width: 800px; --smush-placeholder-aspect-ratio: 800\/533;\" \/><\/p>\n<p align=\"justify\"><span style=\"font-family: Liberation Serif, serif;\"><span style=\"font-size: medium;\"><span style=\"color: #000000;\">God Save The Queen, a Melhor Banda de Tributo do Mundo, regressa a Portugal nos pr\u00f3ximos dias 29 de Maio de 2020 (Multiusos de Gondomar) e 30 de Maio de 2020 (Campo Pequeno).<\/span><\/span><\/span><!--more--><\/p>\n<p align=\"justify\"><span style=\"font-family: Liberation Serif, serif;\"><span style=\"font-size: medium;\"><span style=\"color: #000000;\">Os bilhetes estar\u00e3o em Pr\u00e9-Venda Exclusiva FNAC (nas lojas e no site <a href=\"http:\/\/bilheteira.fnac.pt\/\">bilheteira.fnac.pt<\/a>) j\u00e1 na pr\u00f3xima segunda-feira, dia 6 de Janeiro, por um per\u00edodo exclusivo de 48 horas, ficando dispon\u00edveis para venda geral nas redes Ticketline e Blueticket a partir de 8 de Janeiro.<\/span><\/span><\/span><\/p>\n<p align=\"justify\"><span style=\"font-family: Liberation Serif, serif;\"><span style=\"font-size: medium;\"><span style=\"color: #000000;\">Aclamados pela prestigiada revista Rolling Stone, pelos pr\u00f3prios Queen e pela 20th Century Fox (que os escolheu para promover o filme biogr\u00e1fico \u201cBohemian Rhapsody\u201d), os God Save The Queen j\u00e1 esgotaram 15 vezes concertos em Portugal, onde regressam depois de 3 anos de aus\u00eancia em que os seus in\u00fameros seguidores apelaram regularmente ao seu regresso na p\u00e1gina ib\u00e9rica do facebook.<\/span><\/span><\/span><\/p>\n<p align=\"justify\"><span style=\"color: #000000;\">\u201c<\/span><span style=\"font-family: Liberation Serif, serif;\"><span style=\"font-size: medium;\"><span style=\"color: #000000;\"><i><b>S\u00e3o t\u00e3o bons quanto os verdadeiros Queen!<\/b><\/i><\/span><span style=\"color: #000000;\">\u201d disse Phil Murphy, tour manager dos Queen, juntando-se aos elogios da m\u00e3e e do secret\u00e1rio pessoal de Freddie Mercury, Peter Freestone, que apadrinha a banda.<\/span><\/span><\/span><\/p>\n<p align=\"justify\"><span style=\"font-family: Liberation Serif, serif;\"><span style=\"font-size: medium;\"><span style=\"color: #000000;\">Tocando um repert\u00f3rio que inclui temas dos Queen desde o in\u00edcio da sua carreira at\u00e9 ao seu \u00faltimo \u00e1lbum &#8220;Made In Heaven&#8221;, God Save The Queen diferencia-se das outras bandas tributo pela encarna\u00e7\u00e3o mais profunda e sentida do esp\u00edrito do grupo, emocionando audi\u00eancias em espet\u00e1culos completamente esgotados em todo o mundo.<\/span><\/span><\/span><\/p>\n<p align=\"justify\"><span style=\"font-family: Liberation Serif, serif;\"><span style=\"font-size: medium;\"><span style=\"color: #000000;\">O curr\u00edculo da banda conta com muitos momentos marcantes como o de receber o elogio de Jer Bulsara (m\u00e3e de Freddie Mercury) na apresenta\u00e7\u00e3o do grupo no Freddie Mercury Memorial Day, em Montreux no ano de 2006, em que foram a atra\u00e7\u00e3o mais esperada pelo p\u00fablico presente. Foram tamb\u00e9m surpreendidos a meio de um ensaio para um show na Europa, por Brian May, o guitarrista dos Queen, que fez quest\u00e3o de conhecer a banda e dar a sua aprova\u00e7\u00e3o.<\/span><\/span><\/span><\/p>\n<p align=\"justify\"><span style=\"font-family: Liberation Serif, serif;\"><span style=\"font-size: medium;\"><span style=\"color: #000000;\">Al\u00e9m de Brian May, Jer Bulsara (m\u00e3e de Freddie Mercury), Peter Freestone (secret\u00e1rio pessoal de Freddie Mercury), tamb\u00e9m Jacky Smith (presidente do f\u00e3-clube oficial) e Jim Beach (empres\u00e1rio dos Queen), reconheceram a banda como o melhor tributo aos Queen.<\/span><\/span><\/span><\/p>\n<p align=\"justify\"><span style=\"font-family: Liberation Serif, serif;\"><span style=\"font-size: medium;\"><span style=\"color: #000000;\">Com o lend\u00e1rio som original e a impressionante semelhan\u00e7a f\u00edsica e vocal de Pablo Padin a Freddie Mercury, a atua\u00e7\u00e3o da banda faz reviver os momentos mais importantes na hist\u00f3ria da m\u00fasica dos Queen. Para os que nunca tiveram a oportunidade de ver os Queen ao vivo, ver God Save The Queen, ser\u00e1 sem d\u00favida, a maior aproxima\u00e7\u00e3o poss\u00edvel do que foi um show dos Queen.<\/span><\/span><\/span><\/p>\n<p align=\"justify\"><span style=\"font-family: Liberation Serif, serif;\"><span style=\"font-size: medium;\"><span style=\"color: #000000;\">Siga o conselho de Jacky Smith, presidente do Queen World Fan Club: \u201c<\/span><span style=\"color: #000000;\"><i><b>A melhor banda de homenagem aos Queen que j\u00e1 vi na minha vida. Algo que nenhum f\u00e3 do grupo deveria deixar de ver, n\u00e3o se pode perder!<\/b><\/i><\/span><span style=\"color: #000000;\">\u201d<\/span><\/span><\/span><\/p>\n","protected":false},"excerpt":{"rendered":"<p>God Save The Queen, a Melhor Banda de Tributo do Mundo, regressa a Portugal nos pr\u00f3ximos dias 29 de Maio de 2020 (Multiusos de Gondomar) e 30 de Maio de 2020 (Campo Pequeno).<\/p>\n","protected":false},"author":13,"featured_media":64543,"comment_status":"open","ping_status":"closed","sticky":false,"template":"","format":"standard","meta":{"footnotes":""},"categories":[3,2],"tags":[244,8600,330,80,547],"class_list":["post-64541","post","type-post","status-publish","format-standard","has-post-thumbnail","hentry","category-concertos","category-cultura","tag-campo-pequeno","tag-god-save-the-queen","tag-gondomar","tag-lisboa","tag-multiusos-de-gondomar"],"yoast_head":"<!-- This site is optimized with the Yoast SEO plugin v27.5 - https:\/\/yoast.com\/product\/yoast-seo-wordpress\/ -->\n<title>God Save The Queen est\u00e3o de regresso a Portugal | Infocul.pt - Arquivo Digital<\/title>\n<meta name=\"description\" content=\"God Save The Queen est\u00e3o de regresso a Portugal | Infocul.pt - Arquivo Digital\" \/>\n<meta name=\"robots\" content=\"noindex, follow, max-snippet:-1, max-image-preview:large, max-video-preview:-1\" \/>\n<meta property=\"og:locale\" content=\"pt_PT\" \/>\n<meta property=\"og:type\" content=\"article\" \/>\n<meta property=\"og:title\" content=\"God Save The Queen est\u00e3o de regresso a Portugal | Infocul.pt - Arquivo Digital\" \/>\n<meta property=\"og:description\" content=\"God Save The Queen est\u00e3o de regresso a Portugal | Infocul.pt - Arquivo Digital\" \/>\n<meta property=\"og:url\" content=\"https:\/\/infocul.pt\/arquivo\/cultura\/god-save-the-queen-estao-de-regresso-a-portugal\/\" \/>\n<meta property=\"og:site_name\" content=\"Infocul.pt - Arquivo Digital\" \/>\n<meta property=\"article:publisher\" content=\"https:\/\/www.facebook.com\/Infocul-147816815585015\/\" \/>\n<meta property=\"article:published_time\" content=\"2020-01-05T11:35:15+00:00\" \/>\n<meta property=\"og:image\" content=\"https:\/\/infocul.pt\/arquivo\/wp-content\/uploads\/2020\/01\/20617144_10154668966867327_7639348407977691925_o.jpg\" \/>\n\t<meta property=\"og:image:width\" content=\"1313\" \/>\n\t<meta property=\"og:image:height\" content=\"875\" \/>\n\t<meta property=\"og:image:type\" content=\"image\/jpeg\" \/>\n<meta name=\"author\" content=\"Redac\u00e7\u00e3o\" \/>\n<meta name=\"twitter:card\" content=\"summary_large_image\" \/>\n<meta name=\"twitter:creator\" content=\"@Infoculpt\" \/>\n<meta name=\"twitter:site\" content=\"@Infoculpt\" \/>\n<meta name=\"twitter:label1\" content=\"Escrito por\" \/>\n\t<meta name=\"twitter:data1\" content=\"Redac\u00e7\u00e3o\" \/>\n\t<meta name=\"twitter:label2\" content=\"Tempo estimado de leitura\" \/>\n\t<meta name=\"twitter:data2\" content=\"2 minutos\" \/>\n<script type=\"application\/ld+json\" class=\"yoast-schema-graph\">{\"@context\":\"https:\\\/\\\/schema.org\",\"@graph\":[{\"@type\":\"Article\",\"@id\":\"https:\\\/\\\/infocul.pt\\\/arquivo\\\/cultura\\\/god-save-the-queen-estao-de-regresso-a-portugal\\\/#article\",\"isPartOf\":{\"@id\":\"https:\\\/\\\/infocul.pt\\\/arquivo\\\/cultura\\\/god-save-the-queen-estao-de-regresso-a-portugal\\\/\"},\"author\":{\"name\":\"Redac\u00e7\u00e3o\",\"@id\":\"https:\\\/\\\/infocul.pt\\\/arquivo\\\/#\\\/schema\\\/person\\\/f243f45ae8d67639120a7586884f3abc\"},\"headline\":\"God Save The Queen est\u00e3o de regresso a Portugal\",\"datePublished\":\"2020-01-05T11:35:15+00:00\",\"mainEntityOfPage\":{\"@id\":\"https:\\\/\\\/infocul.pt\\\/arquivo\\\/cultura\\\/god-save-the-queen-estao-de-regresso-a-portugal\\\/\"},\"wordCount\":491,\"commentCount\":0,\"publisher\":{\"@id\":\"https:\\\/\\\/infocul.pt\\\/arquivo\\\/#organization\"},\"image\":{\"@id\":\"https:\\\/\\\/infocul.pt\\\/arquivo\\\/cultura\\\/god-save-the-queen-estao-de-regresso-a-portugal\\\/#primaryimage\"},\"thumbnailUrl\":\"https:\\\/\\\/infocul.pt\\\/arquivo\\\/wp-content\\\/uploads\\\/2020\\\/01\\\/20617144_10154668966867327_7639348407977691925_o.jpg\",\"keywords\":[\"Campo Pequeno\",\"God Save The Queen\",\"Gondomar\",\"Lisboa\",\"Multiusos de Gondomar\"],\"articleSection\":[\"Concertos\",\"Cultura\"],\"inLanguage\":\"pt-PT\"},{\"@type\":\"WebPage\",\"@id\":\"https:\\\/\\\/infocul.pt\\\/arquivo\\\/cultura\\\/god-save-the-queen-estao-de-regresso-a-portugal\\\/\",\"url\":\"https:\\\/\\\/infocul.pt\\\/arquivo\\\/cultura\\\/god-save-the-queen-estao-de-regresso-a-portugal\\\/\",\"name\":\"God Save The Queen est\u00e3o de regresso a Portugal | Infocul.pt - Arquivo Digital\",\"isPartOf\":{\"@id\":\"https:\\\/\\\/infocul.pt\\\/arquivo\\\/#website\"},\"primaryImageOfPage\":{\"@id\":\"https:\\\/\\\/infocul.pt\\\/arquivo\\\/cultura\\\/god-save-the-queen-estao-de-regresso-a-portugal\\\/#primaryimage\"},\"image\":{\"@id\":\"https:\\\/\\\/infocul.pt\\\/arquivo\\\/cultura\\\/god-save-the-queen-estao-de-regresso-a-portugal\\\/#primaryimage\"},\"thumbnailUrl\":\"https:\\\/\\\/infocul.pt\\\/arquivo\\\/wp-content\\\/uploads\\\/2020\\\/01\\\/20617144_10154668966867327_7639348407977691925_o.jpg\",\"datePublished\":\"2020-01-05T11:35:15+00:00\",\"description\":\"God Save The Queen est\u00e3o de regresso a Portugal | Infocul.pt - Arquivo Digital\",\"breadcrumb\":{\"@id\":\"https:\\\/\\\/infocul.pt\\\/arquivo\\\/cultura\\\/god-save-the-queen-estao-de-regresso-a-portugal\\\/#breadcrumb\"},\"inLanguage\":\"pt-PT\",\"potentialAction\":[{\"@type\":\"ReadAction\",\"target\":[\"https:\\\/\\\/infocul.pt\\\/arquivo\\\/cultura\\\/god-save-the-queen-estao-de-regresso-a-portugal\\\/\"]}]},{\"@type\":\"ImageObject\",\"inLanguage\":\"pt-PT\",\"@id\":\"https:\\\/\\\/infocul.pt\\\/arquivo\\\/cultura\\\/god-save-the-queen-estao-de-regresso-a-portugal\\\/#primaryimage\",\"url\":\"https:\\\/\\\/infocul.pt\\\/arquivo\\\/wp-content\\\/uploads\\\/2020\\\/01\\\/20617144_10154668966867327_7639348407977691925_o.jpg\",\"contentUrl\":\"https:\\\/\\\/infocul.pt\\\/arquivo\\\/wp-content\\\/uploads\\\/2020\\\/01\\\/20617144_10154668966867327_7639348407977691925_o.jpg\",\"width\":1313,\"height\":875},{\"@type\":\"BreadcrumbList\",\"@id\":\"https:\\\/\\\/infocul.pt\\\/arquivo\\\/cultura\\\/god-save-the-queen-estao-de-regresso-a-portugal\\\/#breadcrumb\",\"itemListElement\":[{\"@type\":\"ListItem\",\"position\":1,\"name\":\"Home\",\"item\":\"https:\\\/\\\/infocul.pt\\\/arquivo\\\/\"},{\"@type\":\"ListItem\",\"position\":2,\"name\":\"God Save The Queen est\u00e3o de regresso a Portugal\"}]},{\"@type\":\"WebSite\",\"@id\":\"https:\\\/\\\/infocul.pt\\\/arquivo\\\/#website\",\"url\":\"https:\\\/\\\/infocul.pt\\\/arquivo\\\/\",\"name\":\"Infocul.pt - Arquivo Digital\",\"description\":\"Arquivo digital da Infocul.pt\",\"publisher\":{\"@id\":\"https:\\\/\\\/infocul.pt\\\/arquivo\\\/#organization\"},\"potentialAction\":[{\"@type\":\"SearchAction\",\"target\":{\"@type\":\"EntryPoint\",\"urlTemplate\":\"https:\\\/\\\/infocul.pt\\\/arquivo\\\/?s={search_term_string}\"},\"query-input\":{\"@type\":\"PropertyValueSpecification\",\"valueRequired\":true,\"valueName\":\"search_term_string\"}}],\"inLanguage\":\"pt-PT\"},{\"@type\":\"Organization\",\"@id\":\"https:\\\/\\\/infocul.pt\\\/arquivo\\\/#organization\",\"name\":\"Infocul.pt\",\"url\":\"https:\\\/\\\/infocul.pt\\\/arquivo\\\/\",\"logo\":{\"@type\":\"ImageObject\",\"inLanguage\":\"pt-PT\",\"@id\":\"https:\\\/\\\/infocul.pt\\\/arquivo\\\/#\\\/schema\\\/logo\\\/image\\\/\",\"url\":\"https:\\\/\\\/infocul.pt\\\/arquivo\\\/wp-content\\\/uploads\\\/2018\\\/12\\\/Infocul_logo-1.png\",\"contentUrl\":\"https:\\\/\\\/infocul.pt\\\/arquivo\\\/wp-content\\\/uploads\\\/2018\\\/12\\\/Infocul_logo-1.png\",\"width\":800,\"height\":800,\"caption\":\"Infocul.pt\"},\"image\":{\"@id\":\"https:\\\/\\\/infocul.pt\\\/arquivo\\\/#\\\/schema\\\/logo\\\/image\\\/\"},\"sameAs\":[\"https:\\\/\\\/www.facebook.com\\\/Infocul-147816815585015\\\/\",\"https:\\\/\\\/x.com\\\/Infoculpt\",\"http:\\\/\\\/www.pictaram.com\\\/user\\\/infocul.pt\\\/2370423710\",\"https:\\\/\\\/www.youtube.com\\\/channel\\\/UCYEB91AGI9FL9ek2i_IaQAA\"]},{\"@type\":\"Person\",\"@id\":\"https:\\\/\\\/infocul.pt\\\/arquivo\\\/#\\\/schema\\\/person\\\/f243f45ae8d67639120a7586884f3abc\",\"name\":\"Redac\u00e7\u00e3o\",\"image\":{\"@type\":\"ImageObject\",\"inLanguage\":\"pt-PT\",\"@id\":\"https:\\\/\\\/secure.gravatar.com\\\/avatar\\\/151b1b76c598ab5e749407223bd6c1bad4e41c4e95de3c3df83540ebee2deaf8?s=96&d=mm&r=g\",\"url\":\"https:\\\/\\\/secure.gravatar.com\\\/avatar\\\/151b1b76c598ab5e749407223bd6c1bad4e41c4e95de3c3df83540ebee2deaf8?s=96&d=mm&r=g\",\"contentUrl\":\"https:\\\/\\\/secure.gravatar.com\\\/avatar\\\/151b1b76c598ab5e749407223bd6c1bad4e41c4e95de3c3df83540ebee2deaf8?s=96&d=mm&r=g\",\"caption\":\"Redac\u00e7\u00e3o\"}}]}<\/script>\n<!-- \/ Yoast SEO plugin. -->","yoast_head_json":{"title":"God Save The Queen est\u00e3o de regresso a Portugal | Infocul.pt - Arquivo Digital","description":"God Save The Queen est\u00e3o de regresso a Portugal | Infocul.pt - Arquivo Digital","robots":{"index":"noindex","follow":"follow","max-snippet":"max-snippet:-1","max-image-preview":"max-image-preview:large","max-video-preview":"max-video-preview:-1"},"og_locale":"pt_PT","og_type":"article","og_title":"God Save The Queen est\u00e3o de regresso a Portugal | Infocul.pt - Arquivo Digital","og_description":"God Save The Queen est\u00e3o de regresso a Portugal | Infocul.pt - Arquivo Digital","og_url":"https:\/\/infocul.pt\/arquivo\/cultura\/god-save-the-queen-estao-de-regresso-a-portugal\/","og_site_name":"Infocul.pt - Arquivo Digital","article_publisher":"https:\/\/www.facebook.com\/Infocul-147816815585015\/","article_published_time":"2020-01-05T11:35:15+00:00","og_image":[{"width":1313,"height":875,"url":"https:\/\/infocul.pt\/arquivo\/wp-content\/uploads\/2020\/01\/20617144_10154668966867327_7639348407977691925_o.jpg","type":"image\/jpeg"}],"author":"Redac\u00e7\u00e3o","twitter_card":"summary_large_image","twitter_creator":"@Infoculpt","twitter_site":"@Infoculpt","twitter_misc":{"Escrito por":"Redac\u00e7\u00e3o","Tempo estimado de leitura":"2 minutos"},"schema":{"@context":"https:\/\/schema.org","@graph":[{"@type":"Article","@id":"https:\/\/infocul.pt\/arquivo\/cultura\/god-save-the-queen-estao-de-regresso-a-portugal\/#article","isPartOf":{"@id":"https:\/\/infocul.pt\/arquivo\/cultura\/god-save-the-queen-estao-de-regresso-a-portugal\/"},"author":{"name":"Redac\u00e7\u00e3o","@id":"https:\/\/infocul.pt\/arquivo\/#\/schema\/person\/f243f45ae8d67639120a7586884f3abc"},"headline":"God Save The Queen est\u00e3o de regresso a Portugal","datePublished":"2020-01-05T11:35:15+00:00","mainEntityOfPage":{"@id":"https:\/\/infocul.pt\/arquivo\/cultura\/god-save-the-queen-estao-de-regresso-a-portugal\/"},"wordCount":491,"commentCount":0,"publisher":{"@id":"https:\/\/infocul.pt\/arquivo\/#organization"},"image":{"@id":"https:\/\/infocul.pt\/arquivo\/cultura\/god-save-the-queen-estao-de-regresso-a-portugal\/#primaryimage"},"thumbnailUrl":"https:\/\/infocul.pt\/arquivo\/wp-content\/uploads\/2020\/01\/20617144_10154668966867327_7639348407977691925_o.jpg","keywords":["Campo Pequeno","God Save The Queen","Gondomar","Lisboa","Multiusos de Gondomar"],"articleSection":["Concertos","Cultura"],"inLanguage":"pt-PT"},{"@type":"WebPage","@id":"https:\/\/infocul.pt\/arquivo\/cultura\/god-save-the-queen-estao-de-regresso-a-portugal\/","url":"https:\/\/infocul.pt\/arquivo\/cultura\/god-save-the-queen-estao-de-regresso-a-portugal\/","name":"God Save The Queen est\u00e3o de regresso a Portugal | Infocul.pt - Arquivo Digital","isPartOf":{"@id":"https:\/\/infocul.pt\/arquivo\/#website"},"primaryImageOfPage":{"@id":"https:\/\/infocul.pt\/arquivo\/cultura\/god-save-the-queen-estao-de-regresso-a-portugal\/#primaryimage"},"image":{"@id":"https:\/\/infocul.pt\/arquivo\/cultura\/god-save-the-queen-estao-de-regresso-a-portugal\/#primaryimage"},"thumbnailUrl":"https:\/\/infocul.pt\/arquivo\/wp-content\/uploads\/2020\/01\/20617144_10154668966867327_7639348407977691925_o.jpg","datePublished":"2020-01-05T11:35:15+00:00","description":"God Save The Queen est\u00e3o de regresso a Portugal | Infocul.pt - Arquivo Digital","breadcrumb":{"@id":"https:\/\/infocul.pt\/arquivo\/cultura\/god-save-the-queen-estao-de-regresso-a-portugal\/#breadcrumb"},"inLanguage":"pt-PT","potentialAction":[{"@type":"ReadAction","target":["https:\/\/infocul.pt\/arquivo\/cultura\/god-save-the-queen-estao-de-regresso-a-portugal\/"]}]},{"@type":"ImageObject","inLanguage":"pt-PT","@id":"https:\/\/infocul.pt\/arquivo\/cultura\/god-save-the-queen-estao-de-regresso-a-portugal\/#primaryimage","url":"https:\/\/infocul.pt\/arquivo\/wp-content\/uploads\/2020\/01\/20617144_10154668966867327_7639348407977691925_o.jpg","contentUrl":"https:\/\/infocul.pt\/arquivo\/wp-content\/uploads\/2020\/01\/20617144_10154668966867327_7639348407977691925_o.jpg","width":1313,"height":875},{"@type":"BreadcrumbList","@id":"https:\/\/infocul.pt\/arquivo\/cultura\/god-save-the-queen-estao-de-regresso-a-portugal\/#breadcrumb","itemListElement":[{"@type":"ListItem","position":1,"name":"Home","item":"https:\/\/infocul.pt\/arquivo\/"},{"@type":"ListItem","position":2,"name":"God Save The Queen est\u00e3o de regresso a Portugal"}]},{"@type":"WebSite","@id":"https:\/\/infocul.pt\/arquivo\/#website","url":"https:\/\/infocul.pt\/arquivo\/","name":"Infocul.pt - Arquivo Digital","description":"Arquivo digital da Infocul.pt","publisher":{"@id":"https:\/\/infocul.pt\/arquivo\/#organization"},"potentialAction":[{"@type":"SearchAction","target":{"@type":"EntryPoint","urlTemplate":"https:\/\/infocul.pt\/arquivo\/?s={search_term_string}"},"query-input":{"@type":"PropertyValueSpecification","valueRequired":true,"valueName":"search_term_string"}}],"inLanguage":"pt-PT"},{"@type":"Organization","@id":"https:\/\/infocul.pt\/arquivo\/#organization","name":"Infocul.pt","url":"https:\/\/infocul.pt\/arquivo\/","logo":{"@type":"ImageObject","inLanguage":"pt-PT","@id":"https:\/\/infocul.pt\/arquivo\/#\/schema\/logo\/image\/","url":"https:\/\/infocul.pt\/arquivo\/wp-content\/uploads\/2018\/12\/Infocul_logo-1.png","contentUrl":"https:\/\/infocul.pt\/arquivo\/wp-content\/uploads\/2018\/12\/Infocul_logo-1.png","width":800,"height":800,"caption":"Infocul.pt"},"image":{"@id":"https:\/\/infocul.pt\/arquivo\/#\/schema\/logo\/image\/"},"sameAs":["https:\/\/www.facebook.com\/Infocul-147816815585015\/","https:\/\/x.com\/Infoculpt","http:\/\/www.pictaram.com\/user\/infocul.pt\/2370423710","https:\/\/www.youtube.com\/channel\/UCYEB91AGI9FL9ek2i_IaQAA"]},{"@type":"Person","@id":"https:\/\/infocul.pt\/arquivo\/#\/schema\/person\/f243f45ae8d67639120a7586884f3abc","name":"Redac\u00e7\u00e3o","image":{"@type":"ImageObject","inLanguage":"pt-PT","@id":"https:\/\/secure.gravatar.com\/avatar\/151b1b76c598ab5e749407223bd6c1bad4e41c4e95de3c3df83540ebee2deaf8?s=96&d=mm&r=g","url":"https:\/\/secure.gravatar.com\/avatar\/151b1b76c598ab5e749407223bd6c1bad4e41c4e95de3c3df83540ebee2deaf8?s=96&d=mm&r=g","contentUrl":"https:\/\/secure.gravatar.com\/avatar\/151b1b76c598ab5e749407223bd6c1bad4e41c4e95de3c3df83540ebee2deaf8?s=96&d=mm&r=g","caption":"Redac\u00e7\u00e3o"}}]}},"_links":{"self":[{"href":"https:\/\/infocul.pt\/arquivo\/wp-json\/wp\/v2\/posts\/64541","targetHints":{"allow":["GET"]}}],"collection":[{"href":"https:\/\/infocul.pt\/arquivo\/wp-json\/wp\/v2\/posts"}],"about":[{"href":"https:\/\/infocul.pt\/arquivo\/wp-json\/wp\/v2\/types\/post"}],"author":[{"embeddable":true,"href":"https:\/\/infocul.pt\/arquivo\/wp-json\/wp\/v2\/users\/13"}],"replies":[{"embeddable":true,"href":"https:\/\/infocul.pt\/arquivo\/wp-json\/wp\/v2\/comments?post=64541"}],"version-history":[{"count":0,"href":"https:\/\/infocul.pt\/arquivo\/wp-json\/wp\/v2\/posts\/64541\/revisions"}],"wp:featuredmedia":[{"embeddable":true,"href":"https:\/\/infocul.pt\/arquivo\/wp-json\/wp\/v2\/media\/64543"}],"wp:attachment":[{"href":"https:\/\/infocul.pt\/arquivo\/wp-json\/wp\/v2\/media?parent=64541"}],"wp:term":[{"taxonomy":"category","embeddable":true,"href":"https:\/\/infocul.pt\/arquivo\/wp-json\/wp\/v2\/categories?post=64541"},{"taxonomy":"post_tag","embeddable":true,"href":"https:\/\/infocul.pt\/arquivo\/wp-json\/wp\/v2\/tags?post=64541"}],"curies":[{"name":"wp","href":"https:\/\/api.w.org\/{rel}","templated":true}]}}