{"id":64575,"date":"2020-01-06T10:35:33","date_gmt":"2020-01-06T10:35:33","guid":{"rendered":"https:\/\/infocul.pt\/?p=64575"},"modified":"2020-01-06T10:35:33","modified_gmt":"2020-01-06T10:35:33","slug":"mascarenhas-martins-comemora-5-anos","status":"publish","type":"post","link":"https:\/\/infocul.pt\/arquivo\/cultura\/mascarenhas-martins-comemora-5-anos\/","title":{"rendered":"Mascarenhas-Martins comemora 5 anos"},"content":{"rendered":"<figure id=\"attachment_64576\" aria-describedby=\"caption-attachment-64576\" style=\"width: 800px\" class=\"wp-caption aligncenter\"><img decoding=\"async\" class=\"wp-image-64576 size-large lazyload\" data-src=\"https:\/\/infocul.pt\/arquivo\/wp-content\/uploads\/2020\/01\/Anivers\u00e1rio-2020-1-cr\u00e9ditos-Andr\u00e9-Reis-1024x1024.jpg\" alt=\"\" width=\"800\" height=\"800\" data-srcset=\"https:\/\/infocul.pt\/arquivo\/wp-content\/uploads\/2020\/01\/Anivers\u00e1rio-2020-1-cr\u00e9ditos-Andr\u00e9-Reis-1024x1024.jpg 1024w, https:\/\/infocul.pt\/arquivo\/wp-content\/uploads\/2020\/01\/Anivers\u00e1rio-2020-1-cr\u00e9ditos-Andr\u00e9-Reis-150x150.jpg 150w, https:\/\/infocul.pt\/arquivo\/wp-content\/uploads\/2020\/01\/Anivers\u00e1rio-2020-1-cr\u00e9ditos-Andr\u00e9-Reis-300x300.jpg 300w, https:\/\/infocul.pt\/arquivo\/wp-content\/uploads\/2020\/01\/Anivers\u00e1rio-2020-1-cr\u00e9ditos-Andr\u00e9-Reis-768x768.jpg 768w, https:\/\/infocul.pt\/arquivo\/wp-content\/uploads\/2020\/01\/Anivers\u00e1rio-2020-1-cr\u00e9ditos-Andr\u00e9-Reis.jpg 1440w\" data-sizes=\"(max-width: 800px) 100vw, 800px\" src=\"data:image\/svg+xml;base64,PHN2ZyB3aWR0aD0iMSIgaGVpZ2h0PSIxIiB4bWxucz0iaHR0cDovL3d3dy53My5vcmcvMjAwMC9zdmciPjwvc3ZnPg==\" style=\"--smush-placeholder-width: 800px; --smush-placeholder-aspect-ratio: 800\/800;\" \/><figcaption id=\"caption-attachment-64576\" class=\"wp-caption-text\">Andr\u00e9 Reis<\/figcaption><\/figure>\n<p align=\"justify\"><span style=\"font-family: Liberation Serif, serif;\"><span style=\"font-size: medium;\"><span style=\"color: #000000;\">No dia 11 de Janeiro, a Companhia Mascarenhas-Martins comemora o seu quinto anivers\u00e1rio no Cinema-Teatro Joaquim d&#8217;Almeida, Montijo. <\/span><\/span><\/span><!--more--><\/p>\n<p align=\"justify\"><span style=\"font-family: Liberation Serif, serif;\"><span style=\"font-size: medium;\"><span style=\"color: #000000;\">\u00c0s 16:<\/span><span style=\"color: #000000;\">00<\/span><span style=\"color: #000000;\"> ter\u00e1 lugar uma conversa em \u201c<\/span><span style=\"color: #000000;\"><b>que elementos e colaboradores da estrutura montijense contar\u00e3o hist\u00f3rias e epis\u00f3dios alusivos a estes primeiros anos de actividade, numa conversa aberta tamb\u00e9m \u00e0 participa\u00e7\u00e3o do p\u00fablico. Mais tarde, \u00e0s 21:<\/b><\/span><span style=\"color: #000000;\"><b>00<\/b><\/span><span style=\"color: #000000;\"><b>, ser\u00e1 apresentado um concerto dedicado \u00e0 m\u00fasica portuguesa das \u00faltimas duas d\u00e9cadas. A entrada \u00e9 gratuita<\/b><\/span><span style=\"color: #000000;\">\u201d, <\/span><span style=\"color: #000000;\">refere em comunicado.<\/span><\/span><\/span><\/p>\n<p align=\"justify\"><span style=\"font-family: Liberation Serif, serif;\"><span style=\"font-size: medium;\"><span style=\"color: #000000;\">A companhia acrescenta que \u201c<\/span><span style=\"color: #000000;\"><b>c<\/b><\/span><span style=\"color: #000000;\"><b>inco anos n\u00e3o \u00e9 muito tempo, mas \u00e9 suficiente para que haja hist\u00f3rias para contar. O lado invis\u00edvel da actividade art\u00edstica e cultural \u00e9 muitas vezes desconhecido do p\u00fablico, a rela\u00e7\u00e3o que existe com as estruturas de produ\u00e7\u00e3o cinge-se habitualmente aos momentos de apresenta\u00e7\u00e3o de espect\u00e1culos ou de outras iniciativas. A Mascarenhas-Martins pretende criar momentos em que a rela\u00e7\u00e3o entre p\u00fablico, artistas, agentes culturais e pol\u00edticos permita di\u00e1logo e troca, um espa\u00e7o de abertura que tem como objectivo a aproxima\u00e7\u00e3o entre a produ\u00e7\u00e3o art\u00edstica e cultural e os cidad\u00e3os. \u00c9 neste sentido que, ao comemorar 5 anos, surge uma conversa aberta \u00e0 participa\u00e7\u00e3o n\u00e3o s\u00f3 dos elementos e colaboradores habituais da Companhia Mascarenhas-Martins, mas tamb\u00e9m \u00e0 de quem quiser contribuir para pensar no que \u00e9 e pode ser este projecto art\u00edstico e cultural sediado na cidade de Montijo<\/b><\/span><span style=\"color: #000000;\">\u201d.<\/span><\/span><\/span><\/p>\n<p align=\"justify\"><span style=\"font-family: Liberation Serif, serif;\"><span style=\"font-size: medium;\"><span style=\"color: #000000;\">Para este dia e \u201c<\/span><span style=\"color: #000000;\"><b>a<\/b><\/span><span style=\"color: #000000;\"><b>o exemplo dos anos anteriores, \u00e0 noite a Mascarenhas-Martins oferece um concerto dedicado exclusivamente a m\u00fasica portuguesa. Nascido sobretudo para criar um concerto por ano no \u00e2mbito do anivers\u00e1rio, o projecto musical baseado nesta estrutura de produ\u00e7\u00e3o tem vindo a definir-se como de divulga\u00e7\u00e3o de m\u00fasica portuguesa, partindo sempre de uma escolha de repert\u00f3rio ou per\u00edodo: em 2017 as can\u00e7\u00f5es da Revolu\u00e7\u00e3o; em 2018, m\u00fasica de diversas fases do Festival RTP da Can\u00e7\u00e3o; em 2019 os anos 80; este ano, a m\u00fasica cantada em portugu\u00eas depois de 2000<\/b><\/span><span style=\"color: #000000;\">\u201d.<\/span><\/span><\/span><\/p>\n<p align=\"justify\"><span style=\"font-family: Liberation Serif, serif;\"><span style=\"font-size: medium;\"><span style=\"color: #000000;\">Fundada a 6 de Janeiro de 2015, a Mascarenhas-Martins \u00e9 uma estrutura de produ\u00e7\u00e3o cultural e art\u00edstica sediada no Montijo. A sua actividade divide-se entre cria\u00e7\u00e3o art\u00edstica e ac\u00e7\u00e3o cultural, tendo at\u00e9 ao presente produzido espect\u00e1culos de teatro, concertos, conversas, leituras encenadas, materiais audiovisuais e publica\u00e7\u00f5es. Mais informa\u00e7\u00f5es em <a href=\"http:\/\/www.mascarenhasmartins.pt\/\">www.mascarenhasmartins.pt<\/a><\/span><\/span><\/span><\/p>\n","protected":false},"excerpt":{"rendered":"<p>No dia 11 de Janeiro, a Companhia Mascarenhas-Martins comemora o seu quinto anivers\u00e1rio no Cinema-Teatro Joaquim d&#8217;Almeida, Montijo.<\/p>\n","protected":false},"author":13,"featured_media":64576,"comment_status":"open","ping_status":"closed","sticky":false,"template":"","format":"standard","meta":{"footnotes":""},"categories":[3,2,5],"tags":[283,282],"class_list":["post-64575","post","type-post","status-publish","format-standard","has-post-thumbnail","hentry","category-concertos","category-cultura","category-teatro","tag-companhia-mascarenhas-martins","tag-montijo"],"yoast_head":"<!-- This site is optimized with the Yoast SEO plugin v27.4 - https:\/\/yoast.com\/product\/yoast-seo-wordpress\/ -->\n<title>Mascarenhas-Martins comemora 5 anos | Infocul.pt - Arquivo Digital<\/title>\n<meta name=\"description\" content=\"Mascarenhas-Martins comemora 5 anos | Infocul.pt - Arquivo Digital\" \/>\n<meta name=\"robots\" content=\"noindex, follow, max-snippet:-1, max-image-preview:large, max-video-preview:-1\" \/>\n<meta property=\"og:locale\" content=\"pt_PT\" \/>\n<meta property=\"og:type\" content=\"article\" \/>\n<meta property=\"og:title\" content=\"Mascarenhas-Martins comemora 5 anos | Infocul.pt - Arquivo Digital\" \/>\n<meta property=\"og:description\" content=\"Mascarenhas-Martins comemora 5 anos | Infocul.pt - Arquivo Digital\" \/>\n<meta property=\"og:url\" content=\"https:\/\/infocul.pt\/arquivo\/cultura\/mascarenhas-martins-comemora-5-anos\/\" \/>\n<meta property=\"og:site_name\" content=\"Infocul.pt - Arquivo Digital\" \/>\n<meta property=\"article:publisher\" content=\"https:\/\/www.facebook.com\/Infocul-147816815585015\/\" \/>\n<meta property=\"article:published_time\" content=\"2020-01-06T10:35:33+00:00\" \/>\n<meta property=\"og:image\" content=\"https:\/\/infocul.pt\/arquivo\/wp-content\/uploads\/2020\/01\/Anivers\u00e1rio-2020-1-cr\u00e9ditos-Andr\u00e9-Reis.jpg\" \/>\n\t<meta property=\"og:image:width\" content=\"1440\" \/>\n\t<meta property=\"og:image:height\" content=\"1440\" \/>\n\t<meta property=\"og:image:type\" content=\"image\/jpeg\" \/>\n<meta name=\"author\" content=\"Redac\u00e7\u00e3o\" \/>\n<meta name=\"twitter:card\" content=\"summary_large_image\" \/>\n<meta name=\"twitter:creator\" content=\"@Infoculpt\" \/>\n<meta name=\"twitter:site\" content=\"@Infoculpt\" \/>\n<meta name=\"twitter:label1\" content=\"Escrito por\" \/>\n\t<meta name=\"twitter:data1\" content=\"Redac\u00e7\u00e3o\" \/>\n\t<meta name=\"twitter:label2\" content=\"Tempo estimado de leitura\" \/>\n\t<meta name=\"twitter:data2\" content=\"2 minutos\" \/>\n<script type=\"application\/ld+json\" class=\"yoast-schema-graph\">{\"@context\":\"https:\\\/\\\/schema.org\",\"@graph\":[{\"@type\":\"Article\",\"@id\":\"https:\\\/\\\/infocul.pt\\\/arquivo\\\/cultura\\\/mascarenhas-martins-comemora-5-anos\\\/#article\",\"isPartOf\":{\"@id\":\"https:\\\/\\\/infocul.pt\\\/arquivo\\\/cultura\\\/mascarenhas-martins-comemora-5-anos\\\/\"},\"author\":{\"name\":\"Redac\u00e7\u00e3o\",\"@id\":\"https:\\\/\\\/infocul.pt\\\/arquivo\\\/#\\\/schema\\\/person\\\/f243f45ae8d67639120a7586884f3abc\"},\"headline\":\"Mascarenhas-Martins comemora 5 anos\",\"datePublished\":\"2020-01-06T10:35:33+00:00\",\"mainEntityOfPage\":{\"@id\":\"https:\\\/\\\/infocul.pt\\\/arquivo\\\/cultura\\\/mascarenhas-martins-comemora-5-anos\\\/\"},\"wordCount\":404,\"commentCount\":0,\"publisher\":{\"@id\":\"https:\\\/\\\/infocul.pt\\\/arquivo\\\/#organization\"},\"image\":{\"@id\":\"https:\\\/\\\/infocul.pt\\\/arquivo\\\/cultura\\\/mascarenhas-martins-comemora-5-anos\\\/#primaryimage\"},\"thumbnailUrl\":\"https:\\\/\\\/infocul.pt\\\/arquivo\\\/wp-content\\\/uploads\\\/2020\\\/01\\\/Anivers\u00e1rio-2020-1-cr\u00e9ditos-Andr\u00e9-Reis.jpg\",\"keywords\":[\"Companhia Mascarenhas-Martins\",\"Montijo\"],\"articleSection\":[\"Concertos\",\"Cultura\",\"Teatro\"],\"inLanguage\":\"pt-PT\"},{\"@type\":\"WebPage\",\"@id\":\"https:\\\/\\\/infocul.pt\\\/arquivo\\\/cultura\\\/mascarenhas-martins-comemora-5-anos\\\/\",\"url\":\"https:\\\/\\\/infocul.pt\\\/arquivo\\\/cultura\\\/mascarenhas-martins-comemora-5-anos\\\/\",\"name\":\"Mascarenhas-Martins comemora 5 anos | Infocul.pt - Arquivo Digital\",\"isPartOf\":{\"@id\":\"https:\\\/\\\/infocul.pt\\\/arquivo\\\/#website\"},\"primaryImageOfPage\":{\"@id\":\"https:\\\/\\\/infocul.pt\\\/arquivo\\\/cultura\\\/mascarenhas-martins-comemora-5-anos\\\/#primaryimage\"},\"image\":{\"@id\":\"https:\\\/\\\/infocul.pt\\\/arquivo\\\/cultura\\\/mascarenhas-martins-comemora-5-anos\\\/#primaryimage\"},\"thumbnailUrl\":\"https:\\\/\\\/infocul.pt\\\/arquivo\\\/wp-content\\\/uploads\\\/2020\\\/01\\\/Anivers\u00e1rio-2020-1-cr\u00e9ditos-Andr\u00e9-Reis.jpg\",\"datePublished\":\"2020-01-06T10:35:33+00:00\",\"description\":\"Mascarenhas-Martins comemora 5 anos | Infocul.pt - Arquivo Digital\",\"breadcrumb\":{\"@id\":\"https:\\\/\\\/infocul.pt\\\/arquivo\\\/cultura\\\/mascarenhas-martins-comemora-5-anos\\\/#breadcrumb\"},\"inLanguage\":\"pt-PT\",\"potentialAction\":[{\"@type\":\"ReadAction\",\"target\":[\"https:\\\/\\\/infocul.pt\\\/arquivo\\\/cultura\\\/mascarenhas-martins-comemora-5-anos\\\/\"]}]},{\"@type\":\"ImageObject\",\"inLanguage\":\"pt-PT\",\"@id\":\"https:\\\/\\\/infocul.pt\\\/arquivo\\\/cultura\\\/mascarenhas-martins-comemora-5-anos\\\/#primaryimage\",\"url\":\"https:\\\/\\\/infocul.pt\\\/arquivo\\\/wp-content\\\/uploads\\\/2020\\\/01\\\/Anivers\u00e1rio-2020-1-cr\u00e9ditos-Andr\u00e9-Reis.jpg\",\"contentUrl\":\"https:\\\/\\\/infocul.pt\\\/arquivo\\\/wp-content\\\/uploads\\\/2020\\\/01\\\/Anivers\u00e1rio-2020-1-cr\u00e9ditos-Andr\u00e9-Reis.jpg\",\"width\":1440,\"height\":1440},{\"@type\":\"BreadcrumbList\",\"@id\":\"https:\\\/\\\/infocul.pt\\\/arquivo\\\/cultura\\\/mascarenhas-martins-comemora-5-anos\\\/#breadcrumb\",\"itemListElement\":[{\"@type\":\"ListItem\",\"position\":1,\"name\":\"Home\",\"item\":\"https:\\\/\\\/infocul.pt\\\/arquivo\\\/\"},{\"@type\":\"ListItem\",\"position\":2,\"name\":\"Mascarenhas-Martins comemora 5 anos\"}]},{\"@type\":\"WebSite\",\"@id\":\"https:\\\/\\\/infocul.pt\\\/arquivo\\\/#website\",\"url\":\"https:\\\/\\\/infocul.pt\\\/arquivo\\\/\",\"name\":\"Infocul.pt - Arquivo Digital\",\"description\":\"Arquivo digital da Infocul.pt\",\"publisher\":{\"@id\":\"https:\\\/\\\/infocul.pt\\\/arquivo\\\/#organization\"},\"potentialAction\":[{\"@type\":\"SearchAction\",\"target\":{\"@type\":\"EntryPoint\",\"urlTemplate\":\"https:\\\/\\\/infocul.pt\\\/arquivo\\\/?s={search_term_string}\"},\"query-input\":{\"@type\":\"PropertyValueSpecification\",\"valueRequired\":true,\"valueName\":\"search_term_string\"}}],\"inLanguage\":\"pt-PT\"},{\"@type\":\"Organization\",\"@id\":\"https:\\\/\\\/infocul.pt\\\/arquivo\\\/#organization\",\"name\":\"Infocul.pt\",\"url\":\"https:\\\/\\\/infocul.pt\\\/arquivo\\\/\",\"logo\":{\"@type\":\"ImageObject\",\"inLanguage\":\"pt-PT\",\"@id\":\"https:\\\/\\\/infocul.pt\\\/arquivo\\\/#\\\/schema\\\/logo\\\/image\\\/\",\"url\":\"https:\\\/\\\/infocul.pt\\\/arquivo\\\/wp-content\\\/uploads\\\/2018\\\/12\\\/Infocul_logo-1.png\",\"contentUrl\":\"https:\\\/\\\/infocul.pt\\\/arquivo\\\/wp-content\\\/uploads\\\/2018\\\/12\\\/Infocul_logo-1.png\",\"width\":800,\"height\":800,\"caption\":\"Infocul.pt\"},\"image\":{\"@id\":\"https:\\\/\\\/infocul.pt\\\/arquivo\\\/#\\\/schema\\\/logo\\\/image\\\/\"},\"sameAs\":[\"https:\\\/\\\/www.facebook.com\\\/Infocul-147816815585015\\\/\",\"https:\\\/\\\/x.com\\\/Infoculpt\",\"http:\\\/\\\/www.pictaram.com\\\/user\\\/infocul.pt\\\/2370423710\",\"https:\\\/\\\/www.youtube.com\\\/channel\\\/UCYEB91AGI9FL9ek2i_IaQAA\"]},{\"@type\":\"Person\",\"@id\":\"https:\\\/\\\/infocul.pt\\\/arquivo\\\/#\\\/schema\\\/person\\\/f243f45ae8d67639120a7586884f3abc\",\"name\":\"Redac\u00e7\u00e3o\",\"image\":{\"@type\":\"ImageObject\",\"inLanguage\":\"pt-PT\",\"@id\":\"https:\\\/\\\/secure.gravatar.com\\\/avatar\\\/151b1b76c598ab5e749407223bd6c1bad4e41c4e95de3c3df83540ebee2deaf8?s=96&d=mm&r=g\",\"url\":\"https:\\\/\\\/secure.gravatar.com\\\/avatar\\\/151b1b76c598ab5e749407223bd6c1bad4e41c4e95de3c3df83540ebee2deaf8?s=96&d=mm&r=g\",\"contentUrl\":\"https:\\\/\\\/secure.gravatar.com\\\/avatar\\\/151b1b76c598ab5e749407223bd6c1bad4e41c4e95de3c3df83540ebee2deaf8?s=96&d=mm&r=g\",\"caption\":\"Redac\u00e7\u00e3o\"}}]}<\/script>\n<!-- \/ Yoast SEO plugin. -->","yoast_head_json":{"title":"Mascarenhas-Martins comemora 5 anos | Infocul.pt - Arquivo Digital","description":"Mascarenhas-Martins comemora 5 anos | Infocul.pt - Arquivo Digital","robots":{"index":"noindex","follow":"follow","max-snippet":"max-snippet:-1","max-image-preview":"max-image-preview:large","max-video-preview":"max-video-preview:-1"},"og_locale":"pt_PT","og_type":"article","og_title":"Mascarenhas-Martins comemora 5 anos | Infocul.pt - Arquivo Digital","og_description":"Mascarenhas-Martins comemora 5 anos | Infocul.pt - Arquivo Digital","og_url":"https:\/\/infocul.pt\/arquivo\/cultura\/mascarenhas-martins-comemora-5-anos\/","og_site_name":"Infocul.pt - Arquivo Digital","article_publisher":"https:\/\/www.facebook.com\/Infocul-147816815585015\/","article_published_time":"2020-01-06T10:35:33+00:00","og_image":[{"width":1440,"height":1440,"url":"https:\/\/infocul.pt\/arquivo\/wp-content\/uploads\/2020\/01\/Anivers\u00e1rio-2020-1-cr\u00e9ditos-Andr\u00e9-Reis.jpg","type":"image\/jpeg"}],"author":"Redac\u00e7\u00e3o","twitter_card":"summary_large_image","twitter_creator":"@Infoculpt","twitter_site":"@Infoculpt","twitter_misc":{"Escrito por":"Redac\u00e7\u00e3o","Tempo estimado de leitura":"2 minutos"},"schema":{"@context":"https:\/\/schema.org","@graph":[{"@type":"Article","@id":"https:\/\/infocul.pt\/arquivo\/cultura\/mascarenhas-martins-comemora-5-anos\/#article","isPartOf":{"@id":"https:\/\/infocul.pt\/arquivo\/cultura\/mascarenhas-martins-comemora-5-anos\/"},"author":{"name":"Redac\u00e7\u00e3o","@id":"https:\/\/infocul.pt\/arquivo\/#\/schema\/person\/f243f45ae8d67639120a7586884f3abc"},"headline":"Mascarenhas-Martins comemora 5 anos","datePublished":"2020-01-06T10:35:33+00:00","mainEntityOfPage":{"@id":"https:\/\/infocul.pt\/arquivo\/cultura\/mascarenhas-martins-comemora-5-anos\/"},"wordCount":404,"commentCount":0,"publisher":{"@id":"https:\/\/infocul.pt\/arquivo\/#organization"},"image":{"@id":"https:\/\/infocul.pt\/arquivo\/cultura\/mascarenhas-martins-comemora-5-anos\/#primaryimage"},"thumbnailUrl":"https:\/\/infocul.pt\/arquivo\/wp-content\/uploads\/2020\/01\/Anivers\u00e1rio-2020-1-cr\u00e9ditos-Andr\u00e9-Reis.jpg","keywords":["Companhia Mascarenhas-Martins","Montijo"],"articleSection":["Concertos","Cultura","Teatro"],"inLanguage":"pt-PT"},{"@type":"WebPage","@id":"https:\/\/infocul.pt\/arquivo\/cultura\/mascarenhas-martins-comemora-5-anos\/","url":"https:\/\/infocul.pt\/arquivo\/cultura\/mascarenhas-martins-comemora-5-anos\/","name":"Mascarenhas-Martins comemora 5 anos | Infocul.pt - Arquivo Digital","isPartOf":{"@id":"https:\/\/infocul.pt\/arquivo\/#website"},"primaryImageOfPage":{"@id":"https:\/\/infocul.pt\/arquivo\/cultura\/mascarenhas-martins-comemora-5-anos\/#primaryimage"},"image":{"@id":"https:\/\/infocul.pt\/arquivo\/cultura\/mascarenhas-martins-comemora-5-anos\/#primaryimage"},"thumbnailUrl":"https:\/\/infocul.pt\/arquivo\/wp-content\/uploads\/2020\/01\/Anivers\u00e1rio-2020-1-cr\u00e9ditos-Andr\u00e9-Reis.jpg","datePublished":"2020-01-06T10:35:33+00:00","description":"Mascarenhas-Martins comemora 5 anos | Infocul.pt - Arquivo Digital","breadcrumb":{"@id":"https:\/\/infocul.pt\/arquivo\/cultura\/mascarenhas-martins-comemora-5-anos\/#breadcrumb"},"inLanguage":"pt-PT","potentialAction":[{"@type":"ReadAction","target":["https:\/\/infocul.pt\/arquivo\/cultura\/mascarenhas-martins-comemora-5-anos\/"]}]},{"@type":"ImageObject","inLanguage":"pt-PT","@id":"https:\/\/infocul.pt\/arquivo\/cultura\/mascarenhas-martins-comemora-5-anos\/#primaryimage","url":"https:\/\/infocul.pt\/arquivo\/wp-content\/uploads\/2020\/01\/Anivers\u00e1rio-2020-1-cr\u00e9ditos-Andr\u00e9-Reis.jpg","contentUrl":"https:\/\/infocul.pt\/arquivo\/wp-content\/uploads\/2020\/01\/Anivers\u00e1rio-2020-1-cr\u00e9ditos-Andr\u00e9-Reis.jpg","width":1440,"height":1440},{"@type":"BreadcrumbList","@id":"https:\/\/infocul.pt\/arquivo\/cultura\/mascarenhas-martins-comemora-5-anos\/#breadcrumb","itemListElement":[{"@type":"ListItem","position":1,"name":"Home","item":"https:\/\/infocul.pt\/arquivo\/"},{"@type":"ListItem","position":2,"name":"Mascarenhas-Martins comemora 5 anos"}]},{"@type":"WebSite","@id":"https:\/\/infocul.pt\/arquivo\/#website","url":"https:\/\/infocul.pt\/arquivo\/","name":"Infocul.pt - Arquivo Digital","description":"Arquivo digital da Infocul.pt","publisher":{"@id":"https:\/\/infocul.pt\/arquivo\/#organization"},"potentialAction":[{"@type":"SearchAction","target":{"@type":"EntryPoint","urlTemplate":"https:\/\/infocul.pt\/arquivo\/?s={search_term_string}"},"query-input":{"@type":"PropertyValueSpecification","valueRequired":true,"valueName":"search_term_string"}}],"inLanguage":"pt-PT"},{"@type":"Organization","@id":"https:\/\/infocul.pt\/arquivo\/#organization","name":"Infocul.pt","url":"https:\/\/infocul.pt\/arquivo\/","logo":{"@type":"ImageObject","inLanguage":"pt-PT","@id":"https:\/\/infocul.pt\/arquivo\/#\/schema\/logo\/image\/","url":"https:\/\/infocul.pt\/arquivo\/wp-content\/uploads\/2018\/12\/Infocul_logo-1.png","contentUrl":"https:\/\/infocul.pt\/arquivo\/wp-content\/uploads\/2018\/12\/Infocul_logo-1.png","width":800,"height":800,"caption":"Infocul.pt"},"image":{"@id":"https:\/\/infocul.pt\/arquivo\/#\/schema\/logo\/image\/"},"sameAs":["https:\/\/www.facebook.com\/Infocul-147816815585015\/","https:\/\/x.com\/Infoculpt","http:\/\/www.pictaram.com\/user\/infocul.pt\/2370423710","https:\/\/www.youtube.com\/channel\/UCYEB91AGI9FL9ek2i_IaQAA"]},{"@type":"Person","@id":"https:\/\/infocul.pt\/arquivo\/#\/schema\/person\/f243f45ae8d67639120a7586884f3abc","name":"Redac\u00e7\u00e3o","image":{"@type":"ImageObject","inLanguage":"pt-PT","@id":"https:\/\/secure.gravatar.com\/avatar\/151b1b76c598ab5e749407223bd6c1bad4e41c4e95de3c3df83540ebee2deaf8?s=96&d=mm&r=g","url":"https:\/\/secure.gravatar.com\/avatar\/151b1b76c598ab5e749407223bd6c1bad4e41c4e95de3c3df83540ebee2deaf8?s=96&d=mm&r=g","contentUrl":"https:\/\/secure.gravatar.com\/avatar\/151b1b76c598ab5e749407223bd6c1bad4e41c4e95de3c3df83540ebee2deaf8?s=96&d=mm&r=g","caption":"Redac\u00e7\u00e3o"}}]}},"_links":{"self":[{"href":"https:\/\/infocul.pt\/arquivo\/wp-json\/wp\/v2\/posts\/64575","targetHints":{"allow":["GET"]}}],"collection":[{"href":"https:\/\/infocul.pt\/arquivo\/wp-json\/wp\/v2\/posts"}],"about":[{"href":"https:\/\/infocul.pt\/arquivo\/wp-json\/wp\/v2\/types\/post"}],"author":[{"embeddable":true,"href":"https:\/\/infocul.pt\/arquivo\/wp-json\/wp\/v2\/users\/13"}],"replies":[{"embeddable":true,"href":"https:\/\/infocul.pt\/arquivo\/wp-json\/wp\/v2\/comments?post=64575"}],"version-history":[{"count":0,"href":"https:\/\/infocul.pt\/arquivo\/wp-json\/wp\/v2\/posts\/64575\/revisions"}],"wp:featuredmedia":[{"embeddable":true,"href":"https:\/\/infocul.pt\/arquivo\/wp-json\/wp\/v2\/media\/64576"}],"wp:attachment":[{"href":"https:\/\/infocul.pt\/arquivo\/wp-json\/wp\/v2\/media?parent=64575"}],"wp:term":[{"taxonomy":"category","embeddable":true,"href":"https:\/\/infocul.pt\/arquivo\/wp-json\/wp\/v2\/categories?post=64575"},{"taxonomy":"post_tag","embeddable":true,"href":"https:\/\/infocul.pt\/arquivo\/wp-json\/wp\/v2\/tags?post=64575"}],"curies":[{"name":"wp","href":"https:\/\/api.w.org\/{rel}","templated":true}]}}