{"id":64887,"date":"2020-01-12T10:22:53","date_gmt":"2020-01-12T10:22:53","guid":{"rendered":"https:\/\/infocul.pt\/?p=64887"},"modified":"2020-01-12T10:24:51","modified_gmt":"2020-01-12T10:24:51","slug":"a-criada-zerlina-esta-de-regresso-ao-teatro-aberto","status":"publish","type":"post","link":"https:\/\/infocul.pt\/arquivo\/cultura\/a-criada-zerlina-esta-de-regresso-ao-teatro-aberto\/","title":{"rendered":"A Criada Zerlina est\u00e1 de regresso ao Teatro Aberto"},"content":{"rendered":"<p><img decoding=\"async\" class=\"aligncenter wp-image-64888 size-large lazyload\" data-src=\"https:\/\/infocul.pt\/arquivo\/wp-content\/uploads\/2020\/01\/A-CRIADA-ZERLINA-Hermann-Broch_DSF0672-min-1024x683.jpg\" alt=\"\" width=\"800\" height=\"534\" data-srcset=\"https:\/\/infocul.pt\/arquivo\/wp-content\/uploads\/2020\/01\/A-CRIADA-ZERLINA-Hermann-Broch_DSF0672-min-1024x683.jpg 1024w, https:\/\/infocul.pt\/arquivo\/wp-content\/uploads\/2020\/01\/A-CRIADA-ZERLINA-Hermann-Broch_DSF0672-min-300x200.jpg 300w, https:\/\/infocul.pt\/arquivo\/wp-content\/uploads\/2020\/01\/A-CRIADA-ZERLINA-Hermann-Broch_DSF0672-min-768x512.jpg 768w\" data-sizes=\"(max-width: 800px) 100vw, 800px\" src=\"data:image\/svg+xml;base64,PHN2ZyB3aWR0aD0iMSIgaGVpZ2h0PSIxIiB4bWxucz0iaHR0cDovL3d3dy53My5vcmcvMjAwMC9zdmciPjwvc3ZnPg==\" style=\"--smush-placeholder-width: 800px; --smush-placeholder-aspect-ratio: 800\/534;\" \/><\/p>\n<p><span style=\"font-family: Liberation Serif, serif;\"><span style=\"font-size: medium;\"><span style=\"color: #000000;\">No pr\u00f3ximo m\u00eas de Fevereiro a pe\u00e7a A Criada Zerlina, adaptada da obra de Hermann Broch, ir\u00e1 voltar a estar em cena. Poder\u00e1 assistir novamente a representa\u00e7\u00e3o de Lu\u00edsa Cruz e a encena\u00e7\u00e3o de Jo\u00e3o Botelho de 12 de Fevereito a 1 de Mar\u00e7o, no Teatro Aberto.<\/span><\/span><\/span><\/p>\n<p><!--more--><\/p>\n<p><span style=\"font-family: Liberation Serif, serif;\"><span style=\"font-size: medium;\"><span style=\"color: #000000;\">SINOPSE\u00a0 \u00a0\u00a0<\/span><\/span><\/span><\/p>\n<p><span style=\"color: #000000;\"><span style=\"font-family: Liberation Serif, serif;\"><span style=\"font-size: medium;\">Na obra de Hermann Broch, Zerlina n\u00e3o \u00e9 uma jovem camponesa desperta para os impulsos do corpo, mas uma velha criada, distante j\u00e1 da sua matriz instintual, para quem a estrat\u00e9gia er\u00f3tica se transformou em estrat\u00e9gia discutiva. Mas o corpo e discurso s\u00e3o ambos modos, embora diferentes, de conhecimento e o exerc\u00edcio de Zerlina consiste justamente na laboriosa tradu\u00e7\u00e3o do conhecimento instintual em conhecimento intelectual. Entre um e outro, como \u00fanica mediadora, est\u00e1 a sua linguagem, em cuja rudimentaridade procura a sistematiza\u00e7\u00e3o de valores que assistem \u00e0 sua convers\u00e3o de \u00abser er\u00f3tico\u00bb em \u00abser \u00e9tico\u00bb.<\/span><\/span><\/span><\/p>\n<p><span style=\"font-family: Liberation Serif, serif;\"><span style=\"font-size: medium;\"><span style=\"color: #000000;\"><br \/>\nFICHA ART\u00cdSTICA\u00a0<\/span><\/span><\/span><\/p>\n<p><span style=\"font-family: Liberation Serif, serif;\"><span style=\"font-size: medium;\"><span style=\"color: #000000;\"><br \/>\nVERS\u00c3O: Ant\u00f3nio S. Ribeiro e Jos\u00e9 Ribeiro da Fonte<br \/>\nTRADU\u00c7\u00c3O: Suzana Mu\u00f1oz<br \/>\nENCENA\u00c7\u00c3O: Jo\u00e3o Botelho<br \/>\nCENOGRAFIA: Pedro Cabrita Reis<br \/>\nDESENHO DE LUZ: Nuno Meira<br \/>\nSONOPLASTIA: S\u00e9rgio Milhano<br \/>\nPRODU\u00c7\u00c3O EXECUTIVA: Nuno Pratas<br \/>\nINTERPRETA\u00c7\u00c3O: Lu\u00edsa Cruz<\/span><\/span><\/span><\/p>\n<p>ESPECT\u00c1CULOS<\/p>\n<p>De 12 de Fevereiro a 1 de Mar\u00e7o<\/p>\n<p>Quarta, Sexta e S\u00e1bado \u00e0s 21h30; Quinta \u00e0s 19h; Domingo \u00e0s 16h00.<\/p>\n<p>SALA AZUL<br \/>\nM\/12<\/p>\n<p>BILHETEIRA<br \/>\n4\u00aa a S\u00e1bado das 14h \u00e0s 22h00; Domingo das 14h \u00e0s 19h<\/p>\n<p><span style=\"font-family: Liberation Serif, serif;\"><span style=\"font-size: medium;\"><span style=\"color: #000000;\">Reservas 213 880 089 ou bilheteira@teatroaberto.com<br \/>\nwww.bol.pt | FNAC | ABEP | CTT | El Corte Ingl\u00e9s (Lisboa e Gaia)\u00a0<\/span><\/span><\/span><\/p>\n","protected":false},"excerpt":{"rendered":"<p>No pr\u00f3ximo m\u00eas de Fevereiro a pe\u00e7a A Criada Zerlina, adaptada da obra de Hermann Broch, ir\u00e1 voltar a estar em cena. Poder\u00e1 assistir novamente a representa\u00e7\u00e3o de Lu\u00edsa Cruz e a encena\u00e7\u00e3o de Jo\u00e3o Botelho de 12 de Fevereito a 1 de Mar\u00e7o, no Teatro Aberto.<\/p>\n","protected":false},"author":20,"featured_media":64888,"comment_status":"open","ping_status":"closed","sticky":false,"template":"","format":"standard","meta":{"footnotes":""},"categories":[2,5],"tags":[3245],"class_list":["post-64887","post","type-post","status-publish","format-standard","has-post-thumbnail","hentry","category-cultura","category-teatro","tag-teatro-aberto"],"yoast_head":"<!-- This site is optimized with the Yoast SEO plugin v27.4 - https:\/\/yoast.com\/product\/yoast-seo-wordpress\/ -->\n<title>A Criada Zerlina est\u00e1 de regresso ao Teatro Aberto | Infocul.pt - Arquivo Digital<\/title>\n<meta name=\"description\" content=\"A Criada Zerlina est\u00e1 de regresso ao Teatro Aberto | Infocul.pt - Arquivo Digital\" \/>\n<meta name=\"robots\" content=\"noindex, follow, max-snippet:-1, max-image-preview:large, max-video-preview:-1\" \/>\n<meta property=\"og:locale\" content=\"pt_PT\" \/>\n<meta property=\"og:type\" content=\"article\" \/>\n<meta property=\"og:title\" content=\"A Criada Zerlina est\u00e1 de regresso ao Teatro Aberto | Infocul.pt - Arquivo Digital\" \/>\n<meta property=\"og:description\" content=\"A Criada Zerlina est\u00e1 de regresso ao Teatro Aberto | Infocul.pt - Arquivo Digital\" \/>\n<meta property=\"og:url\" content=\"https:\/\/infocul.pt\/arquivo\/cultura\/a-criada-zerlina-esta-de-regresso-ao-teatro-aberto\/\" \/>\n<meta property=\"og:site_name\" content=\"Infocul.pt - Arquivo Digital\" \/>\n<meta property=\"article:publisher\" content=\"https:\/\/www.facebook.com\/Infocul-147816815585015\/\" \/>\n<meta property=\"article:published_time\" content=\"2020-01-12T10:22:53+00:00\" \/>\n<meta property=\"article:modified_time\" content=\"2020-01-12T10:24:51+00:00\" \/>\n<meta property=\"og:image\" content=\"https:\/\/infocul.pt\/arquivo\/wp-content\/uploads\/2020\/01\/A-CRIADA-ZERLINA-Hermann-Broch_DSF0672-min.jpg\" \/>\n\t<meta property=\"og:image:width\" content=\"5737\" \/>\n\t<meta property=\"og:image:height\" content=\"3825\" \/>\n\t<meta property=\"og:image:type\" content=\"image\/jpeg\" \/>\n<meta name=\"author\" content=\"Mariana Nave\" \/>\n<meta name=\"twitter:card\" content=\"summary_large_image\" \/>\n<meta name=\"twitter:creator\" content=\"@Infoculpt\" \/>\n<meta name=\"twitter:site\" content=\"@Infoculpt\" \/>\n<meta name=\"twitter:label1\" content=\"Escrito por\" \/>\n\t<meta name=\"twitter:data1\" content=\"Mariana Nave\" \/>\n\t<meta name=\"twitter:label2\" content=\"Tempo estimado de leitura\" \/>\n\t<meta name=\"twitter:data2\" content=\"1 minuto\" \/>\n<script type=\"application\/ld+json\" class=\"yoast-schema-graph\">{\"@context\":\"https:\\\/\\\/schema.org\",\"@graph\":[{\"@type\":\"Article\",\"@id\":\"https:\\\/\\\/infocul.pt\\\/arquivo\\\/cultura\\\/a-criada-zerlina-esta-de-regresso-ao-teatro-aberto\\\/#article\",\"isPartOf\":{\"@id\":\"https:\\\/\\\/infocul.pt\\\/arquivo\\\/cultura\\\/a-criada-zerlina-esta-de-regresso-ao-teatro-aberto\\\/\"},\"author\":{\"name\":\"Mariana Nave\",\"@id\":\"https:\\\/\\\/infocul.pt\\\/arquivo\\\/#\\\/schema\\\/person\\\/81ab97f0541b157888e4cad082e85379\"},\"headline\":\"A Criada Zerlina est\u00e1 de regresso ao Teatro Aberto\",\"datePublished\":\"2020-01-12T10:22:53+00:00\",\"dateModified\":\"2020-01-12T10:24:51+00:00\",\"mainEntityOfPage\":{\"@id\":\"https:\\\/\\\/infocul.pt\\\/arquivo\\\/cultura\\\/a-criada-zerlina-esta-de-regresso-ao-teatro-aberto\\\/\"},\"wordCount\":269,\"commentCount\":0,\"publisher\":{\"@id\":\"https:\\\/\\\/infocul.pt\\\/arquivo\\\/#organization\"},\"image\":{\"@id\":\"https:\\\/\\\/infocul.pt\\\/arquivo\\\/cultura\\\/a-criada-zerlina-esta-de-regresso-ao-teatro-aberto\\\/#primaryimage\"},\"thumbnailUrl\":\"https:\\\/\\\/infocul.pt\\\/arquivo\\\/wp-content\\\/uploads\\\/2020\\\/01\\\/A-CRIADA-ZERLINA-Hermann-Broch_DSF0672-min.jpg\",\"keywords\":[\"Teatro Aberto\"],\"articleSection\":[\"Cultura\",\"Teatro\"],\"inLanguage\":\"pt-PT\"},{\"@type\":\"WebPage\",\"@id\":\"https:\\\/\\\/infocul.pt\\\/arquivo\\\/cultura\\\/a-criada-zerlina-esta-de-regresso-ao-teatro-aberto\\\/\",\"url\":\"https:\\\/\\\/infocul.pt\\\/arquivo\\\/cultura\\\/a-criada-zerlina-esta-de-regresso-ao-teatro-aberto\\\/\",\"name\":\"A Criada Zerlina est\u00e1 de regresso ao Teatro Aberto | Infocul.pt - Arquivo Digital\",\"isPartOf\":{\"@id\":\"https:\\\/\\\/infocul.pt\\\/arquivo\\\/#website\"},\"primaryImageOfPage\":{\"@id\":\"https:\\\/\\\/infocul.pt\\\/arquivo\\\/cultura\\\/a-criada-zerlina-esta-de-regresso-ao-teatro-aberto\\\/#primaryimage\"},\"image\":{\"@id\":\"https:\\\/\\\/infocul.pt\\\/arquivo\\\/cultura\\\/a-criada-zerlina-esta-de-regresso-ao-teatro-aberto\\\/#primaryimage\"},\"thumbnailUrl\":\"https:\\\/\\\/infocul.pt\\\/arquivo\\\/wp-content\\\/uploads\\\/2020\\\/01\\\/A-CRIADA-ZERLINA-Hermann-Broch_DSF0672-min.jpg\",\"datePublished\":\"2020-01-12T10:22:53+00:00\",\"dateModified\":\"2020-01-12T10:24:51+00:00\",\"description\":\"A Criada Zerlina est\u00e1 de regresso ao Teatro Aberto | Infocul.pt - Arquivo Digital\",\"breadcrumb\":{\"@id\":\"https:\\\/\\\/infocul.pt\\\/arquivo\\\/cultura\\\/a-criada-zerlina-esta-de-regresso-ao-teatro-aberto\\\/#breadcrumb\"},\"inLanguage\":\"pt-PT\",\"potentialAction\":[{\"@type\":\"ReadAction\",\"target\":[\"https:\\\/\\\/infocul.pt\\\/arquivo\\\/cultura\\\/a-criada-zerlina-esta-de-regresso-ao-teatro-aberto\\\/\"]}]},{\"@type\":\"ImageObject\",\"inLanguage\":\"pt-PT\",\"@id\":\"https:\\\/\\\/infocul.pt\\\/arquivo\\\/cultura\\\/a-criada-zerlina-esta-de-regresso-ao-teatro-aberto\\\/#primaryimage\",\"url\":\"https:\\\/\\\/infocul.pt\\\/arquivo\\\/wp-content\\\/uploads\\\/2020\\\/01\\\/A-CRIADA-ZERLINA-Hermann-Broch_DSF0672-min.jpg\",\"contentUrl\":\"https:\\\/\\\/infocul.pt\\\/arquivo\\\/wp-content\\\/uploads\\\/2020\\\/01\\\/A-CRIADA-ZERLINA-Hermann-Broch_DSF0672-min.jpg\",\"width\":5737,\"height\":3825},{\"@type\":\"BreadcrumbList\",\"@id\":\"https:\\\/\\\/infocul.pt\\\/arquivo\\\/cultura\\\/a-criada-zerlina-esta-de-regresso-ao-teatro-aberto\\\/#breadcrumb\",\"itemListElement\":[{\"@type\":\"ListItem\",\"position\":1,\"name\":\"Home\",\"item\":\"https:\\\/\\\/infocul.pt\\\/arquivo\\\/\"},{\"@type\":\"ListItem\",\"position\":2,\"name\":\"A Criada Zerlina est\u00e1 de regresso ao Teatro Aberto\"}]},{\"@type\":\"WebSite\",\"@id\":\"https:\\\/\\\/infocul.pt\\\/arquivo\\\/#website\",\"url\":\"https:\\\/\\\/infocul.pt\\\/arquivo\\\/\",\"name\":\"Infocul.pt - Arquivo Digital\",\"description\":\"Arquivo digital da Infocul.pt\",\"publisher\":{\"@id\":\"https:\\\/\\\/infocul.pt\\\/arquivo\\\/#organization\"},\"potentialAction\":[{\"@type\":\"SearchAction\",\"target\":{\"@type\":\"EntryPoint\",\"urlTemplate\":\"https:\\\/\\\/infocul.pt\\\/arquivo\\\/?s={search_term_string}\"},\"query-input\":{\"@type\":\"PropertyValueSpecification\",\"valueRequired\":true,\"valueName\":\"search_term_string\"}}],\"inLanguage\":\"pt-PT\"},{\"@type\":\"Organization\",\"@id\":\"https:\\\/\\\/infocul.pt\\\/arquivo\\\/#organization\",\"name\":\"Infocul.pt\",\"url\":\"https:\\\/\\\/infocul.pt\\\/arquivo\\\/\",\"logo\":{\"@type\":\"ImageObject\",\"inLanguage\":\"pt-PT\",\"@id\":\"https:\\\/\\\/infocul.pt\\\/arquivo\\\/#\\\/schema\\\/logo\\\/image\\\/\",\"url\":\"https:\\\/\\\/infocul.pt\\\/arquivo\\\/wp-content\\\/uploads\\\/2018\\\/12\\\/Infocul_logo-1.png\",\"contentUrl\":\"https:\\\/\\\/infocul.pt\\\/arquivo\\\/wp-content\\\/uploads\\\/2018\\\/12\\\/Infocul_logo-1.png\",\"width\":800,\"height\":800,\"caption\":\"Infocul.pt\"},\"image\":{\"@id\":\"https:\\\/\\\/infocul.pt\\\/arquivo\\\/#\\\/schema\\\/logo\\\/image\\\/\"},\"sameAs\":[\"https:\\\/\\\/www.facebook.com\\\/Infocul-147816815585015\\\/\",\"https:\\\/\\\/x.com\\\/Infoculpt\",\"http:\\\/\\\/www.pictaram.com\\\/user\\\/infocul.pt\\\/2370423710\",\"https:\\\/\\\/www.youtube.com\\\/channel\\\/UCYEB91AGI9FL9ek2i_IaQAA\"]},{\"@type\":\"Person\",\"@id\":\"https:\\\/\\\/infocul.pt\\\/arquivo\\\/#\\\/schema\\\/person\\\/81ab97f0541b157888e4cad082e85379\",\"name\":\"Mariana Nave\",\"image\":{\"@type\":\"ImageObject\",\"inLanguage\":\"pt-PT\",\"@id\":\"https:\\\/\\\/secure.gravatar.com\\\/avatar\\\/c88ca83ec3e70f2c68e12fb31d20e52e4067a2b7ca6a32ed93bfdfa6797e214d?s=96&d=mm&r=g\",\"url\":\"https:\\\/\\\/secure.gravatar.com\\\/avatar\\\/c88ca83ec3e70f2c68e12fb31d20e52e4067a2b7ca6a32ed93bfdfa6797e214d?s=96&d=mm&r=g\",\"contentUrl\":\"https:\\\/\\\/secure.gravatar.com\\\/avatar\\\/c88ca83ec3e70f2c68e12fb31d20e52e4067a2b7ca6a32ed93bfdfa6797e214d?s=96&d=mm&r=g\",\"caption\":\"Mariana Nave\"},\"description\":\"Em Fevereiro de 2019, come\u00e7ou a trabalhar com o projecto Infocul.pt, sendo este tamb\u00e9m o primeiro projecto com que colabora. Apesar de ainda n\u00e3o ter um longo percurso, continua a trabalhar sempre com o objectivo de melhorar as suas capacidades no ramo da comunica\u00e7\u00e3o social.\"}]}<\/script>\n<!-- \/ Yoast SEO plugin. -->","yoast_head_json":{"title":"A Criada Zerlina est\u00e1 de regresso ao Teatro Aberto | Infocul.pt - Arquivo Digital","description":"A Criada Zerlina est\u00e1 de regresso ao Teatro Aberto | Infocul.pt - Arquivo Digital","robots":{"index":"noindex","follow":"follow","max-snippet":"max-snippet:-1","max-image-preview":"max-image-preview:large","max-video-preview":"max-video-preview:-1"},"og_locale":"pt_PT","og_type":"article","og_title":"A Criada Zerlina est\u00e1 de regresso ao Teatro Aberto | Infocul.pt - Arquivo Digital","og_description":"A Criada Zerlina est\u00e1 de regresso ao Teatro Aberto | Infocul.pt - Arquivo Digital","og_url":"https:\/\/infocul.pt\/arquivo\/cultura\/a-criada-zerlina-esta-de-regresso-ao-teatro-aberto\/","og_site_name":"Infocul.pt - Arquivo Digital","article_publisher":"https:\/\/www.facebook.com\/Infocul-147816815585015\/","article_published_time":"2020-01-12T10:22:53+00:00","article_modified_time":"2020-01-12T10:24:51+00:00","og_image":[{"width":5737,"height":3825,"url":"https:\/\/infocul.pt\/arquivo\/wp-content\/uploads\/2020\/01\/A-CRIADA-ZERLINA-Hermann-Broch_DSF0672-min.jpg","type":"image\/jpeg"}],"author":"Mariana Nave","twitter_card":"summary_large_image","twitter_creator":"@Infoculpt","twitter_site":"@Infoculpt","twitter_misc":{"Escrito por":"Mariana Nave","Tempo estimado de leitura":"1 minuto"},"schema":{"@context":"https:\/\/schema.org","@graph":[{"@type":"Article","@id":"https:\/\/infocul.pt\/arquivo\/cultura\/a-criada-zerlina-esta-de-regresso-ao-teatro-aberto\/#article","isPartOf":{"@id":"https:\/\/infocul.pt\/arquivo\/cultura\/a-criada-zerlina-esta-de-regresso-ao-teatro-aberto\/"},"author":{"name":"Mariana Nave","@id":"https:\/\/infocul.pt\/arquivo\/#\/schema\/person\/81ab97f0541b157888e4cad082e85379"},"headline":"A Criada Zerlina est\u00e1 de regresso ao Teatro Aberto","datePublished":"2020-01-12T10:22:53+00:00","dateModified":"2020-01-12T10:24:51+00:00","mainEntityOfPage":{"@id":"https:\/\/infocul.pt\/arquivo\/cultura\/a-criada-zerlina-esta-de-regresso-ao-teatro-aberto\/"},"wordCount":269,"commentCount":0,"publisher":{"@id":"https:\/\/infocul.pt\/arquivo\/#organization"},"image":{"@id":"https:\/\/infocul.pt\/arquivo\/cultura\/a-criada-zerlina-esta-de-regresso-ao-teatro-aberto\/#primaryimage"},"thumbnailUrl":"https:\/\/infocul.pt\/arquivo\/wp-content\/uploads\/2020\/01\/A-CRIADA-ZERLINA-Hermann-Broch_DSF0672-min.jpg","keywords":["Teatro Aberto"],"articleSection":["Cultura","Teatro"],"inLanguage":"pt-PT"},{"@type":"WebPage","@id":"https:\/\/infocul.pt\/arquivo\/cultura\/a-criada-zerlina-esta-de-regresso-ao-teatro-aberto\/","url":"https:\/\/infocul.pt\/arquivo\/cultura\/a-criada-zerlina-esta-de-regresso-ao-teatro-aberto\/","name":"A Criada Zerlina est\u00e1 de regresso ao Teatro Aberto | Infocul.pt - Arquivo Digital","isPartOf":{"@id":"https:\/\/infocul.pt\/arquivo\/#website"},"primaryImageOfPage":{"@id":"https:\/\/infocul.pt\/arquivo\/cultura\/a-criada-zerlina-esta-de-regresso-ao-teatro-aberto\/#primaryimage"},"image":{"@id":"https:\/\/infocul.pt\/arquivo\/cultura\/a-criada-zerlina-esta-de-regresso-ao-teatro-aberto\/#primaryimage"},"thumbnailUrl":"https:\/\/infocul.pt\/arquivo\/wp-content\/uploads\/2020\/01\/A-CRIADA-ZERLINA-Hermann-Broch_DSF0672-min.jpg","datePublished":"2020-01-12T10:22:53+00:00","dateModified":"2020-01-12T10:24:51+00:00","description":"A Criada Zerlina est\u00e1 de regresso ao Teatro Aberto | Infocul.pt - Arquivo Digital","breadcrumb":{"@id":"https:\/\/infocul.pt\/arquivo\/cultura\/a-criada-zerlina-esta-de-regresso-ao-teatro-aberto\/#breadcrumb"},"inLanguage":"pt-PT","potentialAction":[{"@type":"ReadAction","target":["https:\/\/infocul.pt\/arquivo\/cultura\/a-criada-zerlina-esta-de-regresso-ao-teatro-aberto\/"]}]},{"@type":"ImageObject","inLanguage":"pt-PT","@id":"https:\/\/infocul.pt\/arquivo\/cultura\/a-criada-zerlina-esta-de-regresso-ao-teatro-aberto\/#primaryimage","url":"https:\/\/infocul.pt\/arquivo\/wp-content\/uploads\/2020\/01\/A-CRIADA-ZERLINA-Hermann-Broch_DSF0672-min.jpg","contentUrl":"https:\/\/infocul.pt\/arquivo\/wp-content\/uploads\/2020\/01\/A-CRIADA-ZERLINA-Hermann-Broch_DSF0672-min.jpg","width":5737,"height":3825},{"@type":"BreadcrumbList","@id":"https:\/\/infocul.pt\/arquivo\/cultura\/a-criada-zerlina-esta-de-regresso-ao-teatro-aberto\/#breadcrumb","itemListElement":[{"@type":"ListItem","position":1,"name":"Home","item":"https:\/\/infocul.pt\/arquivo\/"},{"@type":"ListItem","position":2,"name":"A Criada Zerlina est\u00e1 de regresso ao Teatro Aberto"}]},{"@type":"WebSite","@id":"https:\/\/infocul.pt\/arquivo\/#website","url":"https:\/\/infocul.pt\/arquivo\/","name":"Infocul.pt - Arquivo Digital","description":"Arquivo digital da Infocul.pt","publisher":{"@id":"https:\/\/infocul.pt\/arquivo\/#organization"},"potentialAction":[{"@type":"SearchAction","target":{"@type":"EntryPoint","urlTemplate":"https:\/\/infocul.pt\/arquivo\/?s={search_term_string}"},"query-input":{"@type":"PropertyValueSpecification","valueRequired":true,"valueName":"search_term_string"}}],"inLanguage":"pt-PT"},{"@type":"Organization","@id":"https:\/\/infocul.pt\/arquivo\/#organization","name":"Infocul.pt","url":"https:\/\/infocul.pt\/arquivo\/","logo":{"@type":"ImageObject","inLanguage":"pt-PT","@id":"https:\/\/infocul.pt\/arquivo\/#\/schema\/logo\/image\/","url":"https:\/\/infocul.pt\/arquivo\/wp-content\/uploads\/2018\/12\/Infocul_logo-1.png","contentUrl":"https:\/\/infocul.pt\/arquivo\/wp-content\/uploads\/2018\/12\/Infocul_logo-1.png","width":800,"height":800,"caption":"Infocul.pt"},"image":{"@id":"https:\/\/infocul.pt\/arquivo\/#\/schema\/logo\/image\/"},"sameAs":["https:\/\/www.facebook.com\/Infocul-147816815585015\/","https:\/\/x.com\/Infoculpt","http:\/\/www.pictaram.com\/user\/infocul.pt\/2370423710","https:\/\/www.youtube.com\/channel\/UCYEB91AGI9FL9ek2i_IaQAA"]},{"@type":"Person","@id":"https:\/\/infocul.pt\/arquivo\/#\/schema\/person\/81ab97f0541b157888e4cad082e85379","name":"Mariana Nave","image":{"@type":"ImageObject","inLanguage":"pt-PT","@id":"https:\/\/secure.gravatar.com\/avatar\/c88ca83ec3e70f2c68e12fb31d20e52e4067a2b7ca6a32ed93bfdfa6797e214d?s=96&d=mm&r=g","url":"https:\/\/secure.gravatar.com\/avatar\/c88ca83ec3e70f2c68e12fb31d20e52e4067a2b7ca6a32ed93bfdfa6797e214d?s=96&d=mm&r=g","contentUrl":"https:\/\/secure.gravatar.com\/avatar\/c88ca83ec3e70f2c68e12fb31d20e52e4067a2b7ca6a32ed93bfdfa6797e214d?s=96&d=mm&r=g","caption":"Mariana Nave"},"description":"Em Fevereiro de 2019, come\u00e7ou a trabalhar com o projecto Infocul.pt, sendo este tamb\u00e9m o primeiro projecto com que colabora. Apesar de ainda n\u00e3o ter um longo percurso, continua a trabalhar sempre com o objectivo de melhorar as suas capacidades no ramo da comunica\u00e7\u00e3o social."}]}},"_links":{"self":[{"href":"https:\/\/infocul.pt\/arquivo\/wp-json\/wp\/v2\/posts\/64887","targetHints":{"allow":["GET"]}}],"collection":[{"href":"https:\/\/infocul.pt\/arquivo\/wp-json\/wp\/v2\/posts"}],"about":[{"href":"https:\/\/infocul.pt\/arquivo\/wp-json\/wp\/v2\/types\/post"}],"author":[{"embeddable":true,"href":"https:\/\/infocul.pt\/arquivo\/wp-json\/wp\/v2\/users\/20"}],"replies":[{"embeddable":true,"href":"https:\/\/infocul.pt\/arquivo\/wp-json\/wp\/v2\/comments?post=64887"}],"version-history":[{"count":0,"href":"https:\/\/infocul.pt\/arquivo\/wp-json\/wp\/v2\/posts\/64887\/revisions"}],"wp:featuredmedia":[{"embeddable":true,"href":"https:\/\/infocul.pt\/arquivo\/wp-json\/wp\/v2\/media\/64888"}],"wp:attachment":[{"href":"https:\/\/infocul.pt\/arquivo\/wp-json\/wp\/v2\/media?parent=64887"}],"wp:term":[{"taxonomy":"category","embeddable":true,"href":"https:\/\/infocul.pt\/arquivo\/wp-json\/wp\/v2\/categories?post=64887"},{"taxonomy":"post_tag","embeddable":true,"href":"https:\/\/infocul.pt\/arquivo\/wp-json\/wp\/v2\/tags?post=64887"}],"curies":[{"name":"wp","href":"https:\/\/api.w.org\/{rel}","templated":true}]}}