{"id":65287,"date":"2020-01-19T21:14:54","date_gmt":"2020-01-19T21:14:54","guid":{"rendered":"https:\/\/infocul.pt\/?p=65287"},"modified":"2020-01-19T21:14:54","modified_gmt":"2020-01-19T21:14:54","slug":"a-proposito-de-musica-friday-afternoon","status":"publish","type":"post","link":"https:\/\/infocul.pt\/arquivo\/destaque\/a-proposito-de-musica-friday-afternoon\/","title":{"rendered":"\u201cA prop\u00f3sito de m\u00fasica\u2026\u201d: Friday Afternoon"},"content":{"rendered":"<p><img decoding=\"async\" class=\"aligncenter wp-image-60883 size-full lazyload\" data-src=\"https:\/\/infocul.pt\/arquivo\/wp-content\/uploads\/2019\/10\/A-prop\u00f3sito-de-m\u00fasica1.jpg\" alt=\"\" width=\"800\" height=\"445\" data-srcset=\"https:\/\/infocul.pt\/arquivo\/wp-content\/uploads\/2019\/10\/A-prop\u00f3sito-de-m\u00fasica1.jpg 800w, https:\/\/infocul.pt\/arquivo\/wp-content\/uploads\/2019\/10\/A-prop\u00f3sito-de-m\u00fasica1-300x167.jpg 300w, https:\/\/infocul.pt\/arquivo\/wp-content\/uploads\/2019\/10\/A-prop\u00f3sito-de-m\u00fasica1-768x427.jpg 768w\" data-sizes=\"(max-width: 800px) 100vw, 800px\" src=\"data:image\/svg+xml;base64,PHN2ZyB3aWR0aD0iMSIgaGVpZ2h0PSIxIiB4bWxucz0iaHR0cDovL3d3dy53My5vcmcvMjAwMC9zdmciPjwvc3ZnPg==\" style=\"--smush-placeholder-width: 800px; --smush-placeholder-aspect-ratio: 800\/445;\" \/><\/p>\n<p><span style=\"color: #000000;\"><span style=\"font-family: Liberation Serif, serif;\"><span style=\"font-size: medium;\">Em tradu\u00e7\u00e3o \u00e0 letra, \u201cFriday afternoon\u201d quer dizer \u201c Sexta \u00e0 tarde\u201d e \u00e9 o nome de uma banda formada por alunos, estudantes e estudantes de m\u00fasica tamb\u00e9m.<\/span><\/span><\/span><!--more--><\/p>\n<p><span style=\"color: #000000;\"><span style=\"font-family: Liberation Serif, serif;\"><span style=\"font-size: medium;\">O nome vem do facto de inicialmente se juntarem \u00e0s 6as feiras na escola de m\u00fasica onde se conheceram e onde est\u00e3o e continuam a crescer como pessoas e m\u00fasicos.<\/span><\/span><\/span><\/p>\n<p><span style=\"color: #000000;\"><span style=\"font-family: Liberation Serif, serif;\"><span style=\"font-size: medium;\">Depois de muito pensarem, este nome soou-lhes muito bem ao ouvido e surgiu naturalmente.<\/span><\/span><\/span><\/p>\n<p><span style=\"color: #000000;\">\u201c<span style=\"font-family: Liberation Serif, serif;\"><span style=\"font-size: medium;\"><b>Friday afternoon\u201d \u00e9 uma banda composta por:<\/b><\/span><\/span><\/span><\/p>\n<p><span style=\"color: #000000;\"><span style=\"font-family: Liberation Serif, serif;\"><span style=\"font-size: medium;\">Voz, piano, Baixo, Guitarra el\u00e9ctrica e bateria. S\u00f3 este formato faz-me lembrar os m\u00edticos anos 80 onde era muito comum haver \u201cbandas de garagem\u201d, onde amigos que de algum modo tocavam algum instrumento decidiam come\u00e7ar uma banda e muitas delas foram come\u00e7ando a ser reconhecidas neste formato.<\/span><\/span><\/span><\/p>\n<p><span style=\"color: #000000;\"><span style=\"font-family: Liberation Serif, serif;\"><span style=\"font-size: medium;\">Hoje em dia provavelmente s\u00e3o raras as que sobrevivem, mas tamb\u00e9m delas surgiram m\u00fasicos individuais como cantores, compositores e m\u00fasicos.<\/span><\/span><\/span><\/p>\n<p><img decoding=\"async\" class=\"aligncenter wp-image-65288 size-full lazyload\" data-src=\"https:\/\/infocul.pt\/arquivo\/wp-content\/uploads\/2020\/01\/WhatsApp-Image-2020-01-19-at-18.25.29.jpeg\" alt=\"\" width=\"755\" height=\"372\" data-srcset=\"https:\/\/infocul.pt\/arquivo\/wp-content\/uploads\/2020\/01\/WhatsApp-Image-2020-01-19-at-18.25.29.jpeg 755w, https:\/\/infocul.pt\/arquivo\/wp-content\/uploads\/2020\/01\/WhatsApp-Image-2020-01-19-at-18.25.29-300x148.jpeg 300w\" data-sizes=\"(max-width: 755px) 100vw, 755px\" src=\"data:image\/svg+xml;base64,PHN2ZyB3aWR0aD0iMSIgaGVpZ2h0PSIxIiB4bWxucz0iaHR0cDovL3d3dy53My5vcmcvMjAwMC9zdmciPjwvc3ZnPg==\" style=\"--smush-placeholder-width: 755px; --smush-placeholder-aspect-ratio: 755\/372;\" \/><\/p>\n<p><span style=\"color: #000000;\"><span style=\"font-family: Liberation Serif, serif;\"><span style=\"font-size: medium;\">Tocar em bares era habitual e uma experi\u00eancia de crescimento musical, tamb\u00e9m estes jovens m\u00fasicos fazem hoje essa mesma experi\u00eancia, embora em tempos diferentes.<\/span><\/span><\/span><\/p>\n<p><span style=\"color: #000000;\"><span style=\"font-family: Liberation Serif, serif;\"><span style=\"font-size: medium;\">Eu pr\u00f3pria fiz essa experi\u00eancia e recordo-me bem dos ensaios na garagem do Jo\u00e3o, em Albarraque, onde ensai\u00e1vamos m\u00fasicas originais e depois toc\u00e1vamos em Bares.<\/span><\/span><\/span><\/p>\n<p><span style=\"color: #000000;\"><span style=\"font-family: Liberation Serif, serif;\"><span style=\"font-size: medium;\">Chag\u00e1mos a fazer uma maqueta e at\u00e9 a ser entrevistados na R\u00e1dio de Sintra.<\/span><\/span><\/span><\/p>\n<p><span style=\"color: #000000;\"><span style=\"font-family: Liberation Serif, serif;\"><span style=\"font-size: medium;\">T\u00ednhamos pernas para andar, sem d\u00favida, mas a uma dada altura o rumo da vida mudou para mim e por op\u00e7\u00e3o abandonei a banda.<\/span><\/span><\/span><\/p>\n<p><span style=\"color: #000000;\"><span style=\"font-family: Liberation Serif, serif;\"><span style=\"font-size: medium;\">Coisas da vida\u2026 rumos\u2026<\/span><\/span><\/span><\/p>\n<p>&nbsp;<\/p>\n<p><span style=\"color: #000000;\"><span style=\"font-family: Liberation Serif, serif;\"><span style=\"font-size: medium;\"><b>Escolas de m\u00fasica:<\/b><\/span><\/span><\/span><\/p>\n<p><span style=\"color: #000000;\"><span style=\"font-family: Liberation Serif, serif;\"><span style=\"font-size: medium;\">Continuam hoje a ter um impacto importante na forma\u00e7\u00e3o de m\u00fasicos bem como nas pessoas.<\/span><\/span><\/span><\/p>\n<p><span style=\"color: #000000;\"><span style=\"font-family: Liberation Serif, serif;\"><span style=\"font-size: medium;\">Costumo dizer que os alunos que estudam m\u00fasica s\u00e3o especiais, diferentes\u2026 encaram a vida de uma outra maneira e a m\u00fasica acaba por ser um suporte, um sustento, muitas vezes ( e tantas) um escape para os problemas dos jovens.\u00a0<\/span><\/span><\/span><\/p>\n<p><span style=\"color: #000000;\"><span style=\"font-family: Liberation Serif, serif;\"><span style=\"font-size: medium;\">S\u00e3o pessoas que crescem com uma vis\u00e3o da vida mais ampla e enriquecedora, pois sabem dar o seu talento aos outros e tamb\u00e9m eles tiram partido emocional, social e obviamente, mais tarde para quem segue m\u00fasica, partido profissional, pois ser\u00e1 esse o sustento e constru\u00e7\u00e3o de uma vida.<\/span><\/span><\/span><\/p>\n<p><span style=\"color: #000000;\"><span style=\"font-family: Liberation Serif, serif;\"><span style=\"font-size: medium;\">N\u00e3o \u00e9 f\u00e1cil, nunca foi, mas nos dias de hoje ainda \u00e9 mais dif\u00edcil, por\u00e9m \u201cQuerer \u00e9 poder\u201d e estes jovens acreditam piamente nisso.<\/span><\/span><\/span><\/p>\n<p>&nbsp;<\/p>\n<p><span style=\"color: #000000;\"><span style=\"font-family: Liberation Serif, serif;\"><span style=\"font-size: medium;\">Os \u201cFriday Afternoon\u201d nasceram portanto atrav\u00e9s duma escola de m\u00fasica e apesar de j\u00e1 darem os seus concertos em bares, e outros eventos para que s\u00e3o convidados, associam-se muitas vezes a eventos da escola onde nasceram j\u00e1 que esta \u00e9 o \u201cber\u00e7o\u201d por assim dizer, e \u00e9 muito gratificante ver esta abertura e espontaneidade destes jovens em mostrarem aos outros como podem ir mais longe se quiserem.\u00a0<\/span><\/span><\/span><\/p>\n<p><span style=\"color: #000000;\"><span style=\"font-family: Liberation Serif, serif;\"><span style=\"font-size: medium;\">N\u00e3o s\u00f3 mostram aos que estudam m\u00fasica, como a pessoas comuns que v\u00eam assistir a eventos da escola e este \u00e9 um papel muito importante para eles, pois d\u00e3o tamb\u00e9m a cara da escola.<\/span><\/span><\/span><\/p>\n<p>&nbsp;<\/p>\n<p><span style=\"color: #000000;\"><span style=\"font-family: Liberation Serif, serif;\"><span style=\"font-size: medium;\">Estando eu a dar aulas de piano na escola, de onde surgiu a banda, foi inevit\u00e1vel n\u00e3o lhes fazer algumas perguntas.<\/span><\/span><\/span><\/p>\n<p>&nbsp;<\/p>\n<p><span style=\"color: #000000;\"><span style=\"font-family: Liberation Serif, serif;\"><span style=\"font-size: medium;\"><b>Perguntei-lhes ent\u00e3o:<\/b><\/span><\/span><\/span><\/p>\n<p><span style=\"color: #000000;\"><span style=\"font-family: Liberation Serif, serif;\"><span style=\"font-size: medium;\">&#8211; Qual a import\u00e2ncia da aprendizagem de um instrumento\/m\u00fasica para voc\u00eas?<\/span><\/span><\/span><\/p>\n<p><span style=\"color: #000000;\"><span style=\"font-family: Liberation Serif, serif;\"><span style=\"font-size: medium;\">&#8211; \u201cA aprendizagem de instrumentos e de m\u00fasica deu-nos a oportunidade de fazer o que gostamos e ter esta banda. Tem influenciado a nossa evolu\u00e7\u00e3o como banda e vice-versa, assim como a nossa evolu\u00e7\u00e3o enquanto ind\u00edviduos.\u201d<\/span><\/span><\/span><\/p>\n<p>&nbsp;<\/p>\n<p><span style=\"color: #000000;\"><span style=\"font-family: Liberation Serif, serif;\"><span style=\"font-size: medium;\">&#8211; O que pretendem desenvolver mais enquanto banda?<\/span><\/span><\/span><\/p>\n<p><span style=\"color: #000000;\"><span style=\"font-family: Liberation Serif, serif;\"><span style=\"font-size: medium;\">&#8211; \u201c A criatividade e originalidade, a organiza\u00e7\u00e3o e a performance \u2013 no geral transmitir tamb\u00e9m o nosso sentimento e mensagem.<\/span><\/span><\/span><\/p>\n<p><span style=\"color: #000000;\"><span style=\"font-family: Liberation Serif, serif;\"><span style=\"font-size: medium;\">&#8211; Que idades t\u00eam?<\/span><\/span><\/span><\/p>\n<p><span style=\"color: #000000;\"><span style=\"font-family: Liberation Serif, serif;\"><span style=\"font-size: medium;\">&#8211; \u201c Entre 19 e 21 anos\u201d<\/span><\/span><\/span><\/p>\n<p>&nbsp;<\/p>\n<p><span style=\"color: #000000;\"><span style=\"font-family: Liberation Serif, serif;\"><span style=\"font-size: medium;\">Para terminar, apenas desejo que todos reflictam sobre a import\u00e2ncia da m\u00fasica e da arte em geral na nossa vida, mas aqui falo de m\u00fasica por isso compete-me real\u00e7ar esta.<\/span><\/span><\/span><\/p>\n<p><span style=\"color: #000000;\"><span style=\"font-family: Liberation Serif, serif;\"><span style=\"font-size: medium;\">Para jovens destas idades e que nem t\u00e3o cedo assim come\u00e7aram a aprender um instrumento e a sua forma\u00e7\u00e3o musical, \u00e9 de real\u00e7ar a beleza, coragem, aud\u00e1cia, resili\u00eancia e principalmente a f\u00e9 e esperan\u00e7a que trazem em transmitir os valores da m\u00fasica.\u00a0<\/span><\/span><\/span><\/p>\n<p><span style=\"color: #000000;\"><span style=\"font-family: Liberation Serif, serif;\"><span style=\"font-size: medium;\">Aqueles valores que nos fazem sentir todos e quaisquer sentimentos que a m\u00fasica nos d\u00e1\u2026<\/span><\/span><\/span><\/p>\n<p>&nbsp;<\/p>\n<p><strong><span style=\"color: #000000;\"><span style=\"font-family: Liberation Serif, serif;\"><span style=\"font-size: medium;\">Forma\u00e7\u00e3o:<\/span><\/span><\/span><\/strong><\/p>\n<p><span style=\"color: #000000;\"><span style=\"font-family: Liberation Serif, serif;\"><span style=\"font-size: medium;\">Beatriz Avelino \u2013 Voz e piano<\/span><\/span><\/span><\/p>\n<p><span style=\"color: #000000;\"><span style=\"font-family: Liberation Serif, serif;\"><span style=\"font-size: medium;\">Bruno Silva (Alex Brian) \u2013 Guitarra e 2as vozes<\/span><\/span><\/span><\/p>\n<p><span style=\"color: #000000;\"><span style=\"font-family: Liberation Serif, serif;\"><span style=\"font-size: medium;\">Jo\u00e3o Castanheira \u2013 Bateria<\/span><\/span><\/span><\/p>\n<p><span style=\"color: #000000;\"><span style=\"font-family: Liberation Serif, serif;\"><span style=\"font-size: medium;\">Lara Pereira \u2013 Baixo e Piano.<\/span><\/span><\/span><\/p>\n<p>&nbsp;<\/p>\n<p><span style=\"color: #000000;\"><span style=\"font-family: Liberation Serif, serif;\"><span style=\"font-size: medium;\">Obrigada aos Friday Afternoon!<\/span><\/span><\/span><\/p>\n<p><img decoding=\"async\" class=\"aligncenter wp-image-65289 size-large lazyload\" data-src=\"https:\/\/infocul.pt\/arquivo\/wp-content\/uploads\/2020\/01\/WhatsApp-Image-2020-01-19-at-18.25.43-768x1024.jpeg\" alt=\"\" width=\"768\" height=\"1024\" data-srcset=\"https:\/\/infocul.pt\/arquivo\/wp-content\/uploads\/2020\/01\/WhatsApp-Image-2020-01-19-at-18.25.43-768x1024.jpeg 768w, https:\/\/infocul.pt\/arquivo\/wp-content\/uploads\/2020\/01\/WhatsApp-Image-2020-01-19-at-18.25.43-225x300.jpeg 225w, https:\/\/infocul.pt\/arquivo\/wp-content\/uploads\/2020\/01\/WhatsApp-Image-2020-01-19-at-18.25.43.jpeg 1440w\" data-sizes=\"(max-width: 768px) 100vw, 768px\" src=\"data:image\/svg+xml;base64,PHN2ZyB3aWR0aD0iMSIgaGVpZ2h0PSIxIiB4bWxucz0iaHR0cDovL3d3dy53My5vcmcvMjAwMC9zdmciPjwvc3ZnPg==\" style=\"--smush-placeholder-width: 768px; --smush-placeholder-aspect-ratio: 768\/1024;\" \/><\/p>\n","protected":false},"excerpt":{"rendered":"<p>Em tradu\u00e7\u00e3o \u00e0 letra, \u201cFriday afternoon\u201d quer dizer \u201c Sexta \u00e0 tarde\u201d e \u00e9 o nome de uma banda formada por alunos, estudantes e estudantes de m\u00fasica tamb\u00e9m.<\/p>\n","protected":false},"author":18,"featured_media":60883,"comment_status":"open","ping_status":"closed","sticky":false,"template":"","format":"standard","meta":{"footnotes":""},"categories":[36,4121],"tags":[7906],"class_list":["post-65287","post","type-post","status-publish","format-standard","has-post-thumbnail","hentry","category-destaque","category-opiniao","tag-a-proposito-de-musica"],"yoast_head":"<!-- This site is optimized with the Yoast SEO plugin v27.5 - https:\/\/yoast.com\/product\/yoast-seo-wordpress\/ -->\n<title>\u201cA prop\u00f3sito de m\u00fasica\u2026\u201d: Friday Afternoon | Infocul.pt - Arquivo Digital<\/title>\n<meta name=\"description\" content=\"\u201cA prop\u00f3sito de m\u00fasica\u2026\u201d: Friday Afternoon | Infocul.pt - Arquivo Digital\" \/>\n<meta name=\"robots\" content=\"noindex, follow, max-snippet:-1, max-image-preview:large, max-video-preview:-1\" \/>\n<meta property=\"og:locale\" content=\"pt_PT\" \/>\n<meta property=\"og:type\" content=\"article\" \/>\n<meta property=\"og:title\" content=\"\u201cA prop\u00f3sito de m\u00fasica\u2026\u201d: Friday Afternoon | Infocul.pt - Arquivo Digital\" \/>\n<meta property=\"og:description\" content=\"\u201cA prop\u00f3sito de m\u00fasica\u2026\u201d: Friday Afternoon | Infocul.pt - Arquivo Digital\" \/>\n<meta property=\"og:url\" content=\"https:\/\/infocul.pt\/arquivo\/destaque\/a-proposito-de-musica-friday-afternoon\/\" \/>\n<meta property=\"og:site_name\" content=\"Infocul.pt - Arquivo Digital\" \/>\n<meta property=\"article:publisher\" content=\"https:\/\/www.facebook.com\/Infocul-147816815585015\/\" \/>\n<meta property=\"article:published_time\" content=\"2020-01-19T21:14:54+00:00\" \/>\n<meta property=\"og:image\" content=\"https:\/\/infocul.pt\/arquivo\/wp-content\/uploads\/2019\/10\/A-prop\u00f3sito-de-m\u00fasica1.jpg\" \/>\n\t<meta property=\"og:image:width\" content=\"800\" \/>\n\t<meta property=\"og:image:height\" content=\"445\" \/>\n\t<meta property=\"og:image:type\" content=\"image\/jpeg\" \/>\n<meta name=\"author\" content=\"Ana Cristina Esteves\" \/>\n<meta name=\"twitter:card\" content=\"summary_large_image\" \/>\n<meta name=\"twitter:creator\" content=\"@Infoculpt\" \/>\n<meta name=\"twitter:site\" content=\"@Infoculpt\" \/>\n<meta name=\"twitter:label1\" content=\"Escrito por\" \/>\n\t<meta name=\"twitter:data1\" content=\"Ana Cristina Esteves\" \/>\n\t<meta name=\"twitter:label2\" content=\"Tempo estimado de leitura\" \/>\n\t<meta name=\"twitter:data2\" content=\"4 minutos\" \/>\n<script type=\"application\/ld+json\" class=\"yoast-schema-graph\">{\"@context\":\"https:\\\/\\\/schema.org\",\"@graph\":[{\"@type\":\"Article\",\"@id\":\"https:\\\/\\\/infocul.pt\\\/arquivo\\\/destaque\\\/a-proposito-de-musica-friday-afternoon\\\/#article\",\"isPartOf\":{\"@id\":\"https:\\\/\\\/infocul.pt\\\/arquivo\\\/destaque\\\/a-proposito-de-musica-friday-afternoon\\\/\"},\"author\":{\"name\":\"Ana Cristina Esteves\",\"@id\":\"https:\\\/\\\/infocul.pt\\\/arquivo\\\/#\\\/schema\\\/person\\\/5bea4408e2590fb41a6291b34198b262\"},\"headline\":\"\u201cA prop\u00f3sito de m\u00fasica\u2026\u201d: Friday Afternoon\",\"datePublished\":\"2020-01-19T21:14:54+00:00\",\"mainEntityOfPage\":{\"@id\":\"https:\\\/\\\/infocul.pt\\\/arquivo\\\/destaque\\\/a-proposito-de-musica-friday-afternoon\\\/\"},\"wordCount\":770,\"commentCount\":0,\"publisher\":{\"@id\":\"https:\\\/\\\/infocul.pt\\\/arquivo\\\/#organization\"},\"image\":{\"@id\":\"https:\\\/\\\/infocul.pt\\\/arquivo\\\/destaque\\\/a-proposito-de-musica-friday-afternoon\\\/#primaryimage\"},\"thumbnailUrl\":\"https:\\\/\\\/infocul.pt\\\/arquivo\\\/wp-content\\\/uploads\\\/2019\\\/10\\\/A-prop\u00f3sito-de-m\u00fasica1.jpg\",\"keywords\":[\"A prop\u00f3sito de m\u00fasica\"],\"articleSection\":[\"Destaque\",\"Opini\u00e3o\"],\"inLanguage\":\"pt-PT\"},{\"@type\":\"WebPage\",\"@id\":\"https:\\\/\\\/infocul.pt\\\/arquivo\\\/destaque\\\/a-proposito-de-musica-friday-afternoon\\\/\",\"url\":\"https:\\\/\\\/infocul.pt\\\/arquivo\\\/destaque\\\/a-proposito-de-musica-friday-afternoon\\\/\",\"name\":\"\u201cA prop\u00f3sito de m\u00fasica\u2026\u201d: Friday Afternoon | Infocul.pt - Arquivo Digital\",\"isPartOf\":{\"@id\":\"https:\\\/\\\/infocul.pt\\\/arquivo\\\/#website\"},\"primaryImageOfPage\":{\"@id\":\"https:\\\/\\\/infocul.pt\\\/arquivo\\\/destaque\\\/a-proposito-de-musica-friday-afternoon\\\/#primaryimage\"},\"image\":{\"@id\":\"https:\\\/\\\/infocul.pt\\\/arquivo\\\/destaque\\\/a-proposito-de-musica-friday-afternoon\\\/#primaryimage\"},\"thumbnailUrl\":\"https:\\\/\\\/infocul.pt\\\/arquivo\\\/wp-content\\\/uploads\\\/2019\\\/10\\\/A-prop\u00f3sito-de-m\u00fasica1.jpg\",\"datePublished\":\"2020-01-19T21:14:54+00:00\",\"description\":\"\u201cA prop\u00f3sito de m\u00fasica\u2026\u201d: Friday Afternoon | Infocul.pt - Arquivo Digital\",\"breadcrumb\":{\"@id\":\"https:\\\/\\\/infocul.pt\\\/arquivo\\\/destaque\\\/a-proposito-de-musica-friday-afternoon\\\/#breadcrumb\"},\"inLanguage\":\"pt-PT\",\"potentialAction\":[{\"@type\":\"ReadAction\",\"target\":[\"https:\\\/\\\/infocul.pt\\\/arquivo\\\/destaque\\\/a-proposito-de-musica-friday-afternoon\\\/\"]}]},{\"@type\":\"ImageObject\",\"inLanguage\":\"pt-PT\",\"@id\":\"https:\\\/\\\/infocul.pt\\\/arquivo\\\/destaque\\\/a-proposito-de-musica-friday-afternoon\\\/#primaryimage\",\"url\":\"https:\\\/\\\/infocul.pt\\\/arquivo\\\/wp-content\\\/uploads\\\/2019\\\/10\\\/A-prop\u00f3sito-de-m\u00fasica1.jpg\",\"contentUrl\":\"https:\\\/\\\/infocul.pt\\\/arquivo\\\/wp-content\\\/uploads\\\/2019\\\/10\\\/A-prop\u00f3sito-de-m\u00fasica1.jpg\",\"width\":800,\"height\":445},{\"@type\":\"BreadcrumbList\",\"@id\":\"https:\\\/\\\/infocul.pt\\\/arquivo\\\/destaque\\\/a-proposito-de-musica-friday-afternoon\\\/#breadcrumb\",\"itemListElement\":[{\"@type\":\"ListItem\",\"position\":1,\"name\":\"Home\",\"item\":\"https:\\\/\\\/infocul.pt\\\/arquivo\\\/\"},{\"@type\":\"ListItem\",\"position\":2,\"name\":\"\u201cA prop\u00f3sito de m\u00fasica\u2026\u201d: Friday Afternoon\"}]},{\"@type\":\"WebSite\",\"@id\":\"https:\\\/\\\/infocul.pt\\\/arquivo\\\/#website\",\"url\":\"https:\\\/\\\/infocul.pt\\\/arquivo\\\/\",\"name\":\"Infocul.pt - Arquivo Digital\",\"description\":\"Arquivo digital da Infocul.pt\",\"publisher\":{\"@id\":\"https:\\\/\\\/infocul.pt\\\/arquivo\\\/#organization\"},\"potentialAction\":[{\"@type\":\"SearchAction\",\"target\":{\"@type\":\"EntryPoint\",\"urlTemplate\":\"https:\\\/\\\/infocul.pt\\\/arquivo\\\/?s={search_term_string}\"},\"query-input\":{\"@type\":\"PropertyValueSpecification\",\"valueRequired\":true,\"valueName\":\"search_term_string\"}}],\"inLanguage\":\"pt-PT\"},{\"@type\":\"Organization\",\"@id\":\"https:\\\/\\\/infocul.pt\\\/arquivo\\\/#organization\",\"name\":\"Infocul.pt\",\"url\":\"https:\\\/\\\/infocul.pt\\\/arquivo\\\/\",\"logo\":{\"@type\":\"ImageObject\",\"inLanguage\":\"pt-PT\",\"@id\":\"https:\\\/\\\/infocul.pt\\\/arquivo\\\/#\\\/schema\\\/logo\\\/image\\\/\",\"url\":\"https:\\\/\\\/infocul.pt\\\/arquivo\\\/wp-content\\\/uploads\\\/2018\\\/12\\\/Infocul_logo-1.png\",\"contentUrl\":\"https:\\\/\\\/infocul.pt\\\/arquivo\\\/wp-content\\\/uploads\\\/2018\\\/12\\\/Infocul_logo-1.png\",\"width\":800,\"height\":800,\"caption\":\"Infocul.pt\"},\"image\":{\"@id\":\"https:\\\/\\\/infocul.pt\\\/arquivo\\\/#\\\/schema\\\/logo\\\/image\\\/\"},\"sameAs\":[\"https:\\\/\\\/www.facebook.com\\\/Infocul-147816815585015\\\/\",\"https:\\\/\\\/x.com\\\/Infoculpt\",\"http:\\\/\\\/www.pictaram.com\\\/user\\\/infocul.pt\\\/2370423710\",\"https:\\\/\\\/www.youtube.com\\\/channel\\\/UCYEB91AGI9FL9ek2i_IaQAA\"]},{\"@type\":\"Person\",\"@id\":\"https:\\\/\\\/infocul.pt\\\/arquivo\\\/#\\\/schema\\\/person\\\/5bea4408e2590fb41a6291b34198b262\",\"name\":\"Ana Cristina Esteves\",\"image\":{\"@type\":\"ImageObject\",\"inLanguage\":\"pt-PT\",\"@id\":\"https:\\\/\\\/secure.gravatar.com\\\/avatar\\\/e3ad354261e0752913590b893f97b3a8ff88b72b6ba2cd99f6793291697b5279?s=96&d=mm&r=g\",\"url\":\"https:\\\/\\\/secure.gravatar.com\\\/avatar\\\/e3ad354261e0752913590b893f97b3a8ff88b72b6ba2cd99f6793291697b5279?s=96&d=mm&r=g\",\"contentUrl\":\"https:\\\/\\\/secure.gravatar.com\\\/avatar\\\/e3ad354261e0752913590b893f97b3a8ff88b72b6ba2cd99f6793291697b5279?s=96&d=mm&r=g\",\"caption\":\"Ana Cristina Esteves\"},\"description\":\"Professora de M\u00fasica\"}]}<\/script>\n<!-- \/ Yoast SEO plugin. -->","yoast_head_json":{"title":"\u201cA prop\u00f3sito de m\u00fasica\u2026\u201d: Friday Afternoon | Infocul.pt - Arquivo Digital","description":"\u201cA prop\u00f3sito de m\u00fasica\u2026\u201d: Friday Afternoon | Infocul.pt - Arquivo Digital","robots":{"index":"noindex","follow":"follow","max-snippet":"max-snippet:-1","max-image-preview":"max-image-preview:large","max-video-preview":"max-video-preview:-1"},"og_locale":"pt_PT","og_type":"article","og_title":"\u201cA prop\u00f3sito de m\u00fasica\u2026\u201d: Friday Afternoon | Infocul.pt - Arquivo Digital","og_description":"\u201cA prop\u00f3sito de m\u00fasica\u2026\u201d: Friday Afternoon | Infocul.pt - Arquivo Digital","og_url":"https:\/\/infocul.pt\/arquivo\/destaque\/a-proposito-de-musica-friday-afternoon\/","og_site_name":"Infocul.pt - Arquivo Digital","article_publisher":"https:\/\/www.facebook.com\/Infocul-147816815585015\/","article_published_time":"2020-01-19T21:14:54+00:00","og_image":[{"width":800,"height":445,"url":"https:\/\/infocul.pt\/arquivo\/wp-content\/uploads\/2019\/10\/A-prop\u00f3sito-de-m\u00fasica1.jpg","type":"image\/jpeg"}],"author":"Ana Cristina Esteves","twitter_card":"summary_large_image","twitter_creator":"@Infoculpt","twitter_site":"@Infoculpt","twitter_misc":{"Escrito por":"Ana Cristina Esteves","Tempo estimado de leitura":"4 minutos"},"schema":{"@context":"https:\/\/schema.org","@graph":[{"@type":"Article","@id":"https:\/\/infocul.pt\/arquivo\/destaque\/a-proposito-de-musica-friday-afternoon\/#article","isPartOf":{"@id":"https:\/\/infocul.pt\/arquivo\/destaque\/a-proposito-de-musica-friday-afternoon\/"},"author":{"name":"Ana Cristina Esteves","@id":"https:\/\/infocul.pt\/arquivo\/#\/schema\/person\/5bea4408e2590fb41a6291b34198b262"},"headline":"\u201cA prop\u00f3sito de m\u00fasica\u2026\u201d: Friday Afternoon","datePublished":"2020-01-19T21:14:54+00:00","mainEntityOfPage":{"@id":"https:\/\/infocul.pt\/arquivo\/destaque\/a-proposito-de-musica-friday-afternoon\/"},"wordCount":770,"commentCount":0,"publisher":{"@id":"https:\/\/infocul.pt\/arquivo\/#organization"},"image":{"@id":"https:\/\/infocul.pt\/arquivo\/destaque\/a-proposito-de-musica-friday-afternoon\/#primaryimage"},"thumbnailUrl":"https:\/\/infocul.pt\/arquivo\/wp-content\/uploads\/2019\/10\/A-prop\u00f3sito-de-m\u00fasica1.jpg","keywords":["A prop\u00f3sito de m\u00fasica"],"articleSection":["Destaque","Opini\u00e3o"],"inLanguage":"pt-PT"},{"@type":"WebPage","@id":"https:\/\/infocul.pt\/arquivo\/destaque\/a-proposito-de-musica-friday-afternoon\/","url":"https:\/\/infocul.pt\/arquivo\/destaque\/a-proposito-de-musica-friday-afternoon\/","name":"\u201cA prop\u00f3sito de m\u00fasica\u2026\u201d: Friday Afternoon | Infocul.pt - Arquivo Digital","isPartOf":{"@id":"https:\/\/infocul.pt\/arquivo\/#website"},"primaryImageOfPage":{"@id":"https:\/\/infocul.pt\/arquivo\/destaque\/a-proposito-de-musica-friday-afternoon\/#primaryimage"},"image":{"@id":"https:\/\/infocul.pt\/arquivo\/destaque\/a-proposito-de-musica-friday-afternoon\/#primaryimage"},"thumbnailUrl":"https:\/\/infocul.pt\/arquivo\/wp-content\/uploads\/2019\/10\/A-prop\u00f3sito-de-m\u00fasica1.jpg","datePublished":"2020-01-19T21:14:54+00:00","description":"\u201cA prop\u00f3sito de m\u00fasica\u2026\u201d: Friday Afternoon | Infocul.pt - Arquivo Digital","breadcrumb":{"@id":"https:\/\/infocul.pt\/arquivo\/destaque\/a-proposito-de-musica-friday-afternoon\/#breadcrumb"},"inLanguage":"pt-PT","potentialAction":[{"@type":"ReadAction","target":["https:\/\/infocul.pt\/arquivo\/destaque\/a-proposito-de-musica-friday-afternoon\/"]}]},{"@type":"ImageObject","inLanguage":"pt-PT","@id":"https:\/\/infocul.pt\/arquivo\/destaque\/a-proposito-de-musica-friday-afternoon\/#primaryimage","url":"https:\/\/infocul.pt\/arquivo\/wp-content\/uploads\/2019\/10\/A-prop\u00f3sito-de-m\u00fasica1.jpg","contentUrl":"https:\/\/infocul.pt\/arquivo\/wp-content\/uploads\/2019\/10\/A-prop\u00f3sito-de-m\u00fasica1.jpg","width":800,"height":445},{"@type":"BreadcrumbList","@id":"https:\/\/infocul.pt\/arquivo\/destaque\/a-proposito-de-musica-friday-afternoon\/#breadcrumb","itemListElement":[{"@type":"ListItem","position":1,"name":"Home","item":"https:\/\/infocul.pt\/arquivo\/"},{"@type":"ListItem","position":2,"name":"\u201cA prop\u00f3sito de m\u00fasica\u2026\u201d: Friday Afternoon"}]},{"@type":"WebSite","@id":"https:\/\/infocul.pt\/arquivo\/#website","url":"https:\/\/infocul.pt\/arquivo\/","name":"Infocul.pt - Arquivo Digital","description":"Arquivo digital da Infocul.pt","publisher":{"@id":"https:\/\/infocul.pt\/arquivo\/#organization"},"potentialAction":[{"@type":"SearchAction","target":{"@type":"EntryPoint","urlTemplate":"https:\/\/infocul.pt\/arquivo\/?s={search_term_string}"},"query-input":{"@type":"PropertyValueSpecification","valueRequired":true,"valueName":"search_term_string"}}],"inLanguage":"pt-PT"},{"@type":"Organization","@id":"https:\/\/infocul.pt\/arquivo\/#organization","name":"Infocul.pt","url":"https:\/\/infocul.pt\/arquivo\/","logo":{"@type":"ImageObject","inLanguage":"pt-PT","@id":"https:\/\/infocul.pt\/arquivo\/#\/schema\/logo\/image\/","url":"https:\/\/infocul.pt\/arquivo\/wp-content\/uploads\/2018\/12\/Infocul_logo-1.png","contentUrl":"https:\/\/infocul.pt\/arquivo\/wp-content\/uploads\/2018\/12\/Infocul_logo-1.png","width":800,"height":800,"caption":"Infocul.pt"},"image":{"@id":"https:\/\/infocul.pt\/arquivo\/#\/schema\/logo\/image\/"},"sameAs":["https:\/\/www.facebook.com\/Infocul-147816815585015\/","https:\/\/x.com\/Infoculpt","http:\/\/www.pictaram.com\/user\/infocul.pt\/2370423710","https:\/\/www.youtube.com\/channel\/UCYEB91AGI9FL9ek2i_IaQAA"]},{"@type":"Person","@id":"https:\/\/infocul.pt\/arquivo\/#\/schema\/person\/5bea4408e2590fb41a6291b34198b262","name":"Ana Cristina Esteves","image":{"@type":"ImageObject","inLanguage":"pt-PT","@id":"https:\/\/secure.gravatar.com\/avatar\/e3ad354261e0752913590b893f97b3a8ff88b72b6ba2cd99f6793291697b5279?s=96&d=mm&r=g","url":"https:\/\/secure.gravatar.com\/avatar\/e3ad354261e0752913590b893f97b3a8ff88b72b6ba2cd99f6793291697b5279?s=96&d=mm&r=g","contentUrl":"https:\/\/secure.gravatar.com\/avatar\/e3ad354261e0752913590b893f97b3a8ff88b72b6ba2cd99f6793291697b5279?s=96&d=mm&r=g","caption":"Ana Cristina Esteves"},"description":"Professora de M\u00fasica"}]}},"_links":{"self":[{"href":"https:\/\/infocul.pt\/arquivo\/wp-json\/wp\/v2\/posts\/65287","targetHints":{"allow":["GET"]}}],"collection":[{"href":"https:\/\/infocul.pt\/arquivo\/wp-json\/wp\/v2\/posts"}],"about":[{"href":"https:\/\/infocul.pt\/arquivo\/wp-json\/wp\/v2\/types\/post"}],"author":[{"embeddable":true,"href":"https:\/\/infocul.pt\/arquivo\/wp-json\/wp\/v2\/users\/18"}],"replies":[{"embeddable":true,"href":"https:\/\/infocul.pt\/arquivo\/wp-json\/wp\/v2\/comments?post=65287"}],"version-history":[{"count":0,"href":"https:\/\/infocul.pt\/arquivo\/wp-json\/wp\/v2\/posts\/65287\/revisions"}],"wp:featuredmedia":[{"embeddable":true,"href":"https:\/\/infocul.pt\/arquivo\/wp-json\/wp\/v2\/media\/60883"}],"wp:attachment":[{"href":"https:\/\/infocul.pt\/arquivo\/wp-json\/wp\/v2\/media?parent=65287"}],"wp:term":[{"taxonomy":"category","embeddable":true,"href":"https:\/\/infocul.pt\/arquivo\/wp-json\/wp\/v2\/categories?post=65287"},{"taxonomy":"post_tag","embeddable":true,"href":"https:\/\/infocul.pt\/arquivo\/wp-json\/wp\/v2\/tags?post=65287"}],"curies":[{"name":"wp","href":"https:\/\/api.w.org\/{rel}","templated":true}]}}