{"id":65856,"date":"2020-02-07T20:41:16","date_gmt":"2020-02-07T20:41:16","guid":{"rendered":"https:\/\/infocul.pt\/?p=65856"},"modified":"2020-02-07T20:41:16","modified_gmt":"2020-02-07T20:41:16","slug":"chakall-novidades-e-fe-marcam-inicio-de-2020-no-el-bulo-social-club","status":"publish","type":"post","link":"https:\/\/infocul.pt\/arquivo\/actualidade\/chakall-novidades-e-fe-marcam-inicio-de-2020-no-el-bulo-social-club\/","title":{"rendered":"Chakall: Novidades e F\u00e9 marcam in\u00edcio de 2020 no El Bulo Social Club"},"content":{"rendered":"<p><img decoding=\"async\" class=\"aligncenter wp-image-66303 size-large lazyload\" data-src=\"https:\/\/infocul.pt\/arquivo\/wp-content\/uploads\/2020\/01\/08315a3a-ab2e-4109-8ec8-b8f810cc52c5-1024x768.jpg\" alt=\"\" width=\"800\" height=\"600\" data-srcset=\"https:\/\/infocul.pt\/arquivo\/wp-content\/uploads\/2020\/01\/08315a3a-ab2e-4109-8ec8-b8f810cc52c5-1024x768.jpg 1024w, https:\/\/infocul.pt\/arquivo\/wp-content\/uploads\/2020\/01\/08315a3a-ab2e-4109-8ec8-b8f810cc52c5-300x225.jpg 300w, https:\/\/infocul.pt\/arquivo\/wp-content\/uploads\/2020\/01\/08315a3a-ab2e-4109-8ec8-b8f810cc52c5-768x576.jpg 768w, https:\/\/infocul.pt\/arquivo\/wp-content\/uploads\/2020\/01\/08315a3a-ab2e-4109-8ec8-b8f810cc52c5.jpg 1920w\" data-sizes=\"(max-width: 800px) 100vw, 800px\" src=\"data:image\/svg+xml;base64,PHN2ZyB3aWR0aD0iMSIgaGVpZ2h0PSIxIiB4bWxucz0iaHR0cDovL3d3dy53My5vcmcvMjAwMC9zdmciPjwvc3ZnPg==\" style=\"--smush-placeholder-width: 800px; --smush-placeholder-aspect-ratio: 800\/600;\" \/><\/p>\n<p align=\"left\"><span style=\"font-family: Liberation Serif, serif;\"><span style=\"font-size: medium;\"><span style=\"color: #333333;\"><span style=\"color: #000000;\">Chakall reuniu, <\/span><\/span><span style=\"color: #333333;\">recentemente, imprensa, influencers e bloggers para apresentar algumas novidades relativamente ao seu espa\u00e7o El Bulo Social Club, em Marvila.<\/span><\/span><\/span><!--more--><\/p>\n<p align=\"left\"><span style=\"font-family: Liberation Serif, serif;\"><span style=\"font-size: medium;\"><span style=\"color: #333333;\"><span style=\"color: #000000;\">O Chakavila conta com \u201c<\/span><\/span><span style=\"color: #333333;\"><strong><i>produtos biol\u00f3gicos, tens bolos com ch\u00e1 e leite, tens coisas diferentes, saladas biol\u00f3gicas (todos os produtos s\u00e3o biol\u00f3gicos) numa parceria com a Vitacress. Portanto as saladas v\u00eam do Alentejo. Temos tamb\u00e9m hamb\u00fargueres biol\u00f3gicos, com carne biol\u00f3gica sem produtos. Temos tamb\u00e9m todos os dias um prato do dia diferente<\/i><\/strong>\u201d, revelou Chakall em declara\u00e7\u00f5es ao Infocul.pt.<\/span><\/span><\/span><\/p>\n<p align=\"left\"><img decoding=\"async\" class=\"aligncenter wp-image-66301 size-large lazyload\" data-src=\"https:\/\/infocul.pt\/arquivo\/wp-content\/uploads\/2020\/01\/0001-4-1024x724.jpg\" alt=\"\" width=\"800\" height=\"566\" data-srcset=\"https:\/\/infocul.pt\/arquivo\/wp-content\/uploads\/2020\/01\/0001-4-1024x724.jpg 1024w, https:\/\/infocul.pt\/arquivo\/wp-content\/uploads\/2020\/01\/0001-4-300x212.jpg 300w, https:\/\/infocul.pt\/arquivo\/wp-content\/uploads\/2020\/01\/0001-4-768x543.jpg 768w\" data-sizes=\"(max-width: 800px) 100vw, 800px\" src=\"data:image\/svg+xml;base64,PHN2ZyB3aWR0aD0iMSIgaGVpZ2h0PSIxIiB4bWxucz0iaHR0cDovL3d3dy53My5vcmcvMjAwMC9zdmciPjwvc3ZnPg==\" style=\"--smush-placeholder-width: 800px; --smush-placeholder-aspect-ratio: 800\/566;\" \/><\/p>\n<p align=\"left\">\n<p align=\"left\"><span style=\"font-family: Liberation Serif, serif;\"><span style=\"font-size: medium;\"><span style=\"color: #333333;\"><span style=\"color: #000000;\">O El Bulo Social Club conta agora com a sala de refei\u00e7\u00f5es toda no mesmo espa\u00e7o, abrindo assim espa\u00e7o a um Tapas Bar. \u201c<\/span><\/span><span style=\"color: #333333;\"><strong><i>Aqui temos um tapas bar puro e duro. Servi\u00e7o ao bal\u00e7\u00e3o, com tapas, mais econ\u00f3mico. H\u00e1 uma Happy Hour \u00e0 tarde, com cocktails e cervejas, etc<\/i><\/strong>\u201d.<\/span><\/span><\/span><\/p>\n<p align=\"left\"><span style=\"font-family: Liberation Serif, serif;\"><span style=\"font-size: medium;\"><span style=\"color: #333333;\"><span style=\"color: #000000;\">A Happy Hour funciona das 18:00 \u00e0s 20:00 de ter\u00e7a a sexta e a Sala Gauchito Gil tem agora a voca\u00e7\u00e3o de Tapas e Bar<\/span><\/span><\/span><\/span><\/p>\n<p align=\"left\"><img decoding=\"async\" class=\"aligncenter wp-image-66296 size-large lazyload\" data-src=\"https:\/\/infocul.pt\/arquivo\/wp-content\/uploads\/2020\/01\/0002-724x1024.jpg\" alt=\"\" width=\"724\" height=\"1024\" data-srcset=\"https:\/\/infocul.pt\/arquivo\/wp-content\/uploads\/2020\/01\/0002-724x1024.jpg 724w, https:\/\/infocul.pt\/arquivo\/wp-content\/uploads\/2020\/01\/0002-212x300.jpg 212w, https:\/\/infocul.pt\/arquivo\/wp-content\/uploads\/2020\/01\/0002-768x1086.jpg 768w\" data-sizes=\"(max-width: 724px) 100vw, 724px\" src=\"data:image\/svg+xml;base64,PHN2ZyB3aWR0aD0iMSIgaGVpZ2h0PSIxIiB4bWxucz0iaHR0cDovL3d3dy53My5vcmcvMjAwMC9zdmciPjwvc3ZnPg==\" style=\"--smush-placeholder-width: 724px; --smush-placeholder-aspect-ratio: 724\/1024;\" \/><\/p>\n<p align=\"left\"><span style=\"font-family: Liberation Serif, serif;\"><span style=\"font-size: medium;\"><span style=\"color: #333333;\"><span style=\"color: #000000;\">Na entrada do El Bulo Social Club h\u00e1 a destacar um altar. Santos e velas apelam \u00e0 introspec\u00e7\u00e3o e \u00e0 f\u00e9. \u201c<\/span><\/span><span style=\"color: #333333;\"><strong><i>\u00c9 o meu altar e da minha esposa<\/i><\/strong>\u201d, come\u00e7ar por dizer Chakall. Neste altar est\u00e1 a fotografia do pai de Chakall. \u201c<strong><i>\u00c9 o meu pai. Sabes a hist\u00f3ria do dia dos mortos em que colocando uma foto, a pessoa sempre volta? \u00c9 isso. \u00c9 uma esp\u00e9cie de f\u00e9<\/i><\/strong>\u201d, justificou.<\/span><\/span><\/span><\/p>\n<p align=\"left\"><img decoding=\"async\" class=\"aligncenter wp-image-66302 size-large lazyload\" data-src=\"https:\/\/infocul.pt\/arquivo\/wp-content\/uploads\/2020\/01\/WhatsApp-Image-2020-02-07-at-20.38.26-1-1024x768.jpeg\" alt=\"\" width=\"800\" height=\"600\" data-srcset=\"https:\/\/infocul.pt\/arquivo\/wp-content\/uploads\/2020\/01\/WhatsApp-Image-2020-02-07-at-20.38.26-1-1024x768.jpeg 1024w, https:\/\/infocul.pt\/arquivo\/wp-content\/uploads\/2020\/01\/WhatsApp-Image-2020-02-07-at-20.38.26-1-300x225.jpeg 300w, https:\/\/infocul.pt\/arquivo\/wp-content\/uploads\/2020\/01\/WhatsApp-Image-2020-02-07-at-20.38.26-1-768x576.jpeg 768w, https:\/\/infocul.pt\/arquivo\/wp-content\/uploads\/2020\/01\/WhatsApp-Image-2020-02-07-at-20.38.26-1.jpeg 1920w\" data-sizes=\"(max-width: 800px) 100vw, 800px\" src=\"data:image\/svg+xml;base64,PHN2ZyB3aWR0aD0iMSIgaGVpZ2h0PSIxIiB4bWxucz0iaHR0cDovL3d3dy53My5vcmcvMjAwMC9zdmciPjwvc3ZnPg==\" style=\"--smush-placeholder-width: 800px; --smush-placeholder-aspect-ratio: 800\/600;\" \/><\/p>\n<p align=\"left\"><span style=\"font-family: Liberation Serif, serif;\"><span style=\"font-size: medium;\"><span style=\"color: #333333;\"><span style=\"color: #000000;\">Outra das novidades s\u00e3o \u201c<\/span><\/span><span style=\"color: #333333;\"><strong><i>Domingos em Fam\u00edlia, \u00e9 um menu por 20 euros com comida ilimitada, com menu do dia, e bebidas \u00e0 parte<\/i><\/strong>\u201d. Destacou ainda que todos os meses h\u00e1 \u201c<strong><i>duas noites tem\u00e1ticas, cubana e mexicana, com comida, bebida e m\u00fasica desses pa\u00edses<\/i><\/strong>\u201d.<\/span><\/span><\/span><\/p>\n<p align=\"left\"><img decoding=\"async\" class=\"aligncenter wp-image-66297 size-large lazyload\" data-src=\"https:\/\/infocul.pt\/arquivo\/wp-content\/uploads\/2020\/01\/0001-6-724x1024.jpg\" alt=\"\" width=\"724\" height=\"1024\" data-srcset=\"https:\/\/infocul.pt\/arquivo\/wp-content\/uploads\/2020\/01\/0001-6-724x1024.jpg 724w, https:\/\/infocul.pt\/arquivo\/wp-content\/uploads\/2020\/01\/0001-6-212x300.jpg 212w, https:\/\/infocul.pt\/arquivo\/wp-content\/uploads\/2020\/01\/0001-6-768x1086.jpg 768w\" data-sizes=\"(max-width: 724px) 100vw, 724px\" src=\"data:image\/svg+xml;base64,PHN2ZyB3aWR0aD0iMSIgaGVpZ2h0PSIxIiB4bWxucz0iaHR0cDovL3d3dy53My5vcmcvMjAwMC9zdmciPjwvc3ZnPg==\" style=\"--smush-placeholder-width: 724px; --smush-placeholder-aspect-ratio: 724\/1024;\" \/><\/p>\n<p align=\"left\">\n<p align=\"left\"><img decoding=\"async\" class=\"aligncenter wp-image-66298 size-large lazyload\" data-src=\"https:\/\/infocul.pt\/arquivo\/wp-content\/uploads\/2020\/01\/0001-5-724x1024.jpg\" alt=\"\" width=\"724\" height=\"1024\" data-srcset=\"https:\/\/infocul.pt\/arquivo\/wp-content\/uploads\/2020\/01\/0001-5-724x1024.jpg 724w, https:\/\/infocul.pt\/arquivo\/wp-content\/uploads\/2020\/01\/0001-5-212x300.jpg 212w, https:\/\/infocul.pt\/arquivo\/wp-content\/uploads\/2020\/01\/0001-5-768x1086.jpg 768w\" data-sizes=\"(max-width: 724px) 100vw, 724px\" src=\"data:image\/svg+xml;base64,PHN2ZyB3aWR0aD0iMSIgaGVpZ2h0PSIxIiB4bWxucz0iaHR0cDovL3d3dy53My5vcmcvMjAwMC9zdmciPjwvc3ZnPg==\" style=\"--smush-placeholder-width: 724px; --smush-placeholder-aspect-ratio: 724\/1024;\" \/><\/p>\n<p align=\"left\">\n<p align=\"left\"><span style=\"font-family: Liberation Serif, serif;\"><span style=\"font-size: medium;\"><span style=\"color: #333333;\"><span style=\"color: #000000;\">Por entre os destaques, h\u00e1 a real\u00e7ar o Menu especial que ir\u00e1 ser confeccionado para o Dia dos Namorados. <\/span><\/span><span style=\"color: #333333;\"><strong>1\u20ac por cada menu reverte a favor da SPEM (Sociedade Portuguesa de Esclerose M\u00faltipla) e em palco estar\u00e1 Michel William, conhecido do p\u00fablico por ter participado recentemente no The Voice e que lan\u00e7ou em Dezembro o seu \u00e1lbum &#8220;I&#8217;Ve Got A Plan&#8221;<\/strong>.<\/span><\/span><\/span><\/p>\n<p align=\"left\"><img decoding=\"async\" class=\"aligncenter wp-image-66299 size-large lazyload\" data-src=\"https:\/\/infocul.pt\/arquivo\/wp-content\/uploads\/2020\/01\/0001-3-724x1024.jpg\" alt=\"\" width=\"724\" height=\"1024\" data-srcset=\"https:\/\/infocul.pt\/arquivo\/wp-content\/uploads\/2020\/01\/0001-3-724x1024.jpg 724w, https:\/\/infocul.pt\/arquivo\/wp-content\/uploads\/2020\/01\/0001-3-212x300.jpg 212w, https:\/\/infocul.pt\/arquivo\/wp-content\/uploads\/2020\/01\/0001-3-768x1086.jpg 768w\" data-sizes=\"(max-width: 724px) 100vw, 724px\" src=\"data:image\/svg+xml;base64,PHN2ZyB3aWR0aD0iMSIgaGVpZ2h0PSIxIiB4bWxucz0iaHR0cDovL3d3dy53My5vcmcvMjAwMC9zdmciPjwvc3ZnPg==\" style=\"--smush-placeholder-width: 724px; --smush-placeholder-aspect-ratio: 724\/1024;\" \/><\/p>\n<p align=\"left\">Chakall anunciou ainda que tem preparadas v\u00e1rias surpresas ao longo do ano, principalmente em dias festivos. As surpresas n\u00e3o revelou mas as datas a apontar no calend\u00e1rio s\u00e3o j\u00e1 conhecidas.<\/p>\n<p align=\"left\"><img decoding=\"async\" class=\"aligncenter wp-image-66300 size-large lazyload\" data-src=\"https:\/\/infocul.pt\/arquivo\/wp-content\/uploads\/2020\/01\/0001-2-724x1024.jpg\" alt=\"\" width=\"724\" height=\"1024\" data-srcset=\"https:\/\/infocul.pt\/arquivo\/wp-content\/uploads\/2020\/01\/0001-2-724x1024.jpg 724w, https:\/\/infocul.pt\/arquivo\/wp-content\/uploads\/2020\/01\/0001-2-212x300.jpg 212w, https:\/\/infocul.pt\/arquivo\/wp-content\/uploads\/2020\/01\/0001-2-768x1086.jpg 768w\" data-sizes=\"(max-width: 724px) 100vw, 724px\" src=\"data:image\/svg+xml;base64,PHN2ZyB3aWR0aD0iMSIgaGVpZ2h0PSIxIiB4bWxucz0iaHR0cDovL3d3dy53My5vcmcvMjAwMC9zdmciPjwvc3ZnPg==\" style=\"--smush-placeholder-width: 724px; --smush-placeholder-aspect-ratio: 724\/1024;\" \/><\/p>\n<p align=\"left\">\n<p align=\"left\">\n","protected":false},"excerpt":{"rendered":"<p>Chakall reuniu, recentemente, imprensa, influencers e bloggers para apresentar algumas novidades relativamente ao seu espa\u00e7o El Bulo Social Club, em Marvila.<\/p>\n","protected":false},"author":2,"featured_media":66303,"comment_status":"open","ping_status":"closed","sticky":false,"template":"","format":"standard","meta":{"footnotes":""},"categories":[10,36,4123,13],"tags":[4132,1145],"class_list":["post-65856","post","type-post","status-publish","format-standard","has-post-thumbnail","hentry","category-actualidade","category-destaque","category-reportagens-actualidade","category-turismo","tag-chakall","tag-el-bulo-social-club"],"yoast_head":"<!-- This site is optimized with the Yoast SEO plugin v27.5 - https:\/\/yoast.com\/product\/yoast-seo-wordpress\/ -->\n<title>Chakall: Novidades e F\u00e9 marcam in\u00edcio de 2020 no El Bulo Social Club | Infocul.pt - Arquivo Digital<\/title>\n<meta name=\"description\" content=\"Chakall: Novidades e F\u00e9 marcam in\u00edcio de 2020 no El Bulo Social Club | Infocul.pt - Arquivo Digital\" \/>\n<meta name=\"robots\" content=\"noindex, follow, max-snippet:-1, max-image-preview:large, max-video-preview:-1\" \/>\n<meta property=\"og:locale\" content=\"pt_PT\" \/>\n<meta property=\"og:type\" content=\"article\" \/>\n<meta property=\"og:title\" content=\"Chakall: Novidades e F\u00e9 marcam in\u00edcio de 2020 no El Bulo Social Club | Infocul.pt - Arquivo Digital\" \/>\n<meta property=\"og:description\" content=\"Chakall: Novidades e F\u00e9 marcam in\u00edcio de 2020 no El Bulo Social Club | Infocul.pt - Arquivo Digital\" \/>\n<meta property=\"og:url\" content=\"https:\/\/infocul.pt\/arquivo\/actualidade\/chakall-novidades-e-fe-marcam-inicio-de-2020-no-el-bulo-social-club\/\" \/>\n<meta property=\"og:site_name\" content=\"Infocul.pt - Arquivo Digital\" \/>\n<meta property=\"article:publisher\" content=\"https:\/\/www.facebook.com\/Infocul-147816815585015\/\" \/>\n<meta property=\"article:published_time\" content=\"2020-02-07T20:41:16+00:00\" \/>\n<meta property=\"og:image\" content=\"https:\/\/infocul.pt\/arquivo\/wp-content\/uploads\/2020\/01\/08315a3a-ab2e-4109-8ec8-b8f810cc52c5.jpg\" \/>\n\t<meta property=\"og:image:width\" content=\"1920\" \/>\n\t<meta property=\"og:image:height\" content=\"1440\" \/>\n\t<meta property=\"og:image:type\" content=\"image\/jpeg\" \/>\n<meta name=\"author\" content=\"Rui Lavrador\" \/>\n<meta name=\"twitter:card\" content=\"summary_large_image\" \/>\n<meta name=\"twitter:creator\" content=\"@Infoculpt\" \/>\n<meta name=\"twitter:site\" content=\"@Infoculpt\" \/>\n<meta name=\"twitter:label1\" content=\"Escrito por\" \/>\n\t<meta name=\"twitter:data1\" content=\"Rui Lavrador\" \/>\n\t<meta name=\"twitter:label2\" content=\"Tempo estimado de leitura\" \/>\n\t<meta name=\"twitter:data2\" content=\"2 minutos\" \/>\n<script type=\"application\/ld+json\" class=\"yoast-schema-graph\">{\"@context\":\"https:\\\/\\\/schema.org\",\"@graph\":[{\"@type\":\"Article\",\"@id\":\"https:\\\/\\\/infocul.pt\\\/arquivo\\\/actualidade\\\/chakall-novidades-e-fe-marcam-inicio-de-2020-no-el-bulo-social-club\\\/#article\",\"isPartOf\":{\"@id\":\"https:\\\/\\\/infocul.pt\\\/arquivo\\\/actualidade\\\/chakall-novidades-e-fe-marcam-inicio-de-2020-no-el-bulo-social-club\\\/\"},\"author\":{\"name\":\"Rui Lavrador\",\"@id\":\"https:\\\/\\\/infocul.pt\\\/arquivo\\\/#\\\/schema\\\/person\\\/060a108d7f2d85fc6aae505119ee5234\"},\"headline\":\"Chakall: Novidades e F\u00e9 marcam in\u00edcio de 2020 no El Bulo Social Club\",\"datePublished\":\"2020-02-07T20:41:16+00:00\",\"mainEntityOfPage\":{\"@id\":\"https:\\\/\\\/infocul.pt\\\/arquivo\\\/actualidade\\\/chakall-novidades-e-fe-marcam-inicio-de-2020-no-el-bulo-social-club\\\/\"},\"wordCount\":397,\"commentCount\":0,\"publisher\":{\"@id\":\"https:\\\/\\\/infocul.pt\\\/arquivo\\\/#organization\"},\"image\":{\"@id\":\"https:\\\/\\\/infocul.pt\\\/arquivo\\\/actualidade\\\/chakall-novidades-e-fe-marcam-inicio-de-2020-no-el-bulo-social-club\\\/#primaryimage\"},\"thumbnailUrl\":\"https:\\\/\\\/infocul.pt\\\/arquivo\\\/wp-content\\\/uploads\\\/2020\\\/01\\\/08315a3a-ab2e-4109-8ec8-b8f810cc52c5.jpg\",\"keywords\":[\"Chakall\",\"El Bulo Social Club\"],\"articleSection\":[\"Actualidade\",\"Destaque\",\"Reportagens\",\"Turismo\"],\"inLanguage\":\"pt-PT\"},{\"@type\":\"WebPage\",\"@id\":\"https:\\\/\\\/infocul.pt\\\/arquivo\\\/actualidade\\\/chakall-novidades-e-fe-marcam-inicio-de-2020-no-el-bulo-social-club\\\/\",\"url\":\"https:\\\/\\\/infocul.pt\\\/arquivo\\\/actualidade\\\/chakall-novidades-e-fe-marcam-inicio-de-2020-no-el-bulo-social-club\\\/\",\"name\":\"Chakall: Novidades e F\u00e9 marcam in\u00edcio de 2020 no El Bulo Social Club | Infocul.pt - Arquivo Digital\",\"isPartOf\":{\"@id\":\"https:\\\/\\\/infocul.pt\\\/arquivo\\\/#website\"},\"primaryImageOfPage\":{\"@id\":\"https:\\\/\\\/infocul.pt\\\/arquivo\\\/actualidade\\\/chakall-novidades-e-fe-marcam-inicio-de-2020-no-el-bulo-social-club\\\/#primaryimage\"},\"image\":{\"@id\":\"https:\\\/\\\/infocul.pt\\\/arquivo\\\/actualidade\\\/chakall-novidades-e-fe-marcam-inicio-de-2020-no-el-bulo-social-club\\\/#primaryimage\"},\"thumbnailUrl\":\"https:\\\/\\\/infocul.pt\\\/arquivo\\\/wp-content\\\/uploads\\\/2020\\\/01\\\/08315a3a-ab2e-4109-8ec8-b8f810cc52c5.jpg\",\"datePublished\":\"2020-02-07T20:41:16+00:00\",\"description\":\"Chakall: Novidades e F\u00e9 marcam in\u00edcio de 2020 no El Bulo Social Club | Infocul.pt - Arquivo Digital\",\"breadcrumb\":{\"@id\":\"https:\\\/\\\/infocul.pt\\\/arquivo\\\/actualidade\\\/chakall-novidades-e-fe-marcam-inicio-de-2020-no-el-bulo-social-club\\\/#breadcrumb\"},\"inLanguage\":\"pt-PT\",\"potentialAction\":[{\"@type\":\"ReadAction\",\"target\":[\"https:\\\/\\\/infocul.pt\\\/arquivo\\\/actualidade\\\/chakall-novidades-e-fe-marcam-inicio-de-2020-no-el-bulo-social-club\\\/\"]}]},{\"@type\":\"ImageObject\",\"inLanguage\":\"pt-PT\",\"@id\":\"https:\\\/\\\/infocul.pt\\\/arquivo\\\/actualidade\\\/chakall-novidades-e-fe-marcam-inicio-de-2020-no-el-bulo-social-club\\\/#primaryimage\",\"url\":\"https:\\\/\\\/infocul.pt\\\/arquivo\\\/wp-content\\\/uploads\\\/2020\\\/01\\\/08315a3a-ab2e-4109-8ec8-b8f810cc52c5.jpg\",\"contentUrl\":\"https:\\\/\\\/infocul.pt\\\/arquivo\\\/wp-content\\\/uploads\\\/2020\\\/01\\\/08315a3a-ab2e-4109-8ec8-b8f810cc52c5.jpg\",\"width\":1920,\"height\":1440},{\"@type\":\"BreadcrumbList\",\"@id\":\"https:\\\/\\\/infocul.pt\\\/arquivo\\\/actualidade\\\/chakall-novidades-e-fe-marcam-inicio-de-2020-no-el-bulo-social-club\\\/#breadcrumb\",\"itemListElement\":[{\"@type\":\"ListItem\",\"position\":1,\"name\":\"Home\",\"item\":\"https:\\\/\\\/infocul.pt\\\/arquivo\\\/\"},{\"@type\":\"ListItem\",\"position\":2,\"name\":\"Chakall: Novidades e F\u00e9 marcam in\u00edcio de 2020 no El Bulo Social Club\"}]},{\"@type\":\"WebSite\",\"@id\":\"https:\\\/\\\/infocul.pt\\\/arquivo\\\/#website\",\"url\":\"https:\\\/\\\/infocul.pt\\\/arquivo\\\/\",\"name\":\"Infocul.pt - Arquivo Digital\",\"description\":\"Arquivo digital da Infocul.pt\",\"publisher\":{\"@id\":\"https:\\\/\\\/infocul.pt\\\/arquivo\\\/#organization\"},\"potentialAction\":[{\"@type\":\"SearchAction\",\"target\":{\"@type\":\"EntryPoint\",\"urlTemplate\":\"https:\\\/\\\/infocul.pt\\\/arquivo\\\/?s={search_term_string}\"},\"query-input\":{\"@type\":\"PropertyValueSpecification\",\"valueRequired\":true,\"valueName\":\"search_term_string\"}}],\"inLanguage\":\"pt-PT\"},{\"@type\":\"Organization\",\"@id\":\"https:\\\/\\\/infocul.pt\\\/arquivo\\\/#organization\",\"name\":\"Infocul.pt\",\"url\":\"https:\\\/\\\/infocul.pt\\\/arquivo\\\/\",\"logo\":{\"@type\":\"ImageObject\",\"inLanguage\":\"pt-PT\",\"@id\":\"https:\\\/\\\/infocul.pt\\\/arquivo\\\/#\\\/schema\\\/logo\\\/image\\\/\",\"url\":\"https:\\\/\\\/infocul.pt\\\/arquivo\\\/wp-content\\\/uploads\\\/2018\\\/12\\\/Infocul_logo-1.png\",\"contentUrl\":\"https:\\\/\\\/infocul.pt\\\/arquivo\\\/wp-content\\\/uploads\\\/2018\\\/12\\\/Infocul_logo-1.png\",\"width\":800,\"height\":800,\"caption\":\"Infocul.pt\"},\"image\":{\"@id\":\"https:\\\/\\\/infocul.pt\\\/arquivo\\\/#\\\/schema\\\/logo\\\/image\\\/\"},\"sameAs\":[\"https:\\\/\\\/www.facebook.com\\\/Infocul-147816815585015\\\/\",\"https:\\\/\\\/x.com\\\/Infoculpt\",\"http:\\\/\\\/www.pictaram.com\\\/user\\\/infocul.pt\\\/2370423710\",\"https:\\\/\\\/www.youtube.com\\\/channel\\\/UCYEB91AGI9FL9ek2i_IaQAA\"]},{\"@type\":\"Person\",\"@id\":\"https:\\\/\\\/infocul.pt\\\/arquivo\\\/#\\\/schema\\\/person\\\/060a108d7f2d85fc6aae505119ee5234\",\"name\":\"Rui Lavrador\",\"image\":{\"@type\":\"ImageObject\",\"inLanguage\":\"pt-PT\",\"@id\":\"https:\\\/\\\/secure.gravatar.com\\\/avatar\\\/93febd6873394aa8e975148548a0cb203acfdd42d2c85c5f1408e1a76678aece?s=96&d=mm&r=g\",\"url\":\"https:\\\/\\\/secure.gravatar.com\\\/avatar\\\/93febd6873394aa8e975148548a0cb203acfdd42d2c85c5f1408e1a76678aece?s=96&d=mm&r=g\",\"contentUrl\":\"https:\\\/\\\/secure.gravatar.com\\\/avatar\\\/93febd6873394aa8e975148548a0cb203acfdd42d2c85c5f1408e1a76678aece?s=96&d=mm&r=g\",\"caption\":\"Rui Lavrador\"},\"description\":\"Iniciou em 2011 o seu percurso em comunica\u00e7\u00e3o social, tendo integrado v\u00e1rios projectos editoriais. Durante o seu percurso integrou projectos como Jornal Hardm\u00fasica, LusoNot\u00edcias, Toureio.pt, ODigital.pt, entre outros \u00d3rg\u00e3os de Comunica\u00e7\u00e3o Social nacionais, na redac\u00e7\u00e3o de v\u00e1rios artigos. Entrevistou a grande maioria das personalidades mais importantes da vida social e cultural do pa\u00eds, destacando-se, tamb\u00e9m, na aprecia\u00e7\u00e3o de v\u00e1rios espect\u00e1culos. Durante o seu percurso, deu a conhecer v\u00e1rios artistas, at\u00e9 ent\u00e3o desconhecidos, ao grande p\u00fablico. Em 2015 criou e fundou o Infocul.pt, projecto no qual assume a direc\u00e7\u00e3o editorial.\",\"sameAs\":[\"http:\\\/\\\/www.infocul.pt\"]}]}<\/script>\n<!-- \/ Yoast SEO plugin. -->","yoast_head_json":{"title":"Chakall: Novidades e F\u00e9 marcam in\u00edcio de 2020 no El Bulo Social Club | Infocul.pt - Arquivo Digital","description":"Chakall: Novidades e F\u00e9 marcam in\u00edcio de 2020 no El Bulo Social Club | Infocul.pt - Arquivo Digital","robots":{"index":"noindex","follow":"follow","max-snippet":"max-snippet:-1","max-image-preview":"max-image-preview:large","max-video-preview":"max-video-preview:-1"},"og_locale":"pt_PT","og_type":"article","og_title":"Chakall: Novidades e F\u00e9 marcam in\u00edcio de 2020 no El Bulo Social Club | Infocul.pt - Arquivo Digital","og_description":"Chakall: Novidades e F\u00e9 marcam in\u00edcio de 2020 no El Bulo Social Club | Infocul.pt - Arquivo Digital","og_url":"https:\/\/infocul.pt\/arquivo\/actualidade\/chakall-novidades-e-fe-marcam-inicio-de-2020-no-el-bulo-social-club\/","og_site_name":"Infocul.pt - Arquivo Digital","article_publisher":"https:\/\/www.facebook.com\/Infocul-147816815585015\/","article_published_time":"2020-02-07T20:41:16+00:00","og_image":[{"width":1920,"height":1440,"url":"https:\/\/infocul.pt\/arquivo\/wp-content\/uploads\/2020\/01\/08315a3a-ab2e-4109-8ec8-b8f810cc52c5.jpg","type":"image\/jpeg"}],"author":"Rui Lavrador","twitter_card":"summary_large_image","twitter_creator":"@Infoculpt","twitter_site":"@Infoculpt","twitter_misc":{"Escrito por":"Rui Lavrador","Tempo estimado de leitura":"2 minutos"},"schema":{"@context":"https:\/\/schema.org","@graph":[{"@type":"Article","@id":"https:\/\/infocul.pt\/arquivo\/actualidade\/chakall-novidades-e-fe-marcam-inicio-de-2020-no-el-bulo-social-club\/#article","isPartOf":{"@id":"https:\/\/infocul.pt\/arquivo\/actualidade\/chakall-novidades-e-fe-marcam-inicio-de-2020-no-el-bulo-social-club\/"},"author":{"name":"Rui Lavrador","@id":"https:\/\/infocul.pt\/arquivo\/#\/schema\/person\/060a108d7f2d85fc6aae505119ee5234"},"headline":"Chakall: Novidades e F\u00e9 marcam in\u00edcio de 2020 no El Bulo Social Club","datePublished":"2020-02-07T20:41:16+00:00","mainEntityOfPage":{"@id":"https:\/\/infocul.pt\/arquivo\/actualidade\/chakall-novidades-e-fe-marcam-inicio-de-2020-no-el-bulo-social-club\/"},"wordCount":397,"commentCount":0,"publisher":{"@id":"https:\/\/infocul.pt\/arquivo\/#organization"},"image":{"@id":"https:\/\/infocul.pt\/arquivo\/actualidade\/chakall-novidades-e-fe-marcam-inicio-de-2020-no-el-bulo-social-club\/#primaryimage"},"thumbnailUrl":"https:\/\/infocul.pt\/arquivo\/wp-content\/uploads\/2020\/01\/08315a3a-ab2e-4109-8ec8-b8f810cc52c5.jpg","keywords":["Chakall","El Bulo Social Club"],"articleSection":["Actualidade","Destaque","Reportagens","Turismo"],"inLanguage":"pt-PT"},{"@type":"WebPage","@id":"https:\/\/infocul.pt\/arquivo\/actualidade\/chakall-novidades-e-fe-marcam-inicio-de-2020-no-el-bulo-social-club\/","url":"https:\/\/infocul.pt\/arquivo\/actualidade\/chakall-novidades-e-fe-marcam-inicio-de-2020-no-el-bulo-social-club\/","name":"Chakall: Novidades e F\u00e9 marcam in\u00edcio de 2020 no El Bulo Social Club | Infocul.pt - Arquivo Digital","isPartOf":{"@id":"https:\/\/infocul.pt\/arquivo\/#website"},"primaryImageOfPage":{"@id":"https:\/\/infocul.pt\/arquivo\/actualidade\/chakall-novidades-e-fe-marcam-inicio-de-2020-no-el-bulo-social-club\/#primaryimage"},"image":{"@id":"https:\/\/infocul.pt\/arquivo\/actualidade\/chakall-novidades-e-fe-marcam-inicio-de-2020-no-el-bulo-social-club\/#primaryimage"},"thumbnailUrl":"https:\/\/infocul.pt\/arquivo\/wp-content\/uploads\/2020\/01\/08315a3a-ab2e-4109-8ec8-b8f810cc52c5.jpg","datePublished":"2020-02-07T20:41:16+00:00","description":"Chakall: Novidades e F\u00e9 marcam in\u00edcio de 2020 no El Bulo Social Club | Infocul.pt - Arquivo Digital","breadcrumb":{"@id":"https:\/\/infocul.pt\/arquivo\/actualidade\/chakall-novidades-e-fe-marcam-inicio-de-2020-no-el-bulo-social-club\/#breadcrumb"},"inLanguage":"pt-PT","potentialAction":[{"@type":"ReadAction","target":["https:\/\/infocul.pt\/arquivo\/actualidade\/chakall-novidades-e-fe-marcam-inicio-de-2020-no-el-bulo-social-club\/"]}]},{"@type":"ImageObject","inLanguage":"pt-PT","@id":"https:\/\/infocul.pt\/arquivo\/actualidade\/chakall-novidades-e-fe-marcam-inicio-de-2020-no-el-bulo-social-club\/#primaryimage","url":"https:\/\/infocul.pt\/arquivo\/wp-content\/uploads\/2020\/01\/08315a3a-ab2e-4109-8ec8-b8f810cc52c5.jpg","contentUrl":"https:\/\/infocul.pt\/arquivo\/wp-content\/uploads\/2020\/01\/08315a3a-ab2e-4109-8ec8-b8f810cc52c5.jpg","width":1920,"height":1440},{"@type":"BreadcrumbList","@id":"https:\/\/infocul.pt\/arquivo\/actualidade\/chakall-novidades-e-fe-marcam-inicio-de-2020-no-el-bulo-social-club\/#breadcrumb","itemListElement":[{"@type":"ListItem","position":1,"name":"Home","item":"https:\/\/infocul.pt\/arquivo\/"},{"@type":"ListItem","position":2,"name":"Chakall: Novidades e F\u00e9 marcam in\u00edcio de 2020 no El Bulo Social Club"}]},{"@type":"WebSite","@id":"https:\/\/infocul.pt\/arquivo\/#website","url":"https:\/\/infocul.pt\/arquivo\/","name":"Infocul.pt - Arquivo Digital","description":"Arquivo digital da Infocul.pt","publisher":{"@id":"https:\/\/infocul.pt\/arquivo\/#organization"},"potentialAction":[{"@type":"SearchAction","target":{"@type":"EntryPoint","urlTemplate":"https:\/\/infocul.pt\/arquivo\/?s={search_term_string}"},"query-input":{"@type":"PropertyValueSpecification","valueRequired":true,"valueName":"search_term_string"}}],"inLanguage":"pt-PT"},{"@type":"Organization","@id":"https:\/\/infocul.pt\/arquivo\/#organization","name":"Infocul.pt","url":"https:\/\/infocul.pt\/arquivo\/","logo":{"@type":"ImageObject","inLanguage":"pt-PT","@id":"https:\/\/infocul.pt\/arquivo\/#\/schema\/logo\/image\/","url":"https:\/\/infocul.pt\/arquivo\/wp-content\/uploads\/2018\/12\/Infocul_logo-1.png","contentUrl":"https:\/\/infocul.pt\/arquivo\/wp-content\/uploads\/2018\/12\/Infocul_logo-1.png","width":800,"height":800,"caption":"Infocul.pt"},"image":{"@id":"https:\/\/infocul.pt\/arquivo\/#\/schema\/logo\/image\/"},"sameAs":["https:\/\/www.facebook.com\/Infocul-147816815585015\/","https:\/\/x.com\/Infoculpt","http:\/\/www.pictaram.com\/user\/infocul.pt\/2370423710","https:\/\/www.youtube.com\/channel\/UCYEB91AGI9FL9ek2i_IaQAA"]},{"@type":"Person","@id":"https:\/\/infocul.pt\/arquivo\/#\/schema\/person\/060a108d7f2d85fc6aae505119ee5234","name":"Rui Lavrador","image":{"@type":"ImageObject","inLanguage":"pt-PT","@id":"https:\/\/secure.gravatar.com\/avatar\/93febd6873394aa8e975148548a0cb203acfdd42d2c85c5f1408e1a76678aece?s=96&d=mm&r=g","url":"https:\/\/secure.gravatar.com\/avatar\/93febd6873394aa8e975148548a0cb203acfdd42d2c85c5f1408e1a76678aece?s=96&d=mm&r=g","contentUrl":"https:\/\/secure.gravatar.com\/avatar\/93febd6873394aa8e975148548a0cb203acfdd42d2c85c5f1408e1a76678aece?s=96&d=mm&r=g","caption":"Rui Lavrador"},"description":"Iniciou em 2011 o seu percurso em comunica\u00e7\u00e3o social, tendo integrado v\u00e1rios projectos editoriais. Durante o seu percurso integrou projectos como Jornal Hardm\u00fasica, LusoNot\u00edcias, Toureio.pt, ODigital.pt, entre outros \u00d3rg\u00e3os de Comunica\u00e7\u00e3o Social nacionais, na redac\u00e7\u00e3o de v\u00e1rios artigos. Entrevistou a grande maioria das personalidades mais importantes da vida social e cultural do pa\u00eds, destacando-se, tamb\u00e9m, na aprecia\u00e7\u00e3o de v\u00e1rios espect\u00e1culos. Durante o seu percurso, deu a conhecer v\u00e1rios artistas, at\u00e9 ent\u00e3o desconhecidos, ao grande p\u00fablico. Em 2015 criou e fundou o Infocul.pt, projecto no qual assume a direc\u00e7\u00e3o editorial.","sameAs":["http:\/\/www.infocul.pt"]}]}},"_links":{"self":[{"href":"https:\/\/infocul.pt\/arquivo\/wp-json\/wp\/v2\/posts\/65856","targetHints":{"allow":["GET"]}}],"collection":[{"href":"https:\/\/infocul.pt\/arquivo\/wp-json\/wp\/v2\/posts"}],"about":[{"href":"https:\/\/infocul.pt\/arquivo\/wp-json\/wp\/v2\/types\/post"}],"author":[{"embeddable":true,"href":"https:\/\/infocul.pt\/arquivo\/wp-json\/wp\/v2\/users\/2"}],"replies":[{"embeddable":true,"href":"https:\/\/infocul.pt\/arquivo\/wp-json\/wp\/v2\/comments?post=65856"}],"version-history":[{"count":0,"href":"https:\/\/infocul.pt\/arquivo\/wp-json\/wp\/v2\/posts\/65856\/revisions"}],"wp:featuredmedia":[{"embeddable":true,"href":"https:\/\/infocul.pt\/arquivo\/wp-json\/wp\/v2\/media\/66303"}],"wp:attachment":[{"href":"https:\/\/infocul.pt\/arquivo\/wp-json\/wp\/v2\/media?parent=65856"}],"wp:term":[{"taxonomy":"category","embeddable":true,"href":"https:\/\/infocul.pt\/arquivo\/wp-json\/wp\/v2\/categories?post=65856"},{"taxonomy":"post_tag","embeddable":true,"href":"https:\/\/infocul.pt\/arquivo\/wp-json\/wp\/v2\/tags?post=65856"}],"curies":[{"name":"wp","href":"https:\/\/api.w.org\/{rel}","templated":true}]}}