{"id":65878,"date":"2020-02-03T00:00:55","date_gmt":"2020-02-03T00:00:55","guid":{"rendered":"https:\/\/infocul.pt\/?p=65878"},"modified":"2020-01-30T17:28:56","modified_gmt":"2020-01-30T17:28:56","slug":"ines-duarte-nasci-e-cresci-em-setubal-uma-cidade-inspiradora-rodeada-de-coisas-que-nao-prescindo","status":"publish","type":"post","link":"https:\/\/infocul.pt\/arquivo\/cultura\/ines-duarte-nasci-e-cresci-em-setubal-uma-cidade-inspiradora-rodeada-de-coisas-que-nao-prescindo\/","title":{"rendered":"In\u00eas Duarte: &#8220;Nasci e cresci em Set\u00fabal, uma cidade inspiradora rodeada de coisas que n\u00e3o prescindo&#8221;"},"content":{"rendered":"<p><img decoding=\"async\" class=\"aligncenter wp-image-65879 size-full lazyload\" data-src=\"https:\/\/infocul.pt\/arquivo\/wp-content\/uploads\/2020\/01\/In\u00eas-Duarte-Ser.jpg\" alt=\"\" width=\"773\" height=\"768\" data-srcset=\"https:\/\/infocul.pt\/arquivo\/wp-content\/uploads\/2020\/01\/In\u00eas-Duarte-Ser.jpg 773w, https:\/\/infocul.pt\/arquivo\/wp-content\/uploads\/2020\/01\/In\u00eas-Duarte-Ser-150x150.jpg 150w, https:\/\/infocul.pt\/arquivo\/wp-content\/uploads\/2020\/01\/In\u00eas-Duarte-Ser-300x298.jpg 300w, https:\/\/infocul.pt\/arquivo\/wp-content\/uploads\/2020\/01\/In\u00eas-Duarte-Ser-768x763.jpg 768w\" data-sizes=\"(max-width: 773px) 100vw, 773px\" src=\"data:image\/svg+xml;base64,PHN2ZyB3aWR0aD0iMSIgaGVpZ2h0PSIxIiB4bWxucz0iaHR0cDovL3d3dy53My5vcmcvMjAwMC9zdmciPjwvc3ZnPg==\" style=\"--smush-placeholder-width: 773px; --smush-placeholder-aspect-ratio: 773\/768;\" \/><\/p>\n<p><span style=\"font-family: Liberation Serif, serif;\"><span style=\"font-size: medium;\"><span lang=\"pt\">In\u00eas Duarte apresenta \u2018Ser\u2019 como o seu terceiro disco de est\u00fadio e apresenta-lo-\u00e1 a 9 de Fevereiro, pelas 17:00, no F\u00f3ru<\/span><span lang=\"pt\">m<\/span><span lang=\"pt\"> Lu\u00edsa Todi em Set\u00fabal.<\/span><\/span><\/span><!--more--><\/p>\n<p><span style=\"font-family: Liberation Serif, serif;\"><span style=\"font-size: medium;\"><span lang=\"pt\">O disco conta com produ\u00e7\u00e3o de Valter Rolo. O espect\u00e1culo de apresenta\u00e7\u00e3o ter\u00e1 Fernando Tordo e Sandra Correia como convidados. <\/span><\/span><\/span><\/p>\n<p><span style=\"font-family: Liberation Serif, serif;\"><span style=\"font-size: medium;\"><span lang=\"pt\">Antes, In\u00eas Duarte concedeu entrevista ao Infocul.pt sobre o disco, o percurso, a import\u00e2ncia de Set\u00fabal e o que almeja atingir. Nesta entrevista poder\u00e1 ainda ficar a conhecer as grandes refer\u00eancias musicais de In\u00eas Duarte.<\/span><\/span><\/span><\/p>\n<p><span style=\"font-family: Liberation Serif, serif;\"><span style=\"font-size: medium;\"><i><span lang=\"pt\">Quando \u00e9 que come\u00e7ou a pensar neste disco?<\/span><\/i><\/span><\/span><\/p>\n<p><span style=\"font-family: Liberation Serif, serif;\"><span style=\"font-size: medium;\"><i><b><span lang=\"pt\">Este disco come\u00e7ou a ser trabalhado em meados de 2015.<\/span><\/b><\/i><\/span><\/span><\/p>\n<p><span style=\"font-family: Liberation Serif, serif;\"><span style=\"font-size: medium;\"><i><span lang=\"pt\">Intitulou-o de \u2018Ser\u2019. N\u00e3o resisto a uma provoca\u00e7\u00e3o, acha que as pessoas hoje em dia parecem mais do que aquilo que realmente s\u00e3o?<\/span><\/i><\/span><\/span><\/p>\n<p><span style=\"font-family: Liberation Serif, serif;\"><span style=\"font-size: medium;\"><i><b><span lang=\"pt\">N\u00e3o ser\u00e1 de agora, mas (infelizmente) existir\u00e1 sempre algu\u00e9m a sentir-se confort\u00e1vel nesse papel.<\/span><\/b><\/i><\/span><\/span><\/p>\n<p><span style=\"font-family: Liberation Serif, serif;\"><span style=\"font-size: medium;\"><i><span lang=\"pt\">Rodeou-se de um naipe de m\u00fasicos de ineg\u00e1vel valia. Como foi esta escolha? E j\u00e1 agora pe\u00e7o-lhe que nos diga quem a acompanhou em est\u00fadio&#8230;<\/span><\/i><\/span><\/span><\/p>\n<p><span style=\"font-family: Liberation Serif, serif;\"><span style=\"font-size: medium;\"><b><span lang=\"pt\">Foi uma escolha conjunta com o produtor Valter Rolo. Temos m\u00fasicos de grande qualidade em Portugal, a sua arte deve ficar registada nos trabalhos que gravamos. Comigo em est\u00fadio estiveram os m\u00fasicos:<\/span><\/b><\/span><\/span><\/p>\n<p><span style=\"font-family: Liberation Serif, serif;\"><span style=\"font-size: medium;\"><b><span lang=\"pt\">Guitarra Portuguesa- <\/span><span lang=\"pt\">\u00c2<\/span><span lang=\"pt\">ngelo Freire\/Bernardo Couto<\/span><\/b><\/span><\/span><\/p>\n<p><span style=\"font-family: Liberation Serif, serif;\"><span style=\"font-size: medium;\"><b><span lang=\"pt\">Viola- Jo\u00e3o Vitorino\/Diogo Clemente\/Marco Alonso<\/span><\/b><\/span><\/span><\/p>\n<p><span style=\"font-family: Liberation Serif, serif;\"><span style=\"font-size: medium;\"><b><span lang=\"pt\">Contrabaixo- Xico Santos<\/span><\/b><\/span><\/span><\/p>\n<p><span style=\"font-family: Liberation Serif, serif;\"><span style=\"font-size: medium;\"><b><span lang=\"pt\">Piano- Valter Rolo<\/span><\/b><\/span><\/span><\/p>\n<p><span style=\"font-family: Liberation Serif, serif;\"><span style=\"font-size: medium;\"><b><span lang=\"pt\">Bateria\/Percuss\u00e3o \u2013 Alexandre Alves<\/span><\/b><\/span><\/span><\/p>\n<p><span style=\"font-family: Liberation Serif, serif;\"><span style=\"font-size: medium;\"><b><span lang=\"pt\">Acorde\u00e3o- Jo\u00e3o Frade<\/span><\/b><\/span><\/span><\/p>\n<p><span style=\"font-family: Liberation Serif, serif;\"><span style=\"font-size: medium;\"><i><b><span lang=\"pt\">Clarinete- Ricardo Toscano<\/span><\/b><\/i><\/span><\/span><\/p>\n<p>&nbsp;<\/p>\n<p><span style=\"font-family: Liberation Serif, serif;\"><span style=\"font-size: medium;\"><i><span lang=\"pt\">Na escrita dos temas conta com Tiago Torres da Silva, C\u00e1tia Oliveira, entre outros, e recupera um tema de O\u2019Neill. Como foi esta selec\u00e7\u00e3o em termos de repert\u00f3rio e autores?<\/span><\/i><\/span><\/span><\/p>\n<p><span style=\"font-family: Liberation Serif, serif;\"><span style=\"font-size: medium;\"><i><b><span lang=\"pt\">Foi uma selec\u00e7\u00e3o relativamente f\u00e1cil. Em rela\u00e7\u00e3o aos temas originais conhec\u00edamos os autores em quest\u00e3o e fomos directos \u00e0 fonte. Em todos os temas gravados houve imediatamente um interesse enorme quando li os poemas e ouvi as m\u00fasicas. <\/span><\/b><\/i><\/span><\/span><\/p>\n<p><span style=\"font-family: Liberation Serif, serif;\"><span style=\"font-size: medium;\"><i><span lang=\"pt\">Qual a grande marca que Valter Rolo deixa neste disco, enquanto produtor?<\/span><\/i><\/span><\/span><\/p>\n<p><span style=\"font-family: Liberation Serif, serif;\"><span style=\"font-size: medium;\"><i><b><span lang=\"pt\">O Valter Rolo \u00e9 um SER extraordin\u00e1rio, neste disco n\u00e3o s\u00f3 desempenhou a fun\u00e7\u00e3o de produtor como tamb\u00e9m a de amigo e conselheiro. Foi fulcral em todo o processo de recolha da mat\u00e9ria e arranjos. A ele devo este formato final do meu \u201cSER\u201d.<\/span><\/b><\/i><\/span><\/span><\/p>\n<p>&nbsp;<\/p>\n<p><span style=\"font-family: Liberation Serif, serif;\"><span style=\"font-size: medium;\"><i><span lang=\"pt\">Um disco de Fado mas que tem, aqui e ali, influ\u00eancias jazzisticas e do Tango. Como surge esta fus\u00e3o?<\/span><\/i><\/span><\/span><\/p>\n<p><span style=\"font-family: Liberation Serif, serif;\"><span style=\"font-size: medium;\"><i><b><span lang=\"pt\">S\u00e3o fus\u00f5es que surgem das influ\u00eancias musicais a que o mundo nos exp\u00f5e e que n\u00f3s estamos receptivos a fundir com as sonoridades que s\u00e3o nossa refer\u00eancia.<\/span><\/b><\/i><\/span><\/span><\/p>\n<p>&nbsp;<\/p>\n<p><span style=\"font-family: Liberation Serif, serif;\"><span style=\"font-size: medium;\"><i><span lang=\"pt\">Como se define enquanto int\u00e9rprete de Fado?<\/span><\/i><\/span><\/span><\/p>\n<p><span style=\"font-family: Liberation Serif, serif;\"><span style=\"font-size: medium;\"><i><b><span lang=\"pt\">Sou sentimento acima de tudo. Tenho as minhas refer\u00eancias e influ\u00eancias de tudo o que ouvi e vivi at\u00e9 ent\u00e3o. Sinto cada frase que canto.<\/span><\/b><\/i><\/span><\/span><\/p>\n<p><span style=\"font-family: Liberation Serif, serif;\"><span style=\"font-size: medium;\"><i><span lang=\"pt\">Qual a mensagem que tenta transmitir com este disco?<\/span><\/i><\/span><\/span><\/p>\n<p><span style=\"font-family: Liberation Serif, serif;\"><span style=\"font-size: medium;\"><i><b><span lang=\"pt\">Este \u00e9 o meu Fado. A m\u00fasica \u00e9 algo transversal, pode chegar a todos no mesmo formato, mas cada um vai interpret\u00e1-la de modo individual.<\/span><\/b><\/i><\/span><\/span><\/p>\n<p><span style=\"font-family: Liberation Serif, serif;\"><span style=\"font-size: medium;\"><i><span lang=\"pt\">\u00c9 apologista de uma linguagem mais erudita ou popular no Fado?<\/span><\/i><\/span><\/span><\/p>\n<p><span style=\"font-family: Liberation Serif, serif;\"><span style=\"font-size: medium;\"><i><b><span lang=\"pt\">Gosto de ambas, dependendo do contexto, quando a escrita \u00e9 bem estruturada soem bem. <\/span><\/b><\/i><\/span><\/span><\/p>\n<p>&nbsp;<\/p>\n<p>&nbsp;<\/p>\n<p><span style=\"font-family: Liberation Serif, serif;\"><span style=\"font-size: medium;\"><i><span lang=\"pt\">Este \u00e9 o seu terceiro disco. Como descreve o seu percurso, para quem n\u00e3o a conhece?<\/span><\/i><\/span><\/span><\/p>\n<p><span style=\"font-family: Liberation Serif, serif;\"><span style=\"font-size: medium;\"><i><b><span lang=\"pt\">Com 16 anos ap\u00f3s participar em alguns concursos de fado e frequentar as noites de fado em Lisboa gravei o meu primeiro disco \u201cReflexos\u201d, em 1999. Fui, orgulhosa, levando o Fado al\u00e9m-fronteiras. Tive o privil\u00e9gio de trabalhar com o Maestro Jos\u00e9 Marinho no \u201cQuinteto Am\u00e1lia\u201d. \u201cEste Fado\u201d, o meu segundo disco, chega ao p\u00fablico em 2012, entre alguns temas inesperados podem encontrar a \u201cMorna Quente\u201d. 2020 ser\u00e1 o ano em que o meu \u201cSer\u201d se exp\u00f5e e passo a partilhar convosco um trabalho que foi elaborado com calma, amor e tempo. <\/span><\/b><\/i><\/span><\/span><\/p>\n<p>&nbsp;<\/p>\n<p><span style=\"font-family: Liberation Serif, serif;\"><span style=\"font-size: medium;\"><i><span lang=\"pt\">\u00c9 de Set\u00fabal e ser\u00e1 nesta cidade que apresentar\u00e1 o disco. O que pode revelar deste espect\u00e1culo?<\/span><\/i><\/span><\/span><\/p>\n<p><span style=\"font-family: Liberation Serif, serif;\"><span style=\"font-size: medium;\"><i><b><span lang=\"pt\">Ser\u00e1 um espe<\/span><span lang=\"pt\">c<\/span><span lang=\"pt\">t\u00e1culo onde apresento maioritariamente os temas do meu novo disco \u201cSer\u201d, em palco v\u00e3o estar comigo, Pedro Viana ( guitarra portuguesa ), Jo\u00e3o Vitorino ( viola ), Xico Santos ( contrabaixo ), Mix Ensemble ( quarteto de cordas ), Andr\u00e9 Silva ( bateria ) e Valter Rolo ( piano ) com dire<\/span><span lang=\"pt\">c<\/span><span lang=\"pt\">\u00e7\u00e3o musical de Valter <\/span><span lang=\"pt\">R<\/span><span lang=\"pt\">olo.<\/span><\/b><\/i><\/span><\/span><\/p>\n<p>&nbsp;<\/p>\n<p><span style=\"font-family: Liberation Serif, serif;\"><span style=\"font-size: medium;\"><i><span lang=\"pt\">T<\/span><span lang=\"pt\">er\u00e1 convidados?<\/span><\/i><\/span><\/span><\/p>\n<p><span style=\"font-family: Liberation Serif, serif;\"><span style=\"font-size: medium;\"><i><b><span lang=\"pt\">Sim, irei partilhar este momento com duas vozes que muito admiro, os extraordin\u00e1rios Fernando Tordo e Sandra Correia.<\/span><\/b><\/i><\/span><\/span><\/p>\n<p>&nbsp;<\/p>\n<p><span style=\"font-family: Liberation Serif, serif;\"><span style=\"font-size: medium;\"><i><span lang=\"pt\">Ser de Set\u00fabal tem tornado mais dif\u00edcil a divulga\u00e7\u00e3o do seu trabalho, ao inv\u00e9s de se, por exemplo, fosse de Lisboa?<\/span><\/i><\/span><\/span><\/p>\n<p><span style=\"font-family: Liberation Serif, serif;\"><span style=\"font-size: medium;\"><i><b><span lang=\"pt\">N\u00e3o, n\u00e3o sinto que isso me tenha dificultado quanto a oportunidades, afinal, set\u00fabal n\u00e3o \u00e9 assim t\u00e3o distante de Lisboa. Tento procurar das mais diversas formas promover o que fa\u00e7o. A persist\u00eancia e determina\u00e7\u00e3o tornam a nossa localiza\u00e7\u00e3o num alvo.<\/span><\/b><\/i><\/span><\/span><\/p>\n<p><span style=\"font-family: Liberation Serif, serif;\"><span style=\"font-size: medium;\"><i><span lang=\"pt\">Quais as marcas que Set\u00fabal tem em In\u00eas Duarte? Ou se preferir, de que forma esta cidade a moldou?<\/span><\/i><\/span><\/span><\/p>\n<p><span style=\"font-family: Liberation Serif, serif;\"><span style=\"font-size: medium;\"><i><b><span lang=\"pt\">Nasci e cresci em Set\u00fabal, uma cidade inspiradora rodeada de coisas que n\u00e3o prescindo, a serra, o rio, o mar a gastronomia. Set\u00fabal ensinou-me que num pequeno espa\u00e7o podemos amar tudo o que nos rodeia. Sempre me senti acarinhada pelas gentes da minha terra.<\/span><\/b><\/i><\/span><\/span><\/p>\n<p>&nbsp;<\/p>\n<p>&nbsp;<\/p>\n<p><span style=\"font-family: Liberation Serif, serif;\"><span style=\"font-size: medium;\"><i><span lang=\"pt\">Quem \u00e9 In\u00eas Duarte fora dos palcos e o que gosta de fazer?<\/span><\/i><\/span><\/span><\/p>\n<p><span style=\"font-family: Liberation Serif, serif;\"><span style=\"font-size: medium;\"><i><b><span lang=\"pt\">Sou um ser absolutamente comum que gosta de sorrir, partilhar o dia a dia com os que ama, praticar desporto, caminhar pelos trilhos da serra, adoro ouvir m\u00fasica e planear viagens. <\/span><\/b><\/i><\/span><\/span><\/p>\n<p><span style=\"font-family: Liberation Serif, serif;\"><span style=\"font-size: medium;\"><i><span lang=\"pt\">Onde pode o p\u00fablico interagir consigo?<\/span><\/i><\/span><\/span><\/p>\n<p><i><span lang=\"pt\"><b style=\"font-family: 'Liberation Serif', serif; font-size: medium;\">Tento estar o mais presente poss\u00edvel, <\/b><span style=\"font-family: Liberation Serif, serif; font-size: medium;\"><b>actualmente<\/b><\/span><b style=\"font-family: 'Liberation Serif', serif; font-size: medium;\">\u00a0o meio mais <\/b><span style=\"font-family: Liberation Serif, serif; font-size: medium;\"><b>directo<\/b><\/span><b style=\"font-family: 'Liberation Serif', serif; font-size: medium;\"> acaba por ser o das redes sociais onde podem acompanhar o que fa\u00e7o. Para al\u00e9m disso nos mais diversos palcos. <\/b><\/span><\/i><\/p>\n<p><span style=\"font-family: Liberation Serif, serif;\"><span style=\"font-size: medium;\"><i><span lang=\"pt\">Quem s\u00e3o as suas grandes refer\u00eancias na m\u00fasica?<\/span><\/i><\/span><\/span><\/p>\n<p><span style=\"font-family: Liberation Serif, serif;\"><span style=\"font-size: medium;\"><i><b><span lang=\"pt\">Sempre gostei de ouvir muitos e bons com os mais diversos sons, no entanto, sempre tive uma admira\u00e7\u00e3o especial por Am\u00e1lia Rodrigues, Carlos do Carmo e Dulce Pontes. <\/span><\/b><\/i><\/span><\/span><\/p>\n<p><span style=\"font-family: Liberation Serif, serif;\"><span style=\"font-size: medium;\"><i><span lang=\"pt\">Qual a mensagem que deixa aos nossos leitores?<\/span><\/i><\/span><\/span><\/p>\n<p><span style=\"font-family: Liberation Serif, serif;\"><span style=\"font-size: medium;\"><i><b><span lang=\"pt\">Bem hajam! Que o meu \u201cSer\u201d chegue at\u00e9 v\u00f3s e seja acarinhado com a mesma dose de amor com que foi projectado. <\/span><span lang=\"pt\">U<\/span><span lang=\"pt\">m grande beijinho.<\/span><\/b><\/i><\/span><\/span><\/p>\n","protected":false},"excerpt":{"rendered":"<p>In\u00eas Duarte apresenta \u2018Ser\u2019 como o seu terceiro disco de est\u00fadio e apresenta-lo-\u00e1 a 9 de Fevereiro, pelas 17:00, no F\u00f3rum Lu\u00edsa Todi em Set\u00fabal.<\/p>\n","protected":false},"author":2,"featured_media":65879,"comment_status":"open","ping_status":"closed","sticky":false,"template":"","format":"standard","meta":{"footnotes":""},"categories":[3,2,36,4124],"tags":[42,8759,441],"class_list":["post-65878","post","type-post","status-publish","format-standard","has-post-thumbnail","hentry","category-concertos","category-cultura","category-destaque","category-entrevistas","tag-fado","tag-ines-duarte","tag-setubal"],"yoast_head":"<!-- This site is optimized with the Yoast SEO plugin v27.4 - https:\/\/yoast.com\/product\/yoast-seo-wordpress\/ -->\n<title>In\u00eas Duarte: &quot;Nasci e cresci em Set\u00fabal, uma cidade inspiradora rodeada de coisas que n\u00e3o prescindo&quot; | Infocul.pt - Arquivo Digital<\/title>\n<meta name=\"description\" content=\"In\u00eas Duarte: &quot;Nasci e cresci em Set\u00fabal, uma cidade inspiradora rodeada de coisas que n\u00e3o prescindo&quot; | Infocul.pt - Arquivo Digital\" \/>\n<meta name=\"robots\" content=\"noindex, follow, max-snippet:-1, max-image-preview:large, max-video-preview:-1\" \/>\n<meta property=\"og:locale\" content=\"pt_PT\" \/>\n<meta property=\"og:type\" content=\"article\" \/>\n<meta property=\"og:title\" content=\"In\u00eas Duarte: &quot;Nasci e cresci em Set\u00fabal, uma cidade inspiradora rodeada de coisas que n\u00e3o prescindo&quot; | Infocul.pt - Arquivo Digital\" \/>\n<meta property=\"og:description\" content=\"In\u00eas Duarte: &quot;Nasci e cresci em Set\u00fabal, uma cidade inspiradora rodeada de coisas que n\u00e3o prescindo&quot; | Infocul.pt - Arquivo Digital\" \/>\n<meta property=\"og:url\" content=\"https:\/\/infocul.pt\/arquivo\/cultura\/ines-duarte-nasci-e-cresci-em-setubal-uma-cidade-inspiradora-rodeada-de-coisas-que-nao-prescindo\/\" \/>\n<meta property=\"og:site_name\" content=\"Infocul.pt - Arquivo Digital\" \/>\n<meta property=\"article:publisher\" content=\"https:\/\/www.facebook.com\/Infocul-147816815585015\/\" \/>\n<meta property=\"article:published_time\" content=\"2020-02-03T00:00:55+00:00\" \/>\n<meta property=\"og:image\" content=\"https:\/\/infocul.pt\/arquivo\/wp-content\/uploads\/2020\/01\/In\u00eas-Duarte-Ser.jpg\" \/>\n\t<meta property=\"og:image:width\" content=\"773\" \/>\n\t<meta property=\"og:image:height\" content=\"768\" \/>\n\t<meta property=\"og:image:type\" content=\"image\/jpeg\" \/>\n<meta name=\"author\" content=\"Rui Lavrador\" \/>\n<meta name=\"twitter:card\" content=\"summary_large_image\" \/>\n<meta name=\"twitter:creator\" content=\"@Infoculpt\" \/>\n<meta name=\"twitter:site\" content=\"@Infoculpt\" \/>\n<meta name=\"twitter:label1\" content=\"Escrito por\" \/>\n\t<meta name=\"twitter:data1\" content=\"Rui Lavrador\" \/>\n\t<meta name=\"twitter:label2\" content=\"Tempo estimado de leitura\" \/>\n\t<meta name=\"twitter:data2\" content=\"5 minutos\" \/>\n<script type=\"application\/ld+json\" class=\"yoast-schema-graph\">{\"@context\":\"https:\\\/\\\/schema.org\",\"@graph\":[{\"@type\":\"Article\",\"@id\":\"https:\\\/\\\/infocul.pt\\\/arquivo\\\/cultura\\\/ines-duarte-nasci-e-cresci-em-setubal-uma-cidade-inspiradora-rodeada-de-coisas-que-nao-prescindo\\\/#article\",\"isPartOf\":{\"@id\":\"https:\\\/\\\/infocul.pt\\\/arquivo\\\/cultura\\\/ines-duarte-nasci-e-cresci-em-setubal-uma-cidade-inspiradora-rodeada-de-coisas-que-nao-prescindo\\\/\"},\"author\":{\"name\":\"Rui Lavrador\",\"@id\":\"https:\\\/\\\/infocul.pt\\\/arquivo\\\/#\\\/schema\\\/person\\\/060a108d7f2d85fc6aae505119ee5234\"},\"headline\":\"In\u00eas Duarte: &#8220;Nasci e cresci em Set\u00fabal, uma cidade inspiradora rodeada de coisas que n\u00e3o prescindo&#8221;\",\"datePublished\":\"2020-02-03T00:00:55+00:00\",\"mainEntityOfPage\":{\"@id\":\"https:\\\/\\\/infocul.pt\\\/arquivo\\\/cultura\\\/ines-duarte-nasci-e-cresci-em-setubal-uma-cidade-inspiradora-rodeada-de-coisas-que-nao-prescindo\\\/\"},\"wordCount\":1072,\"commentCount\":0,\"publisher\":{\"@id\":\"https:\\\/\\\/infocul.pt\\\/arquivo\\\/#organization\"},\"image\":{\"@id\":\"https:\\\/\\\/infocul.pt\\\/arquivo\\\/cultura\\\/ines-duarte-nasci-e-cresci-em-setubal-uma-cidade-inspiradora-rodeada-de-coisas-que-nao-prescindo\\\/#primaryimage\"},\"thumbnailUrl\":\"https:\\\/\\\/infocul.pt\\\/arquivo\\\/wp-content\\\/uploads\\\/2020\\\/01\\\/In\u00eas-Duarte-Ser.jpg\",\"keywords\":[\"Fado\",\"In\u00eas Duarte\",\"Set\u00fabal\"],\"articleSection\":[\"Concertos\",\"Cultura\",\"Destaque\",\"Entrevistas\"],\"inLanguage\":\"pt-PT\"},{\"@type\":\"WebPage\",\"@id\":\"https:\\\/\\\/infocul.pt\\\/arquivo\\\/cultura\\\/ines-duarte-nasci-e-cresci-em-setubal-uma-cidade-inspiradora-rodeada-de-coisas-que-nao-prescindo\\\/\",\"url\":\"https:\\\/\\\/infocul.pt\\\/arquivo\\\/cultura\\\/ines-duarte-nasci-e-cresci-em-setubal-uma-cidade-inspiradora-rodeada-de-coisas-que-nao-prescindo\\\/\",\"name\":\"In\u00eas Duarte: \\\"Nasci e cresci em Set\u00fabal, uma cidade inspiradora rodeada de coisas que n\u00e3o prescindo\\\" | Infocul.pt - Arquivo Digital\",\"isPartOf\":{\"@id\":\"https:\\\/\\\/infocul.pt\\\/arquivo\\\/#website\"},\"primaryImageOfPage\":{\"@id\":\"https:\\\/\\\/infocul.pt\\\/arquivo\\\/cultura\\\/ines-duarte-nasci-e-cresci-em-setubal-uma-cidade-inspiradora-rodeada-de-coisas-que-nao-prescindo\\\/#primaryimage\"},\"image\":{\"@id\":\"https:\\\/\\\/infocul.pt\\\/arquivo\\\/cultura\\\/ines-duarte-nasci-e-cresci-em-setubal-uma-cidade-inspiradora-rodeada-de-coisas-que-nao-prescindo\\\/#primaryimage\"},\"thumbnailUrl\":\"https:\\\/\\\/infocul.pt\\\/arquivo\\\/wp-content\\\/uploads\\\/2020\\\/01\\\/In\u00eas-Duarte-Ser.jpg\",\"datePublished\":\"2020-02-03T00:00:55+00:00\",\"description\":\"In\u00eas Duarte: \\\"Nasci e cresci em Set\u00fabal, uma cidade inspiradora rodeada de coisas que n\u00e3o prescindo\\\" | Infocul.pt - Arquivo Digital\",\"breadcrumb\":{\"@id\":\"https:\\\/\\\/infocul.pt\\\/arquivo\\\/cultura\\\/ines-duarte-nasci-e-cresci-em-setubal-uma-cidade-inspiradora-rodeada-de-coisas-que-nao-prescindo\\\/#breadcrumb\"},\"inLanguage\":\"pt-PT\",\"potentialAction\":[{\"@type\":\"ReadAction\",\"target\":[\"https:\\\/\\\/infocul.pt\\\/arquivo\\\/cultura\\\/ines-duarte-nasci-e-cresci-em-setubal-uma-cidade-inspiradora-rodeada-de-coisas-que-nao-prescindo\\\/\"]}]},{\"@type\":\"ImageObject\",\"inLanguage\":\"pt-PT\",\"@id\":\"https:\\\/\\\/infocul.pt\\\/arquivo\\\/cultura\\\/ines-duarte-nasci-e-cresci-em-setubal-uma-cidade-inspiradora-rodeada-de-coisas-que-nao-prescindo\\\/#primaryimage\",\"url\":\"https:\\\/\\\/infocul.pt\\\/arquivo\\\/wp-content\\\/uploads\\\/2020\\\/01\\\/In\u00eas-Duarte-Ser.jpg\",\"contentUrl\":\"https:\\\/\\\/infocul.pt\\\/arquivo\\\/wp-content\\\/uploads\\\/2020\\\/01\\\/In\u00eas-Duarte-Ser.jpg\",\"width\":773,\"height\":768},{\"@type\":\"BreadcrumbList\",\"@id\":\"https:\\\/\\\/infocul.pt\\\/arquivo\\\/cultura\\\/ines-duarte-nasci-e-cresci-em-setubal-uma-cidade-inspiradora-rodeada-de-coisas-que-nao-prescindo\\\/#breadcrumb\",\"itemListElement\":[{\"@type\":\"ListItem\",\"position\":1,\"name\":\"Home\",\"item\":\"https:\\\/\\\/infocul.pt\\\/arquivo\\\/\"},{\"@type\":\"ListItem\",\"position\":2,\"name\":\"In\u00eas Duarte: &#8220;Nasci e cresci em Set\u00fabal, uma cidade inspiradora rodeada de coisas que n\u00e3o prescindo&#8221;\"}]},{\"@type\":\"WebSite\",\"@id\":\"https:\\\/\\\/infocul.pt\\\/arquivo\\\/#website\",\"url\":\"https:\\\/\\\/infocul.pt\\\/arquivo\\\/\",\"name\":\"Infocul.pt - Arquivo Digital\",\"description\":\"Arquivo digital da Infocul.pt\",\"publisher\":{\"@id\":\"https:\\\/\\\/infocul.pt\\\/arquivo\\\/#organization\"},\"potentialAction\":[{\"@type\":\"SearchAction\",\"target\":{\"@type\":\"EntryPoint\",\"urlTemplate\":\"https:\\\/\\\/infocul.pt\\\/arquivo\\\/?s={search_term_string}\"},\"query-input\":{\"@type\":\"PropertyValueSpecification\",\"valueRequired\":true,\"valueName\":\"search_term_string\"}}],\"inLanguage\":\"pt-PT\"},{\"@type\":\"Organization\",\"@id\":\"https:\\\/\\\/infocul.pt\\\/arquivo\\\/#organization\",\"name\":\"Infocul.pt\",\"url\":\"https:\\\/\\\/infocul.pt\\\/arquivo\\\/\",\"logo\":{\"@type\":\"ImageObject\",\"inLanguage\":\"pt-PT\",\"@id\":\"https:\\\/\\\/infocul.pt\\\/arquivo\\\/#\\\/schema\\\/logo\\\/image\\\/\",\"url\":\"https:\\\/\\\/infocul.pt\\\/arquivo\\\/wp-content\\\/uploads\\\/2018\\\/12\\\/Infocul_logo-1.png\",\"contentUrl\":\"https:\\\/\\\/infocul.pt\\\/arquivo\\\/wp-content\\\/uploads\\\/2018\\\/12\\\/Infocul_logo-1.png\",\"width\":800,\"height\":800,\"caption\":\"Infocul.pt\"},\"image\":{\"@id\":\"https:\\\/\\\/infocul.pt\\\/arquivo\\\/#\\\/schema\\\/logo\\\/image\\\/\"},\"sameAs\":[\"https:\\\/\\\/www.facebook.com\\\/Infocul-147816815585015\\\/\",\"https:\\\/\\\/x.com\\\/Infoculpt\",\"http:\\\/\\\/www.pictaram.com\\\/user\\\/infocul.pt\\\/2370423710\",\"https:\\\/\\\/www.youtube.com\\\/channel\\\/UCYEB91AGI9FL9ek2i_IaQAA\"]},{\"@type\":\"Person\",\"@id\":\"https:\\\/\\\/infocul.pt\\\/arquivo\\\/#\\\/schema\\\/person\\\/060a108d7f2d85fc6aae505119ee5234\",\"name\":\"Rui Lavrador\",\"image\":{\"@type\":\"ImageObject\",\"inLanguage\":\"pt-PT\",\"@id\":\"https:\\\/\\\/secure.gravatar.com\\\/avatar\\\/93febd6873394aa8e975148548a0cb203acfdd42d2c85c5f1408e1a76678aece?s=96&d=mm&r=g\",\"url\":\"https:\\\/\\\/secure.gravatar.com\\\/avatar\\\/93febd6873394aa8e975148548a0cb203acfdd42d2c85c5f1408e1a76678aece?s=96&d=mm&r=g\",\"contentUrl\":\"https:\\\/\\\/secure.gravatar.com\\\/avatar\\\/93febd6873394aa8e975148548a0cb203acfdd42d2c85c5f1408e1a76678aece?s=96&d=mm&r=g\",\"caption\":\"Rui Lavrador\"},\"description\":\"Iniciou em 2011 o seu percurso em comunica\u00e7\u00e3o social, tendo integrado v\u00e1rios projectos editoriais. Durante o seu percurso integrou projectos como Jornal Hardm\u00fasica, LusoNot\u00edcias, Toureio.pt, ODigital.pt, entre outros \u00d3rg\u00e3os de Comunica\u00e7\u00e3o Social nacionais, na redac\u00e7\u00e3o de v\u00e1rios artigos. Entrevistou a grande maioria das personalidades mais importantes da vida social e cultural do pa\u00eds, destacando-se, tamb\u00e9m, na aprecia\u00e7\u00e3o de v\u00e1rios espect\u00e1culos. Durante o seu percurso, deu a conhecer v\u00e1rios artistas, at\u00e9 ent\u00e3o desconhecidos, ao grande p\u00fablico. Em 2015 criou e fundou o Infocul.pt, projecto no qual assume a direc\u00e7\u00e3o editorial.\",\"sameAs\":[\"http:\\\/\\\/www.infocul.pt\"]}]}<\/script>\n<!-- \/ Yoast SEO plugin. -->","yoast_head_json":{"title":"In\u00eas Duarte: \"Nasci e cresci em Set\u00fabal, uma cidade inspiradora rodeada de coisas que n\u00e3o prescindo\" | Infocul.pt - Arquivo Digital","description":"In\u00eas Duarte: \"Nasci e cresci em Set\u00fabal, uma cidade inspiradora rodeada de coisas que n\u00e3o prescindo\" | Infocul.pt - Arquivo Digital","robots":{"index":"noindex","follow":"follow","max-snippet":"max-snippet:-1","max-image-preview":"max-image-preview:large","max-video-preview":"max-video-preview:-1"},"og_locale":"pt_PT","og_type":"article","og_title":"In\u00eas Duarte: \"Nasci e cresci em Set\u00fabal, uma cidade inspiradora rodeada de coisas que n\u00e3o prescindo\" | Infocul.pt - Arquivo Digital","og_description":"In\u00eas Duarte: \"Nasci e cresci em Set\u00fabal, uma cidade inspiradora rodeada de coisas que n\u00e3o prescindo\" | Infocul.pt - Arquivo Digital","og_url":"https:\/\/infocul.pt\/arquivo\/cultura\/ines-duarte-nasci-e-cresci-em-setubal-uma-cidade-inspiradora-rodeada-de-coisas-que-nao-prescindo\/","og_site_name":"Infocul.pt - Arquivo Digital","article_publisher":"https:\/\/www.facebook.com\/Infocul-147816815585015\/","article_published_time":"2020-02-03T00:00:55+00:00","og_image":[{"width":773,"height":768,"url":"https:\/\/infocul.pt\/arquivo\/wp-content\/uploads\/2020\/01\/In\u00eas-Duarte-Ser.jpg","type":"image\/jpeg"}],"author":"Rui Lavrador","twitter_card":"summary_large_image","twitter_creator":"@Infoculpt","twitter_site":"@Infoculpt","twitter_misc":{"Escrito por":"Rui Lavrador","Tempo estimado de leitura":"5 minutos"},"schema":{"@context":"https:\/\/schema.org","@graph":[{"@type":"Article","@id":"https:\/\/infocul.pt\/arquivo\/cultura\/ines-duarte-nasci-e-cresci-em-setubal-uma-cidade-inspiradora-rodeada-de-coisas-que-nao-prescindo\/#article","isPartOf":{"@id":"https:\/\/infocul.pt\/arquivo\/cultura\/ines-duarte-nasci-e-cresci-em-setubal-uma-cidade-inspiradora-rodeada-de-coisas-que-nao-prescindo\/"},"author":{"name":"Rui Lavrador","@id":"https:\/\/infocul.pt\/arquivo\/#\/schema\/person\/060a108d7f2d85fc6aae505119ee5234"},"headline":"In\u00eas Duarte: &#8220;Nasci e cresci em Set\u00fabal, uma cidade inspiradora rodeada de coisas que n\u00e3o prescindo&#8221;","datePublished":"2020-02-03T00:00:55+00:00","mainEntityOfPage":{"@id":"https:\/\/infocul.pt\/arquivo\/cultura\/ines-duarte-nasci-e-cresci-em-setubal-uma-cidade-inspiradora-rodeada-de-coisas-que-nao-prescindo\/"},"wordCount":1072,"commentCount":0,"publisher":{"@id":"https:\/\/infocul.pt\/arquivo\/#organization"},"image":{"@id":"https:\/\/infocul.pt\/arquivo\/cultura\/ines-duarte-nasci-e-cresci-em-setubal-uma-cidade-inspiradora-rodeada-de-coisas-que-nao-prescindo\/#primaryimage"},"thumbnailUrl":"https:\/\/infocul.pt\/arquivo\/wp-content\/uploads\/2020\/01\/In\u00eas-Duarte-Ser.jpg","keywords":["Fado","In\u00eas Duarte","Set\u00fabal"],"articleSection":["Concertos","Cultura","Destaque","Entrevistas"],"inLanguage":"pt-PT"},{"@type":"WebPage","@id":"https:\/\/infocul.pt\/arquivo\/cultura\/ines-duarte-nasci-e-cresci-em-setubal-uma-cidade-inspiradora-rodeada-de-coisas-que-nao-prescindo\/","url":"https:\/\/infocul.pt\/arquivo\/cultura\/ines-duarte-nasci-e-cresci-em-setubal-uma-cidade-inspiradora-rodeada-de-coisas-que-nao-prescindo\/","name":"In\u00eas Duarte: \"Nasci e cresci em Set\u00fabal, uma cidade inspiradora rodeada de coisas que n\u00e3o prescindo\" | Infocul.pt - Arquivo Digital","isPartOf":{"@id":"https:\/\/infocul.pt\/arquivo\/#website"},"primaryImageOfPage":{"@id":"https:\/\/infocul.pt\/arquivo\/cultura\/ines-duarte-nasci-e-cresci-em-setubal-uma-cidade-inspiradora-rodeada-de-coisas-que-nao-prescindo\/#primaryimage"},"image":{"@id":"https:\/\/infocul.pt\/arquivo\/cultura\/ines-duarte-nasci-e-cresci-em-setubal-uma-cidade-inspiradora-rodeada-de-coisas-que-nao-prescindo\/#primaryimage"},"thumbnailUrl":"https:\/\/infocul.pt\/arquivo\/wp-content\/uploads\/2020\/01\/In\u00eas-Duarte-Ser.jpg","datePublished":"2020-02-03T00:00:55+00:00","description":"In\u00eas Duarte: \"Nasci e cresci em Set\u00fabal, uma cidade inspiradora rodeada de coisas que n\u00e3o prescindo\" | Infocul.pt - Arquivo Digital","breadcrumb":{"@id":"https:\/\/infocul.pt\/arquivo\/cultura\/ines-duarte-nasci-e-cresci-em-setubal-uma-cidade-inspiradora-rodeada-de-coisas-que-nao-prescindo\/#breadcrumb"},"inLanguage":"pt-PT","potentialAction":[{"@type":"ReadAction","target":["https:\/\/infocul.pt\/arquivo\/cultura\/ines-duarte-nasci-e-cresci-em-setubal-uma-cidade-inspiradora-rodeada-de-coisas-que-nao-prescindo\/"]}]},{"@type":"ImageObject","inLanguage":"pt-PT","@id":"https:\/\/infocul.pt\/arquivo\/cultura\/ines-duarte-nasci-e-cresci-em-setubal-uma-cidade-inspiradora-rodeada-de-coisas-que-nao-prescindo\/#primaryimage","url":"https:\/\/infocul.pt\/arquivo\/wp-content\/uploads\/2020\/01\/In\u00eas-Duarte-Ser.jpg","contentUrl":"https:\/\/infocul.pt\/arquivo\/wp-content\/uploads\/2020\/01\/In\u00eas-Duarte-Ser.jpg","width":773,"height":768},{"@type":"BreadcrumbList","@id":"https:\/\/infocul.pt\/arquivo\/cultura\/ines-duarte-nasci-e-cresci-em-setubal-uma-cidade-inspiradora-rodeada-de-coisas-que-nao-prescindo\/#breadcrumb","itemListElement":[{"@type":"ListItem","position":1,"name":"Home","item":"https:\/\/infocul.pt\/arquivo\/"},{"@type":"ListItem","position":2,"name":"In\u00eas Duarte: &#8220;Nasci e cresci em Set\u00fabal, uma cidade inspiradora rodeada de coisas que n\u00e3o prescindo&#8221;"}]},{"@type":"WebSite","@id":"https:\/\/infocul.pt\/arquivo\/#website","url":"https:\/\/infocul.pt\/arquivo\/","name":"Infocul.pt - Arquivo Digital","description":"Arquivo digital da Infocul.pt","publisher":{"@id":"https:\/\/infocul.pt\/arquivo\/#organization"},"potentialAction":[{"@type":"SearchAction","target":{"@type":"EntryPoint","urlTemplate":"https:\/\/infocul.pt\/arquivo\/?s={search_term_string}"},"query-input":{"@type":"PropertyValueSpecification","valueRequired":true,"valueName":"search_term_string"}}],"inLanguage":"pt-PT"},{"@type":"Organization","@id":"https:\/\/infocul.pt\/arquivo\/#organization","name":"Infocul.pt","url":"https:\/\/infocul.pt\/arquivo\/","logo":{"@type":"ImageObject","inLanguage":"pt-PT","@id":"https:\/\/infocul.pt\/arquivo\/#\/schema\/logo\/image\/","url":"https:\/\/infocul.pt\/arquivo\/wp-content\/uploads\/2018\/12\/Infocul_logo-1.png","contentUrl":"https:\/\/infocul.pt\/arquivo\/wp-content\/uploads\/2018\/12\/Infocul_logo-1.png","width":800,"height":800,"caption":"Infocul.pt"},"image":{"@id":"https:\/\/infocul.pt\/arquivo\/#\/schema\/logo\/image\/"},"sameAs":["https:\/\/www.facebook.com\/Infocul-147816815585015\/","https:\/\/x.com\/Infoculpt","http:\/\/www.pictaram.com\/user\/infocul.pt\/2370423710","https:\/\/www.youtube.com\/channel\/UCYEB91AGI9FL9ek2i_IaQAA"]},{"@type":"Person","@id":"https:\/\/infocul.pt\/arquivo\/#\/schema\/person\/060a108d7f2d85fc6aae505119ee5234","name":"Rui Lavrador","image":{"@type":"ImageObject","inLanguage":"pt-PT","@id":"https:\/\/secure.gravatar.com\/avatar\/93febd6873394aa8e975148548a0cb203acfdd42d2c85c5f1408e1a76678aece?s=96&d=mm&r=g","url":"https:\/\/secure.gravatar.com\/avatar\/93febd6873394aa8e975148548a0cb203acfdd42d2c85c5f1408e1a76678aece?s=96&d=mm&r=g","contentUrl":"https:\/\/secure.gravatar.com\/avatar\/93febd6873394aa8e975148548a0cb203acfdd42d2c85c5f1408e1a76678aece?s=96&d=mm&r=g","caption":"Rui Lavrador"},"description":"Iniciou em 2011 o seu percurso em comunica\u00e7\u00e3o social, tendo integrado v\u00e1rios projectos editoriais. Durante o seu percurso integrou projectos como Jornal Hardm\u00fasica, LusoNot\u00edcias, Toureio.pt, ODigital.pt, entre outros \u00d3rg\u00e3os de Comunica\u00e7\u00e3o Social nacionais, na redac\u00e7\u00e3o de v\u00e1rios artigos. Entrevistou a grande maioria das personalidades mais importantes da vida social e cultural do pa\u00eds, destacando-se, tamb\u00e9m, na aprecia\u00e7\u00e3o de v\u00e1rios espect\u00e1culos. Durante o seu percurso, deu a conhecer v\u00e1rios artistas, at\u00e9 ent\u00e3o desconhecidos, ao grande p\u00fablico. Em 2015 criou e fundou o Infocul.pt, projecto no qual assume a direc\u00e7\u00e3o editorial.","sameAs":["http:\/\/www.infocul.pt"]}]}},"_links":{"self":[{"href":"https:\/\/infocul.pt\/arquivo\/wp-json\/wp\/v2\/posts\/65878","targetHints":{"allow":["GET"]}}],"collection":[{"href":"https:\/\/infocul.pt\/arquivo\/wp-json\/wp\/v2\/posts"}],"about":[{"href":"https:\/\/infocul.pt\/arquivo\/wp-json\/wp\/v2\/types\/post"}],"author":[{"embeddable":true,"href":"https:\/\/infocul.pt\/arquivo\/wp-json\/wp\/v2\/users\/2"}],"replies":[{"embeddable":true,"href":"https:\/\/infocul.pt\/arquivo\/wp-json\/wp\/v2\/comments?post=65878"}],"version-history":[{"count":0,"href":"https:\/\/infocul.pt\/arquivo\/wp-json\/wp\/v2\/posts\/65878\/revisions"}],"wp:featuredmedia":[{"embeddable":true,"href":"https:\/\/infocul.pt\/arquivo\/wp-json\/wp\/v2\/media\/65879"}],"wp:attachment":[{"href":"https:\/\/infocul.pt\/arquivo\/wp-json\/wp\/v2\/media?parent=65878"}],"wp:term":[{"taxonomy":"category","embeddable":true,"href":"https:\/\/infocul.pt\/arquivo\/wp-json\/wp\/v2\/categories?post=65878"},{"taxonomy":"post_tag","embeddable":true,"href":"https:\/\/infocul.pt\/arquivo\/wp-json\/wp\/v2\/tags?post=65878"}],"curies":[{"name":"wp","href":"https:\/\/api.w.org\/{rel}","templated":true}]}}