{"id":66019,"date":"2020-02-03T11:38:48","date_gmt":"2020-02-03T11:38:48","guid":{"rendered":"https:\/\/infocul.pt\/?p=66019"},"modified":"2020-02-03T11:38:48","modified_gmt":"2020-02-03T11:38:48","slug":"touros-de-morte-em-barrancos-uma-tradicao-ancestral-da-cultura-de-um-povo-rural","status":"publish","type":"post","link":"https:\/\/infocul.pt\/arquivo\/cultura\/touros-de-morte-em-barrancos-uma-tradicao-ancestral-da-cultura-de-um-povo-rural\/","title":{"rendered":"Touros de Morte em Barrancos: &#8220;Uma tradi\u00e7\u00e3o ancestral, da cultura de um povo rural&#8221;"},"content":{"rendered":"<p><img decoding=\"async\" class=\"aligncenter wp-image-66020 size-large lazyload\" data-src=\"https:\/\/infocul.pt\/arquivo\/wp-content\/uploads\/2020\/02\/maxresdefault-3-1024x576.jpg\" alt=\"\" width=\"800\" height=\"450\" data-srcset=\"https:\/\/infocul.pt\/arquivo\/wp-content\/uploads\/2020\/02\/maxresdefault-3-1024x576.jpg 1024w, https:\/\/infocul.pt\/arquivo\/wp-content\/uploads\/2020\/02\/maxresdefault-3-300x169.jpg 300w, https:\/\/infocul.pt\/arquivo\/wp-content\/uploads\/2020\/02\/maxresdefault-3-768x432.jpg 768w, https:\/\/infocul.pt\/arquivo\/wp-content\/uploads\/2020\/02\/maxresdefault-3.jpg 1280w\" data-sizes=\"(max-width: 800px) 100vw, 800px\" src=\"data:image\/svg+xml;base64,PHN2ZyB3aWR0aD0iMSIgaGVpZ2h0PSIxIiB4bWxucz0iaHR0cDovL3d3dy53My5vcmcvMjAwMC9zdmciPjwvc3ZnPg==\" style=\"--smush-placeholder-width: 800px; --smush-placeholder-aspect-ratio: 800\/450;\" \/><\/p>\n<p><span style=\"font-family: Liberation Serif, serif;\"><span style=\"font-size: medium;\">No pr\u00f3ximo dia 6 de Fevereiro haver\u00e1 lugar \u00e0 vota\u00e7\u00e3o global do or\u00e7amento de estado, sendo uma as propostas o aumento do IVA das Touradas de 6 para 23%. <\/span><\/span><!--more--><\/p>\n<p><span style=\"font-family: Liberation Serif, serif;\"><span style=\"font-size: medium;\">Em Portugal, n\u00e3o s\u00e3o permitidos touros de morte (a morte do touro no final das lides na arena), excepto em Barrancos.<\/span><\/span><\/p>\n<p><span style=\"font-family: Liberation Serif, serif;\"><span style=\"font-size: medium;\"><a href=\"https:\/\/infocul.pt\/arquivo\/cultura\/barrancos-terras-sem-sombra-e-oportunidade-de-as-populacoes-locais-poderem-usufruir-de-outro-tipo-de-musica\/\">\u00c0 parte do Festival Terras sem Sombra<\/a>, que ali esteve este fim-de-semana, question\u00e1mos o presidente a C\u00e2mara de Barrancos, Jo\u00e3o Ant\u00f3nio Serranito Nunes, se existir\u00e1 possibilidade de no futuro a lei de excep\u00e7\u00e3o atribu\u00edda a Barrancos ser revertida.<\/span><\/span><\/p>\n<p><span style=\"font-family: Liberation Serif, serif;\"><span style=\"font-size: medium;\">O autarca come\u00e7ou por lembrar que \u201c<i><b>c<\/b><\/i><i><b>ada vez mais as preocupa\u00e7\u00f5es, e isso \u00e9 reflectido no Parlamento com a elei\u00e7\u00e3o de deputados que t\u00eam vis\u00f5es novas e, que <\/b><\/i><i><b>d<\/b><\/i><i><b>e algum modo reflectem o que \u00e9 o sentir de muita gente nomeadaamente urbana que olha para estas tradi\u00e7\u00f5es rurais de forma sobranceira<\/b><\/i>\u201d. <\/span><\/span><\/p>\n<p><span style=\"font-family: Liberation Serif, serif;\"><span style=\"font-size: medium;\">Contudo, \u201c<i><b>e<\/b><\/i><i><b>u sinceramente lhe digo que isso n\u00e3o faz nenhum sentido que, em menos de 20 anos, esse mesmo estado que fez esta altera\u00e7\u00e3o \u00e0 legisla\u00e7\u00e3o na lei portuguesa e que permite aqui a morte dos touros de forma legal, agora venha alterar. Estamos a falar de uma tradi\u00e7\u00e3o ancestral, da cultura de um povo rural, estamos a falar de uma vida que sempre se viveu assim, que desenvolveu e formou a identidade desta comunidade<\/b><\/i>\u201d. <\/span><\/span><\/p>\n<p><span style=\"font-family: Liberation Serif, serif;\"><span style=\"font-size: medium;\">Acrescenta que \u201c<i><b>s<\/b><\/i><i><b>e isso acontecesse seria bastante mau. Iria dar bastante luta, pode ter a certeza, porque localmente ningu\u00e9m est\u00e1 interessado em que isso possa vir a acontecer. Mas parece-me que \u00e9 o que n\u00e3o se deve fazer nestes territ\u00f3rios de baixa densidade e que tantos problemas t\u00eam pelo seu isolamento geogr\u00e1fico. A sociedade sentiria esse facto como retirar-lhes algo da sua alma, ao inv\u00e9s de virem aqui trazer apoios e formas de poder ajudar a que se fiem aqui pessoas e tenham uma vida normal<\/b><\/i>\u201d.<\/span><\/span><\/p>\n","protected":false},"excerpt":{"rendered":"<p>No pr\u00f3ximo dia 6 de Fevereiro haver\u00e1 lugar \u00e0 vota\u00e7\u00e3o global do or\u00e7amento de estado, sendo uma as propostas o aumento do IVA das Touradas de 6 para 23%.<\/p>\n","protected":false},"author":2,"featured_media":66020,"comment_status":"open","ping_status":"closed","sticky":false,"template":"","format":"standard","meta":{"footnotes":""},"categories":[2,7],"tags":[4639],"class_list":["post-66019","post","type-post","status-publish","format-standard","has-post-thumbnail","hentry","category-cultura","category-tauromaquia","tag-barrancos"],"yoast_head":"<!-- This site is optimized with the Yoast SEO plugin v27.4 - https:\/\/yoast.com\/product\/yoast-seo-wordpress\/ -->\n<title>Touros de Morte em Barrancos: &quot;Uma tradi\u00e7\u00e3o ancestral, da cultura de um povo rural&quot; | Infocul.pt - Arquivo Digital<\/title>\n<meta name=\"description\" content=\"Touros de Morte em Barrancos: &quot;Uma tradi\u00e7\u00e3o ancestral, da cultura de um povo rural&quot; | Infocul.pt - Arquivo Digital\" \/>\n<meta name=\"robots\" content=\"noindex, follow, max-snippet:-1, max-image-preview:large, max-video-preview:-1\" \/>\n<meta property=\"og:locale\" content=\"pt_PT\" \/>\n<meta property=\"og:type\" content=\"article\" \/>\n<meta property=\"og:title\" content=\"Touros de Morte em Barrancos: &quot;Uma tradi\u00e7\u00e3o ancestral, da cultura de um povo rural&quot; | Infocul.pt - Arquivo Digital\" \/>\n<meta property=\"og:description\" content=\"Touros de Morte em Barrancos: &quot;Uma tradi\u00e7\u00e3o ancestral, da cultura de um povo rural&quot; | Infocul.pt - Arquivo Digital\" \/>\n<meta property=\"og:url\" content=\"https:\/\/infocul.pt\/arquivo\/cultura\/touros-de-morte-em-barrancos-uma-tradicao-ancestral-da-cultura-de-um-povo-rural\/\" \/>\n<meta property=\"og:site_name\" content=\"Infocul.pt - Arquivo Digital\" \/>\n<meta property=\"article:publisher\" content=\"https:\/\/www.facebook.com\/Infocul-147816815585015\/\" \/>\n<meta property=\"article:published_time\" content=\"2020-02-03T11:38:48+00:00\" \/>\n<meta property=\"og:image\" content=\"https:\/\/infocul.pt\/arquivo\/wp-content\/uploads\/2020\/02\/maxresdefault-3.jpg\" \/>\n\t<meta property=\"og:image:width\" content=\"1280\" \/>\n\t<meta property=\"og:image:height\" content=\"720\" \/>\n\t<meta property=\"og:image:type\" content=\"image\/jpeg\" \/>\n<meta name=\"author\" content=\"Rui Lavrador\" \/>\n<meta name=\"twitter:card\" content=\"summary_large_image\" \/>\n<meta name=\"twitter:creator\" content=\"@Infoculpt\" \/>\n<meta name=\"twitter:site\" content=\"@Infoculpt\" \/>\n<meta name=\"twitter:label1\" content=\"Escrito por\" \/>\n\t<meta name=\"twitter:data1\" content=\"Rui Lavrador\" \/>\n\t<meta name=\"twitter:label2\" content=\"Tempo estimado de leitura\" \/>\n\t<meta name=\"twitter:data2\" content=\"2 minutos\" \/>\n<script type=\"application\/ld+json\" class=\"yoast-schema-graph\">{\"@context\":\"https:\\\/\\\/schema.org\",\"@graph\":[{\"@type\":\"Article\",\"@id\":\"https:\\\/\\\/infocul.pt\\\/arquivo\\\/cultura\\\/touros-de-morte-em-barrancos-uma-tradicao-ancestral-da-cultura-de-um-povo-rural\\\/#article\",\"isPartOf\":{\"@id\":\"https:\\\/\\\/infocul.pt\\\/arquivo\\\/cultura\\\/touros-de-morte-em-barrancos-uma-tradicao-ancestral-da-cultura-de-um-povo-rural\\\/\"},\"author\":{\"name\":\"Rui Lavrador\",\"@id\":\"https:\\\/\\\/infocul.pt\\\/arquivo\\\/#\\\/schema\\\/person\\\/060a108d7f2d85fc6aae505119ee5234\"},\"headline\":\"Touros de Morte em Barrancos: &#8220;Uma tradi\u00e7\u00e3o ancestral, da cultura de um povo rural&#8221;\",\"datePublished\":\"2020-02-03T11:38:48+00:00\",\"mainEntityOfPage\":{\"@id\":\"https:\\\/\\\/infocul.pt\\\/arquivo\\\/cultura\\\/touros-de-morte-em-barrancos-uma-tradicao-ancestral-da-cultura-de-um-povo-rural\\\/\"},\"wordCount\":336,\"commentCount\":0,\"publisher\":{\"@id\":\"https:\\\/\\\/infocul.pt\\\/arquivo\\\/#organization\"},\"image\":{\"@id\":\"https:\\\/\\\/infocul.pt\\\/arquivo\\\/cultura\\\/touros-de-morte-em-barrancos-uma-tradicao-ancestral-da-cultura-de-um-povo-rural\\\/#primaryimage\"},\"thumbnailUrl\":\"https:\\\/\\\/infocul.pt\\\/arquivo\\\/wp-content\\\/uploads\\\/2020\\\/02\\\/maxresdefault-3.jpg\",\"keywords\":[\"Barrancos\"],\"articleSection\":[\"Cultura\",\"Tauromaquia\"],\"inLanguage\":\"pt-PT\"},{\"@type\":\"WebPage\",\"@id\":\"https:\\\/\\\/infocul.pt\\\/arquivo\\\/cultura\\\/touros-de-morte-em-barrancos-uma-tradicao-ancestral-da-cultura-de-um-povo-rural\\\/\",\"url\":\"https:\\\/\\\/infocul.pt\\\/arquivo\\\/cultura\\\/touros-de-morte-em-barrancos-uma-tradicao-ancestral-da-cultura-de-um-povo-rural\\\/\",\"name\":\"Touros de Morte em Barrancos: \\\"Uma tradi\u00e7\u00e3o ancestral, da cultura de um povo rural\\\" | Infocul.pt - Arquivo Digital\",\"isPartOf\":{\"@id\":\"https:\\\/\\\/infocul.pt\\\/arquivo\\\/#website\"},\"primaryImageOfPage\":{\"@id\":\"https:\\\/\\\/infocul.pt\\\/arquivo\\\/cultura\\\/touros-de-morte-em-barrancos-uma-tradicao-ancestral-da-cultura-de-um-povo-rural\\\/#primaryimage\"},\"image\":{\"@id\":\"https:\\\/\\\/infocul.pt\\\/arquivo\\\/cultura\\\/touros-de-morte-em-barrancos-uma-tradicao-ancestral-da-cultura-de-um-povo-rural\\\/#primaryimage\"},\"thumbnailUrl\":\"https:\\\/\\\/infocul.pt\\\/arquivo\\\/wp-content\\\/uploads\\\/2020\\\/02\\\/maxresdefault-3.jpg\",\"datePublished\":\"2020-02-03T11:38:48+00:00\",\"description\":\"Touros de Morte em Barrancos: \\\"Uma tradi\u00e7\u00e3o ancestral, da cultura de um povo rural\\\" | Infocul.pt - Arquivo Digital\",\"breadcrumb\":{\"@id\":\"https:\\\/\\\/infocul.pt\\\/arquivo\\\/cultura\\\/touros-de-morte-em-barrancos-uma-tradicao-ancestral-da-cultura-de-um-povo-rural\\\/#breadcrumb\"},\"inLanguage\":\"pt-PT\",\"potentialAction\":[{\"@type\":\"ReadAction\",\"target\":[\"https:\\\/\\\/infocul.pt\\\/arquivo\\\/cultura\\\/touros-de-morte-em-barrancos-uma-tradicao-ancestral-da-cultura-de-um-povo-rural\\\/\"]}]},{\"@type\":\"ImageObject\",\"inLanguage\":\"pt-PT\",\"@id\":\"https:\\\/\\\/infocul.pt\\\/arquivo\\\/cultura\\\/touros-de-morte-em-barrancos-uma-tradicao-ancestral-da-cultura-de-um-povo-rural\\\/#primaryimage\",\"url\":\"https:\\\/\\\/infocul.pt\\\/arquivo\\\/wp-content\\\/uploads\\\/2020\\\/02\\\/maxresdefault-3.jpg\",\"contentUrl\":\"https:\\\/\\\/infocul.pt\\\/arquivo\\\/wp-content\\\/uploads\\\/2020\\\/02\\\/maxresdefault-3.jpg\",\"width\":1280,\"height\":720},{\"@type\":\"BreadcrumbList\",\"@id\":\"https:\\\/\\\/infocul.pt\\\/arquivo\\\/cultura\\\/touros-de-morte-em-barrancos-uma-tradicao-ancestral-da-cultura-de-um-povo-rural\\\/#breadcrumb\",\"itemListElement\":[{\"@type\":\"ListItem\",\"position\":1,\"name\":\"Home\",\"item\":\"https:\\\/\\\/infocul.pt\\\/arquivo\\\/\"},{\"@type\":\"ListItem\",\"position\":2,\"name\":\"Touros de Morte em Barrancos: &#8220;Uma tradi\u00e7\u00e3o ancestral, da cultura de um povo rural&#8221;\"}]},{\"@type\":\"WebSite\",\"@id\":\"https:\\\/\\\/infocul.pt\\\/arquivo\\\/#website\",\"url\":\"https:\\\/\\\/infocul.pt\\\/arquivo\\\/\",\"name\":\"Infocul.pt - Arquivo Digital\",\"description\":\"Arquivo digital da Infocul.pt\",\"publisher\":{\"@id\":\"https:\\\/\\\/infocul.pt\\\/arquivo\\\/#organization\"},\"potentialAction\":[{\"@type\":\"SearchAction\",\"target\":{\"@type\":\"EntryPoint\",\"urlTemplate\":\"https:\\\/\\\/infocul.pt\\\/arquivo\\\/?s={search_term_string}\"},\"query-input\":{\"@type\":\"PropertyValueSpecification\",\"valueRequired\":true,\"valueName\":\"search_term_string\"}}],\"inLanguage\":\"pt-PT\"},{\"@type\":\"Organization\",\"@id\":\"https:\\\/\\\/infocul.pt\\\/arquivo\\\/#organization\",\"name\":\"Infocul.pt\",\"url\":\"https:\\\/\\\/infocul.pt\\\/arquivo\\\/\",\"logo\":{\"@type\":\"ImageObject\",\"inLanguage\":\"pt-PT\",\"@id\":\"https:\\\/\\\/infocul.pt\\\/arquivo\\\/#\\\/schema\\\/logo\\\/image\\\/\",\"url\":\"https:\\\/\\\/infocul.pt\\\/arquivo\\\/wp-content\\\/uploads\\\/2018\\\/12\\\/Infocul_logo-1.png\",\"contentUrl\":\"https:\\\/\\\/infocul.pt\\\/arquivo\\\/wp-content\\\/uploads\\\/2018\\\/12\\\/Infocul_logo-1.png\",\"width\":800,\"height\":800,\"caption\":\"Infocul.pt\"},\"image\":{\"@id\":\"https:\\\/\\\/infocul.pt\\\/arquivo\\\/#\\\/schema\\\/logo\\\/image\\\/\"},\"sameAs\":[\"https:\\\/\\\/www.facebook.com\\\/Infocul-147816815585015\\\/\",\"https:\\\/\\\/x.com\\\/Infoculpt\",\"http:\\\/\\\/www.pictaram.com\\\/user\\\/infocul.pt\\\/2370423710\",\"https:\\\/\\\/www.youtube.com\\\/channel\\\/UCYEB91AGI9FL9ek2i_IaQAA\"]},{\"@type\":\"Person\",\"@id\":\"https:\\\/\\\/infocul.pt\\\/arquivo\\\/#\\\/schema\\\/person\\\/060a108d7f2d85fc6aae505119ee5234\",\"name\":\"Rui Lavrador\",\"image\":{\"@type\":\"ImageObject\",\"inLanguage\":\"pt-PT\",\"@id\":\"https:\\\/\\\/secure.gravatar.com\\\/avatar\\\/93febd6873394aa8e975148548a0cb203acfdd42d2c85c5f1408e1a76678aece?s=96&d=mm&r=g\",\"url\":\"https:\\\/\\\/secure.gravatar.com\\\/avatar\\\/93febd6873394aa8e975148548a0cb203acfdd42d2c85c5f1408e1a76678aece?s=96&d=mm&r=g\",\"contentUrl\":\"https:\\\/\\\/secure.gravatar.com\\\/avatar\\\/93febd6873394aa8e975148548a0cb203acfdd42d2c85c5f1408e1a76678aece?s=96&d=mm&r=g\",\"caption\":\"Rui Lavrador\"},\"description\":\"Iniciou em 2011 o seu percurso em comunica\u00e7\u00e3o social, tendo integrado v\u00e1rios projectos editoriais. Durante o seu percurso integrou projectos como Jornal Hardm\u00fasica, LusoNot\u00edcias, Toureio.pt, ODigital.pt, entre outros \u00d3rg\u00e3os de Comunica\u00e7\u00e3o Social nacionais, na redac\u00e7\u00e3o de v\u00e1rios artigos. Entrevistou a grande maioria das personalidades mais importantes da vida social e cultural do pa\u00eds, destacando-se, tamb\u00e9m, na aprecia\u00e7\u00e3o de v\u00e1rios espect\u00e1culos. Durante o seu percurso, deu a conhecer v\u00e1rios artistas, at\u00e9 ent\u00e3o desconhecidos, ao grande p\u00fablico. Em 2015 criou e fundou o Infocul.pt, projecto no qual assume a direc\u00e7\u00e3o editorial.\",\"sameAs\":[\"http:\\\/\\\/www.infocul.pt\"]}]}<\/script>\n<!-- \/ Yoast SEO plugin. -->","yoast_head_json":{"title":"Touros de Morte em Barrancos: \"Uma tradi\u00e7\u00e3o ancestral, da cultura de um povo rural\" | Infocul.pt - Arquivo Digital","description":"Touros de Morte em Barrancos: \"Uma tradi\u00e7\u00e3o ancestral, da cultura de um povo rural\" | Infocul.pt - Arquivo Digital","robots":{"index":"noindex","follow":"follow","max-snippet":"max-snippet:-1","max-image-preview":"max-image-preview:large","max-video-preview":"max-video-preview:-1"},"og_locale":"pt_PT","og_type":"article","og_title":"Touros de Morte em Barrancos: \"Uma tradi\u00e7\u00e3o ancestral, da cultura de um povo rural\" | Infocul.pt - Arquivo Digital","og_description":"Touros de Morte em Barrancos: \"Uma tradi\u00e7\u00e3o ancestral, da cultura de um povo rural\" | Infocul.pt - Arquivo Digital","og_url":"https:\/\/infocul.pt\/arquivo\/cultura\/touros-de-morte-em-barrancos-uma-tradicao-ancestral-da-cultura-de-um-povo-rural\/","og_site_name":"Infocul.pt - Arquivo Digital","article_publisher":"https:\/\/www.facebook.com\/Infocul-147816815585015\/","article_published_time":"2020-02-03T11:38:48+00:00","og_image":[{"width":1280,"height":720,"url":"https:\/\/infocul.pt\/arquivo\/wp-content\/uploads\/2020\/02\/maxresdefault-3.jpg","type":"image\/jpeg"}],"author":"Rui Lavrador","twitter_card":"summary_large_image","twitter_creator":"@Infoculpt","twitter_site":"@Infoculpt","twitter_misc":{"Escrito por":"Rui Lavrador","Tempo estimado de leitura":"2 minutos"},"schema":{"@context":"https:\/\/schema.org","@graph":[{"@type":"Article","@id":"https:\/\/infocul.pt\/arquivo\/cultura\/touros-de-morte-em-barrancos-uma-tradicao-ancestral-da-cultura-de-um-povo-rural\/#article","isPartOf":{"@id":"https:\/\/infocul.pt\/arquivo\/cultura\/touros-de-morte-em-barrancos-uma-tradicao-ancestral-da-cultura-de-um-povo-rural\/"},"author":{"name":"Rui Lavrador","@id":"https:\/\/infocul.pt\/arquivo\/#\/schema\/person\/060a108d7f2d85fc6aae505119ee5234"},"headline":"Touros de Morte em Barrancos: &#8220;Uma tradi\u00e7\u00e3o ancestral, da cultura de um povo rural&#8221;","datePublished":"2020-02-03T11:38:48+00:00","mainEntityOfPage":{"@id":"https:\/\/infocul.pt\/arquivo\/cultura\/touros-de-morte-em-barrancos-uma-tradicao-ancestral-da-cultura-de-um-povo-rural\/"},"wordCount":336,"commentCount":0,"publisher":{"@id":"https:\/\/infocul.pt\/arquivo\/#organization"},"image":{"@id":"https:\/\/infocul.pt\/arquivo\/cultura\/touros-de-morte-em-barrancos-uma-tradicao-ancestral-da-cultura-de-um-povo-rural\/#primaryimage"},"thumbnailUrl":"https:\/\/infocul.pt\/arquivo\/wp-content\/uploads\/2020\/02\/maxresdefault-3.jpg","keywords":["Barrancos"],"articleSection":["Cultura","Tauromaquia"],"inLanguage":"pt-PT"},{"@type":"WebPage","@id":"https:\/\/infocul.pt\/arquivo\/cultura\/touros-de-morte-em-barrancos-uma-tradicao-ancestral-da-cultura-de-um-povo-rural\/","url":"https:\/\/infocul.pt\/arquivo\/cultura\/touros-de-morte-em-barrancos-uma-tradicao-ancestral-da-cultura-de-um-povo-rural\/","name":"Touros de Morte em Barrancos: \"Uma tradi\u00e7\u00e3o ancestral, da cultura de um povo rural\" | Infocul.pt - Arquivo Digital","isPartOf":{"@id":"https:\/\/infocul.pt\/arquivo\/#website"},"primaryImageOfPage":{"@id":"https:\/\/infocul.pt\/arquivo\/cultura\/touros-de-morte-em-barrancos-uma-tradicao-ancestral-da-cultura-de-um-povo-rural\/#primaryimage"},"image":{"@id":"https:\/\/infocul.pt\/arquivo\/cultura\/touros-de-morte-em-barrancos-uma-tradicao-ancestral-da-cultura-de-um-povo-rural\/#primaryimage"},"thumbnailUrl":"https:\/\/infocul.pt\/arquivo\/wp-content\/uploads\/2020\/02\/maxresdefault-3.jpg","datePublished":"2020-02-03T11:38:48+00:00","description":"Touros de Morte em Barrancos: \"Uma tradi\u00e7\u00e3o ancestral, da cultura de um povo rural\" | Infocul.pt - Arquivo Digital","breadcrumb":{"@id":"https:\/\/infocul.pt\/arquivo\/cultura\/touros-de-morte-em-barrancos-uma-tradicao-ancestral-da-cultura-de-um-povo-rural\/#breadcrumb"},"inLanguage":"pt-PT","potentialAction":[{"@type":"ReadAction","target":["https:\/\/infocul.pt\/arquivo\/cultura\/touros-de-morte-em-barrancos-uma-tradicao-ancestral-da-cultura-de-um-povo-rural\/"]}]},{"@type":"ImageObject","inLanguage":"pt-PT","@id":"https:\/\/infocul.pt\/arquivo\/cultura\/touros-de-morte-em-barrancos-uma-tradicao-ancestral-da-cultura-de-um-povo-rural\/#primaryimage","url":"https:\/\/infocul.pt\/arquivo\/wp-content\/uploads\/2020\/02\/maxresdefault-3.jpg","contentUrl":"https:\/\/infocul.pt\/arquivo\/wp-content\/uploads\/2020\/02\/maxresdefault-3.jpg","width":1280,"height":720},{"@type":"BreadcrumbList","@id":"https:\/\/infocul.pt\/arquivo\/cultura\/touros-de-morte-em-barrancos-uma-tradicao-ancestral-da-cultura-de-um-povo-rural\/#breadcrumb","itemListElement":[{"@type":"ListItem","position":1,"name":"Home","item":"https:\/\/infocul.pt\/arquivo\/"},{"@type":"ListItem","position":2,"name":"Touros de Morte em Barrancos: &#8220;Uma tradi\u00e7\u00e3o ancestral, da cultura de um povo rural&#8221;"}]},{"@type":"WebSite","@id":"https:\/\/infocul.pt\/arquivo\/#website","url":"https:\/\/infocul.pt\/arquivo\/","name":"Infocul.pt - Arquivo Digital","description":"Arquivo digital da Infocul.pt","publisher":{"@id":"https:\/\/infocul.pt\/arquivo\/#organization"},"potentialAction":[{"@type":"SearchAction","target":{"@type":"EntryPoint","urlTemplate":"https:\/\/infocul.pt\/arquivo\/?s={search_term_string}"},"query-input":{"@type":"PropertyValueSpecification","valueRequired":true,"valueName":"search_term_string"}}],"inLanguage":"pt-PT"},{"@type":"Organization","@id":"https:\/\/infocul.pt\/arquivo\/#organization","name":"Infocul.pt","url":"https:\/\/infocul.pt\/arquivo\/","logo":{"@type":"ImageObject","inLanguage":"pt-PT","@id":"https:\/\/infocul.pt\/arquivo\/#\/schema\/logo\/image\/","url":"https:\/\/infocul.pt\/arquivo\/wp-content\/uploads\/2018\/12\/Infocul_logo-1.png","contentUrl":"https:\/\/infocul.pt\/arquivo\/wp-content\/uploads\/2018\/12\/Infocul_logo-1.png","width":800,"height":800,"caption":"Infocul.pt"},"image":{"@id":"https:\/\/infocul.pt\/arquivo\/#\/schema\/logo\/image\/"},"sameAs":["https:\/\/www.facebook.com\/Infocul-147816815585015\/","https:\/\/x.com\/Infoculpt","http:\/\/www.pictaram.com\/user\/infocul.pt\/2370423710","https:\/\/www.youtube.com\/channel\/UCYEB91AGI9FL9ek2i_IaQAA"]},{"@type":"Person","@id":"https:\/\/infocul.pt\/arquivo\/#\/schema\/person\/060a108d7f2d85fc6aae505119ee5234","name":"Rui Lavrador","image":{"@type":"ImageObject","inLanguage":"pt-PT","@id":"https:\/\/secure.gravatar.com\/avatar\/93febd6873394aa8e975148548a0cb203acfdd42d2c85c5f1408e1a76678aece?s=96&d=mm&r=g","url":"https:\/\/secure.gravatar.com\/avatar\/93febd6873394aa8e975148548a0cb203acfdd42d2c85c5f1408e1a76678aece?s=96&d=mm&r=g","contentUrl":"https:\/\/secure.gravatar.com\/avatar\/93febd6873394aa8e975148548a0cb203acfdd42d2c85c5f1408e1a76678aece?s=96&d=mm&r=g","caption":"Rui Lavrador"},"description":"Iniciou em 2011 o seu percurso em comunica\u00e7\u00e3o social, tendo integrado v\u00e1rios projectos editoriais. Durante o seu percurso integrou projectos como Jornal Hardm\u00fasica, LusoNot\u00edcias, Toureio.pt, ODigital.pt, entre outros \u00d3rg\u00e3os de Comunica\u00e7\u00e3o Social nacionais, na redac\u00e7\u00e3o de v\u00e1rios artigos. Entrevistou a grande maioria das personalidades mais importantes da vida social e cultural do pa\u00eds, destacando-se, tamb\u00e9m, na aprecia\u00e7\u00e3o de v\u00e1rios espect\u00e1culos. Durante o seu percurso, deu a conhecer v\u00e1rios artistas, at\u00e9 ent\u00e3o desconhecidos, ao grande p\u00fablico. Em 2015 criou e fundou o Infocul.pt, projecto no qual assume a direc\u00e7\u00e3o editorial.","sameAs":["http:\/\/www.infocul.pt"]}]}},"_links":{"self":[{"href":"https:\/\/infocul.pt\/arquivo\/wp-json\/wp\/v2\/posts\/66019","targetHints":{"allow":["GET"]}}],"collection":[{"href":"https:\/\/infocul.pt\/arquivo\/wp-json\/wp\/v2\/posts"}],"about":[{"href":"https:\/\/infocul.pt\/arquivo\/wp-json\/wp\/v2\/types\/post"}],"author":[{"embeddable":true,"href":"https:\/\/infocul.pt\/arquivo\/wp-json\/wp\/v2\/users\/2"}],"replies":[{"embeddable":true,"href":"https:\/\/infocul.pt\/arquivo\/wp-json\/wp\/v2\/comments?post=66019"}],"version-history":[{"count":0,"href":"https:\/\/infocul.pt\/arquivo\/wp-json\/wp\/v2\/posts\/66019\/revisions"}],"wp:featuredmedia":[{"embeddable":true,"href":"https:\/\/infocul.pt\/arquivo\/wp-json\/wp\/v2\/media\/66020"}],"wp:attachment":[{"href":"https:\/\/infocul.pt\/arquivo\/wp-json\/wp\/v2\/media?parent=66019"}],"wp:term":[{"taxonomy":"category","embeddable":true,"href":"https:\/\/infocul.pt\/arquivo\/wp-json\/wp\/v2\/categories?post=66019"},{"taxonomy":"post_tag","embeddable":true,"href":"https:\/\/infocul.pt\/arquivo\/wp-json\/wp\/v2\/tags?post=66019"}],"curies":[{"name":"wp","href":"https:\/\/api.w.org\/{rel}","templated":true}]}}