{"id":66162,"date":"2020-02-08T14:02:04","date_gmt":"2020-02-08T13:02:04","guid":{"rendered":"https:\/\/infocul.pt\/?p=66162"},"modified":"2020-07-04T00:40:17","modified_gmt":"2020-07-03T23:40:17","slug":"leitaria-da-anunciada-apresentou-nova-carta-com-assinatura-do-chef-carlos-augusto","status":"publish","type":"post","link":"https:\/\/infocul.pt\/arquivo\/actualidade\/leitaria-da-anunciada-apresentou-nova-carta-com-assinatura-do-chef-carlos-augusto\/","title":{"rendered":"Leitaria da Anunciada apresentou nova carta com assinatura do Chef Carlos Augusto"},"content":{"rendered":"<p><img decoding=\"async\" class=\"aligncenter wp-image-66342 size-full lazyload\" data-src=\"https:\/\/infocul.pt\/arquivo\/wp-content\/uploads\/2020\/02\/29064098_1626479610723151_6619750265725775481_o.jpg\" alt=\"\" width=\"960\" height=\"960\" data-srcset=\"https:\/\/infocul.pt\/arquivo\/wp-content\/uploads\/2020\/02\/29064098_1626479610723151_6619750265725775481_o.jpg 960w, https:\/\/infocul.pt\/arquivo\/wp-content\/uploads\/2020\/02\/29064098_1626479610723151_6619750265725775481_o-150x150.jpg 150w, https:\/\/infocul.pt\/arquivo\/wp-content\/uploads\/2020\/02\/29064098_1626479610723151_6619750265725775481_o-300x300.jpg 300w, https:\/\/infocul.pt\/arquivo\/wp-content\/uploads\/2020\/02\/29064098_1626479610723151_6619750265725775481_o-768x768.jpg 768w\" data-sizes=\"(max-width: 960px) 100vw, 960px\" src=\"data:image\/svg+xml;base64,PHN2ZyB3aWR0aD0iMSIgaGVpZ2h0PSIxIiB4bWxucz0iaHR0cDovL3d3dy53My5vcmcvMjAwMC9zdmciPjwvc3ZnPg==\" style=\"--smush-placeholder-width: 960px; --smush-placeholder-aspect-ratio: 960\/960;\" \/><\/p>\n<p>Estreou, na passa ter\u00e7a-feira, uma nova carta na Leitaria da Anunciada, em Lisboa. Junto da hist\u00f3ria da casa e apostando na tradi\u00e7\u00e3o gastron\u00f3mica portuguesa, destaca-se a contemporaneidade na apresenta\u00e7\u00e3o.<\/p>\n<p><!--more--><\/p>\n<p>A Leitaria da Anunciada, com privilegiada localiza\u00e7\u00e3o no centro da capital, existe desde 1927. Na altura como Vacaria Andrade, da qual sa\u00edam as vacas, com os leiteiros, para serem ordenhadas \u00e0s portas das igrejas, pal\u00e1cios ou \u00e0 porta de simples populares que necessitassem de leite.<\/p>\n<p>Desde ter\u00e7a-feira, a carta apresenta uma pan\u00f3plia de op\u00e7\u00f5es que nos remetem para a tradi\u00e7\u00e3o no paladar e um olhar de futuro. Mas tudo come\u00e7a ao entrarmos no espa\u00e7o, com uma acolhedora, eficiente e qualidade ex\u00edmia no atendimento.<\/p>\n<p>Os secretos de porco negro (porco preto \u00e9 marca registada) s\u00e3o de sabor distinto (e servidos com tomilho, batata frita, salada de pimento, ras el hanout e maionese de alho escuro) e o cheesecake \u00e9 de repetir (esque\u00e7am as calorias) quer pelo sabor, quer pela combina\u00e7\u00e3o de ingredientes e at\u00e9 pela textura.<\/p>\n<p>Destacar o menu executivo, de 2\u00aa a 6\u00aa feira das 12:00 \u00e0s 15:00, pelo valor de 14 euros e que inclui sopa, prato principal, caf\u00e9 e bebida.<\/p>\n<p>A assinatura da carta \u00e9 do Chef executivo Carlos Augusto, sendo Abel Silva o Chef residente. Na ter\u00e7a-feira estiveram os dois presentes, denotando preocupa\u00e7\u00e3o e cuidado no retorno (positivo) que os clientes deram aos novos pratos.<\/p>\n<p>De petiscos a t\u00e1buas regionais, das saladas ao peixe e da carne \u00e0s sobremesa, n\u00e3o faltam op\u00e7\u00f5es de escolha. O pre\u00e7o \u00e9 acess\u00edvel a todas as bolsas, com a qualidade a ser garantida (prov\u00e1mos e aprov\u00e1mos).<\/p>\n<p>\u00c0 ter\u00e7a-feira h\u00e1 Fado, com Jo\u00e3o Loy, a partir das 20:00. Aconselhamos reserva.<\/p>\n<p><strong>Contactos<\/strong>: geral@leitariadaanunciada.com<br \/>\nLargo da Anunciada, n.1, Lisboa.<\/p>\n","protected":false},"excerpt":{"rendered":"<p>Estreou, na passa ter\u00e7a-feira, uma nova carta na Leitaria da Anunciada, em Lisboa. Junto da hist\u00f3ria da casa e apostando na tradi\u00e7\u00e3o gastron\u00f3mica portuguesa, destaca-se a contemporaneidade na apresenta\u00e7\u00e3o.<\/p>\n","protected":false},"author":2,"featured_media":66342,"comment_status":"open","ping_status":"closed","sticky":false,"template":"","format":"standard","meta":{"footnotes":""},"categories":[10,36,4123,13],"tags":[42,686,6487,8811,80],"class_list":["post-66162","post","type-post","status-publish","format-standard","has-post-thumbnail","hentry","category-actualidade","category-destaque","category-reportagens-actualidade","category-turismo","tag-fado","tag-gastronomia","tag-joao-loy","tag-leitaria-da-anunciada","tag-lisboa"],"yoast_head":"<!-- This site is optimized with the Yoast SEO plugin v27.5 - https:\/\/yoast.com\/product\/yoast-seo-wordpress\/ -->\n<title>Leitaria da Anunciada apresentou nova carta com assinatura do Chef Carlos Augusto | Infocul.pt - Arquivo Digital<\/title>\n<meta name=\"description\" content=\"Leitaria da Anunciada apresentou nova carta com assinatura do Chef Carlos Augusto | Infocul.pt - Arquivo Digital\" \/>\n<meta name=\"robots\" content=\"noindex, follow, max-snippet:-1, max-image-preview:large, max-video-preview:-1\" \/>\n<meta property=\"og:locale\" content=\"pt_PT\" \/>\n<meta property=\"og:type\" content=\"article\" \/>\n<meta property=\"og:title\" content=\"Leitaria da Anunciada apresentou nova carta com assinatura do Chef Carlos Augusto | Infocul.pt - Arquivo Digital\" \/>\n<meta property=\"og:description\" content=\"Leitaria da Anunciada apresentou nova carta com assinatura do Chef Carlos Augusto | Infocul.pt - Arquivo Digital\" \/>\n<meta property=\"og:url\" content=\"https:\/\/infocul.pt\/arquivo\/actualidade\/leitaria-da-anunciada-apresentou-nova-carta-com-assinatura-do-chef-carlos-augusto\/\" \/>\n<meta property=\"og:site_name\" content=\"Infocul.pt - Arquivo Digital\" \/>\n<meta property=\"article:publisher\" content=\"https:\/\/www.facebook.com\/Infocul-147816815585015\/\" \/>\n<meta property=\"article:published_time\" content=\"2020-02-08T13:02:04+00:00\" \/>\n<meta property=\"article:modified_time\" content=\"2020-07-03T23:40:17+00:00\" \/>\n<meta property=\"og:image\" content=\"https:\/\/infocul.pt\/arquivo\/wp-content\/uploads\/2020\/02\/29064098_1626479610723151_6619750265725775481_o.jpg\" \/>\n\t<meta property=\"og:image:width\" content=\"960\" \/>\n\t<meta property=\"og:image:height\" content=\"960\" \/>\n\t<meta property=\"og:image:type\" content=\"image\/jpeg\" \/>\n<meta name=\"author\" content=\"Rui Lavrador\" \/>\n<meta name=\"twitter:card\" content=\"summary_large_image\" \/>\n<meta name=\"twitter:creator\" content=\"@Infoculpt\" \/>\n<meta name=\"twitter:site\" content=\"@Infoculpt\" \/>\n<meta name=\"twitter:label1\" content=\"Escrito por\" \/>\n\t<meta name=\"twitter:data1\" content=\"Rui Lavrador\" \/>\n\t<meta name=\"twitter:label2\" content=\"Tempo estimado de leitura\" \/>\n\t<meta name=\"twitter:data2\" content=\"2 minutos\" \/>\n<script type=\"application\/ld+json\" class=\"yoast-schema-graph\">{\"@context\":\"https:\\\/\\\/schema.org\",\"@graph\":[{\"@type\":\"Article\",\"@id\":\"https:\\\/\\\/infocul.pt\\\/arquivo\\\/actualidade\\\/leitaria-da-anunciada-apresentou-nova-carta-com-assinatura-do-chef-carlos-augusto\\\/#article\",\"isPartOf\":{\"@id\":\"https:\\\/\\\/infocul.pt\\\/arquivo\\\/actualidade\\\/leitaria-da-anunciada-apresentou-nova-carta-com-assinatura-do-chef-carlos-augusto\\\/\"},\"author\":{\"name\":\"Rui Lavrador\",\"@id\":\"https:\\\/\\\/infocul.pt\\\/arquivo\\\/#\\\/schema\\\/person\\\/060a108d7f2d85fc6aae505119ee5234\"},\"headline\":\"Leitaria da Anunciada apresentou nova carta com assinatura do Chef Carlos Augusto\",\"datePublished\":\"2020-02-08T13:02:04+00:00\",\"dateModified\":\"2020-07-03T23:40:17+00:00\",\"mainEntityOfPage\":{\"@id\":\"https:\\\/\\\/infocul.pt\\\/arquivo\\\/actualidade\\\/leitaria-da-anunciada-apresentou-nova-carta-com-assinatura-do-chef-carlos-augusto\\\/\"},\"wordCount\":313,\"commentCount\":0,\"publisher\":{\"@id\":\"https:\\\/\\\/infocul.pt\\\/arquivo\\\/#organization\"},\"image\":{\"@id\":\"https:\\\/\\\/infocul.pt\\\/arquivo\\\/actualidade\\\/leitaria-da-anunciada-apresentou-nova-carta-com-assinatura-do-chef-carlos-augusto\\\/#primaryimage\"},\"thumbnailUrl\":\"https:\\\/\\\/infocul.pt\\\/arquivo\\\/wp-content\\\/uploads\\\/2020\\\/02\\\/29064098_1626479610723151_6619750265725775481_o.jpg\",\"keywords\":[\"Fado\",\"Gastronomia\",\"Jo\u00e3o Loy\",\"Leitaria da Anunciada\",\"Lisboa\"],\"articleSection\":[\"Actualidade\",\"Destaque\",\"Reportagens\",\"Turismo\"],\"inLanguage\":\"pt-PT\"},{\"@type\":\"WebPage\",\"@id\":\"https:\\\/\\\/infocul.pt\\\/arquivo\\\/actualidade\\\/leitaria-da-anunciada-apresentou-nova-carta-com-assinatura-do-chef-carlos-augusto\\\/\",\"url\":\"https:\\\/\\\/infocul.pt\\\/arquivo\\\/actualidade\\\/leitaria-da-anunciada-apresentou-nova-carta-com-assinatura-do-chef-carlos-augusto\\\/\",\"name\":\"Leitaria da Anunciada apresentou nova carta com assinatura do Chef Carlos Augusto | Infocul.pt - Arquivo Digital\",\"isPartOf\":{\"@id\":\"https:\\\/\\\/infocul.pt\\\/arquivo\\\/#website\"},\"primaryImageOfPage\":{\"@id\":\"https:\\\/\\\/infocul.pt\\\/arquivo\\\/actualidade\\\/leitaria-da-anunciada-apresentou-nova-carta-com-assinatura-do-chef-carlos-augusto\\\/#primaryimage\"},\"image\":{\"@id\":\"https:\\\/\\\/infocul.pt\\\/arquivo\\\/actualidade\\\/leitaria-da-anunciada-apresentou-nova-carta-com-assinatura-do-chef-carlos-augusto\\\/#primaryimage\"},\"thumbnailUrl\":\"https:\\\/\\\/infocul.pt\\\/arquivo\\\/wp-content\\\/uploads\\\/2020\\\/02\\\/29064098_1626479610723151_6619750265725775481_o.jpg\",\"datePublished\":\"2020-02-08T13:02:04+00:00\",\"dateModified\":\"2020-07-03T23:40:17+00:00\",\"description\":\"Leitaria da Anunciada apresentou nova carta com assinatura do Chef Carlos Augusto | Infocul.pt - Arquivo Digital\",\"breadcrumb\":{\"@id\":\"https:\\\/\\\/infocul.pt\\\/arquivo\\\/actualidade\\\/leitaria-da-anunciada-apresentou-nova-carta-com-assinatura-do-chef-carlos-augusto\\\/#breadcrumb\"},\"inLanguage\":\"pt-PT\",\"potentialAction\":[{\"@type\":\"ReadAction\",\"target\":[\"https:\\\/\\\/infocul.pt\\\/arquivo\\\/actualidade\\\/leitaria-da-anunciada-apresentou-nova-carta-com-assinatura-do-chef-carlos-augusto\\\/\"]}]},{\"@type\":\"ImageObject\",\"inLanguage\":\"pt-PT\",\"@id\":\"https:\\\/\\\/infocul.pt\\\/arquivo\\\/actualidade\\\/leitaria-da-anunciada-apresentou-nova-carta-com-assinatura-do-chef-carlos-augusto\\\/#primaryimage\",\"url\":\"https:\\\/\\\/infocul.pt\\\/arquivo\\\/wp-content\\\/uploads\\\/2020\\\/02\\\/29064098_1626479610723151_6619750265725775481_o.jpg\",\"contentUrl\":\"https:\\\/\\\/infocul.pt\\\/arquivo\\\/wp-content\\\/uploads\\\/2020\\\/02\\\/29064098_1626479610723151_6619750265725775481_o.jpg\",\"width\":960,\"height\":960},{\"@type\":\"BreadcrumbList\",\"@id\":\"https:\\\/\\\/infocul.pt\\\/arquivo\\\/actualidade\\\/leitaria-da-anunciada-apresentou-nova-carta-com-assinatura-do-chef-carlos-augusto\\\/#breadcrumb\",\"itemListElement\":[{\"@type\":\"ListItem\",\"position\":1,\"name\":\"Home\",\"item\":\"https:\\\/\\\/infocul.pt\\\/arquivo\\\/\"},{\"@type\":\"ListItem\",\"position\":2,\"name\":\"Leitaria da Anunciada apresentou nova carta com assinatura do Chef Carlos Augusto\"}]},{\"@type\":\"WebSite\",\"@id\":\"https:\\\/\\\/infocul.pt\\\/arquivo\\\/#website\",\"url\":\"https:\\\/\\\/infocul.pt\\\/arquivo\\\/\",\"name\":\"Infocul.pt - Arquivo Digital\",\"description\":\"Arquivo digital da Infocul.pt\",\"publisher\":{\"@id\":\"https:\\\/\\\/infocul.pt\\\/arquivo\\\/#organization\"},\"potentialAction\":[{\"@type\":\"SearchAction\",\"target\":{\"@type\":\"EntryPoint\",\"urlTemplate\":\"https:\\\/\\\/infocul.pt\\\/arquivo\\\/?s={search_term_string}\"},\"query-input\":{\"@type\":\"PropertyValueSpecification\",\"valueRequired\":true,\"valueName\":\"search_term_string\"}}],\"inLanguage\":\"pt-PT\"},{\"@type\":\"Organization\",\"@id\":\"https:\\\/\\\/infocul.pt\\\/arquivo\\\/#organization\",\"name\":\"Infocul.pt\",\"url\":\"https:\\\/\\\/infocul.pt\\\/arquivo\\\/\",\"logo\":{\"@type\":\"ImageObject\",\"inLanguage\":\"pt-PT\",\"@id\":\"https:\\\/\\\/infocul.pt\\\/arquivo\\\/#\\\/schema\\\/logo\\\/image\\\/\",\"url\":\"https:\\\/\\\/infocul.pt\\\/arquivo\\\/wp-content\\\/uploads\\\/2018\\\/12\\\/Infocul_logo-1.png\",\"contentUrl\":\"https:\\\/\\\/infocul.pt\\\/arquivo\\\/wp-content\\\/uploads\\\/2018\\\/12\\\/Infocul_logo-1.png\",\"width\":800,\"height\":800,\"caption\":\"Infocul.pt\"},\"image\":{\"@id\":\"https:\\\/\\\/infocul.pt\\\/arquivo\\\/#\\\/schema\\\/logo\\\/image\\\/\"},\"sameAs\":[\"https:\\\/\\\/www.facebook.com\\\/Infocul-147816815585015\\\/\",\"https:\\\/\\\/x.com\\\/Infoculpt\",\"http:\\\/\\\/www.pictaram.com\\\/user\\\/infocul.pt\\\/2370423710\",\"https:\\\/\\\/www.youtube.com\\\/channel\\\/UCYEB91AGI9FL9ek2i_IaQAA\"]},{\"@type\":\"Person\",\"@id\":\"https:\\\/\\\/infocul.pt\\\/arquivo\\\/#\\\/schema\\\/person\\\/060a108d7f2d85fc6aae505119ee5234\",\"name\":\"Rui Lavrador\",\"image\":{\"@type\":\"ImageObject\",\"inLanguage\":\"pt-PT\",\"@id\":\"https:\\\/\\\/secure.gravatar.com\\\/avatar\\\/93febd6873394aa8e975148548a0cb203acfdd42d2c85c5f1408e1a76678aece?s=96&d=mm&r=g\",\"url\":\"https:\\\/\\\/secure.gravatar.com\\\/avatar\\\/93febd6873394aa8e975148548a0cb203acfdd42d2c85c5f1408e1a76678aece?s=96&d=mm&r=g\",\"contentUrl\":\"https:\\\/\\\/secure.gravatar.com\\\/avatar\\\/93febd6873394aa8e975148548a0cb203acfdd42d2c85c5f1408e1a76678aece?s=96&d=mm&r=g\",\"caption\":\"Rui Lavrador\"},\"description\":\"Iniciou em 2011 o seu percurso em comunica\u00e7\u00e3o social, tendo integrado v\u00e1rios projectos editoriais. Durante o seu percurso integrou projectos como Jornal Hardm\u00fasica, LusoNot\u00edcias, Toureio.pt, ODigital.pt, entre outros \u00d3rg\u00e3os de Comunica\u00e7\u00e3o Social nacionais, na redac\u00e7\u00e3o de v\u00e1rios artigos. Entrevistou a grande maioria das personalidades mais importantes da vida social e cultural do pa\u00eds, destacando-se, tamb\u00e9m, na aprecia\u00e7\u00e3o de v\u00e1rios espect\u00e1culos. Durante o seu percurso, deu a conhecer v\u00e1rios artistas, at\u00e9 ent\u00e3o desconhecidos, ao grande p\u00fablico. Em 2015 criou e fundou o Infocul.pt, projecto no qual assume a direc\u00e7\u00e3o editorial.\",\"sameAs\":[\"http:\\\/\\\/www.infocul.pt\"]}]}<\/script>\n<!-- \/ Yoast SEO plugin. -->","yoast_head_json":{"title":"Leitaria da Anunciada apresentou nova carta com assinatura do Chef Carlos Augusto | Infocul.pt - Arquivo Digital","description":"Leitaria da Anunciada apresentou nova carta com assinatura do Chef Carlos Augusto | Infocul.pt - Arquivo Digital","robots":{"index":"noindex","follow":"follow","max-snippet":"max-snippet:-1","max-image-preview":"max-image-preview:large","max-video-preview":"max-video-preview:-1"},"og_locale":"pt_PT","og_type":"article","og_title":"Leitaria da Anunciada apresentou nova carta com assinatura do Chef Carlos Augusto | Infocul.pt - Arquivo Digital","og_description":"Leitaria da Anunciada apresentou nova carta com assinatura do Chef Carlos Augusto | Infocul.pt - Arquivo Digital","og_url":"https:\/\/infocul.pt\/arquivo\/actualidade\/leitaria-da-anunciada-apresentou-nova-carta-com-assinatura-do-chef-carlos-augusto\/","og_site_name":"Infocul.pt - Arquivo Digital","article_publisher":"https:\/\/www.facebook.com\/Infocul-147816815585015\/","article_published_time":"2020-02-08T13:02:04+00:00","article_modified_time":"2020-07-03T23:40:17+00:00","og_image":[{"width":960,"height":960,"url":"https:\/\/infocul.pt\/arquivo\/wp-content\/uploads\/2020\/02\/29064098_1626479610723151_6619750265725775481_o.jpg","type":"image\/jpeg"}],"author":"Rui Lavrador","twitter_card":"summary_large_image","twitter_creator":"@Infoculpt","twitter_site":"@Infoculpt","twitter_misc":{"Escrito por":"Rui Lavrador","Tempo estimado de leitura":"2 minutos"},"schema":{"@context":"https:\/\/schema.org","@graph":[{"@type":"Article","@id":"https:\/\/infocul.pt\/arquivo\/actualidade\/leitaria-da-anunciada-apresentou-nova-carta-com-assinatura-do-chef-carlos-augusto\/#article","isPartOf":{"@id":"https:\/\/infocul.pt\/arquivo\/actualidade\/leitaria-da-anunciada-apresentou-nova-carta-com-assinatura-do-chef-carlos-augusto\/"},"author":{"name":"Rui Lavrador","@id":"https:\/\/infocul.pt\/arquivo\/#\/schema\/person\/060a108d7f2d85fc6aae505119ee5234"},"headline":"Leitaria da Anunciada apresentou nova carta com assinatura do Chef Carlos Augusto","datePublished":"2020-02-08T13:02:04+00:00","dateModified":"2020-07-03T23:40:17+00:00","mainEntityOfPage":{"@id":"https:\/\/infocul.pt\/arquivo\/actualidade\/leitaria-da-anunciada-apresentou-nova-carta-com-assinatura-do-chef-carlos-augusto\/"},"wordCount":313,"commentCount":0,"publisher":{"@id":"https:\/\/infocul.pt\/arquivo\/#organization"},"image":{"@id":"https:\/\/infocul.pt\/arquivo\/actualidade\/leitaria-da-anunciada-apresentou-nova-carta-com-assinatura-do-chef-carlos-augusto\/#primaryimage"},"thumbnailUrl":"https:\/\/infocul.pt\/arquivo\/wp-content\/uploads\/2020\/02\/29064098_1626479610723151_6619750265725775481_o.jpg","keywords":["Fado","Gastronomia","Jo\u00e3o Loy","Leitaria da Anunciada","Lisboa"],"articleSection":["Actualidade","Destaque","Reportagens","Turismo"],"inLanguage":"pt-PT"},{"@type":"WebPage","@id":"https:\/\/infocul.pt\/arquivo\/actualidade\/leitaria-da-anunciada-apresentou-nova-carta-com-assinatura-do-chef-carlos-augusto\/","url":"https:\/\/infocul.pt\/arquivo\/actualidade\/leitaria-da-anunciada-apresentou-nova-carta-com-assinatura-do-chef-carlos-augusto\/","name":"Leitaria da Anunciada apresentou nova carta com assinatura do Chef Carlos Augusto | Infocul.pt - Arquivo Digital","isPartOf":{"@id":"https:\/\/infocul.pt\/arquivo\/#website"},"primaryImageOfPage":{"@id":"https:\/\/infocul.pt\/arquivo\/actualidade\/leitaria-da-anunciada-apresentou-nova-carta-com-assinatura-do-chef-carlos-augusto\/#primaryimage"},"image":{"@id":"https:\/\/infocul.pt\/arquivo\/actualidade\/leitaria-da-anunciada-apresentou-nova-carta-com-assinatura-do-chef-carlos-augusto\/#primaryimage"},"thumbnailUrl":"https:\/\/infocul.pt\/arquivo\/wp-content\/uploads\/2020\/02\/29064098_1626479610723151_6619750265725775481_o.jpg","datePublished":"2020-02-08T13:02:04+00:00","dateModified":"2020-07-03T23:40:17+00:00","description":"Leitaria da Anunciada apresentou nova carta com assinatura do Chef Carlos Augusto | Infocul.pt - Arquivo Digital","breadcrumb":{"@id":"https:\/\/infocul.pt\/arquivo\/actualidade\/leitaria-da-anunciada-apresentou-nova-carta-com-assinatura-do-chef-carlos-augusto\/#breadcrumb"},"inLanguage":"pt-PT","potentialAction":[{"@type":"ReadAction","target":["https:\/\/infocul.pt\/arquivo\/actualidade\/leitaria-da-anunciada-apresentou-nova-carta-com-assinatura-do-chef-carlos-augusto\/"]}]},{"@type":"ImageObject","inLanguage":"pt-PT","@id":"https:\/\/infocul.pt\/arquivo\/actualidade\/leitaria-da-anunciada-apresentou-nova-carta-com-assinatura-do-chef-carlos-augusto\/#primaryimage","url":"https:\/\/infocul.pt\/arquivo\/wp-content\/uploads\/2020\/02\/29064098_1626479610723151_6619750265725775481_o.jpg","contentUrl":"https:\/\/infocul.pt\/arquivo\/wp-content\/uploads\/2020\/02\/29064098_1626479610723151_6619750265725775481_o.jpg","width":960,"height":960},{"@type":"BreadcrumbList","@id":"https:\/\/infocul.pt\/arquivo\/actualidade\/leitaria-da-anunciada-apresentou-nova-carta-com-assinatura-do-chef-carlos-augusto\/#breadcrumb","itemListElement":[{"@type":"ListItem","position":1,"name":"Home","item":"https:\/\/infocul.pt\/arquivo\/"},{"@type":"ListItem","position":2,"name":"Leitaria da Anunciada apresentou nova carta com assinatura do Chef Carlos Augusto"}]},{"@type":"WebSite","@id":"https:\/\/infocul.pt\/arquivo\/#website","url":"https:\/\/infocul.pt\/arquivo\/","name":"Infocul.pt - Arquivo Digital","description":"Arquivo digital da Infocul.pt","publisher":{"@id":"https:\/\/infocul.pt\/arquivo\/#organization"},"potentialAction":[{"@type":"SearchAction","target":{"@type":"EntryPoint","urlTemplate":"https:\/\/infocul.pt\/arquivo\/?s={search_term_string}"},"query-input":{"@type":"PropertyValueSpecification","valueRequired":true,"valueName":"search_term_string"}}],"inLanguage":"pt-PT"},{"@type":"Organization","@id":"https:\/\/infocul.pt\/arquivo\/#organization","name":"Infocul.pt","url":"https:\/\/infocul.pt\/arquivo\/","logo":{"@type":"ImageObject","inLanguage":"pt-PT","@id":"https:\/\/infocul.pt\/arquivo\/#\/schema\/logo\/image\/","url":"https:\/\/infocul.pt\/arquivo\/wp-content\/uploads\/2018\/12\/Infocul_logo-1.png","contentUrl":"https:\/\/infocul.pt\/arquivo\/wp-content\/uploads\/2018\/12\/Infocul_logo-1.png","width":800,"height":800,"caption":"Infocul.pt"},"image":{"@id":"https:\/\/infocul.pt\/arquivo\/#\/schema\/logo\/image\/"},"sameAs":["https:\/\/www.facebook.com\/Infocul-147816815585015\/","https:\/\/x.com\/Infoculpt","http:\/\/www.pictaram.com\/user\/infocul.pt\/2370423710","https:\/\/www.youtube.com\/channel\/UCYEB91AGI9FL9ek2i_IaQAA"]},{"@type":"Person","@id":"https:\/\/infocul.pt\/arquivo\/#\/schema\/person\/060a108d7f2d85fc6aae505119ee5234","name":"Rui Lavrador","image":{"@type":"ImageObject","inLanguage":"pt-PT","@id":"https:\/\/secure.gravatar.com\/avatar\/93febd6873394aa8e975148548a0cb203acfdd42d2c85c5f1408e1a76678aece?s=96&d=mm&r=g","url":"https:\/\/secure.gravatar.com\/avatar\/93febd6873394aa8e975148548a0cb203acfdd42d2c85c5f1408e1a76678aece?s=96&d=mm&r=g","contentUrl":"https:\/\/secure.gravatar.com\/avatar\/93febd6873394aa8e975148548a0cb203acfdd42d2c85c5f1408e1a76678aece?s=96&d=mm&r=g","caption":"Rui Lavrador"},"description":"Iniciou em 2011 o seu percurso em comunica\u00e7\u00e3o social, tendo integrado v\u00e1rios projectos editoriais. Durante o seu percurso integrou projectos como Jornal Hardm\u00fasica, LusoNot\u00edcias, Toureio.pt, ODigital.pt, entre outros \u00d3rg\u00e3os de Comunica\u00e7\u00e3o Social nacionais, na redac\u00e7\u00e3o de v\u00e1rios artigos. Entrevistou a grande maioria das personalidades mais importantes da vida social e cultural do pa\u00eds, destacando-se, tamb\u00e9m, na aprecia\u00e7\u00e3o de v\u00e1rios espect\u00e1culos. Durante o seu percurso, deu a conhecer v\u00e1rios artistas, at\u00e9 ent\u00e3o desconhecidos, ao grande p\u00fablico. Em 2015 criou e fundou o Infocul.pt, projecto no qual assume a direc\u00e7\u00e3o editorial.","sameAs":["http:\/\/www.infocul.pt"]}]}},"_links":{"self":[{"href":"https:\/\/infocul.pt\/arquivo\/wp-json\/wp\/v2\/posts\/66162","targetHints":{"allow":["GET"]}}],"collection":[{"href":"https:\/\/infocul.pt\/arquivo\/wp-json\/wp\/v2\/posts"}],"about":[{"href":"https:\/\/infocul.pt\/arquivo\/wp-json\/wp\/v2\/types\/post"}],"author":[{"embeddable":true,"href":"https:\/\/infocul.pt\/arquivo\/wp-json\/wp\/v2\/users\/2"}],"replies":[{"embeddable":true,"href":"https:\/\/infocul.pt\/arquivo\/wp-json\/wp\/v2\/comments?post=66162"}],"version-history":[{"count":0,"href":"https:\/\/infocul.pt\/arquivo\/wp-json\/wp\/v2\/posts\/66162\/revisions"}],"wp:featuredmedia":[{"embeddable":true,"href":"https:\/\/infocul.pt\/arquivo\/wp-json\/wp\/v2\/media\/66342"}],"wp:attachment":[{"href":"https:\/\/infocul.pt\/arquivo\/wp-json\/wp\/v2\/media?parent=66162"}],"wp:term":[{"taxonomy":"category","embeddable":true,"href":"https:\/\/infocul.pt\/arquivo\/wp-json\/wp\/v2\/categories?post=66162"},{"taxonomy":"post_tag","embeddable":true,"href":"https:\/\/infocul.pt\/arquivo\/wp-json\/wp\/v2\/tags?post=66162"}],"curies":[{"name":"wp","href":"https:\/\/api.w.org\/{rel}","templated":true}]}}