{"id":66334,"date":"2020-02-08T10:45:46","date_gmt":"2020-02-08T10:45:46","guid":{"rendered":"https:\/\/infocul.pt\/?p=66334"},"modified":"2020-02-08T10:45:46","modified_gmt":"2020-02-08T10:45:46","slug":"fuga-criamos-um-projecto-com-o-maximo-de-honestidade-musical-possivel","status":"publish","type":"post","link":"https:\/\/infocul.pt\/arquivo\/cultura\/fuga-criamos-um-projecto-com-o-maximo-de-honestidade-musical-possivel\/","title":{"rendered":"Fuga: &#8220;Cri\u00e1mos um projecto com o m\u00e1ximo de honestidade musical poss\u00edvel&#8221;"},"content":{"rendered":"<p align=\"left\"><img decoding=\"async\" class=\"aligncenter wp-image-66336 size-full lazyload\" data-src=\"https:\/\/infocul.pt\/arquivo\/wp-content\/uploads\/2020\/02\/84283773_803919946751808_428253757474603008_o.jpg\" alt=\"\" width=\"960\" height=\"720\" data-srcset=\"https:\/\/infocul.pt\/arquivo\/wp-content\/uploads\/2020\/02\/84283773_803919946751808_428253757474603008_o.jpg 960w, https:\/\/infocul.pt\/arquivo\/wp-content\/uploads\/2020\/02\/84283773_803919946751808_428253757474603008_o-300x225.jpg 300w, https:\/\/infocul.pt\/arquivo\/wp-content\/uploads\/2020\/02\/84283773_803919946751808_428253757474603008_o-768x576.jpg 768w\" data-sizes=\"(max-width: 960px) 100vw, 960px\" src=\"data:image\/svg+xml;base64,PHN2ZyB3aWR0aD0iMSIgaGVpZ2h0PSIxIiB4bWxucz0iaHR0cDovL3d3dy53My5vcmcvMjAwMC9zdmciPjwvc3ZnPg==\" style=\"--smush-placeholder-width: 960px; --smush-placeholder-aspect-ratio: 960\/720;\" \/><\/p>\n<p align=\"left\"><span style=\"font-family: Liberation Serif, serif;\"><span style=\"font-size: medium;\"><span style=\"color: #333333;\"><span style=\"color: #000000;\">Em 2019, nasceu um novo projecto musical em Portugal. De nome Fuga, constitu\u00eddo por 4 elementos, promete n\u00e3o ser apenas mais um projecto na cena musical portuguesa. E para perceber como ir\u00e3o conseguir isto, fomos entrevist\u00e1-los.<\/span><\/span><\/span><\/span><!--more--><\/p>\n<p align=\"left\"><span style=\"font-family: Liberation Serif, serif;\"><span style=\"font-size: medium;\"><span style=\"color: #333333;\"><span style=\"color: #000000;\">Isaac Pimenta, Andr\u00e9 Prista, Miguel Branco e David Trindade integram um projecto cuja base musical ser\u00e1 o pop-rock, e em portugu\u00eas, mas que n\u00e3o fecha portas a outras influ\u00eancias. At\u00e9 ao momento, gravaram j\u00e1 tr\u00eas temas e os planos est\u00e3o j\u00e1 todos delineados&#8230;agora falta concretiz\u00e1-los.\u00a0<\/span><\/span><\/span><\/span><\/p>\n<p align=\"left\"><span style=\"font-family: Liberation Serif, serif;\"><span style=\"font-size: medium;\"><span style=\"color: #333333;\"><span style=\"color: #000000;\">Andr\u00e9 Prista foi o porta-voz do grupo, numa entrevista que publicamos de seguida.<\/span><\/span><\/span><\/span><\/p>\n<p align=\"left\">\n<p align=\"left\"><em><span style=\"font-family: Liberation Serif, serif;\"><span style=\"font-size: medium;\"><span style=\"color: #333333;\"><span style=\"color: #000000;\">Fuga \u00e9 um projecto que surge quando e com que objectivo?<\/span><\/span><\/span><\/span><\/em><\/p>\n<p align=\"left\"><em><strong>Os FUGA, como o pr\u00f3prio nome indica, s\u00e3o uma forma de fugir \u00e0 nossa \u201cpraia\u201d pessoal, \u00e0s rotinas do dia a dia, a tudo o que \u00e9 levado como garantido. Juntos, cri\u00e1mos um projecto com o m\u00e1ximo de honestidade musical poss\u00edvel e, assim, vamos tentar fazer algo mais no panorama Portugu\u00eas.<\/strong><\/em><\/p>\n<p align=\"left\">\n<p align=\"left\"><em><span style=\"font-family: Liberation Serif, serif;\"><span style=\"font-size: medium;\"><span style=\"color: #333333;\"><span style=\"color: #000000;\">Na vossa biografia, revelam que pretendem \u201crevolucionar conceitos e estilos musicais\u201d e que n\u00e3o querem ser apenas mais uma banda de pop-rock. De que forma o pretendem fazer?<\/span><\/span><\/span><\/span><\/em><\/p>\n<p align=\"left\"><em><strong><span style=\"font-family: Liberation Serif, serif;\"><span style=\"font-size: medium;\"><span style=\"color: #333333;\"><span style=\"color: #000000;\">O tempo o dir\u00e1, mas acredito que de forma controlada e devidamente pensada, traremos algo que nos orgulhe e fa\u00e7a quem nos ouve sentir algo bom&#8230; Temos alguns planos, n\u00e3o queremos revelar todos porque s\u00e3o muitos para quem ainda agora come\u00e7ou, mas prometemos n\u00e3o ser s\u00f3 uma banda sempre igual.<\/span><\/span><\/span><\/span><\/strong><\/em><\/p>\n<p align=\"left\"><em><span style=\"font-family: Liberation Serif, serif;\"><span style=\"font-size: medium;\"><span style=\"color: #333333;\"><span style=\"color: #000000;\">H\u00e1 quanto tempo se conhecem?<\/span><\/span><\/span><\/span><\/em><\/p>\n<p align=\"left\"><em><strong><span style=\"font-family: Liberation Serif, serif;\"><span style=\"font-size: medium;\"><span style=\"color: #333333;\"><span style=\"color: #000000;\">Eu e o David j\u00e1 t\u00ednhamos algumas \u201cvontades musicais\u201d passadas, mas a vida levou-nos a continuar os proje<\/span><\/span><span style=\"color: #000000;\">ctos presentes da altura e aguardar por uma oportunidade mais propicia. Essa oportunidade chegou quando falei dos meus objectivos, mostrei a voz e percebemos a personalidade do Isaac, que, por sua vez, nos apresentou, tamb\u00e9m de Santar\u00e9m, o Miguel. Dois para dois, entre Lisboa e Santar\u00e9m, nascem os Fuga!<\/span><\/span><\/span><\/strong><\/em><\/p>\n<p align=\"left\">\n<p align=\"left\"><em><span style=\"font-family: Liberation Serif, serif;\"><span style=\"font-size: medium;\"><span style=\"color: #333333;\"><span style=\"color: #000000;\">H\u00e1, pelo menos, tr\u00eas temas gravados: \u201cAmanh\u00e3\u201d, \u201cRealidade On\u00edrica\u201d e \u201cNasce Assim\u201d. Como descrevem cada um destes temas?<\/span><\/span><\/span><\/span><\/em><\/p>\n<p align=\"left\"><em><strong><span style=\"font-family: 'Liberation Serif', serif; color: #000000;\"><span style=\"font-size: medium;\">A m\u00fasica \u201cAmanh\u00e3\u201d foi o \u00faltimo single que lan\u00e7\u00e1mos. Surgiu com um momento muito pesado na minha vida. Infelizmente algu\u00e9m que me era querido estava numa fase terminal de uma dura luta contra o cancro e, o sofrer de anos estava congelado naqueles \u00faltimos dias, todo o ambiente e o que se viveu ( de forma absolutamente \u00f3bvia pela Ana Rita, mas especialmente pela fam\u00edlia) fez com que a homenagem surgisse. A m\u00fasica foi criada com a Ana, ainda em vida, e infelizmente, a m\u00fasica foi terminada pelo falecimento. Foi um momento duro e como a forma de express\u00e3o dos m\u00fasicos surge da sua arte, foi o que me saiu de forma honesta e para que se possa recordar sempre&#8230; No espa\u00e7o de 1 m\u00eas, uma pessoa ligada ao Isaac e outra ao David, faleceram pelo mesmo motivo o que tornou a m\u00fasica ainda mais importante para n\u00f3s.<\/span><\/span><\/strong><\/em><\/p>\n<p><iframe title=\"FUGA - Amanh\u00e3 (Official Video)\" width=\"500\" height=\"281\" data-src=\"https:\/\/www.youtube.com\/embed\/GJcIYZdhRFI?feature=oembed\" frameborder=\"0\" allow=\"accelerometer; autoplay; clipboard-write; encrypted-media; gyroscope; picture-in-picture; web-share\" referrerpolicy=\"strict-origin-when-cross-origin\" allowfullscreen src=\"data:image\/svg+xml;base64,PHN2ZyB3aWR0aD0iMSIgaGVpZ2h0PSIxIiB4bWxucz0iaHR0cDovL3d3dy53My5vcmcvMjAwMC9zdmciPjwvc3ZnPg==\" class=\"lazyload\" data-load-mode=\"1\"><\/iframe><\/p>\n<p align=\"left\"><em><strong><span style=\"font-family: 'Liberation Serif', serif; color: #000000;\"><span style=\"font-size: medium;\">A \u201cRealidade On\u00edrica\u201d fala do momento chave em que n\u00e3o pensas em nada, esqueces-te do mundo e tudo parece encaixar bem. Fala daqueles momentos m\u00e1gicos em que sentes que s\u00f3 importa o que est\u00e1s a viver e a sentir.<\/span><\/span><\/strong><\/em><\/p>\n<p><iframe title=\"FUGA - Realidade On\u00edrica (Official Video)\" width=\"500\" height=\"281\" data-src=\"https:\/\/www.youtube.com\/embed\/9zibSoaRbrg?feature=oembed\" frameborder=\"0\" allow=\"accelerometer; autoplay; clipboard-write; encrypted-media; gyroscope; picture-in-picture; web-share\" referrerpolicy=\"strict-origin-when-cross-origin\" allowfullscreen src=\"data:image\/svg+xml;base64,PHN2ZyB3aWR0aD0iMSIgaGVpZ2h0PSIxIiB4bWxucz0iaHR0cDovL3d3dy53My5vcmcvMjAwMC9zdmciPjwvc3ZnPg==\" class=\"lazyload\" data-load-mode=\"1\"><\/iframe><\/p>\n<p align=\"left\"><em><strong><span style=\"font-family: 'Liberation Serif', serif; color: #000000;\"><span style=\"font-size: medium;\">A \u201cNasce Assim\u201d tem v\u00e1rias formas de ser interpretada, mas apenas uma de ser ouvida. Fala de amor. Daquele amor mais puro que nasce de ver, falar, sorrir, planear e crescer \u2013 como o crescimento musical no decorrer dos 3 minutos de m\u00fasica. Depois \u00e9 um amor que n\u00e3o tem apenas o significado mais direto como o de duas pessoas, mas sim de um amor entre um neto e um av\u00f4, ou uma pessoa e um animal de estima\u00e7\u00e3o, enfim&#8230; qualquer primeiro afeto no sentido crescente que nos traga bons sentimentos e vontade de estar.<\/span><\/span><\/strong><\/em><\/p>\n<p align=\"left\"><em><strong><span style=\"font-family: 'Liberation Serif', serif; color: #000000;\"><span style=\"font-size: medium;\">Em \u00faltima an\u00e1lise, \u00e9 preciso nascer para come\u00e7ar, e n\u00f3s&#8230; N\u00f3s nascemos enquanto banda e esperamos crescer de forma saud\u00e1vel.<\/span><\/span><\/strong><\/em><\/p>\n<p>https:\/\/www.youtube.com\/watch?v=lo-b2pWexow<\/p>\n<p align=\"left\"><em><strong><span style=\"font-family: 'Liberation Serif', serif; color: #000000;\"><span style=\"font-size: medium;\">M\u00fasica sem sentimento \u00e9 m\u00fasica que n\u00e3o nos toca. Mais s\u00e9rios, mais reais, mais hist\u00f3ria, mais fantasia&#8230; de p\u00e9s assentes na terra j\u00e1 basta a vida de adultos, vamos deixar que a m\u00fasica nos leve e nos fa\u00e7a fugir&#8230;<\/span><\/span><\/strong><\/em><\/p>\n<p align=\"left\">\n<p align=\"left\"><em><span style=\"font-family: Liberation Serif, serif;\"><span style=\"font-size: medium;\"><span style=\"color: #333333;\"><span style=\"color: #000000;\">Como \u00e9 o vosso processo criativo?<\/span><\/span><\/span><\/span><\/em><\/p>\n<p align=\"left\"><em><strong><span style=\"font-family: Liberation Serif, serif;\"><span style=\"font-size: medium;\"><span style=\"color: #333333;\"><span style=\"color: #000000;\">Neste projecto musical sentimos a vantagem de, para al\u00e9m de m\u00fasicos, estarmos associados \u00e0 produ\u00e7\u00e3o musical, grava\u00e7\u00e3o, etc&#8230; Eu, por exemplo, tenho o meu espa\u00e7o (est\u00fadio A39) ligado \u00e0 produ\u00e7\u00e3o musical, mistura e masteriza\u00e7\u00e3o o que me ajuda muito. A liga\u00e7\u00e3o di\u00e1ria com m\u00fasicos e futuros talentos da m\u00fasica Nacional tamb\u00e9m me inspira e ajuda a estar actualizado.\u00a0<\/span><\/span><\/span><\/span><span style=\"font-family: Liberation Serif, serif;\"><span style=\"font-size: medium;\"><span style=\"color: #333333;\"><span style=\"color: #000000;\">Por ter estas vantagens, normalmente levo o produto j\u00e1 feito e bastante delineado, ou discutimos em conjunto e tratamos das notas musicais de forma bastante focada. Estamos sempre a dialogar e trocar ideias musicais de forma bastante diversificada. No fim do dia, o que conta \u00e9 que nos soe bem e nos fa\u00e7a sentir algo.<\/span><\/span><\/span><\/span><\/strong><\/em><\/p>\n<p align=\"left\">\n<p align=\"left\"><em><span style=\"font-family: Liberation Serif, serif;\"><span style=\"font-size: medium;\"><span style=\"color: #333333;\"><span style=\"color: #000000;\">Para quem n\u00e3o vos conhe\u00e7a, quem integra este projecto?<\/span><\/span><\/span><\/span><\/em><\/p>\n<p align=\"left\"><em><strong><span style=\"font-family: Liberation Serif, serif;\"><span style=\"font-size: medium;\"><span style=\"color: #333333;\"><span style=\"color: #000000;\">Os Fuga s\u00e3o 2 pessoas a que convidam cada ouvinte a fazer parte das suas fugas musicais, para que, em un\u00edssono, usufruam dos prazeres que a m\u00fasica proporciona. Assim, o Isaac Pimenta na voz e eu (Andr\u00e9 Prista) na guitarra convidamos o Miguel Branco no baixo e o David \u201cManiac\u201d Trindade na bateria que, neste momento nutrindo e mantendo a veia ac\u00fastica, despida de preconceitos, provinda de uma fase dura exposta atrav\u00e9s de um poema e notas musicais transformados em single, estamos a preparar, em formato de celebra\u00e7\u00e3o do ano 2020, o primeiro de dois singles de Inverno: \u201cMomento Por Chegar\u201d.<\/span><\/span><\/span><\/span><\/strong><\/em><\/p>\n<p align=\"left\">\n<p align=\"left\"><em><span style=\"font-family: Liberation Serif, serif;\"><span style=\"font-size: medium;\"><span style=\"color: #333333;\"><span style=\"color: #000000;\">Na vossa biografia revelam tamb\u00e9m que pretendem ter um registo comercial. Muitas vezes o registo comercial \u00e9 associada a menor qualidade. Como \u00e9 que far\u00e3o esta gest\u00e3o?<\/span><\/span><\/span><\/span><\/em><\/p>\n<p align=\"left\"><em><strong><span style=\"font-family: Liberation Serif, serif;\"><span style=\"font-size: medium;\"><span style=\"color: #333333;\"><span style=\"color: #000000;\">O registo comercial existe pela nossa no\u00e7\u00e3o e di\u00e1logo sobre as nossas composi\u00e7\u00f5es que, para j\u00e1, abordam temas senso comum. Ainda assim n\u00e3o criamos m\u00fasica com r\u00f3tulos por isso fazemos quest\u00e3o de ter na nossa biografia: \u201cO destino? N\u00e3o sabemos, mas a m\u00fasica e a l\u00edngua portuguesa far\u00e3o parte no nosso caminho conjunto.\u201d. N\u00e3o nos importamos com o comercial, importamo<\/span><\/span><span style=\"color: #333333;\">s-nos em ter boa m\u00fasica, em todos os sentidos.<\/span><\/span><\/span><\/strong><\/em><\/p>\n<p align=\"left\">\n<p align=\"left\"><em><span style=\"font-family: Liberation Serif, serif;\"><span style=\"font-size: medium;\"><span style=\"color: #333333;\"><span style=\"color: #000000;\">Al\u00e9m do pop-rock, que outras sonoridades poderemos ouvir na vossa m\u00fasica?<\/span><\/span><\/span><\/span><\/em><\/p>\n<p align=\"left\"><em><strong><span style=\"font-family: 'Liberation Serif', serif; color: #000000;\"><span style=\"font-size: medium;\">De tudo o que vemos e respiramos&#8230; O que posso dizer \u00e9 que felizmente este projecto musical tem personalidade interna, e a resposta a essa pergunta vir\u00e1, tamb\u00e9m, com o tempo. Respeitamos-nos, temos algumas diverg\u00eancias musicais saud\u00e1veis e, paralelamente, conhecimentos ao n\u00edvel da produ\u00e7\u00e3o, o que nos faz perceber bem o que queremos e por onde podemos ir. O panorama musical Portugu\u00eas \u00e9 diversificado e tem uma qualidade distinta, veremos se as nossas personalidades musicais conjuntas nos fazem fugir no sentido certo, mas que vamos mostrar algumas surpresas&#8230;isso vamos, \u00e9 termos a oportunidade.<\/span><\/span><\/strong><\/em><\/p>\n<p align=\"left\">\n<p align=\"left\"><em><span style=\"font-family: Liberation Serif, serif;\"><span style=\"font-size: medium;\"><span style=\"color: #333333;\"><span style=\"color: #000000;\">Este ser\u00e1 um projecto totalmente cantado em portugu\u00eas?<\/span><\/span><\/span><\/span><\/em><\/p>\n<p align=\"left\"><em><strong><span style=\"font-family: Liberation Serif, serif;\"><span style=\"font-size: medium;\"><span style=\"color: #333333;\"><span style=\"color: #000000;\">Deixa-me dizer da seguinte forma: Eu considero-me uma pessoa lutadora e, para mim, s\u00f3 \u00e9 lutador quem \u00e9 fiel aos seus objectivos. Come\u00e7amos este projecto em Portugu\u00eas porque adoramos a nossa l\u00edngua, o nosso pais (especialmente no Ver\u00e3o) <\/span><\/span><\/span><\/span><\/strong><\/em><span style=\"font-family: Liberation Serif, serif;\"><span style=\"font-size: medium;\"><span style=\"color: #333333;\"><span style=\"color: #000000;\">[risos]<\/span><\/span><\/span><\/span><em><strong><span style=\"font-family: Liberation Serif, serif;\"><span style=\"font-size: medium;\"><span style=\"color: #333333;\"><span style=\"color: #000000;\"> e somos gratos por c\u00e1 estar independentemente dos defeitos, feitios, lutas e tudo mais que existe para dizer (n\u00e3o somos pol\u00edticos, somos m\u00fasicos). <\/span><\/span><\/span><\/span><span style=\"font-family: Liberation Serif, serif;\"><span style=\"font-size: medium;\"><span style=\"color: #333333;\"><span style=\"color: #000000;\">Dito isto, j\u00e1 tive projectos musicais em Ingl\u00eas, n\u00e3o fecho a porta porque os objectivos t\u00eam sempre um prop\u00f3sito, mas os Fuga est\u00e3o focados em Portugal e na l\u00edngua de Cam\u00f5es.<\/span><\/span><\/span><\/span><\/strong><\/em><\/p>\n<p align=\"left\">\n<p align=\"left\"><em><span style=\"font-family: Liberation Serif, serif;\"><span style=\"font-size: medium;\"><span style=\"color: #333333;\"><span style=\"color: #000000;\">Qual a an\u00e1lise que fazem actualmente ao mercado nacional e quais ser\u00e3o os maiores desafios para o projecto Fuga?<\/span><\/span><\/span><\/span><\/em><\/p>\n<p align=\"left\"><em><strong><span style=\"font-family: Liberation Serif, serif;\"><span style=\"font-size: medium;\"><span style=\"color: #333333;\"><span style=\"color: #000000;\">O mercado est\u00e1 complexo, n\u00e3o pelos clich\u00e9s e queixas f\u00e1ceis, mas sim porque a m\u00fasica Portuguesa est\u00e1 Top Top Top em todos os sentidos. Temos grandes produtores, grandes compositores, grandes artistas e principalmente um grande publico consumidor de m\u00fasica Nacional que nos abra\u00e7a de uma forma que de t\u00e3o pequenos parecemos t\u00e3o grandes. O desafio \u00e9 fazer melhor porque o que \u00e9 bom vem sempre ao de cima.<\/span><\/span><\/span><\/span><\/strong><\/em><\/p>\n<p align=\"left\">\n<p align=\"left\"><em><span style=\"font-family: Liberation Serif, serif;\"><span style=\"font-size: medium;\"><span style=\"color: #333333;\"><span style=\"color: #000000;\">Em termos de espect\u00e1culos, o que j\u00e1 pode ser revelado? H\u00e1 conversa\u00e7\u00f5es ou convites?<\/span><\/span><\/span><\/span><\/em><\/p>\n<p align=\"left\"><em><strong><span style=\"color: #000000;\"><span style=\"font-family: Liberation Serif, serif;\"><span style=\"font-size: medium;\">Na realidade temos 3 singles lan\u00e7ados, o pr\u00f3ximo estar\u00e1 dispon\u00edvel dia 14 de Fevereiro de 2020. Somos sonhadores, mas temos os p\u00e9s assentes na terra. Sabemos que um espect\u00e1culo, s\u00f3 por n\u00f3s, nesta altura poderia ser complicado. Esperamos poder abrir espect\u00e1culos ou convites que nos possamos orgulhar e orgulhar quem aposta em n\u00f3s.\u00a0<\/span><\/span><span style=\"font-family: Liberation Serif, serif;\"><span style=\"font-size: medium;\">Vamos fazer agora um showcase ac\u00fastico e privado aos nossos seguidores mais atentos e fi\u00e9is, temos mais algumas iniciativas, mas espect\u00e1culos (como a palavra indica) e \u00e0 nossa exig\u00eancia, ainda n\u00e3o nos deram a oportunidade.<\/span><\/span><\/span><\/strong><\/em><\/p>\n<p>https:\/\/www.facebook.com\/622210861589385\/photos\/a.638999346577203\/803910383419431\/?type=3&#038;theater<\/p>\n<p align=\"left\"><em><span style=\"font-family: Liberation Serif, serif;\"><span style=\"font-size: medium;\"><span style=\"color: #333333;\"><span style=\"color: #000000;\">Onde esperam estar daqui a 10 anos e quais os planos?<\/span><\/span><\/span><\/span><\/em><\/p>\n<p align=\"left\"><em><strong><span style=\"font-family: Liberation Serif, serif;\"><span style=\"font-size: medium;\"><span style=\"color: #333333;\"><span style=\"color: #000000;\">\u00c9 a melhor quest\u00e3o que podias fazer: Talvez numa praia a beber qualquer coisa fresca sem preocupa\u00e7\u00f5es e com toda a gente feliz!!! Vem tamb\u00e9m que as boas pessoas s\u00e3o sempre bem-vindas. N\u00e3o era bom?<\/span><\/span><\/span><\/span><\/strong><\/em><\/p>\n<p align=\"left\"><em><strong><span style=\"font-family: Liberation Serif, serif;\"><span style=\"font-size: medium;\"><span style=\"color: #333333;\"><span style=\"color: #000000;\">N\u00f3s temos tudo planeado, mas a vida musical n\u00e3o nos deixa olhar para os pr\u00f3ximos 10 anos com a clareza que gostar\u00edamos porque a nossa forma de express\u00e3o \u00e9 a m\u00fasica e, por bons ou maus motivos, temos de dar \u00e0 nossa arte a nossa inspira\u00e7\u00e3o.<\/span><\/span><\/span><\/span><\/strong><\/em><\/p>\n<p align=\"left\"><em><strong><span style=\"font-family: Liberation Serif, serif;\"><span style=\"font-size: medium;\"><span style=\"color: #333333;\"><span style=\"color: #000000;\">Como falado, os FUGA lan\u00e7aram a m\u00fasica \u201cAmanh\u00e3\u201d que foi criada, gravada, misturada e masterizada em 2 dias, assim como um v\u00eddeo no fim da mesma semana por uma altura muito complicada na minha vida. <\/span><\/span><\/span><\/span><\/strong><\/em><\/p>\n<p align=\"left\"><em><strong><span style=\"font-family: Liberation Serif, serif;\"><span style=\"font-size: medium;\"><span style=\"color: #333333;\"><span style=\"color: #000000;\">Podemos ter todos os planos do mundo, mas m\u00fasica sem sentimento n\u00e3o \u00e9 m\u00fasica que queremos fazer e, por esse motivo, sempre que a sentirmos temos de a conseguir mostrar que essa sim, \u00e9 real, importante e far\u00e1 com que as pessoas a sintam da forma mais honesta poss\u00edvel. Se for uma homenagem a algu\u00e9m, ainda melhor porque a vida s\u00e3o as pessoas.<\/span><\/span><\/span><\/span><\/strong><\/em><\/p>\n<p align=\"left\">\n","protected":false},"excerpt":{"rendered":"<p>Em 2019, nasceu um novo projecto musical em Portugal. De nome Fuga, constitu\u00eddo por 4 elementos, promete n\u00e3o ser apenas mais um projecto na cena musical portuguesa. E para perceber como ir\u00e3o conseguir isto, fomos entrevist\u00e1-los.<\/p>\n","protected":false},"author":2,"featured_media":66336,"comment_status":"open","ping_status":"closed","sticky":false,"template":"","format":"standard","meta":{"footnotes":""},"categories":[2,36,4,4124],"tags":[8808,8810,8806,8807,8809],"class_list":["post-66334","post","type-post","status-publish","format-standard","has-post-thumbnail","hentry","category-cultura","category-destaque","category-discos","category-entrevistas","tag-andre-prista","tag-david-trindade","tag-fuga","tag-isaac-pimenta","tag-miguel-branco"],"yoast_head":"<!-- This site is optimized with the Yoast SEO plugin v27.4 - https:\/\/yoast.com\/product\/yoast-seo-wordpress\/ -->\n<title>Fuga: &quot;Cri\u00e1mos um projecto com o m\u00e1ximo de honestidade musical poss\u00edvel&quot; | Infocul.pt - Arquivo Digital<\/title>\n<meta name=\"description\" content=\"Fuga: &quot;Cri\u00e1mos um projecto com o m\u00e1ximo de honestidade musical poss\u00edvel&quot; | Infocul.pt - Arquivo Digital\" \/>\n<meta name=\"robots\" content=\"noindex, follow, max-snippet:-1, max-image-preview:large, max-video-preview:-1\" \/>\n<meta property=\"og:locale\" content=\"pt_PT\" \/>\n<meta property=\"og:type\" content=\"article\" \/>\n<meta property=\"og:title\" content=\"Fuga: &quot;Cri\u00e1mos um projecto com o m\u00e1ximo de honestidade musical poss\u00edvel&quot; | Infocul.pt - Arquivo Digital\" \/>\n<meta property=\"og:description\" content=\"Fuga: &quot;Cri\u00e1mos um projecto com o m\u00e1ximo de honestidade musical poss\u00edvel&quot; | Infocul.pt - Arquivo Digital\" \/>\n<meta property=\"og:url\" content=\"https:\/\/infocul.pt\/arquivo\/cultura\/fuga-criamos-um-projecto-com-o-maximo-de-honestidade-musical-possivel\/\" \/>\n<meta property=\"og:site_name\" content=\"Infocul.pt - Arquivo Digital\" \/>\n<meta property=\"article:publisher\" content=\"https:\/\/www.facebook.com\/Infocul-147816815585015\/\" \/>\n<meta property=\"article:published_time\" content=\"2020-02-08T10:45:46+00:00\" \/>\n<meta property=\"og:image\" content=\"https:\/\/infocul.pt\/arquivo\/wp-content\/uploads\/2020\/02\/84283773_803919946751808_428253757474603008_o.jpg\" \/>\n\t<meta property=\"og:image:width\" content=\"960\" \/>\n\t<meta property=\"og:image:height\" content=\"720\" \/>\n\t<meta property=\"og:image:type\" content=\"image\/jpeg\" \/>\n<meta name=\"author\" content=\"Rui Lavrador\" \/>\n<meta name=\"twitter:card\" content=\"summary_large_image\" \/>\n<meta name=\"twitter:creator\" content=\"@Infoculpt\" \/>\n<meta name=\"twitter:site\" content=\"@Infoculpt\" \/>\n<meta name=\"twitter:label1\" content=\"Escrito por\" \/>\n\t<meta name=\"twitter:data1\" content=\"Rui Lavrador\" \/>\n\t<meta name=\"twitter:label2\" content=\"Tempo estimado de leitura\" \/>\n\t<meta name=\"twitter:data2\" content=\"9 minutos\" \/>\n<script type=\"application\/ld+json\" class=\"yoast-schema-graph\">{\"@context\":\"https:\\\/\\\/schema.org\",\"@graph\":[{\"@type\":\"Article\",\"@id\":\"https:\\\/\\\/infocul.pt\\\/arquivo\\\/cultura\\\/fuga-criamos-um-projecto-com-o-maximo-de-honestidade-musical-possivel\\\/#article\",\"isPartOf\":{\"@id\":\"https:\\\/\\\/infocul.pt\\\/arquivo\\\/cultura\\\/fuga-criamos-um-projecto-com-o-maximo-de-honestidade-musical-possivel\\\/\"},\"author\":{\"name\":\"Rui Lavrador\",\"@id\":\"https:\\\/\\\/infocul.pt\\\/arquivo\\\/#\\\/schema\\\/person\\\/060a108d7f2d85fc6aae505119ee5234\"},\"headline\":\"Fuga: &#8220;Cri\u00e1mos um projecto com o m\u00e1ximo de honestidade musical poss\u00edvel&#8221;\",\"datePublished\":\"2020-02-08T10:45:46+00:00\",\"mainEntityOfPage\":{\"@id\":\"https:\\\/\\\/infocul.pt\\\/arquivo\\\/cultura\\\/fuga-criamos-um-projecto-com-o-maximo-de-honestidade-musical-possivel\\\/\"},\"wordCount\":1765,\"commentCount\":0,\"publisher\":{\"@id\":\"https:\\\/\\\/infocul.pt\\\/arquivo\\\/#organization\"},\"image\":{\"@id\":\"https:\\\/\\\/infocul.pt\\\/arquivo\\\/cultura\\\/fuga-criamos-um-projecto-com-o-maximo-de-honestidade-musical-possivel\\\/#primaryimage\"},\"thumbnailUrl\":\"https:\\\/\\\/infocul.pt\\\/arquivo\\\/wp-content\\\/uploads\\\/2020\\\/02\\\/84283773_803919946751808_428253757474603008_o.jpg\",\"keywords\":[\"Andr\u00e9 Prista\",\"David Trindade\",\"Fuga\",\"Isaac Pimenta\",\"Miguel Branco\"],\"articleSection\":[\"Cultura\",\"Destaque\",\"Discos\",\"Entrevistas\"],\"inLanguage\":\"pt-PT\"},{\"@type\":\"WebPage\",\"@id\":\"https:\\\/\\\/infocul.pt\\\/arquivo\\\/cultura\\\/fuga-criamos-um-projecto-com-o-maximo-de-honestidade-musical-possivel\\\/\",\"url\":\"https:\\\/\\\/infocul.pt\\\/arquivo\\\/cultura\\\/fuga-criamos-um-projecto-com-o-maximo-de-honestidade-musical-possivel\\\/\",\"name\":\"Fuga: \\\"Cri\u00e1mos um projecto com o m\u00e1ximo de honestidade musical poss\u00edvel\\\" | Infocul.pt - Arquivo Digital\",\"isPartOf\":{\"@id\":\"https:\\\/\\\/infocul.pt\\\/arquivo\\\/#website\"},\"primaryImageOfPage\":{\"@id\":\"https:\\\/\\\/infocul.pt\\\/arquivo\\\/cultura\\\/fuga-criamos-um-projecto-com-o-maximo-de-honestidade-musical-possivel\\\/#primaryimage\"},\"image\":{\"@id\":\"https:\\\/\\\/infocul.pt\\\/arquivo\\\/cultura\\\/fuga-criamos-um-projecto-com-o-maximo-de-honestidade-musical-possivel\\\/#primaryimage\"},\"thumbnailUrl\":\"https:\\\/\\\/infocul.pt\\\/arquivo\\\/wp-content\\\/uploads\\\/2020\\\/02\\\/84283773_803919946751808_428253757474603008_o.jpg\",\"datePublished\":\"2020-02-08T10:45:46+00:00\",\"description\":\"Fuga: \\\"Cri\u00e1mos um projecto com o m\u00e1ximo de honestidade musical poss\u00edvel\\\" | Infocul.pt - Arquivo Digital\",\"breadcrumb\":{\"@id\":\"https:\\\/\\\/infocul.pt\\\/arquivo\\\/cultura\\\/fuga-criamos-um-projecto-com-o-maximo-de-honestidade-musical-possivel\\\/#breadcrumb\"},\"inLanguage\":\"pt-PT\",\"potentialAction\":[{\"@type\":\"ReadAction\",\"target\":[\"https:\\\/\\\/infocul.pt\\\/arquivo\\\/cultura\\\/fuga-criamos-um-projecto-com-o-maximo-de-honestidade-musical-possivel\\\/\"]}]},{\"@type\":\"ImageObject\",\"inLanguage\":\"pt-PT\",\"@id\":\"https:\\\/\\\/infocul.pt\\\/arquivo\\\/cultura\\\/fuga-criamos-um-projecto-com-o-maximo-de-honestidade-musical-possivel\\\/#primaryimage\",\"url\":\"https:\\\/\\\/infocul.pt\\\/arquivo\\\/wp-content\\\/uploads\\\/2020\\\/02\\\/84283773_803919946751808_428253757474603008_o.jpg\",\"contentUrl\":\"https:\\\/\\\/infocul.pt\\\/arquivo\\\/wp-content\\\/uploads\\\/2020\\\/02\\\/84283773_803919946751808_428253757474603008_o.jpg\",\"width\":960,\"height\":720},{\"@type\":\"BreadcrumbList\",\"@id\":\"https:\\\/\\\/infocul.pt\\\/arquivo\\\/cultura\\\/fuga-criamos-um-projecto-com-o-maximo-de-honestidade-musical-possivel\\\/#breadcrumb\",\"itemListElement\":[{\"@type\":\"ListItem\",\"position\":1,\"name\":\"Home\",\"item\":\"https:\\\/\\\/infocul.pt\\\/arquivo\\\/\"},{\"@type\":\"ListItem\",\"position\":2,\"name\":\"Fuga: &#8220;Cri\u00e1mos um projecto com o m\u00e1ximo de honestidade musical poss\u00edvel&#8221;\"}]},{\"@type\":\"WebSite\",\"@id\":\"https:\\\/\\\/infocul.pt\\\/arquivo\\\/#website\",\"url\":\"https:\\\/\\\/infocul.pt\\\/arquivo\\\/\",\"name\":\"Infocul.pt - Arquivo Digital\",\"description\":\"Arquivo digital da Infocul.pt\",\"publisher\":{\"@id\":\"https:\\\/\\\/infocul.pt\\\/arquivo\\\/#organization\"},\"potentialAction\":[{\"@type\":\"SearchAction\",\"target\":{\"@type\":\"EntryPoint\",\"urlTemplate\":\"https:\\\/\\\/infocul.pt\\\/arquivo\\\/?s={search_term_string}\"},\"query-input\":{\"@type\":\"PropertyValueSpecification\",\"valueRequired\":true,\"valueName\":\"search_term_string\"}}],\"inLanguage\":\"pt-PT\"},{\"@type\":\"Organization\",\"@id\":\"https:\\\/\\\/infocul.pt\\\/arquivo\\\/#organization\",\"name\":\"Infocul.pt\",\"url\":\"https:\\\/\\\/infocul.pt\\\/arquivo\\\/\",\"logo\":{\"@type\":\"ImageObject\",\"inLanguage\":\"pt-PT\",\"@id\":\"https:\\\/\\\/infocul.pt\\\/arquivo\\\/#\\\/schema\\\/logo\\\/image\\\/\",\"url\":\"https:\\\/\\\/infocul.pt\\\/arquivo\\\/wp-content\\\/uploads\\\/2018\\\/12\\\/Infocul_logo-1.png\",\"contentUrl\":\"https:\\\/\\\/infocul.pt\\\/arquivo\\\/wp-content\\\/uploads\\\/2018\\\/12\\\/Infocul_logo-1.png\",\"width\":800,\"height\":800,\"caption\":\"Infocul.pt\"},\"image\":{\"@id\":\"https:\\\/\\\/infocul.pt\\\/arquivo\\\/#\\\/schema\\\/logo\\\/image\\\/\"},\"sameAs\":[\"https:\\\/\\\/www.facebook.com\\\/Infocul-147816815585015\\\/\",\"https:\\\/\\\/x.com\\\/Infoculpt\",\"http:\\\/\\\/www.pictaram.com\\\/user\\\/infocul.pt\\\/2370423710\",\"https:\\\/\\\/www.youtube.com\\\/channel\\\/UCYEB91AGI9FL9ek2i_IaQAA\"]},{\"@type\":\"Person\",\"@id\":\"https:\\\/\\\/infocul.pt\\\/arquivo\\\/#\\\/schema\\\/person\\\/060a108d7f2d85fc6aae505119ee5234\",\"name\":\"Rui Lavrador\",\"image\":{\"@type\":\"ImageObject\",\"inLanguage\":\"pt-PT\",\"@id\":\"https:\\\/\\\/secure.gravatar.com\\\/avatar\\\/93febd6873394aa8e975148548a0cb203acfdd42d2c85c5f1408e1a76678aece?s=96&d=mm&r=g\",\"url\":\"https:\\\/\\\/secure.gravatar.com\\\/avatar\\\/93febd6873394aa8e975148548a0cb203acfdd42d2c85c5f1408e1a76678aece?s=96&d=mm&r=g\",\"contentUrl\":\"https:\\\/\\\/secure.gravatar.com\\\/avatar\\\/93febd6873394aa8e975148548a0cb203acfdd42d2c85c5f1408e1a76678aece?s=96&d=mm&r=g\",\"caption\":\"Rui Lavrador\"},\"description\":\"Iniciou em 2011 o seu percurso em comunica\u00e7\u00e3o social, tendo integrado v\u00e1rios projectos editoriais. Durante o seu percurso integrou projectos como Jornal Hardm\u00fasica, LusoNot\u00edcias, Toureio.pt, ODigital.pt, entre outros \u00d3rg\u00e3os de Comunica\u00e7\u00e3o Social nacionais, na redac\u00e7\u00e3o de v\u00e1rios artigos. Entrevistou a grande maioria das personalidades mais importantes da vida social e cultural do pa\u00eds, destacando-se, tamb\u00e9m, na aprecia\u00e7\u00e3o de v\u00e1rios espect\u00e1culos. Durante o seu percurso, deu a conhecer v\u00e1rios artistas, at\u00e9 ent\u00e3o desconhecidos, ao grande p\u00fablico. Em 2015 criou e fundou o Infocul.pt, projecto no qual assume a direc\u00e7\u00e3o editorial.\",\"sameAs\":[\"http:\\\/\\\/www.infocul.pt\"]}]}<\/script>\n<!-- \/ Yoast SEO plugin. -->","yoast_head_json":{"title":"Fuga: \"Cri\u00e1mos um projecto com o m\u00e1ximo de honestidade musical poss\u00edvel\" | Infocul.pt - Arquivo Digital","description":"Fuga: \"Cri\u00e1mos um projecto com o m\u00e1ximo de honestidade musical poss\u00edvel\" | Infocul.pt - Arquivo Digital","robots":{"index":"noindex","follow":"follow","max-snippet":"max-snippet:-1","max-image-preview":"max-image-preview:large","max-video-preview":"max-video-preview:-1"},"og_locale":"pt_PT","og_type":"article","og_title":"Fuga: \"Cri\u00e1mos um projecto com o m\u00e1ximo de honestidade musical poss\u00edvel\" | Infocul.pt - Arquivo Digital","og_description":"Fuga: \"Cri\u00e1mos um projecto com o m\u00e1ximo de honestidade musical poss\u00edvel\" | Infocul.pt - Arquivo Digital","og_url":"https:\/\/infocul.pt\/arquivo\/cultura\/fuga-criamos-um-projecto-com-o-maximo-de-honestidade-musical-possivel\/","og_site_name":"Infocul.pt - Arquivo Digital","article_publisher":"https:\/\/www.facebook.com\/Infocul-147816815585015\/","article_published_time":"2020-02-08T10:45:46+00:00","og_image":[{"width":960,"height":720,"url":"https:\/\/infocul.pt\/arquivo\/wp-content\/uploads\/2020\/02\/84283773_803919946751808_428253757474603008_o.jpg","type":"image\/jpeg"}],"author":"Rui Lavrador","twitter_card":"summary_large_image","twitter_creator":"@Infoculpt","twitter_site":"@Infoculpt","twitter_misc":{"Escrito por":"Rui Lavrador","Tempo estimado de leitura":"9 minutos"},"schema":{"@context":"https:\/\/schema.org","@graph":[{"@type":"Article","@id":"https:\/\/infocul.pt\/arquivo\/cultura\/fuga-criamos-um-projecto-com-o-maximo-de-honestidade-musical-possivel\/#article","isPartOf":{"@id":"https:\/\/infocul.pt\/arquivo\/cultura\/fuga-criamos-um-projecto-com-o-maximo-de-honestidade-musical-possivel\/"},"author":{"name":"Rui Lavrador","@id":"https:\/\/infocul.pt\/arquivo\/#\/schema\/person\/060a108d7f2d85fc6aae505119ee5234"},"headline":"Fuga: &#8220;Cri\u00e1mos um projecto com o m\u00e1ximo de honestidade musical poss\u00edvel&#8221;","datePublished":"2020-02-08T10:45:46+00:00","mainEntityOfPage":{"@id":"https:\/\/infocul.pt\/arquivo\/cultura\/fuga-criamos-um-projecto-com-o-maximo-de-honestidade-musical-possivel\/"},"wordCount":1765,"commentCount":0,"publisher":{"@id":"https:\/\/infocul.pt\/arquivo\/#organization"},"image":{"@id":"https:\/\/infocul.pt\/arquivo\/cultura\/fuga-criamos-um-projecto-com-o-maximo-de-honestidade-musical-possivel\/#primaryimage"},"thumbnailUrl":"https:\/\/infocul.pt\/arquivo\/wp-content\/uploads\/2020\/02\/84283773_803919946751808_428253757474603008_o.jpg","keywords":["Andr\u00e9 Prista","David Trindade","Fuga","Isaac Pimenta","Miguel Branco"],"articleSection":["Cultura","Destaque","Discos","Entrevistas"],"inLanguage":"pt-PT"},{"@type":"WebPage","@id":"https:\/\/infocul.pt\/arquivo\/cultura\/fuga-criamos-um-projecto-com-o-maximo-de-honestidade-musical-possivel\/","url":"https:\/\/infocul.pt\/arquivo\/cultura\/fuga-criamos-um-projecto-com-o-maximo-de-honestidade-musical-possivel\/","name":"Fuga: \"Cri\u00e1mos um projecto com o m\u00e1ximo de honestidade musical poss\u00edvel\" | Infocul.pt - Arquivo Digital","isPartOf":{"@id":"https:\/\/infocul.pt\/arquivo\/#website"},"primaryImageOfPage":{"@id":"https:\/\/infocul.pt\/arquivo\/cultura\/fuga-criamos-um-projecto-com-o-maximo-de-honestidade-musical-possivel\/#primaryimage"},"image":{"@id":"https:\/\/infocul.pt\/arquivo\/cultura\/fuga-criamos-um-projecto-com-o-maximo-de-honestidade-musical-possivel\/#primaryimage"},"thumbnailUrl":"https:\/\/infocul.pt\/arquivo\/wp-content\/uploads\/2020\/02\/84283773_803919946751808_428253757474603008_o.jpg","datePublished":"2020-02-08T10:45:46+00:00","description":"Fuga: \"Cri\u00e1mos um projecto com o m\u00e1ximo de honestidade musical poss\u00edvel\" | Infocul.pt - Arquivo Digital","breadcrumb":{"@id":"https:\/\/infocul.pt\/arquivo\/cultura\/fuga-criamos-um-projecto-com-o-maximo-de-honestidade-musical-possivel\/#breadcrumb"},"inLanguage":"pt-PT","potentialAction":[{"@type":"ReadAction","target":["https:\/\/infocul.pt\/arquivo\/cultura\/fuga-criamos-um-projecto-com-o-maximo-de-honestidade-musical-possivel\/"]}]},{"@type":"ImageObject","inLanguage":"pt-PT","@id":"https:\/\/infocul.pt\/arquivo\/cultura\/fuga-criamos-um-projecto-com-o-maximo-de-honestidade-musical-possivel\/#primaryimage","url":"https:\/\/infocul.pt\/arquivo\/wp-content\/uploads\/2020\/02\/84283773_803919946751808_428253757474603008_o.jpg","contentUrl":"https:\/\/infocul.pt\/arquivo\/wp-content\/uploads\/2020\/02\/84283773_803919946751808_428253757474603008_o.jpg","width":960,"height":720},{"@type":"BreadcrumbList","@id":"https:\/\/infocul.pt\/arquivo\/cultura\/fuga-criamos-um-projecto-com-o-maximo-de-honestidade-musical-possivel\/#breadcrumb","itemListElement":[{"@type":"ListItem","position":1,"name":"Home","item":"https:\/\/infocul.pt\/arquivo\/"},{"@type":"ListItem","position":2,"name":"Fuga: &#8220;Cri\u00e1mos um projecto com o m\u00e1ximo de honestidade musical poss\u00edvel&#8221;"}]},{"@type":"WebSite","@id":"https:\/\/infocul.pt\/arquivo\/#website","url":"https:\/\/infocul.pt\/arquivo\/","name":"Infocul.pt - Arquivo Digital","description":"Arquivo digital da Infocul.pt","publisher":{"@id":"https:\/\/infocul.pt\/arquivo\/#organization"},"potentialAction":[{"@type":"SearchAction","target":{"@type":"EntryPoint","urlTemplate":"https:\/\/infocul.pt\/arquivo\/?s={search_term_string}"},"query-input":{"@type":"PropertyValueSpecification","valueRequired":true,"valueName":"search_term_string"}}],"inLanguage":"pt-PT"},{"@type":"Organization","@id":"https:\/\/infocul.pt\/arquivo\/#organization","name":"Infocul.pt","url":"https:\/\/infocul.pt\/arquivo\/","logo":{"@type":"ImageObject","inLanguage":"pt-PT","@id":"https:\/\/infocul.pt\/arquivo\/#\/schema\/logo\/image\/","url":"https:\/\/infocul.pt\/arquivo\/wp-content\/uploads\/2018\/12\/Infocul_logo-1.png","contentUrl":"https:\/\/infocul.pt\/arquivo\/wp-content\/uploads\/2018\/12\/Infocul_logo-1.png","width":800,"height":800,"caption":"Infocul.pt"},"image":{"@id":"https:\/\/infocul.pt\/arquivo\/#\/schema\/logo\/image\/"},"sameAs":["https:\/\/www.facebook.com\/Infocul-147816815585015\/","https:\/\/x.com\/Infoculpt","http:\/\/www.pictaram.com\/user\/infocul.pt\/2370423710","https:\/\/www.youtube.com\/channel\/UCYEB91AGI9FL9ek2i_IaQAA"]},{"@type":"Person","@id":"https:\/\/infocul.pt\/arquivo\/#\/schema\/person\/060a108d7f2d85fc6aae505119ee5234","name":"Rui Lavrador","image":{"@type":"ImageObject","inLanguage":"pt-PT","@id":"https:\/\/secure.gravatar.com\/avatar\/93febd6873394aa8e975148548a0cb203acfdd42d2c85c5f1408e1a76678aece?s=96&d=mm&r=g","url":"https:\/\/secure.gravatar.com\/avatar\/93febd6873394aa8e975148548a0cb203acfdd42d2c85c5f1408e1a76678aece?s=96&d=mm&r=g","contentUrl":"https:\/\/secure.gravatar.com\/avatar\/93febd6873394aa8e975148548a0cb203acfdd42d2c85c5f1408e1a76678aece?s=96&d=mm&r=g","caption":"Rui Lavrador"},"description":"Iniciou em 2011 o seu percurso em comunica\u00e7\u00e3o social, tendo integrado v\u00e1rios projectos editoriais. Durante o seu percurso integrou projectos como Jornal Hardm\u00fasica, LusoNot\u00edcias, Toureio.pt, ODigital.pt, entre outros \u00d3rg\u00e3os de Comunica\u00e7\u00e3o Social nacionais, na redac\u00e7\u00e3o de v\u00e1rios artigos. Entrevistou a grande maioria das personalidades mais importantes da vida social e cultural do pa\u00eds, destacando-se, tamb\u00e9m, na aprecia\u00e7\u00e3o de v\u00e1rios espect\u00e1culos. Durante o seu percurso, deu a conhecer v\u00e1rios artistas, at\u00e9 ent\u00e3o desconhecidos, ao grande p\u00fablico. Em 2015 criou e fundou o Infocul.pt, projecto no qual assume a direc\u00e7\u00e3o editorial.","sameAs":["http:\/\/www.infocul.pt"]}]}},"_links":{"self":[{"href":"https:\/\/infocul.pt\/arquivo\/wp-json\/wp\/v2\/posts\/66334","targetHints":{"allow":["GET"]}}],"collection":[{"href":"https:\/\/infocul.pt\/arquivo\/wp-json\/wp\/v2\/posts"}],"about":[{"href":"https:\/\/infocul.pt\/arquivo\/wp-json\/wp\/v2\/types\/post"}],"author":[{"embeddable":true,"href":"https:\/\/infocul.pt\/arquivo\/wp-json\/wp\/v2\/users\/2"}],"replies":[{"embeddable":true,"href":"https:\/\/infocul.pt\/arquivo\/wp-json\/wp\/v2\/comments?post=66334"}],"version-history":[{"count":0,"href":"https:\/\/infocul.pt\/arquivo\/wp-json\/wp\/v2\/posts\/66334\/revisions"}],"wp:featuredmedia":[{"embeddable":true,"href":"https:\/\/infocul.pt\/arquivo\/wp-json\/wp\/v2\/media\/66336"}],"wp:attachment":[{"href":"https:\/\/infocul.pt\/arquivo\/wp-json\/wp\/v2\/media?parent=66334"}],"wp:term":[{"taxonomy":"category","embeddable":true,"href":"https:\/\/infocul.pt\/arquivo\/wp-json\/wp\/v2\/categories?post=66334"},{"taxonomy":"post_tag","embeddable":true,"href":"https:\/\/infocul.pt\/arquivo\/wp-json\/wp\/v2\/tags?post=66334"}],"curies":[{"name":"wp","href":"https:\/\/api.w.org\/{rel}","templated":true}]}}