{"id":66667,"date":"2020-03-23T00:00:48","date_gmt":"2020-03-23T00:00:48","guid":{"rendered":"https:\/\/infocul.pt\/?p=66667"},"modified":"2020-02-14T18:58:35","modified_gmt":"2020-02-14T18:58:35","slug":"grand-sun-com-novo-disco-as-vendas-de-discos-ja-nao-sao-um-factor-assim-tao-eliminatorio-em-oposicao-a-presenca-online","status":"publish","type":"post","link":"https:\/\/infocul.pt\/arquivo\/cultura\/grand-sun-com-novo-disco-as-vendas-de-discos-ja-nao-sao-um-factor-assim-tao-eliminatorio-em-oposicao-a-presenca-online\/","title":{"rendered":"Grand Sun com novo disco: &#8220;As vendas de discos j\u00e1 n\u00e3o s\u00e3o um factor assim t\u00e3o eliminat\u00f3rio, em oposi\u00e7\u00e3o \u00e0 presen\u00e7a online&#8221;"},"content":{"rendered":"<p align=\"left\"><img decoding=\"async\" class=\"aligncenter wp-image-66668 size-full lazyload\" data-src=\"https:\/\/infocul.pt\/arquivo\/wp-content\/uploads\/2020\/02\/Grand-770x513-1-370x370-1.jpg\" alt=\"\" width=\"370\" height=\"370\" data-srcset=\"https:\/\/infocul.pt\/arquivo\/wp-content\/uploads\/2020\/02\/Grand-770x513-1-370x370-1.jpg 370w, https:\/\/infocul.pt\/arquivo\/wp-content\/uploads\/2020\/02\/Grand-770x513-1-370x370-1-300x300.jpg 300w, https:\/\/infocul.pt\/arquivo\/wp-content\/uploads\/2020\/02\/Grand-770x513-1-370x370-1-150x150.jpg 150w\" data-sizes=\"(max-width: 370px) 100vw, 370px\" src=\"data:image\/svg+xml;base64,PHN2ZyB3aWR0aD0iMSIgaGVpZ2h0PSIxIiB4bWxucz0iaHR0cDovL3d3dy53My5vcmcvMjAwMC9zdmciPjwvc3ZnPg==\" style=\"--smush-placeholder-width: 370px; --smush-placeholder-aspect-ratio: 370\/370;\" \/><\/p>\n<p align=\"left\"><span style=\"color: #222222;\">\u2018<\/span><span style=\"font-family: Liberation Serif, serif;\"><span style=\"font-size: medium;\"><span style=\"color: #222222;\">Sal Y Amore\u2019 \u00e9 o disco dos Grand Sun, com edi\u00e7\u00e3o a 27 de Mar\u00e7o. <\/span><span style=\"color: #222222;\">A banda concedeu entrevista ao Infocul.pt, na qual abordou este disco e fez um, pequeno, balan\u00e7o do percurso do grupo.<\/span><\/span><\/span><!--more--><\/p>\n<p align=\"left\"><span style=\"color: #222222; font-family: Liberation Serif, serif; font-size: medium;\">O disco conta com 10 faixas, produ\u00e7\u00e3o e grava\u00e7\u00e3o a cargo de Andr\u00e9 Isidro. A masteriza\u00e7\u00e3o coube a Jo\u00e3o Alves, excepto o tema \u2018Feeling Tired\u2019 que foi masterizado por Filipe Louro.<\/span><\/p>\n<p align=\"left\"><span style=\"font-family: Liberation Serif, serif;\"><span style=\"font-size: medium;\"><span style=\"color: #222222;\">Os Grand Sun s\u00e3o Ant\u00f3nio Reis, Jo\u00e3o Ribeiro, Jo\u00e3o Sim\u00f5es e Miguel Gomes.<\/span><\/span><\/span><\/p>\n<p align=\"left\">\n<p align=\"left\"><span style=\"font-family: Liberation Serif, serif;\"><span style=\"font-size: medium;\"><span style=\"color: #222222;\"><i>O que pode o p\u00fablico esperar deste Sal y Amore?<\/i><\/span><span style=\"color: #222222;\"><b><br \/>\n<\/b><\/span><\/span><\/span><\/p>\n<p align=\"left\"><span style=\"font-family: Liberation Serif, serif;\"><span style=\"font-size: medium;\"><span style=\"color: #222222;\"><i><b>H\u00e1 pouco mais de um ano quando lan\u00e7\u00e1mos o nosso primeiro EP quer\u00edamos imenso apresentar o projecto aos media e tocar ao vivo. Mas depois debatemos-nos com a realidade de percorrer o pa\u00eds, crescer com as adversidades, responsabilidades e lidar com os problemas que foram surgindo. E bater de frente em muitas circunst\u00e2ncias. O Sal Y Amore \u00e9 a genu\u00edna representa\u00e7\u00e3o deste momentum.<\/b><\/i><\/span><\/span><\/span><\/p>\n<p align=\"left\">\n<p align=\"left\"><span style=\"font-family: Liberation Serif, serif;\"><span style=\"font-size: medium;\"><span style=\"color: #222222;\"><i>Quais as grandes novidades que apresentam neste disco, comparativamente <\/i><\/span><span style=\"color: #222222;\"><i>ao que t\u00eam feito?<\/i><\/span><span style=\"color: #222222;\"><b><br \/>\n<\/b><\/span><\/span><\/span><br \/>\n<span style=\"font-family: Liberation Serif, serif;\"><span style=\"font-size: medium;\"><span style=\"color: #222222;\">A<\/span><span style=\"color: #222222;\"><i><b> banda deriva para um som mais cru e pesado que o EP anterior. \u00c9 um disco coeso, com muitas passagens entre m\u00fasicas e instrumentais mais expansivos. H\u00e1 algumas escolhas muito mais arrojadas no que toca \u00e0 produ\u00e7\u00e3o, houve menos pondera\u00e7\u00e3o em rela\u00e7\u00e3o a outras tantas escolhas<\/b><\/i><\/span><span style=\"color: #222222;\">. <\/span><span style=\"color: #222222;\"><i><b>Atingimos aqui com este disco um balan\u00e7o<\/b><\/i><\/span><span style=\"color: #222222;\"> [<\/span><span style=\"color: #222222;\"><i>perfeito para n\u00f3s<\/i><\/span><span style=\"color: #222222;\">] <\/span><span style=\"color: #222222;\"><i><b>entre o pensar e o fazer.<\/b><\/i><\/span><\/span><\/span><\/p>\n<p align=\"left\">\n<p align=\"left\"><span style=\"font-family: Liberation Serif, serif;\"><span style=\"font-size: medium;\"><span style=\"color: #222222;\"><i>O projecto nasceu em 2016. Qual o balan\u00e7o destes 4 anos?<\/i><\/span><span style=\"color: #222222;\"><b><br \/>\n<\/b><\/span><\/span><\/span><br \/>\n<span style=\"font-family: Liberation Serif, serif;\"><span style=\"font-size: medium;\"><span style=\"color: #222222;\"><i><b>4 anos de amor, companheirismo e paci\u00eancia para cara\u00e7as. Positivo, claro.<\/b><\/i><\/span><span style=\"color: #222222;\"><b><\/p>\n<p><\/b><\/span><\/span><\/span><i><\/i><\/p>\n<p align=\"left\"><span style=\"font-family: Liberation Serif, serif;\"><span style=\"font-size: medium;\"><span style=\"color: #222222;\"><i>Quais os maiores desafios que t\u00eam enfrentado?<\/i><\/span><span style=\"color: #222222;\"><b><br \/>\n<\/b><\/span><\/span><\/span><\/p>\n<p align=\"left\"><span style=\"font-family: Liberation Serif, serif;\"><span style=\"font-size: medium;\"><span style=\"color: #222222;\"><i><b>Fora da banda, o desafio \u00e9 alguma dificuldade em programar coisas. O meio anda todo bastante saturado e com pouca vaga para se fazer mais. No nosso lado, esta \u00e9 uma fase de experimenta\u00e7\u00e3o para n\u00f3s porque pela primeira vez temos de lidar com n\u00e3o ter todo o tempo do mundo para a banda, e com as constantes ced\u00eancias e limites pessoais.<\/b><\/i><\/span><span style=\"color: #222222;\"><b><\/p>\n<p><\/b><\/span><\/span><\/span><span style=\"font-family: Liberation Serif, serif;\"><span style=\"font-size: medium;\"><span style=\"color: #222222;\"><i>Como \u00e9 o vosso processo criativo na constru\u00e7\u00e3o dos temas?<\/i><\/span><span style=\"color: #222222;\"><b><br \/>\n<\/b><\/span><\/span><\/span><i><b><\/b><\/i><\/p>\n<p align=\"left\"><span style=\"font-family: Liberation Serif, serif;\"><span style=\"font-size: medium;\"><span style=\"color: #222222;\"><i><b>Absorver o meio e as influ\u00eancias, adaptar o lirismo a um tema tang\u00edvel, e espremer tudo em est\u00fadio.<\/b><\/i><\/span><span style=\"color: #222222;\"><b><\/p>\n<p><\/b><\/span><\/span><\/span><span style=\"font-family: Liberation Serif, serif;\"><span style=\"font-size: medium;\"><span style=\"color: #222222;\"><i>Este disco demorou relativamente pouco tempo a ser gravado. Contudo,quanto tempo demorou to<\/i><\/span><span style=\"color: #222222;\"><i>d<\/i><\/span><span style=\"color: #222222;\"><i>a a pr\u00e9-produ\u00e7\u00e3o do disco, escolha de repert\u00f3rio, etc?<\/i><\/span><span style=\"color: #222222;\"><b><br \/>\n<\/b><\/span><\/span><\/span><br \/>\n<span style=\"font-family: Liberation Serif, serif;\"><span style=\"font-size: medium;\"><span style=\"color: #222222;\"><i><b>De forma mais abrangente, a pr\u00e9-produ\u00e7\u00e3o come\u00e7ou nos primeiros concertos da Tour anterior, onde come\u00e7\u00e1mos logo a experimentar tocar temas que viriam a constar neste novo disco. Depois gradualmente fomos tocando menos EP e mais disco at\u00e9 finais de 2019 quando decidimos o que ia constar e n\u00e3o.<\/b><\/i><\/span><span style=\"color: #222222;\"><b><\/p>\n<p><\/b><\/span><i><\/i><\/span><\/span><\/p>\n<p align=\"left\"><span style=\"font-family: Liberation Serif, serif;\"><span style=\"font-size: medium;\"><span style=\"color: #222222;\"><i>Em termos de espect\u00e1culos o que j\u00e1 est\u00e1 fechado para apresenta\u00e7\u00e3o do disco?<\/i><\/span><span style=\"color: #222222;\"><br \/>\n<\/span><\/span><\/span><br \/>\n<span style=\"font-family: Liberation Serif, serif;\"><span style=\"font-size: medium;\"><span style=\"color: #222222;\"><i><b>N\u00f3s e a Gig., a nossa ag\u00eancia, estamos a tratar de desenhar uma tour porreira que em breve divulgaremos.<\/b><\/i><\/span><span style=\"color: #222222;\"><b><\/p>\n<p><\/b><\/span><\/span><\/span><span style=\"font-family: Liberation Serif, serif;\"><span style=\"font-size: medium;\"><span style=\"color: #222222;\"><i>Em termos de vendas, quais os n\u00fameros que vos deixariam satisfeitos <\/i><\/span><span style=\"color: #222222;\"><i>relativamente<\/i><\/span><span style=\"color: #222222;\"><i> a este disco?<\/i><\/span><span style=\"color: #222222;\"><b><br \/>\n<\/b><\/span><\/span><\/span><br \/>\n<span style=\"font-family: Liberation Serif, serif;\"><span style=\"font-size: medium;\"><span style=\"color: #222222;\"><i><b>Honestamente n\u00e3o temos um n\u00famero em mente. As vendas de discos j\u00e1 n\u00e3o s\u00e3o um factor assim t\u00e3o eliminat\u00f3rio, em oposi\u00e7\u00e3o \u00e0 presen\u00e7a online e \u00e0s possibilidades de concertos (onde teremos, claro, discos f\u00edsicos \u00e0 venda).<\/b><\/i><\/span> <span style=\"color: #222222;\">[sorriem]<\/span><\/span><\/span><\/p>\n<p align=\"left\">\n<p align=\"left\"><span style=\"font-family: Liberation Serif, serif;\"><span style=\"font-size: medium;\"><span style=\"color: #222222;\"><i>Qual a mensagem que deixam aos nossos leitores?<\/i><\/span><span style=\"color: #222222;\"><b><br \/>\n<\/b><\/span><\/span><\/span><br \/>\n<span style=\"font-family: Liberation Serif, serif;\"><span style=\"font-size: medium;\"><i><b><span style=\"color: #222222;\">Sem Sal n\u00e3o h\u00e1 Amore. Mas cuidado com a hipertens\u00e3o. At\u00e9 ao pr\u00f3ximo concerto!<\/span><\/b><\/i><\/span><\/span><\/p>\n","protected":false},"excerpt":{"rendered":"<p>\u2018Sal Y Amore\u2019 \u00e9 o disco dos Grand Sun, com edi\u00e7\u00e3o a 27 de Mar\u00e7o. A banda concedeu entrevista ao Infocul.pt, na qual abordou este disco e fez um, pequeno, balan\u00e7o do percurso do grupo.<\/p>\n","protected":false},"author":2,"featured_media":66668,"comment_status":"open","ping_status":"closed","sticky":false,"template":"","format":"standard","meta":{"footnotes":""},"categories":[2,36,4,4124],"tags":[4606],"class_list":["post-66667","post","type-post","status-publish","format-standard","has-post-thumbnail","hentry","category-cultura","category-destaque","category-discos","category-entrevistas","tag-grand-sun"],"yoast_head":"<!-- This site is optimized with the Yoast SEO plugin v27.4 - https:\/\/yoast.com\/product\/yoast-seo-wordpress\/ -->\n<title>Grand Sun com novo disco: &quot;As vendas de discos j\u00e1 n\u00e3o s\u00e3o um factor assim t\u00e3o eliminat\u00f3rio, em oposi\u00e7\u00e3o \u00e0 presen\u00e7a online&quot; | Infocul.pt - Arquivo Digital<\/title>\n<meta name=\"description\" content=\"Grand Sun com novo disco: &quot;As vendas de discos j\u00e1 n\u00e3o s\u00e3o um factor assim t\u00e3o eliminat\u00f3rio, em oposi\u00e7\u00e3o \u00e0 presen\u00e7a online&quot; | Infocul.pt - Arquivo Digital\" \/>\n<meta name=\"robots\" content=\"noindex, follow, max-snippet:-1, max-image-preview:large, max-video-preview:-1\" \/>\n<meta property=\"og:locale\" content=\"pt_PT\" \/>\n<meta property=\"og:type\" content=\"article\" \/>\n<meta property=\"og:title\" content=\"Grand Sun com novo disco: &quot;As vendas de discos j\u00e1 n\u00e3o s\u00e3o um factor assim t\u00e3o eliminat\u00f3rio, em oposi\u00e7\u00e3o \u00e0 presen\u00e7a online&quot; | Infocul.pt - Arquivo Digital\" \/>\n<meta property=\"og:description\" content=\"Grand Sun com novo disco: &quot;As vendas de discos j\u00e1 n\u00e3o s\u00e3o um factor assim t\u00e3o eliminat\u00f3rio, em oposi\u00e7\u00e3o \u00e0 presen\u00e7a online&quot; | Infocul.pt - Arquivo Digital\" \/>\n<meta property=\"og:url\" content=\"https:\/\/infocul.pt\/arquivo\/cultura\/grand-sun-com-novo-disco-as-vendas-de-discos-ja-nao-sao-um-factor-assim-tao-eliminatorio-em-oposicao-a-presenca-online\/\" \/>\n<meta property=\"og:site_name\" content=\"Infocul.pt - Arquivo Digital\" \/>\n<meta property=\"article:publisher\" content=\"https:\/\/www.facebook.com\/Infocul-147816815585015\/\" \/>\n<meta property=\"article:published_time\" content=\"2020-03-23T00:00:48+00:00\" \/>\n<meta property=\"og:image\" content=\"https:\/\/infocul.pt\/arquivo\/wp-content\/uploads\/2020\/02\/Grand-770x513-1-370x370-1.jpg\" \/>\n\t<meta property=\"og:image:width\" content=\"370\" \/>\n\t<meta property=\"og:image:height\" content=\"370\" \/>\n\t<meta property=\"og:image:type\" content=\"image\/jpeg\" \/>\n<meta name=\"author\" content=\"Rui Lavrador\" \/>\n<meta name=\"twitter:card\" content=\"summary_large_image\" \/>\n<meta name=\"twitter:creator\" content=\"@Infoculpt\" \/>\n<meta name=\"twitter:site\" content=\"@Infoculpt\" \/>\n<meta name=\"twitter:label1\" content=\"Escrito por\" \/>\n\t<meta name=\"twitter:data1\" content=\"Rui Lavrador\" \/>\n\t<meta name=\"twitter:label2\" content=\"Tempo estimado de leitura\" \/>\n\t<meta name=\"twitter:data2\" content=\"3 minutos\" \/>\n<script type=\"application\/ld+json\" class=\"yoast-schema-graph\">{\"@context\":\"https:\\\/\\\/schema.org\",\"@graph\":[{\"@type\":\"Article\",\"@id\":\"https:\\\/\\\/infocul.pt\\\/arquivo\\\/cultura\\\/grand-sun-com-novo-disco-as-vendas-de-discos-ja-nao-sao-um-factor-assim-tao-eliminatorio-em-oposicao-a-presenca-online\\\/#article\",\"isPartOf\":{\"@id\":\"https:\\\/\\\/infocul.pt\\\/arquivo\\\/cultura\\\/grand-sun-com-novo-disco-as-vendas-de-discos-ja-nao-sao-um-factor-assim-tao-eliminatorio-em-oposicao-a-presenca-online\\\/\"},\"author\":{\"name\":\"Rui Lavrador\",\"@id\":\"https:\\\/\\\/infocul.pt\\\/arquivo\\\/#\\\/schema\\\/person\\\/060a108d7f2d85fc6aae505119ee5234\"},\"headline\":\"Grand Sun com novo disco: &#8220;As vendas de discos j\u00e1 n\u00e3o s\u00e3o um factor assim t\u00e3o eliminat\u00f3rio, em oposi\u00e7\u00e3o \u00e0 presen\u00e7a online&#8221;\",\"datePublished\":\"2020-03-23T00:00:48+00:00\",\"mainEntityOfPage\":{\"@id\":\"https:\\\/\\\/infocul.pt\\\/arquivo\\\/cultura\\\/grand-sun-com-novo-disco-as-vendas-de-discos-ja-nao-sao-um-factor-assim-tao-eliminatorio-em-oposicao-a-presenca-online\\\/\"},\"wordCount\":601,\"commentCount\":0,\"publisher\":{\"@id\":\"https:\\\/\\\/infocul.pt\\\/arquivo\\\/#organization\"},\"image\":{\"@id\":\"https:\\\/\\\/infocul.pt\\\/arquivo\\\/cultura\\\/grand-sun-com-novo-disco-as-vendas-de-discos-ja-nao-sao-um-factor-assim-tao-eliminatorio-em-oposicao-a-presenca-online\\\/#primaryimage\"},\"thumbnailUrl\":\"https:\\\/\\\/infocul.pt\\\/arquivo\\\/wp-content\\\/uploads\\\/2020\\\/02\\\/Grand-770x513-1-370x370-1.jpg\",\"keywords\":[\"Grand Sun\"],\"articleSection\":[\"Cultura\",\"Destaque\",\"Discos\",\"Entrevistas\"],\"inLanguage\":\"pt-PT\"},{\"@type\":\"WebPage\",\"@id\":\"https:\\\/\\\/infocul.pt\\\/arquivo\\\/cultura\\\/grand-sun-com-novo-disco-as-vendas-de-discos-ja-nao-sao-um-factor-assim-tao-eliminatorio-em-oposicao-a-presenca-online\\\/\",\"url\":\"https:\\\/\\\/infocul.pt\\\/arquivo\\\/cultura\\\/grand-sun-com-novo-disco-as-vendas-de-discos-ja-nao-sao-um-factor-assim-tao-eliminatorio-em-oposicao-a-presenca-online\\\/\",\"name\":\"Grand Sun com novo disco: \\\"As vendas de discos j\u00e1 n\u00e3o s\u00e3o um factor assim t\u00e3o eliminat\u00f3rio, em oposi\u00e7\u00e3o \u00e0 presen\u00e7a online\\\" | Infocul.pt - Arquivo Digital\",\"isPartOf\":{\"@id\":\"https:\\\/\\\/infocul.pt\\\/arquivo\\\/#website\"},\"primaryImageOfPage\":{\"@id\":\"https:\\\/\\\/infocul.pt\\\/arquivo\\\/cultura\\\/grand-sun-com-novo-disco-as-vendas-de-discos-ja-nao-sao-um-factor-assim-tao-eliminatorio-em-oposicao-a-presenca-online\\\/#primaryimage\"},\"image\":{\"@id\":\"https:\\\/\\\/infocul.pt\\\/arquivo\\\/cultura\\\/grand-sun-com-novo-disco-as-vendas-de-discos-ja-nao-sao-um-factor-assim-tao-eliminatorio-em-oposicao-a-presenca-online\\\/#primaryimage\"},\"thumbnailUrl\":\"https:\\\/\\\/infocul.pt\\\/arquivo\\\/wp-content\\\/uploads\\\/2020\\\/02\\\/Grand-770x513-1-370x370-1.jpg\",\"datePublished\":\"2020-03-23T00:00:48+00:00\",\"description\":\"Grand Sun com novo disco: \\\"As vendas de discos j\u00e1 n\u00e3o s\u00e3o um factor assim t\u00e3o eliminat\u00f3rio, em oposi\u00e7\u00e3o \u00e0 presen\u00e7a online\\\" | Infocul.pt - Arquivo Digital\",\"breadcrumb\":{\"@id\":\"https:\\\/\\\/infocul.pt\\\/arquivo\\\/cultura\\\/grand-sun-com-novo-disco-as-vendas-de-discos-ja-nao-sao-um-factor-assim-tao-eliminatorio-em-oposicao-a-presenca-online\\\/#breadcrumb\"},\"inLanguage\":\"pt-PT\",\"potentialAction\":[{\"@type\":\"ReadAction\",\"target\":[\"https:\\\/\\\/infocul.pt\\\/arquivo\\\/cultura\\\/grand-sun-com-novo-disco-as-vendas-de-discos-ja-nao-sao-um-factor-assim-tao-eliminatorio-em-oposicao-a-presenca-online\\\/\"]}]},{\"@type\":\"ImageObject\",\"inLanguage\":\"pt-PT\",\"@id\":\"https:\\\/\\\/infocul.pt\\\/arquivo\\\/cultura\\\/grand-sun-com-novo-disco-as-vendas-de-discos-ja-nao-sao-um-factor-assim-tao-eliminatorio-em-oposicao-a-presenca-online\\\/#primaryimage\",\"url\":\"https:\\\/\\\/infocul.pt\\\/arquivo\\\/wp-content\\\/uploads\\\/2020\\\/02\\\/Grand-770x513-1-370x370-1.jpg\",\"contentUrl\":\"https:\\\/\\\/infocul.pt\\\/arquivo\\\/wp-content\\\/uploads\\\/2020\\\/02\\\/Grand-770x513-1-370x370-1.jpg\",\"width\":370,\"height\":370},{\"@type\":\"BreadcrumbList\",\"@id\":\"https:\\\/\\\/infocul.pt\\\/arquivo\\\/cultura\\\/grand-sun-com-novo-disco-as-vendas-de-discos-ja-nao-sao-um-factor-assim-tao-eliminatorio-em-oposicao-a-presenca-online\\\/#breadcrumb\",\"itemListElement\":[{\"@type\":\"ListItem\",\"position\":1,\"name\":\"Home\",\"item\":\"https:\\\/\\\/infocul.pt\\\/arquivo\\\/\"},{\"@type\":\"ListItem\",\"position\":2,\"name\":\"Grand Sun com novo disco: &#8220;As vendas de discos j\u00e1 n\u00e3o s\u00e3o um factor assim t\u00e3o eliminat\u00f3rio, em oposi\u00e7\u00e3o \u00e0 presen\u00e7a online&#8221;\"}]},{\"@type\":\"WebSite\",\"@id\":\"https:\\\/\\\/infocul.pt\\\/arquivo\\\/#website\",\"url\":\"https:\\\/\\\/infocul.pt\\\/arquivo\\\/\",\"name\":\"Infocul.pt - Arquivo Digital\",\"description\":\"Arquivo digital da Infocul.pt\",\"publisher\":{\"@id\":\"https:\\\/\\\/infocul.pt\\\/arquivo\\\/#organization\"},\"potentialAction\":[{\"@type\":\"SearchAction\",\"target\":{\"@type\":\"EntryPoint\",\"urlTemplate\":\"https:\\\/\\\/infocul.pt\\\/arquivo\\\/?s={search_term_string}\"},\"query-input\":{\"@type\":\"PropertyValueSpecification\",\"valueRequired\":true,\"valueName\":\"search_term_string\"}}],\"inLanguage\":\"pt-PT\"},{\"@type\":\"Organization\",\"@id\":\"https:\\\/\\\/infocul.pt\\\/arquivo\\\/#organization\",\"name\":\"Infocul.pt\",\"url\":\"https:\\\/\\\/infocul.pt\\\/arquivo\\\/\",\"logo\":{\"@type\":\"ImageObject\",\"inLanguage\":\"pt-PT\",\"@id\":\"https:\\\/\\\/infocul.pt\\\/arquivo\\\/#\\\/schema\\\/logo\\\/image\\\/\",\"url\":\"https:\\\/\\\/infocul.pt\\\/arquivo\\\/wp-content\\\/uploads\\\/2018\\\/12\\\/Infocul_logo-1.png\",\"contentUrl\":\"https:\\\/\\\/infocul.pt\\\/arquivo\\\/wp-content\\\/uploads\\\/2018\\\/12\\\/Infocul_logo-1.png\",\"width\":800,\"height\":800,\"caption\":\"Infocul.pt\"},\"image\":{\"@id\":\"https:\\\/\\\/infocul.pt\\\/arquivo\\\/#\\\/schema\\\/logo\\\/image\\\/\"},\"sameAs\":[\"https:\\\/\\\/www.facebook.com\\\/Infocul-147816815585015\\\/\",\"https:\\\/\\\/x.com\\\/Infoculpt\",\"http:\\\/\\\/www.pictaram.com\\\/user\\\/infocul.pt\\\/2370423710\",\"https:\\\/\\\/www.youtube.com\\\/channel\\\/UCYEB91AGI9FL9ek2i_IaQAA\"]},{\"@type\":\"Person\",\"@id\":\"https:\\\/\\\/infocul.pt\\\/arquivo\\\/#\\\/schema\\\/person\\\/060a108d7f2d85fc6aae505119ee5234\",\"name\":\"Rui Lavrador\",\"image\":{\"@type\":\"ImageObject\",\"inLanguage\":\"pt-PT\",\"@id\":\"https:\\\/\\\/secure.gravatar.com\\\/avatar\\\/93febd6873394aa8e975148548a0cb203acfdd42d2c85c5f1408e1a76678aece?s=96&d=mm&r=g\",\"url\":\"https:\\\/\\\/secure.gravatar.com\\\/avatar\\\/93febd6873394aa8e975148548a0cb203acfdd42d2c85c5f1408e1a76678aece?s=96&d=mm&r=g\",\"contentUrl\":\"https:\\\/\\\/secure.gravatar.com\\\/avatar\\\/93febd6873394aa8e975148548a0cb203acfdd42d2c85c5f1408e1a76678aece?s=96&d=mm&r=g\",\"caption\":\"Rui Lavrador\"},\"description\":\"Iniciou em 2011 o seu percurso em comunica\u00e7\u00e3o social, tendo integrado v\u00e1rios projectos editoriais. Durante o seu percurso integrou projectos como Jornal Hardm\u00fasica, LusoNot\u00edcias, Toureio.pt, ODigital.pt, entre outros \u00d3rg\u00e3os de Comunica\u00e7\u00e3o Social nacionais, na redac\u00e7\u00e3o de v\u00e1rios artigos. Entrevistou a grande maioria das personalidades mais importantes da vida social e cultural do pa\u00eds, destacando-se, tamb\u00e9m, na aprecia\u00e7\u00e3o de v\u00e1rios espect\u00e1culos. Durante o seu percurso, deu a conhecer v\u00e1rios artistas, at\u00e9 ent\u00e3o desconhecidos, ao grande p\u00fablico. Em 2015 criou e fundou o Infocul.pt, projecto no qual assume a direc\u00e7\u00e3o editorial.\",\"sameAs\":[\"http:\\\/\\\/www.infocul.pt\"]}]}<\/script>\n<!-- \/ Yoast SEO plugin. -->","yoast_head_json":{"title":"Grand Sun com novo disco: \"As vendas de discos j\u00e1 n\u00e3o s\u00e3o um factor assim t\u00e3o eliminat\u00f3rio, em oposi\u00e7\u00e3o \u00e0 presen\u00e7a online\" | Infocul.pt - Arquivo Digital","description":"Grand Sun com novo disco: \"As vendas de discos j\u00e1 n\u00e3o s\u00e3o um factor assim t\u00e3o eliminat\u00f3rio, em oposi\u00e7\u00e3o \u00e0 presen\u00e7a online\" | Infocul.pt - Arquivo Digital","robots":{"index":"noindex","follow":"follow","max-snippet":"max-snippet:-1","max-image-preview":"max-image-preview:large","max-video-preview":"max-video-preview:-1"},"og_locale":"pt_PT","og_type":"article","og_title":"Grand Sun com novo disco: \"As vendas de discos j\u00e1 n\u00e3o s\u00e3o um factor assim t\u00e3o eliminat\u00f3rio, em oposi\u00e7\u00e3o \u00e0 presen\u00e7a online\" | Infocul.pt - Arquivo Digital","og_description":"Grand Sun com novo disco: \"As vendas de discos j\u00e1 n\u00e3o s\u00e3o um factor assim t\u00e3o eliminat\u00f3rio, em oposi\u00e7\u00e3o \u00e0 presen\u00e7a online\" | Infocul.pt - Arquivo Digital","og_url":"https:\/\/infocul.pt\/arquivo\/cultura\/grand-sun-com-novo-disco-as-vendas-de-discos-ja-nao-sao-um-factor-assim-tao-eliminatorio-em-oposicao-a-presenca-online\/","og_site_name":"Infocul.pt - Arquivo Digital","article_publisher":"https:\/\/www.facebook.com\/Infocul-147816815585015\/","article_published_time":"2020-03-23T00:00:48+00:00","og_image":[{"width":370,"height":370,"url":"https:\/\/infocul.pt\/arquivo\/wp-content\/uploads\/2020\/02\/Grand-770x513-1-370x370-1.jpg","type":"image\/jpeg"}],"author":"Rui Lavrador","twitter_card":"summary_large_image","twitter_creator":"@Infoculpt","twitter_site":"@Infoculpt","twitter_misc":{"Escrito por":"Rui Lavrador","Tempo estimado de leitura":"3 minutos"},"schema":{"@context":"https:\/\/schema.org","@graph":[{"@type":"Article","@id":"https:\/\/infocul.pt\/arquivo\/cultura\/grand-sun-com-novo-disco-as-vendas-de-discos-ja-nao-sao-um-factor-assim-tao-eliminatorio-em-oposicao-a-presenca-online\/#article","isPartOf":{"@id":"https:\/\/infocul.pt\/arquivo\/cultura\/grand-sun-com-novo-disco-as-vendas-de-discos-ja-nao-sao-um-factor-assim-tao-eliminatorio-em-oposicao-a-presenca-online\/"},"author":{"name":"Rui Lavrador","@id":"https:\/\/infocul.pt\/arquivo\/#\/schema\/person\/060a108d7f2d85fc6aae505119ee5234"},"headline":"Grand Sun com novo disco: &#8220;As vendas de discos j\u00e1 n\u00e3o s\u00e3o um factor assim t\u00e3o eliminat\u00f3rio, em oposi\u00e7\u00e3o \u00e0 presen\u00e7a online&#8221;","datePublished":"2020-03-23T00:00:48+00:00","mainEntityOfPage":{"@id":"https:\/\/infocul.pt\/arquivo\/cultura\/grand-sun-com-novo-disco-as-vendas-de-discos-ja-nao-sao-um-factor-assim-tao-eliminatorio-em-oposicao-a-presenca-online\/"},"wordCount":601,"commentCount":0,"publisher":{"@id":"https:\/\/infocul.pt\/arquivo\/#organization"},"image":{"@id":"https:\/\/infocul.pt\/arquivo\/cultura\/grand-sun-com-novo-disco-as-vendas-de-discos-ja-nao-sao-um-factor-assim-tao-eliminatorio-em-oposicao-a-presenca-online\/#primaryimage"},"thumbnailUrl":"https:\/\/infocul.pt\/arquivo\/wp-content\/uploads\/2020\/02\/Grand-770x513-1-370x370-1.jpg","keywords":["Grand Sun"],"articleSection":["Cultura","Destaque","Discos","Entrevistas"],"inLanguage":"pt-PT"},{"@type":"WebPage","@id":"https:\/\/infocul.pt\/arquivo\/cultura\/grand-sun-com-novo-disco-as-vendas-de-discos-ja-nao-sao-um-factor-assim-tao-eliminatorio-em-oposicao-a-presenca-online\/","url":"https:\/\/infocul.pt\/arquivo\/cultura\/grand-sun-com-novo-disco-as-vendas-de-discos-ja-nao-sao-um-factor-assim-tao-eliminatorio-em-oposicao-a-presenca-online\/","name":"Grand Sun com novo disco: \"As vendas de discos j\u00e1 n\u00e3o s\u00e3o um factor assim t\u00e3o eliminat\u00f3rio, em oposi\u00e7\u00e3o \u00e0 presen\u00e7a online\" | Infocul.pt - Arquivo Digital","isPartOf":{"@id":"https:\/\/infocul.pt\/arquivo\/#website"},"primaryImageOfPage":{"@id":"https:\/\/infocul.pt\/arquivo\/cultura\/grand-sun-com-novo-disco-as-vendas-de-discos-ja-nao-sao-um-factor-assim-tao-eliminatorio-em-oposicao-a-presenca-online\/#primaryimage"},"image":{"@id":"https:\/\/infocul.pt\/arquivo\/cultura\/grand-sun-com-novo-disco-as-vendas-de-discos-ja-nao-sao-um-factor-assim-tao-eliminatorio-em-oposicao-a-presenca-online\/#primaryimage"},"thumbnailUrl":"https:\/\/infocul.pt\/arquivo\/wp-content\/uploads\/2020\/02\/Grand-770x513-1-370x370-1.jpg","datePublished":"2020-03-23T00:00:48+00:00","description":"Grand Sun com novo disco: \"As vendas de discos j\u00e1 n\u00e3o s\u00e3o um factor assim t\u00e3o eliminat\u00f3rio, em oposi\u00e7\u00e3o \u00e0 presen\u00e7a online\" | Infocul.pt - Arquivo Digital","breadcrumb":{"@id":"https:\/\/infocul.pt\/arquivo\/cultura\/grand-sun-com-novo-disco-as-vendas-de-discos-ja-nao-sao-um-factor-assim-tao-eliminatorio-em-oposicao-a-presenca-online\/#breadcrumb"},"inLanguage":"pt-PT","potentialAction":[{"@type":"ReadAction","target":["https:\/\/infocul.pt\/arquivo\/cultura\/grand-sun-com-novo-disco-as-vendas-de-discos-ja-nao-sao-um-factor-assim-tao-eliminatorio-em-oposicao-a-presenca-online\/"]}]},{"@type":"ImageObject","inLanguage":"pt-PT","@id":"https:\/\/infocul.pt\/arquivo\/cultura\/grand-sun-com-novo-disco-as-vendas-de-discos-ja-nao-sao-um-factor-assim-tao-eliminatorio-em-oposicao-a-presenca-online\/#primaryimage","url":"https:\/\/infocul.pt\/arquivo\/wp-content\/uploads\/2020\/02\/Grand-770x513-1-370x370-1.jpg","contentUrl":"https:\/\/infocul.pt\/arquivo\/wp-content\/uploads\/2020\/02\/Grand-770x513-1-370x370-1.jpg","width":370,"height":370},{"@type":"BreadcrumbList","@id":"https:\/\/infocul.pt\/arquivo\/cultura\/grand-sun-com-novo-disco-as-vendas-de-discos-ja-nao-sao-um-factor-assim-tao-eliminatorio-em-oposicao-a-presenca-online\/#breadcrumb","itemListElement":[{"@type":"ListItem","position":1,"name":"Home","item":"https:\/\/infocul.pt\/arquivo\/"},{"@type":"ListItem","position":2,"name":"Grand Sun com novo disco: &#8220;As vendas de discos j\u00e1 n\u00e3o s\u00e3o um factor assim t\u00e3o eliminat\u00f3rio, em oposi\u00e7\u00e3o \u00e0 presen\u00e7a online&#8221;"}]},{"@type":"WebSite","@id":"https:\/\/infocul.pt\/arquivo\/#website","url":"https:\/\/infocul.pt\/arquivo\/","name":"Infocul.pt - Arquivo Digital","description":"Arquivo digital da Infocul.pt","publisher":{"@id":"https:\/\/infocul.pt\/arquivo\/#organization"},"potentialAction":[{"@type":"SearchAction","target":{"@type":"EntryPoint","urlTemplate":"https:\/\/infocul.pt\/arquivo\/?s={search_term_string}"},"query-input":{"@type":"PropertyValueSpecification","valueRequired":true,"valueName":"search_term_string"}}],"inLanguage":"pt-PT"},{"@type":"Organization","@id":"https:\/\/infocul.pt\/arquivo\/#organization","name":"Infocul.pt","url":"https:\/\/infocul.pt\/arquivo\/","logo":{"@type":"ImageObject","inLanguage":"pt-PT","@id":"https:\/\/infocul.pt\/arquivo\/#\/schema\/logo\/image\/","url":"https:\/\/infocul.pt\/arquivo\/wp-content\/uploads\/2018\/12\/Infocul_logo-1.png","contentUrl":"https:\/\/infocul.pt\/arquivo\/wp-content\/uploads\/2018\/12\/Infocul_logo-1.png","width":800,"height":800,"caption":"Infocul.pt"},"image":{"@id":"https:\/\/infocul.pt\/arquivo\/#\/schema\/logo\/image\/"},"sameAs":["https:\/\/www.facebook.com\/Infocul-147816815585015\/","https:\/\/x.com\/Infoculpt","http:\/\/www.pictaram.com\/user\/infocul.pt\/2370423710","https:\/\/www.youtube.com\/channel\/UCYEB91AGI9FL9ek2i_IaQAA"]},{"@type":"Person","@id":"https:\/\/infocul.pt\/arquivo\/#\/schema\/person\/060a108d7f2d85fc6aae505119ee5234","name":"Rui Lavrador","image":{"@type":"ImageObject","inLanguage":"pt-PT","@id":"https:\/\/secure.gravatar.com\/avatar\/93febd6873394aa8e975148548a0cb203acfdd42d2c85c5f1408e1a76678aece?s=96&d=mm&r=g","url":"https:\/\/secure.gravatar.com\/avatar\/93febd6873394aa8e975148548a0cb203acfdd42d2c85c5f1408e1a76678aece?s=96&d=mm&r=g","contentUrl":"https:\/\/secure.gravatar.com\/avatar\/93febd6873394aa8e975148548a0cb203acfdd42d2c85c5f1408e1a76678aece?s=96&d=mm&r=g","caption":"Rui Lavrador"},"description":"Iniciou em 2011 o seu percurso em comunica\u00e7\u00e3o social, tendo integrado v\u00e1rios projectos editoriais. Durante o seu percurso integrou projectos como Jornal Hardm\u00fasica, LusoNot\u00edcias, Toureio.pt, ODigital.pt, entre outros \u00d3rg\u00e3os de Comunica\u00e7\u00e3o Social nacionais, na redac\u00e7\u00e3o de v\u00e1rios artigos. Entrevistou a grande maioria das personalidades mais importantes da vida social e cultural do pa\u00eds, destacando-se, tamb\u00e9m, na aprecia\u00e7\u00e3o de v\u00e1rios espect\u00e1culos. Durante o seu percurso, deu a conhecer v\u00e1rios artistas, at\u00e9 ent\u00e3o desconhecidos, ao grande p\u00fablico. Em 2015 criou e fundou o Infocul.pt, projecto no qual assume a direc\u00e7\u00e3o editorial.","sameAs":["http:\/\/www.infocul.pt"]}]}},"_links":{"self":[{"href":"https:\/\/infocul.pt\/arquivo\/wp-json\/wp\/v2\/posts\/66667","targetHints":{"allow":["GET"]}}],"collection":[{"href":"https:\/\/infocul.pt\/arquivo\/wp-json\/wp\/v2\/posts"}],"about":[{"href":"https:\/\/infocul.pt\/arquivo\/wp-json\/wp\/v2\/types\/post"}],"author":[{"embeddable":true,"href":"https:\/\/infocul.pt\/arquivo\/wp-json\/wp\/v2\/users\/2"}],"replies":[{"embeddable":true,"href":"https:\/\/infocul.pt\/arquivo\/wp-json\/wp\/v2\/comments?post=66667"}],"version-history":[{"count":0,"href":"https:\/\/infocul.pt\/arquivo\/wp-json\/wp\/v2\/posts\/66667\/revisions"}],"wp:featuredmedia":[{"embeddable":true,"href":"https:\/\/infocul.pt\/arquivo\/wp-json\/wp\/v2\/media\/66668"}],"wp:attachment":[{"href":"https:\/\/infocul.pt\/arquivo\/wp-json\/wp\/v2\/media?parent=66667"}],"wp:term":[{"taxonomy":"category","embeddable":true,"href":"https:\/\/infocul.pt\/arquivo\/wp-json\/wp\/v2\/categories?post=66667"},{"taxonomy":"post_tag","embeddable":true,"href":"https:\/\/infocul.pt\/arquivo\/wp-json\/wp\/v2\/tags?post=66667"}],"curies":[{"name":"wp","href":"https:\/\/api.w.org\/{rel}","templated":true}]}}