{"id":66686,"date":"2020-02-15T07:30:47","date_gmt":"2020-02-15T07:30:47","guid":{"rendered":"https:\/\/infocul.pt\/?p=66686"},"modified":"2020-02-15T07:30:47","modified_gmt":"2020-02-15T07:30:47","slug":"plutonio-esgotou-coliseu-dos-recreios-em-noite-apoteotica","status":"publish","type":"post","link":"https:\/\/infocul.pt\/arquivo\/cultura\/plutonio-esgotou-coliseu-dos-recreios-em-noite-apoteotica\/","title":{"rendered":"Plut\u00f3nio esgotou Coliseu dos Recreios, em noite apote\u00f3tica"},"content":{"rendered":"<p align=\"left\"><img decoding=\"async\" class=\"aligncenter wp-image-66687 size-full lazyload\" data-src=\"https:\/\/infocul.pt\/arquivo\/wp-content\/uploads\/2020\/02\/86402111_10151228165369950_6862121909413216256_o.jpg\" alt=\"\" width=\"770\" height=\"960\" data-srcset=\"https:\/\/infocul.pt\/arquivo\/wp-content\/uploads\/2020\/02\/86402111_10151228165369950_6862121909413216256_o.jpg 770w, https:\/\/infocul.pt\/arquivo\/wp-content\/uploads\/2020\/02\/86402111_10151228165369950_6862121909413216256_o-241x300.jpg 241w, https:\/\/infocul.pt\/arquivo\/wp-content\/uploads\/2020\/02\/86402111_10151228165369950_6862121909413216256_o-768x958.jpg 768w\" data-sizes=\"(max-width: 770px) 100vw, 770px\" src=\"data:image\/svg+xml;base64,PHN2ZyB3aWR0aD0iMSIgaGVpZ2h0PSIxIiB4bWxucz0iaHR0cDovL3d3dy53My5vcmcvMjAwMC9zdmciPjwvc3ZnPg==\" style=\"--smush-placeholder-width: 770px; --smush-placeholder-aspect-ratio: 770\/960;\" \/><\/p>\n<p align=\"left\"><span style=\"font-family: Liberation Serif, serif;\"><span style=\"font-size: medium;\"><span style=\"color: #222222;\">Sangue, L\u00e1grimas e Suor: foram por estes princ\u00edpios que Plut\u00f3nio guiou o rumo do seu \u00faltimo \u00e1lbum, apresentado pela primeira vez ao vivo no passado dia 14 de Fevereiro, num esgotado Coliseu dos Recreios. <\/span><\/span><\/span><!--more--><\/p>\n<p align=\"left\"><span style=\"font-family: Liberation Serif, serif;\"><span style=\"font-size: medium;\"><span style=\"color: #222222;\">O artista revelou que este feito nunca tinha sido um sonho, j\u00e1 que nunca tinha imaginado um t\u00e3o grande apoio por parte do p\u00fablico <\/span><span style=\"color: #222222;\">p<\/span><span style=\"color: #222222;\">ortugu\u00eas. Entre muitos agradecimentos, apresentou ao p\u00fablico alfacinha a perspectiva de uma vida dura, com prel\u00fadio no Bairro da Cruz Vermelha, na zona de Cascais.<\/span><\/span><\/span><\/p>\n<p align=\"left\"><span style=\"font-family: Liberation Serif, serif;\"><span style=\"font-size: medium;\"><span style=\"color: #222222;\">Muitos jovens juntaram-<\/span><span style=\"color: #222222;\">se<\/span><span style=\"color: #222222;\"> para apoiar o projeto &#8220;Sacrif\u00edcio&#8221;, lan\u00e7ado no fim do ano passado. Ap\u00f3s tr\u00eas anos de espera, os ouvintes foram surpreendidos pela versatilidade desde novo proje<\/span><span style=\"color: #222222;\">c<\/span><span style=\"color: #222222;\">to, onde se encontram temas que agradaram a muitos, comprovado pelo n\u00famero de visualiza\u00e7\u00f5es no YouTube de Plut\u00f3nio. <\/span><\/span><\/span><\/p>\n<p align=\"left\"><span style=\"font-family: Liberation Serif, serif;\"><span style=\"font-size: medium;\"><span style=\"color: #222222;\">Para come\u00e7ar o espect\u00e1culo, apresentaram-se em palco os convidados Dj Dadda, F Miller e Lord XIV, j\u00e1 um pouco depois da hora prevista para o in\u00edcio do esp<\/span><span style=\"color: #222222;\">c<\/span><span style=\"color: #222222;\">et\u00e1culo, para aquecerem as vozes do p\u00fablico para a noite que lhes seguia. Entre luzes, saltos e competi\u00e7\u00f5es, a plateia esteve bem entretida durante a noite do famoso Dia dos Namorados. <\/span><\/span><\/span><\/p>\n<p align=\"left\"><span style=\"font-family: Liberation Serif, serif;\"><span style=\"font-size: medium;\"><span style=\"color: #222222;\">Ap\u00f3s a apresenta\u00e7\u00e3o de um trailer de um novo document\u00e1rio sobre a vida do cantor, foi desvendado a decora\u00e7\u00e3o do palco. Imagine a seguinte imagem:<\/span><\/span><\/span><\/p>\n<p align=\"left\"><span style=\"font-family: Liberation Serif, serif;\"><span style=\"font-size: medium;\"><span style=\"color: #222222;\">No plano de tr\u00e1s, encontram-se fachadas de diferentes pr\u00e9dios, em degrada\u00e7\u00e3o. Um desses pr\u00e9dios, tinha um toldo redondo por cima de uma porta, onde se podia ler &#8220;Caf\u00e9 Real&#8221;. E se estiver atento, encontrar\u00e1 \u00e0 sua esquerda uma placa que indica &#8220;Bairro da Cruz Vermelha&#8221;.<\/span><\/span><\/span><\/p>\n<p align=\"left\"><span style=\"font-family: Liberation Serif, serif;\"><span style=\"font-size: medium;\"><span style=\"color: #222222;\">Este foi o cen\u00e1rio que viu (e ainda v\u00ea) Plut\u00f3nio crescer. Neste <\/span><span style=\"color: #222222;\">cen\u00e1rio<\/span><span style=\"color: #222222;\"> onde se d\u00e1 todo o desenrolar de &#8220;Sacrif\u00edcio&#8221;.<\/span><\/span><\/span><\/p>\n<p align=\"left\"><span style=\"font-family: Liberation Serif, serif;\"><span style=\"font-size: medium;\"><span style=\"color: #222222;\">\u00c9 importante referir a atitude do cantor em toda a dura\u00e7\u00e3o do seu concerto. Sempre modesto, agradecia a todos os que estavam presentes vezes sem conta. Mas os ouvintes \u00e9 que ficavam agradecidos: n\u00e3o \u00e9 f\u00e1cil fazer um concerto demorado onde rap \u00e9 inclu\u00eddo <\/span><span style=\"color: #222222;\">ami\u00fade<\/span><span style=\"color: #222222;\">, mas mesmo assim, fez justi\u00e7a ao seu terceiro proje<\/span><span style=\"color: #222222;\">c<\/span><span style=\"color: #222222;\">to individual. <\/span><\/span><\/span><\/p>\n<p align=\"left\"><span style=\"font-family: Liberation Serif, serif;\"><span style=\"font-size: medium;\"><span style=\"color: #222222;\">Ao longo da noite, foram os demais que foram convidados por Plut\u00f3nio para o acompanhar durante a noite esgotada na capital Portuguesa. <\/span><\/span><\/span><\/p>\n<p align=\"left\"><span style=\"font-family: Liberation Serif, serif;\"><span style=\"font-size: medium;\"><span style=\"color: #222222;\">Chamou novamente Lord XIV, com o qual cantou &#8220;Paycheck&#8221;; recordou os bons velhos tempos com Kosmo, ao som de &#8220;Filhos do Ghetto&#8221;; chamou Dengaz para o palco, que o acompanhou na m\u00fasica &#8221; O Que \u00e9 Que Tem&#8221;; e Pedro Teixeira da Mota fez uma curta apari\u00e7\u00e3o durante &#8220;Vergonha na Cara&#8221;. <\/span><\/span><\/span><\/p>\n<p align=\"left\"><span style=\"font-family: Liberation Serif, serif;\"><span style=\"font-size: medium;\"><span style=\"color: #222222;\">Pertencentes \u00e0 fam\u00edlia da Bridgetown, n\u00e3o poderiam tamb\u00e9m faltar Mishlawi e Richie Campbell, que cantaram com Plutonio a m\u00fasica &#8220;Rain&#8221;. <\/span><\/span><\/span><\/p>\n<p align=\"left\"><span style=\"font-family: Liberation Serif, serif;\"><span style=\"font-size: medium;\"><span style=\"color: #222222;\">Foram tamb\u00e9m inclu\u00eddos um dan\u00e7arino j\u00e1 no fim de &#8220;Sr. Guarda&#8221;, e o violoncenista Andr\u00e9 Tavares em &#8220;Francisca&#8221;.<\/span><\/span><\/span><\/p>\n<p align=\"left\"><span style=\"font-family: Liberation Serif, serif;\"><span style=\"font-size: medium;\"><span style=\"color: #222222;\">Plut\u00f3nio estar\u00e1 no Porto, no pr\u00f3ximos dias 21 e 22 de Fevereiro, no Hard Rock Caf\u00e9, pa<\/span><span style=\"color: #222222;\">r<\/span><span style=\"color: #222222;\">a apresentar o seu disco ao povo da cidade Invicta.<\/span><\/span><\/span><\/p>\n<p align=\"left\">\n<p align=\"left\"><strong><span style=\"font-family: Liberation Serif, serif;\"><span style=\"font-size: medium;\"><span style=\"color: #222222;\">Confira o alinhamento do concerto:<\/span><\/span><\/span><\/strong><\/p>\n<p align=\"left\"><span style=\"font-family: Liberation Serif, serif;\"><span style=\"font-size: medium;\"><span style=\"color: #222222;\">3 AM<\/span><\/span><\/span><\/p>\n<p align=\"left\"><span style=\"font-family: Liberation Serif, serif;\"><span style=\"font-size: medium;\"><span style=\"color: #222222;\">Mesmo S\u00edtio<\/span><\/span><\/span><\/p>\n<p align=\"left\"><span style=\"font-family: Liberation Serif, serif;\"><span style=\"font-size: medium;\"><span style=\"color: #222222;\">Prada<\/span><\/span><\/span><\/p>\n<p align=\"left\"><span style=\"font-family: Liberation Serif, serif;\"><span style=\"font-size: medium;\"><span style=\"color: #222222;\">Lucy Lucy<\/span><\/span><\/span><\/p>\n<p align=\"left\"><span style=\"font-family: Liberation Serif, serif;\"><span style=\"font-size: medium;\"><span style=\"color: #222222;\">1 de Abril<\/span><\/span><\/span><\/p>\n<p align=\"left\"><span style=\"font-family: Liberation Serif, serif;\"><span style=\"font-size: medium;\"><span style=\"color: #222222;\">Quando a Noite Cai<\/span><\/span><\/span><\/p>\n<p align=\"left\"><span style=\"font-family: Liberation Serif, serif;\"><span style=\"font-size: medium;\"><span style=\"color: #222222;\">Paycheck<\/span><\/span><\/span><\/p>\n<p align=\"left\"><span style=\"font-family: Liberation Serif, serif;\"><span style=\"font-size: medium;\"><span style=\"color: #222222;\">N\u00e3o Vales Nada<\/span><\/span><\/span><\/p>\n<p align=\"left\"><span style=\"font-family: Liberation Serif, serif;\"><span style=\"font-size: medium;\"><span style=\"color: #222222;\">\u00c1frica Minha<\/span><\/span><\/span><\/p>\n<p align=\"left\"><span style=\"font-family: Liberation Serif, serif;\"><span style=\"font-size: medium;\"><span style=\"color: #222222;\">Filhos do Ghetto<\/span><\/span><\/span><\/p>\n<p align=\"left\"><span style=\"font-family: Liberation Serif, serif;\"><span style=\"font-size: medium;\"><span style=\"color: #222222;\">\u00daltima Vez<\/span><\/span><\/span><\/p>\n<p align=\"left\"><span style=\"font-family: Liberation Serif, serif;\"><span style=\"font-size: medium;\"><span style=\"color: #222222;\">Estrelas<\/span><\/span><\/span><\/p>\n<p align=\"left\"><span style=\"font-family: Liberation Serif, serif;\"><span style=\"font-size: medium;\"><span style=\"color: #222222;\">O Que \u00e9 Que Tem<\/span><\/span><\/span><\/p>\n<p align=\"left\"><span style=\"font-family: Liberation Serif, serif;\"><span style=\"font-size: medium;\"><span style=\"color: #222222;\">Conversas<\/span><\/span><\/span><\/p>\n<p align=\"left\"><span style=\"font-family: Liberation Serif, serif;\"><span style=\"font-size: medium;\"><span style=\"color: #222222;\">N\u00e3o Tou Nem A\u00ed<\/span><\/span><\/span><\/p>\n<p align=\"left\"><span style=\"font-family: Liberation Serif, serif;\"><span style=\"font-size: medium;\"><span style=\"color: #222222;\">Dramas &amp; Dilemas<\/span><\/span><\/span><\/p>\n<p align=\"left\"><span style=\"font-family: Liberation Serif, serif;\"><span style=\"font-size: medium;\"><span style=\"color: #222222;\">Sr. Guarda<\/span><\/span><\/span><\/p>\n<p align=\"left\"><span style=\"font-family: Liberation Serif, serif;\"><span style=\"font-size: medium;\"><span style=\"color: #222222;\">Vergonha na Cara<\/span><\/span><\/span><\/p>\n<p align=\"left\"><span style=\"font-family: Liberation Serif, serif;\"><span style=\"font-size: medium;\"><span style=\"color: #222222;\">Sacrif\u00edcio<\/span><\/span><\/span><\/p>\n<p align=\"left\"><span style=\"font-family: Liberation Serif, serif;\"><span style=\"font-size: medium;\"><span style=\"color: #222222;\">Rain<\/span><\/span><\/span><\/p>\n<p align=\"left\"><span style=\"font-family: Liberation Serif, serif;\"><span style=\"font-size: medium;\"><span style=\"color: #222222;\">Somos Iguais<\/span><\/span><\/span><\/p>\n<p align=\"left\"><span style=\"font-family: Liberation Serif, serif;\"><span style=\"font-size: medium;\"><span style=\"color: #222222;\">Francisca<\/span><\/span><\/span><\/p>\n<p align=\"left\"><span style=\"font-family: Liberation Serif, serif;\"><span style=\"font-size: medium;\"><span style=\"color: #222222;\">Meu Deus<\/span><\/span><\/span><\/p>\n<p align=\"left\"><span style=\"font-family: Liberation Serif, serif;\"><span style=\"font-size: medium;\"><span style=\"color: #222222;\">Cafe\u00edna <\/span><\/span><\/span><\/p>\n","protected":false},"excerpt":{"rendered":"<p>Sangue, L\u00e1grimas e Suor: foram por estes princ\u00edpios que Plut\u00f3nio guiou o rumo do seu \u00faltimo \u00e1lbum, apresentado pela primeira vez ao vivo no passado dia 14 de Fevereiro, num esgotado Coliseu dos Recreios.<\/p>\n","protected":false},"author":20,"featured_media":66687,"comment_status":"open","ping_status":"closed","sticky":false,"template":"","format":"standard","meta":{"footnotes":""},"categories":[3,2,36,4123],"tags":[41,80,606],"class_list":["post-66686","post","type-post","status-publish","format-standard","has-post-thumbnail","hentry","category-concertos","category-cultura","category-destaque","category-reportagens-actualidade","tag-coliseu-dos-recreios","tag-lisboa","tag-plutonio"],"yoast_head":"<!-- This site is optimized with the Yoast SEO plugin v27.5 - https:\/\/yoast.com\/product\/yoast-seo-wordpress\/ -->\n<title>Plut\u00f3nio esgotou Coliseu dos Recreios, em noite apote\u00f3tica | Infocul.pt - Arquivo Digital<\/title>\n<meta name=\"description\" content=\"Plut\u00f3nio esgotou Coliseu dos Recreios, em noite apote\u00f3tica | Infocul.pt - Arquivo Digital\" \/>\n<meta name=\"robots\" content=\"noindex, follow, max-snippet:-1, max-image-preview:large, max-video-preview:-1\" \/>\n<meta property=\"og:locale\" content=\"pt_PT\" \/>\n<meta property=\"og:type\" content=\"article\" \/>\n<meta property=\"og:title\" content=\"Plut\u00f3nio esgotou Coliseu dos Recreios, em noite apote\u00f3tica | Infocul.pt - Arquivo Digital\" \/>\n<meta property=\"og:description\" content=\"Plut\u00f3nio esgotou Coliseu dos Recreios, em noite apote\u00f3tica | Infocul.pt - Arquivo Digital\" \/>\n<meta property=\"og:url\" content=\"https:\/\/infocul.pt\/arquivo\/cultura\/plutonio-esgotou-coliseu-dos-recreios-em-noite-apoteotica\/\" \/>\n<meta property=\"og:site_name\" content=\"Infocul.pt - Arquivo Digital\" \/>\n<meta property=\"article:publisher\" content=\"https:\/\/www.facebook.com\/Infocul-147816815585015\/\" \/>\n<meta property=\"article:published_time\" content=\"2020-02-15T07:30:47+00:00\" \/>\n<meta property=\"og:image\" content=\"https:\/\/infocul.pt\/arquivo\/wp-content\/uploads\/2020\/02\/86402111_10151228165369950_6862121909413216256_o.jpg\" \/>\n\t<meta property=\"og:image:width\" content=\"770\" \/>\n\t<meta property=\"og:image:height\" content=\"960\" \/>\n\t<meta property=\"og:image:type\" content=\"image\/jpeg\" \/>\n<meta name=\"author\" content=\"Mariana Nave\" \/>\n<meta name=\"twitter:card\" content=\"summary_large_image\" \/>\n<meta name=\"twitter:creator\" content=\"@Infoculpt\" \/>\n<meta name=\"twitter:site\" content=\"@Infoculpt\" \/>\n<meta name=\"twitter:label1\" content=\"Escrito por\" \/>\n\t<meta name=\"twitter:data1\" content=\"Mariana Nave\" \/>\n\t<meta name=\"twitter:label2\" content=\"Tempo estimado de leitura\" \/>\n\t<meta name=\"twitter:data2\" content=\"3 minutos\" \/>\n<script type=\"application\/ld+json\" class=\"yoast-schema-graph\">{\"@context\":\"https:\\\/\\\/schema.org\",\"@graph\":[{\"@type\":\"Article\",\"@id\":\"https:\\\/\\\/infocul.pt\\\/arquivo\\\/cultura\\\/plutonio-esgotou-coliseu-dos-recreios-em-noite-apoteotica\\\/#article\",\"isPartOf\":{\"@id\":\"https:\\\/\\\/infocul.pt\\\/arquivo\\\/cultura\\\/plutonio-esgotou-coliseu-dos-recreios-em-noite-apoteotica\\\/\"},\"author\":{\"name\":\"Mariana Nave\",\"@id\":\"https:\\\/\\\/infocul.pt\\\/arquivo\\\/#\\\/schema\\\/person\\\/81ab97f0541b157888e4cad082e85379\"},\"headline\":\"Plut\u00f3nio esgotou Coliseu dos Recreios, em noite apote\u00f3tica\",\"datePublished\":\"2020-02-15T07:30:47+00:00\",\"mainEntityOfPage\":{\"@id\":\"https:\\\/\\\/infocul.pt\\\/arquivo\\\/cultura\\\/plutonio-esgotou-coliseu-dos-recreios-em-noite-apoteotica\\\/\"},\"wordCount\":588,\"commentCount\":0,\"publisher\":{\"@id\":\"https:\\\/\\\/infocul.pt\\\/arquivo\\\/#organization\"},\"image\":{\"@id\":\"https:\\\/\\\/infocul.pt\\\/arquivo\\\/cultura\\\/plutonio-esgotou-coliseu-dos-recreios-em-noite-apoteotica\\\/#primaryimage\"},\"thumbnailUrl\":\"https:\\\/\\\/infocul.pt\\\/arquivo\\\/wp-content\\\/uploads\\\/2020\\\/02\\\/86402111_10151228165369950_6862121909413216256_o.jpg\",\"keywords\":[\"Coliseu dos Recreios\",\"Lisboa\",\"Plut\u00f3nio\"],\"articleSection\":[\"Concertos\",\"Cultura\",\"Destaque\",\"Reportagens\"],\"inLanguage\":\"pt-PT\"},{\"@type\":\"WebPage\",\"@id\":\"https:\\\/\\\/infocul.pt\\\/arquivo\\\/cultura\\\/plutonio-esgotou-coliseu-dos-recreios-em-noite-apoteotica\\\/\",\"url\":\"https:\\\/\\\/infocul.pt\\\/arquivo\\\/cultura\\\/plutonio-esgotou-coliseu-dos-recreios-em-noite-apoteotica\\\/\",\"name\":\"Plut\u00f3nio esgotou Coliseu dos Recreios, em noite apote\u00f3tica | Infocul.pt - Arquivo Digital\",\"isPartOf\":{\"@id\":\"https:\\\/\\\/infocul.pt\\\/arquivo\\\/#website\"},\"primaryImageOfPage\":{\"@id\":\"https:\\\/\\\/infocul.pt\\\/arquivo\\\/cultura\\\/plutonio-esgotou-coliseu-dos-recreios-em-noite-apoteotica\\\/#primaryimage\"},\"image\":{\"@id\":\"https:\\\/\\\/infocul.pt\\\/arquivo\\\/cultura\\\/plutonio-esgotou-coliseu-dos-recreios-em-noite-apoteotica\\\/#primaryimage\"},\"thumbnailUrl\":\"https:\\\/\\\/infocul.pt\\\/arquivo\\\/wp-content\\\/uploads\\\/2020\\\/02\\\/86402111_10151228165369950_6862121909413216256_o.jpg\",\"datePublished\":\"2020-02-15T07:30:47+00:00\",\"description\":\"Plut\u00f3nio esgotou Coliseu dos Recreios, em noite apote\u00f3tica | Infocul.pt - Arquivo Digital\",\"breadcrumb\":{\"@id\":\"https:\\\/\\\/infocul.pt\\\/arquivo\\\/cultura\\\/plutonio-esgotou-coliseu-dos-recreios-em-noite-apoteotica\\\/#breadcrumb\"},\"inLanguage\":\"pt-PT\",\"potentialAction\":[{\"@type\":\"ReadAction\",\"target\":[\"https:\\\/\\\/infocul.pt\\\/arquivo\\\/cultura\\\/plutonio-esgotou-coliseu-dos-recreios-em-noite-apoteotica\\\/\"]}]},{\"@type\":\"ImageObject\",\"inLanguage\":\"pt-PT\",\"@id\":\"https:\\\/\\\/infocul.pt\\\/arquivo\\\/cultura\\\/plutonio-esgotou-coliseu-dos-recreios-em-noite-apoteotica\\\/#primaryimage\",\"url\":\"https:\\\/\\\/infocul.pt\\\/arquivo\\\/wp-content\\\/uploads\\\/2020\\\/02\\\/86402111_10151228165369950_6862121909413216256_o.jpg\",\"contentUrl\":\"https:\\\/\\\/infocul.pt\\\/arquivo\\\/wp-content\\\/uploads\\\/2020\\\/02\\\/86402111_10151228165369950_6862121909413216256_o.jpg\",\"width\":770,\"height\":960},{\"@type\":\"BreadcrumbList\",\"@id\":\"https:\\\/\\\/infocul.pt\\\/arquivo\\\/cultura\\\/plutonio-esgotou-coliseu-dos-recreios-em-noite-apoteotica\\\/#breadcrumb\",\"itemListElement\":[{\"@type\":\"ListItem\",\"position\":1,\"name\":\"Home\",\"item\":\"https:\\\/\\\/infocul.pt\\\/arquivo\\\/\"},{\"@type\":\"ListItem\",\"position\":2,\"name\":\"Plut\u00f3nio esgotou Coliseu dos Recreios, em noite apote\u00f3tica\"}]},{\"@type\":\"WebSite\",\"@id\":\"https:\\\/\\\/infocul.pt\\\/arquivo\\\/#website\",\"url\":\"https:\\\/\\\/infocul.pt\\\/arquivo\\\/\",\"name\":\"Infocul.pt - Arquivo Digital\",\"description\":\"Arquivo digital da Infocul.pt\",\"publisher\":{\"@id\":\"https:\\\/\\\/infocul.pt\\\/arquivo\\\/#organization\"},\"potentialAction\":[{\"@type\":\"SearchAction\",\"target\":{\"@type\":\"EntryPoint\",\"urlTemplate\":\"https:\\\/\\\/infocul.pt\\\/arquivo\\\/?s={search_term_string}\"},\"query-input\":{\"@type\":\"PropertyValueSpecification\",\"valueRequired\":true,\"valueName\":\"search_term_string\"}}],\"inLanguage\":\"pt-PT\"},{\"@type\":\"Organization\",\"@id\":\"https:\\\/\\\/infocul.pt\\\/arquivo\\\/#organization\",\"name\":\"Infocul.pt\",\"url\":\"https:\\\/\\\/infocul.pt\\\/arquivo\\\/\",\"logo\":{\"@type\":\"ImageObject\",\"inLanguage\":\"pt-PT\",\"@id\":\"https:\\\/\\\/infocul.pt\\\/arquivo\\\/#\\\/schema\\\/logo\\\/image\\\/\",\"url\":\"https:\\\/\\\/infocul.pt\\\/arquivo\\\/wp-content\\\/uploads\\\/2018\\\/12\\\/Infocul_logo-1.png\",\"contentUrl\":\"https:\\\/\\\/infocul.pt\\\/arquivo\\\/wp-content\\\/uploads\\\/2018\\\/12\\\/Infocul_logo-1.png\",\"width\":800,\"height\":800,\"caption\":\"Infocul.pt\"},\"image\":{\"@id\":\"https:\\\/\\\/infocul.pt\\\/arquivo\\\/#\\\/schema\\\/logo\\\/image\\\/\"},\"sameAs\":[\"https:\\\/\\\/www.facebook.com\\\/Infocul-147816815585015\\\/\",\"https:\\\/\\\/x.com\\\/Infoculpt\",\"http:\\\/\\\/www.pictaram.com\\\/user\\\/infocul.pt\\\/2370423710\",\"https:\\\/\\\/www.youtube.com\\\/channel\\\/UCYEB91AGI9FL9ek2i_IaQAA\"]},{\"@type\":\"Person\",\"@id\":\"https:\\\/\\\/infocul.pt\\\/arquivo\\\/#\\\/schema\\\/person\\\/81ab97f0541b157888e4cad082e85379\",\"name\":\"Mariana Nave\",\"image\":{\"@type\":\"ImageObject\",\"inLanguage\":\"pt-PT\",\"@id\":\"https:\\\/\\\/secure.gravatar.com\\\/avatar\\\/c88ca83ec3e70f2c68e12fb31d20e52e4067a2b7ca6a32ed93bfdfa6797e214d?s=96&d=mm&r=g\",\"url\":\"https:\\\/\\\/secure.gravatar.com\\\/avatar\\\/c88ca83ec3e70f2c68e12fb31d20e52e4067a2b7ca6a32ed93bfdfa6797e214d?s=96&d=mm&r=g\",\"contentUrl\":\"https:\\\/\\\/secure.gravatar.com\\\/avatar\\\/c88ca83ec3e70f2c68e12fb31d20e52e4067a2b7ca6a32ed93bfdfa6797e214d?s=96&d=mm&r=g\",\"caption\":\"Mariana Nave\"},\"description\":\"Em Fevereiro de 2019, come\u00e7ou a trabalhar com o projecto Infocul.pt, sendo este tamb\u00e9m o primeiro projecto com que colabora. Apesar de ainda n\u00e3o ter um longo percurso, continua a trabalhar sempre com o objectivo de melhorar as suas capacidades no ramo da comunica\u00e7\u00e3o social.\"}]}<\/script>\n<!-- \/ Yoast SEO plugin. -->","yoast_head_json":{"title":"Plut\u00f3nio esgotou Coliseu dos Recreios, em noite apote\u00f3tica | Infocul.pt - Arquivo Digital","description":"Plut\u00f3nio esgotou Coliseu dos Recreios, em noite apote\u00f3tica | Infocul.pt - Arquivo Digital","robots":{"index":"noindex","follow":"follow","max-snippet":"max-snippet:-1","max-image-preview":"max-image-preview:large","max-video-preview":"max-video-preview:-1"},"og_locale":"pt_PT","og_type":"article","og_title":"Plut\u00f3nio esgotou Coliseu dos Recreios, em noite apote\u00f3tica | Infocul.pt - Arquivo Digital","og_description":"Plut\u00f3nio esgotou Coliseu dos Recreios, em noite apote\u00f3tica | Infocul.pt - Arquivo Digital","og_url":"https:\/\/infocul.pt\/arquivo\/cultura\/plutonio-esgotou-coliseu-dos-recreios-em-noite-apoteotica\/","og_site_name":"Infocul.pt - Arquivo Digital","article_publisher":"https:\/\/www.facebook.com\/Infocul-147816815585015\/","article_published_time":"2020-02-15T07:30:47+00:00","og_image":[{"width":770,"height":960,"url":"https:\/\/infocul.pt\/arquivo\/wp-content\/uploads\/2020\/02\/86402111_10151228165369950_6862121909413216256_o.jpg","type":"image\/jpeg"}],"author":"Mariana Nave","twitter_card":"summary_large_image","twitter_creator":"@Infoculpt","twitter_site":"@Infoculpt","twitter_misc":{"Escrito por":"Mariana Nave","Tempo estimado de leitura":"3 minutos"},"schema":{"@context":"https:\/\/schema.org","@graph":[{"@type":"Article","@id":"https:\/\/infocul.pt\/arquivo\/cultura\/plutonio-esgotou-coliseu-dos-recreios-em-noite-apoteotica\/#article","isPartOf":{"@id":"https:\/\/infocul.pt\/arquivo\/cultura\/plutonio-esgotou-coliseu-dos-recreios-em-noite-apoteotica\/"},"author":{"name":"Mariana Nave","@id":"https:\/\/infocul.pt\/arquivo\/#\/schema\/person\/81ab97f0541b157888e4cad082e85379"},"headline":"Plut\u00f3nio esgotou Coliseu dos Recreios, em noite apote\u00f3tica","datePublished":"2020-02-15T07:30:47+00:00","mainEntityOfPage":{"@id":"https:\/\/infocul.pt\/arquivo\/cultura\/plutonio-esgotou-coliseu-dos-recreios-em-noite-apoteotica\/"},"wordCount":588,"commentCount":0,"publisher":{"@id":"https:\/\/infocul.pt\/arquivo\/#organization"},"image":{"@id":"https:\/\/infocul.pt\/arquivo\/cultura\/plutonio-esgotou-coliseu-dos-recreios-em-noite-apoteotica\/#primaryimage"},"thumbnailUrl":"https:\/\/infocul.pt\/arquivo\/wp-content\/uploads\/2020\/02\/86402111_10151228165369950_6862121909413216256_o.jpg","keywords":["Coliseu dos Recreios","Lisboa","Plut\u00f3nio"],"articleSection":["Concertos","Cultura","Destaque","Reportagens"],"inLanguage":"pt-PT"},{"@type":"WebPage","@id":"https:\/\/infocul.pt\/arquivo\/cultura\/plutonio-esgotou-coliseu-dos-recreios-em-noite-apoteotica\/","url":"https:\/\/infocul.pt\/arquivo\/cultura\/plutonio-esgotou-coliseu-dos-recreios-em-noite-apoteotica\/","name":"Plut\u00f3nio esgotou Coliseu dos Recreios, em noite apote\u00f3tica | Infocul.pt - Arquivo Digital","isPartOf":{"@id":"https:\/\/infocul.pt\/arquivo\/#website"},"primaryImageOfPage":{"@id":"https:\/\/infocul.pt\/arquivo\/cultura\/plutonio-esgotou-coliseu-dos-recreios-em-noite-apoteotica\/#primaryimage"},"image":{"@id":"https:\/\/infocul.pt\/arquivo\/cultura\/plutonio-esgotou-coliseu-dos-recreios-em-noite-apoteotica\/#primaryimage"},"thumbnailUrl":"https:\/\/infocul.pt\/arquivo\/wp-content\/uploads\/2020\/02\/86402111_10151228165369950_6862121909413216256_o.jpg","datePublished":"2020-02-15T07:30:47+00:00","description":"Plut\u00f3nio esgotou Coliseu dos Recreios, em noite apote\u00f3tica | Infocul.pt - Arquivo Digital","breadcrumb":{"@id":"https:\/\/infocul.pt\/arquivo\/cultura\/plutonio-esgotou-coliseu-dos-recreios-em-noite-apoteotica\/#breadcrumb"},"inLanguage":"pt-PT","potentialAction":[{"@type":"ReadAction","target":["https:\/\/infocul.pt\/arquivo\/cultura\/plutonio-esgotou-coliseu-dos-recreios-em-noite-apoteotica\/"]}]},{"@type":"ImageObject","inLanguage":"pt-PT","@id":"https:\/\/infocul.pt\/arquivo\/cultura\/plutonio-esgotou-coliseu-dos-recreios-em-noite-apoteotica\/#primaryimage","url":"https:\/\/infocul.pt\/arquivo\/wp-content\/uploads\/2020\/02\/86402111_10151228165369950_6862121909413216256_o.jpg","contentUrl":"https:\/\/infocul.pt\/arquivo\/wp-content\/uploads\/2020\/02\/86402111_10151228165369950_6862121909413216256_o.jpg","width":770,"height":960},{"@type":"BreadcrumbList","@id":"https:\/\/infocul.pt\/arquivo\/cultura\/plutonio-esgotou-coliseu-dos-recreios-em-noite-apoteotica\/#breadcrumb","itemListElement":[{"@type":"ListItem","position":1,"name":"Home","item":"https:\/\/infocul.pt\/arquivo\/"},{"@type":"ListItem","position":2,"name":"Plut\u00f3nio esgotou Coliseu dos Recreios, em noite apote\u00f3tica"}]},{"@type":"WebSite","@id":"https:\/\/infocul.pt\/arquivo\/#website","url":"https:\/\/infocul.pt\/arquivo\/","name":"Infocul.pt - Arquivo Digital","description":"Arquivo digital da Infocul.pt","publisher":{"@id":"https:\/\/infocul.pt\/arquivo\/#organization"},"potentialAction":[{"@type":"SearchAction","target":{"@type":"EntryPoint","urlTemplate":"https:\/\/infocul.pt\/arquivo\/?s={search_term_string}"},"query-input":{"@type":"PropertyValueSpecification","valueRequired":true,"valueName":"search_term_string"}}],"inLanguage":"pt-PT"},{"@type":"Organization","@id":"https:\/\/infocul.pt\/arquivo\/#organization","name":"Infocul.pt","url":"https:\/\/infocul.pt\/arquivo\/","logo":{"@type":"ImageObject","inLanguage":"pt-PT","@id":"https:\/\/infocul.pt\/arquivo\/#\/schema\/logo\/image\/","url":"https:\/\/infocul.pt\/arquivo\/wp-content\/uploads\/2018\/12\/Infocul_logo-1.png","contentUrl":"https:\/\/infocul.pt\/arquivo\/wp-content\/uploads\/2018\/12\/Infocul_logo-1.png","width":800,"height":800,"caption":"Infocul.pt"},"image":{"@id":"https:\/\/infocul.pt\/arquivo\/#\/schema\/logo\/image\/"},"sameAs":["https:\/\/www.facebook.com\/Infocul-147816815585015\/","https:\/\/x.com\/Infoculpt","http:\/\/www.pictaram.com\/user\/infocul.pt\/2370423710","https:\/\/www.youtube.com\/channel\/UCYEB91AGI9FL9ek2i_IaQAA"]},{"@type":"Person","@id":"https:\/\/infocul.pt\/arquivo\/#\/schema\/person\/81ab97f0541b157888e4cad082e85379","name":"Mariana Nave","image":{"@type":"ImageObject","inLanguage":"pt-PT","@id":"https:\/\/secure.gravatar.com\/avatar\/c88ca83ec3e70f2c68e12fb31d20e52e4067a2b7ca6a32ed93bfdfa6797e214d?s=96&d=mm&r=g","url":"https:\/\/secure.gravatar.com\/avatar\/c88ca83ec3e70f2c68e12fb31d20e52e4067a2b7ca6a32ed93bfdfa6797e214d?s=96&d=mm&r=g","contentUrl":"https:\/\/secure.gravatar.com\/avatar\/c88ca83ec3e70f2c68e12fb31d20e52e4067a2b7ca6a32ed93bfdfa6797e214d?s=96&d=mm&r=g","caption":"Mariana Nave"},"description":"Em Fevereiro de 2019, come\u00e7ou a trabalhar com o projecto Infocul.pt, sendo este tamb\u00e9m o primeiro projecto com que colabora. Apesar de ainda n\u00e3o ter um longo percurso, continua a trabalhar sempre com o objectivo de melhorar as suas capacidades no ramo da comunica\u00e7\u00e3o social."}]}},"_links":{"self":[{"href":"https:\/\/infocul.pt\/arquivo\/wp-json\/wp\/v2\/posts\/66686","targetHints":{"allow":["GET"]}}],"collection":[{"href":"https:\/\/infocul.pt\/arquivo\/wp-json\/wp\/v2\/posts"}],"about":[{"href":"https:\/\/infocul.pt\/arquivo\/wp-json\/wp\/v2\/types\/post"}],"author":[{"embeddable":true,"href":"https:\/\/infocul.pt\/arquivo\/wp-json\/wp\/v2\/users\/20"}],"replies":[{"embeddable":true,"href":"https:\/\/infocul.pt\/arquivo\/wp-json\/wp\/v2\/comments?post=66686"}],"version-history":[{"count":0,"href":"https:\/\/infocul.pt\/arquivo\/wp-json\/wp\/v2\/posts\/66686\/revisions"}],"wp:featuredmedia":[{"embeddable":true,"href":"https:\/\/infocul.pt\/arquivo\/wp-json\/wp\/v2\/media\/66687"}],"wp:attachment":[{"href":"https:\/\/infocul.pt\/arquivo\/wp-json\/wp\/v2\/media?parent=66686"}],"wp:term":[{"taxonomy":"category","embeddable":true,"href":"https:\/\/infocul.pt\/arquivo\/wp-json\/wp\/v2\/categories?post=66686"},{"taxonomy":"post_tag","embeddable":true,"href":"https:\/\/infocul.pt\/arquivo\/wp-json\/wp\/v2\/tags?post=66686"}],"curies":[{"name":"wp","href":"https:\/\/api.w.org\/{rel}","templated":true}]}}