{"id":66709,"date":"2020-02-16T01:40:49","date_gmt":"2020-02-16T01:40:49","guid":{"rendered":"https:\/\/infocul.pt\/?p=66709"},"modified":"2020-02-16T01:40:49","modified_gmt":"2020-02-16T01:40:49","slug":"a-proposito-de-musica-a-importancia-do-ensino-da-musica","status":"publish","type":"post","link":"https:\/\/infocul.pt\/arquivo\/destaque\/a-proposito-de-musica-a-importancia-do-ensino-da-musica\/","title":{"rendered":"&#8220;A prop\u00f3sito de m\u00fasica\u2026&#8221;: A import\u00e2ncia do ensino da m\u00fasica"},"content":{"rendered":"<p><img decoding=\"async\" class=\"aligncenter wp-image-60883 size-full lazyload\" data-src=\"https:\/\/infocul.pt\/arquivo\/wp-content\/uploads\/2019\/10\/A-prop\u00f3sito-de-m\u00fasica1.jpg\" alt=\"\" width=\"800\" height=\"445\" data-srcset=\"https:\/\/infocul.pt\/arquivo\/wp-content\/uploads\/2019\/10\/A-prop\u00f3sito-de-m\u00fasica1.jpg 800w, https:\/\/infocul.pt\/arquivo\/wp-content\/uploads\/2019\/10\/A-prop\u00f3sito-de-m\u00fasica1-300x167.jpg 300w, https:\/\/infocul.pt\/arquivo\/wp-content\/uploads\/2019\/10\/A-prop\u00f3sito-de-m\u00fasica1-768x427.jpg 768w\" data-sizes=\"(max-width: 800px) 100vw, 800px\" src=\"data:image\/svg+xml;base64,PHN2ZyB3aWR0aD0iMSIgaGVpZ2h0PSIxIiB4bWxucz0iaHR0cDovL3d3dy53My5vcmcvMjAwMC9zdmciPjwvc3ZnPg==\" style=\"--smush-placeholder-width: 800px; --smush-placeholder-aspect-ratio: 800\/445;\" \/><\/p>\n<p><span style=\"color: #000000;\">Nestas cr\u00f3nicas mensais tenho vindo a falar da experi\u00eancia de artistas reconhecidos, de alunos, na \u00e1rea da m\u00fasica e tamb\u00e9m da import\u00e2ncia do estudo desta nas suas vidas.<\/span><!--more--><\/p>\n<p><span style=\"color: #000000;\">Este m\u00eas quero dar continu<\/span><span style=\"color: #000000;\">idade<\/span><span style=\"color: #000000;\"> a este tema e \u00e0 import\u00e2ncia, ao impacto que a aprendizagem da m\u00fasica tem na vida de pessoas que sentem que esta \u00e9 um universo que querem seguir para a vida mas tamb\u00e9m a import\u00e2ncia e impacto que tem na nossa vida enquanto seres humanos. E \u00e9 exactamente por aqui que quero come\u00e7ar:<\/span><\/p>\n<p><span style=\"color: #000000;\">Desde o come\u00e7o da nossa vida, ainda na barriga da m\u00e3e, que somos envolvidos por sons. Sons musicais ou apenas sons&#8230; da pr\u00f3pria voz da m\u00e3e e de tudo o que a rodeia.<\/span><\/p>\n<p><span style=\"color: #000000;\">A partir dos 5 meses de gesta\u00e7\u00e3o j\u00e1 conseguimos ouvir sons.<\/span><\/p>\n<p><span style=\"color: #000000;\">\u00c9 pois por isso importante que enquanto na barriga da m\u00e3e ponhamos m\u00fasica ao redor desta e caso queira, ela a ponha directamente na barriga para o b\u00e9be ouvir.<\/span><\/p>\n<p><span style=\"color: #000000;\">A partir do nascimento os sons s\u00e3o uma descoberta cont\u00ednua, assim como todos os objectos, luzes, <\/span><span style=\"color: #000000;\">s<\/span><span style=\"color: #000000;\">ombras, pessoas, etc.. tudo o que circunda o <\/span><span style=\"color: #000000;\">beb\u00e9. <\/span><span style=\"color: #000000;\">A m\u00fasica pode e deve ser dada ao <\/span><span style=\"color: #000000;\">beb\u00e9<\/span><span style=\"color: #000000;\"> assim que nasce.<\/span><\/p>\n<p><span style=\"color: #000000;\">N\u00e3o \u00e9 por acaso que se canta para os fazer adormecer, que existem can\u00e7\u00f5es de embalar.<\/span><\/p>\n<p><span style=\"color: #000000;\">\u00c9 extremamente importante o desenvolvimento do <\/span><span style=\"color: #000000;\">beb\u00e9<\/span><span style=\"color: #000000;\"> e crian\u00e7a rodeado de m\u00fasica.<\/span><\/p>\n<p><span style=\"color: #000000;\">1. O impacto da m\u00fasica enquanto seres humanos:<\/span><\/p>\n<p><span style=\"color: #000000;\">&#8220;<em><strong>Toda alma \u00e9 uma m\u00fasica que se toca.<\/strong><\/em>\u201c \u2014 <\/span><span style=\"color: #000000;\">R\u00faben<\/span><span style=\"color: #000000;\"> Alves.<\/span><\/p>\n<p><span style=\"color: #000000;\">\u201c<em><strong>M\u00fasica \u00e9 vida interior. E quem tem vida interior jamais est\u00e1 sozinho.<\/strong><\/em>\u201d R<\/span><span style=\"color: #000000;\">\u00fa<\/span><span style=\"color: #000000;\">be<\/span><span style=\"color: #000000;\">n<\/span><span style=\"color: #000000;\"> Alves<\/span><\/p>\n<p><span style=\"color: #000000;\">Cientificamente<\/span><span style=\"color: #000000;\"> est\u00e1 provado que a m\u00fasica estimula, n\u00e3o s\u00f3 emo\u00e7\u00f5es, sensa\u00e7\u00f5es mas tamb\u00e9m o nosso c\u00e9rebro e a capacidade de o desenvolvermos e trabalharmos o mesmo.<\/span><\/p>\n<p><span style=\"color: #000000;\">O c\u00e9rebro divide-se em dois hemisf\u00e9rios, o esquerdo e o direito e cada um deles tem fun\u00e7\u00f5es distintas, o que significa que por norma trabalhamos mais um <\/span><span style=\"color: #000000;\">do <\/span><span style=\"color: #000000;\">que outro.<\/span><\/p>\n<p><span style=\"color: #000000;\">O hemisf\u00e9rio esquerdo est\u00e1 ligado ao que \u00e9 l\u00f3gico. <\/span><span style=\"color: #000000;\">Racioc\u00ednio<\/span><span style=\"color: #000000;\">, n\u00fameros, linguagem.<\/span><\/p>\n<p><span style=\"color: #000000;\">O hemisf\u00e9rio direito, por sua vez <\/span><span style=\"color: #000000;\">a<\/span><span style=\"color: #000000;\"> parte das emo\u00e7\u00f5es, sensa\u00e7\u00f5es, criatividade, intui\u00e7\u00e3o etc..<\/span><\/p>\n<p><span style=\"color: #000000;\">Todos n\u00f3s, conforme a educa\u00e7\u00e3o que nos \u00e9 dada e as experi\u00eancias de vida pelas quais vamos passando desenvolvemos mais um lado que outro, porem a m\u00fasica tem o poder de conseguir activar e desenvolver os dois hemisf\u00e9rios e criar assim mais interac\u00e7\u00e3o, conex\u00e3o entre ambos.<\/span><\/p>\n<p><span style=\"color: #000000;\">Para al\u00e9m de uma credibilidade cientificamente comprovada, tamb\u00e9m est\u00e1 provado por n\u00f3s mesmos, seres humanos, meros mortais, que a m\u00fasica nos impele, nos ajuda em tudo o pouco. Somos muito de n\u00f3s a diz\u00ea-lo..<\/span><\/p>\n<p><span style=\"color: #000000;\">H\u00e1 uma diversidade enorme de cria\u00e7\u00f5es musicais e g\u00e9neros. Nesta varia\u00e7\u00e3o h\u00e1 pessoas que n\u00e3o vivem sem a m\u00fasica de manh\u00e3 <\/span><span style=\"color: #000000;\">\u00e0<\/span><span style=\"color: #000000;\"> noite e outros at\u00e9 para adormecer, relaxar.<\/span><\/p>\n<p><span style=\"color: #000000;\">A m\u00fasica actua tamb\u00e9m como terapia, como suporte emocional do ser humano.<\/span><\/p>\n<p><span style=\"color: #000000;\">As emo\u00e7\u00f5es que a m\u00fasica nos faz sentir, ajuda-<\/span><span style=\"color: #000000;\">nos<\/span><span style=\"color: #000000;\"> a auto-cura<\/span><span style=\"color: #000000;\">r<\/span><span style=\"color: #000000;\">mos de alguns momentos mais <\/span><span style=\"color: #000000;\">dif\u00edceis<\/span><span style=\"color: #000000;\"> da nossa vida.<\/span><\/p>\n<p><span style=\"color: #000000;\">A m\u00fasica tamb\u00e9m traz ao de cima emo\u00e7\u00f5es, sensa\u00e7\u00f5es, lembran\u00e7as da inf\u00e2ncia, juventude ou at\u00e9 marca momentos importantes na nossa vida. Ajuda-nos a relembrar e a reviver emo\u00e7\u00f5es e cur\u00e1-l<\/span><span style=\"color: #000000;\">a<\/span><span style=\"color: #000000;\">s ou apenas para nos trazer um momento de paz, de bem do passado.<\/span><\/p>\n<p><span style=\"color: #000000;\">A m\u00fasica ajuda a criar seres humanos mais est\u00e1veis, mais seguros, criativos, empenhados e a desenvolver responsabilidades, maturidade.<\/span><\/p>\n<p><span style=\"color: #000000;\">A m\u00fasica \u00e9 comida para a alma&#8230;<\/span><\/p>\n<p><span style=\"color: #000000;\">E ser\u00e1 sobre este ponto que continuarei no pr\u00f3ximo m\u00eas. <\/span><\/p>\n","protected":false},"excerpt":{"rendered":"<p>Nestas cr\u00f3nicas mensais tenho vindo a falar da experi\u00eancia de artistas reconhecidos, de alunos, na \u00e1rea da m\u00fasica e tamb\u00e9m da import\u00e2ncia do estudo desta nas suas vidas.<\/p>\n","protected":false},"author":18,"featured_media":60883,"comment_status":"open","ping_status":"closed","sticky":false,"template":"","format":"standard","meta":{"footnotes":""},"categories":[36,4121],"tags":[7906],"class_list":["post-66709","post","type-post","status-publish","format-standard","has-post-thumbnail","hentry","category-destaque","category-opiniao","tag-a-proposito-de-musica"],"yoast_head":"<!-- This site is optimized with the Yoast SEO plugin v27.5 - https:\/\/yoast.com\/product\/yoast-seo-wordpress\/ -->\n<title>&quot;A prop\u00f3sito de m\u00fasica\u2026&quot;: A import\u00e2ncia do ensino da m\u00fasica | Infocul.pt - Arquivo Digital<\/title>\n<meta name=\"description\" content=\"&quot;A prop\u00f3sito de m\u00fasica\u2026&quot;: A import\u00e2ncia do ensino da m\u00fasica | Infocul.pt - Arquivo Digital\" \/>\n<meta name=\"robots\" content=\"noindex, follow, max-snippet:-1, max-image-preview:large, max-video-preview:-1\" \/>\n<meta property=\"og:locale\" content=\"pt_PT\" \/>\n<meta property=\"og:type\" content=\"article\" \/>\n<meta property=\"og:title\" content=\"&quot;A prop\u00f3sito de m\u00fasica\u2026&quot;: A import\u00e2ncia do ensino da m\u00fasica | Infocul.pt - Arquivo Digital\" \/>\n<meta property=\"og:description\" content=\"&quot;A prop\u00f3sito de m\u00fasica\u2026&quot;: A import\u00e2ncia do ensino da m\u00fasica | Infocul.pt - Arquivo Digital\" \/>\n<meta property=\"og:url\" content=\"https:\/\/infocul.pt\/arquivo\/destaque\/a-proposito-de-musica-a-importancia-do-ensino-da-musica\/\" \/>\n<meta property=\"og:site_name\" content=\"Infocul.pt - Arquivo Digital\" \/>\n<meta property=\"article:publisher\" content=\"https:\/\/www.facebook.com\/Infocul-147816815585015\/\" \/>\n<meta property=\"article:published_time\" content=\"2020-02-16T01:40:49+00:00\" \/>\n<meta property=\"og:image\" content=\"https:\/\/infocul.pt\/arquivo\/wp-content\/uploads\/2019\/10\/A-prop\u00f3sito-de-m\u00fasica1.jpg\" \/>\n\t<meta property=\"og:image:width\" content=\"800\" \/>\n\t<meta property=\"og:image:height\" content=\"445\" \/>\n\t<meta property=\"og:image:type\" content=\"image\/jpeg\" \/>\n<meta name=\"author\" content=\"Ana Cristina Esteves\" \/>\n<meta name=\"twitter:card\" content=\"summary_large_image\" \/>\n<meta name=\"twitter:creator\" content=\"@Infoculpt\" \/>\n<meta name=\"twitter:site\" content=\"@Infoculpt\" \/>\n<meta name=\"twitter:label1\" content=\"Escrito por\" \/>\n\t<meta name=\"twitter:data1\" content=\"Ana Cristina Esteves\" \/>\n\t<meta name=\"twitter:label2\" content=\"Tempo estimado de leitura\" \/>\n\t<meta name=\"twitter:data2\" content=\"3 minutos\" \/>\n<script type=\"application\/ld+json\" class=\"yoast-schema-graph\">{\"@context\":\"https:\\\/\\\/schema.org\",\"@graph\":[{\"@type\":\"Article\",\"@id\":\"https:\\\/\\\/infocul.pt\\\/arquivo\\\/destaque\\\/a-proposito-de-musica-a-importancia-do-ensino-da-musica\\\/#article\",\"isPartOf\":{\"@id\":\"https:\\\/\\\/infocul.pt\\\/arquivo\\\/destaque\\\/a-proposito-de-musica-a-importancia-do-ensino-da-musica\\\/\"},\"author\":{\"name\":\"Ana Cristina Esteves\",\"@id\":\"https:\\\/\\\/infocul.pt\\\/arquivo\\\/#\\\/schema\\\/person\\\/5bea4408e2590fb41a6291b34198b262\"},\"headline\":\"&#8220;A prop\u00f3sito de m\u00fasica\u2026&#8221;: A import\u00e2ncia do ensino da m\u00fasica\",\"datePublished\":\"2020-02-16T01:40:49+00:00\",\"mainEntityOfPage\":{\"@id\":\"https:\\\/\\\/infocul.pt\\\/arquivo\\\/destaque\\\/a-proposito-de-musica-a-importancia-do-ensino-da-musica\\\/\"},\"wordCount\":648,\"commentCount\":0,\"publisher\":{\"@id\":\"https:\\\/\\\/infocul.pt\\\/arquivo\\\/#organization\"},\"image\":{\"@id\":\"https:\\\/\\\/infocul.pt\\\/arquivo\\\/destaque\\\/a-proposito-de-musica-a-importancia-do-ensino-da-musica\\\/#primaryimage\"},\"thumbnailUrl\":\"https:\\\/\\\/infocul.pt\\\/arquivo\\\/wp-content\\\/uploads\\\/2019\\\/10\\\/A-prop\u00f3sito-de-m\u00fasica1.jpg\",\"keywords\":[\"A prop\u00f3sito de m\u00fasica\"],\"articleSection\":[\"Destaque\",\"Opini\u00e3o\"],\"inLanguage\":\"pt-PT\"},{\"@type\":\"WebPage\",\"@id\":\"https:\\\/\\\/infocul.pt\\\/arquivo\\\/destaque\\\/a-proposito-de-musica-a-importancia-do-ensino-da-musica\\\/\",\"url\":\"https:\\\/\\\/infocul.pt\\\/arquivo\\\/destaque\\\/a-proposito-de-musica-a-importancia-do-ensino-da-musica\\\/\",\"name\":\"\\\"A prop\u00f3sito de m\u00fasica\u2026\\\": A import\u00e2ncia do ensino da m\u00fasica | Infocul.pt - Arquivo Digital\",\"isPartOf\":{\"@id\":\"https:\\\/\\\/infocul.pt\\\/arquivo\\\/#website\"},\"primaryImageOfPage\":{\"@id\":\"https:\\\/\\\/infocul.pt\\\/arquivo\\\/destaque\\\/a-proposito-de-musica-a-importancia-do-ensino-da-musica\\\/#primaryimage\"},\"image\":{\"@id\":\"https:\\\/\\\/infocul.pt\\\/arquivo\\\/destaque\\\/a-proposito-de-musica-a-importancia-do-ensino-da-musica\\\/#primaryimage\"},\"thumbnailUrl\":\"https:\\\/\\\/infocul.pt\\\/arquivo\\\/wp-content\\\/uploads\\\/2019\\\/10\\\/A-prop\u00f3sito-de-m\u00fasica1.jpg\",\"datePublished\":\"2020-02-16T01:40:49+00:00\",\"description\":\"\\\"A prop\u00f3sito de m\u00fasica\u2026\\\": A import\u00e2ncia do ensino da m\u00fasica | Infocul.pt - Arquivo Digital\",\"breadcrumb\":{\"@id\":\"https:\\\/\\\/infocul.pt\\\/arquivo\\\/destaque\\\/a-proposito-de-musica-a-importancia-do-ensino-da-musica\\\/#breadcrumb\"},\"inLanguage\":\"pt-PT\",\"potentialAction\":[{\"@type\":\"ReadAction\",\"target\":[\"https:\\\/\\\/infocul.pt\\\/arquivo\\\/destaque\\\/a-proposito-de-musica-a-importancia-do-ensino-da-musica\\\/\"]}]},{\"@type\":\"ImageObject\",\"inLanguage\":\"pt-PT\",\"@id\":\"https:\\\/\\\/infocul.pt\\\/arquivo\\\/destaque\\\/a-proposito-de-musica-a-importancia-do-ensino-da-musica\\\/#primaryimage\",\"url\":\"https:\\\/\\\/infocul.pt\\\/arquivo\\\/wp-content\\\/uploads\\\/2019\\\/10\\\/A-prop\u00f3sito-de-m\u00fasica1.jpg\",\"contentUrl\":\"https:\\\/\\\/infocul.pt\\\/arquivo\\\/wp-content\\\/uploads\\\/2019\\\/10\\\/A-prop\u00f3sito-de-m\u00fasica1.jpg\",\"width\":800,\"height\":445},{\"@type\":\"BreadcrumbList\",\"@id\":\"https:\\\/\\\/infocul.pt\\\/arquivo\\\/destaque\\\/a-proposito-de-musica-a-importancia-do-ensino-da-musica\\\/#breadcrumb\",\"itemListElement\":[{\"@type\":\"ListItem\",\"position\":1,\"name\":\"Home\",\"item\":\"https:\\\/\\\/infocul.pt\\\/arquivo\\\/\"},{\"@type\":\"ListItem\",\"position\":2,\"name\":\"&#8220;A prop\u00f3sito de m\u00fasica\u2026&#8221;: A import\u00e2ncia do ensino da m\u00fasica\"}]},{\"@type\":\"WebSite\",\"@id\":\"https:\\\/\\\/infocul.pt\\\/arquivo\\\/#website\",\"url\":\"https:\\\/\\\/infocul.pt\\\/arquivo\\\/\",\"name\":\"Infocul.pt - Arquivo Digital\",\"description\":\"Arquivo digital da Infocul.pt\",\"publisher\":{\"@id\":\"https:\\\/\\\/infocul.pt\\\/arquivo\\\/#organization\"},\"potentialAction\":[{\"@type\":\"SearchAction\",\"target\":{\"@type\":\"EntryPoint\",\"urlTemplate\":\"https:\\\/\\\/infocul.pt\\\/arquivo\\\/?s={search_term_string}\"},\"query-input\":{\"@type\":\"PropertyValueSpecification\",\"valueRequired\":true,\"valueName\":\"search_term_string\"}}],\"inLanguage\":\"pt-PT\"},{\"@type\":\"Organization\",\"@id\":\"https:\\\/\\\/infocul.pt\\\/arquivo\\\/#organization\",\"name\":\"Infocul.pt\",\"url\":\"https:\\\/\\\/infocul.pt\\\/arquivo\\\/\",\"logo\":{\"@type\":\"ImageObject\",\"inLanguage\":\"pt-PT\",\"@id\":\"https:\\\/\\\/infocul.pt\\\/arquivo\\\/#\\\/schema\\\/logo\\\/image\\\/\",\"url\":\"https:\\\/\\\/infocul.pt\\\/arquivo\\\/wp-content\\\/uploads\\\/2018\\\/12\\\/Infocul_logo-1.png\",\"contentUrl\":\"https:\\\/\\\/infocul.pt\\\/arquivo\\\/wp-content\\\/uploads\\\/2018\\\/12\\\/Infocul_logo-1.png\",\"width\":800,\"height\":800,\"caption\":\"Infocul.pt\"},\"image\":{\"@id\":\"https:\\\/\\\/infocul.pt\\\/arquivo\\\/#\\\/schema\\\/logo\\\/image\\\/\"},\"sameAs\":[\"https:\\\/\\\/www.facebook.com\\\/Infocul-147816815585015\\\/\",\"https:\\\/\\\/x.com\\\/Infoculpt\",\"http:\\\/\\\/www.pictaram.com\\\/user\\\/infocul.pt\\\/2370423710\",\"https:\\\/\\\/www.youtube.com\\\/channel\\\/UCYEB91AGI9FL9ek2i_IaQAA\"]},{\"@type\":\"Person\",\"@id\":\"https:\\\/\\\/infocul.pt\\\/arquivo\\\/#\\\/schema\\\/person\\\/5bea4408e2590fb41a6291b34198b262\",\"name\":\"Ana Cristina Esteves\",\"image\":{\"@type\":\"ImageObject\",\"inLanguage\":\"pt-PT\",\"@id\":\"https:\\\/\\\/secure.gravatar.com\\\/avatar\\\/e3ad354261e0752913590b893f97b3a8ff88b72b6ba2cd99f6793291697b5279?s=96&d=mm&r=g\",\"url\":\"https:\\\/\\\/secure.gravatar.com\\\/avatar\\\/e3ad354261e0752913590b893f97b3a8ff88b72b6ba2cd99f6793291697b5279?s=96&d=mm&r=g\",\"contentUrl\":\"https:\\\/\\\/secure.gravatar.com\\\/avatar\\\/e3ad354261e0752913590b893f97b3a8ff88b72b6ba2cd99f6793291697b5279?s=96&d=mm&r=g\",\"caption\":\"Ana Cristina Esteves\"},\"description\":\"Professora de M\u00fasica\"}]}<\/script>\n<!-- \/ Yoast SEO plugin. -->","yoast_head_json":{"title":"\"A prop\u00f3sito de m\u00fasica\u2026\": A import\u00e2ncia do ensino da m\u00fasica | Infocul.pt - Arquivo Digital","description":"\"A prop\u00f3sito de m\u00fasica\u2026\": A import\u00e2ncia do ensino da m\u00fasica | Infocul.pt - Arquivo Digital","robots":{"index":"noindex","follow":"follow","max-snippet":"max-snippet:-1","max-image-preview":"max-image-preview:large","max-video-preview":"max-video-preview:-1"},"og_locale":"pt_PT","og_type":"article","og_title":"\"A prop\u00f3sito de m\u00fasica\u2026\": A import\u00e2ncia do ensino da m\u00fasica | Infocul.pt - Arquivo Digital","og_description":"\"A prop\u00f3sito de m\u00fasica\u2026\": A import\u00e2ncia do ensino da m\u00fasica | Infocul.pt - Arquivo Digital","og_url":"https:\/\/infocul.pt\/arquivo\/destaque\/a-proposito-de-musica-a-importancia-do-ensino-da-musica\/","og_site_name":"Infocul.pt - Arquivo Digital","article_publisher":"https:\/\/www.facebook.com\/Infocul-147816815585015\/","article_published_time":"2020-02-16T01:40:49+00:00","og_image":[{"width":800,"height":445,"url":"https:\/\/infocul.pt\/arquivo\/wp-content\/uploads\/2019\/10\/A-prop\u00f3sito-de-m\u00fasica1.jpg","type":"image\/jpeg"}],"author":"Ana Cristina Esteves","twitter_card":"summary_large_image","twitter_creator":"@Infoculpt","twitter_site":"@Infoculpt","twitter_misc":{"Escrito por":"Ana Cristina Esteves","Tempo estimado de leitura":"3 minutos"},"schema":{"@context":"https:\/\/schema.org","@graph":[{"@type":"Article","@id":"https:\/\/infocul.pt\/arquivo\/destaque\/a-proposito-de-musica-a-importancia-do-ensino-da-musica\/#article","isPartOf":{"@id":"https:\/\/infocul.pt\/arquivo\/destaque\/a-proposito-de-musica-a-importancia-do-ensino-da-musica\/"},"author":{"name":"Ana Cristina Esteves","@id":"https:\/\/infocul.pt\/arquivo\/#\/schema\/person\/5bea4408e2590fb41a6291b34198b262"},"headline":"&#8220;A prop\u00f3sito de m\u00fasica\u2026&#8221;: A import\u00e2ncia do ensino da m\u00fasica","datePublished":"2020-02-16T01:40:49+00:00","mainEntityOfPage":{"@id":"https:\/\/infocul.pt\/arquivo\/destaque\/a-proposito-de-musica-a-importancia-do-ensino-da-musica\/"},"wordCount":648,"commentCount":0,"publisher":{"@id":"https:\/\/infocul.pt\/arquivo\/#organization"},"image":{"@id":"https:\/\/infocul.pt\/arquivo\/destaque\/a-proposito-de-musica-a-importancia-do-ensino-da-musica\/#primaryimage"},"thumbnailUrl":"https:\/\/infocul.pt\/arquivo\/wp-content\/uploads\/2019\/10\/A-prop\u00f3sito-de-m\u00fasica1.jpg","keywords":["A prop\u00f3sito de m\u00fasica"],"articleSection":["Destaque","Opini\u00e3o"],"inLanguage":"pt-PT"},{"@type":"WebPage","@id":"https:\/\/infocul.pt\/arquivo\/destaque\/a-proposito-de-musica-a-importancia-do-ensino-da-musica\/","url":"https:\/\/infocul.pt\/arquivo\/destaque\/a-proposito-de-musica-a-importancia-do-ensino-da-musica\/","name":"\"A prop\u00f3sito de m\u00fasica\u2026\": A import\u00e2ncia do ensino da m\u00fasica | Infocul.pt - Arquivo Digital","isPartOf":{"@id":"https:\/\/infocul.pt\/arquivo\/#website"},"primaryImageOfPage":{"@id":"https:\/\/infocul.pt\/arquivo\/destaque\/a-proposito-de-musica-a-importancia-do-ensino-da-musica\/#primaryimage"},"image":{"@id":"https:\/\/infocul.pt\/arquivo\/destaque\/a-proposito-de-musica-a-importancia-do-ensino-da-musica\/#primaryimage"},"thumbnailUrl":"https:\/\/infocul.pt\/arquivo\/wp-content\/uploads\/2019\/10\/A-prop\u00f3sito-de-m\u00fasica1.jpg","datePublished":"2020-02-16T01:40:49+00:00","description":"\"A prop\u00f3sito de m\u00fasica\u2026\": A import\u00e2ncia do ensino da m\u00fasica | Infocul.pt - Arquivo Digital","breadcrumb":{"@id":"https:\/\/infocul.pt\/arquivo\/destaque\/a-proposito-de-musica-a-importancia-do-ensino-da-musica\/#breadcrumb"},"inLanguage":"pt-PT","potentialAction":[{"@type":"ReadAction","target":["https:\/\/infocul.pt\/arquivo\/destaque\/a-proposito-de-musica-a-importancia-do-ensino-da-musica\/"]}]},{"@type":"ImageObject","inLanguage":"pt-PT","@id":"https:\/\/infocul.pt\/arquivo\/destaque\/a-proposito-de-musica-a-importancia-do-ensino-da-musica\/#primaryimage","url":"https:\/\/infocul.pt\/arquivo\/wp-content\/uploads\/2019\/10\/A-prop\u00f3sito-de-m\u00fasica1.jpg","contentUrl":"https:\/\/infocul.pt\/arquivo\/wp-content\/uploads\/2019\/10\/A-prop\u00f3sito-de-m\u00fasica1.jpg","width":800,"height":445},{"@type":"BreadcrumbList","@id":"https:\/\/infocul.pt\/arquivo\/destaque\/a-proposito-de-musica-a-importancia-do-ensino-da-musica\/#breadcrumb","itemListElement":[{"@type":"ListItem","position":1,"name":"Home","item":"https:\/\/infocul.pt\/arquivo\/"},{"@type":"ListItem","position":2,"name":"&#8220;A prop\u00f3sito de m\u00fasica\u2026&#8221;: A import\u00e2ncia do ensino da m\u00fasica"}]},{"@type":"WebSite","@id":"https:\/\/infocul.pt\/arquivo\/#website","url":"https:\/\/infocul.pt\/arquivo\/","name":"Infocul.pt - Arquivo Digital","description":"Arquivo digital da Infocul.pt","publisher":{"@id":"https:\/\/infocul.pt\/arquivo\/#organization"},"potentialAction":[{"@type":"SearchAction","target":{"@type":"EntryPoint","urlTemplate":"https:\/\/infocul.pt\/arquivo\/?s={search_term_string}"},"query-input":{"@type":"PropertyValueSpecification","valueRequired":true,"valueName":"search_term_string"}}],"inLanguage":"pt-PT"},{"@type":"Organization","@id":"https:\/\/infocul.pt\/arquivo\/#organization","name":"Infocul.pt","url":"https:\/\/infocul.pt\/arquivo\/","logo":{"@type":"ImageObject","inLanguage":"pt-PT","@id":"https:\/\/infocul.pt\/arquivo\/#\/schema\/logo\/image\/","url":"https:\/\/infocul.pt\/arquivo\/wp-content\/uploads\/2018\/12\/Infocul_logo-1.png","contentUrl":"https:\/\/infocul.pt\/arquivo\/wp-content\/uploads\/2018\/12\/Infocul_logo-1.png","width":800,"height":800,"caption":"Infocul.pt"},"image":{"@id":"https:\/\/infocul.pt\/arquivo\/#\/schema\/logo\/image\/"},"sameAs":["https:\/\/www.facebook.com\/Infocul-147816815585015\/","https:\/\/x.com\/Infoculpt","http:\/\/www.pictaram.com\/user\/infocul.pt\/2370423710","https:\/\/www.youtube.com\/channel\/UCYEB91AGI9FL9ek2i_IaQAA"]},{"@type":"Person","@id":"https:\/\/infocul.pt\/arquivo\/#\/schema\/person\/5bea4408e2590fb41a6291b34198b262","name":"Ana Cristina Esteves","image":{"@type":"ImageObject","inLanguage":"pt-PT","@id":"https:\/\/secure.gravatar.com\/avatar\/e3ad354261e0752913590b893f97b3a8ff88b72b6ba2cd99f6793291697b5279?s=96&d=mm&r=g","url":"https:\/\/secure.gravatar.com\/avatar\/e3ad354261e0752913590b893f97b3a8ff88b72b6ba2cd99f6793291697b5279?s=96&d=mm&r=g","contentUrl":"https:\/\/secure.gravatar.com\/avatar\/e3ad354261e0752913590b893f97b3a8ff88b72b6ba2cd99f6793291697b5279?s=96&d=mm&r=g","caption":"Ana Cristina Esteves"},"description":"Professora de M\u00fasica"}]}},"_links":{"self":[{"href":"https:\/\/infocul.pt\/arquivo\/wp-json\/wp\/v2\/posts\/66709","targetHints":{"allow":["GET"]}}],"collection":[{"href":"https:\/\/infocul.pt\/arquivo\/wp-json\/wp\/v2\/posts"}],"about":[{"href":"https:\/\/infocul.pt\/arquivo\/wp-json\/wp\/v2\/types\/post"}],"author":[{"embeddable":true,"href":"https:\/\/infocul.pt\/arquivo\/wp-json\/wp\/v2\/users\/18"}],"replies":[{"embeddable":true,"href":"https:\/\/infocul.pt\/arquivo\/wp-json\/wp\/v2\/comments?post=66709"}],"version-history":[{"count":0,"href":"https:\/\/infocul.pt\/arquivo\/wp-json\/wp\/v2\/posts\/66709\/revisions"}],"wp:featuredmedia":[{"embeddable":true,"href":"https:\/\/infocul.pt\/arquivo\/wp-json\/wp\/v2\/media\/60883"}],"wp:attachment":[{"href":"https:\/\/infocul.pt\/arquivo\/wp-json\/wp\/v2\/media?parent=66709"}],"wp:term":[{"taxonomy":"category","embeddable":true,"href":"https:\/\/infocul.pt\/arquivo\/wp-json\/wp\/v2\/categories?post=66709"},{"taxonomy":"post_tag","embeddable":true,"href":"https:\/\/infocul.pt\/arquivo\/wp-json\/wp\/v2\/tags?post=66709"}],"curies":[{"name":"wp","href":"https:\/\/api.w.org\/{rel}","templated":true}]}}