{"id":66875,"date":"2020-02-20T16:00:04","date_gmt":"2020-02-20T16:00:04","guid":{"rendered":"https:\/\/infocul.pt\/?p=66875"},"modified":"2020-02-20T23:02:21","modified_gmt":"2020-02-20T23:02:21","slug":"cuqui-tive-uma-trajectoria-pouco-ajudada-mas-estou-feliz-com-a-trajectoria-que-tenho","status":"publish","type":"post","link":"https:\/\/infocul.pt\/arquivo\/cultura\/cuqui-tive-uma-trajectoria-pouco-ajudada-mas-estou-feliz-com-a-trajectoria-que-tenho\/","title":{"rendered":"Cuqui: \u201cDedico-me todos os dias a treinar e a pensar no touro\u201d"},"content":{"rendered":"<p><img decoding=\"async\" class=\"aligncenter wp-image-66876 size-large lazyload\" data-src=\"https:\/\/infocul.pt\/arquivo\/wp-content\/uploads\/2020\/02\/IMG_1470-683x1024.jpg\" alt=\"\" width=\"683\" height=\"1024\" data-srcset=\"https:\/\/infocul.pt\/arquivo\/wp-content\/uploads\/2020\/02\/IMG_1470.jpg 683w, https:\/\/infocul.pt\/arquivo\/wp-content\/uploads\/2020\/02\/IMG_1470-200x300.jpg 200w, https:\/\/infocul.pt\/arquivo\/wp-content\/uploads\/2020\/02\/IMG_1470-768x1152.jpg 768w, https:\/\/infocul.pt\/arquivo\/wp-content\/uploads\/2020\/02\/IMG_1470-1024x1536.jpg 1024w\" data-sizes=\"(max-width: 683px) 100vw, 683px\" src=\"data:image\/svg+xml;base64,PHN2ZyB3aWR0aD0iMSIgaGVpZ2h0PSIxIiB4bWxucz0iaHR0cDovL3d3dy53My5vcmcvMjAwMC9zdmciPjwvc3ZnPg==\" style=\"--smush-placeholder-width: 683px; --smush-placeholder-aspect-ratio: 683\/1024;\" \/><\/p>\n<p><span style=\"font-family: Liberation Serif, serif;\"><span style=\"font-size: medium;\"><span style=\"color: #222222;\">J<\/span><span style=\"color: #222222;\">oaquim Ribeiro \u2018Cuqui\u2019 \u00e9 matador de touros, portugu\u00eas, natural da <\/span><span style=\"color: #222222;\">Moita e ap\u00f3s ter tomado alternativa a 19 de Agosto de 2018 em Tijuana, no M\u00e9xico, ainda n\u00e3o se apresentou enquanto matador de touros numa pra\u00e7a de touros lusitana.<\/span><\/span><\/span><!--more--><\/p>\n<p><span style=\"font-family: Liberation Serif, serif;\"><span style=\"font-size: medium;\"><span style=\"color: #222222;\">Foi seu padrinho de alternativa Uriel Moreno \u2018El Zapata\u2019, com testemunho de Ant\u00f3nio Garcia \u2018El Chihuahua\u2019. Lidaram-se touros da ganadaria Golondrinas. Actualmente desempenha fun\u00e7\u00f5es de professor na Escola de Toureio da Moita.<\/span><\/span><\/span><\/p>\n<p><span style=\"font-family: Liberation Serif, serif;\"><span style=\"font-size: medium;\"><span style=\"color: #222222;\">Cuqui recebeu o Infocul.pt na sua terra e na pra\u00e7a que tanto gosta, a Pra\u00e7a de Touros Daniel do Nascimento para uma entrevista sobre o percurso, o esfor\u00e7o que a profiss\u00e3o exige e a actualidade da tauromaquia em Portugal. <\/span><\/span><\/span><\/p>\n<p><span style=\"font-family: Liberation Serif, serif;\"><span style=\"font-size: medium;\"><span style=\"color: #222222;\">S<\/span><span style=\"color: #222222;\">obre a Escola de Toureio da Moita, disse-nos que \u201c<\/span><span style=\"color: #222222;\"><i><b>d<\/b><\/i><\/span><span style=\"color: #222222;\"><i><b>esde que comecei que tenho tido alguma preocupa\u00e7\u00e3o com a escola, sempre que vou a algum \u2018tentadero\u2019, ou sempre que posso, levo alguns mi\u00fados da escola. Nos \u00faltimos tempos, desde que me pediram para integrar a Escola de Toureio da Moita, tem sido um trabalho interessante embora eu j\u00e1 soubesse o que era porque conhecia os mi\u00fados todos, por serem da minha terra e por maioria deles j\u00e1 ter ido ao campo comigo<\/b><\/i><\/span><span style=\"color: #222222;\">\u201d.<\/span><\/span><\/span><\/p>\n<p><span style=\"font-family: Liberation Serif, serif;\"><span style=\"font-size: medium;\"><span style=\"color: #222222;\">Actualmente, a Escola de Toureio da Moita, conta com \u201c<\/span><span style=\"color: #222222;\"><i><b>13 a 14 mi\u00fados, com idades dos 6 aos 20<\/b><\/i><\/span><span style=\"color: #222222;\">\u201d.<\/span><\/span><\/span><\/p>\n<p><span style=\"font-family: Liberation Serif, serif;\"><span style=\"font-size: medium;\"><span style=\"color: #222222;\">Sobre o seu aluno mais novo e a reac\u00e7\u00e3o do mesmo quando integrou a escola, explicou que \u201c<\/span><span style=\"color: #222222;\"><i><b>u<\/b><\/i><\/span><span style=\"color: #222222;\"><i><b>m mi\u00fado com 6 anos tem essa ilus\u00e3o e esse sonho de ser toureiro, mas n\u00e3o \u00e9 bem ciente da realidade e do dif\u00edcil que \u00e9 a profiss\u00e3o. N\u00e3o a encara sequer como profiss\u00e3o mas sim como um sonho de qualquer mi\u00fado, como fosse ser jogador de futebol ou cantor. Neste caso, o sonho e ilus\u00e3o dele \u00e9 ser matador de touros<\/b><\/i><\/span><span style=\"color: #222222;\">\u201d, <\/span><span style=\"color: #222222;\">referindo-se a \u201c<\/span><span style=\"color: #222222;\"><i><b>Sim\u00e3o, com 6 anos<\/b><\/i><\/span><span style=\"color: #222222;\">\u201d<\/span><span style=\"color: #222222;\">. <\/span><\/span><\/span><\/p>\n<p><span style=\"font-family: Liberation Serif, serif;\"><span style=\"font-size: medium;\"><span style=\"color: #222222;\">Quando questionado se ao olhar para os seus alunos rev\u00ea-se quando tinha a idade deles, explicou que \u201c<\/span><span style=\"color: #222222;\"><i><b>s<\/b><\/i><\/span><span style=\"color: #222222;\"><i><b>ou um matador jovem mas penso que isto nos \u00faltimos anos tem mudado bastante e as dificuldades s\u00e3o quase sempre as mesmas, as condicionantes \u00e9 que variam. As minhas dificuldades n\u00e3o v\u00e3o ser as deles, tamb\u00e9m porque s\u00e3o traject\u00f3rias diferentes<\/b><\/i><\/span><span style=\"color: #222222;\">\u201d.<\/span><\/span><\/span><\/p>\n<p><span style=\"font-family: Liberation Serif, serif;\"><span style=\"font-size: medium;\"><span style=\"color: #222222;\">S<\/span><span style=\"color: #222222;\">obre a sua traject\u00f3ria, definiu-a como \u201c<\/span><span style=\"color: #222222;\"><i><b>dura, no sentido externo e n\u00e3o pelo touro. <\/b><\/i><\/span><span style=\"color: #222222;\"><i><b>N\u00e3o fui sacrificado pelo touro mas sim pela gest\u00e3o e pela pr\u00f3pria festa, tive uma traject\u00f3ria pouco ajudada mas estou feliz com a traject\u00f3ria que tenho<\/b><\/i><\/span><span style=\"color: #222222;\">\u201d.<\/span><\/span><\/span><\/p>\n<p><span style=\"font-family: Liberation Serif, serif;\"><span style=\"font-size: medium;\"><span style=\"color: #222222;\">Sobre a sua vontade em tourear em Portugal, foi claro ao afirmar que \u201c<\/span><span style=\"color: #222222;\"><i><b>p<\/b><\/i><\/span><span style=\"color: #222222;\"><i><b>odia ser j\u00e1 amanh\u00e3! N\u00e3o passa por mim. Eu treino todos os dias e o que mais me preocupa \u00e9 treinar e estar preparado. O matador de touros Eduardo Oliveira d\u00e1-me uma ajuda nesse sentido, \u00e9 muito meu amigo e tem as mesmas ideologias e forma de interpretar o toureio que eu. Portanto, dedico-me todos os dias a treinar e a pensar no touro. Vivo feliz com isso. No dia em que quiserem contratar-me, aqui estou! E estou preparado para isso<\/b><\/i><\/span><span style=\"color: #222222;\">\u201d.<\/span><\/span><\/span><\/p>\n<p><span style=\"font-family: Liberation Serif, serif;\"><span style=\"font-size: medium;\"><span style=\"color: #222222;\">Sobre os motivos para n\u00e3o tourear em Portugal, revelou que \u201c<\/span><span style=\"color: #222222;\"><i><b>\u00e9 aquilo que existe em todos os mundos. Como dizer sem que pare\u00e7a mal a ningu\u00e9m&#8230;N\u00e3o s\u00e3o cunhas, s\u00e3o outros interesses que existem dentro da festa, que leva a que uns actuem mais do que outros. Acontece em todos os mundos. E eu como talvez n\u00e3o tenha mais nenhum interesse, para al\u00e9m de ser matador de touros, tenho esse ponto negativo para a minha evolu\u00e7\u00e3o ou para integrar mais cart\u00e9is. Mas vivo bem com isso e de ser o rebelde, nesse sentido, de n\u00e3o me contratarem<\/b><\/i><\/span><span style=\"color: #222222;\">\u201d.<\/span><\/span><\/span><\/p>\n<p><span style=\"font-family: Liberation Serif, serif;\"><span style=\"font-size: medium;\"><span style=\"color: #222222;\">Em tempos surgiu um movimento, despoletado por aficionados, que pedia a sua presen\u00e7a na Pra\u00e7a de Touros Daniel do Nascimento, para actuar como matador de touros.<\/span><\/span><\/span><\/p>\n<p><span style=\"font-family: Liberation Serif, serif;\"><span style=\"font-size: medium;\"><span style=\"color: #222222;\">Cuqui, sobre esse movimento, revelou-nos que \u201c<\/span><span style=\"color: #222222;\"><i><b>f<\/b><\/i><\/span><span style=\"color: #222222;\"><i><b>iquei contente. Eu estava no M\u00e9xico e tinha-se falado de eu actuar e apresentar-me como matador de touros na Feira da Moita, em Setembro. Sei que n\u00e3o foi muito do agrado de algumas pessoas respons\u00e1veis pela festa, aqui na Moita. Dizem at\u00e9 que isso foi, de alguma maneira preparado por mim, mas n\u00e3o \u00e9 verdade. Tenho muitas pessoas amigas, que s\u00e3o daqui e gostam de mim, como \u00e9 \u00f3bvio, como podem gostar de outro toureiro de outra terra. Mas acho que tinha toda a l\u00f3gica tourear na minha terra, mas n\u00e3o foi assim. N\u00e3o foi bem visto esse apoio, nem levado a cabo pela empresa, e tem todo o respeito. A pra\u00e7a \u00e9 gerida pelo empres\u00e1rio e ele contrata quem acha que deve contratar<\/b><\/i><\/span><span style=\"color: #222222;\">\u201d.<\/span><\/span><\/span><\/p>\n<p><img decoding=\"async\" class=\"aligncenter wp-image-66879 size-large lazyload\" data-src=\"https:\/\/infocul.pt\/arquivo\/wp-content\/uploads\/2020\/02\/IMG_1480-683x1024.jpg\" alt=\"\" width=\"683\" height=\"1024\" data-srcset=\"https:\/\/infocul.pt\/arquivo\/wp-content\/uploads\/2020\/02\/IMG_1480.jpg 683w, https:\/\/infocul.pt\/arquivo\/wp-content\/uploads\/2020\/02\/IMG_1480-200x300.jpg 200w, https:\/\/infocul.pt\/arquivo\/wp-content\/uploads\/2020\/02\/IMG_1480-768x1152.jpg 768w, https:\/\/infocul.pt\/arquivo\/wp-content\/uploads\/2020\/02\/IMG_1480-1024x1536.jpg 1024w\" data-sizes=\"(max-width: 683px) 100vw, 683px\" src=\"data:image\/svg+xml;base64,PHN2ZyB3aWR0aD0iMSIgaGVpZ2h0PSIxIiB4bWxucz0iaHR0cDovL3d3dy53My5vcmcvMjAwMC9zdmciPjwvc3ZnPg==\" style=\"--smush-placeholder-width: 683px; --smush-placeholder-aspect-ratio: 683\/1024;\" \/><\/p>\n<p><span style=\"font-family: Liberation Serif, serif;\"><span style=\"font-size: medium;\"><span style=\"color: #222222;\">Enquanto matador de touros, dedica muitas horas do seu dia ao treino. E em entrevista ao Infocul explicou em como baseia os seus treinos e na import\u00e2ncia dos mesmos.<\/span><\/span><\/span><\/p>\n<p><span style=\"color: #222222;\">\u201c<\/span><span style=\"font-family: Liberation Serif, serif;\"><span style=\"font-size: medium;\"><span style=\"color: #222222;\"><i><b>O<\/b><\/i><\/span><span style=\"color: #222222;\"><i><b>s meus treinos s\u00e3o tamb\u00e9m, muito baseados na prepara\u00e7\u00e3o f\u00edsica. At\u00e9 por ser um toureiro que actua pouco. Toureando pouco, a prepara\u00e7\u00e3o f\u00edsica acaba por ser muito importante, para te sentires forte no dia em que actuares, at\u00e9 pelo esfor\u00e7o f\u00edsico que o animal te obriga e \u00e0 press\u00e3o do p\u00fablico. Eu, geralmente, treino 5 a 6 horas por dia, <\/b><\/i><\/span><span style=\"color: #222222;\"><i><b>entre treino de sal\u00e3o e depois a componente f\u00edsica<\/b><\/i><\/span><span style=\"color: #222222;\">\u201d, <\/span><span style=\"color: #222222;\">explicou<\/span><span style=\"color: #222222;\">.<\/span><\/span><\/span><\/p>\n<p><span style=\"font-family: Liberation Serif, serif;\"><span style=\"font-size: medium;\"><span style=\"color: #222222;\">S<\/span><span style=\"color: #222222;\">obre a import\u00e2ncia do treino de sal\u00e3o explicou que \u201c<\/span><span style=\"color: #222222;\"><i><b>\u00e9 importante para criares h\u00e1bitos ao corpo, treinares os gestos e os movimentos. \u00c9 um treino mais t\u00e9cnico. Ou melhor, t\u00e9cnico n\u00e3o mas de interpreta\u00e7\u00e3o e de ensaio ao toureio. T\u00e9cnica \u00e9 uma palavra um pouco feia por ser fria e que vem ligada \u00e0 perfei\u00e7\u00e3o. E tudo o que \u00e9 perfeito n\u00e3o tem muita beleza<\/b><\/i><\/span><span style=\"color: #222222;\">\u201d. <\/span><\/span><\/span><\/p>\n<p><span style=\"font-family: Liberation Serif, serif;\"><span style=\"font-size: medium;\"><span style=\"color: #222222;\">Em Portugal n\u00e3o h\u00e1 touros de morte, excep\u00e7\u00e3o a Barrancos. Significa isto que um matador de touros n\u00e3o pode exercer a sua profiss\u00e3o na plenitude. Apenas toureia a r\u00e9s, n\u00e3o podendo executar a sorte suprema. Noutros pa\u00edses, pode.<\/span><\/span><\/span><\/p>\n<p><span style=\"font-family: Liberation Serif, serif;\"><span style=\"font-size: medium;\"><span style=\"color: #222222;\">Questionado se o sonho de todos os toureiros era indultar (devolver o touro ao campo, com vida) os touros que toureia, disse que \u201c<\/span><span style=\"color: #222222;\"><i><b>s<\/b><\/i><\/span><span style=\"color: #222222;\"><i><b>im, era sinal de que o touro era muito bom e que o toureiro o poderia tourear com uma melhor faena e em que todas as pessoas na pra\u00e7a estivessem vibrando. Indultar todos os touros era do nosso gosto<\/b><\/i><\/span><span style=\"color: #222222;\">\u201d. <\/span><\/span><\/span><\/p>\n<p><span style=\"font-family: Liberation Serif, serif;\"><span style=\"font-size: medium;\"><span style=\"color: #222222;\">E <\/span><span style=\"color: #222222;\">sobre o poss\u00edvel sofrimento do touro na arena, algo repetido muitas vezes pelos animalistas, disse que \u201c<\/span><span style=\"color: #222222;\"><i><b>p<\/b><\/i><\/span><span style=\"color: #222222;\"><i><b>ara haver vida, ter\u00e1 sempre de existir morte. Criamos o touro com este fim, todos os animais t\u00eam um fim. N\u00f3s tamb\u00e9m temos o nosso fim. Este animal, o touro bravo criado pelo homem, tem este fim que \u00e9 este espect\u00e1culo e esta cultura<\/b><\/i><\/span><span style=\"color: #222222;\">\u201d. <\/span><\/span><\/span><\/p>\n<p><span style=\"font-family: Liberation Serif, serif;\"><span style=\"font-size: medium;\"><span style=\"color: #222222;\">Acrescentou ainda que \u201c<\/span><span style=\"color: #222222;\"><i><b>damos oportunidade ao touro de nos matar, muitos toureiros foram mortos por um touro. Relativamente \u00e0 estocada, c\u00e1 em Portugal damos a possibilidade que ele nos mate, mas n\u00e3o o podemos matar. <\/b><\/i><\/span><span style=\"color: #222222;\"><i><b>C\u00e1 em Portugal, o touro \u00e9 morto num matadouro e depois \u00e9 comercializado num talho qualquer. Ocultamos a morte perante o p\u00fablico, mas depois provavelmente esse animal \u00e9 morto de forma menos digna<\/b><\/i><\/span><span style=\"color: #222222;\">\u201d. <\/span><\/span><\/span><\/p>\n<p><span style=\"color: #222222; font-family: Liberation Serif, serif; font-size: medium;\">Exercendo uma profiss\u00e3o onde constantemente desafia a morte, question\u00e1mos Cuqui sobre como vive os dias em que tem corridas de touros.<\/span><\/p>\n<p><span style=\"color: #222222;\">\u201c<\/span><span style=\"font-family: Liberation Serif, serif;\"><span style=\"font-size: medium;\"><span style=\"color: #222222;\"><i><b>Eu encaro os dias em que vou tourear, como algo normal. N\u00e3o crio essa press\u00e3o a mim nem aos que est\u00e3o comigo. Para mim, o dia em que toureio \u00e9 o dia mais feliz, porque sonho todos os dias em tourear. Portanto, tourear \u00e9 como viver um sonho. \u00c9 um dia feliz para mim. <\/b><\/i><\/span><span style=\"color: #222222;\"><i><b>Portanto adoro partilhar esse dia com a minha fam\u00edlia e com as pessoas que me s\u00e3o queridas<\/b><\/i><\/span><span style=\"color: #222222;\">\u201d.<\/span><\/span><\/span><\/p>\n<p><span style=\"font-family: Liberation Serif, serif;\"><span style=\"font-size: medium;\"><span style=\"color: #222222;\">Sobre a possibilidade de um dia uma trag\u00e9dia impedir o seu regresso ao lar e aos que lhe s\u00e3o mais queridos, disse que \u201c<\/span><span style=\"color: #222222;\"><i><b>i<\/b><\/i><\/span><span style=\"color: #222222;\"><i><b>sso \u00e9 algo inerente e que tens como assumido. N\u00e3o \u00e9 o pensamento principal, embora por vezes tenhamos medo. Mas medo no sentido de uma cornada, porque h\u00e1 touros que fazem mal. H\u00e1 dias em que o medo pode levar-te a pensar nessas coisas, mas num dia positivo e normal, encaro as coisas como um dia feliz<\/b><\/i><\/span><span style=\"color: #222222;\">\u201d.<\/span><\/span><\/span><\/p>\n<p><span style=\"font-family: Liberation Serif, serif;\"><span style=\"font-size: medium;\"><span style=\"color: #222222;\">N\u00e3o se recorda da idade em que decidiu ser matador de touros, \u201c<\/span><span style=\"color: #222222;\"><i><b>c<\/b><\/i><\/span><span style=\"color: #222222;\"><i><b>omecei aos 12 anos e s\u00f3 posteriormente fui come\u00e7ando a ter essa ideia. Com 12 anos n\u00e3o tinha bem essa ideia de ser novilheiro nem nada. N\u00e3o tinha uma ideia definida sobre isso<\/b><\/i><\/span><span style=\"color: #222222;\">\u201d.<\/span><\/span><\/span><\/p>\n<p><span style=\"font-family: Liberation Serif, serif;\"><span style=\"font-size: medium;\"><span style=\"color: #222222;\">Mas, \u201c<\/span><span style=\"color: #222222;\"><i><b>n<\/b><\/i><\/span><span style=\"color: #222222;\"><i><b>a altura, as minhas refer\u00eancias portuguesas eram o V\u00edtor Mendes e o Pedrito de Portugal. Posteriormente vais abrindo horizontes e conhecendo outros toureiros, Morante de La Puebla \u00e9 dos toureiros que mais admiro<\/b><\/i><\/span><span style=\"color: #222222;\">\u201d, <\/span><span style=\"color: #222222;\">acrescentou quando questionado sobre as suas refer\u00eancias. <\/span> <\/span><\/span><\/p>\n<p><span style=\"font-family: Liberation Serif, serif;\"><span style=\"font-size: medium;\"><span style=\"color: #222222;\">Abordando as suas refer\u00eancias, desafi\u00e1mos-lo a dizer o cartel de sonho e Cuqui aceitou o desafio. \u201c<\/span><span style=\"color: #222222;\"><i><b>O meu cartel de sonho? Bom, primeiro na minha terra, na minha pra\u00e7a, antes de tudo. Tourear com o Morante e um outro matador portugu\u00eas. Tourear na minha terra, com o Morante e mais um portugu\u00eas, penso que era uma mais-valia para a festa, para mim, para a minha terra e para a tauromaquia portuguesa<\/b><\/i><\/span><span style=\"color: #222222;\">\u201d.<\/span><\/span><\/span><\/p>\n<p><span style=\"font-family: Liberation Serif, serif;\"><span style=\"font-size: medium;\"><span style=\"color: #222222;\">Sobre o maior problema actual na tauromaquia, foi conciso ao afirmar que \u201c<\/span><span style=\"color: #222222;\"><i><b>t<\/b><\/i><\/span><span style=\"color: #222222;\"><i><b>alvez a uni\u00e3o entre todos os agentes, profissionais e aficionados. <\/b><\/i><\/span><span style=\"color: #222222;\"><i><b>Esse \u00e9 o principal problema da festa, at\u00e9 mais do que os anti-taurinos, as rela\u00e7\u00f5es internas que temos entre n\u00f3s. Talvez estejamos a falhar muito e somos prejudicados nos ataques externos que fazem \u00e0 festa<\/b><\/i><\/span><span style=\"color: #222222;\">\u201d. <\/span><\/span><\/span><\/p>\n<p><span style=\"font-family: Liberation Serif, serif;\"><span style=\"font-size: medium;\"><span style=\"color: #222222;\">Assume que \u201c<\/span><span style=\"color: #222222;\"><i><b>j<\/b><\/i><\/span><span style=\"color: #222222;\"><i><b>\u00e1 pense<\/b><\/i><\/span><span style=\"color: #222222;\"><i><b>i<\/b><\/i><\/span><span style=\"color: #222222;\"><i><b> em desistir muitas vezes, s\u00e3o coisas que te passam pela cabe\u00e7a e que depois se insistes em continuar a lutar, s\u00e3o coisas que te fortalecem, como pessoa e toureiro<\/b><\/i><\/span><span style=\"color: #222222;\">\u201d, <\/span><span style=\"color: #222222;\">acrescentando que \u201c<\/span><span style=\"color: #222222;\"><i><b>u<\/b><\/i><\/span><span style=\"color: #222222;\"><i><b>ma as \u00faltimas vezes foi agora em Setembro, quando n\u00e3o estive presente na Feira da Moita. Foram v\u00e1rios dias em que andei triste e com muitas d\u00favidas sobre se vale a pena o esfor\u00e7o e dedica\u00e7\u00e3o que tenho diariamente para a profiss\u00e3o, porque posteriormente n\u00e3o h\u00e1 retorno<\/b><\/i><\/span><span style=\"color: #222222;\">\u201d.<\/span><\/span><\/span><\/p>\n<p><span style=\"font-family: Liberation Serif, serif;\"><span style=\"font-size: medium;\"><span style=\"color: #222222;\">Mas conseguir\u00e1 um toureiro viver da tauromaquia? \u201c<\/span><span style=\"color: #222222;\"><i><b>Eu penso que h\u00e1 muitos toureiros que vivem da tauromaquia, mas no meu caso seria imposs\u00edvel neste momento<\/b><\/i><\/span><span style=\"color: #222222;\">\u201d, <\/span><span style=\"color: #222222;\">disse Cuqui<\/span><span style=\"color: #222222;\">. <\/span><\/span><\/span><\/p>\n<p><span style=\"font-family: Liberation Serif, serif;\"><span style=\"font-size: medium;\"><span style=\"color: #222222;\">Destacou ainda um pa\u00eds especial para si, \u201c<\/span><span style=\"color: #222222;\"><i><b>O M\u00e9xico. Tenho muito boas recorda\u00e7\u00f5es, bons amigos. Falo diariamente com eles, n\u00e3o vou mencionar nomes porque esquecer-me-ia de metade. S\u00e3o um povo que me acarinhou e me tratou como sendo um deles. Talvez se n\u00e3o fosse o povo mexicano e a tauromaquia mexicana, eu hoje n\u00e3o seria matador de touros<\/b><\/i><\/span><span style=\"color: #222222;\">\u201d.<\/span><\/span><\/span><\/p>\n<p><span style=\"font-family: Liberation Serif, serif;\"><span style=\"font-size: medium;\"><span style=\"color: #222222;\">Contou ainda ao Infocul uma peculiar hist\u00f3ria, aquando da sua alternativa. <\/span><\/span><\/span><\/p>\n<p><span style=\"color: #222222;\">\u201c<\/span><span style=\"font-family: Liberation Serif, serif;\"><span style=\"font-size: medium;\"><span style=\"color: #222222;\"><i><b>A<\/b><\/i><\/span> <span style=\"color: #222222;\"><i><b>minha alternativa foi tomada em Tijuana. A pessoas que me levou a tomar alternativa chama-se Alejandro Amaya e o seu pai \u00e9 uma pessoa com uma personalidade diferente daquilo a que estamos habituados. E foi um choque estar a almo\u00e7ar ao p\u00e9 de le\u00f5es, terminar o pase\u00edllo e ele querer que tu tomasse um shot de tequilla. Foi uma semana, que estive em Tijuana, com hist\u00f3rias diferentes e situa\u00e7\u00f5es caricatas<\/b><\/i><\/span><span style=\"color: #222222;\">\u201d, <\/span><span style=\"color: #222222;\">acrescentando que \u201c<\/span><span style=\"color: #222222;\"><i><b>p<\/b><\/i><\/span><span style=\"color: #222222;\"><i><b>ensei que fosse mais dif\u00edcil almo\u00e7ar mas depois habituas-te e at\u00e9 te esqueces que eles est\u00e3o ali. Mas ficas sempre nervoso\u201d<\/b><\/i><\/span><span style=\"color: #222222;\">.<\/span><\/span><\/span><\/p>\n<p>Como curiosidade, o touro da sua alternativa tinha o n\u00famero 89, pesava 456 quilos e chamava-se \u2018Remolino\u2019.<\/p>\n<style id=\"bwg-style-0\">    #bwg_container1_0 #bwg_container2_0 .bwg-container-0.bwg-standard-thumbnails {      width: 1252px;              justify-content: center;        margin:0 auto !important;              background-color: rgba(255, 255, 255, 0.00);            padding-left: 2px;      padding-top: 2px;      max-width: 100%;            }        #bwg_container1_0 #bwg_container2_0 .bwg-container-0.bwg-standard-thumbnails .bwg-item {    justify-content: flex-start;      max-width: 250px;          }    #bwg_container1_0 #bwg_container2_0 .bwg-container-0.bwg-standard-thumbnails .bwg-item a {       margin-right: 2px;       margin-bottom: 2px;    }    #bwg_container1_0 #bwg_container2_0 .bwg-container-0.bwg-standard-thumbnails .bwg-item0 {      padding: 0px;            background-color:rgba(255,255,255, 0.30);      border: 0px none #CCCCCC;      opacity: 1.00;      border-radius: 0;      box-shadow: ;    }    #bwg_container1_0 #bwg_container2_0 .bwg-container-0.bwg-standard-thumbnails .bwg-item1 img {      max-height: none;      max-width: none;      padding: 0 !important;    }        @media only screen and (min-width: 480px) {      #bwg_container1_0 #bwg_container2_0 .bwg-container-0.bwg-standard-thumbnails .bwg-item0 {        transition: all 0.3s ease 0s;-webkit-transition: all 0.3s ease 0s;      }      #bwg_container1_0 #bwg_container2_0 .bwg-container-0.bwg-standard-thumbnails .bwg-item0:hover {        -ms-transform: scale(1.08);        -webkit-transform: scale(1.08);        transform: scale(1.08);      }    }          #bwg_container1_0 #bwg_container2_0 .bwg-container-0.bwg-standard-thumbnails .bwg-item1 {      padding-top: 56%;    }        #bwg_container1_0 #bwg_container2_0 .bwg-container-0.bwg-standard-thumbnails .bwg-title1 {      position: absolute;      top: 0;      z-index: 100;      width: 100%;      height: 100%;      display: flex;      justify-content: center;      align-content: center;      flex-direction: column;      opacity: 0;    }\t      #bwg_container1_0 #bwg_container2_0 .bwg-container-0.bwg-standard-thumbnails .bwg-title2,    #bwg_container1_0 #bwg_container2_0 .bwg-container-0.bwg-standard-thumbnails .bwg-ecommerce2 {      color: #FFFFFF;      font-family: Ubuntu;      font-size: 16px;      font-weight: bold;      padding: 2px;      text-shadow: 0px 0px 0px #888888;      max-height: 100%;    }    #bwg_container1_0 #bwg_container2_0 .bwg-container-0.bwg-standard-thumbnails .bwg-thumb-description span {    color: #323A45;    font-family: Ubuntu;    font-size: 12px;    max-height: 100%;    word-wrap: break-word;    }    #bwg_container1_0 #bwg_container2_0 .bwg-container-0.bwg-standard-thumbnails .bwg-play-icon2 {      font-size: 32px;    }    #bwg_container1_0 #bwg_container2_0 .bwg-container-0.bwg-standard-thumbnails .bwg-ecommerce2 {      font-size: 19.2px;      color: #CCCCCC;    }    <\/style>    <div id=\"bwg_container1_0\"         class=\"bwg_container bwg_thumbnail bwg_thumbnails \"         data-right-click-protection=\"0\"         data-bwg=\"0\"         data-scroll=\"0\"         data-gallery-type=\"thumbnails\"         data-gallery-view-type=\"thumbnails\"         data-current-url=\"\/arquivo\/wp-json\/wp\/v2\/posts\/66875\"         data-lightbox-url=\"https:\/\/infocul.pt\/arquivo\/wp-admin\/admin-ajax.php?action=GalleryBox&#038;current_view=0&#038;gallery_id=563&#038;tag=0&#038;theme_id=1&#038;shortcode_id=1160&#038;sort_by=order&#038;order_by=asc&#038;current_url=%2Farquivo%2Fwp-json%2Fwp%2Fv2%2Fposts%2F66875\"         data-gallery-id=\"563\"         data-popup-width=\"800\"         data-popup-height=\"500\"         data-is-album=\"gallery\"         data-buttons-position=\"bottom\">      <div id=\"bwg_container2_0\">             <div id=\"ajax_loading_0\" class=\"bwg_loading_div_1\">      <div class=\"bwg_loading_div_2\">        <div class=\"bwg_loading_div_3\">          <div id=\"loading_div_0\" class=\"bwg_spider_ajax_loading\">          <\/div>        <\/div>      <\/div>    <\/div>            <form id=\"gal_front_form_0\"              class=\"bwg-hidden\"              method=\"post\"              action=\"#\"              data-current=\"0\"              data-shortcode-id=\"1160\"              data-gallery-type=\"thumbnails\"              data-gallery-id=\"563\"              data-tag=\"0\"              data-album-id=\"0\"              data-theme-id=\"1\"              data-ajax-url=\"https:\/\/infocul.pt\/arquivo\/wp-admin\/admin-ajax.php?action=bwg_frontend_data\">          <div id=\"bwg_container3_0\" class=\"bwg-background bwg-background-0\">                <div data-max-count=\"5\"         data-thumbnail-width=\"250\"         data-bwg=\"0\"         data-gallery-id=\"563\"         data-lightbox-url=\"https:\/\/infocul.pt\/arquivo\/wp-admin\/admin-ajax.php?action=GalleryBox&amp;current_view=0&amp;gallery_id=563&amp;tag=0&amp;theme_id=1&amp;shortcode_id=1160&amp;sort_by=order&amp;order_by=asc&amp;current_url=%2Farquivo%2Fwp-json%2Fwp%2Fv2%2Fposts%2F66875\"         id=\"bwg_thumbnails_0\"         class=\"bwg-container-0 bwg-thumbnails bwg-standard-thumbnails bwg-container bwg-border-box\">            <div class=\"bwg-item\">        <a class=\"bwg-a  bwg_lightbox\"  data-image-id=\"9993\" href=\"https:\/\/infocul.pt\/arquivo\/wp-content\/uploads\/photo-gallery\/IMG_1489.jpg?bwg=1582123942\" data-elementor-open-lightbox=\"no\">                <div class=\"bwg-item0 \">          <div class=\"bwg-item1 \">            <div class=\"bwg-item2\">              <img decoding=\"async\" class=\"skip-lazy bwg_standart_thumb_img_0 \"                   data-id=\"9993\"                   data-width=\"500\"                   data-height=\"333\"                   data-src=\"https:\/\/infocul.pt\/arquivo\/wp-content\/uploads\/photo-gallery\/thumb\/IMG_1489.jpg?bwg=1582123942\"                   src=\"https:\/\/infocul.pt\/arquivo\/wp-content\/uploads\/photo-gallery\/thumb\/IMG_1489.jpg?bwg=1582123942\"                   alt=\"\"                   title=\"\" \/>            <\/div>            <div class=\"\">              <div class=\"bwg-title1\"><div class=\"bwg-title2\">&nbsp;<\/div><\/div>                                        <\/div>          <\/div>        <\/div>                        <\/a>              <\/div>            <div class=\"bwg-item\">        <a class=\"bwg-a  bwg_lightbox\"  data-image-id=\"9992\" href=\"https:\/\/infocul.pt\/arquivo\/wp-content\/uploads\/photo-gallery\/IMG_1463_(1).jpg?bwg=1582123942\" data-elementor-open-lightbox=\"no\">                <div class=\"bwg-item0 \">          <div class=\"bwg-item1 \">            <div class=\"bwg-item2\">              <img decoding=\"async\" class=\"skip-lazy bwg_standart_thumb_img_0 \"                   data-id=\"9992\"                   data-width=\"500\"                   data-height=\"333\"                   data-src=\"https:\/\/infocul.pt\/arquivo\/wp-content\/uploads\/photo-gallery\/thumb\/IMG_1463_(1).jpg?bwg=1582123942\"                   src=\"https:\/\/infocul.pt\/arquivo\/wp-content\/uploads\/photo-gallery\/thumb\/IMG_1463_(1).jpg?bwg=1582123942\"                   alt=\"\"                   title=\"\" \/>            <\/div>            <div class=\"\">              <div class=\"bwg-title1\"><div class=\"bwg-title2\">&nbsp;<\/div><\/div>                                        <\/div>          <\/div>        <\/div>                        <\/a>              <\/div>            <div class=\"bwg-item\">        <a class=\"bwg-a  bwg_lightbox\"  data-image-id=\"9991\" href=\"https:\/\/infocul.pt\/arquivo\/wp-content\/uploads\/photo-gallery\/IMG_1330.jpg?bwg=1582123942\" data-elementor-open-lightbox=\"no\">                <div class=\"bwg-item0 \">          <div class=\"bwg-item1 \">            <div class=\"bwg-item2\">              <img decoding=\"async\" class=\"skip-lazy bwg_standart_thumb_img_0 \"                   data-id=\"9991\"                   data-width=\"500\"                   data-height=\"333\"                   data-src=\"https:\/\/infocul.pt\/arquivo\/wp-content\/uploads\/photo-gallery\/thumb\/IMG_1330.jpg?bwg=1582123942\"                   src=\"https:\/\/infocul.pt\/arquivo\/wp-content\/uploads\/photo-gallery\/thumb\/IMG_1330.jpg?bwg=1582123942\"                   alt=\"\"                   title=\"\" \/>            <\/div>            <div class=\"\">              <div class=\"bwg-title1\"><div class=\"bwg-title2\">&nbsp;<\/div><\/div>                                        <\/div>          <\/div>        <\/div>                        <\/a>              <\/div>            <div class=\"bwg-item\">        <a class=\"bwg-a  bwg_lightbox\"  data-image-id=\"9990\" href=\"https:\/\/infocul.pt\/arquivo\/wp-content\/uploads\/photo-gallery\/IMG_1297.jpg?bwg=1582123942\" data-elementor-open-lightbox=\"no\">                <div class=\"bwg-item0 \">          <div class=\"bwg-item1 \">            <div class=\"bwg-item2\">              <img decoding=\"async\" class=\"skip-lazy bwg_standart_thumb_img_0 \"                   data-id=\"9990\"                   data-width=\"500\"                   data-height=\"333\"                   data-src=\"https:\/\/infocul.pt\/arquivo\/wp-content\/uploads\/photo-gallery\/thumb\/IMG_1297.jpg?bwg=1582123942\"                   src=\"https:\/\/infocul.pt\/arquivo\/wp-content\/uploads\/photo-gallery\/thumb\/IMG_1297.jpg?bwg=1582123942\"                   alt=\"\"                   title=\"\" \/>            <\/div>            <div class=\"\">              <div class=\"bwg-title1\"><div class=\"bwg-title2\">&nbsp;<\/div><\/div>                                        <\/div>          <\/div>        <\/div>                        <\/a>              <\/div>            <div class=\"bwg-item\">        <a class=\"bwg-a  bwg_lightbox\"  data-image-id=\"9989\" href=\"https:\/\/infocul.pt\/arquivo\/wp-content\/uploads\/photo-gallery\/IMG_1396.jpg?bwg=1582123942\" data-elementor-open-lightbox=\"no\">                <div class=\"bwg-item0 \">          <div class=\"bwg-item1 \">            <div class=\"bwg-item2\">              <img decoding=\"async\" class=\"skip-lazy bwg_standart_thumb_img_0 \"                   data-id=\"9989\"                   data-width=\"500\"                   data-height=\"333\"                   data-src=\"https:\/\/infocul.pt\/arquivo\/wp-content\/uploads\/photo-gallery\/thumb\/IMG_1396.jpg?bwg=1582123942\"                   src=\"https:\/\/infocul.pt\/arquivo\/wp-content\/uploads\/photo-gallery\/thumb\/IMG_1396.jpg?bwg=1582123942\"                   alt=\"\"                   title=\"\" \/>            <\/div>            <div class=\"\">              <div class=\"bwg-title1\"><div class=\"bwg-title2\">&nbsp;<\/div><\/div>                                        <\/div>          <\/div>        <\/div>                        <\/a>              <\/div>            <div class=\"bwg-item\">        <a class=\"bwg-a  bwg_lightbox\"  data-image-id=\"9988\" href=\"https:\/\/infocul.pt\/arquivo\/wp-content\/uploads\/photo-gallery\/IMG_1294.jpg?bwg=1582123942\" data-elementor-open-lightbox=\"no\">                <div class=\"bwg-item0 \">          <div class=\"bwg-item1 \">            <div class=\"bwg-item2\">              <img decoding=\"async\" class=\"skip-lazy bwg_standart_thumb_img_0 \"                   data-id=\"9988\"                   data-width=\"500\"                   data-height=\"333\"                   data-src=\"https:\/\/infocul.pt\/arquivo\/wp-content\/uploads\/photo-gallery\/thumb\/IMG_1294.jpg?bwg=1582123942\"                   src=\"https:\/\/infocul.pt\/arquivo\/wp-content\/uploads\/photo-gallery\/thumb\/IMG_1294.jpg?bwg=1582123942\"                   alt=\"\"                   title=\"\" \/>            <\/div>            <div class=\"\">              <div class=\"bwg-title1\"><div class=\"bwg-title2\">&nbsp;<\/div><\/div>                                        <\/div>          <\/div>        <\/div>                        <\/a>              <\/div>            <div class=\"bwg-item\">        <a class=\"bwg-a  bwg_lightbox\"  data-image-id=\"9987\" href=\"https:\/\/infocul.pt\/arquivo\/wp-content\/uploads\/photo-gallery\/IMG_1287_(1).jpg?bwg=1582123942\" data-elementor-open-lightbox=\"no\">                <div class=\"bwg-item0 \">          <div class=\"bwg-item1 \">            <div class=\"bwg-item2\">              <img decoding=\"async\" class=\"skip-lazy bwg_standart_thumb_img_0 \"                   data-id=\"9987\"                   data-width=\"500\"                   data-height=\"333\"                   data-src=\"https:\/\/infocul.pt\/arquivo\/wp-content\/uploads\/photo-gallery\/thumb\/IMG_1287_(1).jpg?bwg=1582123942\"                   src=\"https:\/\/infocul.pt\/arquivo\/wp-content\/uploads\/photo-gallery\/thumb\/IMG_1287_(1).jpg?bwg=1582123942\"                   alt=\"\"                   title=\"\" \/>            <\/div>            <div class=\"\">              <div class=\"bwg-title1\"><div class=\"bwg-title2\">&nbsp;<\/div><\/div>                                        <\/div>          <\/div>        <\/div>                        <\/a>              <\/div>            <div class=\"bwg-item\">        <a class=\"bwg-a  bwg_lightbox\"  data-image-id=\"9986\" href=\"https:\/\/infocul.pt\/arquivo\/wp-content\/uploads\/photo-gallery\/IMG_1317.jpg?bwg=1582123942\" data-elementor-open-lightbox=\"no\">                <div class=\"bwg-item0 \">          <div class=\"bwg-item1 \">            <div class=\"bwg-item2\">              <img decoding=\"async\" class=\"skip-lazy bwg_standart_thumb_img_0 \"                   data-id=\"9986\"                   data-width=\"500\"                   data-height=\"333\"                   data-src=\"https:\/\/infocul.pt\/arquivo\/wp-content\/uploads\/photo-gallery\/thumb\/IMG_1317.jpg?bwg=1582123942\"                   src=\"https:\/\/infocul.pt\/arquivo\/wp-content\/uploads\/photo-gallery\/thumb\/IMG_1317.jpg?bwg=1582123942\"                   alt=\"\"                   title=\"\" \/>            <\/div>            <div class=\"\">              <div class=\"bwg-title1\"><div class=\"bwg-title2\">&nbsp;<\/div><\/div>                                        <\/div>          <\/div>        <\/div>                        <\/a>              <\/div>            <div class=\"bwg-item\">        <a class=\"bwg-a  bwg_lightbox\"  data-image-id=\"9985\" href=\"https:\/\/infocul.pt\/arquivo\/wp-content\/uploads\/photo-gallery\/IMG_1295.jpg?bwg=1582123942\" data-elementor-open-lightbox=\"no\">                <div class=\"bwg-item0 \">          <div class=\"bwg-item1 \">            <div class=\"bwg-item2\">              <img decoding=\"async\" class=\"skip-lazy bwg_standart_thumb_img_0 \"                   data-id=\"9985\"                   data-width=\"500\"                   data-height=\"333\"                   data-src=\"https:\/\/infocul.pt\/arquivo\/wp-content\/uploads\/photo-gallery\/thumb\/IMG_1295.jpg?bwg=1582123942\"                   src=\"https:\/\/infocul.pt\/arquivo\/wp-content\/uploads\/photo-gallery\/thumb\/IMG_1295.jpg?bwg=1582123942\"                   alt=\"\"                   title=\"\" \/>            <\/div>            <div class=\"\">              <div class=\"bwg-title1\"><div class=\"bwg-title2\">&nbsp;<\/div><\/div>                                        <\/div>          <\/div>        <\/div>                        <\/a>              <\/div>            <div class=\"bwg-item\">        <a class=\"bwg-a  bwg_lightbox\"  data-image-id=\"9984\" href=\"https:\/\/infocul.pt\/arquivo\/wp-content\/uploads\/photo-gallery\/IMG_1453_(1).jpg?bwg=1582123942\" data-elementor-open-lightbox=\"no\">                <div class=\"bwg-item0 \">          <div class=\"bwg-item1 \">            <div class=\"bwg-item2\">              <img decoding=\"async\" class=\"skip-lazy bwg_standart_thumb_img_0 \"                   data-id=\"9984\"                   data-width=\"333\"                   data-height=\"500\"                   data-src=\"https:\/\/infocul.pt\/arquivo\/wp-content\/uploads\/photo-gallery\/thumb\/IMG_1453_(1).jpg?bwg=1582123942\"                   src=\"https:\/\/infocul.pt\/arquivo\/wp-content\/uploads\/photo-gallery\/thumb\/IMG_1453_(1).jpg?bwg=1582123942\"                   alt=\"\"                   title=\"\" \/>            <\/div>            <div class=\"\">              <div class=\"bwg-title1\"><div class=\"bwg-title2\">&nbsp;<\/div><\/div>                                        <\/div>          <\/div>        <\/div>                        <\/a>              <\/div>            <div class=\"bwg-item\">        <a class=\"bwg-a  bwg_lightbox\"  data-image-id=\"9983\" href=\"https:\/\/infocul.pt\/arquivo\/wp-content\/uploads\/photo-gallery\/IMG_1271.jpg?bwg=1582123942\" data-elementor-open-lightbox=\"no\">                <div class=\"bwg-item0 \">          <div class=\"bwg-item1 \">            <div class=\"bwg-item2\">              <img decoding=\"async\" class=\"skip-lazy bwg_standart_thumb_img_0 \"                   data-id=\"9983\"                   data-width=\"500\"                   data-height=\"333\"                   data-src=\"https:\/\/infocul.pt\/arquivo\/wp-content\/uploads\/photo-gallery\/thumb\/IMG_1271.jpg?bwg=1582123942\"                   src=\"https:\/\/infocul.pt\/arquivo\/wp-content\/uploads\/photo-gallery\/thumb\/IMG_1271.jpg?bwg=1582123942\"                   alt=\"\"                   title=\"\" \/>            <\/div>            <div class=\"\">              <div class=\"bwg-title1\"><div class=\"bwg-title2\">&nbsp;<\/div><\/div>                                        <\/div>          <\/div>        <\/div>                        <\/a>              <\/div>            <div class=\"bwg-item\">        <a class=\"bwg-a  bwg_lightbox\"  data-image-id=\"9982\" href=\"https:\/\/infocul.pt\/arquivo\/wp-content\/uploads\/photo-gallery\/IMG_1290.jpg?bwg=1582123942\" data-elementor-open-lightbox=\"no\">                <div class=\"bwg-item0 \">          <div class=\"bwg-item1 \">            <div class=\"bwg-item2\">              <img decoding=\"async\" class=\"skip-lazy bwg_standart_thumb_img_0 \"                   data-id=\"9982\"                   data-width=\"500\"                   data-height=\"333\"                   data-src=\"https:\/\/infocul.pt\/arquivo\/wp-content\/uploads\/photo-gallery\/thumb\/IMG_1290.jpg?bwg=1582123942\"                   src=\"https:\/\/infocul.pt\/arquivo\/wp-content\/uploads\/photo-gallery\/thumb\/IMG_1290.jpg?bwg=1582123942\"                   alt=\"\"                   title=\"\" \/>            <\/div>            <div class=\"\">              <div class=\"bwg-title1\"><div class=\"bwg-title2\">&nbsp;<\/div><\/div>                                        <\/div>          <\/div>        <\/div>                        <\/a>              <\/div>          <\/div>    <style>      \/*pagination styles*\/      #bwg_container1_0 #bwg_container2_0 .tablenav-pages_0 {\t\t\t\ttext-align: center;\t\t\t\tfont-size: 12px;\t\t\t\tfont-family: segoe ui;\t\t\t\tfont-weight: bold;\t\t\t\tcolor: #666666;\t\t\t\tmargin: 6px 0 4px;\t\t\t\tdisplay: block;      }      @media only screen and (max-width : 320px) {      #bwg_container1_0 #bwg_container2_0 .displaying-num_0 {     \t display: none;      }      }      #bwg_container1_0 #bwg_container2_0 .displaying-num_0 {\t\t\t\tfont-size: 12px;\t\t\t\tfont-family: segoe ui;\t\t\t\tfont-weight: bold;\t\t\t\tcolor: #666666;\t\t\t\tmargin-right: 10px;\t\t\t\tvertical-align: middle;      }      #bwg_container1_0 #bwg_container2_0 .paging-input_0 {\t\t\t\tfont-size: 12px;\t\t\t\tfont-family: segoe ui;\t\t\t\tfont-weight: bold;\t\t\t\tcolor: #666666;\t\t\t\tvertical-align: middle;      }      #bwg_container1_0 #bwg_container2_0 .tablenav-pages_0 a.disabled,      #bwg_container1_0 #bwg_container2_0 .tablenav-pages_0 a.disabled:hover,      #bwg_container1_0 #bwg_container2_0 .tablenav-pages_0 a.disabled:focus,\t\t\t#bwg_container1_0 #bwg_container2_0 .tablenav-pages_0 input.bwg_current_page {\t\t\t\tcursor: default;\t\t\t\tcolor: rgba(102, 102, 102, 0.5);      }      #bwg_container1_0 #bwg_container2_0 .tablenav-pages_0 a,      #bwg_container1_0 #bwg_container2_0 .tablenav-pages_0 input.bwg_current_page {\t\t\t\tcursor: pointer;\t\t\t\ttext-align: center;\t\t\t\tfont-size: 12px;\t\t\t\tfont-family: segoe ui;\t\t\t\tfont-weight: bold;\t\t\t\tcolor: #666666;\t\t\t\ttext-decoration: none;\t\t\t\tpadding: 3px 6px;\t\t\t\tmargin: 0;\t\t\t\tborder-radius: 0;\t\t\t\tborder-style: solid;\t\t\t\tborder-width: 1px;\t\t\t\tborder-color: #E3E3E3;\t\t\t\t\t\t\t\tbackground-color: rgba(255, 255, 255, 1.00);\t\t\t\tbox-shadow: 0;\t\t\t\ttransition: all 0.3s ease 0s;-webkit-transition: all 0.3s ease 0s;      }      <\/style>      <span class=\"bwg_nav_cont_0\">              <div class=\"tablenav-pages_0\">                  <\/div>                <input type=\"hidden\" id=\"page_number_0\" name=\"page_number_0\" value=\"1\" \/>      <script type=\"text\/javascript\">        if( jQuery('.bwg_nav_cont_0').length > 1 ) {          jQuery('.bwg_nav_cont_0').first().remove()        }        function spider_page_0(cur, x, y, load_more) {          if (typeof load_more == \"undefined\") {            var load_more = false;          }          if (jQuery(cur).hasClass('disabled')) {            return false;          }          var items_county_0 = 1;          switch (y) {            case 1:              if (x >= items_county_0) {                document.getElementById('page_number_0').value = items_county_0;              }              else {                document.getElementById('page_number_0').value = x + 1;              }              break;            case 2:              document.getElementById('page_number_0').value = items_county_0;              break;            case -1:              if (x == 1) {                document.getElementById('page_number_0').value = 1;              }              else {                document.getElementById('page_number_0').value = x - 1;              }              break;            case -2:              document.getElementById('page_number_0').value = 1;              break;\t\t\t\t\t\tcase 0:              document.getElementById('page_number_0').value = x;              break;            default:              document.getElementById('page_number_0').value = 1;          }          bwg_ajax('gal_front_form_0', '0', 'bwg_thumbnails_0', '0', '', 'gallery', 0, '', '', load_more, '', 1);        }                    jQuery('.first-page-0').on('click', function () {              spider_page_0(this, 1, -2, 'numeric');              return false;            });            jQuery('.prev-page-0').on('click', function () {              spider_page_0(this, 1, -1, 'numeric');              return false;            });            jQuery('.next-page-0').on('click', function () {              spider_page_0(this, 1, 1, 'numeric');              return false;            });            jQuery('.last-page-0').on('click', function () {              spider_page_0(this, 1, 2, 'numeric');              return false;            });        \t\t\t\t\/* Change page on input enter. *\/        function bwg_change_page_0( e, that ) {          if (  e.key == 'Enter' ) {            var to_page = parseInt(jQuery(that).val());            var pages_count = jQuery(that).parents(\".pagination-links\").data(\"pages-count\");            var current_url_param = jQuery(that).attr('data-url-info');            if (to_page > pages_count) {              to_page = 1;            }\t \t\t\t\t\t\t\t\t\t\t\t\tspider_page_0(this, to_page, 0, 'numeric');\t\t\t\t\t\t\treturn false;\t\t\t\t\t\t          }          return true;        }        jQuery('.bwg_load_btn_0').on('click', function () {            spider_page_0(this, 1, 1, true);            return false;        });      <\/script>      <\/span>                <\/div>        <\/form>        <style>          #bwg_container1_0 #bwg_container2_0 #spider_popup_overlay_0 {          background-color: #EEEEEE;          opacity: 0.60;          }          <\/style>        <div id=\"bwg_spider_popup_loading_0\" class=\"bwg_spider_popup_loading\"><\/div>        <div id=\"spider_popup_overlay_0\" class=\"spider_popup_overlay\" onclick=\"spider_destroypopup(1000)\"><\/div>        <input type=\"hidden\" id=\"bwg_random_seed_0\" value=\"849342778\">                <\/div>    <\/div>    <script>      if (document.readyState === 'complete') {        if( typeof bwg_main_ready == 'function' ) {          if ( jQuery(\"#bwg_container1_0\").height() ) {            bwg_main_ready(jQuery(\"#bwg_container1_0\"));          }        }      } else {        document.addEventListener('DOMContentLoaded', function() {          if( typeof bwg_main_ready == 'function' ) {            if ( jQuery(\"#bwg_container1_0\").height() ) {             bwg_main_ready(jQuery(\"#bwg_container1_0\"));            }          }        });      }    <\/script>    \n<p><span style=\"color: #800080;\">Texto e Entrevista: Rui Lavrador<\/span><br \/>\n<span style=\"color: #800080;\">Fotografias: Diogo Nora<\/span><\/p>\n","protected":false},"excerpt":{"rendered":"<p>Joaquim Ribeiro \u2018Cuqui\u2019 \u00e9 matador de touros, portugu\u00eas, natural da Moita e ap\u00f3s ter tomado alternativa a 19 de Agosto de 2018 em Tijuana, no M\u00e9xico, ainda n\u00e3o se apresentou enquanto matador de touros numa pra\u00e7a de touros lusitana.<\/p>\n","protected":false},"author":2,"featured_media":66876,"comment_status":"open","ping_status":"closed","sticky":false,"template":"","format":"standard","meta":{"footnotes":""},"categories":[2,36,4124,7],"tags":[8864,8863,4701,7710],"class_list":["post-66875","post","type-post","status-publish","format-standard","has-post-thumbnail","hentry","category-cultura","category-destaque","category-entrevistas","category-tauromaquia","tag-escola-de-toureio-da-moita","tag-joaquim-ribeiro-cuqui","tag-moita","tag-praca-de-touros-daniel-do-nascimento"],"yoast_head":"<!-- This site is optimized with the Yoast SEO plugin v27.4 - https:\/\/yoast.com\/product\/yoast-seo-wordpress\/ -->\n<title>Cuqui: \u201cDedico-me todos os dias a treinar e a pensar no touro\u201d | Infocul.pt - Arquivo Digital<\/title>\n<meta name=\"description\" content=\"Cuqui: \u201cDedico-me todos os dias a treinar e a pensar no touro\u201d | Infocul.pt - Arquivo Digital\" \/>\n<meta name=\"robots\" content=\"noindex, follow, max-snippet:-1, max-image-preview:large, max-video-preview:-1\" \/>\n<meta property=\"og:locale\" content=\"pt_PT\" \/>\n<meta property=\"og:type\" content=\"article\" \/>\n<meta property=\"og:title\" content=\"Cuqui: \u201cDedico-me todos os dias a treinar e a pensar no touro\u201d | Infocul.pt - Arquivo Digital\" \/>\n<meta property=\"og:description\" content=\"Cuqui: \u201cDedico-me todos os dias a treinar e a pensar no touro\u201d | Infocul.pt - Arquivo Digital\" \/>\n<meta property=\"og:url\" content=\"https:\/\/infocul.pt\/arquivo\/cultura\/cuqui-tive-uma-trajectoria-pouco-ajudada-mas-estou-feliz-com-a-trajectoria-que-tenho\/\" \/>\n<meta property=\"og:site_name\" content=\"Infocul.pt - Arquivo Digital\" \/>\n<meta property=\"article:publisher\" content=\"https:\/\/www.facebook.com\/Infocul-147816815585015\/\" \/>\n<meta property=\"article:published_time\" content=\"2020-02-20T16:00:04+00:00\" \/>\n<meta property=\"article:modified_time\" content=\"2020-02-20T23:02:21+00:00\" \/>\n<meta property=\"og:image\" content=\"https:\/\/infocul.pt\/arquivo\/wp-content\/uploads\/2020\/02\/IMG_1470.jpg\" \/>\n\t<meta property=\"og:image:width\" content=\"683\" \/>\n\t<meta property=\"og:image:height\" content=\"1024\" \/>\n\t<meta property=\"og:image:type\" content=\"image\/jpeg\" \/>\n<meta name=\"author\" content=\"Rui Lavrador\" \/>\n<meta name=\"twitter:card\" content=\"summary_large_image\" \/>\n<meta name=\"twitter:creator\" content=\"@Infoculpt\" \/>\n<meta name=\"twitter:site\" content=\"@Infoculpt\" \/>\n<meta name=\"twitter:label1\" content=\"Escrito por\" \/>\n\t<meta name=\"twitter:data1\" content=\"Rui Lavrador\" \/>\n\t<meta name=\"twitter:label2\" content=\"Tempo estimado de leitura\" \/>\n\t<meta name=\"twitter:data2\" content=\"10 minutos\" \/>\n<script type=\"application\/ld+json\" class=\"yoast-schema-graph\">{\"@context\":\"https:\\\/\\\/schema.org\",\"@graph\":[{\"@type\":\"Article\",\"@id\":\"https:\\\/\\\/infocul.pt\\\/arquivo\\\/cultura\\\/cuqui-tive-uma-trajectoria-pouco-ajudada-mas-estou-feliz-com-a-trajectoria-que-tenho\\\/#article\",\"isPartOf\":{\"@id\":\"https:\\\/\\\/infocul.pt\\\/arquivo\\\/cultura\\\/cuqui-tive-uma-trajectoria-pouco-ajudada-mas-estou-feliz-com-a-trajectoria-que-tenho\\\/\"},\"author\":{\"name\":\"Rui Lavrador\",\"@id\":\"https:\\\/\\\/infocul.pt\\\/arquivo\\\/#\\\/schema\\\/person\\\/060a108d7f2d85fc6aae505119ee5234\"},\"headline\":\"Cuqui: \u201cDedico-me todos os dias a treinar e a pensar no touro\u201d\",\"datePublished\":\"2020-02-20T16:00:04+00:00\",\"dateModified\":\"2020-02-20T23:02:21+00:00\",\"mainEntityOfPage\":{\"@id\":\"https:\\\/\\\/infocul.pt\\\/arquivo\\\/cultura\\\/cuqui-tive-uma-trajectoria-pouco-ajudada-mas-estou-feliz-com-a-trajectoria-que-tenho\\\/\"},\"wordCount\":1968,\"commentCount\":0,\"publisher\":{\"@id\":\"https:\\\/\\\/infocul.pt\\\/arquivo\\\/#organization\"},\"image\":{\"@id\":\"https:\\\/\\\/infocul.pt\\\/arquivo\\\/cultura\\\/cuqui-tive-uma-trajectoria-pouco-ajudada-mas-estou-feliz-com-a-trajectoria-que-tenho\\\/#primaryimage\"},\"thumbnailUrl\":\"https:\\\/\\\/infocul.pt\\\/arquivo\\\/wp-content\\\/uploads\\\/2020\\\/02\\\/IMG_1470.jpg\",\"keywords\":[\"Escola de Toureio da Moita\",\"Joaquim Ribeiro 'Cuqui'\",\"Moita\",\"Pra\u00e7a de Touros Daniel do Nascimento\"],\"articleSection\":[\"Cultura\",\"Destaque\",\"Entrevistas\",\"Tauromaquia\"],\"inLanguage\":\"pt-PT\"},{\"@type\":\"WebPage\",\"@id\":\"https:\\\/\\\/infocul.pt\\\/arquivo\\\/cultura\\\/cuqui-tive-uma-trajectoria-pouco-ajudada-mas-estou-feliz-com-a-trajectoria-que-tenho\\\/\",\"url\":\"https:\\\/\\\/infocul.pt\\\/arquivo\\\/cultura\\\/cuqui-tive-uma-trajectoria-pouco-ajudada-mas-estou-feliz-com-a-trajectoria-que-tenho\\\/\",\"name\":\"Cuqui: \u201cDedico-me todos os dias a treinar e a pensar no touro\u201d | Infocul.pt - Arquivo Digital\",\"isPartOf\":{\"@id\":\"https:\\\/\\\/infocul.pt\\\/arquivo\\\/#website\"},\"primaryImageOfPage\":{\"@id\":\"https:\\\/\\\/infocul.pt\\\/arquivo\\\/cultura\\\/cuqui-tive-uma-trajectoria-pouco-ajudada-mas-estou-feliz-com-a-trajectoria-que-tenho\\\/#primaryimage\"},\"image\":{\"@id\":\"https:\\\/\\\/infocul.pt\\\/arquivo\\\/cultura\\\/cuqui-tive-uma-trajectoria-pouco-ajudada-mas-estou-feliz-com-a-trajectoria-que-tenho\\\/#primaryimage\"},\"thumbnailUrl\":\"https:\\\/\\\/infocul.pt\\\/arquivo\\\/wp-content\\\/uploads\\\/2020\\\/02\\\/IMG_1470.jpg\",\"datePublished\":\"2020-02-20T16:00:04+00:00\",\"dateModified\":\"2020-02-20T23:02:21+00:00\",\"description\":\"Cuqui: \u201cDedico-me todos os dias a treinar e a pensar no touro\u201d | Infocul.pt - Arquivo Digital\",\"breadcrumb\":{\"@id\":\"https:\\\/\\\/infocul.pt\\\/arquivo\\\/cultura\\\/cuqui-tive-uma-trajectoria-pouco-ajudada-mas-estou-feliz-com-a-trajectoria-que-tenho\\\/#breadcrumb\"},\"inLanguage\":\"pt-PT\",\"potentialAction\":[{\"@type\":\"ReadAction\",\"target\":[\"https:\\\/\\\/infocul.pt\\\/arquivo\\\/cultura\\\/cuqui-tive-uma-trajectoria-pouco-ajudada-mas-estou-feliz-com-a-trajectoria-que-tenho\\\/\"]}]},{\"@type\":\"ImageObject\",\"inLanguage\":\"pt-PT\",\"@id\":\"https:\\\/\\\/infocul.pt\\\/arquivo\\\/cultura\\\/cuqui-tive-uma-trajectoria-pouco-ajudada-mas-estou-feliz-com-a-trajectoria-que-tenho\\\/#primaryimage\",\"url\":\"https:\\\/\\\/infocul.pt\\\/arquivo\\\/wp-content\\\/uploads\\\/2020\\\/02\\\/IMG_1470.jpg\",\"contentUrl\":\"https:\\\/\\\/infocul.pt\\\/arquivo\\\/wp-content\\\/uploads\\\/2020\\\/02\\\/IMG_1470.jpg\",\"width\":683,\"height\":1024},{\"@type\":\"BreadcrumbList\",\"@id\":\"https:\\\/\\\/infocul.pt\\\/arquivo\\\/cultura\\\/cuqui-tive-uma-trajectoria-pouco-ajudada-mas-estou-feliz-com-a-trajectoria-que-tenho\\\/#breadcrumb\",\"itemListElement\":[{\"@type\":\"ListItem\",\"position\":1,\"name\":\"Home\",\"item\":\"https:\\\/\\\/infocul.pt\\\/arquivo\\\/\"},{\"@type\":\"ListItem\",\"position\":2,\"name\":\"Cuqui: \u201cDedico-me todos os dias a treinar e a pensar no touro\u201d\"}]},{\"@type\":\"WebSite\",\"@id\":\"https:\\\/\\\/infocul.pt\\\/arquivo\\\/#website\",\"url\":\"https:\\\/\\\/infocul.pt\\\/arquivo\\\/\",\"name\":\"Infocul.pt - Arquivo Digital\",\"description\":\"Arquivo digital da Infocul.pt\",\"publisher\":{\"@id\":\"https:\\\/\\\/infocul.pt\\\/arquivo\\\/#organization\"},\"potentialAction\":[{\"@type\":\"SearchAction\",\"target\":{\"@type\":\"EntryPoint\",\"urlTemplate\":\"https:\\\/\\\/infocul.pt\\\/arquivo\\\/?s={search_term_string}\"},\"query-input\":{\"@type\":\"PropertyValueSpecification\",\"valueRequired\":true,\"valueName\":\"search_term_string\"}}],\"inLanguage\":\"pt-PT\"},{\"@type\":\"Organization\",\"@id\":\"https:\\\/\\\/infocul.pt\\\/arquivo\\\/#organization\",\"name\":\"Infocul.pt\",\"url\":\"https:\\\/\\\/infocul.pt\\\/arquivo\\\/\",\"logo\":{\"@type\":\"ImageObject\",\"inLanguage\":\"pt-PT\",\"@id\":\"https:\\\/\\\/infocul.pt\\\/arquivo\\\/#\\\/schema\\\/logo\\\/image\\\/\",\"url\":\"https:\\\/\\\/infocul.pt\\\/arquivo\\\/wp-content\\\/uploads\\\/2018\\\/12\\\/Infocul_logo-1.png\",\"contentUrl\":\"https:\\\/\\\/infocul.pt\\\/arquivo\\\/wp-content\\\/uploads\\\/2018\\\/12\\\/Infocul_logo-1.png\",\"width\":800,\"height\":800,\"caption\":\"Infocul.pt\"},\"image\":{\"@id\":\"https:\\\/\\\/infocul.pt\\\/arquivo\\\/#\\\/schema\\\/logo\\\/image\\\/\"},\"sameAs\":[\"https:\\\/\\\/www.facebook.com\\\/Infocul-147816815585015\\\/\",\"https:\\\/\\\/x.com\\\/Infoculpt\",\"http:\\\/\\\/www.pictaram.com\\\/user\\\/infocul.pt\\\/2370423710\",\"https:\\\/\\\/www.youtube.com\\\/channel\\\/UCYEB91AGI9FL9ek2i_IaQAA\"]},{\"@type\":\"Person\",\"@id\":\"https:\\\/\\\/infocul.pt\\\/arquivo\\\/#\\\/schema\\\/person\\\/060a108d7f2d85fc6aae505119ee5234\",\"name\":\"Rui Lavrador\",\"image\":{\"@type\":\"ImageObject\",\"inLanguage\":\"pt-PT\",\"@id\":\"https:\\\/\\\/secure.gravatar.com\\\/avatar\\\/93febd6873394aa8e975148548a0cb203acfdd42d2c85c5f1408e1a76678aece?s=96&d=mm&r=g\",\"url\":\"https:\\\/\\\/secure.gravatar.com\\\/avatar\\\/93febd6873394aa8e975148548a0cb203acfdd42d2c85c5f1408e1a76678aece?s=96&d=mm&r=g\",\"contentUrl\":\"https:\\\/\\\/secure.gravatar.com\\\/avatar\\\/93febd6873394aa8e975148548a0cb203acfdd42d2c85c5f1408e1a76678aece?s=96&d=mm&r=g\",\"caption\":\"Rui Lavrador\"},\"description\":\"Iniciou em 2011 o seu percurso em comunica\u00e7\u00e3o social, tendo integrado v\u00e1rios projectos editoriais. Durante o seu percurso integrou projectos como Jornal Hardm\u00fasica, LusoNot\u00edcias, Toureio.pt, ODigital.pt, entre outros \u00d3rg\u00e3os de Comunica\u00e7\u00e3o Social nacionais, na redac\u00e7\u00e3o de v\u00e1rios artigos. Entrevistou a grande maioria das personalidades mais importantes da vida social e cultural do pa\u00eds, destacando-se, tamb\u00e9m, na aprecia\u00e7\u00e3o de v\u00e1rios espect\u00e1culos. Durante o seu percurso, deu a conhecer v\u00e1rios artistas, at\u00e9 ent\u00e3o desconhecidos, ao grande p\u00fablico. Em 2015 criou e fundou o Infocul.pt, projecto no qual assume a direc\u00e7\u00e3o editorial.\",\"sameAs\":[\"http:\\\/\\\/www.infocul.pt\"]}]}<\/script>\n<!-- \/ Yoast SEO plugin. -->","yoast_head_json":{"title":"Cuqui: \u201cDedico-me todos os dias a treinar e a pensar no touro\u201d | Infocul.pt - Arquivo Digital","description":"Cuqui: \u201cDedico-me todos os dias a treinar e a pensar no touro\u201d | Infocul.pt - Arquivo Digital","robots":{"index":"noindex","follow":"follow","max-snippet":"max-snippet:-1","max-image-preview":"max-image-preview:large","max-video-preview":"max-video-preview:-1"},"og_locale":"pt_PT","og_type":"article","og_title":"Cuqui: \u201cDedico-me todos os dias a treinar e a pensar no touro\u201d | Infocul.pt - Arquivo Digital","og_description":"Cuqui: \u201cDedico-me todos os dias a treinar e a pensar no touro\u201d | Infocul.pt - Arquivo Digital","og_url":"https:\/\/infocul.pt\/arquivo\/cultura\/cuqui-tive-uma-trajectoria-pouco-ajudada-mas-estou-feliz-com-a-trajectoria-que-tenho\/","og_site_name":"Infocul.pt - Arquivo Digital","article_publisher":"https:\/\/www.facebook.com\/Infocul-147816815585015\/","article_published_time":"2020-02-20T16:00:04+00:00","article_modified_time":"2020-02-20T23:02:21+00:00","og_image":[{"width":683,"height":1024,"url":"https:\/\/infocul.pt\/arquivo\/wp-content\/uploads\/2020\/02\/IMG_1470.jpg","type":"image\/jpeg"}],"author":"Rui Lavrador","twitter_card":"summary_large_image","twitter_creator":"@Infoculpt","twitter_site":"@Infoculpt","twitter_misc":{"Escrito por":"Rui Lavrador","Tempo estimado de leitura":"10 minutos"},"schema":{"@context":"https:\/\/schema.org","@graph":[{"@type":"Article","@id":"https:\/\/infocul.pt\/arquivo\/cultura\/cuqui-tive-uma-trajectoria-pouco-ajudada-mas-estou-feliz-com-a-trajectoria-que-tenho\/#article","isPartOf":{"@id":"https:\/\/infocul.pt\/arquivo\/cultura\/cuqui-tive-uma-trajectoria-pouco-ajudada-mas-estou-feliz-com-a-trajectoria-que-tenho\/"},"author":{"name":"Rui Lavrador","@id":"https:\/\/infocul.pt\/arquivo\/#\/schema\/person\/060a108d7f2d85fc6aae505119ee5234"},"headline":"Cuqui: \u201cDedico-me todos os dias a treinar e a pensar no touro\u201d","datePublished":"2020-02-20T16:00:04+00:00","dateModified":"2020-02-20T23:02:21+00:00","mainEntityOfPage":{"@id":"https:\/\/infocul.pt\/arquivo\/cultura\/cuqui-tive-uma-trajectoria-pouco-ajudada-mas-estou-feliz-com-a-trajectoria-que-tenho\/"},"wordCount":1968,"commentCount":0,"publisher":{"@id":"https:\/\/infocul.pt\/arquivo\/#organization"},"image":{"@id":"https:\/\/infocul.pt\/arquivo\/cultura\/cuqui-tive-uma-trajectoria-pouco-ajudada-mas-estou-feliz-com-a-trajectoria-que-tenho\/#primaryimage"},"thumbnailUrl":"https:\/\/infocul.pt\/arquivo\/wp-content\/uploads\/2020\/02\/IMG_1470.jpg","keywords":["Escola de Toureio da Moita","Joaquim Ribeiro 'Cuqui'","Moita","Pra\u00e7a de Touros Daniel do Nascimento"],"articleSection":["Cultura","Destaque","Entrevistas","Tauromaquia"],"inLanguage":"pt-PT"},{"@type":"WebPage","@id":"https:\/\/infocul.pt\/arquivo\/cultura\/cuqui-tive-uma-trajectoria-pouco-ajudada-mas-estou-feliz-com-a-trajectoria-que-tenho\/","url":"https:\/\/infocul.pt\/arquivo\/cultura\/cuqui-tive-uma-trajectoria-pouco-ajudada-mas-estou-feliz-com-a-trajectoria-que-tenho\/","name":"Cuqui: \u201cDedico-me todos os dias a treinar e a pensar no touro\u201d | Infocul.pt - Arquivo Digital","isPartOf":{"@id":"https:\/\/infocul.pt\/arquivo\/#website"},"primaryImageOfPage":{"@id":"https:\/\/infocul.pt\/arquivo\/cultura\/cuqui-tive-uma-trajectoria-pouco-ajudada-mas-estou-feliz-com-a-trajectoria-que-tenho\/#primaryimage"},"image":{"@id":"https:\/\/infocul.pt\/arquivo\/cultura\/cuqui-tive-uma-trajectoria-pouco-ajudada-mas-estou-feliz-com-a-trajectoria-que-tenho\/#primaryimage"},"thumbnailUrl":"https:\/\/infocul.pt\/arquivo\/wp-content\/uploads\/2020\/02\/IMG_1470.jpg","datePublished":"2020-02-20T16:00:04+00:00","dateModified":"2020-02-20T23:02:21+00:00","description":"Cuqui: \u201cDedico-me todos os dias a treinar e a pensar no touro\u201d | Infocul.pt - Arquivo Digital","breadcrumb":{"@id":"https:\/\/infocul.pt\/arquivo\/cultura\/cuqui-tive-uma-trajectoria-pouco-ajudada-mas-estou-feliz-com-a-trajectoria-que-tenho\/#breadcrumb"},"inLanguage":"pt-PT","potentialAction":[{"@type":"ReadAction","target":["https:\/\/infocul.pt\/arquivo\/cultura\/cuqui-tive-uma-trajectoria-pouco-ajudada-mas-estou-feliz-com-a-trajectoria-que-tenho\/"]}]},{"@type":"ImageObject","inLanguage":"pt-PT","@id":"https:\/\/infocul.pt\/arquivo\/cultura\/cuqui-tive-uma-trajectoria-pouco-ajudada-mas-estou-feliz-com-a-trajectoria-que-tenho\/#primaryimage","url":"https:\/\/infocul.pt\/arquivo\/wp-content\/uploads\/2020\/02\/IMG_1470.jpg","contentUrl":"https:\/\/infocul.pt\/arquivo\/wp-content\/uploads\/2020\/02\/IMG_1470.jpg","width":683,"height":1024},{"@type":"BreadcrumbList","@id":"https:\/\/infocul.pt\/arquivo\/cultura\/cuqui-tive-uma-trajectoria-pouco-ajudada-mas-estou-feliz-com-a-trajectoria-que-tenho\/#breadcrumb","itemListElement":[{"@type":"ListItem","position":1,"name":"Home","item":"https:\/\/infocul.pt\/arquivo\/"},{"@type":"ListItem","position":2,"name":"Cuqui: \u201cDedico-me todos os dias a treinar e a pensar no touro\u201d"}]},{"@type":"WebSite","@id":"https:\/\/infocul.pt\/arquivo\/#website","url":"https:\/\/infocul.pt\/arquivo\/","name":"Infocul.pt - Arquivo Digital","description":"Arquivo digital da Infocul.pt","publisher":{"@id":"https:\/\/infocul.pt\/arquivo\/#organization"},"potentialAction":[{"@type":"SearchAction","target":{"@type":"EntryPoint","urlTemplate":"https:\/\/infocul.pt\/arquivo\/?s={search_term_string}"},"query-input":{"@type":"PropertyValueSpecification","valueRequired":true,"valueName":"search_term_string"}}],"inLanguage":"pt-PT"},{"@type":"Organization","@id":"https:\/\/infocul.pt\/arquivo\/#organization","name":"Infocul.pt","url":"https:\/\/infocul.pt\/arquivo\/","logo":{"@type":"ImageObject","inLanguage":"pt-PT","@id":"https:\/\/infocul.pt\/arquivo\/#\/schema\/logo\/image\/","url":"https:\/\/infocul.pt\/arquivo\/wp-content\/uploads\/2018\/12\/Infocul_logo-1.png","contentUrl":"https:\/\/infocul.pt\/arquivo\/wp-content\/uploads\/2018\/12\/Infocul_logo-1.png","width":800,"height":800,"caption":"Infocul.pt"},"image":{"@id":"https:\/\/infocul.pt\/arquivo\/#\/schema\/logo\/image\/"},"sameAs":["https:\/\/www.facebook.com\/Infocul-147816815585015\/","https:\/\/x.com\/Infoculpt","http:\/\/www.pictaram.com\/user\/infocul.pt\/2370423710","https:\/\/www.youtube.com\/channel\/UCYEB91AGI9FL9ek2i_IaQAA"]},{"@type":"Person","@id":"https:\/\/infocul.pt\/arquivo\/#\/schema\/person\/060a108d7f2d85fc6aae505119ee5234","name":"Rui Lavrador","image":{"@type":"ImageObject","inLanguage":"pt-PT","@id":"https:\/\/secure.gravatar.com\/avatar\/93febd6873394aa8e975148548a0cb203acfdd42d2c85c5f1408e1a76678aece?s=96&d=mm&r=g","url":"https:\/\/secure.gravatar.com\/avatar\/93febd6873394aa8e975148548a0cb203acfdd42d2c85c5f1408e1a76678aece?s=96&d=mm&r=g","contentUrl":"https:\/\/secure.gravatar.com\/avatar\/93febd6873394aa8e975148548a0cb203acfdd42d2c85c5f1408e1a76678aece?s=96&d=mm&r=g","caption":"Rui Lavrador"},"description":"Iniciou em 2011 o seu percurso em comunica\u00e7\u00e3o social, tendo integrado v\u00e1rios projectos editoriais. Durante o seu percurso integrou projectos como Jornal Hardm\u00fasica, LusoNot\u00edcias, Toureio.pt, ODigital.pt, entre outros \u00d3rg\u00e3os de Comunica\u00e7\u00e3o Social nacionais, na redac\u00e7\u00e3o de v\u00e1rios artigos. Entrevistou a grande maioria das personalidades mais importantes da vida social e cultural do pa\u00eds, destacando-se, tamb\u00e9m, na aprecia\u00e7\u00e3o de v\u00e1rios espect\u00e1culos. Durante o seu percurso, deu a conhecer v\u00e1rios artistas, at\u00e9 ent\u00e3o desconhecidos, ao grande p\u00fablico. Em 2015 criou e fundou o Infocul.pt, projecto no qual assume a direc\u00e7\u00e3o editorial.","sameAs":["http:\/\/www.infocul.pt"]}]}},"_links":{"self":[{"href":"https:\/\/infocul.pt\/arquivo\/wp-json\/wp\/v2\/posts\/66875","targetHints":{"allow":["GET"]}}],"collection":[{"href":"https:\/\/infocul.pt\/arquivo\/wp-json\/wp\/v2\/posts"}],"about":[{"href":"https:\/\/infocul.pt\/arquivo\/wp-json\/wp\/v2\/types\/post"}],"author":[{"embeddable":true,"href":"https:\/\/infocul.pt\/arquivo\/wp-json\/wp\/v2\/users\/2"}],"replies":[{"embeddable":true,"href":"https:\/\/infocul.pt\/arquivo\/wp-json\/wp\/v2\/comments?post=66875"}],"version-history":[{"count":0,"href":"https:\/\/infocul.pt\/arquivo\/wp-json\/wp\/v2\/posts\/66875\/revisions"}],"wp:featuredmedia":[{"embeddable":true,"href":"https:\/\/infocul.pt\/arquivo\/wp-json\/wp\/v2\/media\/66876"}],"wp:attachment":[{"href":"https:\/\/infocul.pt\/arquivo\/wp-json\/wp\/v2\/media?parent=66875"}],"wp:term":[{"taxonomy":"category","embeddable":true,"href":"https:\/\/infocul.pt\/arquivo\/wp-json\/wp\/v2\/categories?post=66875"},{"taxonomy":"post_tag","embeddable":true,"href":"https:\/\/infocul.pt\/arquivo\/wp-json\/wp\/v2\/tags?post=66875"}],"curies":[{"name":"wp","href":"https:\/\/api.w.org\/{rel}","templated":true}]}}