{"id":66929,"date":"2020-02-21T01:04:02","date_gmt":"2020-02-21T01:04:02","guid":{"rendered":"https:\/\/infocul.pt\/?p=66929"},"modified":"2020-02-21T01:04:02","modified_gmt":"2020-02-21T01:04:02","slug":"dia-da-tauromaquia-pretende-que-se-valorize-todos-esses-valores-da-tauromaquia-e-que-tenha-as-portas-abertas-a-qualquer-pessoa","status":"publish","type":"post","link":"https:\/\/infocul.pt\/arquivo\/cultura\/dia-da-tauromaquia-pretende-que-se-valorize-todos-esses-valores-da-tauromaquia-e-que-tenha-as-portas-abertas-a-qualquer-pessoa\/","title":{"rendered":"Dia da Tauromaquia pretende que se \u201cvalorize todos esses valores da tauromaquia e que tenha as portas abertas a qualquer pessoa\u201d"},"content":{"rendered":"<figure id=\"attachment_66941\" aria-describedby=\"caption-attachment-66941\" style=\"width: 800px\" class=\"wp-caption aligncenter\"><img decoding=\"async\" class=\"wp-image-66941 size-large lazyload\" data-src=\"https:\/\/infocul.pt\/arquivo\/wp-content\/uploads\/2020\/02\/87271812_229401734914909_2864080176625483776_n-1024x683.jpg\" alt=\"\" width=\"800\" height=\"534\" data-srcset=\"https:\/\/infocul.pt\/arquivo\/wp-content\/uploads\/2020\/02\/87271812_229401734914909_2864080176625483776_n-scaled.jpg 1024w, https:\/\/infocul.pt\/arquivo\/wp-content\/uploads\/2020\/02\/87271812_229401734914909_2864080176625483776_n-300x200.jpg 300w, https:\/\/infocul.pt\/arquivo\/wp-content\/uploads\/2020\/02\/87271812_229401734914909_2864080176625483776_n-768x512.jpg 768w, https:\/\/infocul.pt\/arquivo\/wp-content\/uploads\/2020\/02\/87271812_229401734914909_2864080176625483776_n-1536x1024.jpg 1536w, https:\/\/infocul.pt\/arquivo\/wp-content\/uploads\/2020\/02\/87271812_229401734914909_2864080176625483776_n-2048x1365.jpg 2048w\" data-sizes=\"(max-width: 800px) 100vw, 800px\" src=\"data:image\/svg+xml;base64,PHN2ZyB3aWR0aD0iMSIgaGVpZ2h0PSIxIiB4bWxucz0iaHR0cDovL3d3dy53My5vcmcvMjAwMC9zdmciPjwvc3ZnPg==\" style=\"--smush-placeholder-width: 800px; --smush-placeholder-aspect-ratio: 800\/534;\" \/><figcaption id=\"caption-attachment-66941\" class=\"wp-caption-text\">Toureio.pt<\/figcaption><\/figure>\n<p>O Sal\u00e3o Nobre do Campo Pequeno, em Lisboa, recebeu esta quinta-feira a apresenta\u00e7\u00e3o do Dia da Tauromaquia.<!--more--><\/p>\n<p>Uma apresenta\u00e7\u00e3o com pouca ades\u00e3o, pouca imprensa e poucos aficionados, mas como disse Paulo Pessoa de Carvalho (em representa\u00e7\u00e3o da Pr\u00f3toiro) \u201c<i><b>n\u00e3o interessa se somos poucos, interessa que somos bons<\/b><\/i>\u201d.<\/p>\n<p>O programa j\u00e1 era conhecido, desde o dia anterior, mas foi apresentado em detalhe por Helder Milheiro, cabendo a Nuno Pardal falar sobre o cartel do festival taurino.<\/p>\n<p>Posteriormente, os cavaleiros Ant\u00f3nio Ribeiro Telles, Ana Batista e Lu\u00eds Rouxinol Jr. prestaram declara\u00e7\u00f5es e responderam a perguntas.<\/p>\n<p>Paulo Pessoa de Carvalho, questionado pelo Infocul, revelou que institucionalmente a Pr\u00f3toiro enviou convites ao Presidente da Rep\u00fablica, Primeiro-Ministro, Ministra da Cultura e Presidente da C\u00e2mara Municipal de Lisboa (al\u00e9m de outros pol\u00edticos), mas que at\u00e9 ao momento n\u00e3o obteve resposta. Espera a presen\u00e7a de pol\u00edticos mas n\u00e3o dos atr\u00e1s mencionados.<\/p>\n<p>Paula Mattamouros Resende, administradora do Campo Pequeno, marcou presen\u00e7a na confer\u00eancia mas n\u00e3o prestou declara\u00e7\u00f5es.<\/p>\n<p>No festival taurino haver\u00e1 novidades em termos de funcionamento do festejo no sentido de reduzir o tempo do mesmo (os toureiros no final das lides, agradecem no centro da arena e apenas dar\u00e3o volta com unanimidade do p\u00fablico).<\/p>\n<p>No final da apresenta\u00e7\u00e3o \u00e0 imprensa, Helder Milheiro prestou declara\u00e7\u00f5es ao Infocul.pt e sobre o or\u00e7amento para o Dia da Tauromaquia revelou que \u201c<i><b>\u00e9<\/b><\/i><i><b> uma informa\u00e7\u00e3o que n\u00e3o achamos relevante ser p\u00fablica. Posso dizer que \u00e9 o dobro do ano passado, porque \u00e9 um programa muito mais alargado e muito mais oneroso<\/b><\/i>\u201d.<\/p>\n<p>Questionado sobre o valor do or\u00e7amento no ano anterior, explicou que \u201cf<i><b>oi de alguns milhares de euros. Essa informa\u00e7\u00e3o n\u00e3o \u00e9 relevante<\/b><\/i>\u201d.<\/p>\n<p>No Dia da Tauromaquia, a Pr\u00f3toiro conta \u201c<i><b>sempre uma grande equipa de volunt\u00e1rios neste dia. Em rela\u00e7\u00e3o \u00e0s crian\u00e7as, elas ser\u00e3o acompanhadas por assistentes que zelar\u00e3o pela sua seguran\u00e7a, portanto estar\u00e3o acompanhadas de pessoas preparadas para lidar com crian\u00e7as e que estar\u00e3o ali junto delas<\/b><\/i>\u201d, disse-nos quando questionado sobre as v\u00e1rias actividades e em especial as dedicadas aos mais novos.<\/p>\n<p>\u201c<i><b>Ele \u00e9 feito para valorizar esta \u00e1rea cultural, para a reposicionar e para mostrar uma tauromaquia aberta, que \u00e9 aquilo que a tauromaquia \u00e9. Vamos fazer um evento que valorize todos esses valores da tauromaquia e que tenha as portas abertas a qualquer pessoa. <\/b><\/i><i><b>Raz\u00e3o pela qual, at\u00e9 pelo pr\u00f3prio custo do evento, ele \u00e9 99% gratuito. O objectivo \u00e9 abrir as portas e deixar que todos possam contactar e conhecer a tauromaquia e nas suas mais diversas vertentes<\/b><\/i>\u201d, disse sobre o Dia da Tauromaquia.<\/p>\n<p>Destacou ainda o objectivo de \u201c<i><b>reposicionar o evento, daquilo que a marca Touradas pretende tamb\u00e9m ser na sua estrat\u00e9gia, em termos p\u00fablicos \u00e9 este o caminho. Queremos ter cada vez mais or\u00e7amento, para fazer cada vez mais um evento mais longo. Posso dizer-lhe que na nossa opini\u00e3o, na nossa estrat\u00e9gia, o objectivo \u00e9 que este evento possa vir a ser de dois dias. N\u00e3o seja apenas um dia, mas que ocupe um fim-de-semana por exemplo. Teremos de o fazer passo a passo at\u00e9 chegar a essa situa\u00e7\u00e3o<\/b><\/i>\u201d.<\/p>\n","protected":false},"excerpt":{"rendered":"<p>O Sal\u00e3o Nobre do Campo Pequeno, em Lisboa, recebeu esta quinta-feira a apresenta\u00e7\u00e3o do Dia da Tauromaquia.<\/p>\n","protected":false},"author":2,"featured_media":66941,"comment_status":"open","ping_status":"closed","sticky":false,"template":"","format":"standard","meta":{"footnotes":""},"categories":[2,36,4123,7],"tags":[244,6492,80],"class_list":["post-66929","post","type-post","status-publish","format-standard","has-post-thumbnail","hentry","category-cultura","category-destaque","category-reportagens-actualidade","category-tauromaquia","tag-campo-pequeno","tag-dia-da-tauromaquia","tag-lisboa"],"yoast_head":"<!-- This site is optimized with the Yoast SEO plugin v27.5 - https:\/\/yoast.com\/product\/yoast-seo-wordpress\/ -->\n<title>Dia da Tauromaquia pretende que se \u201cvalorize todos esses valores da tauromaquia e que tenha as portas abertas a qualquer pessoa\u201d | Infocul.pt - Arquivo Digital<\/title>\n<meta name=\"description\" content=\"Dia da Tauromaquia pretende que se \u201cvalorize todos esses valores da tauromaquia e que tenha as portas abertas a qualquer pessoa\u201d | Infocul.pt - Arquivo Digital\" \/>\n<meta name=\"robots\" content=\"noindex, follow, max-snippet:-1, max-image-preview:large, max-video-preview:-1\" \/>\n<meta property=\"og:locale\" content=\"pt_PT\" \/>\n<meta property=\"og:type\" content=\"article\" \/>\n<meta property=\"og:title\" content=\"Dia da Tauromaquia pretende que se \u201cvalorize todos esses valores da tauromaquia e que tenha as portas abertas a qualquer pessoa\u201d | Infocul.pt - Arquivo Digital\" \/>\n<meta property=\"og:description\" content=\"Dia da Tauromaquia pretende que se \u201cvalorize todos esses valores da tauromaquia e que tenha as portas abertas a qualquer pessoa\u201d | Infocul.pt - Arquivo Digital\" \/>\n<meta property=\"og:url\" content=\"https:\/\/infocul.pt\/arquivo\/cultura\/dia-da-tauromaquia-pretende-que-se-valorize-todos-esses-valores-da-tauromaquia-e-que-tenha-as-portas-abertas-a-qualquer-pessoa\/\" \/>\n<meta property=\"og:site_name\" content=\"Infocul.pt - Arquivo Digital\" \/>\n<meta property=\"article:publisher\" content=\"https:\/\/www.facebook.com\/Infocul-147816815585015\/\" \/>\n<meta property=\"article:published_time\" content=\"2020-02-21T01:04:02+00:00\" \/>\n<meta property=\"og:image\" content=\"https:\/\/infocul.pt\/arquivo\/wp-content\/uploads\/2020\/02\/87271812_229401734914909_2864080176625483776_n-scaled.jpg\" \/>\n\t<meta property=\"og:image:width\" content=\"1024\" \/>\n\t<meta property=\"og:image:height\" content=\"683\" \/>\n\t<meta property=\"og:image:type\" content=\"image\/jpeg\" \/>\n<meta name=\"author\" content=\"Rui Lavrador\" \/>\n<meta name=\"twitter:card\" content=\"summary_large_image\" \/>\n<meta name=\"twitter:creator\" content=\"@Infoculpt\" \/>\n<meta name=\"twitter:site\" content=\"@Infoculpt\" \/>\n<meta name=\"twitter:label1\" content=\"Escrito por\" \/>\n\t<meta name=\"twitter:data1\" content=\"Rui Lavrador\" \/>\n\t<meta name=\"twitter:label2\" content=\"Tempo estimado de leitura\" \/>\n\t<meta name=\"twitter:data2\" content=\"3 minutos\" \/>\n<script type=\"application\/ld+json\" class=\"yoast-schema-graph\">{\"@context\":\"https:\\\/\\\/schema.org\",\"@graph\":[{\"@type\":\"Article\",\"@id\":\"https:\\\/\\\/infocul.pt\\\/arquivo\\\/cultura\\\/dia-da-tauromaquia-pretende-que-se-valorize-todos-esses-valores-da-tauromaquia-e-que-tenha-as-portas-abertas-a-qualquer-pessoa\\\/#article\",\"isPartOf\":{\"@id\":\"https:\\\/\\\/infocul.pt\\\/arquivo\\\/cultura\\\/dia-da-tauromaquia-pretende-que-se-valorize-todos-esses-valores-da-tauromaquia-e-que-tenha-as-portas-abertas-a-qualquer-pessoa\\\/\"},\"author\":{\"name\":\"Rui Lavrador\",\"@id\":\"https:\\\/\\\/infocul.pt\\\/arquivo\\\/#\\\/schema\\\/person\\\/060a108d7f2d85fc6aae505119ee5234\"},\"headline\":\"Dia da Tauromaquia pretende que se \u201cvalorize todos esses valores da tauromaquia e que tenha as portas abertas a qualquer pessoa\u201d\",\"datePublished\":\"2020-02-21T01:04:02+00:00\",\"mainEntityOfPage\":{\"@id\":\"https:\\\/\\\/infocul.pt\\\/arquivo\\\/cultura\\\/dia-da-tauromaquia-pretende-que-se-valorize-todos-esses-valores-da-tauromaquia-e-que-tenha-as-portas-abertas-a-qualquer-pessoa\\\/\"},\"wordCount\":578,\"commentCount\":0,\"publisher\":{\"@id\":\"https:\\\/\\\/infocul.pt\\\/arquivo\\\/#organization\"},\"image\":{\"@id\":\"https:\\\/\\\/infocul.pt\\\/arquivo\\\/cultura\\\/dia-da-tauromaquia-pretende-que-se-valorize-todos-esses-valores-da-tauromaquia-e-que-tenha-as-portas-abertas-a-qualquer-pessoa\\\/#primaryimage\"},\"thumbnailUrl\":\"https:\\\/\\\/infocul.pt\\\/arquivo\\\/wp-content\\\/uploads\\\/2020\\\/02\\\/87271812_229401734914909_2864080176625483776_n-scaled.jpg\",\"keywords\":[\"Campo Pequeno\",\"Dia da Tauromaquia\",\"Lisboa\"],\"articleSection\":[\"Cultura\",\"Destaque\",\"Reportagens\",\"Tauromaquia\"],\"inLanguage\":\"pt-PT\"},{\"@type\":\"WebPage\",\"@id\":\"https:\\\/\\\/infocul.pt\\\/arquivo\\\/cultura\\\/dia-da-tauromaquia-pretende-que-se-valorize-todos-esses-valores-da-tauromaquia-e-que-tenha-as-portas-abertas-a-qualquer-pessoa\\\/\",\"url\":\"https:\\\/\\\/infocul.pt\\\/arquivo\\\/cultura\\\/dia-da-tauromaquia-pretende-que-se-valorize-todos-esses-valores-da-tauromaquia-e-que-tenha-as-portas-abertas-a-qualquer-pessoa\\\/\",\"name\":\"Dia da Tauromaquia pretende que se \u201cvalorize todos esses valores da tauromaquia e que tenha as portas abertas a qualquer pessoa\u201d | Infocul.pt - Arquivo Digital\",\"isPartOf\":{\"@id\":\"https:\\\/\\\/infocul.pt\\\/arquivo\\\/#website\"},\"primaryImageOfPage\":{\"@id\":\"https:\\\/\\\/infocul.pt\\\/arquivo\\\/cultura\\\/dia-da-tauromaquia-pretende-que-se-valorize-todos-esses-valores-da-tauromaquia-e-que-tenha-as-portas-abertas-a-qualquer-pessoa\\\/#primaryimage\"},\"image\":{\"@id\":\"https:\\\/\\\/infocul.pt\\\/arquivo\\\/cultura\\\/dia-da-tauromaquia-pretende-que-se-valorize-todos-esses-valores-da-tauromaquia-e-que-tenha-as-portas-abertas-a-qualquer-pessoa\\\/#primaryimage\"},\"thumbnailUrl\":\"https:\\\/\\\/infocul.pt\\\/arquivo\\\/wp-content\\\/uploads\\\/2020\\\/02\\\/87271812_229401734914909_2864080176625483776_n-scaled.jpg\",\"datePublished\":\"2020-02-21T01:04:02+00:00\",\"description\":\"Dia da Tauromaquia pretende que se \u201cvalorize todos esses valores da tauromaquia e que tenha as portas abertas a qualquer pessoa\u201d | Infocul.pt - Arquivo Digital\",\"breadcrumb\":{\"@id\":\"https:\\\/\\\/infocul.pt\\\/arquivo\\\/cultura\\\/dia-da-tauromaquia-pretende-que-se-valorize-todos-esses-valores-da-tauromaquia-e-que-tenha-as-portas-abertas-a-qualquer-pessoa\\\/#breadcrumb\"},\"inLanguage\":\"pt-PT\",\"potentialAction\":[{\"@type\":\"ReadAction\",\"target\":[\"https:\\\/\\\/infocul.pt\\\/arquivo\\\/cultura\\\/dia-da-tauromaquia-pretende-que-se-valorize-todos-esses-valores-da-tauromaquia-e-que-tenha-as-portas-abertas-a-qualquer-pessoa\\\/\"]}]},{\"@type\":\"ImageObject\",\"inLanguage\":\"pt-PT\",\"@id\":\"https:\\\/\\\/infocul.pt\\\/arquivo\\\/cultura\\\/dia-da-tauromaquia-pretende-que-se-valorize-todos-esses-valores-da-tauromaquia-e-que-tenha-as-portas-abertas-a-qualquer-pessoa\\\/#primaryimage\",\"url\":\"https:\\\/\\\/infocul.pt\\\/arquivo\\\/wp-content\\\/uploads\\\/2020\\\/02\\\/87271812_229401734914909_2864080176625483776_n-scaled.jpg\",\"contentUrl\":\"https:\\\/\\\/infocul.pt\\\/arquivo\\\/wp-content\\\/uploads\\\/2020\\\/02\\\/87271812_229401734914909_2864080176625483776_n-scaled.jpg\",\"width\":1024,\"height\":683},{\"@type\":\"BreadcrumbList\",\"@id\":\"https:\\\/\\\/infocul.pt\\\/arquivo\\\/cultura\\\/dia-da-tauromaquia-pretende-que-se-valorize-todos-esses-valores-da-tauromaquia-e-que-tenha-as-portas-abertas-a-qualquer-pessoa\\\/#breadcrumb\",\"itemListElement\":[{\"@type\":\"ListItem\",\"position\":1,\"name\":\"Home\",\"item\":\"https:\\\/\\\/infocul.pt\\\/arquivo\\\/\"},{\"@type\":\"ListItem\",\"position\":2,\"name\":\"Dia da Tauromaquia pretende que se \u201cvalorize todos esses valores da tauromaquia e que tenha as portas abertas a qualquer pessoa\u201d\"}]},{\"@type\":\"WebSite\",\"@id\":\"https:\\\/\\\/infocul.pt\\\/arquivo\\\/#website\",\"url\":\"https:\\\/\\\/infocul.pt\\\/arquivo\\\/\",\"name\":\"Infocul.pt - Arquivo Digital\",\"description\":\"Arquivo digital da Infocul.pt\",\"publisher\":{\"@id\":\"https:\\\/\\\/infocul.pt\\\/arquivo\\\/#organization\"},\"potentialAction\":[{\"@type\":\"SearchAction\",\"target\":{\"@type\":\"EntryPoint\",\"urlTemplate\":\"https:\\\/\\\/infocul.pt\\\/arquivo\\\/?s={search_term_string}\"},\"query-input\":{\"@type\":\"PropertyValueSpecification\",\"valueRequired\":true,\"valueName\":\"search_term_string\"}}],\"inLanguage\":\"pt-PT\"},{\"@type\":\"Organization\",\"@id\":\"https:\\\/\\\/infocul.pt\\\/arquivo\\\/#organization\",\"name\":\"Infocul.pt\",\"url\":\"https:\\\/\\\/infocul.pt\\\/arquivo\\\/\",\"logo\":{\"@type\":\"ImageObject\",\"inLanguage\":\"pt-PT\",\"@id\":\"https:\\\/\\\/infocul.pt\\\/arquivo\\\/#\\\/schema\\\/logo\\\/image\\\/\",\"url\":\"https:\\\/\\\/infocul.pt\\\/arquivo\\\/wp-content\\\/uploads\\\/2018\\\/12\\\/Infocul_logo-1.png\",\"contentUrl\":\"https:\\\/\\\/infocul.pt\\\/arquivo\\\/wp-content\\\/uploads\\\/2018\\\/12\\\/Infocul_logo-1.png\",\"width\":800,\"height\":800,\"caption\":\"Infocul.pt\"},\"image\":{\"@id\":\"https:\\\/\\\/infocul.pt\\\/arquivo\\\/#\\\/schema\\\/logo\\\/image\\\/\"},\"sameAs\":[\"https:\\\/\\\/www.facebook.com\\\/Infocul-147816815585015\\\/\",\"https:\\\/\\\/x.com\\\/Infoculpt\",\"http:\\\/\\\/www.pictaram.com\\\/user\\\/infocul.pt\\\/2370423710\",\"https:\\\/\\\/www.youtube.com\\\/channel\\\/UCYEB91AGI9FL9ek2i_IaQAA\"]},{\"@type\":\"Person\",\"@id\":\"https:\\\/\\\/infocul.pt\\\/arquivo\\\/#\\\/schema\\\/person\\\/060a108d7f2d85fc6aae505119ee5234\",\"name\":\"Rui Lavrador\",\"image\":{\"@type\":\"ImageObject\",\"inLanguage\":\"pt-PT\",\"@id\":\"https:\\\/\\\/secure.gravatar.com\\\/avatar\\\/93febd6873394aa8e975148548a0cb203acfdd42d2c85c5f1408e1a76678aece?s=96&d=mm&r=g\",\"url\":\"https:\\\/\\\/secure.gravatar.com\\\/avatar\\\/93febd6873394aa8e975148548a0cb203acfdd42d2c85c5f1408e1a76678aece?s=96&d=mm&r=g\",\"contentUrl\":\"https:\\\/\\\/secure.gravatar.com\\\/avatar\\\/93febd6873394aa8e975148548a0cb203acfdd42d2c85c5f1408e1a76678aece?s=96&d=mm&r=g\",\"caption\":\"Rui Lavrador\"},\"description\":\"Iniciou em 2011 o seu percurso em comunica\u00e7\u00e3o social, tendo integrado v\u00e1rios projectos editoriais. Durante o seu percurso integrou projectos como Jornal Hardm\u00fasica, LusoNot\u00edcias, Toureio.pt, ODigital.pt, entre outros \u00d3rg\u00e3os de Comunica\u00e7\u00e3o Social nacionais, na redac\u00e7\u00e3o de v\u00e1rios artigos. Entrevistou a grande maioria das personalidades mais importantes da vida social e cultural do pa\u00eds, destacando-se, tamb\u00e9m, na aprecia\u00e7\u00e3o de v\u00e1rios espect\u00e1culos. Durante o seu percurso, deu a conhecer v\u00e1rios artistas, at\u00e9 ent\u00e3o desconhecidos, ao grande p\u00fablico. Em 2015 criou e fundou o Infocul.pt, projecto no qual assume a direc\u00e7\u00e3o editorial.\",\"sameAs\":[\"http:\\\/\\\/www.infocul.pt\"]}]}<\/script>\n<!-- \/ Yoast SEO plugin. -->","yoast_head_json":{"title":"Dia da Tauromaquia pretende que se \u201cvalorize todos esses valores da tauromaquia e que tenha as portas abertas a qualquer pessoa\u201d | Infocul.pt - Arquivo Digital","description":"Dia da Tauromaquia pretende que se \u201cvalorize todos esses valores da tauromaquia e que tenha as portas abertas a qualquer pessoa\u201d | Infocul.pt - Arquivo Digital","robots":{"index":"noindex","follow":"follow","max-snippet":"max-snippet:-1","max-image-preview":"max-image-preview:large","max-video-preview":"max-video-preview:-1"},"og_locale":"pt_PT","og_type":"article","og_title":"Dia da Tauromaquia pretende que se \u201cvalorize todos esses valores da tauromaquia e que tenha as portas abertas a qualquer pessoa\u201d | Infocul.pt - Arquivo Digital","og_description":"Dia da Tauromaquia pretende que se \u201cvalorize todos esses valores da tauromaquia e que tenha as portas abertas a qualquer pessoa\u201d | Infocul.pt - Arquivo Digital","og_url":"https:\/\/infocul.pt\/arquivo\/cultura\/dia-da-tauromaquia-pretende-que-se-valorize-todos-esses-valores-da-tauromaquia-e-que-tenha-as-portas-abertas-a-qualquer-pessoa\/","og_site_name":"Infocul.pt - Arquivo Digital","article_publisher":"https:\/\/www.facebook.com\/Infocul-147816815585015\/","article_published_time":"2020-02-21T01:04:02+00:00","og_image":[{"width":1024,"height":683,"url":"https:\/\/infocul.pt\/arquivo\/wp-content\/uploads\/2020\/02\/87271812_229401734914909_2864080176625483776_n-scaled.jpg","type":"image\/jpeg"}],"author":"Rui Lavrador","twitter_card":"summary_large_image","twitter_creator":"@Infoculpt","twitter_site":"@Infoculpt","twitter_misc":{"Escrito por":"Rui Lavrador","Tempo estimado de leitura":"3 minutos"},"schema":{"@context":"https:\/\/schema.org","@graph":[{"@type":"Article","@id":"https:\/\/infocul.pt\/arquivo\/cultura\/dia-da-tauromaquia-pretende-que-se-valorize-todos-esses-valores-da-tauromaquia-e-que-tenha-as-portas-abertas-a-qualquer-pessoa\/#article","isPartOf":{"@id":"https:\/\/infocul.pt\/arquivo\/cultura\/dia-da-tauromaquia-pretende-que-se-valorize-todos-esses-valores-da-tauromaquia-e-que-tenha-as-portas-abertas-a-qualquer-pessoa\/"},"author":{"name":"Rui Lavrador","@id":"https:\/\/infocul.pt\/arquivo\/#\/schema\/person\/060a108d7f2d85fc6aae505119ee5234"},"headline":"Dia da Tauromaquia pretende que se \u201cvalorize todos esses valores da tauromaquia e que tenha as portas abertas a qualquer pessoa\u201d","datePublished":"2020-02-21T01:04:02+00:00","mainEntityOfPage":{"@id":"https:\/\/infocul.pt\/arquivo\/cultura\/dia-da-tauromaquia-pretende-que-se-valorize-todos-esses-valores-da-tauromaquia-e-que-tenha-as-portas-abertas-a-qualquer-pessoa\/"},"wordCount":578,"commentCount":0,"publisher":{"@id":"https:\/\/infocul.pt\/arquivo\/#organization"},"image":{"@id":"https:\/\/infocul.pt\/arquivo\/cultura\/dia-da-tauromaquia-pretende-que-se-valorize-todos-esses-valores-da-tauromaquia-e-que-tenha-as-portas-abertas-a-qualquer-pessoa\/#primaryimage"},"thumbnailUrl":"https:\/\/infocul.pt\/arquivo\/wp-content\/uploads\/2020\/02\/87271812_229401734914909_2864080176625483776_n-scaled.jpg","keywords":["Campo Pequeno","Dia da Tauromaquia","Lisboa"],"articleSection":["Cultura","Destaque","Reportagens","Tauromaquia"],"inLanguage":"pt-PT"},{"@type":"WebPage","@id":"https:\/\/infocul.pt\/arquivo\/cultura\/dia-da-tauromaquia-pretende-que-se-valorize-todos-esses-valores-da-tauromaquia-e-que-tenha-as-portas-abertas-a-qualquer-pessoa\/","url":"https:\/\/infocul.pt\/arquivo\/cultura\/dia-da-tauromaquia-pretende-que-se-valorize-todos-esses-valores-da-tauromaquia-e-que-tenha-as-portas-abertas-a-qualquer-pessoa\/","name":"Dia da Tauromaquia pretende que se \u201cvalorize todos esses valores da tauromaquia e que tenha as portas abertas a qualquer pessoa\u201d | Infocul.pt - Arquivo Digital","isPartOf":{"@id":"https:\/\/infocul.pt\/arquivo\/#website"},"primaryImageOfPage":{"@id":"https:\/\/infocul.pt\/arquivo\/cultura\/dia-da-tauromaquia-pretende-que-se-valorize-todos-esses-valores-da-tauromaquia-e-que-tenha-as-portas-abertas-a-qualquer-pessoa\/#primaryimage"},"image":{"@id":"https:\/\/infocul.pt\/arquivo\/cultura\/dia-da-tauromaquia-pretende-que-se-valorize-todos-esses-valores-da-tauromaquia-e-que-tenha-as-portas-abertas-a-qualquer-pessoa\/#primaryimage"},"thumbnailUrl":"https:\/\/infocul.pt\/arquivo\/wp-content\/uploads\/2020\/02\/87271812_229401734914909_2864080176625483776_n-scaled.jpg","datePublished":"2020-02-21T01:04:02+00:00","description":"Dia da Tauromaquia pretende que se \u201cvalorize todos esses valores da tauromaquia e que tenha as portas abertas a qualquer pessoa\u201d | Infocul.pt - Arquivo Digital","breadcrumb":{"@id":"https:\/\/infocul.pt\/arquivo\/cultura\/dia-da-tauromaquia-pretende-que-se-valorize-todos-esses-valores-da-tauromaquia-e-que-tenha-as-portas-abertas-a-qualquer-pessoa\/#breadcrumb"},"inLanguage":"pt-PT","potentialAction":[{"@type":"ReadAction","target":["https:\/\/infocul.pt\/arquivo\/cultura\/dia-da-tauromaquia-pretende-que-se-valorize-todos-esses-valores-da-tauromaquia-e-que-tenha-as-portas-abertas-a-qualquer-pessoa\/"]}]},{"@type":"ImageObject","inLanguage":"pt-PT","@id":"https:\/\/infocul.pt\/arquivo\/cultura\/dia-da-tauromaquia-pretende-que-se-valorize-todos-esses-valores-da-tauromaquia-e-que-tenha-as-portas-abertas-a-qualquer-pessoa\/#primaryimage","url":"https:\/\/infocul.pt\/arquivo\/wp-content\/uploads\/2020\/02\/87271812_229401734914909_2864080176625483776_n-scaled.jpg","contentUrl":"https:\/\/infocul.pt\/arquivo\/wp-content\/uploads\/2020\/02\/87271812_229401734914909_2864080176625483776_n-scaled.jpg","width":1024,"height":683},{"@type":"BreadcrumbList","@id":"https:\/\/infocul.pt\/arquivo\/cultura\/dia-da-tauromaquia-pretende-que-se-valorize-todos-esses-valores-da-tauromaquia-e-que-tenha-as-portas-abertas-a-qualquer-pessoa\/#breadcrumb","itemListElement":[{"@type":"ListItem","position":1,"name":"Home","item":"https:\/\/infocul.pt\/arquivo\/"},{"@type":"ListItem","position":2,"name":"Dia da Tauromaquia pretende que se \u201cvalorize todos esses valores da tauromaquia e que tenha as portas abertas a qualquer pessoa\u201d"}]},{"@type":"WebSite","@id":"https:\/\/infocul.pt\/arquivo\/#website","url":"https:\/\/infocul.pt\/arquivo\/","name":"Infocul.pt - Arquivo Digital","description":"Arquivo digital da Infocul.pt","publisher":{"@id":"https:\/\/infocul.pt\/arquivo\/#organization"},"potentialAction":[{"@type":"SearchAction","target":{"@type":"EntryPoint","urlTemplate":"https:\/\/infocul.pt\/arquivo\/?s={search_term_string}"},"query-input":{"@type":"PropertyValueSpecification","valueRequired":true,"valueName":"search_term_string"}}],"inLanguage":"pt-PT"},{"@type":"Organization","@id":"https:\/\/infocul.pt\/arquivo\/#organization","name":"Infocul.pt","url":"https:\/\/infocul.pt\/arquivo\/","logo":{"@type":"ImageObject","inLanguage":"pt-PT","@id":"https:\/\/infocul.pt\/arquivo\/#\/schema\/logo\/image\/","url":"https:\/\/infocul.pt\/arquivo\/wp-content\/uploads\/2018\/12\/Infocul_logo-1.png","contentUrl":"https:\/\/infocul.pt\/arquivo\/wp-content\/uploads\/2018\/12\/Infocul_logo-1.png","width":800,"height":800,"caption":"Infocul.pt"},"image":{"@id":"https:\/\/infocul.pt\/arquivo\/#\/schema\/logo\/image\/"},"sameAs":["https:\/\/www.facebook.com\/Infocul-147816815585015\/","https:\/\/x.com\/Infoculpt","http:\/\/www.pictaram.com\/user\/infocul.pt\/2370423710","https:\/\/www.youtube.com\/channel\/UCYEB91AGI9FL9ek2i_IaQAA"]},{"@type":"Person","@id":"https:\/\/infocul.pt\/arquivo\/#\/schema\/person\/060a108d7f2d85fc6aae505119ee5234","name":"Rui Lavrador","image":{"@type":"ImageObject","inLanguage":"pt-PT","@id":"https:\/\/secure.gravatar.com\/avatar\/93febd6873394aa8e975148548a0cb203acfdd42d2c85c5f1408e1a76678aece?s=96&d=mm&r=g","url":"https:\/\/secure.gravatar.com\/avatar\/93febd6873394aa8e975148548a0cb203acfdd42d2c85c5f1408e1a76678aece?s=96&d=mm&r=g","contentUrl":"https:\/\/secure.gravatar.com\/avatar\/93febd6873394aa8e975148548a0cb203acfdd42d2c85c5f1408e1a76678aece?s=96&d=mm&r=g","caption":"Rui Lavrador"},"description":"Iniciou em 2011 o seu percurso em comunica\u00e7\u00e3o social, tendo integrado v\u00e1rios projectos editoriais. Durante o seu percurso integrou projectos como Jornal Hardm\u00fasica, LusoNot\u00edcias, Toureio.pt, ODigital.pt, entre outros \u00d3rg\u00e3os de Comunica\u00e7\u00e3o Social nacionais, na redac\u00e7\u00e3o de v\u00e1rios artigos. Entrevistou a grande maioria das personalidades mais importantes da vida social e cultural do pa\u00eds, destacando-se, tamb\u00e9m, na aprecia\u00e7\u00e3o de v\u00e1rios espect\u00e1culos. Durante o seu percurso, deu a conhecer v\u00e1rios artistas, at\u00e9 ent\u00e3o desconhecidos, ao grande p\u00fablico. Em 2015 criou e fundou o Infocul.pt, projecto no qual assume a direc\u00e7\u00e3o editorial.","sameAs":["http:\/\/www.infocul.pt"]}]}},"_links":{"self":[{"href":"https:\/\/infocul.pt\/arquivo\/wp-json\/wp\/v2\/posts\/66929","targetHints":{"allow":["GET"]}}],"collection":[{"href":"https:\/\/infocul.pt\/arquivo\/wp-json\/wp\/v2\/posts"}],"about":[{"href":"https:\/\/infocul.pt\/arquivo\/wp-json\/wp\/v2\/types\/post"}],"author":[{"embeddable":true,"href":"https:\/\/infocul.pt\/arquivo\/wp-json\/wp\/v2\/users\/2"}],"replies":[{"embeddable":true,"href":"https:\/\/infocul.pt\/arquivo\/wp-json\/wp\/v2\/comments?post=66929"}],"version-history":[{"count":0,"href":"https:\/\/infocul.pt\/arquivo\/wp-json\/wp\/v2\/posts\/66929\/revisions"}],"wp:featuredmedia":[{"embeddable":true,"href":"https:\/\/infocul.pt\/arquivo\/wp-json\/wp\/v2\/media\/66941"}],"wp:attachment":[{"href":"https:\/\/infocul.pt\/arquivo\/wp-json\/wp\/v2\/media?parent=66929"}],"wp:term":[{"taxonomy":"category","embeddable":true,"href":"https:\/\/infocul.pt\/arquivo\/wp-json\/wp\/v2\/categories?post=66929"},{"taxonomy":"post_tag","embeddable":true,"href":"https:\/\/infocul.pt\/arquivo\/wp-json\/wp\/v2\/tags?post=66929"}],"curies":[{"name":"wp","href":"https:\/\/api.w.org\/{rel}","templated":true}]}}