{"id":66936,"date":"2020-02-21T01:00:46","date_gmt":"2020-02-21T01:00:46","guid":{"rendered":"https:\/\/infocul.pt\/?p=66936"},"modified":"2020-02-21T01:00:46","modified_gmt":"2020-02-21T01:00:46","slug":"protoiro-reunioes-sao-privadas-e-do-foro-dos-seus-intervenientes-e-portanto-sao-reveladas-publicas-as-informacoes-que-sao-relevantes","status":"publish","type":"post","link":"https:\/\/infocul.pt\/arquivo\/cultura\/protoiro-reunioes-sao-privadas-e-do-foro-dos-seus-intervenientes-e-portanto-sao-reveladas-publicas-as-informacoes-que-sao-relevantes\/","title":{"rendered":"Pr\u00f3toiro: Reuni\u00f5es &#8220;s\u00e3o privadas e do foro dos seus intervenientes e portanto s\u00e3o reveladas p\u00fablicas as informa\u00e7\u00f5es que s\u00e3o relevantes&#8221;"},"content":{"rendered":"<figure id=\"attachment_66939\" aria-describedby=\"caption-attachment-66939\" style=\"width: 960px\" class=\"wp-caption aligncenter\"><img decoding=\"async\" class=\"wp-image-66939 size-full lazyload\" data-src=\"https:\/\/infocul.pt\/arquivo\/wp-content\/uploads\/2020\/02\/87055259_3216046538409612_2192335209788080128_n.jpg\" alt=\"\" width=\"960\" height=\"744\" data-srcset=\"https:\/\/infocul.pt\/arquivo\/wp-content\/uploads\/2020\/02\/87055259_3216046538409612_2192335209788080128_n.jpg 960w, https:\/\/infocul.pt\/arquivo\/wp-content\/uploads\/2020\/02\/87055259_3216046538409612_2192335209788080128_n-300x233.jpg 300w, https:\/\/infocul.pt\/arquivo\/wp-content\/uploads\/2020\/02\/87055259_3216046538409612_2192335209788080128_n-768x595.jpg 768w\" data-sizes=\"(max-width: 960px) 100vw, 960px\" src=\"data:image\/svg+xml;base64,PHN2ZyB3aWR0aD0iMSIgaGVpZ2h0PSIxIiB4bWxucz0iaHR0cDovL3d3dy53My5vcmcvMjAwMC9zdmciPjwvc3ZnPg==\" style=\"--smush-placeholder-width: 960px; --smush-placeholder-aspect-ratio: 960\/744;\" \/><figcaption id=\"caption-attachment-66939\" class=\"wp-caption-text\">Toureio.pt<\/figcaption><\/figure>\n<p>Com a tauromaquia debaixo de fogo, situa\u00e7\u00e3o do Campo Pequeno e o aumento do IVA nas Touradas para os 23%, a Pr\u00f3toiro tem sido criticada por alguns agentes do meio e tamb\u00e9m por parte da imprensa e aficionados.<!--more--><\/p>\n<p>Muitas dessa cr\u00edticas prendem-se com a n\u00e3o visibilidade do trabalho da federa\u00e7\u00e3o que tem por objectivo defender a tauromaquia.<\/p>\n<p>Sobre o n\u00e3o acesso dos \u00f3rg\u00e3os de comunica\u00e7\u00e3o social a estas informa\u00e7\u00f5es (do trabalho realizado) Helder Milheiro diz que \u201c<i><b>n<\/b><\/i><i><b>\u00e3o h\u00e1 bloqueio nenhum. Os media s\u00e3o livres de analisarem e informarem aquilo que quiserem<\/b><\/i>\u201d.<\/p>\n<p>Explicou que \u201c<i><b>q<\/b><\/i><i><b>uanto \u00e0s reuni\u00f5es da Pr\u00f3toiro, elas s\u00e3o privadas e do foro dos seus intervenientes e portanto s\u00e3o reveladas p\u00fablicas as informa\u00e7\u00f5es que s\u00e3o relevantes e que achamos adequadas a sua revela\u00e7\u00e3o<\/b><\/i>\u201d.<\/p>\n<p>Acrescentou ainda que \u201c<i><b>r<\/b><\/i><i><b>elativamente a outras ac\u00e7\u00f5es privadas ou de lobbie que fa\u00e7amos, tamb\u00e9m vamos comunicando aquilo que achamos que \u00e9 adequado. Quando falamos de uma actividade em que n\u00e3o temos nenhum tipo de oposi\u00e7\u00e3o ou de ataque, podemos revelar muita coisa<\/b><\/i>\u201d.<\/p>\n<p>Contudo, \u201c<i><b>q<\/b><\/i><i><b>uando temos um outro lado, que se souber essa informa\u00e7\u00e3o, vai destruir o trabalho que est\u00e1 a ser feito, significa que temos de ter uma grande consci\u00eancia de reserva de informa\u00e7\u00e3o at\u00e9 ao momento em que ela possa ser revelada. T\u00e3o simples quanto isso. A Pr\u00f3toiro aquilo que procura \u00e9 comunicar com todos, tem feito continuamente. Est\u00e1 sempre pronta para responder \u00e0s perguntas<\/b><\/i>\u201d.<\/p>\n","protected":false},"excerpt":{"rendered":"<p>Com a tauromaquia debaixo de fogo, situa\u00e7\u00e3o do Campo Pequeno e o aumento do IVA nas Touradas para os 23%, a Pr\u00f3toiro tem sido criticada por alguns agentes do meio e tamb\u00e9m por parte da imprensa e aficionados.<\/p>\n","protected":false},"author":2,"featured_media":66939,"comment_status":"open","ping_status":"closed","sticky":false,"template":"","format":"standard","meta":{"footnotes":""},"categories":[2,36,7],"tags":[5377,4076,160],"class_list":["post-66936","post","type-post","status-publish","format-standard","has-post-thumbnail","hentry","category-cultura","category-destaque","category-tauromaquia","tag-helder-milheiro","tag-protoiro","tag-tauromaquia"],"yoast_head":"<!-- This site is optimized with the Yoast SEO plugin v27.4 - https:\/\/yoast.com\/product\/yoast-seo-wordpress\/ -->\n<title>Pr\u00f3toiro: Reuni\u00f5es &quot;s\u00e3o privadas e do foro dos seus intervenientes e portanto s\u00e3o reveladas p\u00fablicas as informa\u00e7\u00f5es que s\u00e3o relevantes&quot; | Infocul.pt - Arquivo Digital<\/title>\n<meta name=\"description\" content=\"Pr\u00f3toiro: Reuni\u00f5es &quot;s\u00e3o privadas e do foro dos seus intervenientes e portanto s\u00e3o reveladas p\u00fablicas as informa\u00e7\u00f5es que s\u00e3o relevantes&quot; | Infocul.pt - Arquivo Digital\" \/>\n<meta name=\"robots\" content=\"noindex, follow, max-snippet:-1, max-image-preview:large, max-video-preview:-1\" \/>\n<meta property=\"og:locale\" content=\"pt_PT\" \/>\n<meta property=\"og:type\" content=\"article\" \/>\n<meta property=\"og:title\" content=\"Pr\u00f3toiro: Reuni\u00f5es &quot;s\u00e3o privadas e do foro dos seus intervenientes e portanto s\u00e3o reveladas p\u00fablicas as informa\u00e7\u00f5es que s\u00e3o relevantes&quot; | Infocul.pt - Arquivo Digital\" \/>\n<meta property=\"og:description\" content=\"Pr\u00f3toiro: Reuni\u00f5es &quot;s\u00e3o privadas e do foro dos seus intervenientes e portanto s\u00e3o reveladas p\u00fablicas as informa\u00e7\u00f5es que s\u00e3o relevantes&quot; | Infocul.pt - Arquivo Digital\" \/>\n<meta property=\"og:url\" content=\"https:\/\/infocul.pt\/arquivo\/cultura\/protoiro-reunioes-sao-privadas-e-do-foro-dos-seus-intervenientes-e-portanto-sao-reveladas-publicas-as-informacoes-que-sao-relevantes\/\" \/>\n<meta property=\"og:site_name\" content=\"Infocul.pt - Arquivo Digital\" \/>\n<meta property=\"article:publisher\" content=\"https:\/\/www.facebook.com\/Infocul-147816815585015\/\" \/>\n<meta property=\"article:published_time\" content=\"2020-02-21T01:00:46+00:00\" \/>\n<meta property=\"og:image\" content=\"https:\/\/infocul.pt\/arquivo\/wp-content\/uploads\/2020\/02\/87055259_3216046538409612_2192335209788080128_n.jpg\" \/>\n\t<meta property=\"og:image:width\" content=\"960\" \/>\n\t<meta property=\"og:image:height\" content=\"744\" \/>\n\t<meta property=\"og:image:type\" content=\"image\/jpeg\" \/>\n<meta name=\"author\" content=\"Rui Lavrador\" \/>\n<meta name=\"twitter:card\" content=\"summary_large_image\" \/>\n<meta name=\"twitter:creator\" content=\"@Infoculpt\" \/>\n<meta name=\"twitter:site\" content=\"@Infoculpt\" \/>\n<meta name=\"twitter:label1\" content=\"Escrito por\" \/>\n\t<meta name=\"twitter:data1\" content=\"Rui Lavrador\" \/>\n\t<meta name=\"twitter:label2\" content=\"Tempo estimado de leitura\" \/>\n\t<meta name=\"twitter:data2\" content=\"1 minuto\" \/>\n<script type=\"application\/ld+json\" class=\"yoast-schema-graph\">{\"@context\":\"https:\\\/\\\/schema.org\",\"@graph\":[{\"@type\":\"Article\",\"@id\":\"https:\\\/\\\/infocul.pt\\\/arquivo\\\/cultura\\\/protoiro-reunioes-sao-privadas-e-do-foro-dos-seus-intervenientes-e-portanto-sao-reveladas-publicas-as-informacoes-que-sao-relevantes\\\/#article\",\"isPartOf\":{\"@id\":\"https:\\\/\\\/infocul.pt\\\/arquivo\\\/cultura\\\/protoiro-reunioes-sao-privadas-e-do-foro-dos-seus-intervenientes-e-portanto-sao-reveladas-publicas-as-informacoes-que-sao-relevantes\\\/\"},\"author\":{\"name\":\"Rui Lavrador\",\"@id\":\"https:\\\/\\\/infocul.pt\\\/arquivo\\\/#\\\/schema\\\/person\\\/060a108d7f2d85fc6aae505119ee5234\"},\"headline\":\"Pr\u00f3toiro: Reuni\u00f5es &#8220;s\u00e3o privadas e do foro dos seus intervenientes e portanto s\u00e3o reveladas p\u00fablicas as informa\u00e7\u00f5es que s\u00e3o relevantes&#8221;\",\"datePublished\":\"2020-02-21T01:00:46+00:00\",\"mainEntityOfPage\":{\"@id\":\"https:\\\/\\\/infocul.pt\\\/arquivo\\\/cultura\\\/protoiro-reunioes-sao-privadas-e-do-foro-dos-seus-intervenientes-e-portanto-sao-reveladas-publicas-as-informacoes-que-sao-relevantes\\\/\"},\"wordCount\":296,\"commentCount\":0,\"publisher\":{\"@id\":\"https:\\\/\\\/infocul.pt\\\/arquivo\\\/#organization\"},\"image\":{\"@id\":\"https:\\\/\\\/infocul.pt\\\/arquivo\\\/cultura\\\/protoiro-reunioes-sao-privadas-e-do-foro-dos-seus-intervenientes-e-portanto-sao-reveladas-publicas-as-informacoes-que-sao-relevantes\\\/#primaryimage\"},\"thumbnailUrl\":\"https:\\\/\\\/infocul.pt\\\/arquivo\\\/wp-content\\\/uploads\\\/2020\\\/02\\\/87055259_3216046538409612_2192335209788080128_n.jpg\",\"keywords\":[\"Helder Milheiro\",\"Pr\u00f3toiro\",\"Tauromaquia\"],\"articleSection\":[\"Cultura\",\"Destaque\",\"Tauromaquia\"],\"inLanguage\":\"pt-PT\"},{\"@type\":\"WebPage\",\"@id\":\"https:\\\/\\\/infocul.pt\\\/arquivo\\\/cultura\\\/protoiro-reunioes-sao-privadas-e-do-foro-dos-seus-intervenientes-e-portanto-sao-reveladas-publicas-as-informacoes-que-sao-relevantes\\\/\",\"url\":\"https:\\\/\\\/infocul.pt\\\/arquivo\\\/cultura\\\/protoiro-reunioes-sao-privadas-e-do-foro-dos-seus-intervenientes-e-portanto-sao-reveladas-publicas-as-informacoes-que-sao-relevantes\\\/\",\"name\":\"Pr\u00f3toiro: Reuni\u00f5es \\\"s\u00e3o privadas e do foro dos seus intervenientes e portanto s\u00e3o reveladas p\u00fablicas as informa\u00e7\u00f5es que s\u00e3o relevantes\\\" | Infocul.pt - Arquivo Digital\",\"isPartOf\":{\"@id\":\"https:\\\/\\\/infocul.pt\\\/arquivo\\\/#website\"},\"primaryImageOfPage\":{\"@id\":\"https:\\\/\\\/infocul.pt\\\/arquivo\\\/cultura\\\/protoiro-reunioes-sao-privadas-e-do-foro-dos-seus-intervenientes-e-portanto-sao-reveladas-publicas-as-informacoes-que-sao-relevantes\\\/#primaryimage\"},\"image\":{\"@id\":\"https:\\\/\\\/infocul.pt\\\/arquivo\\\/cultura\\\/protoiro-reunioes-sao-privadas-e-do-foro-dos-seus-intervenientes-e-portanto-sao-reveladas-publicas-as-informacoes-que-sao-relevantes\\\/#primaryimage\"},\"thumbnailUrl\":\"https:\\\/\\\/infocul.pt\\\/arquivo\\\/wp-content\\\/uploads\\\/2020\\\/02\\\/87055259_3216046538409612_2192335209788080128_n.jpg\",\"datePublished\":\"2020-02-21T01:00:46+00:00\",\"description\":\"Pr\u00f3toiro: Reuni\u00f5es \\\"s\u00e3o privadas e do foro dos seus intervenientes e portanto s\u00e3o reveladas p\u00fablicas as informa\u00e7\u00f5es que s\u00e3o relevantes\\\" | Infocul.pt - Arquivo Digital\",\"breadcrumb\":{\"@id\":\"https:\\\/\\\/infocul.pt\\\/arquivo\\\/cultura\\\/protoiro-reunioes-sao-privadas-e-do-foro-dos-seus-intervenientes-e-portanto-sao-reveladas-publicas-as-informacoes-que-sao-relevantes\\\/#breadcrumb\"},\"inLanguage\":\"pt-PT\",\"potentialAction\":[{\"@type\":\"ReadAction\",\"target\":[\"https:\\\/\\\/infocul.pt\\\/arquivo\\\/cultura\\\/protoiro-reunioes-sao-privadas-e-do-foro-dos-seus-intervenientes-e-portanto-sao-reveladas-publicas-as-informacoes-que-sao-relevantes\\\/\"]}]},{\"@type\":\"ImageObject\",\"inLanguage\":\"pt-PT\",\"@id\":\"https:\\\/\\\/infocul.pt\\\/arquivo\\\/cultura\\\/protoiro-reunioes-sao-privadas-e-do-foro-dos-seus-intervenientes-e-portanto-sao-reveladas-publicas-as-informacoes-que-sao-relevantes\\\/#primaryimage\",\"url\":\"https:\\\/\\\/infocul.pt\\\/arquivo\\\/wp-content\\\/uploads\\\/2020\\\/02\\\/87055259_3216046538409612_2192335209788080128_n.jpg\",\"contentUrl\":\"https:\\\/\\\/infocul.pt\\\/arquivo\\\/wp-content\\\/uploads\\\/2020\\\/02\\\/87055259_3216046538409612_2192335209788080128_n.jpg\",\"width\":960,\"height\":744},{\"@type\":\"BreadcrumbList\",\"@id\":\"https:\\\/\\\/infocul.pt\\\/arquivo\\\/cultura\\\/protoiro-reunioes-sao-privadas-e-do-foro-dos-seus-intervenientes-e-portanto-sao-reveladas-publicas-as-informacoes-que-sao-relevantes\\\/#breadcrumb\",\"itemListElement\":[{\"@type\":\"ListItem\",\"position\":1,\"name\":\"Home\",\"item\":\"https:\\\/\\\/infocul.pt\\\/arquivo\\\/\"},{\"@type\":\"ListItem\",\"position\":2,\"name\":\"Pr\u00f3toiro: Reuni\u00f5es &#8220;s\u00e3o privadas e do foro dos seus intervenientes e portanto s\u00e3o reveladas p\u00fablicas as informa\u00e7\u00f5es que s\u00e3o relevantes&#8221;\"}]},{\"@type\":\"WebSite\",\"@id\":\"https:\\\/\\\/infocul.pt\\\/arquivo\\\/#website\",\"url\":\"https:\\\/\\\/infocul.pt\\\/arquivo\\\/\",\"name\":\"Infocul.pt - Arquivo Digital\",\"description\":\"Arquivo digital da Infocul.pt\",\"publisher\":{\"@id\":\"https:\\\/\\\/infocul.pt\\\/arquivo\\\/#organization\"},\"potentialAction\":[{\"@type\":\"SearchAction\",\"target\":{\"@type\":\"EntryPoint\",\"urlTemplate\":\"https:\\\/\\\/infocul.pt\\\/arquivo\\\/?s={search_term_string}\"},\"query-input\":{\"@type\":\"PropertyValueSpecification\",\"valueRequired\":true,\"valueName\":\"search_term_string\"}}],\"inLanguage\":\"pt-PT\"},{\"@type\":\"Organization\",\"@id\":\"https:\\\/\\\/infocul.pt\\\/arquivo\\\/#organization\",\"name\":\"Infocul.pt\",\"url\":\"https:\\\/\\\/infocul.pt\\\/arquivo\\\/\",\"logo\":{\"@type\":\"ImageObject\",\"inLanguage\":\"pt-PT\",\"@id\":\"https:\\\/\\\/infocul.pt\\\/arquivo\\\/#\\\/schema\\\/logo\\\/image\\\/\",\"url\":\"https:\\\/\\\/infocul.pt\\\/arquivo\\\/wp-content\\\/uploads\\\/2018\\\/12\\\/Infocul_logo-1.png\",\"contentUrl\":\"https:\\\/\\\/infocul.pt\\\/arquivo\\\/wp-content\\\/uploads\\\/2018\\\/12\\\/Infocul_logo-1.png\",\"width\":800,\"height\":800,\"caption\":\"Infocul.pt\"},\"image\":{\"@id\":\"https:\\\/\\\/infocul.pt\\\/arquivo\\\/#\\\/schema\\\/logo\\\/image\\\/\"},\"sameAs\":[\"https:\\\/\\\/www.facebook.com\\\/Infocul-147816815585015\\\/\",\"https:\\\/\\\/x.com\\\/Infoculpt\",\"http:\\\/\\\/www.pictaram.com\\\/user\\\/infocul.pt\\\/2370423710\",\"https:\\\/\\\/www.youtube.com\\\/channel\\\/UCYEB91AGI9FL9ek2i_IaQAA\"]},{\"@type\":\"Person\",\"@id\":\"https:\\\/\\\/infocul.pt\\\/arquivo\\\/#\\\/schema\\\/person\\\/060a108d7f2d85fc6aae505119ee5234\",\"name\":\"Rui Lavrador\",\"image\":{\"@type\":\"ImageObject\",\"inLanguage\":\"pt-PT\",\"@id\":\"https:\\\/\\\/secure.gravatar.com\\\/avatar\\\/93febd6873394aa8e975148548a0cb203acfdd42d2c85c5f1408e1a76678aece?s=96&d=mm&r=g\",\"url\":\"https:\\\/\\\/secure.gravatar.com\\\/avatar\\\/93febd6873394aa8e975148548a0cb203acfdd42d2c85c5f1408e1a76678aece?s=96&d=mm&r=g\",\"contentUrl\":\"https:\\\/\\\/secure.gravatar.com\\\/avatar\\\/93febd6873394aa8e975148548a0cb203acfdd42d2c85c5f1408e1a76678aece?s=96&d=mm&r=g\",\"caption\":\"Rui Lavrador\"},\"description\":\"Iniciou em 2011 o seu percurso em comunica\u00e7\u00e3o social, tendo integrado v\u00e1rios projectos editoriais. Durante o seu percurso integrou projectos como Jornal Hardm\u00fasica, LusoNot\u00edcias, Toureio.pt, ODigital.pt, entre outros \u00d3rg\u00e3os de Comunica\u00e7\u00e3o Social nacionais, na redac\u00e7\u00e3o de v\u00e1rios artigos. Entrevistou a grande maioria das personalidades mais importantes da vida social e cultural do pa\u00eds, destacando-se, tamb\u00e9m, na aprecia\u00e7\u00e3o de v\u00e1rios espect\u00e1culos. Durante o seu percurso, deu a conhecer v\u00e1rios artistas, at\u00e9 ent\u00e3o desconhecidos, ao grande p\u00fablico. Em 2015 criou e fundou o Infocul.pt, projecto no qual assume a direc\u00e7\u00e3o editorial.\",\"sameAs\":[\"http:\\\/\\\/www.infocul.pt\"]}]}<\/script>\n<!-- \/ Yoast SEO plugin. -->","yoast_head_json":{"title":"Pr\u00f3toiro: Reuni\u00f5es \"s\u00e3o privadas e do foro dos seus intervenientes e portanto s\u00e3o reveladas p\u00fablicas as informa\u00e7\u00f5es que s\u00e3o relevantes\" | Infocul.pt - Arquivo Digital","description":"Pr\u00f3toiro: Reuni\u00f5es \"s\u00e3o privadas e do foro dos seus intervenientes e portanto s\u00e3o reveladas p\u00fablicas as informa\u00e7\u00f5es que s\u00e3o relevantes\" | Infocul.pt - Arquivo Digital","robots":{"index":"noindex","follow":"follow","max-snippet":"max-snippet:-1","max-image-preview":"max-image-preview:large","max-video-preview":"max-video-preview:-1"},"og_locale":"pt_PT","og_type":"article","og_title":"Pr\u00f3toiro: Reuni\u00f5es \"s\u00e3o privadas e do foro dos seus intervenientes e portanto s\u00e3o reveladas p\u00fablicas as informa\u00e7\u00f5es que s\u00e3o relevantes\" | Infocul.pt - Arquivo Digital","og_description":"Pr\u00f3toiro: Reuni\u00f5es \"s\u00e3o privadas e do foro dos seus intervenientes e portanto s\u00e3o reveladas p\u00fablicas as informa\u00e7\u00f5es que s\u00e3o relevantes\" | Infocul.pt - Arquivo Digital","og_url":"https:\/\/infocul.pt\/arquivo\/cultura\/protoiro-reunioes-sao-privadas-e-do-foro-dos-seus-intervenientes-e-portanto-sao-reveladas-publicas-as-informacoes-que-sao-relevantes\/","og_site_name":"Infocul.pt - Arquivo Digital","article_publisher":"https:\/\/www.facebook.com\/Infocul-147816815585015\/","article_published_time":"2020-02-21T01:00:46+00:00","og_image":[{"width":960,"height":744,"url":"https:\/\/infocul.pt\/arquivo\/wp-content\/uploads\/2020\/02\/87055259_3216046538409612_2192335209788080128_n.jpg","type":"image\/jpeg"}],"author":"Rui Lavrador","twitter_card":"summary_large_image","twitter_creator":"@Infoculpt","twitter_site":"@Infoculpt","twitter_misc":{"Escrito por":"Rui Lavrador","Tempo estimado de leitura":"1 minuto"},"schema":{"@context":"https:\/\/schema.org","@graph":[{"@type":"Article","@id":"https:\/\/infocul.pt\/arquivo\/cultura\/protoiro-reunioes-sao-privadas-e-do-foro-dos-seus-intervenientes-e-portanto-sao-reveladas-publicas-as-informacoes-que-sao-relevantes\/#article","isPartOf":{"@id":"https:\/\/infocul.pt\/arquivo\/cultura\/protoiro-reunioes-sao-privadas-e-do-foro-dos-seus-intervenientes-e-portanto-sao-reveladas-publicas-as-informacoes-que-sao-relevantes\/"},"author":{"name":"Rui Lavrador","@id":"https:\/\/infocul.pt\/arquivo\/#\/schema\/person\/060a108d7f2d85fc6aae505119ee5234"},"headline":"Pr\u00f3toiro: Reuni\u00f5es &#8220;s\u00e3o privadas e do foro dos seus intervenientes e portanto s\u00e3o reveladas p\u00fablicas as informa\u00e7\u00f5es que s\u00e3o relevantes&#8221;","datePublished":"2020-02-21T01:00:46+00:00","mainEntityOfPage":{"@id":"https:\/\/infocul.pt\/arquivo\/cultura\/protoiro-reunioes-sao-privadas-e-do-foro-dos-seus-intervenientes-e-portanto-sao-reveladas-publicas-as-informacoes-que-sao-relevantes\/"},"wordCount":296,"commentCount":0,"publisher":{"@id":"https:\/\/infocul.pt\/arquivo\/#organization"},"image":{"@id":"https:\/\/infocul.pt\/arquivo\/cultura\/protoiro-reunioes-sao-privadas-e-do-foro-dos-seus-intervenientes-e-portanto-sao-reveladas-publicas-as-informacoes-que-sao-relevantes\/#primaryimage"},"thumbnailUrl":"https:\/\/infocul.pt\/arquivo\/wp-content\/uploads\/2020\/02\/87055259_3216046538409612_2192335209788080128_n.jpg","keywords":["Helder Milheiro","Pr\u00f3toiro","Tauromaquia"],"articleSection":["Cultura","Destaque","Tauromaquia"],"inLanguage":"pt-PT"},{"@type":"WebPage","@id":"https:\/\/infocul.pt\/arquivo\/cultura\/protoiro-reunioes-sao-privadas-e-do-foro-dos-seus-intervenientes-e-portanto-sao-reveladas-publicas-as-informacoes-que-sao-relevantes\/","url":"https:\/\/infocul.pt\/arquivo\/cultura\/protoiro-reunioes-sao-privadas-e-do-foro-dos-seus-intervenientes-e-portanto-sao-reveladas-publicas-as-informacoes-que-sao-relevantes\/","name":"Pr\u00f3toiro: Reuni\u00f5es \"s\u00e3o privadas e do foro dos seus intervenientes e portanto s\u00e3o reveladas p\u00fablicas as informa\u00e7\u00f5es que s\u00e3o relevantes\" | Infocul.pt - Arquivo Digital","isPartOf":{"@id":"https:\/\/infocul.pt\/arquivo\/#website"},"primaryImageOfPage":{"@id":"https:\/\/infocul.pt\/arquivo\/cultura\/protoiro-reunioes-sao-privadas-e-do-foro-dos-seus-intervenientes-e-portanto-sao-reveladas-publicas-as-informacoes-que-sao-relevantes\/#primaryimage"},"image":{"@id":"https:\/\/infocul.pt\/arquivo\/cultura\/protoiro-reunioes-sao-privadas-e-do-foro-dos-seus-intervenientes-e-portanto-sao-reveladas-publicas-as-informacoes-que-sao-relevantes\/#primaryimage"},"thumbnailUrl":"https:\/\/infocul.pt\/arquivo\/wp-content\/uploads\/2020\/02\/87055259_3216046538409612_2192335209788080128_n.jpg","datePublished":"2020-02-21T01:00:46+00:00","description":"Pr\u00f3toiro: Reuni\u00f5es \"s\u00e3o privadas e do foro dos seus intervenientes e portanto s\u00e3o reveladas p\u00fablicas as informa\u00e7\u00f5es que s\u00e3o relevantes\" | Infocul.pt - Arquivo Digital","breadcrumb":{"@id":"https:\/\/infocul.pt\/arquivo\/cultura\/protoiro-reunioes-sao-privadas-e-do-foro-dos-seus-intervenientes-e-portanto-sao-reveladas-publicas-as-informacoes-que-sao-relevantes\/#breadcrumb"},"inLanguage":"pt-PT","potentialAction":[{"@type":"ReadAction","target":["https:\/\/infocul.pt\/arquivo\/cultura\/protoiro-reunioes-sao-privadas-e-do-foro-dos-seus-intervenientes-e-portanto-sao-reveladas-publicas-as-informacoes-que-sao-relevantes\/"]}]},{"@type":"ImageObject","inLanguage":"pt-PT","@id":"https:\/\/infocul.pt\/arquivo\/cultura\/protoiro-reunioes-sao-privadas-e-do-foro-dos-seus-intervenientes-e-portanto-sao-reveladas-publicas-as-informacoes-que-sao-relevantes\/#primaryimage","url":"https:\/\/infocul.pt\/arquivo\/wp-content\/uploads\/2020\/02\/87055259_3216046538409612_2192335209788080128_n.jpg","contentUrl":"https:\/\/infocul.pt\/arquivo\/wp-content\/uploads\/2020\/02\/87055259_3216046538409612_2192335209788080128_n.jpg","width":960,"height":744},{"@type":"BreadcrumbList","@id":"https:\/\/infocul.pt\/arquivo\/cultura\/protoiro-reunioes-sao-privadas-e-do-foro-dos-seus-intervenientes-e-portanto-sao-reveladas-publicas-as-informacoes-que-sao-relevantes\/#breadcrumb","itemListElement":[{"@type":"ListItem","position":1,"name":"Home","item":"https:\/\/infocul.pt\/arquivo\/"},{"@type":"ListItem","position":2,"name":"Pr\u00f3toiro: Reuni\u00f5es &#8220;s\u00e3o privadas e do foro dos seus intervenientes e portanto s\u00e3o reveladas p\u00fablicas as informa\u00e7\u00f5es que s\u00e3o relevantes&#8221;"}]},{"@type":"WebSite","@id":"https:\/\/infocul.pt\/arquivo\/#website","url":"https:\/\/infocul.pt\/arquivo\/","name":"Infocul.pt - Arquivo Digital","description":"Arquivo digital da Infocul.pt","publisher":{"@id":"https:\/\/infocul.pt\/arquivo\/#organization"},"potentialAction":[{"@type":"SearchAction","target":{"@type":"EntryPoint","urlTemplate":"https:\/\/infocul.pt\/arquivo\/?s={search_term_string}"},"query-input":{"@type":"PropertyValueSpecification","valueRequired":true,"valueName":"search_term_string"}}],"inLanguage":"pt-PT"},{"@type":"Organization","@id":"https:\/\/infocul.pt\/arquivo\/#organization","name":"Infocul.pt","url":"https:\/\/infocul.pt\/arquivo\/","logo":{"@type":"ImageObject","inLanguage":"pt-PT","@id":"https:\/\/infocul.pt\/arquivo\/#\/schema\/logo\/image\/","url":"https:\/\/infocul.pt\/arquivo\/wp-content\/uploads\/2018\/12\/Infocul_logo-1.png","contentUrl":"https:\/\/infocul.pt\/arquivo\/wp-content\/uploads\/2018\/12\/Infocul_logo-1.png","width":800,"height":800,"caption":"Infocul.pt"},"image":{"@id":"https:\/\/infocul.pt\/arquivo\/#\/schema\/logo\/image\/"},"sameAs":["https:\/\/www.facebook.com\/Infocul-147816815585015\/","https:\/\/x.com\/Infoculpt","http:\/\/www.pictaram.com\/user\/infocul.pt\/2370423710","https:\/\/www.youtube.com\/channel\/UCYEB91AGI9FL9ek2i_IaQAA"]},{"@type":"Person","@id":"https:\/\/infocul.pt\/arquivo\/#\/schema\/person\/060a108d7f2d85fc6aae505119ee5234","name":"Rui Lavrador","image":{"@type":"ImageObject","inLanguage":"pt-PT","@id":"https:\/\/secure.gravatar.com\/avatar\/93febd6873394aa8e975148548a0cb203acfdd42d2c85c5f1408e1a76678aece?s=96&d=mm&r=g","url":"https:\/\/secure.gravatar.com\/avatar\/93febd6873394aa8e975148548a0cb203acfdd42d2c85c5f1408e1a76678aece?s=96&d=mm&r=g","contentUrl":"https:\/\/secure.gravatar.com\/avatar\/93febd6873394aa8e975148548a0cb203acfdd42d2c85c5f1408e1a76678aece?s=96&d=mm&r=g","caption":"Rui Lavrador"},"description":"Iniciou em 2011 o seu percurso em comunica\u00e7\u00e3o social, tendo integrado v\u00e1rios projectos editoriais. Durante o seu percurso integrou projectos como Jornal Hardm\u00fasica, LusoNot\u00edcias, Toureio.pt, ODigital.pt, entre outros \u00d3rg\u00e3os de Comunica\u00e7\u00e3o Social nacionais, na redac\u00e7\u00e3o de v\u00e1rios artigos. Entrevistou a grande maioria das personalidades mais importantes da vida social e cultural do pa\u00eds, destacando-se, tamb\u00e9m, na aprecia\u00e7\u00e3o de v\u00e1rios espect\u00e1culos. Durante o seu percurso, deu a conhecer v\u00e1rios artistas, at\u00e9 ent\u00e3o desconhecidos, ao grande p\u00fablico. Em 2015 criou e fundou o Infocul.pt, projecto no qual assume a direc\u00e7\u00e3o editorial.","sameAs":["http:\/\/www.infocul.pt"]}]}},"_links":{"self":[{"href":"https:\/\/infocul.pt\/arquivo\/wp-json\/wp\/v2\/posts\/66936","targetHints":{"allow":["GET"]}}],"collection":[{"href":"https:\/\/infocul.pt\/arquivo\/wp-json\/wp\/v2\/posts"}],"about":[{"href":"https:\/\/infocul.pt\/arquivo\/wp-json\/wp\/v2\/types\/post"}],"author":[{"embeddable":true,"href":"https:\/\/infocul.pt\/arquivo\/wp-json\/wp\/v2\/users\/2"}],"replies":[{"embeddable":true,"href":"https:\/\/infocul.pt\/arquivo\/wp-json\/wp\/v2\/comments?post=66936"}],"version-history":[{"count":0,"href":"https:\/\/infocul.pt\/arquivo\/wp-json\/wp\/v2\/posts\/66936\/revisions"}],"wp:featuredmedia":[{"embeddable":true,"href":"https:\/\/infocul.pt\/arquivo\/wp-json\/wp\/v2\/media\/66939"}],"wp:attachment":[{"href":"https:\/\/infocul.pt\/arquivo\/wp-json\/wp\/v2\/media?parent=66936"}],"wp:term":[{"taxonomy":"category","embeddable":true,"href":"https:\/\/infocul.pt\/arquivo\/wp-json\/wp\/v2\/categories?post=66936"},{"taxonomy":"post_tag","embeddable":true,"href":"https:\/\/infocul.pt\/arquivo\/wp-json\/wp\/v2\/tags?post=66936"}],"curies":[{"name":"wp","href":"https:\/\/api.w.org\/{rel}","templated":true}]}}