{"id":67085,"date":"2020-02-23T23:58:08","date_gmt":"2020-02-23T23:58:08","guid":{"rendered":"https:\/\/infocul.pt\/?p=67085"},"modified":"2020-02-24T09:19:49","modified_gmt":"2020-02-24T09:19:49","slug":"pedro-abrunhosa-presta-homenagem-a-vasco-pulido-valente-e-critica-a-mediocridade-das-lerias-pseudo-literarias-de-miguel-sousa-tavares","status":"publish","type":"post","link":"https:\/\/infocul.pt\/arquivo\/actualidade\/pedro-abrunhosa-presta-homenagem-a-vasco-pulido-valente-e-critica-a-mediocridade-das-lerias-pseudo-literarias-de-miguel-sousa-tavares\/","title":{"rendered":"Pedro Abrunhosa presta homenagem a Vasco Pulido Valente e critica a &#8220;mediocridade das l\u00e9rias pseudo-liter\u00e1rias&#8221; de Miguel Sousa Tavares"},"content":{"rendered":"<p align=\"justify\"><img decoding=\"async\" class=\"aligncenter wp-image-67086 size-full lazyload\" data-src=\"https:\/\/infocul.pt\/arquivo\/wp-content\/uploads\/2020\/02\/PA.jpg\" alt=\"\" width=\"595\" height=\"595\" data-srcset=\"https:\/\/infocul.pt\/arquivo\/wp-content\/uploads\/2020\/02\/PA.jpg 595w, https:\/\/infocul.pt\/arquivo\/wp-content\/uploads\/2020\/02\/PA-300x300.jpg 300w, https:\/\/infocul.pt\/arquivo\/wp-content\/uploads\/2020\/02\/PA-150x150.jpg 150w\" data-sizes=\"(max-width: 595px) 100vw, 595px\" src=\"data:image\/svg+xml;base64,PHN2ZyB3aWR0aD0iMSIgaGVpZ2h0PSIxIiB4bWxucz0iaHR0cDovL3d3dy53My5vcmcvMjAwMC9zdmciPjwvc3ZnPg==\" style=\"--smush-placeholder-width: 595px; --smush-placeholder-aspect-ratio: 595\/595;\" \/><\/p>\n<p align=\"justify\">Pedro Abrunhosa prestou, este domingo, homenagem a Vasco Pulido Valente, que faleceu h\u00e1 dois dias. Destaque ainda para a cr\u00edtica que fez a Miguel Sousa Tavares.<!--more--><\/p>\n<p align=\"justify\"><a href=\"https:\/\/www.instagram.com\/p\/B87N3JnnaSl\/\" target=\"_blank\" rel=\"noopener noreferrer\">No seu Instagram<\/a>, Pedro Abrunhosa come\u00e7ou por escrever \u201cmorreu h\u00e1 dois dias o mais mal disposto dos portugueses e o mais l\u00facido dos cronistas, Vasco Pulido Valente\u201d.<\/p>\n<p align=\"justify\">Acrescentando que \u201c<i><b>t<\/b><\/i><i><b>alvez as duas caracter\u00edsticas tenham de andar juntas para contemplarmos neste pa\u00eds com a mediocridade das l\u00e9rias pseudo-liter\u00e1rias de MSTavares ou da desgra\u00e7ada comicidade de S\u00f3crates que VPV, corajosamente, atazanou. Vasco Pulido Valente foi a voz irasc\u00edvel e vision\u00e1ria de que Portugal precisava e que ningu\u00e9m mais ousou. Conheci-o vagamente. Troc\u00e1mos livros e correspond\u00eancia curta. Fica-me o imenso, o enorme prazer das suas cr\u00f3nicas no P\u00fablico e, para sempre, a escorreita e rigoros\u00edssima escrita em, por exemplo, \u2018\u2019O Fundo da Gaveta\u201d, \u201cGl\u00f3ria\u201d ou \u2018Um Her\u00f3i Portugu\u00eas\u201d. Ao Historiador e autor Vasco Pulido Valente o meu profundo e reconhecido agradecimento<\/b><\/i>\u201d.<\/p>\n<p align=\"justify\">Deixou ainda um pedido aos seus seguidores: \u201c<i><b>Em vez de likes, fa\u00e7am-me o favor: leiam este homem. Obrigado<\/b><\/i><\/p>\n<p align=\"justify\"><i><b>Pedro Abrunhosa<\/b><\/i>\u201d<\/p>\n","protected":false},"excerpt":{"rendered":"<p>Pedro Abrunhosa prestou, este domingo, homenagem a Vasco Pulido Valente, que faleceu h\u00e1 dois dias. Destaque ainda para a cr\u00edtica que fez a Miguel Sousa Tavares.<\/p>\n","protected":false},"author":2,"featured_media":67086,"comment_status":"open","ping_status":"closed","sticky":false,"template":"","format":"standard","meta":{"footnotes":""},"categories":[10,2,9,11],"tags":[5363,197,8881],"class_list":["post-67085","post","type-post","status-publish","format-standard","has-post-thumbnail","hentry","category-actualidade","category-cultura","category-outros","category-pais","tag-miguel-sousa-tavares","tag-pedro-abrunhosa","tag-vasco-pulido-valente"],"yoast_head":"<!-- This site is optimized with the Yoast SEO plugin v27.4 - https:\/\/yoast.com\/product\/yoast-seo-wordpress\/ -->\n<title>Pedro Abrunhosa presta homenagem a Vasco Pulido Valente e critica a &quot;mediocridade das l\u00e9rias pseudo-liter\u00e1rias&quot; de Miguel Sousa Tavares | Infocul.pt - Arquivo Digital<\/title>\n<meta name=\"description\" content=\"Pedro Abrunhosa presta homenagem a Vasco Pulido Valente e critica a &quot;mediocridade das l\u00e9rias pseudo-liter\u00e1rias&quot; de Miguel Sousa Tavares | Infocul.pt - Arquivo Digital\" \/>\n<meta name=\"robots\" content=\"noindex, follow, max-snippet:-1, max-image-preview:large, max-video-preview:-1\" \/>\n<meta property=\"og:locale\" content=\"pt_PT\" \/>\n<meta property=\"og:type\" content=\"article\" \/>\n<meta property=\"og:title\" content=\"Pedro Abrunhosa presta homenagem a Vasco Pulido Valente e critica a &quot;mediocridade das l\u00e9rias pseudo-liter\u00e1rias&quot; de Miguel Sousa Tavares | Infocul.pt - Arquivo Digital\" \/>\n<meta property=\"og:description\" content=\"Pedro Abrunhosa presta homenagem a Vasco Pulido Valente e critica a &quot;mediocridade das l\u00e9rias pseudo-liter\u00e1rias&quot; de Miguel Sousa Tavares | Infocul.pt - Arquivo Digital\" \/>\n<meta property=\"og:url\" content=\"https:\/\/infocul.pt\/arquivo\/actualidade\/pedro-abrunhosa-presta-homenagem-a-vasco-pulido-valente-e-critica-a-mediocridade-das-lerias-pseudo-literarias-de-miguel-sousa-tavares\/\" \/>\n<meta property=\"og:site_name\" content=\"Infocul.pt - Arquivo Digital\" \/>\n<meta property=\"article:publisher\" content=\"https:\/\/www.facebook.com\/Infocul-147816815585015\/\" \/>\n<meta property=\"article:published_time\" content=\"2020-02-23T23:58:08+00:00\" \/>\n<meta property=\"article:modified_time\" content=\"2020-02-24T09:19:49+00:00\" \/>\n<meta property=\"og:image\" content=\"https:\/\/infocul.pt\/arquivo\/wp-content\/uploads\/2020\/02\/PA.jpg\" \/>\n\t<meta property=\"og:image:width\" content=\"595\" \/>\n\t<meta property=\"og:image:height\" content=\"595\" \/>\n\t<meta property=\"og:image:type\" content=\"image\/jpeg\" \/>\n<meta name=\"author\" content=\"Rui Lavrador\" \/>\n<meta name=\"twitter:card\" content=\"summary_large_image\" \/>\n<meta name=\"twitter:creator\" content=\"@Infoculpt\" \/>\n<meta name=\"twitter:site\" content=\"@Infoculpt\" \/>\n<meta name=\"twitter:label1\" content=\"Escrito por\" \/>\n\t<meta name=\"twitter:data1\" content=\"Rui Lavrador\" \/>\n\t<meta name=\"twitter:label2\" content=\"Tempo estimado de leitura\" \/>\n\t<meta name=\"twitter:data2\" content=\"1 minuto\" \/>\n<script type=\"application\/ld+json\" class=\"yoast-schema-graph\">{\"@context\":\"https:\\\/\\\/schema.org\",\"@graph\":[{\"@type\":\"Article\",\"@id\":\"https:\\\/\\\/infocul.pt\\\/arquivo\\\/actualidade\\\/pedro-abrunhosa-presta-homenagem-a-vasco-pulido-valente-e-critica-a-mediocridade-das-lerias-pseudo-literarias-de-miguel-sousa-tavares\\\/#article\",\"isPartOf\":{\"@id\":\"https:\\\/\\\/infocul.pt\\\/arquivo\\\/actualidade\\\/pedro-abrunhosa-presta-homenagem-a-vasco-pulido-valente-e-critica-a-mediocridade-das-lerias-pseudo-literarias-de-miguel-sousa-tavares\\\/\"},\"author\":{\"name\":\"Rui Lavrador\",\"@id\":\"https:\\\/\\\/infocul.pt\\\/arquivo\\\/#\\\/schema\\\/person\\\/060a108d7f2d85fc6aae505119ee5234\"},\"headline\":\"Pedro Abrunhosa presta homenagem a Vasco Pulido Valente e critica a &#8220;mediocridade das l\u00e9rias pseudo-liter\u00e1rias&#8221; de Miguel Sousa Tavares\",\"datePublished\":\"2020-02-23T23:58:08+00:00\",\"dateModified\":\"2020-02-24T09:19:49+00:00\",\"mainEntityOfPage\":{\"@id\":\"https:\\\/\\\/infocul.pt\\\/arquivo\\\/actualidade\\\/pedro-abrunhosa-presta-homenagem-a-vasco-pulido-valente-e-critica-a-mediocridade-das-lerias-pseudo-literarias-de-miguel-sousa-tavares\\\/\"},\"wordCount\":217,\"commentCount\":0,\"publisher\":{\"@id\":\"https:\\\/\\\/infocul.pt\\\/arquivo\\\/#organization\"},\"image\":{\"@id\":\"https:\\\/\\\/infocul.pt\\\/arquivo\\\/actualidade\\\/pedro-abrunhosa-presta-homenagem-a-vasco-pulido-valente-e-critica-a-mediocridade-das-lerias-pseudo-literarias-de-miguel-sousa-tavares\\\/#primaryimage\"},\"thumbnailUrl\":\"https:\\\/\\\/infocul.pt\\\/arquivo\\\/wp-content\\\/uploads\\\/2020\\\/02\\\/PA.jpg\",\"keywords\":[\"Miguel Sousa Tavares\",\"Pedro Abrunhosa\",\"Vasco Pulido Valente\"],\"articleSection\":[\"Actualidade\",\"Cultura\",\"Outros\",\"Pa\u00eds\"],\"inLanguage\":\"pt-PT\"},{\"@type\":\"WebPage\",\"@id\":\"https:\\\/\\\/infocul.pt\\\/arquivo\\\/actualidade\\\/pedro-abrunhosa-presta-homenagem-a-vasco-pulido-valente-e-critica-a-mediocridade-das-lerias-pseudo-literarias-de-miguel-sousa-tavares\\\/\",\"url\":\"https:\\\/\\\/infocul.pt\\\/arquivo\\\/actualidade\\\/pedro-abrunhosa-presta-homenagem-a-vasco-pulido-valente-e-critica-a-mediocridade-das-lerias-pseudo-literarias-de-miguel-sousa-tavares\\\/\",\"name\":\"Pedro Abrunhosa presta homenagem a Vasco Pulido Valente e critica a \\\"mediocridade das l\u00e9rias pseudo-liter\u00e1rias\\\" de Miguel Sousa Tavares | Infocul.pt - Arquivo Digital\",\"isPartOf\":{\"@id\":\"https:\\\/\\\/infocul.pt\\\/arquivo\\\/#website\"},\"primaryImageOfPage\":{\"@id\":\"https:\\\/\\\/infocul.pt\\\/arquivo\\\/actualidade\\\/pedro-abrunhosa-presta-homenagem-a-vasco-pulido-valente-e-critica-a-mediocridade-das-lerias-pseudo-literarias-de-miguel-sousa-tavares\\\/#primaryimage\"},\"image\":{\"@id\":\"https:\\\/\\\/infocul.pt\\\/arquivo\\\/actualidade\\\/pedro-abrunhosa-presta-homenagem-a-vasco-pulido-valente-e-critica-a-mediocridade-das-lerias-pseudo-literarias-de-miguel-sousa-tavares\\\/#primaryimage\"},\"thumbnailUrl\":\"https:\\\/\\\/infocul.pt\\\/arquivo\\\/wp-content\\\/uploads\\\/2020\\\/02\\\/PA.jpg\",\"datePublished\":\"2020-02-23T23:58:08+00:00\",\"dateModified\":\"2020-02-24T09:19:49+00:00\",\"description\":\"Pedro Abrunhosa presta homenagem a Vasco Pulido Valente e critica a \\\"mediocridade das l\u00e9rias pseudo-liter\u00e1rias\\\" de Miguel Sousa Tavares | Infocul.pt - Arquivo Digital\",\"breadcrumb\":{\"@id\":\"https:\\\/\\\/infocul.pt\\\/arquivo\\\/actualidade\\\/pedro-abrunhosa-presta-homenagem-a-vasco-pulido-valente-e-critica-a-mediocridade-das-lerias-pseudo-literarias-de-miguel-sousa-tavares\\\/#breadcrumb\"},\"inLanguage\":\"pt-PT\",\"potentialAction\":[{\"@type\":\"ReadAction\",\"target\":[\"https:\\\/\\\/infocul.pt\\\/arquivo\\\/actualidade\\\/pedro-abrunhosa-presta-homenagem-a-vasco-pulido-valente-e-critica-a-mediocridade-das-lerias-pseudo-literarias-de-miguel-sousa-tavares\\\/\"]}]},{\"@type\":\"ImageObject\",\"inLanguage\":\"pt-PT\",\"@id\":\"https:\\\/\\\/infocul.pt\\\/arquivo\\\/actualidade\\\/pedro-abrunhosa-presta-homenagem-a-vasco-pulido-valente-e-critica-a-mediocridade-das-lerias-pseudo-literarias-de-miguel-sousa-tavares\\\/#primaryimage\",\"url\":\"https:\\\/\\\/infocul.pt\\\/arquivo\\\/wp-content\\\/uploads\\\/2020\\\/02\\\/PA.jpg\",\"contentUrl\":\"https:\\\/\\\/infocul.pt\\\/arquivo\\\/wp-content\\\/uploads\\\/2020\\\/02\\\/PA.jpg\",\"width\":595,\"height\":595},{\"@type\":\"BreadcrumbList\",\"@id\":\"https:\\\/\\\/infocul.pt\\\/arquivo\\\/actualidade\\\/pedro-abrunhosa-presta-homenagem-a-vasco-pulido-valente-e-critica-a-mediocridade-das-lerias-pseudo-literarias-de-miguel-sousa-tavares\\\/#breadcrumb\",\"itemListElement\":[{\"@type\":\"ListItem\",\"position\":1,\"name\":\"Home\",\"item\":\"https:\\\/\\\/infocul.pt\\\/arquivo\\\/\"},{\"@type\":\"ListItem\",\"position\":2,\"name\":\"Pedro Abrunhosa presta homenagem a Vasco Pulido Valente e critica a &#8220;mediocridade das l\u00e9rias pseudo-liter\u00e1rias&#8221; de Miguel Sousa Tavares\"}]},{\"@type\":\"WebSite\",\"@id\":\"https:\\\/\\\/infocul.pt\\\/arquivo\\\/#website\",\"url\":\"https:\\\/\\\/infocul.pt\\\/arquivo\\\/\",\"name\":\"Infocul.pt - Arquivo Digital\",\"description\":\"Arquivo digital da Infocul.pt\",\"publisher\":{\"@id\":\"https:\\\/\\\/infocul.pt\\\/arquivo\\\/#organization\"},\"potentialAction\":[{\"@type\":\"SearchAction\",\"target\":{\"@type\":\"EntryPoint\",\"urlTemplate\":\"https:\\\/\\\/infocul.pt\\\/arquivo\\\/?s={search_term_string}\"},\"query-input\":{\"@type\":\"PropertyValueSpecification\",\"valueRequired\":true,\"valueName\":\"search_term_string\"}}],\"inLanguage\":\"pt-PT\"},{\"@type\":\"Organization\",\"@id\":\"https:\\\/\\\/infocul.pt\\\/arquivo\\\/#organization\",\"name\":\"Infocul.pt\",\"url\":\"https:\\\/\\\/infocul.pt\\\/arquivo\\\/\",\"logo\":{\"@type\":\"ImageObject\",\"inLanguage\":\"pt-PT\",\"@id\":\"https:\\\/\\\/infocul.pt\\\/arquivo\\\/#\\\/schema\\\/logo\\\/image\\\/\",\"url\":\"https:\\\/\\\/infocul.pt\\\/arquivo\\\/wp-content\\\/uploads\\\/2018\\\/12\\\/Infocul_logo-1.png\",\"contentUrl\":\"https:\\\/\\\/infocul.pt\\\/arquivo\\\/wp-content\\\/uploads\\\/2018\\\/12\\\/Infocul_logo-1.png\",\"width\":800,\"height\":800,\"caption\":\"Infocul.pt\"},\"image\":{\"@id\":\"https:\\\/\\\/infocul.pt\\\/arquivo\\\/#\\\/schema\\\/logo\\\/image\\\/\"},\"sameAs\":[\"https:\\\/\\\/www.facebook.com\\\/Infocul-147816815585015\\\/\",\"https:\\\/\\\/x.com\\\/Infoculpt\",\"http:\\\/\\\/www.pictaram.com\\\/user\\\/infocul.pt\\\/2370423710\",\"https:\\\/\\\/www.youtube.com\\\/channel\\\/UCYEB91AGI9FL9ek2i_IaQAA\"]},{\"@type\":\"Person\",\"@id\":\"https:\\\/\\\/infocul.pt\\\/arquivo\\\/#\\\/schema\\\/person\\\/060a108d7f2d85fc6aae505119ee5234\",\"name\":\"Rui Lavrador\",\"image\":{\"@type\":\"ImageObject\",\"inLanguage\":\"pt-PT\",\"@id\":\"https:\\\/\\\/secure.gravatar.com\\\/avatar\\\/93febd6873394aa8e975148548a0cb203acfdd42d2c85c5f1408e1a76678aece?s=96&d=mm&r=g\",\"url\":\"https:\\\/\\\/secure.gravatar.com\\\/avatar\\\/93febd6873394aa8e975148548a0cb203acfdd42d2c85c5f1408e1a76678aece?s=96&d=mm&r=g\",\"contentUrl\":\"https:\\\/\\\/secure.gravatar.com\\\/avatar\\\/93febd6873394aa8e975148548a0cb203acfdd42d2c85c5f1408e1a76678aece?s=96&d=mm&r=g\",\"caption\":\"Rui Lavrador\"},\"description\":\"Iniciou em 2011 o seu percurso em comunica\u00e7\u00e3o social, tendo integrado v\u00e1rios projectos editoriais. Durante o seu percurso integrou projectos como Jornal Hardm\u00fasica, LusoNot\u00edcias, Toureio.pt, ODigital.pt, entre outros \u00d3rg\u00e3os de Comunica\u00e7\u00e3o Social nacionais, na redac\u00e7\u00e3o de v\u00e1rios artigos. Entrevistou a grande maioria das personalidades mais importantes da vida social e cultural do pa\u00eds, destacando-se, tamb\u00e9m, na aprecia\u00e7\u00e3o de v\u00e1rios espect\u00e1culos. Durante o seu percurso, deu a conhecer v\u00e1rios artistas, at\u00e9 ent\u00e3o desconhecidos, ao grande p\u00fablico. Em 2015 criou e fundou o Infocul.pt, projecto no qual assume a direc\u00e7\u00e3o editorial.\",\"sameAs\":[\"http:\\\/\\\/www.infocul.pt\"]}]}<\/script>\n<!-- \/ Yoast SEO plugin. -->","yoast_head_json":{"title":"Pedro Abrunhosa presta homenagem a Vasco Pulido Valente e critica a \"mediocridade das l\u00e9rias pseudo-liter\u00e1rias\" de Miguel Sousa Tavares | Infocul.pt - Arquivo Digital","description":"Pedro Abrunhosa presta homenagem a Vasco Pulido Valente e critica a \"mediocridade das l\u00e9rias pseudo-liter\u00e1rias\" de Miguel Sousa Tavares | Infocul.pt - Arquivo Digital","robots":{"index":"noindex","follow":"follow","max-snippet":"max-snippet:-1","max-image-preview":"max-image-preview:large","max-video-preview":"max-video-preview:-1"},"og_locale":"pt_PT","og_type":"article","og_title":"Pedro Abrunhosa presta homenagem a Vasco Pulido Valente e critica a \"mediocridade das l\u00e9rias pseudo-liter\u00e1rias\" de Miguel Sousa Tavares | Infocul.pt - Arquivo Digital","og_description":"Pedro Abrunhosa presta homenagem a Vasco Pulido Valente e critica a \"mediocridade das l\u00e9rias pseudo-liter\u00e1rias\" de Miguel Sousa Tavares | Infocul.pt - Arquivo Digital","og_url":"https:\/\/infocul.pt\/arquivo\/actualidade\/pedro-abrunhosa-presta-homenagem-a-vasco-pulido-valente-e-critica-a-mediocridade-das-lerias-pseudo-literarias-de-miguel-sousa-tavares\/","og_site_name":"Infocul.pt - Arquivo Digital","article_publisher":"https:\/\/www.facebook.com\/Infocul-147816815585015\/","article_published_time":"2020-02-23T23:58:08+00:00","article_modified_time":"2020-02-24T09:19:49+00:00","og_image":[{"width":595,"height":595,"url":"https:\/\/infocul.pt\/arquivo\/wp-content\/uploads\/2020\/02\/PA.jpg","type":"image\/jpeg"}],"author":"Rui Lavrador","twitter_card":"summary_large_image","twitter_creator":"@Infoculpt","twitter_site":"@Infoculpt","twitter_misc":{"Escrito por":"Rui Lavrador","Tempo estimado de leitura":"1 minuto"},"schema":{"@context":"https:\/\/schema.org","@graph":[{"@type":"Article","@id":"https:\/\/infocul.pt\/arquivo\/actualidade\/pedro-abrunhosa-presta-homenagem-a-vasco-pulido-valente-e-critica-a-mediocridade-das-lerias-pseudo-literarias-de-miguel-sousa-tavares\/#article","isPartOf":{"@id":"https:\/\/infocul.pt\/arquivo\/actualidade\/pedro-abrunhosa-presta-homenagem-a-vasco-pulido-valente-e-critica-a-mediocridade-das-lerias-pseudo-literarias-de-miguel-sousa-tavares\/"},"author":{"name":"Rui Lavrador","@id":"https:\/\/infocul.pt\/arquivo\/#\/schema\/person\/060a108d7f2d85fc6aae505119ee5234"},"headline":"Pedro Abrunhosa presta homenagem a Vasco Pulido Valente e critica a &#8220;mediocridade das l\u00e9rias pseudo-liter\u00e1rias&#8221; de Miguel Sousa Tavares","datePublished":"2020-02-23T23:58:08+00:00","dateModified":"2020-02-24T09:19:49+00:00","mainEntityOfPage":{"@id":"https:\/\/infocul.pt\/arquivo\/actualidade\/pedro-abrunhosa-presta-homenagem-a-vasco-pulido-valente-e-critica-a-mediocridade-das-lerias-pseudo-literarias-de-miguel-sousa-tavares\/"},"wordCount":217,"commentCount":0,"publisher":{"@id":"https:\/\/infocul.pt\/arquivo\/#organization"},"image":{"@id":"https:\/\/infocul.pt\/arquivo\/actualidade\/pedro-abrunhosa-presta-homenagem-a-vasco-pulido-valente-e-critica-a-mediocridade-das-lerias-pseudo-literarias-de-miguel-sousa-tavares\/#primaryimage"},"thumbnailUrl":"https:\/\/infocul.pt\/arquivo\/wp-content\/uploads\/2020\/02\/PA.jpg","keywords":["Miguel Sousa Tavares","Pedro Abrunhosa","Vasco Pulido Valente"],"articleSection":["Actualidade","Cultura","Outros","Pa\u00eds"],"inLanguage":"pt-PT"},{"@type":"WebPage","@id":"https:\/\/infocul.pt\/arquivo\/actualidade\/pedro-abrunhosa-presta-homenagem-a-vasco-pulido-valente-e-critica-a-mediocridade-das-lerias-pseudo-literarias-de-miguel-sousa-tavares\/","url":"https:\/\/infocul.pt\/arquivo\/actualidade\/pedro-abrunhosa-presta-homenagem-a-vasco-pulido-valente-e-critica-a-mediocridade-das-lerias-pseudo-literarias-de-miguel-sousa-tavares\/","name":"Pedro Abrunhosa presta homenagem a Vasco Pulido Valente e critica a \"mediocridade das l\u00e9rias pseudo-liter\u00e1rias\" de Miguel Sousa Tavares | Infocul.pt - Arquivo Digital","isPartOf":{"@id":"https:\/\/infocul.pt\/arquivo\/#website"},"primaryImageOfPage":{"@id":"https:\/\/infocul.pt\/arquivo\/actualidade\/pedro-abrunhosa-presta-homenagem-a-vasco-pulido-valente-e-critica-a-mediocridade-das-lerias-pseudo-literarias-de-miguel-sousa-tavares\/#primaryimage"},"image":{"@id":"https:\/\/infocul.pt\/arquivo\/actualidade\/pedro-abrunhosa-presta-homenagem-a-vasco-pulido-valente-e-critica-a-mediocridade-das-lerias-pseudo-literarias-de-miguel-sousa-tavares\/#primaryimage"},"thumbnailUrl":"https:\/\/infocul.pt\/arquivo\/wp-content\/uploads\/2020\/02\/PA.jpg","datePublished":"2020-02-23T23:58:08+00:00","dateModified":"2020-02-24T09:19:49+00:00","description":"Pedro Abrunhosa presta homenagem a Vasco Pulido Valente e critica a \"mediocridade das l\u00e9rias pseudo-liter\u00e1rias\" de Miguel Sousa Tavares | Infocul.pt - Arquivo Digital","breadcrumb":{"@id":"https:\/\/infocul.pt\/arquivo\/actualidade\/pedro-abrunhosa-presta-homenagem-a-vasco-pulido-valente-e-critica-a-mediocridade-das-lerias-pseudo-literarias-de-miguel-sousa-tavares\/#breadcrumb"},"inLanguage":"pt-PT","potentialAction":[{"@type":"ReadAction","target":["https:\/\/infocul.pt\/arquivo\/actualidade\/pedro-abrunhosa-presta-homenagem-a-vasco-pulido-valente-e-critica-a-mediocridade-das-lerias-pseudo-literarias-de-miguel-sousa-tavares\/"]}]},{"@type":"ImageObject","inLanguage":"pt-PT","@id":"https:\/\/infocul.pt\/arquivo\/actualidade\/pedro-abrunhosa-presta-homenagem-a-vasco-pulido-valente-e-critica-a-mediocridade-das-lerias-pseudo-literarias-de-miguel-sousa-tavares\/#primaryimage","url":"https:\/\/infocul.pt\/arquivo\/wp-content\/uploads\/2020\/02\/PA.jpg","contentUrl":"https:\/\/infocul.pt\/arquivo\/wp-content\/uploads\/2020\/02\/PA.jpg","width":595,"height":595},{"@type":"BreadcrumbList","@id":"https:\/\/infocul.pt\/arquivo\/actualidade\/pedro-abrunhosa-presta-homenagem-a-vasco-pulido-valente-e-critica-a-mediocridade-das-lerias-pseudo-literarias-de-miguel-sousa-tavares\/#breadcrumb","itemListElement":[{"@type":"ListItem","position":1,"name":"Home","item":"https:\/\/infocul.pt\/arquivo\/"},{"@type":"ListItem","position":2,"name":"Pedro Abrunhosa presta homenagem a Vasco Pulido Valente e critica a &#8220;mediocridade das l\u00e9rias pseudo-liter\u00e1rias&#8221; de Miguel Sousa Tavares"}]},{"@type":"WebSite","@id":"https:\/\/infocul.pt\/arquivo\/#website","url":"https:\/\/infocul.pt\/arquivo\/","name":"Infocul.pt - Arquivo Digital","description":"Arquivo digital da Infocul.pt","publisher":{"@id":"https:\/\/infocul.pt\/arquivo\/#organization"},"potentialAction":[{"@type":"SearchAction","target":{"@type":"EntryPoint","urlTemplate":"https:\/\/infocul.pt\/arquivo\/?s={search_term_string}"},"query-input":{"@type":"PropertyValueSpecification","valueRequired":true,"valueName":"search_term_string"}}],"inLanguage":"pt-PT"},{"@type":"Organization","@id":"https:\/\/infocul.pt\/arquivo\/#organization","name":"Infocul.pt","url":"https:\/\/infocul.pt\/arquivo\/","logo":{"@type":"ImageObject","inLanguage":"pt-PT","@id":"https:\/\/infocul.pt\/arquivo\/#\/schema\/logo\/image\/","url":"https:\/\/infocul.pt\/arquivo\/wp-content\/uploads\/2018\/12\/Infocul_logo-1.png","contentUrl":"https:\/\/infocul.pt\/arquivo\/wp-content\/uploads\/2018\/12\/Infocul_logo-1.png","width":800,"height":800,"caption":"Infocul.pt"},"image":{"@id":"https:\/\/infocul.pt\/arquivo\/#\/schema\/logo\/image\/"},"sameAs":["https:\/\/www.facebook.com\/Infocul-147816815585015\/","https:\/\/x.com\/Infoculpt","http:\/\/www.pictaram.com\/user\/infocul.pt\/2370423710","https:\/\/www.youtube.com\/channel\/UCYEB91AGI9FL9ek2i_IaQAA"]},{"@type":"Person","@id":"https:\/\/infocul.pt\/arquivo\/#\/schema\/person\/060a108d7f2d85fc6aae505119ee5234","name":"Rui Lavrador","image":{"@type":"ImageObject","inLanguage":"pt-PT","@id":"https:\/\/secure.gravatar.com\/avatar\/93febd6873394aa8e975148548a0cb203acfdd42d2c85c5f1408e1a76678aece?s=96&d=mm&r=g","url":"https:\/\/secure.gravatar.com\/avatar\/93febd6873394aa8e975148548a0cb203acfdd42d2c85c5f1408e1a76678aece?s=96&d=mm&r=g","contentUrl":"https:\/\/secure.gravatar.com\/avatar\/93febd6873394aa8e975148548a0cb203acfdd42d2c85c5f1408e1a76678aece?s=96&d=mm&r=g","caption":"Rui Lavrador"},"description":"Iniciou em 2011 o seu percurso em comunica\u00e7\u00e3o social, tendo integrado v\u00e1rios projectos editoriais. Durante o seu percurso integrou projectos como Jornal Hardm\u00fasica, LusoNot\u00edcias, Toureio.pt, ODigital.pt, entre outros \u00d3rg\u00e3os de Comunica\u00e7\u00e3o Social nacionais, na redac\u00e7\u00e3o de v\u00e1rios artigos. Entrevistou a grande maioria das personalidades mais importantes da vida social e cultural do pa\u00eds, destacando-se, tamb\u00e9m, na aprecia\u00e7\u00e3o de v\u00e1rios espect\u00e1culos. Durante o seu percurso, deu a conhecer v\u00e1rios artistas, at\u00e9 ent\u00e3o desconhecidos, ao grande p\u00fablico. Em 2015 criou e fundou o Infocul.pt, projecto no qual assume a direc\u00e7\u00e3o editorial.","sameAs":["http:\/\/www.infocul.pt"]}]}},"_links":{"self":[{"href":"https:\/\/infocul.pt\/arquivo\/wp-json\/wp\/v2\/posts\/67085","targetHints":{"allow":["GET"]}}],"collection":[{"href":"https:\/\/infocul.pt\/arquivo\/wp-json\/wp\/v2\/posts"}],"about":[{"href":"https:\/\/infocul.pt\/arquivo\/wp-json\/wp\/v2\/types\/post"}],"author":[{"embeddable":true,"href":"https:\/\/infocul.pt\/arquivo\/wp-json\/wp\/v2\/users\/2"}],"replies":[{"embeddable":true,"href":"https:\/\/infocul.pt\/arquivo\/wp-json\/wp\/v2\/comments?post=67085"}],"version-history":[{"count":0,"href":"https:\/\/infocul.pt\/arquivo\/wp-json\/wp\/v2\/posts\/67085\/revisions"}],"wp:featuredmedia":[{"embeddable":true,"href":"https:\/\/infocul.pt\/arquivo\/wp-json\/wp\/v2\/media\/67086"}],"wp:attachment":[{"href":"https:\/\/infocul.pt\/arquivo\/wp-json\/wp\/v2\/media?parent=67085"}],"wp:term":[{"taxonomy":"category","embeddable":true,"href":"https:\/\/infocul.pt\/arquivo\/wp-json\/wp\/v2\/categories?post=67085"},{"taxonomy":"post_tag","embeddable":true,"href":"https:\/\/infocul.pt\/arquivo\/wp-json\/wp\/v2\/tags?post=67085"}],"curies":[{"name":"wp","href":"https:\/\/api.w.org\/{rel}","templated":true}]}}