{"id":67131,"date":"2020-02-24T16:49:34","date_gmt":"2020-02-24T16:49:34","guid":{"rendered":"https:\/\/infocul.pt\/?p=67131"},"modified":"2020-02-24T16:49:34","modified_gmt":"2020-02-24T16:49:34","slug":"ao-sabado-o-brunch-e-no-lisbon-marriott-hotel","status":"publish","type":"post","link":"https:\/\/infocul.pt\/arquivo\/actualidade\/ao-sabado-o-brunch-e-no-lisbon-marriott-hotel\/","title":{"rendered":"Ao s\u00e1bado, o brunch \u00e9 no Lisbon Marriott Hotel"},"content":{"rendered":"<p><img decoding=\"async\" class=\"aligncenter wp-image-67132 size-large lazyload\" data-src=\"https:\/\/infocul.pt\/arquivo\/wp-content\/uploads\/2020\/02\/Citrus-Brunch-set-up_winter-1024x680.jpg\" alt=\"\" width=\"800\" height=\"531\" data-srcset=\"https:\/\/infocul.pt\/arquivo\/wp-content\/uploads\/2020\/02\/Citrus-Brunch-set-up_winter.jpg 1024w, https:\/\/infocul.pt\/arquivo\/wp-content\/uploads\/2020\/02\/Citrus-Brunch-set-up_winter-300x199.jpg 300w, https:\/\/infocul.pt\/arquivo\/wp-content\/uploads\/2020\/02\/Citrus-Brunch-set-up_winter-768x510.jpg 768w\" data-sizes=\"(max-width: 800px) 100vw, 800px\" src=\"data:image\/svg+xml;base64,PHN2ZyB3aWR0aD0iMSIgaGVpZ2h0PSIxIiB4bWxucz0iaHR0cDovL3d3dy53My5vcmcvMjAwMC9zdmciPjwvc3ZnPg==\" style=\"--smush-placeholder-width: 800px; --smush-placeholder-aspect-ratio: 800\/531;\" \/><\/p>\n<p>O Restaurante CITRUS, do Lisbon Marriott Hotel, na Av. dos Combatentes 45, Lisboa, serve um Brunch aos s\u00e1bados, das 12:00 \u00e0s 16:00. Vale a pena ir com toda a fam\u00edlia e saborear as del\u00edcias preparadas pelo Chef Ant\u00f3nio Alexandre.<!--more--><\/p>\n<p>O tour gastron\u00f3mico come\u00e7a com sumo de laranja natural, sumos detox, frutos secos e frutos vermelhos acompanhado por uma grande variedade de p\u00e3es.<\/p>\n<p>O Brunch \u00e9 composto por pratos frios, uma rica variedade de saladas, gaspacho de morango com tostas de azeite, rolinhos de arroz com crudites de pepino e cenoura, poke bowl de legumes, t\u00e1bua de queijos e charcutaria , compotas, frutos secos e perna de presunto com tomatada . Nos pratos quentes temos uma esta\u00e7\u00e3o de omeletes, quiches Lorraine e vegetariana, arroz selvagem com frutos secos, especialidade vegetariana do dia, pato assado com laranja e canela, corvina assada com mexilh\u00f5es, tomate e coentros, batata assada com a\u00e7afr\u00e3o e especiarias, castanhas assadas com cebolinho e tomilho, carne de novilho assado com condimentos e noodles com tofu marinado e citrinos.<\/p>\n<p>Finalize a refei\u00e7\u00e3o com deliciosas sobremesas, nas quais n\u00e3o falta panacotta de manga, bolo de lim\u00e3o, brownie, muffin de figos, creme brul\u00e9e, bolo de pistachios, bolo de chocolate, baklava de frutos secos, semi-frio de ab\u00f3bora, pudim de chia e a esta\u00e7\u00e3o de vienoiserie.<\/p>\n<p>Depois deste composto brunch sugerimos uma caminhada pelo jardim tropical do hotel ao redor da piscina que nos d\u00e1 a impress\u00e3o de estarmos fora da cidade. Um verdadeiro O\u00e1sis na cidade!<\/p>\n<p>O Brunch tem um custo de 28\u20ac por pessoa com bar aberto de bebidas alc\u00f3olicas seleccionadas.<\/p>\n","protected":false},"excerpt":{"rendered":"<p>O Restaurante CITRUS, do Lisbon Marriott Hotel, na Av. dos Combatentes 45, Lisboa, serve um Brunch aos s\u00e1bados, das 12:00 \u00e0s 16:00. Vale a pena ir com toda a fam\u00edlia e saborear as del\u00edcias preparadas pelo Chef Ant\u00f3nio Alexandre.<\/p>\n","protected":false},"author":13,"featured_media":67132,"comment_status":"open","ping_status":"closed","sticky":false,"template":"","format":"standard","meta":{"footnotes":""},"categories":[10,13],"tags":[680],"class_list":["post-67131","post","type-post","status-publish","format-standard","has-post-thumbnail","hentry","category-actualidade","category-turismo","tag-lisbon-marriott-hotel"],"yoast_head":"<!-- This site is optimized with the Yoast SEO plugin v27.4 - https:\/\/yoast.com\/product\/yoast-seo-wordpress\/ -->\n<title>Ao s\u00e1bado, o brunch \u00e9 no Lisbon Marriott Hotel | Infocul.pt - Arquivo Digital<\/title>\n<meta name=\"description\" content=\"Ao s\u00e1bado, o brunch \u00e9 no Lisbon Marriott Hotel | Infocul.pt - Arquivo Digital\" \/>\n<meta name=\"robots\" content=\"noindex, follow, max-snippet:-1, max-image-preview:large, max-video-preview:-1\" \/>\n<meta property=\"og:locale\" content=\"pt_PT\" \/>\n<meta property=\"og:type\" content=\"article\" \/>\n<meta property=\"og:title\" content=\"Ao s\u00e1bado, o brunch \u00e9 no Lisbon Marriott Hotel | Infocul.pt - Arquivo Digital\" \/>\n<meta property=\"og:description\" content=\"Ao s\u00e1bado, o brunch \u00e9 no Lisbon Marriott Hotel | Infocul.pt - Arquivo Digital\" \/>\n<meta property=\"og:url\" content=\"https:\/\/infocul.pt\/arquivo\/actualidade\/ao-sabado-o-brunch-e-no-lisbon-marriott-hotel\/\" \/>\n<meta property=\"og:site_name\" content=\"Infocul.pt - Arquivo Digital\" \/>\n<meta property=\"article:publisher\" content=\"https:\/\/www.facebook.com\/Infocul-147816815585015\/\" \/>\n<meta property=\"article:published_time\" content=\"2020-02-24T16:49:34+00:00\" \/>\n<meta property=\"og:image\" content=\"https:\/\/infocul.pt\/arquivo\/wp-content\/uploads\/2020\/02\/Citrus-Brunch-set-up_winter.jpg\" \/>\n\t<meta property=\"og:image:width\" content=\"1024\" \/>\n\t<meta property=\"og:image:height\" content=\"680\" \/>\n\t<meta property=\"og:image:type\" content=\"image\/jpeg\" \/>\n<meta name=\"author\" content=\"Redac\u00e7\u00e3o\" \/>\n<meta name=\"twitter:card\" content=\"summary_large_image\" \/>\n<meta name=\"twitter:creator\" content=\"@Infoculpt\" \/>\n<meta name=\"twitter:site\" content=\"@Infoculpt\" \/>\n<meta name=\"twitter:label1\" content=\"Escrito por\" \/>\n\t<meta name=\"twitter:data1\" content=\"Redac\u00e7\u00e3o\" \/>\n\t<meta name=\"twitter:label2\" content=\"Tempo estimado de leitura\" \/>\n\t<meta name=\"twitter:data2\" content=\"1 minuto\" \/>\n<script type=\"application\/ld+json\" class=\"yoast-schema-graph\">{\"@context\":\"https:\\\/\\\/schema.org\",\"@graph\":[{\"@type\":\"Article\",\"@id\":\"https:\\\/\\\/infocul.pt\\\/arquivo\\\/actualidade\\\/ao-sabado-o-brunch-e-no-lisbon-marriott-hotel\\\/#article\",\"isPartOf\":{\"@id\":\"https:\\\/\\\/infocul.pt\\\/arquivo\\\/actualidade\\\/ao-sabado-o-brunch-e-no-lisbon-marriott-hotel\\\/\"},\"author\":{\"name\":\"Redac\u00e7\u00e3o\",\"@id\":\"https:\\\/\\\/infocul.pt\\\/arquivo\\\/#\\\/schema\\\/person\\\/f243f45ae8d67639120a7586884f3abc\"},\"headline\":\"Ao s\u00e1bado, o brunch \u00e9 no Lisbon Marriott Hotel\",\"datePublished\":\"2020-02-24T16:49:34+00:00\",\"mainEntityOfPage\":{\"@id\":\"https:\\\/\\\/infocul.pt\\\/arquivo\\\/actualidade\\\/ao-sabado-o-brunch-e-no-lisbon-marriott-hotel\\\/\"},\"wordCount\":282,\"commentCount\":0,\"publisher\":{\"@id\":\"https:\\\/\\\/infocul.pt\\\/arquivo\\\/#organization\"},\"image\":{\"@id\":\"https:\\\/\\\/infocul.pt\\\/arquivo\\\/actualidade\\\/ao-sabado-o-brunch-e-no-lisbon-marriott-hotel\\\/#primaryimage\"},\"thumbnailUrl\":\"https:\\\/\\\/infocul.pt\\\/arquivo\\\/wp-content\\\/uploads\\\/2020\\\/02\\\/Citrus-Brunch-set-up_winter.jpg\",\"keywords\":[\"Lisbon Marriott Hotel\"],\"articleSection\":[\"Actualidade\",\"Turismo\"],\"inLanguage\":\"pt-PT\"},{\"@type\":\"WebPage\",\"@id\":\"https:\\\/\\\/infocul.pt\\\/arquivo\\\/actualidade\\\/ao-sabado-o-brunch-e-no-lisbon-marriott-hotel\\\/\",\"url\":\"https:\\\/\\\/infocul.pt\\\/arquivo\\\/actualidade\\\/ao-sabado-o-brunch-e-no-lisbon-marriott-hotel\\\/\",\"name\":\"Ao s\u00e1bado, o brunch \u00e9 no Lisbon Marriott Hotel | Infocul.pt - Arquivo Digital\",\"isPartOf\":{\"@id\":\"https:\\\/\\\/infocul.pt\\\/arquivo\\\/#website\"},\"primaryImageOfPage\":{\"@id\":\"https:\\\/\\\/infocul.pt\\\/arquivo\\\/actualidade\\\/ao-sabado-o-brunch-e-no-lisbon-marriott-hotel\\\/#primaryimage\"},\"image\":{\"@id\":\"https:\\\/\\\/infocul.pt\\\/arquivo\\\/actualidade\\\/ao-sabado-o-brunch-e-no-lisbon-marriott-hotel\\\/#primaryimage\"},\"thumbnailUrl\":\"https:\\\/\\\/infocul.pt\\\/arquivo\\\/wp-content\\\/uploads\\\/2020\\\/02\\\/Citrus-Brunch-set-up_winter.jpg\",\"datePublished\":\"2020-02-24T16:49:34+00:00\",\"description\":\"Ao s\u00e1bado, o brunch \u00e9 no Lisbon Marriott Hotel | Infocul.pt - Arquivo Digital\",\"breadcrumb\":{\"@id\":\"https:\\\/\\\/infocul.pt\\\/arquivo\\\/actualidade\\\/ao-sabado-o-brunch-e-no-lisbon-marriott-hotel\\\/#breadcrumb\"},\"inLanguage\":\"pt-PT\",\"potentialAction\":[{\"@type\":\"ReadAction\",\"target\":[\"https:\\\/\\\/infocul.pt\\\/arquivo\\\/actualidade\\\/ao-sabado-o-brunch-e-no-lisbon-marriott-hotel\\\/\"]}]},{\"@type\":\"ImageObject\",\"inLanguage\":\"pt-PT\",\"@id\":\"https:\\\/\\\/infocul.pt\\\/arquivo\\\/actualidade\\\/ao-sabado-o-brunch-e-no-lisbon-marriott-hotel\\\/#primaryimage\",\"url\":\"https:\\\/\\\/infocul.pt\\\/arquivo\\\/wp-content\\\/uploads\\\/2020\\\/02\\\/Citrus-Brunch-set-up_winter.jpg\",\"contentUrl\":\"https:\\\/\\\/infocul.pt\\\/arquivo\\\/wp-content\\\/uploads\\\/2020\\\/02\\\/Citrus-Brunch-set-up_winter.jpg\",\"width\":1024,\"height\":680},{\"@type\":\"BreadcrumbList\",\"@id\":\"https:\\\/\\\/infocul.pt\\\/arquivo\\\/actualidade\\\/ao-sabado-o-brunch-e-no-lisbon-marriott-hotel\\\/#breadcrumb\",\"itemListElement\":[{\"@type\":\"ListItem\",\"position\":1,\"name\":\"Home\",\"item\":\"https:\\\/\\\/infocul.pt\\\/arquivo\\\/\"},{\"@type\":\"ListItem\",\"position\":2,\"name\":\"Ao s\u00e1bado, o brunch \u00e9 no Lisbon Marriott Hotel\"}]},{\"@type\":\"WebSite\",\"@id\":\"https:\\\/\\\/infocul.pt\\\/arquivo\\\/#website\",\"url\":\"https:\\\/\\\/infocul.pt\\\/arquivo\\\/\",\"name\":\"Infocul.pt - Arquivo Digital\",\"description\":\"Arquivo digital da Infocul.pt\",\"publisher\":{\"@id\":\"https:\\\/\\\/infocul.pt\\\/arquivo\\\/#organization\"},\"potentialAction\":[{\"@type\":\"SearchAction\",\"target\":{\"@type\":\"EntryPoint\",\"urlTemplate\":\"https:\\\/\\\/infocul.pt\\\/arquivo\\\/?s={search_term_string}\"},\"query-input\":{\"@type\":\"PropertyValueSpecification\",\"valueRequired\":true,\"valueName\":\"search_term_string\"}}],\"inLanguage\":\"pt-PT\"},{\"@type\":\"Organization\",\"@id\":\"https:\\\/\\\/infocul.pt\\\/arquivo\\\/#organization\",\"name\":\"Infocul.pt\",\"url\":\"https:\\\/\\\/infocul.pt\\\/arquivo\\\/\",\"logo\":{\"@type\":\"ImageObject\",\"inLanguage\":\"pt-PT\",\"@id\":\"https:\\\/\\\/infocul.pt\\\/arquivo\\\/#\\\/schema\\\/logo\\\/image\\\/\",\"url\":\"https:\\\/\\\/infocul.pt\\\/arquivo\\\/wp-content\\\/uploads\\\/2018\\\/12\\\/Infocul_logo-1.png\",\"contentUrl\":\"https:\\\/\\\/infocul.pt\\\/arquivo\\\/wp-content\\\/uploads\\\/2018\\\/12\\\/Infocul_logo-1.png\",\"width\":800,\"height\":800,\"caption\":\"Infocul.pt\"},\"image\":{\"@id\":\"https:\\\/\\\/infocul.pt\\\/arquivo\\\/#\\\/schema\\\/logo\\\/image\\\/\"},\"sameAs\":[\"https:\\\/\\\/www.facebook.com\\\/Infocul-147816815585015\\\/\",\"https:\\\/\\\/x.com\\\/Infoculpt\",\"http:\\\/\\\/www.pictaram.com\\\/user\\\/infocul.pt\\\/2370423710\",\"https:\\\/\\\/www.youtube.com\\\/channel\\\/UCYEB91AGI9FL9ek2i_IaQAA\"]},{\"@type\":\"Person\",\"@id\":\"https:\\\/\\\/infocul.pt\\\/arquivo\\\/#\\\/schema\\\/person\\\/f243f45ae8d67639120a7586884f3abc\",\"name\":\"Redac\u00e7\u00e3o\",\"image\":{\"@type\":\"ImageObject\",\"inLanguage\":\"pt-PT\",\"@id\":\"https:\\\/\\\/secure.gravatar.com\\\/avatar\\\/151b1b76c598ab5e749407223bd6c1bad4e41c4e95de3c3df83540ebee2deaf8?s=96&d=mm&r=g\",\"url\":\"https:\\\/\\\/secure.gravatar.com\\\/avatar\\\/151b1b76c598ab5e749407223bd6c1bad4e41c4e95de3c3df83540ebee2deaf8?s=96&d=mm&r=g\",\"contentUrl\":\"https:\\\/\\\/secure.gravatar.com\\\/avatar\\\/151b1b76c598ab5e749407223bd6c1bad4e41c4e95de3c3df83540ebee2deaf8?s=96&d=mm&r=g\",\"caption\":\"Redac\u00e7\u00e3o\"}}]}<\/script>\n<!-- \/ Yoast SEO plugin. -->","yoast_head_json":{"title":"Ao s\u00e1bado, o brunch \u00e9 no Lisbon Marriott Hotel | Infocul.pt - Arquivo Digital","description":"Ao s\u00e1bado, o brunch \u00e9 no Lisbon Marriott Hotel | Infocul.pt - Arquivo Digital","robots":{"index":"noindex","follow":"follow","max-snippet":"max-snippet:-1","max-image-preview":"max-image-preview:large","max-video-preview":"max-video-preview:-1"},"og_locale":"pt_PT","og_type":"article","og_title":"Ao s\u00e1bado, o brunch \u00e9 no Lisbon Marriott Hotel | Infocul.pt - Arquivo Digital","og_description":"Ao s\u00e1bado, o brunch \u00e9 no Lisbon Marriott Hotel | Infocul.pt - Arquivo Digital","og_url":"https:\/\/infocul.pt\/arquivo\/actualidade\/ao-sabado-o-brunch-e-no-lisbon-marriott-hotel\/","og_site_name":"Infocul.pt - Arquivo Digital","article_publisher":"https:\/\/www.facebook.com\/Infocul-147816815585015\/","article_published_time":"2020-02-24T16:49:34+00:00","og_image":[{"width":1024,"height":680,"url":"https:\/\/infocul.pt\/arquivo\/wp-content\/uploads\/2020\/02\/Citrus-Brunch-set-up_winter.jpg","type":"image\/jpeg"}],"author":"Redac\u00e7\u00e3o","twitter_card":"summary_large_image","twitter_creator":"@Infoculpt","twitter_site":"@Infoculpt","twitter_misc":{"Escrito por":"Redac\u00e7\u00e3o","Tempo estimado de leitura":"1 minuto"},"schema":{"@context":"https:\/\/schema.org","@graph":[{"@type":"Article","@id":"https:\/\/infocul.pt\/arquivo\/actualidade\/ao-sabado-o-brunch-e-no-lisbon-marriott-hotel\/#article","isPartOf":{"@id":"https:\/\/infocul.pt\/arquivo\/actualidade\/ao-sabado-o-brunch-e-no-lisbon-marriott-hotel\/"},"author":{"name":"Redac\u00e7\u00e3o","@id":"https:\/\/infocul.pt\/arquivo\/#\/schema\/person\/f243f45ae8d67639120a7586884f3abc"},"headline":"Ao s\u00e1bado, o brunch \u00e9 no Lisbon Marriott Hotel","datePublished":"2020-02-24T16:49:34+00:00","mainEntityOfPage":{"@id":"https:\/\/infocul.pt\/arquivo\/actualidade\/ao-sabado-o-brunch-e-no-lisbon-marriott-hotel\/"},"wordCount":282,"commentCount":0,"publisher":{"@id":"https:\/\/infocul.pt\/arquivo\/#organization"},"image":{"@id":"https:\/\/infocul.pt\/arquivo\/actualidade\/ao-sabado-o-brunch-e-no-lisbon-marriott-hotel\/#primaryimage"},"thumbnailUrl":"https:\/\/infocul.pt\/arquivo\/wp-content\/uploads\/2020\/02\/Citrus-Brunch-set-up_winter.jpg","keywords":["Lisbon Marriott Hotel"],"articleSection":["Actualidade","Turismo"],"inLanguage":"pt-PT"},{"@type":"WebPage","@id":"https:\/\/infocul.pt\/arquivo\/actualidade\/ao-sabado-o-brunch-e-no-lisbon-marriott-hotel\/","url":"https:\/\/infocul.pt\/arquivo\/actualidade\/ao-sabado-o-brunch-e-no-lisbon-marriott-hotel\/","name":"Ao s\u00e1bado, o brunch \u00e9 no Lisbon Marriott Hotel | Infocul.pt - Arquivo Digital","isPartOf":{"@id":"https:\/\/infocul.pt\/arquivo\/#website"},"primaryImageOfPage":{"@id":"https:\/\/infocul.pt\/arquivo\/actualidade\/ao-sabado-o-brunch-e-no-lisbon-marriott-hotel\/#primaryimage"},"image":{"@id":"https:\/\/infocul.pt\/arquivo\/actualidade\/ao-sabado-o-brunch-e-no-lisbon-marriott-hotel\/#primaryimage"},"thumbnailUrl":"https:\/\/infocul.pt\/arquivo\/wp-content\/uploads\/2020\/02\/Citrus-Brunch-set-up_winter.jpg","datePublished":"2020-02-24T16:49:34+00:00","description":"Ao s\u00e1bado, o brunch \u00e9 no Lisbon Marriott Hotel | Infocul.pt - Arquivo Digital","breadcrumb":{"@id":"https:\/\/infocul.pt\/arquivo\/actualidade\/ao-sabado-o-brunch-e-no-lisbon-marriott-hotel\/#breadcrumb"},"inLanguage":"pt-PT","potentialAction":[{"@type":"ReadAction","target":["https:\/\/infocul.pt\/arquivo\/actualidade\/ao-sabado-o-brunch-e-no-lisbon-marriott-hotel\/"]}]},{"@type":"ImageObject","inLanguage":"pt-PT","@id":"https:\/\/infocul.pt\/arquivo\/actualidade\/ao-sabado-o-brunch-e-no-lisbon-marriott-hotel\/#primaryimage","url":"https:\/\/infocul.pt\/arquivo\/wp-content\/uploads\/2020\/02\/Citrus-Brunch-set-up_winter.jpg","contentUrl":"https:\/\/infocul.pt\/arquivo\/wp-content\/uploads\/2020\/02\/Citrus-Brunch-set-up_winter.jpg","width":1024,"height":680},{"@type":"BreadcrumbList","@id":"https:\/\/infocul.pt\/arquivo\/actualidade\/ao-sabado-o-brunch-e-no-lisbon-marriott-hotel\/#breadcrumb","itemListElement":[{"@type":"ListItem","position":1,"name":"Home","item":"https:\/\/infocul.pt\/arquivo\/"},{"@type":"ListItem","position":2,"name":"Ao s\u00e1bado, o brunch \u00e9 no Lisbon Marriott Hotel"}]},{"@type":"WebSite","@id":"https:\/\/infocul.pt\/arquivo\/#website","url":"https:\/\/infocul.pt\/arquivo\/","name":"Infocul.pt - Arquivo Digital","description":"Arquivo digital da Infocul.pt","publisher":{"@id":"https:\/\/infocul.pt\/arquivo\/#organization"},"potentialAction":[{"@type":"SearchAction","target":{"@type":"EntryPoint","urlTemplate":"https:\/\/infocul.pt\/arquivo\/?s={search_term_string}"},"query-input":{"@type":"PropertyValueSpecification","valueRequired":true,"valueName":"search_term_string"}}],"inLanguage":"pt-PT"},{"@type":"Organization","@id":"https:\/\/infocul.pt\/arquivo\/#organization","name":"Infocul.pt","url":"https:\/\/infocul.pt\/arquivo\/","logo":{"@type":"ImageObject","inLanguage":"pt-PT","@id":"https:\/\/infocul.pt\/arquivo\/#\/schema\/logo\/image\/","url":"https:\/\/infocul.pt\/arquivo\/wp-content\/uploads\/2018\/12\/Infocul_logo-1.png","contentUrl":"https:\/\/infocul.pt\/arquivo\/wp-content\/uploads\/2018\/12\/Infocul_logo-1.png","width":800,"height":800,"caption":"Infocul.pt"},"image":{"@id":"https:\/\/infocul.pt\/arquivo\/#\/schema\/logo\/image\/"},"sameAs":["https:\/\/www.facebook.com\/Infocul-147816815585015\/","https:\/\/x.com\/Infoculpt","http:\/\/www.pictaram.com\/user\/infocul.pt\/2370423710","https:\/\/www.youtube.com\/channel\/UCYEB91AGI9FL9ek2i_IaQAA"]},{"@type":"Person","@id":"https:\/\/infocul.pt\/arquivo\/#\/schema\/person\/f243f45ae8d67639120a7586884f3abc","name":"Redac\u00e7\u00e3o","image":{"@type":"ImageObject","inLanguage":"pt-PT","@id":"https:\/\/secure.gravatar.com\/avatar\/151b1b76c598ab5e749407223bd6c1bad4e41c4e95de3c3df83540ebee2deaf8?s=96&d=mm&r=g","url":"https:\/\/secure.gravatar.com\/avatar\/151b1b76c598ab5e749407223bd6c1bad4e41c4e95de3c3df83540ebee2deaf8?s=96&d=mm&r=g","contentUrl":"https:\/\/secure.gravatar.com\/avatar\/151b1b76c598ab5e749407223bd6c1bad4e41c4e95de3c3df83540ebee2deaf8?s=96&d=mm&r=g","caption":"Redac\u00e7\u00e3o"}}]}},"_links":{"self":[{"href":"https:\/\/infocul.pt\/arquivo\/wp-json\/wp\/v2\/posts\/67131","targetHints":{"allow":["GET"]}}],"collection":[{"href":"https:\/\/infocul.pt\/arquivo\/wp-json\/wp\/v2\/posts"}],"about":[{"href":"https:\/\/infocul.pt\/arquivo\/wp-json\/wp\/v2\/types\/post"}],"author":[{"embeddable":true,"href":"https:\/\/infocul.pt\/arquivo\/wp-json\/wp\/v2\/users\/13"}],"replies":[{"embeddable":true,"href":"https:\/\/infocul.pt\/arquivo\/wp-json\/wp\/v2\/comments?post=67131"}],"version-history":[{"count":0,"href":"https:\/\/infocul.pt\/arquivo\/wp-json\/wp\/v2\/posts\/67131\/revisions"}],"wp:featuredmedia":[{"embeddable":true,"href":"https:\/\/infocul.pt\/arquivo\/wp-json\/wp\/v2\/media\/67132"}],"wp:attachment":[{"href":"https:\/\/infocul.pt\/arquivo\/wp-json\/wp\/v2\/media?parent=67131"}],"wp:term":[{"taxonomy":"category","embeddable":true,"href":"https:\/\/infocul.pt\/arquivo\/wp-json\/wp\/v2\/categories?post=67131"},{"taxonomy":"post_tag","embeddable":true,"href":"https:\/\/infocul.pt\/arquivo\/wp-json\/wp\/v2\/tags?post=67131"}],"curies":[{"name":"wp","href":"https:\/\/api.w.org\/{rel}","templated":true}]}}