{"id":67144,"date":"2020-02-25T08:45:05","date_gmt":"2020-02-25T08:45:05","guid":{"rendered":"https:\/\/infocul.pt\/?p=67144"},"modified":"2020-02-25T09:44:45","modified_gmt":"2020-02-25T09:44:45","slug":"chakallices-chakall-pulga-o-regresso","status":"publish","type":"post","link":"https:\/\/infocul.pt\/arquivo\/destaque\/chakallices-chakall-pulga-o-regresso\/","title":{"rendered":"Chakallices:  Chakall &#038; Pulga, o \u201cregresso\u201d!"},"content":{"rendered":"<p align=\"left\"><img decoding=\"async\" class=\"aligncenter wp-image-60124 size-full lazyload\" data-src=\"https:\/\/infocul.pt\/arquivo\/wp-content\/uploads\/2019\/09\/Banner-Chakallices.png\" alt=\"\" width=\"800\" height=\"445\" data-srcset=\"https:\/\/infocul.pt\/arquivo\/wp-content\/uploads\/2019\/09\/Banner-Chakallices.png 800w, https:\/\/infocul.pt\/arquivo\/wp-content\/uploads\/2019\/09\/Banner-Chakallices-300x167.png 300w, https:\/\/infocul.pt\/arquivo\/wp-content\/uploads\/2019\/09\/Banner-Chakallices-768x427.png 768w\" data-sizes=\"(max-width: 800px) 100vw, 800px\" src=\"data:image\/svg+xml;base64,PHN2ZyB3aWR0aD0iMSIgaGVpZ2h0PSIxIiB4bWxucz0iaHR0cDovL3d3dy53My5vcmcvMjAwMC9zdmciPjwvc3ZnPg==\" style=\"--smush-placeholder-width: 800px; --smush-placeholder-aspect-ratio: 800\/445;\" \/><\/p>\n<p align=\"left\"><span style=\"font-family: Liberation Serif, serif;\"><span style=\"font-size: medium;\">Por estes dias, o canal My Cuisine estreou no canal a s\u00e9rie \u201cChakall &amp; Pulga\u201d, um programa que idealizei h\u00e1 10 anos e que teve 2 temporadas. H\u00e1 quem diga que n\u00e3o devemos voltar aos lugares onde fomos felizes, talvez com receio de estragar mem\u00f3rias boas. Permitam-me discordar&#8230; <\/span><\/span><!--more--><\/p>\n<p align=\"justify\"><span style=\"font-family: Liberation Serif, serif;\"><span style=\"font-size: medium;\">Regressar a \u201cChakall &amp; Pulga\u201d \u00e9 regressar a um tempo feliz, onde conheci, ao longo de 26 epis\u00f3dios, muitos locais de Portugal, muitas pessoas encantadoras, muito conhecimento popular, muitas tradi\u00e7\u00f5es e, claro, muita da gastronomia portuguesa que ainda desconhecia. E regressar a esses sabores nunca \u00e9 m\u00e1 ideia!<\/span><\/span><\/p>\n<p align=\"justify\"><span style=\"font-family: Liberation Serif, serif;\"><span style=\"font-size: medium;\">Mas deixem-me partilhar convosco como tudo come\u00e7ou antes do \u201cluzes, c\u00e2mara, ac\u00e7\u00e3o!\u201d.<\/span><\/span><\/p>\n<p align=\"justify\"><span style=\"font-family: Liberation Serif, serif;\"><span style=\"font-size: medium;\">Nessa altura, eu vivia na Lourinh\u00e3, mas passava muito tempo a viajar, quer dentro de Portugal, quer para fora. Um dia, depois de um dia de trabalho em Lisboa regressava a casa de mota, quando tive que parar na estrada para satisfazer um capricho do corpinho&#8230; Quando desci da mota ouvi um c\u00e3o a ladrar que se aproximou de mim. Ficou ali, a olhar para mim. Quando terminei subi para a mota para continuar caminho, mas o c\u00e3ozito n\u00e3o parava de latir. Ainda um pouco hesitante, olhei para ele e pensei que se o deixasse ali algum carro haveria de o atropelar, ou que ia ficar ali ao abandono e acabaria por morrer. Dizem que s\u00e3o os animais que nos adoptam e parece que foi o caso&#8230;<\/span><\/span><\/p>\n<p align=\"justify\"><span style=\"font-family: Liberation Serif, serif;\"><span style=\"font-size: medium;\">Desci, peguei no c\u00e3o &#8211; que afinal era uma cadela -, enfiei-a dentro do casaco e segui caminho at\u00e9 casa. Quando cheguei, escusado ser\u00e1 dizer que tinha o casaco todo molhado e cheio de pulgas! Ficou automaticamente \u201cbaptizada\u201d: Pulga!<\/span><\/span><\/p>\n<p align=\"justify\"><span style=\"font-family: Liberation Serif, serif;\"><span style=\"font-size: medium;\">Tratei dela, alimentei-a e passou a ser a minha companheira de aventuras. Um dia disse-lhe: \u201cachas que isto \u00e9 s\u00f3 comer e dormir? N\u00e3o te chega j\u00e1 de boa vida?\u201d e foi assim que a ideia de partir para a estrada com a Pulga e uma motoreta para cozinhar por terras lusas come\u00e7ou a ser desenhada.<\/span><\/span><\/p>\n<p align=\"justify\"><span style=\"font-family: Liberation Serif, serif;\"><span style=\"font-size: medium;\">Depois da Pulga, j\u00e1 houve, at\u00e9 noutros pa\u00edses, outras cadelas. A Mang\u00fa, por exemplo, que fez comigo o \u201cChakall y Mang\u00fa\u201d, na Rep\u00fablica Dominicana.<\/span><\/span><\/p>\n<p align=\"justify\"><span style=\"font-family: Liberation Serif, serif;\"><span style=\"font-size: medium;\">Mas&#8230; n\u00e3o h\u00e1 amor como o primeiro e a Pulga foi de facto uma companheira de quatro patas como n\u00e3o haver\u00e1 outra!<\/span><\/span><\/p>\n<p align=\"justify\"><span style=\"font-family: Liberation Serif, serif;\"><span style=\"font-size: medium;\">Foi com ela que conheci muitas terras portuguesas at\u00e9 ent\u00e3o desconhecidas para mim e que provei muitas iguarias regionais que ainda hoje salivo s\u00f3 de pensar nelas!<\/span><\/span><\/p>\n<p align=\"justify\"><span style=\"font-family: Liberation Serif, serif;\"><span style=\"font-size: medium;\">Ela foi de tal forma marcante no panorama televisivo que ainda hoje quando vou a alguns eventos por esse Portugal fora me perguntam pela Pulga! Acho que ficou mais famosa que eu [sorriso]<\/span><\/span><\/p>\n<p align=\"justify\"><img decoding=\"async\" class=\"aligncenter wp-image-67145 size-full lazyload\" data-src=\"https:\/\/infocul.pt\/arquivo\/wp-content\/uploads\/2020\/02\/Chakall-Pulga_3.jpg\" alt=\"\" width=\"1024\" height=\"682\" data-srcset=\"https:\/\/infocul.pt\/arquivo\/wp-content\/uploads\/2020\/02\/Chakall-Pulga_3.jpg 1024w, https:\/\/infocul.pt\/arquivo\/wp-content\/uploads\/2020\/02\/Chakall-Pulga_3-300x200.jpg 300w, https:\/\/infocul.pt\/arquivo\/wp-content\/uploads\/2020\/02\/Chakall-Pulga_3-768x512.jpg 768w\" data-sizes=\"(max-width: 1024px) 100vw, 1024px\" src=\"data:image\/svg+xml;base64,PHN2ZyB3aWR0aD0iMSIgaGVpZ2h0PSIxIiB4bWxucz0iaHR0cDovL3d3dy53My5vcmcvMjAwMC9zdmciPjwvc3ZnPg==\" style=\"--smush-placeholder-width: 1024px; --smush-placeholder-aspect-ratio: 1024\/682;\" \/><\/p>\n","protected":false},"excerpt":{"rendered":"<p>Por estes dias, o canal My Cuisine estreou no canal a s\u00e9rie \u201cChakall &amp; Pulga\u201d, um programa que idealizei h\u00e1 10 anos e que teve 2 temporadas. H\u00e1 quem diga que n\u00e3o devemos voltar aos lugares onde fomos felizes, talvez com receio de estragar mem\u00f3rias boas. Permitam-me discordar&#8230;<\/p>\n","protected":false},"author":19,"featured_media":67146,"comment_status":"open","ping_status":"closed","sticky":false,"template":"","format":"standard","meta":{"footnotes":""},"categories":[36,4121,15],"tags":[4132,7780],"class_list":["post-67144","post","type-post","status-publish","format-standard","has-post-thumbnail","hentry","category-destaque","category-opiniao","category-social-e-lifestyle","tag-chakall","tag-chakallices"],"yoast_head":"<!-- This site is optimized with the Yoast SEO plugin v27.5 - https:\/\/yoast.com\/product\/yoast-seo-wordpress\/ -->\n<title>Chakallices: Chakall &amp; Pulga, o \u201cregresso\u201d! | Infocul.pt - Arquivo Digital<\/title>\n<meta name=\"description\" content=\"Chakallices: Chakall &amp; Pulga, o \u201cregresso\u201d! | Infocul.pt - Arquivo Digital\" \/>\n<meta name=\"robots\" content=\"noindex, follow, max-snippet:-1, max-image-preview:large, max-video-preview:-1\" \/>\n<meta property=\"og:locale\" content=\"pt_PT\" \/>\n<meta property=\"og:type\" content=\"article\" \/>\n<meta property=\"og:title\" content=\"Chakallices: Chakall &amp; Pulga, o \u201cregresso\u201d! | Infocul.pt - Arquivo Digital\" \/>\n<meta property=\"og:description\" content=\"Chakallices: Chakall &amp; Pulga, o \u201cregresso\u201d! | Infocul.pt - Arquivo Digital\" \/>\n<meta property=\"og:url\" content=\"https:\/\/infocul.pt\/arquivo\/destaque\/chakallices-chakall-pulga-o-regresso\/\" \/>\n<meta property=\"og:site_name\" content=\"Infocul.pt - Arquivo Digital\" \/>\n<meta property=\"article:publisher\" content=\"https:\/\/www.facebook.com\/Infocul-147816815585015\/\" \/>\n<meta property=\"article:published_time\" content=\"2020-02-25T08:45:05+00:00\" \/>\n<meta property=\"article:modified_time\" content=\"2020-02-25T09:44:45+00:00\" \/>\n<meta property=\"og:image\" content=\"https:\/\/infocul.pt\/arquivo\/wp-content\/uploads\/2020\/02\/DSC05752-scaled.jpg\" \/>\n\t<meta property=\"og:image:width\" content=\"1024\" \/>\n\t<meta property=\"og:image:height\" content=\"683\" \/>\n\t<meta property=\"og:image:type\" content=\"image\/jpeg\" \/>\n<meta name=\"author\" content=\"Chakall\" \/>\n<meta name=\"twitter:card\" content=\"summary_large_image\" \/>\n<meta name=\"twitter:creator\" content=\"@Infoculpt\" \/>\n<meta name=\"twitter:site\" content=\"@Infoculpt\" \/>\n<meta name=\"twitter:label1\" content=\"Escrito por\" \/>\n\t<meta name=\"twitter:data1\" content=\"Chakall\" \/>\n\t<meta name=\"twitter:label2\" content=\"Tempo estimado de leitura\" \/>\n\t<meta name=\"twitter:data2\" content=\"2 minutos\" \/>\n<script type=\"application\/ld+json\" class=\"yoast-schema-graph\">{\"@context\":\"https:\\\/\\\/schema.org\",\"@graph\":[{\"@type\":\"Article\",\"@id\":\"https:\\\/\\\/infocul.pt\\\/arquivo\\\/destaque\\\/chakallices-chakall-pulga-o-regresso\\\/#article\",\"isPartOf\":{\"@id\":\"https:\\\/\\\/infocul.pt\\\/arquivo\\\/destaque\\\/chakallices-chakall-pulga-o-regresso\\\/\"},\"author\":{\"name\":\"Chakall\",\"@id\":\"https:\\\/\\\/infocul.pt\\\/arquivo\\\/#\\\/schema\\\/person\\\/a69022b7d063b56a939dff966f678168\"},\"headline\":\"Chakallices: Chakall &#038; Pulga, o \u201cregresso\u201d!\",\"datePublished\":\"2020-02-25T08:45:05+00:00\",\"dateModified\":\"2020-02-25T09:44:45+00:00\",\"mainEntityOfPage\":{\"@id\":\"https:\\\/\\\/infocul.pt\\\/arquivo\\\/destaque\\\/chakallices-chakall-pulga-o-regresso\\\/\"},\"wordCount\":455,\"commentCount\":0,\"publisher\":{\"@id\":\"https:\\\/\\\/infocul.pt\\\/arquivo\\\/#organization\"},\"image\":{\"@id\":\"https:\\\/\\\/infocul.pt\\\/arquivo\\\/destaque\\\/chakallices-chakall-pulga-o-regresso\\\/#primaryimage\"},\"thumbnailUrl\":\"https:\\\/\\\/infocul.pt\\\/arquivo\\\/wp-content\\\/uploads\\\/2020\\\/02\\\/DSC05752-scaled.jpg\",\"keywords\":[\"Chakall\",\"Chakallices\"],\"articleSection\":[\"Destaque\",\"Opini\u00e3o\",\"Social &amp; LifeStyle\"],\"inLanguage\":\"pt-PT\"},{\"@type\":\"WebPage\",\"@id\":\"https:\\\/\\\/infocul.pt\\\/arquivo\\\/destaque\\\/chakallices-chakall-pulga-o-regresso\\\/\",\"url\":\"https:\\\/\\\/infocul.pt\\\/arquivo\\\/destaque\\\/chakallices-chakall-pulga-o-regresso\\\/\",\"name\":\"Chakallices: Chakall & Pulga, o \u201cregresso\u201d! | Infocul.pt - Arquivo Digital\",\"isPartOf\":{\"@id\":\"https:\\\/\\\/infocul.pt\\\/arquivo\\\/#website\"},\"primaryImageOfPage\":{\"@id\":\"https:\\\/\\\/infocul.pt\\\/arquivo\\\/destaque\\\/chakallices-chakall-pulga-o-regresso\\\/#primaryimage\"},\"image\":{\"@id\":\"https:\\\/\\\/infocul.pt\\\/arquivo\\\/destaque\\\/chakallices-chakall-pulga-o-regresso\\\/#primaryimage\"},\"thumbnailUrl\":\"https:\\\/\\\/infocul.pt\\\/arquivo\\\/wp-content\\\/uploads\\\/2020\\\/02\\\/DSC05752-scaled.jpg\",\"datePublished\":\"2020-02-25T08:45:05+00:00\",\"dateModified\":\"2020-02-25T09:44:45+00:00\",\"description\":\"Chakallices: Chakall & Pulga, o \u201cregresso\u201d! | Infocul.pt - Arquivo Digital\",\"breadcrumb\":{\"@id\":\"https:\\\/\\\/infocul.pt\\\/arquivo\\\/destaque\\\/chakallices-chakall-pulga-o-regresso\\\/#breadcrumb\"},\"inLanguage\":\"pt-PT\",\"potentialAction\":[{\"@type\":\"ReadAction\",\"target\":[\"https:\\\/\\\/infocul.pt\\\/arquivo\\\/destaque\\\/chakallices-chakall-pulga-o-regresso\\\/\"]}]},{\"@type\":\"ImageObject\",\"inLanguage\":\"pt-PT\",\"@id\":\"https:\\\/\\\/infocul.pt\\\/arquivo\\\/destaque\\\/chakallices-chakall-pulga-o-regresso\\\/#primaryimage\",\"url\":\"https:\\\/\\\/infocul.pt\\\/arquivo\\\/wp-content\\\/uploads\\\/2020\\\/02\\\/DSC05752-scaled.jpg\",\"contentUrl\":\"https:\\\/\\\/infocul.pt\\\/arquivo\\\/wp-content\\\/uploads\\\/2020\\\/02\\\/DSC05752-scaled.jpg\",\"width\":1024,\"height\":683,\"caption\":\"SONY DSC\"},{\"@type\":\"BreadcrumbList\",\"@id\":\"https:\\\/\\\/infocul.pt\\\/arquivo\\\/destaque\\\/chakallices-chakall-pulga-o-regresso\\\/#breadcrumb\",\"itemListElement\":[{\"@type\":\"ListItem\",\"position\":1,\"name\":\"Home\",\"item\":\"https:\\\/\\\/infocul.pt\\\/arquivo\\\/\"},{\"@type\":\"ListItem\",\"position\":2,\"name\":\"Chakallices: Chakall &#038; Pulga, o \u201cregresso\u201d!\"}]},{\"@type\":\"WebSite\",\"@id\":\"https:\\\/\\\/infocul.pt\\\/arquivo\\\/#website\",\"url\":\"https:\\\/\\\/infocul.pt\\\/arquivo\\\/\",\"name\":\"Infocul.pt - Arquivo Digital\",\"description\":\"Arquivo digital da Infocul.pt\",\"publisher\":{\"@id\":\"https:\\\/\\\/infocul.pt\\\/arquivo\\\/#organization\"},\"potentialAction\":[{\"@type\":\"SearchAction\",\"target\":{\"@type\":\"EntryPoint\",\"urlTemplate\":\"https:\\\/\\\/infocul.pt\\\/arquivo\\\/?s={search_term_string}\"},\"query-input\":{\"@type\":\"PropertyValueSpecification\",\"valueRequired\":true,\"valueName\":\"search_term_string\"}}],\"inLanguage\":\"pt-PT\"},{\"@type\":\"Organization\",\"@id\":\"https:\\\/\\\/infocul.pt\\\/arquivo\\\/#organization\",\"name\":\"Infocul.pt\",\"url\":\"https:\\\/\\\/infocul.pt\\\/arquivo\\\/\",\"logo\":{\"@type\":\"ImageObject\",\"inLanguage\":\"pt-PT\",\"@id\":\"https:\\\/\\\/infocul.pt\\\/arquivo\\\/#\\\/schema\\\/logo\\\/image\\\/\",\"url\":\"https:\\\/\\\/infocul.pt\\\/arquivo\\\/wp-content\\\/uploads\\\/2018\\\/12\\\/Infocul_logo-1.png\",\"contentUrl\":\"https:\\\/\\\/infocul.pt\\\/arquivo\\\/wp-content\\\/uploads\\\/2018\\\/12\\\/Infocul_logo-1.png\",\"width\":800,\"height\":800,\"caption\":\"Infocul.pt\"},\"image\":{\"@id\":\"https:\\\/\\\/infocul.pt\\\/arquivo\\\/#\\\/schema\\\/logo\\\/image\\\/\"},\"sameAs\":[\"https:\\\/\\\/www.facebook.com\\\/Infocul-147816815585015\\\/\",\"https:\\\/\\\/x.com\\\/Infoculpt\",\"http:\\\/\\\/www.pictaram.com\\\/user\\\/infocul.pt\\\/2370423710\",\"https:\\\/\\\/www.youtube.com\\\/channel\\\/UCYEB91AGI9FL9ek2i_IaQAA\"]},{\"@type\":\"Person\",\"@id\":\"https:\\\/\\\/infocul.pt\\\/arquivo\\\/#\\\/schema\\\/person\\\/a69022b7d063b56a939dff966f678168\",\"name\":\"Chakall\",\"image\":{\"@type\":\"ImageObject\",\"inLanguage\":\"pt-PT\",\"@id\":\"https:\\\/\\\/secure.gravatar.com\\\/avatar\\\/83e425cd3eed9b1d04a948ea0722eeaf22c65d43abb0896661f053e4a14bbf75?s=96&d=mm&r=g\",\"url\":\"https:\\\/\\\/secure.gravatar.com\\\/avatar\\\/83e425cd3eed9b1d04a948ea0722eeaf22c65d43abb0896661f053e4a14bbf75?s=96&d=mm&r=g\",\"contentUrl\":\"https:\\\/\\\/secure.gravatar.com\\\/avatar\\\/83e425cd3eed9b1d04a948ea0722eeaf22c65d43abb0896661f053e4a14bbf75?s=96&d=mm&r=g\",\"caption\":\"Chakall\"}}]}<\/script>\n<!-- \/ Yoast SEO plugin. -->","yoast_head_json":{"title":"Chakallices: Chakall & Pulga, o \u201cregresso\u201d! | Infocul.pt - Arquivo Digital","description":"Chakallices: Chakall & Pulga, o \u201cregresso\u201d! | Infocul.pt - Arquivo Digital","robots":{"index":"noindex","follow":"follow","max-snippet":"max-snippet:-1","max-image-preview":"max-image-preview:large","max-video-preview":"max-video-preview:-1"},"og_locale":"pt_PT","og_type":"article","og_title":"Chakallices: Chakall & Pulga, o \u201cregresso\u201d! | Infocul.pt - Arquivo Digital","og_description":"Chakallices: Chakall & Pulga, o \u201cregresso\u201d! | Infocul.pt - Arquivo Digital","og_url":"https:\/\/infocul.pt\/arquivo\/destaque\/chakallices-chakall-pulga-o-regresso\/","og_site_name":"Infocul.pt - Arquivo Digital","article_publisher":"https:\/\/www.facebook.com\/Infocul-147816815585015\/","article_published_time":"2020-02-25T08:45:05+00:00","article_modified_time":"2020-02-25T09:44:45+00:00","og_image":[{"width":1024,"height":683,"url":"https:\/\/infocul.pt\/arquivo\/wp-content\/uploads\/2020\/02\/DSC05752-scaled.jpg","type":"image\/jpeg"}],"author":"Chakall","twitter_card":"summary_large_image","twitter_creator":"@Infoculpt","twitter_site":"@Infoculpt","twitter_misc":{"Escrito por":"Chakall","Tempo estimado de leitura":"2 minutos"},"schema":{"@context":"https:\/\/schema.org","@graph":[{"@type":"Article","@id":"https:\/\/infocul.pt\/arquivo\/destaque\/chakallices-chakall-pulga-o-regresso\/#article","isPartOf":{"@id":"https:\/\/infocul.pt\/arquivo\/destaque\/chakallices-chakall-pulga-o-regresso\/"},"author":{"name":"Chakall","@id":"https:\/\/infocul.pt\/arquivo\/#\/schema\/person\/a69022b7d063b56a939dff966f678168"},"headline":"Chakallices: Chakall &#038; Pulga, o \u201cregresso\u201d!","datePublished":"2020-02-25T08:45:05+00:00","dateModified":"2020-02-25T09:44:45+00:00","mainEntityOfPage":{"@id":"https:\/\/infocul.pt\/arquivo\/destaque\/chakallices-chakall-pulga-o-regresso\/"},"wordCount":455,"commentCount":0,"publisher":{"@id":"https:\/\/infocul.pt\/arquivo\/#organization"},"image":{"@id":"https:\/\/infocul.pt\/arquivo\/destaque\/chakallices-chakall-pulga-o-regresso\/#primaryimage"},"thumbnailUrl":"https:\/\/infocul.pt\/arquivo\/wp-content\/uploads\/2020\/02\/DSC05752-scaled.jpg","keywords":["Chakall","Chakallices"],"articleSection":["Destaque","Opini\u00e3o","Social &amp; LifeStyle"],"inLanguage":"pt-PT"},{"@type":"WebPage","@id":"https:\/\/infocul.pt\/arquivo\/destaque\/chakallices-chakall-pulga-o-regresso\/","url":"https:\/\/infocul.pt\/arquivo\/destaque\/chakallices-chakall-pulga-o-regresso\/","name":"Chakallices: Chakall & Pulga, o \u201cregresso\u201d! | Infocul.pt - Arquivo Digital","isPartOf":{"@id":"https:\/\/infocul.pt\/arquivo\/#website"},"primaryImageOfPage":{"@id":"https:\/\/infocul.pt\/arquivo\/destaque\/chakallices-chakall-pulga-o-regresso\/#primaryimage"},"image":{"@id":"https:\/\/infocul.pt\/arquivo\/destaque\/chakallices-chakall-pulga-o-regresso\/#primaryimage"},"thumbnailUrl":"https:\/\/infocul.pt\/arquivo\/wp-content\/uploads\/2020\/02\/DSC05752-scaled.jpg","datePublished":"2020-02-25T08:45:05+00:00","dateModified":"2020-02-25T09:44:45+00:00","description":"Chakallices: Chakall & Pulga, o \u201cregresso\u201d! | Infocul.pt - Arquivo Digital","breadcrumb":{"@id":"https:\/\/infocul.pt\/arquivo\/destaque\/chakallices-chakall-pulga-o-regresso\/#breadcrumb"},"inLanguage":"pt-PT","potentialAction":[{"@type":"ReadAction","target":["https:\/\/infocul.pt\/arquivo\/destaque\/chakallices-chakall-pulga-o-regresso\/"]}]},{"@type":"ImageObject","inLanguage":"pt-PT","@id":"https:\/\/infocul.pt\/arquivo\/destaque\/chakallices-chakall-pulga-o-regresso\/#primaryimage","url":"https:\/\/infocul.pt\/arquivo\/wp-content\/uploads\/2020\/02\/DSC05752-scaled.jpg","contentUrl":"https:\/\/infocul.pt\/arquivo\/wp-content\/uploads\/2020\/02\/DSC05752-scaled.jpg","width":1024,"height":683,"caption":"SONY DSC"},{"@type":"BreadcrumbList","@id":"https:\/\/infocul.pt\/arquivo\/destaque\/chakallices-chakall-pulga-o-regresso\/#breadcrumb","itemListElement":[{"@type":"ListItem","position":1,"name":"Home","item":"https:\/\/infocul.pt\/arquivo\/"},{"@type":"ListItem","position":2,"name":"Chakallices: Chakall &#038; Pulga, o \u201cregresso\u201d!"}]},{"@type":"WebSite","@id":"https:\/\/infocul.pt\/arquivo\/#website","url":"https:\/\/infocul.pt\/arquivo\/","name":"Infocul.pt - Arquivo Digital","description":"Arquivo digital da Infocul.pt","publisher":{"@id":"https:\/\/infocul.pt\/arquivo\/#organization"},"potentialAction":[{"@type":"SearchAction","target":{"@type":"EntryPoint","urlTemplate":"https:\/\/infocul.pt\/arquivo\/?s={search_term_string}"},"query-input":{"@type":"PropertyValueSpecification","valueRequired":true,"valueName":"search_term_string"}}],"inLanguage":"pt-PT"},{"@type":"Organization","@id":"https:\/\/infocul.pt\/arquivo\/#organization","name":"Infocul.pt","url":"https:\/\/infocul.pt\/arquivo\/","logo":{"@type":"ImageObject","inLanguage":"pt-PT","@id":"https:\/\/infocul.pt\/arquivo\/#\/schema\/logo\/image\/","url":"https:\/\/infocul.pt\/arquivo\/wp-content\/uploads\/2018\/12\/Infocul_logo-1.png","contentUrl":"https:\/\/infocul.pt\/arquivo\/wp-content\/uploads\/2018\/12\/Infocul_logo-1.png","width":800,"height":800,"caption":"Infocul.pt"},"image":{"@id":"https:\/\/infocul.pt\/arquivo\/#\/schema\/logo\/image\/"},"sameAs":["https:\/\/www.facebook.com\/Infocul-147816815585015\/","https:\/\/x.com\/Infoculpt","http:\/\/www.pictaram.com\/user\/infocul.pt\/2370423710","https:\/\/www.youtube.com\/channel\/UCYEB91AGI9FL9ek2i_IaQAA"]},{"@type":"Person","@id":"https:\/\/infocul.pt\/arquivo\/#\/schema\/person\/a69022b7d063b56a939dff966f678168","name":"Chakall","image":{"@type":"ImageObject","inLanguage":"pt-PT","@id":"https:\/\/secure.gravatar.com\/avatar\/83e425cd3eed9b1d04a948ea0722eeaf22c65d43abb0896661f053e4a14bbf75?s=96&d=mm&r=g","url":"https:\/\/secure.gravatar.com\/avatar\/83e425cd3eed9b1d04a948ea0722eeaf22c65d43abb0896661f053e4a14bbf75?s=96&d=mm&r=g","contentUrl":"https:\/\/secure.gravatar.com\/avatar\/83e425cd3eed9b1d04a948ea0722eeaf22c65d43abb0896661f053e4a14bbf75?s=96&d=mm&r=g","caption":"Chakall"}}]}},"_links":{"self":[{"href":"https:\/\/infocul.pt\/arquivo\/wp-json\/wp\/v2\/posts\/67144","targetHints":{"allow":["GET"]}}],"collection":[{"href":"https:\/\/infocul.pt\/arquivo\/wp-json\/wp\/v2\/posts"}],"about":[{"href":"https:\/\/infocul.pt\/arquivo\/wp-json\/wp\/v2\/types\/post"}],"author":[{"embeddable":true,"href":"https:\/\/infocul.pt\/arquivo\/wp-json\/wp\/v2\/users\/19"}],"replies":[{"embeddable":true,"href":"https:\/\/infocul.pt\/arquivo\/wp-json\/wp\/v2\/comments?post=67144"}],"version-history":[{"count":0,"href":"https:\/\/infocul.pt\/arquivo\/wp-json\/wp\/v2\/posts\/67144\/revisions"}],"wp:featuredmedia":[{"embeddable":true,"href":"https:\/\/infocul.pt\/arquivo\/wp-json\/wp\/v2\/media\/67146"}],"wp:attachment":[{"href":"https:\/\/infocul.pt\/arquivo\/wp-json\/wp\/v2\/media?parent=67144"}],"wp:term":[{"taxonomy":"category","embeddable":true,"href":"https:\/\/infocul.pt\/arquivo\/wp-json\/wp\/v2\/categories?post=67144"},{"taxonomy":"post_tag","embeddable":true,"href":"https:\/\/infocul.pt\/arquivo\/wp-json\/wp\/v2\/tags?post=67144"}],"curies":[{"name":"wp","href":"https:\/\/api.w.org\/{rel}","templated":true}]}}