{"id":67210,"date":"2020-02-26T13:52:34","date_gmt":"2020-02-26T13:52:34","guid":{"rendered":"https:\/\/infocul.pt\/?p=67210"},"modified":"2020-02-26T13:52:34","modified_gmt":"2020-02-26T13:52:34","slug":"malandra-os-vinhos-branco-e-tinto-criados-especialmente-para-mulheres","status":"publish","type":"post","link":"https:\/\/infocul.pt\/arquivo\/actualidade\/malandra-os-vinhos-branco-e-tinto-criados-especialmente-para-mulheres\/","title":{"rendered":"Malandra: os vinhos branco e tinto criados especialmente para mulheres"},"content":{"rendered":"<p><img decoding=\"async\" class=\"aligncenter wp-image-67211 size-full lazyload\" data-src=\"https:\/\/infocul.pt\/arquivo\/wp-content\/uploads\/2020\/02\/56ce26f1-62de-4fde-a4cd-9e2dd6214a52.png\" alt=\"\" width=\"599\" height=\"597\" data-srcset=\"https:\/\/infocul.pt\/arquivo\/wp-content\/uploads\/2020\/02\/56ce26f1-62de-4fde-a4cd-9e2dd6214a52.png 599w, https:\/\/infocul.pt\/arquivo\/wp-content\/uploads\/2020\/02\/56ce26f1-62de-4fde-a4cd-9e2dd6214a52-300x300.png 300w, https:\/\/infocul.pt\/arquivo\/wp-content\/uploads\/2020\/02\/56ce26f1-62de-4fde-a4cd-9e2dd6214a52-150x150.png 150w\" data-sizes=\"(max-width: 599px) 100vw, 599px\" src=\"data:image\/svg+xml;base64,PHN2ZyB3aWR0aD0iMSIgaGVpZ2h0PSIxIiB4bWxucz0iaHR0cDovL3d3dy53My5vcmcvMjAwMC9zdmciPjwvc3ZnPg==\" style=\"--smush-placeholder-width: 599px; --smush-placeholder-aspect-ratio: 599\/597;\" \/><\/p>\n<p><span style=\"font-family: Liberation Serif, serif;\"><span style=\"font-size: medium;\"><span style=\"color: #333333;\">Todas as mulheres gostam de ser acarinhadas e se existe um Dia Internacional da Mulher, este deve ser celebrado. Se ainda n\u00e3o sabe o que oferecer \u00e0 mulher da sua vida, a resposta \u00e9 bastante simples: com vinho, tinto ou branco, dependendo da sua prefer\u00eancia, n\u00e3o h\u00e1 como errar! A\u00a0\u00a0<\/span><a href=\"https:\/\/avbox.us20.list-manage.com\/track\/click?u=87ea042a50992ca6effca5708&amp;id=8ce7998ce5&amp;e=6eb501c776\" target=\"_blank\" rel=\"noopener noreferrer\"><span style=\"color: #0b7eac;\"><u>PMC Wine &amp; Food<\/u><\/span><\/a><span style=\"color: #333333;\">, empresa dedicada \u00e0 comercializa\u00e7\u00e3o de vinhos nacionais, sugere-lhe o vinho Malandra, criado especialmente em homenagem \u00e0s mulheres portuguesas que sabem o que querem, para que o possam beber em todas as ocasi\u00f5es.<\/span><span style=\"color: #202020;\"><br \/>\n<\/span><br \/>\n<\/span><\/span><!--more--><\/p>\n<p><span style=\"font-family: Liberation Serif, serif;\"><span style=\"font-size: medium;\"><span style=\"color: #333333;\">\u00a0<\/span><span style=\"color: #202020;\"><br \/>\n<\/span><span style=\"color: #333333;\">O Malandra Reserva Tinto 2017 apresenta uma cor rubi, vibrante e intensa. Oferece um aroma sedutor, envaidecido por frutos vermelhos e rasgos de menta, e apresenta-se com um corpo trabalhado, de elegantes curvas. Vinho ousado na acidez, culmina num final de boca rico e marcante, justificado pelas suas castas, Cabernet Sauvignon, Alicante Bouschet e Syrah.<\/span><span style=\"color: #202020;\"><br \/>\n<\/span><span style=\"color: #333333;\">\u00a0<\/span><span style=\"color: #202020;\"><br \/>\n<\/span><span style=\"color: #333333;\">Por sua vez, o Malandra Reserva Branco 2016 re\u00fane Arinto, Ant\u00e3o Vaz e Verdelho para criar uma preciosidade alentejana. C\u00edtrico e algo tropical, este vinho tem uma mineralidade que o torna \u00fanico, uma mistura de frescura e acidez que n\u00e3o impedem uma textura cremosa na boca, ao mesmo tempo que evidencia notas de madeira.<\/span><span style=\"color: #202020;\"><br \/>\n<\/span><span style=\"color: #333333;\">\u00a0<\/span><span style=\"color: #202020;\"><br \/>\n<\/span><span style=\"color: #333333;\">Os vinhos Malandra est\u00e3o dispon\u00edveis em exclusivo no El Corte Ingl\u00e9s pelo pre\u00e7o recomendado de venda ao p\u00fablico de 9,49\u20ac, e nalguns restaurantes, hot\u00e9is e garrafeiras, tais como o Restaurante Pinheiro 1979, A Brasileira, o Hotel Real Pal\u00e1cio, a Garrafeira de Alg\u00e9s e a garrafeira do Portugal dos Meus Amores.<\/span><\/span><\/span><\/p>\n","protected":false},"excerpt":{"rendered":"<p>Todas as mulheres gostam de ser acarinhadas e se existe um Dia Internacional da Mulher, este deve ser celebrado. Se ainda n\u00e3o sabe o que oferecer \u00e0 mulher da sua vida, a resposta \u00e9 bastante simples: com vinho, tinto ou branco, dependendo da sua prefer\u00eancia, n\u00e3o h\u00e1 como errar! A\u00a0\u00a0PMC Wine &amp; Food, empresa dedicada [&hellip;]<\/p>\n","protected":false},"author":13,"featured_media":67211,"comment_status":"open","ping_status":"closed","sticky":false,"template":"","format":"standard","meta":{"footnotes":""},"categories":[10,13],"tags":[502,8911,8464],"class_list":["post-67210","post","type-post","status-publish","format-standard","has-post-thumbnail","hentry","category-actualidade","category-turismo","tag-dia-da-mulher","tag-malandra","tag-pmc-wine-food"],"yoast_head":"<!-- This site is optimized with the Yoast SEO plugin v27.4 - https:\/\/yoast.com\/product\/yoast-seo-wordpress\/ -->\n<title>Malandra: os vinhos branco e tinto criados especialmente para mulheres | Infocul.pt - Arquivo Digital<\/title>\n<meta name=\"description\" content=\"Malandra: os vinhos branco e tinto criados especialmente para mulheres | Infocul.pt - Arquivo Digital\" \/>\n<meta name=\"robots\" content=\"noindex, follow, max-snippet:-1, max-image-preview:large, max-video-preview:-1\" \/>\n<meta property=\"og:locale\" content=\"pt_PT\" \/>\n<meta property=\"og:type\" content=\"article\" \/>\n<meta property=\"og:title\" content=\"Malandra: os vinhos branco e tinto criados especialmente para mulheres | Infocul.pt - Arquivo Digital\" \/>\n<meta property=\"og:description\" content=\"Malandra: os vinhos branco e tinto criados especialmente para mulheres | Infocul.pt - Arquivo Digital\" \/>\n<meta property=\"og:url\" content=\"https:\/\/infocul.pt\/arquivo\/actualidade\/malandra-os-vinhos-branco-e-tinto-criados-especialmente-para-mulheres\/\" \/>\n<meta property=\"og:site_name\" content=\"Infocul.pt - Arquivo Digital\" \/>\n<meta property=\"article:publisher\" content=\"https:\/\/www.facebook.com\/Infocul-147816815585015\/\" \/>\n<meta property=\"article:published_time\" content=\"2020-02-26T13:52:34+00:00\" \/>\n<meta property=\"og:image\" content=\"https:\/\/infocul.pt\/arquivo\/wp-content\/uploads\/2020\/02\/56ce26f1-62de-4fde-a4cd-9e2dd6214a52.png\" \/>\n\t<meta property=\"og:image:width\" content=\"599\" \/>\n\t<meta property=\"og:image:height\" content=\"597\" \/>\n\t<meta property=\"og:image:type\" content=\"image\/png\" \/>\n<meta name=\"author\" content=\"Redac\u00e7\u00e3o\" \/>\n<meta name=\"twitter:card\" content=\"summary_large_image\" \/>\n<meta name=\"twitter:creator\" content=\"@Infoculpt\" \/>\n<meta name=\"twitter:site\" content=\"@Infoculpt\" \/>\n<meta name=\"twitter:label1\" content=\"Escrito por\" \/>\n\t<meta name=\"twitter:data1\" content=\"Redac\u00e7\u00e3o\" \/>\n\t<meta name=\"twitter:label2\" content=\"Tempo estimado de leitura\" \/>\n\t<meta name=\"twitter:data2\" content=\"1 minuto\" \/>\n<script type=\"application\/ld+json\" class=\"yoast-schema-graph\">{\"@context\":\"https:\\\/\\\/schema.org\",\"@graph\":[{\"@type\":\"Article\",\"@id\":\"https:\\\/\\\/infocul.pt\\\/arquivo\\\/actualidade\\\/malandra-os-vinhos-branco-e-tinto-criados-especialmente-para-mulheres\\\/#article\",\"isPartOf\":{\"@id\":\"https:\\\/\\\/infocul.pt\\\/arquivo\\\/actualidade\\\/malandra-os-vinhos-branco-e-tinto-criados-especialmente-para-mulheres\\\/\"},\"author\":{\"name\":\"Redac\u00e7\u00e3o\",\"@id\":\"https:\\\/\\\/infocul.pt\\\/arquivo\\\/#\\\/schema\\\/person\\\/f243f45ae8d67639120a7586884f3abc\"},\"headline\":\"Malandra: os vinhos branco e tinto criados especialmente para mulheres\",\"datePublished\":\"2020-02-26T13:52:34+00:00\",\"mainEntityOfPage\":{\"@id\":\"https:\\\/\\\/infocul.pt\\\/arquivo\\\/actualidade\\\/malandra-os-vinhos-branco-e-tinto-criados-especialmente-para-mulheres\\\/\"},\"wordCount\":265,\"commentCount\":0,\"publisher\":{\"@id\":\"https:\\\/\\\/infocul.pt\\\/arquivo\\\/#organization\"},\"image\":{\"@id\":\"https:\\\/\\\/infocul.pt\\\/arquivo\\\/actualidade\\\/malandra-os-vinhos-branco-e-tinto-criados-especialmente-para-mulheres\\\/#primaryimage\"},\"thumbnailUrl\":\"https:\\\/\\\/infocul.pt\\\/arquivo\\\/wp-content\\\/uploads\\\/2020\\\/02\\\/56ce26f1-62de-4fde-a4cd-9e2dd6214a52.png\",\"keywords\":[\"Dia da Mulher\",\"Malandra\",\"PMC Wine &amp; Food\"],\"articleSection\":[\"Actualidade\",\"Turismo\"],\"inLanguage\":\"pt-PT\"},{\"@type\":\"WebPage\",\"@id\":\"https:\\\/\\\/infocul.pt\\\/arquivo\\\/actualidade\\\/malandra-os-vinhos-branco-e-tinto-criados-especialmente-para-mulheres\\\/\",\"url\":\"https:\\\/\\\/infocul.pt\\\/arquivo\\\/actualidade\\\/malandra-os-vinhos-branco-e-tinto-criados-especialmente-para-mulheres\\\/\",\"name\":\"Malandra: os vinhos branco e tinto criados especialmente para mulheres | Infocul.pt - Arquivo Digital\",\"isPartOf\":{\"@id\":\"https:\\\/\\\/infocul.pt\\\/arquivo\\\/#website\"},\"primaryImageOfPage\":{\"@id\":\"https:\\\/\\\/infocul.pt\\\/arquivo\\\/actualidade\\\/malandra-os-vinhos-branco-e-tinto-criados-especialmente-para-mulheres\\\/#primaryimage\"},\"image\":{\"@id\":\"https:\\\/\\\/infocul.pt\\\/arquivo\\\/actualidade\\\/malandra-os-vinhos-branco-e-tinto-criados-especialmente-para-mulheres\\\/#primaryimage\"},\"thumbnailUrl\":\"https:\\\/\\\/infocul.pt\\\/arquivo\\\/wp-content\\\/uploads\\\/2020\\\/02\\\/56ce26f1-62de-4fde-a4cd-9e2dd6214a52.png\",\"datePublished\":\"2020-02-26T13:52:34+00:00\",\"description\":\"Malandra: os vinhos branco e tinto criados especialmente para mulheres | Infocul.pt - Arquivo Digital\",\"breadcrumb\":{\"@id\":\"https:\\\/\\\/infocul.pt\\\/arquivo\\\/actualidade\\\/malandra-os-vinhos-branco-e-tinto-criados-especialmente-para-mulheres\\\/#breadcrumb\"},\"inLanguage\":\"pt-PT\",\"potentialAction\":[{\"@type\":\"ReadAction\",\"target\":[\"https:\\\/\\\/infocul.pt\\\/arquivo\\\/actualidade\\\/malandra-os-vinhos-branco-e-tinto-criados-especialmente-para-mulheres\\\/\"]}]},{\"@type\":\"ImageObject\",\"inLanguage\":\"pt-PT\",\"@id\":\"https:\\\/\\\/infocul.pt\\\/arquivo\\\/actualidade\\\/malandra-os-vinhos-branco-e-tinto-criados-especialmente-para-mulheres\\\/#primaryimage\",\"url\":\"https:\\\/\\\/infocul.pt\\\/arquivo\\\/wp-content\\\/uploads\\\/2020\\\/02\\\/56ce26f1-62de-4fde-a4cd-9e2dd6214a52.png\",\"contentUrl\":\"https:\\\/\\\/infocul.pt\\\/arquivo\\\/wp-content\\\/uploads\\\/2020\\\/02\\\/56ce26f1-62de-4fde-a4cd-9e2dd6214a52.png\",\"width\":599,\"height\":597},{\"@type\":\"BreadcrumbList\",\"@id\":\"https:\\\/\\\/infocul.pt\\\/arquivo\\\/actualidade\\\/malandra-os-vinhos-branco-e-tinto-criados-especialmente-para-mulheres\\\/#breadcrumb\",\"itemListElement\":[{\"@type\":\"ListItem\",\"position\":1,\"name\":\"Home\",\"item\":\"https:\\\/\\\/infocul.pt\\\/arquivo\\\/\"},{\"@type\":\"ListItem\",\"position\":2,\"name\":\"Malandra: os vinhos branco e tinto criados especialmente para mulheres\"}]},{\"@type\":\"WebSite\",\"@id\":\"https:\\\/\\\/infocul.pt\\\/arquivo\\\/#website\",\"url\":\"https:\\\/\\\/infocul.pt\\\/arquivo\\\/\",\"name\":\"Infocul.pt - Arquivo Digital\",\"description\":\"Arquivo digital da Infocul.pt\",\"publisher\":{\"@id\":\"https:\\\/\\\/infocul.pt\\\/arquivo\\\/#organization\"},\"potentialAction\":[{\"@type\":\"SearchAction\",\"target\":{\"@type\":\"EntryPoint\",\"urlTemplate\":\"https:\\\/\\\/infocul.pt\\\/arquivo\\\/?s={search_term_string}\"},\"query-input\":{\"@type\":\"PropertyValueSpecification\",\"valueRequired\":true,\"valueName\":\"search_term_string\"}}],\"inLanguage\":\"pt-PT\"},{\"@type\":\"Organization\",\"@id\":\"https:\\\/\\\/infocul.pt\\\/arquivo\\\/#organization\",\"name\":\"Infocul.pt\",\"url\":\"https:\\\/\\\/infocul.pt\\\/arquivo\\\/\",\"logo\":{\"@type\":\"ImageObject\",\"inLanguage\":\"pt-PT\",\"@id\":\"https:\\\/\\\/infocul.pt\\\/arquivo\\\/#\\\/schema\\\/logo\\\/image\\\/\",\"url\":\"https:\\\/\\\/infocul.pt\\\/arquivo\\\/wp-content\\\/uploads\\\/2018\\\/12\\\/Infocul_logo-1.png\",\"contentUrl\":\"https:\\\/\\\/infocul.pt\\\/arquivo\\\/wp-content\\\/uploads\\\/2018\\\/12\\\/Infocul_logo-1.png\",\"width\":800,\"height\":800,\"caption\":\"Infocul.pt\"},\"image\":{\"@id\":\"https:\\\/\\\/infocul.pt\\\/arquivo\\\/#\\\/schema\\\/logo\\\/image\\\/\"},\"sameAs\":[\"https:\\\/\\\/www.facebook.com\\\/Infocul-147816815585015\\\/\",\"https:\\\/\\\/x.com\\\/Infoculpt\",\"http:\\\/\\\/www.pictaram.com\\\/user\\\/infocul.pt\\\/2370423710\",\"https:\\\/\\\/www.youtube.com\\\/channel\\\/UCYEB91AGI9FL9ek2i_IaQAA\"]},{\"@type\":\"Person\",\"@id\":\"https:\\\/\\\/infocul.pt\\\/arquivo\\\/#\\\/schema\\\/person\\\/f243f45ae8d67639120a7586884f3abc\",\"name\":\"Redac\u00e7\u00e3o\",\"image\":{\"@type\":\"ImageObject\",\"inLanguage\":\"pt-PT\",\"@id\":\"https:\\\/\\\/secure.gravatar.com\\\/avatar\\\/151b1b76c598ab5e749407223bd6c1bad4e41c4e95de3c3df83540ebee2deaf8?s=96&d=mm&r=g\",\"url\":\"https:\\\/\\\/secure.gravatar.com\\\/avatar\\\/151b1b76c598ab5e749407223bd6c1bad4e41c4e95de3c3df83540ebee2deaf8?s=96&d=mm&r=g\",\"contentUrl\":\"https:\\\/\\\/secure.gravatar.com\\\/avatar\\\/151b1b76c598ab5e749407223bd6c1bad4e41c4e95de3c3df83540ebee2deaf8?s=96&d=mm&r=g\",\"caption\":\"Redac\u00e7\u00e3o\"}}]}<\/script>\n<!-- \/ Yoast SEO plugin. -->","yoast_head_json":{"title":"Malandra: os vinhos branco e tinto criados especialmente para mulheres | Infocul.pt - Arquivo Digital","description":"Malandra: os vinhos branco e tinto criados especialmente para mulheres | Infocul.pt - Arquivo Digital","robots":{"index":"noindex","follow":"follow","max-snippet":"max-snippet:-1","max-image-preview":"max-image-preview:large","max-video-preview":"max-video-preview:-1"},"og_locale":"pt_PT","og_type":"article","og_title":"Malandra: os vinhos branco e tinto criados especialmente para mulheres | Infocul.pt - Arquivo Digital","og_description":"Malandra: os vinhos branco e tinto criados especialmente para mulheres | Infocul.pt - Arquivo Digital","og_url":"https:\/\/infocul.pt\/arquivo\/actualidade\/malandra-os-vinhos-branco-e-tinto-criados-especialmente-para-mulheres\/","og_site_name":"Infocul.pt - Arquivo Digital","article_publisher":"https:\/\/www.facebook.com\/Infocul-147816815585015\/","article_published_time":"2020-02-26T13:52:34+00:00","og_image":[{"width":599,"height":597,"url":"https:\/\/infocul.pt\/arquivo\/wp-content\/uploads\/2020\/02\/56ce26f1-62de-4fde-a4cd-9e2dd6214a52.png","type":"image\/png"}],"author":"Redac\u00e7\u00e3o","twitter_card":"summary_large_image","twitter_creator":"@Infoculpt","twitter_site":"@Infoculpt","twitter_misc":{"Escrito por":"Redac\u00e7\u00e3o","Tempo estimado de leitura":"1 minuto"},"schema":{"@context":"https:\/\/schema.org","@graph":[{"@type":"Article","@id":"https:\/\/infocul.pt\/arquivo\/actualidade\/malandra-os-vinhos-branco-e-tinto-criados-especialmente-para-mulheres\/#article","isPartOf":{"@id":"https:\/\/infocul.pt\/arquivo\/actualidade\/malandra-os-vinhos-branco-e-tinto-criados-especialmente-para-mulheres\/"},"author":{"name":"Redac\u00e7\u00e3o","@id":"https:\/\/infocul.pt\/arquivo\/#\/schema\/person\/f243f45ae8d67639120a7586884f3abc"},"headline":"Malandra: os vinhos branco e tinto criados especialmente para mulheres","datePublished":"2020-02-26T13:52:34+00:00","mainEntityOfPage":{"@id":"https:\/\/infocul.pt\/arquivo\/actualidade\/malandra-os-vinhos-branco-e-tinto-criados-especialmente-para-mulheres\/"},"wordCount":265,"commentCount":0,"publisher":{"@id":"https:\/\/infocul.pt\/arquivo\/#organization"},"image":{"@id":"https:\/\/infocul.pt\/arquivo\/actualidade\/malandra-os-vinhos-branco-e-tinto-criados-especialmente-para-mulheres\/#primaryimage"},"thumbnailUrl":"https:\/\/infocul.pt\/arquivo\/wp-content\/uploads\/2020\/02\/56ce26f1-62de-4fde-a4cd-9e2dd6214a52.png","keywords":["Dia da Mulher","Malandra","PMC Wine &amp; Food"],"articleSection":["Actualidade","Turismo"],"inLanguage":"pt-PT"},{"@type":"WebPage","@id":"https:\/\/infocul.pt\/arquivo\/actualidade\/malandra-os-vinhos-branco-e-tinto-criados-especialmente-para-mulheres\/","url":"https:\/\/infocul.pt\/arquivo\/actualidade\/malandra-os-vinhos-branco-e-tinto-criados-especialmente-para-mulheres\/","name":"Malandra: os vinhos branco e tinto criados especialmente para mulheres | Infocul.pt - Arquivo Digital","isPartOf":{"@id":"https:\/\/infocul.pt\/arquivo\/#website"},"primaryImageOfPage":{"@id":"https:\/\/infocul.pt\/arquivo\/actualidade\/malandra-os-vinhos-branco-e-tinto-criados-especialmente-para-mulheres\/#primaryimage"},"image":{"@id":"https:\/\/infocul.pt\/arquivo\/actualidade\/malandra-os-vinhos-branco-e-tinto-criados-especialmente-para-mulheres\/#primaryimage"},"thumbnailUrl":"https:\/\/infocul.pt\/arquivo\/wp-content\/uploads\/2020\/02\/56ce26f1-62de-4fde-a4cd-9e2dd6214a52.png","datePublished":"2020-02-26T13:52:34+00:00","description":"Malandra: os vinhos branco e tinto criados especialmente para mulheres | Infocul.pt - Arquivo Digital","breadcrumb":{"@id":"https:\/\/infocul.pt\/arquivo\/actualidade\/malandra-os-vinhos-branco-e-tinto-criados-especialmente-para-mulheres\/#breadcrumb"},"inLanguage":"pt-PT","potentialAction":[{"@type":"ReadAction","target":["https:\/\/infocul.pt\/arquivo\/actualidade\/malandra-os-vinhos-branco-e-tinto-criados-especialmente-para-mulheres\/"]}]},{"@type":"ImageObject","inLanguage":"pt-PT","@id":"https:\/\/infocul.pt\/arquivo\/actualidade\/malandra-os-vinhos-branco-e-tinto-criados-especialmente-para-mulheres\/#primaryimage","url":"https:\/\/infocul.pt\/arquivo\/wp-content\/uploads\/2020\/02\/56ce26f1-62de-4fde-a4cd-9e2dd6214a52.png","contentUrl":"https:\/\/infocul.pt\/arquivo\/wp-content\/uploads\/2020\/02\/56ce26f1-62de-4fde-a4cd-9e2dd6214a52.png","width":599,"height":597},{"@type":"BreadcrumbList","@id":"https:\/\/infocul.pt\/arquivo\/actualidade\/malandra-os-vinhos-branco-e-tinto-criados-especialmente-para-mulheres\/#breadcrumb","itemListElement":[{"@type":"ListItem","position":1,"name":"Home","item":"https:\/\/infocul.pt\/arquivo\/"},{"@type":"ListItem","position":2,"name":"Malandra: os vinhos branco e tinto criados especialmente para mulheres"}]},{"@type":"WebSite","@id":"https:\/\/infocul.pt\/arquivo\/#website","url":"https:\/\/infocul.pt\/arquivo\/","name":"Infocul.pt - Arquivo Digital","description":"Arquivo digital da Infocul.pt","publisher":{"@id":"https:\/\/infocul.pt\/arquivo\/#organization"},"potentialAction":[{"@type":"SearchAction","target":{"@type":"EntryPoint","urlTemplate":"https:\/\/infocul.pt\/arquivo\/?s={search_term_string}"},"query-input":{"@type":"PropertyValueSpecification","valueRequired":true,"valueName":"search_term_string"}}],"inLanguage":"pt-PT"},{"@type":"Organization","@id":"https:\/\/infocul.pt\/arquivo\/#organization","name":"Infocul.pt","url":"https:\/\/infocul.pt\/arquivo\/","logo":{"@type":"ImageObject","inLanguage":"pt-PT","@id":"https:\/\/infocul.pt\/arquivo\/#\/schema\/logo\/image\/","url":"https:\/\/infocul.pt\/arquivo\/wp-content\/uploads\/2018\/12\/Infocul_logo-1.png","contentUrl":"https:\/\/infocul.pt\/arquivo\/wp-content\/uploads\/2018\/12\/Infocul_logo-1.png","width":800,"height":800,"caption":"Infocul.pt"},"image":{"@id":"https:\/\/infocul.pt\/arquivo\/#\/schema\/logo\/image\/"},"sameAs":["https:\/\/www.facebook.com\/Infocul-147816815585015\/","https:\/\/x.com\/Infoculpt","http:\/\/www.pictaram.com\/user\/infocul.pt\/2370423710","https:\/\/www.youtube.com\/channel\/UCYEB91AGI9FL9ek2i_IaQAA"]},{"@type":"Person","@id":"https:\/\/infocul.pt\/arquivo\/#\/schema\/person\/f243f45ae8d67639120a7586884f3abc","name":"Redac\u00e7\u00e3o","image":{"@type":"ImageObject","inLanguage":"pt-PT","@id":"https:\/\/secure.gravatar.com\/avatar\/151b1b76c598ab5e749407223bd6c1bad4e41c4e95de3c3df83540ebee2deaf8?s=96&d=mm&r=g","url":"https:\/\/secure.gravatar.com\/avatar\/151b1b76c598ab5e749407223bd6c1bad4e41c4e95de3c3df83540ebee2deaf8?s=96&d=mm&r=g","contentUrl":"https:\/\/secure.gravatar.com\/avatar\/151b1b76c598ab5e749407223bd6c1bad4e41c4e95de3c3df83540ebee2deaf8?s=96&d=mm&r=g","caption":"Redac\u00e7\u00e3o"}}]}},"_links":{"self":[{"href":"https:\/\/infocul.pt\/arquivo\/wp-json\/wp\/v2\/posts\/67210","targetHints":{"allow":["GET"]}}],"collection":[{"href":"https:\/\/infocul.pt\/arquivo\/wp-json\/wp\/v2\/posts"}],"about":[{"href":"https:\/\/infocul.pt\/arquivo\/wp-json\/wp\/v2\/types\/post"}],"author":[{"embeddable":true,"href":"https:\/\/infocul.pt\/arquivo\/wp-json\/wp\/v2\/users\/13"}],"replies":[{"embeddable":true,"href":"https:\/\/infocul.pt\/arquivo\/wp-json\/wp\/v2\/comments?post=67210"}],"version-history":[{"count":0,"href":"https:\/\/infocul.pt\/arquivo\/wp-json\/wp\/v2\/posts\/67210\/revisions"}],"wp:featuredmedia":[{"embeddable":true,"href":"https:\/\/infocul.pt\/arquivo\/wp-json\/wp\/v2\/media\/67211"}],"wp:attachment":[{"href":"https:\/\/infocul.pt\/arquivo\/wp-json\/wp\/v2\/media?parent=67210"}],"wp:term":[{"taxonomy":"category","embeddable":true,"href":"https:\/\/infocul.pt\/arquivo\/wp-json\/wp\/v2\/categories?post=67210"},{"taxonomy":"post_tag","embeddable":true,"href":"https:\/\/infocul.pt\/arquivo\/wp-json\/wp\/v2\/tags?post=67210"}],"curies":[{"name":"wp","href":"https:\/\/api.w.org\/{rel}","templated":true}]}}