{"id":67249,"date":"2020-02-27T08:28:07","date_gmt":"2020-02-27T08:28:07","guid":{"rendered":"https:\/\/infocul.pt\/?p=67249"},"modified":"2020-02-27T08:28:07","modified_gmt":"2020-02-27T08:28:07","slug":"setubal-apresenta-programacao-para-celebracao-do-dia-mundial-do-teatro","status":"publish","type":"post","link":"https:\/\/infocul.pt\/arquivo\/cultura\/setubal-apresenta-programacao-para-celebracao-do-dia-mundial-do-teatro\/","title":{"rendered":"Set\u00fabal apresenta programa\u00e7\u00e3o para celebra\u00e7\u00e3o do Dia Mundial do Teatro"},"content":{"rendered":"<p><img decoding=\"async\" class=\"aligncenter wp-image-67251 size-full lazyload\" data-src=\"https:\/\/infocul.pt\/arquivo\/wp-content\/uploads\/2020\/02\/87963121_2826172917467997_6879756173252231168_o.jpg\" alt=\"\" width=\"959\" height=\"640\" data-srcset=\"https:\/\/infocul.pt\/arquivo\/wp-content\/uploads\/2020\/02\/87963121_2826172917467997_6879756173252231168_o.jpg 959w, https:\/\/infocul.pt\/arquivo\/wp-content\/uploads\/2020\/02\/87963121_2826172917467997_6879756173252231168_o-300x200.jpg 300w, https:\/\/infocul.pt\/arquivo\/wp-content\/uploads\/2020\/02\/87963121_2826172917467997_6879756173252231168_o-768x513.jpg 768w\" data-sizes=\"(max-width: 959px) 100vw, 959px\" src=\"data:image\/svg+xml;base64,PHN2ZyB3aWR0aD0iMSIgaGVpZ2h0PSIxIiB4bWxucz0iaHR0cDovL3d3dy53My5vcmcvMjAwMC9zdmciPjwvc3ZnPg==\" style=\"--smush-placeholder-width: 959px; --smush-placeholder-aspect-ratio: 959\/640;\" \/><\/p>\n<p><span style=\"color: #000000; font-family: Liberation Serif, serif; font-size: medium;\">As comemora\u00e7\u00f5es do Dia Mundial do Teatro preenchem a agenda cultural da cidade de Set\u00fabal at\u00e9 2 de Abril.<\/span><!--more--><\/p>\n<p><span style=\"font-family: Liberation Serif, serif;\"><span style=\"font-size: medium;\"><span style=\"color: #000000;\">Inspirado pela vida e obra de William Shakespeare, o m\u00eas dedicado ao teatro apresenta perto de meia centena de espect\u00e1culos, forma\u00e7\u00f5es e cinema, em v\u00e1rias salas e espa\u00e7os p\u00fablicos do Concelho, dirigidos a todas as faixas et\u00e1rias.<\/span><\/span><\/span><\/p>\n<p><span style=\"font-family: Liberation Serif, serif;\"><span style=\"font-size: medium;\"><span style=\"color: #000000;\">No Dia Mundial do Teatro (27 de Mar\u00e7o) Set\u00fabal recebe a estreia da pe\u00e7a \u201cValentin Valentin\u201d. Trata-se da \u00faltima produ\u00e7\u00e3o do Teatro Anima\u00e7\u00e3o de Set\u00fabal (TAS), inspirada no dueto Karl Valentin-Liesl Karlstadt.<\/span><\/span><\/span><\/p>\n<p><span style=\"font-family: Liberation Serif, serif;\"><span style=\"font-size: medium;\"><span style=\"color: #000000;\">Este ano, al\u00e9m da programa\u00e7\u00e3o habitual, o principal destaque vai para os espect\u00e1culos preparados a pensar nos mais novos.<\/span><\/span><\/span><\/p>\n<p><span style=\"font-family: Liberation Serif, serif;\"><span style=\"font-size: medium;\"><span style=\"color: #000000;\">Na Casa da Cultura, no dia 1 de Mar\u00e7o, \u00e0s 11:00, a Companhia Valdevinos \u2013 Teatro de Marionetes apresenta \u201cO som das coisas\u201d, que proporcionar\u00e1 uma viagem contada atrav\u00e9s dos sons e da musicalidade dos objectos que habitam a nossa casa.<\/span><\/span><\/span><\/p>\n<p><span style=\"font-family: Liberation Serif, serif;\"><span style=\"font-size: medium;\"><span style=\"color: #000000;\">No dia 15, ser\u00e1 a vez de dar lugar ao teatro de marionetas, Part\u00edculas Elementares, com o espect\u00e1culo para beb\u00e9s, Ninho baseado no livro \u201cSegredo\u201d, de Miguel Torga.<\/span><\/span><\/span><\/p>\n<p><span style=\"font-family: Liberation Serif, serif;\"><span style=\"font-size: medium;\"><span style=\"color: #000000;\">LUGAR-ABRIGO, \u00e9 m espect\u00e1culo participativo da autoria do Ricardo Guerreiro Campos, ter\u00e1 lugar nos dias 24 e 28 de Mar\u00e7o, e retrata um pa\u00eds fragmentado que, em alto mar navega perdido, lembra a sua hist\u00f3ria e procura uma nova casa onde possa dar as m\u00e3os ao passado e ao futuro.<\/span><\/span><\/span><\/p>\n<p><span style=\"font-family: Liberation Serif, serif;\"><span style=\"font-size: medium;\"><span style=\"color: #000000;\">Dedicado \u00e0 comunidade educativa, decorre, tamb\u00e9m, a pe\u00e7a \u201cCouve Rosa, Morango Amarelo\u201d, interpretada por Gra\u00e7a Ochoa, que retrata a igualdade de g\u00e9nero, e a reposi\u00e7\u00e3o do \u201cAuto da Barca do Inferno\u201d, de Gil Vicente, pelo TOMA \u2013 Associa\u00e7\u00e3o Cultural.<\/span><\/span><\/span><\/p>\n<p><span style=\"font-family: Liberation Serif, serif;\"><span style=\"font-size: medium;\"><span style=\"color: #000000;\">Integrado nestas comemora\u00e7\u00f5es, o F\u00f3rum Municipal Lu\u00edsa Todi, acolhe a \u00d3pera Simplex. Espect\u00e1culo, agendado para o dia 14 de Mar\u00e7o que cruza a \u00f3pera c\u00f3mica com multim\u00e9dia e manipula\u00e7\u00e3o em tempo real de elementos audiovisuais, para colocar em cena os desafios trazidos pela tecnologia numa aldeia do interior do pa\u00eds.<\/span><\/span><\/span><\/p>\n<p><span style=\"font-family: Liberation Serif, serif;\"><span style=\"font-size: medium;\"><span style=\"color: #000000;\">No Dia Internacional da Mulher (8 de Mar\u00e7o) sobe ao palco a pe\u00e7a \u201cDesculpa, n\u00e3o percebi\u201d, de Minutos Redondos. O texto foi escrito e encenado por tr\u00eas mulheres que levantam d\u00favidas e interroga\u00e7\u00f5es sobre v\u00e1rios aspectos da vida.<\/span><\/span><\/span><\/p>\n<p><span style=\"font-family: Liberation Serif, serif;\"><span style=\"font-size: medium;\"><span style=\"color: #000000;\">Tamb\u00e9m no F\u00f3rum Municipal Lu\u00edsa Todi, no dia 10 de Mar\u00e7o, Set\u00fabal acolhe, pela primeira vez \u201cAs Obras Completas de William Shakespeare em 97 minutos\u201d. Esta produ\u00e7\u00e3o revisita as 37 obras de Shakespeare e envolve o p\u00fablico de tal forma que os espectadores acabam por ser parte integrante da pe\u00e7a. O espect\u00e1culo ter\u00e1 uma sess\u00e3o especial para as escolas, durante o dia. A sess\u00e3o da noite \u00e9 aberta ao p\u00fablico em geral.<\/span><\/span><\/span><\/p>\n<p><span style=\"font-family: Liberation Serif, serif;\"><span style=\"font-size: medium;\"><span style=\"color: #000000;\">As comemora\u00e7\u00f5es integram, tamb\u00e9m, a segunda edi\u00e7\u00e3o da Amateatro &#8211; Mostra de Teatro Amador de Set\u00fabal. Esta mostra procura dar protagonismo \u00e0s colectividades, associa\u00e7\u00f5es e escolas, contribuindo, desta forma, para a divulga\u00e7\u00e3o e sensibiliza\u00e7\u00e3o do teatro, atrav\u00e9s de uma pol\u00edtica de descentraliza\u00e7\u00e3o, estabelecendo parcerias e promovendo o interc\u00e2mbio cultural entre as freguesias do concelho. Este ano abra\u00e7am o projecto, o Clube Teatro de Sombras Coloridas da Escola B\u00e1sica de Azeit\u00e3o, o Teatro Puzzle (APPACDM de Set\u00fabal), o Projeto Gotinha d\u2019\u00c1gua (\u00c1gua Ardente), o Teatro PERPETUUS (SFPA), o Grupo de Teatro do Instituto Polit\u00e9cnico de Set\u00fabal, o N\u00facleo dos Amigos do Bairro Santos Nicolau e o TOMA \u2013 Associa\u00e7\u00e3o Cultural.<\/span><\/span><\/span><\/p>\n<p><span style=\"font-family: Liberation Serif, serif;\"><span style=\"font-size: medium;\"><span style=\"color: #000000;\">Outra componente deste ciclo \u00e9 a valoriza\u00e7\u00e3o da forma\u00e7\u00e3o e capta\u00e7\u00e3o de novos p\u00fablicos.<\/span><\/span><\/span><\/p>\n<p><span style=\"font-family: Liberation Serif, serif;\"><span style=\"font-size: medium;\"><span style=\"color: #000000;\">Nesse sentido, a programa\u00e7\u00e3o inclui um conjunto de actividades e iniciativas, como workshops e resid\u00eancias art\u00edsticas, dirigidos ao p\u00fablico em geral e tamb\u00e9m aos profissionais e estudantes de artes performativas.<\/span><\/span><\/span><\/p>\n<p><span style=\"color: #000000;\">\u201c<span style=\"font-family: Liberation Serif, serif;\"><span style=\"font-size: medium;\">Falar Shakespeare\u201d, por Lu\u00eds Moreira \u00e9 apenas um exemplo, que ter\u00e1 lugar na Gr\u00e1fica \u2013 Centro de Cria\u00e7\u00e3o Art\u00edstica (antigos armaz\u00e9ns \u201cPapeis do Sado\u201d), durante 7 dias e \u00e9 uma esp\u00e9cie de manual pr\u00e1tico sobre a linguagem do encenador e dramaturgo William Shakespeare e a Dan\u00e7a A\u00e9rea com a formadora In\u00eas Oliveira.<\/span><\/span><\/span><\/p>\n<p><span style=\"font-family: Liberation Serif, serif;\"><span style=\"font-size: medium;\"><span style=\"color: #000000;\">Este m\u00eas dedicado ao teatro, oferece ainda um leque de forma\u00e7\u00f5es que se cruzam entre si.<\/span><\/span><\/span><\/p>\n<p><span style=\"font-family: Liberation Serif, serif;\"><span style=\"font-size: medium;\"><span style=\"color: #000000;\">Intitulada \u201cForma\u00e7\u00e3o a 5 m\u00e3os\u201d, sob a direc\u00e7\u00e3o de v\u00e1rios profissionais da \u00e1rea do teatro, nomeadamente Gra\u00e7a Ochoa, C\u00e9lia David, Jos\u00e9 Nobre, Tiago B\u00f4to e Wagner Borges, que culminar\u00e1 numa apresenta\u00e7\u00e3o p\u00fablica a 28 de Mar\u00e7o no Audit\u00f3rio da Galeria do 11.<\/span><\/span><\/span><\/p>\n<p><span style=\"font-family: Liberation Serif, serif;\"><span style=\"font-size: medium;\"><span style=\"color: #000000;\">Ainda na \u00e1rea da forma\u00e7\u00e3o, decorrer\u00e1 um esclarecimento sobre a cria\u00e7\u00e3o de candidaturas de apoio \u00e0s artes e a cria\u00e7\u00e3o de marionetas e teatro de sombras.<\/span><\/span><\/span><\/p>\n<p><span style=\"font-family: Liberation Serif, serif;\"><span style=\"font-size: medium;\"><span style=\"color: #000000;\">As inscri\u00e7\u00f5es podem ser efectuadas na Casa da Cultura de Set\u00fabal ou consultando o programa integral em <a href=\"https:\/\/www.mun-setubal.pt\/shakespeare-inspira-mes-do-teatro\/\">https:\/\/www.mun-setubal.pt\/shakespeare-inspira-mes-do-teatro\/<\/a> com a descri\u00e7\u00e3o de diferentes formul\u00e1rios online.<\/span><\/span><\/span><\/p>\n<p><span style=\"font-family: Liberation Serif, serif;\"><span style=\"font-size: medium;\"><span style=\"color: #000000;\">No campo cinematogr\u00e1fico, o Espa\u00e7o 50 Cuts exibe \u201cOs Contos dos Cris\u00e2ntemos Tardios\u201d, um filme de Kenji Mizoguchi sobre as tradi\u00e7\u00f5es do teatro japon\u00eas no dia 27.<\/span><\/span><\/span><\/p>\n<p>Toda a programa\u00e7\u00e3o pode ser consultada <a href=\"https:\/\/infocul.pt\/arquivo\/wp-content\/uploads\/2020\/02\/PROGRAMA-COM-DIA-MUNDIAL-TEATRO.pdf\" target=\"_blank\" rel=\"noopener noreferrer\">AQUI<\/a>.<\/p>\n","protected":false},"excerpt":{"rendered":"<p>As comemora\u00e7\u00f5es do Dia Mundial do Teatro preenchem a agenda cultural da cidade de Set\u00fabal at\u00e9 2 de Abril.<\/p>\n","protected":false},"author":13,"featured_media":67251,"comment_status":"open","ping_status":"closed","sticky":false,"template":"","format":"standard","meta":{"footnotes":""},"categories":[2,5],"tags":[850,441],"class_list":["post-67249","post","type-post","status-publish","format-standard","has-post-thumbnail","hentry","category-cultura","category-teatro","tag-dia-mundial-do-teatro","tag-setubal"],"yoast_head":"<!-- This site is optimized with the Yoast SEO plugin v27.4 - https:\/\/yoast.com\/product\/yoast-seo-wordpress\/ -->\n<title>Set\u00fabal apresenta programa\u00e7\u00e3o para celebra\u00e7\u00e3o do Dia Mundial do Teatro | Infocul.pt - Arquivo Digital<\/title>\n<meta name=\"description\" content=\"Set\u00fabal apresenta programa\u00e7\u00e3o para celebra\u00e7\u00e3o do Dia Mundial do Teatro | Infocul.pt - Arquivo Digital\" \/>\n<meta name=\"robots\" content=\"noindex, follow, max-snippet:-1, max-image-preview:large, max-video-preview:-1\" \/>\n<meta property=\"og:locale\" content=\"pt_PT\" \/>\n<meta property=\"og:type\" content=\"article\" \/>\n<meta property=\"og:title\" content=\"Set\u00fabal apresenta programa\u00e7\u00e3o para celebra\u00e7\u00e3o do Dia Mundial do Teatro | Infocul.pt - Arquivo Digital\" \/>\n<meta property=\"og:description\" content=\"Set\u00fabal apresenta programa\u00e7\u00e3o para celebra\u00e7\u00e3o do Dia Mundial do Teatro | Infocul.pt - Arquivo Digital\" \/>\n<meta property=\"og:url\" content=\"https:\/\/infocul.pt\/arquivo\/cultura\/setubal-apresenta-programacao-para-celebracao-do-dia-mundial-do-teatro\/\" \/>\n<meta property=\"og:site_name\" content=\"Infocul.pt - Arquivo Digital\" \/>\n<meta property=\"article:publisher\" content=\"https:\/\/www.facebook.com\/Infocul-147816815585015\/\" \/>\n<meta property=\"article:published_time\" content=\"2020-02-27T08:28:07+00:00\" \/>\n<meta property=\"og:image\" content=\"https:\/\/infocul.pt\/arquivo\/wp-content\/uploads\/2020\/02\/87963121_2826172917467997_6879756173252231168_o.jpg\" \/>\n\t<meta property=\"og:image:width\" content=\"959\" \/>\n\t<meta property=\"og:image:height\" content=\"640\" \/>\n\t<meta property=\"og:image:type\" content=\"image\/jpeg\" \/>\n<meta name=\"author\" content=\"Redac\u00e7\u00e3o\" \/>\n<meta name=\"twitter:card\" content=\"summary_large_image\" \/>\n<meta name=\"twitter:creator\" content=\"@Infoculpt\" \/>\n<meta name=\"twitter:site\" content=\"@Infoculpt\" \/>\n<meta name=\"twitter:label1\" content=\"Escrito por\" \/>\n\t<meta name=\"twitter:data1\" content=\"Redac\u00e7\u00e3o\" \/>\n\t<meta name=\"twitter:label2\" content=\"Tempo estimado de leitura\" \/>\n\t<meta name=\"twitter:data2\" content=\"4 minutos\" \/>\n<script type=\"application\/ld+json\" class=\"yoast-schema-graph\">{\"@context\":\"https:\\\/\\\/schema.org\",\"@graph\":[{\"@type\":\"Article\",\"@id\":\"https:\\\/\\\/infocul.pt\\\/arquivo\\\/cultura\\\/setubal-apresenta-programacao-para-celebracao-do-dia-mundial-do-teatro\\\/#article\",\"isPartOf\":{\"@id\":\"https:\\\/\\\/infocul.pt\\\/arquivo\\\/cultura\\\/setubal-apresenta-programacao-para-celebracao-do-dia-mundial-do-teatro\\\/\"},\"author\":{\"name\":\"Redac\u00e7\u00e3o\",\"@id\":\"https:\\\/\\\/infocul.pt\\\/arquivo\\\/#\\\/schema\\\/person\\\/f243f45ae8d67639120a7586884f3abc\"},\"headline\":\"Set\u00fabal apresenta programa\u00e7\u00e3o para celebra\u00e7\u00e3o do Dia Mundial do Teatro\",\"datePublished\":\"2020-02-27T08:28:07+00:00\",\"mainEntityOfPage\":{\"@id\":\"https:\\\/\\\/infocul.pt\\\/arquivo\\\/cultura\\\/setubal-apresenta-programacao-para-celebracao-do-dia-mundial-do-teatro\\\/\"},\"wordCount\":889,\"commentCount\":0,\"publisher\":{\"@id\":\"https:\\\/\\\/infocul.pt\\\/arquivo\\\/#organization\"},\"image\":{\"@id\":\"https:\\\/\\\/infocul.pt\\\/arquivo\\\/cultura\\\/setubal-apresenta-programacao-para-celebracao-do-dia-mundial-do-teatro\\\/#primaryimage\"},\"thumbnailUrl\":\"https:\\\/\\\/infocul.pt\\\/arquivo\\\/wp-content\\\/uploads\\\/2020\\\/02\\\/87963121_2826172917467997_6879756173252231168_o.jpg\",\"keywords\":[\"Dia Mundial do Teatro\",\"Set\u00fabal\"],\"articleSection\":[\"Cultura\",\"Teatro\"],\"inLanguage\":\"pt-PT\"},{\"@type\":\"WebPage\",\"@id\":\"https:\\\/\\\/infocul.pt\\\/arquivo\\\/cultura\\\/setubal-apresenta-programacao-para-celebracao-do-dia-mundial-do-teatro\\\/\",\"url\":\"https:\\\/\\\/infocul.pt\\\/arquivo\\\/cultura\\\/setubal-apresenta-programacao-para-celebracao-do-dia-mundial-do-teatro\\\/\",\"name\":\"Set\u00fabal apresenta programa\u00e7\u00e3o para celebra\u00e7\u00e3o do Dia Mundial do Teatro | Infocul.pt - Arquivo Digital\",\"isPartOf\":{\"@id\":\"https:\\\/\\\/infocul.pt\\\/arquivo\\\/#website\"},\"primaryImageOfPage\":{\"@id\":\"https:\\\/\\\/infocul.pt\\\/arquivo\\\/cultura\\\/setubal-apresenta-programacao-para-celebracao-do-dia-mundial-do-teatro\\\/#primaryimage\"},\"image\":{\"@id\":\"https:\\\/\\\/infocul.pt\\\/arquivo\\\/cultura\\\/setubal-apresenta-programacao-para-celebracao-do-dia-mundial-do-teatro\\\/#primaryimage\"},\"thumbnailUrl\":\"https:\\\/\\\/infocul.pt\\\/arquivo\\\/wp-content\\\/uploads\\\/2020\\\/02\\\/87963121_2826172917467997_6879756173252231168_o.jpg\",\"datePublished\":\"2020-02-27T08:28:07+00:00\",\"description\":\"Set\u00fabal apresenta programa\u00e7\u00e3o para celebra\u00e7\u00e3o do Dia Mundial do Teatro | Infocul.pt - Arquivo Digital\",\"breadcrumb\":{\"@id\":\"https:\\\/\\\/infocul.pt\\\/arquivo\\\/cultura\\\/setubal-apresenta-programacao-para-celebracao-do-dia-mundial-do-teatro\\\/#breadcrumb\"},\"inLanguage\":\"pt-PT\",\"potentialAction\":[{\"@type\":\"ReadAction\",\"target\":[\"https:\\\/\\\/infocul.pt\\\/arquivo\\\/cultura\\\/setubal-apresenta-programacao-para-celebracao-do-dia-mundial-do-teatro\\\/\"]}]},{\"@type\":\"ImageObject\",\"inLanguage\":\"pt-PT\",\"@id\":\"https:\\\/\\\/infocul.pt\\\/arquivo\\\/cultura\\\/setubal-apresenta-programacao-para-celebracao-do-dia-mundial-do-teatro\\\/#primaryimage\",\"url\":\"https:\\\/\\\/infocul.pt\\\/arquivo\\\/wp-content\\\/uploads\\\/2020\\\/02\\\/87963121_2826172917467997_6879756173252231168_o.jpg\",\"contentUrl\":\"https:\\\/\\\/infocul.pt\\\/arquivo\\\/wp-content\\\/uploads\\\/2020\\\/02\\\/87963121_2826172917467997_6879756173252231168_o.jpg\",\"width\":959,\"height\":640},{\"@type\":\"BreadcrumbList\",\"@id\":\"https:\\\/\\\/infocul.pt\\\/arquivo\\\/cultura\\\/setubal-apresenta-programacao-para-celebracao-do-dia-mundial-do-teatro\\\/#breadcrumb\",\"itemListElement\":[{\"@type\":\"ListItem\",\"position\":1,\"name\":\"Home\",\"item\":\"https:\\\/\\\/infocul.pt\\\/arquivo\\\/\"},{\"@type\":\"ListItem\",\"position\":2,\"name\":\"Set\u00fabal apresenta programa\u00e7\u00e3o para celebra\u00e7\u00e3o do Dia Mundial do Teatro\"}]},{\"@type\":\"WebSite\",\"@id\":\"https:\\\/\\\/infocul.pt\\\/arquivo\\\/#website\",\"url\":\"https:\\\/\\\/infocul.pt\\\/arquivo\\\/\",\"name\":\"Infocul.pt - Arquivo Digital\",\"description\":\"Arquivo digital da Infocul.pt\",\"publisher\":{\"@id\":\"https:\\\/\\\/infocul.pt\\\/arquivo\\\/#organization\"},\"potentialAction\":[{\"@type\":\"SearchAction\",\"target\":{\"@type\":\"EntryPoint\",\"urlTemplate\":\"https:\\\/\\\/infocul.pt\\\/arquivo\\\/?s={search_term_string}\"},\"query-input\":{\"@type\":\"PropertyValueSpecification\",\"valueRequired\":true,\"valueName\":\"search_term_string\"}}],\"inLanguage\":\"pt-PT\"},{\"@type\":\"Organization\",\"@id\":\"https:\\\/\\\/infocul.pt\\\/arquivo\\\/#organization\",\"name\":\"Infocul.pt\",\"url\":\"https:\\\/\\\/infocul.pt\\\/arquivo\\\/\",\"logo\":{\"@type\":\"ImageObject\",\"inLanguage\":\"pt-PT\",\"@id\":\"https:\\\/\\\/infocul.pt\\\/arquivo\\\/#\\\/schema\\\/logo\\\/image\\\/\",\"url\":\"https:\\\/\\\/infocul.pt\\\/arquivo\\\/wp-content\\\/uploads\\\/2018\\\/12\\\/Infocul_logo-1.png\",\"contentUrl\":\"https:\\\/\\\/infocul.pt\\\/arquivo\\\/wp-content\\\/uploads\\\/2018\\\/12\\\/Infocul_logo-1.png\",\"width\":800,\"height\":800,\"caption\":\"Infocul.pt\"},\"image\":{\"@id\":\"https:\\\/\\\/infocul.pt\\\/arquivo\\\/#\\\/schema\\\/logo\\\/image\\\/\"},\"sameAs\":[\"https:\\\/\\\/www.facebook.com\\\/Infocul-147816815585015\\\/\",\"https:\\\/\\\/x.com\\\/Infoculpt\",\"http:\\\/\\\/www.pictaram.com\\\/user\\\/infocul.pt\\\/2370423710\",\"https:\\\/\\\/www.youtube.com\\\/channel\\\/UCYEB91AGI9FL9ek2i_IaQAA\"]},{\"@type\":\"Person\",\"@id\":\"https:\\\/\\\/infocul.pt\\\/arquivo\\\/#\\\/schema\\\/person\\\/f243f45ae8d67639120a7586884f3abc\",\"name\":\"Redac\u00e7\u00e3o\",\"image\":{\"@type\":\"ImageObject\",\"inLanguage\":\"pt-PT\",\"@id\":\"https:\\\/\\\/secure.gravatar.com\\\/avatar\\\/151b1b76c598ab5e749407223bd6c1bad4e41c4e95de3c3df83540ebee2deaf8?s=96&d=mm&r=g\",\"url\":\"https:\\\/\\\/secure.gravatar.com\\\/avatar\\\/151b1b76c598ab5e749407223bd6c1bad4e41c4e95de3c3df83540ebee2deaf8?s=96&d=mm&r=g\",\"contentUrl\":\"https:\\\/\\\/secure.gravatar.com\\\/avatar\\\/151b1b76c598ab5e749407223bd6c1bad4e41c4e95de3c3df83540ebee2deaf8?s=96&d=mm&r=g\",\"caption\":\"Redac\u00e7\u00e3o\"}}]}<\/script>\n<!-- \/ Yoast SEO plugin. -->","yoast_head_json":{"title":"Set\u00fabal apresenta programa\u00e7\u00e3o para celebra\u00e7\u00e3o do Dia Mundial do Teatro | Infocul.pt - Arquivo Digital","description":"Set\u00fabal apresenta programa\u00e7\u00e3o para celebra\u00e7\u00e3o do Dia Mundial do Teatro | Infocul.pt - Arquivo Digital","robots":{"index":"noindex","follow":"follow","max-snippet":"max-snippet:-1","max-image-preview":"max-image-preview:large","max-video-preview":"max-video-preview:-1"},"og_locale":"pt_PT","og_type":"article","og_title":"Set\u00fabal apresenta programa\u00e7\u00e3o para celebra\u00e7\u00e3o do Dia Mundial do Teatro | Infocul.pt - Arquivo Digital","og_description":"Set\u00fabal apresenta programa\u00e7\u00e3o para celebra\u00e7\u00e3o do Dia Mundial do Teatro | Infocul.pt - Arquivo Digital","og_url":"https:\/\/infocul.pt\/arquivo\/cultura\/setubal-apresenta-programacao-para-celebracao-do-dia-mundial-do-teatro\/","og_site_name":"Infocul.pt - Arquivo Digital","article_publisher":"https:\/\/www.facebook.com\/Infocul-147816815585015\/","article_published_time":"2020-02-27T08:28:07+00:00","og_image":[{"width":959,"height":640,"url":"https:\/\/infocul.pt\/arquivo\/wp-content\/uploads\/2020\/02\/87963121_2826172917467997_6879756173252231168_o.jpg","type":"image\/jpeg"}],"author":"Redac\u00e7\u00e3o","twitter_card":"summary_large_image","twitter_creator":"@Infoculpt","twitter_site":"@Infoculpt","twitter_misc":{"Escrito por":"Redac\u00e7\u00e3o","Tempo estimado de leitura":"4 minutos"},"schema":{"@context":"https:\/\/schema.org","@graph":[{"@type":"Article","@id":"https:\/\/infocul.pt\/arquivo\/cultura\/setubal-apresenta-programacao-para-celebracao-do-dia-mundial-do-teatro\/#article","isPartOf":{"@id":"https:\/\/infocul.pt\/arquivo\/cultura\/setubal-apresenta-programacao-para-celebracao-do-dia-mundial-do-teatro\/"},"author":{"name":"Redac\u00e7\u00e3o","@id":"https:\/\/infocul.pt\/arquivo\/#\/schema\/person\/f243f45ae8d67639120a7586884f3abc"},"headline":"Set\u00fabal apresenta programa\u00e7\u00e3o para celebra\u00e7\u00e3o do Dia Mundial do Teatro","datePublished":"2020-02-27T08:28:07+00:00","mainEntityOfPage":{"@id":"https:\/\/infocul.pt\/arquivo\/cultura\/setubal-apresenta-programacao-para-celebracao-do-dia-mundial-do-teatro\/"},"wordCount":889,"commentCount":0,"publisher":{"@id":"https:\/\/infocul.pt\/arquivo\/#organization"},"image":{"@id":"https:\/\/infocul.pt\/arquivo\/cultura\/setubal-apresenta-programacao-para-celebracao-do-dia-mundial-do-teatro\/#primaryimage"},"thumbnailUrl":"https:\/\/infocul.pt\/arquivo\/wp-content\/uploads\/2020\/02\/87963121_2826172917467997_6879756173252231168_o.jpg","keywords":["Dia Mundial do Teatro","Set\u00fabal"],"articleSection":["Cultura","Teatro"],"inLanguage":"pt-PT"},{"@type":"WebPage","@id":"https:\/\/infocul.pt\/arquivo\/cultura\/setubal-apresenta-programacao-para-celebracao-do-dia-mundial-do-teatro\/","url":"https:\/\/infocul.pt\/arquivo\/cultura\/setubal-apresenta-programacao-para-celebracao-do-dia-mundial-do-teatro\/","name":"Set\u00fabal apresenta programa\u00e7\u00e3o para celebra\u00e7\u00e3o do Dia Mundial do Teatro | Infocul.pt - Arquivo Digital","isPartOf":{"@id":"https:\/\/infocul.pt\/arquivo\/#website"},"primaryImageOfPage":{"@id":"https:\/\/infocul.pt\/arquivo\/cultura\/setubal-apresenta-programacao-para-celebracao-do-dia-mundial-do-teatro\/#primaryimage"},"image":{"@id":"https:\/\/infocul.pt\/arquivo\/cultura\/setubal-apresenta-programacao-para-celebracao-do-dia-mundial-do-teatro\/#primaryimage"},"thumbnailUrl":"https:\/\/infocul.pt\/arquivo\/wp-content\/uploads\/2020\/02\/87963121_2826172917467997_6879756173252231168_o.jpg","datePublished":"2020-02-27T08:28:07+00:00","description":"Set\u00fabal apresenta programa\u00e7\u00e3o para celebra\u00e7\u00e3o do Dia Mundial do Teatro | Infocul.pt - Arquivo Digital","breadcrumb":{"@id":"https:\/\/infocul.pt\/arquivo\/cultura\/setubal-apresenta-programacao-para-celebracao-do-dia-mundial-do-teatro\/#breadcrumb"},"inLanguage":"pt-PT","potentialAction":[{"@type":"ReadAction","target":["https:\/\/infocul.pt\/arquivo\/cultura\/setubal-apresenta-programacao-para-celebracao-do-dia-mundial-do-teatro\/"]}]},{"@type":"ImageObject","inLanguage":"pt-PT","@id":"https:\/\/infocul.pt\/arquivo\/cultura\/setubal-apresenta-programacao-para-celebracao-do-dia-mundial-do-teatro\/#primaryimage","url":"https:\/\/infocul.pt\/arquivo\/wp-content\/uploads\/2020\/02\/87963121_2826172917467997_6879756173252231168_o.jpg","contentUrl":"https:\/\/infocul.pt\/arquivo\/wp-content\/uploads\/2020\/02\/87963121_2826172917467997_6879756173252231168_o.jpg","width":959,"height":640},{"@type":"BreadcrumbList","@id":"https:\/\/infocul.pt\/arquivo\/cultura\/setubal-apresenta-programacao-para-celebracao-do-dia-mundial-do-teatro\/#breadcrumb","itemListElement":[{"@type":"ListItem","position":1,"name":"Home","item":"https:\/\/infocul.pt\/arquivo\/"},{"@type":"ListItem","position":2,"name":"Set\u00fabal apresenta programa\u00e7\u00e3o para celebra\u00e7\u00e3o do Dia Mundial do Teatro"}]},{"@type":"WebSite","@id":"https:\/\/infocul.pt\/arquivo\/#website","url":"https:\/\/infocul.pt\/arquivo\/","name":"Infocul.pt - Arquivo Digital","description":"Arquivo digital da Infocul.pt","publisher":{"@id":"https:\/\/infocul.pt\/arquivo\/#organization"},"potentialAction":[{"@type":"SearchAction","target":{"@type":"EntryPoint","urlTemplate":"https:\/\/infocul.pt\/arquivo\/?s={search_term_string}"},"query-input":{"@type":"PropertyValueSpecification","valueRequired":true,"valueName":"search_term_string"}}],"inLanguage":"pt-PT"},{"@type":"Organization","@id":"https:\/\/infocul.pt\/arquivo\/#organization","name":"Infocul.pt","url":"https:\/\/infocul.pt\/arquivo\/","logo":{"@type":"ImageObject","inLanguage":"pt-PT","@id":"https:\/\/infocul.pt\/arquivo\/#\/schema\/logo\/image\/","url":"https:\/\/infocul.pt\/arquivo\/wp-content\/uploads\/2018\/12\/Infocul_logo-1.png","contentUrl":"https:\/\/infocul.pt\/arquivo\/wp-content\/uploads\/2018\/12\/Infocul_logo-1.png","width":800,"height":800,"caption":"Infocul.pt"},"image":{"@id":"https:\/\/infocul.pt\/arquivo\/#\/schema\/logo\/image\/"},"sameAs":["https:\/\/www.facebook.com\/Infocul-147816815585015\/","https:\/\/x.com\/Infoculpt","http:\/\/www.pictaram.com\/user\/infocul.pt\/2370423710","https:\/\/www.youtube.com\/channel\/UCYEB91AGI9FL9ek2i_IaQAA"]},{"@type":"Person","@id":"https:\/\/infocul.pt\/arquivo\/#\/schema\/person\/f243f45ae8d67639120a7586884f3abc","name":"Redac\u00e7\u00e3o","image":{"@type":"ImageObject","inLanguage":"pt-PT","@id":"https:\/\/secure.gravatar.com\/avatar\/151b1b76c598ab5e749407223bd6c1bad4e41c4e95de3c3df83540ebee2deaf8?s=96&d=mm&r=g","url":"https:\/\/secure.gravatar.com\/avatar\/151b1b76c598ab5e749407223bd6c1bad4e41c4e95de3c3df83540ebee2deaf8?s=96&d=mm&r=g","contentUrl":"https:\/\/secure.gravatar.com\/avatar\/151b1b76c598ab5e749407223bd6c1bad4e41c4e95de3c3df83540ebee2deaf8?s=96&d=mm&r=g","caption":"Redac\u00e7\u00e3o"}}]}},"_links":{"self":[{"href":"https:\/\/infocul.pt\/arquivo\/wp-json\/wp\/v2\/posts\/67249","targetHints":{"allow":["GET"]}}],"collection":[{"href":"https:\/\/infocul.pt\/arquivo\/wp-json\/wp\/v2\/posts"}],"about":[{"href":"https:\/\/infocul.pt\/arquivo\/wp-json\/wp\/v2\/types\/post"}],"author":[{"embeddable":true,"href":"https:\/\/infocul.pt\/arquivo\/wp-json\/wp\/v2\/users\/13"}],"replies":[{"embeddable":true,"href":"https:\/\/infocul.pt\/arquivo\/wp-json\/wp\/v2\/comments?post=67249"}],"version-history":[{"count":0,"href":"https:\/\/infocul.pt\/arquivo\/wp-json\/wp\/v2\/posts\/67249\/revisions"}],"wp:featuredmedia":[{"embeddable":true,"href":"https:\/\/infocul.pt\/arquivo\/wp-json\/wp\/v2\/media\/67251"}],"wp:attachment":[{"href":"https:\/\/infocul.pt\/arquivo\/wp-json\/wp\/v2\/media?parent=67249"}],"wp:term":[{"taxonomy":"category","embeddable":true,"href":"https:\/\/infocul.pt\/arquivo\/wp-json\/wp\/v2\/categories?post=67249"},{"taxonomy":"post_tag","embeddable":true,"href":"https:\/\/infocul.pt\/arquivo\/wp-json\/wp\/v2\/tags?post=67249"}],"curies":[{"name":"wp","href":"https:\/\/api.w.org\/{rel}","templated":true}]}}