{"id":67623,"date":"2020-04-13T00:00:31","date_gmt":"2020-04-12T23:00:31","guid":{"rendered":"https:\/\/infocul.pt\/?p=67623"},"modified":"2020-03-04T18:26:32","modified_gmt":"2020-03-04T18:26:32","slug":"cesar-cardoso-lanca-um-disco-unico-no-panorama-jazzistico-portugues","status":"publish","type":"post","link":"https:\/\/infocul.pt\/arquivo\/cultura\/cesar-cardoso-lanca-um-disco-unico-no-panorama-jazzistico-portugues\/","title":{"rendered":"C\u00e9sar Cardoso lan\u00e7a \u201cum disco \u00fanico no panorama jazz\u00edstico Portugu\u00eas\u201d"},"content":{"rendered":"<p><img decoding=\"async\" class=\"aligncenter wp-image-67624 size-full lazyload\" data-src=\"https:\/\/infocul.pt\/arquivo\/wp-content\/uploads\/2020\/03\/IMG_230511_David-Sineiro-820x500-1.jpg\" alt=\"\" width=\"820\" height=\"500\" data-srcset=\"https:\/\/infocul.pt\/arquivo\/wp-content\/uploads\/2020\/03\/IMG_230511_David-Sineiro-820x500-1.jpg 820w, https:\/\/infocul.pt\/arquivo\/wp-content\/uploads\/2020\/03\/IMG_230511_David-Sineiro-820x500-1-300x183.jpg 300w, https:\/\/infocul.pt\/arquivo\/wp-content\/uploads\/2020\/03\/IMG_230511_David-Sineiro-820x500-1-768x468.jpg 768w\" data-sizes=\"(max-width: 820px) 100vw, 820px\" src=\"data:image\/svg+xml;base64,PHN2ZyB3aWR0aD0iMSIgaGVpZ2h0PSIxIiB4bWxucz0iaHR0cDovL3d3dy53My5vcmcvMjAwMC9zdmciPjwvc3ZnPg==\" style=\"--smush-placeholder-width: 820px; --smush-placeholder-aspect-ratio: 820\/500;\" \/><\/p>\n<p><span style=\"font-family: Liberation Serif, serif;\"><span style=\"font-size: medium;\"><span style=\"color: #222222;\">C\u00e9sar Cardoso edita \u201cDice of Tenors\u201d dia 17 de Abril, <\/span><span style=\"color: #222222;\">mas antes concedeu entrevista ao Infocul.pt para falar sobre o disco e o que pretende transmitir atrav\u00e9s deste trabalho discogr\u00e1fico.<\/span><\/span><\/span><!--more--><\/p>\n<p><span style=\"color: #222222;\">\u201c<span style=\"font-family: Liberation Serif, serif;\"><span style=\"font-size: medium;\">Dice of Tenors\u201d resulta da inten\u00e7\u00e3o do seu mentor, C\u00e9sar Cardoso, de procurar novas abordagens, caminhos e ideias de composi\u00e7\u00e3o e arranjo, atrav\u00e9s de uma forma\u00e7\u00e3o alargada. Esta forma\u00e7\u00e3o \u00e9 constitu\u00edda por 8 elementos, distribu\u00eddos por sopros \u2013 saxofone tenor, saxofone alto, trompete e trombone \u2013 e sec\u00e7\u00e3o r\u00edtmica \u2013 vibrafone, piano, contrabaixo e bateria.<\/span><\/span><\/span><\/p>\n<p><span style=\"font-family: Liberation Serif, serif;\"><span style=\"font-size: medium;\"><span style=\"color: #222222;\">Para este disco, C\u00e9sar Cardoso escolheu 8 temas, 6 dos quais s\u00e3o Standards do Jazz celebrizados por alguns dos maiores saxofonistas tenores e comp\u00f4s ainda 2 temas a completar o disco. <\/span><\/span><\/span><\/p>\n<p><span style=\"font-family: Liberation Serif, serif;\"><span style=\"font-size: medium;\"><i><span style=\"color: #222222;\">C\u00e9sar, quando come\u00e7ou a pensar neste disco?<br \/>\n<\/span><\/i><\/span><\/span><span style=\"font-family: Liberation Serif, serif;\"><span style=\"font-size: medium;\"><i><b><span style=\"color: #222222;\">Comecei em finais de 2018, depois de lan\u00e7ar o disco \u201cInterchange\u201d, surgiu-me a ideia de criar um disco diferente dos anteriores, com uma forma\u00e7\u00e3o maior e com um complexo de composi\u00e7\u00e3o diferente do que tinha usado at\u00e9 ent\u00e3o.<\/span><\/b><\/i><\/span><\/span><\/p>\n<p><span style=\"font-family: Liberation Serif, serif;\"><span style=\"font-size: medium;\"><br \/>\n<span style=\"color: #222222;\"><i>Da ideia original at\u00e9 \u00e0 concretiza\u00e7\u00e3o do disco, alterou algo?<\/i><\/span><br \/>\n<\/span><\/span><span style=\"font-family: Liberation Serif, serif;\"><span style=\"font-size: medium;\"><i><b><span style=\"color: #222222;\">Comecei os arranjos no in\u00edcio de 2019 e fomos para est\u00fadio em Outubro 2019. Foram bastantes meses a pensar como realizar os arranjos e como criar algo diferente e de como poderia conjugar todas as ideias num disco s\u00f3 de maneira a torna-lo um disco completo e diversificado. Desde a ideia original at\u00e9 \u00e0 concretiza\u00e7\u00e3o n\u00e3o fiz grandes altera\u00e7\u00f5es, o objectivo inicial manteve-se intacto e foi cumprido.<\/span><\/b><\/i><\/span><\/span><\/p>\n<p><span style=\"font-family: Liberation Serif, serif;\"><span style=\"font-size: medium;\"><span style=\"color: #222222;\"><i>8 temas: 6 cl\u00e1ssicos e 2 compostos por si. Como foi esta escolha, qual o crit\u00e9rio e o objectivo?<\/i><\/span><br \/>\n<\/span><\/span><span style=\"font-family: Liberation Serif, serif;\"><span style=\"font-size: medium;\"><i><b><span style=\"color: #222222;\">A ideia deste disco foi a de homenagear alguns dos maiores saxofonistas tenores que me influenciaram no meu percurso acad\u00e9mico. Foram saxofonistas dos quais transcrevi muitos solos e dos quais me identifico musicalmente. A escolha foi natural, e cheguei 6 saxofonistas que realmente foram importantes para mim, havendo muitos outros naturalmente, estes foram marcantes.\u00a0<\/span><\/b><\/i><\/span><\/span><span style=\"font-family: Liberation Serif, serif;\"><span style=\"font-size: medium;\"><i><b><span style=\"color: #222222;\">A juntar a estes cl\u00e1ssicos do Jazz achei que seria muito importante tamb\u00e9m compor m\u00fasica original de modo completar o disco e a torna-lo o mais completo poss\u00edvel.<\/span><\/b><\/i><\/span><\/span><\/p>\n<p>&nbsp;<\/p>\n<p><span style=\"font-family: Liberation Serif, serif;\"><span style=\"font-size: medium;\"><span style=\"color: #222222;\"><i>A escolha dos cl\u00e1ssicos foi dif\u00edcil?<\/i><\/span><br \/>\n<\/span><\/span><span style=\"font-family: Liberation Serif, serif;\"><span style=\"font-size: medium;\"><i><b><span style=\"color: #222222;\">A<\/span><span style=\"color: #222222;\"> escolha n\u00e3o foi muito dif\u00edcil. A ideia era pegar num tema que fosse original, ou um standard, associado a cada um dos saxofonistas. Naturalmente haviam muitas possibilidades de temas, mas tentar pegar nos que eu mais gostava e que fossem logo associados a cada um dos saxofonistas em quest\u00e3o.<\/span><\/b><\/i><\/span><\/span><\/p>\n<p><span style=\"font-family: Liberation Serif, serif;\"><span style=\"font-size: medium;\"><span style=\"color: #222222;\"><i>Quem s\u00e3o as suas refer\u00eancias musicais?<\/i><\/span><br \/>\n<\/span><\/span><span style=\"font-family: Liberation Serif, serif;\"><span style=\"font-size: medium;\"><i><b><span style=\"color: #222222;\">Naturalmente que todos estes 6 saxofonistas (Hank Mobley, Dexter Gordon, John Coltrane, Sonny Rollins, Joe Henderson e Benny Golson) foram e s\u00e3o referencias para mim, mas h\u00e1 outras refer\u00eancias de m\u00fasicos mais antigos ou mais recentes. Uma das minhas refer\u00eancias musicais do momento \u00e9 o Miguel Zen\u00f3n que j\u00e1 havia gravado o meu \u00faltimo disco e que aceitou o desafio de gravar este novo, n\u00e3o apenas participando em algumas faixas mas sim o disco completo. \u00c9 um m\u00fasico incr\u00edvel e inspirador que \u00e9 para mim o melhor m\u00fasico de jazz da atualidade.<\/span><\/b><\/i><\/span><\/span><\/p>\n<p><span style=\"font-family: Liberation Serif, serif;\"><span style=\"font-size: medium;\"><span style=\"color: #222222;\"><i>Neste disco quais foram os mai<\/i><\/span><span style=\"color: #222222;\"><i>ores<\/i><\/span><span style=\"color: #222222;\"><i> desafios?<\/i><\/span><br \/>\n<\/span><\/span><span style=\"font-family: Liberation Serif, serif;\"><span style=\"font-size: medium;\"><i><b><span style=\"color: #222222;\">Foram v\u00e1rios, a come\u00e7ar pela dificuldade de conjugar agendas e disponibilidades de tantos m\u00fasicos (somos 8 elementos) e ainda por cima com v\u00e1rios m\u00fasicos estrangeiros. Outra das dificuldades foi a n\u00edvel de escrita e composi\u00e7\u00e3o dos temas. Nunca tinha escrito para este tipo de forma\u00e7\u00e3o, o que me obrigou a uma pesquisa grande, mas que, por outro lado, me permitiu evoluir enquanto compositor. <\/span><\/b><\/i><\/span><\/span><\/p>\n<p>&nbsp;<\/p>\n<p><span style=\"font-family: Liberation Serif, serif;\"><span style=\"font-size: medium;\"><span style=\"color: #222222;\"><i>Num mercado musical fervilhante, o que distingue este disco?<\/i><\/span><br \/>\n<\/span><\/span><span style=\"font-family: Liberation Serif, serif;\"><span style=\"font-size: medium;\"><i><b><span style=\"color: #222222;\">\u00c9 sempre complicado falar dos nossos projectos, mas honestamente penso que \u00e9 um disco \u00fanico no panorama jazz\u00edstico Portugu\u00eas. O tipo de forma\u00e7\u00e3o e sobretudo o tipo de composi\u00e7\u00e3o \u00e9 algo que vemos noutros m\u00fasicos l\u00e1 fora mas que c\u00e1 nunca foi desenvolvido nem pensado a um ponto elevado. Penso que \u00e9 um disco \u00fanico em que a maioria dos detalhes presentes no disco n\u00e3o ser\u00e3o percept\u00edveis \u00e0 primeiro nem \u00e0 quinta vez.<\/span><\/b><\/i><\/span><\/span><\/p>\n<p><span style=\"font-family: Liberation Serif, serif;\"><span style=\"font-size: medium;\"><span style=\"color: #222222;\"><i>Quais os m\u00fasicos que o acompanham neste disco?<\/i><\/span><br \/>\n<\/span><\/span><span style=\"font-family: Liberation Serif, serif;\"><span style=\"font-size: medium;\"><i><b><span style=\"color: #222222;\">Os m\u00fasicos que me acompanham s\u00e3o o americano Jason Palmer (trompete), Miguel Zen\u00f3n (sax alto), Massimo Morganti (trombone), Jeffery Davis (vibrafone), \u00d3scar Gra\u00e7a (piano), Demian Cabaud (contrabaixo) e Marcos Cavaleiro (bateria).<\/span><\/b><\/i><\/span><\/span><\/p>\n<p><span style=\"font-family: Liberation Serif, serif;\"><span style=\"font-size: medium;\"><span style=\"color: #222222;\"><i>J\u00e1 h\u00e1 espect\u00e1culos agendados para a apresenta\u00e7\u00e3o do disco?<\/i><\/span><br \/>\n<\/span><\/span><span style=\"font-family: Liberation Serif, serif;\"><span style=\"font-size: medium;\"><i><b><span style=\"color: #222222;\">Sim, ser\u00e1 no Festival de Jazz do Barreiro no dia 27 de Junho \u00e0s 19:<\/span><span style=\"color: #222222;\">00<\/span><span style=\"color: #222222;\">.<\/span><\/b><\/i><\/span><\/span><\/p>\n<p><span style=\"font-family: Liberation Serif, serif;\"><span style=\"font-size: medium;\"><span style=\"color: #222222;\"><i>Onde poder\u00e3o as pessoas aceder ao disco?<\/i><\/span><br \/>\n<\/span><\/span><span style=\"font-family: Liberation Serif, serif;\"><span style=\"font-size: medium;\"><i><b><span style=\"color: #222222;\">Os discos estar\u00e3o dispon\u00edveis nas lojas, nos locais dos concertos e tamb\u00e9m nas plataformas digitais.<\/span><\/b><\/i><\/span><\/span><\/p>\n<p><span style=\"font-family: Liberation Serif, serif;\"><span style=\"font-size: medium;\"><i><span style=\"color: #222222;\">E interagir consigo?<\/span><\/i><\/span><\/span><\/p>\n<p><span style=\"color: #222222;\"><span style=\"font-family: Liberation Serif, serif;\"><span style=\"font-size: medium;\"><i><b>Podem enviar coment\u00e1rio e mensagens atrav\u00e9s da minha p\u00e1gina facebook, instagram ou atrav\u00e9s do meu site.<\/b><\/i><\/span><\/span><\/span><i><b> <\/b><\/i><\/p>\n<p><span style=\"font-size: medium;\"><i><b><span style=\"color: #030303;\"><span style=\"font-family: Liberation Serif, serif;\">Website: <\/span><\/span><\/b><\/i><\/span><span style=\"font-size: medium;\"><i><b><span style=\"color: #030303;\"><span style=\"color: #0000ff;\">http:\/\/cesarcardoso.com\/<\/span> <\/span><\/b><\/i><\/span><\/p>\n<p><span style=\"font-size: medium;\"><i><b><span style=\"color: #030303;\"><span style=\"font-family: Liberation Serif, serif;\">Facebook: <\/span><\/span><\/b><\/i><\/span><span style=\"font-size: medium;\"><i><b><span style=\"color: #030303;\"><span style=\"color: #0000ff;\">https:\/\/www.facebook.com\/cesarcvcardoso\/<\/span> <\/span><\/b><\/i><\/span><\/p>\n<p><span style=\"font-size: medium;\"><i><b><span style=\"color: #030303;\"><span style=\"font-family: Liberation Serif, serif;\">Instagram: <\/span><\/span><\/b><\/i><\/span><span style=\"font-size: medium;\"><i><b><span style=\"color: #030303;\"><span style=\"color: #0000ff;\">https:\/\/www.instagram.com\/cesarcvcardoso\/<\/span><\/span><\/b><\/i><\/span><\/p>\n<p><span style=\"font-family: Liberation Serif, serif;\"><span style=\"font-size: medium;\"><i><b>Youtube: <span style=\"color: #0000ff;\">https:\/\/www.youtube.com\/user\/cesarcvcardoso<\/span><\/b><\/i><\/span><\/span><\/p>\n","protected":false},"excerpt":{"rendered":"<p>C\u00e9sar Cardoso edita \u201cDice of Tenors\u201d dia 17 de Abril, mas antes concedeu entrevista ao Infocul.pt para falar sobre o disco e o que pretende transmitir atrav\u00e9s deste trabalho discogr\u00e1fico.<\/p>\n","protected":false},"author":2,"featured_media":67624,"comment_status":"open","ping_status":"closed","sticky":false,"template":"","format":"standard","meta":{"footnotes":""},"categories":[2,36,4,4124],"tags":[8975],"class_list":["post-67623","post","type-post","status-publish","format-standard","has-post-thumbnail","hentry","category-cultura","category-destaque","category-discos","category-entrevistas","tag-cesar-cardoso"],"yoast_head":"<!-- This site is optimized with the Yoast SEO plugin v27.4 - https:\/\/yoast.com\/product\/yoast-seo-wordpress\/ -->\n<title>C\u00e9sar Cardoso lan\u00e7a \u201cum disco \u00fanico no panorama jazz\u00edstico Portugu\u00eas\u201d | Infocul.pt - Arquivo Digital<\/title>\n<meta name=\"description\" content=\"C\u00e9sar Cardoso lan\u00e7a \u201cum disco \u00fanico no panorama jazz\u00edstico Portugu\u00eas\u201d | Infocul.pt - Arquivo Digital\" \/>\n<meta name=\"robots\" content=\"noindex, follow, max-snippet:-1, max-image-preview:large, max-video-preview:-1\" \/>\n<meta property=\"og:locale\" content=\"pt_PT\" \/>\n<meta property=\"og:type\" content=\"article\" \/>\n<meta property=\"og:title\" content=\"C\u00e9sar Cardoso lan\u00e7a \u201cum disco \u00fanico no panorama jazz\u00edstico Portugu\u00eas\u201d | Infocul.pt - Arquivo Digital\" \/>\n<meta property=\"og:description\" content=\"C\u00e9sar Cardoso lan\u00e7a \u201cum disco \u00fanico no panorama jazz\u00edstico Portugu\u00eas\u201d | Infocul.pt - Arquivo Digital\" \/>\n<meta property=\"og:url\" content=\"https:\/\/infocul.pt\/arquivo\/cultura\/cesar-cardoso-lanca-um-disco-unico-no-panorama-jazzistico-portugues\/\" \/>\n<meta property=\"og:site_name\" content=\"Infocul.pt - Arquivo Digital\" \/>\n<meta property=\"article:publisher\" content=\"https:\/\/www.facebook.com\/Infocul-147816815585015\/\" \/>\n<meta property=\"article:published_time\" content=\"2020-04-12T23:00:31+00:00\" \/>\n<meta property=\"og:image\" content=\"https:\/\/infocul.pt\/arquivo\/wp-content\/uploads\/2020\/03\/IMG_230511_David-Sineiro-820x500-1.jpg\" \/>\n\t<meta property=\"og:image:width\" content=\"820\" \/>\n\t<meta property=\"og:image:height\" content=\"500\" \/>\n\t<meta property=\"og:image:type\" content=\"image\/jpeg\" \/>\n<meta name=\"author\" content=\"Rui Lavrador\" \/>\n<meta name=\"twitter:card\" content=\"summary_large_image\" \/>\n<meta name=\"twitter:creator\" content=\"@Infoculpt\" \/>\n<meta name=\"twitter:site\" content=\"@Infoculpt\" \/>\n<meta name=\"twitter:label1\" content=\"Escrito por\" \/>\n\t<meta name=\"twitter:data1\" content=\"Rui Lavrador\" \/>\n\t<meta name=\"twitter:label2\" content=\"Tempo estimado de leitura\" \/>\n\t<meta name=\"twitter:data2\" content=\"4 minutos\" \/>\n<script type=\"application\/ld+json\" class=\"yoast-schema-graph\">{\"@context\":\"https:\\\/\\\/schema.org\",\"@graph\":[{\"@type\":\"Article\",\"@id\":\"https:\\\/\\\/infocul.pt\\\/arquivo\\\/cultura\\\/cesar-cardoso-lanca-um-disco-unico-no-panorama-jazzistico-portugues\\\/#article\",\"isPartOf\":{\"@id\":\"https:\\\/\\\/infocul.pt\\\/arquivo\\\/cultura\\\/cesar-cardoso-lanca-um-disco-unico-no-panorama-jazzistico-portugues\\\/\"},\"author\":{\"name\":\"Rui Lavrador\",\"@id\":\"https:\\\/\\\/infocul.pt\\\/arquivo\\\/#\\\/schema\\\/person\\\/060a108d7f2d85fc6aae505119ee5234\"},\"headline\":\"C\u00e9sar Cardoso lan\u00e7a \u201cum disco \u00fanico no panorama jazz\u00edstico Portugu\u00eas\u201d\",\"datePublished\":\"2020-04-12T23:00:31+00:00\",\"mainEntityOfPage\":{\"@id\":\"https:\\\/\\\/infocul.pt\\\/arquivo\\\/cultura\\\/cesar-cardoso-lanca-um-disco-unico-no-panorama-jazzistico-portugues\\\/\"},\"wordCount\":841,\"commentCount\":0,\"publisher\":{\"@id\":\"https:\\\/\\\/infocul.pt\\\/arquivo\\\/#organization\"},\"image\":{\"@id\":\"https:\\\/\\\/infocul.pt\\\/arquivo\\\/cultura\\\/cesar-cardoso-lanca-um-disco-unico-no-panorama-jazzistico-portugues\\\/#primaryimage\"},\"thumbnailUrl\":\"https:\\\/\\\/infocul.pt\\\/arquivo\\\/wp-content\\\/uploads\\\/2020\\\/03\\\/IMG_230511_David-Sineiro-820x500-1.jpg\",\"keywords\":[\"C\u00e9sar Cardoso\"],\"articleSection\":[\"Cultura\",\"Destaque\",\"Discos\",\"Entrevistas\"],\"inLanguage\":\"pt-PT\"},{\"@type\":\"WebPage\",\"@id\":\"https:\\\/\\\/infocul.pt\\\/arquivo\\\/cultura\\\/cesar-cardoso-lanca-um-disco-unico-no-panorama-jazzistico-portugues\\\/\",\"url\":\"https:\\\/\\\/infocul.pt\\\/arquivo\\\/cultura\\\/cesar-cardoso-lanca-um-disco-unico-no-panorama-jazzistico-portugues\\\/\",\"name\":\"C\u00e9sar Cardoso lan\u00e7a \u201cum disco \u00fanico no panorama jazz\u00edstico Portugu\u00eas\u201d | Infocul.pt - Arquivo Digital\",\"isPartOf\":{\"@id\":\"https:\\\/\\\/infocul.pt\\\/arquivo\\\/#website\"},\"primaryImageOfPage\":{\"@id\":\"https:\\\/\\\/infocul.pt\\\/arquivo\\\/cultura\\\/cesar-cardoso-lanca-um-disco-unico-no-panorama-jazzistico-portugues\\\/#primaryimage\"},\"image\":{\"@id\":\"https:\\\/\\\/infocul.pt\\\/arquivo\\\/cultura\\\/cesar-cardoso-lanca-um-disco-unico-no-panorama-jazzistico-portugues\\\/#primaryimage\"},\"thumbnailUrl\":\"https:\\\/\\\/infocul.pt\\\/arquivo\\\/wp-content\\\/uploads\\\/2020\\\/03\\\/IMG_230511_David-Sineiro-820x500-1.jpg\",\"datePublished\":\"2020-04-12T23:00:31+00:00\",\"description\":\"C\u00e9sar Cardoso lan\u00e7a \u201cum disco \u00fanico no panorama jazz\u00edstico Portugu\u00eas\u201d | Infocul.pt - Arquivo Digital\",\"breadcrumb\":{\"@id\":\"https:\\\/\\\/infocul.pt\\\/arquivo\\\/cultura\\\/cesar-cardoso-lanca-um-disco-unico-no-panorama-jazzistico-portugues\\\/#breadcrumb\"},\"inLanguage\":\"pt-PT\",\"potentialAction\":[{\"@type\":\"ReadAction\",\"target\":[\"https:\\\/\\\/infocul.pt\\\/arquivo\\\/cultura\\\/cesar-cardoso-lanca-um-disco-unico-no-panorama-jazzistico-portugues\\\/\"]}]},{\"@type\":\"ImageObject\",\"inLanguage\":\"pt-PT\",\"@id\":\"https:\\\/\\\/infocul.pt\\\/arquivo\\\/cultura\\\/cesar-cardoso-lanca-um-disco-unico-no-panorama-jazzistico-portugues\\\/#primaryimage\",\"url\":\"https:\\\/\\\/infocul.pt\\\/arquivo\\\/wp-content\\\/uploads\\\/2020\\\/03\\\/IMG_230511_David-Sineiro-820x500-1.jpg\",\"contentUrl\":\"https:\\\/\\\/infocul.pt\\\/arquivo\\\/wp-content\\\/uploads\\\/2020\\\/03\\\/IMG_230511_David-Sineiro-820x500-1.jpg\",\"width\":820,\"height\":500},{\"@type\":\"BreadcrumbList\",\"@id\":\"https:\\\/\\\/infocul.pt\\\/arquivo\\\/cultura\\\/cesar-cardoso-lanca-um-disco-unico-no-panorama-jazzistico-portugues\\\/#breadcrumb\",\"itemListElement\":[{\"@type\":\"ListItem\",\"position\":1,\"name\":\"Home\",\"item\":\"https:\\\/\\\/infocul.pt\\\/arquivo\\\/\"},{\"@type\":\"ListItem\",\"position\":2,\"name\":\"C\u00e9sar Cardoso lan\u00e7a \u201cum disco \u00fanico no panorama jazz\u00edstico Portugu\u00eas\u201d\"}]},{\"@type\":\"WebSite\",\"@id\":\"https:\\\/\\\/infocul.pt\\\/arquivo\\\/#website\",\"url\":\"https:\\\/\\\/infocul.pt\\\/arquivo\\\/\",\"name\":\"Infocul.pt - Arquivo Digital\",\"description\":\"Arquivo digital da Infocul.pt\",\"publisher\":{\"@id\":\"https:\\\/\\\/infocul.pt\\\/arquivo\\\/#organization\"},\"potentialAction\":[{\"@type\":\"SearchAction\",\"target\":{\"@type\":\"EntryPoint\",\"urlTemplate\":\"https:\\\/\\\/infocul.pt\\\/arquivo\\\/?s={search_term_string}\"},\"query-input\":{\"@type\":\"PropertyValueSpecification\",\"valueRequired\":true,\"valueName\":\"search_term_string\"}}],\"inLanguage\":\"pt-PT\"},{\"@type\":\"Organization\",\"@id\":\"https:\\\/\\\/infocul.pt\\\/arquivo\\\/#organization\",\"name\":\"Infocul.pt\",\"url\":\"https:\\\/\\\/infocul.pt\\\/arquivo\\\/\",\"logo\":{\"@type\":\"ImageObject\",\"inLanguage\":\"pt-PT\",\"@id\":\"https:\\\/\\\/infocul.pt\\\/arquivo\\\/#\\\/schema\\\/logo\\\/image\\\/\",\"url\":\"https:\\\/\\\/infocul.pt\\\/arquivo\\\/wp-content\\\/uploads\\\/2018\\\/12\\\/Infocul_logo-1.png\",\"contentUrl\":\"https:\\\/\\\/infocul.pt\\\/arquivo\\\/wp-content\\\/uploads\\\/2018\\\/12\\\/Infocul_logo-1.png\",\"width\":800,\"height\":800,\"caption\":\"Infocul.pt\"},\"image\":{\"@id\":\"https:\\\/\\\/infocul.pt\\\/arquivo\\\/#\\\/schema\\\/logo\\\/image\\\/\"},\"sameAs\":[\"https:\\\/\\\/www.facebook.com\\\/Infocul-147816815585015\\\/\",\"https:\\\/\\\/x.com\\\/Infoculpt\",\"http:\\\/\\\/www.pictaram.com\\\/user\\\/infocul.pt\\\/2370423710\",\"https:\\\/\\\/www.youtube.com\\\/channel\\\/UCYEB91AGI9FL9ek2i_IaQAA\"]},{\"@type\":\"Person\",\"@id\":\"https:\\\/\\\/infocul.pt\\\/arquivo\\\/#\\\/schema\\\/person\\\/060a108d7f2d85fc6aae505119ee5234\",\"name\":\"Rui Lavrador\",\"image\":{\"@type\":\"ImageObject\",\"inLanguage\":\"pt-PT\",\"@id\":\"https:\\\/\\\/secure.gravatar.com\\\/avatar\\\/93febd6873394aa8e975148548a0cb203acfdd42d2c85c5f1408e1a76678aece?s=96&d=mm&r=g\",\"url\":\"https:\\\/\\\/secure.gravatar.com\\\/avatar\\\/93febd6873394aa8e975148548a0cb203acfdd42d2c85c5f1408e1a76678aece?s=96&d=mm&r=g\",\"contentUrl\":\"https:\\\/\\\/secure.gravatar.com\\\/avatar\\\/93febd6873394aa8e975148548a0cb203acfdd42d2c85c5f1408e1a76678aece?s=96&d=mm&r=g\",\"caption\":\"Rui Lavrador\"},\"description\":\"Iniciou em 2011 o seu percurso em comunica\u00e7\u00e3o social, tendo integrado v\u00e1rios projectos editoriais. Durante o seu percurso integrou projectos como Jornal Hardm\u00fasica, LusoNot\u00edcias, Toureio.pt, ODigital.pt, entre outros \u00d3rg\u00e3os de Comunica\u00e7\u00e3o Social nacionais, na redac\u00e7\u00e3o de v\u00e1rios artigos. Entrevistou a grande maioria das personalidades mais importantes da vida social e cultural do pa\u00eds, destacando-se, tamb\u00e9m, na aprecia\u00e7\u00e3o de v\u00e1rios espect\u00e1culos. Durante o seu percurso, deu a conhecer v\u00e1rios artistas, at\u00e9 ent\u00e3o desconhecidos, ao grande p\u00fablico. Em 2015 criou e fundou o Infocul.pt, projecto no qual assume a direc\u00e7\u00e3o editorial.\",\"sameAs\":[\"http:\\\/\\\/www.infocul.pt\"]}]}<\/script>\n<!-- \/ Yoast SEO plugin. -->","yoast_head_json":{"title":"C\u00e9sar Cardoso lan\u00e7a \u201cum disco \u00fanico no panorama jazz\u00edstico Portugu\u00eas\u201d | Infocul.pt - Arquivo Digital","description":"C\u00e9sar Cardoso lan\u00e7a \u201cum disco \u00fanico no panorama jazz\u00edstico Portugu\u00eas\u201d | Infocul.pt - Arquivo Digital","robots":{"index":"noindex","follow":"follow","max-snippet":"max-snippet:-1","max-image-preview":"max-image-preview:large","max-video-preview":"max-video-preview:-1"},"og_locale":"pt_PT","og_type":"article","og_title":"C\u00e9sar Cardoso lan\u00e7a \u201cum disco \u00fanico no panorama jazz\u00edstico Portugu\u00eas\u201d | Infocul.pt - Arquivo Digital","og_description":"C\u00e9sar Cardoso lan\u00e7a \u201cum disco \u00fanico no panorama jazz\u00edstico Portugu\u00eas\u201d | Infocul.pt - Arquivo Digital","og_url":"https:\/\/infocul.pt\/arquivo\/cultura\/cesar-cardoso-lanca-um-disco-unico-no-panorama-jazzistico-portugues\/","og_site_name":"Infocul.pt - Arquivo Digital","article_publisher":"https:\/\/www.facebook.com\/Infocul-147816815585015\/","article_published_time":"2020-04-12T23:00:31+00:00","og_image":[{"width":820,"height":500,"url":"https:\/\/infocul.pt\/arquivo\/wp-content\/uploads\/2020\/03\/IMG_230511_David-Sineiro-820x500-1.jpg","type":"image\/jpeg"}],"author":"Rui Lavrador","twitter_card":"summary_large_image","twitter_creator":"@Infoculpt","twitter_site":"@Infoculpt","twitter_misc":{"Escrito por":"Rui Lavrador","Tempo estimado de leitura":"4 minutos"},"schema":{"@context":"https:\/\/schema.org","@graph":[{"@type":"Article","@id":"https:\/\/infocul.pt\/arquivo\/cultura\/cesar-cardoso-lanca-um-disco-unico-no-panorama-jazzistico-portugues\/#article","isPartOf":{"@id":"https:\/\/infocul.pt\/arquivo\/cultura\/cesar-cardoso-lanca-um-disco-unico-no-panorama-jazzistico-portugues\/"},"author":{"name":"Rui Lavrador","@id":"https:\/\/infocul.pt\/arquivo\/#\/schema\/person\/060a108d7f2d85fc6aae505119ee5234"},"headline":"C\u00e9sar Cardoso lan\u00e7a \u201cum disco \u00fanico no panorama jazz\u00edstico Portugu\u00eas\u201d","datePublished":"2020-04-12T23:00:31+00:00","mainEntityOfPage":{"@id":"https:\/\/infocul.pt\/arquivo\/cultura\/cesar-cardoso-lanca-um-disco-unico-no-panorama-jazzistico-portugues\/"},"wordCount":841,"commentCount":0,"publisher":{"@id":"https:\/\/infocul.pt\/arquivo\/#organization"},"image":{"@id":"https:\/\/infocul.pt\/arquivo\/cultura\/cesar-cardoso-lanca-um-disco-unico-no-panorama-jazzistico-portugues\/#primaryimage"},"thumbnailUrl":"https:\/\/infocul.pt\/arquivo\/wp-content\/uploads\/2020\/03\/IMG_230511_David-Sineiro-820x500-1.jpg","keywords":["C\u00e9sar Cardoso"],"articleSection":["Cultura","Destaque","Discos","Entrevistas"],"inLanguage":"pt-PT"},{"@type":"WebPage","@id":"https:\/\/infocul.pt\/arquivo\/cultura\/cesar-cardoso-lanca-um-disco-unico-no-panorama-jazzistico-portugues\/","url":"https:\/\/infocul.pt\/arquivo\/cultura\/cesar-cardoso-lanca-um-disco-unico-no-panorama-jazzistico-portugues\/","name":"C\u00e9sar Cardoso lan\u00e7a \u201cum disco \u00fanico no panorama jazz\u00edstico Portugu\u00eas\u201d | Infocul.pt - Arquivo Digital","isPartOf":{"@id":"https:\/\/infocul.pt\/arquivo\/#website"},"primaryImageOfPage":{"@id":"https:\/\/infocul.pt\/arquivo\/cultura\/cesar-cardoso-lanca-um-disco-unico-no-panorama-jazzistico-portugues\/#primaryimage"},"image":{"@id":"https:\/\/infocul.pt\/arquivo\/cultura\/cesar-cardoso-lanca-um-disco-unico-no-panorama-jazzistico-portugues\/#primaryimage"},"thumbnailUrl":"https:\/\/infocul.pt\/arquivo\/wp-content\/uploads\/2020\/03\/IMG_230511_David-Sineiro-820x500-1.jpg","datePublished":"2020-04-12T23:00:31+00:00","description":"C\u00e9sar Cardoso lan\u00e7a \u201cum disco \u00fanico no panorama jazz\u00edstico Portugu\u00eas\u201d | Infocul.pt - Arquivo Digital","breadcrumb":{"@id":"https:\/\/infocul.pt\/arquivo\/cultura\/cesar-cardoso-lanca-um-disco-unico-no-panorama-jazzistico-portugues\/#breadcrumb"},"inLanguage":"pt-PT","potentialAction":[{"@type":"ReadAction","target":["https:\/\/infocul.pt\/arquivo\/cultura\/cesar-cardoso-lanca-um-disco-unico-no-panorama-jazzistico-portugues\/"]}]},{"@type":"ImageObject","inLanguage":"pt-PT","@id":"https:\/\/infocul.pt\/arquivo\/cultura\/cesar-cardoso-lanca-um-disco-unico-no-panorama-jazzistico-portugues\/#primaryimage","url":"https:\/\/infocul.pt\/arquivo\/wp-content\/uploads\/2020\/03\/IMG_230511_David-Sineiro-820x500-1.jpg","contentUrl":"https:\/\/infocul.pt\/arquivo\/wp-content\/uploads\/2020\/03\/IMG_230511_David-Sineiro-820x500-1.jpg","width":820,"height":500},{"@type":"BreadcrumbList","@id":"https:\/\/infocul.pt\/arquivo\/cultura\/cesar-cardoso-lanca-um-disco-unico-no-panorama-jazzistico-portugues\/#breadcrumb","itemListElement":[{"@type":"ListItem","position":1,"name":"Home","item":"https:\/\/infocul.pt\/arquivo\/"},{"@type":"ListItem","position":2,"name":"C\u00e9sar Cardoso lan\u00e7a \u201cum disco \u00fanico no panorama jazz\u00edstico Portugu\u00eas\u201d"}]},{"@type":"WebSite","@id":"https:\/\/infocul.pt\/arquivo\/#website","url":"https:\/\/infocul.pt\/arquivo\/","name":"Infocul.pt - Arquivo Digital","description":"Arquivo digital da Infocul.pt","publisher":{"@id":"https:\/\/infocul.pt\/arquivo\/#organization"},"potentialAction":[{"@type":"SearchAction","target":{"@type":"EntryPoint","urlTemplate":"https:\/\/infocul.pt\/arquivo\/?s={search_term_string}"},"query-input":{"@type":"PropertyValueSpecification","valueRequired":true,"valueName":"search_term_string"}}],"inLanguage":"pt-PT"},{"@type":"Organization","@id":"https:\/\/infocul.pt\/arquivo\/#organization","name":"Infocul.pt","url":"https:\/\/infocul.pt\/arquivo\/","logo":{"@type":"ImageObject","inLanguage":"pt-PT","@id":"https:\/\/infocul.pt\/arquivo\/#\/schema\/logo\/image\/","url":"https:\/\/infocul.pt\/arquivo\/wp-content\/uploads\/2018\/12\/Infocul_logo-1.png","contentUrl":"https:\/\/infocul.pt\/arquivo\/wp-content\/uploads\/2018\/12\/Infocul_logo-1.png","width":800,"height":800,"caption":"Infocul.pt"},"image":{"@id":"https:\/\/infocul.pt\/arquivo\/#\/schema\/logo\/image\/"},"sameAs":["https:\/\/www.facebook.com\/Infocul-147816815585015\/","https:\/\/x.com\/Infoculpt","http:\/\/www.pictaram.com\/user\/infocul.pt\/2370423710","https:\/\/www.youtube.com\/channel\/UCYEB91AGI9FL9ek2i_IaQAA"]},{"@type":"Person","@id":"https:\/\/infocul.pt\/arquivo\/#\/schema\/person\/060a108d7f2d85fc6aae505119ee5234","name":"Rui Lavrador","image":{"@type":"ImageObject","inLanguage":"pt-PT","@id":"https:\/\/secure.gravatar.com\/avatar\/93febd6873394aa8e975148548a0cb203acfdd42d2c85c5f1408e1a76678aece?s=96&d=mm&r=g","url":"https:\/\/secure.gravatar.com\/avatar\/93febd6873394aa8e975148548a0cb203acfdd42d2c85c5f1408e1a76678aece?s=96&d=mm&r=g","contentUrl":"https:\/\/secure.gravatar.com\/avatar\/93febd6873394aa8e975148548a0cb203acfdd42d2c85c5f1408e1a76678aece?s=96&d=mm&r=g","caption":"Rui Lavrador"},"description":"Iniciou em 2011 o seu percurso em comunica\u00e7\u00e3o social, tendo integrado v\u00e1rios projectos editoriais. Durante o seu percurso integrou projectos como Jornal Hardm\u00fasica, LusoNot\u00edcias, Toureio.pt, ODigital.pt, entre outros \u00d3rg\u00e3os de Comunica\u00e7\u00e3o Social nacionais, na redac\u00e7\u00e3o de v\u00e1rios artigos. Entrevistou a grande maioria das personalidades mais importantes da vida social e cultural do pa\u00eds, destacando-se, tamb\u00e9m, na aprecia\u00e7\u00e3o de v\u00e1rios espect\u00e1culos. Durante o seu percurso, deu a conhecer v\u00e1rios artistas, at\u00e9 ent\u00e3o desconhecidos, ao grande p\u00fablico. Em 2015 criou e fundou o Infocul.pt, projecto no qual assume a direc\u00e7\u00e3o editorial.","sameAs":["http:\/\/www.infocul.pt"]}]}},"_links":{"self":[{"href":"https:\/\/infocul.pt\/arquivo\/wp-json\/wp\/v2\/posts\/67623","targetHints":{"allow":["GET"]}}],"collection":[{"href":"https:\/\/infocul.pt\/arquivo\/wp-json\/wp\/v2\/posts"}],"about":[{"href":"https:\/\/infocul.pt\/arquivo\/wp-json\/wp\/v2\/types\/post"}],"author":[{"embeddable":true,"href":"https:\/\/infocul.pt\/arquivo\/wp-json\/wp\/v2\/users\/2"}],"replies":[{"embeddable":true,"href":"https:\/\/infocul.pt\/arquivo\/wp-json\/wp\/v2\/comments?post=67623"}],"version-history":[{"count":0,"href":"https:\/\/infocul.pt\/arquivo\/wp-json\/wp\/v2\/posts\/67623\/revisions"}],"wp:featuredmedia":[{"embeddable":true,"href":"https:\/\/infocul.pt\/arquivo\/wp-json\/wp\/v2\/media\/67624"}],"wp:attachment":[{"href":"https:\/\/infocul.pt\/arquivo\/wp-json\/wp\/v2\/media?parent=67623"}],"wp:term":[{"taxonomy":"category","embeddable":true,"href":"https:\/\/infocul.pt\/arquivo\/wp-json\/wp\/v2\/categories?post=67623"},{"taxonomy":"post_tag","embeddable":true,"href":"https:\/\/infocul.pt\/arquivo\/wp-json\/wp\/v2\/tags?post=67623"}],"curies":[{"name":"wp","href":"https:\/\/api.w.org\/{rel}","templated":true}]}}