{"id":67702,"date":"2020-09-11T00:00:00","date_gmt":"2020-09-10T23:00:00","guid":{"rendered":"https:\/\/infocul.pt\/?p=67702"},"modified":"2020-04-14T13:00:59","modified_gmt":"2020-04-14T12:00:59","slug":"grutera-para-mim-musica-e-como-fotografia-pode-ter-um-efeito-de-capsula-do-tempo","status":"publish","type":"post","link":"https:\/\/infocul.pt\/arquivo\/cultura\/grutera-para-mim-musica-e-como-fotografia-pode-ter-um-efeito-de-capsula-do-tempo\/","title":{"rendered":"Grutera: &#8220;Para mim, m\u00fasica \u00e9 como fotografia, pode ter um efeito de c\u00e1psula do tempo&#8221;"},"content":{"rendered":"<p><img decoding=\"async\" class=\"aligncenter wp-image-67703 size-full lazyload\" data-src=\"https:\/\/infocul.pt\/arquivo\/wp-content\/uploads\/2020\/03\/87530751_2814036815351789_146954097034002432_o.jpg\" alt=\"\" width=\"960\" height=\"960\" data-srcset=\"https:\/\/infocul.pt\/arquivo\/wp-content\/uploads\/2020\/03\/87530751_2814036815351789_146954097034002432_o.jpg 960w, https:\/\/infocul.pt\/arquivo\/wp-content\/uploads\/2020\/03\/87530751_2814036815351789_146954097034002432_o-300x300.jpg 300w, https:\/\/infocul.pt\/arquivo\/wp-content\/uploads\/2020\/03\/87530751_2814036815351789_146954097034002432_o-150x150.jpg 150w, https:\/\/infocul.pt\/arquivo\/wp-content\/uploads\/2020\/03\/87530751_2814036815351789_146954097034002432_o-768x768.jpg 768w\" data-sizes=\"(max-width: 960px) 100vw, 960px\" src=\"data:image\/svg+xml;base64,PHN2ZyB3aWR0aD0iMSIgaGVpZ2h0PSIxIiB4bWxucz0iaHR0cDovL3d3dy53My5vcmcvMjAwMC9zdmciPjwvc3ZnPg==\" style=\"--smush-placeholder-width: 960px; --smush-placeholder-aspect-ratio: 960\/960;\" \/><\/p>\n<p><span style=\"color: #000000;\">A 8 de Maio \u00e9 editado o novo disco de Grutera, intitulado \u2018Aconteceu\u2019. Em antevis\u00e3o ao lan\u00e7amento do disco, o m\u00fasico concedeu entrevista ao Infocul.pt para explicar o que poder\u00e1 o p\u00fablico encontrar neste trabalho discogr\u00e1fico. Um disco de mem\u00f3rias&#8230;mas com futuro.<\/span><!--more--><\/p>\n<p><i><span style=\"color: #000000;\">Este disco demorou quanto tempo at\u00e9 ficar totalmente pronto?<\/span><\/i><\/p>\n<p><i><b><span style=\"color: #000000;\">Come\u00e7ou a ser composto em 2017 e foi sendo criado lentamente tema a tema durante todo esse tempo, in\u00edcio de 2019. Foi gravado no Ver\u00e3o em poucos dias, numa pequena adega em casa dos meus pais. <\/span><\/b><\/i><\/p>\n<p>&nbsp;<\/p>\n<p><i><span style=\"color: #000000;\">Qual a principal mensagem deste disco?<\/span><\/i><\/p>\n<p><span style=\"color: #000000;\"><i><b>\u00c9 um conjunto de mem\u00f3rias de todo este tempo mais ausente dos concertos, mas presente numa vida mais comum. Para mim, m\u00fasica \u00e9 como fotografia, pode ter um efeito de c\u00e1psula do tempo.<\/b><\/i><\/span><\/p>\n<p>&nbsp;<\/p>\n<p><i><span style=\"color: #000000;\">Toca sobre o que aconteceu. Do que aconteceu, o que mais o marcou?<\/span><\/i><\/p>\n<p><i><b><span style=\"color: #000000;\">Passei por muita coisa, terminei um mestrado, uma p\u00f3s gradua\u00e7\u00e3o, viajei muito, comecei a trabalhar na minha \u00e1rea de estudos, conheci muitas pessoas, tive desencontros mas especialmente encontros e reencontros. Tamb\u00e9m assentei definitivamente onde sempre quis&#8230; num s\u00edtio perto da praia, com a namorada, guitarras e pranchas de surf na garagem. Com amigos por perto, mercado \u00e0 dist\u00e2ncia de uma pedalada de bicicleta e uma salamandra que enche a casa de fumo, relativamente pr\u00f3ximo dos pais e irm\u00e3. Tirei f\u00e9rias de andar de casa \u00e0s costas. <\/span><\/b><\/i><\/p>\n<p>&nbsp;<\/p>\n<p><i><span style=\"color: #000000;\">Abordando um pouco os temas, como os descreve resumidamente a cada um deles?<\/span><\/i><\/p>\n<p><i><b><span style=\"color: #000000;\">Como disse, todos s\u00e3o mem\u00f3rias e fotografias de alguns momentos vividos. Mas a ideia \u00e9 que tamb\u00e9m o sejam para quem os ouve, por isso seria castrador tornar a tem\u00e1tica de cada um demasiado expl\u00edcita. Mas v\u00e3o desde as saudades das pessoas que gosto como na Perto \u00c9 Sempre Melhor, at\u00e9 \u00e0 ideia de que sempre conheceste uma pessoa mesmo que nunca tenhas falado com ela como na Para Mim, \u00c9s Assim. <\/span><\/b><\/i><\/p>\n<p>&nbsp;<\/p>\n<p><i><span style=\"color: #000000;\">Quem o acompanhou neste processo?<\/span><\/i><\/p>\n<p><i><b><span style=\"color: #000000;\">Todas as pessoas com quem me cruzei nestes anos. Mas em termos t\u00e9cnicos foi sempre composto entre mim e as guitarras. Depois sempre com a produ\u00e7\u00e3o do Tiago e Diogo Sim\u00e3o e design da Ana Gil.<\/span><\/b><\/i><\/p>\n<p><i><span style=\"color: #000000;\">Quais as grandes diferen\u00e7as deste trabalho para o anterior?<\/span><\/i><\/p>\n<p><i><b><span style=\"color: #000000;\">Desde logo este disco tem uma guitarra semi ac\u00fastica, processada por pedais de efeitos e loops. Logo por a\u00ed tender\u00e1 a ser um disco bastante mais el\u00e9ctrico e corpulento. Depois penso que tecnicamente \u00e9 mais interessante e tem mais um formato de can\u00e7\u00e3o e menos conceptual do que o anterior. <\/span><\/b><\/i><\/p>\n<p>&nbsp;<\/p>\n<p><i><span style=\"color: #000000;\">Em termos de espect\u00e1culos, o que j\u00e1 pode desvendar?<\/span><\/i><\/p>\n<p><i><b><span style=\"color: #000000;\">5 de Abril\/ Festival Santos da Casa, Coimbra<\/span><\/b><\/i><\/p>\n<p><i><b><span style=\"color: #000000;\">4 de Junho\/ Maus, H\u00e1bitos, Porto<\/span><\/b><\/i><\/p>\n<p><i><b><span style=\"color: #000000;\">5 de Junho\/ Clav Sessions, Vermil<\/span><\/b><\/i><\/p>\n<p><i><b><span style=\"color: #000000;\">13 de Junho\/ CAE Sever do Vouga<\/span><\/b><\/i><\/p>\n<p><i><b><span style=\"color: #000000;\">25 de Setembro\/ Casa da Cultura, Set\u00fabal<\/span><\/b><\/i><\/p>\n<p><i><span style=\"color: #000000;\">Onde poder\u00e3o as pessoas interagir consigo?<\/span><\/i><\/p>\n<p><i><b><span style=\"color: #000000;\">Facebook, email ou nos concertos. Posso tender a parecer um tipo mais reservado e sisudo, mas n\u00e3o sou, venham todos dar um abra\u00e7o. <\/span><\/b><\/i><\/p>\n","protected":false},"excerpt":{"rendered":"<p>A 8 de Maio \u00e9 editado o novo disco de Grutera, intitulado \u2018Aconteceu\u2019. Em antevis\u00e3o ao lan\u00e7amento do disco, o m\u00fasico concedeu entrevista ao Infocul.pt para explicar o que poder\u00e1 o p\u00fablico encontrar neste trabalho discogr\u00e1fico. Um disco de mem\u00f3rias&#8230;mas com futuro.<\/p>\n","protected":false},"author":2,"featured_media":67703,"comment_status":"open","ping_status":"closed","sticky":false,"template":"","format":"standard","meta":{"footnotes":""},"categories":[2,36,4,4124],"tags":[],"class_list":["post-67702","post","type-post","status-publish","format-standard","has-post-thumbnail","hentry","category-cultura","category-destaque","category-discos","category-entrevistas"],"yoast_head":"<!-- This site is optimized with the Yoast SEO plugin v27.4 - https:\/\/yoast.com\/product\/yoast-seo-wordpress\/ -->\n<title>Grutera: &quot;Para mim, m\u00fasica \u00e9 como fotografia, pode ter um efeito de c\u00e1psula do tempo&quot; | Infocul.pt - Arquivo Digital<\/title>\n<meta name=\"description\" content=\"Grutera: &quot;Para mim, m\u00fasica \u00e9 como fotografia, pode ter um efeito de c\u00e1psula do tempo&quot; | Infocul.pt - Arquivo Digital\" \/>\n<meta name=\"robots\" content=\"noindex, follow, max-snippet:-1, max-image-preview:large, max-video-preview:-1\" \/>\n<meta property=\"og:locale\" content=\"pt_PT\" \/>\n<meta property=\"og:type\" content=\"article\" \/>\n<meta property=\"og:title\" content=\"Grutera: &quot;Para mim, m\u00fasica \u00e9 como fotografia, pode ter um efeito de c\u00e1psula do tempo&quot; | Infocul.pt - Arquivo Digital\" \/>\n<meta property=\"og:description\" content=\"Grutera: &quot;Para mim, m\u00fasica \u00e9 como fotografia, pode ter um efeito de c\u00e1psula do tempo&quot; | Infocul.pt - Arquivo Digital\" \/>\n<meta property=\"og:url\" content=\"https:\/\/infocul.pt\/arquivo\/cultura\/grutera-para-mim-musica-e-como-fotografia-pode-ter-um-efeito-de-capsula-do-tempo\/\" \/>\n<meta property=\"og:site_name\" content=\"Infocul.pt - Arquivo Digital\" \/>\n<meta property=\"article:publisher\" content=\"https:\/\/www.facebook.com\/Infocul-147816815585015\/\" \/>\n<meta property=\"article:published_time\" content=\"2020-09-10T23:00:00+00:00\" \/>\n<meta property=\"og:image\" content=\"https:\/\/infocul.pt\/arquivo\/wp-content\/uploads\/2020\/03\/87530751_2814036815351789_146954097034002432_o.jpg\" \/>\n\t<meta property=\"og:image:width\" content=\"960\" \/>\n\t<meta property=\"og:image:height\" content=\"960\" \/>\n\t<meta property=\"og:image:type\" content=\"image\/jpeg\" \/>\n<meta name=\"author\" content=\"Rui Lavrador\" \/>\n<meta name=\"twitter:card\" content=\"summary_large_image\" \/>\n<meta name=\"twitter:creator\" content=\"@Infoculpt\" \/>\n<meta name=\"twitter:site\" content=\"@Infoculpt\" \/>\n<meta name=\"twitter:label1\" content=\"Escrito por\" \/>\n\t<meta name=\"twitter:data1\" content=\"Rui Lavrador\" \/>\n\t<meta name=\"twitter:label2\" content=\"Tempo estimado de leitura\" \/>\n\t<meta name=\"twitter:data2\" content=\"3 minutos\" \/>\n<script type=\"application\/ld+json\" class=\"yoast-schema-graph\">{\"@context\":\"https:\\\/\\\/schema.org\",\"@graph\":[{\"@type\":\"Article\",\"@id\":\"https:\\\/\\\/infocul.pt\\\/arquivo\\\/cultura\\\/grutera-para-mim-musica-e-como-fotografia-pode-ter-um-efeito-de-capsula-do-tempo\\\/#article\",\"isPartOf\":{\"@id\":\"https:\\\/\\\/infocul.pt\\\/arquivo\\\/cultura\\\/grutera-para-mim-musica-e-como-fotografia-pode-ter-um-efeito-de-capsula-do-tempo\\\/\"},\"author\":{\"name\":\"Rui Lavrador\",\"@id\":\"https:\\\/\\\/infocul.pt\\\/arquivo\\\/#\\\/schema\\\/person\\\/060a108d7f2d85fc6aae505119ee5234\"},\"headline\":\"Grutera: &#8220;Para mim, m\u00fasica \u00e9 como fotografia, pode ter um efeito de c\u00e1psula do tempo&#8221;\",\"datePublished\":\"2020-09-10T23:00:00+00:00\",\"mainEntityOfPage\":{\"@id\":\"https:\\\/\\\/infocul.pt\\\/arquivo\\\/cultura\\\/grutera-para-mim-musica-e-como-fotografia-pode-ter-um-efeito-de-capsula-do-tempo\\\/\"},\"wordCount\":527,\"commentCount\":0,\"publisher\":{\"@id\":\"https:\\\/\\\/infocul.pt\\\/arquivo\\\/#organization\"},\"image\":{\"@id\":\"https:\\\/\\\/infocul.pt\\\/arquivo\\\/cultura\\\/grutera-para-mim-musica-e-como-fotografia-pode-ter-um-efeito-de-capsula-do-tempo\\\/#primaryimage\"},\"thumbnailUrl\":\"https:\\\/\\\/infocul.pt\\\/arquivo\\\/wp-content\\\/uploads\\\/2020\\\/03\\\/87530751_2814036815351789_146954097034002432_o.jpg\",\"articleSection\":[\"Cultura\",\"Destaque\",\"Discos\",\"Entrevistas\"],\"inLanguage\":\"pt-PT\"},{\"@type\":\"WebPage\",\"@id\":\"https:\\\/\\\/infocul.pt\\\/arquivo\\\/cultura\\\/grutera-para-mim-musica-e-como-fotografia-pode-ter-um-efeito-de-capsula-do-tempo\\\/\",\"url\":\"https:\\\/\\\/infocul.pt\\\/arquivo\\\/cultura\\\/grutera-para-mim-musica-e-como-fotografia-pode-ter-um-efeito-de-capsula-do-tempo\\\/\",\"name\":\"Grutera: \\\"Para mim, m\u00fasica \u00e9 como fotografia, pode ter um efeito de c\u00e1psula do tempo\\\" | Infocul.pt - Arquivo Digital\",\"isPartOf\":{\"@id\":\"https:\\\/\\\/infocul.pt\\\/arquivo\\\/#website\"},\"primaryImageOfPage\":{\"@id\":\"https:\\\/\\\/infocul.pt\\\/arquivo\\\/cultura\\\/grutera-para-mim-musica-e-como-fotografia-pode-ter-um-efeito-de-capsula-do-tempo\\\/#primaryimage\"},\"image\":{\"@id\":\"https:\\\/\\\/infocul.pt\\\/arquivo\\\/cultura\\\/grutera-para-mim-musica-e-como-fotografia-pode-ter-um-efeito-de-capsula-do-tempo\\\/#primaryimage\"},\"thumbnailUrl\":\"https:\\\/\\\/infocul.pt\\\/arquivo\\\/wp-content\\\/uploads\\\/2020\\\/03\\\/87530751_2814036815351789_146954097034002432_o.jpg\",\"datePublished\":\"2020-09-10T23:00:00+00:00\",\"description\":\"Grutera: \\\"Para mim, m\u00fasica \u00e9 como fotografia, pode ter um efeito de c\u00e1psula do tempo\\\" | Infocul.pt - Arquivo Digital\",\"breadcrumb\":{\"@id\":\"https:\\\/\\\/infocul.pt\\\/arquivo\\\/cultura\\\/grutera-para-mim-musica-e-como-fotografia-pode-ter-um-efeito-de-capsula-do-tempo\\\/#breadcrumb\"},\"inLanguage\":\"pt-PT\",\"potentialAction\":[{\"@type\":\"ReadAction\",\"target\":[\"https:\\\/\\\/infocul.pt\\\/arquivo\\\/cultura\\\/grutera-para-mim-musica-e-como-fotografia-pode-ter-um-efeito-de-capsula-do-tempo\\\/\"]}]},{\"@type\":\"ImageObject\",\"inLanguage\":\"pt-PT\",\"@id\":\"https:\\\/\\\/infocul.pt\\\/arquivo\\\/cultura\\\/grutera-para-mim-musica-e-como-fotografia-pode-ter-um-efeito-de-capsula-do-tempo\\\/#primaryimage\",\"url\":\"https:\\\/\\\/infocul.pt\\\/arquivo\\\/wp-content\\\/uploads\\\/2020\\\/03\\\/87530751_2814036815351789_146954097034002432_o.jpg\",\"contentUrl\":\"https:\\\/\\\/infocul.pt\\\/arquivo\\\/wp-content\\\/uploads\\\/2020\\\/03\\\/87530751_2814036815351789_146954097034002432_o.jpg\",\"width\":960,\"height\":960},{\"@type\":\"BreadcrumbList\",\"@id\":\"https:\\\/\\\/infocul.pt\\\/arquivo\\\/cultura\\\/grutera-para-mim-musica-e-como-fotografia-pode-ter-um-efeito-de-capsula-do-tempo\\\/#breadcrumb\",\"itemListElement\":[{\"@type\":\"ListItem\",\"position\":1,\"name\":\"Home\",\"item\":\"https:\\\/\\\/infocul.pt\\\/arquivo\\\/\"},{\"@type\":\"ListItem\",\"position\":2,\"name\":\"Grutera: &#8220;Para mim, m\u00fasica \u00e9 como fotografia, pode ter um efeito de c\u00e1psula do tempo&#8221;\"}]},{\"@type\":\"WebSite\",\"@id\":\"https:\\\/\\\/infocul.pt\\\/arquivo\\\/#website\",\"url\":\"https:\\\/\\\/infocul.pt\\\/arquivo\\\/\",\"name\":\"Infocul.pt - Arquivo Digital\",\"description\":\"Arquivo digital da Infocul.pt\",\"publisher\":{\"@id\":\"https:\\\/\\\/infocul.pt\\\/arquivo\\\/#organization\"},\"potentialAction\":[{\"@type\":\"SearchAction\",\"target\":{\"@type\":\"EntryPoint\",\"urlTemplate\":\"https:\\\/\\\/infocul.pt\\\/arquivo\\\/?s={search_term_string}\"},\"query-input\":{\"@type\":\"PropertyValueSpecification\",\"valueRequired\":true,\"valueName\":\"search_term_string\"}}],\"inLanguage\":\"pt-PT\"},{\"@type\":\"Organization\",\"@id\":\"https:\\\/\\\/infocul.pt\\\/arquivo\\\/#organization\",\"name\":\"Infocul.pt\",\"url\":\"https:\\\/\\\/infocul.pt\\\/arquivo\\\/\",\"logo\":{\"@type\":\"ImageObject\",\"inLanguage\":\"pt-PT\",\"@id\":\"https:\\\/\\\/infocul.pt\\\/arquivo\\\/#\\\/schema\\\/logo\\\/image\\\/\",\"url\":\"https:\\\/\\\/infocul.pt\\\/arquivo\\\/wp-content\\\/uploads\\\/2018\\\/12\\\/Infocul_logo-1.png\",\"contentUrl\":\"https:\\\/\\\/infocul.pt\\\/arquivo\\\/wp-content\\\/uploads\\\/2018\\\/12\\\/Infocul_logo-1.png\",\"width\":800,\"height\":800,\"caption\":\"Infocul.pt\"},\"image\":{\"@id\":\"https:\\\/\\\/infocul.pt\\\/arquivo\\\/#\\\/schema\\\/logo\\\/image\\\/\"},\"sameAs\":[\"https:\\\/\\\/www.facebook.com\\\/Infocul-147816815585015\\\/\",\"https:\\\/\\\/x.com\\\/Infoculpt\",\"http:\\\/\\\/www.pictaram.com\\\/user\\\/infocul.pt\\\/2370423710\",\"https:\\\/\\\/www.youtube.com\\\/channel\\\/UCYEB91AGI9FL9ek2i_IaQAA\"]},{\"@type\":\"Person\",\"@id\":\"https:\\\/\\\/infocul.pt\\\/arquivo\\\/#\\\/schema\\\/person\\\/060a108d7f2d85fc6aae505119ee5234\",\"name\":\"Rui Lavrador\",\"image\":{\"@type\":\"ImageObject\",\"inLanguage\":\"pt-PT\",\"@id\":\"https:\\\/\\\/secure.gravatar.com\\\/avatar\\\/93febd6873394aa8e975148548a0cb203acfdd42d2c85c5f1408e1a76678aece?s=96&d=mm&r=g\",\"url\":\"https:\\\/\\\/secure.gravatar.com\\\/avatar\\\/93febd6873394aa8e975148548a0cb203acfdd42d2c85c5f1408e1a76678aece?s=96&d=mm&r=g\",\"contentUrl\":\"https:\\\/\\\/secure.gravatar.com\\\/avatar\\\/93febd6873394aa8e975148548a0cb203acfdd42d2c85c5f1408e1a76678aece?s=96&d=mm&r=g\",\"caption\":\"Rui Lavrador\"},\"description\":\"Iniciou em 2011 o seu percurso em comunica\u00e7\u00e3o social, tendo integrado v\u00e1rios projectos editoriais. Durante o seu percurso integrou projectos como Jornal Hardm\u00fasica, LusoNot\u00edcias, Toureio.pt, ODigital.pt, entre outros \u00d3rg\u00e3os de Comunica\u00e7\u00e3o Social nacionais, na redac\u00e7\u00e3o de v\u00e1rios artigos. Entrevistou a grande maioria das personalidades mais importantes da vida social e cultural do pa\u00eds, destacando-se, tamb\u00e9m, na aprecia\u00e7\u00e3o de v\u00e1rios espect\u00e1culos. Durante o seu percurso, deu a conhecer v\u00e1rios artistas, at\u00e9 ent\u00e3o desconhecidos, ao grande p\u00fablico. Em 2015 criou e fundou o Infocul.pt, projecto no qual assume a direc\u00e7\u00e3o editorial.\",\"sameAs\":[\"http:\\\/\\\/www.infocul.pt\"]}]}<\/script>\n<!-- \/ Yoast SEO plugin. -->","yoast_head_json":{"title":"Grutera: \"Para mim, m\u00fasica \u00e9 como fotografia, pode ter um efeito de c\u00e1psula do tempo\" | Infocul.pt - Arquivo Digital","description":"Grutera: \"Para mim, m\u00fasica \u00e9 como fotografia, pode ter um efeito de c\u00e1psula do tempo\" | Infocul.pt - Arquivo Digital","robots":{"index":"noindex","follow":"follow","max-snippet":"max-snippet:-1","max-image-preview":"max-image-preview:large","max-video-preview":"max-video-preview:-1"},"og_locale":"pt_PT","og_type":"article","og_title":"Grutera: \"Para mim, m\u00fasica \u00e9 como fotografia, pode ter um efeito de c\u00e1psula do tempo\" | Infocul.pt - Arquivo Digital","og_description":"Grutera: \"Para mim, m\u00fasica \u00e9 como fotografia, pode ter um efeito de c\u00e1psula do tempo\" | Infocul.pt - Arquivo Digital","og_url":"https:\/\/infocul.pt\/arquivo\/cultura\/grutera-para-mim-musica-e-como-fotografia-pode-ter-um-efeito-de-capsula-do-tempo\/","og_site_name":"Infocul.pt - Arquivo Digital","article_publisher":"https:\/\/www.facebook.com\/Infocul-147816815585015\/","article_published_time":"2020-09-10T23:00:00+00:00","og_image":[{"width":960,"height":960,"url":"https:\/\/infocul.pt\/arquivo\/wp-content\/uploads\/2020\/03\/87530751_2814036815351789_146954097034002432_o.jpg","type":"image\/jpeg"}],"author":"Rui Lavrador","twitter_card":"summary_large_image","twitter_creator":"@Infoculpt","twitter_site":"@Infoculpt","twitter_misc":{"Escrito por":"Rui Lavrador","Tempo estimado de leitura":"3 minutos"},"schema":{"@context":"https:\/\/schema.org","@graph":[{"@type":"Article","@id":"https:\/\/infocul.pt\/arquivo\/cultura\/grutera-para-mim-musica-e-como-fotografia-pode-ter-um-efeito-de-capsula-do-tempo\/#article","isPartOf":{"@id":"https:\/\/infocul.pt\/arquivo\/cultura\/grutera-para-mim-musica-e-como-fotografia-pode-ter-um-efeito-de-capsula-do-tempo\/"},"author":{"name":"Rui Lavrador","@id":"https:\/\/infocul.pt\/arquivo\/#\/schema\/person\/060a108d7f2d85fc6aae505119ee5234"},"headline":"Grutera: &#8220;Para mim, m\u00fasica \u00e9 como fotografia, pode ter um efeito de c\u00e1psula do tempo&#8221;","datePublished":"2020-09-10T23:00:00+00:00","mainEntityOfPage":{"@id":"https:\/\/infocul.pt\/arquivo\/cultura\/grutera-para-mim-musica-e-como-fotografia-pode-ter-um-efeito-de-capsula-do-tempo\/"},"wordCount":527,"commentCount":0,"publisher":{"@id":"https:\/\/infocul.pt\/arquivo\/#organization"},"image":{"@id":"https:\/\/infocul.pt\/arquivo\/cultura\/grutera-para-mim-musica-e-como-fotografia-pode-ter-um-efeito-de-capsula-do-tempo\/#primaryimage"},"thumbnailUrl":"https:\/\/infocul.pt\/arquivo\/wp-content\/uploads\/2020\/03\/87530751_2814036815351789_146954097034002432_o.jpg","articleSection":["Cultura","Destaque","Discos","Entrevistas"],"inLanguage":"pt-PT"},{"@type":"WebPage","@id":"https:\/\/infocul.pt\/arquivo\/cultura\/grutera-para-mim-musica-e-como-fotografia-pode-ter-um-efeito-de-capsula-do-tempo\/","url":"https:\/\/infocul.pt\/arquivo\/cultura\/grutera-para-mim-musica-e-como-fotografia-pode-ter-um-efeito-de-capsula-do-tempo\/","name":"Grutera: \"Para mim, m\u00fasica \u00e9 como fotografia, pode ter um efeito de c\u00e1psula do tempo\" | Infocul.pt - Arquivo Digital","isPartOf":{"@id":"https:\/\/infocul.pt\/arquivo\/#website"},"primaryImageOfPage":{"@id":"https:\/\/infocul.pt\/arquivo\/cultura\/grutera-para-mim-musica-e-como-fotografia-pode-ter-um-efeito-de-capsula-do-tempo\/#primaryimage"},"image":{"@id":"https:\/\/infocul.pt\/arquivo\/cultura\/grutera-para-mim-musica-e-como-fotografia-pode-ter-um-efeito-de-capsula-do-tempo\/#primaryimage"},"thumbnailUrl":"https:\/\/infocul.pt\/arquivo\/wp-content\/uploads\/2020\/03\/87530751_2814036815351789_146954097034002432_o.jpg","datePublished":"2020-09-10T23:00:00+00:00","description":"Grutera: \"Para mim, m\u00fasica \u00e9 como fotografia, pode ter um efeito de c\u00e1psula do tempo\" | Infocul.pt - Arquivo Digital","breadcrumb":{"@id":"https:\/\/infocul.pt\/arquivo\/cultura\/grutera-para-mim-musica-e-como-fotografia-pode-ter-um-efeito-de-capsula-do-tempo\/#breadcrumb"},"inLanguage":"pt-PT","potentialAction":[{"@type":"ReadAction","target":["https:\/\/infocul.pt\/arquivo\/cultura\/grutera-para-mim-musica-e-como-fotografia-pode-ter-um-efeito-de-capsula-do-tempo\/"]}]},{"@type":"ImageObject","inLanguage":"pt-PT","@id":"https:\/\/infocul.pt\/arquivo\/cultura\/grutera-para-mim-musica-e-como-fotografia-pode-ter-um-efeito-de-capsula-do-tempo\/#primaryimage","url":"https:\/\/infocul.pt\/arquivo\/wp-content\/uploads\/2020\/03\/87530751_2814036815351789_146954097034002432_o.jpg","contentUrl":"https:\/\/infocul.pt\/arquivo\/wp-content\/uploads\/2020\/03\/87530751_2814036815351789_146954097034002432_o.jpg","width":960,"height":960},{"@type":"BreadcrumbList","@id":"https:\/\/infocul.pt\/arquivo\/cultura\/grutera-para-mim-musica-e-como-fotografia-pode-ter-um-efeito-de-capsula-do-tempo\/#breadcrumb","itemListElement":[{"@type":"ListItem","position":1,"name":"Home","item":"https:\/\/infocul.pt\/arquivo\/"},{"@type":"ListItem","position":2,"name":"Grutera: &#8220;Para mim, m\u00fasica \u00e9 como fotografia, pode ter um efeito de c\u00e1psula do tempo&#8221;"}]},{"@type":"WebSite","@id":"https:\/\/infocul.pt\/arquivo\/#website","url":"https:\/\/infocul.pt\/arquivo\/","name":"Infocul.pt - Arquivo Digital","description":"Arquivo digital da Infocul.pt","publisher":{"@id":"https:\/\/infocul.pt\/arquivo\/#organization"},"potentialAction":[{"@type":"SearchAction","target":{"@type":"EntryPoint","urlTemplate":"https:\/\/infocul.pt\/arquivo\/?s={search_term_string}"},"query-input":{"@type":"PropertyValueSpecification","valueRequired":true,"valueName":"search_term_string"}}],"inLanguage":"pt-PT"},{"@type":"Organization","@id":"https:\/\/infocul.pt\/arquivo\/#organization","name":"Infocul.pt","url":"https:\/\/infocul.pt\/arquivo\/","logo":{"@type":"ImageObject","inLanguage":"pt-PT","@id":"https:\/\/infocul.pt\/arquivo\/#\/schema\/logo\/image\/","url":"https:\/\/infocul.pt\/arquivo\/wp-content\/uploads\/2018\/12\/Infocul_logo-1.png","contentUrl":"https:\/\/infocul.pt\/arquivo\/wp-content\/uploads\/2018\/12\/Infocul_logo-1.png","width":800,"height":800,"caption":"Infocul.pt"},"image":{"@id":"https:\/\/infocul.pt\/arquivo\/#\/schema\/logo\/image\/"},"sameAs":["https:\/\/www.facebook.com\/Infocul-147816815585015\/","https:\/\/x.com\/Infoculpt","http:\/\/www.pictaram.com\/user\/infocul.pt\/2370423710","https:\/\/www.youtube.com\/channel\/UCYEB91AGI9FL9ek2i_IaQAA"]},{"@type":"Person","@id":"https:\/\/infocul.pt\/arquivo\/#\/schema\/person\/060a108d7f2d85fc6aae505119ee5234","name":"Rui Lavrador","image":{"@type":"ImageObject","inLanguage":"pt-PT","@id":"https:\/\/secure.gravatar.com\/avatar\/93febd6873394aa8e975148548a0cb203acfdd42d2c85c5f1408e1a76678aece?s=96&d=mm&r=g","url":"https:\/\/secure.gravatar.com\/avatar\/93febd6873394aa8e975148548a0cb203acfdd42d2c85c5f1408e1a76678aece?s=96&d=mm&r=g","contentUrl":"https:\/\/secure.gravatar.com\/avatar\/93febd6873394aa8e975148548a0cb203acfdd42d2c85c5f1408e1a76678aece?s=96&d=mm&r=g","caption":"Rui Lavrador"},"description":"Iniciou em 2011 o seu percurso em comunica\u00e7\u00e3o social, tendo integrado v\u00e1rios projectos editoriais. Durante o seu percurso integrou projectos como Jornal Hardm\u00fasica, LusoNot\u00edcias, Toureio.pt, ODigital.pt, entre outros \u00d3rg\u00e3os de Comunica\u00e7\u00e3o Social nacionais, na redac\u00e7\u00e3o de v\u00e1rios artigos. Entrevistou a grande maioria das personalidades mais importantes da vida social e cultural do pa\u00eds, destacando-se, tamb\u00e9m, na aprecia\u00e7\u00e3o de v\u00e1rios espect\u00e1culos. Durante o seu percurso, deu a conhecer v\u00e1rios artistas, at\u00e9 ent\u00e3o desconhecidos, ao grande p\u00fablico. Em 2015 criou e fundou o Infocul.pt, projecto no qual assume a direc\u00e7\u00e3o editorial.","sameAs":["http:\/\/www.infocul.pt"]}]}},"_links":{"self":[{"href":"https:\/\/infocul.pt\/arquivo\/wp-json\/wp\/v2\/posts\/67702","targetHints":{"allow":["GET"]}}],"collection":[{"href":"https:\/\/infocul.pt\/arquivo\/wp-json\/wp\/v2\/posts"}],"about":[{"href":"https:\/\/infocul.pt\/arquivo\/wp-json\/wp\/v2\/types\/post"}],"author":[{"embeddable":true,"href":"https:\/\/infocul.pt\/arquivo\/wp-json\/wp\/v2\/users\/2"}],"replies":[{"embeddable":true,"href":"https:\/\/infocul.pt\/arquivo\/wp-json\/wp\/v2\/comments?post=67702"}],"version-history":[{"count":0,"href":"https:\/\/infocul.pt\/arquivo\/wp-json\/wp\/v2\/posts\/67702\/revisions"}],"wp:featuredmedia":[{"embeddable":true,"href":"https:\/\/infocul.pt\/arquivo\/wp-json\/wp\/v2\/media\/67703"}],"wp:attachment":[{"href":"https:\/\/infocul.pt\/arquivo\/wp-json\/wp\/v2\/media?parent=67702"}],"wp:term":[{"taxonomy":"category","embeddable":true,"href":"https:\/\/infocul.pt\/arquivo\/wp-json\/wp\/v2\/categories?post=67702"},{"taxonomy":"post_tag","embeddable":true,"href":"https:\/\/infocul.pt\/arquivo\/wp-json\/wp\/v2\/tags?post=67702"}],"curies":[{"name":"wp","href":"https:\/\/api.w.org\/{rel}","templated":true}]}}