{"id":67966,"date":"2020-03-11T23:07:36","date_gmt":"2020-03-11T23:07:36","guid":{"rendered":"https:\/\/infocul.pt\/cultura\/igac-emite-comunicado-sobre-espectaculos-cancelados-e-ou-adiados\/"},"modified":"2020-03-11T23:07:36","modified_gmt":"2020-03-11T23:07:36","slug":"igac-emite-comunicado-sobre-espectaculos-cancelados-e-ou-adiados","status":"publish","type":"post","link":"https:\/\/infocul.pt\/arquivo\/cultura\/igac-emite-comunicado-sobre-espectaculos-cancelados-e-ou-adiados\/","title":{"rendered":"IGAC emite comunicado sobre espect\u00e1culos cancelados e\/ou adiados"},"content":{"rendered":"\n<figure class=\"wp-block-image size-large\"><img decoding=\"async\" width=\"639\" height=\"362\" data-src=\"https:\/\/infocul.pt\/arquivo\/wp-content\/uploads\/2020\/03\/igac_logo.jpg\" alt=\"\" class=\"wp-image-67965 lazyload\" data-srcset=\"https:\/\/infocul.pt\/arquivo\/wp-content\/uploads\/2020\/03\/igac_logo.jpg 639w, https:\/\/infocul.pt\/arquivo\/wp-content\/uploads\/2020\/03\/igac_logo-300x170.jpg 300w\" data-sizes=\"(max-width: 639px) 100vw, 639px\" src=\"data:image\/svg+xml;base64,PHN2ZyB3aWR0aD0iMSIgaGVpZ2h0PSIxIiB4bWxucz0iaHR0cDovL3d3dy53My5vcmcvMjAwMC9zdmciPjwvc3ZnPg==\" style=\"--smush-placeholder-width: 639px; --smush-placeholder-aspect-ratio: 639\/362;\" \/><\/figure>\n\n\n\n<p>A Inspec\u00e7\u00e3o-Geral das Actividades Culturais (IGAC), entidade que regula os espect\u00e1culos taurom\u00e1quicos emitiu, esta ter\u00e7a-feira, um comunicado a dar alguma informa\u00e7\u00e3o sobre a realiza\u00e7\u00e3o de espet\u00e1culos de natureza art\u00edstica.<br>Na informa\u00e7\u00e3o disponibilizada, a IGAC refere que <strong>\u201cest\u00e1 a acompanhar os acontecimentos relacionados com a epidemia provocada pelo COVID 19 e acompanha, em especial, as orienta\u00e7\u00f5es\/recomenda\u00e7\u00f5es produzidas pela Dire\u00e7\u00e3o-Geral de Sa\u00fade (DGS), entidade que coordena e acompanha a evolu\u00e7\u00e3o desta mat\u00e9ria.\u201d<\/strong><br>Esta entidade, dependente do Minist\u00e9rio da Cultura, salienta que \u201c<strong>para esclarecimento de d\u00favidas relativas \u00e0 organiza\u00e7\u00e3o de eventos de massas, a DGS criou um endere\u00e7o eletr\u00f3nico espec\u00edfico: eventosmassas@dgs.min-saude.pt\u201d:<\/strong><br><strong>J\u00e1 no que respeita \u00e0s obriga\u00e7\u00f5es dos promotores de espet\u00e1culos<\/strong> <strong>de natureza art\u00edstica resultantes de cancelamentos ou de adiamentos de espet\u00e1culos, a IGAC esclarece-se o seguinte:<\/strong><br><strong>\u201cEm conformidade com o previsto na al\u00ednea a) do n.\u00ba 1 do artigo n.\u00ba 9.\u00ba do Decreto-Lei n.\u00ba 23\/2014, de 14 de fevereiro, alterado pelo Decreto -Lei n.\u00ba 90\/2019, de 5 de julho, o promotor do espet\u00e1culo constitui-se na obriga\u00e7\u00e3o de restituir aos espetadores a import\u00e2ncia correspondente ao pre\u00e7o dos bilhetes na situa\u00e7\u00e3o<\/strong> <strong>de n\u00e3o realiza\u00e7\u00e3o do espet\u00e1culo no local, data e hora marcados.<\/strong><br><strong>Os motivos de for\u00e7a maior s\u00f3 afastam a obrigatoriedade de restitui\u00e7\u00e3o quando estivermos perante uma situa\u00e7\u00e3o de interrup\u00e7\u00e3o do espet\u00e1culo, ou seja quando o mesmo se tenha iniciado (al\u00ednea c) do n.\u00ba 1 e n.\u00ba 2 do mesmo artigo).<\/strong><br><strong>Assim, deve concluir-se que \u00e0 luz do enquadramento legal vigente o cancelamento de espet\u00e1culos de natureza art\u00edstica,<\/strong> <strong>independentemente do motivo, imp\u00f5e a devolu\u00e7\u00e3o da import\u00e2ncia correspondente ao pre\u00e7o do bilhete.<\/strong><br><strong>Nas situa\u00e7\u00f5es em que ocorra o adiamento da realiza\u00e7\u00e3o do espet\u00e1culo, com proposta de nova data, mant\u00e9m-se a obriga\u00e7\u00e3o de restitui\u00e7\u00e3o do montante do bilhete aos espetadores que n\u00e3o aceitem a altera\u00e7\u00e3o.<\/strong><br><strong>Quanto \u00e0 situa\u00e7\u00e3o dos espetadores que n\u00e3o possam assistir a espet\u00e1culos em virtude de situa\u00e7\u00e3o de impedimento cl\u00ednico (doen\u00e7a ou<\/strong> <strong>quarentena), as regras vigentes n\u00e3o obrigam os promotores \u00e0 devolu\u00e7\u00e3o do valor do pre\u00e7o do bilhete.<\/strong><br><strong>Sugere-se, no entanto, que nestas situa\u00e7\u00f5es sejam consultadas as condi\u00e7\u00f5es gerais e espec\u00edficas de venda de bilhetes para o espet\u00e1culo.<\/strong><br><strong>Por \u00faltimo, informa-se que a IGAC atualizar\u00e1 toda a informa\u00e7\u00e3o \u00e0 medida que novas orienta\u00e7\u00f5es\/recomenda\u00e7\u00f5es forem sendo produzidas.\u201d<\/strong><\/p>\n","protected":false},"excerpt":{"rendered":"<p>A Inspec\u00e7\u00e3o-Geral das Actividades Culturais (IGAC), entidade que regula os espect\u00e1culos taurom\u00e1quicos emitiu, esta ter\u00e7a-feira, um comunicado a dar alguma informa\u00e7\u00e3o sobre a realiza\u00e7\u00e3o de espet\u00e1culos de natureza art\u00edstica.Na informa\u00e7\u00e3o disponibilizada, a IGAC refere que \u201cest\u00e1 a acompanhar os acontecimentos relacionados com a epidemia provocada pelo COVID 19 e acompanha, em especial, as orienta\u00e7\u00f5es\/recomenda\u00e7\u00f5es produzidas [&hellip;]<\/p>\n","protected":false},"author":2,"featured_media":67965,"comment_status":"open","ping_status":"closed","sticky":false,"template":"","format":"standard","meta":{"footnotes":""},"categories":[2,12,9,11,16],"tags":[8965,8966,8563],"class_list":["post-67966","post","type-post","status-publish","format-standard","has-post-thumbnail","hentry","category-cultura","category-mundo","category-outros","category-pais","category-politica","tag-coronavirus","tag-covid-19","tag-igac"],"yoast_head":"<!-- This site is optimized with the Yoast SEO plugin v27.4 - https:\/\/yoast.com\/product\/yoast-seo-wordpress\/ -->\n<title>IGAC emite comunicado sobre espect\u00e1culos cancelados e\/ou adiados | Infocul.pt - Arquivo Digital<\/title>\n<meta name=\"description\" content=\"IGAC emite comunicado sobre espect\u00e1culos cancelados e\/ou adiados | Infocul.pt - Arquivo Digital\" \/>\n<meta name=\"robots\" content=\"noindex, follow, max-snippet:-1, max-image-preview:large, max-video-preview:-1\" \/>\n<meta property=\"og:locale\" content=\"pt_PT\" \/>\n<meta property=\"og:type\" content=\"article\" \/>\n<meta property=\"og:title\" content=\"IGAC emite comunicado sobre espect\u00e1culos cancelados e\/ou adiados | Infocul.pt - Arquivo Digital\" \/>\n<meta property=\"og:description\" content=\"IGAC emite comunicado sobre espect\u00e1culos cancelados e\/ou adiados | Infocul.pt - Arquivo Digital\" \/>\n<meta property=\"og:url\" content=\"https:\/\/infocul.pt\/arquivo\/cultura\/igac-emite-comunicado-sobre-espectaculos-cancelados-e-ou-adiados\/\" \/>\n<meta property=\"og:site_name\" content=\"Infocul.pt - Arquivo Digital\" \/>\n<meta property=\"article:publisher\" content=\"https:\/\/www.facebook.com\/Infocul-147816815585015\/\" \/>\n<meta property=\"article:published_time\" content=\"2020-03-11T23:07:36+00:00\" \/>\n<meta property=\"og:image\" content=\"https:\/\/infocul.pt\/arquivo\/wp-content\/uploads\/2020\/03\/igac_logo.jpg\" \/>\n\t<meta property=\"og:image:width\" content=\"639\" \/>\n\t<meta property=\"og:image:height\" content=\"362\" \/>\n\t<meta property=\"og:image:type\" content=\"image\/jpeg\" \/>\n<meta name=\"author\" content=\"Rui Lavrador\" \/>\n<meta name=\"twitter:card\" content=\"summary_large_image\" \/>\n<meta name=\"twitter:creator\" content=\"@Infoculpt\" \/>\n<meta name=\"twitter:site\" content=\"@Infoculpt\" \/>\n<meta name=\"twitter:label1\" content=\"Escrito por\" \/>\n\t<meta name=\"twitter:data1\" content=\"Rui Lavrador\" \/>\n\t<meta name=\"twitter:label2\" content=\"Tempo estimado de leitura\" \/>\n\t<meta name=\"twitter:data2\" content=\"2 minutos\" \/>\n<script type=\"application\/ld+json\" class=\"yoast-schema-graph\">{\"@context\":\"https:\\\/\\\/schema.org\",\"@graph\":[{\"@type\":\"Article\",\"@id\":\"https:\\\/\\\/infocul.pt\\\/arquivo\\\/cultura\\\/igac-emite-comunicado-sobre-espectaculos-cancelados-e-ou-adiados\\\/#article\",\"isPartOf\":{\"@id\":\"https:\\\/\\\/infocul.pt\\\/arquivo\\\/cultura\\\/igac-emite-comunicado-sobre-espectaculos-cancelados-e-ou-adiados\\\/\"},\"author\":{\"name\":\"Rui Lavrador\",\"@id\":\"https:\\\/\\\/infocul.pt\\\/arquivo\\\/#\\\/schema\\\/person\\\/060a108d7f2d85fc6aae505119ee5234\"},\"headline\":\"IGAC emite comunicado sobre espect\u00e1culos cancelados e\\\/ou adiados\",\"datePublished\":\"2020-03-11T23:07:36+00:00\",\"mainEntityOfPage\":{\"@id\":\"https:\\\/\\\/infocul.pt\\\/arquivo\\\/cultura\\\/igac-emite-comunicado-sobre-espectaculos-cancelados-e-ou-adiados\\\/\"},\"wordCount\":434,\"commentCount\":0,\"publisher\":{\"@id\":\"https:\\\/\\\/infocul.pt\\\/arquivo\\\/#organization\"},\"image\":{\"@id\":\"https:\\\/\\\/infocul.pt\\\/arquivo\\\/cultura\\\/igac-emite-comunicado-sobre-espectaculos-cancelados-e-ou-adiados\\\/#primaryimage\"},\"thumbnailUrl\":\"https:\\\/\\\/infocul.pt\\\/arquivo\\\/wp-content\\\/uploads\\\/2020\\\/03\\\/igac_logo.jpg\",\"keywords\":[\"Coronav\u00edrus\",\"Covid-19\",\"IGAC\"],\"articleSection\":[\"Cultura\",\"Mundo\",\"Outros\",\"Pa\u00eds\",\"Politica\"],\"inLanguage\":\"pt-PT\"},{\"@type\":\"WebPage\",\"@id\":\"https:\\\/\\\/infocul.pt\\\/arquivo\\\/cultura\\\/igac-emite-comunicado-sobre-espectaculos-cancelados-e-ou-adiados\\\/\",\"url\":\"https:\\\/\\\/infocul.pt\\\/arquivo\\\/cultura\\\/igac-emite-comunicado-sobre-espectaculos-cancelados-e-ou-adiados\\\/\",\"name\":\"IGAC emite comunicado sobre espect\u00e1culos cancelados e\\\/ou adiados | Infocul.pt - Arquivo Digital\",\"isPartOf\":{\"@id\":\"https:\\\/\\\/infocul.pt\\\/arquivo\\\/#website\"},\"primaryImageOfPage\":{\"@id\":\"https:\\\/\\\/infocul.pt\\\/arquivo\\\/cultura\\\/igac-emite-comunicado-sobre-espectaculos-cancelados-e-ou-adiados\\\/#primaryimage\"},\"image\":{\"@id\":\"https:\\\/\\\/infocul.pt\\\/arquivo\\\/cultura\\\/igac-emite-comunicado-sobre-espectaculos-cancelados-e-ou-adiados\\\/#primaryimage\"},\"thumbnailUrl\":\"https:\\\/\\\/infocul.pt\\\/arquivo\\\/wp-content\\\/uploads\\\/2020\\\/03\\\/igac_logo.jpg\",\"datePublished\":\"2020-03-11T23:07:36+00:00\",\"description\":\"IGAC emite comunicado sobre espect\u00e1culos cancelados e\\\/ou adiados | Infocul.pt - Arquivo Digital\",\"breadcrumb\":{\"@id\":\"https:\\\/\\\/infocul.pt\\\/arquivo\\\/cultura\\\/igac-emite-comunicado-sobre-espectaculos-cancelados-e-ou-adiados\\\/#breadcrumb\"},\"inLanguage\":\"pt-PT\",\"potentialAction\":[{\"@type\":\"ReadAction\",\"target\":[\"https:\\\/\\\/infocul.pt\\\/arquivo\\\/cultura\\\/igac-emite-comunicado-sobre-espectaculos-cancelados-e-ou-adiados\\\/\"]}]},{\"@type\":\"ImageObject\",\"inLanguage\":\"pt-PT\",\"@id\":\"https:\\\/\\\/infocul.pt\\\/arquivo\\\/cultura\\\/igac-emite-comunicado-sobre-espectaculos-cancelados-e-ou-adiados\\\/#primaryimage\",\"url\":\"https:\\\/\\\/infocul.pt\\\/arquivo\\\/wp-content\\\/uploads\\\/2020\\\/03\\\/igac_logo.jpg\",\"contentUrl\":\"https:\\\/\\\/infocul.pt\\\/arquivo\\\/wp-content\\\/uploads\\\/2020\\\/03\\\/igac_logo.jpg\",\"width\":639,\"height\":362},{\"@type\":\"BreadcrumbList\",\"@id\":\"https:\\\/\\\/infocul.pt\\\/arquivo\\\/cultura\\\/igac-emite-comunicado-sobre-espectaculos-cancelados-e-ou-adiados\\\/#breadcrumb\",\"itemListElement\":[{\"@type\":\"ListItem\",\"position\":1,\"name\":\"Home\",\"item\":\"https:\\\/\\\/infocul.pt\\\/arquivo\\\/\"},{\"@type\":\"ListItem\",\"position\":2,\"name\":\"IGAC emite comunicado sobre espect\u00e1culos cancelados e\\\/ou adiados\"}]},{\"@type\":\"WebSite\",\"@id\":\"https:\\\/\\\/infocul.pt\\\/arquivo\\\/#website\",\"url\":\"https:\\\/\\\/infocul.pt\\\/arquivo\\\/\",\"name\":\"Infocul.pt - Arquivo Digital\",\"description\":\"Arquivo digital da Infocul.pt\",\"publisher\":{\"@id\":\"https:\\\/\\\/infocul.pt\\\/arquivo\\\/#organization\"},\"potentialAction\":[{\"@type\":\"SearchAction\",\"target\":{\"@type\":\"EntryPoint\",\"urlTemplate\":\"https:\\\/\\\/infocul.pt\\\/arquivo\\\/?s={search_term_string}\"},\"query-input\":{\"@type\":\"PropertyValueSpecification\",\"valueRequired\":true,\"valueName\":\"search_term_string\"}}],\"inLanguage\":\"pt-PT\"},{\"@type\":\"Organization\",\"@id\":\"https:\\\/\\\/infocul.pt\\\/arquivo\\\/#organization\",\"name\":\"Infocul.pt\",\"url\":\"https:\\\/\\\/infocul.pt\\\/arquivo\\\/\",\"logo\":{\"@type\":\"ImageObject\",\"inLanguage\":\"pt-PT\",\"@id\":\"https:\\\/\\\/infocul.pt\\\/arquivo\\\/#\\\/schema\\\/logo\\\/image\\\/\",\"url\":\"https:\\\/\\\/infocul.pt\\\/arquivo\\\/wp-content\\\/uploads\\\/2018\\\/12\\\/Infocul_logo-1.png\",\"contentUrl\":\"https:\\\/\\\/infocul.pt\\\/arquivo\\\/wp-content\\\/uploads\\\/2018\\\/12\\\/Infocul_logo-1.png\",\"width\":800,\"height\":800,\"caption\":\"Infocul.pt\"},\"image\":{\"@id\":\"https:\\\/\\\/infocul.pt\\\/arquivo\\\/#\\\/schema\\\/logo\\\/image\\\/\"},\"sameAs\":[\"https:\\\/\\\/www.facebook.com\\\/Infocul-147816815585015\\\/\",\"https:\\\/\\\/x.com\\\/Infoculpt\",\"http:\\\/\\\/www.pictaram.com\\\/user\\\/infocul.pt\\\/2370423710\",\"https:\\\/\\\/www.youtube.com\\\/channel\\\/UCYEB91AGI9FL9ek2i_IaQAA\"]},{\"@type\":\"Person\",\"@id\":\"https:\\\/\\\/infocul.pt\\\/arquivo\\\/#\\\/schema\\\/person\\\/060a108d7f2d85fc6aae505119ee5234\",\"name\":\"Rui Lavrador\",\"image\":{\"@type\":\"ImageObject\",\"inLanguage\":\"pt-PT\",\"@id\":\"https:\\\/\\\/secure.gravatar.com\\\/avatar\\\/93febd6873394aa8e975148548a0cb203acfdd42d2c85c5f1408e1a76678aece?s=96&d=mm&r=g\",\"url\":\"https:\\\/\\\/secure.gravatar.com\\\/avatar\\\/93febd6873394aa8e975148548a0cb203acfdd42d2c85c5f1408e1a76678aece?s=96&d=mm&r=g\",\"contentUrl\":\"https:\\\/\\\/secure.gravatar.com\\\/avatar\\\/93febd6873394aa8e975148548a0cb203acfdd42d2c85c5f1408e1a76678aece?s=96&d=mm&r=g\",\"caption\":\"Rui Lavrador\"},\"description\":\"Iniciou em 2011 o seu percurso em comunica\u00e7\u00e3o social, tendo integrado v\u00e1rios projectos editoriais. Durante o seu percurso integrou projectos como Jornal Hardm\u00fasica, LusoNot\u00edcias, Toureio.pt, ODigital.pt, entre outros \u00d3rg\u00e3os de Comunica\u00e7\u00e3o Social nacionais, na redac\u00e7\u00e3o de v\u00e1rios artigos. Entrevistou a grande maioria das personalidades mais importantes da vida social e cultural do pa\u00eds, destacando-se, tamb\u00e9m, na aprecia\u00e7\u00e3o de v\u00e1rios espect\u00e1culos. Durante o seu percurso, deu a conhecer v\u00e1rios artistas, at\u00e9 ent\u00e3o desconhecidos, ao grande p\u00fablico. Em 2015 criou e fundou o Infocul.pt, projecto no qual assume a direc\u00e7\u00e3o editorial.\",\"sameAs\":[\"http:\\\/\\\/www.infocul.pt\"]}]}<\/script>\n<!-- \/ Yoast SEO plugin. -->","yoast_head_json":{"title":"IGAC emite comunicado sobre espect\u00e1culos cancelados e\/ou adiados | Infocul.pt - Arquivo Digital","description":"IGAC emite comunicado sobre espect\u00e1culos cancelados e\/ou adiados | Infocul.pt - Arquivo Digital","robots":{"index":"noindex","follow":"follow","max-snippet":"max-snippet:-1","max-image-preview":"max-image-preview:large","max-video-preview":"max-video-preview:-1"},"og_locale":"pt_PT","og_type":"article","og_title":"IGAC emite comunicado sobre espect\u00e1culos cancelados e\/ou adiados | Infocul.pt - Arquivo Digital","og_description":"IGAC emite comunicado sobre espect\u00e1culos cancelados e\/ou adiados | Infocul.pt - Arquivo Digital","og_url":"https:\/\/infocul.pt\/arquivo\/cultura\/igac-emite-comunicado-sobre-espectaculos-cancelados-e-ou-adiados\/","og_site_name":"Infocul.pt - Arquivo Digital","article_publisher":"https:\/\/www.facebook.com\/Infocul-147816815585015\/","article_published_time":"2020-03-11T23:07:36+00:00","og_image":[{"width":639,"height":362,"url":"https:\/\/infocul.pt\/arquivo\/wp-content\/uploads\/2020\/03\/igac_logo.jpg","type":"image\/jpeg"}],"author":"Rui Lavrador","twitter_card":"summary_large_image","twitter_creator":"@Infoculpt","twitter_site":"@Infoculpt","twitter_misc":{"Escrito por":"Rui Lavrador","Tempo estimado de leitura":"2 minutos"},"schema":{"@context":"https:\/\/schema.org","@graph":[{"@type":"Article","@id":"https:\/\/infocul.pt\/arquivo\/cultura\/igac-emite-comunicado-sobre-espectaculos-cancelados-e-ou-adiados\/#article","isPartOf":{"@id":"https:\/\/infocul.pt\/arquivo\/cultura\/igac-emite-comunicado-sobre-espectaculos-cancelados-e-ou-adiados\/"},"author":{"name":"Rui Lavrador","@id":"https:\/\/infocul.pt\/arquivo\/#\/schema\/person\/060a108d7f2d85fc6aae505119ee5234"},"headline":"IGAC emite comunicado sobre espect\u00e1culos cancelados e\/ou adiados","datePublished":"2020-03-11T23:07:36+00:00","mainEntityOfPage":{"@id":"https:\/\/infocul.pt\/arquivo\/cultura\/igac-emite-comunicado-sobre-espectaculos-cancelados-e-ou-adiados\/"},"wordCount":434,"commentCount":0,"publisher":{"@id":"https:\/\/infocul.pt\/arquivo\/#organization"},"image":{"@id":"https:\/\/infocul.pt\/arquivo\/cultura\/igac-emite-comunicado-sobre-espectaculos-cancelados-e-ou-adiados\/#primaryimage"},"thumbnailUrl":"https:\/\/infocul.pt\/arquivo\/wp-content\/uploads\/2020\/03\/igac_logo.jpg","keywords":["Coronav\u00edrus","Covid-19","IGAC"],"articleSection":["Cultura","Mundo","Outros","Pa\u00eds","Politica"],"inLanguage":"pt-PT"},{"@type":"WebPage","@id":"https:\/\/infocul.pt\/arquivo\/cultura\/igac-emite-comunicado-sobre-espectaculos-cancelados-e-ou-adiados\/","url":"https:\/\/infocul.pt\/arquivo\/cultura\/igac-emite-comunicado-sobre-espectaculos-cancelados-e-ou-adiados\/","name":"IGAC emite comunicado sobre espect\u00e1culos cancelados e\/ou adiados | Infocul.pt - Arquivo Digital","isPartOf":{"@id":"https:\/\/infocul.pt\/arquivo\/#website"},"primaryImageOfPage":{"@id":"https:\/\/infocul.pt\/arquivo\/cultura\/igac-emite-comunicado-sobre-espectaculos-cancelados-e-ou-adiados\/#primaryimage"},"image":{"@id":"https:\/\/infocul.pt\/arquivo\/cultura\/igac-emite-comunicado-sobre-espectaculos-cancelados-e-ou-adiados\/#primaryimage"},"thumbnailUrl":"https:\/\/infocul.pt\/arquivo\/wp-content\/uploads\/2020\/03\/igac_logo.jpg","datePublished":"2020-03-11T23:07:36+00:00","description":"IGAC emite comunicado sobre espect\u00e1culos cancelados e\/ou adiados | Infocul.pt - Arquivo Digital","breadcrumb":{"@id":"https:\/\/infocul.pt\/arquivo\/cultura\/igac-emite-comunicado-sobre-espectaculos-cancelados-e-ou-adiados\/#breadcrumb"},"inLanguage":"pt-PT","potentialAction":[{"@type":"ReadAction","target":["https:\/\/infocul.pt\/arquivo\/cultura\/igac-emite-comunicado-sobre-espectaculos-cancelados-e-ou-adiados\/"]}]},{"@type":"ImageObject","inLanguage":"pt-PT","@id":"https:\/\/infocul.pt\/arquivo\/cultura\/igac-emite-comunicado-sobre-espectaculos-cancelados-e-ou-adiados\/#primaryimage","url":"https:\/\/infocul.pt\/arquivo\/wp-content\/uploads\/2020\/03\/igac_logo.jpg","contentUrl":"https:\/\/infocul.pt\/arquivo\/wp-content\/uploads\/2020\/03\/igac_logo.jpg","width":639,"height":362},{"@type":"BreadcrumbList","@id":"https:\/\/infocul.pt\/arquivo\/cultura\/igac-emite-comunicado-sobre-espectaculos-cancelados-e-ou-adiados\/#breadcrumb","itemListElement":[{"@type":"ListItem","position":1,"name":"Home","item":"https:\/\/infocul.pt\/arquivo\/"},{"@type":"ListItem","position":2,"name":"IGAC emite comunicado sobre espect\u00e1culos cancelados e\/ou adiados"}]},{"@type":"WebSite","@id":"https:\/\/infocul.pt\/arquivo\/#website","url":"https:\/\/infocul.pt\/arquivo\/","name":"Infocul.pt - Arquivo Digital","description":"Arquivo digital da Infocul.pt","publisher":{"@id":"https:\/\/infocul.pt\/arquivo\/#organization"},"potentialAction":[{"@type":"SearchAction","target":{"@type":"EntryPoint","urlTemplate":"https:\/\/infocul.pt\/arquivo\/?s={search_term_string}"},"query-input":{"@type":"PropertyValueSpecification","valueRequired":true,"valueName":"search_term_string"}}],"inLanguage":"pt-PT"},{"@type":"Organization","@id":"https:\/\/infocul.pt\/arquivo\/#organization","name":"Infocul.pt","url":"https:\/\/infocul.pt\/arquivo\/","logo":{"@type":"ImageObject","inLanguage":"pt-PT","@id":"https:\/\/infocul.pt\/arquivo\/#\/schema\/logo\/image\/","url":"https:\/\/infocul.pt\/arquivo\/wp-content\/uploads\/2018\/12\/Infocul_logo-1.png","contentUrl":"https:\/\/infocul.pt\/arquivo\/wp-content\/uploads\/2018\/12\/Infocul_logo-1.png","width":800,"height":800,"caption":"Infocul.pt"},"image":{"@id":"https:\/\/infocul.pt\/arquivo\/#\/schema\/logo\/image\/"},"sameAs":["https:\/\/www.facebook.com\/Infocul-147816815585015\/","https:\/\/x.com\/Infoculpt","http:\/\/www.pictaram.com\/user\/infocul.pt\/2370423710","https:\/\/www.youtube.com\/channel\/UCYEB91AGI9FL9ek2i_IaQAA"]},{"@type":"Person","@id":"https:\/\/infocul.pt\/arquivo\/#\/schema\/person\/060a108d7f2d85fc6aae505119ee5234","name":"Rui Lavrador","image":{"@type":"ImageObject","inLanguage":"pt-PT","@id":"https:\/\/secure.gravatar.com\/avatar\/93febd6873394aa8e975148548a0cb203acfdd42d2c85c5f1408e1a76678aece?s=96&d=mm&r=g","url":"https:\/\/secure.gravatar.com\/avatar\/93febd6873394aa8e975148548a0cb203acfdd42d2c85c5f1408e1a76678aece?s=96&d=mm&r=g","contentUrl":"https:\/\/secure.gravatar.com\/avatar\/93febd6873394aa8e975148548a0cb203acfdd42d2c85c5f1408e1a76678aece?s=96&d=mm&r=g","caption":"Rui Lavrador"},"description":"Iniciou em 2011 o seu percurso em comunica\u00e7\u00e3o social, tendo integrado v\u00e1rios projectos editoriais. Durante o seu percurso integrou projectos como Jornal Hardm\u00fasica, LusoNot\u00edcias, Toureio.pt, ODigital.pt, entre outros \u00d3rg\u00e3os de Comunica\u00e7\u00e3o Social nacionais, na redac\u00e7\u00e3o de v\u00e1rios artigos. Entrevistou a grande maioria das personalidades mais importantes da vida social e cultural do pa\u00eds, destacando-se, tamb\u00e9m, na aprecia\u00e7\u00e3o de v\u00e1rios espect\u00e1culos. Durante o seu percurso, deu a conhecer v\u00e1rios artistas, at\u00e9 ent\u00e3o desconhecidos, ao grande p\u00fablico. Em 2015 criou e fundou o Infocul.pt, projecto no qual assume a direc\u00e7\u00e3o editorial.","sameAs":["http:\/\/www.infocul.pt"]}]}},"_links":{"self":[{"href":"https:\/\/infocul.pt\/arquivo\/wp-json\/wp\/v2\/posts\/67966","targetHints":{"allow":["GET"]}}],"collection":[{"href":"https:\/\/infocul.pt\/arquivo\/wp-json\/wp\/v2\/posts"}],"about":[{"href":"https:\/\/infocul.pt\/arquivo\/wp-json\/wp\/v2\/types\/post"}],"author":[{"embeddable":true,"href":"https:\/\/infocul.pt\/arquivo\/wp-json\/wp\/v2\/users\/2"}],"replies":[{"embeddable":true,"href":"https:\/\/infocul.pt\/arquivo\/wp-json\/wp\/v2\/comments?post=67966"}],"version-history":[{"count":0,"href":"https:\/\/infocul.pt\/arquivo\/wp-json\/wp\/v2\/posts\/67966\/revisions"}],"wp:featuredmedia":[{"embeddable":true,"href":"https:\/\/infocul.pt\/arquivo\/wp-json\/wp\/v2\/media\/67965"}],"wp:attachment":[{"href":"https:\/\/infocul.pt\/arquivo\/wp-json\/wp\/v2\/media?parent=67966"}],"wp:term":[{"taxonomy":"category","embeddable":true,"href":"https:\/\/infocul.pt\/arquivo\/wp-json\/wp\/v2\/categories?post=67966"},{"taxonomy":"post_tag","embeddable":true,"href":"https:\/\/infocul.pt\/arquivo\/wp-json\/wp\/v2\/tags?post=67966"}],"curies":[{"name":"wp","href":"https:\/\/api.w.org\/{rel}","templated":true}]}}